{"id":1687983,"date":"2025-12-18T15:03:44","date_gmt":"2025-12-18T18:03:44","guid":{"rendered":"https:\/\/www.estrategiaconcursos.com.br\/blog\/?p=1687983"},"modified":"2025-12-18T18:06:16","modified_gmt":"2025-12-18T21:06:16","slug":"novo-concurso-bauru","status":"publish","type":"post","link":"https:\/\/www.estrategiaconcursos.com.br\/blog\/novo-concurso-bauru\/","title":{"rendered":"Novo concurso da Prefeitura de Bauru \u00e9 publicado!"},"content":{"rendered":"\n<p style=\"font-size:clamp(16.293px, 1.018rem + ((1vw - 3.2px) * 0.854), 25px);\"><strong><em>Novos editais de concurso da Prefeitura de Bauru oferecem 11 vagas e sal\u00e1rios de at\u00e9 R$ 5,8 mil + pr\u00eamio por produtividade!<\/em><\/strong><\/p>\n\n\n\n<p>Uma \u00f3tima chance escondida acabou de mostrar as caras no mundo dos <strong>concursos p\u00fablicos<\/strong>. A <strong>Prefeitura de Bauru<\/strong>, munic\u00edpio de S\u00e3o Paulo, tem <strong>sete novos editais na pra\u00e7a.<\/strong><\/p>\n\n\n\n<p>Juntos, os documentos garantem <strong>11 vagas<\/strong> para diversos cargos de n\u00edveis fundamental, m\u00e9dio e superior. Veja:<\/p>\n\n\n\n<ul class=\"wp-block-list\">\n<li><strong>5 vagas para <\/strong>Auditor Fiscal Tribut\u00e1rio<\/li>\n\n\n\n<li><strong>1 vaga para <\/strong>T\u00e9cnico em Gest\u00e3o Administrativa e Servi\u00e7os \u2013 FISCAL DE POSTURAS MUNICIPAIS<\/li>\n\n\n\n<li><strong>1 vaga para <\/strong>Especialista em Servi\u00e7os na Educa\u00e7\u00e3o \u2013 ASSISTENTE SOCIAL<\/li>\n\n\n\n<li><strong>1 vaga para<\/strong> Especialista em Assessoramento Educacional \u2013 COORDENADOR PEDAG\u00d3GICO DE EDUCA\u00c7\u00c3O INFANTIL<\/li>\n\n\n\n<li><strong>1 vaga para<\/strong> Especialista em Assessoramento Educacional \u2013 COORDENADOR PEDAG\u00d3GICO DE ENSINO FUNDAMENTAL<\/li>\n\n\n\n<li><strong>1 vaga para<\/strong> Especialista em Educa\u00e7\u00e3o Adjunto \u2013 PROFESSOR SUBSTITUTO DE EDUCA\u00c7\u00c3O B\u00c1SICA &#8211; ESPECIAL<\/li>\n\n\n\n<li><strong>1 vaga para<\/strong> Especialista em Servi\u00e7os na Educa\u00e7\u00e3o \u2013 PSIC\u00d3LOGO<\/li>\n<\/ul>\n\n\n\n<p>Apesar do quantitativo de vagas baixo, as oportunidades garantidas pelo novo concurso s\u00e3o pra l\u00e1 de atrativas, uma vez que os sal\u00e1rios chegam at\u00e9 a <strong>R$ 5,8 mil<\/strong>, isso sem contar pr\u00eamio por produtividade e vale-compra de <strong>R$ 1.400,00.<\/strong><\/p>\n\n\n\n<p>Achou interessante? Ent\u00e3o, inscreva-se no mais <strong>novo concurso da Prefeitura de Bauru!<\/strong> As inscri\u00e7\u00f5es devem ser feitas entre os dias <strong>19 e 29 de janeiro<\/strong>, atrav\u00e9s do site pr\u00f3prio da prefeitura, ao custo de R$ 45,00, R$75,00 ou R$100,00.<\/p>\n\n\n\n<p>Quer saber mais detalhes sobre as provas a serem aplicadas? Ent\u00e3o, confira logo abaixo!<\/p>\n\n\n\n<div class=\"container\" id=\"boxes\">\n  <div class=\"row\">\n\n    <div class=\"col-sm\">\n      <div class=\"banner-prefeituras-ec\" id=\"box-assinatura\">\n        <h2 class=\"titulo-assinatura\" style=\"text-align: left;\">Cursos para Pref. Bauru<\/h2>\n        <p class=\"subtitulo-assinatura\" style=\"text-align: left;\">Prepara\u00e7\u00e3o completa para a carreira!<\/p>\n        <div class=\"box-botao\" style=\"text-align: left;\">\n          <a class=\"btn-assinatura\" target=\"_blank\" href=\"https:\/\/www.estrategiaconcursos.com.br\/cursosPorConcurso\/prefeitura-muncipal-de-bauru-sp\/\" role=\"button\" rel=\"noopener noreferrer\">EXPLORAR CURSOS<\/a>\n        <\/div>\n      <\/div><\/div><\/div><\/div>\n\n\n\n<h2 class=\"wp-block-heading\" id=\"etapas\">Prepare-se para as provas do concurso Bauru!<\/h2>\n\n\n\n<ul class=\"wp-block-list\">\n<li><strong>Prova objetiva<\/strong> para todos os cargos (eliminat\u00f3rio e classificat\u00f3rio);\n<ul class=\"wp-block-list\">\n<li><strong>08\/03<\/strong> para FISCAL DE POSTURAS MUNICIPAIS, PSICOLOGO, PROFESSOR SUBSTITUTO DE EDUCA\u00c7\u00c3O B\u00c1SICA &#8211; ESPECIAL e ASSISTENTE SOCIAL;<\/li>\n\n\n\n<li><strong>15\/03<\/strong> para COORDENADOR PEDAG\u00d3GICO DE ENSINO FUNDAMENTAL;<\/li>\n\n\n\n<li><strong>29\/03<\/strong> para COORDENADOR PEDAG\u00d3GICO DE EDUCA\u00c7\u00c3O INFANTIL.\n<ul class=\"wp-block-list\">\n<li><strong>Auditor Fiscal Tribut\u00e1rio:<\/strong>\n<ul class=\"wp-block-list\">\n<li><strong>P1 &#8211; 01\/03<\/strong><\/li>\n\n\n\n<li><strong>P2 &#8211; 26\/04<\/strong><\/li>\n<\/ul>\n<\/li>\n<\/ul>\n<\/li>\n<\/ul>\n<\/li>\n\n\n\n<li><strong>Prova de t\u00edtulos<\/strong> somente para cargos espec\u00edficos (classificat\u00f3rio);<\/li>\n<\/ul>\n\n\n\n<h3 class=\"wp-block-heading\" id=\"objetiva\">Prova objetiva<\/h3>\n\n\n\n<p>Com car\u00e1ter classificat\u00f3rio e eliminat\u00f3rio, a <strong>etapa comum a todos os cargos<\/strong> vale 90 pontos e ser\u00e1 composta por 50 quest\u00f5es objetivas de m\u00faltipla escolha com 04 (quatro) alternativas cada uma.<\/p>\n\n\n\n<p>A composi\u00e7\u00e3o, bem como a distribui\u00e7\u00e3o de vagas, pode ser conferida atrav\u00e9s dos artigos completos, com link ao final do artigo.<\/p>\n\n\n\n<h3 class=\"wp-block-heading\" id=\"titulos\">Prova de t\u00edtulos<\/h3>\n\n\n\n<p>A An\u00e1lise de T\u00edtulos ter\u00e1 car\u00e1ter classificat\u00f3rio e, portanto, n\u00e3o elimina do concurso os candidatos que n\u00e3o apresentarem T\u00edtulos. A Entrega dos T\u00edtulos ser\u00e1 realizada EXCLUSIVAMENTE pela internet, sendo responsabilidade dos candidatos o envio dos certificados na data prevista.<\/p>\n\n\n\n<figure class=\"wp-block-image aligncenter size-full\"><img loading=\"lazy\" decoding=\"async\" width=\"590\" height=\"450\" src=\"https:\/\/dhg1h5j42swfq.cloudfront.net\/2024\/05\/18115654\/titulos.jpg\" alt=\"prova de t\u00edtulos do concurso bauru\n\" class=\"wp-image-1687856\" srcset=\"https:\/\/dhg1h5j42swfq.cloudfront.net\/2024\/05\/18115654\/titulos.jpg 590w, https:\/\/dhg1h5j42swfq.cloudfront.net\/2024\/05\/18115654\/titulos-300x229.jpg 300w, https:\/\/dhg1h5j42swfq.cloudfront.net\/2024\/05\/18115654\/titulos-150x114.jpg 150w\" sizes=\"auto, (max-width: 590px) 100vw, 590px\" \/><\/figure>\n\n\n\n<p class=\"has-text-align-center\"><em>Quer saber mais detalhes sobre o concurso da Prefeitura de <a href=\"https:\/\/www2.bauru.sp.gov.br\/\" target=\"_blank\" rel=\"noreferrer noopener\">Bauru<\/a>, al\u00e9m do novo edital? Ent\u00e3o, confira os nossos artigos completos!<\/em><\/p>\n\n\n\n<p class=\"has-text-align-center has-cyan-bluish-gray-background-color has-background\" style=\"font-size:clamp(14.642px, 0.915rem + ((1vw - 3.2px) * 0.721), 22px);\"><strong>Saiba mais: <a href=\"https:\/\/www.estrategiaconcursos.com.br\/blog\/concurso-iss-bauru\/\" target=\"_blank\" rel=\"noreferrer noopener\">ISS Bauru<\/a> | <a href=\"https:\/\/www.estrategiaconcursos.com.br\/blog\/concurso-prefeitura-bauru\/\" target=\"_blank\" rel=\"noreferrer noopener\">Prefeitura de Bauru<\/a><\/strong><\/p>\n\n\n\n<hr class=\"wp-block-separator has-alpha-channel-opacity\"\/>\n\n\n\n<h2 class=\"wp-block-heading has-text-align-center\" id=\"cursos-assinatura\"><em>Quer estudar para o concurso de Bauru?<\/em><\/h2>\n\n\n\n<div class=\"container\" id=\"boxes\">\n  <div class=\"row\">\n\n    <div class=\"col-sm\">\n      <div class=\"banner-prefeituras-ec\" id=\"box-assinatura\">\n        <h2 class=\"titulo-assinatura\" style=\"text-align: left;\">Cursos para Pref. Bauru<\/h2>\n        <p class=\"subtitulo-assinatura\" style=\"text-align: left;\">Prepara\u00e7\u00e3o completa para a carreira!<\/p>\n        <div class=\"box-botao\" style=\"text-align: left;\">\n          <a class=\"btn-assinatura\" target=\"_blank\" href=\"https:\/\/www.estrategiaconcursos.com.br\/cursosPorConcurso\/prefeitura-muncipal-de-bauru-sp\/\" role=\"button\" rel=\"noopener noreferrer\">EXPLORAR CURSOS<\/a>\n        <\/div>\n      <\/div><\/div><\/div><\/div>\n\n\n\n<div class=\"container\" id=\"boxes\">\n  <div class=\"row\">\n\n    <div class=\"col-sm\">\n      <div class=\"estrategia\" id=\"box-assinatura\">\n        <h3 class=\"titulo-assinatura\">Assinatura Concursos<\/h3>\n        <p class=\"subtitulo-assinatura\">Assinatura de 1 ano ou 2 anos<\/p>\n        <div class=\"box-botao\">\n          <a class=\"btn-assinatura\" target=\"_blank\" href=\"https:\/\/www.estrategiaconcursos.com.br\/assinaturas\/\" role=\"button\" rel=\"noopener noreferrer\">ASSINE AGORA<\/a>\n        <\/div>\n      <\/div><\/div><\/div><\/div>\n\n\n\n<h2 class=\"wp-block-heading has-text-align-center\" id=\"h-quer-saber-tudo-sobre-concursos-previstos-confira-os-nossos-artigos\">Quer saber tudo sobre concursos previstos?<br \/>Confira os nossos artigos!<\/h2>\n\n\n\n<ul class=\"wp-block-list\">\n<li><a href=\"https:\/\/www.estrategiaconcursos.com.br\/blog\/concursos-abertos\/\" target=\"_blank\" rel=\"noreferrer noopener\">Concursos Abertos<\/a><\/li>\n\n\n\n<li><a href=\"https:\/\/www.estrategiaconcursos.com.br\/blog\/concursos-prefeituras\/\">Concursos Prefeituras<\/a><\/li>\n\n\n\n<li><a href=\"https:\/\/www.estrategiaconcursos.com.br\/blog\/concursos-2025\/\">Concursos 2026<\/a><\/li>\n<\/ul>\n","protected":false},"excerpt":{"rendered":"<p>Novos editais de concurso da Prefeitura de Bauru oferecem 11 vagas e sal\u00e1rios de at\u00e9 R$ 5,8 mil + pr\u00eamio por produtividade! Uma \u00f3tima chance escondida acabou de mostrar as caras no mundo dos concursos p\u00fablicos. A Prefeitura de Bauru, munic\u00edpio de S\u00e3o Paulo, tem sete novos editais na pra\u00e7a. Juntos, os documentos garantem 11 [&hellip;]<\/p>\n","protected":false},"author":2692,"featured_media":974329,"comment_status":"open","ping_status":"closed","sticky":false,"template":"","format":"standard","meta":{"post_tipo":"news","footnotes":""},"categories":[222278,220219],"tags":[],"tax_estado":[219989],"class_list":["post-1687983","post","type-post","status-publish","format-standard","has-post-thumbnail","hentry","category-prefeituras","category-noticias","tax_estado-sp"],"acf":[],"yoast_head":"<!-- This site is optimized with the Yoast SEO Premium plugin v27.2 (Yoast SEO v27.2) - https:\/\/yoast.com\/product\/yoast-seo-premium-wordpress\/ -->\n<title>Novo concurso da Prefeitura de Bauru \u00e9 publicado!<\/title>\n<meta name=\"description\" content=\"Editais do novo concurso da Prefeitura de Bauru chegaram na pra\u00e7a! Saiba todos os detalhes aqui. Inscri\u00e7\u00f5es somente em janeiro.\" \/>\n<meta name=\"robots\" content=\"index, follow, max-snippet:-1, max-image-preview:large, max-video-preview:-1\" \/>\n<link rel=\"canonical\" href=\"https:\/\/www.estrategiaconcursos.com.br\/blog\/novo-concurso-bauru\/\" \/>\n<meta property=\"og:locale\" content=\"pt_BR\" \/>\n<meta property=\"og:type\" content=\"article\" \/>\n<meta property=\"og:title\" content=\"Novo concurso da Prefeitura de Bauru \u00e9 publicado!\" \/>\n<meta property=\"og:description\" content=\"Editais do novo concurso da Prefeitura de Bauru chegaram na pra\u00e7a! Saiba todos os detalhes aqui. Inscri\u00e7\u00f5es somente em janeiro.\" \/>\n<meta property=\"og:url\" content=\"https:\/\/www.estrategiaconcursos.com.br\/blog\/novo-concurso-bauru\/\" \/>\n<meta property=\"og:site_name\" content=\"Estrat\u00e9gia Concursos\" \/>\n<meta property=\"article:published_time\" content=\"2025-12-18T18:03:44+00:00\" \/>\n<meta property=\"article:modified_time\" content=\"2025-12-18T21:06:16+00:00\" \/>\n<meta property=\"og:image\" content=\"https:\/\/dhg1h5j42swfq.cloudfront.net\/2022\/02\/21183259\/saiu-edital-1-2-4-2.jpg\" \/>\n\t<meta property=\"og:image:width\" content=\"1200\" \/>\n\t<meta property=\"og:image:height\" content=\"628\" \/>\n\t<meta property=\"og:image:type\" content=\"image\/jpeg\" \/>\n<meta name=\"author\" content=\"Ronaldo Scanavini Neto\" \/>\n<meta name=\"twitter:card\" content=\"summary_large_image\" \/>\n<meta name=\"twitter:creator\" content=\"@EstratConcursos\" \/>\n<meta name=\"twitter:site\" content=\"@EstratConcursos\" \/>\n<meta name=\"twitter:label1\" content=\"Escrito por\" \/>\n\t<meta name=\"twitter:data1\" content=\"Ronaldo Scanavini Neto\" \/>\n\t<meta name=\"twitter:label2\" content=\"Est. tempo de leitura\" \/>\n\t<meta name=\"twitter:data2\" content=\"3 minutos\" \/>\n<script type=\"application\/ld+json\" class=\"yoast-schema-graph\">{\"@context\":\"https:\/\/schema.org\",\"@graph\":[{\"@type\":\"NewsArticle\",\"@id\":\"https:\/\/www.estrategiaconcursos.com.br\/blog\/novo-concurso-bauru\/#article\",\"isPartOf\":{\"@id\":\"https:\/\/www.estrategiaconcursos.com.br\/blog\/novo-concurso-bauru\/\"},\"author\":{\"name\":\"Ronaldo Scanavini Neto\",\"@id\":\"https:\/\/www.estrategiaconcursos.com.br\/blog\/#\/schema\/person\/70c2ad4297aa24ff8815b08215b23a76\"},\"headline\":\"Novo concurso da Prefeitura de Bauru \u00e9 publicado!\",\"datePublished\":\"2025-12-18T18:03:44+00:00\",\"dateModified\":\"2025-12-18T21:06:16+00:00\",\"mainEntityOfPage\":{\"@id\":\"https:\/\/www.estrategiaconcursos.com.br\/blog\/novo-concurso-bauru\/\"},\"wordCount\":521,\"commentCount\":0,\"publisher\":{\"@id\":\"https:\/\/www.estrategiaconcursos.com.br\/blog\/#organization\"},\"image\":{\"@id\":\"https:\/\/www.estrategiaconcursos.com.br\/blog\/novo-concurso-bauru\/#primaryimage\"},\"thumbnailUrl\":\"https:\/\/dhg1h5j42swfq.cloudfront.net\/2022\/02\/21183259\/saiu-edital-1-2-4-2.jpg\",\"articleSection\":[\"Prefeituras\",\"\u00daltimas not\u00edcias\"],\"inLanguage\":\"pt-BR\",\"potentialAction\":[{\"@type\":\"CommentAction\",\"name\":\"Comment\",\"target\":[\"https:\/\/www.estrategiaconcursos.com.br\/blog\/novo-concurso-bauru\/#respond\"]}],\"copyrightYear\":\"2025\",\"copyrightHolder\":{\"@id\":\"https:\/\/www.estrategiaconcursos.com.br\/blog\/#organization\"}},{\"@type\":\"WebPage\",\"@id\":\"https:\/\/www.estrategiaconcursos.com.br\/blog\/novo-concurso-bauru\/\",\"url\":\"https:\/\/www.estrategiaconcursos.com.br\/blog\/novo-concurso-bauru\/\",\"name\":\"Novo concurso da Prefeitura de Bauru \u00e9 publicado!\",\"isPartOf\":{\"@id\":\"https:\/\/www.estrategiaconcursos.com.br\/blog\/#website\"},\"primaryImageOfPage\":{\"@id\":\"https:\/\/www.estrategiaconcursos.com.br\/blog\/novo-concurso-bauru\/#primaryimage\"},\"image\":{\"@id\":\"https:\/\/www.estrategiaconcursos.com.br\/blog\/novo-concurso-bauru\/#primaryimage\"},\"thumbnailUrl\":\"https:\/\/dhg1h5j42swfq.cloudfront.net\/2022\/02\/21183259\/saiu-edital-1-2-4-2.jpg\",\"datePublished\":\"2025-12-18T18:03:44+00:00\",\"dateModified\":\"2025-12-18T21:06:16+00:00\",\"description\":\"Editais do novo concurso da Prefeitura de Bauru chegaram na pra\u00e7a! Saiba todos os detalhes aqui. Inscri\u00e7\u00f5es somente em janeiro.\",\"breadcrumb\":{\"@id\":\"https:\/\/www.estrategiaconcursos.com.br\/blog\/novo-concurso-bauru\/#breadcrumb\"},\"inLanguage\":\"pt-BR\",\"potentialAction\":[{\"@type\":\"ReadAction\",\"target\":[\"https:\/\/www.estrategiaconcursos.com.br\/blog\/novo-concurso-bauru\/\"]}]},{\"@type\":\"ImageObject\",\"inLanguage\":\"pt-BR\",\"@id\":\"https:\/\/www.estrategiaconcursos.com.br\/blog\/novo-concurso-bauru\/#primaryimage\",\"url\":\"https:\/\/dhg1h5j42swfq.cloudfront.net\/2022\/02\/21183259\/saiu-edital-1-2-4-2.jpg\",\"contentUrl\":\"https:\/\/dhg1h5j42swfq.cloudfront.net\/2022\/02\/21183259\/saiu-edital-1-2-4-2.jpg\",\"width\":1200,\"height\":628,\"caption\":\"Concurso S\u00e3o Jos\u00e9 do Herval (RS)\"},{\"@type\":\"BreadcrumbList\",\"@id\":\"https:\/\/www.estrategiaconcursos.com.br\/blog\/novo-concurso-bauru\/#breadcrumb\",\"itemListElement\":[{\"@type\":\"ListItem\",\"position\":1,\"name\":\"In\u00edcio\",\"item\":\"https:\/\/www.estrategiaconcursos.com.br\/blog\/\"},{\"@type\":\"ListItem\",\"position\":2,\"name\":\"Novo concurso da Prefeitura de Bauru \u00e9 publicado!\"}]},{\"@type\":\"WebSite\",\"@id\":\"https:\/\/www.estrategiaconcursos.com.br\/blog\/#website\",\"url\":\"https:\/\/www.estrategiaconcursos.com.br\/blog\/\",\"name\":\"Estrat\u00e9gia Concursos\",\"description\":\"O blog da Estrat\u00e9gia Concursos traz not\u00edcias sobre concursos e artigos de professores oferecendo cursos para concursos (pdf + videaulas) no site.\",\"publisher\":{\"@id\":\"https:\/\/www.estrategiaconcursos.com.br\/blog\/#organization\"},\"potentialAction\":[{\"@type\":\"SearchAction\",\"target\":{\"@type\":\"EntryPoint\",\"urlTemplate\":\"https:\/\/www.estrategiaconcursos.com.br\/blog\/?s={search_term_string}\"},\"query-input\":{\"@type\":\"PropertyValueSpecification\",\"valueRequired\":true,\"valueName\":\"search_term_string\"}}],\"inLanguage\":\"pt-BR\"},{\"@type\":\"Organization\",\"@id\":\"https:\/\/www.estrategiaconcursos.com.br\/blog\/#organization\",\"name\":\"Estrat\u00e9gia Concursos\",\"url\":\"https:\/\/www.estrategiaconcursos.com.br\/blog\/\",\"logo\":{\"@type\":\"ImageObject\",\"inLanguage\":\"pt-BR\",\"@id\":\"https:\/\/www.estrategiaconcursos.com.br\/blog\/#\/schema\/logo\/image\/\",\"url\":\"https:\/\/dhg1h5j42swfq.cloudfront.net\/2025\/06\/03203428\/logo_concursos-1.jpg\",\"contentUrl\":\"https:\/\/dhg1h5j42swfq.cloudfront.net\/2025\/06\/03203428\/logo_concursos-1.jpg\",\"width\":230,\"height\":60,\"caption\":\"Estrat\u00e9gia Concursos\"},\"image\":{\"@id\":\"https:\/\/www.estrategiaconcursos.com.br\/blog\/#\/schema\/logo\/image\/\"},\"sameAs\":[\"https:\/\/x.com\/EstratConcursos\"]},{\"@type\":\"Person\",\"@id\":\"https:\/\/www.estrategiaconcursos.com.br\/blog\/#\/schema\/person\/70c2ad4297aa24ff8815b08215b23a76\",\"name\":\"Ronaldo Scanavini Neto\",\"image\":{\"@type\":\"ImageObject\",\"inLanguage\":\"pt-BR\",\"@id\":\"https:\/\/secure.gravatar.com\/avatar\/f93d8e56fe264596e94aee6b3feb737d98ad0fc5bac7eb0a245f04723c5c8f21?s=96&d=mm&r=g\",\"url\":\"https:\/\/secure.gravatar.com\/avatar\/f93d8e56fe264596e94aee6b3feb737d98ad0fc5bac7eb0a245f04723c5c8f21?s=96&d=mm&r=g\",\"contentUrl\":\"https:\/\/secure.gravatar.com\/avatar\/f93d8e56fe264596e94aee6b3feb737d98ad0fc5bac7eb0a245f04723c5c8f21?s=96&d=mm&r=g\",\"caption\":\"Ronaldo Scanavini Neto\"},\"description\":\"Graduando em Comunica\u00e7\u00e3o Social \u2013 Jornalismo pela Universidade Federal de Vi\u00e7osa (UFV). Integra a equipe de jornalismo do Estrat\u00e9gia Concursos desde 2023, atuando com \u00eanfase na cobertura da \u00e1rea fiscal. Tamb\u00e9m realiza a apura\u00e7\u00e3o e produ\u00e7\u00e3o de not\u00edcias sobre concursos federais, \u00f3rg\u00e3os participantes do CNU e das \u00e1reas de controle, gest\u00e3o, engenharia, Exame CFC, comunica\u00e7\u00e3o social TI e \u00e1rea de concursos administrativos.\",\"url\":\"https:\/\/www.estrategiaconcursos.com.br\/blog\/author\/ronaldo-netoestrategia-com\/\"}]}<\/script>\n<!-- \/ Yoast SEO Premium plugin. -->","yoast_head_json":{"title":"Novo concurso da Prefeitura de Bauru \u00e9 publicado!","description":"Editais do novo concurso da Prefeitura de Bauru chegaram na pra\u00e7a! Saiba todos os detalhes aqui. Inscri\u00e7\u00f5es somente em janeiro.","robots":{"index":"index","follow":"follow","max-snippet":"max-snippet:-1","max-image-preview":"max-image-preview:large","max-video-preview":"max-video-preview:-1"},"canonical":"https:\/\/www.estrategiaconcursos.com.br\/blog\/novo-concurso-bauru\/","og_locale":"pt_BR","og_type":"article","og_title":"Novo concurso da Prefeitura de Bauru \u00e9 publicado!","og_description":"Editais do novo concurso da Prefeitura de Bauru chegaram na pra\u00e7a! Saiba todos os detalhes aqui. Inscri\u00e7\u00f5es somente em janeiro.","og_url":"https:\/\/www.estrategiaconcursos.com.br\/blog\/novo-concurso-bauru\/","og_site_name":"Estrat\u00e9gia Concursos","article_published_time":"2025-12-18T18:03:44+00:00","article_modified_time":"2025-12-18T21:06:16+00:00","og_image":[{"width":1200,"height":628,"url":"https:\/\/dhg1h5j42swfq.cloudfront.net\/2022\/02\/21183259\/saiu-edital-1-2-4-2.jpg","type":"image\/jpeg"}],"author":"Ronaldo Scanavini Neto","twitter_card":"summary_large_image","twitter_creator":"@EstratConcursos","twitter_site":"@EstratConcursos","twitter_misc":{"Escrito por":"Ronaldo Scanavini Neto","Est. tempo de leitura":"3 minutos"},"schema":{"@context":"https:\/\/schema.org","@graph":[{"@type":"NewsArticle","@id":"https:\/\/www.estrategiaconcursos.com.br\/blog\/novo-concurso-bauru\/#article","isPartOf":{"@id":"https:\/\/www.estrategiaconcursos.com.br\/blog\/novo-concurso-bauru\/"},"author":{"name":"Ronaldo Scanavini Neto","@id":"https:\/\/www.estrategiaconcursos.com.br\/blog\/#\/schema\/person\/70c2ad4297aa24ff8815b08215b23a76"},"headline":"Novo concurso da Prefeitura de Bauru \u00e9 publicado!","datePublished":"2025-12-18T18:03:44+00:00","dateModified":"2025-12-18T21:06:16+00:00","mainEntityOfPage":{"@id":"https:\/\/www.estrategiaconcursos.com.br\/blog\/novo-concurso-bauru\/"},"wordCount":521,"commentCount":0,"publisher":{"@id":"https:\/\/www.estrategiaconcursos.com.br\/blog\/#organization"},"image":{"@id":"https:\/\/www.estrategiaconcursos.com.br\/blog\/novo-concurso-bauru\/#primaryimage"},"thumbnailUrl":"https:\/\/dhg1h5j42swfq.cloudfront.net\/2022\/02\/21183259\/saiu-edital-1-2-4-2.jpg","articleSection":["Prefeituras","\u00daltimas not\u00edcias"],"inLanguage":"pt-BR","potentialAction":[{"@type":"CommentAction","name":"Comment","target":["https:\/\/www.estrategiaconcursos.com.br\/blog\/novo-concurso-bauru\/#respond"]}],"copyrightYear":"2025","copyrightHolder":{"@id":"https:\/\/www.estrategiaconcursos.com.br\/blog\/#organization"}},{"@type":"WebPage","@id":"https:\/\/www.estrategiaconcursos.com.br\/blog\/novo-concurso-bauru\/","url":"https:\/\/www.estrategiaconcursos.com.br\/blog\/novo-concurso-bauru\/","name":"Novo concurso da Prefeitura de Bauru \u00e9 publicado!","isPartOf":{"@id":"https:\/\/www.estrategiaconcursos.com.br\/blog\/#website"},"primaryImageOfPage":{"@id":"https:\/\/www.estrategiaconcursos.com.br\/blog\/novo-concurso-bauru\/#primaryimage"},"image":{"@id":"https:\/\/www.estrategiaconcursos.com.br\/blog\/novo-concurso-bauru\/#primaryimage"},"thumbnailUrl":"https:\/\/dhg1h5j42swfq.cloudfront.net\/2022\/02\/21183259\/saiu-edital-1-2-4-2.jpg","datePublished":"2025-12-18T18:03:44+00:00","dateModified":"2025-12-18T21:06:16+00:00","description":"Editais do novo concurso da Prefeitura de Bauru chegaram na pra\u00e7a! Saiba todos os detalhes aqui. Inscri\u00e7\u00f5es somente em janeiro.","breadcrumb":{"@id":"https:\/\/www.estrategiaconcursos.com.br\/blog\/novo-concurso-bauru\/#breadcrumb"},"inLanguage":"pt-BR","potentialAction":[{"@type":"ReadAction","target":["https:\/\/www.estrategiaconcursos.com.br\/blog\/novo-concurso-bauru\/"]}]},{"@type":"ImageObject","inLanguage":"pt-BR","@id":"https:\/\/www.estrategiaconcursos.com.br\/blog\/novo-concurso-bauru\/#primaryimage","url":"https:\/\/dhg1h5j42swfq.cloudfront.net\/2022\/02\/21183259\/saiu-edital-1-2-4-2.jpg","contentUrl":"https:\/\/dhg1h5j42swfq.cloudfront.net\/2022\/02\/21183259\/saiu-edital-1-2-4-2.jpg","width":1200,"height":628,"caption":"Concurso S\u00e3o Jos\u00e9 do Herval (RS)"},{"@type":"BreadcrumbList","@id":"https:\/\/www.estrategiaconcursos.com.br\/blog\/novo-concurso-bauru\/#breadcrumb","itemListElement":[{"@type":"ListItem","position":1,"name":"In\u00edcio","item":"https:\/\/www.estrategiaconcursos.com.br\/blog\/"},{"@type":"ListItem","position":2,"name":"Novo concurso da Prefeitura de Bauru \u00e9 publicado!"}]},{"@type":"WebSite","@id":"https:\/\/www.estrategiaconcursos.com.br\/blog\/#website","url":"https:\/\/www.estrategiaconcursos.com.br\/blog\/","name":"Estrat\u00e9gia Concursos","description":"O blog da Estrat\u00e9gia Concursos traz not\u00edcias sobre concursos e artigos de professores oferecendo cursos para concursos (pdf + videaulas) no site.","publisher":{"@id":"https:\/\/www.estrategiaconcursos.com.br\/blog\/#organization"},"potentialAction":[{"@type":"SearchAction","target":{"@type":"EntryPoint","urlTemplate":"https:\/\/www.estrategiaconcursos.com.br\/blog\/?s={search_term_string}"},"query-input":{"@type":"PropertyValueSpecification","valueRequired":true,"valueName":"search_term_string"}}],"inLanguage":"pt-BR"},{"@type":"Organization","@id":"https:\/\/www.estrategiaconcursos.com.br\/blog\/#organization","name":"Estrat\u00e9gia Concursos","url":"https:\/\/www.estrategiaconcursos.com.br\/blog\/","logo":{"@type":"ImageObject","inLanguage":"pt-BR","@id":"https:\/\/www.estrategiaconcursos.com.br\/blog\/#\/schema\/logo\/image\/","url":"https:\/\/dhg1h5j42swfq.cloudfront.net\/2025\/06\/03203428\/logo_concursos-1.jpg","contentUrl":"https:\/\/dhg1h5j42swfq.cloudfront.net\/2025\/06\/03203428\/logo_concursos-1.jpg","width":230,"height":60,"caption":"Estrat\u00e9gia Concursos"},"image":{"@id":"https:\/\/www.estrategiaconcursos.com.br\/blog\/#\/schema\/logo\/image\/"},"sameAs":["https:\/\/x.com\/EstratConcursos"]},{"@type":"Person","@id":"https:\/\/www.estrategiaconcursos.com.br\/blog\/#\/schema\/person\/70c2ad4297aa24ff8815b08215b23a76","name":"Ronaldo Scanavini Neto","image":{"@type":"ImageObject","inLanguage":"pt-BR","@id":"https:\/\/secure.gravatar.com\/avatar\/f93d8e56fe264596e94aee6b3feb737d98ad0fc5bac7eb0a245f04723c5c8f21?s=96&d=mm&r=g","url":"https:\/\/secure.gravatar.com\/avatar\/f93d8e56fe264596e94aee6b3feb737d98ad0fc5bac7eb0a245f04723c5c8f21?s=96&d=mm&r=g","contentUrl":"https:\/\/secure.gravatar.com\/avatar\/f93d8e56fe264596e94aee6b3feb737d98ad0fc5bac7eb0a245f04723c5c8f21?s=96&d=mm&r=g","caption":"Ronaldo Scanavini Neto"},"description":"Graduando em Comunica\u00e7\u00e3o Social \u2013 Jornalismo pela Universidade Federal de Vi\u00e7osa (UFV). Integra a equipe de jornalismo do Estrat\u00e9gia Concursos desde 2023, atuando com \u00eanfase na cobertura da \u00e1rea fiscal. Tamb\u00e9m realiza a apura\u00e7\u00e3o e produ\u00e7\u00e3o de not\u00edcias sobre concursos federais, \u00f3rg\u00e3os participantes do CNU e das \u00e1reas de controle, gest\u00e3o, engenharia, Exame CFC, comunica\u00e7\u00e3o social TI e \u00e1rea de concursos administrativos.","url":"https:\/\/www.estrategiaconcursos.com.br\/blog\/author\/ronaldo-netoestrategia-com\/"}]}},"_links":{"self":[{"href":"https:\/\/www.estrategiaconcursos.com.br\/blog\/wp-json\/wp\/v2\/posts\/1687983","targetHints":{"allow":["GET"]}}],"collection":[{"href":"https:\/\/www.estrategiaconcursos.com.br\/blog\/wp-json\/wp\/v2\/posts"}],"about":[{"href":"https:\/\/www.estrategiaconcursos.com.br\/blog\/wp-json\/wp\/v2\/types\/post"}],"author":[{"embeddable":true,"href":"https:\/\/www.estrategiaconcursos.com.br\/blog\/wp-json\/wp\/v2\/users\/2692"}],"replies":[{"embeddable":true,"href":"https:\/\/www.estrategiaconcursos.com.br\/blog\/wp-json\/wp\/v2\/comments?post=1687983"}],"version-history":[{"count":4,"href":"https:\/\/www.estrategiaconcursos.com.br\/blog\/wp-json\/wp\/v2\/posts\/1687983\/revisions"}],"predecessor-version":[{"id":1701350,"href":"https:\/\/www.estrategiaconcursos.com.br\/blog\/wp-json\/wp\/v2\/posts\/1687983\/revisions\/1701350"}],"wp:featuredmedia":[{"embeddable":true,"href":"https:\/\/www.estrategiaconcursos.com.br\/blog\/wp-json\/wp\/v2\/media\/974329"}],"wp:attachment":[{"href":"https:\/\/www.estrategiaconcursos.com.br\/blog\/wp-json\/wp\/v2\/media?parent=1687983"}],"wp:term":[{"taxonomy":"category","embeddable":true,"href":"https:\/\/www.estrategiaconcursos.com.br\/blog\/wp-json\/wp\/v2\/categories?post=1687983"},{"taxonomy":"post_tag","embeddable":true,"href":"https:\/\/www.estrategiaconcursos.com.br\/blog\/wp-json\/wp\/v2\/tags?post=1687983"},{"taxonomy":"tax_estado","embeddable":true,"href":"https:\/\/www.estrategiaconcursos.com.br\/blog\/wp-json\/wp\/v2\/tax_estado?post=1687983"}],"curies":[{"name":"wp","href":"https:\/\/api.w.org\/{rel}","templated":true}]}}