{"id":168772,"date":"2019-02-28T21:33:28","date_gmt":"2019-03-01T00:33:28","guid":{"rendered":"https:\/\/www.estrategiaconcursos.com.br\/blog\/?p=168772"},"modified":"2019-02-28T21:33:33","modified_gmt":"2019-03-01T00:33:33","slug":"recurso-p-discursiva-da-prf-e-agora-ou-nunca","status":"publish","type":"post","link":"https:\/\/www.estrategiaconcursos.com.br\/blog\/recurso-p-discursiva-da-prf-e-agora-ou-nunca\/","title":{"rendered":"Recurso p\/ Discursiva da PRF: \u00e9 agora ou nunca!"},"content":{"rendered":"\n<p>Ol\u00e1,\nPessoal.<\/p>\n\n\n\n<p>A banca\nCebraspe (Cespe) divulgou hoje o resultado final nas provas objetivas e o\nresultado provis\u00f3rio na prova discursiva referente ao concurso da&nbsp; Pol\u00edcia\nRodovi\u00e1ria Federal -PRF.<\/p>\n\n\n\n<p>Leia com\naten\u00e7\u00e3o este artigo, pois ele poder\u00e1 ajudar voc\u00ea nas pr\u00f3ximas horas.<\/p>\n\n\n\n<p>O\nresultado das provas objetivas \u00e9 exato e comum para todos os candidatos.\nEntretanto, <strong>na prova discursiva isso \u00e9 bem diferente. <\/strong><\/p>\n\n\n\n<p>Tendo uma\ncorre\u00e7\u00e3o subjetiva em diversos pontos e possivelmente d\u00edspar para cada\ncandidato, o resultado da prova discursiva pode depender muito da avalia\u00e7\u00e3o de\ncada corretor. Sendo assim, \u00e9 altamente poss\u00edvel que haja equ\u00edvocos na corre\u00e7\u00e3o\nda sua reda\u00e7\u00e3o!<\/p>\n\n\n\n<p>Em um\nconcurso concorrido como esse da PRF,<strong> qualquer ponto a mais ou a menos\npoder\u00e1 mudar completamente a sua classifica\u00e7\u00e3o.<\/strong><\/p>\n\n\n\n<p>Muitas\npessoas nos enviaram e-mails com o intuito de saber as caracter\u00edsticas\nessenciais para elabora\u00e7\u00e3o de recursos das provas discursivas da banca Cebraspe\n(Cespe).<\/p>\n\n\n\n<p>Em vista\ndisso, resolvi escrever este artigo para orient\u00e1-los neste momento crucial que\npoder\u00e1 ser um dos respons\u00e1veis pela sua aprova\u00e7\u00e3o.<\/p>\n\n\n\n<p>A\nprimeira caracter\u00edstica essencial \u00e9 que a CESPE possui duas fases de recurso\npara a prova discursiva:<\/p>\n\n\n\n<ul class=\"wp-block-list\"><li>A <strong>primeira fase<\/strong>\n     refere-se \u00e0 impugna\u00e7\u00e3o ao&nbsp;<strong>Padr\u00e3o Preliminar de Resposta<\/strong>. Esse\n     Padr\u00e3o possui o conte\u00fado que servir\u00e1 de base para os examinadores\n     corrigirem sua prova. Essa fase j\u00e1 passou;<\/li><li>A <strong>segunda fase<\/strong> \u00e9 o <strong>recurso\n     individual contra o resultado preliminar da prova discursiva<\/strong>.<\/li><\/ul>\n\n\n\n<p>A\ndiferen\u00e7a entre essas duas fases \u00e9 a seguinte: na primeira, qualquer altera\u00e7\u00e3o\nno padr\u00e3o preliminar de resposta divulgado pela banca examinadora ir\u00e1\ninfluenciar a nota de todos os candidatos; na segunda, que tem o car\u00e1ter\nindividual, poder\u00e1 alterar apenas a nota do candidato que provocar a banca para\numa poss\u00edvel reavalia\u00e7\u00e3o de seu texto.<\/p>\n\n\n\n<p>\u00c9\nessencial que o candidato entenda o Espelho da Corre\u00e7\u00e3o utilizado pela banca, o\nqual \u00e9 dividido em aspectos <strong>Macroestruturais <\/strong>e <strong>Microestruturais<\/strong>.<\/p>\n\n\n\n<p><strong>Macroestruturais:<\/strong> quesito 1.0 (Apresenta\u00e7\u00e3o) e\nquesito 2.0 (Desenvolvimento do Tema). Este \u00faltimo vem dividido em t\u00f3picos 2.1,\n2.2, 2.3, de acordo com o enunciado da prova discursiva.<\/p>\n\n\n\n<p><strong>Microestruturais:<\/strong> obedi\u00eancias \u00e0s regras\ngramaticais<br \/>\n(ortografia, morfossintaxe e propriedade vocabular).<\/p>\n\n\n\n<p>Vejamos\num exemplo do espelho de corre\u00e7\u00e3o da banca:<\/p>\n\n\n\n<figure class=\"wp-block-image\"><img loading=\"lazy\" decoding=\"async\" width=\"1020\" height=\"588\" src=\"https:\/\/dhg1h5j42swfq.cloudfront.net\/2019\/02\/28212600\/cespe.png\" alt=\"\" class=\"wp-image-168774\" srcset=\"https:\/\/dhg1h5j42swfq.cloudfront.net\/2019\/02\/28212600\/cespe.png 1020w, https:\/\/dhg1h5j42swfq.cloudfront.net\/2019\/02\/28212600\/cespe.png 300w, https:\/\/dhg1h5j42swfq.cloudfront.net\/2019\/02\/28212600\/cespe.png 768w\" sizes=\"auto, (max-width: 1020px) 100vw, 1020px\" \/><\/figure>\n\n\n\n<p>Para os\naspectos <strong>macroestruturais<\/strong>, tem-se a seguinte regra: se o candidato\nabordar corretamente o comando da quest\u00e3o, ganhar\u00e1 a pontua\u00e7\u00e3o total naquele\nt\u00f3pico. Caso contr\u00e1rio, ter\u00e1 pontos descontados proporcionalmente ao n\u00edvel da\nresposta que fora apresentada.<\/p>\n\n\n\n<p>Quanto ao\nquesito <strong>Apresenta\u00e7\u00e3o<\/strong>, a banca analisar\u00e1 a letra, a obedi\u00eancia \u00e0s margens\ne a estrutura textual, ou seja, se a tipologia textual empregada \u00e9 a\ndissertativa. Esteja atento aqui! A maioria dos candidatos ganha nota m\u00e1xima\nneste quesito. Logo, se voc\u00ea n\u00e3o tiver ganhado, saiba que tem uma excelente\noportunidade de melhorar sua nota com o recurso.<\/p>\n\n\n\n<p>Para\navaliar o quesito<strong> Desenvolvimento do Tema<\/strong>, a Banca utilizar\u00e1 o <strong>\u201cPadr\u00e3o\nde Resposta\u201d<\/strong>. O examinador confrontar\u00e1 seu texto com aquele constante do\nmodelo ideal. \u00c9 isso mesmo! Quanto mais quesitos do Padr\u00e3o de Respostas da\nBanca voc\u00ea abordar, maior ser\u00e1 sua nota. Obviamente, n\u00e3o basta \u201cjogar as\nrespostas\u201d no texto. \u00c9 preciso apresent\u00e1-las numa sequ\u00eancia l\u00f3gica e ordenada,\nrespeitando-se a progressividade tem\u00e1tica e a estrutura diaf\u00f3rica do seu texto.<\/p>\n\n\n\n<p>Ap\u00f3s a\ndefini\u00e7\u00e3o da pontua\u00e7\u00e3o de macroestrutura, descontar-se-\u00e3o os erros atinentes\naos aspectos lingu\u00edsticos<strong> (microestruturais)<\/strong>. A banca possui uma f\u00f3rmula\npara calcular o valor dos erros. A princ\u00edpio, parece-nos complexa, mas \u00e9\nextremamente simples. Vejamos:<\/p>\n\n\n\n<p>Suponhamos\nque o candidato tenha cometido 07 erros de gram\u00e1tica e escrito 28 linhas. Logo,\nsua penalidade total ser\u00e1 de 0,5 ponto (07\/28 x 2).<\/p>\n\n\n\n<p>Muitos\ncandidatos n\u00e3o se atentam a essa fase de recursos, talvez por mero\ndesconhecimento de sua import\u00e2ncia. Ao longo da nossa trajet\u00f3ria profissional,\npudemos compartilhar de momentos surpreendentes em que colocamos candidatos\ndentro das vagas gra\u00e7as aos \u201caben\u00e7oados\u201d recursos.<\/p>\n\n\n\n<p><strong>Por que\nh\u00e1 tanta modifica\u00e7\u00e3o nas notas ap\u00f3s a fase de recurso?<\/strong><\/p>\n\n\n\n<p>H\u00e1 uma\nl\u00f3gica nisso! A Banca tem muitas corre\u00e7\u00f5es para fazer em um prazo curt\u00edssimo de\ntempo. Por conseguinte, contrata diversos examinadores para fazer as corre\u00e7\u00f5es.<\/p>\n\n\n\n<p>Para a\nan\u00e1lise do conte\u00fado, a prova passa pelo crivo de dois examinadores. A nota\nfinal ser\u00e1 a m\u00e9dia entre as duas notas. Se a diferen\u00e7a entre elas for maior que\n25%, ent\u00e3o a prova passar\u00e1 pela avalia\u00e7\u00e3o de mais um examinador e a nota ser\u00e1 a\nm\u00e9dia das duas mais altas. Veja um exemplo:<\/p>\n\n\n\n<p>Exemplo 1\n\u2013 Diverg\u00eancia menor que 25%:<\/p>\n\n\n\n<p><strong>Examinador\n1:<\/strong> Nota 35\npontos<\/p>\n\n\n\n<p><strong>Examinador\n2:<\/strong> Nota 30\npontos<\/p>\n\n\n\n<p>A nota\nser\u00e1 a m\u00e9dia das 2 maiores. Logo, a nota dos aspectos Macroestruturais ser\u00e1 de\n32,5 pontos.<\/p>\n\n\n\n<p>Exemplo 2\n\u2013 Diverg\u00eancia MAIOR que 25%:<\/p>\n\n\n\n<p><strong>Examinador\n1:<\/strong> Nota 35\npontos<\/p>\n\n\n\n<p><strong>Examinador\n2:<\/strong> Nota 15\npontos (descartada)<\/p>\n\n\n\n<p><strong>Examinador\n3:<\/strong> Nota 28\npontos<\/p>\n\n\n\n<p>A nota\nser\u00e1 a m\u00e9dia das 2 maiores. Logo, a nota dos aspectos Macroestruturais ser\u00e1 de\n31,5 pontos [(35 +28)\/2].<\/p>\n\n\n\n<p>Isso\nocorre, porquanto h\u00e1 uma interpreta\u00e7\u00e3o altamente subjetiva, ou seja, pode haver\nexaminadores mais r\u00edgidos e outros mais flex\u00edveis. Essa falta de \u201charmonia\u201d\nentre os pr\u00f3prios examinadores pode acarretar em varia\u00e7\u00f5es consider\u00e1veis nas\nnotas dos candidatos.<\/p>\n\n\n\n<p>Contudo,\nao entrar com recurso, h\u00e1 a possibilidade de o texto ser revisto novamente por\noutro examinador. Se a nota do examinador que avaliar o recurso for maior que\numa das notas atribu\u00eddas inicialmente, ela entrar\u00e1 no c\u00e1lculo da m\u00e9dia e,\nconsequentemente, aumentar\u00e1 a pontua\u00e7\u00e3o final.<\/p>\n\n\n\n<p>Uma\npergunta que sempre me fazem \u00e9:<\/p>\n\n\n\n<p><strong>-Professor,\nh\u00e1 a possibilidade de a nota ser diminu\u00edda?<\/strong><\/p>\n\n\n\n<p>Aqui eu\npreciso ser franco com voc\u00eas. Se isso estiver expresso no seu edital,\ncertamente haver\u00e1 essa possibilidade. Entretanto, farei algumas pondera\u00e7\u00f5es:<\/p>\n\n\n\n<ul class=\"wp-block-list\"><li>Em 15 anos que acompanho      provas de concursos p\u00fablicos, vi isso acontecer uma \u00fanica vez;<\/li><li>O examinador estar\u00e1      \u201cabarrotado\u201d de recursos para analisar e sua miss\u00e3o ser\u00e1 concluir as      an\u00e1lises em tempo h\u00e1bil. Ora, como ser\u00e1 uma miss\u00e3o bastante complexa para      o examinador cumprir o prazo de analisar todos os recursos, ser\u00e1 que ele      ainda ter\u00e1 tempo e \u201cenergia\u201d para analisar aspectos que nem sequer foram      questionados pelo candidato? Eu responderia N\u00c3O com 99,9% de certeza!<\/li><li>Portanto, podemos concluir      que, caso seu recurso n\u00e3o seja aceito, sua nota ser\u00e1 apenas mantida.<\/li><\/ul>\n\n\n\n<p>Nem\nsempre a banca erra ao corrigir sua prova, <strong>mas isso pode acontecer!<\/strong> Nem\nsempre a banca te devolve a pontua\u00e7\u00e3o quando est\u00e1 errada, <strong>mas isso pode\nacontecer! <\/strong>Nem sempre a banca te d\u00e1 uma nota abaixo daquela que realmente\nlhe \u00e9 devida, <strong>mas isso pode acontecer! <\/strong>Portanto, meus amigos, entrar com\nrecursos na sua prova discursiva \u00e9 algo necess\u00e1rio para quem ainda se v\u00ea com\nchances de conseguir a classifica\u00e7\u00e3o dentro das vagas. Como \u00e9 improv\u00e1vel que a\nbanca diminua sua nota, \u00e9 aconselh\u00e1vel provoc\u00e1-la para que voc\u00ea tenha sua prova\nreavaliada.<\/p>\n\n\n\n<p>Em\nconcursos da Banca CESPE, sempre h\u00e1 candidatos ganhando pontos. Para\nexemplificar, vou citar o meu caso no concurso do Banco Central em 2013. Antes\ndos recursos das provas discursivas, eu tinha classificado na 33\u00aa posi\u00e7\u00e3o. Como\nhavia 100 vagas na minha \u00e1rea (Contabilidade e Finan\u00e7as), eu estava numa\nsitua\u00e7\u00e3o relativamente confort\u00e1vel. Acontece que, ao ver a corre\u00e7\u00e3o da banca,\npercebi um erro na primeira quest\u00e3o que transpareceu a <strong>falta de dom\u00ednio do\nexaminador<\/strong> sobre aquele assunto que fora abordado. O resultado n\u00e3o podia\nser diferente: a banca me devolveu os pontos da quest\u00e3o e eu <strong>ganhei 12\nposi\u00e7\u00f5es<\/strong>, sendo classificado em 21\u00ba lugar. Para quem j\u00e1 estava\nconfortavelmente dentro das vagas, n\u00e3o fez tanta diferen\u00e7a (exceto pela vontade\nde se fazer justi\u00e7a e ganhar os pontos que me eram realmente devidos). Contudo,\npara algu\u00e9m que estava na <strong>\u201cfaixa de gaza\u201d<\/strong> (aquela faixa em que o\ncandidato est\u00e1 beirando o n\u00famero total de vagas), poderia significar a\naprova\u00e7\u00e3o ou a reprova\u00e7\u00e3o naquele concurso.<\/p>\n\n\n\n<p>Recentemente, no concurso da <strong>Pol\u00edcia Federal<\/strong>, conseguimos <strong>67% de \u00eaxito <\/strong>nos recursos que fizemos para os alunos do Estrat\u00e9gia Concursos. No concurso do <strong>MPU<\/strong>, esse percentual foi de <strong>57%<\/strong>. Mais uma vez, resta comprovada a import\u00e2ncia dos recursos em concursos da banca Cebraspe (Cespe)<\/p>\n\n\n\n<p>A minha\nhumilde opini\u00e3o \u00e9 que sempre vale a pena fazer recurso, mas devemos faz\u00ea-lo com\nt\u00e9cnica e respeito para com a banca examinadora. H\u00e1 algumas regras a serem\nobservadas:<\/p>\n\n\n\n<ul class=\"wp-block-list\"><li>O prazo que a banca CESPE estipulou  para interposi\u00e7\u00e3o do recurso foi <strong>das 9h do dia 6.3.2019 \u00e0s 18h do dia 7.3.2019<\/strong>. S\u00e3o menos de 2 dias para fazer o recurso e inseri-lo na plataforma do site;<\/li><li>O recurso n\u00e3o pode contestar      o Padr\u00e3o de Resposta nem ofender a Banca. Aqui, a maioria dos candidatos      \u201cescorregam\u201d. Os editais costumam trazer a seguinte informa\u00e7\u00e3o:<\/li><\/ul>\n\n\n\n<p><em>\u201cNo\nrecurso contra o resultado provis\u00f3rio na prova discursiva, \u00e9 vedado ao\ncandidato novamente impugnar em tese o padr\u00e3o de resposta, estando limitado \u00e0\ncorre\u00e7\u00e3o de sua resposta de acordo com o padr\u00e3o definitivo.\u201d<\/em><\/p>\n\n\n\n<p>Isso\nocorre, pois o momento contestar o Padr\u00e3o de Resposta j\u00e1 transcorreu. A \u00fanica\npossibilidade remanescente \u00e9 pr\u00f3pria contesta\u00e7\u00e3o da nota atribu\u00edda pela banca\nexaminadora;<\/p>\n\n\n\n<ul class=\"wp-block-list\"><li>O recurso deve ser claro e objetivo.\n     Esse \u00e9 o grande desafio! Voc\u00ea deve ir direto ao ponto e explicar para o\n     examinador o porqu\u00ea de a nota carecer de majora\u00e7\u00e3o, sem enrola\u00e7\u00e3o! Utilize\n     argumentos fortes, mas com linguagem simples e objetiva;<\/li><li>Voc\u00ea pode escrever o recurso\n     em primeira ou terceira pessoa do singular. Quanto a esse aspecto, n\u00e3o h\u00e1\n     problema!<\/li><\/ul>\n\n\n\n<p>Bom,\npessoal. Ap\u00f3s este logo \u201cbate-papo\u201d, acredito que voc\u00eas puderam compreender a\nimport\u00e2ncia da fase de recursos. Caso n\u00e3o se sintam seguros para faz\u00ea-los\nsozinhos e necessitem da ajuda dos nossos professores, <strong>o Estrat\u00e9gia\nConcursos oferece esse servi\u00e7o a voc\u00ea!<\/strong><\/p>\n\n\n\n<p><strong>As\nvagas j\u00e1 foram disponibilizadas!<\/strong><\/p>\n\n\n\n<p><strong>Corre\nl\u00e1, pois s\u00e3o LIMITADAS! No concurso da PF e do MPU, esgotaram em menos de 4\n(quatro) horas. Antecipe-se!<\/strong><\/p>\n\n\n\n<p><strong><a href=\"https:\/\/www.estrategiaconcursos.com.br\/cursosPorConcurso\/recursos-para-discursivas\/\">Recursos\np\/ Discursiva da PRF<\/a><\/strong><\/p>\n\n\n\n<p>Boa\nsorte!<\/p>\n\n\n\n<p>Prof.\nCarlos Roberto<\/p>\n\n\n\n<p>Instagram:\nprof_carlosroberto<\/p>\n","protected":false},"excerpt":{"rendered":"<p>Ol\u00e1, Pessoal. A banca Cebraspe (Cespe) divulgou hoje o resultado final nas provas objetivas e o resultado provis\u00f3rio na prova discursiva referente ao concurso da&nbsp; Pol\u00edcia Rodovi\u00e1ria Federal -PRF. Leia com aten\u00e7\u00e3o este artigo, pois ele poder\u00e1 ajudar voc\u00ea nas pr\u00f3ximas horas. O resultado das provas objetivas \u00e9 exato e comum para todos os candidatos. [&hellip;]<\/p>\n","protected":false},"author":254,"featured_media":0,"comment_status":"open","ping_status":"closed","sticky":false,"template":"","format":"standard","meta":{"post_tipo":"article","footnotes":""},"categories":[1],"tags":[],"tax_estado":[],"class_list":["post-168772","post","type-post","status-publish","format-standard","hentry","category-cursos-e-concursos"],"acf":[],"yoast_head":"<!-- This site is optimized with the Yoast SEO Premium plugin v27.2 (Yoast SEO v27.2) - https:\/\/yoast.com\/product\/yoast-seo-premium-wordpress\/ -->\n<title>Recurso p\/ Discursiva da PRF: \u00e9 agora ou nunca!<\/title>\n<meta name=\"robots\" content=\"index, follow, max-snippet:-1, max-image-preview:large, max-video-preview:-1\" \/>\n<link rel=\"canonical\" href=\"https:\/\/www.estrategiaconcursos.com.br\/blog\/recurso-p-discursiva-da-prf-e-agora-ou-nunca\/\" \/>\n<meta property=\"og:locale\" content=\"pt_BR\" \/>\n<meta property=\"og:type\" content=\"article\" \/>\n<meta property=\"og:title\" content=\"Recurso p\/ Discursiva da PRF: \u00e9 agora ou nunca!\" \/>\n<meta property=\"og:description\" content=\"Ol\u00e1, Pessoal. A banca Cebraspe (Cespe) divulgou hoje o resultado final nas provas objetivas e o resultado provis\u00f3rio na prova discursiva referente ao concurso da&nbsp; Pol\u00edcia Rodovi\u00e1ria Federal -PRF. Leia com aten\u00e7\u00e3o este artigo, pois ele poder\u00e1 ajudar voc\u00ea nas pr\u00f3ximas horas. O resultado das provas objetivas \u00e9 exato e comum para todos os candidatos. [&hellip;]\" \/>\n<meta property=\"og:url\" content=\"https:\/\/www.estrategiaconcursos.com.br\/blog\/recurso-p-discursiva-da-prf-e-agora-ou-nunca\/\" \/>\n<meta property=\"og:site_name\" content=\"Estrat\u00e9gia Concursos\" \/>\n<meta property=\"article:published_time\" content=\"2019-03-01T00:33:28+00:00\" \/>\n<meta property=\"article:modified_time\" content=\"2019-03-01T00:33:33+00:00\" \/>\n<meta property=\"og:image\" content=\"https:\/\/www.estrategiaconcursos.com.br\/blog\/wp-content\/uploads\/2019\/02\/cespe.png\" \/>\n<meta name=\"author\" content=\"Carlos Roberto Correa\" \/>\n<meta name=\"twitter:card\" content=\"summary_large_image\" \/>\n<meta name=\"twitter:creator\" content=\"@EstratConcursos\" \/>\n<meta name=\"twitter:site\" content=\"@EstratConcursos\" \/>\n<meta name=\"twitter:label1\" content=\"Escrito por\" \/>\n\t<meta name=\"twitter:data1\" content=\"Carlos Roberto Correa\" \/>\n\t<meta name=\"twitter:label2\" content=\"Est. tempo de leitura\" \/>\n\t<meta name=\"twitter:data2\" content=\"8 minutos\" \/>\n<script type=\"application\/ld+json\" class=\"yoast-schema-graph\">{\"@context\":\"https:\/\/schema.org\",\"@graph\":[{\"@type\":\"NewsArticle\",\"@id\":\"https:\/\/www.estrategiaconcursos.com.br\/blog\/recurso-p-discursiva-da-prf-e-agora-ou-nunca\/#article\",\"isPartOf\":{\"@id\":\"https:\/\/www.estrategiaconcursos.com.br\/blog\/recurso-p-discursiva-da-prf-e-agora-ou-nunca\/\"},\"author\":{\"name\":\"Carlos Roberto Correa\",\"@id\":\"https:\/\/www.estrategiaconcursos.com.br\/blog\/#\/schema\/person\/b04f52b4e46b9c2763b237dc0302b7a7\"},\"headline\":\"Recurso p\/ Discursiva da PRF: \u00e9 agora ou nunca!\",\"datePublished\":\"2019-03-01T00:33:28+00:00\",\"dateModified\":\"2019-03-01T00:33:33+00:00\",\"mainEntityOfPage\":{\"@id\":\"https:\/\/www.estrategiaconcursos.com.br\/blog\/recurso-p-discursiva-da-prf-e-agora-ou-nunca\/\"},\"wordCount\":1683,\"commentCount\":2,\"publisher\":{\"@id\":\"https:\/\/www.estrategiaconcursos.com.br\/blog\/#organization\"},\"image\":{\"@id\":\"https:\/\/www.estrategiaconcursos.com.br\/blog\/recurso-p-discursiva-da-prf-e-agora-ou-nunca\/#primaryimage\"},\"thumbnailUrl\":\"https:\/\/www.estrategiaconcursos.com.br\/blog\/wp-content\/uploads\/2019\/02\/cespe.png\",\"articleSection\":[\"Concursos P\u00fablicos\"],\"inLanguage\":\"pt-BR\",\"potentialAction\":[{\"@type\":\"CommentAction\",\"name\":\"Comment\",\"target\":[\"https:\/\/www.estrategiaconcursos.com.br\/blog\/recurso-p-discursiva-da-prf-e-agora-ou-nunca\/#respond\"]}],\"copyrightYear\":\"2019\",\"copyrightHolder\":{\"@id\":\"https:\/\/www.estrategiaconcursos.com.br\/blog\/#organization\"}},{\"@type\":\"WebPage\",\"@id\":\"https:\/\/www.estrategiaconcursos.com.br\/blog\/recurso-p-discursiva-da-prf-e-agora-ou-nunca\/\",\"url\":\"https:\/\/www.estrategiaconcursos.com.br\/blog\/recurso-p-discursiva-da-prf-e-agora-ou-nunca\/\",\"name\":\"Recurso p\/ Discursiva da PRF: \u00e9 agora ou nunca!\",\"isPartOf\":{\"@id\":\"https:\/\/www.estrategiaconcursos.com.br\/blog\/#website\"},\"primaryImageOfPage\":{\"@id\":\"https:\/\/www.estrategiaconcursos.com.br\/blog\/recurso-p-discursiva-da-prf-e-agora-ou-nunca\/#primaryimage\"},\"image\":{\"@id\":\"https:\/\/www.estrategiaconcursos.com.br\/blog\/recurso-p-discursiva-da-prf-e-agora-ou-nunca\/#primaryimage\"},\"thumbnailUrl\":\"https:\/\/www.estrategiaconcursos.com.br\/blog\/wp-content\/uploads\/2019\/02\/cespe.png\",\"datePublished\":\"2019-03-01T00:33:28+00:00\",\"dateModified\":\"2019-03-01T00:33:33+00:00\",\"breadcrumb\":{\"@id\":\"https:\/\/www.estrategiaconcursos.com.br\/blog\/recurso-p-discursiva-da-prf-e-agora-ou-nunca\/#breadcrumb\"},\"inLanguage\":\"pt-BR\",\"potentialAction\":[{\"@type\":\"ReadAction\",\"target\":[\"https:\/\/www.estrategiaconcursos.com.br\/blog\/recurso-p-discursiva-da-prf-e-agora-ou-nunca\/\"]}]},{\"@type\":\"ImageObject\",\"inLanguage\":\"pt-BR\",\"@id\":\"https:\/\/www.estrategiaconcursos.com.br\/blog\/recurso-p-discursiva-da-prf-e-agora-ou-nunca\/#primaryimage\",\"url\":\"https:\/\/dhg1h5j42swfq.cloudfront.net\/2019\/02\/28212600\/cespe.png\",\"contentUrl\":\"https:\/\/dhg1h5j42swfq.cloudfront.net\/2019\/02\/28212600\/cespe.png\",\"width\":1020,\"height\":588},{\"@type\":\"BreadcrumbList\",\"@id\":\"https:\/\/www.estrategiaconcursos.com.br\/blog\/recurso-p-discursiva-da-prf-e-agora-ou-nunca\/#breadcrumb\",\"itemListElement\":[{\"@type\":\"ListItem\",\"position\":1,\"name\":\"In\u00edcio\",\"item\":\"https:\/\/www.estrategiaconcursos.com.br\/blog\/\"},{\"@type\":\"ListItem\",\"position\":2,\"name\":\"Recurso p\/ Discursiva da PRF: \u00e9 agora ou nunca!\"}]},{\"@type\":\"WebSite\",\"@id\":\"https:\/\/www.estrategiaconcursos.com.br\/blog\/#website\",\"url\":\"https:\/\/www.estrategiaconcursos.com.br\/blog\/\",\"name\":\"Estrat\u00e9gia Concursos\",\"description\":\"O blog da Estrat\u00e9gia Concursos traz not\u00edcias sobre concursos e artigos de professores oferecendo cursos para concursos (pdf + videaulas) no site.\",\"publisher\":{\"@id\":\"https:\/\/www.estrategiaconcursos.com.br\/blog\/#organization\"},\"potentialAction\":[{\"@type\":\"SearchAction\",\"target\":{\"@type\":\"EntryPoint\",\"urlTemplate\":\"https:\/\/www.estrategiaconcursos.com.br\/blog\/?s={search_term_string}\"},\"query-input\":{\"@type\":\"PropertyValueSpecification\",\"valueRequired\":true,\"valueName\":\"search_term_string\"}}],\"inLanguage\":\"pt-BR\"},{\"@type\":\"Organization\",\"@id\":\"https:\/\/www.estrategiaconcursos.com.br\/blog\/#organization\",\"name\":\"Estrat\u00e9gia Concursos\",\"url\":\"https:\/\/www.estrategiaconcursos.com.br\/blog\/\",\"logo\":{\"@type\":\"ImageObject\",\"inLanguage\":\"pt-BR\",\"@id\":\"https:\/\/www.estrategiaconcursos.com.br\/blog\/#\/schema\/logo\/image\/\",\"url\":\"https:\/\/dhg1h5j42swfq.cloudfront.net\/2025\/06\/03203428\/logo_concursos-1.jpg\",\"contentUrl\":\"https:\/\/dhg1h5j42swfq.cloudfront.net\/2025\/06\/03203428\/logo_concursos-1.jpg\",\"width\":230,\"height\":60,\"caption\":\"Estrat\u00e9gia Concursos\"},\"image\":{\"@id\":\"https:\/\/www.estrategiaconcursos.com.br\/blog\/#\/schema\/logo\/image\/\"},\"sameAs\":[\"https:\/\/x.com\/EstratConcursos\"]},{\"@type\":\"Person\",\"@id\":\"https:\/\/www.estrategiaconcursos.com.br\/blog\/#\/schema\/person\/b04f52b4e46b9c2763b237dc0302b7a7\",\"name\":\"Carlos Roberto Correa\",\"image\":{\"@type\":\"ImageObject\",\"inLanguage\":\"pt-BR\",\"@id\":\"https:\/\/secure.gravatar.com\/avatar\/f4b738aef9d1cc2c2cfd779e48e5b0dee98cb28b76e015eb2f1d475ca568f24a?s=96&d=mm&r=g\",\"url\":\"https:\/\/secure.gravatar.com\/avatar\/f4b738aef9d1cc2c2cfd779e48e5b0dee98cb28b76e015eb2f1d475ca568f24a?s=96&d=mm&r=g\",\"contentUrl\":\"https:\/\/secure.gravatar.com\/avatar\/f4b738aef9d1cc2c2cfd779e48e5b0dee98cb28b76e015eb2f1d475ca568f24a?s=96&d=mm&r=g\",\"caption\":\"Carlos Roberto Correa\"},\"url\":\"https:\/\/www.estrategiaconcursos.com.br\/blog\/author\/carlosrobertoestrategiaconcursos-com-br\/\"}]}<\/script>\n<!-- \/ Yoast SEO Premium plugin. -->","yoast_head_json":{"title":"Recurso p\/ Discursiva da PRF: \u00e9 agora ou nunca!","robots":{"index":"index","follow":"follow","max-snippet":"max-snippet:-1","max-image-preview":"max-image-preview:large","max-video-preview":"max-video-preview:-1"},"canonical":"https:\/\/www.estrategiaconcursos.com.br\/blog\/recurso-p-discursiva-da-prf-e-agora-ou-nunca\/","og_locale":"pt_BR","og_type":"article","og_title":"Recurso p\/ Discursiva da PRF: \u00e9 agora ou nunca!","og_description":"Ol\u00e1, Pessoal. A banca Cebraspe (Cespe) divulgou hoje o resultado final nas provas objetivas e o resultado provis\u00f3rio na prova discursiva referente ao concurso da&nbsp; Pol\u00edcia Rodovi\u00e1ria Federal -PRF. Leia com aten\u00e7\u00e3o este artigo, pois ele poder\u00e1 ajudar voc\u00ea nas pr\u00f3ximas horas. O resultado das provas objetivas \u00e9 exato e comum para todos os candidatos. [&hellip;]","og_url":"https:\/\/www.estrategiaconcursos.com.br\/blog\/recurso-p-discursiva-da-prf-e-agora-ou-nunca\/","og_site_name":"Estrat\u00e9gia Concursos","article_published_time":"2019-03-01T00:33:28+00:00","article_modified_time":"2019-03-01T00:33:33+00:00","og_image":[{"url":"https:\/\/www.estrategiaconcursos.com.br\/blog\/wp-content\/uploads\/2019\/02\/cespe.png","type":"","width":"","height":""}],"author":"Carlos Roberto Correa","twitter_card":"summary_large_image","twitter_creator":"@EstratConcursos","twitter_site":"@EstratConcursos","twitter_misc":{"Escrito por":"Carlos Roberto Correa","Est. tempo de leitura":"8 minutos"},"schema":{"@context":"https:\/\/schema.org","@graph":[{"@type":"NewsArticle","@id":"https:\/\/www.estrategiaconcursos.com.br\/blog\/recurso-p-discursiva-da-prf-e-agora-ou-nunca\/#article","isPartOf":{"@id":"https:\/\/www.estrategiaconcursos.com.br\/blog\/recurso-p-discursiva-da-prf-e-agora-ou-nunca\/"},"author":{"name":"Carlos Roberto Correa","@id":"https:\/\/www.estrategiaconcursos.com.br\/blog\/#\/schema\/person\/b04f52b4e46b9c2763b237dc0302b7a7"},"headline":"Recurso p\/ Discursiva da PRF: \u00e9 agora ou nunca!","datePublished":"2019-03-01T00:33:28+00:00","dateModified":"2019-03-01T00:33:33+00:00","mainEntityOfPage":{"@id":"https:\/\/www.estrategiaconcursos.com.br\/blog\/recurso-p-discursiva-da-prf-e-agora-ou-nunca\/"},"wordCount":1683,"commentCount":2,"publisher":{"@id":"https:\/\/www.estrategiaconcursos.com.br\/blog\/#organization"},"image":{"@id":"https:\/\/www.estrategiaconcursos.com.br\/blog\/recurso-p-discursiva-da-prf-e-agora-ou-nunca\/#primaryimage"},"thumbnailUrl":"https:\/\/www.estrategiaconcursos.com.br\/blog\/wp-content\/uploads\/2019\/02\/cespe.png","articleSection":["Concursos P\u00fablicos"],"inLanguage":"pt-BR","potentialAction":[{"@type":"CommentAction","name":"Comment","target":["https:\/\/www.estrategiaconcursos.com.br\/blog\/recurso-p-discursiva-da-prf-e-agora-ou-nunca\/#respond"]}],"copyrightYear":"2019","copyrightHolder":{"@id":"https:\/\/www.estrategiaconcursos.com.br\/blog\/#organization"}},{"@type":"WebPage","@id":"https:\/\/www.estrategiaconcursos.com.br\/blog\/recurso-p-discursiva-da-prf-e-agora-ou-nunca\/","url":"https:\/\/www.estrategiaconcursos.com.br\/blog\/recurso-p-discursiva-da-prf-e-agora-ou-nunca\/","name":"Recurso p\/ Discursiva da PRF: \u00e9 agora ou nunca!","isPartOf":{"@id":"https:\/\/www.estrategiaconcursos.com.br\/blog\/#website"},"primaryImageOfPage":{"@id":"https:\/\/www.estrategiaconcursos.com.br\/blog\/recurso-p-discursiva-da-prf-e-agora-ou-nunca\/#primaryimage"},"image":{"@id":"https:\/\/www.estrategiaconcursos.com.br\/blog\/recurso-p-discursiva-da-prf-e-agora-ou-nunca\/#primaryimage"},"thumbnailUrl":"https:\/\/www.estrategiaconcursos.com.br\/blog\/wp-content\/uploads\/2019\/02\/cespe.png","datePublished":"2019-03-01T00:33:28+00:00","dateModified":"2019-03-01T00:33:33+00:00","breadcrumb":{"@id":"https:\/\/www.estrategiaconcursos.com.br\/blog\/recurso-p-discursiva-da-prf-e-agora-ou-nunca\/#breadcrumb"},"inLanguage":"pt-BR","potentialAction":[{"@type":"ReadAction","target":["https:\/\/www.estrategiaconcursos.com.br\/blog\/recurso-p-discursiva-da-prf-e-agora-ou-nunca\/"]}]},{"@type":"ImageObject","inLanguage":"pt-BR","@id":"https:\/\/www.estrategiaconcursos.com.br\/blog\/recurso-p-discursiva-da-prf-e-agora-ou-nunca\/#primaryimage","url":"https:\/\/dhg1h5j42swfq.cloudfront.net\/2019\/02\/28212600\/cespe.png","contentUrl":"https:\/\/dhg1h5j42swfq.cloudfront.net\/2019\/02\/28212600\/cespe.png","width":1020,"height":588},{"@type":"BreadcrumbList","@id":"https:\/\/www.estrategiaconcursos.com.br\/blog\/recurso-p-discursiva-da-prf-e-agora-ou-nunca\/#breadcrumb","itemListElement":[{"@type":"ListItem","position":1,"name":"In\u00edcio","item":"https:\/\/www.estrategiaconcursos.com.br\/blog\/"},{"@type":"ListItem","position":2,"name":"Recurso p\/ Discursiva da PRF: \u00e9 agora ou nunca!"}]},{"@type":"WebSite","@id":"https:\/\/www.estrategiaconcursos.com.br\/blog\/#website","url":"https:\/\/www.estrategiaconcursos.com.br\/blog\/","name":"Estrat\u00e9gia Concursos","description":"O blog da Estrat\u00e9gia Concursos traz not\u00edcias sobre concursos e artigos de professores oferecendo cursos para concursos (pdf + videaulas) no site.","publisher":{"@id":"https:\/\/www.estrategiaconcursos.com.br\/blog\/#organization"},"potentialAction":[{"@type":"SearchAction","target":{"@type":"EntryPoint","urlTemplate":"https:\/\/www.estrategiaconcursos.com.br\/blog\/?s={search_term_string}"},"query-input":{"@type":"PropertyValueSpecification","valueRequired":true,"valueName":"search_term_string"}}],"inLanguage":"pt-BR"},{"@type":"Organization","@id":"https:\/\/www.estrategiaconcursos.com.br\/blog\/#organization","name":"Estrat\u00e9gia Concursos","url":"https:\/\/www.estrategiaconcursos.com.br\/blog\/","logo":{"@type":"ImageObject","inLanguage":"pt-BR","@id":"https:\/\/www.estrategiaconcursos.com.br\/blog\/#\/schema\/logo\/image\/","url":"https:\/\/dhg1h5j42swfq.cloudfront.net\/2025\/06\/03203428\/logo_concursos-1.jpg","contentUrl":"https:\/\/dhg1h5j42swfq.cloudfront.net\/2025\/06\/03203428\/logo_concursos-1.jpg","width":230,"height":60,"caption":"Estrat\u00e9gia Concursos"},"image":{"@id":"https:\/\/www.estrategiaconcursos.com.br\/blog\/#\/schema\/logo\/image\/"},"sameAs":["https:\/\/x.com\/EstratConcursos"]},{"@type":"Person","@id":"https:\/\/www.estrategiaconcursos.com.br\/blog\/#\/schema\/person\/b04f52b4e46b9c2763b237dc0302b7a7","name":"Carlos Roberto Correa","image":{"@type":"ImageObject","inLanguage":"pt-BR","@id":"https:\/\/secure.gravatar.com\/avatar\/f4b738aef9d1cc2c2cfd779e48e5b0dee98cb28b76e015eb2f1d475ca568f24a?s=96&d=mm&r=g","url":"https:\/\/secure.gravatar.com\/avatar\/f4b738aef9d1cc2c2cfd779e48e5b0dee98cb28b76e015eb2f1d475ca568f24a?s=96&d=mm&r=g","contentUrl":"https:\/\/secure.gravatar.com\/avatar\/f4b738aef9d1cc2c2cfd779e48e5b0dee98cb28b76e015eb2f1d475ca568f24a?s=96&d=mm&r=g","caption":"Carlos Roberto Correa"},"url":"https:\/\/www.estrategiaconcursos.com.br\/blog\/author\/carlosrobertoestrategiaconcursos-com-br\/"}]}},"_links":{"self":[{"href":"https:\/\/www.estrategiaconcursos.com.br\/blog\/wp-json\/wp\/v2\/posts\/168772","targetHints":{"allow":["GET"]}}],"collection":[{"href":"https:\/\/www.estrategiaconcursos.com.br\/blog\/wp-json\/wp\/v2\/posts"}],"about":[{"href":"https:\/\/www.estrategiaconcursos.com.br\/blog\/wp-json\/wp\/v2\/types\/post"}],"author":[{"embeddable":true,"href":"https:\/\/www.estrategiaconcursos.com.br\/blog\/wp-json\/wp\/v2\/users\/254"}],"replies":[{"embeddable":true,"href":"https:\/\/www.estrategiaconcursos.com.br\/blog\/wp-json\/wp\/v2\/comments?post=168772"}],"version-history":[{"count":4,"href":"https:\/\/www.estrategiaconcursos.com.br\/blog\/wp-json\/wp\/v2\/posts\/168772\/revisions"}],"predecessor-version":[{"id":168777,"href":"https:\/\/www.estrategiaconcursos.com.br\/blog\/wp-json\/wp\/v2\/posts\/168772\/revisions\/168777"}],"wp:attachment":[{"href":"https:\/\/www.estrategiaconcursos.com.br\/blog\/wp-json\/wp\/v2\/media?parent=168772"}],"wp:term":[{"taxonomy":"category","embeddable":true,"href":"https:\/\/www.estrategiaconcursos.com.br\/blog\/wp-json\/wp\/v2\/categories?post=168772"},{"taxonomy":"post_tag","embeddable":true,"href":"https:\/\/www.estrategiaconcursos.com.br\/blog\/wp-json\/wp\/v2\/tags?post=168772"},{"taxonomy":"tax_estado","embeddable":true,"href":"https:\/\/www.estrategiaconcursos.com.br\/blog\/wp-json\/wp\/v2\/tax_estado?post=168772"}],"curies":[{"name":"wp","href":"https:\/\/api.w.org\/{rel}","templated":true}]}}