{"id":1687646,"date":"2025-12-29T09:00:00","date_gmt":"2025-12-29T12:00:00","guid":{"rendered":"https:\/\/www.estrategiaconcursos.com.br\/blog\/?p=1687646"},"modified":"2026-01-05T11:52:17","modified_gmt":"2026-01-05T14:52:17","slug":"carta-aos-assinantes-270","status":"publish","type":"post","link":"https:\/\/www.estrategiaconcursos.com.br\/blog\/carta-aos-assinantes-270\/","title":{"rendered":"Carta aos Assinantes do Estrat\u00e9gia Concursos &#8211; 270"},"content":{"rendered":"\n<p class=\"has-text-align-right has-luminous-vivid-amber-background-color has-background\"><em>Confira, em nossa <strong>ducent\u00e9sima septuag\u00e9sima<\/strong> carta aos assinantes, a nossa programa\u00e7\u00e3o semanal, as novidades do nosso Sistema de Quest\u00f5es e as principais movimenta\u00e7\u00f5es de concursos.<\/em><\/p>\n\n\n\n<p>Ol\u00e1, pessoal. Tudo bem?<\/p>\n\n\n\n<p>Aqui \u00e9 o<strong>&nbsp;Prof. Diego Cerqueira&nbsp;<\/strong>em nossa <strong>ducent\u00e9sima septuag\u00e9sima <\/strong>Carta aos Assinantes do Estrat\u00e9gia Concursos.<\/p>\n\n\n\n<p>Preparados para garantir a <strong>t\u00e3o sonhada estabilidade em 2026<\/strong>? O pr\u00f3ximo ano j\u00e1 prev\u00ea <strong>mais de 73 mil vagas<\/strong> e sal\u00e1rios que podem alcan\u00e7ar os <strong>R$ 39 mil<\/strong>! <\/p>\n\n\n\n<p>Oportunidades como essas n\u00e3o surgem todos os dias e n\u00e3o podem ser ignoradas. Este \u00e9 o momento ideal para <strong>intensificar os estudos, ajustar a estrat\u00e9gia e manter o foco total na aprova\u00e7\u00e3o<\/strong>.<\/p>\n\n\n\n<blockquote class=\"wp-block-quote is-layout-flow wp-block-quote-is-layout-flow\">\n<p><strong>Diga adeus \u00e0 instabilidade financeira<\/strong> e d\u00ea o primeiro passo rumo a uma carreira s\u00f3lida no servi\u00e7o p\u00fablico. <strong>Marque na agenda: dia 2 de janeiro.<\/strong> <strong>Nunca mais seja demitido<\/strong>!<\/p>\n<\/blockquote>\n\n\n\n<figure class=\"wp-block-image aligncenter size-large\"><a href=\"https:\/\/mkt.estrategia.com\/concursos\/nunca-mais-seja-demitido-2026\/\" target=\"_blank\" rel=\" noreferrer noopener\"><img loading=\"lazy\" decoding=\"async\" width=\"1024\" height=\"274\" src=\"https:\/\/dhg1h5j42swfq.cloudfront.net\/2025\/12\/19110322\/banner_concurso-1024x274.jpg\" alt=\"\" class=\"wp-image-1688565\" srcset=\"https:\/\/dhg1h5j42swfq.cloudfront.net\/2025\/12\/19110322\/banner_concurso-1024x274.jpg 1024w, https:\/\/dhg1h5j42swfq.cloudfront.net\/2025\/12\/19110322\/banner_concurso-300x80.jpg 300w, https:\/\/dhg1h5j42swfq.cloudfront.net\/2025\/12\/19110322\/banner_concurso-768x206.jpg 768w, https:\/\/dhg1h5j42swfq.cloudfront.net\/2025\/12\/19110322\/banner_concurso-1536x411.jpg 1536w, https:\/\/dhg1h5j42swfq.cloudfront.net\/2025\/12\/19110322\/banner_concurso-150x40.jpg 150w, https:\/\/dhg1h5j42swfq.cloudfront.net\/2025\/12\/19110322\/banner_concurso.jpg 1920w\" sizes=\"auto, (max-width: 1024px) 100vw, 1024px\" \/><\/a><figcaption class=\"wp-element-caption\"><a href=\"https:\/\/mkt.estrategia.com\/concursos\/nunca-mais-seja-demitido-2026\/\" target=\"_blank\" rel=\"noreferrer noopener\">Inscreva-se aqui e confira os detalhes!<\/a><\/figcaption><\/figure>\n\n\n\n<h2 class=\"wp-block-heading\" id=\"h-sistema-de-questoes-do-estrategia\">Sistema de Quest\u00f5es do Estrat\u00e9gia<\/h2>\n\n\n\n<p>Na \u00faltima semana, a nossa equipe do Sistema de Quest\u00f5es&nbsp;<strong>criou&nbsp;<\/strong>os seguintes&nbsp;<strong>Cadernos de Quest\u00f5es<\/strong>:<\/p>\n\n\n\n<ul class=\"wp-block-list\">\n<li>Cadernos de Quest\u00f5es Reta Final C\u00e2mara de Londrina (<a href=\"https:\/\/www.estrategiaconcursos.com.br\/blog\/questoes-de-reta-final-para-a-camara-municipal-de-londrina\/\" target=\"_blank\" rel=\"noreferrer noopener\">clique aqui<\/a>)<\/li>\n\n\n\n<li>Cadernos de Quest\u00f5es Telebras (<a href=\"https:\/\/www.estrategiaconcursos.com.br\/blog\/cadernos-de-reta-final-para-o-concurso-telebras\/\" target=\"_blank\" rel=\"noreferrer noopener\">clique aqui<\/a>)<\/li>\n\n\n\n<li>Cadernos de Quest\u00f5es Reta Final Sefaz GO (<a href=\"https:\/\/www.estrategiaconcursos.com.br\/blog\/questoes-de-reta-final-para-o-concurso-sefaz-go\/\" target=\"_blank\" rel=\"noreferrer noopener\">clique aqui<\/a>)<\/li>\n\n\n\n<li>Cadernos de Quest\u00f5es CBM RJ \u2013 Oficial (<a href=\"https:\/\/www.estrategiaconcursos.com.br\/blog\/cadernos-de-questoes-anteriores-para-o-concurso-cbm-rj-oficial\/\" target=\"_blank\" rel=\"noreferrer noopener\">cliquei aqui<\/a>)<\/li>\n\n\n\n<li>Cadernos de Quest\u00f5es Reta Final &#8211; Sefaz MT (<a href=\"https:\/\/www.estrategiaconcursos.com.br\/blog\/questoes-de-reta-final-para-o-concurso-sefaz-mt\/\" target=\"_blank\" rel=\"noreferrer noopener\">clique aqui<\/a>)<\/li>\n\n\n\n<li>Cadernos de Quest\u00f5es C\u00e2mara Municipal de S\u00e3o Louren\u00e7o do Sul (<a href=\"https:\/\/www.estrategiaconcursos.com.br\/blog\/questoes-de-reta-final-para-o-concurso-da-camara-municipal-de-sao-lourenco-do-sul\/\" target=\"_blank\" rel=\"noreferrer noopener\">clique aqui<\/a>)<\/li>\n<\/ul>\n\n\n\n<p>Al\u00e9m disso, tamb\u00e9m foram <strong>atualizados&nbsp;<\/strong>os seguintes&nbsp;<strong>Cadernos de Quest\u00f5es<\/strong>:<\/p>\n\n\n\n<ul class=\"wp-block-list\">\n<li>Cadernos de Quest\u00f5es CGM Manaus&nbsp;(<a href=\"https:\/\/www.estrategiaconcursos.com.br\/blog\/cadernos-de-reta-final-concurso-cgm-manaus\/\" target=\"_blank\" rel=\"noreferrer noopener\">clique aqui<\/a>)<\/li>\n\n\n\n<li>Cadernos de Quest\u00f5es In\u00e9ditas Sefaz SP (<a href=\"https:\/\/www.estrategiaconcursos.com.br\/blog\/cadernos-de-questoes-ineditas-concurso-sefaz-sp\/\" target=\"_blank\" rel=\"noreferrer noopener\">clique aqui<\/a>)<\/li>\n\n\n\n<li>Cadernos de Quest\u00f5es Sefaz GO (<a href=\"https:\/\/www.estrategiaconcursos.com.br\/blog\/questoes-de-reta-final-para-o-concurso-sefaz-go\/\" target=\"_blank\" rel=\"noreferrer noopener\">clique aqui<\/a>)<\/li>\n\n\n\n<li>Cadernos de Quest\u00f5es PC RS (<a href=\"https:\/\/www.estrategiaconcursos.com.br\/blog\/cadernos-que-questoes-ineditas-para-o-concurso-pc-rs\/\" target=\"_blank\" rel=\"noreferrer noopener\">clique aqui<\/a>) <\/li>\n<\/ul>\n\n\n\n<h2 class=\"wp-block-heading\" id=\"h-agora-vamos-ver-as-principais-movimentacoes-de-concursos-da-ultima-semana\">Agora, vamos ver as principais movimenta\u00e7\u00f5es de concursos da \u00faltima semana?<\/h2>\n\n\n\n<ul class=\"wp-block-list\">\n<li><strong><a href=\"https:\/\/www.estrategiaconcursos.com.br\/blog\/concurso-pm-sc\/\" target=\"_blank\" rel=\"noreferrer noopener\">PM SC<\/a>:<\/strong> Uma \u00f3tima not\u00edcia para os concurseiros que aguardam uma oportunidade na PM SC (Pol\u00edcia Militar de Santa Catarina): foi <strong>publicado o edital <\/strong>de processo seletivo simplificado! S\u00e3o ofertadas 1.465 vagas para a fun\u00e7\u00e3o de Soldado de 1\u00aa Classe, que exige N\u00edvel superior de forma\u00e7\u00e3o e sal\u00e1rio inicial de R$ 8.505,00 + R$ 550,00 de aux\u00edlio-alimenta\u00e7\u00e3o. Sob organiza\u00e7\u00e3o do Idecan, as inscri\u00e7\u00f5es poder\u00e3o ser efetuadas entre os dias 23 de dezembro a 26 de janeiro, ao custo de R$ 120,00. J\u00e1 as provas ser\u00e3o aplicadas em 8 de mar\u00e7o.<\/li>\n<\/ul>\n\n\n\n<ul class=\"wp-block-list\">\n<li><strong><a href=\"https:\/\/www.estrategiaconcursos.com.br\/blog\/concurso-camara-dos-deputados\/\" target=\"_blank\" rel=\"noreferrer noopener\">C\u00e2mara dos Deputados<\/a><\/strong>: Mais um passo foi dado para realiza\u00e7\u00e3o do novo concurso C\u00e2mara dos Deputados. Isso porque o <strong>contrato que oficializa o Cebraspe<\/strong> como a banca organizadora foi assinado. Al\u00e9m disso, a p\u00e1gina oficial do certame foi publicada no site da C\u00e2mara. Ser\u00e3o ofertadas vagas imediatas e em cadastro de reserva, distribu\u00eddas em diferentes especialidades dos cargos de T\u00e9cnico e Analista Legislativo. As carreiras exigem n\u00edvel superior, com sal\u00e1rios de R$ 19.616,98 a R$ 29.462,78.<\/li>\n<\/ul>\n\n\n\n<ul class=\"wp-block-list\">\n<li><strong><a href=\"https:\/\/www.estrategiaconcursos.com.br\/blog\/concurso-tj-rs\/\" target=\"_blank\" rel=\"noreferrer noopener\">TJ RS:<\/a> <\/strong>O Tribunal de Justi\u00e7a do Rio Grande do Sul (TJ RS)<strong> formou comiss\u00e3o<\/strong> para a realiza\u00e7\u00e3o de um novo concurso p\u00fablico. O pr\u00f3ximo edital ofertar\u00e1 vagas para o cargo de Analista do Poder Judici\u00e1rio \u2013 \u00c1rea de Apoio Especializado, contemplando as \u00e1reas de Arquitetura, Engenharia Civil, Engenharia El\u00e9trica, Engenharia Mec\u00e2nica, Jornalismo, Publicidade e Propaganda, Rela\u00e7\u00f5es P\u00fablicas, Pedagogia, Psicologia e Servi\u00e7o Social.<\/li>\n<\/ul>\n\n\n\n<ul class=\"wp-block-list\">\n<li><strong><a href=\"https:\/\/www.estrategiaconcursos.com.br\/blog\/concurso-sefa-pa\/\" target=\"_blank\" rel=\"noreferrer noopener\">SEFA PA<\/a>:<\/strong> Foi <strong>publicado o edital<\/strong> do concurso da Secretaria da Fazenda do Estado do Par\u00e1 (SEFA PA) com um total de 642 vagas (286 imediatas e 356 para cadastro de reserva) para cargos de n\u00edvel superior. J\u00e1 os sal\u00e1rios iniciais s\u00e3o de at\u00e9 R$ 16.659,63, acrescido de vantagens previstas em lei, o que pode aumentar muito mais os valores oferecidos. Lembrando que as oportunidades contempladas no edital s\u00e3o para as carreiras de Administra\u00e7\u00e3o Tribut\u00e1ria, Fazend\u00e1ria e Financeira (Auditor, Analista e Fiscal). Os interessados em participar devem se inscrever entre os dias 13 de janeiro e 13 de fevereiro de 2026, por meio do site da banca organizadora, a Fadesp.<\/li>\n<\/ul>\n\n\n\n<ul class=\"wp-block-list\">\n<li><strong><a href=\"https:\/\/www.estrategiaconcursos.com.br\/blog\/concurso-sema-mt\/\" target=\"_blank\" rel=\"noreferrer noopener\">SEMA MT<\/a><\/strong>: O concurso p\u00fablico da SEMA MT (Secretaria de Meio Ambiente de Mato Grosso) est\u00e1 quent\u00edssimo no radar! Isso porque a Funda\u00e7\u00e3o Cesgranrio foi <strong>definida como banca organizadora<\/strong>. Ser\u00e3o ofertadas 150 vagas para o cargo de Analista do Meio Ambiente, que exige n\u00edvel superior e tem sal\u00e1rio inicial de R$ 9.954,43, podendo chegar a R$ 27.495,32 ao fim da carreira. Conv\u00e9m lembrar que o certame estava em fase de escolha da banca e, segundo informa\u00e7\u00f5es exclusivas do jornalismo do Estrat\u00e9gia, as propostas das empresas estavam em an\u00e1lise (etapa conclu\u00edda com a contrata\u00e7\u00e3o da empresa).<\/li>\n<\/ul>\n\n\n\n<ul class=\"wp-block-list\">\n<li><strong><a href=\"https:\/\/www.estrategiaconcursos.com.br\/blog\/concurso-sefaz-rr\/\" target=\"_blank\" rel=\"noreferrer noopener\">SEFAZ RR<\/a>: <\/strong>Temos \u00f3timas not\u00edcias para aqueles que aguardam por mais oportunidades no Norte do pa\u00eds, especificamente na \u00e1rea fiscal!\u00a0O governado anunciou que ir\u00e1 <strong>autorizar um novo\u00a0concurso<\/strong> Sefaz RR. A confirma\u00e7\u00e3o do governador Antonio Denarium ocorreu durante a posse dos 20 novos Auditores Fiscais de Tributos, que integram a segunda e \u00faltima turma de aprovados no \u00faltimo certame, realizado em 2021. De acordo com o \u00f3rg\u00e3o, a cerim\u00f4nia ocorreu na \u00faltima segunda-feira, 22, no Sal\u00e3o Nobre do Pal\u00e1cio Senador H\u00e9lio Campos.<\/li>\n<\/ul>\n\n\n\n<ul class=\"wp-block-list\">\n<li><strong><a href=\"https:\/\/www.estrategiaconcursos.com.br\/blog\/concurso-cge-al\/\" target=\"_blank\" rel=\"noreferrer noopener\">CGE AL<\/a>:<\/strong> A <strong>comiss\u00e3o organizadora <\/strong>do concurso p\u00fablico da Controladoria Geral do Alagoas (CGE AL) para o cargo de Analista de Controle Interno est\u00e1 formada! A informa\u00e7\u00e3o consta em publica\u00e7\u00e3o no Di\u00e1rio Oficial Estado de Alagoas. De acordo com an\u00fancio do governador Paulo Dantas, a Controladoria contar\u00e1 com cinco vagas imediatas e cinco destinadas \u00e0 forma\u00e7\u00e3o de cadastro de reserva para o cargo de Analista de Controle Interno. A contrata\u00e7\u00e3o da banca organizadora j\u00e1 est\u00e1 em andamento e, segundo o governador, as provas est\u00e3o previstas para ocorrer em 2026.<\/li>\n<\/ul>\n\n\n\n<ul class=\"wp-block-list\">\n<li><strong><a href=\"https:\/\/www.estrategiaconcursos.com.br\/blog\/concurso-tce-sc\/\" target=\"_blank\" rel=\"noreferrer noopener\">TCE SC<\/a>: <\/strong>A Funda\u00e7\u00e3o Get\u00falio Vargas (FGV) foi <strong>definida como banca<\/strong> do novo concurso TCE SC (Tribunal de Contas do Estado de Santa Catarina). Ser\u00e3o ofertadas 20 vagas imediatas e forma\u00e7\u00e3o de cadastro reserva, para a fun\u00e7\u00e3o de Auditor de Controle Externo, que exige n\u00edvel superior e oferece sal\u00e1rio inicial de R$ 18,9 mil.<\/li>\n<\/ul>\n\n\n\n<p>Espero que tenham gostado da Carta aos Assinantes. Desejo a todos uma excelente semana de estudos!<\/p>\n\n\n\n<p>Abra\u00e7os,<\/p>\n\n\n\n<p><strong>Prof. Diego Cerqueira<\/strong><\/p>\n","protected":false},"excerpt":{"rendered":"<p>Confira, em nossa ducent\u00e9sima septuag\u00e9sima carta aos assinantes, a nossa programa\u00e7\u00e3o semanal, as novidades do nosso Sistema de Quest\u00f5es e as principais movimenta\u00e7\u00f5es de concursos. Ol\u00e1, pessoal. Tudo bem? Aqui \u00e9 o&nbsp;Prof. Diego Cerqueira&nbsp;em nossa ducent\u00e9sima septuag\u00e9sima Carta aos Assinantes do Estrat\u00e9gia Concursos. Preparados para garantir a t\u00e3o sonhada estabilidade em 2026? O pr\u00f3ximo ano [&hellip;]<\/p>\n","protected":false},"author":1789,"featured_media":1058143,"comment_status":"open","ping_status":"closed","sticky":false,"template":"","format":"standard","meta":{"post_tipo":"article","footnotes":""},"categories":[1,220219],"tags":[],"tax_estado":[219963],"class_list":["post-1687646","post","type-post","status-publish","format-standard","has-post-thumbnail","hentry","category-cursos-e-concursos","category-noticias","tax_estado-concursos-federais"],"acf":[],"yoast_head":"<!-- This site is optimized with the Yoast SEO Premium plugin v27.2 (Yoast SEO v27.2) - https:\/\/yoast.com\/product\/yoast-seo-premium-wordpress\/ -->\n<title>Carta aos Assinantes do Estrat\u00e9gia Concursos - 270<\/title>\n<meta name=\"description\" content=\"Confira em nossa 270\u00aa carta aos assinantes as novidades do nosso SQ e principais movimenta\u00e7\u00f5es de concursos.\" \/>\n<meta name=\"robots\" content=\"index, follow, max-snippet:-1, max-image-preview:large, max-video-preview:-1\" \/>\n<link rel=\"canonical\" href=\"https:\/\/www.estrategiaconcursos.com.br\/blog\/carta-aos-assinantes-270\/\" \/>\n<meta property=\"og:locale\" content=\"pt_BR\" \/>\n<meta property=\"og:type\" content=\"article\" \/>\n<meta property=\"og:title\" content=\"Carta aos Assinantes do Estrat\u00e9gia Concursos - 270\" \/>\n<meta property=\"og:description\" content=\"Confira em nossa 270\u00aa carta aos assinantes as novidades do nosso SQ e principais movimenta\u00e7\u00f5es de concursos.\" \/>\n<meta property=\"og:url\" content=\"https:\/\/www.estrategiaconcursos.com.br\/blog\/carta-aos-assinantes-270\/\" \/>\n<meta property=\"og:site_name\" content=\"Estrat\u00e9gia Concursos\" \/>\n<meta property=\"article:published_time\" content=\"2025-12-29T12:00:00+00:00\" \/>\n<meta property=\"article:modified_time\" content=\"2026-01-05T14:52:17+00:00\" \/>\n<meta property=\"og:image\" content=\"https:\/\/dhg1h5j42swfq.cloudfront.net\/2022\/07\/08165823\/imagem-carta-aos-assinantes-1.png\" \/>\n\t<meta property=\"og:image:width\" content=\"800\" \/>\n\t<meta property=\"og:image:height\" content=\"450\" \/>\n\t<meta property=\"og:image:type\" content=\"image\/png\" \/>\n<meta name=\"author\" content=\"Coordena\u00e7\u00e3o Estrat\u00e9gia\" \/>\n<meta name=\"twitter:card\" content=\"summary_large_image\" \/>\n<meta name=\"twitter:creator\" content=\"@EstratConcursos\" \/>\n<meta name=\"twitter:site\" content=\"@EstratConcursos\" \/>\n<meta name=\"twitter:label1\" content=\"Escrito por\" \/>\n\t<meta name=\"twitter:data1\" content=\"Coordena\u00e7\u00e3o Estrat\u00e9gia\" \/>\n\t<meta name=\"twitter:label2\" content=\"Est. tempo de leitura\" \/>\n\t<meta name=\"twitter:data2\" content=\"5 minutos\" \/>\n<script type=\"application\/ld+json\" class=\"yoast-schema-graph\">{\"@context\":\"https:\/\/schema.org\",\"@graph\":[{\"@type\":\"NewsArticle\",\"@id\":\"https:\/\/www.estrategiaconcursos.com.br\/blog\/carta-aos-assinantes-270\/#article\",\"isPartOf\":{\"@id\":\"https:\/\/www.estrategiaconcursos.com.br\/blog\/carta-aos-assinantes-270\/\"},\"author\":{\"name\":\"Coordena\u00e7\u00e3o Estrat\u00e9gia\",\"@id\":\"https:\/\/www.estrategiaconcursos.com.br\/blog\/#\/schema\/person\/ba5fab3b1fa4a358429e37bc50f74021\"},\"headline\":\"Carta aos Assinantes do Estrat\u00e9gia Concursos &#8211; 270\",\"datePublished\":\"2025-12-29T12:00:00+00:00\",\"dateModified\":\"2026-01-05T14:52:17+00:00\",\"mainEntityOfPage\":{\"@id\":\"https:\/\/www.estrategiaconcursos.com.br\/blog\/carta-aos-assinantes-270\/\"},\"wordCount\":1048,\"commentCount\":0,\"publisher\":{\"@id\":\"https:\/\/www.estrategiaconcursos.com.br\/blog\/#organization\"},\"image\":{\"@id\":\"https:\/\/www.estrategiaconcursos.com.br\/blog\/carta-aos-assinantes-270\/#primaryimage\"},\"thumbnailUrl\":\"https:\/\/dhg1h5j42swfq.cloudfront.net\/2022\/07\/08165823\/imagem-carta-aos-assinantes-1.png\",\"articleSection\":[\"Concursos P\u00fablicos\",\"\u00daltimas not\u00edcias\"],\"inLanguage\":\"pt-BR\",\"potentialAction\":[{\"@type\":\"CommentAction\",\"name\":\"Comment\",\"target\":[\"https:\/\/www.estrategiaconcursos.com.br\/blog\/carta-aos-assinantes-270\/#respond\"]}],\"copyrightYear\":\"2025\",\"copyrightHolder\":{\"@id\":\"https:\/\/www.estrategiaconcursos.com.br\/blog\/#organization\"}},{\"@type\":\"WebPage\",\"@id\":\"https:\/\/www.estrategiaconcursos.com.br\/blog\/carta-aos-assinantes-270\/\",\"url\":\"https:\/\/www.estrategiaconcursos.com.br\/blog\/carta-aos-assinantes-270\/\",\"name\":\"Carta aos Assinantes do Estrat\u00e9gia Concursos - 270\",\"isPartOf\":{\"@id\":\"https:\/\/www.estrategiaconcursos.com.br\/blog\/#website\"},\"primaryImageOfPage\":{\"@id\":\"https:\/\/www.estrategiaconcursos.com.br\/blog\/carta-aos-assinantes-270\/#primaryimage\"},\"image\":{\"@id\":\"https:\/\/www.estrategiaconcursos.com.br\/blog\/carta-aos-assinantes-270\/#primaryimage\"},\"thumbnailUrl\":\"https:\/\/dhg1h5j42swfq.cloudfront.net\/2022\/07\/08165823\/imagem-carta-aos-assinantes-1.png\",\"datePublished\":\"2025-12-29T12:00:00+00:00\",\"dateModified\":\"2026-01-05T14:52:17+00:00\",\"description\":\"Confira em nossa 270\u00aa carta aos assinantes as novidades do nosso SQ e principais movimenta\u00e7\u00f5es de concursos.\",\"breadcrumb\":{\"@id\":\"https:\/\/www.estrategiaconcursos.com.br\/blog\/carta-aos-assinantes-270\/#breadcrumb\"},\"inLanguage\":\"pt-BR\",\"potentialAction\":[{\"@type\":\"ReadAction\",\"target\":[\"https:\/\/www.estrategiaconcursos.com.br\/blog\/carta-aos-assinantes-270\/\"]}]},{\"@type\":\"ImageObject\",\"inLanguage\":\"pt-BR\",\"@id\":\"https:\/\/www.estrategiaconcursos.com.br\/blog\/carta-aos-assinantes-270\/#primaryimage\",\"url\":\"https:\/\/dhg1h5j42swfq.cloudfront.net\/2022\/07\/08165823\/imagem-carta-aos-assinantes-1.png\",\"contentUrl\":\"https:\/\/dhg1h5j42swfq.cloudfront.net\/2022\/07\/08165823\/imagem-carta-aos-assinantes-1.png\",\"width\":800,\"height\":450,\"caption\":\"Carta aos Assinantes\"},{\"@type\":\"BreadcrumbList\",\"@id\":\"https:\/\/www.estrategiaconcursos.com.br\/blog\/carta-aos-assinantes-270\/#breadcrumb\",\"itemListElement\":[{\"@type\":\"ListItem\",\"position\":1,\"name\":\"In\u00edcio\",\"item\":\"https:\/\/www.estrategiaconcursos.com.br\/blog\/\"},{\"@type\":\"ListItem\",\"position\":2,\"name\":\"Carta aos Assinantes do Estrat\u00e9gia Concursos &#8211; 270\"}]},{\"@type\":\"WebSite\",\"@id\":\"https:\/\/www.estrategiaconcursos.com.br\/blog\/#website\",\"url\":\"https:\/\/www.estrategiaconcursos.com.br\/blog\/\",\"name\":\"Estrat\u00e9gia Concursos\",\"description\":\"O blog da Estrat\u00e9gia Concursos traz not\u00edcias sobre concursos e artigos de professores oferecendo cursos para concursos (pdf + videaulas) no site.\",\"publisher\":{\"@id\":\"https:\/\/www.estrategiaconcursos.com.br\/blog\/#organization\"},\"potentialAction\":[{\"@type\":\"SearchAction\",\"target\":{\"@type\":\"EntryPoint\",\"urlTemplate\":\"https:\/\/www.estrategiaconcursos.com.br\/blog\/?s={search_term_string}\"},\"query-input\":{\"@type\":\"PropertyValueSpecification\",\"valueRequired\":true,\"valueName\":\"search_term_string\"}}],\"inLanguage\":\"pt-BR\"},{\"@type\":\"Organization\",\"@id\":\"https:\/\/www.estrategiaconcursos.com.br\/blog\/#organization\",\"name\":\"Estrat\u00e9gia Concursos\",\"url\":\"https:\/\/www.estrategiaconcursos.com.br\/blog\/\",\"logo\":{\"@type\":\"ImageObject\",\"inLanguage\":\"pt-BR\",\"@id\":\"https:\/\/www.estrategiaconcursos.com.br\/blog\/#\/schema\/logo\/image\/\",\"url\":\"https:\/\/dhg1h5j42swfq.cloudfront.net\/2025\/06\/03203428\/logo_concursos-1.jpg\",\"contentUrl\":\"https:\/\/dhg1h5j42swfq.cloudfront.net\/2025\/06\/03203428\/logo_concursos-1.jpg\",\"width\":230,\"height\":60,\"caption\":\"Estrat\u00e9gia Concursos\"},\"image\":{\"@id\":\"https:\/\/www.estrategiaconcursos.com.br\/blog\/#\/schema\/logo\/image\/\"},\"sameAs\":[\"https:\/\/x.com\/EstratConcursos\"]},{\"@type\":\"Person\",\"@id\":\"https:\/\/www.estrategiaconcursos.com.br\/blog\/#\/schema\/person\/ba5fab3b1fa4a358429e37bc50f74021\",\"name\":\"Coordena\u00e7\u00e3o Estrat\u00e9gia\",\"image\":{\"@type\":\"ImageObject\",\"inLanguage\":\"pt-BR\",\"@id\":\"https:\/\/secure.gravatar.com\/avatar\/adff33ff18541ba37c900dd2b1e82dbfb0fe33d873b92636b4827a8da462feb3?s=96&d=mm&r=g\",\"url\":\"https:\/\/secure.gravatar.com\/avatar\/adff33ff18541ba37c900dd2b1e82dbfb0fe33d873b92636b4827a8da462feb3?s=96&d=mm&r=g\",\"contentUrl\":\"https:\/\/secure.gravatar.com\/avatar\/adff33ff18541ba37c900dd2b1e82dbfb0fe33d873b92636b4827a8da462feb3?s=96&d=mm&r=g\",\"caption\":\"Coordena\u00e7\u00e3o Estrat\u00e9gia\"},\"url\":\"https:\/\/www.estrategiaconcursos.com.br\/blog\/author\/victor-tanakaaestrategiaconcursos-com-br\/\"}]}<\/script>\n<!-- \/ Yoast SEO Premium plugin. -->","yoast_head_json":{"title":"Carta aos Assinantes do Estrat\u00e9gia Concursos - 270","description":"Confira em nossa 270\u00aa carta aos assinantes as novidades do nosso SQ e principais movimenta\u00e7\u00f5es de concursos.","robots":{"index":"index","follow":"follow","max-snippet":"max-snippet:-1","max-image-preview":"max-image-preview:large","max-video-preview":"max-video-preview:-1"},"canonical":"https:\/\/www.estrategiaconcursos.com.br\/blog\/carta-aos-assinantes-270\/","og_locale":"pt_BR","og_type":"article","og_title":"Carta aos Assinantes do Estrat\u00e9gia Concursos - 270","og_description":"Confira em nossa 270\u00aa carta aos assinantes as novidades do nosso SQ e principais movimenta\u00e7\u00f5es de concursos.","og_url":"https:\/\/www.estrategiaconcursos.com.br\/blog\/carta-aos-assinantes-270\/","og_site_name":"Estrat\u00e9gia Concursos","article_published_time":"2025-12-29T12:00:00+00:00","article_modified_time":"2026-01-05T14:52:17+00:00","og_image":[{"width":800,"height":450,"url":"https:\/\/dhg1h5j42swfq.cloudfront.net\/2022\/07\/08165823\/imagem-carta-aos-assinantes-1.png","type":"image\/png"}],"author":"Coordena\u00e7\u00e3o Estrat\u00e9gia","twitter_card":"summary_large_image","twitter_creator":"@EstratConcursos","twitter_site":"@EstratConcursos","twitter_misc":{"Escrito por":"Coordena\u00e7\u00e3o Estrat\u00e9gia","Est. tempo de leitura":"5 minutos"},"schema":{"@context":"https:\/\/schema.org","@graph":[{"@type":"NewsArticle","@id":"https:\/\/www.estrategiaconcursos.com.br\/blog\/carta-aos-assinantes-270\/#article","isPartOf":{"@id":"https:\/\/www.estrategiaconcursos.com.br\/blog\/carta-aos-assinantes-270\/"},"author":{"name":"Coordena\u00e7\u00e3o Estrat\u00e9gia","@id":"https:\/\/www.estrategiaconcursos.com.br\/blog\/#\/schema\/person\/ba5fab3b1fa4a358429e37bc50f74021"},"headline":"Carta aos Assinantes do Estrat\u00e9gia Concursos &#8211; 270","datePublished":"2025-12-29T12:00:00+00:00","dateModified":"2026-01-05T14:52:17+00:00","mainEntityOfPage":{"@id":"https:\/\/www.estrategiaconcursos.com.br\/blog\/carta-aos-assinantes-270\/"},"wordCount":1048,"commentCount":0,"publisher":{"@id":"https:\/\/www.estrategiaconcursos.com.br\/blog\/#organization"},"image":{"@id":"https:\/\/www.estrategiaconcursos.com.br\/blog\/carta-aos-assinantes-270\/#primaryimage"},"thumbnailUrl":"https:\/\/dhg1h5j42swfq.cloudfront.net\/2022\/07\/08165823\/imagem-carta-aos-assinantes-1.png","articleSection":["Concursos P\u00fablicos","\u00daltimas not\u00edcias"],"inLanguage":"pt-BR","potentialAction":[{"@type":"CommentAction","name":"Comment","target":["https:\/\/www.estrategiaconcursos.com.br\/blog\/carta-aos-assinantes-270\/#respond"]}],"copyrightYear":"2025","copyrightHolder":{"@id":"https:\/\/www.estrategiaconcursos.com.br\/blog\/#organization"}},{"@type":"WebPage","@id":"https:\/\/www.estrategiaconcursos.com.br\/blog\/carta-aos-assinantes-270\/","url":"https:\/\/www.estrategiaconcursos.com.br\/blog\/carta-aos-assinantes-270\/","name":"Carta aos Assinantes do Estrat\u00e9gia Concursos - 270","isPartOf":{"@id":"https:\/\/www.estrategiaconcursos.com.br\/blog\/#website"},"primaryImageOfPage":{"@id":"https:\/\/www.estrategiaconcursos.com.br\/blog\/carta-aos-assinantes-270\/#primaryimage"},"image":{"@id":"https:\/\/www.estrategiaconcursos.com.br\/blog\/carta-aos-assinantes-270\/#primaryimage"},"thumbnailUrl":"https:\/\/dhg1h5j42swfq.cloudfront.net\/2022\/07\/08165823\/imagem-carta-aos-assinantes-1.png","datePublished":"2025-12-29T12:00:00+00:00","dateModified":"2026-01-05T14:52:17+00:00","description":"Confira em nossa 270\u00aa carta aos assinantes as novidades do nosso SQ e principais movimenta\u00e7\u00f5es de concursos.","breadcrumb":{"@id":"https:\/\/www.estrategiaconcursos.com.br\/blog\/carta-aos-assinantes-270\/#breadcrumb"},"inLanguage":"pt-BR","potentialAction":[{"@type":"ReadAction","target":["https:\/\/www.estrategiaconcursos.com.br\/blog\/carta-aos-assinantes-270\/"]}]},{"@type":"ImageObject","inLanguage":"pt-BR","@id":"https:\/\/www.estrategiaconcursos.com.br\/blog\/carta-aos-assinantes-270\/#primaryimage","url":"https:\/\/dhg1h5j42swfq.cloudfront.net\/2022\/07\/08165823\/imagem-carta-aos-assinantes-1.png","contentUrl":"https:\/\/dhg1h5j42swfq.cloudfront.net\/2022\/07\/08165823\/imagem-carta-aos-assinantes-1.png","width":800,"height":450,"caption":"Carta aos Assinantes"},{"@type":"BreadcrumbList","@id":"https:\/\/www.estrategiaconcursos.com.br\/blog\/carta-aos-assinantes-270\/#breadcrumb","itemListElement":[{"@type":"ListItem","position":1,"name":"In\u00edcio","item":"https:\/\/www.estrategiaconcursos.com.br\/blog\/"},{"@type":"ListItem","position":2,"name":"Carta aos Assinantes do Estrat\u00e9gia Concursos &#8211; 270"}]},{"@type":"WebSite","@id":"https:\/\/www.estrategiaconcursos.com.br\/blog\/#website","url":"https:\/\/www.estrategiaconcursos.com.br\/blog\/","name":"Estrat\u00e9gia Concursos","description":"O blog da Estrat\u00e9gia Concursos traz not\u00edcias sobre concursos e artigos de professores oferecendo cursos para concursos (pdf + videaulas) no site.","publisher":{"@id":"https:\/\/www.estrategiaconcursos.com.br\/blog\/#organization"},"potentialAction":[{"@type":"SearchAction","target":{"@type":"EntryPoint","urlTemplate":"https:\/\/www.estrategiaconcursos.com.br\/blog\/?s={search_term_string}"},"query-input":{"@type":"PropertyValueSpecification","valueRequired":true,"valueName":"search_term_string"}}],"inLanguage":"pt-BR"},{"@type":"Organization","@id":"https:\/\/www.estrategiaconcursos.com.br\/blog\/#organization","name":"Estrat\u00e9gia Concursos","url":"https:\/\/www.estrategiaconcursos.com.br\/blog\/","logo":{"@type":"ImageObject","inLanguage":"pt-BR","@id":"https:\/\/www.estrategiaconcursos.com.br\/blog\/#\/schema\/logo\/image\/","url":"https:\/\/dhg1h5j42swfq.cloudfront.net\/2025\/06\/03203428\/logo_concursos-1.jpg","contentUrl":"https:\/\/dhg1h5j42swfq.cloudfront.net\/2025\/06\/03203428\/logo_concursos-1.jpg","width":230,"height":60,"caption":"Estrat\u00e9gia Concursos"},"image":{"@id":"https:\/\/www.estrategiaconcursos.com.br\/blog\/#\/schema\/logo\/image\/"},"sameAs":["https:\/\/x.com\/EstratConcursos"]},{"@type":"Person","@id":"https:\/\/www.estrategiaconcursos.com.br\/blog\/#\/schema\/person\/ba5fab3b1fa4a358429e37bc50f74021","name":"Coordena\u00e7\u00e3o Estrat\u00e9gia","image":{"@type":"ImageObject","inLanguage":"pt-BR","@id":"https:\/\/secure.gravatar.com\/avatar\/adff33ff18541ba37c900dd2b1e82dbfb0fe33d873b92636b4827a8da462feb3?s=96&d=mm&r=g","url":"https:\/\/secure.gravatar.com\/avatar\/adff33ff18541ba37c900dd2b1e82dbfb0fe33d873b92636b4827a8da462feb3?s=96&d=mm&r=g","contentUrl":"https:\/\/secure.gravatar.com\/avatar\/adff33ff18541ba37c900dd2b1e82dbfb0fe33d873b92636b4827a8da462feb3?s=96&d=mm&r=g","caption":"Coordena\u00e7\u00e3o Estrat\u00e9gia"},"url":"https:\/\/www.estrategiaconcursos.com.br\/blog\/author\/victor-tanakaaestrategiaconcursos-com-br\/"}]}},"_links":{"self":[{"href":"https:\/\/www.estrategiaconcursos.com.br\/blog\/wp-json\/wp\/v2\/posts\/1687646","targetHints":{"allow":["GET"]}}],"collection":[{"href":"https:\/\/www.estrategiaconcursos.com.br\/blog\/wp-json\/wp\/v2\/posts"}],"about":[{"href":"https:\/\/www.estrategiaconcursos.com.br\/blog\/wp-json\/wp\/v2\/types\/post"}],"author":[{"embeddable":true,"href":"https:\/\/www.estrategiaconcursos.com.br\/blog\/wp-json\/wp\/v2\/users\/1789"}],"replies":[{"embeddable":true,"href":"https:\/\/www.estrategiaconcursos.com.br\/blog\/wp-json\/wp\/v2\/comments?post=1687646"}],"version-history":[{"count":11,"href":"https:\/\/www.estrategiaconcursos.com.br\/blog\/wp-json\/wp\/v2\/posts\/1687646\/revisions"}],"predecessor-version":[{"id":1690727,"href":"https:\/\/www.estrategiaconcursos.com.br\/blog\/wp-json\/wp\/v2\/posts\/1687646\/revisions\/1690727"}],"wp:featuredmedia":[{"embeddable":true,"href":"https:\/\/www.estrategiaconcursos.com.br\/blog\/wp-json\/wp\/v2\/media\/1058143"}],"wp:attachment":[{"href":"https:\/\/www.estrategiaconcursos.com.br\/blog\/wp-json\/wp\/v2\/media?parent=1687646"}],"wp:term":[{"taxonomy":"category","embeddable":true,"href":"https:\/\/www.estrategiaconcursos.com.br\/blog\/wp-json\/wp\/v2\/categories?post=1687646"},{"taxonomy":"post_tag","embeddable":true,"href":"https:\/\/www.estrategiaconcursos.com.br\/blog\/wp-json\/wp\/v2\/tags?post=1687646"},{"taxonomy":"tax_estado","embeddable":true,"href":"https:\/\/www.estrategiaconcursos.com.br\/blog\/wp-json\/wp\/v2\/tax_estado?post=1687646"}],"curies":[{"name":"wp","href":"https:\/\/api.w.org\/{rel}","templated":true}]}}