{"id":1686924,"date":"2026-01-13T11:07:00","date_gmt":"2026-01-13T14:07:00","guid":{"rendered":"https:\/\/www.estrategiaconcursos.com.br\/blog\/?p=1686924"},"modified":"2026-01-04T10:48:43","modified_gmt":"2026-01-04T13:48:43","slug":"teorias-administracao-sefaz-sp","status":"publish","type":"post","link":"https:\/\/www.estrategiaconcursos.com.br\/blog\/teorias-administracao-sefaz-sp\/","title":{"rendered":"Teorias da Administra\u00e7\u00e3o para Sefaz-SP"},"content":{"rendered":"\n<p>Ol\u00e1, turma! Seguindo nossa jornada rumo ao cargo de Auditor Fiscal, vamos rever os conceitos das Teorias da Administra\u00e7\u00e3o para <a href=\"https:\/\/doe.sp.gov.br\/executivo\/secretaria-da-fazenda-e-planejamento\/edital-n-02-2025-de-26-de-novembro-de-2025-2025112613252161491360\" target=\"_blank\" rel=\"noreferrer noopener\">Sefaz-SP<\/a>!<\/p>\n\n\n\n<p>Esse \u00e9 um tema cl\u00e1ssico das provas de Administra\u00e7\u00e3o Geral e com quase todas as formas de cobran\u00e7a j\u00e1 exploradas em concurso anteriores, ent\u00e3o, a recomenda\u00e7\u00e3o \u00e9: revisar rapidamente o conte\u00fado e partir para resolu\u00e7\u00e3o de exerc\u00edcios.<\/p>\n\n\n\n<p>Neste artigo, vamos focar nos temas mais cobradas em provas:<\/p>\n\n\n\n<ul class=\"wp-block-list\">\n<li>Administra\u00e7\u00e3o Cient\u00edfica<\/li>\n\n\n\n<li>Teoria Cl\u00e1ssica<\/li>\n\n\n\n<li>Teoria Burocr\u00e1tica<\/li>\n\n\n\n<li>Teoria dos Sistemas<\/li>\n<\/ul>\n\n\n\n<p>Aos estudos!<\/p>\n\n\n\n<h2 class=\"wp-block-heading\" id=\"h-teorias-da-administracao-para-sefaz-sp-administracao-cientifica\">Teorias da Administra\u00e7\u00e3o para Sefaz-SP: Administra\u00e7\u00e3o Cient\u00edfica<\/h2>\n\n\n\n<p>Essa \u00e9 a teoria que alimenta a famosa s\u00e1tira de Charlie Chaplin em Tempos Modernos, vejamos o trecho abaixo para compreender:<\/p>\n\n\n<figure class=\"wp-block-embed-youtube wp-block-embed is-type-video is-provider-youtube wp-embed-aspect-16-9 wp-has-aspect-ratio\"><div class=\"lyte-wrapper\" style=\"width:853px;max-width:100%;margin:5px;\"><div class=\"lyMe\" id=\"WYL_6n9ESFJTnHs\"><div id=\"lyte_6n9ESFJTnHs\" data-src=\"\/\/i.ytimg.com\/vi\/6n9ESFJTnHs\/hqdefault.jpg\" class=\"pL\"><div class=\"tC\"><div class=\"tT\"><\/div><\/div><div class=\"play\"><\/div><div class=\"ctrl\"><div class=\"Lctrl\"><\/div><div class=\"Rctrl\"><\/div><\/div><\/div><noscript><a href=\"https:\/\/youtu.be\/6n9ESFJTnHs\" rel=\"nofollow\"><img loading=\"lazy\" decoding=\"async\" src=\"https:\/\/i.ytimg.com\/vi\/6n9ESFJTnHs\/0.jpg\" alt=\"YouTube video thumbnail\" width=\"853\" height=\"460\" \/><br \/>Assista a este v\u00eddeo no YouTube<\/a><\/noscript><\/div><\/div><div class=\"lL\" style=\"max-width:100%;width:853px;margin:5px;\"><\/div><figcaption><\/figcaption><\/figure>\n\n\n<p><strong>Frederik Taylor, buscando reduzir desperd\u00edcios e aumentar a produtividade<\/strong>, desenvolveu a Administra\u00e7\u00e3o Cient\u00edfica.<\/p>\n\n\n\n<p>Por meio do <strong>estudo de tempos e movimentos <\/strong>no \u201cch\u00e3o de f\u00e1brica\u201d, Taylor defendeu que a <strong>padroniza\u00e7\u00e3o dos processos<\/strong>, elimina\u00e7\u00e3o de movimentos in\u00fateis e a <strong>especializa\u00e7\u00e3o da m\u00e3o-de-obra<\/strong>, geraria um melhor resultado para a companhia.<\/p>\n\n\n\n<p>Os principais atributos relacionados \u00e0 Teoria Cient\u00edfica s\u00e3o:<\/p>\n\n\n\n<ul class=\"wp-block-list\">\n<li><strong>pr\u00eamios por produtividade:<\/strong> a remunera\u00e7\u00e3o n\u00e3o deveria ser relacionado ao tempo trabalho, mas sim, no resultado individual de cada oper\u00e1rio;<\/li>\n\n\n\n<li><strong>padroniza\u00e7\u00e3o de m\u00e1quinas e processos:<\/strong> todos deveriam realizar o mesmo processo da mesma forma;<\/li>\n\n\n\n<li><strong>controle do ambiente: <\/strong>n\u00edveis adequados de temperatura, ilumina\u00e7\u00e3o e conforto no local de trabalho para reduzir a fadiga e aumentar a produtividade.<\/li>\n<\/ul>\n\n\n\n<p>Como cr\u00edticas \u00e0 Administra\u00e7\u00e3o Cient\u00edfica, tem-se:<\/p>\n\n\n\n<ul class=\"wp-block-list\">\n<li><strong>limita\u00e7\u00e3o da aplica\u00e7\u00e3o:<\/strong> foi desenvolvida para aplica\u00e7\u00e3o restrita \u00e0 opera\u00e7\u00e3o fabril, sem muita aplicabilidade em outras \u00e1reas da organiza\u00e7\u00e3o;<\/li>\n\n\n\n<li><strong>Aliena\u00e7\u00e3o do profissional:<\/strong> o profissional \u00e9 tratado como \u201cm\u00e1quina\u201d, executando trabalhos repetitivos e sem a \u201cvis\u00e3o do todo\u201d;<\/li>\n\n\n\n<li><strong>Falta de comprova\u00e7\u00e3o cient\u00edfica:<\/strong> talvez a principal pegadinha sobre esse tema em provas, a Teoria Cient\u00edfica n\u00e3o tem respaldo em estudos conduzidos por m\u00e9todos cient\u00edficos.<\/li>\n<\/ul>\n\n\n\n<h2 class=\"wp-block-heading\" id=\"h-teoria-classica-da-administracao\">Teoria Cl\u00e1ssica da Administra\u00e7\u00e3o<\/h2>\n\n\n\n<p>Desenvolvida por Henry Fayol, se distingue da vis\u00e3o Cient\u00edfica por ter <strong>foco na estrutura organizacional<\/strong>.<\/p>\n\n\n\n<p>As fun\u00e7\u00f5es b\u00e1sicas da administra\u00e7\u00e3o foram divididas em seis: administrativas, comerciais, t\u00e9cnicas, cont\u00e1beis, de seguran\u00e7a e financeiras.<\/p>\n\n\n\n<figure class=\"wp-block-gallery has-nested-images columns-default is-cropped wp-block-gallery-1 is-layout-flex wp-block-gallery-is-layout-flex\">\n<figure class=\"wp-block-image size-large\"><img loading=\"lazy\" decoding=\"async\" width=\"1024\" height=\"524\" data-id=\"1686929\" src=\"https:\/\/dhg1h5j42swfq.cloudfront.net\/2025\/12\/16174809\/funcoes-da-organizacao-1-1024x524.png\" alt=\"Teorias da Administra\u00e7\u00e3o para Sefaz-SP - fun\u00e7\u00f5es administrativas\" class=\"wp-image-1686929\" srcset=\"https:\/\/dhg1h5j42swfq.cloudfront.net\/2025\/12\/16174809\/funcoes-da-organizacao-1-1024x524.png 1024w, https:\/\/dhg1h5j42swfq.cloudfront.net\/2025\/12\/16174809\/funcoes-da-organizacao-1-300x154.png 300w, https:\/\/dhg1h5j42swfq.cloudfront.net\/2025\/12\/16174809\/funcoes-da-organizacao-1-768x393.png 768w, https:\/\/dhg1h5j42swfq.cloudfront.net\/2025\/12\/16174809\/funcoes-da-organizacao-1-150x77.png 150w, https:\/\/dhg1h5j42swfq.cloudfront.net\/2025\/12\/16174809\/funcoes-da-organizacao-1.png 1303w\" sizes=\"auto, (max-width: 1024px) 100vw, 1024px\" \/><\/figure>\n<\/figure>\n\n\n\n<p>Al\u00e9m disso, foi na Teoria Cl\u00e1ssica que se originou o conceito de <strong>fun\u00e7\u00f5es do administrador<\/strong>, Prever \/ Organizar \/ Controlar \/ Comandar \/ Coordenar.<\/p>\n\n\n\n<p>Agora, as caracter\u00edsticas principais da Teoria Cl\u00e1ssica:<\/p>\n\n\n\n<ul class=\"wp-block-list\">\n<li><strong>Foco na organiza\u00e7\u00e3o<\/strong> e efici\u00eancia organizacional;<\/li>\n\n\n\n<li>Conceito de <strong><em>homo-economicus<\/em><\/strong> (movido por recompensas monet\u00e1rias);<\/li>\n\n\n\n<li>Organiza\u00e7\u00e3o como <strong>sistema fechado<\/strong> (n\u00e3o interage com o ambiente);<\/li>\n\n\n\n<li><strong>Unidade de comando: <\/strong>cada profissional deve se reportar a apenas um superior.<\/li>\n<\/ul>\n\n\n\n<p>Seguindo a linha de racioc\u00ednio, os principais questionamentos a essa teoria s\u00e3o:<\/p>\n\n\n\n<ul class=\"wp-block-list\">\n<li>Ignora o ambiente: enxerga apenas a organiza\u00e7\u00e3o, sem rela\u00e7\u00e3o com o ambiente ao qual est\u00e1 inserida;<\/li>\n\n\n\n<li>Inflex\u00edvel: n\u00e3o se adapta a diferentes modelos e tipos de estruturas;<\/li>\n\n\n\n<li>Excesso de formalismo.<\/li>\n<\/ul>\n\n\n\n<p><em>Observa\u00e7\u00e3o:<\/em><\/p>\n\n\n\n<p><em>Lembrem-se de contextualizar os estudos. Essas teorias fazem parte da Era Cl\u00e1ssica, per\u00edodo desde a revolu\u00e7\u00e3o industrial at\u00e9 os anos 40.<\/em><\/p>\n\n\n\n<p><em>Conceitos como cultura organizacional, compet\u00eancias ou teletrabalho (rs) ainda n\u00e3o haviam se desenvolvido, ent\u00e3o, para a \u00e9poca, esses estudos representavam avan\u00e7os importantes e os primeiros passos de uma gest\u00e3o profissional.<\/em><\/p>\n\n\n\n<h2 class=\"wp-block-heading\" id=\"h-teorias-da-administracao-para-sefaz-sp-teoria-burocratica\">Teorias da Administra\u00e7\u00e3o para Sefaz-SP: Teoria Burocr\u00e1tica<\/h2>\n\n\n\n<p>Chegamos a mais \u201cmal falada\u201d das teorias administrativas, e, sabendo disso, as bancas costumam ser o <em>contrassenso<\/em> e cobrar os aspectos positivos do modelo, visto que, os negativos s\u00e3o amplamente conhecidos. Por isso, vamos focar neles!<\/p>\n\n\n\n<p>A burocracia surge como uma alternativa ao patrimonialismo, que priorizava interesses pessoais \u00e0 gest\u00e3o profissional, prejudicando a gest\u00e3o.<\/p>\n\n\n\n<p>A tomada de decis\u00e3o por meio de processos formais e regulamentos, de forma impessoal, traria maior racionalidade e rapidez \u00e0 opera\u00e7\u00e3o.<\/p>\n\n\n\n<p>&nbsp;Segundo alguns aspectos da Teoria Cl\u00e1ssica, a estrutura organizacional seria bem definida, com normas claras para cada fun\u00e7\u00e3o a ser desempenhada, ainda, seria incentivada a remunera\u00e7\u00e3o por resultados e a profissionaliza\u00e7\u00e3o do empregado.<\/p>\n\n\n\n<h3 class=\"wp-block-heading\" id=\"h-aspectos-negativos\">Aspectos Negativos<\/h3>\n\n\n\n<p>Como visto, usamos o futuro do pret\u00e9rito para definir as aspira\u00e7\u00f5es da Teoria Burocr\u00e1tica, pois, na pr\u00e1tica, \u00e9 mais conhecida por suas disfun\u00e7\u00f5es.<\/p>\n\n\n\n<p>Como dito, essas j\u00e1 s\u00e3o bem conhecidas, ent\u00e3o, elenquemos apenas as mais importantes:<\/p>\n\n\n\n<ul class=\"wp-block-list\">\n<li>foco no processo e n\u00e3o no resultado;<\/li>\n\n\n\n<li>dificuldade de mudan\u00e7a;<\/li>\n\n\n\n<li>despersonaliza\u00e7\u00e3o;<\/li>\n\n\n\n<li>prioriza\u00e7\u00e3o das demandas da organiza\u00e7\u00e3o em detrimento das demandas dos clientes;<\/li>\n\n\n\n<li>excesso de formalismo.<\/li>\n<\/ul>\n\n\n\n<h2 class=\"wp-block-heading\" id=\"h-teorias-da-administracao-para-sefaz-sp-teoria-dos-sistemas\">Teorias da Administra\u00e7\u00e3o para Sefaz-SP: Teoria dos Sistemas<\/h2>\n\n\n\n<p>Dentre as mais atuais, a mais cobrada em provas \u00e9 a Teoria dos Sistemas<strong>. Preconiza organiza\u00e7\u00f5es como sistemas abertos, que interagem com o ambiente externo e se moldam a ele.<\/strong><\/p>\n\n\n\n<p>O modelo entende que n\u00e3o h\u00e1 controle total sobre os est\u00edmulos externos e a companhia \u00e9 afetada por vari\u00e1veis externas, muitas vezes imprevis\u00edveis.<\/p>\n\n\n\n<p>Assim, deve-se <strong>focar na resili\u00eancia e retroalimenta\u00e7\u00e3o<\/strong> <strong>(feedback)<\/strong> para fortalecer os processos internos, esses, sim, sobre maior controle da empresa.<\/p>\n\n\n\n<p>Para a prova, \u00e9 importante conhecer os componentes do sistema:<\/p>\n\n\n\n<ul class=\"wp-block-list\">\n<li><strong>entradas<\/strong>: insumos\/informa\u00e7\u00f5es inseridas para serem tratadas dentro do sistema;<\/li>\n\n\n\n<li><strong>processamento<\/strong>: processos de transforma\u00e7\u00e3o das entradas;<\/li>\n\n\n\n<li><strong>sa\u00eddas<\/strong>: resultados, em geral, direcionados ao ambiente externo;<\/li>\n\n\n\n<li><strong>retroalimenta\u00e7\u00e3o (feedback):<\/strong> retorno de informa\u00e7\u00f5es de todo o processo para otimizar, principalmente, os processos internos.<\/li>\n<\/ul>\n\n\n\n<figure class=\"wp-block-image size-large\"><img loading=\"lazy\" decoding=\"async\" width=\"1024\" height=\"537\" src=\"https:\/\/dhg1h5j42swfq.cloudfront.net\/2025\/12\/16175426\/teoria-dos-sistemas-1-1-1024x537.png\" alt=\"Teoria dos Sistemas\" class=\"wp-image-1686937\" srcset=\"https:\/\/dhg1h5j42swfq.cloudfront.net\/2025\/12\/16175426\/teoria-dos-sistemas-1-1-1024x537.png 1024w, https:\/\/dhg1h5j42swfq.cloudfront.net\/2025\/12\/16175426\/teoria-dos-sistemas-1-1-300x157.png 300w, https:\/\/dhg1h5j42swfq.cloudfront.net\/2025\/12\/16175426\/teoria-dos-sistemas-1-1-768x403.png 768w, https:\/\/dhg1h5j42swfq.cloudfront.net\/2025\/12\/16175426\/teoria-dos-sistemas-1-1-150x79.png 150w, https:\/\/dhg1h5j42swfq.cloudfront.net\/2025\/12\/16175426\/teoria-dos-sistemas-1-1.png 1158w\" sizes=\"auto, (max-width: 1024px) 100vw, 1024px\" \/><\/figure>\n\n\n\n<p>Sempre importante lembrar que sistema aberto, feedback e entropia, s\u00e3o conceitos relacionados \u00e0 Teoria dos Sistemas de Ludwig Von Bertalanffy.<\/p>\n\n\n\n<p>\u00c9 isso, pessoal! O conhecimento dos conceitos que vimos aqui certamente v\u00e3o garantir alguns pontos a mais na hora da prova.<\/p>\n\n\n\n<p>At\u00e9 a pr\u00f3xima!<\/p>\n\n\n\n<p>Sauda\u00e7\u00f5es e aprova\u00e7\u00f5es,<\/p>\n\n\n\n<p>Julio Moraes<\/p>\n\n\n\n<p><\/p>\n\n\n\n<h2 class=\"wp-block-heading has-text-align-center\" id=\"cursos-assinatura\">Cursos e Assinaturas<\/h2>\n\n\n\n<p>Prepare-se com o melhor material e com quem mais aprova em concursos p\u00fablicos em todo o pa\u00eds!<\/p>\n\n\n\n<p class=\"has-text-align-center has-white-color has-vivid-cyan-blue-background-color has-text-color has-background has-link-color wp-elements-46407eaeae44607aa0d5491201be1f7e\"><strong><a href=\"https:\/\/www.estrategiaconcursos.com.br\/blog\/concursos-abertos\/\" target=\"_blank\" rel=\"noreferrer noopener\">Concursos Abertos<\/a><\/strong><\/p>\n\n\n\n<p class=\"has-text-align-center has-white-color has-vivid-cyan-blue-background-color has-text-color has-background has-link-color wp-elements-cb24eaf1a62848e214058919a1bf1c49\"><a href=\"https:\/\/www.estrategiaconcursos.com.br\/blog\/concursos-2025\/\" target=\"_blank\" rel=\"noreferrer noopener\"><strong>Concursos 2025<\/strong><\/a><\/p>\n","protected":false},"excerpt":{"rendered":"<p>Ol\u00e1, turma! Seguindo nossa jornada rumo ao cargo de Auditor Fiscal, vamos rever os conceitos das Teorias da Administra\u00e7\u00e3o para Sefaz-SP! Esse \u00e9 um tema cl\u00e1ssico das provas de Administra\u00e7\u00e3o Geral e com quase todas as formas de cobran\u00e7a j\u00e1 exploradas em concurso anteriores, ent\u00e3o, a recomenda\u00e7\u00e3o \u00e9: revisar rapidamente o conte\u00fado e partir para [&hellip;]<\/p>\n","protected":false},"author":2873,"featured_media":1685982,"comment_status":"open","ping_status":"closed","sticky":false,"template":"","format":"standard","meta":{"post_tipo":"article","footnotes":""},"categories":[1,1983],"tags":[343,1194,222337,222338,221794],"tax_estado":[219989],"class_list":["post-1686924","post","type-post","status-publish","format-standard","has-post-thumbnail","hentry","category-cursos-e-concursos","category-fiscal-estadual","tag-icms","tag-sefaz-sp","tag-teoria-burocratica","tag-teoria-cientifica","tag-teoria-classica","tax_estado-sp"],"acf":[],"yoast_head":"<!-- This site is optimized with the Yoast SEO Premium plugin v27.2 (Yoast SEO v27.2) - https:\/\/yoast.com\/product\/yoast-seo-premium-wordpress\/ -->\n<title>Teorias da Administra\u00e7\u00e3o para Sefaz-SP<\/title>\n<meta name=\"description\" content=\"Relembre as principais teorias da administra\u00e7\u00e3o para Sefaz-SP e conquiste sua vaga de Auditor Fiscal do Estado.\" \/>\n<meta name=\"robots\" content=\"index, follow, max-snippet:-1, max-image-preview:large, max-video-preview:-1\" \/>\n<link rel=\"canonical\" href=\"https:\/\/www.estrategiaconcursos.com.br\/blog\/teorias-administracao-sefaz-sp\/\" \/>\n<meta property=\"og:locale\" content=\"pt_BR\" \/>\n<meta property=\"og:type\" content=\"article\" \/>\n<meta property=\"og:title\" content=\"Teorias da Administra\u00e7\u00e3o para Sefaz-SP\" \/>\n<meta property=\"og:description\" content=\"Relembre as principais teorias da administra\u00e7\u00e3o para Sefaz-SP e conquiste sua vaga de Auditor Fiscal do Estado.\" \/>\n<meta property=\"og:url\" content=\"https:\/\/www.estrategiaconcursos.com.br\/blog\/teorias-administracao-sefaz-sp\/\" \/>\n<meta property=\"og:site_name\" content=\"Estrat\u00e9gia Concursos\" \/>\n<meta property=\"article:published_time\" content=\"2026-01-13T14:07:00+00:00\" \/>\n<meta property=\"og:image\" content=\"https:\/\/dhg1h5j42swfq.cloudfront.net\/2025\/12\/15165557\/image-135.png\" \/>\n\t<meta property=\"og:image:width\" content=\"465\" \/>\n\t<meta property=\"og:image:height\" content=\"243\" \/>\n\t<meta property=\"og:image:type\" content=\"image\/png\" \/>\n<meta name=\"author\" content=\"Julio Cesar de Moraes\" \/>\n<meta name=\"twitter:card\" content=\"summary_large_image\" \/>\n<meta name=\"twitter:creator\" content=\"@EstratConcursos\" \/>\n<meta name=\"twitter:site\" content=\"@EstratConcursos\" \/>\n<meta name=\"twitter:label1\" content=\"Escrito por\" \/>\n\t<meta name=\"twitter:data1\" content=\"Julio Cesar de Moraes\" \/>\n\t<meta name=\"twitter:label2\" content=\"Est. tempo de leitura\" \/>\n\t<meta name=\"twitter:data2\" content=\"5 minutos\" \/>\n<script type=\"application\/ld+json\" class=\"yoast-schema-graph\">{\"@context\":\"https:\/\/schema.org\",\"@graph\":[{\"@type\":\"NewsArticle\",\"@id\":\"https:\/\/www.estrategiaconcursos.com.br\/blog\/teorias-administracao-sefaz-sp\/#article\",\"isPartOf\":{\"@id\":\"https:\/\/www.estrategiaconcursos.com.br\/blog\/teorias-administracao-sefaz-sp\/\"},\"author\":{\"name\":\"Julio Cesar de Moraes\",\"@id\":\"https:\/\/www.estrategiaconcursos.com.br\/blog\/#\/schema\/person\/68b5e5a52a4d86119579b7cdc0b15b35\"},\"headline\":\"Teorias da Administra\u00e7\u00e3o para Sefaz-SP\",\"datePublished\":\"2026-01-13T14:07:00+00:00\",\"mainEntityOfPage\":{\"@id\":\"https:\/\/www.estrategiaconcursos.com.br\/blog\/teorias-administracao-sefaz-sp\/\"},\"wordCount\":989,\"commentCount\":0,\"publisher\":{\"@id\":\"https:\/\/www.estrategiaconcursos.com.br\/blog\/#organization\"},\"image\":{\"@id\":\"https:\/\/www.estrategiaconcursos.com.br\/blog\/teorias-administracao-sefaz-sp\/#primaryimage\"},\"thumbnailUrl\":\"https:\/\/dhg1h5j42swfq.cloudfront.net\/2025\/12\/15165557\/image-135.png\",\"keywords\":[\"icms\",\"SEFAZ-SP\",\"teoria burocratica\",\"teoria cient\u00edfica\",\"teoria cl\u00e1ssica\"],\"articleSection\":[\"Concursos P\u00fablicos\",\"Fiscal - Estadual (ICMS)\"],\"inLanguage\":\"pt-BR\",\"potentialAction\":[{\"@type\":\"CommentAction\",\"name\":\"Comment\",\"target\":[\"https:\/\/www.estrategiaconcursos.com.br\/blog\/teorias-administracao-sefaz-sp\/#respond\"]}],\"copyrightYear\":\"2026\",\"copyrightHolder\":{\"@id\":\"https:\/\/www.estrategiaconcursos.com.br\/blog\/#organization\"}},{\"@type\":\"WebPage\",\"@id\":\"https:\/\/www.estrategiaconcursos.com.br\/blog\/teorias-administracao-sefaz-sp\/\",\"url\":\"https:\/\/www.estrategiaconcursos.com.br\/blog\/teorias-administracao-sefaz-sp\/\",\"name\":\"Teorias da Administra\u00e7\u00e3o para Sefaz-SP\",\"isPartOf\":{\"@id\":\"https:\/\/www.estrategiaconcursos.com.br\/blog\/#website\"},\"primaryImageOfPage\":{\"@id\":\"https:\/\/www.estrategiaconcursos.com.br\/blog\/teorias-administracao-sefaz-sp\/#primaryimage\"},\"image\":{\"@id\":\"https:\/\/www.estrategiaconcursos.com.br\/blog\/teorias-administracao-sefaz-sp\/#primaryimage\"},\"thumbnailUrl\":\"https:\/\/dhg1h5j42swfq.cloudfront.net\/2025\/12\/15165557\/image-135.png\",\"datePublished\":\"2026-01-13T14:07:00+00:00\",\"description\":\"Relembre as principais teorias da administra\u00e7\u00e3o para Sefaz-SP e conquiste sua vaga de Auditor Fiscal do Estado.\",\"breadcrumb\":{\"@id\":\"https:\/\/www.estrategiaconcursos.com.br\/blog\/teorias-administracao-sefaz-sp\/#breadcrumb\"},\"inLanguage\":\"pt-BR\",\"potentialAction\":[{\"@type\":\"ReadAction\",\"target\":[\"https:\/\/www.estrategiaconcursos.com.br\/blog\/teorias-administracao-sefaz-sp\/\"]}]},{\"@type\":\"ImageObject\",\"inLanguage\":\"pt-BR\",\"@id\":\"https:\/\/www.estrategiaconcursos.com.br\/blog\/teorias-administracao-sefaz-sp\/#primaryimage\",\"url\":\"https:\/\/dhg1h5j42swfq.cloudfront.net\/2025\/12\/15165557\/image-135.png\",\"contentUrl\":\"https:\/\/dhg1h5j42swfq.cloudfront.net\/2025\/12\/15165557\/image-135.png\",\"width\":465,\"height\":243,\"caption\":\"Infra\u00e7\u00f5es relativas \u00e0 emiss\u00e3o de cupom fiscal\u00a0para SEFAZ\/SP\"},{\"@type\":\"BreadcrumbList\",\"@id\":\"https:\/\/www.estrategiaconcursos.com.br\/blog\/teorias-administracao-sefaz-sp\/#breadcrumb\",\"itemListElement\":[{\"@type\":\"ListItem\",\"position\":1,\"name\":\"In\u00edcio\",\"item\":\"https:\/\/www.estrategiaconcursos.com.br\/blog\/\"},{\"@type\":\"ListItem\",\"position\":2,\"name\":\"Teorias da Administra\u00e7\u00e3o para Sefaz-SP\"}]},{\"@type\":\"WebSite\",\"@id\":\"https:\/\/www.estrategiaconcursos.com.br\/blog\/#website\",\"url\":\"https:\/\/www.estrategiaconcursos.com.br\/blog\/\",\"name\":\"Estrat\u00e9gia Concursos\",\"description\":\"O blog da Estrat\u00e9gia Concursos traz not\u00edcias sobre concursos e artigos de professores oferecendo cursos para concursos (pdf + videaulas) no site.\",\"publisher\":{\"@id\":\"https:\/\/www.estrategiaconcursos.com.br\/blog\/#organization\"},\"potentialAction\":[{\"@type\":\"SearchAction\",\"target\":{\"@type\":\"EntryPoint\",\"urlTemplate\":\"https:\/\/www.estrategiaconcursos.com.br\/blog\/?s={search_term_string}\"},\"query-input\":{\"@type\":\"PropertyValueSpecification\",\"valueRequired\":true,\"valueName\":\"search_term_string\"}}],\"inLanguage\":\"pt-BR\"},{\"@type\":\"Organization\",\"@id\":\"https:\/\/www.estrategiaconcursos.com.br\/blog\/#organization\",\"name\":\"Estrat\u00e9gia Concursos\",\"url\":\"https:\/\/www.estrategiaconcursos.com.br\/blog\/\",\"logo\":{\"@type\":\"ImageObject\",\"inLanguage\":\"pt-BR\",\"@id\":\"https:\/\/www.estrategiaconcursos.com.br\/blog\/#\/schema\/logo\/image\/\",\"url\":\"https:\/\/dhg1h5j42swfq.cloudfront.net\/2025\/06\/03203428\/logo_concursos-1.jpg\",\"contentUrl\":\"https:\/\/dhg1h5j42swfq.cloudfront.net\/2025\/06\/03203428\/logo_concursos-1.jpg\",\"width\":230,\"height\":60,\"caption\":\"Estrat\u00e9gia Concursos\"},\"image\":{\"@id\":\"https:\/\/www.estrategiaconcursos.com.br\/blog\/#\/schema\/logo\/image\/\"},\"sameAs\":[\"https:\/\/x.com\/EstratConcursos\"]},{\"@type\":\"Person\",\"@id\":\"https:\/\/www.estrategiaconcursos.com.br\/blog\/#\/schema\/person\/68b5e5a52a4d86119579b7cdc0b15b35\",\"name\":\"Julio Cesar de Moraes\",\"image\":{\"@type\":\"ImageObject\",\"inLanguage\":\"pt-BR\",\"@id\":\"https:\/\/secure.gravatar.com\/avatar\/0ce7e3717156d3c89b49a6e35c8b31f948f0d460f1136a14cf66c3ff491cc665?s=96&d=mm&r=g\",\"url\":\"https:\/\/secure.gravatar.com\/avatar\/0ce7e3717156d3c89b49a6e35c8b31f948f0d460f1136a14cf66c3ff491cc665?s=96&d=mm&r=g\",\"contentUrl\":\"https:\/\/secure.gravatar.com\/avatar\/0ce7e3717156d3c89b49a6e35c8b31f948f0d460f1136a14cf66c3ff491cc665?s=96&d=mm&r=g\",\"caption\":\"Julio Cesar de Moraes\"},\"url\":\"https:\/\/www.estrategiaconcursos.com.br\/blog\/author\/juliojasserandgmail-com\/\"}]}<\/script>\n<!-- \/ Yoast SEO Premium plugin. -->","yoast_head_json":{"title":"Teorias da Administra\u00e7\u00e3o para Sefaz-SP","description":"Relembre as principais teorias da administra\u00e7\u00e3o para Sefaz-SP e conquiste sua vaga de Auditor Fiscal do Estado.","robots":{"index":"index","follow":"follow","max-snippet":"max-snippet:-1","max-image-preview":"max-image-preview:large","max-video-preview":"max-video-preview:-1"},"canonical":"https:\/\/www.estrategiaconcursos.com.br\/blog\/teorias-administracao-sefaz-sp\/","og_locale":"pt_BR","og_type":"article","og_title":"Teorias da Administra\u00e7\u00e3o para Sefaz-SP","og_description":"Relembre as principais teorias da administra\u00e7\u00e3o para Sefaz-SP e conquiste sua vaga de Auditor Fiscal do Estado.","og_url":"https:\/\/www.estrategiaconcursos.com.br\/blog\/teorias-administracao-sefaz-sp\/","og_site_name":"Estrat\u00e9gia Concursos","article_published_time":"2026-01-13T14:07:00+00:00","og_image":[{"width":465,"height":243,"url":"https:\/\/dhg1h5j42swfq.cloudfront.net\/2025\/12\/15165557\/image-135.png","type":"image\/png"}],"author":"Julio Cesar de Moraes","twitter_card":"summary_large_image","twitter_creator":"@EstratConcursos","twitter_site":"@EstratConcursos","twitter_misc":{"Escrito por":"Julio Cesar de Moraes","Est. tempo de leitura":"5 minutos"},"schema":{"@context":"https:\/\/schema.org","@graph":[{"@type":"NewsArticle","@id":"https:\/\/www.estrategiaconcursos.com.br\/blog\/teorias-administracao-sefaz-sp\/#article","isPartOf":{"@id":"https:\/\/www.estrategiaconcursos.com.br\/blog\/teorias-administracao-sefaz-sp\/"},"author":{"name":"Julio Cesar de Moraes","@id":"https:\/\/www.estrategiaconcursos.com.br\/blog\/#\/schema\/person\/68b5e5a52a4d86119579b7cdc0b15b35"},"headline":"Teorias da Administra\u00e7\u00e3o para Sefaz-SP","datePublished":"2026-01-13T14:07:00+00:00","mainEntityOfPage":{"@id":"https:\/\/www.estrategiaconcursos.com.br\/blog\/teorias-administracao-sefaz-sp\/"},"wordCount":989,"commentCount":0,"publisher":{"@id":"https:\/\/www.estrategiaconcursos.com.br\/blog\/#organization"},"image":{"@id":"https:\/\/www.estrategiaconcursos.com.br\/blog\/teorias-administracao-sefaz-sp\/#primaryimage"},"thumbnailUrl":"https:\/\/dhg1h5j42swfq.cloudfront.net\/2025\/12\/15165557\/image-135.png","keywords":["icms","SEFAZ-SP","teoria burocratica","teoria cient\u00edfica","teoria cl\u00e1ssica"],"articleSection":["Concursos P\u00fablicos","Fiscal - Estadual (ICMS)"],"inLanguage":"pt-BR","potentialAction":[{"@type":"CommentAction","name":"Comment","target":["https:\/\/www.estrategiaconcursos.com.br\/blog\/teorias-administracao-sefaz-sp\/#respond"]}],"copyrightYear":"2026","copyrightHolder":{"@id":"https:\/\/www.estrategiaconcursos.com.br\/blog\/#organization"}},{"@type":"WebPage","@id":"https:\/\/www.estrategiaconcursos.com.br\/blog\/teorias-administracao-sefaz-sp\/","url":"https:\/\/www.estrategiaconcursos.com.br\/blog\/teorias-administracao-sefaz-sp\/","name":"Teorias da Administra\u00e7\u00e3o para Sefaz-SP","isPartOf":{"@id":"https:\/\/www.estrategiaconcursos.com.br\/blog\/#website"},"primaryImageOfPage":{"@id":"https:\/\/www.estrategiaconcursos.com.br\/blog\/teorias-administracao-sefaz-sp\/#primaryimage"},"image":{"@id":"https:\/\/www.estrategiaconcursos.com.br\/blog\/teorias-administracao-sefaz-sp\/#primaryimage"},"thumbnailUrl":"https:\/\/dhg1h5j42swfq.cloudfront.net\/2025\/12\/15165557\/image-135.png","datePublished":"2026-01-13T14:07:00+00:00","description":"Relembre as principais teorias da administra\u00e7\u00e3o para Sefaz-SP e conquiste sua vaga de Auditor Fiscal do Estado.","breadcrumb":{"@id":"https:\/\/www.estrategiaconcursos.com.br\/blog\/teorias-administracao-sefaz-sp\/#breadcrumb"},"inLanguage":"pt-BR","potentialAction":[{"@type":"ReadAction","target":["https:\/\/www.estrategiaconcursos.com.br\/blog\/teorias-administracao-sefaz-sp\/"]}]},{"@type":"ImageObject","inLanguage":"pt-BR","@id":"https:\/\/www.estrategiaconcursos.com.br\/blog\/teorias-administracao-sefaz-sp\/#primaryimage","url":"https:\/\/dhg1h5j42swfq.cloudfront.net\/2025\/12\/15165557\/image-135.png","contentUrl":"https:\/\/dhg1h5j42swfq.cloudfront.net\/2025\/12\/15165557\/image-135.png","width":465,"height":243,"caption":"Infra\u00e7\u00f5es relativas \u00e0 emiss\u00e3o de cupom fiscal\u00a0para SEFAZ\/SP"},{"@type":"BreadcrumbList","@id":"https:\/\/www.estrategiaconcursos.com.br\/blog\/teorias-administracao-sefaz-sp\/#breadcrumb","itemListElement":[{"@type":"ListItem","position":1,"name":"In\u00edcio","item":"https:\/\/www.estrategiaconcursos.com.br\/blog\/"},{"@type":"ListItem","position":2,"name":"Teorias da Administra\u00e7\u00e3o para Sefaz-SP"}]},{"@type":"WebSite","@id":"https:\/\/www.estrategiaconcursos.com.br\/blog\/#website","url":"https:\/\/www.estrategiaconcursos.com.br\/blog\/","name":"Estrat\u00e9gia Concursos","description":"O blog da Estrat\u00e9gia Concursos traz not\u00edcias sobre concursos e artigos de professores oferecendo cursos para concursos (pdf + videaulas) no site.","publisher":{"@id":"https:\/\/www.estrategiaconcursos.com.br\/blog\/#organization"},"potentialAction":[{"@type":"SearchAction","target":{"@type":"EntryPoint","urlTemplate":"https:\/\/www.estrategiaconcursos.com.br\/blog\/?s={search_term_string}"},"query-input":{"@type":"PropertyValueSpecification","valueRequired":true,"valueName":"search_term_string"}}],"inLanguage":"pt-BR"},{"@type":"Organization","@id":"https:\/\/www.estrategiaconcursos.com.br\/blog\/#organization","name":"Estrat\u00e9gia Concursos","url":"https:\/\/www.estrategiaconcursos.com.br\/blog\/","logo":{"@type":"ImageObject","inLanguage":"pt-BR","@id":"https:\/\/www.estrategiaconcursos.com.br\/blog\/#\/schema\/logo\/image\/","url":"https:\/\/dhg1h5j42swfq.cloudfront.net\/2025\/06\/03203428\/logo_concursos-1.jpg","contentUrl":"https:\/\/dhg1h5j42swfq.cloudfront.net\/2025\/06\/03203428\/logo_concursos-1.jpg","width":230,"height":60,"caption":"Estrat\u00e9gia Concursos"},"image":{"@id":"https:\/\/www.estrategiaconcursos.com.br\/blog\/#\/schema\/logo\/image\/"},"sameAs":["https:\/\/x.com\/EstratConcursos"]},{"@type":"Person","@id":"https:\/\/www.estrategiaconcursos.com.br\/blog\/#\/schema\/person\/68b5e5a52a4d86119579b7cdc0b15b35","name":"Julio Cesar de Moraes","image":{"@type":"ImageObject","inLanguage":"pt-BR","@id":"https:\/\/secure.gravatar.com\/avatar\/0ce7e3717156d3c89b49a6e35c8b31f948f0d460f1136a14cf66c3ff491cc665?s=96&d=mm&r=g","url":"https:\/\/secure.gravatar.com\/avatar\/0ce7e3717156d3c89b49a6e35c8b31f948f0d460f1136a14cf66c3ff491cc665?s=96&d=mm&r=g","contentUrl":"https:\/\/secure.gravatar.com\/avatar\/0ce7e3717156d3c89b49a6e35c8b31f948f0d460f1136a14cf66c3ff491cc665?s=96&d=mm&r=g","caption":"Julio Cesar de Moraes"},"url":"https:\/\/www.estrategiaconcursos.com.br\/blog\/author\/juliojasserandgmail-com\/"}]}},"_links":{"self":[{"href":"https:\/\/www.estrategiaconcursos.com.br\/blog\/wp-json\/wp\/v2\/posts\/1686924","targetHints":{"allow":["GET"]}}],"collection":[{"href":"https:\/\/www.estrategiaconcursos.com.br\/blog\/wp-json\/wp\/v2\/posts"}],"about":[{"href":"https:\/\/www.estrategiaconcursos.com.br\/blog\/wp-json\/wp\/v2\/types\/post"}],"author":[{"embeddable":true,"href":"https:\/\/www.estrategiaconcursos.com.br\/blog\/wp-json\/wp\/v2\/users\/2873"}],"replies":[{"embeddable":true,"href":"https:\/\/www.estrategiaconcursos.com.br\/blog\/wp-json\/wp\/v2\/comments?post=1686924"}],"version-history":[{"count":4,"href":"https:\/\/www.estrategiaconcursos.com.br\/blog\/wp-json\/wp\/v2\/posts\/1686924\/revisions"}],"predecessor-version":[{"id":1692296,"href":"https:\/\/www.estrategiaconcursos.com.br\/blog\/wp-json\/wp\/v2\/posts\/1686924\/revisions\/1692296"}],"wp:featuredmedia":[{"embeddable":true,"href":"https:\/\/www.estrategiaconcursos.com.br\/blog\/wp-json\/wp\/v2\/media\/1685982"}],"wp:attachment":[{"href":"https:\/\/www.estrategiaconcursos.com.br\/blog\/wp-json\/wp\/v2\/media?parent=1686924"}],"wp:term":[{"taxonomy":"category","embeddable":true,"href":"https:\/\/www.estrategiaconcursos.com.br\/blog\/wp-json\/wp\/v2\/categories?post=1686924"},{"taxonomy":"post_tag","embeddable":true,"href":"https:\/\/www.estrategiaconcursos.com.br\/blog\/wp-json\/wp\/v2\/tags?post=1686924"},{"taxonomy":"tax_estado","embeddable":true,"href":"https:\/\/www.estrategiaconcursos.com.br\/blog\/wp-json\/wp\/v2\/tax_estado?post=1686924"}],"curies":[{"name":"wp","href":"https:\/\/api.w.org\/{rel}","templated":true}]}}