{"id":168614,"date":"2019-02-28T10:00:37","date_gmt":"2019-02-28T13:00:37","guid":{"rendered":"https:\/\/www.estrategiaconcursos.com.br\/blog\/?p=168614"},"modified":"2022-09-09T18:19:12","modified_gmt":"2022-09-09T21:19:12","slug":"provas-do-enem-2019","status":"publish","type":"post","link":"https:\/\/www.estrategiaconcursos.com.br\/blog\/provas-do-enem-2019\/","title":{"rendered":"Provas do ENEM 2019 ser\u00e3o aplicadas nos dias 3 e 10 de novembro"},"content":{"rendered":"\n<p> O Instituto Nacional de Estudos e Pesquisas Educacionais An\u00edsio Teixeira <strong>(Inep)<\/strong>, divulgou as datas das provas do Exame Nacional do Ensino M\u00e9dio, <strong>(ENEM) 2019.<\/strong> <\/p>\n\n\n\n<p>As provas ser\u00e3o aplicadas nos dias 3 e 10 de novembro de 2019, e o per\u00edodo de inscri\u00e7\u00f5es ficar\u00e1 aberto entre os dias 6 a 17 de maio. <\/p>\n\n\n\n<p>Vale lembrar que os candidatos que desejarem solicitar a isen\u00e7\u00e3o da taxa de inscri\u00e7\u00e3o que est\u00e1 no valor de R$ 82,00 ou precisarem justificar aus\u00eancia, devem ficar atentos aos prazos. Sendo eles; entre os dias 1 a 10 de abril. <\/p>\n\n\n\n<p><em>Confira abaixo o cronograma<\/em><\/p>\n\n\n\n<ul class=\"wp-block-list\"><li> <strong>Inscri\u00e7\u00f5es<\/strong>: 6 a 17 de maio <\/li><li><strong>Solicita\u00e7\u00e3o de Isen\u00e7\u00e3o\/Justificativa de Aus\u00eancia<\/strong>:1 a 10 de abril<\/li><li><strong>Aplica\u00e7\u00e3o das provas<\/strong>: 3 e 10 de novembro<\/li><li><strong>Taxa de inscri\u00e7\u00e3o:<\/strong> R$ 82,00. <\/li><\/ul>\n\n\n\n<p>As notas do Enem de 2018 foram&nbsp;divulgadas em 18 de janeiro. Apenas&nbsp;55 reda\u00e7\u00f5es tiraram nota mil. O n\u00famero representa um aumento em rela\u00e7\u00e3o a 2017, que teve 53 notas m\u00e1ximas. <\/p>\n\n\n\n<p> Com as suas respectivas notas, os participantes podem ingressar em universidades p\u00fablicas com o Sistema de Sele\u00e7\u00e3o Unificada (Sisu), obter bolsas de estudos do Programa Universidade Para Todos (ProUni) e at\u00e9 financiar o curso no Fundo de Financiamento Estudantil (Fies). <\/p>\n\n\n\n<p class=\"has-text-align-center\"><em><strong><a href=\"https:\/\/www.estrategiaconcursos.com.br\/cursosPorConcurso\/enem-exame-nacional-do-ensino-medio\/\">Clique&nbsp;aqui&nbsp;e&nbsp;conhe\u00e7a&nbsp;nosso&nbsp;curso&nbsp;completo&nbsp;para&nbsp;o&nbsp;ENEM 2019.<\/a><\/strong><\/em><\/p>\n","protected":false},"excerpt":{"rendered":"<p>O Instituto Nacional de Estudos e Pesquisas Educacionais An\u00edsio Teixeira (Inep), divulgou as datas das provas do Exame Nacional do Ensino M\u00e9dio, (ENEM) 2019. As provas ser\u00e3o aplicadas nos dias 3 e 10 de novembro de 2019, e o per\u00edodo de inscri\u00e7\u00f5es ficar\u00e1 aberto entre os dias 6 a 17 de maio. Vale lembrar que [&hellip;]<\/p>\n","protected":false},"author":263,"featured_media":0,"comment_status":"open","ping_status":"closed","sticky":false,"template":"","format":"standard","meta":{"post_tipo":"article","footnotes":""},"categories":[1],"tags":[],"tax_estado":[],"class_list":["post-168614","post","type-post","status-publish","format-standard","hentry","category-cursos-e-concursos"],"acf":[],"yoast_head":"<!-- This site is optimized with the Yoast SEO Premium plugin v27.2 (Yoast SEO v27.2) - https:\/\/yoast.com\/product\/yoast-seo-premium-wordpress\/ -->\n<title>Provas do ENEM 2019 ser\u00e3o aplicadas nos dias 3 e 10 de novembro<\/title>\n<meta name=\"description\" content=\"Enem 2019: Inep divulga data das provas com exames marcados para serem aplicados nos dias 3 e 10 de novembro; Saiba mais!!\" \/>\n<meta name=\"robots\" content=\"index, follow, max-snippet:-1, max-image-preview:large, max-video-preview:-1\" \/>\n<link rel=\"canonical\" href=\"https:\/\/www.estrategiaconcursos.com.br\/blog\/provas-do-enem-2019\/\" \/>\n<meta property=\"og:locale\" content=\"pt_BR\" \/>\n<meta property=\"og:type\" content=\"article\" \/>\n<meta property=\"og:title\" content=\"Provas do ENEM 2019 ser\u00e3o aplicadas nos dias 3 e 10 de novembro\" \/>\n<meta property=\"og:description\" content=\"Enem 2019: Inep divulga data das provas com exames marcados para serem aplicados nos dias 3 e 10 de novembro; Saiba mais!!\" \/>\n<meta property=\"og:url\" content=\"https:\/\/www.estrategiaconcursos.com.br\/blog\/provas-do-enem-2019\/\" \/>\n<meta property=\"og:site_name\" content=\"Estrat\u00e9gia Concursos\" \/>\n<meta property=\"article:published_time\" content=\"2019-02-28T13:00:37+00:00\" \/>\n<meta property=\"article:modified_time\" content=\"2022-09-09T21:19:12+00:00\" \/>\n<meta name=\"author\" content=\"Daniel dos Reis Lopes\" \/>\n<meta name=\"twitter:card\" content=\"summary_large_image\" \/>\n<meta name=\"twitter:creator\" content=\"@EstratConcursos\" \/>\n<meta name=\"twitter:site\" content=\"@EstratConcursos\" \/>\n<meta name=\"twitter:label1\" content=\"Escrito por\" \/>\n\t<meta name=\"twitter:data1\" content=\"Daniel dos Reis Lopes\" \/>\n\t<meta name=\"twitter:label2\" content=\"Est. tempo de leitura\" \/>\n\t<meta name=\"twitter:data2\" content=\"1 minuto\" \/>\n<script type=\"application\/ld+json\" class=\"yoast-schema-graph\">{\"@context\":\"https:\/\/schema.org\",\"@graph\":[{\"@type\":\"NewsArticle\",\"@id\":\"https:\/\/www.estrategiaconcursos.com.br\/blog\/provas-do-enem-2019\/#article\",\"isPartOf\":{\"@id\":\"https:\/\/www.estrategiaconcursos.com.br\/blog\/provas-do-enem-2019\/\"},\"author\":{\"name\":\"Daniel dos Reis Lopes\",\"@id\":\"https:\/\/www.estrategiaconcursos.com.br\/blog\/#\/schema\/person\/86e4af37234d422e94ca7e825b416814\"},\"headline\":\"Provas do ENEM 2019 ser\u00e3o aplicadas nos dias 3 e 10 de novembro\",\"datePublished\":\"2019-02-28T13:00:37+00:00\",\"dateModified\":\"2022-09-09T21:19:12+00:00\",\"mainEntityOfPage\":{\"@id\":\"https:\/\/www.estrategiaconcursos.com.br\/blog\/provas-do-enem-2019\/\"},\"wordCount\":230,\"commentCount\":0,\"publisher\":{\"@id\":\"https:\/\/www.estrategiaconcursos.com.br\/blog\/#organization\"},\"articleSection\":[\"Concursos P\u00fablicos\"],\"inLanguage\":\"pt-BR\",\"potentialAction\":[{\"@type\":\"CommentAction\",\"name\":\"Comment\",\"target\":[\"https:\/\/www.estrategiaconcursos.com.br\/blog\/provas-do-enem-2019\/#respond\"]}],\"copyrightYear\":\"2019\",\"copyrightHolder\":{\"@id\":\"https:\/\/www.estrategiaconcursos.com.br\/blog\/#organization\"}},{\"@type\":\"WebPage\",\"@id\":\"https:\/\/www.estrategiaconcursos.com.br\/blog\/provas-do-enem-2019\/\",\"url\":\"https:\/\/www.estrategiaconcursos.com.br\/blog\/provas-do-enem-2019\/\",\"name\":\"Provas do ENEM 2019 ser\u00e3o aplicadas nos dias 3 e 10 de novembro\",\"isPartOf\":{\"@id\":\"https:\/\/www.estrategiaconcursos.com.br\/blog\/#website\"},\"datePublished\":\"2019-02-28T13:00:37+00:00\",\"dateModified\":\"2022-09-09T21:19:12+00:00\",\"description\":\"Enem 2019: Inep divulga data das provas com exames marcados para serem aplicados nos dias 3 e 10 de novembro; Saiba mais!!\",\"breadcrumb\":{\"@id\":\"https:\/\/www.estrategiaconcursos.com.br\/blog\/provas-do-enem-2019\/#breadcrumb\"},\"inLanguage\":\"pt-BR\",\"potentialAction\":[{\"@type\":\"ReadAction\",\"target\":[\"https:\/\/www.estrategiaconcursos.com.br\/blog\/provas-do-enem-2019\/\"]}]},{\"@type\":\"BreadcrumbList\",\"@id\":\"https:\/\/www.estrategiaconcursos.com.br\/blog\/provas-do-enem-2019\/#breadcrumb\",\"itemListElement\":[{\"@type\":\"ListItem\",\"position\":1,\"name\":\"In\u00edcio\",\"item\":\"https:\/\/www.estrategiaconcursos.com.br\/blog\/\"},{\"@type\":\"ListItem\",\"position\":2,\"name\":\"Provas do ENEM 2019 ser\u00e3o aplicadas nos dias 3 e 10 de novembro\"}]},{\"@type\":\"WebSite\",\"@id\":\"https:\/\/www.estrategiaconcursos.com.br\/blog\/#website\",\"url\":\"https:\/\/www.estrategiaconcursos.com.br\/blog\/\",\"name\":\"Estrat\u00e9gia Concursos\",\"description\":\"O blog da Estrat\u00e9gia Concursos traz not\u00edcias sobre concursos e artigos de professores oferecendo cursos para concursos (pdf + videaulas) no site.\",\"publisher\":{\"@id\":\"https:\/\/www.estrategiaconcursos.com.br\/blog\/#organization\"},\"potentialAction\":[{\"@type\":\"SearchAction\",\"target\":{\"@type\":\"EntryPoint\",\"urlTemplate\":\"https:\/\/www.estrategiaconcursos.com.br\/blog\/?s={search_term_string}\"},\"query-input\":{\"@type\":\"PropertyValueSpecification\",\"valueRequired\":true,\"valueName\":\"search_term_string\"}}],\"inLanguage\":\"pt-BR\"},{\"@type\":\"Organization\",\"@id\":\"https:\/\/www.estrategiaconcursos.com.br\/blog\/#organization\",\"name\":\"Estrat\u00e9gia Concursos\",\"url\":\"https:\/\/www.estrategiaconcursos.com.br\/blog\/\",\"logo\":{\"@type\":\"ImageObject\",\"inLanguage\":\"pt-BR\",\"@id\":\"https:\/\/www.estrategiaconcursos.com.br\/blog\/#\/schema\/logo\/image\/\",\"url\":\"https:\/\/dhg1h5j42swfq.cloudfront.net\/2025\/06\/03203428\/logo_concursos-1.jpg\",\"contentUrl\":\"https:\/\/dhg1h5j42swfq.cloudfront.net\/2025\/06\/03203428\/logo_concursos-1.jpg\",\"width\":230,\"height\":60,\"caption\":\"Estrat\u00e9gia Concursos\"},\"image\":{\"@id\":\"https:\/\/www.estrategiaconcursos.com.br\/blog\/#\/schema\/logo\/image\/\"},\"sameAs\":[\"https:\/\/x.com\/EstratConcursos\"]},{\"@type\":\"Person\",\"@id\":\"https:\/\/www.estrategiaconcursos.com.br\/blog\/#\/schema\/person\/86e4af37234d422e94ca7e825b416814\",\"name\":\"Daniel dos Reis Lopes\",\"image\":{\"@type\":\"ImageObject\",\"inLanguage\":\"pt-BR\",\"@id\":\"https:\/\/secure.gravatar.com\/avatar\/ea24ef981da4044d0a66f44402441129fdde22c4c8d87f39a45cae8d4f82075a?s=96&d=mm&r=g\",\"url\":\"https:\/\/secure.gravatar.com\/avatar\/ea24ef981da4044d0a66f44402441129fdde22c4c8d87f39a45cae8d4f82075a?s=96&d=mm&r=g\",\"contentUrl\":\"https:\/\/secure.gravatar.com\/avatar\/ea24ef981da4044d0a66f44402441129fdde22c4c8d87f39a45cae8d4f82075a?s=96&d=mm&r=g\",\"caption\":\"Daniel dos Reis Lopes\"},\"url\":\"https:\/\/www.estrategiaconcursos.com.br\/blog\/author\/d-reislopesgmail-com\/\"}]}<\/script>\n<!-- \/ Yoast SEO Premium plugin. -->","yoast_head_json":{"title":"Provas do ENEM 2019 ser\u00e3o aplicadas nos dias 3 e 10 de novembro","description":"Enem 2019: Inep divulga data das provas com exames marcados para serem aplicados nos dias 3 e 10 de novembro; Saiba mais!!","robots":{"index":"index","follow":"follow","max-snippet":"max-snippet:-1","max-image-preview":"max-image-preview:large","max-video-preview":"max-video-preview:-1"},"canonical":"https:\/\/www.estrategiaconcursos.com.br\/blog\/provas-do-enem-2019\/","og_locale":"pt_BR","og_type":"article","og_title":"Provas do ENEM 2019 ser\u00e3o aplicadas nos dias 3 e 10 de novembro","og_description":"Enem 2019: Inep divulga data das provas com exames marcados para serem aplicados nos dias 3 e 10 de novembro; Saiba mais!!","og_url":"https:\/\/www.estrategiaconcursos.com.br\/blog\/provas-do-enem-2019\/","og_site_name":"Estrat\u00e9gia Concursos","article_published_time":"2019-02-28T13:00:37+00:00","article_modified_time":"2022-09-09T21:19:12+00:00","author":"Daniel dos Reis Lopes","twitter_card":"summary_large_image","twitter_creator":"@EstratConcursos","twitter_site":"@EstratConcursos","twitter_misc":{"Escrito por":"Daniel dos Reis Lopes","Est. tempo de leitura":"1 minuto"},"schema":{"@context":"https:\/\/schema.org","@graph":[{"@type":"NewsArticle","@id":"https:\/\/www.estrategiaconcursos.com.br\/blog\/provas-do-enem-2019\/#article","isPartOf":{"@id":"https:\/\/www.estrategiaconcursos.com.br\/blog\/provas-do-enem-2019\/"},"author":{"name":"Daniel dos Reis Lopes","@id":"https:\/\/www.estrategiaconcursos.com.br\/blog\/#\/schema\/person\/86e4af37234d422e94ca7e825b416814"},"headline":"Provas do ENEM 2019 ser\u00e3o aplicadas nos dias 3 e 10 de novembro","datePublished":"2019-02-28T13:00:37+00:00","dateModified":"2022-09-09T21:19:12+00:00","mainEntityOfPage":{"@id":"https:\/\/www.estrategiaconcursos.com.br\/blog\/provas-do-enem-2019\/"},"wordCount":230,"commentCount":0,"publisher":{"@id":"https:\/\/www.estrategiaconcursos.com.br\/blog\/#organization"},"articleSection":["Concursos P\u00fablicos"],"inLanguage":"pt-BR","potentialAction":[{"@type":"CommentAction","name":"Comment","target":["https:\/\/www.estrategiaconcursos.com.br\/blog\/provas-do-enem-2019\/#respond"]}],"copyrightYear":"2019","copyrightHolder":{"@id":"https:\/\/www.estrategiaconcursos.com.br\/blog\/#organization"}},{"@type":"WebPage","@id":"https:\/\/www.estrategiaconcursos.com.br\/blog\/provas-do-enem-2019\/","url":"https:\/\/www.estrategiaconcursos.com.br\/blog\/provas-do-enem-2019\/","name":"Provas do ENEM 2019 ser\u00e3o aplicadas nos dias 3 e 10 de novembro","isPartOf":{"@id":"https:\/\/www.estrategiaconcursos.com.br\/blog\/#website"},"datePublished":"2019-02-28T13:00:37+00:00","dateModified":"2022-09-09T21:19:12+00:00","description":"Enem 2019: Inep divulga data das provas com exames marcados para serem aplicados nos dias 3 e 10 de novembro; Saiba mais!!","breadcrumb":{"@id":"https:\/\/www.estrategiaconcursos.com.br\/blog\/provas-do-enem-2019\/#breadcrumb"},"inLanguage":"pt-BR","potentialAction":[{"@type":"ReadAction","target":["https:\/\/www.estrategiaconcursos.com.br\/blog\/provas-do-enem-2019\/"]}]},{"@type":"BreadcrumbList","@id":"https:\/\/www.estrategiaconcursos.com.br\/blog\/provas-do-enem-2019\/#breadcrumb","itemListElement":[{"@type":"ListItem","position":1,"name":"In\u00edcio","item":"https:\/\/www.estrategiaconcursos.com.br\/blog\/"},{"@type":"ListItem","position":2,"name":"Provas do ENEM 2019 ser\u00e3o aplicadas nos dias 3 e 10 de novembro"}]},{"@type":"WebSite","@id":"https:\/\/www.estrategiaconcursos.com.br\/blog\/#website","url":"https:\/\/www.estrategiaconcursos.com.br\/blog\/","name":"Estrat\u00e9gia Concursos","description":"O blog da Estrat\u00e9gia Concursos traz not\u00edcias sobre concursos e artigos de professores oferecendo cursos para concursos (pdf + videaulas) no site.","publisher":{"@id":"https:\/\/www.estrategiaconcursos.com.br\/blog\/#organization"},"potentialAction":[{"@type":"SearchAction","target":{"@type":"EntryPoint","urlTemplate":"https:\/\/www.estrategiaconcursos.com.br\/blog\/?s={search_term_string}"},"query-input":{"@type":"PropertyValueSpecification","valueRequired":true,"valueName":"search_term_string"}}],"inLanguage":"pt-BR"},{"@type":"Organization","@id":"https:\/\/www.estrategiaconcursos.com.br\/blog\/#organization","name":"Estrat\u00e9gia Concursos","url":"https:\/\/www.estrategiaconcursos.com.br\/blog\/","logo":{"@type":"ImageObject","inLanguage":"pt-BR","@id":"https:\/\/www.estrategiaconcursos.com.br\/blog\/#\/schema\/logo\/image\/","url":"https:\/\/dhg1h5j42swfq.cloudfront.net\/2025\/06\/03203428\/logo_concursos-1.jpg","contentUrl":"https:\/\/dhg1h5j42swfq.cloudfront.net\/2025\/06\/03203428\/logo_concursos-1.jpg","width":230,"height":60,"caption":"Estrat\u00e9gia Concursos"},"image":{"@id":"https:\/\/www.estrategiaconcursos.com.br\/blog\/#\/schema\/logo\/image\/"},"sameAs":["https:\/\/x.com\/EstratConcursos"]},{"@type":"Person","@id":"https:\/\/www.estrategiaconcursos.com.br\/blog\/#\/schema\/person\/86e4af37234d422e94ca7e825b416814","name":"Daniel dos Reis Lopes","image":{"@type":"ImageObject","inLanguage":"pt-BR","@id":"https:\/\/secure.gravatar.com\/avatar\/ea24ef981da4044d0a66f44402441129fdde22c4c8d87f39a45cae8d4f82075a?s=96&d=mm&r=g","url":"https:\/\/secure.gravatar.com\/avatar\/ea24ef981da4044d0a66f44402441129fdde22c4c8d87f39a45cae8d4f82075a?s=96&d=mm&r=g","contentUrl":"https:\/\/secure.gravatar.com\/avatar\/ea24ef981da4044d0a66f44402441129fdde22c4c8d87f39a45cae8d4f82075a?s=96&d=mm&r=g","caption":"Daniel dos Reis Lopes"},"url":"https:\/\/www.estrategiaconcursos.com.br\/blog\/author\/d-reislopesgmail-com\/"}]}},"_links":{"self":[{"href":"https:\/\/www.estrategiaconcursos.com.br\/blog\/wp-json\/wp\/v2\/posts\/168614","targetHints":{"allow":["GET"]}}],"collection":[{"href":"https:\/\/www.estrategiaconcursos.com.br\/blog\/wp-json\/wp\/v2\/posts"}],"about":[{"href":"https:\/\/www.estrategiaconcursos.com.br\/blog\/wp-json\/wp\/v2\/types\/post"}],"author":[{"embeddable":true,"href":"https:\/\/www.estrategiaconcursos.com.br\/blog\/wp-json\/wp\/v2\/users\/263"}],"replies":[{"embeddable":true,"href":"https:\/\/www.estrategiaconcursos.com.br\/blog\/wp-json\/wp\/v2\/comments?post=168614"}],"version-history":[{"count":5,"href":"https:\/\/www.estrategiaconcursos.com.br\/blog\/wp-json\/wp\/v2\/posts\/168614\/revisions"}],"predecessor-version":[{"id":1092329,"href":"https:\/\/www.estrategiaconcursos.com.br\/blog\/wp-json\/wp\/v2\/posts\/168614\/revisions\/1092329"}],"wp:attachment":[{"href":"https:\/\/www.estrategiaconcursos.com.br\/blog\/wp-json\/wp\/v2\/media?parent=168614"}],"wp:term":[{"taxonomy":"category","embeddable":true,"href":"https:\/\/www.estrategiaconcursos.com.br\/blog\/wp-json\/wp\/v2\/categories?post=168614"},{"taxonomy":"post_tag","embeddable":true,"href":"https:\/\/www.estrategiaconcursos.com.br\/blog\/wp-json\/wp\/v2\/tags?post=168614"},{"taxonomy":"tax_estado","embeddable":true,"href":"https:\/\/www.estrategiaconcursos.com.br\/blog\/wp-json\/wp\/v2\/tax_estado?post=168614"}],"curies":[{"name":"wp","href":"https:\/\/api.w.org\/{rel}","templated":true}]}}