{"id":1685674,"date":"2025-12-19T18:00:00","date_gmt":"2025-12-19T21:00:00","guid":{"rendered":"https:\/\/www.estrategiaconcursos.com.br\/blog\/?p=1685674"},"modified":"2025-12-30T14:52:30","modified_gmt":"2025-12-30T17:52:30","slug":"concurso-editais-semana-15-a-19-12","status":"publish","type":"post","link":"https:\/\/www.estrategiaconcursos.com.br\/blog\/concurso-editais-semana-15-a-19-12\/","title":{"rendered":"Concursos P\u00fablicos: 36 editais esta semana; 11,5 mil vagas"},"content":{"rendered":"\n<p style=\"font-size:clamp(16.293px, 1.018rem + ((1vw - 3.2px) * 0.854), 25px);\"><strong><em>Saiba sobre todos os editais da semana!<\/em><\/strong><\/p>\n\n\n\n<p>Entramos oficialmente na reta final de 2025! Durante esta <strong>semana<\/strong>, os concurseiros tiveram a chance de retomar <strong>editais<\/strong> divulgados ao longo do ano. <\/p>\n\n\n\n<p>Mesmo com gigantes que abriram e fecharam suas portas nos \u00faltimos 12 meses, os \u00faltimos dias trouxeram, tamb\u00e9m, <strong>concursos p\u00fablicos pra l\u00e1 de atrativos<\/strong>, com <strong>diversas oportunidades \u00fanicas.<\/strong><\/p>\n\n\n\n<p>Na <strong>\u00faltima semana<\/strong>, chegaram \u00e0 pra\u00e7a <strong>36 editais<\/strong> para as \u00e1reas de Sa\u00fade, Legislativa, Fiscal, Administrativa e de Seguran\u00e7a P\u00fablica, com um total de <strong>11.500 vagas<\/strong> e <strong>sal\u00e1rios de at\u00e9 R$ 37.765,55<\/strong>.<\/p>\n\n\n\n<p>Entre os destaques, est\u00e3o o <strong>concurso da Sefaz RN<\/strong>, que garantiu <strong>100 novas oportunidades para Auditor Fiscal e sal\u00e1rios de at\u00e9 R$ 32,8 mil.<\/strong><\/p>\n\n\n\n<p>Al\u00e9m deste, a Assembleia Legislativa do Mato Grosso do Sul (AL MS) decidiu abrir suas portas para novos servidores. <strong>S\u00e3o 80 vagas mais cadastro reserva<\/strong> e <strong>sal\u00e1rios de at\u00e9 R$ 8 mil.<\/strong><\/p>\n\n\n\n<p>E n\u00e3o para por a\u00ed, j\u00e1 que um novo <strong>processo seletivo para os Bombeiros de Santa Catarina<\/strong> tamb\u00e9m alcan\u00e7ou a pra\u00e7a, trazendo 630 vagas e sal\u00e1rios de R$ 8 mil.<\/p>\n\n\n\n<p>Quer ainda mais concursos importantes? Ent\u00e3o, n\u00e3o podemos deixar de mencionar os concursos <strong>Proderj<\/strong> e <strong>SEMA AM<\/strong>, ambos de grande import\u00e2ncia estadual. <\/p>\n\n\n\n<p>Juntos, s\u00e3o quase 500 vagas para cargos de n\u00edveis m\u00e9dio e superior, com remunera\u00e7\u00f5es que alcan\u00e7am <strong>R$ 11 mil.<\/strong><\/p>\n\n\n\n<p>Quer ficar informado sobre TODOS os novos editais de concursos publicados na \u00faltima semana? <em><strong>Confira mais informa\u00e7\u00f5es ao longo deste artigo!<\/strong><\/em><\/p>\n\n\n\n<div class=\"container\" id=\"boxes\">\n  <div class=\"row\">\n\n    <div class=\"col-sm\">\n      <div class=\"banner-estrat-corj\" id=\"box-assinatura\">\n        <h3 class=\"titulo-assinatura\" style=\"text-align: left;\">Cursos para Concursos<\/h3>\n        <p class=\"subtitulo-assinatura\" style=\"text-align: left;\">Conhe\u00e7a os cursos<\/p>\n        <div class=\"box-botao\" style=\"text-align: left;\">\n          <a class=\"btn-assinatura\" target=\"_blank\" href=\"https:\/\/www.estrategiaconcursos.com.br\/cursos\/concurso\/\" role=\"button\" rel=\"noopener noreferrer\">CLIQUE AQUI<\/a>\n        <\/div>\n      <\/div><\/div><\/div><\/div>\n\n\n\n<ul id=\"indice\" class=\"wp-block-list\">\n<li><a href=\"#seguranca\">Seguran\u00e7a p\u00fablica<\/a><\/li>\n\n\n\n<li><a href=\"#saude\">Sa\u00fade<\/a><\/li>\n\n\n\n<li><a href=\"#ecj\">Carreiras Jur\u00eddicas<\/a><\/li>\n\n\n\n<li><a href=\"#educacao\">Educa\u00e7\u00e3o<\/a><\/li>\n\n\n\n<li><a href=\"#camaras\">\u00c1rea Legislativa<\/a><\/li>\n\n\n\n<li><a href=\"#fiscal\">Fiscal<\/a><\/li>\n\n\n\n<li><a href=\"#outras\">Oportunidades em outras \u00e1reas<\/a><\/li>\n\n\n\n<li><a href=\"#prefeituras\">Prefeituras Municipais<\/a><\/li>\n<\/ul>\n\n\n\n<h3 class=\"wp-block-heading has-text-align-center has-background\" id=\"seguranca\" style=\"background-color:#e1eaf2\">Seguran\u00e7a p\u00fablica<\/h3>\n\n\n\n<h3 class=\"wp-block-heading\" id=\"h-gcm-aquari-sc\"><a href=\"https:\/\/www.estrategiaconcursos.com.br\/blog\/concurso-gcm-araquari-sc\/\" target=\"_blank\" rel=\"noreferrer noopener\">GCM Aquari<\/a> (SC)<\/h3>\n\n\n\n<ul class=\"wp-block-list\">\n<li><strong>Banca:<\/strong> Fundatec<\/li>\n\n\n\n<li><strong>Per\u00edodo de inscri\u00e7\u00f5es:<\/strong> at\u00e9 14\/01\/2026<\/li>\n\n\n\n<li><strong>Data da prova<\/strong>: 08\/02<\/li>\n\n\n\n<li><strong>Vagas:<\/strong> 12 + CR<\/li>\n\n\n\n<li><strong>Sal\u00e1rio inicial:<\/strong> R$ 3.676,37&nbsp;<\/li>\n\n\n\n<li><strong>Edital:<\/strong> <a href=\"https:\/\/dhg1h5j42swfq.cloudfront.net\/2025\/12\/18145332\/edital-araquari-sc-2025.pdf?utm_source=google&amp;utm_medium=cpc&amp;utm_campaign=ec-vd-gsh-DSA\" target=\"_blank\" rel=\"noreferrer noopener nofollow\">GCM Araquari 2025<\/a><\/li>\n<\/ul>\n\n\n\n<h3 class=\"wp-block-heading\" id=\"h-pss-bombeiros-sc\"><a href=\"https:\/\/www.estrategiaconcursos.com.br\/blog\/pss-bombeiros-sc-edital\/\" target=\"_blank\" rel=\"noreferrer noopener\">PSS Bombeiros SC<\/a><\/h3>\n\n\n\n<ul class=\"wp-block-list\">\n<li><strong>Banca:<\/strong> Idecan<\/li>\n\n\n\n<li><strong>Per\u00edodo de inscri\u00e7\u00f5es:<\/strong> at\u00e9 19\/01<\/li>\n\n\n\n<li><strong>Data da prova<\/strong>: 01\/03<\/li>\n\n\n\n<li><strong>Vagas:<\/strong> 630 <\/li>\n\n\n\n<li><strong>Sal\u00e1rio inicial:<\/strong> R$ 8.015,00<\/li>\n\n\n\n<li><strong>Edital:<\/strong> <a href=\"https:\/\/dhg1h5j42swfq.cloudfront.net\/2025\/12\/18164955\/edital-pss-cbm-sc-2025.pdf?utm_source=google&amp;utm_medium=cpc&amp;utm_campaign=ec-vd-gsh-DSA\" target=\"_blank\" rel=\"noreferrer noopener nofollow\">PSS CBM SC-2025<\/a><\/li>\n<\/ul>\n\n\n\n<h3 class=\"wp-block-heading\" id=\"h-policia-cientifica-sc\"><a href=\"https:\/\/www.estrategiaconcursos.com.br\/blog\/concurso-policia-cientifica-sc-edital-publicado-2026\/\" target=\"_blank\" rel=\"noreferrer noopener\">Pol\u00edcia Cient\u00edfica SC<\/a><\/h3>\n\n\n\n<ul class=\"wp-block-list\">\n<li><strong>Banca:<\/strong> Fepese<\/li>\n\n\n\n<li><strong>Per\u00edodo de inscri\u00e7\u00f5es:<\/strong> at\u00e9 19\/01<\/li>\n\n\n\n<li><strong>Data da prova<\/strong>: 22\/02<\/li>\n\n\n\n<li><strong>Vagas:<\/strong> 60 + CR<\/li>\n\n\n\n<li><strong>Sal\u00e1rio inicial:<\/strong> R$ 8.015,00<\/li>\n\n\n\n<li><strong>Edital:<\/strong> <a href=\"https:\/\/dhg1h5j42swfq.cloudfront.net\/2025\/12\/19164838\/2025_001_cp_pci.pdf\" target=\"_blank\" rel=\"noreferrer noopener nofollow\">Pol\u00edcia Cient\u00edfica SC-2025<\/a><\/li>\n<\/ul>\n\n\n\n<h3 class=\"wp-block-heading has-text-align-center has-background\" id=\"saude\" style=\"background-color:#e1eaf2\">Sa\u00fade<\/h3>\n\n\n\n<h3 class=\"wp-block-heading\" id=\"h-fundo-municipal-de-saude-de-catalao-fms-catalao\"><a href=\"https:\/\/www.estrategiaconcursos.com.br\/blog\/concurso-fms-catalao-go\/\" target=\"_blank\" rel=\"noreferrer noopener\">Fundo Municipal de Sa\u00fade de Catal\u00e3o<\/a> (FMS Catal\u00e3o)<\/h3>\n\n\n\n<ul class=\"wp-block-list\">\n<li><strong>Banca:<\/strong> Aroeira<\/li>\n\n\n\n<li><strong>Per\u00edodo de inscri\u00e7\u00f5es:<\/strong> at\u00e9 28\/12<\/li>\n\n\n\n<li><strong>Data da prova<\/strong>: 25\/01\/2026<\/li>\n\n\n\n<li><strong>Vagas:<\/strong> 611 + 2.920 CR<\/li>\n\n\n\n<li><strong>Sal\u00e1rio inicial:<\/strong> R$ 1.777,90 a R$ 22.147,42<\/li>\n\n\n\n<li><strong>Edital:<\/strong> <a href=\"https:\/\/dhg1h5j42swfq.cloudfront.net\/2025\/12\/16095737\/edital-concurso-fms-catalao-go.pdf?utm_source=google&amp;utm_medium=cpc&amp;utm_campaign=ec-vd-gsh-DSA\" target=\"_blank\" rel=\"noreferrer noopener nofollow\">FMS Catal\u00e3o 2025<\/a><\/li>\n<\/ul>\n\n\n\n<h3 class=\"wp-block-heading has-text-align-center has-background\" id=\"ecj\" style=\"background-color:#e1eaf2\">Carreiras Jur\u00eddicas<\/h3>\n\n\n\n<h3 class=\"wp-block-heading\" id=\"h-tribunal-regional-federal-da-2\u00aa-regiao-trf\"><a href=\"https:\/\/cj.estrategia.com\/portal\/concurso-trf2-juiz-federal\/\" target=\"_blank\" rel=\"noreferrer noopener\">Tribunal Regional Federal da 2\u00aa Regi\u00e3o<\/a> (TRF)<\/h3>\n\n\n\n<ul class=\"wp-block-list\">\n<li><strong>Banca:<\/strong> FGV<\/li>\n\n\n\n<li><strong>Per\u00edodo de inscri\u00e7\u00f5es:<\/strong> 22\/12 a 22\/01\/2026<\/li>\n\n\n\n<li><strong>Data da prova<\/strong>: 12\/04\/2026<\/li>\n\n\n\n<li><strong>Vagas:<\/strong> 27 + CR<\/li>\n\n\n\n<li><strong>Sal\u00e1rio inicial:<\/strong> R$ 37.765,55<\/li>\n\n\n\n<li><strong>Edital:<\/strong> <a href=\"https:\/\/cj.estrategia.com\/portal\/wp-content\/uploads\/2025\/12\/16174212\/edital-trf2.pdf\" target=\"_blank\" rel=\"noreferrer noopener nofollow\">TRF2 Juiz 2025<\/a><\/li>\n<\/ul>\n\n\n\n<h3 class=\"wp-block-heading\" id=\"h-tribunal-de-justica-do-estado-de-goias-tjgo\"><a href=\"https:\/\/cj.estrategia.com\/portal\/edital-juiz-tjgo-publicado\/\" target=\"_blank\" rel=\"noreferrer noopener\">Tribunal de Justi\u00e7a do Estado de Goi\u00e1s<\/a> (TJGO)<\/h3>\n\n\n\n<ul class=\"wp-block-list\">\n<li><strong>Banca:<\/strong> FGV<\/li>\n\n\n\n<li><strong>Per\u00edodo de inscri\u00e7\u00f5es:<\/strong> 29\/12 a 29\/01\/2026<\/li>\n\n\n\n<li><strong>Data da prova<\/strong>: 29\/03<\/li>\n\n\n\n<li><strong>Vagas:<\/strong> 51<\/li>\n\n\n\n<li><strong>Sal\u00e1rio inicial:<\/strong> R$ 34.083,41<\/li>\n\n\n\n<li><strong>Edital:<\/strong> <a href=\"https:\/\/cj.estrategia.com\/portal\/wp-content\/uploads\/2025\/12\/17115333\/Edital-TJGO-2026.pdf\" target=\"_blank\" rel=\"noreferrer noopener\">Magistratura GO 2025<\/a><\/li>\n<\/ul>\n\n\n\n<h3 class=\"wp-block-heading\" id=\"h-camara-de-boa-vista-rr\"><a href=\"https:\/\/cj.estrategia.com\/portal\/concurso-procurador-camara-de-boa-vista-rr\/\" target=\"_blank\" rel=\"noreferrer noopener\">C\u00e2mara de Boa Vista<\/a> (RR)<\/h3>\n\n\n\n<ul class=\"wp-block-list\">\n<li><strong>Banca:<\/strong> Cebraspe<\/li>\n\n\n\n<li><strong>Per\u00edodo de inscri\u00e7\u00f5es:<\/strong> 29\/12 a 19\/01\/2026<\/li>\n\n\n\n<li><strong>Data da prova<\/strong>: 22\/03\/2026<\/li>\n\n\n\n<li><strong>Vagas:<\/strong> 3 + 5 CR<\/li>\n\n\n\n<li><strong>Sal\u00e1rio inicial:<\/strong> R$ 11.500,00<\/li>\n\n\n\n<li><strong>Edital:<\/strong> <a href=\"https:\/\/cj.estrategia.com\/portal\/wp-content\/uploads\/2025\/10\/17121903\/E24AD8254D3FF8B53D6E88A6D96C45AB7925FAA7C60218881A5C3F595FF18102.pdf\" target=\"_blank\" rel=\"noreferrer noopener nofollow\">Edital CM Boa Vista<\/a><\/li>\n<\/ul>\n\n\n\n<h3 class=\"wp-block-heading\" id=\"h-cartorios-ba\"><a href=\"https:\/\/cj.estrategia.com\/portal\/edital-cartorios-ba\/\" target=\"_blank\" rel=\"noreferrer noopener\">Cart\u00f3rios BA<\/a><\/h3>\n\n\n\n<ul class=\"wp-block-list\">\n<li><strong>Banca:<\/strong> Cebraspe<\/li>\n\n\n\n<li><strong>Per\u00edodo de inscri\u00e7\u00f5es:<\/strong> 06\/03 a 05\/04<\/li>\n\n\n\n<li><strong>Data da prova<\/strong>: 21\/07\/2026<\/li>\n\n\n\n<li><strong>Vagas:<\/strong> 305<\/li>\n\n\n\n<li><strong>Sal\u00e1rio inicial:<\/strong> rendimento l\u00edquido do cart\u00f3rio<\/li>\n\n\n\n<li><strong>Edital:<\/strong> <a href=\"https:\/\/cj.estrategia.com\/portal\/wp-content\/uploads\/2025\/12\/18081020\/3952-1.pdf\" target=\"_blank\" rel=\"noreferrer noopener\">Cart\u00f3rios BA 2025<\/a><\/li>\n<\/ul>\n\n\n\n<h3 class=\"wp-block-heading has-text-align-center has-background\" id=\"educacao\" style=\"background-color:#e1eaf2\">Educa\u00e7\u00e3o<\/h3>\n\n\n\n<h3 class=\"wp-block-heading\" id=\"h-nbsp-secretaria-de-educacao-do-estado-do-piaui-nbsp-seduc-pi\">&nbsp;<a href=\"https:\/\/www.estrategiaconcursos.com.br\/blog\/concurso-seduc-pi\/\" target=\"_blank\" rel=\"noreferrer noopener\">Secretaria de Educa\u00e7\u00e3o do Estado do Piau\u00ed<\/a>&nbsp;(Seduc PI)<\/h3>\n\n\n\n<ul class=\"wp-block-list\">\n<li><strong>Banca:<\/strong> Cebraspe<\/li>\n\n\n\n<li><strong>Per\u00edodo de inscri\u00e7\u00f5es:<\/strong> 22\/12 a 20\/01\/2026<\/li>\n\n\n\n<li><strong>Data da prova<\/strong>: 01\/03\/2026<\/li>\n\n\n\n<li><strong>Vagas:<\/strong> 4.000<\/li>\n\n\n\n<li><strong>Sal\u00e1rio inicial:<\/strong> R$ 2.492,09 a R$ 5.250,83<\/li>\n\n\n\n<li><strong>Edital:<\/strong> <strong><a href=\"https:\/\/dhg1h5j42swfq.cloudfront.net\/2025\/12\/16222402\/edital-seduc-pi-2025.pdf?utm_source=google&amp;utm_medium=cpc&amp;utm_campaign=ec-vd-gsh-DSA\" target=\"_blank\" rel=\"noreferrer noopener nofollow\">Seduc PI 2025<\/a><\/strong><\/li>\n<\/ul>\n\n\n\n<h3 class=\"wp-block-heading\" id=\"h-instituto-federal-de-educacao-ciencia-e-tecnologia-de-mato-grosso-nbsp-ifmt\"><a href=\"https:\/\/www.estrategiaconcursos.com.br\/blog\/concurso-ifmt\/\" target=\"_blank\" rel=\"noreferrer noopener\">Instituto Federal de Educa\u00e7\u00e3o, Ci\u00eancia e Tecnologia de Mato Grosso<\/a>&nbsp;(IFMT)<\/h3>\n\n\n\n<ul class=\"wp-block-list\">\n<li><strong>Banca:<\/strong> comiss\u00e3o pr\u00f3pria<\/li>\n\n\n\n<li><strong>Per\u00edodo de inscri\u00e7\u00f5es:<\/strong> 20\/12 a 05\/01\/2026<\/li>\n\n\n\n<li><strong>Data da prova<\/strong>: 25\/01\/2026<\/li>\n\n\n\n<li><strong>Vagas:<\/strong> 20<\/li>\n\n\n\n<li><strong>Sal\u00e1rio inicial:<\/strong> at\u00e9 R$ 14.463,85 mil<\/li>\n\n\n\n<li><strong>Edital:<\/strong> <a href=\"https:\/\/dhg1h5j42swfq.cloudfront.net\/2025\/12\/17062510\/edital-no-2-de-12-de-dezembro-de-2025-edital-no-2-de-12-de-dezembro-de-2025-dou-imprensa-nacional.pdf?utm_source=google&amp;utm_medium=cpc&amp;utm_campaign=ec-vd-gsh-DSA\" target=\"_blank\" rel=\"noreferrer noopener nofollow\">IFMT Professor 2025<\/a><\/li>\n<\/ul>\n\n\n\n<h3 class=\"wp-block-heading\" id=\"h-secretaria-municipal-de-educacao-de-sao-jose-dos-campos-sme-sao-jose-dos-campos-sp\"><a href=\"https:\/\/www.estrategiaconcursos.com.br\/blog\/concurso-sme-sao-jose-dos-campos\/\" target=\"_blank\" rel=\"noreferrer noopener\">Secretaria Municipal de Educa\u00e7\u00e3o de S\u00e3o Jos\u00e9 dos Campos<\/a> (SME S\u00e3o Jos\u00e9 dos Campos &#8211; SP)<\/h3>\n\n\n\n<ul class=\"wp-block-list\">\n<li><strong>Banca:<\/strong> FGV<\/li>\n\n\n\n<li><strong>Per\u00edodo de inscri\u00e7\u00f5es:<\/strong> 05\/01 a 03\/02<\/li>\n\n\n\n<li><strong>Data da prova<\/strong>: 29\/03 <\/li>\n\n\n\n<li><strong>Vagas:<\/strong> 18<\/li>\n\n\n\n<li><strong>Sal\u00e1rio inicial:<\/strong> 24, 38 hora\/aula + Hora de trabalho coletivo (HTC) obrigat\u00f3rio correspondente a 20%do vencimento base<\/li>\n\n\n\n<li><strong>Edital:<\/strong> <a href=\"https:\/\/dhg1h5j42swfq.cloudfront.net\/2023\/11\/17171144\/edital-sao-jose-dos-campos-professor-17-12-2025_.pdf?utm_source=google&amp;utm_medium=cpc&amp;utm_campaign=ec-vd-gsh-DSA\" target=\"_blank\" rel=\"noreferrer noopener nofollow\">SME S\u00e3o Jos\u00e9 dos Campos 2025<\/a><\/li>\n<\/ul>\n\n\n\n<h3 class=\"wp-block-heading\" id=\"h-secretaria-municipal-de-educacao-de-meleiros-sme-meleiros-sc\"><a href=\"https:\/\/www.estrategiaconcursos.com.br\/blog\/concurso-meleiro-sc-educacao\/\" target=\"_blank\" rel=\"noreferrer noopener\">Secretaria Municipal de Educa\u00e7\u00e3o de Meleiros<\/a> (SME Meleiros &#8211; SC)<\/h3>\n\n\n\n<ul class=\"wp-block-list\">\n<li><strong>Banca:<\/strong> FGV<\/li>\n\n\n\n<li><strong>Per\u00edodo de inscri\u00e7\u00f5es:<\/strong> at\u00e9 13\/01<\/li>\n\n\n\n<li><strong>Data da prova<\/strong>: 25\/01<\/li>\n\n\n\n<li><strong>Vagas:<\/strong> 8 + CR<\/li>\n\n\n\n<li><strong>Sal\u00e1rio inicial:<\/strong> R$ 1.797,42 e R$4.247,82<\/li>\n\n\n\n<li><strong>Edital:<\/strong> <a href=\"https:\/\/dhg1h5j42swfq.cloudfront.net\/2025\/12\/18134726\/concurso-meleiro.pdf?utm_source=google&amp;utm_medium=cpc&amp;utm_campaign=ec-vd-gsh-DSA\" target=\"_blank\" rel=\"noreferrer noopener\">Meleiro SC Educa\u00e7\u00e3o 2025<\/a><\/li>\n<\/ul>\n\n\n\n<h3 class=\"wp-block-heading has-text-align-center has-background\" id=\"camaras\" style=\"background-color:#e1eaf2\">\u00c1rea legislativa<\/h3>\n\n\n\n<h3 class=\"wp-block-heading\" id=\"h-assembleia-legislativa-do-mato-grosso-do-sul-al-ms\"><a href=\"https:\/\/www.estrategiaconcursos.com.br\/blog\/concurso-al-ms\/#\" target=\"_blank\" rel=\"noreferrer noopener\">Assembleia Legislativa do Mato Grosso do Sul<\/a> (AL MS)<\/h3>\n\n\n\n<ul class=\"wp-block-list\">\n<li><strong>Banca:<\/strong> FCC<\/li>\n\n\n\n<li><strong>Per\u00edodo de inscri\u00e7\u00f5es:<\/strong> 12\/01 a 02\/02\/2026<\/li>\n\n\n\n<li><strong>Data da prova<\/strong>: 29\/03\/2026<\/li>\n\n\n\n<li><strong>Vagas:<\/strong> 80 + CR<\/li>\n\n\n\n<li><strong>Sal\u00e1rio inicial:<\/strong> R$ 4.912,20 a R$ 8.060,65<\/li>\n\n\n\n<li><strong>Edital:<\/strong> <strong><a href=\"https:\/\/dhg1h5j42swfq.cloudfront.net\/2025\/12\/18220903\/edital-alms-2025.pdf\" target=\"_blank\" rel=\"noreferrer noopener nofollow\">Edital AL MS \u2013 2025<\/a><\/strong><\/li>\n<\/ul>\n\n\n\n<h3 class=\"wp-block-heading has-text-align-center has-background\" id=\"fiscal\" style=\"background-color:#e1eaf2\">Fiscal<\/h3>\n\n\n\n<h3 class=\"wp-block-heading\" id=\"h-iss-bauru-sp\"><a href=\"https:\/\/www.estrategiaconcursos.com.br\/blog\/concurso-iss-bauru\/\" target=\"_blank\" rel=\"noreferrer noopener\">ISS Bauru<\/a> (SP)<\/h3>\n\n\n\n<ul class=\"wp-block-list\">\n<li><strong>Banca:<\/strong> organiza\u00e7\u00e3o pr\u00f3pria<\/li>\n\n\n\n<li><strong>Per\u00edodo de inscri\u00e7\u00f5es:<\/strong> at\u00e9 29\/01<\/li>\n\n\n\n<li><strong>Data da prova<\/strong>: 01\/03 a 26\/04<\/li>\n\n\n\n<li><strong>Vagas:<\/strong> 05<\/li>\n\n\n\n<li><strong>Sal\u00e1rio inicial:<\/strong> R$ 5.808,50 + Pr\u00eamio por Produtividade<\/li>\n\n\n\n<li><strong>Edital:<\/strong> &nbsp;<a href=\"https:\/\/dhg1h5j42swfq.cloudfront.net\/2025\/12\/18113113\/concurso_514_anexo_1.pdf?utm_source=google&amp;utm_medium=cpc&amp;utm_campaign=ec-vd-gsh-DSA\" target=\"_blank\" rel=\"noreferrer noopener nofollow\">ISS Bauru 2025<\/a><\/li>\n<\/ul>\n\n\n\n<h3 class=\"wp-block-heading\" id=\"h-secretaria-de-fazenda-do-rio-grande-do-norte-sefaz-rn\"><a href=\"https:\/\/www.estrategiaconcursos.com.br\/blog\/concurso-sefaz-rn\/\" target=\"_blank\" rel=\"noreferrer noopener\">Secretaria de Fazenda do Rio Grande do Norte<\/a> (Sefaz RN)<\/h3>\n\n\n\n<ul class=\"wp-block-list\">\n<li><strong>Banca:<\/strong> Cebraspe<\/li>\n\n\n\n<li><strong>Per\u00edodo de inscri\u00e7\u00f5es:<\/strong> 26\/12 a 16\/01\/2026<\/li>\n\n\n\n<li><strong>Data da prova<\/strong>: 21 e 22\/03\/2026<\/li>\n\n\n\n<li><strong>Vagas:<\/strong> 50 + 50 CR<\/li>\n\n\n\n<li><strong>Sal\u00e1rio inicial:<\/strong> R$ 13.283,64 + gratifica\u00e7\u00e3o de at\u00e9 R$ 19,5 mil<\/li>\n\n\n\n<li><strong>Edital: <\/strong><a href=\"https:\/\/dhg1h5j42swfq.cloudfront.net\/2025\/12\/19103736\/edital-sefaz-rn-2025-estrategia-concursos.pdf\" target=\"_blank\" rel=\"noreferrer noopener nofollow\">Sefaz RN 2025<\/a><\/li>\n<\/ul>\n\n\n\n<h3 class=\"wp-block-heading has-text-align-center has-background\" id=\"outras\" style=\"background-color:#e1eaf2\">Outras oportunidades<\/h3>\n\n\n\n<h3 class=\"wp-block-heading\" id=\"h-nbsp-conselho-regional-de-farmacia-nbsp-do-distrito-federal-crf-df\">&nbsp;<a href=\"https:\/\/www.estrategiaconcursos.com.br\/blog\/concurso-crf-df\/\" target=\"_blank\" rel=\"noreferrer noopener\">Conselho Regional de Farm\u00e1cia&nbsp;do Distrito Federal<\/a> (CRF DF)<\/h3>\n\n\n\n<ul class=\"wp-block-list\">\n<li><strong>Banca:<\/strong> Instituto Quadrix<\/li>\n\n\n\n<li><strong>Per\u00edodo de inscri\u00e7\u00f5es:<\/strong>  at\u00e9 20\/01\/2026<\/li>\n\n\n\n<li><strong>Data da prova<\/strong>: 15\/03\/2026<\/li>\n\n\n\n<li><strong>Vagas:<\/strong> 3 + 147 CR<\/li>\n\n\n\n<li><strong>Sal\u00e1rio inicial:<\/strong> at\u00e9 R$ 6.642,46<\/li>\n\n\n\n<li><strong>Edital:<\/strong> <a href=\"https:\/\/dhg1h5j42swfq.cloudfront.net\/2025\/12\/15125533\/crf-df_concurso_publico_2025_edital_1_abertura.pdf?utm_source=google&amp;utm_medium=cpc&amp;utm_campaign=ec-vd-gsh-DSA\" target=\"_blank\" rel=\"noreferrer noopener nofollow\"><strong>CRF DF 2025<\/strong><\/a><\/li>\n<\/ul>\n\n\n\n<h3 class=\"wp-block-heading\" id=\"h-centro-de-tecnologia-de-informacao-e-comunicacao-do-estado-proderj\"><a href=\"https:\/\/www.estrategiaconcursos.com.br\/blog\/concurso-proderj\/\" target=\"_blank\" rel=\"noreferrer noopener\">Centro de Tecnologia de Informa\u00e7\u00e3o e Comunica\u00e7\u00e3o do Estado<\/a> (Proderj)<\/h3>\n\n\n\n<ul class=\"wp-block-list\">\n<li><strong>Banca:<\/strong> Instituto IBDO<\/li>\n\n\n\n<li><strong>Per\u00edodo de inscri\u00e7\u00f5es:<\/strong> 05\/01 a 04\/02\/2026<\/li>\n\n\n\n<li><strong>Data da prova<\/strong>: 22\/03\/2026<\/li>\n\n\n\n<li><strong>Vagas:<\/strong> 28<\/li>\n\n\n\n<li><strong>Sal\u00e1rio inicial:<\/strong> R$ 2.141,93 a R$ 4.549,35<\/li>\n\n\n\n<li><strong>Edital:<\/strong> <a href=\"https:\/\/dhg1h5j42swfq.cloudfront.net\/2025\/11\/17091926\/diariooficial-190-195.pdf?utm_source=google&amp;utm_medium=cpc&amp;utm_campaign=ec-vd-gsh-DSA\" target=\"_blank\" rel=\"noreferrer noopener nofollow\">Proderj 2025<\/a><\/li>\n<\/ul>\n\n\n\n<h3 class=\"wp-block-heading\" id=\"h-servico-autonomo-de-agua-e-esgotos-de-indaiatuba-saae-indaiatuba-sp\"><a href=\"https:\/\/www.estrategiaconcursos.com.br\/blog\/concurso-saae-indaiatuba\/\" target=\"_blank\" rel=\"noreferrer noopener\">Servi\u00e7o Aut\u00f4nomo de \u00c1gua e Esgotos de Indaiatuba<\/a> (SAAE Indaiatuba &#8211; SP)<\/h3>\n\n\n\n<ul class=\"wp-block-list\">\n<li><strong>Banca:<\/strong> Consulplan<\/li>\n\n\n\n<li><strong>Per\u00edodo de inscri\u00e7\u00f5es:<\/strong> at\u00e9 10\/02<\/li>\n\n\n\n<li><strong>Data da prova<\/strong>: 15\/03<\/li>\n\n\n\n<li><strong>Vagas:<\/strong> 110 + CR<\/li>\n\n\n\n<li><strong>Sal\u00e1rio inicial:<\/strong> R$ 2.426,50 a R$ 9.600,50<\/li>\n\n\n\n<li><strong>Edital:<\/strong> <a href=\"https:\/\/dhg1h5j42swfq.cloudfront.net\/2025\/12\/18155958\/1_922390.pdf?utm_source=google&amp;utm_medium=cpc&amp;utm_campaign=ec-vd-gsh-DSA\" target=\"_blank\" rel=\"noreferrer noopener nofollow\">SAAE Indaiatuba 2025<\/a><\/li>\n<\/ul>\n\n\n\n<h3 class=\"wp-block-heading\" id=\"h-secretaria-de-meio-ambiente-do-amazonas-sema-am\"><a href=\"https:\/\/www.estrategiaconcursos.com.br\/blog\/concurso-sema-am\/\" target=\"_blank\" rel=\"noreferrer noopener\">Secretaria de Meio Ambiente do Amazonas <\/a>(SEMA AM)<\/h3>\n\n\n\n<ul class=\"wp-block-list\">\n<li><strong>Banca:<\/strong> Cebraspe<\/li>\n\n\n\n<li><strong>Per\u00edodo de inscri\u00e7\u00f5es:<\/strong> 10 a 26\/01\/2026<\/li>\n\n\n\n<li><strong>Data da prova<\/strong>: 08\/03\/2026<\/li>\n\n\n\n<li><strong>Vagas:<\/strong> 159 + 318 CR<\/li>\n\n\n\n<li><strong>Sal\u00e1rio inicial:<\/strong> R$ 2.527,53 a R$ 11.079,52<\/li>\n\n\n\n<li><strong>Edital:<\/strong> <a href=\"https:\/\/dhg1h5j42swfq.cloudfront.net\/2025\/12\/19114146\/77c123421ff11854ccfe316623fd26b89c6953006a8c2d8ce47137741810d0b1-3.pdf\" target=\"_blank\" rel=\"noreferrer noopener nofollow\"><strong>Edital SEMA AM 2025<\/strong><\/a><\/li>\n<\/ul>\n\n\n\n<h3 class=\"wp-block-heading has-text-align-center has-background\" id=\"prefeituras\" style=\"background-color:#e1eaf2\">Prefeituras Municipais<\/h3>\n\n\n\n<h3 class=\"wp-block-heading\" id=\"h-prefeitura-de-alcantara-ma\"><a href=\"https:\/\/www.estrategiaconcursos.com.br\/blog\/concurso-prefeitura-alcantara\/\" target=\"_blank\" rel=\"noreferrer noopener\">Prefeitura de Alc\u00e2ntara<\/a> (MA)<\/h3>\n\n\n\n<ul class=\"wp-block-list\">\n<li><strong>Banca:<\/strong> FSADU<\/li>\n\n\n\n<li><strong>Per\u00edodo de inscri\u00e7\u00f5es:<\/strong> 06\/01 a 05\/02\/2026<\/li>\n\n\n\n<li><strong>Data da prova<\/strong>: 08\/03\/2026<\/li>\n\n\n\n<li><strong>Vagas:<\/strong> 161 + 287 CR<\/li>\n\n\n\n<li><strong>Sal\u00e1rio inicial:<\/strong> R$ 1.518,00 a R$ 5.500,00<\/li>\n\n\n\n<li><strong>Edital:<\/strong> <a href=\"https:\/\/dhg1h5j42swfq.cloudfront.net\/2025\/12\/15174413\/1365_edital_abertura_geral.pdf?utm_source=google&amp;utm_medium=cpc&amp;utm_campaign=ec-vd-gsh-DSA\" target=\"_blank\" rel=\"noreferrer noopener nofollow\">Alc\u00e2ntara 2025<\/a><\/li>\n<\/ul>\n\n\n\n<h3 class=\"wp-block-heading\" id=\"h-prefeitura-de-cajobi-sp\"><a href=\"https:\/\/www.estrategiaconcursos.com.br\/blog\/concurso-prefeitura-cajobi\/\" target=\"_blank\" rel=\"noreferrer noopener\">Prefeitura de Cajobi<\/a> (SP)<\/h3>\n\n\n\n<ul class=\"wp-block-list\">\n<li><strong>Banca:<\/strong> Fama Consultoria<\/li>\n\n\n\n<li><strong>Per\u00edodo de inscri\u00e7\u00f5es:<\/strong> at\u00e9 30\/12\/2025<\/li>\n\n\n\n<li><strong>Data da prova<\/strong>: 11\/01\/2026<\/li>\n\n\n\n<li><strong>Vagas:<\/strong> 44 + CR<\/li>\n\n\n\n<li><strong>Sal\u00e1rio inicial:<\/strong> R$ 1.333,20 a R$ 2.832,50<\/li>\n\n\n\n<li><strong>Edital:<\/strong> &nbsp;<a href=\"https:\/\/dhg1h5j42swfq.cloudfront.net\/2025\/12\/16104212\/cajobi.pdf?utm_source=google&amp;utm_medium=cpc&amp;utm_campaign=ec-vd-gsh-DSA\" target=\"_blank\" rel=\"noreferrer noopener nofollow\">Cajobi 2025<\/a><\/li>\n<\/ul>\n\n\n\n<h3 class=\"wp-block-heading\" id=\"h-prefeitura-de-atalanta-sc\"><a href=\"https:\/\/www.estrategiaconcursos.com.br\/blog\/concurso-prefeitura-atalanta\/\" target=\"_blank\" rel=\"noreferrer noopener\">Prefeitura de Atalanta<\/a> (SC)<\/h3>\n\n\n\n<ul class=\"wp-block-list\">\n<li><strong>Banca:<\/strong> SC Treinamentos<\/li>\n\n\n\n<li><strong>Per\u00edodo de inscri\u00e7\u00f5es:<\/strong> at\u00e9 15\/01\/2026<\/li>\n\n\n\n<li><strong>Data da prova<\/strong>: 08\/02\/2026<\/li>\n\n\n\n<li><strong>Vagas:<\/strong> 6 + CR<\/li>\n\n\n\n<li><strong>Sal\u00e1rio inicial:<\/strong> R$ 2.087,35 a R$ 5.579,72<\/li>\n\n\n\n<li><strong>Edital:<\/strong> <a href=\"https:\/\/dhg1h5j42swfq.cloudfront.net\/2025\/12\/16141229\/edital-at.pdf?utm_source=google&amp;utm_medium=cpc&amp;utm_campaign=ec-vd-gsh-DSA\" target=\"_blank\" rel=\"noreferrer noopener nofollow\">Atalanta 2025<\/a><\/li>\n<\/ul>\n\n\n\n<h3 class=\"wp-block-heading\" id=\"h-prefeitura-de-catende-pe\"><a href=\"https:\/\/www.estrategiaconcursos.com.br\/blog\/concurso-prefeitura-catende\/\" target=\"_blank\" rel=\"noreferrer noopener\">Prefeitura de Catende<\/a> (PE)<\/h3>\n\n\n\n<ul class=\"wp-block-list\">\n<li><strong>Banca:<\/strong> IEP<\/li>\n\n\n\n<li><strong>Per\u00edodo de inscri\u00e7\u00f5es:<\/strong> at\u00e9 05\/01\/2026<\/li>\n\n\n\n<li><strong>Data da prova<\/strong>: 01\/03\/2026<\/li>\n\n\n\n<li><strong>Vagas:<\/strong> 138 +  55 CR<\/li>\n\n\n\n<li><strong>Sal\u00e1rio inicial:<\/strong> R$ 1.525,60 a R$ 4.367,62<\/li>\n\n\n\n<li><strong>Edital:<\/strong> <a href=\"https:\/\/dhg1h5j42swfq.cloudfront.net\/2025\/12\/16154537\/catende.pdf?utm_source=google&amp;utm_medium=cpc&amp;utm_campaign=ec-vd-gsh-DSA\" target=\"_blank\" rel=\"noreferrer noopener nofollow\">Catende 2025<\/a><\/li>\n<\/ul>\n\n\n\n<h3 class=\"wp-block-heading\" id=\"h-prefeitura-de-barueri-sp\"><a href=\"https:\/\/www.estrategiaconcursos.com.br\/blog\/concurso-prefeitura-barueri\/\" target=\"_blank\" rel=\"noreferrer noopener\">Prefeitura de Barueri<\/a> (SP)<\/h3>\n\n\n\n<ul class=\"wp-block-list\">\n<li><strong>Banca:<\/strong> FCC<\/li>\n\n\n\n<li><strong>Per\u00edodo de inscri\u00e7\u00f5es:<\/strong> 05\/01 a 04\/02\/2026<\/li>\n\n\n\n<li><strong>Data da prova<\/strong>: 22\/03\/2026<\/li>\n\n\n\n<li><strong>Vagas:<\/strong> 102 + CR<\/li>\n\n\n\n<li><strong>Sal\u00e1rio inicial:<\/strong> R$ 2.300,00 a R$ 22.258,04<\/li>\n\n\n\n<li><strong>Edital:<\/strong> <a href=\"https:\/\/dhg1h5j42swfq.cloudfront.net\/2025\/12\/17144720\/pbaru125_edital_de_abertura_final-2.pdf\" target=\"_blank\" rel=\"noreferrer noopener nofollow\">Barueri 2025<\/a><\/li>\n<\/ul>\n\n\n\n<h3 class=\"wp-block-heading\" id=\"h-prefeitura-de-bauru-sp\"><a href=\"https:\/\/www.estrategiaconcursos.com.br\/blog\/concurso-prefeitura-bauru\/\" target=\"_blank\" rel=\"noreferrer noopener\">Prefeitura de Bauru<\/a> (SP)<\/h3>\n\n\n\n<ul class=\"wp-block-list\">\n<li><strong>Banca:<\/strong> organiza\u00e7\u00e3o pr\u00f3pria<\/li>\n\n\n\n<li><strong>Per\u00edodo de inscri\u00e7\u00f5es:<\/strong> at\u00e9 29\/01<\/li>\n\n\n\n<li><strong>Data da prova<\/strong>: 08, 15 e 29\/03<\/li>\n\n\n\n<li><strong>Vagas:<\/strong> 6<\/li>\n\n\n\n<li><strong>Sal\u00e1rio inicial:<\/strong> R$ 2.194,74 a R$ 5.038,63<\/li>\n\n\n\n<li><strong>Edital:<\/strong> <a href=\"https:\/\/dhg1h5j42swfq.cloudfront.net\/2025\/12\/18114044\/edital-no-192025-assistente-social.pdf?utm_source=google&amp;utm_medium=cpc&amp;utm_campaign=ec-vd-gsh-DSA\" target=\"_blank\" rel=\"noreferrer noopener\">Edital N\u00ba 19\/2025: Assistente Social<\/a> | <a href=\"https:\/\/dhg1h5j42swfq.cloudfront.net\/2025\/12\/18120435\/20-2025.pdf?utm_source=google&amp;utm_medium=cpc&amp;utm_campaign=ec-vd-gsh-DSA\" target=\"_blank\" rel=\"noreferrer noopener\">Edital N\u00ba 20\/2025: Fiscal de Posturas Municipais<\/a> | <a href=\"https:\/\/dhg1h5j42swfq.cloudfront.net\/2025\/12\/18115803\/21-2025.pdf?utm_source=google&amp;utm_medium=cpc&amp;utm_campaign=ec-vd-gsh-DSA\" target=\"_blank\" rel=\"noreferrer noopener\">Edital N\u00ba 21\/2025: Professor Substituto de Educa\u00e7\u00e3o B\u00e1sica \u2013 Especial<\/a> | <a href=\"https:\/\/dhg1h5j42swfq.cloudfront.net\/2025\/12\/18120432\/22-2025.pdf?utm_source=google&amp;utm_medium=cpc&amp;utm_campaign=ec-vd-gsh-DSA\" target=\"_blank\" rel=\"noreferrer noopener\">Edital N\u00ba 22\/2025: Psic\u00f3logo<\/a>| <a href=\"https:\/\/dhg1h5j42swfq.cloudfront.net\/2025\/12\/18115207\/23-2025.pdf?utm_source=google&amp;utm_medium=cpc&amp;utm_campaign=ec-vd-gsh-DSA\" target=\"_blank\" rel=\"noreferrer noopener\">Edital N\u00ba 23\/2025: Coordenador Pedag\u00f3gico de Ensino Fundamental<\/a> | <a href=\"https:\/\/dhg1h5j42swfq.cloudfront.net\/2025\/12\/18114753\/242025.pdf?utm_source=google&amp;utm_medium=cpc&amp;utm_campaign=ec-vd-gsh-DSA\" target=\"_blank\" rel=\"noreferrer noopener\">Edital N\u00ba 24\/2025: Coordenador Pedag\u00f3gico de Educa\u00e7\u00e3o Infantil<\/a><\/li>\n<\/ul>\n\n\n\n<h3 class=\"wp-block-heading\" id=\"h-prefeitura-de-bituruna-pr\"><a href=\"https:\/\/www.estrategiaconcursos.com.br\/blog\/concurso-prefeitura-bituruna\/\" target=\"_blank\" rel=\"noreferrer noopener\">Prefeitura de Bituruna<\/a> (PR)<\/h3>\n\n\n\n<ul class=\"wp-block-list\">\n<li><strong>Banca:<\/strong> Instituto Unifil<\/li>\n\n\n\n<li><strong>Per\u00edodo de inscri\u00e7\u00f5es:<\/strong> at\u00e9 19\/01<\/li>\n\n\n\n<li><strong>Data da prova<\/strong>: 01\/03<\/li>\n\n\n\n<li><strong>Vagas:<\/strong> 10 + CR<\/li>\n\n\n\n<li><strong>Sal\u00e1rio inicial:<\/strong>&nbsp;R$ 1.990,12 a R$ 4.867,77<\/li>\n\n\n\n<li><strong>Edital:<\/strong> <a href=\"https:\/\/dhg1h5j42swfq.cloudfront.net\/2025\/12\/18104053\/1765474935337.pdf?utm_source=google&amp;utm_medium=cpc&amp;utm_campaign=ec-vd-gsh-DSA\" target=\"_blank\" rel=\"noreferrer noopener nofollow\">Bituruna 2025<\/a><\/li>\n<\/ul>\n\n\n\n<h3 class=\"wp-block-heading\" id=\"h-prefeitura-de-mostardas-rs\"><a href=\"https:\/\/www.estrategiaconcursos.com.br\/blog\/concurso-prefeitura-mostardas\/\" target=\"_blank\" rel=\"noreferrer noopener\">Prefeitura de Mostardas<\/a> (RS)<\/h3>\n\n\n\n<ul class=\"wp-block-list\">\n<li><strong>Banca:<\/strong> Legalle<\/li>\n\n\n\n<li><strong>Per\u00edodo de inscri\u00e7\u00f5es:<\/strong> at\u00e9 13\/01<\/li>\n\n\n\n<li><strong>Data da prova<\/strong>: 08\/03<\/li>\n\n\n\n<li><strong>Vagas:<\/strong> 25 + CR<\/li>\n\n\n\n<li><strong>Sal\u00e1rio inicial:<\/strong> R$ 1.339,42 a R$ 21.111,85<\/li>\n\n\n\n<li><strong>Edital:<\/strong> <a href=\"https:\/\/dhg1h5j42swfq.cloudfront.net\/2025\/12\/17164520\/mostardas.pdf?utm_source=google&amp;utm_medium=cpc&amp;utm_campaign=ec-vd-gsh-DSA\" target=\"_blank\" rel=\"noreferrer noopener nofollow\">Mostardas 2025<\/a><\/li>\n<\/ul>\n\n\n\n<h3 class=\"wp-block-heading\" id=\"h-prefeitura-de-cachoeira-de-goias-go\"><a href=\"https:\/\/www.estrategiaconcursos.com.br\/blog\/concurso-prefeitura-cachoeira-de-goias\/\" target=\"_blank\" rel=\"noreferrer noopener\">Prefeitura de Cachoeira de Goi\u00e1s<\/a> (GO)<\/h3>\n\n\n\n<ul class=\"wp-block-list\">\n<li><strong>Banca:<\/strong> ITAME<\/li>\n\n\n\n<li><strong>Per\u00edodo de inscri\u00e7\u00f5es:<\/strong> 20\/01 a 20\/02<\/li>\n\n\n\n<li><strong>Data da prova<\/strong>: 29\/03<\/li>\n\n\n\n<li><strong>Vagas:<\/strong> 40 + 193 CR<\/li>\n\n\n\n<li><strong>Sal\u00e1rio inicial:<\/strong>&nbsp;R$ 1.553,32 a R$ 19.361,50<\/li>\n\n\n\n<li><strong>Edital:<\/strong>&nbsp;<a href=\"https:\/\/dhg1h5j42swfq.cloudfront.net\/2025\/12\/18164901\/cachoeira.pdf?utm_source=google&amp;utm_medium=cpc&amp;utm_campaign=ec-vd-gsh-DSA\" target=\"_blank\" rel=\"noreferrer noopener nofollow\">Prefeitura de Cachoeira de Goi\u00e1s 2025<\/a><\/li>\n<\/ul>\n\n\n\n<h3 class=\"wp-block-heading\" id=\"h-prefeitura-de-arraial-do-cabo-rj\"><a href=\"https:\/\/www.estrategiaconcursos.com.br\/blog\/concurso-prefeitura-arraial-do-cabo\/\" target=\"_blank\" rel=\"noreferrer noopener\">Prefeitura de Arraial do Cabo<\/a> (RJ)<\/h3>\n\n\n\n<ul class=\"wp-block-list\">\n<li><strong>Banca:<\/strong> IBAM<\/li>\n\n\n\n<li><strong>Per\u00edodo de inscri\u00e7\u00f5es:<\/strong> 07\/01 a 09\/02<\/li>\n\n\n\n<li><strong>Data da prova<\/strong>: at\u00e9 10\/02<\/li>\n\n\n\n<li><strong>Vagas:<\/strong> 73<\/li>\n\n\n\n<li><strong>Sal\u00e1rio inicial:<\/strong> R$ 1.850,07 a R$ 9.438,03<\/li>\n\n\n\n<li><strong>Edital:<\/strong> <a href=\"https:\/\/dhg1h5j42swfq.cloudfront.net\/2025\/12\/18155339\/ed-ar0225.pdf?utm_source=google&amp;utm_medium=cpc&amp;utm_campaign=ec-vd-gsh-DSA\" target=\"_blank\" rel=\"noreferrer noopener nofollow\">Arraial do Cabo 2025<\/a><\/li>\n<\/ul>\n\n\n\n<h3 class=\"wp-block-heading\" id=\"h-prefeitura-de-serraria-pb\"><a href=\"https:\/\/www.estrategiaconcursos.com.br\/blog\/concurso-prefeitura-serraria\/\" target=\"_blank\" rel=\"noreferrer noopener\">Prefeitura de Serraria<\/a> (PB)<\/h3>\n\n\n\n<ul class=\"wp-block-list\">\n<li><strong>Banca:<\/strong> IGEDUC<\/li>\n\n\n\n<li><strong>Per\u00edodo de inscri\u00e7\u00f5es:<\/strong> at\u00e9 29\/01\/2026<\/li>\n\n\n\n<li><strong>Data da prova<\/strong>: 22\/03\/2026<\/li>\n\n\n\n<li><strong>Vagas:<\/strong> 131<\/li>\n\n\n\n<li><strong>Sal\u00e1rio inicial:<\/strong> R$ 1.518,00 a R$ 5.313,00&nbsp;<\/li>\n\n\n\n<li><strong>Edital:<\/strong> <a href=\"https:\/\/dhg1h5j42swfq.cloudfront.net\/2025\/12\/19111337\/ed-serraria.pdf\" target=\"_blank\" rel=\"noreferrer noopener nofollow\">Serraria 2025<\/a><\/li>\n<\/ul>\n\n\n\n<h3 class=\"wp-block-heading\" id=\"h-prefeitura-de-iati-pe\"><a href=\"https:\/\/www.estrategiaconcursos.com.br\/blog\/concurso-prefeitura-iati\/\" target=\"_blank\" rel=\"noreferrer noopener\">Prefeitura de Iati<\/a> (PE)<\/h3>\n\n\n\n<ul class=\"wp-block-list\">\n<li><strong>Banca:<\/strong> Funvapi<\/li>\n\n\n\n<li><strong>Per\u00edodo de inscri\u00e7\u00f5es:<\/strong> at\u00e9 19\/01<\/li>\n\n\n\n<li><strong>Data da prova<\/strong>: 01\/02<\/li>\n\n\n\n<li><strong>Vagas:<\/strong> 609 <\/li>\n\n\n\n<li><strong>Sal\u00e1rio inicial:<\/strong> R$ 1.518,00 a R$ 4.867,67<\/li>\n\n\n\n<li><strong>Edital:<\/strong> <a href=\"https:\/\/dhg1h5j42swfq.cloudfront.net\/2025\/12\/19154621\/edital-02-iati-demais-cargos.pdf\" target=\"_blank\" rel=\"noreferrer noopener nofollow\">Iati 2025<\/a><\/li>\n<\/ul>\n\n\n\n<h3 class=\"wp-block-heading has-text-align-center\" id=\"h-quer-ficar-por-dentro-de-mais-informacoes-sobre-o-mundo-dos-concursos-alem-dos-editais-da-semana-entao-confira-as-principais-noticias-do-dia\"><em>Quer ficar por dentro de mais informa\u00e7\u00f5es sobre o mundo dos concursos, al\u00e9m dos editais da semana? Ent\u00e3o confira as principais not\u00edcias do dia!<\/em><\/h3>\n\n\n\n<p class=\"has-text-align-center has-background\" style=\"background-color:#ededed;font-size:clamp(14.642px, 0.915rem + ((1vw - 3.2px) * 0.721), 22px);px\"><strong><a href=\"https:\/\/www.estrategiaconcursos.com.br\/blog\/principais-noticias-do-dia\/\" target=\"_blank\" rel=\"noreferrer noopener\">Principais not\u00edcias do dia<\/a><\/strong><\/p>\n\n\n\n<div class=\"container\" id=\"boxes\">\r\n  <div class=\"row\">\r\n\r\n    <div class=\"col-sm\">\r\n      <div class=\"estrategia\" id=\"box-assinatura\">\r\n        <h3 class=\"titulo-assinatura\">Assinatura Concursos<\/h3>\r\n        <p class=\"subtitulo-assinatura\">Assinatura de 1 ano ou 2 anos<\/p>\r\n        <div class=\"box-botao\">\r\n          <a class=\"btn-assinatura\" target=\"_blank\" href=\"https:\/\/www.estrategiaconcursos.com.br\/assinaturas\/\" role=\"button\" rel=\"noopener noreferrer\">ASSINE AGORA<\/a>\r\n        <\/div>\r\n      <\/div><\/div><\/div><\/div>\n\n\n\n<h2 class=\"wp-block-heading has-text-align-center\" id=\"h-quer-saber-tudo-sobre-concursos-previstos-e-editais-da-semana-confira-os-nossos-artigos\">Quer saber tudo sobre concursos previstos e editais da semana?<br \/>Confira os nossos artigos!<\/h2>\n\n\n\n<ul class=\"wp-block-list\">\n<li><a href=\"https:\/\/www.estrategiaconcursos.com.br\/blog\/concursos-abertos\/\" target=\"_blank\" rel=\"noreferrer noopener\">Concursos Abertos<\/a><\/li>\n\n\n\n<li><a href=\"https:\/\/www.estrategiaconcursos.com.br\/blog\/concursos-prefeitura\/\" target=\"_blank\" rel=\"noreferrer noopener\">Concursos Abertos Prefeitura<\/a><\/li>\n\n\n\n<li><a href=\"https:\/\/www.estrategiaconcursos.com.br\/blog\/concursos-2026\/\" target=\"_blank\" rel=\"noreferrer noopener\">Concursos 2026<\/a><\/li>\n<\/ul>\n","protected":false},"excerpt":{"rendered":"<p>Saiba sobre todos os editais da semana! Entramos oficialmente na reta final de 2025! Durante esta semana, os concurseiros tiveram a chance de retomar editais divulgados ao longo do ano. Mesmo com gigantes que abriram e fecharam suas portas nos \u00faltimos 12 meses, os \u00faltimos dias trouxeram, tamb\u00e9m, concursos p\u00fablicos pra l\u00e1 de atrativos, com [&hellip;]<\/p>\n","protected":false},"author":2692,"featured_media":1445265,"comment_status":"open","ping_status":"closed","sticky":false,"template":"","format":"standard","meta":{"post_tipo":"news","footnotes":""},"categories":[1,220219],"tags":[],"tax_estado":[219963],"class_list":["post-1685674","post","type-post","status-publish","format-standard","has-post-thumbnail","hentry","category-cursos-e-concursos","category-noticias","tax_estado-concursos-federais"],"acf":[],"yoast_head":"<!-- This site is optimized with the Yoast SEO Premium plugin v27.2 (Yoast SEO v27.2) - https:\/\/yoast.com\/product\/yoast-seo-premium-wordpress\/ -->\n<title>Concursos P\u00fablicos: 36 editais esta semana; 11,5 mil vagas<\/title>\n<meta name=\"description\" content=\"Concurso P\u00fablico 2025: 36 editais sa\u00edram ao longo desta semana (15 a 19\/12). Confira o n\u00famero de oportunidades, remunera\u00e7\u00e3o e datas\" \/>\n<meta name=\"robots\" content=\"index, follow, max-snippet:-1, max-image-preview:large, max-video-preview:-1\" \/>\n<link rel=\"canonical\" href=\"https:\/\/www.estrategiaconcursos.com.br\/blog\/concurso-editais-semana-15-a-19-12\/\" \/>\n<meta property=\"og:locale\" content=\"pt_BR\" \/>\n<meta property=\"og:type\" content=\"article\" \/>\n<meta property=\"og:title\" content=\"Concursos P\u00fablicos: 36 editais esta semana; 11,5 mil vagas\" \/>\n<meta property=\"og:description\" content=\"Concurso P\u00fablico 2025: 36 editais sa\u00edram ao longo desta semana (15 a 19\/12). Confira o n\u00famero de oportunidades, remunera\u00e7\u00e3o e datas\" \/>\n<meta property=\"og:url\" content=\"https:\/\/www.estrategiaconcursos.com.br\/blog\/concurso-editais-semana-15-a-19-12\/\" \/>\n<meta property=\"og:site_name\" content=\"Estrat\u00e9gia Concursos\" \/>\n<meta property=\"article:published_time\" content=\"2025-12-19T21:00:00+00:00\" \/>\n<meta property=\"article:modified_time\" content=\"2025-12-30T17:52:30+00:00\" \/>\n<meta property=\"og:image\" content=\"https:\/\/dhg1h5j42swfq.cloudfront.net\/2024\/08\/14120803\/concursos-2025-1.png\" \/>\n\t<meta property=\"og:image:width\" content=\"692\" \/>\n\t<meta property=\"og:image:height\" content=\"393\" \/>\n\t<meta property=\"og:image:type\" content=\"image\/png\" \/>\n<meta name=\"author\" content=\"Ronaldo Scanavini Neto\" \/>\n<meta name=\"twitter:card\" content=\"summary_large_image\" \/>\n<meta name=\"twitter:creator\" content=\"@EstratConcursos\" \/>\n<meta name=\"twitter:site\" content=\"@EstratConcursos\" \/>\n<meta name=\"twitter:label1\" content=\"Escrito por\" \/>\n\t<meta name=\"twitter:data1\" content=\"Ronaldo Scanavini Neto\" \/>\n\t<meta name=\"twitter:label2\" content=\"Est. tempo de leitura\" \/>\n\t<meta name=\"twitter:data2\" content=\"7 minutos\" \/>\n<script type=\"application\/ld+json\" class=\"yoast-schema-graph\">{\"@context\":\"https:\/\/schema.org\",\"@graph\":[{\"@type\":\"NewsArticle\",\"@id\":\"https:\/\/www.estrategiaconcursos.com.br\/blog\/concurso-editais-semana-15-a-19-12\/#article\",\"isPartOf\":{\"@id\":\"https:\/\/www.estrategiaconcursos.com.br\/blog\/concurso-editais-semana-15-a-19-12\/\"},\"author\":{\"name\":\"Ronaldo Scanavini Neto\",\"@id\":\"https:\/\/www.estrategiaconcursos.com.br\/blog\/#\/schema\/person\/70c2ad4297aa24ff8815b08215b23a76\"},\"headline\":\"Concursos P\u00fablicos: 36 editais esta semana; 11,5 mil vagas\",\"datePublished\":\"2025-12-19T21:00:00+00:00\",\"dateModified\":\"2025-12-30T17:52:30+00:00\",\"mainEntityOfPage\":{\"@id\":\"https:\/\/www.estrategiaconcursos.com.br\/blog\/concurso-editais-semana-15-a-19-12\/\"},\"wordCount\":1346,\"commentCount\":0,\"publisher\":{\"@id\":\"https:\/\/www.estrategiaconcursos.com.br\/blog\/#organization\"},\"image\":{\"@id\":\"https:\/\/www.estrategiaconcursos.com.br\/blog\/concurso-editais-semana-15-a-19-12\/#primaryimage\"},\"thumbnailUrl\":\"https:\/\/dhg1h5j42swfq.cloudfront.net\/2024\/08\/14120803\/concursos-2025-1.png\",\"articleSection\":[\"Concursos P\u00fablicos\",\"\u00daltimas not\u00edcias\"],\"inLanguage\":\"pt-BR\",\"potentialAction\":[{\"@type\":\"CommentAction\",\"name\":\"Comment\",\"target\":[\"https:\/\/www.estrategiaconcursos.com.br\/blog\/concurso-editais-semana-15-a-19-12\/#respond\"]}],\"copyrightYear\":\"2025\",\"copyrightHolder\":{\"@id\":\"https:\/\/www.estrategiaconcursos.com.br\/blog\/#organization\"}},{\"@type\":\"WebPage\",\"@id\":\"https:\/\/www.estrategiaconcursos.com.br\/blog\/concurso-editais-semana-15-a-19-12\/\",\"url\":\"https:\/\/www.estrategiaconcursos.com.br\/blog\/concurso-editais-semana-15-a-19-12\/\",\"name\":\"Concursos P\u00fablicos: 36 editais esta semana; 11,5 mil vagas\",\"isPartOf\":{\"@id\":\"https:\/\/www.estrategiaconcursos.com.br\/blog\/#website\"},\"primaryImageOfPage\":{\"@id\":\"https:\/\/www.estrategiaconcursos.com.br\/blog\/concurso-editais-semana-15-a-19-12\/#primaryimage\"},\"image\":{\"@id\":\"https:\/\/www.estrategiaconcursos.com.br\/blog\/concurso-editais-semana-15-a-19-12\/#primaryimage\"},\"thumbnailUrl\":\"https:\/\/dhg1h5j42swfq.cloudfront.net\/2024\/08\/14120803\/concursos-2025-1.png\",\"datePublished\":\"2025-12-19T21:00:00+00:00\",\"dateModified\":\"2025-12-30T17:52:30+00:00\",\"description\":\"Concurso P\u00fablico 2025: 36 editais sa\u00edram ao longo desta semana (15 a 19\/12). Confira o n\u00famero de oportunidades, remunera\u00e7\u00e3o e datas\",\"breadcrumb\":{\"@id\":\"https:\/\/www.estrategiaconcursos.com.br\/blog\/concurso-editais-semana-15-a-19-12\/#breadcrumb\"},\"inLanguage\":\"pt-BR\",\"potentialAction\":[{\"@type\":\"ReadAction\",\"target\":[\"https:\/\/www.estrategiaconcursos.com.br\/blog\/concurso-editais-semana-15-a-19-12\/\"]}]},{\"@type\":\"ImageObject\",\"inLanguage\":\"pt-BR\",\"@id\":\"https:\/\/www.estrategiaconcursos.com.br\/blog\/concurso-editais-semana-15-a-19-12\/#primaryimage\",\"url\":\"https:\/\/dhg1h5j42swfq.cloudfront.net\/2024\/08\/14120803\/concursos-2025-1.png\",\"contentUrl\":\"https:\/\/dhg1h5j42swfq.cloudfront.net\/2024\/08\/14120803\/concursos-2025-1.png\",\"width\":692,\"height\":393,\"caption\":\"concursos 2025\"},{\"@type\":\"BreadcrumbList\",\"@id\":\"https:\/\/www.estrategiaconcursos.com.br\/blog\/concurso-editais-semana-15-a-19-12\/#breadcrumb\",\"itemListElement\":[{\"@type\":\"ListItem\",\"position\":1,\"name\":\"In\u00edcio\",\"item\":\"https:\/\/www.estrategiaconcursos.com.br\/blog\/\"},{\"@type\":\"ListItem\",\"position\":2,\"name\":\"Concursos P\u00fablicos: 36 editais esta semana; 11,5 mil vagas\"}]},{\"@type\":\"WebSite\",\"@id\":\"https:\/\/www.estrategiaconcursos.com.br\/blog\/#website\",\"url\":\"https:\/\/www.estrategiaconcursos.com.br\/blog\/\",\"name\":\"Estrat\u00e9gia Concursos\",\"description\":\"O blog da Estrat\u00e9gia Concursos traz not\u00edcias sobre concursos e artigos de professores oferecendo cursos para concursos (pdf + videaulas) no site.\",\"publisher\":{\"@id\":\"https:\/\/www.estrategiaconcursos.com.br\/blog\/#organization\"},\"potentialAction\":[{\"@type\":\"SearchAction\",\"target\":{\"@type\":\"EntryPoint\",\"urlTemplate\":\"https:\/\/www.estrategiaconcursos.com.br\/blog\/?s={search_term_string}\"},\"query-input\":{\"@type\":\"PropertyValueSpecification\",\"valueRequired\":true,\"valueName\":\"search_term_string\"}}],\"inLanguage\":\"pt-BR\"},{\"@type\":\"Organization\",\"@id\":\"https:\/\/www.estrategiaconcursos.com.br\/blog\/#organization\",\"name\":\"Estrat\u00e9gia Concursos\",\"url\":\"https:\/\/www.estrategiaconcursos.com.br\/blog\/\",\"logo\":{\"@type\":\"ImageObject\",\"inLanguage\":\"pt-BR\",\"@id\":\"https:\/\/www.estrategiaconcursos.com.br\/blog\/#\/schema\/logo\/image\/\",\"url\":\"https:\/\/dhg1h5j42swfq.cloudfront.net\/2025\/06\/03203428\/logo_concursos-1.jpg\",\"contentUrl\":\"https:\/\/dhg1h5j42swfq.cloudfront.net\/2025\/06\/03203428\/logo_concursos-1.jpg\",\"width\":230,\"height\":60,\"caption\":\"Estrat\u00e9gia Concursos\"},\"image\":{\"@id\":\"https:\/\/www.estrategiaconcursos.com.br\/blog\/#\/schema\/logo\/image\/\"},\"sameAs\":[\"https:\/\/x.com\/EstratConcursos\"]},{\"@type\":\"Person\",\"@id\":\"https:\/\/www.estrategiaconcursos.com.br\/blog\/#\/schema\/person\/70c2ad4297aa24ff8815b08215b23a76\",\"name\":\"Ronaldo Scanavini Neto\",\"image\":{\"@type\":\"ImageObject\",\"inLanguage\":\"pt-BR\",\"@id\":\"https:\/\/secure.gravatar.com\/avatar\/f93d8e56fe264596e94aee6b3feb737d98ad0fc5bac7eb0a245f04723c5c8f21?s=96&d=mm&r=g\",\"url\":\"https:\/\/secure.gravatar.com\/avatar\/f93d8e56fe264596e94aee6b3feb737d98ad0fc5bac7eb0a245f04723c5c8f21?s=96&d=mm&r=g\",\"contentUrl\":\"https:\/\/secure.gravatar.com\/avatar\/f93d8e56fe264596e94aee6b3feb737d98ad0fc5bac7eb0a245f04723c5c8f21?s=96&d=mm&r=g\",\"caption\":\"Ronaldo Scanavini Neto\"},\"description\":\"Graduando em Comunica\u00e7\u00e3o Social \u2013 Jornalismo pela Universidade Federal de Vi\u00e7osa (UFV). Integra a equipe de jornalismo do Estrat\u00e9gia Concursos desde 2023, atuando com \u00eanfase na cobertura da \u00e1rea fiscal. Tamb\u00e9m realiza a apura\u00e7\u00e3o e produ\u00e7\u00e3o de not\u00edcias sobre concursos federais, \u00f3rg\u00e3os participantes do CNU e das \u00e1reas de controle, gest\u00e3o, engenharia, Exame CFC, comunica\u00e7\u00e3o social TI e \u00e1rea de concursos administrativos.\",\"url\":\"https:\/\/www.estrategiaconcursos.com.br\/blog\/author\/ronaldo-netoestrategia-com\/\"}]}<\/script>\n<!-- \/ Yoast SEO Premium plugin. -->","yoast_head_json":{"title":"Concursos P\u00fablicos: 36 editais esta semana; 11,5 mil vagas","description":"Concurso P\u00fablico 2025: 36 editais sa\u00edram ao longo desta semana (15 a 19\/12). Confira o n\u00famero de oportunidades, remunera\u00e7\u00e3o e datas","robots":{"index":"index","follow":"follow","max-snippet":"max-snippet:-1","max-image-preview":"max-image-preview:large","max-video-preview":"max-video-preview:-1"},"canonical":"https:\/\/www.estrategiaconcursos.com.br\/blog\/concurso-editais-semana-15-a-19-12\/","og_locale":"pt_BR","og_type":"article","og_title":"Concursos P\u00fablicos: 36 editais esta semana; 11,5 mil vagas","og_description":"Concurso P\u00fablico 2025: 36 editais sa\u00edram ao longo desta semana (15 a 19\/12). Confira o n\u00famero de oportunidades, remunera\u00e7\u00e3o e datas","og_url":"https:\/\/www.estrategiaconcursos.com.br\/blog\/concurso-editais-semana-15-a-19-12\/","og_site_name":"Estrat\u00e9gia Concursos","article_published_time":"2025-12-19T21:00:00+00:00","article_modified_time":"2025-12-30T17:52:30+00:00","og_image":[{"width":692,"height":393,"url":"https:\/\/dhg1h5j42swfq.cloudfront.net\/2024\/08\/14120803\/concursos-2025-1.png","type":"image\/png"}],"author":"Ronaldo Scanavini Neto","twitter_card":"summary_large_image","twitter_creator":"@EstratConcursos","twitter_site":"@EstratConcursos","twitter_misc":{"Escrito por":"Ronaldo Scanavini Neto","Est. tempo de leitura":"7 minutos"},"schema":{"@context":"https:\/\/schema.org","@graph":[{"@type":"NewsArticle","@id":"https:\/\/www.estrategiaconcursos.com.br\/blog\/concurso-editais-semana-15-a-19-12\/#article","isPartOf":{"@id":"https:\/\/www.estrategiaconcursos.com.br\/blog\/concurso-editais-semana-15-a-19-12\/"},"author":{"name":"Ronaldo Scanavini Neto","@id":"https:\/\/www.estrategiaconcursos.com.br\/blog\/#\/schema\/person\/70c2ad4297aa24ff8815b08215b23a76"},"headline":"Concursos P\u00fablicos: 36 editais esta semana; 11,5 mil vagas","datePublished":"2025-12-19T21:00:00+00:00","dateModified":"2025-12-30T17:52:30+00:00","mainEntityOfPage":{"@id":"https:\/\/www.estrategiaconcursos.com.br\/blog\/concurso-editais-semana-15-a-19-12\/"},"wordCount":1346,"commentCount":0,"publisher":{"@id":"https:\/\/www.estrategiaconcursos.com.br\/blog\/#organization"},"image":{"@id":"https:\/\/www.estrategiaconcursos.com.br\/blog\/concurso-editais-semana-15-a-19-12\/#primaryimage"},"thumbnailUrl":"https:\/\/dhg1h5j42swfq.cloudfront.net\/2024\/08\/14120803\/concursos-2025-1.png","articleSection":["Concursos P\u00fablicos","\u00daltimas not\u00edcias"],"inLanguage":"pt-BR","potentialAction":[{"@type":"CommentAction","name":"Comment","target":["https:\/\/www.estrategiaconcursos.com.br\/blog\/concurso-editais-semana-15-a-19-12\/#respond"]}],"copyrightYear":"2025","copyrightHolder":{"@id":"https:\/\/www.estrategiaconcursos.com.br\/blog\/#organization"}},{"@type":"WebPage","@id":"https:\/\/www.estrategiaconcursos.com.br\/blog\/concurso-editais-semana-15-a-19-12\/","url":"https:\/\/www.estrategiaconcursos.com.br\/blog\/concurso-editais-semana-15-a-19-12\/","name":"Concursos P\u00fablicos: 36 editais esta semana; 11,5 mil vagas","isPartOf":{"@id":"https:\/\/www.estrategiaconcursos.com.br\/blog\/#website"},"primaryImageOfPage":{"@id":"https:\/\/www.estrategiaconcursos.com.br\/blog\/concurso-editais-semana-15-a-19-12\/#primaryimage"},"image":{"@id":"https:\/\/www.estrategiaconcursos.com.br\/blog\/concurso-editais-semana-15-a-19-12\/#primaryimage"},"thumbnailUrl":"https:\/\/dhg1h5j42swfq.cloudfront.net\/2024\/08\/14120803\/concursos-2025-1.png","datePublished":"2025-12-19T21:00:00+00:00","dateModified":"2025-12-30T17:52:30+00:00","description":"Concurso P\u00fablico 2025: 36 editais sa\u00edram ao longo desta semana (15 a 19\/12). Confira o n\u00famero de oportunidades, remunera\u00e7\u00e3o e datas","breadcrumb":{"@id":"https:\/\/www.estrategiaconcursos.com.br\/blog\/concurso-editais-semana-15-a-19-12\/#breadcrumb"},"inLanguage":"pt-BR","potentialAction":[{"@type":"ReadAction","target":["https:\/\/www.estrategiaconcursos.com.br\/blog\/concurso-editais-semana-15-a-19-12\/"]}]},{"@type":"ImageObject","inLanguage":"pt-BR","@id":"https:\/\/www.estrategiaconcursos.com.br\/blog\/concurso-editais-semana-15-a-19-12\/#primaryimage","url":"https:\/\/dhg1h5j42swfq.cloudfront.net\/2024\/08\/14120803\/concursos-2025-1.png","contentUrl":"https:\/\/dhg1h5j42swfq.cloudfront.net\/2024\/08\/14120803\/concursos-2025-1.png","width":692,"height":393,"caption":"concursos 2025"},{"@type":"BreadcrumbList","@id":"https:\/\/www.estrategiaconcursos.com.br\/blog\/concurso-editais-semana-15-a-19-12\/#breadcrumb","itemListElement":[{"@type":"ListItem","position":1,"name":"In\u00edcio","item":"https:\/\/www.estrategiaconcursos.com.br\/blog\/"},{"@type":"ListItem","position":2,"name":"Concursos P\u00fablicos: 36 editais esta semana; 11,5 mil vagas"}]},{"@type":"WebSite","@id":"https:\/\/www.estrategiaconcursos.com.br\/blog\/#website","url":"https:\/\/www.estrategiaconcursos.com.br\/blog\/","name":"Estrat\u00e9gia Concursos","description":"O blog da Estrat\u00e9gia Concursos traz not\u00edcias sobre concursos e artigos de professores oferecendo cursos para concursos (pdf + videaulas) no site.","publisher":{"@id":"https:\/\/www.estrategiaconcursos.com.br\/blog\/#organization"},"potentialAction":[{"@type":"SearchAction","target":{"@type":"EntryPoint","urlTemplate":"https:\/\/www.estrategiaconcursos.com.br\/blog\/?s={search_term_string}"},"query-input":{"@type":"PropertyValueSpecification","valueRequired":true,"valueName":"search_term_string"}}],"inLanguage":"pt-BR"},{"@type":"Organization","@id":"https:\/\/www.estrategiaconcursos.com.br\/blog\/#organization","name":"Estrat\u00e9gia Concursos","url":"https:\/\/www.estrategiaconcursos.com.br\/blog\/","logo":{"@type":"ImageObject","inLanguage":"pt-BR","@id":"https:\/\/www.estrategiaconcursos.com.br\/blog\/#\/schema\/logo\/image\/","url":"https:\/\/dhg1h5j42swfq.cloudfront.net\/2025\/06\/03203428\/logo_concursos-1.jpg","contentUrl":"https:\/\/dhg1h5j42swfq.cloudfront.net\/2025\/06\/03203428\/logo_concursos-1.jpg","width":230,"height":60,"caption":"Estrat\u00e9gia Concursos"},"image":{"@id":"https:\/\/www.estrategiaconcursos.com.br\/blog\/#\/schema\/logo\/image\/"},"sameAs":["https:\/\/x.com\/EstratConcursos"]},{"@type":"Person","@id":"https:\/\/www.estrategiaconcursos.com.br\/blog\/#\/schema\/person\/70c2ad4297aa24ff8815b08215b23a76","name":"Ronaldo Scanavini Neto","image":{"@type":"ImageObject","inLanguage":"pt-BR","@id":"https:\/\/secure.gravatar.com\/avatar\/f93d8e56fe264596e94aee6b3feb737d98ad0fc5bac7eb0a245f04723c5c8f21?s=96&d=mm&r=g","url":"https:\/\/secure.gravatar.com\/avatar\/f93d8e56fe264596e94aee6b3feb737d98ad0fc5bac7eb0a245f04723c5c8f21?s=96&d=mm&r=g","contentUrl":"https:\/\/secure.gravatar.com\/avatar\/f93d8e56fe264596e94aee6b3feb737d98ad0fc5bac7eb0a245f04723c5c8f21?s=96&d=mm&r=g","caption":"Ronaldo Scanavini Neto"},"description":"Graduando em Comunica\u00e7\u00e3o Social \u2013 Jornalismo pela Universidade Federal de Vi\u00e7osa (UFV). Integra a equipe de jornalismo do Estrat\u00e9gia Concursos desde 2023, atuando com \u00eanfase na cobertura da \u00e1rea fiscal. Tamb\u00e9m realiza a apura\u00e7\u00e3o e produ\u00e7\u00e3o de not\u00edcias sobre concursos federais, \u00f3rg\u00e3os participantes do CNU e das \u00e1reas de controle, gest\u00e3o, engenharia, Exame CFC, comunica\u00e7\u00e3o social TI e \u00e1rea de concursos administrativos.","url":"https:\/\/www.estrategiaconcursos.com.br\/blog\/author\/ronaldo-netoestrategia-com\/"}]}},"_links":{"self":[{"href":"https:\/\/www.estrategiaconcursos.com.br\/blog\/wp-json\/wp\/v2\/posts\/1685674","targetHints":{"allow":["GET"]}}],"collection":[{"href":"https:\/\/www.estrategiaconcursos.com.br\/blog\/wp-json\/wp\/v2\/posts"}],"about":[{"href":"https:\/\/www.estrategiaconcursos.com.br\/blog\/wp-json\/wp\/v2\/types\/post"}],"author":[{"embeddable":true,"href":"https:\/\/www.estrategiaconcursos.com.br\/blog\/wp-json\/wp\/v2\/users\/2692"}],"replies":[{"embeddable":true,"href":"https:\/\/www.estrategiaconcursos.com.br\/blog\/wp-json\/wp\/v2\/comments?post=1685674"}],"version-history":[{"count":15,"href":"https:\/\/www.estrategiaconcursos.com.br\/blog\/wp-json\/wp\/v2\/posts\/1685674\/revisions"}],"predecessor-version":[{"id":1689000,"href":"https:\/\/www.estrategiaconcursos.com.br\/blog\/wp-json\/wp\/v2\/posts\/1685674\/revisions\/1689000"}],"wp:featuredmedia":[{"embeddable":true,"href":"https:\/\/www.estrategiaconcursos.com.br\/blog\/wp-json\/wp\/v2\/media\/1445265"}],"wp:attachment":[{"href":"https:\/\/www.estrategiaconcursos.com.br\/blog\/wp-json\/wp\/v2\/media?parent=1685674"}],"wp:term":[{"taxonomy":"category","embeddable":true,"href":"https:\/\/www.estrategiaconcursos.com.br\/blog\/wp-json\/wp\/v2\/categories?post=1685674"},{"taxonomy":"post_tag","embeddable":true,"href":"https:\/\/www.estrategiaconcursos.com.br\/blog\/wp-json\/wp\/v2\/tags?post=1685674"},{"taxonomy":"tax_estado","embeddable":true,"href":"https:\/\/www.estrategiaconcursos.com.br\/blog\/wp-json\/wp\/v2\/tax_estado?post=1685674"}],"curies":[{"name":"wp","href":"https:\/\/api.w.org\/{rel}","templated":true}]}}