{"id":1684697,"date":"2026-01-23T08:11:00","date_gmt":"2026-01-23T11:11:00","guid":{"rendered":"https:\/\/www.estrategiaconcursos.com.br\/blog\/?p=1684697"},"modified":"2025-12-23T15:21:30","modified_gmt":"2025-12-23T18:21:30","slug":"regime-juridico-administrativo-sefaz-sp","status":"publish","type":"post","link":"https:\/\/www.estrategiaconcursos.com.br\/blog\/regime-juridico-administrativo-sefaz-sp\/","title":{"rendered":"Regime Jur\u00eddico Administrativo para SEFAZ\/SP"},"content":{"rendered":"\n<p>Hoje, vamos entender o que \u00e9 o Regime Jur\u00eddico Administrativo para a SEFAZ\/SP.<\/p>\n\n\n\n<figure class=\"wp-block-image aligncenter size-full\"><img loading=\"lazy\" decoding=\"async\" width=\"465\" height=\"243\" src=\"https:\/\/dhg1h5j42swfq.cloudfront.net\/2025\/12\/11171715\/image-105.png\" alt=\"Regime Jur\u00eddico Administrativo para SEFAZ\/SP\" class=\"wp-image-1684065\" srcset=\"https:\/\/dhg1h5j42swfq.cloudfront.net\/2025\/12\/11171715\/image-105.png 465w, https:\/\/dhg1h5j42swfq.cloudfront.net\/2025\/12\/11171715\/image-105-300x157.png 300w, https:\/\/dhg1h5j42swfq.cloudfront.net\/2025\/12\/11171715\/image-105-150x78.png 150w\" sizes=\"auto, (max-width: 465px) 100vw, 465px\" \/><\/figure>\n\n\n\n<h2 class=\"wp-block-heading\" id=\"h-regime-juridico-administrativo-para-sefaz-sp\">Regime Jur\u00eddico Administrativo para SEFAZ\/SP<\/h2>\n\n\n\n<p>O&nbsp;regime jur\u00eddico administrativo \u00e9 o&nbsp;<strong>conjunto harm\u00f4nico de normas (regras e princ\u00edpios) que regem a atua\u00e7\u00e3o da Administra\u00e7\u00e3o P\u00fablica na rela\u00e7\u00e3o com os&nbsp;administrados, com os seus agentes<\/strong>, na presta\u00e7\u00e3o de servi\u00e7os p\u00fablicos e na sua organiza\u00e7\u00e3o interna, sempre&nbsp;<strong>em busca do interesse p\u00fablico<\/strong>.&nbsp;<\/p>\n\n\n\n<p>O Regime Jur\u00eddico Administrativo, contrap\u00f5e-se ao regime jur\u00eddico de direito privado, que rege a rela\u00e7\u00e3o entre os particulares, ou seja, entre&nbsp;as pessoas f\u00edsicas e jur\u00eddicas que se encontram em situa\u00e7\u00e3o de igualdade.&nbsp;<\/p>\n\n\n\n<p>Tradicionalmente, h\u00e1 a seguinte divis\u00e3o dos&nbsp;<strong>interesses tutelados pelo Estado:<\/strong>&nbsp;<\/p>\n\n\n\n<ul class=\"wp-block-list\">\n<li><strong>Interesse estatal prim\u00e1rio (ou interesse p\u00fablico):<\/strong><strong>\u00a0interesses diretos da coletividade<\/strong><strong>.<\/strong>\u00a0O Estado atua para suprir as necessidades coletivas em sentido amplo. S\u00e3o exemplos a presta\u00e7\u00e3o de servi\u00e7o p\u00fablico e o exerc\u00edcio de poder de pol\u00edcia. Confunde-se com interesse p\u00fablico propriamente dito.\u00a0\u00a0<\/li>\n<\/ul>\n\n\n\n<ul class=\"wp-block-list\">\n<li><strong>Interesse estatal secund\u00e1rio<\/strong><strong>:<\/strong>\u00a0interesses da Administra\u00e7\u00e3o P\u00fablica como pessoa jur\u00eddica, sujeito de direitos e obriga\u00e7\u00f5es. \u00c9 o\u00a0<strong>interesse patrimonial do Estado, que atua para defesa e aumento do er\u00e1rio p\u00fablico<\/strong>.\u00a0N\u00e3o pode ser considerado interesse p\u00fablico. S\u00e3o exemplos os atos internos de gest\u00e3o administrativa e a busca pelo aumento de riqueza na gest\u00e3o patrimonial.\u00a0<\/li>\n<\/ul>\n\n\n\n<p><strong>Obs<\/strong>.: a professora Maria Sylvia Zanella Di Pietro diferencia&nbsp;<strong>Regime Jur\u00eddico da Administra\u00e7\u00e3o<\/strong>, que&nbsp;designa,&nbsp;em sentido amplo,&nbsp;os regimes de direito p\u00fablico e de direito privado a que pode submeter-se a Administra\u00e7\u00e3o P\u00fablica,&nbsp;e&nbsp;<strong>Regime Jur\u00eddico Administrativo<\/strong>, que abrange t\u00e3o somente o \u201cconjunto de tra\u00e7os, de conota\u00e7\u00f5es, que tipificam o Direito Administrativo, colocando a Administra\u00e7\u00e3o P\u00fablica numa posi\u00e7\u00e3o privilegiada, vertical, na rela\u00e7\u00e3o jur\u00eddico-administrativa\u201d.&nbsp;<\/p>\n\n\n\n<h2 class=\"wp-block-heading\" id=\"h-supremacia-e-nbsp-indisponibilidade-do-interesse-publico-nbsp\">Supremacia e&nbsp;indisponibilidade do interesse p\u00fablico&nbsp;<\/h2>\n\n\n\n<p>O regime jur\u00eddico administrativo possui dois princ\u00edpios basilares que d\u00e3o ensejo \u00e0s<strong>&nbsp;prerrogativas e restri\u00e7\u00f5es<\/strong>&nbsp;<strong>da Administra\u00e7\u00e3o P\u00fablica<\/strong>, sendo correto dizer que, do princ\u00edpio da&nbsp;supremacia do interesse p\u00fablico decorrem as prerrogativas, enquanto as restri\u00e7\u00f5es se originam do princ\u00edpio da indisponibilidade do interesse p\u00fablico.&nbsp;<\/p>\n\n\n\n<p>Verifica-se uma \u201c<strong>bipolaridade&nbsp;do Direito Administrativo<\/strong>&nbsp;e da atua\u00e7\u00e3o da Administra\u00e7\u00e3o P\u00fablica\u201d, relacionando-se com a tutela da liberdade do indiv\u00edduo e a autoridade da Administra\u00e7\u00e3o.&nbsp;<\/p>\n\n\n\n<h3 class=\"wp-block-heading\" id=\"h-principio-da-supremacia-do-interesse-publico-sobre-o-privado-nbsp-principio-nbsp-da-finalidade-nbsp\">Princ\u00edpio da supremacia do interesse p\u00fablico sobre o privado&nbsp;(princ\u00edpio&nbsp;da finalidade)&nbsp;<\/h3>\n\n\n\n<p>A Administra\u00e7\u00e3o P\u00fablica atua para satisfa\u00e7\u00e3o das necessidades coletivas e finalidades p\u00fablicas, decorrentes da vontade geral, expressada por meio da Constitui\u00e7\u00e3o Federal e das leis. Deste cen\u00e1rio se extrai o fundamento para o princ\u00edpio da supremacia do interesse p\u00fablico sobre os interesses privados, consubstanciado na&nbsp;<strong>preval\u00eancia dos interesses da coletividade, tutelados pelo Estado, sobre os interesses meramente particulares.<\/strong>&nbsp;&nbsp;<\/p>\n\n\n\n<p>O&nbsp;princ\u00edpio em an\u00e1lise d\u00e1 ensejo \u00e0s&nbsp;<strong>prerrogativa<\/strong>s&nbsp;do poder p\u00fablico, consistentes nos instrumentos para consecu\u00e7\u00e3o destes interesses da sociedade, colocando o ente p\u00fablico em posi\u00e7\u00e3o privilegiada em rela\u00e7\u00e3o ao particular.&nbsp;<\/p>\n\n\n\n<p>O interesse p\u00fablico prim\u00e1rio,&nbsp;aquele direcionado ao atendimento das necessidades diretas da coletividade,&nbsp;possui supremacia sobre o interesse do particular.&nbsp;<em>Tratando-se de interesse p\u00fablico secund\u00e1rio, \u00e9 poss\u00edvel que os direitos individuais\u202fpossam prevalecer sobre o interesse p\u00fablico.<\/em>&nbsp;<\/p>\n\n\n\n<p>S\u00e3o exemplos do princ\u00edpio da supremacia do interesse p\u00fablico sobre o interesse privado:&nbsp;<\/p>\n\n\n\n<ul class=\"wp-block-list\">\n<li><strong>Interven\u00e7\u00e3o do Estado na propriedade privada<\/strong>: desapropria\u00e7\u00e3o, limita\u00e7\u00e3o administrativa, tombamento, requisi\u00e7\u00e3o administrativa, dentre outros.\u00a0<\/li>\n<\/ul>\n\n\n\n<ul class=\"wp-block-list\">\n<li><strong>Poder de pol\u00edcia<\/strong>: limita\u00e7\u00e3o ou condicionamento do exerc\u00edcio de atividade privada em defesa do interesse coletivo.\u00a0<\/li>\n<\/ul>\n\n\n\n<ul class=\"wp-block-list\">\n<li><strong>Cl\u00e1usulas exorbitantes<\/strong>\u00a0nos contratos administrativos: altera\u00e7\u00e3o unilateral, rescis\u00e3o unilateral, aplica\u00e7\u00e3o de penalidades, dentre outros.\u00a0<\/li>\n<\/ul>\n\n\n\n<ul class=\"wp-block-list\">\n<li><strong>Autotutela<\/strong>\u00a0administrativa: revoga\u00e7\u00e3o de seus atos discricion\u00e1rios com fundamento na oportunidade ou conveni\u00eancia e anula\u00e7\u00e3o de seus pr\u00f3prios atos quando constatada ilegalidade, garantido o contradit\u00f3rio, a ampla defesa e o devido processo legal.\u00a0<\/li>\n\n\n\n<li><strong>Autoexecutoriedade e coercibilidade<\/strong>\u00a0dos atos administrativos.\u00a0<\/li>\n<\/ul>\n\n\n\n<h2 class=\"wp-block-heading\" id=\"h-principio-da-indisponibilidade-do-direito-publico-nbsp\">Princ\u00edpio da indisponibilidade do direito p\u00fablico&nbsp;<\/h2>\n\n\n\n<p>A indisponibilidade do interesse p\u00fablico estabelece que&nbsp;o Administrador, atuando em nome do ente p\u00fablico, n\u00e3o pode dispor livremente dos bens e interesses em sua atua\u00e7\u00e3o, estando sempre limitado \u00e0 finalidade estabelecida pelo ordenamento jur\u00eddico, isto \u00e9, o interesse p\u00fablico.&nbsp;<\/p>\n\n\n\n<p>O princ\u00edpio\u00a0<strong>enseja a aplica\u00e7\u00e3o de restri\u00e7\u00f5es \u00e0 Administra\u00e7\u00e3o P\u00fablica<\/strong>,\u00a0<strong>tendo em vista que\u00a0n\u00e3o \u00e9 a propriet\u00e1ria da coisa p\u00fablica, mas simples gestora dos bens e interesses da coletividade,\u00a0n\u00e3o podendo deles dispor indiscriminadamente.\u00a0<\/strong><\/p>\n\n\n\n<p>Trata-se de um contrapeso \u00e0 supremacia estatal, estabelecendo que a Administra\u00e7\u00e3o possui os poderes para atingir o interesse p\u00fablico, mas&nbsp;<em>n\u00e3o possui o poder de abrir m\u00e3o deste interesse nem atuar fora de seus limites.<\/em>&nbsp;<\/p>\n\n\n\n<p>Este princ\u00edpio, ao contr\u00e1rio da supremacia do interesse p\u00fablico,&nbsp;est\u00e1 presente em toda a atua\u00e7\u00e3o estatal, inclusive na gest\u00e3o interna e nos contratos privados&nbsp;(interesse p\u00fablico secund\u00e1rio), uma vez que em todos os casos, ainda que de forma indireta, deve ser buscado o interesse p\u00fablico.&nbsp;<\/p>\n\n\n\n<p class=\"has-text-align-center\"><strong>Quer saber quais ser\u00e3o os pr\u00f3ximos concursos?<\/strong>&nbsp;<\/p>\n\n\n\n<p class=\"has-text-align-center\"><strong>Confira nossos artigos!<\/strong>&nbsp;<\/p>\n\n\n\n<p class=\"has-text-align-center has-luminous-vivid-amber-background-color has-background\"><a href=\"https:\/\/www.estrategiaconcursos.com.br\/blog\/concursos-abertos\/\" target=\"_blank\" rel=\"noreferrer noopener\">Concursos abertos<\/a>&nbsp;<\/p>\n\n\n\n<p class=\"has-text-align-center has-luminous-vivid-amber-background-color has-background\"><a href=\"https:\/\/www.estrategiaconcursos.com.br\/blog\/concursos-2025\/\" target=\"_blank\" rel=\"noreferrer noopener\">Concursos 2025<\/a>&nbsp;<\/p>\n\n\n\n<p class=\"has-text-align-center has-luminous-vivid-amber-background-color has-background\"><a href=\"https:\/\/www.estrategiaconcursos.com.br\/blog\/concursos-2026\/\" target=\"_blank\" rel=\"noreferrer noopener\">Concursos 2026<\/a>&nbsp;<\/p>\n\n\n\n<p class=\"has-text-align-center\"><em>Regime Jur\u00eddico Administrativo para SEFAZ\/SP<\/em><\/p>\n\n\n\n<p class=\"has-text-align-center\"><a href=\"https:\/\/www.concursosfcc.com.br\/concursos\/fazsp125\/index.html\" target=\"_blank\" rel=\"noreferrer noopener\"><strong>Fa\u00e7a a sua inscri\u00e7\u00e3o!<\/strong><\/a><\/p>\n\n\n\n<p><\/p>\n","protected":false},"excerpt":{"rendered":"<p>Hoje, vamos entender o que \u00e9 o Regime Jur\u00eddico Administrativo para a SEFAZ\/SP. Regime Jur\u00eddico Administrativo para SEFAZ\/SP O&nbsp;regime jur\u00eddico administrativo \u00e9 o&nbsp;conjunto harm\u00f4nico de normas (regras e princ\u00edpios) que regem a atua\u00e7\u00e3o da Administra\u00e7\u00e3o P\u00fablica na rela\u00e7\u00e3o com os&nbsp;administrados, com os seus agentes, na presta\u00e7\u00e3o de servi\u00e7os p\u00fablicos e na sua organiza\u00e7\u00e3o interna, sempre&nbsp;em [&hellip;]<\/p>\n","protected":false},"author":1666,"featured_media":1684243,"comment_status":"open","ping_status":"closed","sticky":false,"template":"","format":"standard","meta":{"post_tipo":"article","footnotes":""},"categories":[1983],"tags":[],"tax_estado":[219989],"class_list":["post-1684697","post","type-post","status-publish","format-standard","has-post-thumbnail","hentry","category-fiscal-estadual","tax_estado-sp"],"acf":[],"yoast_head":"<!-- This site is optimized with the Yoast SEO Premium plugin v27.2 (Yoast SEO v27.2) - https:\/\/yoast.com\/product\/yoast-seo-premium-wordpress\/ -->\n<title>Regime Jur\u00eddico Administrativo para SEFAZ\/SP<\/title>\n<meta name=\"description\" content=\"Hoje vamos aprender o que \u00e9 o Regime Jur\u00eddico Administrativo para a SEFAZ\/SP, bem como seus princ\u00edpios decorrentes.\" \/>\n<meta name=\"robots\" content=\"index, follow, max-snippet:-1, max-image-preview:large, max-video-preview:-1\" \/>\n<link rel=\"canonical\" href=\"https:\/\/www.estrategiaconcursos.com.br\/blog\/regime-juridico-administrativo-sefaz-sp\/\" \/>\n<meta property=\"og:locale\" content=\"pt_BR\" \/>\n<meta property=\"og:type\" content=\"article\" \/>\n<meta property=\"og:title\" content=\"Regime Jur\u00eddico Administrativo para SEFAZ\/SP\" \/>\n<meta property=\"og:description\" content=\"Hoje vamos aprender o que \u00e9 o Regime Jur\u00eddico Administrativo para a SEFAZ\/SP, bem como seus princ\u00edpios decorrentes.\" \/>\n<meta property=\"og:url\" content=\"https:\/\/www.estrategiaconcursos.com.br\/blog\/regime-juridico-administrativo-sefaz-sp\/\" \/>\n<meta property=\"og:site_name\" content=\"Estrat\u00e9gia Concursos\" \/>\n<meta property=\"article:published_time\" content=\"2026-01-23T11:11:00+00:00\" \/>\n<meta property=\"og:image\" content=\"https:\/\/dhg1h5j42swfq.cloudfront.net\/2025\/12\/12062906\/image-113.png\" \/>\n\t<meta property=\"og:image:width\" content=\"465\" \/>\n\t<meta property=\"og:image:height\" content=\"243\" \/>\n\t<meta property=\"og:image:type\" content=\"image\/png\" \/>\n<meta name=\"author\" content=\"Ana Luiza Tib\u00farcio Guimar\u00e3es\" \/>\n<meta name=\"twitter:card\" content=\"summary_large_image\" \/>\n<meta name=\"twitter:creator\" content=\"@EstratConcursos\" \/>\n<meta name=\"twitter:site\" content=\"@EstratConcursos\" \/>\n<meta name=\"twitter:label1\" content=\"Escrito por\" \/>\n\t<meta name=\"twitter:data1\" content=\"Ana Luiza Tib\u00farcio Guimar\u00e3es\" \/>\n\t<meta name=\"twitter:label2\" content=\"Est. tempo de leitura\" \/>\n\t<meta name=\"twitter:data2\" content=\"5 minutos\" \/>\n<script type=\"application\/ld+json\" class=\"yoast-schema-graph\">{\"@context\":\"https:\/\/schema.org\",\"@graph\":[{\"@type\":\"NewsArticle\",\"@id\":\"https:\/\/www.estrategiaconcursos.com.br\/blog\/regime-juridico-administrativo-sefaz-sp\/#article\",\"isPartOf\":{\"@id\":\"https:\/\/www.estrategiaconcursos.com.br\/blog\/regime-juridico-administrativo-sefaz-sp\/\"},\"author\":{\"name\":\"Ana Luiza Tib\u00farcio Guimar\u00e3es\",\"@id\":\"https:\/\/www.estrategiaconcursos.com.br\/blog\/#\/schema\/person\/adbd974f815a3acb9e572fdf7315d7c2\"},\"headline\":\"Regime Jur\u00eddico Administrativo para SEFAZ\/SP\",\"datePublished\":\"2026-01-23T11:11:00+00:00\",\"mainEntityOfPage\":{\"@id\":\"https:\/\/www.estrategiaconcursos.com.br\/blog\/regime-juridico-administrativo-sefaz-sp\/\"},\"wordCount\":965,\"commentCount\":0,\"publisher\":{\"@id\":\"https:\/\/www.estrategiaconcursos.com.br\/blog\/#organization\"},\"image\":{\"@id\":\"https:\/\/www.estrategiaconcursos.com.br\/blog\/regime-juridico-administrativo-sefaz-sp\/#primaryimage\"},\"thumbnailUrl\":\"https:\/\/dhg1h5j42swfq.cloudfront.net\/2025\/12\/12062906\/image-113.png\",\"articleSection\":[\"Fiscal - Estadual (ICMS)\"],\"inLanguage\":\"pt-BR\",\"potentialAction\":[{\"@type\":\"CommentAction\",\"name\":\"Comment\",\"target\":[\"https:\/\/www.estrategiaconcursos.com.br\/blog\/regime-juridico-administrativo-sefaz-sp\/#respond\"]}],\"copyrightYear\":\"2026\",\"copyrightHolder\":{\"@id\":\"https:\/\/www.estrategiaconcursos.com.br\/blog\/#organization\"}},{\"@type\":\"WebPage\",\"@id\":\"https:\/\/www.estrategiaconcursos.com.br\/blog\/regime-juridico-administrativo-sefaz-sp\/\",\"url\":\"https:\/\/www.estrategiaconcursos.com.br\/blog\/regime-juridico-administrativo-sefaz-sp\/\",\"name\":\"Regime Jur\u00eddico Administrativo para SEFAZ\/SP\",\"isPartOf\":{\"@id\":\"https:\/\/www.estrategiaconcursos.com.br\/blog\/#website\"},\"primaryImageOfPage\":{\"@id\":\"https:\/\/www.estrategiaconcursos.com.br\/blog\/regime-juridico-administrativo-sefaz-sp\/#primaryimage\"},\"image\":{\"@id\":\"https:\/\/www.estrategiaconcursos.com.br\/blog\/regime-juridico-administrativo-sefaz-sp\/#primaryimage\"},\"thumbnailUrl\":\"https:\/\/dhg1h5j42swfq.cloudfront.net\/2025\/12\/12062906\/image-113.png\",\"datePublished\":\"2026-01-23T11:11:00+00:00\",\"description\":\"Hoje vamos aprender o que \u00e9 o Regime Jur\u00eddico Administrativo para a SEFAZ\/SP, bem como seus princ\u00edpios decorrentes.\",\"breadcrumb\":{\"@id\":\"https:\/\/www.estrategiaconcursos.com.br\/blog\/regime-juridico-administrativo-sefaz-sp\/#breadcrumb\"},\"inLanguage\":\"pt-BR\",\"potentialAction\":[{\"@type\":\"ReadAction\",\"target\":[\"https:\/\/www.estrategiaconcursos.com.br\/blog\/regime-juridico-administrativo-sefaz-sp\/\"]}]},{\"@type\":\"ImageObject\",\"inLanguage\":\"pt-BR\",\"@id\":\"https:\/\/www.estrategiaconcursos.com.br\/blog\/regime-juridico-administrativo-sefaz-sp\/#primaryimage\",\"url\":\"https:\/\/dhg1h5j42swfq.cloudfront.net\/2025\/12\/12062906\/image-113.png\",\"contentUrl\":\"https:\/\/dhg1h5j42swfq.cloudfront.net\/2025\/12\/12062906\/image-113.png\",\"width\":465,\"height\":243,\"caption\":\"Hip\u00f3teses de Incid\u00eancia do IBS e da CBS\"},{\"@type\":\"BreadcrumbList\",\"@id\":\"https:\/\/www.estrategiaconcursos.com.br\/blog\/regime-juridico-administrativo-sefaz-sp\/#breadcrumb\",\"itemListElement\":[{\"@type\":\"ListItem\",\"position\":1,\"name\":\"In\u00edcio\",\"item\":\"https:\/\/www.estrategiaconcursos.com.br\/blog\/\"},{\"@type\":\"ListItem\",\"position\":2,\"name\":\"Regime Jur\u00eddico Administrativo para SEFAZ\/SP\"}]},{\"@type\":\"WebSite\",\"@id\":\"https:\/\/www.estrategiaconcursos.com.br\/blog\/#website\",\"url\":\"https:\/\/www.estrategiaconcursos.com.br\/blog\/\",\"name\":\"Estrat\u00e9gia Concursos\",\"description\":\"O blog da Estrat\u00e9gia Concursos traz not\u00edcias sobre concursos e artigos de professores oferecendo cursos para concursos (pdf + videaulas) no site.\",\"publisher\":{\"@id\":\"https:\/\/www.estrategiaconcursos.com.br\/blog\/#organization\"},\"potentialAction\":[{\"@type\":\"SearchAction\",\"target\":{\"@type\":\"EntryPoint\",\"urlTemplate\":\"https:\/\/www.estrategiaconcursos.com.br\/blog\/?s={search_term_string}\"},\"query-input\":{\"@type\":\"PropertyValueSpecification\",\"valueRequired\":true,\"valueName\":\"search_term_string\"}}],\"inLanguage\":\"pt-BR\"},{\"@type\":\"Organization\",\"@id\":\"https:\/\/www.estrategiaconcursos.com.br\/blog\/#organization\",\"name\":\"Estrat\u00e9gia Concursos\",\"url\":\"https:\/\/www.estrategiaconcursos.com.br\/blog\/\",\"logo\":{\"@type\":\"ImageObject\",\"inLanguage\":\"pt-BR\",\"@id\":\"https:\/\/www.estrategiaconcursos.com.br\/blog\/#\/schema\/logo\/image\/\",\"url\":\"https:\/\/dhg1h5j42swfq.cloudfront.net\/2025\/06\/03203428\/logo_concursos-1.jpg\",\"contentUrl\":\"https:\/\/dhg1h5j42swfq.cloudfront.net\/2025\/06\/03203428\/logo_concursos-1.jpg\",\"width\":230,\"height\":60,\"caption\":\"Estrat\u00e9gia Concursos\"},\"image\":{\"@id\":\"https:\/\/www.estrategiaconcursos.com.br\/blog\/#\/schema\/logo\/image\/\"},\"sameAs\":[\"https:\/\/x.com\/EstratConcursos\"]},{\"@type\":\"Person\",\"@id\":\"https:\/\/www.estrategiaconcursos.com.br\/blog\/#\/schema\/person\/adbd974f815a3acb9e572fdf7315d7c2\",\"name\":\"Ana Luiza Tib\u00farcio Guimar\u00e3es\",\"image\":{\"@type\":\"ImageObject\",\"inLanguage\":\"pt-BR\",\"@id\":\"https:\/\/secure.gravatar.com\/avatar\/d0e9fa767d159d6bdb59324855854ef2672e0774dce8705b1c42c80a5b4de7b8?s=96&d=mm&r=g\",\"url\":\"https:\/\/secure.gravatar.com\/avatar\/d0e9fa767d159d6bdb59324855854ef2672e0774dce8705b1c42c80a5b4de7b8?s=96&d=mm&r=g\",\"contentUrl\":\"https:\/\/secure.gravatar.com\/avatar\/d0e9fa767d159d6bdb59324855854ef2672e0774dce8705b1c42c80a5b4de7b8?s=96&d=mm&r=g\",\"caption\":\"Ana Luiza Tib\u00farcio Guimar\u00e3es\"},\"description\":\"Graduada em Direito pela Pontif\u00edcia Universidade Cat\u00f3lica de Minas Gerais e graduada em Ci\u00eancias do Estado pela Universidade Federal de Minas Gerais. P\u00f3s Graduada em Direito P\u00fablico pela PUC Minas. Gradua\u00e7\u00e3o em Gest\u00e3o P\u00fablica e P\u00f3s Gradua\u00e7\u00e3o em Ci\u00eancia Pol\u00edtica em andamento. Analista de Processo Legislativo do Senado Federal, lotada na Secretaria Legislativa do Senado. Aprova\u00e7\u00f5es em concursos: Aprovada para o cargo de Analista Judici\u00e1ria do TRF 3 (2025) Aprovada para o cargo de Procuradora do Munic\u00edpio de S\u00e3o Paulo (2024) Aprovada para o cargo de Analista Legislativa do Senado Federal (2023) Aprovada em 1\u00ba lugar para o cargo de T\u00e9cnico Judici\u00e1rio do TRF 3 (2019) Aprovada para o cargo de Juiz Leigo do Tribunal de Justi\u00e7a de Minas Gerais (2019).\",\"url\":\"https:\/\/www.estrategiaconcursos.com.br\/blog\/author\/anatiburcio-ggmail-com\/\"}]}<\/script>\n<!-- \/ Yoast SEO Premium plugin. -->","yoast_head_json":{"title":"Regime Jur\u00eddico Administrativo para SEFAZ\/SP","description":"Hoje vamos aprender o que \u00e9 o Regime Jur\u00eddico Administrativo para a SEFAZ\/SP, bem como seus princ\u00edpios decorrentes.","robots":{"index":"index","follow":"follow","max-snippet":"max-snippet:-1","max-image-preview":"max-image-preview:large","max-video-preview":"max-video-preview:-1"},"canonical":"https:\/\/www.estrategiaconcursos.com.br\/blog\/regime-juridico-administrativo-sefaz-sp\/","og_locale":"pt_BR","og_type":"article","og_title":"Regime Jur\u00eddico Administrativo para SEFAZ\/SP","og_description":"Hoje vamos aprender o que \u00e9 o Regime Jur\u00eddico Administrativo para a SEFAZ\/SP, bem como seus princ\u00edpios decorrentes.","og_url":"https:\/\/www.estrategiaconcursos.com.br\/blog\/regime-juridico-administrativo-sefaz-sp\/","og_site_name":"Estrat\u00e9gia Concursos","article_published_time":"2026-01-23T11:11:00+00:00","og_image":[{"width":465,"height":243,"url":"https:\/\/dhg1h5j42swfq.cloudfront.net\/2025\/12\/12062906\/image-113.png","type":"image\/png"}],"author":"Ana Luiza Tib\u00farcio Guimar\u00e3es","twitter_card":"summary_large_image","twitter_creator":"@EstratConcursos","twitter_site":"@EstratConcursos","twitter_misc":{"Escrito por":"Ana Luiza Tib\u00farcio Guimar\u00e3es","Est. tempo de leitura":"5 minutos"},"schema":{"@context":"https:\/\/schema.org","@graph":[{"@type":"NewsArticle","@id":"https:\/\/www.estrategiaconcursos.com.br\/blog\/regime-juridico-administrativo-sefaz-sp\/#article","isPartOf":{"@id":"https:\/\/www.estrategiaconcursos.com.br\/blog\/regime-juridico-administrativo-sefaz-sp\/"},"author":{"name":"Ana Luiza Tib\u00farcio Guimar\u00e3es","@id":"https:\/\/www.estrategiaconcursos.com.br\/blog\/#\/schema\/person\/adbd974f815a3acb9e572fdf7315d7c2"},"headline":"Regime Jur\u00eddico Administrativo para SEFAZ\/SP","datePublished":"2026-01-23T11:11:00+00:00","mainEntityOfPage":{"@id":"https:\/\/www.estrategiaconcursos.com.br\/blog\/regime-juridico-administrativo-sefaz-sp\/"},"wordCount":965,"commentCount":0,"publisher":{"@id":"https:\/\/www.estrategiaconcursos.com.br\/blog\/#organization"},"image":{"@id":"https:\/\/www.estrategiaconcursos.com.br\/blog\/regime-juridico-administrativo-sefaz-sp\/#primaryimage"},"thumbnailUrl":"https:\/\/dhg1h5j42swfq.cloudfront.net\/2025\/12\/12062906\/image-113.png","articleSection":["Fiscal - Estadual (ICMS)"],"inLanguage":"pt-BR","potentialAction":[{"@type":"CommentAction","name":"Comment","target":["https:\/\/www.estrategiaconcursos.com.br\/blog\/regime-juridico-administrativo-sefaz-sp\/#respond"]}],"copyrightYear":"2026","copyrightHolder":{"@id":"https:\/\/www.estrategiaconcursos.com.br\/blog\/#organization"}},{"@type":"WebPage","@id":"https:\/\/www.estrategiaconcursos.com.br\/blog\/regime-juridico-administrativo-sefaz-sp\/","url":"https:\/\/www.estrategiaconcursos.com.br\/blog\/regime-juridico-administrativo-sefaz-sp\/","name":"Regime Jur\u00eddico Administrativo para SEFAZ\/SP","isPartOf":{"@id":"https:\/\/www.estrategiaconcursos.com.br\/blog\/#website"},"primaryImageOfPage":{"@id":"https:\/\/www.estrategiaconcursos.com.br\/blog\/regime-juridico-administrativo-sefaz-sp\/#primaryimage"},"image":{"@id":"https:\/\/www.estrategiaconcursos.com.br\/blog\/regime-juridico-administrativo-sefaz-sp\/#primaryimage"},"thumbnailUrl":"https:\/\/dhg1h5j42swfq.cloudfront.net\/2025\/12\/12062906\/image-113.png","datePublished":"2026-01-23T11:11:00+00:00","description":"Hoje vamos aprender o que \u00e9 o Regime Jur\u00eddico Administrativo para a SEFAZ\/SP, bem como seus princ\u00edpios decorrentes.","breadcrumb":{"@id":"https:\/\/www.estrategiaconcursos.com.br\/blog\/regime-juridico-administrativo-sefaz-sp\/#breadcrumb"},"inLanguage":"pt-BR","potentialAction":[{"@type":"ReadAction","target":["https:\/\/www.estrategiaconcursos.com.br\/blog\/regime-juridico-administrativo-sefaz-sp\/"]}]},{"@type":"ImageObject","inLanguage":"pt-BR","@id":"https:\/\/www.estrategiaconcursos.com.br\/blog\/regime-juridico-administrativo-sefaz-sp\/#primaryimage","url":"https:\/\/dhg1h5j42swfq.cloudfront.net\/2025\/12\/12062906\/image-113.png","contentUrl":"https:\/\/dhg1h5j42swfq.cloudfront.net\/2025\/12\/12062906\/image-113.png","width":465,"height":243,"caption":"Hip\u00f3teses de Incid\u00eancia do IBS e da CBS"},{"@type":"BreadcrumbList","@id":"https:\/\/www.estrategiaconcursos.com.br\/blog\/regime-juridico-administrativo-sefaz-sp\/#breadcrumb","itemListElement":[{"@type":"ListItem","position":1,"name":"In\u00edcio","item":"https:\/\/www.estrategiaconcursos.com.br\/blog\/"},{"@type":"ListItem","position":2,"name":"Regime Jur\u00eddico Administrativo para SEFAZ\/SP"}]},{"@type":"WebSite","@id":"https:\/\/www.estrategiaconcursos.com.br\/blog\/#website","url":"https:\/\/www.estrategiaconcursos.com.br\/blog\/","name":"Estrat\u00e9gia Concursos","description":"O blog da Estrat\u00e9gia Concursos traz not\u00edcias sobre concursos e artigos de professores oferecendo cursos para concursos (pdf + videaulas) no site.","publisher":{"@id":"https:\/\/www.estrategiaconcursos.com.br\/blog\/#organization"},"potentialAction":[{"@type":"SearchAction","target":{"@type":"EntryPoint","urlTemplate":"https:\/\/www.estrategiaconcursos.com.br\/blog\/?s={search_term_string}"},"query-input":{"@type":"PropertyValueSpecification","valueRequired":true,"valueName":"search_term_string"}}],"inLanguage":"pt-BR"},{"@type":"Organization","@id":"https:\/\/www.estrategiaconcursos.com.br\/blog\/#organization","name":"Estrat\u00e9gia Concursos","url":"https:\/\/www.estrategiaconcursos.com.br\/blog\/","logo":{"@type":"ImageObject","inLanguage":"pt-BR","@id":"https:\/\/www.estrategiaconcursos.com.br\/blog\/#\/schema\/logo\/image\/","url":"https:\/\/dhg1h5j42swfq.cloudfront.net\/2025\/06\/03203428\/logo_concursos-1.jpg","contentUrl":"https:\/\/dhg1h5j42swfq.cloudfront.net\/2025\/06\/03203428\/logo_concursos-1.jpg","width":230,"height":60,"caption":"Estrat\u00e9gia Concursos"},"image":{"@id":"https:\/\/www.estrategiaconcursos.com.br\/blog\/#\/schema\/logo\/image\/"},"sameAs":["https:\/\/x.com\/EstratConcursos"]},{"@type":"Person","@id":"https:\/\/www.estrategiaconcursos.com.br\/blog\/#\/schema\/person\/adbd974f815a3acb9e572fdf7315d7c2","name":"Ana Luiza Tib\u00farcio Guimar\u00e3es","image":{"@type":"ImageObject","inLanguage":"pt-BR","@id":"https:\/\/secure.gravatar.com\/avatar\/d0e9fa767d159d6bdb59324855854ef2672e0774dce8705b1c42c80a5b4de7b8?s=96&d=mm&r=g","url":"https:\/\/secure.gravatar.com\/avatar\/d0e9fa767d159d6bdb59324855854ef2672e0774dce8705b1c42c80a5b4de7b8?s=96&d=mm&r=g","contentUrl":"https:\/\/secure.gravatar.com\/avatar\/d0e9fa767d159d6bdb59324855854ef2672e0774dce8705b1c42c80a5b4de7b8?s=96&d=mm&r=g","caption":"Ana Luiza Tib\u00farcio Guimar\u00e3es"},"description":"Graduada em Direito pela Pontif\u00edcia Universidade Cat\u00f3lica de Minas Gerais e graduada em Ci\u00eancias do Estado pela Universidade Federal de Minas Gerais. P\u00f3s Graduada em Direito P\u00fablico pela PUC Minas. Gradua\u00e7\u00e3o em Gest\u00e3o P\u00fablica e P\u00f3s Gradua\u00e7\u00e3o em Ci\u00eancia Pol\u00edtica em andamento. Analista de Processo Legislativo do Senado Federal, lotada na Secretaria Legislativa do Senado. Aprova\u00e7\u00f5es em concursos: Aprovada para o cargo de Analista Judici\u00e1ria do TRF 3 (2025) Aprovada para o cargo de Procuradora do Munic\u00edpio de S\u00e3o Paulo (2024) Aprovada para o cargo de Analista Legislativa do Senado Federal (2023) Aprovada em 1\u00ba lugar para o cargo de T\u00e9cnico Judici\u00e1rio do TRF 3 (2019) Aprovada para o cargo de Juiz Leigo do Tribunal de Justi\u00e7a de Minas Gerais (2019).","url":"https:\/\/www.estrategiaconcursos.com.br\/blog\/author\/anatiburcio-ggmail-com\/"}]}},"_links":{"self":[{"href":"https:\/\/www.estrategiaconcursos.com.br\/blog\/wp-json\/wp\/v2\/posts\/1684697","targetHints":{"allow":["GET"]}}],"collection":[{"href":"https:\/\/www.estrategiaconcursos.com.br\/blog\/wp-json\/wp\/v2\/posts"}],"about":[{"href":"https:\/\/www.estrategiaconcursos.com.br\/blog\/wp-json\/wp\/v2\/types\/post"}],"author":[{"embeddable":true,"href":"https:\/\/www.estrategiaconcursos.com.br\/blog\/wp-json\/wp\/v2\/users\/1666"}],"replies":[{"embeddable":true,"href":"https:\/\/www.estrategiaconcursos.com.br\/blog\/wp-json\/wp\/v2\/comments?post=1684697"}],"version-history":[{"count":1,"href":"https:\/\/www.estrategiaconcursos.com.br\/blog\/wp-json\/wp\/v2\/posts\/1684697\/revisions"}],"predecessor-version":[{"id":1684714,"href":"https:\/\/www.estrategiaconcursos.com.br\/blog\/wp-json\/wp\/v2\/posts\/1684697\/revisions\/1684714"}],"wp:featuredmedia":[{"embeddable":true,"href":"https:\/\/www.estrategiaconcursos.com.br\/blog\/wp-json\/wp\/v2\/media\/1684243"}],"wp:attachment":[{"href":"https:\/\/www.estrategiaconcursos.com.br\/blog\/wp-json\/wp\/v2\/media?parent=1684697"}],"wp:term":[{"taxonomy":"category","embeddable":true,"href":"https:\/\/www.estrategiaconcursos.com.br\/blog\/wp-json\/wp\/v2\/categories?post=1684697"},{"taxonomy":"post_tag","embeddable":true,"href":"https:\/\/www.estrategiaconcursos.com.br\/blog\/wp-json\/wp\/v2\/tags?post=1684697"},{"taxonomy":"tax_estado","embeddable":true,"href":"https:\/\/www.estrategiaconcursos.com.br\/blog\/wp-json\/wp\/v2\/tax_estado?post=1684697"}],"curies":[{"name":"wp","href":"https:\/\/api.w.org\/{rel}","templated":true}]}}