{"id":1684471,"date":"2025-12-12T11:42:36","date_gmt":"2025-12-12T14:42:36","guid":{"rendered":"https:\/\/www.estrategiaconcursos.com.br\/blog\/?p=1684471"},"modified":"2025-12-12T18:30:14","modified_gmt":"2025-12-12T21:30:14","slug":"concurso-sefaz-go-2026-o-que-mudou","status":"publish","type":"post","link":"https:\/\/www.estrategiaconcursos.com.br\/blog\/concurso-sefaz-go-2026-o-que-mudou\/","title":{"rendered":"Concurso Sefaz GO 2026: o que mudou no novo edital?"},"content":{"rendered":"\n<p style=\"font-size:clamp(15.747px, 0.984rem + ((1vw - 3.2px) * 0.809), 24px);\"><em><strong>Concurso Sefaz GO oferece sal\u00e1rios iniciais de R$ 32 mil<\/strong><\/em><\/p>\n\n\n\n<p>Ap\u00f3s sete meses suspenso, foi republicado nesta sexta-feira (12) o edital de <strong>concurso da Sefaz GO (<a href=\"https:\/\/www.estrategiaconcursos.com.br\/cursosPorConcurso\/sefaz-go\/\" target=\"_blank\" rel=\"noreferrer noopener\">Secretaria da Economia do Estado de Goi\u00e1s<\/a>)<\/strong>.<\/p>\n\n\n\n<p>Vale lembrar que o certame foi paralisado, em maio, por conta da<strong> aus\u00eancia de vagas destinadas a candidatos negros<\/strong>. Assim, durante os meses seguintes, foram realizados os tr\u00e2mites necess\u00e1rios para que a <a href=\"https:\/\/www.estrategiaconcursos.com.br\/blog\/concurso-sefaz-go-mudanca-na-lei-de-cotas\/\" target=\"_blank\" rel=\"noreferrer noopener\">lei de cotas pudesse ser aprovada<\/a>.<\/p>\n\n\n\n<p>Nesse meio tempo, tamb\u00e9m houve uma revis\u00e3o na oferta de vagas, que precisou ser <strong>reduzida <\/strong>por conta de <strong>ajustes or\u00e7ament\u00e1rios&nbsp;e adequa\u00e7\u00e3o \u00e0&nbsp;Lei de Responsabilidade Fiscal<\/strong>.<\/p>\n\n\n\n<div class=\"container\" id=\"boxes\">\n  <div class=\"row\">\n\n    <div class=\"col-sm\">\n      <div class=\"banner-sefaz-ec\" id=\"box-assinatura\">\n        <h2 class=\"titulo-assinatura\">Concurso Sefaz GO<\/h2>\n        <p class=\"subtitulo-assinatura\">Cursos preparat\u00f3rios completos para a carreira! \u270d<\/p>\n        <div class=\"box-botao\">\n          <a class=\"btn-assinatura\" target=\"_blank\" href=\"https:\/\/www.estrategiaconcursos.com.br\/cursosPorConcurso\/sefaz-go\/\" role=\"button\" rel=\"noopener noreferrer\">VER CURSOS<\/a>\n        <\/div>\n      <\/div>\n     \n    <\/div>\n\n  <\/div>\n<\/div>\n\n\n\n<h2 class=\"wp-block-heading\" id=\"h-saiba-o-que-mudou-no-edital-do-concurso-sefaz-go-2026\">Saiba o que mudou no edital do concurso Sefaz GO 2026!<\/h2>\n\n\n\n<p>Dentre o principal ponto de mudan\u00e7a, est\u00e1 o quantitativo de vagas e sua distribui\u00e7\u00e3o, conforme mencionado. Confira os detalhes na tabela abaixo:<\/p>\n\n\n\n<figure class=\"wp-block-table is-style-stripes\"><table class=\"has-fixed-layout\"><thead><tr><th class=\"has-text-align-center\" data-align=\"center\">Mudan\u00e7as<\/th><th class=\"has-text-align-center\" data-align=\"center\">Edital publicado em maio<\/th><th class=\"has-text-align-center\" data-align=\"center\">Edital republicado (dezembro)<\/th><\/tr><\/thead><tbody><tr><td class=\"has-text-align-center\" data-align=\"center\"><strong><em>Vagas:<\/em><\/strong><\/td><td class=\"has-text-align-center\" data-align=\"center\">200 vagas + 100 CR<\/td><td class=\"has-text-align-center\" data-align=\"center\"><strong>50<\/strong> vagas + <strong>25<\/strong> CR<\/td><\/tr><tr><td class=\"has-text-align-center\" data-align=\"center\"><strong><em>Distribui\u00e7\u00e3o:<\/em><\/strong><\/td><td class=\"has-text-align-center\" data-align=\"center\">Ampla concorr\u00eancia e PcD (5%)<\/td><td class=\"has-text-align-center\" data-align=\"center\">Ampla concorr\u00eancia, PcD (5%) e <strong>Negros (20%)<\/strong><\/td><\/tr><tr><td class=\"has-text-align-center\" data-align=\"center\"><strong><em>Previs\u00e3o de nomea\u00e7\u00f5es:<\/em><\/strong><\/td><td class=\"has-text-align-center\" data-align=\"center\">Previa nomea\u00e7\u00f5es em dezembro de 2025 e abril de 2026<\/td><td class=\"has-text-align-center\" data-align=\"center\">Prev\u00ea a nomea\u00e7\u00e3o dos 50 aprovados <strong>apenas em 2027<\/strong><\/td><\/tr><tr><td class=\"has-text-align-center\" data-align=\"center\"><strong><em>Pontua\u00e7\u00e3o m\u00ednima na <br \/>prova objetiva:<\/em><\/strong><\/td><td class=\"has-text-align-center\" data-align=\"center\">50% na Prova de Conhecimentos B\u00e1sicos e 50% na Prova de Conhecimentos Espec\u00edficos<\/td><td class=\"has-text-align-center\" data-align=\"center\"><strong>60%<\/strong> na Prova de Conhecimentos B\u00e1sicos e <strong>60%<\/strong> na Prova de Conhecimentos Espec\u00edficos<\/td><\/tr><\/tbody><\/table><figcaption class=\"wp-element-caption\">Saiba o que mudou no edital do concurso Sefaz GO 2026<\/figcaption><\/figure>\n\n\n\n<p>Vale ressaltar que demais pontos como a estrutura da prova, disciplinas e conte\u00fado program\u00e1tico <strong>permanecem iguais<\/strong>.<\/p>\n\n\n\n<p>O cronograma, claro, precisou ser alterado, sendo que todas as etapas ser\u00e3o realizadas a partir de 2026:<\/p>\n\n\n\n<figure class=\"wp-block-table is-style-stripes\"><table class=\"has-fixed-layout\"><thead><tr><th class=\"has-text-align-center\" data-align=\"center\"><strong>ETAPAS<\/strong><\/th><th class=\"has-text-align-center\" data-align=\"center\"><strong>DATAS<\/strong><\/th><\/tr><\/thead><tbody><tr><td class=\"has-text-align-center\" data-align=\"center\">Pedido de isen\u00e7\u00e3o da taxa de inscri\u00e7\u00e3o<\/td><td class=\"has-text-align-center\" data-align=\"center\">15\/01\/2026 a 19\/01\/2026<\/td><\/tr><tr><td class=\"has-text-align-center\" data-align=\"center\">Resultado dos pedidos de isen\u00e7\u00e3o<\/td><td class=\"has-text-align-center\" data-align=\"center\">27\/01\/2026<\/td><\/tr><tr><td class=\"has-text-align-center\" data-align=\"center\">Per\u00edodo de inscri\u00e7\u00f5es no site da <a href=\"https:\/\/www.concursosfcc.com.br\/concursos\/seego125\/index.html\" target=\"_blank\" rel=\"noreferrer noopener\">FCC<\/a><\/td><td class=\"has-text-align-center\" data-align=\"center\">09\/02\/2026 a 12\/03\/2026<\/td><\/tr><tr><td class=\"has-text-align-center\" data-align=\"center\">\u00daltimo dia para pagamento da inscri\u00e7\u00e3o<\/td><td class=\"has-text-align-center\" data-align=\"center\">13\/03\/2026<\/td><\/tr><tr><td class=\"has-text-align-center\" data-align=\"center\">Divulga\u00e7\u00e3o das inscri\u00e7\u00f5es deferidas<\/td><td class=\"has-text-align-center\" data-align=\"center\">27\/03\/2026<\/td><\/tr><tr><td class=\"has-text-align-center\" data-align=\"center\">Provas Objetivas \u2013<br \/>B\u00e1sicos (manh\u00e3) e Espec\u00edficos (tarde)<\/td><td class=\"has-text-align-center\" data-align=\"center\">17\/05\/2026<\/td><\/tr><tr><td class=\"has-text-align-center\" data-align=\"center\">Gabarito das Provas Objetivas<\/td><td class=\"has-text-align-center\" data-align=\"center\">18\/05\/2026<\/td><\/tr><tr><td class=\"has-text-align-center\" data-align=\"center\">Resultado Preliminar das Provas Objetivas<\/td><td class=\"has-text-align-center\" data-align=\"center\">09\/06\/2026<\/td><\/tr><tr><td class=\"has-text-align-center\" data-align=\"center\">Resultado Definitivo das Provas Objetivas<\/td><td class=\"has-text-align-center\" data-align=\"center\">26\/06\/2026<\/td><\/tr><tr><td class=\"has-text-align-center\" data-align=\"center\">Convoca\u00e7\u00e3o para Apresenta\u00e7\u00e3o de T\u00edtulos<\/td><td class=\"has-text-align-center\" data-align=\"center\">11\/08\/2026<\/td><\/tr><tr><td class=\"has-text-align-center\" data-align=\"center\">Envio dos T\u00edtulos<\/td><td class=\"has-text-align-center\" data-align=\"center\">14\/08\/2026 a 17\/08\/2026<\/td><\/tr><tr><td class=\"has-text-align-center\" data-align=\"center\">Resultado Preliminar da Avalia\u00e7\u00e3o de T\u00edtulos<\/td><td class=\"has-text-align-center\" data-align=\"center\">22\/09\/2026<\/td><\/tr><tr><td class=\"has-text-align-center\" data-align=\"center\">Resultado Final do Concurso<\/td><td class=\"has-text-align-center\" data-align=\"center\">14\/10\/2026<\/td><\/tr><\/tbody><\/table><figcaption class=\"wp-element-caption\">Cronograma com as principais datas do concurso Sefaz GO 2026<\/figcaption><\/figure>\n\n\n\n<p class=\"has-text-align-center\"><em>Para ficar por dentro de todas as informa\u00e7\u00f5es sobre o concurso Sefaz GO, al\u00e9m do que mudou no edital republicado, n\u00e3o deixe de conferir nosso artigo completo sobre a sele\u00e7\u00e3o:<\/em><\/p>\n\n\n\n<p class=\"has-text-align-center has-background\" style=\"background-color:#f1f5fa;font-size:clamp(14.642px, 0.915rem + ((1vw - 3.2px) * 0.721), 22px);\"><strong>SAIBA TUDO SOBRE O&nbsp;<\/strong><a href=\"https:\/\/www.estrategiaconcursos.com.br\/blog\/concurso-sefaz-go\/\" target=\"_blank\" rel=\"noreferrer noopener\"><strong>CONCURSO SEFAZ GOI\u00c1S<\/strong><\/a><\/p>\n\n\n\n<hr class=\"wp-block-separator has-alpha-channel-opacity\"\/>\n\n\n\n<h2 class=\"wp-block-heading has-text-align-center\" id=\"assinatura-cursos\"><em>Quer estudar para o concurso Sefaz GO 2026?<\/em><\/h2>\n\n\n\n<div class=\"container\" id=\"boxes\">\r\n  <div class=\"row\">\r\n\r\n    <div class=\"col-sm\">\r\n      <div class=\"estrategia\" id=\"box-assinatura\">\r\n        <h3 class=\"titulo-assinatura\">Assinatura Concursos<\/h3>\r\n        <p class=\"subtitulo-assinatura\">Assinatura de 1 ano ou 2 anos<\/p>\r\n        <div class=\"box-botao\">\r\n          <a class=\"btn-assinatura\" target=\"_blank\" href=\"https:\/\/www.estrategiaconcursos.com.br\/assinaturas\/\" role=\"button\" rel=\"noopener noreferrer\">ASSINE AGORA<\/a>\r\n        <\/div>\r\n      <\/div><\/div><\/div><\/div>\n\n\n\n<h2 class=\"wp-block-heading has-text-align-center\" id=\"h-quer-saber-tudo-sobre-concursos-previstos-confira-nossos-artigos\">Quer saber tudo sobre concursos previstos?<br \/>Confira nossos artigos!<\/h2>\n\n\n\n<ul class=\"wp-block-list\">\n<li><a href=\"https:\/\/www.estrategiaconcursos.com.br\/blog\/concursos-abertos\/\" target=\"_blank\" rel=\"noreferrer noopener\">Concursos Abertos<\/a><\/li>\n\n\n\n<li><a href=\"https:\/\/www.estrategiaconcursos.com.br\/blog\/concursos-fiscais\/\" target=\"_blank\" rel=\"noreferrer noopener\">Concursos Fiscais<\/a><\/li>\n\n\n\n<li><a href=\"https:\/\/www.estrategiaconcursos.com.br\/blog\/concursos-2026\/\" target=\"_blank\" rel=\"noreferrer noopener\">Concursos 2026<\/a><\/li>\n<\/ul>\n","protected":false},"excerpt":{"rendered":"<p>Concurso Sefaz GO oferece sal\u00e1rios iniciais de R$ 32 mil Ap\u00f3s sete meses suspenso, foi republicado nesta sexta-feira (12) o edital de concurso da Sefaz GO (Secretaria da Economia do Estado de Goi\u00e1s). Vale lembrar que o certame foi paralisado, em maio, por conta da aus\u00eancia de vagas destinadas a candidatos negros. Assim, durante os [&hellip;]<\/p>\n","protected":false},"author":659,"featured_media":1665207,"comment_status":"open","ping_status":"closed","sticky":false,"template":"","format":"standard","meta":{"post_tipo":"news","footnotes":""},"categories":[1983,220219],"tags":[],"tax_estado":[219972],"class_list":["post-1684471","post","type-post","status-publish","format-standard","has-post-thumbnail","hentry","category-fiscal-estadual","category-noticias","tax_estado-go"],"acf":[],"yoast_head":"<!-- This site is optimized with the Yoast SEO Premium plugin v27.2 (Yoast SEO v27.2) - https:\/\/yoast.com\/product\/yoast-seo-premium-wordpress\/ -->\n<title>Concurso Sefaz GO 2026: o que mudou no novo edital?<\/title>\n<meta name=\"description\" content=\"Concurso Sefaz GO republicado: veja o que mudou nas vagas e como se preparar para essa oportunidade com sal\u00e1rios alt\u00edssimos!\" \/>\n<meta name=\"robots\" content=\"index, follow, max-snippet:-1, max-image-preview:large, max-video-preview:-1\" \/>\n<link rel=\"canonical\" href=\"https:\/\/www.estrategiaconcursos.com.br\/blog\/concurso-sefaz-go-2026-o-que-mudou\/\" \/>\n<meta property=\"og:locale\" content=\"pt_BR\" \/>\n<meta property=\"og:type\" content=\"article\" \/>\n<meta property=\"og:title\" content=\"Concurso Sefaz GO 2026: o que mudou no novo edital?\" \/>\n<meta property=\"og:description\" content=\"Concurso Sefaz GO republicado: veja o que mudou nas vagas e como se preparar para essa oportunidade com sal\u00e1rios alt\u00edssimos!\" \/>\n<meta property=\"og:url\" content=\"https:\/\/www.estrategiaconcursos.com.br\/blog\/concurso-sefaz-go-2026-o-que-mudou\/\" \/>\n<meta property=\"og:site_name\" content=\"Estrat\u00e9gia Concursos\" \/>\n<meta property=\"article:published_time\" content=\"2025-12-12T14:42:36+00:00\" \/>\n<meta property=\"article:modified_time\" content=\"2025-12-12T21:30:14+00:00\" \/>\n<meta property=\"og:image\" content=\"https:\/\/dhg1h5j42swfq.cloudfront.net\/2025\/11\/04124616\/image-20.png\" \/>\n\t<meta property=\"og:image:width\" content=\"900\" \/>\n\t<meta property=\"og:image:height\" content=\"507\" \/>\n\t<meta property=\"og:image:type\" content=\"image\/png\" \/>\n<meta name=\"author\" content=\"Camila Leite\" \/>\n<meta name=\"twitter:card\" content=\"summary_large_image\" \/>\n<meta name=\"twitter:creator\" content=\"@EstratConcursos\" \/>\n<meta name=\"twitter:site\" content=\"@EstratConcursos\" \/>\n<meta name=\"twitter:label1\" content=\"Escrito por\" \/>\n\t<meta name=\"twitter:data1\" content=\"Camila Leite\" \/>\n\t<meta name=\"twitter:label2\" content=\"Est. tempo de leitura\" \/>\n\t<meta name=\"twitter:data2\" content=\"2 minutos\" \/>\n<script type=\"application\/ld+json\" class=\"yoast-schema-graph\">{\"@context\":\"https:\/\/schema.org\",\"@graph\":[{\"@type\":\"NewsArticle\",\"@id\":\"https:\/\/www.estrategiaconcursos.com.br\/blog\/concurso-sefaz-go-2026-o-que-mudou\/#article\",\"isPartOf\":{\"@id\":\"https:\/\/www.estrategiaconcursos.com.br\/blog\/concurso-sefaz-go-2026-o-que-mudou\/\"},\"author\":{\"name\":\"Camila Leite\",\"@id\":\"https:\/\/www.estrategiaconcursos.com.br\/blog\/#\/schema\/person\/84ecdc6eb58d3cf1689bf76c5cd8fb38\"},\"headline\":\"Concurso Sefaz GO 2026: o que mudou no novo edital?\",\"datePublished\":\"2025-12-12T14:42:36+00:00\",\"dateModified\":\"2025-12-12T21:30:14+00:00\",\"mainEntityOfPage\":{\"@id\":\"https:\/\/www.estrategiaconcursos.com.br\/blog\/concurso-sefaz-go-2026-o-que-mudou\/\"},\"wordCount\":461,\"commentCount\":0,\"publisher\":{\"@id\":\"https:\/\/www.estrategiaconcursos.com.br\/blog\/#organization\"},\"image\":{\"@id\":\"https:\/\/www.estrategiaconcursos.com.br\/blog\/concurso-sefaz-go-2026-o-que-mudou\/#primaryimage\"},\"thumbnailUrl\":\"https:\/\/dhg1h5j42swfq.cloudfront.net\/2025\/11\/04124616\/image-20.png\",\"articleSection\":[\"Fiscal - Estadual (ICMS)\",\"\u00daltimas not\u00edcias\"],\"inLanguage\":\"pt-BR\",\"potentialAction\":[{\"@type\":\"CommentAction\",\"name\":\"Comment\",\"target\":[\"https:\/\/www.estrategiaconcursos.com.br\/blog\/concurso-sefaz-go-2026-o-que-mudou\/#respond\"]}],\"copyrightYear\":\"2025\",\"copyrightHolder\":{\"@id\":\"https:\/\/www.estrategiaconcursos.com.br\/blog\/#organization\"}},{\"@type\":\"WebPage\",\"@id\":\"https:\/\/www.estrategiaconcursos.com.br\/blog\/concurso-sefaz-go-2026-o-que-mudou\/\",\"url\":\"https:\/\/www.estrategiaconcursos.com.br\/blog\/concurso-sefaz-go-2026-o-que-mudou\/\",\"name\":\"Concurso Sefaz GO 2026: o que mudou no novo edital?\",\"isPartOf\":{\"@id\":\"https:\/\/www.estrategiaconcursos.com.br\/blog\/#website\"},\"primaryImageOfPage\":{\"@id\":\"https:\/\/www.estrategiaconcursos.com.br\/blog\/concurso-sefaz-go-2026-o-que-mudou\/#primaryimage\"},\"image\":{\"@id\":\"https:\/\/www.estrategiaconcursos.com.br\/blog\/concurso-sefaz-go-2026-o-que-mudou\/#primaryimage\"},\"thumbnailUrl\":\"https:\/\/dhg1h5j42swfq.cloudfront.net\/2025\/11\/04124616\/image-20.png\",\"datePublished\":\"2025-12-12T14:42:36+00:00\",\"dateModified\":\"2025-12-12T21:30:14+00:00\",\"description\":\"Concurso Sefaz GO republicado: veja o que mudou nas vagas e como se preparar para essa oportunidade com sal\u00e1rios alt\u00edssimos!\",\"breadcrumb\":{\"@id\":\"https:\/\/www.estrategiaconcursos.com.br\/blog\/concurso-sefaz-go-2026-o-que-mudou\/#breadcrumb\"},\"inLanguage\":\"pt-BR\",\"potentialAction\":[{\"@type\":\"ReadAction\",\"target\":[\"https:\/\/www.estrategiaconcursos.com.br\/blog\/concurso-sefaz-go-2026-o-que-mudou\/\"]}]},{\"@type\":\"ImageObject\",\"inLanguage\":\"pt-BR\",\"@id\":\"https:\/\/www.estrategiaconcursos.com.br\/blog\/concurso-sefaz-go-2026-o-que-mudou\/#primaryimage\",\"url\":\"https:\/\/dhg1h5j42swfq.cloudfront.net\/2025\/11\/04124616\/image-20.png\",\"contentUrl\":\"https:\/\/dhg1h5j42swfq.cloudfront.net\/2025\/11\/04124616\/image-20.png\",\"width\":900,\"height\":507,\"caption\":\"Cr\u00e9dito do ICMS para SEFAZ\/GO\"},{\"@type\":\"BreadcrumbList\",\"@id\":\"https:\/\/www.estrategiaconcursos.com.br\/blog\/concurso-sefaz-go-2026-o-que-mudou\/#breadcrumb\",\"itemListElement\":[{\"@type\":\"ListItem\",\"position\":1,\"name\":\"In\u00edcio\",\"item\":\"https:\/\/www.estrategiaconcursos.com.br\/blog\/\"},{\"@type\":\"ListItem\",\"position\":2,\"name\":\"Concurso Sefaz GO 2026: o que mudou no novo edital?\"}]},{\"@type\":\"WebSite\",\"@id\":\"https:\/\/www.estrategiaconcursos.com.br\/blog\/#website\",\"url\":\"https:\/\/www.estrategiaconcursos.com.br\/blog\/\",\"name\":\"Estrat\u00e9gia Concursos\",\"description\":\"O blog da Estrat\u00e9gia Concursos traz not\u00edcias sobre concursos e artigos de professores oferecendo cursos para concursos (pdf + videaulas) no site.\",\"publisher\":{\"@id\":\"https:\/\/www.estrategiaconcursos.com.br\/blog\/#organization\"},\"potentialAction\":[{\"@type\":\"SearchAction\",\"target\":{\"@type\":\"EntryPoint\",\"urlTemplate\":\"https:\/\/www.estrategiaconcursos.com.br\/blog\/?s={search_term_string}\"},\"query-input\":{\"@type\":\"PropertyValueSpecification\",\"valueRequired\":true,\"valueName\":\"search_term_string\"}}],\"inLanguage\":\"pt-BR\"},{\"@type\":\"Organization\",\"@id\":\"https:\/\/www.estrategiaconcursos.com.br\/blog\/#organization\",\"name\":\"Estrat\u00e9gia Concursos\",\"url\":\"https:\/\/www.estrategiaconcursos.com.br\/blog\/\",\"logo\":{\"@type\":\"ImageObject\",\"inLanguage\":\"pt-BR\",\"@id\":\"https:\/\/www.estrategiaconcursos.com.br\/blog\/#\/schema\/logo\/image\/\",\"url\":\"https:\/\/dhg1h5j42swfq.cloudfront.net\/2025\/06\/03203428\/logo_concursos-1.jpg\",\"contentUrl\":\"https:\/\/dhg1h5j42swfq.cloudfront.net\/2025\/06\/03203428\/logo_concursos-1.jpg\",\"width\":230,\"height\":60,\"caption\":\"Estrat\u00e9gia Concursos\"},\"image\":{\"@id\":\"https:\/\/www.estrategiaconcursos.com.br\/blog\/#\/schema\/logo\/image\/\"},\"sameAs\":[\"https:\/\/x.com\/EstratConcursos\"]},{\"@type\":\"Person\",\"@id\":\"https:\/\/www.estrategiaconcursos.com.br\/blog\/#\/schema\/person\/84ecdc6eb58d3cf1689bf76c5cd8fb38\",\"name\":\"Camila Leite\",\"image\":{\"@type\":\"ImageObject\",\"inLanguage\":\"pt-BR\",\"@id\":\"https:\/\/secure.gravatar.com\/avatar\/f2f8faef639c8a2bfb7fb909912a56917f4c3a0aed064500168e2fb8ea55cf61?s=96&d=mm&r=g\",\"url\":\"https:\/\/secure.gravatar.com\/avatar\/f2f8faef639c8a2bfb7fb909912a56917f4c3a0aed064500168e2fb8ea55cf61?s=96&d=mm&r=g\",\"contentUrl\":\"https:\/\/secure.gravatar.com\/avatar\/f2f8faef639c8a2bfb7fb909912a56917f4c3a0aed064500168e2fb8ea55cf61?s=96&d=mm&r=g\",\"caption\":\"Camila Leite\"},\"description\":\"Formada em Design Gr\u00e1fico e em Propaganda e Marketing pela UNIP, integra a equipe de jornalismo do Estrat\u00e9gia Concursos desde 2018. Ao longo dos anos, construiu uma s\u00f3lida experi\u00eancia na produ\u00e7\u00e3o de conte\u00fado informativo e relevante para concurseiros. Desde 2020, atua na cobertura das \u00e1reas Fiscal \u2014 com \u00eanfase nas Secretarias de Fazenda (Sefaz) das regi\u00f5es Sul e Sudeste \u2014, al\u00e9m da cobertura de concursos federais, como CNU, Petrobras, CGU, Receita Federal, ag\u00eancias reguladoras (Anvisa, ANAC, entre outras) e INSS. Mant\u00e9m contato direto com os principais \u00f3rg\u00e3os p\u00fablicos, acompanhando editais, atualiza\u00e7\u00f5es e movimenta\u00e7\u00f5es importantes para os candidatos.\",\"sameAs\":[\"https:\/\/www.linkedin.com\/in\/camila-pinheiro-leite-9ba135b6\/\"],\"url\":\"https:\/\/www.estrategiaconcursos.com.br\/blog\/author\/camila-leiteestrategiaconcursos-com-br\/\"}]}<\/script>\n<!-- \/ Yoast SEO Premium plugin. -->","yoast_head_json":{"title":"Concurso Sefaz GO 2026: o que mudou no novo edital?","description":"Concurso Sefaz GO republicado: veja o que mudou nas vagas e como se preparar para essa oportunidade com sal\u00e1rios alt\u00edssimos!","robots":{"index":"index","follow":"follow","max-snippet":"max-snippet:-1","max-image-preview":"max-image-preview:large","max-video-preview":"max-video-preview:-1"},"canonical":"https:\/\/www.estrategiaconcursos.com.br\/blog\/concurso-sefaz-go-2026-o-que-mudou\/","og_locale":"pt_BR","og_type":"article","og_title":"Concurso Sefaz GO 2026: o que mudou no novo edital?","og_description":"Concurso Sefaz GO republicado: veja o que mudou nas vagas e como se preparar para essa oportunidade com sal\u00e1rios alt\u00edssimos!","og_url":"https:\/\/www.estrategiaconcursos.com.br\/blog\/concurso-sefaz-go-2026-o-que-mudou\/","og_site_name":"Estrat\u00e9gia Concursos","article_published_time":"2025-12-12T14:42:36+00:00","article_modified_time":"2025-12-12T21:30:14+00:00","og_image":[{"width":900,"height":507,"url":"https:\/\/dhg1h5j42swfq.cloudfront.net\/2025\/11\/04124616\/image-20.png","type":"image\/png"}],"author":"Camila Leite","twitter_card":"summary_large_image","twitter_creator":"@EstratConcursos","twitter_site":"@EstratConcursos","twitter_misc":{"Escrito por":"Camila Leite","Est. tempo de leitura":"2 minutos"},"schema":{"@context":"https:\/\/schema.org","@graph":[{"@type":"NewsArticle","@id":"https:\/\/www.estrategiaconcursos.com.br\/blog\/concurso-sefaz-go-2026-o-que-mudou\/#article","isPartOf":{"@id":"https:\/\/www.estrategiaconcursos.com.br\/blog\/concurso-sefaz-go-2026-o-que-mudou\/"},"author":{"name":"Camila Leite","@id":"https:\/\/www.estrategiaconcursos.com.br\/blog\/#\/schema\/person\/84ecdc6eb58d3cf1689bf76c5cd8fb38"},"headline":"Concurso Sefaz GO 2026: o que mudou no novo edital?","datePublished":"2025-12-12T14:42:36+00:00","dateModified":"2025-12-12T21:30:14+00:00","mainEntityOfPage":{"@id":"https:\/\/www.estrategiaconcursos.com.br\/blog\/concurso-sefaz-go-2026-o-que-mudou\/"},"wordCount":461,"commentCount":0,"publisher":{"@id":"https:\/\/www.estrategiaconcursos.com.br\/blog\/#organization"},"image":{"@id":"https:\/\/www.estrategiaconcursos.com.br\/blog\/concurso-sefaz-go-2026-o-que-mudou\/#primaryimage"},"thumbnailUrl":"https:\/\/dhg1h5j42swfq.cloudfront.net\/2025\/11\/04124616\/image-20.png","articleSection":["Fiscal - Estadual (ICMS)","\u00daltimas not\u00edcias"],"inLanguage":"pt-BR","potentialAction":[{"@type":"CommentAction","name":"Comment","target":["https:\/\/www.estrategiaconcursos.com.br\/blog\/concurso-sefaz-go-2026-o-que-mudou\/#respond"]}],"copyrightYear":"2025","copyrightHolder":{"@id":"https:\/\/www.estrategiaconcursos.com.br\/blog\/#organization"}},{"@type":"WebPage","@id":"https:\/\/www.estrategiaconcursos.com.br\/blog\/concurso-sefaz-go-2026-o-que-mudou\/","url":"https:\/\/www.estrategiaconcursos.com.br\/blog\/concurso-sefaz-go-2026-o-que-mudou\/","name":"Concurso Sefaz GO 2026: o que mudou no novo edital?","isPartOf":{"@id":"https:\/\/www.estrategiaconcursos.com.br\/blog\/#website"},"primaryImageOfPage":{"@id":"https:\/\/www.estrategiaconcursos.com.br\/blog\/concurso-sefaz-go-2026-o-que-mudou\/#primaryimage"},"image":{"@id":"https:\/\/www.estrategiaconcursos.com.br\/blog\/concurso-sefaz-go-2026-o-que-mudou\/#primaryimage"},"thumbnailUrl":"https:\/\/dhg1h5j42swfq.cloudfront.net\/2025\/11\/04124616\/image-20.png","datePublished":"2025-12-12T14:42:36+00:00","dateModified":"2025-12-12T21:30:14+00:00","description":"Concurso Sefaz GO republicado: veja o que mudou nas vagas e como se preparar para essa oportunidade com sal\u00e1rios alt\u00edssimos!","breadcrumb":{"@id":"https:\/\/www.estrategiaconcursos.com.br\/blog\/concurso-sefaz-go-2026-o-que-mudou\/#breadcrumb"},"inLanguage":"pt-BR","potentialAction":[{"@type":"ReadAction","target":["https:\/\/www.estrategiaconcursos.com.br\/blog\/concurso-sefaz-go-2026-o-que-mudou\/"]}]},{"@type":"ImageObject","inLanguage":"pt-BR","@id":"https:\/\/www.estrategiaconcursos.com.br\/blog\/concurso-sefaz-go-2026-o-que-mudou\/#primaryimage","url":"https:\/\/dhg1h5j42swfq.cloudfront.net\/2025\/11\/04124616\/image-20.png","contentUrl":"https:\/\/dhg1h5j42swfq.cloudfront.net\/2025\/11\/04124616\/image-20.png","width":900,"height":507,"caption":"Cr\u00e9dito do ICMS para SEFAZ\/GO"},{"@type":"BreadcrumbList","@id":"https:\/\/www.estrategiaconcursos.com.br\/blog\/concurso-sefaz-go-2026-o-que-mudou\/#breadcrumb","itemListElement":[{"@type":"ListItem","position":1,"name":"In\u00edcio","item":"https:\/\/www.estrategiaconcursos.com.br\/blog\/"},{"@type":"ListItem","position":2,"name":"Concurso Sefaz GO 2026: o que mudou no novo edital?"}]},{"@type":"WebSite","@id":"https:\/\/www.estrategiaconcursos.com.br\/blog\/#website","url":"https:\/\/www.estrategiaconcursos.com.br\/blog\/","name":"Estrat\u00e9gia Concursos","description":"O blog da Estrat\u00e9gia Concursos traz not\u00edcias sobre concursos e artigos de professores oferecendo cursos para concursos (pdf + videaulas) no site.","publisher":{"@id":"https:\/\/www.estrategiaconcursos.com.br\/blog\/#organization"},"potentialAction":[{"@type":"SearchAction","target":{"@type":"EntryPoint","urlTemplate":"https:\/\/www.estrategiaconcursos.com.br\/blog\/?s={search_term_string}"},"query-input":{"@type":"PropertyValueSpecification","valueRequired":true,"valueName":"search_term_string"}}],"inLanguage":"pt-BR"},{"@type":"Organization","@id":"https:\/\/www.estrategiaconcursos.com.br\/blog\/#organization","name":"Estrat\u00e9gia Concursos","url":"https:\/\/www.estrategiaconcursos.com.br\/blog\/","logo":{"@type":"ImageObject","inLanguage":"pt-BR","@id":"https:\/\/www.estrategiaconcursos.com.br\/blog\/#\/schema\/logo\/image\/","url":"https:\/\/dhg1h5j42swfq.cloudfront.net\/2025\/06\/03203428\/logo_concursos-1.jpg","contentUrl":"https:\/\/dhg1h5j42swfq.cloudfront.net\/2025\/06\/03203428\/logo_concursos-1.jpg","width":230,"height":60,"caption":"Estrat\u00e9gia Concursos"},"image":{"@id":"https:\/\/www.estrategiaconcursos.com.br\/blog\/#\/schema\/logo\/image\/"},"sameAs":["https:\/\/x.com\/EstratConcursos"]},{"@type":"Person","@id":"https:\/\/www.estrategiaconcursos.com.br\/blog\/#\/schema\/person\/84ecdc6eb58d3cf1689bf76c5cd8fb38","name":"Camila Leite","image":{"@type":"ImageObject","inLanguage":"pt-BR","@id":"https:\/\/secure.gravatar.com\/avatar\/f2f8faef639c8a2bfb7fb909912a56917f4c3a0aed064500168e2fb8ea55cf61?s=96&d=mm&r=g","url":"https:\/\/secure.gravatar.com\/avatar\/f2f8faef639c8a2bfb7fb909912a56917f4c3a0aed064500168e2fb8ea55cf61?s=96&d=mm&r=g","contentUrl":"https:\/\/secure.gravatar.com\/avatar\/f2f8faef639c8a2bfb7fb909912a56917f4c3a0aed064500168e2fb8ea55cf61?s=96&d=mm&r=g","caption":"Camila Leite"},"description":"Formada em Design Gr\u00e1fico e em Propaganda e Marketing pela UNIP, integra a equipe de jornalismo do Estrat\u00e9gia Concursos desde 2018. Ao longo dos anos, construiu uma s\u00f3lida experi\u00eancia na produ\u00e7\u00e3o de conte\u00fado informativo e relevante para concurseiros. Desde 2020, atua na cobertura das \u00e1reas Fiscal \u2014 com \u00eanfase nas Secretarias de Fazenda (Sefaz) das regi\u00f5es Sul e Sudeste \u2014, al\u00e9m da cobertura de concursos federais, como CNU, Petrobras, CGU, Receita Federal, ag\u00eancias reguladoras (Anvisa, ANAC, entre outras) e INSS. Mant\u00e9m contato direto com os principais \u00f3rg\u00e3os p\u00fablicos, acompanhando editais, atualiza\u00e7\u00f5es e movimenta\u00e7\u00f5es importantes para os candidatos.","sameAs":["https:\/\/www.linkedin.com\/in\/camila-pinheiro-leite-9ba135b6\/"],"url":"https:\/\/www.estrategiaconcursos.com.br\/blog\/author\/camila-leiteestrategiaconcursos-com-br\/"}]}},"_links":{"self":[{"href":"https:\/\/www.estrategiaconcursos.com.br\/blog\/wp-json\/wp\/v2\/posts\/1684471","targetHints":{"allow":["GET"]}}],"collection":[{"href":"https:\/\/www.estrategiaconcursos.com.br\/blog\/wp-json\/wp\/v2\/posts"}],"about":[{"href":"https:\/\/www.estrategiaconcursos.com.br\/blog\/wp-json\/wp\/v2\/types\/post"}],"author":[{"embeddable":true,"href":"https:\/\/www.estrategiaconcursos.com.br\/blog\/wp-json\/wp\/v2\/users\/659"}],"replies":[{"embeddable":true,"href":"https:\/\/www.estrategiaconcursos.com.br\/blog\/wp-json\/wp\/v2\/comments?post=1684471"}],"version-history":[{"count":5,"href":"https:\/\/www.estrategiaconcursos.com.br\/blog\/wp-json\/wp\/v2\/posts\/1684471\/revisions"}],"predecessor-version":[{"id":1684947,"href":"https:\/\/www.estrategiaconcursos.com.br\/blog\/wp-json\/wp\/v2\/posts\/1684471\/revisions\/1684947"}],"wp:featuredmedia":[{"embeddable":true,"href":"https:\/\/www.estrategiaconcursos.com.br\/blog\/wp-json\/wp\/v2\/media\/1665207"}],"wp:attachment":[{"href":"https:\/\/www.estrategiaconcursos.com.br\/blog\/wp-json\/wp\/v2\/media?parent=1684471"}],"wp:term":[{"taxonomy":"category","embeddable":true,"href":"https:\/\/www.estrategiaconcursos.com.br\/blog\/wp-json\/wp\/v2\/categories?post=1684471"},{"taxonomy":"post_tag","embeddable":true,"href":"https:\/\/www.estrategiaconcursos.com.br\/blog\/wp-json\/wp\/v2\/tags?post=1684471"},{"taxonomy":"tax_estado","embeddable":true,"href":"https:\/\/www.estrategiaconcursos.com.br\/blog\/wp-json\/wp\/v2\/tax_estado?post=1684471"}],"curies":[{"name":"wp","href":"https:\/\/api.w.org\/{rel}","templated":true}]}}