{"id":168433,"date":"2019-03-01T05:00:43","date_gmt":"2019-03-01T08:00:43","guid":{"rendered":"https:\/\/www.estrategiaconcursos.com.br\/blog\/?p=168433"},"modified":"2023-02-10T15:51:31","modified_gmt":"2023-02-10T18:51:31","slug":"concurso-prf-2019-retomado","status":"publish","type":"post","link":"https:\/\/www.estrategiaconcursos.com.br\/blog\/concurso-prf-2019-retomado\/","title":{"rendered":"Concurso PRF: TRF 5 determina retomada do concurso p\u00fablico"},"content":{"rendered":"\n<p>Uma decis\u00e3o proferida pelo desembargador federal Vladimir Souza Carvalho, do Tribunal Regional Federal da 5\u00aa Regi\u00e3o, determina de forma imediata a retomada do concurso da Pol\u00edcia Rodovi\u00e1ria Federal. Na decis\u00e3o, o desembargador entende que n\u00e3o h\u00e1 exist\u00eancia de ilegalidade apontada pela A\u00e7\u00e3o Civil P\u00fablica movida contra a aplica\u00e7\u00e3o das provas do concurso.<\/p>\n\n\n\n<p>Em seu perfil pessoal, no twitter, o Diretor-Geral da PRF comemorou a retomada do concurso: <em>&#8220;Estou muito satisfeito por saber e poder informar a todos que o concurso para o cargo de Policial Rodovi\u00e1rio Federal foi retomado. Sempre bom dar boas not\u00edcias. Bom para a institui\u00e7\u00e3o, bom para voc\u00ea, bom para o Brasil. Grande Abra\u00e7o!&#8221;<\/em>, escreveu.<\/p>\n\n\n\n<figure class=\"wp-block-image\"><img loading=\"lazy\" decoding=\"async\" width=\"1028\" height=\"228\" src=\"https:\/\/dhg1h5j42swfq.cloudfront.net\/2019\/02\/27144836\/image105.png\" alt=\"\" class=\"wp-image-168436\" srcset=\"https:\/\/dhg1h5j42swfq.cloudfront.net\/2019\/02\/27144836\/image105.png 1028w, https:\/\/dhg1h5j42swfq.cloudfront.net\/2019\/02\/27144836\/image105.png 300w, https:\/\/dhg1h5j42swfq.cloudfront.net\/2019\/02\/27144836\/image105.png 768w, https:\/\/dhg1h5j42swfq.cloudfront.net\/2019\/02\/27144836\/image105.png 1024w\" sizes=\"auto, (max-width: 1028px) 100vw, 1028px\" \/><\/figure>\n\n\n\n<p>O jornalismo do Estrat\u00e9gia Concursos obteve acesso a uma vers\u00e3o da decis\u00e3o proferida pelo desembargador Vladimir Souza Carvalho. Em contato com o gabinete do desembargador, a nossa equipe foi informada que a decis\u00e3o \u00e9 aut\u00eantica e que o texto determina a retomada do concurso.<\/p>\n\n\n\n<p>O concurso que oferta 500 vagas foi suspenso na \u00faltima quarta-feira, 20 de fevereiro, ap\u00f3s decis\u00e3o liminar determinada pela 2\u00aa Vara Federal do Cear\u00e1 atendendo a uma A\u00e7\u00e3o Civil P\u00fablica. A suspens\u00e3o do concurso PRF se deu por conta da restri\u00e7\u00e3o da presta\u00e7\u00e3o das provas que o edital imp\u00f4s aos candidatos.<\/p>\n\n\n\n<p>A aplica\u00e7\u00e3o das provas foi feita apenas em estados onde o edital previa vagas, ferindo assim um princ\u00edpio legal que afirma que os concursos de n\u00edvel Federal devem ser aplicados em todos os estados e no Distrito Federal.<\/p>\n\n\n\n<p>Com a decis\u00e3o, a Uni\u00e3o, atrav\u00e9s da Advocacia-Geral da Uni\u00e3o, entrou com um agravo e o TRF 5 proferiu determina\u00e7\u00e3o tornando sem efeito a decis\u00e3o de suspens\u00e3o do concurso.<\/p>\n\n\n\n<p>Na decis\u00e3o, o desembargador Vladimir Souza discorre que a determina\u00e7\u00e3o da 2\u00aa Vara Federal do Cear\u00e1 n\u00e3o entendeu que a regra (a que imp\u00f5e aos candidatos a realiza\u00e7\u00e3o de provas no mesmo local em que desejam concorrer \u00e0s vagas) n\u00e3o observa os crit\u00e9rios de conveni\u00eancia e oportunidade da Administra\u00e7\u00e3o P\u00fablica.<\/p>\n\n\n\n<p>Conforme a decis\u00e3o do desembargador, o hist\u00f3rico dos concursos da PRF \u00e9 que a falta de adapta\u00e7\u00e3o de muitos nomeados colabora para um alto n\u00famero de pedidos de remo\u00e7\u00e3o e transfer\u00eancia.<\/p>\n\n\n\n<p>Entre as justificativas apontadas na decis\u00e3o, a regra do edital assegura que o candidato realize prova no local onde informa que deseja ser lotado evitando que as vagas deixem de ser preenchidas por pessoas que n\u00e3o tenham interesse efetivo em trabalhar naquela localidade.<\/p>\n\n\n\n<p class=\"has-text-align-center\" style=\"font-size:clamp(16.293px, 1.018rem + ((1vw - 3.2px) * 0.854), 25px);px\"><strong><em><a href=\"https:\/\/www.youtube.com\/watch?v=5k6idS7N1og\" target=\"_blank\" rel=\"noreferrer noopener\">Entenda o caso!<\/a><\/em><\/strong><\/p>\n\n\n\n<h2 class=\"wp-block-heading\" id=\"h-parte-da-decisao-do-trf-5\">Parte da decis\u00e3o do TRF 5<\/h2>\n\n\n\n<p><em>\u2026considerando n\u00e3o existir ilegalidade ou les\u00e3o a qualquer princ\u00edpio constitucional, deve ser reforma\/cassada a tutela de urg\u00eancia preferida pela 2\u00aa Vara Federal do Cear\u00e1.<\/em><\/p>\n\n\n\n<p><em>Por fim, como informado, a mora do Ju\u00edzo da 2\u00aa Vara Federal do Cear\u00e1, que delongou por quase dois meses a an\u00e1lise da tutela de urg\u00eancia requerida, tornou imposs\u00edvel o seu cumprimento, raz\u00e3o pela qual, mostra-se demasiadamente desproporcional e irrazo\u00e1vel o refazimento da etapa j\u00e1 realizada, a qual era imposs\u00edvel cancelar em um dia \u00fatil.<\/em><\/p>\n\n\n\n<p><em>Dessa maneira, deve ser cassada (at\u00e9 pela perda do objeto gerada pela pr\u00f3pria decis\u00e3o judicial intempestiva) a decis\u00e3o ora agravada (id. 4058100.14545389). Requer, assim, seja deferido o efeito suspensivo ao presente AGRAVO DE INSTRUMENTO, sustando-se de imediato a decis\u00e3o recorrida, e ao final seja provido o presente recurso para reformar em definitivo a decis\u00e3o agravada.<\/em><\/p>\n\n\n\n<h2 class=\"wp-block-heading\" id=\"h-divulgacao-do-resultado-prf\">Divulga\u00e7\u00e3o do Resultado PRF<\/h2>\n\n\n\n<p>O Cespe\/Cebraspe, banca organizadora do concurso da Pol\u00edcia Rodovi\u00e1ria Federal (PRF) negou que tenha publicado na segunda-feira, 25 de fevereiro, o Gabarito Oficial do concurso do Departamento. A imagem do que seria o \u201cgabarito definitivo\u201d do concurso da PRF indica que 12 quest\u00f5es da prova teriam sido anuladas. Com a retomada do concurso, a expectativa \u00e9 que o resultado seja divulgado entre esta quarta-feira e a quinta-feira, 28 de fevereiro.<\/p>\n\n\n\n<p class=\"has-very-light-gray-background-color has-background\" style=\"font-size:clamp(16.293px, 1.018rem + ((1vw - 3.2px) * 0.854), 25px);px\"><strong><a rel=\"noreferrer noopener\" href=\"https:\/\/www.estrategiaconcursos.com.br\/blog\/concursos-abertos\/\" target=\"_blank\"><em>Concursos abertos<\/em><\/a><em>&nbsp;desta semana<\/em><\/strong><\/p>\n\n\n\n<p class=\"has-very-light-gray-background-color has-background\" style=\"font-size:clamp(16.293px, 1.018rem + ((1vw - 3.2px) * 0.854), 25px);px\"><strong><em>Confira os&nbsp;<\/em><\/strong><a rel=\"noreferrer noopener\" href=\"https:\/\/www.estrategiaconcursos.com.br\/blog\/concursos-2019\/\" target=\"_blank\"><strong><em>concursos previstos para 2019<\/em><\/strong><\/a><\/p>\n\n\n\n<h2 class=\"has-text-align-center wp-block-heading\" id=\"h-assinatura-anual-ilimitada\"><em><strong>Assinatura Anual Ilimitada<\/strong><\/em><\/h2>\n\n\n\n<p class=\"has-text-align-center\"><em>Prepare-se com o melhor material e com quem mais aprova em&nbsp;Concursos P\u00fablicos de todo o pa\u00eds. Assine agora a nossa Assinatura Anual e tenha acesso ilimitado a todos os nossos cursos.<\/em><\/p>\n\n\n\n<p><strong>Sobre um novo Concurso PRF 2019\/2020, leia o artigo a seguir:<\/strong><\/p>\n\n\n\n<figure class=\"wp-block-embed is-type-rich is-provider-estrategia-concursos\"><div class=\"wp-block-embed__wrapper\">\nhttps:\/\/www.estrategiaconcursos.com.br\/blog\/concurso-prf-3\/\n<\/div><\/figure>\n\n\n\n<figure class=\"wp-block-image\"><a href=\"https:\/\/www.estrategiaconcursos.com.br\/assinaturas\" target=\"_blank\" rel=\"noreferrer noopener\"><img decoding=\"async\" src=\"https:\/\/www.estrategiaconcursos.com.br\/assets\/img\/banner-assinaturas.jpg\" alt=\"Assinatura Ilimitada\" class=\"wp-image-157836\"\/><\/a><\/figure>\n","protected":false},"excerpt":{"rendered":"<p>Uma decis\u00e3o proferida pelo desembargador federal Vladimir Souza Carvalho, do Tribunal Regional Federal da 5\u00aa Regi\u00e3o, determina de forma imediata a retomada do concurso da Pol\u00edcia Rodovi\u00e1ria Federal. Na decis\u00e3o, o desembargador entende que n\u00e3o h\u00e1 exist\u00eancia de ilegalidade apontada pela A\u00e7\u00e3o Civil P\u00fablica movida contra a aplica\u00e7\u00e3o das provas do concurso. Em seu perfil [&hellip;]<\/p>\n","protected":false},"author":1,"featured_media":168477,"comment_status":"open","ping_status":"closed","sticky":false,"template":"","format":"standard","meta":{"post_tipo":"news","footnotes":""},"categories":[1],"tags":[],"tax_estado":[],"class_list":["post-168433","post","type-post","status-publish","format-standard","has-post-thumbnail","hentry","category-cursos-e-concursos"],"acf":[],"yoast_head":"<!-- This site is optimized with the Yoast SEO Premium plugin v27.2 (Yoast SEO v27.2) - https:\/\/yoast.com\/product\/yoast-seo-premium-wordpress\/ -->\n<title>Concurso PRF: TRF 5 determina retomada do concurso p\u00fablico<\/title>\n<meta name=\"robots\" content=\"index, follow, max-snippet:-1, max-image-preview:large, max-video-preview:-1\" \/>\n<link rel=\"canonical\" href=\"https:\/\/www.estrategiaconcursos.com.br\/blog\/concurso-prf-2019-retomado\/\" \/>\n<meta property=\"og:locale\" content=\"pt_BR\" \/>\n<meta property=\"og:type\" content=\"article\" \/>\n<meta property=\"og:title\" content=\"Concurso PRF: TRF 5 determina retomada do concurso p\u00fablico\" \/>\n<meta property=\"og:description\" content=\"Uma decis\u00e3o proferida pelo desembargador federal Vladimir Souza Carvalho, do Tribunal Regional Federal da 5\u00aa Regi\u00e3o, determina de forma imediata a retomada do concurso da Pol\u00edcia Rodovi\u00e1ria Federal. Na decis\u00e3o, o desembargador entende que n\u00e3o h\u00e1 exist\u00eancia de ilegalidade apontada pela A\u00e7\u00e3o Civil P\u00fablica movida contra a aplica\u00e7\u00e3o das provas do concurso. Em seu perfil [&hellip;]\" \/>\n<meta property=\"og:url\" content=\"https:\/\/www.estrategiaconcursos.com.br\/blog\/concurso-prf-2019-retomado\/\" \/>\n<meta property=\"og:site_name\" content=\"Estrat\u00e9gia Concursos\" \/>\n<meta property=\"article:author\" content=\"https:\/\/www.facebook.com\/EstrategiaConcursos\" \/>\n<meta property=\"article:published_time\" content=\"2019-03-01T08:00:43+00:00\" \/>\n<meta property=\"article:modified_time\" content=\"2023-02-10T18:51:31+00:00\" \/>\n<meta property=\"og:image\" content=\"https:\/\/dhg1h5j42swfq.cloudfront.net\/2019\/02\/27153627\/concurso-prf.png\" \/>\n\t<meta property=\"og:image:width\" content=\"400\" \/>\n\t<meta property=\"og:image:height\" content=\"209\" \/>\n\t<meta property=\"og:image:type\" content=\"image\/png\" \/>\n<meta name=\"author\" content=\"Coordena\u00e7\u00e3o\" \/>\n<meta name=\"twitter:card\" content=\"summary_large_image\" \/>\n<meta name=\"twitter:creator\" content=\"@EstratConcursos\" \/>\n<meta name=\"twitter:site\" content=\"@EstratConcursos\" \/>\n<meta name=\"twitter:label1\" content=\"Escrito por\" \/>\n\t<meta name=\"twitter:data1\" content=\"Coordena\u00e7\u00e3o\" \/>\n\t<meta name=\"twitter:label2\" content=\"Est. tempo de leitura\" \/>\n\t<meta name=\"twitter:data2\" content=\"4 minutos\" \/>\n<script type=\"application\/ld+json\" class=\"yoast-schema-graph\">{\"@context\":\"https:\/\/schema.org\",\"@graph\":[{\"@type\":\"NewsArticle\",\"@id\":\"https:\/\/www.estrategiaconcursos.com.br\/blog\/concurso-prf-2019-retomado\/#article\",\"isPartOf\":{\"@id\":\"https:\/\/www.estrategiaconcursos.com.br\/blog\/concurso-prf-2019-retomado\/\"},\"author\":{\"name\":\"Coordena\u00e7\u00e3o\",\"@id\":\"https:\/\/www.estrategiaconcursos.com.br\/blog\/#\/schema\/person\/b4a388c97673c5f483d72185668afa1f\"},\"headline\":\"Concurso PRF: TRF 5 determina retomada do concurso p\u00fablico\",\"datePublished\":\"2019-03-01T08:00:43+00:00\",\"dateModified\":\"2023-02-10T18:51:31+00:00\",\"mainEntityOfPage\":{\"@id\":\"https:\/\/www.estrategiaconcursos.com.br\/blog\/concurso-prf-2019-retomado\/\"},\"wordCount\":748,\"commentCount\":17,\"publisher\":{\"@id\":\"https:\/\/www.estrategiaconcursos.com.br\/blog\/#organization\"},\"image\":{\"@id\":\"https:\/\/www.estrategiaconcursos.com.br\/blog\/concurso-prf-2019-retomado\/#primaryimage\"},\"thumbnailUrl\":\"https:\/\/dhg1h5j42swfq.cloudfront.net\/2019\/02\/27153627\/concurso-prf.png\",\"articleSection\":[\"Concursos P\u00fablicos\"],\"inLanguage\":\"pt-BR\",\"potentialAction\":[{\"@type\":\"CommentAction\",\"name\":\"Comment\",\"target\":[\"https:\/\/www.estrategiaconcursos.com.br\/blog\/concurso-prf-2019-retomado\/#respond\"]}],\"copyrightYear\":\"2019\",\"copyrightHolder\":{\"@id\":\"https:\/\/www.estrategiaconcursos.com.br\/blog\/#organization\"}},{\"@type\":\"WebPage\",\"@id\":\"https:\/\/www.estrategiaconcursos.com.br\/blog\/concurso-prf-2019-retomado\/\",\"url\":\"https:\/\/www.estrategiaconcursos.com.br\/blog\/concurso-prf-2019-retomado\/\",\"name\":\"Concurso PRF: TRF 5 determina retomada do concurso p\u00fablico\",\"isPartOf\":{\"@id\":\"https:\/\/www.estrategiaconcursos.com.br\/blog\/#website\"},\"primaryImageOfPage\":{\"@id\":\"https:\/\/www.estrategiaconcursos.com.br\/blog\/concurso-prf-2019-retomado\/#primaryimage\"},\"image\":{\"@id\":\"https:\/\/www.estrategiaconcursos.com.br\/blog\/concurso-prf-2019-retomado\/#primaryimage\"},\"thumbnailUrl\":\"https:\/\/dhg1h5j42swfq.cloudfront.net\/2019\/02\/27153627\/concurso-prf.png\",\"datePublished\":\"2019-03-01T08:00:43+00:00\",\"dateModified\":\"2023-02-10T18:51:31+00:00\",\"breadcrumb\":{\"@id\":\"https:\/\/www.estrategiaconcursos.com.br\/blog\/concurso-prf-2019-retomado\/#breadcrumb\"},\"inLanguage\":\"pt-BR\",\"potentialAction\":[{\"@type\":\"ReadAction\",\"target\":[\"https:\/\/www.estrategiaconcursos.com.br\/blog\/concurso-prf-2019-retomado\/\"]}]},{\"@type\":\"ImageObject\",\"inLanguage\":\"pt-BR\",\"@id\":\"https:\/\/www.estrategiaconcursos.com.br\/blog\/concurso-prf-2019-retomado\/#primaryimage\",\"url\":\"https:\/\/dhg1h5j42swfq.cloudfront.net\/2019\/02\/27153627\/concurso-prf.png\",\"contentUrl\":\"https:\/\/dhg1h5j42swfq.cloudfront.net\/2019\/02\/27153627\/concurso-prf.png\",\"width\":400,\"height\":209,\"caption\":\"concurso prf\"},{\"@type\":\"BreadcrumbList\",\"@id\":\"https:\/\/www.estrategiaconcursos.com.br\/blog\/concurso-prf-2019-retomado\/#breadcrumb\",\"itemListElement\":[{\"@type\":\"ListItem\",\"position\":1,\"name\":\"In\u00edcio\",\"item\":\"https:\/\/www.estrategiaconcursos.com.br\/blog\/\"},{\"@type\":\"ListItem\",\"position\":2,\"name\":\"Concurso PRF: TRF 5 determina retomada do concurso p\u00fablico\"}]},{\"@type\":\"WebSite\",\"@id\":\"https:\/\/www.estrategiaconcursos.com.br\/blog\/#website\",\"url\":\"https:\/\/www.estrategiaconcursos.com.br\/blog\/\",\"name\":\"Estrat\u00e9gia Concursos\",\"description\":\"O blog da Estrat\u00e9gia Concursos traz not\u00edcias sobre concursos e artigos de professores oferecendo cursos para concursos (pdf + videaulas) no site.\",\"publisher\":{\"@id\":\"https:\/\/www.estrategiaconcursos.com.br\/blog\/#organization\"},\"potentialAction\":[{\"@type\":\"SearchAction\",\"target\":{\"@type\":\"EntryPoint\",\"urlTemplate\":\"https:\/\/www.estrategiaconcursos.com.br\/blog\/?s={search_term_string}\"},\"query-input\":{\"@type\":\"PropertyValueSpecification\",\"valueRequired\":true,\"valueName\":\"search_term_string\"}}],\"inLanguage\":\"pt-BR\"},{\"@type\":\"Organization\",\"@id\":\"https:\/\/www.estrategiaconcursos.com.br\/blog\/#organization\",\"name\":\"Estrat\u00e9gia Concursos\",\"url\":\"https:\/\/www.estrategiaconcursos.com.br\/blog\/\",\"logo\":{\"@type\":\"ImageObject\",\"inLanguage\":\"pt-BR\",\"@id\":\"https:\/\/www.estrategiaconcursos.com.br\/blog\/#\/schema\/logo\/image\/\",\"url\":\"https:\/\/dhg1h5j42swfq.cloudfront.net\/2025\/06\/03203428\/logo_concursos-1.jpg\",\"contentUrl\":\"https:\/\/dhg1h5j42swfq.cloudfront.net\/2025\/06\/03203428\/logo_concursos-1.jpg\",\"width\":230,\"height\":60,\"caption\":\"Estrat\u00e9gia Concursos\"},\"image\":{\"@id\":\"https:\/\/www.estrategiaconcursos.com.br\/blog\/#\/schema\/logo\/image\/\"},\"sameAs\":[\"https:\/\/x.com\/EstratConcursos\"]},{\"@type\":\"Person\",\"@id\":\"https:\/\/www.estrategiaconcursos.com.br\/blog\/#\/schema\/person\/b4a388c97673c5f483d72185668afa1f\",\"name\":\"Coordena\u00e7\u00e3o\",\"image\":{\"@type\":\"ImageObject\",\"inLanguage\":\"pt-BR\",\"@id\":\"https:\/\/secure.gravatar.com\/avatar\/b720319e4c9a967eb58678d110f4fe35452fc5d5f97b202bac7b8acceb18c6ad?s=96&d=mm&r=g\",\"url\":\"https:\/\/secure.gravatar.com\/avatar\/b720319e4c9a967eb58678d110f4fe35452fc5d5f97b202bac7b8acceb18c6ad?s=96&d=mm&r=g\",\"contentUrl\":\"https:\/\/secure.gravatar.com\/avatar\/b720319e4c9a967eb58678d110f4fe35452fc5d5f97b202bac7b8acceb18c6ad?s=96&d=mm&r=g\",\"caption\":\"Coordena\u00e7\u00e3o\"},\"sameAs\":[\"https:\/\/www.facebook.com\/EstrategiaConcursos\",\"https:\/\/x.com\/EstratConcursos\"],\"url\":\"https:\/\/www.estrategiaconcursos.com.br\/blog\/author\/estrategia2013\/\"}]}<\/script>\n<!-- \/ Yoast SEO Premium plugin. -->","yoast_head_json":{"title":"Concurso PRF: TRF 5 determina retomada do concurso p\u00fablico","robots":{"index":"index","follow":"follow","max-snippet":"max-snippet:-1","max-image-preview":"max-image-preview:large","max-video-preview":"max-video-preview:-1"},"canonical":"https:\/\/www.estrategiaconcursos.com.br\/blog\/concurso-prf-2019-retomado\/","og_locale":"pt_BR","og_type":"article","og_title":"Concurso PRF: TRF 5 determina retomada do concurso p\u00fablico","og_description":"Uma decis\u00e3o proferida pelo desembargador federal Vladimir Souza Carvalho, do Tribunal Regional Federal da 5\u00aa Regi\u00e3o, determina de forma imediata a retomada do concurso da Pol\u00edcia Rodovi\u00e1ria Federal. Na decis\u00e3o, o desembargador entende que n\u00e3o h\u00e1 exist\u00eancia de ilegalidade apontada pela A\u00e7\u00e3o Civil P\u00fablica movida contra a aplica\u00e7\u00e3o das provas do concurso. Em seu perfil [&hellip;]","og_url":"https:\/\/www.estrategiaconcursos.com.br\/blog\/concurso-prf-2019-retomado\/","og_site_name":"Estrat\u00e9gia Concursos","article_author":"https:\/\/www.facebook.com\/EstrategiaConcursos","article_published_time":"2019-03-01T08:00:43+00:00","article_modified_time":"2023-02-10T18:51:31+00:00","og_image":[{"width":400,"height":209,"url":"https:\/\/dhg1h5j42swfq.cloudfront.net\/2019\/02\/27153627\/concurso-prf.png","type":"image\/png"}],"author":"Coordena\u00e7\u00e3o","twitter_card":"summary_large_image","twitter_creator":"@EstratConcursos","twitter_site":"@EstratConcursos","twitter_misc":{"Escrito por":"Coordena\u00e7\u00e3o","Est. tempo de leitura":"4 minutos"},"schema":{"@context":"https:\/\/schema.org","@graph":[{"@type":"NewsArticle","@id":"https:\/\/www.estrategiaconcursos.com.br\/blog\/concurso-prf-2019-retomado\/#article","isPartOf":{"@id":"https:\/\/www.estrategiaconcursos.com.br\/blog\/concurso-prf-2019-retomado\/"},"author":{"name":"Coordena\u00e7\u00e3o","@id":"https:\/\/www.estrategiaconcursos.com.br\/blog\/#\/schema\/person\/b4a388c97673c5f483d72185668afa1f"},"headline":"Concurso PRF: TRF 5 determina retomada do concurso p\u00fablico","datePublished":"2019-03-01T08:00:43+00:00","dateModified":"2023-02-10T18:51:31+00:00","mainEntityOfPage":{"@id":"https:\/\/www.estrategiaconcursos.com.br\/blog\/concurso-prf-2019-retomado\/"},"wordCount":748,"commentCount":17,"publisher":{"@id":"https:\/\/www.estrategiaconcursos.com.br\/blog\/#organization"},"image":{"@id":"https:\/\/www.estrategiaconcursos.com.br\/blog\/concurso-prf-2019-retomado\/#primaryimage"},"thumbnailUrl":"https:\/\/dhg1h5j42swfq.cloudfront.net\/2019\/02\/27153627\/concurso-prf.png","articleSection":["Concursos P\u00fablicos"],"inLanguage":"pt-BR","potentialAction":[{"@type":"CommentAction","name":"Comment","target":["https:\/\/www.estrategiaconcursos.com.br\/blog\/concurso-prf-2019-retomado\/#respond"]}],"copyrightYear":"2019","copyrightHolder":{"@id":"https:\/\/www.estrategiaconcursos.com.br\/blog\/#organization"}},{"@type":"WebPage","@id":"https:\/\/www.estrategiaconcursos.com.br\/blog\/concurso-prf-2019-retomado\/","url":"https:\/\/www.estrategiaconcursos.com.br\/blog\/concurso-prf-2019-retomado\/","name":"Concurso PRF: TRF 5 determina retomada do concurso p\u00fablico","isPartOf":{"@id":"https:\/\/www.estrategiaconcursos.com.br\/blog\/#website"},"primaryImageOfPage":{"@id":"https:\/\/www.estrategiaconcursos.com.br\/blog\/concurso-prf-2019-retomado\/#primaryimage"},"image":{"@id":"https:\/\/www.estrategiaconcursos.com.br\/blog\/concurso-prf-2019-retomado\/#primaryimage"},"thumbnailUrl":"https:\/\/dhg1h5j42swfq.cloudfront.net\/2019\/02\/27153627\/concurso-prf.png","datePublished":"2019-03-01T08:00:43+00:00","dateModified":"2023-02-10T18:51:31+00:00","breadcrumb":{"@id":"https:\/\/www.estrategiaconcursos.com.br\/blog\/concurso-prf-2019-retomado\/#breadcrumb"},"inLanguage":"pt-BR","potentialAction":[{"@type":"ReadAction","target":["https:\/\/www.estrategiaconcursos.com.br\/blog\/concurso-prf-2019-retomado\/"]}]},{"@type":"ImageObject","inLanguage":"pt-BR","@id":"https:\/\/www.estrategiaconcursos.com.br\/blog\/concurso-prf-2019-retomado\/#primaryimage","url":"https:\/\/dhg1h5j42swfq.cloudfront.net\/2019\/02\/27153627\/concurso-prf.png","contentUrl":"https:\/\/dhg1h5j42swfq.cloudfront.net\/2019\/02\/27153627\/concurso-prf.png","width":400,"height":209,"caption":"concurso prf"},{"@type":"BreadcrumbList","@id":"https:\/\/www.estrategiaconcursos.com.br\/blog\/concurso-prf-2019-retomado\/#breadcrumb","itemListElement":[{"@type":"ListItem","position":1,"name":"In\u00edcio","item":"https:\/\/www.estrategiaconcursos.com.br\/blog\/"},{"@type":"ListItem","position":2,"name":"Concurso PRF: TRF 5 determina retomada do concurso p\u00fablico"}]},{"@type":"WebSite","@id":"https:\/\/www.estrategiaconcursos.com.br\/blog\/#website","url":"https:\/\/www.estrategiaconcursos.com.br\/blog\/","name":"Estrat\u00e9gia Concursos","description":"O blog da Estrat\u00e9gia Concursos traz not\u00edcias sobre concursos e artigos de professores oferecendo cursos para concursos (pdf + videaulas) no site.","publisher":{"@id":"https:\/\/www.estrategiaconcursos.com.br\/blog\/#organization"},"potentialAction":[{"@type":"SearchAction","target":{"@type":"EntryPoint","urlTemplate":"https:\/\/www.estrategiaconcursos.com.br\/blog\/?s={search_term_string}"},"query-input":{"@type":"PropertyValueSpecification","valueRequired":true,"valueName":"search_term_string"}}],"inLanguage":"pt-BR"},{"@type":"Organization","@id":"https:\/\/www.estrategiaconcursos.com.br\/blog\/#organization","name":"Estrat\u00e9gia Concursos","url":"https:\/\/www.estrategiaconcursos.com.br\/blog\/","logo":{"@type":"ImageObject","inLanguage":"pt-BR","@id":"https:\/\/www.estrategiaconcursos.com.br\/blog\/#\/schema\/logo\/image\/","url":"https:\/\/dhg1h5j42swfq.cloudfront.net\/2025\/06\/03203428\/logo_concursos-1.jpg","contentUrl":"https:\/\/dhg1h5j42swfq.cloudfront.net\/2025\/06\/03203428\/logo_concursos-1.jpg","width":230,"height":60,"caption":"Estrat\u00e9gia Concursos"},"image":{"@id":"https:\/\/www.estrategiaconcursos.com.br\/blog\/#\/schema\/logo\/image\/"},"sameAs":["https:\/\/x.com\/EstratConcursos"]},{"@type":"Person","@id":"https:\/\/www.estrategiaconcursos.com.br\/blog\/#\/schema\/person\/b4a388c97673c5f483d72185668afa1f","name":"Coordena\u00e7\u00e3o","image":{"@type":"ImageObject","inLanguage":"pt-BR","@id":"https:\/\/secure.gravatar.com\/avatar\/b720319e4c9a967eb58678d110f4fe35452fc5d5f97b202bac7b8acceb18c6ad?s=96&d=mm&r=g","url":"https:\/\/secure.gravatar.com\/avatar\/b720319e4c9a967eb58678d110f4fe35452fc5d5f97b202bac7b8acceb18c6ad?s=96&d=mm&r=g","contentUrl":"https:\/\/secure.gravatar.com\/avatar\/b720319e4c9a967eb58678d110f4fe35452fc5d5f97b202bac7b8acceb18c6ad?s=96&d=mm&r=g","caption":"Coordena\u00e7\u00e3o"},"sameAs":["https:\/\/www.facebook.com\/EstrategiaConcursos","https:\/\/x.com\/EstratConcursos"],"url":"https:\/\/www.estrategiaconcursos.com.br\/blog\/author\/estrategia2013\/"}]}},"_links":{"self":[{"href":"https:\/\/www.estrategiaconcursos.com.br\/blog\/wp-json\/wp\/v2\/posts\/168433","targetHints":{"allow":["GET"]}}],"collection":[{"href":"https:\/\/www.estrategiaconcursos.com.br\/blog\/wp-json\/wp\/v2\/posts"}],"about":[{"href":"https:\/\/www.estrategiaconcursos.com.br\/blog\/wp-json\/wp\/v2\/types\/post"}],"author":[{"embeddable":true,"href":"https:\/\/www.estrategiaconcursos.com.br\/blog\/wp-json\/wp\/v2\/users\/1"}],"replies":[{"embeddable":true,"href":"https:\/\/www.estrategiaconcursos.com.br\/blog\/wp-json\/wp\/v2\/comments?post=168433"}],"version-history":[{"count":22,"href":"https:\/\/www.estrategiaconcursos.com.br\/blog\/wp-json\/wp\/v2\/posts\/168433\/revisions"}],"predecessor-version":[{"id":1169393,"href":"https:\/\/www.estrategiaconcursos.com.br\/blog\/wp-json\/wp\/v2\/posts\/168433\/revisions\/1169393"}],"wp:featuredmedia":[{"embeddable":true,"href":"https:\/\/www.estrategiaconcursos.com.br\/blog\/wp-json\/wp\/v2\/media\/168477"}],"wp:attachment":[{"href":"https:\/\/www.estrategiaconcursos.com.br\/blog\/wp-json\/wp\/v2\/media?parent=168433"}],"wp:term":[{"taxonomy":"category","embeddable":true,"href":"https:\/\/www.estrategiaconcursos.com.br\/blog\/wp-json\/wp\/v2\/categories?post=168433"},{"taxonomy":"post_tag","embeddable":true,"href":"https:\/\/www.estrategiaconcursos.com.br\/blog\/wp-json\/wp\/v2\/tags?post=168433"},{"taxonomy":"tax_estado","embeddable":true,"href":"https:\/\/www.estrategiaconcursos.com.br\/blog\/wp-json\/wp\/v2\/tax_estado?post=168433"}],"curies":[{"name":"wp","href":"https:\/\/api.w.org\/{rel}","templated":true}]}}