{"id":1684224,"date":"2026-01-09T08:52:00","date_gmt":"2026-01-09T11:52:00","guid":{"rendered":"https:\/\/www.estrategiaconcursos.com.br\/blog\/?p=1684224"},"modified":"2026-01-10T09:47:15","modified_gmt":"2026-01-10T12:47:15","slug":"pss-ibama-e-incra-edital-publicado","status":"publish","type":"post","link":"https:\/\/www.estrategiaconcursos.com.br\/blog\/pss-ibama-e-incra-edital-publicado\/","title":{"rendered":"Edital PSS IBAMA e INCRA: provas em 8 de fevereiro!"},"content":{"rendered":"\n<p>Para aqueles que conseguiram se inscrever no edital do <strong>PSS <a href=\"https:\/\/www.estrategiaconcursos.com.br\/cursosPorConcurso\/ibama-analista-61\/\" target=\"_blank\" rel=\"noreferrer noopener\">IBAMA<\/a>&nbsp;<\/strong>e&nbsp;<strong><a href=\"https:\/\/www.estrategiaconcursos.com.br\/cursosPorConcurso\/incra\/\" target=\"_blank\" rel=\"noreferrer noopener\">INCRA<\/a><\/strong>, \u00e9 importante ficar atento \u00e0s pr\u00f3ximas etapas da sele\u00e7\u00e3o, especialmente \u00e0s provas.<\/p>\n\n\n\n<p>De acordo com os editais, <strong>as avalia\u00e7\u00f5es ser\u00e3o aplicadas no dia 8 de fevereiro<\/strong>, sob organiza\u00e7\u00e3o do <a href=\"https:\/\/concursos.access.org.br\/\" target=\"_blank\" rel=\"noreferrer noopener\">Instituto ACCESS.<\/a><\/p>\n\n\n\n<p>Al\u00e9m das provas objetivas, ainda haver\u00e1 avalia\u00e7\u00f5es discursivas, sendo ambas de car\u00e1ter classificat\u00f3rio e eliminat\u00f3rio.<\/p>\n\n\n\n<p>Lembrando que o edital do PSS IBAMA oferece <strong>40 vagas<\/strong> e forma\u00e7\u00e3o de cadastro reserva no cargo de <span style=\"text-decoration: underline;\">Analista T\u00e9cnico de Complexidade Intelectual<\/span>.<\/p>\n\n\n\n<p>J\u00e1 o INCRA oferece <strong>20 vagas e forma\u00e7\u00e3o de cadastro reserva<\/strong> para<strong> <\/strong>nos cargos de <span style=\"text-decoration: underline;\">Analista T\u00e9cnico de Complexidade Intelectual e Analista T\u00e9cnico de Complexidade Gerencial<\/span> (ambos de n\u00edvel superior).<\/p>\n\n\n\n<div class=\"container\" id=\"boxes\">\n  <div class=\"row\">\n\n    <div class=\"col-sm\">\n      <div class=\"estrategia\" id=\"box-assinatura\">\n        <h2 class=\"titulo-assinatura\">Assinatura Concursos<\/h2>\n        <p class=\"subtitulo-assinatura\">Assinatura de 1 ano ou 2 anos<\/p>\n        <div class=\"box-botao\">\n          <a class=\"btn-assinatura\" target=\"_blank\" href=\"https:\/\/www.estrategiaconcursos.com.br\/assinaturas\/\" role=\"button\" rel=\"noopener noreferrer\">ASSINE AGORA<\/a>\n        <\/div>\n      <\/div><\/div><\/div><\/div>\n\n\n\n<h2 class=\"wp-block-heading\" id=\"h-edital-pss-ibama-e-incra-principais-datas\">Edital PSS IBAMA e INCRA: principais datas<\/h2>\n\n\n\n<ul class=\"wp-block-list\">\n<li><strong>Inscri\u00e7\u00f5es:<\/strong> <s>15 de dezembro a 08 de janeiro<\/s><\/li>\n\n\n\n<li><strong>Isen\u00e7\u00e3o da taxa:<\/strong> <s>15 a 16 de dezembro<\/s><\/li>\n\n\n\n<li><strong>Pagamento do boleto:<\/strong> <s>at\u00e9 09 de janeiro<\/s><\/li>\n\n\n\n<li><strong>Provas:<\/strong> 08 de fevereiro<\/li>\n<\/ul>\n\n\n\n<h2 class=\"wp-block-heading\" id=\"h-edital-pss-ibama-e-incra-cargos-e-vagas\">Edital PSS IBAMA e INCRA: cargos e vagas<\/h2>\n\n\n\n<p>Confira abaixo a distribui\u00e7\u00e3o dos cargos, vagas e sal\u00e1rios do edital PSS IBAMA e INCRA:<\/p>\n\n\n\n<h3 class=\"wp-block-heading\" id=\"h-ibama\">IBAMA<\/h3>\n\n\n\n<figure class=\"wp-block-table is-style-stripes\"><table class=\"has-fixed-layout\"><thead><tr><td class=\"has-text-align-center\" data-align=\"center\"><strong>Perfil<\/strong><\/td><td class=\"has-text-align-center\" data-align=\"center\"><strong>Modalidade (AC)<\/strong><\/td><td class=\"has-text-align-center\" data-align=\"center\"><strong>Modalidade (PPP)<\/strong><\/td><td class=\"has-text-align-center\" data-align=\"center\"><strong>Modalidade (PcD)<\/strong><\/td><td class=\"has-text-align-center\" data-align=\"center\"><strong>Modalidade (IND)<\/strong><\/td><td class=\"has-text-align-center\" data-align=\"center\"><strong>Modalidade (QUI)<\/strong><\/td><td class=\"has-text-align-center\" data-align=\"center\"><strong>Vagas<\/strong><\/td><td class=\"has-text-align-center\" data-align=\"center\"><strong>Lota\u00e7\u00e3o<\/strong><\/td><\/tr><\/thead><tbody><tr><td class=\"has-text-align-center\" data-align=\"center\">Bi\u00f3logo<\/td><td class=\"has-text-align-center\" data-align=\"center\">4<\/td><td class=\"has-text-align-center\" data-align=\"center\">CR<\/td><td class=\"has-text-align-center\" data-align=\"center\">CR<\/td><td class=\"has-text-align-center\" data-align=\"center\">CR<\/td><td class=\"has-text-align-center\" data-align=\"center\">CR<\/td><td class=\"has-text-align-center\" data-align=\"center\">4 + CR<\/td><td class=\"has-text-align-center\" data-align=\"center\">Bras\u00edlia &#8211; DF<\/td><\/tr><tr><td class=\"has-text-align-center\" data-align=\"center\">Bi\u00f3logo<\/td><td class=\"has-text-align-center\" data-align=\"center\">1<\/td><td class=\"has-text-align-center\" data-align=\"center\">1<\/td><td class=\"has-text-align-center\" data-align=\"center\">CR<\/td><td class=\"has-text-align-center\" data-align=\"center\">CR<\/td><td class=\"has-text-align-center\" data-align=\"center\">CR<\/td><td class=\"has-text-align-center\" data-align=\"center\">2 + CR<\/td><td class=\"has-text-align-center\" data-align=\"center\">Rio de Janeiro &#8211; RJ<\/td><\/tr><tr><td class=\"has-text-align-center\" data-align=\"center\">Cientista Social<\/td><td class=\"has-text-align-center\" data-align=\"center\">CR<\/td><td class=\"has-text-align-center\" data-align=\"center\">1<\/td><td class=\"has-text-align-center\" data-align=\"center\">CR<\/td><td class=\"has-text-align-center\" data-align=\"center\">CR<\/td><td class=\"has-text-align-center\" data-align=\"center\">CR<\/td><td class=\"has-text-align-center\" data-align=\"center\">1 + CR<\/td><td class=\"has-text-align-center\" data-align=\"center\">Bras\u00edlia &#8211; DF<\/td><\/tr><tr><td class=\"has-text-align-center\" data-align=\"center\">Cientista Social<\/td><td class=\"has-text-align-center\" data-align=\"center\">1<\/td><td class=\"has-text-align-center\" data-align=\"center\">CR<\/td><td class=\"has-text-align-center\" data-align=\"center\">CR<\/td><td class=\"has-text-align-center\" data-align=\"center\">CR<\/td><td class=\"has-text-align-center\" data-align=\"center\">CR<\/td><td class=\"has-text-align-center\" data-align=\"center\">1 + CR<\/td><td class=\"has-text-align-center\" data-align=\"center\">Rio de Janeiro &#8211; RJ<\/td><\/tr><tr><td class=\"has-text-align-center\" data-align=\"center\">Direito<\/td><td class=\"has-text-align-center\" data-align=\"center\">2<\/td><td class=\"has-text-align-center\" data-align=\"center\">1<\/td><td class=\"has-text-align-center\" data-align=\"center\">CR<\/td><td class=\"has-text-align-center\" data-align=\"center\">CR<\/td><td class=\"has-text-align-center\" data-align=\"center\">CR<\/td><td class=\"has-text-align-center\" data-align=\"center\">3 + CR<\/td><td class=\"has-text-align-center\" data-align=\"center\">Bras\u00edlia &#8211; DF<\/td><\/tr><tr><td class=\"has-text-align-center\" data-align=\"center\">Engenharia Ambiental<\/td><td class=\"has-text-align-center\" data-align=\"center\">2<\/td><td class=\"has-text-align-center\" data-align=\"center\">1<\/td><td class=\"has-text-align-center\" data-align=\"center\">CR<\/td><td class=\"has-text-align-center\" data-align=\"center\">CR<\/td><td class=\"has-text-align-center\" data-align=\"center\">CR<\/td><td class=\"has-text-align-center\" data-align=\"center\">3 + CR<\/td><td class=\"has-text-align-center\" data-align=\"center\">Bras\u00edlia &#8211; DF<\/td><\/tr><tr><td class=\"has-text-align-center\" data-align=\"center\">Engenharia Ambiental<\/td><td class=\"has-text-align-center\" data-align=\"center\">2<\/td><td class=\"has-text-align-center\" data-align=\"center\">CR<\/td><td class=\"has-text-align-center\" data-align=\"center\">CR<\/td><td class=\"has-text-align-center\" data-align=\"center\">CR<\/td><td class=\"has-text-align-center\" data-align=\"center\">CR<\/td><td class=\"has-text-align-center\" data-align=\"center\">2 + CR<\/td><td class=\"has-text-align-center\" data-align=\"center\">Rio de Janeiro &#8211; RJ<\/td><\/tr><tr><td class=\"has-text-align-center\" data-align=\"center\">Engenheiro de Minas<\/td><td class=\"has-text-align-center\" data-align=\"center\">1<\/td><td class=\"has-text-align-center\" data-align=\"center\">CR<\/td><td class=\"has-text-align-center\" data-align=\"center\">CR<\/td><td class=\"has-text-align-center\" data-align=\"center\">CR<\/td><td class=\"has-text-align-center\" data-align=\"center\">1<\/td><td class=\"has-text-align-center\" data-align=\"center\">2 + CR<\/td><td class=\"has-text-align-center\" data-align=\"center\">Bras\u00edlia &#8211; DF<\/td><\/tr><tr><td class=\"has-text-align-center\" data-align=\"center\">Engenheiro Florestal<\/td><td class=\"has-text-align-center\" data-align=\"center\">3<\/td><td class=\"has-text-align-center\" data-align=\"center\">CR<\/td><td class=\"has-text-align-center\" data-align=\"center\">1<\/td><td class=\"has-text-align-center\" data-align=\"center\">1<\/td><td class=\"has-text-align-center\" data-align=\"center\">CR<\/td><td class=\"has-text-align-center\" data-align=\"center\">5 + CR<\/td><td class=\"has-text-align-center\" data-align=\"center\">Bras\u00edlia &#8211; DF<\/td><\/tr><tr><td class=\"has-text-align-center\" data-align=\"center\">Engenheiro Florestal<\/td><td class=\"has-text-align-center\" data-align=\"center\">CR<\/td><td class=\"has-text-align-center\" data-align=\"center\">1<\/td><td class=\"has-text-align-center\" data-align=\"center\">CR<\/td><td class=\"has-text-align-center\" data-align=\"center\">CR<\/td><td class=\"has-text-align-center\" data-align=\"center\">CR<\/td><td class=\"has-text-align-center\" data-align=\"center\">1 + CR<\/td><td class=\"has-text-align-center\" data-align=\"center\">Rio de Janeiro &#8211; RJ<\/td><\/tr><tr><td class=\"has-text-align-center\" data-align=\"center\">Engenheiro Qu\u00edmico ou Qu\u00edmico<\/td><td class=\"has-text-align-center\" data-align=\"center\">2<\/td><td class=\"has-text-align-center\" data-align=\"center\">CR<\/td><td class=\"has-text-align-center\" data-align=\"center\">CR<\/td><td class=\"has-text-align-center\" data-align=\"center\">CR<\/td><td class=\"has-text-align-center\" data-align=\"center\">CR<\/td><td class=\"has-text-align-center\" data-align=\"center\">2 + CR<\/td><td class=\"has-text-align-center\" data-align=\"center\">Bras\u00edlia &#8211; DF<\/td><\/tr><tr><td class=\"has-text-align-center\" data-align=\"center\">Engenheiro Qu\u00edmico ou Qu\u00edmico<\/td><td class=\"has-text-align-center\" data-align=\"center\">CR<\/td><td class=\"has-text-align-center\" data-align=\"center\">1<\/td><td class=\"has-text-align-center\" data-align=\"center\">CR<\/td><td class=\"has-text-align-center\" data-align=\"center\">CR<\/td><td class=\"has-text-align-center\" data-align=\"center\">CR<\/td><td class=\"has-text-align-center\" data-align=\"center\">1 + CR<\/td><td class=\"has-text-align-center\" data-align=\"center\">Rio de Janeiro &#8211; RJ<\/td><\/tr><tr><td class=\"has-text-align-center\" data-align=\"center\">Ge\u00f3grafo<\/td><td class=\"has-text-align-center\" data-align=\"center\">2<\/td><td class=\"has-text-align-center\" data-align=\"center\">1<\/td><td class=\"has-text-align-center\" data-align=\"center\">CR<\/td><td class=\"has-text-align-center\" data-align=\"center\">CR<\/td><td class=\"has-text-align-center\" data-align=\"center\">CR<\/td><td class=\"has-text-align-center\" data-align=\"center\">3 + CR<\/td><td class=\"has-text-align-center\" data-align=\"center\">Bras\u00edlia &#8211; DF<\/td><\/tr><tr><td class=\"has-text-align-center\" data-align=\"center\">Ge\u00f3grafo<\/td><td class=\"has-text-align-center\" data-align=\"center\">CR<\/td><td class=\"has-text-align-center\" data-align=\"center\">1<\/td><td class=\"has-text-align-center\" data-align=\"center\">CR<\/td><td class=\"has-text-align-center\" data-align=\"center\">CR<\/td><td class=\"has-text-align-center\" data-align=\"center\">CR<\/td><td class=\"has-text-align-center\" data-align=\"center\">1 + CR<\/td><td class=\"has-text-align-center\" data-align=\"center\">Rio de Janeiro &#8211; RJ<\/td><\/tr><tr><td class=\"has-text-align-center\" data-align=\"center\">Ge\u00f3logo<\/td><td class=\"has-text-align-center\" data-align=\"center\">4<\/td><td class=\"has-text-align-center\" data-align=\"center\">CR<\/td><td class=\"has-text-align-center\" data-align=\"center\">1<\/td><td class=\"has-text-align-center\" data-align=\"center\">CR<\/td><td class=\"has-text-align-center\" data-align=\"center\">CR<\/td><td class=\"has-text-align-center\" data-align=\"center\">5 + CR<\/td><td class=\"has-text-align-center\" data-align=\"center\">Bras\u00edlia &#8211; DF<\/td><\/tr><tr><td class=\"has-text-align-center\" data-align=\"center\">Ocean\u00f3grafo<\/td><td class=\"has-text-align-center\" data-align=\"center\">2<\/td><td class=\"has-text-align-center\" data-align=\"center\">1<\/td><td class=\"has-text-align-center\" data-align=\"center\">CR<\/td><td class=\"has-text-align-center\" data-align=\"center\">CR<\/td><td class=\"has-text-align-center\" data-align=\"center\">CR<\/td><td class=\"has-text-align-center\" data-align=\"center\">3 + CR<\/td><td class=\"has-text-align-center\" data-align=\"center\">Bras\u00edlia &#8211; DF<\/td><\/tr><tr><td class=\"has-text-align-center\" data-align=\"center\">Pedagogo<\/td><td class=\"has-text-align-center\" data-align=\"center\">CR<\/td><td class=\"has-text-align-center\" data-align=\"center\">1<\/td><td class=\"has-text-align-center\" data-align=\"center\">CR<\/td><td class=\"has-text-align-center\" data-align=\"center\">CR<\/td><td class=\"has-text-align-center\" data-align=\"center\">CR<\/td><td class=\"has-text-align-center\" data-align=\"center\">1 + CR<\/td><td class=\"has-text-align-center\" data-align=\"center\">Bras\u00edlia &#8211; DF<\/td><\/tr><tr><td class=\"has-text-align-center\" data-align=\"center\"><strong>Total<\/strong><\/td><td class=\"has-text-align-center\" data-align=\"center\"><strong>26<\/strong><\/td><td class=\"has-text-align-center\" data-align=\"center\"><strong>10<\/strong><\/td><td class=\"has-text-align-center\" data-align=\"center\"><strong>2<\/strong><\/td><td class=\"has-text-align-center\" data-align=\"center\"><strong>1<\/strong><\/td><td class=\"has-text-align-center\" data-align=\"center\"><strong>1<\/strong><\/td><td class=\"has-text-align-center\" data-align=\"center\"><strong>40 + CR<\/strong><\/td><td class=\"has-text-align-center\" data-align=\"center\"><strong>&#8211;<\/strong><\/td><\/tr><\/tbody><\/table><\/figure>\n\n\n\n<h3 class=\"wp-block-heading\" id=\"h-incra\">INCRA<\/h3>\n\n\n\n<p><strong><span style=\"text-decoration: underline;\">Cargo: Analista T\u00e9cnico de Complexidade Intelectual<\/span><\/strong><\/p>\n\n\n\n<figure class=\"wp-block-table is-style-stripes\"><table class=\"has-fixed-layout\"><thead><tr><td class=\"has-text-align-center\" data-align=\"center\"><strong>Perfil<\/strong><\/td><td class=\"has-text-align-center\" data-align=\"center\"><strong>Modalidade (AC)<\/strong><\/td><td class=\"has-text-align-center\" data-align=\"center\"><strong>Modalidade (PPP)<\/strong><\/td><td class=\"has-text-align-center\" data-align=\"center\"><strong>Modalidade (PcD)<\/strong><\/td><td class=\"has-text-align-center\" data-align=\"center\"><strong>Modalidade (IND)<\/strong><\/td><td class=\"has-text-align-center\" data-align=\"center\"><strong>Modalidade (QUI)<\/strong><\/td><td class=\"has-text-align-center\" data-align=\"center\"><strong>Vagas<\/strong><\/td><td class=\"has-text-align-center\" data-align=\"center\"><strong>Lota\u00e7\u00e3o<\/strong><\/td><\/tr><\/thead><tbody><tr><td class=\"has-text-align-center\" data-align=\"center\">Ci\u00eancias Sociais<\/td><td class=\"has-text-align-center\" data-align=\"center\">8<\/td><td class=\"has-text-align-center\" data-align=\"center\">1<\/td><td class=\"has-text-align-center\" data-align=\"center\">1<\/td><td class=\"has-text-align-center\" data-align=\"center\">CR<\/td><td class=\"has-text-align-center\" data-align=\"center\">CR<\/td><td class=\"has-text-align-center\" data-align=\"center\">10 + CR<\/td><td class=\"has-text-align-center\" data-align=\"center\">Bras\u00edlia &#8211; DF<\/td><\/tr><tr><td class=\"has-text-align-center\" data-align=\"center\">Direito<\/td><td class=\"has-text-align-center\" data-align=\"center\">CR<\/td><td class=\"has-text-align-center\" data-align=\"center\">1<\/td><td class=\"has-text-align-center\" data-align=\"center\">CR<\/td><td class=\"has-text-align-center\" data-align=\"center\">1<\/td><td class=\"has-text-align-center\" data-align=\"center\">CR<\/td><td class=\"has-text-align-center\" data-align=\"center\">2 + CR<\/td><td class=\"has-text-align-center\" data-align=\"center\">Bras\u00edlia &#8211; DF<\/td><\/tr><tr><td class=\"has-text-align-center\" data-align=\"center\">Engenharia Ambiental<\/td><td class=\"has-text-align-center\" data-align=\"center\">2<\/td><td class=\"has-text-align-center\" data-align=\"center\">1<\/td><td class=\"has-text-align-center\" data-align=\"center\">CR<\/td><td class=\"has-text-align-center\" data-align=\"center\">CR<\/td><td class=\"has-text-align-center\" data-align=\"center\">CR<\/td><td class=\"has-text-align-center\" data-align=\"center\">3 + CR<\/td><td class=\"has-text-align-center\" data-align=\"center\">Bras\u00edlia &#8211; DF<\/td><\/tr><tr><td class=\"has-text-align-center\" data-align=\"center\">Geografia<\/td><td class=\"has-text-align-center\" data-align=\"center\">1<\/td><td class=\"has-text-align-center\" data-align=\"center\">1<\/td><td class=\"has-text-align-center\" data-align=\"center\">CR<\/td><td class=\"has-text-align-center\" data-align=\"center\">CR<\/td><td class=\"has-text-align-center\" data-align=\"center\">CR<\/td><td class=\"has-text-align-center\" data-align=\"center\">2 + CR<\/td><td class=\"has-text-align-center\" data-align=\"center\">Bras\u00edlia &#8211; DF<\/td><\/tr><tr><td class=\"has-text-align-center\" data-align=\"center\"><strong>Total<\/strong><\/td><td class=\"has-text-align-center\" data-align=\"center\"><strong>11<\/strong><\/td><td class=\"has-text-align-center\" data-align=\"center\"><strong>4<\/strong><\/td><td class=\"has-text-align-center\" data-align=\"center\"><strong>1<\/strong><\/td><td class=\"has-text-align-center\" data-align=\"center\"><strong>1<\/strong><\/td><td class=\"has-text-align-center\" data-align=\"center\"><strong>CR<\/strong><\/td><td class=\"has-text-align-center\" data-align=\"center\"><strong>17 + CR<\/strong><\/td><td class=\"has-text-align-center\" data-align=\"center\"><strong>&#8211;<\/strong><br \/><\/td><\/tr><\/tbody><\/table><\/figure>\n\n\n\n<p><strong><span style=\"text-decoration: underline;\">Cargo: Analista T\u00e9cnico de Complexidade Gerencial<\/span><\/strong><\/p>\n\n\n\n<figure class=\"wp-block-table is-style-stripes\"><table class=\"has-fixed-layout\"><thead><tr><td class=\"has-text-align-center\" data-align=\"center\"><strong>Perfil<\/strong><\/td><td class=\"has-text-align-center\" data-align=\"center\"><strong>Modalidade (AC)<\/strong><\/td><td class=\"has-text-align-center\" data-align=\"center\"><strong>Modalidade (PPP)<\/strong><\/td><td class=\"has-text-align-center\" data-align=\"center\"><strong>Modalidade (PcD)<\/strong><\/td><td class=\"has-text-align-center\" data-align=\"center\"><strong>Modalidade (IND)<\/strong><\/td><td class=\"has-text-align-center\" data-align=\"center\"><strong>Modalidade (QUI)<\/strong><\/td><td class=\"has-text-align-center\" data-align=\"center\"><strong>Vagas<\/strong><\/td><td class=\"has-text-align-center\" data-align=\"center\"><strong>Lota\u00e7\u00e3o<\/strong><\/td><\/tr><\/thead><tbody><tr><td class=\"has-text-align-center\" data-align=\"center\">Antropologia<\/td><td class=\"has-text-align-center\" data-align=\"center\">1<\/td><td class=\"has-text-align-center\" data-align=\"center\">1<\/td><td class=\"has-text-align-center\" data-align=\"center\">CR<\/td><td class=\"has-text-align-center\" data-align=\"center\">CR<\/td><td class=\"has-text-align-center\" data-align=\"center\">1<\/td><td class=\"has-text-align-center\" data-align=\"center\">3 + CR<\/td><td class=\"has-text-align-center\" data-align=\"center\">Bras\u00edlia &#8211; DF<\/td><\/tr><tr><td class=\"has-text-align-center\" data-align=\"center\"><strong>Total<\/strong><\/td><td class=\"has-text-align-center\" data-align=\"center\"><strong>1<\/strong><\/td><td class=\"has-text-align-center\" data-align=\"center\"><strong>1<\/strong><\/td><td class=\"has-text-align-center\" data-align=\"center\"><strong>CR<\/strong><\/td><td class=\"has-text-align-center\" data-align=\"center\"><strong>CR<\/strong><\/td><td class=\"has-text-align-center\" data-align=\"center\"><strong>1<\/strong><\/td><td class=\"has-text-align-center\" data-align=\"center\"><strong>3 + CR<\/strong><\/td><td class=\"has-text-align-center\" data-align=\"center\"><strong>&#8211;<\/strong><\/td><\/tr><\/tbody><\/table><\/figure>\n\n\n\n<ul class=\"wp-block-list\">\n<li><strong>Remunera\u00e7\u00e3o:<\/strong>\n<ul class=\"wp-block-list\">\n<li>Analista T\u00e9cnico de Complexidade Intelecual: <strong>R$ 7.283,05<\/strong><\/li>\n\n\n\n<li>Analista T\u00e9cnico de Complexidade Gerencial: <strong>R$ 9.861,23<\/strong><\/li>\n<\/ul>\n<\/li>\n\n\n\n<li><strong>Jornada de trabalho:<\/strong> 40 horas semanais.<\/li>\n\n\n\n<li><strong>Benef\u00edcios: <\/strong>aux\u00edlio-alimenta\u00e7\u00e3o, aux\u00edlio pr\u00e9-escolar (quando couber) e aux\u00edlio-transporte (quando couber).<\/li>\n<\/ul>\n\n\n\n<h2 class=\"wp-block-heading\" id=\"h-edital-pss-ibama-e-incra-etapas-e-provas\">Edital PSS IBAMA e INCRA: etapas e provas<\/h2>\n\n\n\n<p>Os candidatos enfrentar\u00e3o <strong>provas objetivas e provas discursivas<\/strong>! A aplica\u00e7\u00e3o est\u00e1 prevista para ocorrer no domingo<strong>, dia 8 de fevereiro<\/strong>, no turno\u00a0<strong>vespertino, das 14h \u00e0s 19h<\/strong>, nas cidades de\u00a0<strong>Bras\u00edlia\/DF e Rio de Janeiro\/RJ<\/strong>, sendo o local da prova vinculado \u00e0 cidade de lota\u00e7\u00e3o escolhida na inscri\u00e7\u00e3o.<\/p>\n\n\n\n<h3 class=\"wp-block-heading\" id=\"h-provas-objetivas\">Provas objetivas<\/h3>\n\n\n\n<p>Ser\u00e3o aplicadas provas objetivas de m\u00faltipla escolha, de car\u00e1ter eliminat\u00f3rio e classificat\u00f3rio, a todos os candidatos regularmente inscritos neste processo seletivo simplificado.<\/p>\n\n\n\n<p>Para os cargos do <strong>IBAMA<\/strong>, a distribui\u00e7\u00e3o das disciplinas, n\u00famero de quest\u00f5es, valor por quest\u00e3o e pontua\u00e7\u00e3o m\u00e1xima est\u00e3o dispostos no quadro a seguir:<\/p>\n\n\n\n<figure class=\"wp-block-image aligncenter size-full\"><img loading=\"lazy\" decoding=\"async\" width=\"866\" height=\"268\" src=\"https:\/\/dhg1h5j42swfq.cloudfront.net\/2025\/12\/12061347\/image-111.png\" alt=\"provas PSS Ibama e Incra\" class=\"wp-image-1684227\" srcset=\"https:\/\/dhg1h5j42swfq.cloudfront.net\/2025\/12\/12061347\/image-111.png 866w, https:\/\/dhg1h5j42swfq.cloudfront.net\/2025\/12\/12061347\/image-111-300x93.png 300w, https:\/\/dhg1h5j42swfq.cloudfront.net\/2025\/12\/12061347\/image-111-768x238.png 768w, https:\/\/dhg1h5j42swfq.cloudfront.net\/2025\/12\/12061347\/image-111-150x46.png 150w\" sizes=\"auto, (max-width: 866px) 100vw, 866px\" \/><\/figure>\n\n\n\n<p>Para os cargos do <strong>INCRA<\/strong>, a distribui\u00e7\u00e3o das disciplinas, n\u00famero de quest\u00f5es, valor por quest\u00e3o e pontua\u00e7\u00e3o m\u00e1xima est\u00e3o dispostos no quadro a seguir:<\/p>\n\n\n\n<figure class=\"wp-block-image aligncenter size-full\"><img loading=\"lazy\" decoding=\"async\" width=\"999\" height=\"390\" src=\"https:\/\/dhg1h5j42swfq.cloudfront.net\/2025\/12\/12061415\/image-112.png\" alt=\"provas PSS Ibama e Incra\" class=\"wp-image-1684229\" srcset=\"https:\/\/dhg1h5j42swfq.cloudfront.net\/2025\/12\/12061415\/image-112.png 999w, https:\/\/dhg1h5j42swfq.cloudfront.net\/2025\/12\/12061415\/image-112-300x117.png 300w, https:\/\/dhg1h5j42swfq.cloudfront.net\/2025\/12\/12061415\/image-112-768x300.png 768w, https:\/\/dhg1h5j42swfq.cloudfront.net\/2025\/12\/12061415\/image-112-150x59.png 150w\" sizes=\"auto, (max-width: 999px) 100vw, 999px\" \/><\/figure>\n\n\n\n<p>Para ser aprovado, o candidato dever\u00e1 obter o m\u00ednimo de 50% da pontua\u00e7\u00e3o m\u00e1xima da sua prova objetiva e n\u00e3o poder\u00e1 obter pontua\u00e7\u00e3o igual a 0 (zero) em qualquer uma das disciplinas, conforme o quadro do subitem anterior.<\/p>\n\n\n\n<h3 class=\"wp-block-heading\" id=\"h-provas-discursivas\">Provas discursivas<\/h3>\n\n\n\n<p>As provas discursivas ser\u00e3o aplicadas para todos os cargos, no mesmo dia e turno previstos para a realiza\u00e7\u00e3o das provas objetivas.<\/p>\n\n\n\n<p>Ser\u00e3o corrigidas as provas discursivas dos candidatos aprovados nas provas objetivas e com classifica\u00e7\u00e3o provis\u00f3ria (resultante da ordem decrescente de pontua\u00e7\u00e3o obtida nas provas objetivas) em at\u00e9 10 (dez) vezes o n\u00famero total de vagas oferecidas.<\/p>\n\n\n\n<p>Esta etapa consistir\u00e1 na <strong>elabora\u00e7\u00e3o de um estudo de caso com foco no tema Licenciamento Ambiental, devendo ser redigido com no m\u00ednimo 20 (vinte) e no m\u00e1ximo de 30 (trinta) linhas<\/strong>, valer\u00e1 50,0 pontos e dever\u00e1 ser desenvolvido em formul\u00e1rio espec\u00edfico (folha de texto definitivo), personalizado, fornecido junto com a folha de respostas da prova objetiva.<\/p>\n\n\n\n<p>Ser\u00e1 atribu\u00edda nota 0 (zero) ao texto que contiver n\u00famero de linhas inferior ao limite m\u00ednimo estabelecido.<\/p>\n\n\n\n<p>Importante destacar que esta fase ser\u00e1 aplicada aos candidatos para os cargos do IBAMA e aos candidatos para os cargos do INCRA trar\u00e3o estudos de caso espec\u00edficos para cada institui\u00e7\u00e3o, distintos entre si.<\/p>\n\n\n\n<p class=\"has-text-align-center has-background has-medium-font-size\" style=\"background-color:#cdd5df\"><strong><a href=\"https:\/\/www.estrategiaconcursos.com.br\/blog\/concurso-ibama\/\" target=\"_blank\" rel=\"noreferrer noopener\">Concurso IBAMA<\/a> | <a href=\"https:\/\/www.estrategiaconcursos.com.br\/blog\/concurso-incra\/\" target=\"_blank\" rel=\"noreferrer noopener\">Concurso INCRA<\/a><\/strong><\/p>\n\n\n\n<hr class=\"wp-block-separator has-alpha-channel-opacity\"\/>\n\n\n\n<h2 class=\"wp-block-heading has-text-align-center\" id=\"cursos-assinatura\"><em>Quer estudar para o processo seletivo do IBAMA e INCRA? Confira os nossos cursos e assinaturas:<\/em><\/h2>\n\n\n\n<div class=\"container\" id=\"boxes\">\n  <div class=\"row\">\n\n    <div class=\"col-sm\">\n      <div class=\"banner-federais\" id=\"box-assinatura\">\n        <h2 class=\"titulo-assinatura\">Cursos para o Concurso INCRA<\/h2>\n        <p class=\"subtitulo-assinatura\">Estude conosco para a sele\u00e7\u00e3o!<\/p>\n        <div class=\"box-botao\">\n          <a class=\"btn-assinatura\" target=\"_blank\" href=\"https:\/\/www.estrategiaconcursos.com.br\/cursosPorConcurso\/incra\/\" role=\"button\" rel=\"noopener noreferrer\">VER CURSOS<\/a>\n        <\/div>\n      <\/div>\n      \n    <\/div>\n\n  <\/div>\n<\/div>\n\n\n\n<ul class=\"wp-block-list\">\n<li><strong><a href=\"https:\/\/www.estrategiaconcursos.com.br\/blog\/concurso-ibama-aprovados-estrategia\/\" target=\"_blank\" rel=\"noreferrer noopener\">Concurso IBAMA: 70% dos aprovados s\u00e3o alunos do Estrat\u00e9gia<\/a><\/strong><\/li>\n<\/ul>\n\n\n\n<div class=\"container\" id=\"boxes\">\n  <div class=\"row\">\n\n    <div class=\"col-sm\">\n      <div class=\"banner-federais\" id=\"box-assinatura\">\n        <h2 class=\"titulo-assinatura\" style=\"text-align: left;\">Cursos para o IBAMA<\/h2>\n        <p class=\"subtitulo-assinatura\" style=\"text-align: left;\">Prepare-se com o Estrat\u00e9gia!<\/p>\n        <div class=\"box-botao\" style=\"text-align: left;\">\n          <a class=\"btn-assinatura\" target=\"_blank\" href=\"https:\/\/www.estrategiaconcursos.com.br\/cursosPorConcurso\/ibama-analista-61\/\" role=\"button\" rel=\"noopener noreferrer\">Confira os pacotes!<\/a>\n        <\/div>\n      <\/div><\/div><\/div><\/div>\n\n\n\n<h2 class=\"wp-block-heading has-text-align-center\" id=\"quer-saber-tudo-sobre-concursos-previstos-confira-nossos-artigos\">Quer saber tudo sobre concursos previstos?<br \/>Confira nossos artigos!<\/h2>\n\n\n\n<ul class=\"wp-block-list\">\n<li><a href=\"https:\/\/www.estrategiaconcursos.com.br\/blog\/concursos-abertos\/\" target=\"_blank\" rel=\"noreferrer noopener\">Concursos Abertos<\/a><\/li>\n\n\n\n<li><a href=\"https:\/\/www.estrategiaconcursos.com.br\/blog\/concursos-ambientais\/\" target=\"_blank\" rel=\"noreferrer noopener\">Concursos Ambientais<\/a><\/li>\n\n\n\n<li><a href=\"https:\/\/www.estrategiaconcursos.com.br\/blog\/concursos-federais\/\" target=\"_blank\" rel=\"noreferrer noopener\">Concursos Federais<\/a><\/li>\n\n\n\n<li><a href=\"https:\/\/www.estrategiaconcursos.com.br\/blog\/concursos-2026\/\" target=\"_blank\" rel=\"noreferrer noopener\">Concursos 2026<\/a><\/li>\n<\/ul>\n\n\n\n<figure class=\"wp-block-image is-resized\"><img loading=\"lazy\" decoding=\"async\" width=\"1024\" height=\"632\" src=\"https:\/\/dhg1h5j42swfq.cloudfront.net\/2021\/05\/11075428\/ficha-tecnica-24-1024x632.png\" alt=\"Ficha t\u00e9cnica de informa\u00e7\u00f5es \" class=\"wp-image-736927\" style=\"width:352px;height:auto\" srcset=\"https:\/\/dhg1h5j42swfq.cloudfront.net\/2021\/05\/11075428\/ficha-tecnica-24-1024x632.png 1024w, https:\/\/dhg1h5j42swfq.cloudfront.net\/2021\/05\/11075428\/ficha-tecnica-24-300x185.png 300w, https:\/\/dhg1h5j42swfq.cloudfront.net\/2021\/05\/11075428\/ficha-tecnica-24-768x474.png 768w, https:\/\/dhg1h5j42swfq.cloudfront.net\/2021\/05\/11075428\/ficha-tecnica-24-1536x948.png 1536w, https:\/\/dhg1h5j42swfq.cloudfront.net\/2021\/05\/11075428\/ficha-tecnica-24-610x377.png 610w, https:\/\/dhg1h5j42swfq.cloudfront.net\/2021\/05\/11075428\/ficha-tecnica-24.png 1571w\" sizes=\"auto, (max-width: 1024px) 100vw, 1024px\" \/><\/figure>\n\n\n\n<h3 class=\"wp-block-heading\" id=\"ficha\"><strong>Informa\u00e7\u00f5es do PSS IBAMA e INCRA<\/strong><\/h3>\n\n\n\n<ul class=\"wp-block-list\">\n<li><strong>Data da prova:<\/strong>&nbsp;08\/02\/2026<\/li>\n\n\n\n<li><strong>Vagas<\/strong>: 60 vagas + CR<\/li>\n\n\n\n<li><strong>Banca:<\/strong>&nbsp;Instituto ACCESS<\/li>\n\n\n\n<li><strong>Cargos<\/strong>: v\u00e1rios<\/li>\n\n\n\n<li><strong>Requisitos:<\/strong>&nbsp;N\u00edvel superior<\/li>\n\n\n\n<li><strong>Edital<\/strong>:&nbsp;<a href=\"https:\/\/dhg1h5j42swfq.cloudfront.net\/2025\/12\/12171026\/c36b3ddc-7fbd-48db-b7f2-669914b9e822.pdf\" target=\"_blank\" rel=\"noreferrer noopener nofollow\">PSS IBAMA e INCRA 2025\/2026<\/a><\/li>\n<\/ul>\n","protected":false},"excerpt":{"rendered":"<p>Para aqueles que conseguiram se inscrever no edital do PSS IBAMA&nbsp;e&nbsp;INCRA, \u00e9 importante ficar atento \u00e0s pr\u00f3ximas etapas da sele\u00e7\u00e3o, especialmente \u00e0s provas. De acordo com os editais, as avalia\u00e7\u00f5es ser\u00e3o aplicadas no dia 8 de fevereiro, sob organiza\u00e7\u00e3o do Instituto ACCESS. Al\u00e9m das provas objetivas, ainda haver\u00e1 avalia\u00e7\u00f5es discursivas, sendo ambas de car\u00e1ter classificat\u00f3rio [&hellip;]<\/p>\n","protected":false},"author":643,"featured_media":1667390,"comment_status":"open","ping_status":"closed","sticky":false,"template":"","format":"standard","meta":{"post_tipo":"news","footnotes":""},"categories":[214992,220219],"tags":[],"tax_estado":[219963],"class_list":["post-1684224","post","type-post","status-publish","format-standard","has-post-thumbnail","hentry","category-concursos-administrativos","category-noticias","tax_estado-concursos-federais"],"acf":[],"yoast_head":"<!-- This site is optimized with the Yoast SEO Premium plugin v27.2 (Yoast SEO v27.2) - https:\/\/yoast.com\/product\/yoast-seo-premium-wordpress\/ -->\n<title>Edital PSS IBAMA e INCRA: provas em 8 de fevereiro!<\/title>\n<meta name=\"description\" content=\"Edital PSS IBAMA e INCRA: s\u00e3o oferecidas 60 vagas + CR para ambos os \u00f3rg\u00e3os. Provas no dia 8 de fevereiro. Saiba tudo aqui!\" \/>\n<meta name=\"robots\" content=\"index, follow, max-snippet:-1, max-image-preview:large, max-video-preview:-1\" \/>\n<link rel=\"canonical\" href=\"https:\/\/www.estrategiaconcursos.com.br\/blog\/pss-ibama-e-incra-edital-publicado\/\" \/>\n<meta property=\"og:locale\" content=\"pt_BR\" \/>\n<meta property=\"og:type\" content=\"article\" \/>\n<meta property=\"og:title\" content=\"Edital PSS IBAMA e INCRA: provas em 8 de fevereiro!\" \/>\n<meta property=\"og:description\" content=\"Edital PSS IBAMA e INCRA: s\u00e3o oferecidas 60 vagas + CR para ambos os \u00f3rg\u00e3os. Provas no dia 8 de fevereiro. Saiba tudo aqui!\" \/>\n<meta property=\"og:url\" content=\"https:\/\/www.estrategiaconcursos.com.br\/blog\/pss-ibama-e-incra-edital-publicado\/\" \/>\n<meta property=\"og:site_name\" content=\"Estrat\u00e9gia Concursos\" \/>\n<meta property=\"article:published_time\" content=\"2026-01-09T11:52:00+00:00\" \/>\n<meta property=\"article:modified_time\" content=\"2026-01-10T12:47:15+00:00\" \/>\n<meta property=\"og:image\" content=\"https:\/\/dhg1h5j42swfq.cloudfront.net\/2025\/11\/07162815\/concursos-ambientais-engenharia-ambiental-engenharia-florestal-veterinario.jpg\" \/>\n\t<meta property=\"og:image:width\" content=\"768\" \/>\n\t<meta property=\"og:image:height\" content=\"432\" \/>\n\t<meta property=\"og:image:type\" content=\"image\/jpeg\" \/>\n<meta name=\"author\" content=\"F\u00e1bio Scaldelai\" \/>\n<meta name=\"twitter:card\" content=\"summary_large_image\" \/>\n<meta name=\"twitter:creator\" content=\"@EstratConcursos\" \/>\n<meta name=\"twitter:site\" content=\"@EstratConcursos\" \/>\n<meta name=\"twitter:label1\" content=\"Escrito por\" \/>\n\t<meta name=\"twitter:data1\" content=\"F\u00e1bio Scaldelai\" \/>\n\t<meta name=\"twitter:label2\" content=\"Est. tempo de leitura\" \/>\n\t<meta name=\"twitter:data2\" content=\"5 minutos\" \/>\n<script type=\"application\/ld+json\" class=\"yoast-schema-graph\">{\"@context\":\"https:\/\/schema.org\",\"@graph\":[{\"@type\":\"NewsArticle\",\"@id\":\"https:\/\/www.estrategiaconcursos.com.br\/blog\/pss-ibama-e-incra-edital-publicado\/#article\",\"isPartOf\":{\"@id\":\"https:\/\/www.estrategiaconcursos.com.br\/blog\/pss-ibama-e-incra-edital-publicado\/\"},\"author\":{\"name\":\"F\u00e1bio Scaldelai\",\"@id\":\"https:\/\/www.estrategiaconcursos.com.br\/blog\/#\/schema\/person\/b27f725b445a1519b2f20bf79001496d\"},\"headline\":\"Edital PSS IBAMA e INCRA: provas em 8 de fevereiro!\",\"datePublished\":\"2026-01-09T11:52:00+00:00\",\"dateModified\":\"2026-01-10T12:47:15+00:00\",\"mainEntityOfPage\":{\"@id\":\"https:\/\/www.estrategiaconcursos.com.br\/blog\/pss-ibama-e-incra-edital-publicado\/\"},\"wordCount\":1017,\"commentCount\":0,\"publisher\":{\"@id\":\"https:\/\/www.estrategiaconcursos.com.br\/blog\/#organization\"},\"image\":{\"@id\":\"https:\/\/www.estrategiaconcursos.com.br\/blog\/pss-ibama-e-incra-edital-publicado\/#primaryimage\"},\"thumbnailUrl\":\"https:\/\/dhg1h5j42swfq.cloudfront.net\/2025\/11\/07162815\/concursos-ambientais-engenharia-ambiental-engenharia-florestal-veterinario.jpg\",\"articleSection\":[\"Executivo (Administrativa)\",\"\u00daltimas not\u00edcias\"],\"inLanguage\":\"pt-BR\",\"potentialAction\":[{\"@type\":\"CommentAction\",\"name\":\"Comment\",\"target\":[\"https:\/\/www.estrategiaconcursos.com.br\/blog\/pss-ibama-e-incra-edital-publicado\/#respond\"]}],\"copyrightYear\":\"2026\",\"copyrightHolder\":{\"@id\":\"https:\/\/www.estrategiaconcursos.com.br\/blog\/#organization\"}},{\"@type\":\"WebPage\",\"@id\":\"https:\/\/www.estrategiaconcursos.com.br\/blog\/pss-ibama-e-incra-edital-publicado\/\",\"url\":\"https:\/\/www.estrategiaconcursos.com.br\/blog\/pss-ibama-e-incra-edital-publicado\/\",\"name\":\"Edital PSS IBAMA e INCRA: provas em 8 de fevereiro!\",\"isPartOf\":{\"@id\":\"https:\/\/www.estrategiaconcursos.com.br\/blog\/#website\"},\"primaryImageOfPage\":{\"@id\":\"https:\/\/www.estrategiaconcursos.com.br\/blog\/pss-ibama-e-incra-edital-publicado\/#primaryimage\"},\"image\":{\"@id\":\"https:\/\/www.estrategiaconcursos.com.br\/blog\/pss-ibama-e-incra-edital-publicado\/#primaryimage\"},\"thumbnailUrl\":\"https:\/\/dhg1h5j42swfq.cloudfront.net\/2025\/11\/07162815\/concursos-ambientais-engenharia-ambiental-engenharia-florestal-veterinario.jpg\",\"datePublished\":\"2026-01-09T11:52:00+00:00\",\"dateModified\":\"2026-01-10T12:47:15+00:00\",\"description\":\"Edital PSS IBAMA e INCRA: s\u00e3o oferecidas 60 vagas + CR para ambos os \u00f3rg\u00e3os. Provas no dia 8 de fevereiro. Saiba tudo aqui!\",\"breadcrumb\":{\"@id\":\"https:\/\/www.estrategiaconcursos.com.br\/blog\/pss-ibama-e-incra-edital-publicado\/#breadcrumb\"},\"inLanguage\":\"pt-BR\",\"potentialAction\":[{\"@type\":\"ReadAction\",\"target\":[\"https:\/\/www.estrategiaconcursos.com.br\/blog\/pss-ibama-e-incra-edital-publicado\/\"]}]},{\"@type\":\"ImageObject\",\"inLanguage\":\"pt-BR\",\"@id\":\"https:\/\/www.estrategiaconcursos.com.br\/blog\/pss-ibama-e-incra-edital-publicado\/#primaryimage\",\"url\":\"https:\/\/dhg1h5j42swfq.cloudfront.net\/2025\/11\/07162815\/concursos-ambientais-engenharia-ambiental-engenharia-florestal-veterinario.jpg\",\"contentUrl\":\"https:\/\/dhg1h5j42swfq.cloudfront.net\/2025\/11\/07162815\/concursos-ambientais-engenharia-ambiental-engenharia-florestal-veterinario.jpg\",\"width\":768,\"height\":432,\"caption\":\"concursos ambientais EC\"},{\"@type\":\"BreadcrumbList\",\"@id\":\"https:\/\/www.estrategiaconcursos.com.br\/blog\/pss-ibama-e-incra-edital-publicado\/#breadcrumb\",\"itemListElement\":[{\"@type\":\"ListItem\",\"position\":1,\"name\":\"In\u00edcio\",\"item\":\"https:\/\/www.estrategiaconcursos.com.br\/blog\/\"},{\"@type\":\"ListItem\",\"position\":2,\"name\":\"Edital PSS IBAMA e INCRA: provas em 8 de fevereiro!\"}]},{\"@type\":\"WebSite\",\"@id\":\"https:\/\/www.estrategiaconcursos.com.br\/blog\/#website\",\"url\":\"https:\/\/www.estrategiaconcursos.com.br\/blog\/\",\"name\":\"Estrat\u00e9gia Concursos\",\"description\":\"O blog da Estrat\u00e9gia Concursos traz not\u00edcias sobre concursos e artigos de professores oferecendo cursos para concursos (pdf + videaulas) no site.\",\"publisher\":{\"@id\":\"https:\/\/www.estrategiaconcursos.com.br\/blog\/#organization\"},\"potentialAction\":[{\"@type\":\"SearchAction\",\"target\":{\"@type\":\"EntryPoint\",\"urlTemplate\":\"https:\/\/www.estrategiaconcursos.com.br\/blog\/?s={search_term_string}\"},\"query-input\":{\"@type\":\"PropertyValueSpecification\",\"valueRequired\":true,\"valueName\":\"search_term_string\"}}],\"inLanguage\":\"pt-BR\"},{\"@type\":\"Organization\",\"@id\":\"https:\/\/www.estrategiaconcursos.com.br\/blog\/#organization\",\"name\":\"Estrat\u00e9gia Concursos\",\"url\":\"https:\/\/www.estrategiaconcursos.com.br\/blog\/\",\"logo\":{\"@type\":\"ImageObject\",\"inLanguage\":\"pt-BR\",\"@id\":\"https:\/\/www.estrategiaconcursos.com.br\/blog\/#\/schema\/logo\/image\/\",\"url\":\"https:\/\/dhg1h5j42swfq.cloudfront.net\/2025\/06\/03203428\/logo_concursos-1.jpg\",\"contentUrl\":\"https:\/\/dhg1h5j42swfq.cloudfront.net\/2025\/06\/03203428\/logo_concursos-1.jpg\",\"width\":230,\"height\":60,\"caption\":\"Estrat\u00e9gia Concursos\"},\"image\":{\"@id\":\"https:\/\/www.estrategiaconcursos.com.br\/blog\/#\/schema\/logo\/image\/\"},\"sameAs\":[\"https:\/\/x.com\/EstratConcursos\"]},{\"@type\":\"Person\",\"@id\":\"https:\/\/www.estrategiaconcursos.com.br\/blog\/#\/schema\/person\/b27f725b445a1519b2f20bf79001496d\",\"name\":\"F\u00e1bio Scaldelai\",\"image\":{\"@type\":\"ImageObject\",\"inLanguage\":\"pt-BR\",\"@id\":\"https:\/\/secure.gravatar.com\/avatar\/d87536a395daa9c44d428de53feb744c60ed200e5635eefecfcfa4cdd3fbd7dc?s=96&d=mm&r=g\",\"url\":\"https:\/\/secure.gravatar.com\/avatar\/d87536a395daa9c44d428de53feb744c60ed200e5635eefecfcfa4cdd3fbd7dc?s=96&d=mm&r=g\",\"contentUrl\":\"https:\/\/secure.gravatar.com\/avatar\/d87536a395daa9c44d428de53feb744c60ed200e5635eefecfcfa4cdd3fbd7dc?s=96&d=mm&r=g\",\"caption\":\"F\u00e1bio Scaldelai\"},\"url\":\"https:\/\/www.estrategiaconcursos.com.br\/blog\/author\/fabio-scaldelai\/\"}]}<\/script>\n<!-- \/ Yoast SEO Premium plugin. -->","yoast_head_json":{"title":"Edital PSS IBAMA e INCRA: provas em 8 de fevereiro!","description":"Edital PSS IBAMA e INCRA: s\u00e3o oferecidas 60 vagas + CR para ambos os \u00f3rg\u00e3os. Provas no dia 8 de fevereiro. Saiba tudo aqui!","robots":{"index":"index","follow":"follow","max-snippet":"max-snippet:-1","max-image-preview":"max-image-preview:large","max-video-preview":"max-video-preview:-1"},"canonical":"https:\/\/www.estrategiaconcursos.com.br\/blog\/pss-ibama-e-incra-edital-publicado\/","og_locale":"pt_BR","og_type":"article","og_title":"Edital PSS IBAMA e INCRA: provas em 8 de fevereiro!","og_description":"Edital PSS IBAMA e INCRA: s\u00e3o oferecidas 60 vagas + CR para ambos os \u00f3rg\u00e3os. Provas no dia 8 de fevereiro. Saiba tudo aqui!","og_url":"https:\/\/www.estrategiaconcursos.com.br\/blog\/pss-ibama-e-incra-edital-publicado\/","og_site_name":"Estrat\u00e9gia Concursos","article_published_time":"2026-01-09T11:52:00+00:00","article_modified_time":"2026-01-10T12:47:15+00:00","og_image":[{"width":768,"height":432,"url":"https:\/\/dhg1h5j42swfq.cloudfront.net\/2025\/11\/07162815\/concursos-ambientais-engenharia-ambiental-engenharia-florestal-veterinario.jpg","type":"image\/jpeg"}],"author":"F\u00e1bio Scaldelai","twitter_card":"summary_large_image","twitter_creator":"@EstratConcursos","twitter_site":"@EstratConcursos","twitter_misc":{"Escrito por":"F\u00e1bio Scaldelai","Est. tempo de leitura":"5 minutos"},"schema":{"@context":"https:\/\/schema.org","@graph":[{"@type":"NewsArticle","@id":"https:\/\/www.estrategiaconcursos.com.br\/blog\/pss-ibama-e-incra-edital-publicado\/#article","isPartOf":{"@id":"https:\/\/www.estrategiaconcursos.com.br\/blog\/pss-ibama-e-incra-edital-publicado\/"},"author":{"name":"F\u00e1bio Scaldelai","@id":"https:\/\/www.estrategiaconcursos.com.br\/blog\/#\/schema\/person\/b27f725b445a1519b2f20bf79001496d"},"headline":"Edital PSS IBAMA e INCRA: provas em 8 de fevereiro!","datePublished":"2026-01-09T11:52:00+00:00","dateModified":"2026-01-10T12:47:15+00:00","mainEntityOfPage":{"@id":"https:\/\/www.estrategiaconcursos.com.br\/blog\/pss-ibama-e-incra-edital-publicado\/"},"wordCount":1017,"commentCount":0,"publisher":{"@id":"https:\/\/www.estrategiaconcursos.com.br\/blog\/#organization"},"image":{"@id":"https:\/\/www.estrategiaconcursos.com.br\/blog\/pss-ibama-e-incra-edital-publicado\/#primaryimage"},"thumbnailUrl":"https:\/\/dhg1h5j42swfq.cloudfront.net\/2025\/11\/07162815\/concursos-ambientais-engenharia-ambiental-engenharia-florestal-veterinario.jpg","articleSection":["Executivo (Administrativa)","\u00daltimas not\u00edcias"],"inLanguage":"pt-BR","potentialAction":[{"@type":"CommentAction","name":"Comment","target":["https:\/\/www.estrategiaconcursos.com.br\/blog\/pss-ibama-e-incra-edital-publicado\/#respond"]}],"copyrightYear":"2026","copyrightHolder":{"@id":"https:\/\/www.estrategiaconcursos.com.br\/blog\/#organization"}},{"@type":"WebPage","@id":"https:\/\/www.estrategiaconcursos.com.br\/blog\/pss-ibama-e-incra-edital-publicado\/","url":"https:\/\/www.estrategiaconcursos.com.br\/blog\/pss-ibama-e-incra-edital-publicado\/","name":"Edital PSS IBAMA e INCRA: provas em 8 de fevereiro!","isPartOf":{"@id":"https:\/\/www.estrategiaconcursos.com.br\/blog\/#website"},"primaryImageOfPage":{"@id":"https:\/\/www.estrategiaconcursos.com.br\/blog\/pss-ibama-e-incra-edital-publicado\/#primaryimage"},"image":{"@id":"https:\/\/www.estrategiaconcursos.com.br\/blog\/pss-ibama-e-incra-edital-publicado\/#primaryimage"},"thumbnailUrl":"https:\/\/dhg1h5j42swfq.cloudfront.net\/2025\/11\/07162815\/concursos-ambientais-engenharia-ambiental-engenharia-florestal-veterinario.jpg","datePublished":"2026-01-09T11:52:00+00:00","dateModified":"2026-01-10T12:47:15+00:00","description":"Edital PSS IBAMA e INCRA: s\u00e3o oferecidas 60 vagas + CR para ambos os \u00f3rg\u00e3os. Provas no dia 8 de fevereiro. Saiba tudo aqui!","breadcrumb":{"@id":"https:\/\/www.estrategiaconcursos.com.br\/blog\/pss-ibama-e-incra-edital-publicado\/#breadcrumb"},"inLanguage":"pt-BR","potentialAction":[{"@type":"ReadAction","target":["https:\/\/www.estrategiaconcursos.com.br\/blog\/pss-ibama-e-incra-edital-publicado\/"]}]},{"@type":"ImageObject","inLanguage":"pt-BR","@id":"https:\/\/www.estrategiaconcursos.com.br\/blog\/pss-ibama-e-incra-edital-publicado\/#primaryimage","url":"https:\/\/dhg1h5j42swfq.cloudfront.net\/2025\/11\/07162815\/concursos-ambientais-engenharia-ambiental-engenharia-florestal-veterinario.jpg","contentUrl":"https:\/\/dhg1h5j42swfq.cloudfront.net\/2025\/11\/07162815\/concursos-ambientais-engenharia-ambiental-engenharia-florestal-veterinario.jpg","width":768,"height":432,"caption":"concursos ambientais EC"},{"@type":"BreadcrumbList","@id":"https:\/\/www.estrategiaconcursos.com.br\/blog\/pss-ibama-e-incra-edital-publicado\/#breadcrumb","itemListElement":[{"@type":"ListItem","position":1,"name":"In\u00edcio","item":"https:\/\/www.estrategiaconcursos.com.br\/blog\/"},{"@type":"ListItem","position":2,"name":"Edital PSS IBAMA e INCRA: provas em 8 de fevereiro!"}]},{"@type":"WebSite","@id":"https:\/\/www.estrategiaconcursos.com.br\/blog\/#website","url":"https:\/\/www.estrategiaconcursos.com.br\/blog\/","name":"Estrat\u00e9gia Concursos","description":"O blog da Estrat\u00e9gia Concursos traz not\u00edcias sobre concursos e artigos de professores oferecendo cursos para concursos (pdf + videaulas) no site.","publisher":{"@id":"https:\/\/www.estrategiaconcursos.com.br\/blog\/#organization"},"potentialAction":[{"@type":"SearchAction","target":{"@type":"EntryPoint","urlTemplate":"https:\/\/www.estrategiaconcursos.com.br\/blog\/?s={search_term_string}"},"query-input":{"@type":"PropertyValueSpecification","valueRequired":true,"valueName":"search_term_string"}}],"inLanguage":"pt-BR"},{"@type":"Organization","@id":"https:\/\/www.estrategiaconcursos.com.br\/blog\/#organization","name":"Estrat\u00e9gia Concursos","url":"https:\/\/www.estrategiaconcursos.com.br\/blog\/","logo":{"@type":"ImageObject","inLanguage":"pt-BR","@id":"https:\/\/www.estrategiaconcursos.com.br\/blog\/#\/schema\/logo\/image\/","url":"https:\/\/dhg1h5j42swfq.cloudfront.net\/2025\/06\/03203428\/logo_concursos-1.jpg","contentUrl":"https:\/\/dhg1h5j42swfq.cloudfront.net\/2025\/06\/03203428\/logo_concursos-1.jpg","width":230,"height":60,"caption":"Estrat\u00e9gia Concursos"},"image":{"@id":"https:\/\/www.estrategiaconcursos.com.br\/blog\/#\/schema\/logo\/image\/"},"sameAs":["https:\/\/x.com\/EstratConcursos"]},{"@type":"Person","@id":"https:\/\/www.estrategiaconcursos.com.br\/blog\/#\/schema\/person\/b27f725b445a1519b2f20bf79001496d","name":"F\u00e1bio Scaldelai","image":{"@type":"ImageObject","inLanguage":"pt-BR","@id":"https:\/\/secure.gravatar.com\/avatar\/d87536a395daa9c44d428de53feb744c60ed200e5635eefecfcfa4cdd3fbd7dc?s=96&d=mm&r=g","url":"https:\/\/secure.gravatar.com\/avatar\/d87536a395daa9c44d428de53feb744c60ed200e5635eefecfcfa4cdd3fbd7dc?s=96&d=mm&r=g","contentUrl":"https:\/\/secure.gravatar.com\/avatar\/d87536a395daa9c44d428de53feb744c60ed200e5635eefecfcfa4cdd3fbd7dc?s=96&d=mm&r=g","caption":"F\u00e1bio Scaldelai"},"url":"https:\/\/www.estrategiaconcursos.com.br\/blog\/author\/fabio-scaldelai\/"}]}},"_links":{"self":[{"href":"https:\/\/www.estrategiaconcursos.com.br\/blog\/wp-json\/wp\/v2\/posts\/1684224","targetHints":{"allow":["GET"]}}],"collection":[{"href":"https:\/\/www.estrategiaconcursos.com.br\/blog\/wp-json\/wp\/v2\/posts"}],"about":[{"href":"https:\/\/www.estrategiaconcursos.com.br\/blog\/wp-json\/wp\/v2\/types\/post"}],"author":[{"embeddable":true,"href":"https:\/\/www.estrategiaconcursos.com.br\/blog\/wp-json\/wp\/v2\/users\/643"}],"replies":[{"embeddable":true,"href":"https:\/\/www.estrategiaconcursos.com.br\/blog\/wp-json\/wp\/v2\/comments?post=1684224"}],"version-history":[{"count":27,"href":"https:\/\/www.estrategiaconcursos.com.br\/blog\/wp-json\/wp\/v2\/posts\/1684224\/revisions"}],"predecessor-version":[{"id":1697093,"href":"https:\/\/www.estrategiaconcursos.com.br\/blog\/wp-json\/wp\/v2\/posts\/1684224\/revisions\/1697093"}],"wp:featuredmedia":[{"embeddable":true,"href":"https:\/\/www.estrategiaconcursos.com.br\/blog\/wp-json\/wp\/v2\/media\/1667390"}],"wp:attachment":[{"href":"https:\/\/www.estrategiaconcursos.com.br\/blog\/wp-json\/wp\/v2\/media?parent=1684224"}],"wp:term":[{"taxonomy":"category","embeddable":true,"href":"https:\/\/www.estrategiaconcursos.com.br\/blog\/wp-json\/wp\/v2\/categories?post=1684224"},{"taxonomy":"post_tag","embeddable":true,"href":"https:\/\/www.estrategiaconcursos.com.br\/blog\/wp-json\/wp\/v2\/tags?post=1684224"},{"taxonomy":"tax_estado","embeddable":true,"href":"https:\/\/www.estrategiaconcursos.com.br\/blog\/wp-json\/wp\/v2\/tax_estado?post=1684224"}],"curies":[{"name":"wp","href":"https:\/\/api.w.org\/{rel}","templated":true}]}}