{"id":1684180,"date":"2025-12-11T21:52:27","date_gmt":"2025-12-12T00:52:27","guid":{"rendered":"https:\/\/www.estrategiaconcursos.com.br\/blog\/?p=1684180"},"modified":"2025-12-12T16:05:35","modified_gmt":"2025-12-12T19:05:35","slug":"concurso-tcdf-marco","status":"publish","type":"post","link":"https:\/\/www.estrategiaconcursos.com.br\/blog\/concurso-tcdf-marco\/","title":{"rendered":"Concurso TCDF: edital em mar\u00e7o; 10 vagas para Analista!"},"content":{"rendered":"\n<p style=\"font-size:clamp(16.293px, 1.018rem + ((1vw - 3.2px) * 0.854), 25px);\"><strong><em>Concurso TCDF ser\u00e1 para a carreira de Analista, que tem sal\u00e1rios de R$ 14,2 mil; organiza\u00e7\u00e3o do Cebraspe e abertura prevista para mar\u00e7o!<\/em><\/strong><\/p>\n\n\n\n<p>Mal divulgamos a aprova\u00e7\u00e3o dos <a href=\"https:\/\/www.estrategiaconcursos.com.br\/blog\/concurso-tcdf-aprovado-estudo-tecnico-para-edital-de-analista\/\" target=\"_blank\" rel=\"noreferrer noopener\">estudos preliminare<\/a>s para mais um <strong>concurso p\u00fablico do TCDF (<a href=\"https:\/\/www.estrategiaconcursos.com.br\/cursosPorConcurso\/tribunal-de-contas-do-distrito-federal-tcdf\/\" target=\"_blank\" rel=\"noreferrer noopener\">Tribunal de Contas do Distrito Federal<\/a><\/strong>) e j\u00e1 temos novidades sobre o certame.<\/p>\n\n\n\n<p>O Estrat\u00e9gia Concursos obteve acesso ao Estudo T\u00e9cnico Preliminar (ETP) realizado pelo tribunal para compreender as possibilidades de realiza\u00e7\u00e3o do certame e viabilizar o novo edital.<\/p>\n\n\n\n<p>No <a href=\"https:\/\/dhg1h5j42swfq.cloudfront.net\/2025\/12\/11214203\/ante_projeto_anacevers_aoautoriza_o_ao-2-1_watermark.pdf\" target=\"_blank\" rel=\"noreferrer noopener nofollow\">documento<\/a>, al\u00e9m da contrata\u00e7\u00e3o do Cebraspe, consta que a previs\u00e3o \u00e9 de <strong>10 vagas imediatas<\/strong> mais cadastro reserva para o cargo de Analista Administrativo de Controle Externo \u2013 ANACE, que exige n\u00edvel superior em qualquer \u00e1rea de forma\u00e7\u00e3o. Veja:<\/p>\n\n\n\n<figure class=\"wp-block-image aligncenter size-full\"><img loading=\"lazy\" decoding=\"async\" width=\"595\" height=\"647\" src=\"https:\/\/dhg1h5j42swfq.cloudfront.net\/2025\/12\/11214429\/foto-2.jpg\" alt=\"Concurso TCDF: edital em mar\u00e7o; 10 vagas para Analista!\" class=\"wp-image-1684185\" srcset=\"https:\/\/dhg1h5j42swfq.cloudfront.net\/2025\/12\/11214429\/foto-2.jpg 595w, https:\/\/dhg1h5j42swfq.cloudfront.net\/2025\/12\/11214429\/foto-2-276x300.jpg 276w, https:\/\/dhg1h5j42swfq.cloudfront.net\/2025\/12\/11214429\/foto-2-150x163.jpg 150w\" sizes=\"auto, (max-width: 595px) 100vw, 595px\" \/><figcaption class=\"wp-element-caption\">Concurso TCDF: edital em mar\u00e7o; 10 vagas para Analista!<\/figcaption><\/figure>\n\n\n\n<p>A carreira, por sua vez, possui sal\u00e1rios iniciais pra l\u00e1 de atrativos, alcan\u00e7ando valores de <strong>R$ 14,2 mil<\/strong> no in\u00edcio da efetiva\u00e7\u00e3o, isso sem contar os benef\u00edcios do funcionalismo p\u00fablico do DF.<\/p>\n\n\n\n<p>Al\u00e9m disso, conforme o ETP, a inten\u00e7\u00e3o do TCDF \u00e9 efetuar a contrata\u00e7\u00e3o da banca organizadora ainda em dezembro de 2025 e janeiro de 2026, com <strong>publica\u00e7\u00e3o do novo edital em mar\u00e7o de 2026<\/strong>.<\/p>\n\n\n\n<p>J\u00e1 a etapa de provas, que ser\u00e1 composta por provas objetivas e discursivas, seria aplicada em <strong>junho de 2026<\/strong>, com resultado final em setembro. Veja:<\/p>\n\n\n\n<figure class=\"wp-block-image aligncenter size-full\"><img loading=\"lazy\" decoding=\"async\" width=\"976\" height=\"414\" src=\"https:\/\/dhg1h5j42swfq.cloudfront.net\/2025\/12\/11214418\/cronograma.jpg\" alt=\"Concurso TCDF: edital em mar\u00e7o; 10 vagas para Analista!\" class=\"wp-image-1684183\" srcset=\"https:\/\/dhg1h5j42swfq.cloudfront.net\/2025\/12\/11214418\/cronograma.jpg 976w, https:\/\/dhg1h5j42swfq.cloudfront.net\/2025\/12\/11214418\/cronograma-300x127.jpg 300w, https:\/\/dhg1h5j42swfq.cloudfront.net\/2025\/12\/11214418\/cronograma-768x326.jpg 768w, https:\/\/dhg1h5j42swfq.cloudfront.net\/2025\/12\/11214418\/cronograma-150x64.jpg 150w\" sizes=\"auto, (max-width: 976px) 100vw, 976px\" \/><figcaption class=\"wp-element-caption\">Concurso TCDF: edital em mar\u00e7o; 10 vagas para Analista!<\/figcaption><\/figure>\n\n\n\n<h2 class=\"wp-block-heading\" id=\"h-novo-concurso-tcdf-sera-realizado-devido-a-falta-de-aprovados-no-edital-de-2023\">Novo concurso TCDF ser\u00e1 realizado devido \u00e0 falta de aprovados no edital de 2023<\/h2>\n\n\n\n<p>O Estudo T\u00e9cnico Preliminar ainda traz informa\u00e7\u00f5es pertinentes do porqu\u00ea o TCDF planeja realizar um novo concurso p\u00fablico para a \u00e1rea de Analista Administrativo.<\/p>\n\n\n\n<p>No ETP, o \u00f3rg\u00e3o justifica que <strong>43,33%<\/strong> dos candidatos com potencial para compor o cadastro reserva n\u00e3o atingiram a nota m\u00ednima final.<\/p>\n\n\n\n<p>Isso resultou em um chamamento pelo cadastro reserva bem menor do que o esperado, transformando as oportunidades em <strong>68 aprovados<\/strong>, isto \u00e9, <strong>56,66%<\/strong> do esperado anteriormente.<\/p>\n\n\n\n<p>Este n\u00famero diminuiu ainda mais com a <strong>desist\u00eancia de candidatos <\/strong>para a nomea\u00e7\u00e3o, <strong>o n\u00famero de pessoas que decidiram n\u00e3o tomar posse<\/strong> e a quantidade de candidatos que pediram <strong>exonera\u00e7\u00e3o<\/strong>.<\/p>\n\n\n\n<p>Isso resultou apenas em <strong>42 aprovados efetivos no \u00f3rg\u00e3o<\/strong>, diminuindo drasticamente o poder profissional e a sufici\u00eancia de m\u00e3o de obra. Veja a tabela:<\/p>\n\n\n\n<figure class=\"wp-block-image aligncenter size-full is-resized\"><img loading=\"lazy\" decoding=\"async\" width=\"509\" height=\"228\" src=\"https:\/\/dhg1h5j42swfq.cloudfront.net\/2025\/12\/11214934\/image-109.png\" alt=\"\" class=\"wp-image-1684187\" style=\"width:594px;height:auto\" srcset=\"https:\/\/dhg1h5j42swfq.cloudfront.net\/2025\/12\/11214934\/image-109.png 509w, https:\/\/dhg1h5j42swfq.cloudfront.net\/2025\/12\/11214934\/image-109-300x134.png 300w, https:\/\/dhg1h5j42swfq.cloudfront.net\/2025\/12\/11214934\/image-109-150x67.png 150w\" sizes=\"auto, (max-width: 509px) 100vw, 509px\" \/><\/figure>\n\n\n\n<p>Os dados da tabela (8 desist\u00eancias de nomea\u00e7\u00e3o + 8 que n\u00e3o tomaram posse) somam 16 perdas antes mesmo do v\u00ednculo efetivo, resultando em um resultado de 49 servidores empossados.<\/p>\n\n\n\n<p>Essas perdas, por sua vez, foram justificadas pelos candidatos atrav\u00e9s da aprova\u00e7\u00e3o em outros concursos p\u00fablicos, o que com que eles desistissem do cargo atual.<\/p>\n\n\n\n<figure class=\"wp-block-image aligncenter size-full is-resized\"><img loading=\"lazy\" decoding=\"async\" width=\"536\" height=\"286\" src=\"https:\/\/dhg1h5j42swfq.cloudfront.net\/2025\/12\/11215027\/image-110.png\" alt=\"\" class=\"wp-image-1684189\" style=\"width:600px;height:auto\" srcset=\"https:\/\/dhg1h5j42swfq.cloudfront.net\/2025\/12\/11215027\/image-110.png 536w, https:\/\/dhg1h5j42swfq.cloudfront.net\/2025\/12\/11215027\/image-110-300x160.png 300w, https:\/\/dhg1h5j42swfq.cloudfront.net\/2025\/12\/11215027\/image-110-150x80.png 150w\" sizes=\"auto, (max-width: 536px) 100vw, 536px\" \/><\/figure>\n\n\n\n<p class=\"has-text-align-center\"><em>Para saber mais detalhes sobre o concurso <a href=\"https:\/\/www.cebraspe.org.br\/concursos\/tc_df_24_auditor\" target=\"_blank\" rel=\"noreferrer noopener\">TCDF<\/a>, al\u00e9m do edital previsto para mar\u00e7o de 2026, acesse agora mesmo o artigo exclusivo e muito mais completo que preparamos para voc\u00ea:<\/em><\/p>\n\n\n\n<p class=\"has-text-align-center has-background\" style=\"background-color:#a6cee6;font-size:clamp(14.642px, 0.915rem + ((1vw - 3.2px) * 0.721), 22px);\"><strong>Saiba mais:&nbsp;<a href=\"https:\/\/www.estrategiaconcursos.com.br\/blog\/concurso-tcdf\/\" target=\"_blank\" rel=\"noreferrer noopener\">concurso TCDF<\/a><\/strong><\/p>\n\n\n\n<div class=\"container\" id=\"boxes\">\r\n  <div class=\"row\">\r\n\r\n    <div class=\"col-sm\">\r\n      <div class=\"estrategia\" id=\"box-assinatura\">\r\n        <h3 class=\"titulo-assinatura\"> Concursos P\u00fablicos\r\n        <p class=\"subtitulo-assinatura\">Assinatura de 1 ano ou 2 anos<\/p>\r\n        <div class=\"box-botao\">\r\n          <a class=\"btn-assinatura\" target=\"_blank\" href=\"https:\/\/www.estrategiaconcursos.com.br\/assinaturas\/\" role=\"button\" rel=\"noopener noreferrer\">ASSINE AGORA<\/a>\r\n        <\/div>\r\n      <\/h3><\/div><\/div><\/div><\/div>\n\n\n\n<h2 class=\"wp-block-heading has-text-align-center\" id=\"h-quer-saber-tudo-sobre-concursos-previstos-confira-nossos-artigos\">Quer saber tudo sobre concursos previstos?<br \/>Confira nossos artigos!<\/h2>\n\n\n\n<ul class=\"wp-block-list\">\n<li><a href=\"https:\/\/www.estrategiaconcursos.com.br\/blog\/concursos-abertos\/\" target=\"_blank\" rel=\"noreferrer noopener\">Concursos Abertos<\/a><\/li>\n\n\n\n<li><a href=\"https:\/\/www.estrategiaconcursos.com.br\/blog\/concursos-controle\/\" target=\"_blank\" rel=\"noreferrer noopener\">Concursos Controle<\/a><\/li>\n\n\n\n<li><a href=\"https:\/\/www.estrategiaconcursos.com.br\/blog\/concursos-2026\/\" target=\"_blank\" rel=\"noreferrer noopener\">Concursos 2026<\/a><\/li>\n<\/ul>\n","protected":false},"excerpt":{"rendered":"<p>Concurso TCDF ser\u00e1 para a carreira de Analista, que tem sal\u00e1rios de R$ 14,2 mil; organiza\u00e7\u00e3o do Cebraspe e abertura prevista para mar\u00e7o! Mal divulgamos a aprova\u00e7\u00e3o dos estudos preliminares para mais um concurso p\u00fablico do TCDF (Tribunal de Contas do Distrito Federal) e j\u00e1 temos novidades sobre o certame. O Estrat\u00e9gia Concursos obteve acesso [&hellip;]<\/p>\n","protected":false},"author":2692,"featured_media":722025,"comment_status":"open","ping_status":"closed","sticky":false,"template":"","format":"standard","meta":{"post_tipo":"news","footnotes":""},"categories":[214710,220219],"tags":[],"tax_estado":[219970],"class_list":["post-1684180","post","type-post","status-publish","format-standard","has-post-thumbnail","hentry","category-tribunais-de-contas","category-noticias","tax_estado-df"],"acf":[],"yoast_head":"<!-- This site is optimized with the Yoast SEO Premium plugin v27.2 (Yoast SEO v27.2) - https:\/\/yoast.com\/product\/yoast-seo-premium-wordpress\/ -->\n<title>Concurso TCDF: edital em mar\u00e7o; 10 vagas para Analista!<\/title>\n<meta name=\"description\" content=\"Em Estudo T\u00e9cnico Preliminar, o TCDF prev\u00ea abertura de novo concurso em mar\u00e7o de 2026, com provas em junho. Saiba os detalhes!\" \/>\n<meta name=\"robots\" content=\"index, follow, max-snippet:-1, max-image-preview:large, max-video-preview:-1\" \/>\n<link rel=\"canonical\" href=\"https:\/\/www.estrategiaconcursos.com.br\/blog\/concurso-tcdf-marco\/\" \/>\n<meta property=\"og:locale\" content=\"pt_BR\" \/>\n<meta property=\"og:type\" content=\"article\" \/>\n<meta property=\"og:title\" content=\"Concurso TCDF: edital em mar\u00e7o; 10 vagas para Analista!\" \/>\n<meta property=\"og:description\" content=\"Em Estudo T\u00e9cnico Preliminar, o TCDF prev\u00ea abertura de novo concurso em mar\u00e7o de 2026, com provas em junho. Saiba os detalhes!\" \/>\n<meta property=\"og:url\" content=\"https:\/\/www.estrategiaconcursos.com.br\/blog\/concurso-tcdf-marco\/\" \/>\n<meta property=\"og:site_name\" content=\"Estrat\u00e9gia Concursos\" \/>\n<meta property=\"article:published_time\" content=\"2025-12-12T00:52:27+00:00\" \/>\n<meta property=\"article:modified_time\" content=\"2025-12-12T19:05:35+00:00\" \/>\n<meta property=\"og:image\" content=\"https:\/\/dhg1h5j42swfq.cloudfront.net\/2021\/04\/23164114\/tcdf-1.jpg\" \/>\n\t<meta property=\"og:image:width\" content=\"768\" \/>\n\t<meta property=\"og:image:height\" content=\"432\" \/>\n\t<meta property=\"og:image:type\" content=\"image\/jpeg\" \/>\n<meta name=\"author\" content=\"Ronaldo Scanavini Neto\" \/>\n<meta name=\"twitter:card\" content=\"summary_large_image\" \/>\n<meta name=\"twitter:creator\" content=\"@EstratConcursos\" \/>\n<meta name=\"twitter:site\" content=\"@EstratConcursos\" \/>\n<meta name=\"twitter:label1\" content=\"Escrito por\" \/>\n\t<meta name=\"twitter:data1\" content=\"Ronaldo Scanavini Neto\" \/>\n\t<meta name=\"twitter:label2\" content=\"Est. tempo de leitura\" \/>\n\t<meta name=\"twitter:data2\" content=\"3 minutos\" \/>\n<script type=\"application\/ld+json\" class=\"yoast-schema-graph\">{\"@context\":\"https:\/\/schema.org\",\"@graph\":[{\"@type\":\"NewsArticle\",\"@id\":\"https:\/\/www.estrategiaconcursos.com.br\/blog\/concurso-tcdf-marco\/#article\",\"isPartOf\":{\"@id\":\"https:\/\/www.estrategiaconcursos.com.br\/blog\/concurso-tcdf-marco\/\"},\"author\":{\"name\":\"Ronaldo Scanavini Neto\",\"@id\":\"https:\/\/www.estrategiaconcursos.com.br\/blog\/#\/schema\/person\/70c2ad4297aa24ff8815b08215b23a76\"},\"headline\":\"Concurso TCDF: edital em mar\u00e7o; 10 vagas para Analista!\",\"datePublished\":\"2025-12-12T00:52:27+00:00\",\"dateModified\":\"2025-12-12T19:05:35+00:00\",\"mainEntityOfPage\":{\"@id\":\"https:\/\/www.estrategiaconcursos.com.br\/blog\/concurso-tcdf-marco\/\"},\"wordCount\":513,\"commentCount\":0,\"publisher\":{\"@id\":\"https:\/\/www.estrategiaconcursos.com.br\/blog\/#organization\"},\"image\":{\"@id\":\"https:\/\/www.estrategiaconcursos.com.br\/blog\/concurso-tcdf-marco\/#primaryimage\"},\"thumbnailUrl\":\"https:\/\/dhg1h5j42swfq.cloudfront.net\/2021\/04\/23164114\/tcdf-1.jpg\",\"articleSection\":[\"Tribunais de Contas (TCU, TCE, TCM)\",\"\u00daltimas not\u00edcias\"],\"inLanguage\":\"pt-BR\",\"potentialAction\":[{\"@type\":\"CommentAction\",\"name\":\"Comment\",\"target\":[\"https:\/\/www.estrategiaconcursos.com.br\/blog\/concurso-tcdf-marco\/#respond\"]}],\"copyrightYear\":\"2025\",\"copyrightHolder\":{\"@id\":\"https:\/\/www.estrategiaconcursos.com.br\/blog\/#organization\"}},{\"@type\":\"WebPage\",\"@id\":\"https:\/\/www.estrategiaconcursos.com.br\/blog\/concurso-tcdf-marco\/\",\"url\":\"https:\/\/www.estrategiaconcursos.com.br\/blog\/concurso-tcdf-marco\/\",\"name\":\"Concurso TCDF: edital em mar\u00e7o; 10 vagas para Analista!\",\"isPartOf\":{\"@id\":\"https:\/\/www.estrategiaconcursos.com.br\/blog\/#website\"},\"primaryImageOfPage\":{\"@id\":\"https:\/\/www.estrategiaconcursos.com.br\/blog\/concurso-tcdf-marco\/#primaryimage\"},\"image\":{\"@id\":\"https:\/\/www.estrategiaconcursos.com.br\/blog\/concurso-tcdf-marco\/#primaryimage\"},\"thumbnailUrl\":\"https:\/\/dhg1h5j42swfq.cloudfront.net\/2021\/04\/23164114\/tcdf-1.jpg\",\"datePublished\":\"2025-12-12T00:52:27+00:00\",\"dateModified\":\"2025-12-12T19:05:35+00:00\",\"description\":\"Em Estudo T\u00e9cnico Preliminar, o TCDF prev\u00ea abertura de novo concurso em mar\u00e7o de 2026, com provas em junho. Saiba os detalhes!\",\"breadcrumb\":{\"@id\":\"https:\/\/www.estrategiaconcursos.com.br\/blog\/concurso-tcdf-marco\/#breadcrumb\"},\"inLanguage\":\"pt-BR\",\"potentialAction\":[{\"@type\":\"ReadAction\",\"target\":[\"https:\/\/www.estrategiaconcursos.com.br\/blog\/concurso-tcdf-marco\/\"]}]},{\"@type\":\"ImageObject\",\"inLanguage\":\"pt-BR\",\"@id\":\"https:\/\/www.estrategiaconcursos.com.br\/blog\/concurso-tcdf-marco\/#primaryimage\",\"url\":\"https:\/\/dhg1h5j42swfq.cloudfront.net\/2021\/04\/23164114\/tcdf-1.jpg\",\"contentUrl\":\"https:\/\/dhg1h5j42swfq.cloudfront.net\/2021\/04\/23164114\/tcdf-1.jpg\",\"width\":768,\"height\":432,\"caption\":\"Gabarito Extraoficial TCDF TI\"},{\"@type\":\"BreadcrumbList\",\"@id\":\"https:\/\/www.estrategiaconcursos.com.br\/blog\/concurso-tcdf-marco\/#breadcrumb\",\"itemListElement\":[{\"@type\":\"ListItem\",\"position\":1,\"name\":\"In\u00edcio\",\"item\":\"https:\/\/www.estrategiaconcursos.com.br\/blog\/\"},{\"@type\":\"ListItem\",\"position\":2,\"name\":\"Concurso TCDF: edital em mar\u00e7o; 10 vagas para Analista!\"}]},{\"@type\":\"WebSite\",\"@id\":\"https:\/\/www.estrategiaconcursos.com.br\/blog\/#website\",\"url\":\"https:\/\/www.estrategiaconcursos.com.br\/blog\/\",\"name\":\"Estrat\u00e9gia Concursos\",\"description\":\"O blog da Estrat\u00e9gia Concursos traz not\u00edcias sobre concursos e artigos de professores oferecendo cursos para concursos (pdf + videaulas) no site.\",\"publisher\":{\"@id\":\"https:\/\/www.estrategiaconcursos.com.br\/blog\/#organization\"},\"potentialAction\":[{\"@type\":\"SearchAction\",\"target\":{\"@type\":\"EntryPoint\",\"urlTemplate\":\"https:\/\/www.estrategiaconcursos.com.br\/blog\/?s={search_term_string}\"},\"query-input\":{\"@type\":\"PropertyValueSpecification\",\"valueRequired\":true,\"valueName\":\"search_term_string\"}}],\"inLanguage\":\"pt-BR\"},{\"@type\":\"Organization\",\"@id\":\"https:\/\/www.estrategiaconcursos.com.br\/blog\/#organization\",\"name\":\"Estrat\u00e9gia Concursos\",\"url\":\"https:\/\/www.estrategiaconcursos.com.br\/blog\/\",\"logo\":{\"@type\":\"ImageObject\",\"inLanguage\":\"pt-BR\",\"@id\":\"https:\/\/www.estrategiaconcursos.com.br\/blog\/#\/schema\/logo\/image\/\",\"url\":\"https:\/\/dhg1h5j42swfq.cloudfront.net\/2025\/06\/03203428\/logo_concursos-1.jpg\",\"contentUrl\":\"https:\/\/dhg1h5j42swfq.cloudfront.net\/2025\/06\/03203428\/logo_concursos-1.jpg\",\"width\":230,\"height\":60,\"caption\":\"Estrat\u00e9gia Concursos\"},\"image\":{\"@id\":\"https:\/\/www.estrategiaconcursos.com.br\/blog\/#\/schema\/logo\/image\/\"},\"sameAs\":[\"https:\/\/x.com\/EstratConcursos\"]},{\"@type\":\"Person\",\"@id\":\"https:\/\/www.estrategiaconcursos.com.br\/blog\/#\/schema\/person\/70c2ad4297aa24ff8815b08215b23a76\",\"name\":\"Ronaldo Scanavini Neto\",\"image\":{\"@type\":\"ImageObject\",\"inLanguage\":\"pt-BR\",\"@id\":\"https:\/\/secure.gravatar.com\/avatar\/f93d8e56fe264596e94aee6b3feb737d98ad0fc5bac7eb0a245f04723c5c8f21?s=96&d=mm&r=g\",\"url\":\"https:\/\/secure.gravatar.com\/avatar\/f93d8e56fe264596e94aee6b3feb737d98ad0fc5bac7eb0a245f04723c5c8f21?s=96&d=mm&r=g\",\"contentUrl\":\"https:\/\/secure.gravatar.com\/avatar\/f93d8e56fe264596e94aee6b3feb737d98ad0fc5bac7eb0a245f04723c5c8f21?s=96&d=mm&r=g\",\"caption\":\"Ronaldo Scanavini Neto\"},\"description\":\"Graduando em Comunica\u00e7\u00e3o Social \u2013 Jornalismo pela Universidade Federal de Vi\u00e7osa (UFV). Integra a equipe de jornalismo do Estrat\u00e9gia Concursos desde 2023, atuando com \u00eanfase na cobertura da \u00e1rea fiscal. Tamb\u00e9m realiza a apura\u00e7\u00e3o e produ\u00e7\u00e3o de not\u00edcias sobre concursos federais, \u00f3rg\u00e3os participantes do CNU e das \u00e1reas de controle, gest\u00e3o, engenharia, Exame CFC, comunica\u00e7\u00e3o social TI e \u00e1rea de concursos administrativos.\",\"url\":\"https:\/\/www.estrategiaconcursos.com.br\/blog\/author\/ronaldo-netoestrategia-com\/\"}]}<\/script>\n<!-- \/ Yoast SEO Premium plugin. -->","yoast_head_json":{"title":"Concurso TCDF: edital em mar\u00e7o; 10 vagas para Analista!","description":"Em Estudo T\u00e9cnico Preliminar, o TCDF prev\u00ea abertura de novo concurso em mar\u00e7o de 2026, com provas em junho. Saiba os detalhes!","robots":{"index":"index","follow":"follow","max-snippet":"max-snippet:-1","max-image-preview":"max-image-preview:large","max-video-preview":"max-video-preview:-1"},"canonical":"https:\/\/www.estrategiaconcursos.com.br\/blog\/concurso-tcdf-marco\/","og_locale":"pt_BR","og_type":"article","og_title":"Concurso TCDF: edital em mar\u00e7o; 10 vagas para Analista!","og_description":"Em Estudo T\u00e9cnico Preliminar, o TCDF prev\u00ea abertura de novo concurso em mar\u00e7o de 2026, com provas em junho. Saiba os detalhes!","og_url":"https:\/\/www.estrategiaconcursos.com.br\/blog\/concurso-tcdf-marco\/","og_site_name":"Estrat\u00e9gia Concursos","article_published_time":"2025-12-12T00:52:27+00:00","article_modified_time":"2025-12-12T19:05:35+00:00","og_image":[{"width":768,"height":432,"url":"https:\/\/dhg1h5j42swfq.cloudfront.net\/2021\/04\/23164114\/tcdf-1.jpg","type":"image\/jpeg"}],"author":"Ronaldo Scanavini Neto","twitter_card":"summary_large_image","twitter_creator":"@EstratConcursos","twitter_site":"@EstratConcursos","twitter_misc":{"Escrito por":"Ronaldo Scanavini Neto","Est. tempo de leitura":"3 minutos"},"schema":{"@context":"https:\/\/schema.org","@graph":[{"@type":"NewsArticle","@id":"https:\/\/www.estrategiaconcursos.com.br\/blog\/concurso-tcdf-marco\/#article","isPartOf":{"@id":"https:\/\/www.estrategiaconcursos.com.br\/blog\/concurso-tcdf-marco\/"},"author":{"name":"Ronaldo Scanavini Neto","@id":"https:\/\/www.estrategiaconcursos.com.br\/blog\/#\/schema\/person\/70c2ad4297aa24ff8815b08215b23a76"},"headline":"Concurso TCDF: edital em mar\u00e7o; 10 vagas para Analista!","datePublished":"2025-12-12T00:52:27+00:00","dateModified":"2025-12-12T19:05:35+00:00","mainEntityOfPage":{"@id":"https:\/\/www.estrategiaconcursos.com.br\/blog\/concurso-tcdf-marco\/"},"wordCount":513,"commentCount":0,"publisher":{"@id":"https:\/\/www.estrategiaconcursos.com.br\/blog\/#organization"},"image":{"@id":"https:\/\/www.estrategiaconcursos.com.br\/blog\/concurso-tcdf-marco\/#primaryimage"},"thumbnailUrl":"https:\/\/dhg1h5j42swfq.cloudfront.net\/2021\/04\/23164114\/tcdf-1.jpg","articleSection":["Tribunais de Contas (TCU, TCE, TCM)","\u00daltimas not\u00edcias"],"inLanguage":"pt-BR","potentialAction":[{"@type":"CommentAction","name":"Comment","target":["https:\/\/www.estrategiaconcursos.com.br\/blog\/concurso-tcdf-marco\/#respond"]}],"copyrightYear":"2025","copyrightHolder":{"@id":"https:\/\/www.estrategiaconcursos.com.br\/blog\/#organization"}},{"@type":"WebPage","@id":"https:\/\/www.estrategiaconcursos.com.br\/blog\/concurso-tcdf-marco\/","url":"https:\/\/www.estrategiaconcursos.com.br\/blog\/concurso-tcdf-marco\/","name":"Concurso TCDF: edital em mar\u00e7o; 10 vagas para Analista!","isPartOf":{"@id":"https:\/\/www.estrategiaconcursos.com.br\/blog\/#website"},"primaryImageOfPage":{"@id":"https:\/\/www.estrategiaconcursos.com.br\/blog\/concurso-tcdf-marco\/#primaryimage"},"image":{"@id":"https:\/\/www.estrategiaconcursos.com.br\/blog\/concurso-tcdf-marco\/#primaryimage"},"thumbnailUrl":"https:\/\/dhg1h5j42swfq.cloudfront.net\/2021\/04\/23164114\/tcdf-1.jpg","datePublished":"2025-12-12T00:52:27+00:00","dateModified":"2025-12-12T19:05:35+00:00","description":"Em Estudo T\u00e9cnico Preliminar, o TCDF prev\u00ea abertura de novo concurso em mar\u00e7o de 2026, com provas em junho. Saiba os detalhes!","breadcrumb":{"@id":"https:\/\/www.estrategiaconcursos.com.br\/blog\/concurso-tcdf-marco\/#breadcrumb"},"inLanguage":"pt-BR","potentialAction":[{"@type":"ReadAction","target":["https:\/\/www.estrategiaconcursos.com.br\/blog\/concurso-tcdf-marco\/"]}]},{"@type":"ImageObject","inLanguage":"pt-BR","@id":"https:\/\/www.estrategiaconcursos.com.br\/blog\/concurso-tcdf-marco\/#primaryimage","url":"https:\/\/dhg1h5j42swfq.cloudfront.net\/2021\/04\/23164114\/tcdf-1.jpg","contentUrl":"https:\/\/dhg1h5j42swfq.cloudfront.net\/2021\/04\/23164114\/tcdf-1.jpg","width":768,"height":432,"caption":"Gabarito Extraoficial TCDF TI"},{"@type":"BreadcrumbList","@id":"https:\/\/www.estrategiaconcursos.com.br\/blog\/concurso-tcdf-marco\/#breadcrumb","itemListElement":[{"@type":"ListItem","position":1,"name":"In\u00edcio","item":"https:\/\/www.estrategiaconcursos.com.br\/blog\/"},{"@type":"ListItem","position":2,"name":"Concurso TCDF: edital em mar\u00e7o; 10 vagas para Analista!"}]},{"@type":"WebSite","@id":"https:\/\/www.estrategiaconcursos.com.br\/blog\/#website","url":"https:\/\/www.estrategiaconcursos.com.br\/blog\/","name":"Estrat\u00e9gia Concursos","description":"O blog da Estrat\u00e9gia Concursos traz not\u00edcias sobre concursos e artigos de professores oferecendo cursos para concursos (pdf + videaulas) no site.","publisher":{"@id":"https:\/\/www.estrategiaconcursos.com.br\/blog\/#organization"},"potentialAction":[{"@type":"SearchAction","target":{"@type":"EntryPoint","urlTemplate":"https:\/\/www.estrategiaconcursos.com.br\/blog\/?s={search_term_string}"},"query-input":{"@type":"PropertyValueSpecification","valueRequired":true,"valueName":"search_term_string"}}],"inLanguage":"pt-BR"},{"@type":"Organization","@id":"https:\/\/www.estrategiaconcursos.com.br\/blog\/#organization","name":"Estrat\u00e9gia Concursos","url":"https:\/\/www.estrategiaconcursos.com.br\/blog\/","logo":{"@type":"ImageObject","inLanguage":"pt-BR","@id":"https:\/\/www.estrategiaconcursos.com.br\/blog\/#\/schema\/logo\/image\/","url":"https:\/\/dhg1h5j42swfq.cloudfront.net\/2025\/06\/03203428\/logo_concursos-1.jpg","contentUrl":"https:\/\/dhg1h5j42swfq.cloudfront.net\/2025\/06\/03203428\/logo_concursos-1.jpg","width":230,"height":60,"caption":"Estrat\u00e9gia Concursos"},"image":{"@id":"https:\/\/www.estrategiaconcursos.com.br\/blog\/#\/schema\/logo\/image\/"},"sameAs":["https:\/\/x.com\/EstratConcursos"]},{"@type":"Person","@id":"https:\/\/www.estrategiaconcursos.com.br\/blog\/#\/schema\/person\/70c2ad4297aa24ff8815b08215b23a76","name":"Ronaldo Scanavini Neto","image":{"@type":"ImageObject","inLanguage":"pt-BR","@id":"https:\/\/secure.gravatar.com\/avatar\/f93d8e56fe264596e94aee6b3feb737d98ad0fc5bac7eb0a245f04723c5c8f21?s=96&d=mm&r=g","url":"https:\/\/secure.gravatar.com\/avatar\/f93d8e56fe264596e94aee6b3feb737d98ad0fc5bac7eb0a245f04723c5c8f21?s=96&d=mm&r=g","contentUrl":"https:\/\/secure.gravatar.com\/avatar\/f93d8e56fe264596e94aee6b3feb737d98ad0fc5bac7eb0a245f04723c5c8f21?s=96&d=mm&r=g","caption":"Ronaldo Scanavini Neto"},"description":"Graduando em Comunica\u00e7\u00e3o Social \u2013 Jornalismo pela Universidade Federal de Vi\u00e7osa (UFV). Integra a equipe de jornalismo do Estrat\u00e9gia Concursos desde 2023, atuando com \u00eanfase na cobertura da \u00e1rea fiscal. Tamb\u00e9m realiza a apura\u00e7\u00e3o e produ\u00e7\u00e3o de not\u00edcias sobre concursos federais, \u00f3rg\u00e3os participantes do CNU e das \u00e1reas de controle, gest\u00e3o, engenharia, Exame CFC, comunica\u00e7\u00e3o social TI e \u00e1rea de concursos administrativos.","url":"https:\/\/www.estrategiaconcursos.com.br\/blog\/author\/ronaldo-netoestrategia-com\/"}]}},"_links":{"self":[{"href":"https:\/\/www.estrategiaconcursos.com.br\/blog\/wp-json\/wp\/v2\/posts\/1684180","targetHints":{"allow":["GET"]}}],"collection":[{"href":"https:\/\/www.estrategiaconcursos.com.br\/blog\/wp-json\/wp\/v2\/posts"}],"about":[{"href":"https:\/\/www.estrategiaconcursos.com.br\/blog\/wp-json\/wp\/v2\/types\/post"}],"author":[{"embeddable":true,"href":"https:\/\/www.estrategiaconcursos.com.br\/blog\/wp-json\/wp\/v2\/users\/2692"}],"replies":[{"embeddable":true,"href":"https:\/\/www.estrategiaconcursos.com.br\/blog\/wp-json\/wp\/v2\/comments?post=1684180"}],"version-history":[{"count":5,"href":"https:\/\/www.estrategiaconcursos.com.br\/blog\/wp-json\/wp\/v2\/posts\/1684180\/revisions"}],"predecessor-version":[{"id":1684728,"href":"https:\/\/www.estrategiaconcursos.com.br\/blog\/wp-json\/wp\/v2\/posts\/1684180\/revisions\/1684728"}],"wp:featuredmedia":[{"embeddable":true,"href":"https:\/\/www.estrategiaconcursos.com.br\/blog\/wp-json\/wp\/v2\/media\/722025"}],"wp:attachment":[{"href":"https:\/\/www.estrategiaconcursos.com.br\/blog\/wp-json\/wp\/v2\/media?parent=1684180"}],"wp:term":[{"taxonomy":"category","embeddable":true,"href":"https:\/\/www.estrategiaconcursos.com.br\/blog\/wp-json\/wp\/v2\/categories?post=1684180"},{"taxonomy":"post_tag","embeddable":true,"href":"https:\/\/www.estrategiaconcursos.com.br\/blog\/wp-json\/wp\/v2\/tags?post=1684180"},{"taxonomy":"tax_estado","embeddable":true,"href":"https:\/\/www.estrategiaconcursos.com.br\/blog\/wp-json\/wp\/v2\/tax_estado?post=1684180"}],"curies":[{"name":"wp","href":"https:\/\/api.w.org\/{rel}","templated":true}]}}