{"id":1684139,"date":"2025-12-11T20:11:49","date_gmt":"2025-12-11T23:11:49","guid":{"rendered":"https:\/\/www.estrategiaconcursos.com.br\/blog\/?p=1684139"},"modified":"2025-12-12T20:14:31","modified_gmt":"2025-12-12T23:14:31","slug":"concurso-camara-dos-deputados-cebraspe-banca","status":"publish","type":"post","link":"https:\/\/www.estrategiaconcursos.com.br\/blog\/concurso-camara-dos-deputados-cebraspe-banca\/","title":{"rendered":"Concurso C\u00e2mara dos Deputados: Cebraspe organiza!"},"content":{"rendered":"\n<p><em><strong>Pr\u00f3ximo concurso C\u00e2mara dos Deputados ter\u00e1 sal\u00e1rios de at\u00e9 R$ 29,4 mil; Cebraspe ser\u00e1 o respons\u00e1vel pelo edital!<\/strong><\/em><\/p>\n\n\n\n<p>Ap\u00f3s avaliar as propostas apresentadas, a comiss\u00e3o respons\u00e1vel pelo novo concurso da C\u00e2mara dos Deputados recomendou o <strong>Cebraspe como a banca organizadora.<\/strong><\/p>\n\n\n\n<p>Lembrando que, recentemente, foi criada no site do \u00f3rg\u00e3o a p\u00e1gina destinada ao pr\u00f3ximo certame. <a href=\"https:\/\/www2.camara.leg.br\/transparencia\/recursos-humanos\/concursos\" target=\"_blank\" rel=\"noreferrer noopener\">Acesse o portal neste link<\/a>!<\/p>\n\n\n\n<figure class=\"wp-block-image aligncenter size-full\"><img loading=\"lazy\" decoding=\"async\" width=\"653\" height=\"816\" src=\"https:\/\/dhg1h5j42swfq.cloudfront.net\/2025\/12\/11200644\/image-106.png\" alt=\"Cebraspe organiza novo concurso C\u00e2mara dos Deputados\" class=\"wp-image-1684140\" srcset=\"https:\/\/dhg1h5j42swfq.cloudfront.net\/2025\/12\/11200644\/image-106.png 653w, https:\/\/dhg1h5j42swfq.cloudfront.net\/2025\/12\/11200644\/image-106-240x300.png 240w, https:\/\/dhg1h5j42swfq.cloudfront.net\/2025\/12\/11200644\/image-106-150x187.png 150w\" sizes=\"auto, (max-width: 653px) 100vw, 653px\" \/><figcaption class=\"wp-element-caption\">Cebraspe \u00e9 a banca do concurso C\u00e2mara dos Deputados | Imagem: <a href=\"https:\/\/www.instagram.com\/p\/DSI_PVqFEt0\/\">Instagram<\/a><\/figcaption><\/figure>\n\n\n\n<div class=\"container\" id=\"boxes\">\n  <div class=\"row\">\n\n    <div class=\"col-sm\">\n      <div class=\"banner-camaras\" id=\"box-assinatura\">\n        <h2 class=\"titulo-assinatura\">Curso C\u00e2mara dos Deputados<\/h2>\n        <p class=\"subtitulo-assinatura\">Prepara\u00e7\u00e3o completa para a carreira!<\/p>\n        <div class=\"box-botao\">\n          <a class=\"btn-assinatura\" target=\"_blank\" href=\"https:\/\/www.estrategiaconcursos.com.br\/cursosPorConcurso\/camara-dos-deputados-tecnico-legislativo-322\/\" rel=\"noopener noreferrer\">EXPLORAR CURSOS<\/a>\n        <\/div>\n      <\/div>\n    \n    <\/div>\n\n  <\/div>\n<\/div>\n\n\n\n<h2 class=\"wp-block-heading\" id=\"h-detalhes-do-proximo-concurso-camara-dos-deputados\">Detalhes do pr\u00f3ximo concurso C\u00e2mara dos Deputados<\/h2>\n\n\n\n<p>Segundo autoriza\u00e7\u00e3o divulgada, ser\u00e3o ofertadas vagas imediatas e em cadastro de reserva, distribu\u00eddas em diferentes especialidades dos <strong>cargos de T\u00e9cnico e Analista Legislativo<\/strong>, assim distribu\u00eddas:<\/p>\n\n\n\n<ul class=\"wp-block-list\">\n<li><strong>Analista Legislativo:<\/strong>\n<ul class=\"wp-block-list\">\n<li>Comunica\u00e7\u00e3o Social<\/li>\n\n\n\n<li>Documenta\u00e7\u00e3o e Informa\u00e7\u00e3o Legislativa<\/li>\n\n\n\n<li>Engenheiro<\/li>\n\n\n\n<li>M\u00e9dico<\/li>\n\n\n\n<li>Muse\u00f3logo<\/li>\n\n\n\n<li>Processo Legislativo e Gest\u00e3o<\/li>\n\n\n\n<li>Registro e Reda\u00e7\u00e3o<\/li>\n<\/ul>\n<\/li>\n\n\n\n<li><strong>T\u00e9cnico Legislativo:<\/strong>\n<ul class=\"wp-block-list\">\n<li>Assistente Legislativo e Administrativo<\/li>\n\n\n\n<li>Policial Legislativo Federal<br \/><\/li>\n<\/ul>\n<\/li>\n<\/ul>\n\n\n\n<p>As carreiras exigem n\u00edvel superior completo. Os aprovados no certame receber\u00e3o sal\u00e1rios iniciais que variam de R$ 19.616,98 a R$ 29.462,78.<\/p>\n\n\n\n<p>O \u00faltimo concurso C\u00e2mara dos Deputados ocorreu em 2023, com 140 vagas imediatas e 609 em cadastro de reserva para Analista Legislativo. A validade seguir\u00e1 vigente at\u00e9 maio de 2026 e, at\u00e9 o momento, <a href=\"#nomeacoes-do-concurso\">309 aprovados foram nomeados<\/a>.<\/p>\n\n\n\n<p class=\"has-text-align-center\"><em>Para mais informa\u00e7\u00f5es do concurso C\u00e2mara dos Deputados, que ter\u00e1 o Cebraspe como banca organizadora, acesse o link abaixo. Preparamos um artigo completo para voc\u00ea!<\/em><\/p>\n\n\n\n<p class=\"has-text-align-center has-cyan-bluish-gray-background-color has-background has-medium-font-size\"><strong>Saiba mais: <a href=\"https:\/\/www.estrategiaconcursos.com.br\/blog\/concurso-camara-dos-deputados\/\" target=\"_blank\" rel=\"noreferrer noopener\">concurso C\u00e2mara dos Deputados<\/a><\/strong><\/p>\n\n\n\n<h2 class=\"wp-block-heading has-text-align-center\" id=\"h-quer-saber-tudo-sobre-concursos-previstos-confira-nossos-artigos\">Quer saber tudo sobre concursos previstos?<br \/>Confira nossos artigos!<\/h2>\n\n\n\n<ul class=\"wp-block-list\">\n<li><a href=\"https:\/\/www.estrategiaconcursos.com.br\/blog\/concursos-area-legislativa\/\" target=\"_blank\" rel=\"noreferrer noopener\">Concursos legislativos<\/a><\/li>\n\n\n\n<li><a href=\"https:\/\/www.estrategiaconcursos.com.br\/blog\/concursos-abertos\/\" target=\"_blank\" rel=\"noreferrer noopener\">Concursos abertos<\/a><\/li>\n\n\n\n<li><a href=\"https:\/\/www.estrategiaconcursos.com.br\/blog\/concursos-2026\/\" target=\"_blank\" rel=\"noreferrer noopener\">Concursos 2026<\/a><\/li>\n<\/ul>\n\n\n\n<div class=\"container\" id=\"boxes\">\n  <div class=\"row\">\n\n    <div class=\"col-sm\">\n      <div class=\"estrategia\" id=\"box-assinatura\">\n        <h3 class=\"titulo-assinatura\">Assinatura Concursos<\/h3>\n        <p class=\"subtitulo-assinatura\">Assinatura de 1 ano ou 2 anos<\/p>\n        <div class=\"box-botao\">\n          <a class=\"btn-assinatura\" target=\"_blank\" href=\"https:\/\/www.estrategiaconcursos.com.br\/assinaturas\/\" role=\"button\" rel=\"noopener noreferrer\">ASSINE AGORA<\/a>\n        <\/div>\n      <\/div>\n     \n    <\/div><\/div><\/div>\n\n\n\n<p><\/p>\n","protected":false},"excerpt":{"rendered":"<p>Pr\u00f3ximo concurso C\u00e2mara dos Deputados ter\u00e1 sal\u00e1rios de at\u00e9 R$ 29,4 mil; Cebraspe ser\u00e1 o respons\u00e1vel pelo edital! Ap\u00f3s avaliar as propostas apresentadas, a comiss\u00e3o respons\u00e1vel pelo novo concurso da C\u00e2mara dos Deputados recomendou o Cebraspe como a banca organizadora. Lembrando que, recentemente, foi criada no site do \u00f3rg\u00e3o a p\u00e1gina destinada ao pr\u00f3ximo certame. [&hellip;]<\/p>\n","protected":false},"author":2134,"featured_media":1271792,"comment_status":"open","ping_status":"closed","sticky":false,"template":"","format":"standard","meta":{"post_tipo":"news","footnotes":""},"categories":[2017,220219],"tags":[],"tax_estado":[219963,219970],"class_list":["post-1684139","post","type-post","status-publish","format-standard","has-post-thumbnail","hentry","category-concursos-legislativos","category-noticias","tax_estado-concursos-federais","tax_estado-df"],"acf":[],"yoast_head":"<!-- This site is optimized with the Yoast SEO Premium plugin v27.2 (Yoast SEO v27.2) - https:\/\/yoast.com\/product\/yoast-seo-premium-wordpress\/ -->\n<title>Concurso C\u00e2mara dos Deputados: Cebraspe organiza!<\/title>\n<meta name=\"description\" content=\"Pr\u00f3ximo concurso C\u00e2mara dos Deputados ter\u00e1 sal\u00e1rios de at\u00e9 R$ 29,4 mil; Cebraspe ser\u00e1 o respons\u00e1vel pelo novo edital!\" \/>\n<meta name=\"robots\" content=\"index, follow, max-snippet:-1, max-image-preview:large, max-video-preview:-1\" \/>\n<link rel=\"canonical\" href=\"https:\/\/www.estrategiaconcursos.com.br\/blog\/concurso-camara-dos-deputados-cebraspe-banca\/\" \/>\n<meta property=\"og:locale\" content=\"pt_BR\" \/>\n<meta property=\"og:type\" content=\"article\" \/>\n<meta property=\"og:title\" content=\"Concurso C\u00e2mara dos Deputados: Cebraspe organiza!\" \/>\n<meta property=\"og:description\" content=\"Pr\u00f3ximo concurso C\u00e2mara dos Deputados ter\u00e1 sal\u00e1rios de at\u00e9 R$ 29,4 mil; Cebraspe ser\u00e1 o respons\u00e1vel pelo novo edital!\" \/>\n<meta property=\"og:url\" content=\"https:\/\/www.estrategiaconcursos.com.br\/blog\/concurso-camara-dos-deputados-cebraspe-banca\/\" \/>\n<meta property=\"og:site_name\" content=\"Estrat\u00e9gia Concursos\" \/>\n<meta property=\"article:published_time\" content=\"2025-12-11T23:11:49+00:00\" \/>\n<meta property=\"article:modified_time\" content=\"2025-12-12T23:14:31+00:00\" \/>\n<meta property=\"og:image\" content=\"https:\/\/dhg1h5j42swfq.cloudfront.net\/2023\/08\/31111618\/concurso-camara-dos-deputados.jpg\" \/>\n\t<meta property=\"og:image:width\" content=\"768\" \/>\n\t<meta property=\"og:image:height\" content=\"432\" \/>\n\t<meta property=\"og:image:type\" content=\"image\/jpeg\" \/>\n<meta name=\"author\" content=\"Rafaela Teixeira\" \/>\n<meta name=\"twitter:card\" content=\"summary_large_image\" \/>\n<meta name=\"twitter:creator\" content=\"@EstratConcursos\" \/>\n<meta name=\"twitter:site\" content=\"@EstratConcursos\" \/>\n<meta name=\"twitter:label1\" content=\"Escrito por\" \/>\n\t<meta name=\"twitter:data1\" content=\"Rafaela Teixeira\" \/>\n\t<meta name=\"twitter:label2\" content=\"Est. tempo de leitura\" \/>\n\t<meta name=\"twitter:data2\" content=\"1 minuto\" \/>\n<script type=\"application\/ld+json\" class=\"yoast-schema-graph\">{\"@context\":\"https:\/\/schema.org\",\"@graph\":[{\"@type\":\"NewsArticle\",\"@id\":\"https:\/\/www.estrategiaconcursos.com.br\/blog\/concurso-camara-dos-deputados-cebraspe-banca\/#article\",\"isPartOf\":{\"@id\":\"https:\/\/www.estrategiaconcursos.com.br\/blog\/concurso-camara-dos-deputados-cebraspe-banca\/\"},\"author\":{\"name\":\"Rafaela Teixeira\",\"@id\":\"https:\/\/www.estrategiaconcursos.com.br\/blog\/#\/schema\/person\/e75352021ea7f60781c599934f916eb1\"},\"headline\":\"Concurso C\u00e2mara dos Deputados: Cebraspe organiza!\",\"datePublished\":\"2025-12-11T23:11:49+00:00\",\"dateModified\":\"2025-12-12T23:14:31+00:00\",\"mainEntityOfPage\":{\"@id\":\"https:\/\/www.estrategiaconcursos.com.br\/blog\/concurso-camara-dos-deputados-cebraspe-banca\/\"},\"wordCount\":288,\"commentCount\":0,\"publisher\":{\"@id\":\"https:\/\/www.estrategiaconcursos.com.br\/blog\/#organization\"},\"image\":{\"@id\":\"https:\/\/www.estrategiaconcursos.com.br\/blog\/concurso-camara-dos-deputados-cebraspe-banca\/#primaryimage\"},\"thumbnailUrl\":\"https:\/\/dhg1h5j42swfq.cloudfront.net\/2023\/08\/31111618\/concurso-camara-dos-deputados.jpg\",\"articleSection\":[\"Legislativo\",\"\u00daltimas not\u00edcias\"],\"inLanguage\":\"pt-BR\",\"potentialAction\":[{\"@type\":\"CommentAction\",\"name\":\"Comment\",\"target\":[\"https:\/\/www.estrategiaconcursos.com.br\/blog\/concurso-camara-dos-deputados-cebraspe-banca\/#respond\"]}],\"copyrightYear\":\"2025\",\"copyrightHolder\":{\"@id\":\"https:\/\/www.estrategiaconcursos.com.br\/blog\/#organization\"}},{\"@type\":\"WebPage\",\"@id\":\"https:\/\/www.estrategiaconcursos.com.br\/blog\/concurso-camara-dos-deputados-cebraspe-banca\/\",\"url\":\"https:\/\/www.estrategiaconcursos.com.br\/blog\/concurso-camara-dos-deputados-cebraspe-banca\/\",\"name\":\"Concurso C\u00e2mara dos Deputados: Cebraspe organiza!\",\"isPartOf\":{\"@id\":\"https:\/\/www.estrategiaconcursos.com.br\/blog\/#website\"},\"primaryImageOfPage\":{\"@id\":\"https:\/\/www.estrategiaconcursos.com.br\/blog\/concurso-camara-dos-deputados-cebraspe-banca\/#primaryimage\"},\"image\":{\"@id\":\"https:\/\/www.estrategiaconcursos.com.br\/blog\/concurso-camara-dos-deputados-cebraspe-banca\/#primaryimage\"},\"thumbnailUrl\":\"https:\/\/dhg1h5j42swfq.cloudfront.net\/2023\/08\/31111618\/concurso-camara-dos-deputados.jpg\",\"datePublished\":\"2025-12-11T23:11:49+00:00\",\"dateModified\":\"2025-12-12T23:14:31+00:00\",\"description\":\"Pr\u00f3ximo concurso C\u00e2mara dos Deputados ter\u00e1 sal\u00e1rios de at\u00e9 R$ 29,4 mil; Cebraspe ser\u00e1 o respons\u00e1vel pelo novo edital!\",\"breadcrumb\":{\"@id\":\"https:\/\/www.estrategiaconcursos.com.br\/blog\/concurso-camara-dos-deputados-cebraspe-banca\/#breadcrumb\"},\"inLanguage\":\"pt-BR\",\"potentialAction\":[{\"@type\":\"ReadAction\",\"target\":[\"https:\/\/www.estrategiaconcursos.com.br\/blog\/concurso-camara-dos-deputados-cebraspe-banca\/\"]}]},{\"@type\":\"ImageObject\",\"inLanguage\":\"pt-BR\",\"@id\":\"https:\/\/www.estrategiaconcursos.com.br\/blog\/concurso-camara-dos-deputados-cebraspe-banca\/#primaryimage\",\"url\":\"https:\/\/dhg1h5j42swfq.cloudfront.net\/2023\/08\/31111618\/concurso-camara-dos-deputados.jpg\",\"contentUrl\":\"https:\/\/dhg1h5j42swfq.cloudfront.net\/2023\/08\/31111618\/concurso-camara-dos-deputados.jpg\",\"width\":768,\"height\":432,\"caption\":\"Concurso C\u00e2mara dos Deputados\"},{\"@type\":\"BreadcrumbList\",\"@id\":\"https:\/\/www.estrategiaconcursos.com.br\/blog\/concurso-camara-dos-deputados-cebraspe-banca\/#breadcrumb\",\"itemListElement\":[{\"@type\":\"ListItem\",\"position\":1,\"name\":\"In\u00edcio\",\"item\":\"https:\/\/www.estrategiaconcursos.com.br\/blog\/\"},{\"@type\":\"ListItem\",\"position\":2,\"name\":\"Concurso C\u00e2mara dos Deputados: Cebraspe organiza!\"}]},{\"@type\":\"WebSite\",\"@id\":\"https:\/\/www.estrategiaconcursos.com.br\/blog\/#website\",\"url\":\"https:\/\/www.estrategiaconcursos.com.br\/blog\/\",\"name\":\"Estrat\u00e9gia Concursos\",\"description\":\"O blog da Estrat\u00e9gia Concursos traz not\u00edcias sobre concursos e artigos de professores oferecendo cursos para concursos (pdf + videaulas) no site.\",\"publisher\":{\"@id\":\"https:\/\/www.estrategiaconcursos.com.br\/blog\/#organization\"},\"potentialAction\":[{\"@type\":\"SearchAction\",\"target\":{\"@type\":\"EntryPoint\",\"urlTemplate\":\"https:\/\/www.estrategiaconcursos.com.br\/blog\/?s={search_term_string}\"},\"query-input\":{\"@type\":\"PropertyValueSpecification\",\"valueRequired\":true,\"valueName\":\"search_term_string\"}}],\"inLanguage\":\"pt-BR\"},{\"@type\":\"Organization\",\"@id\":\"https:\/\/www.estrategiaconcursos.com.br\/blog\/#organization\",\"name\":\"Estrat\u00e9gia Concursos\",\"url\":\"https:\/\/www.estrategiaconcursos.com.br\/blog\/\",\"logo\":{\"@type\":\"ImageObject\",\"inLanguage\":\"pt-BR\",\"@id\":\"https:\/\/www.estrategiaconcursos.com.br\/blog\/#\/schema\/logo\/image\/\",\"url\":\"https:\/\/dhg1h5j42swfq.cloudfront.net\/2025\/06\/03203428\/logo_concursos-1.jpg\",\"contentUrl\":\"https:\/\/dhg1h5j42swfq.cloudfront.net\/2025\/06\/03203428\/logo_concursos-1.jpg\",\"width\":230,\"height\":60,\"caption\":\"Estrat\u00e9gia Concursos\"},\"image\":{\"@id\":\"https:\/\/www.estrategiaconcursos.com.br\/blog\/#\/schema\/logo\/image\/\"},\"sameAs\":[\"https:\/\/x.com\/EstratConcursos\"]},{\"@type\":\"Person\",\"@id\":\"https:\/\/www.estrategiaconcursos.com.br\/blog\/#\/schema\/person\/e75352021ea7f60781c599934f916eb1\",\"name\":\"Rafaela Teixeira\",\"image\":{\"@type\":\"ImageObject\",\"inLanguage\":\"pt-BR\",\"@id\":\"https:\/\/secure.gravatar.com\/avatar\/8a349a2b22039b1ee88fc06461487c950fd6aa411ea8af8633314b43334ae793?s=96&d=mm&r=g\",\"url\":\"https:\/\/secure.gravatar.com\/avatar\/8a349a2b22039b1ee88fc06461487c950fd6aa411ea8af8633314b43334ae793?s=96&d=mm&r=g\",\"contentUrl\":\"https:\/\/secure.gravatar.com\/avatar\/8a349a2b22039b1ee88fc06461487c950fd6aa411ea8af8633314b43334ae793?s=96&d=mm&r=g\",\"caption\":\"Rafaela Teixeira\"},\"description\":\"Rafaela Teixeira \u00e9 advogada conveniada \u00e0 Defensoria P\u00fablica de S\u00e3o Paulo pela OAB, com experi\u00eancia em reda\u00e7\u00e3o jur\u00eddica e atua\u00e7\u00e3o em institui\u00e7\u00f5es p\u00fablicas, incluindo est\u00e1gio no TRE-SP. Possui mais de 7 anos de experi\u00eancia na produ\u00e7\u00e3o de conte\u00fados voltados ao nicho de concursos p\u00fablicos, com foco em apura\u00e7\u00e3o jornal\u00edstica cont\u00ednua, an\u00e1lise de editais e obten\u00e7\u00e3o de informa\u00e7\u00f5es diretamente junto a \u00f3rg\u00e3os e fontes oficiais. No Blog do Estrat\u00e9gia Concursos, atua como Analista de Conte\u00fado S\u00eanior, respons\u00e1vel pelo jornalismo do per\u00edodo noturno e da madrugada, com atua\u00e7\u00e3o transversal na cobertura de concursos p\u00fablicos, garantindo a continuidade, fluidez e confiabilidade das publica\u00e7\u00f5es e dos bastidores dos certames.\",\"url\":\"https:\/\/www.estrategiaconcursos.com.br\/blog\/author\/rafaela-teixeira\/\"}]}<\/script>\n<!-- \/ Yoast SEO Premium plugin. -->","yoast_head_json":{"title":"Concurso C\u00e2mara dos Deputados: Cebraspe organiza!","description":"Pr\u00f3ximo concurso C\u00e2mara dos Deputados ter\u00e1 sal\u00e1rios de at\u00e9 R$ 29,4 mil; Cebraspe ser\u00e1 o respons\u00e1vel pelo novo edital!","robots":{"index":"index","follow":"follow","max-snippet":"max-snippet:-1","max-image-preview":"max-image-preview:large","max-video-preview":"max-video-preview:-1"},"canonical":"https:\/\/www.estrategiaconcursos.com.br\/blog\/concurso-camara-dos-deputados-cebraspe-banca\/","og_locale":"pt_BR","og_type":"article","og_title":"Concurso C\u00e2mara dos Deputados: Cebraspe organiza!","og_description":"Pr\u00f3ximo concurso C\u00e2mara dos Deputados ter\u00e1 sal\u00e1rios de at\u00e9 R$ 29,4 mil; Cebraspe ser\u00e1 o respons\u00e1vel pelo novo edital!","og_url":"https:\/\/www.estrategiaconcursos.com.br\/blog\/concurso-camara-dos-deputados-cebraspe-banca\/","og_site_name":"Estrat\u00e9gia Concursos","article_published_time":"2025-12-11T23:11:49+00:00","article_modified_time":"2025-12-12T23:14:31+00:00","og_image":[{"width":768,"height":432,"url":"https:\/\/dhg1h5j42swfq.cloudfront.net\/2023\/08\/31111618\/concurso-camara-dos-deputados.jpg","type":"image\/jpeg"}],"author":"Rafaela Teixeira","twitter_card":"summary_large_image","twitter_creator":"@EstratConcursos","twitter_site":"@EstratConcursos","twitter_misc":{"Escrito por":"Rafaela Teixeira","Est. tempo de leitura":"1 minuto"},"schema":{"@context":"https:\/\/schema.org","@graph":[{"@type":"NewsArticle","@id":"https:\/\/www.estrategiaconcursos.com.br\/blog\/concurso-camara-dos-deputados-cebraspe-banca\/#article","isPartOf":{"@id":"https:\/\/www.estrategiaconcursos.com.br\/blog\/concurso-camara-dos-deputados-cebraspe-banca\/"},"author":{"name":"Rafaela Teixeira","@id":"https:\/\/www.estrategiaconcursos.com.br\/blog\/#\/schema\/person\/e75352021ea7f60781c599934f916eb1"},"headline":"Concurso C\u00e2mara dos Deputados: Cebraspe organiza!","datePublished":"2025-12-11T23:11:49+00:00","dateModified":"2025-12-12T23:14:31+00:00","mainEntityOfPage":{"@id":"https:\/\/www.estrategiaconcursos.com.br\/blog\/concurso-camara-dos-deputados-cebraspe-banca\/"},"wordCount":288,"commentCount":0,"publisher":{"@id":"https:\/\/www.estrategiaconcursos.com.br\/blog\/#organization"},"image":{"@id":"https:\/\/www.estrategiaconcursos.com.br\/blog\/concurso-camara-dos-deputados-cebraspe-banca\/#primaryimage"},"thumbnailUrl":"https:\/\/dhg1h5j42swfq.cloudfront.net\/2023\/08\/31111618\/concurso-camara-dos-deputados.jpg","articleSection":["Legislativo","\u00daltimas not\u00edcias"],"inLanguage":"pt-BR","potentialAction":[{"@type":"CommentAction","name":"Comment","target":["https:\/\/www.estrategiaconcursos.com.br\/blog\/concurso-camara-dos-deputados-cebraspe-banca\/#respond"]}],"copyrightYear":"2025","copyrightHolder":{"@id":"https:\/\/www.estrategiaconcursos.com.br\/blog\/#organization"}},{"@type":"WebPage","@id":"https:\/\/www.estrategiaconcursos.com.br\/blog\/concurso-camara-dos-deputados-cebraspe-banca\/","url":"https:\/\/www.estrategiaconcursos.com.br\/blog\/concurso-camara-dos-deputados-cebraspe-banca\/","name":"Concurso C\u00e2mara dos Deputados: Cebraspe organiza!","isPartOf":{"@id":"https:\/\/www.estrategiaconcursos.com.br\/blog\/#website"},"primaryImageOfPage":{"@id":"https:\/\/www.estrategiaconcursos.com.br\/blog\/concurso-camara-dos-deputados-cebraspe-banca\/#primaryimage"},"image":{"@id":"https:\/\/www.estrategiaconcursos.com.br\/blog\/concurso-camara-dos-deputados-cebraspe-banca\/#primaryimage"},"thumbnailUrl":"https:\/\/dhg1h5j42swfq.cloudfront.net\/2023\/08\/31111618\/concurso-camara-dos-deputados.jpg","datePublished":"2025-12-11T23:11:49+00:00","dateModified":"2025-12-12T23:14:31+00:00","description":"Pr\u00f3ximo concurso C\u00e2mara dos Deputados ter\u00e1 sal\u00e1rios de at\u00e9 R$ 29,4 mil; Cebraspe ser\u00e1 o respons\u00e1vel pelo novo edital!","breadcrumb":{"@id":"https:\/\/www.estrategiaconcursos.com.br\/blog\/concurso-camara-dos-deputados-cebraspe-banca\/#breadcrumb"},"inLanguage":"pt-BR","potentialAction":[{"@type":"ReadAction","target":["https:\/\/www.estrategiaconcursos.com.br\/blog\/concurso-camara-dos-deputados-cebraspe-banca\/"]}]},{"@type":"ImageObject","inLanguage":"pt-BR","@id":"https:\/\/www.estrategiaconcursos.com.br\/blog\/concurso-camara-dos-deputados-cebraspe-banca\/#primaryimage","url":"https:\/\/dhg1h5j42swfq.cloudfront.net\/2023\/08\/31111618\/concurso-camara-dos-deputados.jpg","contentUrl":"https:\/\/dhg1h5j42swfq.cloudfront.net\/2023\/08\/31111618\/concurso-camara-dos-deputados.jpg","width":768,"height":432,"caption":"Concurso C\u00e2mara dos Deputados"},{"@type":"BreadcrumbList","@id":"https:\/\/www.estrategiaconcursos.com.br\/blog\/concurso-camara-dos-deputados-cebraspe-banca\/#breadcrumb","itemListElement":[{"@type":"ListItem","position":1,"name":"In\u00edcio","item":"https:\/\/www.estrategiaconcursos.com.br\/blog\/"},{"@type":"ListItem","position":2,"name":"Concurso C\u00e2mara dos Deputados: Cebraspe organiza!"}]},{"@type":"WebSite","@id":"https:\/\/www.estrategiaconcursos.com.br\/blog\/#website","url":"https:\/\/www.estrategiaconcursos.com.br\/blog\/","name":"Estrat\u00e9gia Concursos","description":"O blog da Estrat\u00e9gia Concursos traz not\u00edcias sobre concursos e artigos de professores oferecendo cursos para concursos (pdf + videaulas) no site.","publisher":{"@id":"https:\/\/www.estrategiaconcursos.com.br\/blog\/#organization"},"potentialAction":[{"@type":"SearchAction","target":{"@type":"EntryPoint","urlTemplate":"https:\/\/www.estrategiaconcursos.com.br\/blog\/?s={search_term_string}"},"query-input":{"@type":"PropertyValueSpecification","valueRequired":true,"valueName":"search_term_string"}}],"inLanguage":"pt-BR"},{"@type":"Organization","@id":"https:\/\/www.estrategiaconcursos.com.br\/blog\/#organization","name":"Estrat\u00e9gia Concursos","url":"https:\/\/www.estrategiaconcursos.com.br\/blog\/","logo":{"@type":"ImageObject","inLanguage":"pt-BR","@id":"https:\/\/www.estrategiaconcursos.com.br\/blog\/#\/schema\/logo\/image\/","url":"https:\/\/dhg1h5j42swfq.cloudfront.net\/2025\/06\/03203428\/logo_concursos-1.jpg","contentUrl":"https:\/\/dhg1h5j42swfq.cloudfront.net\/2025\/06\/03203428\/logo_concursos-1.jpg","width":230,"height":60,"caption":"Estrat\u00e9gia Concursos"},"image":{"@id":"https:\/\/www.estrategiaconcursos.com.br\/blog\/#\/schema\/logo\/image\/"},"sameAs":["https:\/\/x.com\/EstratConcursos"]},{"@type":"Person","@id":"https:\/\/www.estrategiaconcursos.com.br\/blog\/#\/schema\/person\/e75352021ea7f60781c599934f916eb1","name":"Rafaela Teixeira","image":{"@type":"ImageObject","inLanguage":"pt-BR","@id":"https:\/\/secure.gravatar.com\/avatar\/8a349a2b22039b1ee88fc06461487c950fd6aa411ea8af8633314b43334ae793?s=96&d=mm&r=g","url":"https:\/\/secure.gravatar.com\/avatar\/8a349a2b22039b1ee88fc06461487c950fd6aa411ea8af8633314b43334ae793?s=96&d=mm&r=g","contentUrl":"https:\/\/secure.gravatar.com\/avatar\/8a349a2b22039b1ee88fc06461487c950fd6aa411ea8af8633314b43334ae793?s=96&d=mm&r=g","caption":"Rafaela Teixeira"},"description":"Rafaela Teixeira \u00e9 advogada conveniada \u00e0 Defensoria P\u00fablica de S\u00e3o Paulo pela OAB, com experi\u00eancia em reda\u00e7\u00e3o jur\u00eddica e atua\u00e7\u00e3o em institui\u00e7\u00f5es p\u00fablicas, incluindo est\u00e1gio no TRE-SP. Possui mais de 7 anos de experi\u00eancia na produ\u00e7\u00e3o de conte\u00fados voltados ao nicho de concursos p\u00fablicos, com foco em apura\u00e7\u00e3o jornal\u00edstica cont\u00ednua, an\u00e1lise de editais e obten\u00e7\u00e3o de informa\u00e7\u00f5es diretamente junto a \u00f3rg\u00e3os e fontes oficiais. No Blog do Estrat\u00e9gia Concursos, atua como Analista de Conte\u00fado S\u00eanior, respons\u00e1vel pelo jornalismo do per\u00edodo noturno e da madrugada, com atua\u00e7\u00e3o transversal na cobertura de concursos p\u00fablicos, garantindo a continuidade, fluidez e confiabilidade das publica\u00e7\u00f5es e dos bastidores dos certames.","url":"https:\/\/www.estrategiaconcursos.com.br\/blog\/author\/rafaela-teixeira\/"}]}},"_links":{"self":[{"href":"https:\/\/www.estrategiaconcursos.com.br\/blog\/wp-json\/wp\/v2\/posts\/1684139","targetHints":{"allow":["GET"]}}],"collection":[{"href":"https:\/\/www.estrategiaconcursos.com.br\/blog\/wp-json\/wp\/v2\/posts"}],"about":[{"href":"https:\/\/www.estrategiaconcursos.com.br\/blog\/wp-json\/wp\/v2\/types\/post"}],"author":[{"embeddable":true,"href":"https:\/\/www.estrategiaconcursos.com.br\/blog\/wp-json\/wp\/v2\/users\/2134"}],"replies":[{"embeddable":true,"href":"https:\/\/www.estrategiaconcursos.com.br\/blog\/wp-json\/wp\/v2\/comments?post=1684139"}],"version-history":[{"count":8,"href":"https:\/\/www.estrategiaconcursos.com.br\/blog\/wp-json\/wp\/v2\/posts\/1684139\/revisions"}],"predecessor-version":[{"id":1684964,"href":"https:\/\/www.estrategiaconcursos.com.br\/blog\/wp-json\/wp\/v2\/posts\/1684139\/revisions\/1684964"}],"wp:featuredmedia":[{"embeddable":true,"href":"https:\/\/www.estrategiaconcursos.com.br\/blog\/wp-json\/wp\/v2\/media\/1271792"}],"wp:attachment":[{"href":"https:\/\/www.estrategiaconcursos.com.br\/blog\/wp-json\/wp\/v2\/media?parent=1684139"}],"wp:term":[{"taxonomy":"category","embeddable":true,"href":"https:\/\/www.estrategiaconcursos.com.br\/blog\/wp-json\/wp\/v2\/categories?post=1684139"},{"taxonomy":"post_tag","embeddable":true,"href":"https:\/\/www.estrategiaconcursos.com.br\/blog\/wp-json\/wp\/v2\/tags?post=1684139"},{"taxonomy":"tax_estado","embeddable":true,"href":"https:\/\/www.estrategiaconcursos.com.br\/blog\/wp-json\/wp\/v2\/tax_estado?post=1684139"}],"curies":[{"name":"wp","href":"https:\/\/api.w.org\/{rel}","templated":true}]}}