{"id":1683646,"date":"2025-12-11T11:42:46","date_gmt":"2025-12-11T14:42:46","guid":{"rendered":"https:\/\/www.estrategiaconcursos.com.br\/blog\/?p=1683646"},"modified":"2025-12-11T11:53:34","modified_gmt":"2025-12-11T14:53:34","slug":"concurso-pge-rj-mudancas-na-lei-organica-sao-sancionadas","status":"publish","type":"post","link":"https:\/\/www.estrategiaconcursos.com.br\/blog\/concurso-pge-rj-mudancas-na-lei-organica-sao-sancionadas\/","title":{"rendered":"Concurso PGE RJ: mudan\u00e7as na Lei Org\u00e2nica s\u00e3o sancionadas!"},"content":{"rendered":"\n<p><strong><em>A medida atualiza as regras dos certames <\/em><\/strong><\/p>\n\n\n\n<p>O governo do estado do Rio de Janeiro aprovou as altera\u00e7\u00f5es nas regras da Lei Org\u00e2nica da <a href=\"https:\/\/www.estrategiaconcursos.com.br\/cursosPorConcurso\/pge-rj-procurador-do-estado-do-rio-de-janeiro-servidores\/\" target=\"_blank\" rel=\"noreferrer noopener\">Procuradoria Geral do Estado do Rio de Janeiro<\/a>\u00a0(PGE-RJ) que consolida em 330 o n\u00famero de procuradores e estabelece novas diretrizes sobre as compet\u00eancias do procurador-geral e da chefia de gabinete. <\/p>\n\n\n\n<p>O texto foi sancionado e publicado no dia 05 de dezembro de 2025. A medida prev\u00ea a cria\u00e7\u00e3o de 30 novos cargos de procurador do Estado na estrutura da PGE-RJ. <\/p>\n\n\n\n<p>E o mais importante: <strong>atualiza as regras de concursos p\u00fablicos<\/strong> do \u00f3rg\u00e3o, das licen\u00e7as maternidade e paternidade e das aposentadorias compuls\u00f3rias.<\/p>\n\n\n\n<p>A medida ainda autoriza que estudantes do \u00faltimo ano do bacharelado em Direito podem realizar concurso para procurador do Estado, tendo como requisito para a posse a apresenta\u00e7\u00e3o da inscri\u00e7\u00e3o para o exerc\u00edcio da advocacia pela Ordem dos Advogados do Brasil (OAB). <\/p>\n\n\n\n<p>Os editais continuar\u00e3o a poder pedir a comprova\u00e7\u00e3o de pr\u00e1tica, por per\u00edodo n\u00e3o superior a cinco anos, de atividade que envolva a aplica\u00e7\u00e3o de conhecimentos jur\u00eddicos.<\/p>\n\n\n\n<p>Enquanto o Rio estiver no Programa de Pleno Pagamento de D\u00edvidas dos Estados (Propag), substituto do Regime de Recupera\u00e7\u00e3o Fiscal (RRF) ou outro programa que venha a substitu\u00ed-lo, esses novos cargos s\u00f3 ser\u00e3o efetivados mediante autoriza\u00e7\u00e3o expressa do governador, condicionada, cumulativamente, \u00e0\u00a0exist\u00eancia de disponibilidade or\u00e7ament\u00e1ria e financeira, \u00e0 pr\u00e9via estimativa do impacto or\u00e7ament\u00e1rio-financeiro, \u00e0 compatibilidade com o plano de recupera\u00e7\u00e3o e com as leis or\u00e7ament\u00e1rias.<\/p>\n\n\n\n<div class=\"container\" id=\"boxes\">\n  <div class=\"row\">\n\n    <div class=\"col-sm\">\n      <div class=\"banner-estrategia\" id=\"box-assinatura\">\n        <h3 class=\"titulo-assinatura\">Cursos para concursos<\/h3>\n        <p class=\"subtitulo-assinatura\">Estude conosco<\/p>\n        <div class=\"box-botao\">\n          <a class=\"btn-assinatura\" target=\"_blank\" href=\"https:\/\/www.estrategiaconcursos.com.br\/cursosPorConcurso\/pge-rj-procurador-do-estado-do-rio-de-janeiro-servidores\/\" role=\"button\" rel=\"noopener noreferrer\">Conhe\u00e7a os cursos<\/a>\n        <\/div>\n      <\/div>\n     \n    <\/div>\n\n  <\/div>\n<\/div>\n\n\n\n<h2 class=\"wp-block-heading has-text-align-left\" id=\"h-vai-ter-concurso-pge-rj-para-servidor\"><em> <\/em>Vai ter concurso PGE RJ para servidor? <\/h2>\n\n\n\n<p>A\u00a0Procuradoria Geral do Estado do Rio de Janeiro\u00a0autorizou a realiza\u00e7\u00e3o de novo concurso que ofertar\u00e1<strong>\u00a03\u00a0vagas<\/strong>\u00a0para os cargos de:<\/p>\n\n\n\n<ul class=\"wp-block-list\">\n<li>Analista de Per\u00edcias e Avalia\u00e7\u00f5es Imobili\u00e1rias: 1 vaga; e<\/li>\n\n\n\n<li>Analista M\u00e9dico: 2 vagas.<\/li>\n<\/ul>\n\n\n\n<p class=\"has-text-align-center\"><em><\/em><em>Para <\/em>saber TODOS os detalhes sobre as informa\u00e7\u00f5es do concurso <a href=\"https:\/\/www.instagram.com\/pgerj\/\" target=\"_blank\" rel=\"noreferrer noopener\">PGE RJ<\/a>  acesse agora mesmo o artigo exclusivo e muito mais completo que preparamos para voc\u00ea:<\/p>\n\n\n\n<p class=\"has-text-align-center has-cyan-bluish-gray-background-color has-background has-medium-font-size\"><strong>Saiba mais: <a href=\"https:\/\/www.estrategiaconcursos.com.br\/blog\/concurso-pge-rj\/\" target=\"_blank\" rel=\"noreferrer noopener\">Concurso PGE RJ<\/a><\/strong><\/p>\n\n\n\n<h2 class=\"wp-block-heading has-text-align-center\" id=\"h-quer-saber-tudo-sobre-concursos-previstos-confira-nossos-artigos\">Quer saber tudo sobre concursos previstos?<br \/>Confira  nossos artigos!<\/h2>\n\n\n\n<ul class=\"wp-block-list\">\n<li><a href=\"https:\/\/www.estrategiaconcursos.com.br\/blog\/concursos-abertos\/\" target=\"_blank\" rel=\"noreferrer noopener\">Concursos abertos<\/a><\/li>\n\n\n\n<li><a href=\"https:\/\/www.estrategiaconcursos.com.br\/blog\/concursos-2026\/\">Concursos 2026<\/a><\/li>\n\n\n\n<li><a href=\"https:\/\/www.estrategiaconcursos.com.br\/blog\/concursos-tribunais\/\" target=\"_blank\" rel=\"noreferrer noopener\">Concursos Tribunais<\/a><\/li>\n<\/ul>\n\n\n\n<h2 class=\"wp-block-heading has-text-align-center\" id=\"h-quer-estudar-para-o-concurso-pge-rj\">Quer estudar para o concurso PGE RJ?<\/h2>\n\n\n\n<div class=\"container\" id=\"boxes\">\n  <div class=\"row\">\n\n    <div class=\"col-sm\">\n      <div class=\"banner-estrategia\" id=\"box-assinatura\">\n        <h3 class=\"titulo-assinatura\">Cursos para concursos<\/h3>\n        <p class=\"subtitulo-assinatura\">Estude conosco<\/p>\n        <div class=\"box-botao\">\n          <a class=\"btn-assinatura\" target=\"_blank\" href=\"https:\/\/www.estrategiaconcursos.com.br\/cursosPorConcurso\/pge-rj-procurador-do-estado-do-rio-de-janeiro-servidores\/\" role=\"button\" rel=\"noopener noreferrer\">Conhe\u00e7a os cursos<\/a>\n        <\/div>\n      <\/div>\n     \n    <\/div>\n\n  <\/div>\n<\/div>\n\n\n\n<div class=\"container\" id=\"boxes\">\n  <div class=\"row\">\n\n    <div class=\"col-sm\">\n      <div class=\"estrategia\" id=\"box-assinatura\">\n        <h3 class=\"titulo-assinatura\">Assinatura de Concursos<\/h3>\n        <p class=\"subtitulo-assinatura\">Assinatura de 1 ano ou 2 anos<\/p>\n        <div class=\"box-botao\">\n          <a class=\"btn-assinatura\" target=\"_blank\" href=\"https:\/\/www.estrategiaconcursos.com.br\/assinaturas\/\" role=\"button\" rel=\"noopener noreferrer\">ASSINE AGORA<\/a>\n        <\/div>\n      <\/div>\n     \n    <\/div><\/div><\/div>\n\n\n\n<p><\/p>\n\n\n\n<p><\/p>\n","protected":false},"excerpt":{"rendered":"<p>A medida atualiza as regras dos certames O governo do estado do Rio de Janeiro aprovou as altera\u00e7\u00f5es nas regras da Lei Org\u00e2nica da Procuradoria Geral do Estado do Rio de Janeiro\u00a0(PGE-RJ) que consolida em 330 o n\u00famero de procuradores e estabelece novas diretrizes sobre as compet\u00eancias do procurador-geral e da chefia de gabinete. O [&hellip;]<\/p>\n","protected":false},"author":2375,"featured_media":1012418,"comment_status":"open","ping_status":"closed","sticky":false,"template":"","format":"standard","meta":{"post_tipo":"news","footnotes":""},"categories":[220196,220219],"tags":[],"tax_estado":[219982],"class_list":["post-1683646","post","type-post","status-publish","format-standard","has-post-thumbnail","hentry","category-procuradorias","category-noticias","tax_estado-rj"],"acf":[],"yoast_head":"<!-- This site is optimized with the Yoast SEO Premium plugin v27.2 (Yoast SEO v27.2) - https:\/\/yoast.com\/product\/yoast-seo-premium-wordpress\/ -->\n<title>Concurso PGE RJ: mudan\u00e7as na Lei Org\u00e2nica s\u00e3o sancionadas!<\/title>\n<meta name=\"description\" content=\"Concurso PGE RJ: san\u00e7\u00e3o do governador Cl\u00e1udio Castro foi publicada na edi\u00e7\u00e3o do Di\u00e1rio Oficial! Veja os detalhes!\" \/>\n<meta name=\"robots\" content=\"index, follow, max-snippet:-1, max-image-preview:large, max-video-preview:-1\" \/>\n<link rel=\"canonical\" href=\"https:\/\/www.estrategiaconcursos.com.br\/blog\/concurso-pge-rj-mudancas-na-lei-organica-sao-sancionadas\/\" \/>\n<meta property=\"og:locale\" content=\"pt_BR\" \/>\n<meta property=\"og:type\" content=\"article\" \/>\n<meta property=\"og:title\" content=\"Concurso PGE RJ: mudan\u00e7as na Lei Org\u00e2nica s\u00e3o sancionadas!\" \/>\n<meta property=\"og:description\" content=\"Concurso PGE RJ: san\u00e7\u00e3o do governador Cl\u00e1udio Castro foi publicada na edi\u00e7\u00e3o do Di\u00e1rio Oficial! Veja os detalhes!\" \/>\n<meta property=\"og:url\" content=\"https:\/\/www.estrategiaconcursos.com.br\/blog\/concurso-pge-rj-mudancas-na-lei-organica-sao-sancionadas\/\" \/>\n<meta property=\"og:site_name\" content=\"Estrat\u00e9gia Concursos\" \/>\n<meta property=\"article:published_time\" content=\"2025-12-11T14:42:46+00:00\" \/>\n<meta property=\"article:modified_time\" content=\"2025-12-11T14:53:34+00:00\" \/>\n<meta property=\"og:image\" content=\"https:\/\/dhg1h5j42swfq.cloudfront.net\/2022\/04\/20145329\/concurso_pge_rj.jpeg\" \/>\n\t<meta property=\"og:image:width\" content=\"768\" \/>\n\t<meta property=\"og:image:height\" content=\"432\" \/>\n\t<meta property=\"og:image:type\" content=\"image\/jpeg\" \/>\n<meta name=\"author\" content=\"Priscila Almeida\" \/>\n<meta name=\"twitter:card\" content=\"summary_large_image\" \/>\n<meta name=\"twitter:creator\" content=\"@EstratConcursos\" \/>\n<meta name=\"twitter:site\" content=\"@EstratConcursos\" \/>\n<meta name=\"twitter:label1\" content=\"Escrito por\" \/>\n\t<meta name=\"twitter:data1\" content=\"Priscila Almeida\" \/>\n\t<meta name=\"twitter:label2\" content=\"Est. tempo de leitura\" \/>\n\t<meta name=\"twitter:data2\" content=\"2 minutos\" \/>\n<script type=\"application\/ld+json\" class=\"yoast-schema-graph\">{\"@context\":\"https:\/\/schema.org\",\"@graph\":[{\"@type\":\"NewsArticle\",\"@id\":\"https:\/\/www.estrategiaconcursos.com.br\/blog\/concurso-pge-rj-mudancas-na-lei-organica-sao-sancionadas\/#article\",\"isPartOf\":{\"@id\":\"https:\/\/www.estrategiaconcursos.com.br\/blog\/concurso-pge-rj-mudancas-na-lei-organica-sao-sancionadas\/\"},\"author\":{\"name\":\"Priscila Almeida\",\"@id\":\"https:\/\/www.estrategiaconcursos.com.br\/blog\/#\/schema\/person\/a06e841e501f2e1d8c49c4e8f066bfd1\"},\"headline\":\"Concurso PGE RJ: mudan\u00e7as na Lei Org\u00e2nica s\u00e3o sancionadas!\",\"datePublished\":\"2025-12-11T14:42:46+00:00\",\"dateModified\":\"2025-12-11T14:53:34+00:00\",\"mainEntityOfPage\":{\"@id\":\"https:\/\/www.estrategiaconcursos.com.br\/blog\/concurso-pge-rj-mudancas-na-lei-organica-sao-sancionadas\/\"},\"wordCount\":404,\"commentCount\":0,\"publisher\":{\"@id\":\"https:\/\/www.estrategiaconcursos.com.br\/blog\/#organization\"},\"image\":{\"@id\":\"https:\/\/www.estrategiaconcursos.com.br\/blog\/concurso-pge-rj-mudancas-na-lei-organica-sao-sancionadas\/#primaryimage\"},\"thumbnailUrl\":\"https:\/\/dhg1h5j42swfq.cloudfront.net\/2022\/04\/20145329\/concurso_pge_rj.jpeg\",\"articleSection\":[\"Jur\u00eddico - Procuradorias\",\"\u00daltimas not\u00edcias\"],\"inLanguage\":\"pt-BR\",\"potentialAction\":[{\"@type\":\"CommentAction\",\"name\":\"Comment\",\"target\":[\"https:\/\/www.estrategiaconcursos.com.br\/blog\/concurso-pge-rj-mudancas-na-lei-organica-sao-sancionadas\/#respond\"]}],\"copyrightYear\":\"2025\",\"copyrightHolder\":{\"@id\":\"https:\/\/www.estrategiaconcursos.com.br\/blog\/#organization\"}},{\"@type\":\"WebPage\",\"@id\":\"https:\/\/www.estrategiaconcursos.com.br\/blog\/concurso-pge-rj-mudancas-na-lei-organica-sao-sancionadas\/\",\"url\":\"https:\/\/www.estrategiaconcursos.com.br\/blog\/concurso-pge-rj-mudancas-na-lei-organica-sao-sancionadas\/\",\"name\":\"Concurso PGE RJ: mudan\u00e7as na Lei Org\u00e2nica s\u00e3o sancionadas!\",\"isPartOf\":{\"@id\":\"https:\/\/www.estrategiaconcursos.com.br\/blog\/#website\"},\"primaryImageOfPage\":{\"@id\":\"https:\/\/www.estrategiaconcursos.com.br\/blog\/concurso-pge-rj-mudancas-na-lei-organica-sao-sancionadas\/#primaryimage\"},\"image\":{\"@id\":\"https:\/\/www.estrategiaconcursos.com.br\/blog\/concurso-pge-rj-mudancas-na-lei-organica-sao-sancionadas\/#primaryimage\"},\"thumbnailUrl\":\"https:\/\/dhg1h5j42swfq.cloudfront.net\/2022\/04\/20145329\/concurso_pge_rj.jpeg\",\"datePublished\":\"2025-12-11T14:42:46+00:00\",\"dateModified\":\"2025-12-11T14:53:34+00:00\",\"description\":\"Concurso PGE RJ: san\u00e7\u00e3o do governador Cl\u00e1udio Castro foi publicada na edi\u00e7\u00e3o do Di\u00e1rio Oficial! Veja os detalhes!\",\"breadcrumb\":{\"@id\":\"https:\/\/www.estrategiaconcursos.com.br\/blog\/concurso-pge-rj-mudancas-na-lei-organica-sao-sancionadas\/#breadcrumb\"},\"inLanguage\":\"pt-BR\",\"potentialAction\":[{\"@type\":\"ReadAction\",\"target\":[\"https:\/\/www.estrategiaconcursos.com.br\/blog\/concurso-pge-rj-mudancas-na-lei-organica-sao-sancionadas\/\"]}]},{\"@type\":\"ImageObject\",\"inLanguage\":\"pt-BR\",\"@id\":\"https:\/\/www.estrategiaconcursos.com.br\/blog\/concurso-pge-rj-mudancas-na-lei-organica-sao-sancionadas\/#primaryimage\",\"url\":\"https:\/\/dhg1h5j42swfq.cloudfront.net\/2022\/04\/20145329\/concurso_pge_rj.jpeg\",\"contentUrl\":\"https:\/\/dhg1h5j42swfq.cloudfront.net\/2022\/04\/20145329\/concurso_pge_rj.jpeg\",\"width\":768,\"height\":432,\"caption\":\"concurso pge rj\"},{\"@type\":\"BreadcrumbList\",\"@id\":\"https:\/\/www.estrategiaconcursos.com.br\/blog\/concurso-pge-rj-mudancas-na-lei-organica-sao-sancionadas\/#breadcrumb\",\"itemListElement\":[{\"@type\":\"ListItem\",\"position\":1,\"name\":\"In\u00edcio\",\"item\":\"https:\/\/www.estrategiaconcursos.com.br\/blog\/\"},{\"@type\":\"ListItem\",\"position\":2,\"name\":\"Concurso PGE RJ: mudan\u00e7as na Lei Org\u00e2nica s\u00e3o sancionadas!\"}]},{\"@type\":\"WebSite\",\"@id\":\"https:\/\/www.estrategiaconcursos.com.br\/blog\/#website\",\"url\":\"https:\/\/www.estrategiaconcursos.com.br\/blog\/\",\"name\":\"Estrat\u00e9gia Concursos\",\"description\":\"O blog da Estrat\u00e9gia Concursos traz not\u00edcias sobre concursos e artigos de professores oferecendo cursos para concursos (pdf + videaulas) no site.\",\"publisher\":{\"@id\":\"https:\/\/www.estrategiaconcursos.com.br\/blog\/#organization\"},\"potentialAction\":[{\"@type\":\"SearchAction\",\"target\":{\"@type\":\"EntryPoint\",\"urlTemplate\":\"https:\/\/www.estrategiaconcursos.com.br\/blog\/?s={search_term_string}\"},\"query-input\":{\"@type\":\"PropertyValueSpecification\",\"valueRequired\":true,\"valueName\":\"search_term_string\"}}],\"inLanguage\":\"pt-BR\"},{\"@type\":\"Organization\",\"@id\":\"https:\/\/www.estrategiaconcursos.com.br\/blog\/#organization\",\"name\":\"Estrat\u00e9gia Concursos\",\"url\":\"https:\/\/www.estrategiaconcursos.com.br\/blog\/\",\"logo\":{\"@type\":\"ImageObject\",\"inLanguage\":\"pt-BR\",\"@id\":\"https:\/\/www.estrategiaconcursos.com.br\/blog\/#\/schema\/logo\/image\/\",\"url\":\"https:\/\/dhg1h5j42swfq.cloudfront.net\/2025\/06\/03203428\/logo_concursos-1.jpg\",\"contentUrl\":\"https:\/\/dhg1h5j42swfq.cloudfront.net\/2025\/06\/03203428\/logo_concursos-1.jpg\",\"width\":230,\"height\":60,\"caption\":\"Estrat\u00e9gia Concursos\"},\"image\":{\"@id\":\"https:\/\/www.estrategiaconcursos.com.br\/blog\/#\/schema\/logo\/image\/\"},\"sameAs\":[\"https:\/\/x.com\/EstratConcursos\"]},{\"@type\":\"Person\",\"@id\":\"https:\/\/www.estrategiaconcursos.com.br\/blog\/#\/schema\/person\/a06e841e501f2e1d8c49c4e8f066bfd1\",\"name\":\"Priscila Almeida\",\"image\":{\"@type\":\"ImageObject\",\"inLanguage\":\"pt-BR\",\"@id\":\"https:\/\/secure.gravatar.com\/avatar\/0a963c9e2a947fa675b669cea2b5d0ba6dd1cbf46b966190343b6c9973ad3337?s=96&d=mm&r=g\",\"url\":\"https:\/\/secure.gravatar.com\/avatar\/0a963c9e2a947fa675b669cea2b5d0ba6dd1cbf46b966190343b6c9973ad3337?s=96&d=mm&r=g\",\"contentUrl\":\"https:\/\/secure.gravatar.com\/avatar\/0a963c9e2a947fa675b669cea2b5d0ba6dd1cbf46b966190343b6c9973ad3337?s=96&d=mm&r=g\",\"caption\":\"Priscila Almeida\"},\"description\":\"Atua na \u00e1rea de concursos p\u00fablicos desde 2019. As editorias que mais t\u00eam familiaridade s\u00e3o: Tribunais (TJs; TRTs; TREs; TSTs; STJ, STF, STM e TSE); Defensorias; Minist\u00e9rios P\u00fablicos; Procuradorias; Educa\u00e7\u00e3o e Conselhos. Na \u00e1rea de comunica\u00e7\u00e3o, de maneira geral, a caminhada \u00e9 um pouco mais longa - desde 2007. Possui experi\u00eancia em reda\u00e7\u00f5es de r\u00e1dio, TV, Web e impresso, al\u00e9m de desenvolver trabalhos em assessorias de comunica\u00e7\u00e3o institucional, empresarial e p\u00fablicas. Entre outros trabalhos, se destacam a atua\u00e7\u00e3o nas \u00e1reas de Justi\u00e7a, Congresso, Esportes, Sa\u00fade, Agropecu\u00e1ria, Cidades e Avia\u00e7\u00e3o Civil.\",\"url\":\"https:\/\/www.estrategiaconcursos.com.br\/blog\/author\/priscila-almeidaestrategia-com\/\"}]}<\/script>\n<!-- \/ Yoast SEO Premium plugin. -->","yoast_head_json":{"title":"Concurso PGE RJ: mudan\u00e7as na Lei Org\u00e2nica s\u00e3o sancionadas!","description":"Concurso PGE RJ: san\u00e7\u00e3o do governador Cl\u00e1udio Castro foi publicada na edi\u00e7\u00e3o do Di\u00e1rio Oficial! Veja os detalhes!","robots":{"index":"index","follow":"follow","max-snippet":"max-snippet:-1","max-image-preview":"max-image-preview:large","max-video-preview":"max-video-preview:-1"},"canonical":"https:\/\/www.estrategiaconcursos.com.br\/blog\/concurso-pge-rj-mudancas-na-lei-organica-sao-sancionadas\/","og_locale":"pt_BR","og_type":"article","og_title":"Concurso PGE RJ: mudan\u00e7as na Lei Org\u00e2nica s\u00e3o sancionadas!","og_description":"Concurso PGE RJ: san\u00e7\u00e3o do governador Cl\u00e1udio Castro foi publicada na edi\u00e7\u00e3o do Di\u00e1rio Oficial! Veja os detalhes!","og_url":"https:\/\/www.estrategiaconcursos.com.br\/blog\/concurso-pge-rj-mudancas-na-lei-organica-sao-sancionadas\/","og_site_name":"Estrat\u00e9gia Concursos","article_published_time":"2025-12-11T14:42:46+00:00","article_modified_time":"2025-12-11T14:53:34+00:00","og_image":[{"width":768,"height":432,"url":"https:\/\/dhg1h5j42swfq.cloudfront.net\/2022\/04\/20145329\/concurso_pge_rj.jpeg","type":"image\/jpeg"}],"author":"Priscila Almeida","twitter_card":"summary_large_image","twitter_creator":"@EstratConcursos","twitter_site":"@EstratConcursos","twitter_misc":{"Escrito por":"Priscila Almeida","Est. tempo de leitura":"2 minutos"},"schema":{"@context":"https:\/\/schema.org","@graph":[{"@type":"NewsArticle","@id":"https:\/\/www.estrategiaconcursos.com.br\/blog\/concurso-pge-rj-mudancas-na-lei-organica-sao-sancionadas\/#article","isPartOf":{"@id":"https:\/\/www.estrategiaconcursos.com.br\/blog\/concurso-pge-rj-mudancas-na-lei-organica-sao-sancionadas\/"},"author":{"name":"Priscila Almeida","@id":"https:\/\/www.estrategiaconcursos.com.br\/blog\/#\/schema\/person\/a06e841e501f2e1d8c49c4e8f066bfd1"},"headline":"Concurso PGE RJ: mudan\u00e7as na Lei Org\u00e2nica s\u00e3o sancionadas!","datePublished":"2025-12-11T14:42:46+00:00","dateModified":"2025-12-11T14:53:34+00:00","mainEntityOfPage":{"@id":"https:\/\/www.estrategiaconcursos.com.br\/blog\/concurso-pge-rj-mudancas-na-lei-organica-sao-sancionadas\/"},"wordCount":404,"commentCount":0,"publisher":{"@id":"https:\/\/www.estrategiaconcursos.com.br\/blog\/#organization"},"image":{"@id":"https:\/\/www.estrategiaconcursos.com.br\/blog\/concurso-pge-rj-mudancas-na-lei-organica-sao-sancionadas\/#primaryimage"},"thumbnailUrl":"https:\/\/dhg1h5j42swfq.cloudfront.net\/2022\/04\/20145329\/concurso_pge_rj.jpeg","articleSection":["Jur\u00eddico - Procuradorias","\u00daltimas not\u00edcias"],"inLanguage":"pt-BR","potentialAction":[{"@type":"CommentAction","name":"Comment","target":["https:\/\/www.estrategiaconcursos.com.br\/blog\/concurso-pge-rj-mudancas-na-lei-organica-sao-sancionadas\/#respond"]}],"copyrightYear":"2025","copyrightHolder":{"@id":"https:\/\/www.estrategiaconcursos.com.br\/blog\/#organization"}},{"@type":"WebPage","@id":"https:\/\/www.estrategiaconcursos.com.br\/blog\/concurso-pge-rj-mudancas-na-lei-organica-sao-sancionadas\/","url":"https:\/\/www.estrategiaconcursos.com.br\/blog\/concurso-pge-rj-mudancas-na-lei-organica-sao-sancionadas\/","name":"Concurso PGE RJ: mudan\u00e7as na Lei Org\u00e2nica s\u00e3o sancionadas!","isPartOf":{"@id":"https:\/\/www.estrategiaconcursos.com.br\/blog\/#website"},"primaryImageOfPage":{"@id":"https:\/\/www.estrategiaconcursos.com.br\/blog\/concurso-pge-rj-mudancas-na-lei-organica-sao-sancionadas\/#primaryimage"},"image":{"@id":"https:\/\/www.estrategiaconcursos.com.br\/blog\/concurso-pge-rj-mudancas-na-lei-organica-sao-sancionadas\/#primaryimage"},"thumbnailUrl":"https:\/\/dhg1h5j42swfq.cloudfront.net\/2022\/04\/20145329\/concurso_pge_rj.jpeg","datePublished":"2025-12-11T14:42:46+00:00","dateModified":"2025-12-11T14:53:34+00:00","description":"Concurso PGE RJ: san\u00e7\u00e3o do governador Cl\u00e1udio Castro foi publicada na edi\u00e7\u00e3o do Di\u00e1rio Oficial! Veja os detalhes!","breadcrumb":{"@id":"https:\/\/www.estrategiaconcursos.com.br\/blog\/concurso-pge-rj-mudancas-na-lei-organica-sao-sancionadas\/#breadcrumb"},"inLanguage":"pt-BR","potentialAction":[{"@type":"ReadAction","target":["https:\/\/www.estrategiaconcursos.com.br\/blog\/concurso-pge-rj-mudancas-na-lei-organica-sao-sancionadas\/"]}]},{"@type":"ImageObject","inLanguage":"pt-BR","@id":"https:\/\/www.estrategiaconcursos.com.br\/blog\/concurso-pge-rj-mudancas-na-lei-organica-sao-sancionadas\/#primaryimage","url":"https:\/\/dhg1h5j42swfq.cloudfront.net\/2022\/04\/20145329\/concurso_pge_rj.jpeg","contentUrl":"https:\/\/dhg1h5j42swfq.cloudfront.net\/2022\/04\/20145329\/concurso_pge_rj.jpeg","width":768,"height":432,"caption":"concurso pge rj"},{"@type":"BreadcrumbList","@id":"https:\/\/www.estrategiaconcursos.com.br\/blog\/concurso-pge-rj-mudancas-na-lei-organica-sao-sancionadas\/#breadcrumb","itemListElement":[{"@type":"ListItem","position":1,"name":"In\u00edcio","item":"https:\/\/www.estrategiaconcursos.com.br\/blog\/"},{"@type":"ListItem","position":2,"name":"Concurso PGE RJ: mudan\u00e7as na Lei Org\u00e2nica s\u00e3o sancionadas!"}]},{"@type":"WebSite","@id":"https:\/\/www.estrategiaconcursos.com.br\/blog\/#website","url":"https:\/\/www.estrategiaconcursos.com.br\/blog\/","name":"Estrat\u00e9gia Concursos","description":"O blog da Estrat\u00e9gia Concursos traz not\u00edcias sobre concursos e artigos de professores oferecendo cursos para concursos (pdf + videaulas) no site.","publisher":{"@id":"https:\/\/www.estrategiaconcursos.com.br\/blog\/#organization"},"potentialAction":[{"@type":"SearchAction","target":{"@type":"EntryPoint","urlTemplate":"https:\/\/www.estrategiaconcursos.com.br\/blog\/?s={search_term_string}"},"query-input":{"@type":"PropertyValueSpecification","valueRequired":true,"valueName":"search_term_string"}}],"inLanguage":"pt-BR"},{"@type":"Organization","@id":"https:\/\/www.estrategiaconcursos.com.br\/blog\/#organization","name":"Estrat\u00e9gia Concursos","url":"https:\/\/www.estrategiaconcursos.com.br\/blog\/","logo":{"@type":"ImageObject","inLanguage":"pt-BR","@id":"https:\/\/www.estrategiaconcursos.com.br\/blog\/#\/schema\/logo\/image\/","url":"https:\/\/dhg1h5j42swfq.cloudfront.net\/2025\/06\/03203428\/logo_concursos-1.jpg","contentUrl":"https:\/\/dhg1h5j42swfq.cloudfront.net\/2025\/06\/03203428\/logo_concursos-1.jpg","width":230,"height":60,"caption":"Estrat\u00e9gia Concursos"},"image":{"@id":"https:\/\/www.estrategiaconcursos.com.br\/blog\/#\/schema\/logo\/image\/"},"sameAs":["https:\/\/x.com\/EstratConcursos"]},{"@type":"Person","@id":"https:\/\/www.estrategiaconcursos.com.br\/blog\/#\/schema\/person\/a06e841e501f2e1d8c49c4e8f066bfd1","name":"Priscila Almeida","image":{"@type":"ImageObject","inLanguage":"pt-BR","@id":"https:\/\/secure.gravatar.com\/avatar\/0a963c9e2a947fa675b669cea2b5d0ba6dd1cbf46b966190343b6c9973ad3337?s=96&d=mm&r=g","url":"https:\/\/secure.gravatar.com\/avatar\/0a963c9e2a947fa675b669cea2b5d0ba6dd1cbf46b966190343b6c9973ad3337?s=96&d=mm&r=g","contentUrl":"https:\/\/secure.gravatar.com\/avatar\/0a963c9e2a947fa675b669cea2b5d0ba6dd1cbf46b966190343b6c9973ad3337?s=96&d=mm&r=g","caption":"Priscila Almeida"},"description":"Atua na \u00e1rea de concursos p\u00fablicos desde 2019. As editorias que mais t\u00eam familiaridade s\u00e3o: Tribunais (TJs; TRTs; TREs; TSTs; STJ, STF, STM e TSE); Defensorias; Minist\u00e9rios P\u00fablicos; Procuradorias; Educa\u00e7\u00e3o e Conselhos. Na \u00e1rea de comunica\u00e7\u00e3o, de maneira geral, a caminhada \u00e9 um pouco mais longa - desde 2007. Possui experi\u00eancia em reda\u00e7\u00f5es de r\u00e1dio, TV, Web e impresso, al\u00e9m de desenvolver trabalhos em assessorias de comunica\u00e7\u00e3o institucional, empresarial e p\u00fablicas. Entre outros trabalhos, se destacam a atua\u00e7\u00e3o nas \u00e1reas de Justi\u00e7a, Congresso, Esportes, Sa\u00fade, Agropecu\u00e1ria, Cidades e Avia\u00e7\u00e3o Civil.","url":"https:\/\/www.estrategiaconcursos.com.br\/blog\/author\/priscila-almeidaestrategia-com\/"}]}},"_links":{"self":[{"href":"https:\/\/www.estrategiaconcursos.com.br\/blog\/wp-json\/wp\/v2\/posts\/1683646","targetHints":{"allow":["GET"]}}],"collection":[{"href":"https:\/\/www.estrategiaconcursos.com.br\/blog\/wp-json\/wp\/v2\/posts"}],"about":[{"href":"https:\/\/www.estrategiaconcursos.com.br\/blog\/wp-json\/wp\/v2\/types\/post"}],"author":[{"embeddable":true,"href":"https:\/\/www.estrategiaconcursos.com.br\/blog\/wp-json\/wp\/v2\/users\/2375"}],"replies":[{"embeddable":true,"href":"https:\/\/www.estrategiaconcursos.com.br\/blog\/wp-json\/wp\/v2\/comments?post=1683646"}],"version-history":[{"count":7,"href":"https:\/\/www.estrategiaconcursos.com.br\/blog\/wp-json\/wp\/v2\/posts\/1683646\/revisions"}],"predecessor-version":[{"id":1683684,"href":"https:\/\/www.estrategiaconcursos.com.br\/blog\/wp-json\/wp\/v2\/posts\/1683646\/revisions\/1683684"}],"wp:featuredmedia":[{"embeddable":true,"href":"https:\/\/www.estrategiaconcursos.com.br\/blog\/wp-json\/wp\/v2\/media\/1012418"}],"wp:attachment":[{"href":"https:\/\/www.estrategiaconcursos.com.br\/blog\/wp-json\/wp\/v2\/media?parent=1683646"}],"wp:term":[{"taxonomy":"category","embeddable":true,"href":"https:\/\/www.estrategiaconcursos.com.br\/blog\/wp-json\/wp\/v2\/categories?post=1683646"},{"taxonomy":"post_tag","embeddable":true,"href":"https:\/\/www.estrategiaconcursos.com.br\/blog\/wp-json\/wp\/v2\/tags?post=1683646"},{"taxonomy":"tax_estado","embeddable":true,"href":"https:\/\/www.estrategiaconcursos.com.br\/blog\/wp-json\/wp\/v2\/tax_estado?post=1683646"}],"curies":[{"name":"wp","href":"https:\/\/api.w.org\/{rel}","templated":true}]}}