{"id":1683440,"date":"2026-01-07T11:36:00","date_gmt":"2026-01-07T14:36:00","guid":{"rendered":"https:\/\/www.estrategiaconcursos.com.br\/blog\/?p=1683440"},"modified":"2025-12-23T14:45:30","modified_gmt":"2025-12-23T17:45:30","slug":"competencia-capacidade-tributaria-sefaz-sp","status":"publish","type":"post","link":"https:\/\/www.estrategiaconcursos.com.br\/blog\/competencia-capacidade-tributaria-sefaz-sp\/","title":{"rendered":"Compet\u00eancia e capacidade tribut\u00e1ria para SEFAZ\/SP"},"content":{"rendered":"\n<p>Ol\u00e1, caros leitores! Preparados para mais uma sess\u00e3o de aprendizado? Neste artigo estudaremos o as diferen\u00e7as entre compet\u00eancia e capacidade tribut\u00e1ria para SEFAZ\/SP.<\/p>\n\n\n\n<p>Para melhor compreens\u00e3o, o assunto ser\u00e1 estudado por meio dos seguintes t\u00f3picos:<\/p>\n\n\n\n<ul class=\"wp-block-list\">\n<li>Introdu\u00e7\u00e3o<\/li>\n\n\n\n<li>Compet\u00eancia tribut\u00e1ria<\/li>\n\n\n\n<li>Capacidade tribut\u00e1ria<\/li>\n\n\n\n<li>Quest\u00f5es<\/li>\n<\/ul>\n\n\n\n<p>Vamos l\u00e1!<\/p>\n\n\n\n<figure class=\"wp-block-image size-full is-resized\"><img loading=\"lazy\" decoding=\"async\" width=\"900\" height=\"600\" src=\"https:\/\/dhg1h5j42swfq.cloudfront.net\/2025\/12\/10231720\/competencia-e-capacidade-tributaria.png\" alt=\"competencia e capacidade tributaria\" class=\"wp-image-1683442\" style=\"width:675px;height:auto\" srcset=\"https:\/\/dhg1h5j42swfq.cloudfront.net\/2025\/12\/10231720\/competencia-e-capacidade-tributaria.png 900w, https:\/\/dhg1h5j42swfq.cloudfront.net\/2025\/12\/10231720\/competencia-e-capacidade-tributaria-300x200.png 300w, https:\/\/dhg1h5j42swfq.cloudfront.net\/2025\/12\/10231720\/competencia-e-capacidade-tributaria-768x512.png 768w, https:\/\/dhg1h5j42swfq.cloudfront.net\/2025\/12\/10231720\/competencia-e-capacidade-tributaria-150x100.png 150w\" sizes=\"auto, (max-width: 900px) 100vw, 900px\" \/><\/figure>\n\n\n\n<h1 class=\"wp-block-heading\" id=\"h-introducao\">Introdu\u00e7\u00e3o<\/h1>\n\n\n\n<p>O Estado \u00e9 constitu\u00eddo com o intuito de promover diversas a\u00e7\u00f5es de interesse social. A partir da an\u00e1lise da evolu\u00e7\u00e3o hist\u00f3rica do papel desempenhado pelos Estados, \u00e9 not\u00f3rio que essas entidades t\u00eam absorvido para si o desempenho de um n\u00famero cada vez maior de atividades. Parte desse fen\u00f4meno se deve ao avan\u00e7o das teorias dos direitos humanos, que tende a reconhecer mais direitos fundamentais em favor dos indiv\u00edduos e da humanidade.<\/p>\n\n\n\n<p>Para financiar as atividades estatais, existem diversas fontes de recursos. Contudo, a principal fonte de receitas dos Estados contempor\u00e2neos decorre da arrecada\u00e7\u00e3o tribut\u00e1ria. Isso quer dizer que os impostos, taxas, contribui\u00e7\u00f5es de melhoria, contribui\u00e7\u00f5es especiais e os empr\u00e9stimos compuls\u00f3rios s\u00e3o respons\u00e1veis por financiar a maior parte do fornecimento de bens e servi\u00e7os p\u00fablicos no Brasil.<\/p>\n\n\n\n<p>N\u00e3o obstante a import\u00e2ncia da arrecada\u00e7\u00e3o tribut\u00e1ria, as atividades a ela inerentes devem obedecer a normas que visem \u00e0 conten\u00e7\u00e3o de abusos estatais, a seguran\u00e7a jur\u00eddica, a confian\u00e7a do contribuinte, etc.<\/p>\n\n\n\n<p>Nesse contexto, deve ser ressaltado que normas referentes \u00e0 compet\u00eancia e \u00e0 capacidade tribut\u00e1ria costumam ser objeto de controv\u00e9rsias jur\u00eddicas e, por esse motivo, integram muitas quest\u00f5es de concursos p\u00fablicos. Logo, a identifica\u00e7\u00e3o da rela\u00e7\u00e3o entre a compet\u00eancia e a capacidade tribut\u00e1ria com as normas aplic\u00e1veis a esses dois institutos \u00e9 tarefa essencial para os candidatos que pretendam concorrer verdadeiramente \u00e0s vagas do concurso da SEFAZ\/SP.<\/p>\n\n\n\n<p>Sendo assim, faremos a seguir a revis\u00e3o do conte\u00fado de compet\u00eancia e capacidade tribut\u00e1ria para SEFAZ\/SP.<\/p>\n\n\n\n<h2 class=\"wp-block-heading has-large-font-size\" id=\"h-competencia-tributaria\">Compet\u00eancia tribut\u00e1ria<\/h2>\n\n\n\n<p>A compet\u00eancia tribut\u00e1ria corresponde ao <strong>poder de instituir tributos<\/strong>.<\/p>\n\n\n\n<p>Esse poder tem previs\u00e3o na Constitui\u00e7\u00e3o Federal de 88 e no C\u00f3digo Tribut\u00e1rio Nacional.<\/p>\n\n\n\n<p>Conforme norma da CF de 88:<\/p>\n\n\n\n<blockquote class=\"wp-block-quote is-layout-flow wp-block-quote-is-layout-flow\">\n<p>Art. 145. A Uni\u00e3o, os Estados, o Distrito Federal e os Munic\u00edpios poder\u00e3o instituir os seguintes tributos:<\/p>\n\n\n\n<p>I &#8211; impostos;<\/p>\n\n\n\n<p>II &#8211; taxas, em raz\u00e3o do exerc\u00edcio do poder de pol\u00edcia ou pela utiliza\u00e7\u00e3o, efetiva ou potencial, de servi\u00e7os p\u00fablicos espec\u00edficos e divis\u00edveis, prestados ao contribuinte ou postos a sua disposi\u00e7\u00e3o;<\/p>\n\n\n\n<p>III &#8211; contribui\u00e7\u00e3o de melhoria, decorrente de obras p\u00fablicas.<\/p>\n<\/blockquote>\n\n\n\n<blockquote class=\"wp-block-quote is-layout-flow wp-block-quote-is-layout-flow\">\n<p>Art. 148. A Uni\u00e3o, mediante lei complementar, poder\u00e1 instituir empr\u00e9stimos compuls\u00f3rios:<\/p>\n\n\n\n<p>I &#8211; para atender a despesas extraordin\u00e1rias, decorrentes de calamidade p\u00fablica, de guerra externa ou sua imin\u00eancia;<\/p>\n\n\n\n<p>II &#8211; no caso de investimento p\u00fablico de car\u00e1ter urgente e de relevante interesse nacional, observado o disposto no art. 150, III, &#8220;b&#8221;.<\/p>\n\n\n\n<p>Par\u00e1grafo \u00fanico. A aplica\u00e7\u00e3o dos recursos provenientes de empr\u00e9stimo compuls\u00f3rio ser\u00e1 vinculada \u00e0 despesa que fundamentou sua institui\u00e7\u00e3o.<\/p>\n<\/blockquote>\n\n\n\n<blockquote class=\"wp-block-quote is-layout-flow wp-block-quote-is-layout-flow\">\n<p>Art. 149. Compete exclusivamente \u00e0 Uni\u00e3o instituir contribui\u00e7\u00f5es sociais, de interven\u00e7\u00e3o no dom\u00ednio econ\u00f4mico e de interesse das categorias profissionais ou econ\u00f4micas, como instrumento de sua atua\u00e7\u00e3o nas respectivas \u00e1reas, observado o disposto nos arts. 146, III, e 150, I e III, e sem preju\u00edzo do previsto no art. 195, \u00a7 6\u00ba, relativamente \u00e0s contribui\u00e7\u00f5es a que alude o dispositivo.<\/p>\n<\/blockquote>\n\n\n\n<p>Nos dispositivos acima est\u00e3o elencados todos os tributos reconhecidos pelo STF e pela doutrina atual: impostos, taxas, contribui\u00e7\u00f5es de melhoria, contribui\u00e7\u00f5es especiais e empr\u00e9stimos compuls\u00f3rios, sendo que as contribui\u00e7\u00f5es especiais e os empr\u00e9stimos compuls\u00f3rios s\u00e3o de compet\u00eancia exclusiva da Uni\u00e3o. Ou seja, somente a Uni\u00e3o pode instituir essas \u00faltimas duas esp\u00e9cies de tributo.<\/p>\n\n\n\n<p>No art. 6\u00ba do CTN tamb\u00e9m \u00e9 feita men\u00e7\u00e3o ao poder de instituir tributos (compet\u00eancia tribut\u00e1ria): <em>&#8220;A atribui\u00e7\u00e3o constitucional de compet\u00eancia tribut\u00e1ria compreende a compet\u00eancia legislativa plena, ressalvadas as limita\u00e7\u00f5es contidas na Constitui\u00e7\u00e3o Federal, nas Constitui\u00e7\u00f5es dos Estados e nas Leis Org\u00e2nicas do Distrito Federal e dos Munic\u00edpios, e observado o disposto nesta Lei.&#8221;<\/em><\/p>\n\n\n\n<p>Vale ressaltar que a <strong>compet\u00eancia tribut\u00e1ria \u00e9 indeleg\u00e1vel, intransfer\u00edvel, imprescrit\u00edvel e irrenunci\u00e1vel<\/strong>.<\/p>\n\n\n\n<h2 class=\"wp-block-heading has-large-font-size\" id=\"h-capacidade-tributaria\">Capacidade tribut\u00e1ria<\/h2>\n\n\n\n<p>A capacidade tribut\u00e1ria \u00e9 tratada no CTN e se difere sensivelmente da compet\u00eancia tribut\u00e1ria. Contudo, a similaridade nomenclatural das duas express\u00f5es \u00e9 bastante explorada pelas bancas. Sendo assim, os candidatos devem estar sempre atentos as quest\u00f5es que tratam do assunto para n\u00e3o se confundirem durante a resolu\u00e7\u00e3o da prova.<\/p>\n\n\n\n<p>Conforme consta no CTN:<\/p>\n\n\n\n<blockquote class=\"wp-block-quote is-layout-flow wp-block-quote-is-layout-flow\">\n<p>Art. 7\u00ba A compet\u00eancia tribut\u00e1ria \u00e9 indeleg\u00e1vel, salvo atribui\u00e7\u00e3o das <strong>fun\u00e7\u00f5es de arrecadar ou fiscalizar tributos, ou de executar leis, servi\u00e7os, atos ou decis\u00f5es administrativas em mat\u00e9ria tribut\u00e1ria, conferida por uma pessoa jur\u00eddica de direito p\u00fablico a outra, nos termos do \u00a7 3\u00ba do art. 18 da Constitui\u00e7\u00e3o<\/strong>.<\/p>\n<\/blockquote>\n\n\n\n<p>Apesar de referida reda\u00e7\u00e3o permitir interpreta\u00e7\u00e3o de que as fun\u00e7\u00f5es grifadas dizem respeito \u00e0 compet\u00eancia, convencionou-se que tais atividades tratam, em verdade, da <strong>capacidade tribut\u00e1ria ativa<\/strong>. Al\u00e9m disso, os candidatos que forem prestar a prova da SEFAZ\/SP devem saber que algumas fun\u00e7\u00f5es inerentes \u00e0 capacidade tribut\u00e1ria tamb\u00e9m podem ser delegadas a entes privados, conforme \u00a7 3\u00ba do art. 7\u00ba do CTN:<\/p>\n\n\n\n<blockquote class=\"wp-block-quote is-layout-flow wp-block-quote-is-layout-flow\">\n<p>\u00a7 3\u00ba N\u00e3o constitui delega\u00e7\u00e3o de compet\u00eancia o cometimento, a pessoas de direito privado, do encargo ou da fun\u00e7\u00e3o de arrecadar tributos.<\/p>\n<\/blockquote>\n\n\n\n<p>Quanto <strong>capacidade tribut\u00e1ria ativa, esta \u00e9 deleg\u00e1vel, prec\u00e1ria e transfer\u00edvel<\/strong>.<\/p>\n\n\n\n<p>Existe tamb\u00e9m a <strong>capacidade tribut\u00e1ria passiva, que corresponde \u00e0 possibilidade de atribui\u00e7\u00e3o de obriga\u00e7\u00f5es ao sujeito passivo da rela\u00e7\u00e3o tribut\u00e1ria (pagamento de tributo ou penalidade pecuni\u00e1ria, bem como cumprimento de obriga\u00e7\u00f5es acess\u00f3ria, conforme arts. 121 e 122 do CTN)<\/strong>. Sobre a capacidade passiva, \u00e9 interessante mencionar que n\u00e3o depende da capacidade civil; da limita\u00e7\u00e3o do exerc\u00edcio de atividades civis comerciais ou profissionais; ou da regular constitui\u00e7\u00e3o de pessoa jur\u00eddica, bastando a configura\u00e7\u00e3o de unidade econ\u00f4mica ou profissional, neste \u00faltimo caso (art. 126 do CTN).<\/p>\n\n\n\n<h2 class=\"wp-block-heading has-large-font-size\" id=\"h-questoes\">Quest\u00f5es<\/h2>\n\n\n\n<p>A resolu\u00e7\u00e3o de quest\u00f5es \u00e9 importante para fixa\u00e7\u00e3o do conhecimento, para familiariza\u00e7\u00e3o com os m\u00e9todos de cobran\u00e7a das bancas e para autoavalia\u00e7\u00e3o do candidato.<\/p>\n\n\n\n<p>A seguir veremos algumas quest\u00f5es para ajudar na compreens\u00e3o do modo como poder\u00e1 ser cobrado o assunto compet\u00eancia e capacidade tribut\u00e1ria na prova da SEFAZ\/SP.<\/p>\n\n\n\n<blockquote class=\"wp-block-quote is-layout-flow wp-block-quote-is-layout-flow\">\n<p>(FCC &#8211; 2015) A capacidade tribut\u00e1ria ativa:<\/p>\n\n\n\n<p>A) pressup\u00f5e que somente o titular da compet\u00eancia tribut\u00e1ria possui capacidade tribut\u00e1ria.<\/p>\n\n\n\n<p>B) n\u00e3o pode ser delegada ou deixar de ser exercida, sob pena de caracterizar ren\u00fancia de receita.<\/p>\n\n\n\n<p>C) pode ser delegada por lei, desde que o produto da arrecada\u00e7\u00e3o permane\u00e7a com o ente delegante.<\/p>\n\n\n\n<p>D) admite sub-roga\u00e7\u00e3o de direitos tribut\u00e1rios no caso de cis\u00e3o de pessoas pol\u00edticas por desmembramento territorial.<\/p>\n\n\n\n<p>E) para instituir tributo exclui as pessoas jur\u00eddicas de direito privado.<\/p>\n<\/blockquote>\n\n\n\n<p><em>Resposta no art. 18 da CF de 88 e 120 do CTN.<\/em><\/p>\n\n\n\n<blockquote class=\"wp-block-quote is-layout-flow wp-block-quote-is-layout-flow\">\n<p>(VUNESP &#8211; 2020) Quanto \u00e0 capacidade tribut\u00e1ria, \u00e9 correto afirmar, com base no C\u00f3digo Tribut\u00e1rio Nacional, que:<\/p>\n\n\n\n<p>A) a capacidade tribut\u00e1ria passiva segue a capacidade civil das pessoas naturais.<\/p>\n\n\n\n<p>B) a capacidade tribut\u00e1ria ativa \u00e9 sin\u00f4nimo de compet\u00eancia tribut\u00e1ria, sendo plenamente indeleg\u00e1vel.<\/p>\n\n\n\n<p>C) a capacidade tribut\u00e1ria passiva das pessoas jur\u00eddicas independe de estarem regularmente constitu\u00eddas, bastando que configurem uma unidade econ\u00f4mica ou profissional.<\/p>\n\n\n\n<p>D) o indiv\u00edduo que esteja, por lei, privado do exerc\u00edcio de atividades de administra\u00e7\u00e3o de companhias mercantis n\u00e3o pode ser sujeito passivo de obriga\u00e7\u00e3o tribut\u00e1ria.<\/p>\n\n\n\n<p>E) a capacidade tribut\u00e1ria das pessoas jur\u00eddicas se extingue com a delibera\u00e7\u00e3o pelos s\u00f3cios da sua dissolu\u00e7\u00e3o.<\/p>\n<\/blockquote>\n\n\n\n<p><em>Resposta no art. 126 do CTN<\/em><\/p>\n\n\n\n<p>Gostou do texto? Deixe um coment\u00e1rio abaixo.<\/p>\n\n\n\n<p>Visite os links a seguir para ter acesso a outros conte\u00fados do Estrat\u00e9gia Concursos.<\/p>\n\n\n\n<p class=\"has-text-align-center has-white-color has-vivid-cyan-blue-background-color has-text-color has-background has-link-color wp-elements-934bee992b67b6144e8b666952a903fb\"><strong><a href=\"https:\/\/www.youtube.com\/@EstrategiaConcursosBrasil\">Canal do Estrat\u00e9gia Concursos no Youtube<\/a><\/strong><\/p>\n\n\n\n<p class=\"has-text-align-center has-white-color has-vivid-cyan-blue-background-color has-text-color has-background has-link-color wp-elements-4ee3858d78f8e73e6a059835bfd98e6f\"><a href=\"https:\/\/www.estrategiaconcursos.com.br\/blog\/concursos-abertos\/\"><strong>Concursos Abertos<\/strong><\/a><\/p>\n\n\n\n<p class=\"has-text-align-center has-white-color has-vivid-cyan-blue-background-color has-text-color has-background has-link-color wp-elements-1aca1c51fe870dad71059b988ff0425d\"><a href=\"https:\/\/www.estrategiaconcursos.com.br\/blog\/concursos-2025\/\"><strong>Concursos 2025<\/strong><\/a><\/p>\n\n\n\n<p class=\"has-text-align-center has-white-color has-vivid-cyan-blue-background-color has-text-color has-background has-link-color wp-elements-57225cfb06b296e7e2822fc28ee563de\"><a href=\"https:\/\/www.estrategiaconcursos.com.br\/blog\/concursos-2026\/\"><strong>Concursos 2026<\/strong><\/a><\/p>\n","protected":false},"excerpt":{"rendered":"<p>Ol\u00e1, caros leitores! Preparados para mais uma sess\u00e3o de aprendizado? Neste artigo estudaremos o as diferen\u00e7as entre compet\u00eancia e capacidade tribut\u00e1ria para SEFAZ\/SP. Para melhor compreens\u00e3o, o assunto ser\u00e1 estudado por meio dos seguintes t\u00f3picos: Vamos l\u00e1! Introdu\u00e7\u00e3o O Estado \u00e9 constitu\u00eddo com o intuito de promover diversas a\u00e7\u00f5es de interesse social. A partir da [&hellip;]<\/p>\n","protected":false},"author":3013,"featured_media":1683442,"comment_status":"open","ping_status":"closed","sticky":false,"template":"","format":"standard","meta":{"post_tipo":"article","footnotes":""},"categories":[1],"tags":[],"tax_estado":[219989],"class_list":["post-1683440","post","type-post","status-publish","format-standard","has-post-thumbnail","hentry","category-cursos-e-concursos","tax_estado-sp"],"acf":[],"yoast_head":"<!-- This site is optimized with the Yoast SEO Premium plugin v27.2 (Yoast SEO v27.2) - https:\/\/yoast.com\/product\/yoast-seo-premium-wordpress\/ -->\n<title>Compet\u00eancia e capacidade tribut\u00e1ria para SEFAZ\/SP<\/title>\n<meta name=\"description\" content=\"Revise os conceitos relacionados a compet\u00eancia e capacidade tribut\u00e1ria para SEFAZ\/SP. A data da prova j\u00e1 est\u00e1 chegando!\" \/>\n<meta name=\"robots\" content=\"index, follow, max-snippet:-1, max-image-preview:large, max-video-preview:-1\" \/>\n<link rel=\"canonical\" href=\"https:\/\/www.estrategiaconcursos.com.br\/blog\/competencia-capacidade-tributaria-sefaz-sp\/\" \/>\n<meta property=\"og:locale\" content=\"pt_BR\" \/>\n<meta property=\"og:type\" content=\"article\" \/>\n<meta property=\"og:title\" content=\"Compet\u00eancia e capacidade tribut\u00e1ria para SEFAZ\/SP\" \/>\n<meta property=\"og:description\" content=\"Revise os conceitos relacionados a compet\u00eancia e capacidade tribut\u00e1ria para SEFAZ\/SP. A data da prova j\u00e1 est\u00e1 chegando!\" \/>\n<meta property=\"og:url\" content=\"https:\/\/www.estrategiaconcursos.com.br\/blog\/competencia-capacidade-tributaria-sefaz-sp\/\" \/>\n<meta property=\"og:site_name\" content=\"Estrat\u00e9gia Concursos\" \/>\n<meta property=\"article:published_time\" content=\"2026-01-07T14:36:00+00:00\" \/>\n<meta property=\"og:image\" content=\"https:\/\/dhg1h5j42swfq.cloudfront.net\/2025\/12\/10231720\/competencia-e-capacidade-tributaria.png\" \/>\n\t<meta property=\"og:image:width\" content=\"900\" \/>\n\t<meta property=\"og:image:height\" content=\"600\" \/>\n\t<meta property=\"og:image:type\" content=\"image\/png\" \/>\n<meta name=\"author\" content=\"Gabriel Souza Santos\" \/>\n<meta name=\"twitter:card\" content=\"summary_large_image\" \/>\n<meta name=\"twitter:creator\" content=\"@EstratConcursos\" \/>\n<meta name=\"twitter:site\" content=\"@EstratConcursos\" \/>\n<meta name=\"twitter:label1\" content=\"Escrito por\" \/>\n\t<meta name=\"twitter:data1\" content=\"Gabriel Souza Santos\" \/>\n\t<meta name=\"twitter:label2\" content=\"Est. tempo de leitura\" \/>\n\t<meta name=\"twitter:data2\" content=\"7 minutos\" \/>\n<script type=\"application\/ld+json\" class=\"yoast-schema-graph\">{\"@context\":\"https:\/\/schema.org\",\"@graph\":[{\"@type\":\"NewsArticle\",\"@id\":\"https:\/\/www.estrategiaconcursos.com.br\/blog\/competencia-capacidade-tributaria-sefaz-sp\/#article\",\"isPartOf\":{\"@id\":\"https:\/\/www.estrategiaconcursos.com.br\/blog\/competencia-capacidade-tributaria-sefaz-sp\/\"},\"author\":{\"name\":\"Gabriel Souza Santos\",\"@id\":\"https:\/\/www.estrategiaconcursos.com.br\/blog\/#\/schema\/person\/d948c69f6dd3bbd74ea6c9f7451a93c6\"},\"headline\":\"Compet\u00eancia e capacidade tribut\u00e1ria para SEFAZ\/SP\",\"datePublished\":\"2026-01-07T14:36:00+00:00\",\"mainEntityOfPage\":{\"@id\":\"https:\/\/www.estrategiaconcursos.com.br\/blog\/competencia-capacidade-tributaria-sefaz-sp\/\"},\"wordCount\":1388,\"commentCount\":0,\"publisher\":{\"@id\":\"https:\/\/www.estrategiaconcursos.com.br\/blog\/#organization\"},\"image\":{\"@id\":\"https:\/\/www.estrategiaconcursos.com.br\/blog\/competencia-capacidade-tributaria-sefaz-sp\/#primaryimage\"},\"thumbnailUrl\":\"https:\/\/dhg1h5j42swfq.cloudfront.net\/2025\/12\/10231720\/competencia-e-capacidade-tributaria.png\",\"articleSection\":[\"Concursos P\u00fablicos\"],\"inLanguage\":\"pt-BR\",\"potentialAction\":[{\"@type\":\"CommentAction\",\"name\":\"Comment\",\"target\":[\"https:\/\/www.estrategiaconcursos.com.br\/blog\/competencia-capacidade-tributaria-sefaz-sp\/#respond\"]}],\"copyrightYear\":\"2026\",\"copyrightHolder\":{\"@id\":\"https:\/\/www.estrategiaconcursos.com.br\/blog\/#organization\"}},{\"@type\":\"WebPage\",\"@id\":\"https:\/\/www.estrategiaconcursos.com.br\/blog\/competencia-capacidade-tributaria-sefaz-sp\/\",\"url\":\"https:\/\/www.estrategiaconcursos.com.br\/blog\/competencia-capacidade-tributaria-sefaz-sp\/\",\"name\":\"Compet\u00eancia e capacidade tribut\u00e1ria para SEFAZ\/SP\",\"isPartOf\":{\"@id\":\"https:\/\/www.estrategiaconcursos.com.br\/blog\/#website\"},\"primaryImageOfPage\":{\"@id\":\"https:\/\/www.estrategiaconcursos.com.br\/blog\/competencia-capacidade-tributaria-sefaz-sp\/#primaryimage\"},\"image\":{\"@id\":\"https:\/\/www.estrategiaconcursos.com.br\/blog\/competencia-capacidade-tributaria-sefaz-sp\/#primaryimage\"},\"thumbnailUrl\":\"https:\/\/dhg1h5j42swfq.cloudfront.net\/2025\/12\/10231720\/competencia-e-capacidade-tributaria.png\",\"datePublished\":\"2026-01-07T14:36:00+00:00\",\"description\":\"Revise os conceitos relacionados a compet\u00eancia e capacidade tribut\u00e1ria para SEFAZ\/SP. A data da prova j\u00e1 est\u00e1 chegando!\",\"breadcrumb\":{\"@id\":\"https:\/\/www.estrategiaconcursos.com.br\/blog\/competencia-capacidade-tributaria-sefaz-sp\/#breadcrumb\"},\"inLanguage\":\"pt-BR\",\"potentialAction\":[{\"@type\":\"ReadAction\",\"target\":[\"https:\/\/www.estrategiaconcursos.com.br\/blog\/competencia-capacidade-tributaria-sefaz-sp\/\"]}]},{\"@type\":\"ImageObject\",\"inLanguage\":\"pt-BR\",\"@id\":\"https:\/\/www.estrategiaconcursos.com.br\/blog\/competencia-capacidade-tributaria-sefaz-sp\/#primaryimage\",\"url\":\"https:\/\/dhg1h5j42swfq.cloudfront.net\/2025\/12\/10231720\/competencia-e-capacidade-tributaria.png\",\"contentUrl\":\"https:\/\/dhg1h5j42swfq.cloudfront.net\/2025\/12\/10231720\/competencia-e-capacidade-tributaria.png\",\"width\":900,\"height\":600,\"caption\":\"competencia e capacidade tributaria\"},{\"@type\":\"BreadcrumbList\",\"@id\":\"https:\/\/www.estrategiaconcursos.com.br\/blog\/competencia-capacidade-tributaria-sefaz-sp\/#breadcrumb\",\"itemListElement\":[{\"@type\":\"ListItem\",\"position\":1,\"name\":\"In\u00edcio\",\"item\":\"https:\/\/www.estrategiaconcursos.com.br\/blog\/\"},{\"@type\":\"ListItem\",\"position\":2,\"name\":\"Compet\u00eancia e capacidade tribut\u00e1ria para SEFAZ\/SP\"}]},{\"@type\":\"WebSite\",\"@id\":\"https:\/\/www.estrategiaconcursos.com.br\/blog\/#website\",\"url\":\"https:\/\/www.estrategiaconcursos.com.br\/blog\/\",\"name\":\"Estrat\u00e9gia Concursos\",\"description\":\"O blog da Estrat\u00e9gia Concursos traz not\u00edcias sobre concursos e artigos de professores oferecendo cursos para concursos (pdf + videaulas) no site.\",\"publisher\":{\"@id\":\"https:\/\/www.estrategiaconcursos.com.br\/blog\/#organization\"},\"potentialAction\":[{\"@type\":\"SearchAction\",\"target\":{\"@type\":\"EntryPoint\",\"urlTemplate\":\"https:\/\/www.estrategiaconcursos.com.br\/blog\/?s={search_term_string}\"},\"query-input\":{\"@type\":\"PropertyValueSpecification\",\"valueRequired\":true,\"valueName\":\"search_term_string\"}}],\"inLanguage\":\"pt-BR\"},{\"@type\":\"Organization\",\"@id\":\"https:\/\/www.estrategiaconcursos.com.br\/blog\/#organization\",\"name\":\"Estrat\u00e9gia Concursos\",\"url\":\"https:\/\/www.estrategiaconcursos.com.br\/blog\/\",\"logo\":{\"@type\":\"ImageObject\",\"inLanguage\":\"pt-BR\",\"@id\":\"https:\/\/www.estrategiaconcursos.com.br\/blog\/#\/schema\/logo\/image\/\",\"url\":\"https:\/\/dhg1h5j42swfq.cloudfront.net\/2025\/06\/03203428\/logo_concursos-1.jpg\",\"contentUrl\":\"https:\/\/dhg1h5j42swfq.cloudfront.net\/2025\/06\/03203428\/logo_concursos-1.jpg\",\"width\":230,\"height\":60,\"caption\":\"Estrat\u00e9gia Concursos\"},\"image\":{\"@id\":\"https:\/\/www.estrategiaconcursos.com.br\/blog\/#\/schema\/logo\/image\/\"},\"sameAs\":[\"https:\/\/x.com\/EstratConcursos\"]},{\"@type\":\"Person\",\"@id\":\"https:\/\/www.estrategiaconcursos.com.br\/blog\/#\/schema\/person\/d948c69f6dd3bbd74ea6c9f7451a93c6\",\"name\":\"Gabriel Souza Santos\",\"image\":{\"@type\":\"ImageObject\",\"inLanguage\":\"pt-BR\",\"@id\":\"https:\/\/secure.gravatar.com\/avatar\/fd1003725e80f9cbb3f5083f64f112beb33dbd3bcbc7d34e628143a7cdd6cb8a?s=96&d=mm&r=g\",\"url\":\"https:\/\/secure.gravatar.com\/avatar\/fd1003725e80f9cbb3f5083f64f112beb33dbd3bcbc7d34e628143a7cdd6cb8a?s=96&d=mm&r=g\",\"contentUrl\":\"https:\/\/secure.gravatar.com\/avatar\/fd1003725e80f9cbb3f5083f64f112beb33dbd3bcbc7d34e628143a7cdd6cb8a?s=96&d=mm&r=g\",\"caption\":\"Gabriel Souza Santos\"},\"url\":\"https:\/\/www.estrategiaconcursos.com.br\/blog\/author\/gabriel-s-96hotmail-com\/\"}]}<\/script>\n<!-- \/ Yoast SEO Premium plugin. -->","yoast_head_json":{"title":"Compet\u00eancia e capacidade tribut\u00e1ria para SEFAZ\/SP","description":"Revise os conceitos relacionados a compet\u00eancia e capacidade tribut\u00e1ria para SEFAZ\/SP. A data da prova j\u00e1 est\u00e1 chegando!","robots":{"index":"index","follow":"follow","max-snippet":"max-snippet:-1","max-image-preview":"max-image-preview:large","max-video-preview":"max-video-preview:-1"},"canonical":"https:\/\/www.estrategiaconcursos.com.br\/blog\/competencia-capacidade-tributaria-sefaz-sp\/","og_locale":"pt_BR","og_type":"article","og_title":"Compet\u00eancia e capacidade tribut\u00e1ria para SEFAZ\/SP","og_description":"Revise os conceitos relacionados a compet\u00eancia e capacidade tribut\u00e1ria para SEFAZ\/SP. A data da prova j\u00e1 est\u00e1 chegando!","og_url":"https:\/\/www.estrategiaconcursos.com.br\/blog\/competencia-capacidade-tributaria-sefaz-sp\/","og_site_name":"Estrat\u00e9gia Concursos","article_published_time":"2026-01-07T14:36:00+00:00","og_image":[{"width":900,"height":600,"url":"https:\/\/dhg1h5j42swfq.cloudfront.net\/2025\/12\/10231720\/competencia-e-capacidade-tributaria.png","type":"image\/png"}],"author":"Gabriel Souza Santos","twitter_card":"summary_large_image","twitter_creator":"@EstratConcursos","twitter_site":"@EstratConcursos","twitter_misc":{"Escrito por":"Gabriel Souza Santos","Est. tempo de leitura":"7 minutos"},"schema":{"@context":"https:\/\/schema.org","@graph":[{"@type":"NewsArticle","@id":"https:\/\/www.estrategiaconcursos.com.br\/blog\/competencia-capacidade-tributaria-sefaz-sp\/#article","isPartOf":{"@id":"https:\/\/www.estrategiaconcursos.com.br\/blog\/competencia-capacidade-tributaria-sefaz-sp\/"},"author":{"name":"Gabriel Souza Santos","@id":"https:\/\/www.estrategiaconcursos.com.br\/blog\/#\/schema\/person\/d948c69f6dd3bbd74ea6c9f7451a93c6"},"headline":"Compet\u00eancia e capacidade tribut\u00e1ria para SEFAZ\/SP","datePublished":"2026-01-07T14:36:00+00:00","mainEntityOfPage":{"@id":"https:\/\/www.estrategiaconcursos.com.br\/blog\/competencia-capacidade-tributaria-sefaz-sp\/"},"wordCount":1388,"commentCount":0,"publisher":{"@id":"https:\/\/www.estrategiaconcursos.com.br\/blog\/#organization"},"image":{"@id":"https:\/\/www.estrategiaconcursos.com.br\/blog\/competencia-capacidade-tributaria-sefaz-sp\/#primaryimage"},"thumbnailUrl":"https:\/\/dhg1h5j42swfq.cloudfront.net\/2025\/12\/10231720\/competencia-e-capacidade-tributaria.png","articleSection":["Concursos P\u00fablicos"],"inLanguage":"pt-BR","potentialAction":[{"@type":"CommentAction","name":"Comment","target":["https:\/\/www.estrategiaconcursos.com.br\/blog\/competencia-capacidade-tributaria-sefaz-sp\/#respond"]}],"copyrightYear":"2026","copyrightHolder":{"@id":"https:\/\/www.estrategiaconcursos.com.br\/blog\/#organization"}},{"@type":"WebPage","@id":"https:\/\/www.estrategiaconcursos.com.br\/blog\/competencia-capacidade-tributaria-sefaz-sp\/","url":"https:\/\/www.estrategiaconcursos.com.br\/blog\/competencia-capacidade-tributaria-sefaz-sp\/","name":"Compet\u00eancia e capacidade tribut\u00e1ria para SEFAZ\/SP","isPartOf":{"@id":"https:\/\/www.estrategiaconcursos.com.br\/blog\/#website"},"primaryImageOfPage":{"@id":"https:\/\/www.estrategiaconcursos.com.br\/blog\/competencia-capacidade-tributaria-sefaz-sp\/#primaryimage"},"image":{"@id":"https:\/\/www.estrategiaconcursos.com.br\/blog\/competencia-capacidade-tributaria-sefaz-sp\/#primaryimage"},"thumbnailUrl":"https:\/\/dhg1h5j42swfq.cloudfront.net\/2025\/12\/10231720\/competencia-e-capacidade-tributaria.png","datePublished":"2026-01-07T14:36:00+00:00","description":"Revise os conceitos relacionados a compet\u00eancia e capacidade tribut\u00e1ria para SEFAZ\/SP. A data da prova j\u00e1 est\u00e1 chegando!","breadcrumb":{"@id":"https:\/\/www.estrategiaconcursos.com.br\/blog\/competencia-capacidade-tributaria-sefaz-sp\/#breadcrumb"},"inLanguage":"pt-BR","potentialAction":[{"@type":"ReadAction","target":["https:\/\/www.estrategiaconcursos.com.br\/blog\/competencia-capacidade-tributaria-sefaz-sp\/"]}]},{"@type":"ImageObject","inLanguage":"pt-BR","@id":"https:\/\/www.estrategiaconcursos.com.br\/blog\/competencia-capacidade-tributaria-sefaz-sp\/#primaryimage","url":"https:\/\/dhg1h5j42swfq.cloudfront.net\/2025\/12\/10231720\/competencia-e-capacidade-tributaria.png","contentUrl":"https:\/\/dhg1h5j42swfq.cloudfront.net\/2025\/12\/10231720\/competencia-e-capacidade-tributaria.png","width":900,"height":600,"caption":"competencia e capacidade tributaria"},{"@type":"BreadcrumbList","@id":"https:\/\/www.estrategiaconcursos.com.br\/blog\/competencia-capacidade-tributaria-sefaz-sp\/#breadcrumb","itemListElement":[{"@type":"ListItem","position":1,"name":"In\u00edcio","item":"https:\/\/www.estrategiaconcursos.com.br\/blog\/"},{"@type":"ListItem","position":2,"name":"Compet\u00eancia e capacidade tribut\u00e1ria para SEFAZ\/SP"}]},{"@type":"WebSite","@id":"https:\/\/www.estrategiaconcursos.com.br\/blog\/#website","url":"https:\/\/www.estrategiaconcursos.com.br\/blog\/","name":"Estrat\u00e9gia Concursos","description":"O blog da Estrat\u00e9gia Concursos traz not\u00edcias sobre concursos e artigos de professores oferecendo cursos para concursos (pdf + videaulas) no site.","publisher":{"@id":"https:\/\/www.estrategiaconcursos.com.br\/blog\/#organization"},"potentialAction":[{"@type":"SearchAction","target":{"@type":"EntryPoint","urlTemplate":"https:\/\/www.estrategiaconcursos.com.br\/blog\/?s={search_term_string}"},"query-input":{"@type":"PropertyValueSpecification","valueRequired":true,"valueName":"search_term_string"}}],"inLanguage":"pt-BR"},{"@type":"Organization","@id":"https:\/\/www.estrategiaconcursos.com.br\/blog\/#organization","name":"Estrat\u00e9gia Concursos","url":"https:\/\/www.estrategiaconcursos.com.br\/blog\/","logo":{"@type":"ImageObject","inLanguage":"pt-BR","@id":"https:\/\/www.estrategiaconcursos.com.br\/blog\/#\/schema\/logo\/image\/","url":"https:\/\/dhg1h5j42swfq.cloudfront.net\/2025\/06\/03203428\/logo_concursos-1.jpg","contentUrl":"https:\/\/dhg1h5j42swfq.cloudfront.net\/2025\/06\/03203428\/logo_concursos-1.jpg","width":230,"height":60,"caption":"Estrat\u00e9gia Concursos"},"image":{"@id":"https:\/\/www.estrategiaconcursos.com.br\/blog\/#\/schema\/logo\/image\/"},"sameAs":["https:\/\/x.com\/EstratConcursos"]},{"@type":"Person","@id":"https:\/\/www.estrategiaconcursos.com.br\/blog\/#\/schema\/person\/d948c69f6dd3bbd74ea6c9f7451a93c6","name":"Gabriel Souza Santos","image":{"@type":"ImageObject","inLanguage":"pt-BR","@id":"https:\/\/secure.gravatar.com\/avatar\/fd1003725e80f9cbb3f5083f64f112beb33dbd3bcbc7d34e628143a7cdd6cb8a?s=96&d=mm&r=g","url":"https:\/\/secure.gravatar.com\/avatar\/fd1003725e80f9cbb3f5083f64f112beb33dbd3bcbc7d34e628143a7cdd6cb8a?s=96&d=mm&r=g","contentUrl":"https:\/\/secure.gravatar.com\/avatar\/fd1003725e80f9cbb3f5083f64f112beb33dbd3bcbc7d34e628143a7cdd6cb8a?s=96&d=mm&r=g","caption":"Gabriel Souza Santos"},"url":"https:\/\/www.estrategiaconcursos.com.br\/blog\/author\/gabriel-s-96hotmail-com\/"}]}},"_links":{"self":[{"href":"https:\/\/www.estrategiaconcursos.com.br\/blog\/wp-json\/wp\/v2\/posts\/1683440","targetHints":{"allow":["GET"]}}],"collection":[{"href":"https:\/\/www.estrategiaconcursos.com.br\/blog\/wp-json\/wp\/v2\/posts"}],"about":[{"href":"https:\/\/www.estrategiaconcursos.com.br\/blog\/wp-json\/wp\/v2\/types\/post"}],"author":[{"embeddable":true,"href":"https:\/\/www.estrategiaconcursos.com.br\/blog\/wp-json\/wp\/v2\/users\/3013"}],"replies":[{"embeddable":true,"href":"https:\/\/www.estrategiaconcursos.com.br\/blog\/wp-json\/wp\/v2\/comments?post=1683440"}],"version-history":[{"count":13,"href":"https:\/\/www.estrategiaconcursos.com.br\/blog\/wp-json\/wp\/v2\/posts\/1683440\/revisions"}],"predecessor-version":[{"id":1683454,"href":"https:\/\/www.estrategiaconcursos.com.br\/blog\/wp-json\/wp\/v2\/posts\/1683440\/revisions\/1683454"}],"wp:featuredmedia":[{"embeddable":true,"href":"https:\/\/www.estrategiaconcursos.com.br\/blog\/wp-json\/wp\/v2\/media\/1683442"}],"wp:attachment":[{"href":"https:\/\/www.estrategiaconcursos.com.br\/blog\/wp-json\/wp\/v2\/media?parent=1683440"}],"wp:term":[{"taxonomy":"category","embeddable":true,"href":"https:\/\/www.estrategiaconcursos.com.br\/blog\/wp-json\/wp\/v2\/categories?post=1683440"},{"taxonomy":"post_tag","embeddable":true,"href":"https:\/\/www.estrategiaconcursos.com.br\/blog\/wp-json\/wp\/v2\/tags?post=1683440"},{"taxonomy":"tax_estado","embeddable":true,"href":"https:\/\/www.estrategiaconcursos.com.br\/blog\/wp-json\/wp\/v2\/tax_estado?post=1683440"}],"curies":[{"name":"wp","href":"https:\/\/api.w.org\/{rel}","templated":true}]}}