{"id":1683418,"date":"2025-12-14T15:00:00","date_gmt":"2025-12-14T18:00:00","guid":{"rendered":"https:\/\/www.estrategiaconcursos.com.br\/blog\/?p=1683418"},"modified":"2026-03-08T11:32:12","modified_gmt":"2026-03-08T14:32:12","slug":"gabarito-extraoficial-aleam-assistente","status":"publish","type":"post","link":"https:\/\/www.estrategiaconcursos.com.br\/blog\/gabarito-extraoficial-aleam-assistente\/","title":{"rendered":"Gabarito Extraoficial ALEAM &#8211; Assistente T. Administrativo"},"content":{"rendered":"\n<p style=\"font-size:clamp(16.293px, 1.018rem + ((1vw - 3.2px) * 0.854), 25px);\"><strong><em>Saiba agora as respostas da prova do concurso ALEAM &#8211; Asssistente T. Administrativo atrav\u00e9s do gabarito extraoficial!<\/em><\/strong><\/p>\n\n\n\n<p>As provas objetivas e discursivas do <strong>concurso da ALEAM<\/strong>&nbsp;(<a href=\"https:\/\/www.estrategiaconcursos.com.br\/cursosPorConcurso\/assembleia-legislativa-do-amazonas-aleam\/\" target=\"_blank\" rel=\"noreferrer noopener\">Assembleia Legislativa do Estado de Amazonas<\/a>) est\u00e3o sendo aplicadas neste domingo, dia 14 de dezembro.<\/p>\n\n\n\n<p>Os exames s\u00e3o realizados de 15h \u00e0s 19h, conforme hor\u00e1rio de Manaus\/AM, para o cargo de<strong> Agente Legislativo &#8211; Assistente T\u00e9cnico Administrativo<\/strong>, que \u00e9 o mais disputado do certame, com 23.741 candidaturas.<\/p>\n\n\n\n<p>Com o objetivo de ajud\u00e1-lo a diminuir a ansiedade de saber se foi bem ou n\u00e3o em um concurso t\u00e3o importante,&nbsp;nossos professores realizam a <strong>corre\u00e7\u00e3o ao vivo<\/strong> a partir das 20h, hor\u00e1rio de Bras\u00edlia, e 19h para hor\u00e1rio de Manaus\/AM.<\/p>\n\n\n\n<p>Neste evento, eles analisam o&nbsp;<strong>gabarito extraoficial<\/strong> da prova do concurso ALEAM para o respectivo cargo de <strong>Agente Legislativo &#8211; Assistente T. Adm.<\/strong> e te proporciona as respostas antes mesmo da publica\u00e7\u00e3o dos gabaritos preliminares.<\/p>\n\n\n\n<p>Assim, confira antecipadamente seu desempenho e ainda receba <strong>dicas de recursos<\/strong> (se houver necessidade, claro!).<\/p>\n\n\n\n<p>Lembrando que os gabaritos preliminares dNo desejo de ensinar a seus filhos o valor da organiza\u00e7\u00e3o no<br \/>trabalho, um pai diz: &#8220;Vejam s\u00f3 o que fazem as formigas: s\u00e3o muito pequenas, mas fazem muitas coisas gra\u00e7as \u00e0 sua uni\u00e3o e<br \/>organiza\u00e7\u00e3o. Cada uma sabe o que deve fazer para o bem de todas.&#8221;<\/p>\n\n\n\n<p>evem ser liberados no site da <a href=\"https:\/\/conhecimento.fgv.br\/concursos\/aleam25?utm_source=youtube.com&amp;utm_medium=descricao&amp;utm_campaign=fixa\" target=\"_blank\" rel=\"noreferrer noopener\">FGV<\/a> somente no dia 16 de dezembro, pr\u00f3xima ter\u00e7a-feira.<\/p>\n\n\n\n<h2 class=\"wp-block-heading\" id=\"h-correcao-ao-vivo-e-gabarito-extraoficial\">Corre\u00e7\u00e3o ao vivo e Gabarito Extraoficial<\/h2>\n\n\n<figure class=\"wp-block-embed-youtube wp-block-embed is-type-video is-provider-youtube wp-embed-aspect-16-9 wp-has-aspect-ratio\"><div class=\"lyte-wrapper\" style=\"width:853px;max-width:100%;margin:5px;\"><div class=\"lyMe\" id=\"WYL_m56KCsXex9k\"><div id=\"lyte_m56KCsXex9k\" data-src=\"\/\/i.ytimg.com\/vi\/m56KCsXex9k\/hqdefault.jpg\" class=\"pL\"><div class=\"tC\"><div class=\"tT\"><\/div><\/div><div class=\"play\"><\/div><div class=\"ctrl\"><div class=\"Lctrl\"><\/div><div class=\"Rctrl\"><\/div><\/div><\/div><noscript><a href=\"https:\/\/youtu.be\/m56KCsXex9k\" rel=\"nofollow\"><img loading=\"lazy\" decoding=\"async\" src=\"https:\/\/i.ytimg.com\/vi\/m56KCsXex9k\/0.jpg\" alt=\"YouTube video thumbnail\" width=\"853\" height=\"460\" \/><br \/>Assista a este v\u00eddeo no YouTube<\/a><\/noscript><\/div><\/div><div class=\"lL\" style=\"max-width:100%;width:853px;margin:5px;\"><\/div><figcaption><\/figcaption><\/figure>\n\n\n<p><strong>Aten\u00e7\u00e3o! <\/strong>Cada prova costuma ter uma ordena\u00e7\u00e3o diferente das quest\u00f5es. Assim, fique atento ao in\u00edcio do enunciado na sua vers\u00e3o de prova.<\/p>\n\n\n\n<h2 class=\"wp-block-heading has-very-light-gray-to-cyan-bluish-gray-gradient-background has-background\" id=\"combate\">Agente Legislativo &#8211; Assistente T\u00e9cnico Administrativo<\/h2>\n\n\n\n<p class=\"has-text-align-center\" style=\"font-size:clamp(14.642px, 0.915rem + ((1vw - 3.2px) * 0.721), 22px);\"><strong><em>L\u00edngua Portuguesa<\/em><\/strong><\/p>\n\n\n\n<p><strong>Quest\u00e3o 1 &#8211;<\/strong> Lembrando que os gabaritos preliminares dNo desejo de ensinar a seus filhos o valor da organiza\u00e7\u00e3o no trabalho, um pai diz: &#8220;Vejam s\u00f3 o que fazem as formigas: s\u00e3o muito pequenas, mas fazem muitas coisas gra\u00e7as \u00e0 sua uni\u00e3o e organiza\u00e7\u00e3o. Cada uma sabe o que deve fazer para o bem de todas.&#8221;<br \/><strong>Alternativa:<\/strong> B &#8211; na analogia de situa\u00e7\u00f5es.<\/p>\n\n\n\n<p><strong>Quest\u00e3o 2 &#8211;<\/strong> No tocante ao emprego da v\u00edrgula, assinale a frase que apresenta <strong>erro.<\/strong><br \/><strong>Alternativa:<\/strong> D &#8211; Alguns oper\u00e1rios n\u00e3o seguiram a ordem de greve, outros por\u00e9m, sim.<\/p>\n\n\n\n<p><strong>Quest\u00e3o 3 &#8211;<\/strong> A frase, retirada de obras das literaturas brasileira e portuguesa, em que a palavra combate est\u00e1 empregado em sentido figurado, \u00e9 a seguinte:<br \/><strong>Alternativa:<\/strong> C &#8211; &#8220;N\u00e3o conhece os horrores da seca e os combates cruentos com a terra \u00e1rida e exsicada.&#8221; (Euclides da Cunha, Os Sert\u00f5es)<\/p>\n\n\n\n<p><strong>Quest\u00e3o 4 &#8211;<\/strong> Leia com aten\u00e7\u00e3o o segmento textual abaixo, da autoria de A. Gomes da Costa, publicado em Na Ponta da L\u00edngua, vol. 4, p. 2: &#8220;O Senador J\u00falio Campos apresentou recentemente um projeto de lei na C\u00e2mara Alta que estabelece alguns mecanismos para diminuir o uso de palavras e express\u00f5es estrangeiras em letreiros, produtos, folhetos e pain\u00e9is.<br \/><strong>Alternativa:<\/strong> A &#8211; A maior possibilidade de ludibriar os leitores de textos publicit\u00e1rios.<\/p>\n\n\n\n<p><strong>Quest\u00e3o 5 &#8211;<\/strong> Leia com aten\u00e7\u00e3o o texto abaixo, retirado de um livro franc\u00eas sobre argumenta\u00e7\u00e3o: <em>&#8220;Trata-se, antes de mais nada, de convencer um outro, isto \u00e9, de faz\u00ea-lo mudar de opini\u00e3o, ou, pelo menos, de tentar fazer isso.&#8221;<\/em><br \/><strong>Alternativa:<\/strong> C* (poss\u00edvel anula\u00e7\u00e3o) &#8211; A troca de opini\u00e3o comprova a efici\u00eancia das estrat\u00e9gias empregadas no convencimento. <\/p>\n\n\n\n<p><strong>Quest\u00e3o 6 &#8211;<\/strong> Entre as figuras de linguagem h\u00e1 a sinestesia, uma forma de express\u00e3o em que v\u00e1rios sentidos se misturam, carregando uma experi\u00eancia sensorial.<br \/><strong>Alternativa:<\/strong> B &#8211; &#8220;Com os bra\u00e7os no meu pesco\u00e7o, calada, respirando muito, Virg\u00edlia deixou-se ficar a olhar para mim, com os seus grandes e belos olhos, que davam uma sensa\u00e7\u00e3o singular de luz \u00famida.&#8221; (Mem\u00f3rias P\u00f3stumas de Br\u00e1s Cubas)<\/p>\n\n\n\n<p><strong>Quest\u00e3o 7 &#8211;<\/strong> H\u00e1 diversos n\u00edveis de linguagem, que s\u00e3o os diferentes registros que a lingua pode assumir, a depender da situa\u00e7\u00e3o comunicativa e do contexto.<br \/><strong>Alternativa:<\/strong> C &#8211; N\u00e3o tem segredo sobre a Terra que dure muito tempo.<\/p>\n\n\n\n<p><strong>Quest\u00e3o 8 &#8211;<\/strong> Observe o seguinte texto: &#8220;<em>\u00c0 medida que a tecnologia avan\u00e7a, algumas carreiras ganham mais destaque por sua import\u00e2ncia estrat\u00e9gica e pela sua crescente demanda no mercado.&#8221;<\/em><br \/><strong>Alternativa:<\/strong> B &#8211; as duas ocorr\u00eancias de &#8220;sua\u201d mostram o mesmo referente.<\/p>\n\n\n\n<p><strong>Quest\u00e3o 9 &#8211;<\/strong> A preposi\u00e7\u00e3o de, como outras preposi\u00e7\u00f5es, mostra diferentes valores sem\u00e2nticos; a op\u00e7\u00e3o abaixo em que o valor sem\u00e2ntico citado apresenta um exemplo adequado, em frase do romance Dom Casmurro, de Machado de Assis, \u00e9:<br \/><strong>Alternativa:<\/strong> B &#8211; &#8220;Podia ser um simples descargo de consci\u00eancia, uma cerim\u00f4nia, como as rezas de obriga\u00e7\u00e3o, sem devo\u00e7\u00e3o, que se dizem de tropel:&#8221; \/ modo<\/p>\n\n\n\n<p><strong>Quest\u00e3o 10 <\/strong>&#8211; Leia com aten\u00e7\u00e3o a seguinte frase: <em>&#8220;Todos os abaixo assinados, que protestavam pelo descuido da Prefeitura em rala\u00e7\u00e3o ao asfaltamento da rua, eram pessoas de boa conduta.&#8221;<\/em><br \/><strong>Alternativa:<\/strong> B &#8211; no termo &#8220;abaixo assinado&#8221;,a palavra &#8220;abaixo&#8221; desempenha a fun\u00e7\u00e3o de adjunto adverbial de lugar.<\/p>\n\n\n\n<p class=\"has-text-align-center\" style=\"font-size:clamp(14.642px, 0.915rem + ((1vw - 3.2px) * 0.721), 22px);\"><strong><em>Racioc\u00ednio L\u00f3gico e Matem\u00e1tico<\/em><\/strong><\/p>\n\n\n\n<p><strong>Quest\u00e3o 11 <\/strong>&#8211; Considere o conjunto {17, 27, 36, 48, 64, 75). O n\u00famero de subconjuntos com 3 elementos diferentes do conjunto dado tais que a soma dos 3 elementos seja par \u00e9:<br \/><strong>Alternativa:<\/strong> D &#8211; 6<\/p>\n\n\n\n<p><strong>Quest\u00e3o 12 &#8211; <\/strong>Em cada um dos 64 quadradinhos de um tabuleiro de xadrez \u00e9 colocado um dos 64 primeiros n\u00fameros \u00edmpares (1, 3, 5, 7,\u2026). Os 8 primeiros n\u00fameros \u00edmpares s\u00e3o colocados em ordem na primeira linha, os 8 seguintes em ordem na segunda linha e assim por diante.<br \/><strong>Alternativa:<\/strong> C &#8211; 256<\/p>\n\n\n\n<p><strong>Quest\u00e3o 13 <\/strong>&#8211; Considere o conjunto (2, 4, 6, 8, 10, 12} e o seguinte procedimento, composto de 3 etapas em sequ\u00eancia:<br \/><strong>Alternativa:<\/strong> B &#8211; 20<\/p>\n\n\n\n<p><strong>Quest\u00e3o 14 <\/strong>&#8211; Cinco pessoas, com nomes diferentes, formam uma fila de forma aleat\u00f3ria. A probabilidade de que, do primeiro ao quinto da fila, os nomes estejam em ordem alfab\u00e9tica \u00e9 igual a<br \/><strong>Alternativa:<\/strong> D &#8211; 1\/120<\/p>\n\n\n\n<p><strong>Quest\u00e3o 15<\/strong> &#8211; Em 2025, os organizadores de um evento chamado Limpeza das Praias reuniu 400 colaboradores. Os organizadores esperam que em 2026, 2027 e 2028 o n\u00famero de colaboradores cres\u00e7a 50% a cada ano em rela\u00e7\u00e3o ao ano anterior.<br \/><strong>Alternativa:<\/strong> E &#8211; 1350<\/p>\n\n\n\n<p class=\"has-text-align-center\" style=\"font-size:clamp(14.642px, 0.915rem + ((1vw - 3.2px) * 0.721), 22px);\"><strong><em>No\u00e7\u00f5es de Inform\u00e1tica<\/em><\/strong><\/p>\n\n\n\n<p><strong>Quest\u00e3o 16<\/strong> &#8211; Um analista legislativo est\u00e1 finalizando a minuta de um projeto de lei no MS Word 365 (BR). Ele precisa enviar o documento para um parecer juridico, permitindo que o jurista sugira altera\u00e7\u00f5es, mas sem que este possa aceitar ou rejeitar as revis\u00f5es automaticamente, nem modificar o texto original diretamente. Al\u00e9m disso, o documento final deve ser protegido contra a remo\u00e7\u00e3o acidental do controle de altera\u00e7\u00f5es.<br \/><strong>Alternativa:<\/strong> B &#8211; &#8220;Controlar Altera\u00e7\u00f5es&#8221; na guia Revis\u00e3o e, em seguida, em &#8220;Restringir Edi\u00e7\u00e3o&#8221;, marcar a op\u00e7\u00e3o &#8220;Aplicar apenas este tipo de edi\u00e7\u00e3o no documento&#8221;, selecionar &#8220;Coment\u00e1rios&#8221; e, ap\u00f3sS, &#8220;Sim, Aplicar a Prote\u00e7\u00e3o&#8221;.<\/p>\n\n\n\n<p><strong>Quest\u00e3o 17<\/strong> &#8211; Um usu\u00e1rio precisa inserir uma tabela do MS Excel 365 (BR) em um documento do MS Word 365 (BR), mantendo uma conex\u00e3o din\u00e2mica (vincula\u00e7\u00e3o) entre os arquivos, de modo que as altera\u00e7\u00f5es realizadas feitas no arquivo de origem (.XLSX) sejam refletidas automaticamente no documento de destino (.DOCX) quando este for aberto.<br \/><strong>Alternativa:<\/strong> A &#8211; copiar a tabela no Excel e, no Word, usar o comando &#8220;Colar Especial&#8221;, selecionando a op\u00e7\u00e3o &#8220;Objeto da Planilha do Microsoft Excel&#8221; e marcar a caixa de sele\u00e7\u00e3o &#8220;Colar Link&#8221;.<\/p>\n\n\n\n<p><strong>Quest\u00e3o 18<\/strong> &#8211; Com rela\u00e7\u00e3o \u00e0s funcionalidades do MS Excel 365 (BR), avalie as afirmativas a seguir.<br \/><strong>Alternativa:<\/strong> D &#8211; II e III, apenas.<\/p>\n\n\n\n<p><strong>Quest\u00e3o 19<\/strong> &#8211; Sobre os conceitos de seguran\u00e7a na Internet, avalie as afirmativas a seguir.<br \/><strong>Alternativa:<\/strong> C &#8211; I e III, apenas.<\/p>\n\n\n\n<p><strong>Quest\u00e3o 20<\/strong> &#8211; Um servidor p\u00fablico da ALE-AM, est\u00e1 organizando o acervo digital de uma comiss\u00e3o parlamentar. Ele precisa selecionar os formatos de arquivo mais adequados para diferentes finalidades.<br \/><strong>Alternativa:<\/strong> B &#8211; PDF, XLSX, PNG, MP4 e FLAC.<\/p>\n\n\n\n<p class=\"has-text-align-center\" style=\"font-size:clamp(14.642px, 0.915rem + ((1vw - 3.2px) * 0.721), 22px);\"><strong><em>Legisla\u00e7\u00e3o do Estado do Amazonas<\/em><\/strong><\/p>\n\n\n\n<p><strong>Quest\u00e3o 21<\/strong> &#8211; O Amazonas registrou um crescimento populacional significativo desde 2010. Segundo a Estimativa da Popula\u00e7\u00e3o Residente do IBGE de julho de 2024, o estado conta agora com aproximadamente 4,28 milh\u00f5es de habitantes, representando um acr\u00e9scimo de cerca de 340 mil em rela\u00e7\u00e3o ao Censo de 2022.<br \/><strong>Alternativa:<\/strong> A &#8211; decorre da migra\u00e7\u00e3o interna motivada pela oferta de empregos e pela expans\u00e3o urbana da capital, que atrai popula\u00e7\u00e3o de outras regi\u00f5es do pa\u00eds.<\/p>\n\n\n\n<p><strong>Quest\u00e3o 22<\/strong> &#8211; Analise as afirmativas a seguir sobre as mesorregi\u00f5es do Amazonas, assinale (V) para as verdadeiras e (F) para as falsas.<br \/><strong>Alternativa:<\/strong> E &#8211; V &#8211; V \u2013 V.<\/p>\n\n\n\n<p><strong>Quest\u00e3o 23<\/strong> &#8211; O estado do Amazonas apresenta uma rica diversidade de patrim\u00f4nios hist\u00f3ricos, art\u00edsticos e culturais que refletem sua forma\u00e7\u00e3o plural. Manaus se destaca com constru\u00e7\u00f5es emblem\u00e1ticas que coexistem com manifesta\u00e7\u00f5es culturais contempor\u00e2neas, como festas e eventos art\u00edsticos.<br \/><strong>Alternativa:<\/strong> C &#8211; Mercado Municipal Adolpho Lisboa &#8211; patrim\u00f4nio arquitet\u00f4nico, protegido por ser um dos principais exemplares de arquitetura em ferro do mundo.<\/p>\n\n\n\n<p><strong>Quest\u00e3o 24<\/strong> &#8211; Assinale a afirmativa que apresenta corretamente uma consequ\u00eancia da cr\u00eda\u00e7\u00e3o da prov\u00edncia do Amazonas em 1850.<br \/><strong>Alternativa:<\/strong> C &#8211; Desmembrou parte da Prov\u00edncia do Gr\u00e3o-Par\u00e1, tornando a administra\u00e7\u00e3o mais eficiente e impulsionando a produ\u00e7\u00e3o de borracha<\/p>\n\n\n\n<p><strong>Quest\u00e3o 25<\/strong> &#8211; Leia o trecho a seguir,<em> &#8220;Os etnoarque\u00f3logos buscam criar uma parceria com as popula\u00e7\u00f5es locais atuais para responder a problemas da hist\u00f3ria antiga.&#8221;<\/em><br \/><strong>Alternativa:<\/strong> B &#8211; Solo modificado pela a\u00e7\u00e3o humana, rico em nutrientes e muito f\u00e9rtil, usado em agricultura intensiva e no manejo do solo.<\/p>\n\n\n\n<p><strong>Quest\u00e3o 26<\/strong> &#8211; Em rela\u00e7\u00e3o ao ato da transfer\u00eancia, de acordo com a Lei n\u00ba 1.762\/86 &#8211; Estatuto dos Servidores P\u00fablicos do Estado do Amazonas, avalie se as afirmativas a seguir est\u00e3o corretas:<br \/><strong>Alternativa:<\/strong> E &#8211; I, II e III.<\/p>\n\n\n\n<p><strong>Quest\u00e3o 27<\/strong> &#8211; De acordo com o Art. 50 da Resolu\u00e7\u00e3o Legislativa n\u00ba 469\/2010- Regimento Interno da Assembleia Legislativa do Estado do Amazonas, avalie se as Comiss\u00f5es Tempor\u00e1rias s\u00e3o:<br \/><strong>Alternativa:<\/strong> E &#8211; I, II, III e IV.<\/p>\n\n\n\n<p><strong>Quest\u00e3o 28<\/strong> &#8211; De acordo com o Art. 250 da Lei n\u00ba 1.762\/86 &#8211; Estatuto dos Servidores P\u00fablicos do Estado do Amazonas, ao funcion\u00e1rio s\u00e3o proibidas, entre outras, as seguintes a\u00e7\u00f5es, \u00e0 exce\u00e7\u00e3o de uma Assinale-a<br \/><strong>Alternativa:<\/strong> A &#8211; Referir-se de modo depreciativo ou desrespeitoso em informa\u00e7\u00e3o, parecer ou despacho, \u00e0s autoridades e a atos da Administra\u00e7\u00e3o P\u00fablica, sendo vedado, ainda, critic\u00e1-los do ponto de vista doutrin\u00e1rio ou da organiza\u00e7\u00e3o do servi\u00e7o em trabalho assinado.<\/p>\n\n\n\n<p><strong>Quest\u00e3o 29<\/strong> &#8211; De acordo com o Art. 36 da Resolu\u00e7\u00e3o Legislativa n\u00ba 469\/2010- Regimento Interno da Assembleia Legislativa do Estado do Amazonas, o opinativo escrito por um relator e submetido \u00e0 delibera\u00e7\u00e3o de Comiss\u00e3o, devendo concluir pela aprova\u00e7\u00e3o ou rejei\u00e7\u00e3o de mat\u00e9ria a ela sujeita \u00e9 denominado<br \/><strong>Alternativa:<\/strong> B &#8211; relat\u00f3rio<\/p>\n\n\n\n<p><strong>Quest\u00e3o 30<\/strong> &#8211; Com base na Resolu\u00e7\u00e3o Legislativa n\u00ba 469\/2010 -Regimento Interno da Assembleia Legislativa do Estado do Amazonas, avalie se as seguintes afirmativas a respeito das Lideran\u00e7as Partid\u00e1rias, do Col\u00e9gio de L\u00edderes e dos Blocos Parlamentares s\u00e3o verdadeiras (V) ou falsas (F).<br \/><strong>Alternativa:<\/strong> D &#8211; V &#8211; V &#8211; V &#8211; F.<\/p>\n\n\n\n<p class=\"has-text-align-center\" style=\"font-size:clamp(14.642px, 0.915rem + ((1vw - 3.2px) * 0.721), 22px);\"><strong><em>Conhecimentos Espec\u00edficos<\/em><\/strong><\/p>\n\n\n\n<p><strong>Quest\u00e3o 31<\/strong> &#8211; Considere que a Prefeitura do Munic\u00edpio Alfa adote, como pr\u00e1tica habitual, a modalidade preg\u00e3o para realizar suas licita\u00e7\u00f5es, buscando garantir maior celeridade em suas compras e contrata\u00e7\u00f5es. Trata-se de uma modalidade aplic\u00e1vel \u00e0 contrata\u00e7\u00e3o de objetos cujos padr\u00f5es de desempenho e qualidade possam ser definidos de forma objetiva no edital, com base em especifica\u00e7\u00f5es usuais no mercado.<br \/><strong>Alternativa:<\/strong> A &#8211; Servi\u00e7os comuns de engenharia.<\/p>\n\n\n\n<p><strong>Quest\u00e3o 32<\/strong> &#8211; Visando \u00e0 prote\u00e7\u00e3o dos dados pessoais, a LGPD prev\u00ea especificamente algumas hip\u00f3teses em que \u00e9 permitido o tratamento desses dados.<br \/><strong>Alternativa:<\/strong> E &#8211; I, II e III.<\/p>\n\n\n\n<p><strong>Quest\u00e3o 33<\/strong> &#8211; Em uma empresa p\u00fablica, o gerente de Recursos Humanos identificou, por meio de um levantamento, que os l\u00edderes vinham adotando diferentes formas de exercer influ\u00eancia sobre suas equipes. Durante uma apresenta\u00e7\u00e3o de resultados, foram descritas as seguintes condutas:<br \/><strong>Alternativa:<\/strong> A &#8211; Coercitivo, leg\u00edtimo e de compet\u00eancia<\/p>\n\n\n\n<p><strong>Quest\u00e3o 34<\/strong> &#8211; Nas \u00faltimas d\u00e9cadas, a busca pela racionaliza\u00e7\u00e3o da Administra\u00e7\u00e3o P\u00fablica tem servido de refer\u00eancia para diversas reformas no setor p\u00fablico, com propostas voltadas \u00e0 simplifica\u00e7\u00e3o das estruturas e \u00e0 reconfigura\u00e7\u00e3o das pr\u00e1ticas administrativas do Estado.<br \/><strong>Alternativa:<\/strong> A &#8211; O Gerencialismo Puro focava essencialmente na redu\u00e7\u00e3o de custos e no aumento da efici\u00eancia administrativa.<\/p>\n\n\n\n<p><strong>Quest\u00e3o 35<\/strong> &#8211; No \u00e2mbito dos processos de gest\u00e3o de pessoas, a avalia\u00e7\u00e3o de desempenho \u00e9 um instrumento essencial para medir o quanto os colaboradores atendem \u00e0s metas, compet\u00eancias e comportamentos esperados pela organiza\u00e7\u00e3o.<br \/><strong>Alternativa:<\/strong> B &#8211; Enfatizar o esp\u00edrito de equipe.<\/p>\n\n\n\n<p><strong>Quest\u00e3o 36<\/strong> &#8211; Ao estruturar um novo empreendimento, Carlos, gestor de uma startup de tecnologia, reuniu sua equipe para definir o referencial estrat\u00e9gico da organiza\u00e7\u00e3o, que compreende um conjunto de elementos respons\u00e1veis por orientar suas atividades, decis\u00f5es e posicionamento no ambiente organizacional.<br \/><strong>Alternativa:<\/strong> A &#8211; A vis\u00e3o representa a forma como a organiza\u00e7\u00e3o almeja ser no longo prazo.<\/p>\n\n\n\n<p><strong>Quest\u00e3o 37<\/strong> &#8211; Dentro do contexto do uso mais adequado da informa\u00e7\u00e3o p\u00fablica, a LAL define em seu texto atributos que asseguram a qualidade e \u0430 confiabilidade das informa\u00e7\u00f5es. Um desses atributos diz respeito \u00e0 capacidade de uma informa\u00e7\u00e3o ser conhecida e utilizada por indiv\u00edduos, equipamentos ou sistemas autorizados.<br \/><strong>Alternativa:<\/strong> A &#8211; Disponibilidade<\/p>\n\n\n\n<p><strong>Quest\u00e3o 38<\/strong> &#8211; O setor de almoxarifado da Assembleia Legislativa do Estado do Amazonas, respons\u00e1vel pelo devido abastecimento dos setores administrativos do \u00f3rg\u00e3o, verificou, em um levantamento, que o estoque m\u00e9dio de resmas de papel A4 era de 1.500 unidades, enquanto a demanda m\u00e9dia mensal correspondia a 500 unidades. Com base nos dados apresentados, a taxa de cobertura do estoque, em meses, \u00e9 de<br \/><strong>Alternativa:<\/strong> B &#8211; 3<\/p>\n\n\n\n<p><strong>Quest\u00e3o 39<\/strong> &#8211; Ao ser contratado por uma empresa do setor metal\u00fargico, localizada na Zona Franca de Manaus, Miguel decidiu aplicar os conhecimentos adquiridos na faculdade de Administra\u00e7\u00e3o para compreender melhor o funcionamento da organiza\u00e7\u00e3o.<br \/><strong>Alternativa:<\/strong> A &#8211; funcional<\/p>\n\n\n\n<p><strong>Quest\u00e3o 40<\/strong> &#8211; Considere que o prefeito do Munic\u00edpio X, Jo\u00e3o Lar\u00e1pio, conhecido por seu forte engajamento nas causas ambientais, decida criar um parque p\u00fablico na cidade como forma de deixar um legado \u00e0 popula\u00e7\u00e3o local, carente de \u00e1reas verdes.<br \/><strong>Alternativa:<\/strong> B &#8211; impessoalidade<\/p>\n\n\n\n<p><strong>Quest\u00e3o 41<\/strong> &#8211; Com a crescente necessidade de tornar os processos produtivos mais competitivos, surgiram diversos modelos distintos de organiza\u00e7\u00e3o da produ\u00e7\u00e3o.<br \/><strong>Alternativa:<\/strong> B &#8211; Manuten\u00e7\u00e3o permanente de estoques m\u00ednimos, eliminando desperd\u00edcios.<\/p>\n\n\n\n<p><strong>Quest\u00e3o 42<\/strong> &#8211; Analise as assertivas a seguir, tendo como base o Sistema Nacional de Arquivos (SINAR), institu\u00eddo com a finalidade de implementar a pol\u00edtica nacional de arquivos p\u00fablicos e privados.<br \/><strong>Alternativa:<\/strong> E &#8211; I, II e III<\/p>\n\n\n\n<p><strong>Quest\u00e3o 43<\/strong> &#8211; De acordo com o disposto na LAI, determinadas informa\u00e7\u00f5es p\u00fablicas podem ser classificadas em diferentes graus de sigilo, conforme o potencial risco que sua divulga\u00e7\u00e3o representa para a sociedade ou para o Estado.<br \/><strong>Alternativa:<\/strong> A &#8211; Reservadas e ficar\u00e3o sob sigilo at\u00e9 o t\u00e9rmino do mandato em exerc\u00edcio ou do \u00faltimo mandato, em caso de reelei\u00e7\u00e3o.<\/p>\n\n\n\n<p><strong>Quest\u00e3o 44<\/strong> &#8211; Uma Prefeitura Municipal est\u00e1 em fase de planejamento para a execu\u00e7\u00e3o de seu cronograma anual de contrata\u00e7\u00f5es p\u00fablicas. Durante a an\u00e1lise das demandas, surgiram d\u00favidas quanto \u00e0 necessidade de realiza\u00e7\u00e3o de licita\u00e7\u00e3o em alguns casos espec\u00edficos, considerando os limites e hip\u00f3teses previstos na Lei n 14.133\/2021 e suas atualiza\u00e7\u00f5es.<br \/><strong>Alternativa:<\/strong> C &#8211; I e II, apenas.<\/p>\n\n\n\n<p><strong>Quest\u00e3o 45<\/strong> &#8211; A Lei n\u00ba 14.133\/2021 previu a utiliza\u00e7\u00e3o de procedimentos auxiliares com o objetivo de aprimorar as licita\u00e7\u00f5es realizadas pela Administra\u00e7\u00e3o P\u00fablica.<br \/><strong>Alternativa:<\/strong> A &#8211; I, apenas.<\/p>\n\n\n\n<p><strong>Quest\u00e3o 46<\/strong> &#8211; Considere que Juvenal foi aprovado em um concurso p\u00fablico para um \u00f3rg\u00e3o federal e, ao iniciar suas atividades, descobre que dever\u00e1 seguir as diretrizes estabelecidas pela Lei Geral de Prote\u00e7\u00e3o de Dados Pessoais (LGPD).<br \/><strong>Alternativa:<\/strong> E &#8211; I, II e III.<\/p>\n\n\n\n<p><strong>Quest\u00e3o 47<\/strong> &#8211; No \u00e2mbito da organiza\u00e7\u00e3o administrativa, \u00e9 comum que o Estado, buscando melhor desempenho na presta\u00e7\u00e3o de servi\u00e7os \u00e0 sociedade, crie novas entidades com personalidade jur\u00eddica pr\u00f3pria, integrantes da Administra\u00e7\u00e3o Indireta, por meio de processo em que h\u00e1 transfer\u00eancia da titularidade e da execu\u00e7\u00e3o de determinado servi\u00e7o p\u00fabl\u00edco para a nova entidade.<br \/><strong>Alternativa:<\/strong> D &#8211; Descentraliza\u00e7\u00e3o por outorga.<\/p>\n\n\n\n<p><strong>Quest\u00e3o 48<\/strong> &#8211; Arnaldo, chefe de departamento de um \u00f3rg\u00e3o p\u00fablico, presenciou um comportamento inadequado de um de seus subordinados, que, em tese, justificaria a aplica\u00e7\u00e3o da pena de advert\u00eancia. No entanto, por desconhecimento da lei, Arnaldo aplicou a penalidade de suspens\u00e3o ao servidor.<br \/><strong>Alternativa:<\/strong> D &#8211; objeto, por ser juridicamente imposs\u00edvel.<\/p>\n\n\n\n<p><strong>Quest\u00e3o 49<\/strong> &#8211; Considere que determinada empresa de jogos online, que realiza o tratamento de dados pessoais de seus usu\u00e1rios, cometa uma s\u00e9rie de a\u00e7\u00f5es que violem regras previstas na LGPD.<br \/><strong>Alternativa:<\/strong> C &#8211; advert\u00eancia, com indica\u00e7\u00e3o de prazo para ado\u00e7\u00e3o de medidas corretivas<\/p>\n\n\n\n<p><strong>Quest\u00e3o 50<\/strong> &#8211; Em um \u00f3rg\u00e3o p\u00fablico, durante o processo de avalia\u00e7\u00e3o documental, um servidor identificou uma s\u00e9rie de documentos antigos que j\u00e1 haviam cumprido sua fun\u00e7\u00e3o administrativa e legal, mas que ainda possu\u00edam valor hist\u00f3rico e informativo para a organiza\u00e7\u00e3o.<br \/><strong>Alternativa:<\/strong> E &#8211; terceira idade, do tipo permanente.<\/p>\n\n\n\n<p><strong>Quest\u00e3o 51<\/strong> &#8211; Considere que um grupo de estudantes do curso de Administra\u00e7\u00e3o esteja elaborando um trabalho sobre estrat\u00e9gias de gest\u00e3o de pessoas em uma empresa. Durante a an\u00e1lise de uma companhia espec\u00edfica, o grupo identificou algumas pr\u00e1ticas adotadas pela \u00e1rea de Recursos Humanos, conforme descritas a seguir:<br \/><strong>Alternativa:<\/strong> C &#8211; II, apenas<\/p>\n\n\n\n<p><strong>Quest\u00e3o 52<\/strong> &#8211; Dentre as regras previstas na Lei de Acesso \u00e0 Informa\u00e7\u00e3o (Lei n 12.527\/2011), caso n\u00e3o seja poss\u00edvel fornecer a informa\u00e7\u00e3o solicitada de forma imediata, o \u00f3rg\u00e3o ou entidade p\u00fablica dever\u00e1 informar ao solicitante a data, o local e a modo para realizar a consulta, obter a certid\u00e3o ou a reprodu\u00e7\u00e3o da informa\u00e7\u00e3o solicitada, dentro do prazo de:<br \/><strong>Alternativa:<\/strong> E &#8211; 20 dias, com possibilidade de prorroga\u00e7\u00e3o por mais 10 dias, mediante justificativa expressa.<\/p>\n\n\n\n<p><strong>Quest\u00e3o 53<\/strong> &#8211; Na Administra\u00e7\u00e3o P\u00fablica, a manifesta\u00e7\u00e3o da vontade do Estado ocorre por meio dos atos administrativos, instrumentos utilizados pela Administra\u00e7\u00e3o para alcan\u00e7ar o interesse p\u00fablico.<br \/><strong>Alternativa:<\/strong> A &#8211; I, apenas.<\/p>\n\n\n\n<p><strong>Quest\u00e3o 54<\/strong> &#8211; O planejamento organizacional \u00e9 estruturado em diferentes n\u00edveis, conforme a hierarquia da organiza\u00e7\u00e3o, sendo cada n\u00edvel respons\u00e1vel por decis\u00f5es de natureza distinta.<br \/><strong>Alternativa:<\/strong> E &#8211; estrat\u00e9gico.<\/p>\n\n\n\n<p><strong>Quest\u00e3o 55<\/strong> &#8211; Em uma empresa de tecnologia, um colaborador que ocupa cargo de alto escal\u00e3o demonstra elevado desempenho, reconhecimento profissional e sensa\u00e7\u00e3o de realiza\u00e7\u00e3o no ambiente de trabalho Esses fatores indicam que ele se encontra no n\u00edvel mais alto da Pir\u00e2mide de Necessidades de Maslow<br \/><strong>Alternativa:<\/strong> E &#8211; atividades mals desafiadoras, que estimulem o crescimento pessoal e profissional.<\/p>\n\n\n\n<p><strong>Quest\u00e3o 56<\/strong> &#8211; Considere que, ao iniciar seu trabalho como redatora em um \u00f3rg\u00e3o p\u00fablico federal, Jaqueline deva seguir as orienta\u00e7\u00f5es previstas no Manual de Reda\u00e7\u00e3o da Presid\u00eancia da Rep\u00fablica. Ao conversar com uma colega mais experiente, recebeu as seguintes recomenda\u00e7\u00f5es para aprimorar seus textos:<br \/><strong>Alternativa:<\/strong> A &#8211; clareza<\/p>\n\n\n\n<p><strong>Quest\u00e3o 57<\/strong> &#8211; A Assembleia Legislativa do Estado do Amazonas realizou uma lic\u00edta\u00e7\u00e3o para a aquisi\u00e7\u00e3o de esta\u00e7\u00f5es de trabalho destinadas a novos servidores. Ao final da fase de lances, duas empresas apresentaram propostas de igual valor, resultando em empate.<br \/><strong>Alternativa:<\/strong> C &#8211; Avalia\u00e7\u00e3o do desempenho contratual pr\u00e9vio dos licitantes, com base em registros cadastrais.<\/p>\n\n\n\n<p><strong>Quest\u00e3o 58<\/strong> &#8211; Uma empresa brasileira do setor de bicicletas est\u00e1 prestes a inaugurar uma nova f\u00e1brica na Zona Franca de Manaus. Ap\u00f3s realizar estudas com especialistas em log\u00edstica, a organiza\u00e7\u00e3o optou por adotar o layout por produto para organizar seu processo fabril.<br \/><strong>Alternativa:<\/strong> D &#8211; caracterizado pela ordena\u00e7\u00e3o sequencial dos recursos conforme o fluxo de produ\u00e7\u00e3o.<\/p>\n\n\n\n<p><strong>Quest\u00e3o 59<\/strong> &#8211; Conforme previsto na Constitui\u00e7\u00e3o Federal de 1988, a fiscaliza\u00e7\u00e3o cont\u00e1bil, financeira, or\u00e7ament\u00e1ria, operacional e patrimonial da Uni\u00e3o e das entidades da administra\u00e7\u00e3o direta e indireta, quanto \u00e0 legalidade, legitimidade, economicidade, aplica\u00e7\u00e3o das subven\u00e7\u00f5es e ren\u00fancia de receitas, ser\u00e1 exercida mediante controle externo, a cargo do(a)<br \/><strong>Alternativa:<\/strong> A &#8211; Congresso Nacional, \u00f3rg\u00e3o vinculado ao Poder Legislativo.<\/p>\n\n\n\n<p><strong>Quest\u00e3o 60<\/strong> &#8211; Considere que Marluce, experiente servidora respons\u00e1vel pelo setor de arquivos da Assembleia Legislativa do Estado do Amazonas, iniciou um processo de organiza\u00e7\u00e3o e classifica\u00e7\u00e3o dos documentos t\u00e9cnicos produzidos pela \u00e1rea de engenharia. Durante o levantamento, identificou e agrupou documentos cartogr\u00e1ficos, como plantas de edifica\u00e7\u00f5es, mapas e croquis utilizados em projetos de infraestrutura e urbanismo.<br \/><strong>Alternativa:<\/strong> A &#8211; Esp\u00e9cie<\/p>\n\n\n\n<p class=\"has-text-align-center\"><em>Para mais informa\u00e7\u00f5es do concurso ALEAM 2025, que tem poss\u00edveis recursos dispon\u00edveis, acesse o link abaixo. Preparamos um artigo completo e exclusivo para voc\u00ea!<\/em><\/p>\n\n\n\n<p class=\"has-text-align-center has-cyan-bluish-gray-background-color has-background has-medium-font-size\"><strong>Saiba mais: <a href=\"https:\/\/www.estrategiaconcursos.com.br\/blog\/concurso-aleam\/\" target=\"_blank\" rel=\"noreferrer noopener\">concurso ALEAM<\/a><\/strong><\/p>\n\n\n\n<h2 class=\"wp-block-heading has-text-align-center\" id=\"h-quer-saber-tudo-sobre-concursos-previstos-confira-nossos-artigos\">Quer saber tudo sobre concursos previstos?<br \/>Confira nossos artigos!<\/h2>\n\n\n\n<ul class=\"wp-block-list\">\n<li><a href=\"https:\/\/www.estrategiaconcursos.com.br\/blog\/concursos-abertos\/\" target=\"_blank\" rel=\"noreferrer noopener\">Concursos abertos<\/a><\/li>\n\n\n\n<li><a href=\"https:\/\/www.estrategiaconcursos.com.br\/blog\/concursos-area-legislativa\/\" target=\"_blank\" rel=\"noreferrer noopener\">Concursos legislativos<\/a><\/li>\n\n\n\n<li><a href=\"https:\/\/www.estrategiaconcursos.com.br\/blog\/concursos-2025\/\" target=\"_blank\" rel=\"noreferrer noopener\">Concursos 2026<\/a><\/li>\n<\/ul>\n\n\n\n<div class=\"container\" id=\"boxes\">\n  <div class=\"row\">\n\n    <div class=\"col-sm\">\n      <div class=\"banner-ale\" id=\"box-assinatura\">\n        <h2 class=\"titulo-assinatura\">Concurso ALEAM<\/h2>\n        <p class=\"subtitulo-assinatura\">Prepara\u00e7\u00e3o completa para a carreira na ALEAM<\/p>\n        <div class=\"box-botao\">\n          <a class=\"btn-assinatura\" target=\"_blank\" href=\"https:\/\/www.estrategiaconcursos.com.br\/cursosPorConcurso\/assembleia-legislativa-do-amazonas-aleam\/\" role=\"button\" rel=\"noopener noreferrer\">VER CURSOS<\/a>\n        <\/div>\n      <\/div>\n     \n\n  <\/div>\n<\/div><\/div>\n\n\n\n<div class=\"container\" id=\"boxes\">\n  <div class=\"row\">\n\n    <div class=\"col-sm\">\n      <div class=\"estrategia\" id=\"box-assinatura\">\n        <h3 class=\"titulo-assinatura\">Assinatura de Concursos<\/h3>\n        <p class=\"subtitulo-assinatura\">Assinatura de 1 ano ou 2 anos<\/p>\n        <div class=\"box-botao\">\n          <a class=\"btn-assinatura\" target=\"_blank\" href=\"https:\/\/www.estrategiaconcursos.com.br\/assinaturas\/\" role=\"button\" rel=\"noopener noreferrer\">ASSINE AGORA<\/a>\n        <\/div>\n      <\/div>\n     \n    <\/div><\/div><\/div>\n\n\n\n<p><\/p>\n","protected":false},"excerpt":{"rendered":"<p>Saiba agora as respostas da prova do concurso ALEAM &#8211; Asssistente T. Administrativo atrav\u00e9s do gabarito extraoficial! As provas objetivas e discursivas do concurso da ALEAM&nbsp;(Assembleia Legislativa do Estado de Amazonas) est\u00e3o sendo aplicadas neste domingo, dia 14 de dezembro. Os exames s\u00e3o realizados de 15h \u00e0s 19h, conforme hor\u00e1rio de Manaus\/AM, para o cargo [&hellip;]<\/p>\n","protected":false},"author":2692,"featured_media":1683420,"comment_status":"open","ping_status":"closed","sticky":false,"template":"","format":"standard","meta":{"post_tipo":"news","footnotes":""},"categories":[2017],"tags":[],"tax_estado":[219966],"class_list":["post-1683418","post","type-post","status-publish","format-standard","has-post-thumbnail","hentry","category-concursos-legislativos","tax_estado-am"],"acf":[],"yoast_head":"<!-- This site is optimized with the Yoast SEO Premium plugin v27.2 (Yoast SEO v27.2) - https:\/\/yoast.com\/product\/yoast-seo-premium-wordpress\/ -->\n<title>Gabarito Extraoficial ALEAM - Assistente T. Administrativo<\/title>\n<meta name=\"description\" content=\"Acompanhe a corre\u00e7\u00e3o ao vivo do Gabarito Extraoficial ALEAM - Assistente T. Administrativo e confira seu desempenho no edital deste domingo!\" \/>\n<meta name=\"robots\" content=\"index, follow, max-snippet:-1, max-image-preview:large, max-video-preview:-1\" \/>\n<link rel=\"canonical\" href=\"https:\/\/www.estrategiaconcursos.com.br\/blog\/gabarito-extraoficial-aleam-assistente\/\" \/>\n<meta property=\"og:locale\" content=\"pt_BR\" \/>\n<meta property=\"og:type\" content=\"article\" \/>\n<meta property=\"og:title\" content=\"Gabarito Extraoficial ALEAM - Assistente T. Administrativo\" \/>\n<meta property=\"og:description\" content=\"Acompanhe a corre\u00e7\u00e3o ao vivo do Gabarito Extraoficial ALEAM - Assistente T. Administrativo e confira seu desempenho no edital deste domingo!\" \/>\n<meta property=\"og:url\" content=\"https:\/\/www.estrategiaconcursos.com.br\/blog\/gabarito-extraoficial-aleam-assistente\/\" \/>\n<meta property=\"og:site_name\" content=\"Estrat\u00e9gia Concursos\" \/>\n<meta property=\"article:published_time\" content=\"2025-12-14T18:00:00+00:00\" \/>\n<meta property=\"article:modified_time\" content=\"2026-03-08T14:32:12+00:00\" \/>\n<meta property=\"og:image\" content=\"https:\/\/dhg1h5j42swfq.cloudfront.net\/2025\/12\/10205557\/aleam.jpg\" \/>\n\t<meta property=\"og:image:width\" content=\"855\" \/>\n\t<meta property=\"og:image:height\" content=\"451\" \/>\n\t<meta property=\"og:image:type\" content=\"image\/jpeg\" \/>\n<meta name=\"author\" content=\"Ronaldo Scanavini Neto\" \/>\n<meta name=\"twitter:card\" content=\"summary_large_image\" \/>\n<meta name=\"twitter:creator\" content=\"@EstratConcursos\" \/>\n<meta name=\"twitter:site\" content=\"@EstratConcursos\" \/>\n<meta name=\"twitter:label1\" content=\"Escrito por\" \/>\n\t<meta name=\"twitter:data1\" content=\"Ronaldo Scanavini Neto\" \/>\n\t<meta name=\"twitter:label2\" content=\"Est. tempo de leitura\" \/>\n\t<meta name=\"twitter:data2\" content=\"18 minutos\" \/>\n<script type=\"application\/ld+json\" class=\"yoast-schema-graph\">{\"@context\":\"https:\/\/schema.org\",\"@graph\":[{\"@type\":\"NewsArticle\",\"@id\":\"https:\/\/www.estrategiaconcursos.com.br\/blog\/gabarito-extraoficial-aleam-assistente\/#article\",\"isPartOf\":{\"@id\":\"https:\/\/www.estrategiaconcursos.com.br\/blog\/gabarito-extraoficial-aleam-assistente\/\"},\"author\":{\"name\":\"Ronaldo Scanavini Neto\",\"@id\":\"https:\/\/www.estrategiaconcursos.com.br\/blog\/#\/schema\/person\/70c2ad4297aa24ff8815b08215b23a76\"},\"headline\":\"Gabarito Extraoficial ALEAM &#8211; Assistente T. Administrativo\",\"datePublished\":\"2025-12-14T18:00:00+00:00\",\"dateModified\":\"2026-03-08T14:32:12+00:00\",\"mainEntityOfPage\":{\"@id\":\"https:\/\/www.estrategiaconcursos.com.br\/blog\/gabarito-extraoficial-aleam-assistente\/\"},\"wordCount\":3668,\"commentCount\":0,\"publisher\":{\"@id\":\"https:\/\/www.estrategiaconcursos.com.br\/blog\/#organization\"},\"image\":{\"@id\":\"https:\/\/www.estrategiaconcursos.com.br\/blog\/gabarito-extraoficial-aleam-assistente\/#primaryimage\"},\"thumbnailUrl\":\"https:\/\/dhg1h5j42swfq.cloudfront.net\/2025\/12\/10205557\/aleam.jpg\",\"articleSection\":[\"Legislativo\"],\"inLanguage\":\"pt-BR\",\"potentialAction\":[{\"@type\":\"CommentAction\",\"name\":\"Comment\",\"target\":[\"https:\/\/www.estrategiaconcursos.com.br\/blog\/gabarito-extraoficial-aleam-assistente\/#respond\"]}],\"copyrightYear\":\"2025\",\"copyrightHolder\":{\"@id\":\"https:\/\/www.estrategiaconcursos.com.br\/blog\/#organization\"}},{\"@type\":\"WebPage\",\"@id\":\"https:\/\/www.estrategiaconcursos.com.br\/blog\/gabarito-extraoficial-aleam-assistente\/\",\"url\":\"https:\/\/www.estrategiaconcursos.com.br\/blog\/gabarito-extraoficial-aleam-assistente\/\",\"name\":\"Gabarito Extraoficial ALEAM - Assistente T. Administrativo\",\"isPartOf\":{\"@id\":\"https:\/\/www.estrategiaconcursos.com.br\/blog\/#website\"},\"primaryImageOfPage\":{\"@id\":\"https:\/\/www.estrategiaconcursos.com.br\/blog\/gabarito-extraoficial-aleam-assistente\/#primaryimage\"},\"image\":{\"@id\":\"https:\/\/www.estrategiaconcursos.com.br\/blog\/gabarito-extraoficial-aleam-assistente\/#primaryimage\"},\"thumbnailUrl\":\"https:\/\/dhg1h5j42swfq.cloudfront.net\/2025\/12\/10205557\/aleam.jpg\",\"datePublished\":\"2025-12-14T18:00:00+00:00\",\"dateModified\":\"2026-03-08T14:32:12+00:00\",\"description\":\"Acompanhe a corre\u00e7\u00e3o ao vivo do Gabarito Extraoficial ALEAM - Assistente T. Administrativo e confira seu desempenho no edital deste domingo!\",\"breadcrumb\":{\"@id\":\"https:\/\/www.estrategiaconcursos.com.br\/blog\/gabarito-extraoficial-aleam-assistente\/#breadcrumb\"},\"inLanguage\":\"pt-BR\",\"potentialAction\":[{\"@type\":\"ReadAction\",\"target\":[\"https:\/\/www.estrategiaconcursos.com.br\/blog\/gabarito-extraoficial-aleam-assistente\/\"]}]},{\"@type\":\"ImageObject\",\"inLanguage\":\"pt-BR\",\"@id\":\"https:\/\/www.estrategiaconcursos.com.br\/blog\/gabarito-extraoficial-aleam-assistente\/#primaryimage\",\"url\":\"https:\/\/dhg1h5j42swfq.cloudfront.net\/2025\/12\/10205557\/aleam.jpg\",\"contentUrl\":\"https:\/\/dhg1h5j42swfq.cloudfront.net\/2025\/12\/10205557\/aleam.jpg\",\"width\":855,\"height\":451},{\"@type\":\"BreadcrumbList\",\"@id\":\"https:\/\/www.estrategiaconcursos.com.br\/blog\/gabarito-extraoficial-aleam-assistente\/#breadcrumb\",\"itemListElement\":[{\"@type\":\"ListItem\",\"position\":1,\"name\":\"In\u00edcio\",\"item\":\"https:\/\/www.estrategiaconcursos.com.br\/blog\/\"},{\"@type\":\"ListItem\",\"position\":2,\"name\":\"Gabarito Extraoficial ALEAM &#8211; Assistente T. Administrativo\"}]},{\"@type\":\"WebSite\",\"@id\":\"https:\/\/www.estrategiaconcursos.com.br\/blog\/#website\",\"url\":\"https:\/\/www.estrategiaconcursos.com.br\/blog\/\",\"name\":\"Estrat\u00e9gia Concursos\",\"description\":\"O blog da Estrat\u00e9gia Concursos traz not\u00edcias sobre concursos e artigos de professores oferecendo cursos para concursos (pdf + videaulas) no site.\",\"publisher\":{\"@id\":\"https:\/\/www.estrategiaconcursos.com.br\/blog\/#organization\"},\"potentialAction\":[{\"@type\":\"SearchAction\",\"target\":{\"@type\":\"EntryPoint\",\"urlTemplate\":\"https:\/\/www.estrategiaconcursos.com.br\/blog\/?s={search_term_string}\"},\"query-input\":{\"@type\":\"PropertyValueSpecification\",\"valueRequired\":true,\"valueName\":\"search_term_string\"}}],\"inLanguage\":\"pt-BR\"},{\"@type\":\"Organization\",\"@id\":\"https:\/\/www.estrategiaconcursos.com.br\/blog\/#organization\",\"name\":\"Estrat\u00e9gia Concursos\",\"url\":\"https:\/\/www.estrategiaconcursos.com.br\/blog\/\",\"logo\":{\"@type\":\"ImageObject\",\"inLanguage\":\"pt-BR\",\"@id\":\"https:\/\/www.estrategiaconcursos.com.br\/blog\/#\/schema\/logo\/image\/\",\"url\":\"https:\/\/dhg1h5j42swfq.cloudfront.net\/2025\/06\/03203428\/logo_concursos-1.jpg\",\"contentUrl\":\"https:\/\/dhg1h5j42swfq.cloudfront.net\/2025\/06\/03203428\/logo_concursos-1.jpg\",\"width\":230,\"height\":60,\"caption\":\"Estrat\u00e9gia Concursos\"},\"image\":{\"@id\":\"https:\/\/www.estrategiaconcursos.com.br\/blog\/#\/schema\/logo\/image\/\"},\"sameAs\":[\"https:\/\/x.com\/EstratConcursos\"]},{\"@type\":\"Person\",\"@id\":\"https:\/\/www.estrategiaconcursos.com.br\/blog\/#\/schema\/person\/70c2ad4297aa24ff8815b08215b23a76\",\"name\":\"Ronaldo Scanavini Neto\",\"image\":{\"@type\":\"ImageObject\",\"inLanguage\":\"pt-BR\",\"@id\":\"https:\/\/secure.gravatar.com\/avatar\/f93d8e56fe264596e94aee6b3feb737d98ad0fc5bac7eb0a245f04723c5c8f21?s=96&d=mm&r=g\",\"url\":\"https:\/\/secure.gravatar.com\/avatar\/f93d8e56fe264596e94aee6b3feb737d98ad0fc5bac7eb0a245f04723c5c8f21?s=96&d=mm&r=g\",\"contentUrl\":\"https:\/\/secure.gravatar.com\/avatar\/f93d8e56fe264596e94aee6b3feb737d98ad0fc5bac7eb0a245f04723c5c8f21?s=96&d=mm&r=g\",\"caption\":\"Ronaldo Scanavini Neto\"},\"description\":\"Graduando em Comunica\u00e7\u00e3o Social \u2013 Jornalismo pela Universidade Federal de Vi\u00e7osa (UFV). Integra a equipe de jornalismo do Estrat\u00e9gia Concursos desde 2023, atuando com \u00eanfase na cobertura da \u00e1rea fiscal. Tamb\u00e9m realiza a apura\u00e7\u00e3o e produ\u00e7\u00e3o de not\u00edcias sobre concursos federais, \u00f3rg\u00e3os participantes do CNU e das \u00e1reas de controle, gest\u00e3o, engenharia, Exame CFC, comunica\u00e7\u00e3o social TI e \u00e1rea de concursos administrativos.\",\"url\":\"https:\/\/www.estrategiaconcursos.com.br\/blog\/author\/ronaldo-netoestrategia-com\/\"}]}<\/script>\n<!-- \/ Yoast SEO Premium plugin. -->","yoast_head_json":{"title":"Gabarito Extraoficial ALEAM - Assistente T. Administrativo","description":"Acompanhe a corre\u00e7\u00e3o ao vivo do Gabarito Extraoficial ALEAM - Assistente T. Administrativo e confira seu desempenho no edital deste domingo!","robots":{"index":"index","follow":"follow","max-snippet":"max-snippet:-1","max-image-preview":"max-image-preview:large","max-video-preview":"max-video-preview:-1"},"canonical":"https:\/\/www.estrategiaconcursos.com.br\/blog\/gabarito-extraoficial-aleam-assistente\/","og_locale":"pt_BR","og_type":"article","og_title":"Gabarito Extraoficial ALEAM - Assistente T. Administrativo","og_description":"Acompanhe a corre\u00e7\u00e3o ao vivo do Gabarito Extraoficial ALEAM - Assistente T. Administrativo e confira seu desempenho no edital deste domingo!","og_url":"https:\/\/www.estrategiaconcursos.com.br\/blog\/gabarito-extraoficial-aleam-assistente\/","og_site_name":"Estrat\u00e9gia Concursos","article_published_time":"2025-12-14T18:00:00+00:00","article_modified_time":"2026-03-08T14:32:12+00:00","og_image":[{"width":855,"height":451,"url":"https:\/\/dhg1h5j42swfq.cloudfront.net\/2025\/12\/10205557\/aleam.jpg","type":"image\/jpeg"}],"author":"Ronaldo Scanavini Neto","twitter_card":"summary_large_image","twitter_creator":"@EstratConcursos","twitter_site":"@EstratConcursos","twitter_misc":{"Escrito por":"Ronaldo Scanavini Neto","Est. tempo de leitura":"18 minutos"},"schema":{"@context":"https:\/\/schema.org","@graph":[{"@type":"NewsArticle","@id":"https:\/\/www.estrategiaconcursos.com.br\/blog\/gabarito-extraoficial-aleam-assistente\/#article","isPartOf":{"@id":"https:\/\/www.estrategiaconcursos.com.br\/blog\/gabarito-extraoficial-aleam-assistente\/"},"author":{"name":"Ronaldo Scanavini Neto","@id":"https:\/\/www.estrategiaconcursos.com.br\/blog\/#\/schema\/person\/70c2ad4297aa24ff8815b08215b23a76"},"headline":"Gabarito Extraoficial ALEAM &#8211; Assistente T. Administrativo","datePublished":"2025-12-14T18:00:00+00:00","dateModified":"2026-03-08T14:32:12+00:00","mainEntityOfPage":{"@id":"https:\/\/www.estrategiaconcursos.com.br\/blog\/gabarito-extraoficial-aleam-assistente\/"},"wordCount":3668,"commentCount":0,"publisher":{"@id":"https:\/\/www.estrategiaconcursos.com.br\/blog\/#organization"},"image":{"@id":"https:\/\/www.estrategiaconcursos.com.br\/blog\/gabarito-extraoficial-aleam-assistente\/#primaryimage"},"thumbnailUrl":"https:\/\/dhg1h5j42swfq.cloudfront.net\/2025\/12\/10205557\/aleam.jpg","articleSection":["Legislativo"],"inLanguage":"pt-BR","potentialAction":[{"@type":"CommentAction","name":"Comment","target":["https:\/\/www.estrategiaconcursos.com.br\/blog\/gabarito-extraoficial-aleam-assistente\/#respond"]}],"copyrightYear":"2025","copyrightHolder":{"@id":"https:\/\/www.estrategiaconcursos.com.br\/blog\/#organization"}},{"@type":"WebPage","@id":"https:\/\/www.estrategiaconcursos.com.br\/blog\/gabarito-extraoficial-aleam-assistente\/","url":"https:\/\/www.estrategiaconcursos.com.br\/blog\/gabarito-extraoficial-aleam-assistente\/","name":"Gabarito Extraoficial ALEAM - Assistente T. Administrativo","isPartOf":{"@id":"https:\/\/www.estrategiaconcursos.com.br\/blog\/#website"},"primaryImageOfPage":{"@id":"https:\/\/www.estrategiaconcursos.com.br\/blog\/gabarito-extraoficial-aleam-assistente\/#primaryimage"},"image":{"@id":"https:\/\/www.estrategiaconcursos.com.br\/blog\/gabarito-extraoficial-aleam-assistente\/#primaryimage"},"thumbnailUrl":"https:\/\/dhg1h5j42swfq.cloudfront.net\/2025\/12\/10205557\/aleam.jpg","datePublished":"2025-12-14T18:00:00+00:00","dateModified":"2026-03-08T14:32:12+00:00","description":"Acompanhe a corre\u00e7\u00e3o ao vivo do Gabarito Extraoficial ALEAM - Assistente T. Administrativo e confira seu desempenho no edital deste domingo!","breadcrumb":{"@id":"https:\/\/www.estrategiaconcursos.com.br\/blog\/gabarito-extraoficial-aleam-assistente\/#breadcrumb"},"inLanguage":"pt-BR","potentialAction":[{"@type":"ReadAction","target":["https:\/\/www.estrategiaconcursos.com.br\/blog\/gabarito-extraoficial-aleam-assistente\/"]}]},{"@type":"ImageObject","inLanguage":"pt-BR","@id":"https:\/\/www.estrategiaconcursos.com.br\/blog\/gabarito-extraoficial-aleam-assistente\/#primaryimage","url":"https:\/\/dhg1h5j42swfq.cloudfront.net\/2025\/12\/10205557\/aleam.jpg","contentUrl":"https:\/\/dhg1h5j42swfq.cloudfront.net\/2025\/12\/10205557\/aleam.jpg","width":855,"height":451},{"@type":"BreadcrumbList","@id":"https:\/\/www.estrategiaconcursos.com.br\/blog\/gabarito-extraoficial-aleam-assistente\/#breadcrumb","itemListElement":[{"@type":"ListItem","position":1,"name":"In\u00edcio","item":"https:\/\/www.estrategiaconcursos.com.br\/blog\/"},{"@type":"ListItem","position":2,"name":"Gabarito Extraoficial ALEAM &#8211; Assistente T. Administrativo"}]},{"@type":"WebSite","@id":"https:\/\/www.estrategiaconcursos.com.br\/blog\/#website","url":"https:\/\/www.estrategiaconcursos.com.br\/blog\/","name":"Estrat\u00e9gia Concursos","description":"O blog da Estrat\u00e9gia Concursos traz not\u00edcias sobre concursos e artigos de professores oferecendo cursos para concursos (pdf + videaulas) no site.","publisher":{"@id":"https:\/\/www.estrategiaconcursos.com.br\/blog\/#organization"},"potentialAction":[{"@type":"SearchAction","target":{"@type":"EntryPoint","urlTemplate":"https:\/\/www.estrategiaconcursos.com.br\/blog\/?s={search_term_string}"},"query-input":{"@type":"PropertyValueSpecification","valueRequired":true,"valueName":"search_term_string"}}],"inLanguage":"pt-BR"},{"@type":"Organization","@id":"https:\/\/www.estrategiaconcursos.com.br\/blog\/#organization","name":"Estrat\u00e9gia Concursos","url":"https:\/\/www.estrategiaconcursos.com.br\/blog\/","logo":{"@type":"ImageObject","inLanguage":"pt-BR","@id":"https:\/\/www.estrategiaconcursos.com.br\/blog\/#\/schema\/logo\/image\/","url":"https:\/\/dhg1h5j42swfq.cloudfront.net\/2025\/06\/03203428\/logo_concursos-1.jpg","contentUrl":"https:\/\/dhg1h5j42swfq.cloudfront.net\/2025\/06\/03203428\/logo_concursos-1.jpg","width":230,"height":60,"caption":"Estrat\u00e9gia Concursos"},"image":{"@id":"https:\/\/www.estrategiaconcursos.com.br\/blog\/#\/schema\/logo\/image\/"},"sameAs":["https:\/\/x.com\/EstratConcursos"]},{"@type":"Person","@id":"https:\/\/www.estrategiaconcursos.com.br\/blog\/#\/schema\/person\/70c2ad4297aa24ff8815b08215b23a76","name":"Ronaldo Scanavini Neto","image":{"@type":"ImageObject","inLanguage":"pt-BR","@id":"https:\/\/secure.gravatar.com\/avatar\/f93d8e56fe264596e94aee6b3feb737d98ad0fc5bac7eb0a245f04723c5c8f21?s=96&d=mm&r=g","url":"https:\/\/secure.gravatar.com\/avatar\/f93d8e56fe264596e94aee6b3feb737d98ad0fc5bac7eb0a245f04723c5c8f21?s=96&d=mm&r=g","contentUrl":"https:\/\/secure.gravatar.com\/avatar\/f93d8e56fe264596e94aee6b3feb737d98ad0fc5bac7eb0a245f04723c5c8f21?s=96&d=mm&r=g","caption":"Ronaldo Scanavini Neto"},"description":"Graduando em Comunica\u00e7\u00e3o Social \u2013 Jornalismo pela Universidade Federal de Vi\u00e7osa (UFV). Integra a equipe de jornalismo do Estrat\u00e9gia Concursos desde 2023, atuando com \u00eanfase na cobertura da \u00e1rea fiscal. Tamb\u00e9m realiza a apura\u00e7\u00e3o e produ\u00e7\u00e3o de not\u00edcias sobre concursos federais, \u00f3rg\u00e3os participantes do CNU e das \u00e1reas de controle, gest\u00e3o, engenharia, Exame CFC, comunica\u00e7\u00e3o social TI e \u00e1rea de concursos administrativos.","url":"https:\/\/www.estrategiaconcursos.com.br\/blog\/author\/ronaldo-netoestrategia-com\/"}]}},"_links":{"self":[{"href":"https:\/\/www.estrategiaconcursos.com.br\/blog\/wp-json\/wp\/v2\/posts\/1683418","targetHints":{"allow":["GET"]}}],"collection":[{"href":"https:\/\/www.estrategiaconcursos.com.br\/blog\/wp-json\/wp\/v2\/posts"}],"about":[{"href":"https:\/\/www.estrategiaconcursos.com.br\/blog\/wp-json\/wp\/v2\/types\/post"}],"author":[{"embeddable":true,"href":"https:\/\/www.estrategiaconcursos.com.br\/blog\/wp-json\/wp\/v2\/users\/2692"}],"replies":[{"embeddable":true,"href":"https:\/\/www.estrategiaconcursos.com.br\/blog\/wp-json\/wp\/v2\/comments?post=1683418"}],"version-history":[{"count":21,"href":"https:\/\/www.estrategiaconcursos.com.br\/blog\/wp-json\/wp\/v2\/posts\/1683418\/revisions"}],"predecessor-version":[{"id":1727555,"href":"https:\/\/www.estrategiaconcursos.com.br\/blog\/wp-json\/wp\/v2\/posts\/1683418\/revisions\/1727555"}],"wp:featuredmedia":[{"embeddable":true,"href":"https:\/\/www.estrategiaconcursos.com.br\/blog\/wp-json\/wp\/v2\/media\/1683420"}],"wp:attachment":[{"href":"https:\/\/www.estrategiaconcursos.com.br\/blog\/wp-json\/wp\/v2\/media?parent=1683418"}],"wp:term":[{"taxonomy":"category","embeddable":true,"href":"https:\/\/www.estrategiaconcursos.com.br\/blog\/wp-json\/wp\/v2\/categories?post=1683418"},{"taxonomy":"post_tag","embeddable":true,"href":"https:\/\/www.estrategiaconcursos.com.br\/blog\/wp-json\/wp\/v2\/tags?post=1683418"},{"taxonomy":"tax_estado","embeddable":true,"href":"https:\/\/www.estrategiaconcursos.com.br\/blog\/wp-json\/wp\/v2\/tax_estado?post=1683418"}],"curies":[{"name":"wp","href":"https:\/\/api.w.org\/{rel}","templated":true}]}}