{"id":1683351,"date":"2025-12-14T07:00:00","date_gmt":"2025-12-14T10:00:00","guid":{"rendered":"https:\/\/www.estrategiaconcursos.com.br\/blog\/?p=1683351"},"modified":"2025-12-16T13:18:26","modified_gmt":"2025-12-16T16:18:26","slug":"gabarito-extraoficial-cge-sp-combate-corrupcao","status":"publish","type":"post","link":"https:\/\/www.estrategiaconcursos.com.br\/blog\/gabarito-extraoficial-cge-sp-combate-corrupcao\/","title":{"rendered":"Gabarito Extraoficial CGE SP &#8211; Combate \u00e0 Corrup\u00e7\u00e3o"},"content":{"rendered":"\n<p>Neste domingo, 14 de dezembro, est\u00e3o sendo aplicadas as <strong>provas objetivas e discursivas do concurso CGE SP (<a href=\"https:\/\/www.estrategiaconcursos.com.br\/cursosPorConcurso\/controladoria-geral-do-estado-de-sao-paulo-cge-sp\/\" target=\"_blank\" rel=\"noreferrer noopener\">Controladoria-Geral do Estado de S\u00e3o Paulo<\/a>)<\/strong>.<strong>&nbsp;<\/strong><\/p>\n\n\n\n<p>As avalia\u00e7\u00f5es acontecem em dois turnos, sendo das 8h \u00e0s 12h30, no turno da manh\u00e3, e das 15h30 \u00e0s 20h, no turno da tarde, segundo o hor\u00e1rio oficial de Bras\u00edlia, DF<\/p>\n\n\n\n<p>Com o objetivo de ajud\u00e1-lo a diminuir a ansiedade de saber se foi bem ou n\u00e3o em um concurso t\u00e3o importante,&nbsp;nossos professores realizam a <strong>corre\u00e7\u00e3o ao vivo<\/strong> a partir das 20h.<\/p>\n\n\n\n<p>Neste evento, eles analisam o&nbsp;<strong>gabarito extraoficial<\/strong> da prova do concurso CGE SP para o cargo de <strong>Auditor Estadual de Controle<\/strong> \u2013 Especialidade Correi\u00e7\u00e3o e Combate \u00e0 Corrup\u00e7\u00e3o.<\/p>\n\n\n\n<p>Assim, confira antecipadamente seu desempenho e ainda receba <strong>dicas de recursos<\/strong> (se houver necessidade, claro!).<\/p>\n\n\n\n<p>Lembrando que os gabaritos preliminares devem ser liberados no site da <a href=\"https:\/\/conhecimento.fgv.br\/concursos\/cgesp2025\" target=\"_blank\" rel=\"noreferrer noopener\">FGV<\/a> somente no dia 16 de dezembro, pr\u00f3xima ter\u00e7a-feira.<\/p>\n\n\n\n<h2 class=\"wp-block-heading\" id=\"Enfermagem\">Corre\u00e7\u00e3o ao vivo e Gabarito Extraoficial CGE SP &#8211; Cargo: Auditor Estadual de Controle &#8211; Especialidade Correi\u00e7\u00e3o e Combate \u00e0 Corrup\u00e7\u00e3o!<\/h2>\n\n\n<figure class=\"wp-block-embed-youtube wp-block-embed is-type-video is-provider-youtube wp-embed-aspect-16-9 wp-has-aspect-ratio\"><div class=\"lyte-wrapper\" style=\"width:853px;max-width:100%;margin:5px;\"><div class=\"lyMe\" id=\"WYL_e1wTnzHrceY\"><div id=\"lyte_e1wTnzHrceY\" data-src=\"\/\/i.ytimg.com\/vi\/e1wTnzHrceY\/hqdefault.jpg\" class=\"pL\"><div class=\"tC\"><div class=\"tT\"><\/div><\/div><div class=\"play\"><\/div><div class=\"ctrl\"><div class=\"Lctrl\"><\/div><div class=\"Rctrl\"><\/div><\/div><\/div><noscript><a href=\"https:\/\/youtu.be\/e1wTnzHrceY\" rel=\"nofollow\"><img loading=\"lazy\" decoding=\"async\" src=\"https:\/\/i.ytimg.com\/vi\/e1wTnzHrceY\/0.jpg\" alt=\"YouTube video thumbnail\" width=\"853\" height=\"460\" \/><br \/>Assista a este v\u00eddeo no YouTube<\/a><\/noscript><\/div><\/div><div class=\"lL\" style=\"max-width:100%;width:853px;margin:5px;\"><\/div><figcaption><\/figcaption><\/figure>\n\n\n<p><strong>Aten\u00e7\u00e3o! <\/strong>Cada prova costuma ter uma ordena\u00e7\u00e3o diferente das quest\u00f5es. Assim, fique atento ao in\u00edcio do enunciado na sua vers\u00e3o de prova.<\/p>\n\n\n\n<h2 class=\"wp-block-heading has-text-align-center has-very-light-gray-to-cyan-bluish-gray-gradient-background has-background\" id=\"h-modulo-i-manha\" style=\"font-size:clamp(18.959px, 1.185rem + ((1vw - 3.2px) * 1.082), 30px);\">M\u00f3dulo I &#8211; Manh\u00e3<\/h2>\n\n\n\n<h3 class=\"wp-block-heading has-text-align-center has-cyan-bluish-gray-background-color has-background\" id=\"h-lingua-portuguesa\" style=\"font-size:clamp(16.293px, 1.018rem + ((1vw - 3.2px) * 0.854), 25px);\"><strong><em>L\u00edngua Portuguesa<\/em><\/strong><\/h3>\n\n\n\n<p><strong>Quest\u00e3o 1 &#8211;<\/strong> Assinale a frase em que o termo sublinhado \u00e9 referencialmente identificado, de forma eficiente, para o leitor.<br \/><strong>Alternativa:<\/strong> C &#8211; Guimar\u00e3es Rosa, nosso grande romancista, iniciou sua carreira liter\u00e1ria pela poesia.<\/p>\n\n\n\n<p><strong>Quest\u00e3o 2 &#8211;<\/strong> Leia o texto a seguir.<em> &#8220;O presidente da ultraliberal Uni\u00e3o da Pol\u00edtica Real, Janus Mikke, partid\u00e1rio do endurecimento do C\u00f3digo Penal e porta-voz incans\u00e1vel da luta contra a delinqu\u00eancia na Pol\u00f4nia&#8221;<br \/><\/em><strong>Alternativa:<\/strong> A &#8211; O texto exemplifica o modo narrativo de organiza\u00e7\u00e3o discursiva.<\/p>\n\n\n\n<p><strong>Quest\u00e3o 3 &#8211;<\/strong> Leia o texto a seguir. <em>&#8220;Os p\u00e9s do homem se afundaram na areia, deixando uma marca informe, como se fosse a pegada de algum animal.&#8221;<\/em><br \/><strong>Alternativa:<\/strong> B  &#8211; do uso de express\u00f5es referenciais que aludem a personagens ainda n\u00e3o mencionados.<\/p>\n\n\n\n<p><strong>Quest\u00e3o 4 &#8211;<\/strong> Leia o texto a seguir.<em> &#8220;Diante da ag\u00eancia dos Correios havia uma oficina de carpintaria e uma loja de roupa infantil.&#8221;<\/em><br \/><strong>Alternativa:<\/strong> D &#8211; O pronome demonstrativo &#8220;aquela&#8221; se refere ao segundo dos elementos citados (loja).<\/p>\n\n\n\n<p><strong>Quest\u00e3o 5 &#8211;<\/strong> Leia o seguinte texto, retirado de uma hist\u00f3ria infantil: <em>&#8220;Era uma vez um poderoso rei chamado Uriel, que vivia num majestoso castelo ao norte do reino de Mantrif\u00e1s.&#8221;<\/em><br \/><strong>Alternativa:<\/strong> C &#8211; O pronome relativo &#8220;que&#8221; &#8211; que se reuniam &#8211; tem por antecedente o substantivo &#8220;corte&#8221;.<\/p>\n\n\n\n<p><strong>Quest\u00e3o 6 &#8211;<\/strong> Assinale a frase que mostra uma constru\u00e7\u00e3o correta.<br \/><strong>Alternativa:<\/strong> E &#8211; O relat\u00f3rio comprova que tr\u00eas de cada dez eleitores votam em candidatos jovens.<\/p>\n\n\n\n<p><strong>Quest\u00e3o 7 &#8211;<\/strong> Leia o texto a seguir. <em>&#8220;Belo Horizonte, a capital de Minas Gerais, foi palco de um brutal crime transf\u00f3bico, registrado pelas c\u00e2meras de seguran\u00e7a na regi\u00e3o de Venda Nova.&#8221;<\/em><br \/><strong>Alternativa:<\/strong> D &#8211; Os termos &#8220;A mulher&#8221; e &#8220;o homem&#8221; se referem a termos anteriores pelo crit\u00e9rio de identifica\u00e7\u00e3o sexual.<\/p>\n\n\n\n<p><strong>Quest\u00e3o 8 &#8211;<\/strong> A morte de Afonso VI, rei de Le\u00e3o e Castela, quase no fim da primeira d\u00e9cada do s\u00e9culo XII, deu origem a acontecimentos ainda mais graves do que os por ele previstos no momento em que ia trocar o brial de cavaleiro e o cetro de rei, pela mortalha com que o desceram ao sepulcro no Mosteiro de Sahagun. (O Bobo, Alexandre Herculano)<\/p>\n\n\n\n<p><strong>Quest\u00e3o 9 &#8211;<\/strong> Nas op\u00e7\u00f5es a seguir h\u00e1 termos destacados que s\u00e3o referidos de forma diferente na continuidade do texto. Assinale a op\u00e7\u00e3o em que essa refer\u00eancia \u00e9 feita por um termo geral.<br \/><strong>Alternativa:<\/strong> A &#8211; Vou usar o computador com reserva. Esse equipamento invade a privacidade humana.<\/p>\n\n\n\n<p><strong>Quest\u00e3o 10 <\/strong>&#8211; As op\u00e7\u00f5es a seguir mostram ora\u00e7\u00f5es adjetivas sublinhadas. Assinale a op\u00e7\u00e3o que apresenta a substitui\u00e7\u00e3o adequada de uma ora\u00e7\u00e3o por um adjetivo.<br \/><strong>Alternativa:<\/strong> E &#8211; O mundo \u00e9 perigoso n\u00e3o por causa daqueles que fazem o mal, mas por causa daqueles que veem e deixam o mal ser feito.\/maldosos<\/p>\n\n\n\n<p><strong>Quest\u00e3o 11 <\/strong>&#8211; Assinale a op\u00e7\u00e3o em que se cometeu um erro no emprego de palavras par\u00f4nimas ou hom\u00f4nimas.<br \/><strong>Alternativa:<\/strong> B &#8211; Fomos todos ao teatro para ver o conserto.<\/p>\n\n\n\n<p><strong>Quest\u00e3o 12 &#8211; <\/strong>Assinale a op\u00e7\u00e3o que apresenta o texto que deve ser inclu\u00eddo entre os narrativos.<br \/><strong>Alternativa:<\/strong> E &#8211; O carteiro entrou na rua e distribuiu rapidamente a correspond\u00eancia pelas poucas casas.<\/p>\n\n\n\n<h3 class=\"wp-block-heading has-text-align-center has-cyan-bluish-gray-background-color has-background\" id=\"h-lingua-inglesa\" style=\"font-size:clamp(16.293px, 1.018rem + ((1vw - 3.2px) * 0.854), 25px);\"><strong><em>L\u00edngua Inglesa<\/em><\/strong><\/h3>\n\n\n\n<p><strong>Quest\u00e3o 13 <\/strong>&#8211; Read the following text and answer the questions. &#8220;Artificial Intelligence: The &#8220;lethal trifecta&#8221;. Based on the text, mark the statements below as true (T) or false (F). <br \/><strong>Alternativa:<\/strong> C &#8211; F-F-\u0422.<\/p>\n\n\n\n<p><strong>Quest\u00e3o 14 <\/strong>&#8211; The author compares Al and 19th century engineers to argue that the latter were<br \/><strong>Alternativa:<\/strong> A &#8211; overcareful.<\/p>\n\n\n\n<p><strong>Quest\u00e3o 15<\/strong> &#8211; By referring to LLMs as a trendy way of building artificial intelligence (1st paragraph), the author implies they are<br \/><strong>Alternativa:<\/strong> E &#8211; currently popular.<\/p>\n\n\n\n<p><strong>Quest\u00e3o 16<\/strong> &#8211; The word tricked (1st paragraph) means that LLMs can be<br \/><strong>Alternativa:<\/strong> D &#8211; deceived.<\/p>\n\n\n\n<p><strong>Quest\u00e3o 17<\/strong> &#8211; The phrase shoddy work costs lives (3rd paragraph) refers to work that is<br \/><strong>Alternativa:<\/strong> E &#8211; poor.<\/p>\n\n\n\n<p><strong>Quest\u00e3o 18<\/strong> &#8211; Introducing in by introducing safety margins (6th paragraph) is similar in meaning to<br \/><strong>Alternativa:<\/strong> C &#8211; bringing in.<\/p>\n\n\n\n<p><strong>Quest\u00e3o 19<\/strong> &#8211; The metaphor used in avoid handing it the key<br \/><strong>Alternativa:<\/strong> A  &#8211; full control.<\/p>\n\n\n\n<p><strong>Quest\u00e3o 20<\/strong> &#8211; The text concludes that the Victorian engineers&#8217; decision<br \/><strong>Alternativa:<\/strong> B &#8211; should be heeded.<\/p>\n\n\n\n<h3 class=\"wp-block-heading has-text-align-center has-cyan-bluish-gray-background-color has-background\" id=\"h-fundamentos-de-auditoria-governamental\" style=\"font-size:clamp(16.293px, 1.018rem + ((1vw - 3.2px) * 0.854), 25px);\"><strong><em>Fundamentos de Auditoria Governamental<\/em><\/strong><\/h3>\n\n\n\n<p><strong>Quest\u00e3o 21<\/strong> &#8211; Ao realizar um trabalho de auditoria interna, a equipe aplicou as t\u00e9cnicas de auditoria a seguir. <br \/><strong>Alternativa:<\/strong> A &#8211; Inspe\u00e7\u00e3o, Circulariza\u00e7\u00e3o e Vouching.<\/p>\n\n\n\n<p><strong>Quest\u00e3o 22<\/strong> &#8211; Os auditores internos governamentais devem se comportar com cortesia e respeito no trato com pessoas, mesmo em situa\u00e7\u00f5es de diverg\u00eancia de opini\u00e3o, abstendo-se de emitir ju\u00edzo ou adotar pr\u00e1ticas que indiquem qualquer tipo de discrimina\u00e7\u00e3o ou preconceito.<br \/><strong>Alternativa:<\/strong> C &#8211; Integridade.<\/p>\n\n\n\n<p><strong>Quest\u00e3o 23<\/strong> &#8211; Uma equipe de auditores foi designada para realizar um trabalho que exigia a utiliza\u00e7\u00e3o de seus conhecimentos relativos \u00e0 governan\u00e7a, ao gerenciamento de riscos e aos controles internos.<br \/><strong>Alternativa:<\/strong> E &#8211; Facilita\u00e7\u00e3o.<\/p>\n\n\n\n<p><strong>Quest\u00e3o 24<\/strong> &#8211; Jos\u00e9, servidor da Administra\u00e7\u00e3o P\u00fablica Estadual, foi designado para exercer as fun\u00e7\u00f5es de identificar, avaliar, controlar e mitigar os riscos aos objetivos organizacionais.<br \/><strong>Alternativa:<\/strong> D &#8211; Primeira linha.<\/p>\n\n\n\n<p><strong>Quest\u00e3o 25<\/strong> &#8211; Os requisitos \u00e9ticos representam valores aceit\u00e1veis e esperados em rela\u00e7\u00e3o \u00e0 conduta dos auditores internos governamentais. Considerando as disposi\u00e7\u00f5es do referencial t\u00e9cnico da atividade de auditoria interna governamental, relacione os requisitos \u00e9ticos listados a seguir aos seus respectivos comportamentos.<br \/><strong>Alternativa:<\/strong> B &#8211; 11-1- III.<\/p>\n\n\n\n<p><strong>Quest\u00e3o 26<\/strong> &#8211; Para realiza\u00e7\u00e3o de uma auditoria interna governamental tendo por objeto a presta\u00e7\u00e3o de servi\u00e7os de engenharia de obras h\u00eddricas, foi designada uma equipe de auditores que, em seu conjunto e individualmente, n\u00e3o possu\u00eda as qualifica\u00e7\u00f5es e os conhecimentos necess\u00e1rios \u00e0 realiza\u00e7\u00e3o desse trabalho.<br \/><strong>Alternativa:<\/strong> B &#8211; Profici\u00eancia.<\/p>\n\n\n\n<p><strong>Quest\u00e3o 27<\/strong> &#8211; Sobre a atividade de gerenciamento de riscos, analise as afirmativas a seguir.<br \/><strong>Alternativa:<\/strong> B &#8211; I e II, apenas.<\/p>\n\n\n\n<p><strong>Quest\u00e3o 28<\/strong> &#8211; O Respons\u00e1vel pela UAIG deve zelar pela adequa\u00e7\u00e3o \u0435 disponibilidade dos recursos necess\u00e1rios (humanos, financeiros e tecnol\u00f3gicos) para o cumprimento do Plano de Auditoria Interna. Para isso, os recursos devem ser suficientes, apropriados e eficazmente aplicados.<br \/><strong>Alternativa:<\/strong> C &#8211; re\u00fanem as compet\u00eancias, as habilidades e os conhecimentos t\u00e9cnicos requeridos pela auditoria.<\/p>\n\n\n\n<p><strong>Quest\u00e3o 29<\/strong> &#8211; Nos trabalhos de avalia\u00e7\u00e3o, as quest\u00f5es de auditoria formuladas, os crit\u00e9rios adotados, as t\u00e9cnicas, a natureza e a extens\u00e3o dos testes necess\u00e1rios para identificar, analisar, avaliar e documentar as informa\u00e7\u00f5es durante a execu\u00e7\u00e3o do trabalho, devem estar contidas no documento denominado<br \/><strong>Alternativa:<\/strong> C &#8211; Programa de Trabalho.<\/p>\n\n\n\n<p><strong>Quest\u00e3o 30<\/strong> &#8211; Acerca da supervis\u00e3o da atividade de auditoria interna governamental, avalie as afirmativas a seguir.<br \/><strong>Alternativa:<\/strong> A &#8211; II, apenas.<\/p>\n\n\n\n<p><strong>Quest\u00e3o 31<\/strong> &#8211; A obriga\u00e7\u00e3o dos agentes e das organiza\u00e7\u00f5es que gerenciam recursos p\u00fablicos de assumir integralmente as responsabilidades por suas decis\u00f5es e pela presta\u00e7\u00e3o de contas de sua atua\u00e7\u00e3o de forma volunt\u00e1ria, inclusive sobre as consequ\u00eancias de seus atos e omiss\u00f5es, \u00e9 denominada<br \/><strong>Alternativa:<\/strong> B &#8211; Accountability.<\/p>\n\n\n\n<p><strong>Quest\u00e3o 32<\/strong> &#8211; O planejamento da Auditoria Governamental \u00e9 fundamental para que o trabalho seja realizado com efici\u00eancia e efic\u00e1cia<br \/><strong>Alternativa:<\/strong> E &#8211; Ile III.<\/p>\n\n\n\n<h3 class=\"wp-block-heading has-text-align-center has-cyan-bluish-gray-background-color has-background\" id=\"h-nocoes-de-direito-constitucional\" style=\"font-size:clamp(16.293px, 1.018rem + ((1vw - 3.2px) * 0.854), 25px);\"><strong><em>No\u00e7\u00f5es de Direito Constitucional<\/em><\/strong><\/h3>\n\n\n\n<p><strong>Quest\u00e3o 33<\/strong> &#8211; O Estado Alfa editou a Lei Complementar n\u00ba X, dispondo sobre determinados aspectos afetos ao controle da execu\u00e7\u00e3o or\u00e7ament\u00e1ria, que ainda n\u00e3o tinham sido disciplinados em norma infraconstitucional.<br \/><strong>Alternativa:<\/strong> C &#8211; a Lei Complementar n\u00ba Y somente tem preemin\u00eancia sobre a Lei Complementar n\u00ba X, no campo da aplica\u00e7\u00e3o, na parte em que buscou estabelecer o alicerce normativo b\u00e1sico a ser observado por todos os entes federativos.<\/p>\n\n\n\n<p><strong>Quest\u00e3o 34<\/strong> &#8211; A Constitui\u00e7\u00e3o do Estado Alfa foi alterada e o seu Art. X passou \u0430 dispor que, no \u00e2mbito da Assembleia Legislativa, ser\u00e1 criada uma comiss\u00e3o permanente de articula\u00e7\u00e3o e controle interinstitucional, que ser\u00e1 respons\u00e1vel por manter di\u00e1logo permanente com as estruturas estatais de poder de nivel estadual, aglutinar_as informa\u00e7\u00f5es decorrentes do controle realizado pelo Poder Legislativo, e contribuir para o aperfei\u00e7oamento de fun\u00e7\u00f5es e servi\u00e7os p\u00fablicos.<br \/><strong>Alternativa:<\/strong> B &#8211; limitada e de princ\u00edpio institutivo.<\/p>\n\n\n\n<p><strong>Quest\u00e3o 35<\/strong> &#8211; Em mat\u00e9ria de controle interno, no contexto da fiscaliza\u00e7\u00e3o cont\u00e1bil, financeira e or\u00e7ament\u00e1ria, de acordo com a Constitui\u00e7\u00e3o Federal, assinale a afirmativa correta.<br \/><strong>Alternativa:<\/strong> D &#8211; Os Poderes Legislativo, Executivo e Judici\u00e1rio manter\u00e3o, de forma integrada, sistema de controle interno com a finalidade de, entre outros, exercer o controle das opera\u00e7\u00f5es de cr\u00e9dito, avais e garantias, bem como dos direitos e haveres da Uni\u00e3o.<\/p>\n\n\n\n<p><strong>Quest\u00e3o 36<\/strong> &#8211; Entre os servidores p\u00fablicos do Estado Sigma, iniciou-se um movimento com o objetivo de construir um referencial de isonomia remunerat\u00f3ria, de modo a estimular a atua\u00e7\u00e3o funcional e a aumentar a produtividade.<br \/><strong>Alternativa:<\/strong> A &#8211; Pode ser realizada, mas n\u00e3o pode alcan\u00e7ar os membros do Poder Legislativo.<\/p>\n\n\n\n<p><strong>Quest\u00e3o 37<\/strong> &#8211; No \u00e2mbito do Poder Executivo do ente subnacional Delta, foi institu\u00eddo um grupo de trabalho com o objetivo de verificar a viabilidade jur\u00eddica, econ\u00f4mica e financeira de se instituir um regime pr\u00f3prio de Previd\u00eancia Social para os servidores p\u00fablicos estaduais ocupantes de cargos de provimento efetivo.<br \/><strong>Alternativa:<\/strong> D &#8211; a cria\u00e7\u00e3o do regime pr\u00f3prio de Previd\u00eancia Social \u00e9 vedada, mas a previs\u00e3o de crit\u00e9rios diferenciados, para os servidores indicados, \u00e9 uma faculdade de Delta.<\/p>\n\n\n\n<p><strong>Quest\u00e3o 38<\/strong> &#8211; O Chefe do Poder Executivo do Estado Sigma encaminhou projeto de lei \u00e0 Assembleia Legislativa no qual criava novos cargos em comiss\u00e3o de simbologia XX, j\u00e1 existente na referida estrutura, e aumentava sua remunera\u00e7\u00e3o em 10% (dez por cento).<br \/><strong>Alternativa:<\/strong> C &#8211; apenas a segunda emenda \u00e9 constitucional.<\/p>\n\n\n\n<p><strong>Quest\u00e3o 39<\/strong> &#8211; Jo\u00e3o, servidor p\u00fablico estadual, foi detido por agentes das for\u00e7as de seguran\u00e7a p\u00fablica sob o argumento de estar em situa\u00e7\u00e3o em de flagrante delito pela pr\u00e1tica de determinada infra\u00e7\u00e3o penal.<br \/><strong>Alternativa:<\/strong> C &#8211; Pode ser objeto de recurso a ser julgado pelo Superior Tribunal de Justi\u00e7a.<\/p>\n\n\n\n<p><strong>Quest\u00e3o 40<\/strong> &#8211; A partir de uma informa\u00e7\u00e3o an\u00f4nima, fiscais vinculados \u00e0 Secretaria competente do Poder Executivo Estadual constataram que Jo\u00e3o estava desenvolvendo certa atividade econ\u00f4mica sem pr\u00e9via autoriza\u00e7\u00e3o do Poder P\u00fablico.<br \/><strong>Alternativa:<\/strong> D &#8211; o princ\u00edpio constitucional da livre iniciativa evidencia que a explora\u00e7\u00e3o de atividade econ\u00f4mica n\u00e3o pode ser condicionada \u00e0 pr\u00e9via autoriza\u00e7\u00e3o do Poder P\u00fablico.<\/p>\n\n\n\n<h3 class=\"wp-block-heading has-text-align-center has-cyan-bluish-gray-background-color has-background\" id=\"h-nocoes-de-direito-administrativo\" style=\"font-size:clamp(16.293px, 1.018rem + ((1vw - 3.2px) * 0.854), 25px);\"><strong><em>No\u00e7\u00f5es de Direito Administrativo<\/em><\/strong><\/h3>\n\n\n\n<p><strong>Quest\u00e3o 41<\/strong> &#8211; A sociedade empres\u00e1ria Alfa est\u00e1 participando de processo licitat\u00f3rio em curso, visando \u00e0 celebra\u00e7\u00e3o de contrato administrativo com a empresa p\u00fablica Beta, em observ\u00e2ncia \u00e0s formalidades legais.<br \/><strong>Alternativa:<\/strong> C &#8211; III, apenas.<\/p>\n\n\n\n<p><strong>Quest\u00e3o 42<\/strong> &#8211; Jo\u00e3o, agente p\u00fablico, agindo com dolo, praticou, no \u00e2mbito da Administra\u00e7\u00e3o P\u00fablica e com recursos do er\u00e1rio, ato de publicidade em contrariedade aos mandamentos constitucionais &#8211; que exigem o car\u00e1ter educativo, informativo ou de orienta\u00e7\u00e3o social da propaganda-, de forma a promover inequ\u00edvoco enaltecimento pr\u00f3prio e personaliza\u00e7\u00e3o de atos e de programas dos \u00f3rg\u00e3os p\u00fablicos.<br \/><strong>Alternativa:<\/strong> A &#8211; proibi\u00e7\u00e3o de contratar com o poder p\u00fablico ou de receber benef\u00edcios ou incentivos fiscais ou credit\u00edcios, direta ou indiretamente, pelo prazo n\u00e3o superior a quatro anos.<\/p>\n\n\n\n<p><strong>Quest\u00e3o 43<\/strong> &#8211; A Pol\u00edcia Federal, ap\u00f3s complexa investiga\u00e7\u00e3o, logrou prender Jo\u00e3o, l\u00edder da organiza\u00e7\u00e3o criminosa Alfa, o qual se encontra, atualmente, custodiado no estabelecimento prisional estadual Beta, no \u00e2mbito do Estado Sigma.<br \/><strong>Alternativa:<\/strong> A &#8211; Andr\u00e9, mas n\u00e3o Cloves e Tiago.<\/p>\n\n\n\n<p><strong>Quest\u00e3o 44<\/strong> &#8211; O C\u00f3digo de \u00c9tica da Administra\u00e7\u00e3o P\u00fablica direta e aut\u00e1rquica \u00e9 um instrumento de orienta\u00e7\u00e3o e governan\u00e7a p\u00fablica a ser observado, em suas rela\u00e7\u00f5es internas e externas, como referencial \u00e9tico e de integridade pelos agentes p\u00fablicos estaduais, sem preju\u00edzo da incid\u00eancia dos demais deveres e proibi\u00e7\u00f5es legais e regulamentares.<br \/><strong>Alternativa:<\/strong> A &#8211; Atender liga\u00e7\u00f5es e solicita\u00e7\u00f5es para participar de reuni\u00f5es ou de atividades relacionadas \u00e0s suas compet\u00eancias, durante o hor\u00e1rio de expediente ou fora dele, quando o interesse p\u00fablico exigir.<\/p>\n\n\n\n<p><strong>Quest\u00e3o 45<\/strong> &#8211; O Decreto Estadual n\u00ba 69.474\/2025, ao dispor sobre o conflito de interesses no \u00e2mbito da Administra\u00e7\u00e3o P\u00fablica direta e aut\u00e1rquica, aduz que conflito de interesses \u00e9 a situa\u00e7\u00e3o gerada pelo confronto entre os interesses p\u00fablicos e privados, que pode comprometer o interesse coletivo ou influenciar, de maneira impr\u00f3pria, o desempenho da fun\u00e7\u00e3o p\u00fablica.<br \/><strong>Alternativa:<\/strong> A &#8211; V-F-V.<\/p>\n\n\n\n<p><strong>Quest\u00e3o 46<\/strong> &#8211; O pedido de informa\u00e7\u00f5es dever\u00e1 ser apresentado por meio da Plataforma Integrada de Ouvidoria e Acesso \u00e0 Informa\u00e7\u00e3o, presencialmente ao Servi\u00e7o de Informa\u00e7\u00f5es ao Cidad\u00e3o (SIC) de \u00f3rg\u00e3o ou entidade ou por qualquer meio leg\u00edtimo que contenha a identifica\u00e7\u00e3o do interessado e a especifica\u00e7\u00e3o da informa\u00e7\u00e3o requerida.<br \/><strong>Alternativa:<\/strong> E &#8211; I, II eIII.<\/p>\n\n\n\n<p><strong>Quest\u00e3o 47<\/strong> &#8211; Nos termos da Lei de Prote\u00e7\u00e3o de Dados Pessoais, o leg\u00edtimo interesse do controlador somente poder\u00e1 fundamentar tratamento de dados pessoais para finalidades leg\u00edtimas, consideradas a partir de situa\u00e7\u00f5es concretas, que incluem, mas n\u00e3o se limitam, a apoiar e promover as atividades do controlador e a proteger, em rela\u00e7\u00e3o ao titular, do exerc\u00edcio regular de seus direitos ou presta\u00e7\u00e3o de servi\u00e7os que o beneficiem, respeitadas as leg\u00edtimas expectativas dele e os direitos e liberdades fundamentais.<br \/><strong>Alternativa:<\/strong> E &#8211; V-F-F.<\/p>\n\n\n\n<p><strong>Quest\u00e3o 48<\/strong> &#8211; O processo de contrata\u00e7\u00e3o direta, que compreende os casos de inexigibilidade e de dispensa de licita\u00e7\u00e3o, dever\u00e1 ser instru\u00eddo, dentre outros, com o documento de formaliza\u00e7\u00e3o de demanda e, se for o caso, estudo t\u00e9cnico preliminar, an\u00e1lise de riscos, termo de refer\u00eancia, projeto b\u00e1sico ou projeto executivo.<br \/><strong>Alternativa:<\/strong> E &#8211; I, II e III.<\/p>\n\n\n\n<h3 class=\"wp-block-heading has-text-align-center has-cyan-bluish-gray-background-color has-background\" id=\"h-administracao-publica-e-politicas-publicas\" style=\"font-size:clamp(16.293px, 1.018rem + ((1vw - 3.2px) * 0.854), 25px);\"><strong><em>Administra\u00e7\u00e3o P\u00fablica e Pol\u00edticas P\u00fablicas<\/em><\/strong><\/h3>\n\n\n\n<p><strong>Quest\u00e3o 49<\/strong> &#8211; Em uma reuni\u00e3o de avalia\u00e7\u00e3o ex ante de uma pol\u00edtica p\u00fablica, a equipe t\u00e9cnica notou que os indicadores escolhidos abrangeriam uma grande quantidade de aspectos do programa, incluindo detalhes que pouco influenciariam no resultado esperado. Diante disso, conclu\u00edram que seria necess\u00e1rio limitar os indicadores aos elementos realmente essenciais do fen\u00f4meno, evitando dispers\u00e3o e excesso de informa\u00e7\u00e3o.<br \/><strong>Alternativa:<\/strong> B &#8211; Seletividade.<\/p>\n\n\n\n<p><strong>Quest\u00e3o 50<\/strong> &#8211; O or\u00e7amento participativo \u00e9 um importante instrumento de democratiza\u00e7\u00e3o da gest\u00e3o p\u00fablica, pois permite \u00e0 popula\u00e7\u00e3o propor e deliberar sobre prioridades de investimento em \u00e1reas como sa\u00fade, educa\u00e7\u00e3o, saneamento e transporte.<br \/><strong>Alternativa:<\/strong> E &#8211; Risco de manipula\u00e7\u00e3o por interesses locais.<\/p>\n\n\n\n<p><strong>Quest\u00e3o 51<\/strong> &#8211; O planejamento estrat\u00e9gico na Administra\u00e7\u00e3o P\u00fablica \u00e9 um processo cont\u00ednuo que orienta a defini\u00e7\u00e3o de rumos, prioridades e a\u00e7\u00f5es voltadas ao cumprimento da miss\u00e3o institucional.<br \/><strong>Alternativa:<\/strong> A &#8211; Apresentam natureza qualitativa, em raz\u00e3o de a Administra\u00e7\u00e3o P\u00fablica n\u00e3o ter finalidade lucrativa.<\/p>\n\n\n\n<p><strong>Quest\u00e3o 52<\/strong> &#8211; O Decreto Estadual n\u00ba 68.159\/2023 instituiu a Pol\u00edtica de Governan\u00e7a da Administra\u00e7\u00e3o P\u00fablica Direta e Aut\u00e1rquica do Estado de S\u00e3o Paulo, estabelecendo que a boa governan\u00e7a deve ser assegurada por tr\u00eas mecanismos complementares: lideran\u00e7a, estrat\u00e9gia e controle.<br \/><strong>Alternativa:<\/strong> C -Integridade.<\/p>\n\n\n\n<p><strong>Quest\u00e3o 53<\/strong> &#8211; Em estudos sobre corrup\u00e7\u00e3o e pol\u00edticas p\u00fablicas, considera-se que, al\u00e9m do ambiente institucional e dos fatores organizacionais, a lideran\u00e7a anti\u00e9tica desempenha um papel crucial na incid\u00eancia de corrup\u00e7\u00e3o.<br \/><strong>Alternativa:<\/strong> C &#8211;  Articular esquemas informais e aut\u00f4nomos de corrup\u00e7\u00e3o fora dos processos formais, de modo que os mecanismos organizacionais permane\u00e7am aparentemente intactos e as pol\u00edticas p\u00fablicas conservem uma fachada de coer\u00eancia e legitimidade.<\/p>\n\n\n\n<p><strong>Quest\u00e3o 54<\/strong> &#8211; Com o objetivo de aprimorar a transpar\u00eancia e fortalecer os mecanismos de controle de procedimentos operacionais, o Governo do Estado do Rio de Janeiro encomendou um relat\u00f3rio de an\u00e1lise de pol\u00edtica p\u00fablica para avaliar a ado\u00e7\u00e3o de c\u00e2meras corporais (body cameras) nos uniformes dos policiais militares.<br \/><strong>Alternativa:<\/strong> D &#8211; obteve a maior nota total, impulsionada pelo peso combinado de 80% dos crit\u00e9rios de simplicidade e viabilidade pol\u00edtica.<\/p>\n\n\n\n<h3 class=\"wp-block-heading has-text-align-center has-cyan-bluish-gray-background-color has-background\" id=\"h-legislacao-institucional-da-cge-sp-e-mecanismos-de-integridade\" style=\"font-size:clamp(16.293px, 1.018rem + ((1vw - 3.2px) * 0.854), 25px);\"><strong><em>Legisla\u00e7\u00e3o institucional da CGE-SP e mecanismos de integridade<\/em><\/strong><\/h3>\n\n\n\n<p><strong>Quest\u00e3o 55<\/strong> &#8211; Sobre as atividades desempenhadas pelo Auditor Estadual de Controle de S\u00e3o Paulo, segundo os balizamentos da Lei Complementar estadual n\u00ba 1.419\/2024, avalie os itens a seguir e assinale (V) para o verdadeiro e (F) para o falso.<br \/><strong>Alternativa:<\/strong> E &#8211; F-F-F.<\/p>\n\n\n\n<p><strong>Quest\u00e3o 56<\/strong> &#8211; Foi recebida uma den\u00fancia de irregularidade, de representante an\u00f4nimo, no \u00e2mbito de certa unidade de apura\u00e7\u00e3o preliminar no Estado de S\u00e3o Paulo, que revelou a gravidade dos fatos na perspectiva administrativa, os quais apontavam para uma ruptura com a juridicidade.<br \/><strong>Alternativa:<\/strong> B &#8211; O ato de instaura\u00e7\u00e3o da apura\u00e7\u00e3o preliminar, que \u00e9 dispensado de publica\u00e7\u00e3o, deve ser fundamentado e delimitar\u00e1 o escopo da investiga\u00e7\u00e3o.<\/p>\n\n\n\n<p><strong>Quest\u00e3o 57<\/strong> &#8211; Determinado agente p\u00fablico da Administra\u00e7\u00e3o P\u00fablica direta do Estado de S\u00e3o Paulo foi comunicado de que um agente privado, que admirava sua atua\u00e7\u00e3o funcional, iria comparecer \u00e0 reparti\u00e7\u00e3o p\u00fablica e lhe ofertaria um presente.<br \/><strong>Alternativa:<\/strong> C &#8211; \u00e9 poss\u00edvel o recebimento do presente, na hip\u00f3tese de inviabilidade da recusa ou de devolu\u00e7\u00e3o imediata, o que exigir\u00e1 o seu registro e a entrega a \u00f3rg\u00e3o espec\u00edfico.<\/p>\n\n\n\n<p><strong>Quest\u00e3o 58<\/strong> &#8211; Pedro, servidor p\u00fablico ocupante de cargo de provimento efetivo no \u00e2mbito de uma autarquia do Estado de S\u00e3o Paulo, sem agentes subordinados a ele, tinha d\u00favidas se determinada rela\u00e7\u00e3o profissional, mantida fora do ambiente p\u00fablico e para \u0430 qual o respectivo regime jur\u00eddico n\u00e3o estabelecia veda\u00e7\u00e3o expressa, configurava, ou n\u00e3o, conflito de interesses.<br \/><strong>Alternativa:<\/strong> B* (poss\u00edvel recurso) &#8211; consultar a unidade de gest\u00e3o de integridade da autarquia para dirimir a d\u00favida.<\/p>\n\n\n\n<p><strong>Quest\u00e3o 59<\/strong> &#8211; No \u00e2mbito da Administra\u00e7\u00e3o P\u00fablica direta do Estado de S\u00e3o Paulo, foi analisada a juridicidade da nomea\u00e7\u00e3o de uma pessoa para ocupar cargo em comiss\u00e3o, pessoa esta que tem rela\u00e7\u00e3o de parentesco por afinidade de terceiro grau com um Secret\u00e1rio de Estado.<br \/><strong>Alternativa:<\/strong> E &#8211; \u00c9 l\u00edcita, ainda que a pessoa atue na \u00e1rea de influ\u00eancia do Secret\u00e1rio com o qual mant\u00e9m rela\u00e7\u00e3o de parentesco, mas sem rela\u00e7\u00e3o de chefia imediata, desde que realizada anteriormente ao in\u00edcio do v\u00ednculo familiar.<\/p>\n\n\n\n<p><strong>Quest\u00e3o 60<\/strong> &#8211; No \u00e2mbito de determinada estrutura org\u00e2nica da Administra\u00e7\u00e3o P\u00fablica direta do Estado de S\u00e3o Paulo, surgiram d\u00favidas em rela\u00e7\u00e3o aos contornos gerais dos denominados dados abertos, considerando a necessidade de implementa\u00e7\u00e3o da pol\u00edtica hom\u00f4nima adotada no \u00e2mbito do Poder Executivo.<br \/><strong>Alternativa:<\/strong> D &#8211; II e III, apenas.<\/p>\n\n\n\n<h2 class=\"wp-block-heading has-text-align-center has-very-light-gray-to-cyan-bluish-gray-gradient-background has-background\" id=\"h-modulo-ii-tarde\" style=\"font-size:clamp(18.959px, 1.185rem + ((1vw - 3.2px) * 1.082), 30px);\">M\u00f3dulo II &#8211; Tarde<\/h2>\n\n\n\n<h3 class=\"wp-block-heading has-text-align-center has-cyan-bluish-gray-background-color has-background\" id=\"h-direito-administrativo-sancionador\" style=\"font-size:clamp(16.293px, 1.018rem + ((1vw - 3.2px) * 0.854), 25px);\"><strong><em>Direito Administrativo Sancionador<\/em><\/strong><\/h3>\n\n\n\n<p><strong>Quest\u00e3o 1 &#8211;<\/strong> Ao regular o processo administrativo no \u00e2mbito da Administra\u00e7\u00e3o P\u00fablica do Estado de S\u00e3o Paulo, a Lel Estadual n\u00ba 10.177\/1998 prev\u00e9 que a Administra\u00e7\u00e3o n\u00e3o iniciar\u00e1 qualquer atua\u00e7\u00e3o material relacionada com a esfera jur\u00eddica dos particulares sem a pr\u00e9via expedi\u00e7\u00e3o do ato administrativo que lhe sirva de fundamento, salvo na hip\u00f3tese de expressa previs\u00e3o legal.<br \/><strong>Alternativa:<\/strong> D &#8211; privativa do Governador do Estado.<\/p>\n\n\n\n<p><strong>Quest\u00e3o 2 &#8211;<\/strong> Ap\u00f3s a observ\u00e2ncia do contradit\u00f3rio e da ampla defesa, como consect\u00e1rios do devido processo legal, a sociedade empres\u00e1ria Alfa foi condenada, na esfera administrativa, pela pr\u00e1tica de ato il\u00edcito descrito na Lei Anticorrup\u00e7\u00e3o.<br \/><strong>Alternativa:<\/strong> A &#8211; O tempo dos contratos mantidos pela pessoa jur\u00eddica com o \u00f3rg\u00e3o p\u00fablico lesado.<\/p>\n\n\n\n<p><strong>Quest\u00e3o 3 &#8211;<\/strong> Jo\u00e3o, agente p\u00fablico, chegou \u00e0 conclus\u00e3o de que a capta\u00e7\u00e3o ambiental de sinais eletromagn\u00e9ticos, \u00f3pticos e ac\u00fasticos \u00e9 necess\u00e1ria para combater delitos perpetrados pela organiza\u00e7\u00e3o criminosa Alfa.<br \/><strong>Alternativa:<\/strong> D &#8211; Jo\u00e3o, agente p\u00fablico, chegou \u00e0 conclus\u00e3o de que a capta\u00e7\u00e3o ambiental de sinais eletromagn\u00e9ticos, \u00f3pticos e ac\u00fasticos \u00e9 necess\u00e1ria para combater delitos perpetrados pela organiza\u00e7\u00e3o criminosa Alfa.<\/p>\n\n\n\n<p><strong>Quest\u00e3o 4 &#8211;<\/strong> O Minist\u00e9rio P\u00fablico ingressou em Ju\u00edzo com uma a\u00e7\u00e3o em detrimento de Matheus, agente p\u00fablico no Estado Alfa, sob o fundamento de que o referido servidor p\u00fablico teria perpetrado ato doloso de improbidade administrativa.<br \/><strong>Alternativa:<\/strong> D &#8211; Celebrar contrato de rateio de cons\u00f3rcio p\u00fablico sem suficiente e pr\u00e9via dota\u00e7\u00e3o or\u00e7ament\u00e1ria, ou sem observar as formalidades previstas na lei.<\/p>\n\n\n\n<p><strong>Quest\u00e3o 5 &#8211;<\/strong> A institui\u00e7\u00e3o financeira Alfa, deixou de cumprir diversas obriga\u00e7\u00f5es previstas na legisla\u00e7\u00e3o que versa sobre o crime de lavagem de capitais.<br \/><strong>Alternativa:<\/strong> C &#8211; A institui\u00e7\u00e3o financeira Alfa, deixou de cumprir diversas obriga\u00e7\u00f5es previstas na legisla\u00e7\u00e3o que versa sobre o crime de lavagem de capitais. Com efeito, em sede de responsabiliza\u00e7\u00e3o administrativa, em observ\u00e2ncia \u00e0s formalidades legais, verificouse a necessidade de apenar a entidade privada com uma multa.<\/p>\n\n\n\n<p><strong>Quest\u00e3o 6 &#8211;<\/strong> Com o objetivo de combater a corrup\u00e7\u00e3o, cada Estado-parte, em conformidade com os princ\u00edpios fundamentais de seu ordenamento jur\u00eddico, promover\u00e1, entre outras coisas, a integridade, a honestidade e a responsabilidade entre seus funcion\u00e1rios p\u00fablicos.<br \/><strong>Alternativa:<\/strong> D &#8211; l e II, apenas.<\/p>\n\n\n\n<p><strong>Quest\u00e3o 7 &#8211;<\/strong> A Conven\u00e7\u00e3o das Na\u00e7\u00f5es Unidas contra o Crime Organizado Transnacional, internalizada ao Direito brasileiro, apresenta o seguinte conceito: <em>&#8220;grupo formado de maneira n\u00e3o fortuita para a pr\u00e1tica imediata de uma infra\u00e7\u00e3o, ainda que seus membros n\u00e3o tenham fun\u00e7\u00f5es formalmente definidas, que n\u00e3o haja&#8221;&#8230;<\/em><br \/><strong>Alternativa:<\/strong> E &#8211; a um grupo estruturado.<\/p>\n\n\n\n<p><strong>Quest\u00e3o 8 &#8211;<\/strong>  Considerando as disposi\u00e7\u00f5es da Conven\u00e7\u00e3o sobre o Combate da Corrup\u00e7\u00e3o de Funcion\u00e1rios P\u00fablicos Estrangeiros em Transa\u00e7\u00f5es Comerciais Internacionais, analise as afirmativas a seguir.<br \/><strong>Alternativa:<\/strong> E &#8211; I, II e III.<\/p>\n\n\n\n<p><strong>Quest\u00e3o 9 &#8211;<\/strong> Convencidos de que a corrup\u00e7\u00e3o solapa a legitimidade das institui\u00e7\u00f5es p\u00fablicas e atenta contra a sociedade, a ordem moral e a justi\u00e7a, bem como contra o desenvolvimento integral dos povos, os Estados-parte assinaram a Conven\u00e7\u00e3o Interamericana contra a Corrup\u00e7\u00e3o.<br \/><strong>Alternativa:<\/strong> A &#8211; F &#8211; V &#8211; V.<\/p>\n\n\n\n<p><strong>Quest\u00e3o 10 <\/strong>&#8211; Nos termos do Decreto Estadual n\u00ba 69.588\/2025, que regulamenta a Lei Anticorrup\u00e7\u00e3o no Estado de S\u00e3o Paulo, recebida a not\u00edcia de irregularidades, caber\u00e1 \u00e0s unidades de apura\u00e7\u00e3o preliminar ou \u00e0s unidades de corregedoria realizar an\u00e1lise preliminar das informa\u00e7\u00f5es apresentadas.<br \/><strong>Alternativa:<\/strong> E &#8211; I, II e III.<\/p>\n\n\n\n<p><strong>Quest\u00e3o 11 <\/strong>&#8211; Jonas, servidor p\u00fablico do Estado de S\u00e3o Paulo, em evento realizado na sede da Controladoria-Geral do Estado, deu uma palestra sobre os contornos da Lei de Abuso de Autoridade.<br \/><strong>Alternativa:<\/strong> E &#8211; Lucas, Matheus e Jo\u00e3o podem.<\/p>\n\n\n\n<p><strong>Quest\u00e3o 12 &#8211; <\/strong>Nos termos do Decreto n\u00ba 9.830\/2019, que regulamenta a Lei de Introdu\u00e7\u00e3o \u00e0s Normas do Direito Brasileiro, o agente p\u00fablico somente poder\u00e1 ser responsabilizado por suas decis\u00f5es ou opini\u00f5es t\u00e9cnicas se agir ou se omitir com dolo, direto ou eventual, ou cometer erro grosseiro, no desempenho de suas fun\u00e7\u00f5es.<br \/><strong>Alternativa:<\/strong> E &#8211; O montante do dano ao er\u00e1rio, salvo se expressivo, n\u00e3o poder\u00e1, por si s\u00f3, ser elemento para caracterizar o erro grosseiro ou o dolo.<\/p>\n\n\n\n<p><strong>Quest\u00e3o 13 <\/strong>&#8211; Lucas, agente p\u00fablico, agindo com dolo, exerceu atividade de consultoria em benef\u00edcio da sociedade empres\u00e1ria Alfa. Registrese que Alfa tem interesse suscet\u00edvel de ser atingido por a\u00e7\u00e3o decorrente das atribui\u00e7\u00f5es de Lucas, na qualidade de servidor p\u00fablico, durante a atividade.<br \/><strong>Alternativa:<\/strong> D &#8211; Lucas e Matheus praticaram atos dolosos de improbidade administrativa que importam enriquecimento il\u00edcito.<\/p>\n\n\n\n<p><strong>Quest\u00e3o 14 <\/strong>&#8211; Com o objetivo de prevenir e reprimir a atua\u00e7\u00e3o da organiza\u00e7\u00e3o criminosa Sigma no Estado de S\u00e3o Paulo, Jo\u00e3o, Delegado de Pol\u00edcia, pretende representar ao Ju\u00edzo competente, com a oitiva do Minist\u00e9rio P\u00fablico, pela admiss\u00e3o da infiltra\u00e7\u00e3o de agentes no referido grupo criminoso.<br \/><strong>Alternativa:<\/strong> B &#8211; V- F &#8211; F.<\/p>\n\n\n\n<p><strong>Quest\u00e3o 15<\/strong> &#8211; Quando a mat\u00e9ria do processo envolver assunto de interesse geral, o \u00f3rg\u00e3o competente poder\u00e1, mediante despacho motivado, autorizar consulta p\u00fablica para manifesta\u00e7\u00e3o de terceiros, antes da decis\u00e3o do pedido, se n\u00e3o houver preju\u00edzo para a parte interessada.<br \/><strong>Alternativa:<\/strong> A &#8211; F &#8211; V &#8211; F.<\/p>\n\n\n\n<p><strong>Quest\u00e3o 16<\/strong> &#8211; A Conven\u00e7\u00e3o sobre o Combate da Corrup\u00e7\u00e3o de Funcion\u00e1rios P\u00fablicos Estrangeiros em Transa\u00e7\u00f5es Comerciais Internacionais foi institulda considerando que a corrup\u00e7\u00e3o \u00e9 um fen\u00f4meno difundido nas transa\u00e7\u00f5es comerciais internacionais, incluindo o com\u00e9rcio e o investimento, o que desperta s\u00e9rias preocupa\u00e7\u00f5es morais e pol\u00edticas, abala a boa governan\u00e7a e o desenvolvimento econ\u00f4mico, e distorce as condi\u00e7\u00f5es internacionais de competitividade.<br \/><strong>Alternativa:<\/strong> D &#8211; II e III, apenas.<\/p>\n\n\n\n<p><strong>Quest\u00e3o 17<\/strong> &#8211; Um dos prop\u00f3sitos da Conven\u00e7\u00e3o Interamericana contra a Corrup\u00e7\u00e3o \u00e9 o de promover e fortalecer o desenvolvimento, por cada um dos Estados-Parte, dos mecanismos necess\u00e1rios para prevenir, detectar, punir e erradicar a corrup\u00e7\u00e3o.<br \/><strong>Alternativa:<\/strong> E &#8211; O aproveitamento doloso ou culposo ou a oculta\u00e7\u00e3o de bens provenientes de qualquer dos atos de corrup\u00e7\u00e3o.<\/p>\n\n\n\n<p><strong>Quest\u00e3o 18<\/strong> &#8211; \u00c0 luz das disposi\u00e7\u00f5es da Conven\u00e7\u00e3o das Na\u00e7\u00f5es Unidas contra o Crime Organizado Transnacional, avalie as afirmativas a seguir e assinale (V) para a verdadeira e (F) para a falsa.<br \/><strong>Alternativa:<\/strong> E &#8211; V &#8211; F &#8211; V.<\/p>\n\n\n\n<p><strong>Quest\u00e3o 19<\/strong> &#8211; Cada Estado-parte, de conformidade com os princ\u00edpios fundamentais de seu ordenamento jur\u00eddico, formular\u00e1, aplicar\u00e1 ou manter\u00e1 em vigor pol\u00edticas coordenadas e eficazes contra a corrup\u00e7\u00e3o que reflitam os princ\u00edpios do Estado de Direito, a devida gest\u00e3o dos assuntos e bens p\u00fablicos, a integridade, a transpar\u00eancia e a obriga\u00e7\u00e3o de render contas.<br \/><strong>Alternativa:<\/strong> B &#8211; F &#8211; F &#8211; V<\/p>\n\n\n\n<p><strong>Quest\u00e3o 20<\/strong> &#8211; Fica criado, no \u00e2mbito do Poder Executivo federal, o Cadastro Nacional de Empresas Punidas (CNEP), que reunir\u00e1 e dar\u00e1 publicidade \u00e0s san\u00e7\u00f5es aplicadas pelos \u00f3rg\u00e3os ou entidades dos Poderes Executivo, Legislativo e Judici\u00e1rio de todas as esferas de governo com base na Lei Anticorrup\u00e7\u00e3o.<br \/><strong>Alternativa:<\/strong> B &#8211; II e III, apenas.<\/p>\n\n\n\n<h3 class=\"wp-block-heading has-text-align-center has-cyan-bluish-gray-background-color has-background\" id=\"h-direito-civil-processual-civil\" style=\"font-size:clamp(16.293px, 1.018rem + ((1vw - 3.2px) * 0.854), 25px);\"><strong><em>Direito Civil\/Processual Civil<\/em><\/strong><\/h3>\n\n\n\n<p><strong>Quest\u00e3o 21<\/strong> &#8211; Analise os epis\u00f3dios a seguir. &#8220;<em>Rafaela, com 17 anos, casou-se civilmente com o consentimento de seus pais. Dois anos depois do matrim\u00f4nio, aos 19 anos, colou grau em curso superior tecn\u00f3logo.&#8221;<\/em><br \/><strong>Alternativa:<\/strong> C &#8211; Rafaela tornou-se plenamente capaz no momento do casamento, hip\u00f3tese legal de cessa\u00e7\u00e3o da incapacidade, e Caio poder\u00e1 ser considerado emancipado se comprovar economia pr\u00f3pria em decorr\u00eancia de seu trabalho.<\/p>\n\n\n\n<p><strong>Quest\u00e3o 22<\/strong> &#8211; A sociedade empres\u00e1ria Riviera Empreendimentos Ltda., atuante no ramo imobili\u00e1rio, deixou de adimplir diversas obriga\u00e7\u00f5es contratuais e tribut\u00e1rias.<br \/><strong>Alternativa:<\/strong> B &#8211; O Juiz somente poder\u00e1 desconsiderar a personalidade jur\u00eddica se ficar comprovado o abuso, caracterizado por desvio de finalidade ou confus\u00e3o patrimonial, n\u00e3o bastando a mera inadimpl\u00eancia ou a exist\u00eancia de grupo econ\u00f4mico.<\/p>\n\n\n\n<p><strong>Quest\u00e3o 23<\/strong> &#8211; A Associa\u00e7\u00e3o Cultural Horizonte Livre (ACHL), regularmente constitu\u00edda, possui estatuto social que define seus fins culturais e educacionais, assegura igualdade de direitos entre os associados e prev\u00ea a possibilidade de exclus\u00e3o por justa causa, mediante procedimento interno com garantia de defesa.<br \/><strong>Alternativa:<\/strong> B &#8211; A exclus\u00e3o \u00e9 nula, pois viola exig\u00eancia legal de justa causa \u2611reconhecida em procedimento com direito de defesa \u0435 recurso, nos termos do estatuto.<\/p>\n\n\n\n<p><strong>Quest\u00e3o 24<\/strong> &#8211; Laura colocou \u00e0 venda um im\u00f3vel urbano de sua propriedade. Durante a visita para negocia\u00e7\u00e3o, Eduardo, potencial comprador, notou um quadro exposto na sala e, encantado com a obra, manifestou interesse em adquiri-la junto com o im\u00f3vel. As partes ent\u00e3o celebraram dois contratos distintos: um de compra e venda do im\u00f3vel, e outro de compra e venda do quadro, que ambos acreditavam ser original de um renomado pintor do s\u00e9culo XIX, raz\u00e3o pela qual Eduardo pagou pre\u00e7o elevado, sem realizar per\u00edcia t\u00e9cnica.<br \/><strong>Alternativa:<\/strong> D &#8211; O contrato de compra e venda do quadro \u00e9 anul\u00e1vel por erro substancial, e o contrato do im\u00f3vel \u00e9 anul\u00e1vel por dolo, pois houve omiss\u00e3o intencional de fato essencial ao neg\u00f3cio.<\/p>\n\n\n\n<p><strong>Quest\u00e3o 25<\/strong> &#8211; Marcos, propriet\u00e1rio de um im\u00f3vel hipotecado em favor do Banco Alfa, celebrou contrato de compra e venda com Patr\u00edcia, transferindo-lhe o bem sem quitar a d\u00edvida e mantendo a hipoteca ainda vigente.<br \/><strong>Alternativa:<\/strong> A &#8211; Patr\u00edcia est\u00e1 sub-rogada de pleno direito nos direitos e garantias do Banco Alfa, inclusive na hipoteca, at\u00e9 o limite do valor que pagou, ainda que n\u00e3o tenha realizado averba\u00e7\u00e3o no Registro de Im\u00f3veis.<\/p>\n\n\n\n<p><strong>Quest\u00e3o 26<\/strong> &#8211; A sociedade empres\u00e1ria Alpha Com\u00e9rcio e Representa\u00e7\u00f5es Ltda. celebrou contrato de distribui\u00e7\u00e3o exclusiva com a sociedade empres\u00e1ria Ind\u00fastria Delta S.A.<br \/><strong>Alternativa:<\/strong> B &#8211; A cl\u00e1usula que veda a revis\u00e3o judicial \u00e9 nula, pois a liberdade contratual deve observar a fun\u00e7\u00e3o social do contrato e admite controle judicial em situa\u00e7\u00f5es excepcionais.<\/p>\n\n\n\n<p><strong>Quest\u00e3o 27<\/strong> &#8211; Carlos, de 15 anos, pessoa com defici\u00eancia intelectual, reside com sua m\u00e3e Joana, pessoa de parcos recursos.<br \/><strong>Alternativa:<\/strong> E &#8211; O incapaz responde pelos danos que causar apenas de forma subsidi\u00e1ria e equitativa, se os respons\u00e1veis n\u00e3o tiverem obriga\u00e7\u00e3o ou meios de indenizar, respeitado o m\u00ednimo necess\u00e1rio \u00e0 sua subsist\u00eancia.<\/p>\n\n\n\n<p><strong>Quest\u00e3o 28<\/strong> &#8211; Roberto, empres\u00e1rio, firmou com seu irm\u00e3o Paulo um contrato de compra e venda de um im\u00f3vel urbano. No contrato, fizeram constar pre\u00e7o que nunca foi efetivamente pago e data retroativa, constando ainda, como adquirente, a sociedade empres\u00e1ria controlada por Paulo, embora o im\u00f3vel continuasse na posse direta de Roberto.<br \/><strong>Alternativa:<\/strong> B &#8211; O neg\u00f3cio jur\u00eddico \u00e9 nulo por simula\u00e7\u00e3o, n\u00e3o podendo ser convalidado pelo decurso do tempo nem confirmado pelas partes.<\/p>\n\n\n\n<p><strong>Quest\u00e3o 29<\/strong> &#8211; A sistem\u00e1tica do ordenamento jur\u00eddico pautado no Constitucionalismo imp\u00f5e \u00e0 necessidade de que as normas infraconstitucionais estejam de acordo com a Carta Maior. Da mesma forma, regras e princ\u00edpios constitucionais se aplicam aos demais ramos do Direito, mesmo que n\u00e3o contidos visivelmente em suas disposi\u00e7\u00f5es, pois pautam desde sua cria\u00e7\u00e3o at\u00e9 sua efic\u00e1cia.<br \/><strong>Alternativa:<\/strong> B* (poss\u00edvel recurso) &#8211; l e II, apenas.<\/p>\n\n\n\n<p><strong>Quest\u00e3o 30<\/strong> &#8211; Pedro possui pretens\u00e3o resistida, a qual est\u00e1 baseada em provas documentais h\u00e1beis e ratificada em tese definida em julgamento de demandas repetitivas. Entretanto, n\u00e3o h\u00e1 demonstra\u00e7\u00e3o de perigo de dano ou de risco ao resultado \u00fatil do processo. Nesse cen\u00e1rio, caso Pedro pretenda a concess\u00e3o de tutela provis\u00f3ria, o melhor instrumento ser\u00e1 o ajuizamento de a\u00e7\u00e3o com requerimento de concess\u00e3o de tutela<br \/><strong>Alternativa:<\/strong> E &#8211; de evid\u00eancia incidental.<\/p>\n\n\n\n<p><strong>Quest\u00e3o 31<\/strong> &#8211; A concess\u00e3o da tutela jurisdicional passa, necessariamente, por uma an\u00e1lise da validade da rela\u00e7\u00e3o processual existente na a\u00e7\u00e3o proposta. Assinale a op\u00e7\u00e3o que indica, entre os requisitos necess\u00e1rios, conforme disposi\u00e7\u00e3o legal, os denominados como condi\u00e7\u00f5es para o regular exerc\u00edcio do direito de a\u00e7\u00e3o.<br \/><strong>Alternativa:<\/strong> A &#8211; Interesse processual e legitimidade ad causam.<\/p>\n\n\n\n<p><strong>Quest\u00e3o 32<\/strong> &#8211; No curso de uma a\u00e7\u00e3o judicial, o Juiz e os auxiliares da justi\u00e7\u0430 atuam no processo para impulsionar e decidir acerca dos pedidos na a\u00e7\u00e3o inicial e requeridos durante o curso da demanda. Nessa esteira, considerando as diversas formas de pronunciamentos judiciais, a negativa de concess\u00e3o de gratuidade de justi\u00e7a \u00e9 um pronunciamento que tem natureza de<br \/><strong>Alternativa:<\/strong> D &#8211; decis\u00e3o interlocut\u00f3ria.<\/p>\n\n\n\n<p><strong>Quest\u00e3o 33<\/strong> &#8211; O \u00f4nus da prova pode ser atribu\u00eddo pelo legislador, pelo juiz ou por conven\u00e7\u00e3o das partes. Com base na Teoria Geral da Prova no Processo Civil, avalie as afirmativas a seguir.<br \/><strong>Alternativa:<\/strong> C &#8211; III, \u0430\u0440enas.<\/p>\n\n\n\n<p><strong>Quest\u00e3o 34<\/strong> &#8211; Considerando os meios de prova admitidos no Processo Civil e suas peculiaridades, avalie as afirmativas a seguir e assinale (V) para a verdadeira e (F) para a falsa.<br \/><strong>Alternativa:<\/strong> D &#8211; F-V-V.<\/p>\n\n\n\n<p><strong>Quest\u00e3o 35<\/strong> &#8211; O Mandado de Seguran\u00e7a est\u00e1 previsto no Art. 5\u00ba, inciso LXIX, da CRFB\/88, em que se protege direito l\u00edquido e certo, n\u00e3o amparado por habeas-corpus ou habeas-data.<br \/><strong>Alternativa:<\/strong> C &#8211; III, apenas.<\/p>\n\n\n\n<p><strong>Quest\u00e3o 36<\/strong> &#8211; Jo\u00e3o ingressou com A\u00e7\u00e3o Popular com o objetivo de anular ato lesivo ao patrim\u00f4nio p\u00fablico.<br \/><strong>Alternativa:<\/strong> E &#8211; N\u00e3o h\u00e1 que se falar em prescri\u00e7\u00e3o do direito, se Jo\u00e3o ingressar com a A\u00e7\u00e3o Popular em at\u00e9 4 anos da data do ato impugnado.<\/p>\n\n\n\n<h3 class=\"wp-block-heading has-text-align-center has-cyan-bluish-gray-background-color has-background\" id=\"h-direito-penal-processual-penal\" style=\"font-size:clamp(16.293px, 1.018rem + ((1vw - 3.2px) * 0.854), 25px);\"><strong><em>Direito Penal\/Processual Penal<\/em><\/strong><\/h3>\n\n\n\n<p><strong>Quest\u00e3o 37<\/strong> &#8211; Matheus, prim\u00e1rio e portador de bons antecedentes, ocupa um cargo p\u00fablico na Administra\u00e7\u00e3o Direta do Munic\u00edpio Alfa. Registre-se que o agente responde a uma a\u00e7\u00e3o penal pela pr\u00e1tica de determinado crime doloso contra a Administra\u00e7\u00e3o P\u00fablica. Ap\u00f3s a observ\u00e2ncia do contradit\u00f3rio e da ampla defesa, como consect\u00e1rios do devido processo legal, foi proferida senten\u00e7a condenat\u00f3ria.<br \/><strong>Alternativa:<\/strong> A &#8211; A perda do cargo p\u00fablico, se aplicada pena privativa de liberdade por tempo igual ou superior a um ano. Registre-se que este efeito n\u00e3o \u00e9 autom\u00e1tico, devendo ser motivadamente declarado na senten\u00e7a pelo Juiz, mas independe de pedido expresso da acusa\u00e7\u00e3o.<\/p>\n\n\n\n<p><strong>Quest\u00e3o 38<\/strong> &#8211; O Minist\u00e9rio P\u00fablico tomou conhecimento de que Lucas, servidor p\u00fablico no Estado Alfa, agindo com dolo, facilitou a revela\u00e7\u00e3o de fato de que tinha ci\u00eancia em raz\u00e3o do cargo e que deveria permanecer em segredo, resultando em dano severo \u00e0 Administra\u00e7\u00e3o P\u00fablica. Em assim sendo, foi deflagrada a\u00e7\u00e3o penal em face do agente.<br \/><strong>Alternativa:<\/strong> C &#8211; viola\u00e7\u00e3o de sigilo funcional, na modalidade qualificada, sem causas de aumento de pena.<\/p>\n\n\n\n<p><strong>Quest\u00e3o 39<\/strong> &#8211; Em determinada persecu\u00e7\u00e3o penal em curso, no \u00e2mbito do Tribunal de Justi\u00e7a do Estado de S\u00e3o Paulo, as teses defensivas giram em torno dos institutos da desist\u00eancia volunt\u00e1ria, do arrependimento eficaz e do arrependimento posterior.<br \/><strong>Alternativa:<\/strong> E &#8211; Na desist\u00eancia volunt\u00e1ria e no arrependimento eficaz, o agente s\u00f3 responde pelos atos j\u00e1 praticados. Por sua vez, no arrependimento posterior, causa de diminui\u00e7\u00e3o de pena, as san\u00e7\u00f5es ser\u00e3o reduzidas de um a dois ter\u00e7os.<\/p>\n\n\n\n<p><strong>Quest\u00e3o 40<\/strong> &#8211; Ap\u00f3s a observ\u00e2ncia das formalidades constitucionais e legais, Caio, maior e capaz, foi condenado \u00e0 pena de dois anos de reclus\u00e3o, em regime inicial aberto, pela pr\u00e1tica do crime de descaminho.<br \/><strong>Alternativa:<\/strong> A &#8211; praticou navega\u00e7\u00e3o de cabotagem, fora dos casos permitidos em lei.<\/p>\n\n\n\n<p><strong>Quest\u00e3o 41<\/strong> &#8211; Durante processo licitat\u00f3rio em curso, realizado pelo Estado Alfa, Jo\u00e3o, servidor p\u00fablico com pouca experi\u00eancia pr\u00e1tica em tem\u00e1ticas administrativas, admitiu \u00e0 referida licita\u00e7\u00e3o, de forma culposa, mais especificamente por meio de uma conduta negligente, a sociedade empres\u00e1ria Beta, entidade privada declarada inid\u00f4nea pelo Poder P\u00fablico, em observ\u00e2ncia \u00e0s formalidades legais. Como os fatos foram logo descobertos, a Administra\u00e7\u00e3o P\u00fablica n\u00e3o sofreu maiores preju\u00edzos.<br \/><strong>Alternativa:<\/strong> C &#8211; Ele n\u00e3o responder\u00e1 por qualquer delito, j\u00e1 que n\u00e3o existe previs\u00e3o legal de modalidade culposa para o crime de contrata\u00e7\u00e3o inid\u00f4nea.<\/p>\n\n\n\n<p><strong>Quest\u00e3o 42<\/strong> &#8211; Considerando as disposi\u00e7\u00f5es do C\u00f3digo Penal, \u00e9 correto afirmar que a caracteriza\u00e7\u00e3o do crime de falso testemunho, ou falsa per\u00edcia, pressup\u00f5e que o indiv\u00edduo fa\u00e7a afirma\u00e7\u00e3o falsa, negue ou cale a verdade como<br \/><strong>Alternativa:<\/strong> B &#8211; testemunha, perito, contador, tradutor ou int\u00e9rprete em processo judicial ou administrativo, inqu\u00e9rito policial ou em Ju\u00edzo Arbitral.<\/p>\n\n\n\n<p><strong>Quest\u00e3o 43<\/strong> &#8211; No curso de determinado processo administrativo em que \u00e9 parte, Henrique, agindo com dolo, inovou artificiosamente o estado de determinada coisa, com o fim de induzir o perito a erro. Registre-se, contudo, que os fatos foram descobertos \u0435 comunicados \u00e0s autoridades p\u00fablicas.<br \/><strong>Alternativa:<\/strong> A &#8211; responder\u00e1 pelo crime de fraude processual, na modalidade simples.<\/p>\n\n\n\n<p><strong>Quest\u00e3o 44<\/strong> &#8211; No dia 19 de maio de 2025, o Ju\u00edzo competente recebeu den\u00fancia formulada pelo Minist\u00e9rio P\u00fablico do Estado de S\u00e3o Paulo em face de Jos\u00e9, agente p\u00fablico, imputando-lhe a pr\u00e1tica do crime de peculato culposo. Registre-se que a conduta delitiva foi praticada no dia 17 de fevereiro de 2025 e que o r\u00e9u nasceu no dia 17 de fevereiro de 2005.<br \/><strong>Alternativa:<\/strong> B &#8211; 2027<\/p>\n\n\n\n<p><strong>Quest\u00e3o 45<\/strong> &#8211; O Minist\u00e9rio P\u00fablico ofereceu den\u00fancia em face de Caio, imputando-lhe a pr\u00e1tica do crime de peculato.<br \/><strong>Alternativa:<\/strong> A &#8211; somente os atos decis\u00f3rios.<\/p>\n\n\n\n<p><strong>Quest\u00e3o 46<\/strong> &#8211; Ao analisar a tem\u00e1tica afeta \u00e0 cadeia de cust\u00f3dia, no contexto das provas no processo penal, Luana, servidora p\u00fablica, constatou que todos os Institutos de Criminal\u00edstica dever\u00e3o ter uma central de cust\u00f3dia destinada \u00e0 guarda e ao controle dos vest\u00edgios, e sua gest\u00e3o deve estar vinculada diretamente ao \u00f3rg\u00e3o central de per\u00edcia oficial de natureza criminal.<br \/><strong>Alternativa:<\/strong> C &#8211; I e III, apenas.<\/p>\n\n\n\n<p><strong>Quest\u00e3o 47<\/strong> &#8211; Vitor, Juiz de Direito no Estado de S\u00e3o Paulo, possui, em seu acervo processual, duas diferentes a\u00e7\u00f5es penais no bojo das quais o Minist\u00e9rio P\u00fablico e o querelante opinaram pela absolvi\u00e7\u00e3o dos acusados.<br \/><strong>Alternativa:<\/strong> B &#8211; poder\u00e1 proferir senten\u00e7a condenat\u00f3ria, nos crimes persequ\u00edveis mediante a\u00e7\u00e3o penal p\u00fablica, ainda que \u043e Minist\u00e9rio P\u00fablico tenha opinado pela absolvi\u00e7\u00e3o, bem como reconhecer agravantes, embora nenhuma tenha sido alegada.<\/p>\n\n\n\n<p><strong>Quest\u00e3o 48<\/strong> &#8211; O Minist\u00e9rio P\u00fablico ofereceu den\u00fancia em face de Ca\u00edo, pela suposta pr\u00e1tica do crime de corrup\u00e7\u00e3o passiva, recusando-se a oferecer o instituto despenalizador do Acordo de N\u00e3o Persecu\u00e7\u00e3o Penal (ANPP) ao agente.<br \/><strong>Alternativa:<\/strong> C &#8211; requerer a remessa dos autos a \u00f3rg\u00e3o superior.<\/p>\n\n\n\n<p><strong>Quest\u00e3o 49<\/strong> &#8211; No curso de determinado inqu\u00e9rito policial, Matheus, Delegado de Pol\u00edcia, requisitou a diversos \u00f3rg\u00e3os do poder p\u00fablico e de empresas da iniciativa privada, dados e informa\u00e7\u00f5es cadastrais da v\u00edtima e de suspeitos. Contudo, os referidos \u00f3rg\u00e3os p\u00fablicos e as entidades privadas, acertadamente, responderam que a infra\u00e7\u00e3o penal investigada n\u00e3o est\u00e1 no rol de delitos que, nos termos da legisla\u00e7\u00e3o processual, autoriza a ado\u00e7\u00e3o da referida medida.<br \/><strong>Alternativa:<\/strong> E &#8211; roubo circunstanciado pela restri\u00e7\u00e3o da liberdade da v\u00edtima.<\/p>\n\n\n\n<p><strong>Quest\u00e3o 50<\/strong> &#8211; Caio responde, em Ju\u00edzo, pela pr\u00e1tica de determinada infra\u00e7\u00e3o penal. Antes da data designada para a instru\u00e7\u00e3o, o advogado de Caio compareceu \u00e0 unidade prisional onde ele est\u00e1 acautelado, ocasi\u00e3o em que as partes conversaram sobre os regramentos aplic\u00e1veis ao interrogat\u00f3rio<br \/><strong>Alternativa:<\/strong> A &#8211; responder \u00e0 grav\u00edssima quest\u00e3o de ordem p\u00fablica.<\/p>\n\n\n\n<p><strong>Quest\u00e3o 51<\/strong> &#8211; No curso de a\u00e7\u00e3o penal em que se apura a pr\u00e1tica de crime contra a Administra\u00e7\u00e3o P\u00fablica, em observ\u00e2ncia \u00e0s formalidades constitucionais e legais, o Juiz constatou a necessidade de atribuir defini\u00e7\u00e3o jur\u00eddica diversa aos fatos descritos na den\u00fancia, sem modific\u00e1-los.<br \/><strong>Alternativa:<\/strong> C &#8211; III, apenas.<\/p>\n\n\n\n<p><strong>Quest\u00e3o 52<\/strong> &#8211; Ao proferir palestra na sede da Controladoria Geral do Estado de S\u00e3o Paulo, Caetano, Juiz de Direito, afirmou que, em sede de processo penal, conforme entendimento legal e jurisprudencial, nenhum ato ser\u00e1 declarado nulo, se da nulidade n\u00e3o resultar preju\u00edzo para a acusa\u00e7\u00e3o ou para a defesa.<br \/><strong>Alternativa:<\/strong> E &#8211; Omiss\u00e3o de formalidade que constitua elemento acidental ou acess\u00f3rio do ato.<\/p>\n\n\n\n<p><strong>Quest\u00e3o 53<\/strong> &#8211; Dentre as medidas previstas na Lei Complementar n\u00ba 123\/2006 para facilitar a abertura e o encerramento de sociedades empres\u00e1rias n\u00e3o \u00e9 poss\u00edvel incluir<br \/><strong>Alternativa:<\/strong> A &#8211; a emiss\u00e3o de Alvar\u00e1 de Funcionamento Provis\u00f3rio, que permitir\u00e1 o in\u00edcio de opera\u00e7\u00e3o do estabelecimento imediatamente ap\u00f3s o ato de registro de microempresa e empresa de pequeno porte, exceto nos casos em que o grau de risco da atividade seja alto, hip\u00f3tese em que a emiss\u00e3o ser\u00e1 feita em at\u00e9 2 dias \u00fateis.<\/p>\n\n\n\n<p><strong>Quest\u00e3o 54<\/strong> &#8211; Quatro sociedades empres\u00e1rias, todas do tipo an\u00f4nima, decidiram unir esfor\u00e7os para a constitui\u00e7\u00e3o de um cons\u00f3rcio entre elas.<br \/><strong>Alternativa:<\/strong> E &#8211; O contrato de cons\u00f3rcio dever\u00e1 conter as normas sobre sua administra\u00e7\u00e3o, contabiliza\u00e7\u00e3o, representa\u00e7\u00e3o das sociedades consorciadas, sendo facultativa a designa\u00e7\u00e3o da taxa de administra\u00e7\u00e3o.<\/p>\n\n\n\n<p><strong>Quest\u00e3o 55<\/strong> &#8211; Zacarias, Pedro de Toledo, G\u00e1lia e Amparo decidiram constituir uma sociedade e levaram o documento particular de constitui\u00e7\u00e3o a arquivamento no Registro de T\u00edtulos de Documentos para sua conserva\u00e7\u00e3o. Ap\u00f3s esta provid\u00eancia, os s\u00f3cios iniciaram imediatamente<br \/><strong>Alternativa:<\/strong> E &#8211; II e III, apenas.<\/p>\n\n\n\n<p><strong>Quest\u00e3o 56<\/strong> &#8211; A Companhia Nova Alian\u00e7a pretende absorver as sociedades Novais &amp; Ocau\u00e7u Ltda., Cer\u00e2mica Onda Verde Ltda. e Pacaembu Participa\u00e7\u00f5es S.A., sucedendo-as em todos os direitos e obriga\u00e7\u00f5es.<br \/><strong>Alternativa:<\/strong> B &#8211; As cotas do capital das sociedades Novais &amp; Ocau\u00e7u Ltda. e Cer\u00e2mica Onda Verde Ltda. que forem de propriedade da Companhia Nova Alian\u00e7a, poder\u00e3o, conforme dispuser o protocolo da opera\u00e7\u00e3o, ser extintas ou substitu\u00eddas por a\u00e7\u00f5es em tesouraria, at\u00e9 o limite dos lucros acumulados e reservas, exceto a legal.<\/p>\n\n\n\n<p><strong>Quest\u00e3o 57<\/strong> &#8211; Assinale a op\u00e7\u00e3o que apresenta, corretamente, a regra espec\u00edfica prevista na Lei n\u00ba 6.404\/1976 para a aliena\u00e7\u00e3o do controle de uma companhia aberta.<br \/><strong>Alternativa:<\/strong> C &#8211; O adquirente do controle acion\u00e1rio de companhia aberta poder\u00e1 oferecer aos acionistas minorit\u00e1rios a op\u00e7\u00e3o de permanecer na companhia, mediante o pagamento de um pr\u00eamio equivalente \u00e0 diferen\u00e7a entre o valor de mercado das a\u00e7\u00f5es e o valor pago por a\u00e7\u00e3o integrante do bloco de controle.<\/p>\n\n\n\n<p><strong>Quest\u00e3o 58<\/strong> &#8211; A sociedade Leiteria Promiss\u00e3o Ltda., com 11 s\u00f3cios, est\u00e1 enquadrada como sociedade empres\u00e1ria de pequeno porte na Junta Comercial do Estado de S\u00e3o Paulo.<br \/><strong>Alternativa:<\/strong> A &#8211; o percentual de 55% (cinquenta e cinco por cento) do capital social n\u00e3o \u00e9 suficiente para a aprova\u00e7\u00e3o de administrador n\u00e3o s\u00f3cio, pois \u00e9 preciso a aprova\u00e7\u00e3o de 2\/3 (dois ter\u00e7os) do capital social, al\u00e9m de ser necess\u00e1rio a delibera\u00e7\u00e3o em assembleia de s\u00f3cios.<\/p>\n\n\n\n<p><strong>Quest\u00e3o 59<\/strong> &#8211; Paulina Parisi \u00e9 acionista minorit\u00e1ria da Companhia Pedreira S.A. Sobre a legalidade do ato de negocia\u00e7\u00e3o pela referida companhia com suas pr\u00f3prias a\u00e7\u00f5es, considerando que a opera\u00e7\u00e3o foi Irregular e llegal, assinale a afirmativa correta.<br \/><strong>Alternativa:<\/strong> D &#8211; A aquisi\u00e7\u00e3o de suas a\u00e7\u00f5es para perman\u00eancia em tesouraria, como valor do saldo de lucros, e sem diminui\u00e7\u00e3o do capital social.<\/p>\n\n\n\n<p><strong>Quest\u00e3o 60<\/strong> &#8211; Para incentivar as atividades de inova\u00e7\u00e3o e os investimentos produtivos, as sociedades enquadradas como microempresa ou empresa de pequeno porte poder\u00e3o admitir o aporte de capital, que n\u00e3o integrar\u00e1 o capital social, e poder\u00e1 ser realizado por pessoa f\u00edsica, por pessoa jur\u00eddica ou por fundos de investimento. Esses investidores s\u00e3o denominados pela Lei Complementar n\u00ba 123\/2006 investidor-anjo.<br \/><strong>Alternativa:<\/strong> B &#8211; Ser\u00e1 remunerado por seus aportes, nos termos do contrato de participa\u00e7\u00e3o, pelo prazo m\u00e1ximo de 7 (sete) anos.<\/p>\n\n\n\n<blockquote class=\"wp-block-quote is-layout-flow wp-block-quote-is-layout-flow\">\n<figure class=\"wp-block-image aligncenter size-large is-resized\"><img decoding=\"async\" src=\"https:\/\/dhg1h5j42swfq.cloudfront.net\/2020\/09\/18141901\/Coruja_Concursos%404x-506x1024.png\" alt=\"Gabarito Extraoficial CGE SP - Tecnologia da Informa\u00e7\u00e3o\" class=\"wp-image-574355\" style=\"width:20px;height:auto\"\/><\/figure>\n<\/blockquote>\n\n\n\n<ul class=\"wp-block-list\">\n<li><strong>Veja tamb\u00e9m:<\/strong>\n<ul class=\"wp-block-list\">\n<li><a href=\"https:\/\/www.estrategiaconcursos.com.br\/blog\/gabarito-extraoficial-cge-sp-ti\/\" target=\"_blank\" rel=\"noreferrer noopener\">Gabarito Extraoficial CGE SP: Especialidade Tecnologia da Informa\u00e7\u00e3o<\/a><\/li>\n\n\n\n<li><a href=\"https:\/\/www.estrategiaconcursos.com.br\/blog\/gabarito-extraoficial-cge-sp-auditoria\/\" target=\"_blank\" rel=\"noreferrer noopener\">Gabarito Extraoficial CGE SP: Especialidade Auditoria<\/a><\/li>\n<\/ul>\n<\/li>\n<\/ul>\n\n\n\n<p class=\"has-text-align-center has-background has-medium-font-size\" style=\"background-color:#abb7c229\"><strong>Saiba mais:&nbsp;<a href=\"https:\/\/www.estrategiaconcursos.com.br\/blog\/concurso-cge-sp\/\" target=\"_blank\" rel=\"noreferrer noopener\">Concurso CGE SP<\/a><\/strong><\/p>\n\n\n\n<div class=\"container\" id=\"boxes\">\n  <div class=\"row\">\n\n    <div class=\"col-sm\">\n      <div class=\"banner-controle-ec\" id=\"box-assinatura\">\n        <h2 class=\"titulo-assinatura\">Cursos Concurso CGE SP<\/h2>\n        <p class=\"subtitulo-assinatura\">Estude com o Estrat\u00e9gia!<\/p>\n        <div class=\"box-botao\">\n          <a class=\"btn-assinatura\" target=\"_blank\" href=\"https:\/\/www.estrategiaconcursos.com.br\/cursosPorConcurso\/controladoria-geral-do-estado-de-sao-paulo-cge-sp\/\" role=\"button\" rel=\"noopener noreferrer\">VER CURSOS<\/a>\n        <\/div>\n      <\/div>\n      \n    <\/div>\n\n  <\/div>\n<\/div>\n\n\n\n<div class=\"container\" id=\"boxes\">\r\n  <div class=\"row\">\r\n\r\n    <div class=\"col-sm\">\r\n      <div class=\"estrategia\" id=\"box-assinatura\">\r\n        <h3 class=\"titulo-assinatura\"> Concursos P\u00fablicos\r\n        <p class=\"subtitulo-assinatura\">Assinatura de 1 ano ou 2 anos<\/p>\r\n        <div class=\"box-botao\">\r\n          <a class=\"btn-assinatura\" target=\"_blank\" href=\"https:\/\/www.estrategiaconcursos.com.br\/assinaturas\/\" role=\"button\" rel=\"noopener noreferrer\">ASSINE AGORA<\/a>\r\n        <\/div>\r\n      <\/h3><\/div><\/div><\/div><\/div>\n\n\n\n<h2 class=\"wp-block-heading has-text-align-center\" id=\"h-quer-saber-tudo-sobre-concursos-previstos-confira-nossos-artigos\">Quer saber tudo sobre concursos previstos?<br \/>Confira nossos artigos!<\/h2>\n\n\n\n<ul class=\"wp-block-list\">\n<li><a href=\"https:\/\/www.estrategiaconcursos.com.br\/blog\/concursos-abertos\/\" target=\"_blank\" rel=\"noreferrer noopener\">Concursos Abertos<\/a><\/li>\n\n\n\n<li><a href=\"https:\/\/www.estrategiaconcursos.com.br\/blog\/concursos-controle\/\" target=\"_blank\" rel=\"noreferrer noopener\">Concursos Controle<\/a><\/li>\n\n\n\n<li><a href=\"https:\/\/www.estrategiaconcursos.com.br\/blog\/concursos-2026\/\" target=\"_blank\" rel=\"noreferrer noopener\">Concursos 2026<\/a><\/li>\n\n\n\n<li><a href=\"https:\/\/www.estrategiaconcursos.com.br\/blog\/concursos-2026\/\" target=\"_blank\" rel=\"noreferrer noopener\">Concursos SP<\/a><\/li>\n<\/ul>\n","protected":false},"excerpt":{"rendered":"<p>Neste domingo, 14 de dezembro, est\u00e3o sendo aplicadas as provas objetivas e discursivas do concurso CGE SP (Controladoria-Geral do Estado de S\u00e3o Paulo).&nbsp; As avalia\u00e7\u00f5es acontecem em dois turnos, sendo das 8h \u00e0s 12h30, no turno da manh\u00e3, e das 15h30 \u00e0s 20h, no turno da tarde, segundo o hor\u00e1rio oficial de Bras\u00edlia, DF Com [&hellip;]<\/p>\n","protected":false},"author":2692,"featured_media":1683355,"comment_status":"open","ping_status":"closed","sticky":false,"template":"","format":"standard","meta":{"post_tipo":"news","footnotes":""},"categories":[220180,220219],"tags":[],"tax_estado":[219989],"class_list":["post-1683351","post","type-post","status-publish","format-standard","has-post-thumbnail","hentry","category-controle-gestao","category-noticias","tax_estado-sp"],"acf":[],"yoast_head":"<!-- This site is optimized with the Yoast SEO Premium plugin v27.2 (Yoast SEO v27.2) - https:\/\/yoast.com\/product\/yoast-seo-premium-wordpress\/ -->\n<title>Gabarito Extraoficial CGE SP - Combate \u00e0 Corrup\u00e7\u00e3o<\/title>\n<meta name=\"description\" content=\"Acompanhe a corre\u00e7\u00e3o ao vivo do Gabarito Extraoficial CGE SP - Combate \u00e0 Corrup\u00e7\u00e3o e confira seu desempenho no concurso deste domingo!\" \/>\n<meta name=\"robots\" content=\"index, follow, max-snippet:-1, max-image-preview:large, max-video-preview:-1\" \/>\n<link rel=\"canonical\" href=\"https:\/\/www.estrategiaconcursos.com.br\/blog\/gabarito-extraoficial-cge-sp-combate-corrupcao\/\" \/>\n<meta property=\"og:locale\" content=\"pt_BR\" \/>\n<meta property=\"og:type\" content=\"article\" \/>\n<meta property=\"og:title\" content=\"Gabarito Extraoficial CGE SP - Combate \u00e0 Corrup\u00e7\u00e3o\" \/>\n<meta property=\"og:description\" content=\"Acompanhe a corre\u00e7\u00e3o ao vivo do Gabarito Extraoficial CGE SP - Combate \u00e0 Corrup\u00e7\u00e3o e confira seu desempenho no concurso deste domingo!\" \/>\n<meta property=\"og:url\" content=\"https:\/\/www.estrategiaconcursos.com.br\/blog\/gabarito-extraoficial-cge-sp-combate-corrupcao\/\" \/>\n<meta property=\"og:site_name\" content=\"Estrat\u00e9gia Concursos\" \/>\n<meta property=\"article:published_time\" content=\"2025-12-14T10:00:00+00:00\" \/>\n<meta property=\"article:modified_time\" content=\"2025-12-16T16:18:26+00:00\" \/>\n<meta property=\"og:image\" content=\"https:\/\/dhg1h5j42swfq.cloudfront.net\/2025\/12\/10184711\/cge-sp.jpg\" \/>\n\t<meta property=\"og:image:width\" content=\"1111\" \/>\n\t<meta property=\"og:image:height\" content=\"602\" \/>\n\t<meta property=\"og:image:type\" content=\"image\/jpeg\" \/>\n<meta name=\"author\" content=\"Ronaldo Scanavini Neto\" \/>\n<meta name=\"twitter:card\" content=\"summary_large_image\" \/>\n<meta name=\"twitter:creator\" content=\"@EstratConcursos\" \/>\n<meta name=\"twitter:site\" content=\"@EstratConcursos\" \/>\n<meta name=\"twitter:label1\" content=\"Escrito por\" \/>\n\t<meta name=\"twitter:data1\" content=\"Ronaldo Scanavini Neto\" \/>\n\t<meta name=\"twitter:label2\" content=\"Est. tempo de leitura\" \/>\n\t<meta name=\"twitter:data2\" content=\"38 minutos\" \/>\n<script type=\"application\/ld+json\" class=\"yoast-schema-graph\">{\"@context\":\"https:\/\/schema.org\",\"@graph\":[{\"@type\":\"NewsArticle\",\"@id\":\"https:\/\/www.estrategiaconcursos.com.br\/blog\/gabarito-extraoficial-cge-sp-combate-corrupcao\/#article\",\"isPartOf\":{\"@id\":\"https:\/\/www.estrategiaconcursos.com.br\/blog\/gabarito-extraoficial-cge-sp-combate-corrupcao\/\"},\"author\":{\"name\":\"Ronaldo Scanavini Neto\",\"@id\":\"https:\/\/www.estrategiaconcursos.com.br\/blog\/#\/schema\/person\/70c2ad4297aa24ff8815b08215b23a76\"},\"headline\":\"Gabarito Extraoficial CGE SP &#8211; Combate \u00e0 Corrup\u00e7\u00e3o\",\"datePublished\":\"2025-12-14T10:00:00+00:00\",\"dateModified\":\"2025-12-16T16:18:26+00:00\",\"mainEntityOfPage\":{\"@id\":\"https:\/\/www.estrategiaconcursos.com.br\/blog\/gabarito-extraoficial-cge-sp-combate-corrupcao\/\"},\"wordCount\":7675,\"commentCount\":0,\"publisher\":{\"@id\":\"https:\/\/www.estrategiaconcursos.com.br\/blog\/#organization\"},\"image\":{\"@id\":\"https:\/\/www.estrategiaconcursos.com.br\/blog\/gabarito-extraoficial-cge-sp-combate-corrupcao\/#primaryimage\"},\"thumbnailUrl\":\"https:\/\/dhg1h5j42swfq.cloudfront.net\/2025\/12\/10184711\/cge-sp.jpg\",\"articleSection\":[\"Controladorias\/Gest\u00e3o (CGU, CGE, STN, EPPGG)\",\"\u00daltimas not\u00edcias\"],\"inLanguage\":\"pt-BR\",\"potentialAction\":[{\"@type\":\"CommentAction\",\"name\":\"Comment\",\"target\":[\"https:\/\/www.estrategiaconcursos.com.br\/blog\/gabarito-extraoficial-cge-sp-combate-corrupcao\/#respond\"]}],\"copyrightYear\":\"2025\",\"copyrightHolder\":{\"@id\":\"https:\/\/www.estrategiaconcursos.com.br\/blog\/#organization\"}},{\"@type\":\"WebPage\",\"@id\":\"https:\/\/www.estrategiaconcursos.com.br\/blog\/gabarito-extraoficial-cge-sp-combate-corrupcao\/\",\"url\":\"https:\/\/www.estrategiaconcursos.com.br\/blog\/gabarito-extraoficial-cge-sp-combate-corrupcao\/\",\"name\":\"Gabarito Extraoficial CGE SP - Combate \u00e0 Corrup\u00e7\u00e3o\",\"isPartOf\":{\"@id\":\"https:\/\/www.estrategiaconcursos.com.br\/blog\/#website\"},\"primaryImageOfPage\":{\"@id\":\"https:\/\/www.estrategiaconcursos.com.br\/blog\/gabarito-extraoficial-cge-sp-combate-corrupcao\/#primaryimage\"},\"image\":{\"@id\":\"https:\/\/www.estrategiaconcursos.com.br\/blog\/gabarito-extraoficial-cge-sp-combate-corrupcao\/#primaryimage\"},\"thumbnailUrl\":\"https:\/\/dhg1h5j42swfq.cloudfront.net\/2025\/12\/10184711\/cge-sp.jpg\",\"datePublished\":\"2025-12-14T10:00:00+00:00\",\"dateModified\":\"2025-12-16T16:18:26+00:00\",\"description\":\"Acompanhe a corre\u00e7\u00e3o ao vivo do Gabarito Extraoficial CGE SP - Combate \u00e0 Corrup\u00e7\u00e3o e confira seu desempenho no concurso deste domingo!\",\"breadcrumb\":{\"@id\":\"https:\/\/www.estrategiaconcursos.com.br\/blog\/gabarito-extraoficial-cge-sp-combate-corrupcao\/#breadcrumb\"},\"inLanguage\":\"pt-BR\",\"potentialAction\":[{\"@type\":\"ReadAction\",\"target\":[\"https:\/\/www.estrategiaconcursos.com.br\/blog\/gabarito-extraoficial-cge-sp-combate-corrupcao\/\"]}]},{\"@type\":\"ImageObject\",\"inLanguage\":\"pt-BR\",\"@id\":\"https:\/\/www.estrategiaconcursos.com.br\/blog\/gabarito-extraoficial-cge-sp-combate-corrupcao\/#primaryimage\",\"url\":\"https:\/\/dhg1h5j42swfq.cloudfront.net\/2025\/12\/10184711\/cge-sp.jpg\",\"contentUrl\":\"https:\/\/dhg1h5j42swfq.cloudfront.net\/2025\/12\/10184711\/cge-sp.jpg\",\"width\":1111,\"height\":602},{\"@type\":\"BreadcrumbList\",\"@id\":\"https:\/\/www.estrategiaconcursos.com.br\/blog\/gabarito-extraoficial-cge-sp-combate-corrupcao\/#breadcrumb\",\"itemListElement\":[{\"@type\":\"ListItem\",\"position\":1,\"name\":\"In\u00edcio\",\"item\":\"https:\/\/www.estrategiaconcursos.com.br\/blog\/\"},{\"@type\":\"ListItem\",\"position\":2,\"name\":\"Gabarito Extraoficial CGE SP &#8211; Combate \u00e0 Corrup\u00e7\u00e3o\"}]},{\"@type\":\"WebSite\",\"@id\":\"https:\/\/www.estrategiaconcursos.com.br\/blog\/#website\",\"url\":\"https:\/\/www.estrategiaconcursos.com.br\/blog\/\",\"name\":\"Estrat\u00e9gia Concursos\",\"description\":\"O blog da Estrat\u00e9gia Concursos traz not\u00edcias sobre concursos e artigos de professores oferecendo cursos para concursos (pdf + videaulas) no site.\",\"publisher\":{\"@id\":\"https:\/\/www.estrategiaconcursos.com.br\/blog\/#organization\"},\"potentialAction\":[{\"@type\":\"SearchAction\",\"target\":{\"@type\":\"EntryPoint\",\"urlTemplate\":\"https:\/\/www.estrategiaconcursos.com.br\/blog\/?s={search_term_string}\"},\"query-input\":{\"@type\":\"PropertyValueSpecification\",\"valueRequired\":true,\"valueName\":\"search_term_string\"}}],\"inLanguage\":\"pt-BR\"},{\"@type\":\"Organization\",\"@id\":\"https:\/\/www.estrategiaconcursos.com.br\/blog\/#organization\",\"name\":\"Estrat\u00e9gia Concursos\",\"url\":\"https:\/\/www.estrategiaconcursos.com.br\/blog\/\",\"logo\":{\"@type\":\"ImageObject\",\"inLanguage\":\"pt-BR\",\"@id\":\"https:\/\/www.estrategiaconcursos.com.br\/blog\/#\/schema\/logo\/image\/\",\"url\":\"https:\/\/dhg1h5j42swfq.cloudfront.net\/2025\/06\/03203428\/logo_concursos-1.jpg\",\"contentUrl\":\"https:\/\/dhg1h5j42swfq.cloudfront.net\/2025\/06\/03203428\/logo_concursos-1.jpg\",\"width\":230,\"height\":60,\"caption\":\"Estrat\u00e9gia Concursos\"},\"image\":{\"@id\":\"https:\/\/www.estrategiaconcursos.com.br\/blog\/#\/schema\/logo\/image\/\"},\"sameAs\":[\"https:\/\/x.com\/EstratConcursos\"]},{\"@type\":\"Person\",\"@id\":\"https:\/\/www.estrategiaconcursos.com.br\/blog\/#\/schema\/person\/70c2ad4297aa24ff8815b08215b23a76\",\"name\":\"Ronaldo Scanavini Neto\",\"image\":{\"@type\":\"ImageObject\",\"inLanguage\":\"pt-BR\",\"@id\":\"https:\/\/secure.gravatar.com\/avatar\/f93d8e56fe264596e94aee6b3feb737d98ad0fc5bac7eb0a245f04723c5c8f21?s=96&d=mm&r=g\",\"url\":\"https:\/\/secure.gravatar.com\/avatar\/f93d8e56fe264596e94aee6b3feb737d98ad0fc5bac7eb0a245f04723c5c8f21?s=96&d=mm&r=g\",\"contentUrl\":\"https:\/\/secure.gravatar.com\/avatar\/f93d8e56fe264596e94aee6b3feb737d98ad0fc5bac7eb0a245f04723c5c8f21?s=96&d=mm&r=g\",\"caption\":\"Ronaldo Scanavini Neto\"},\"description\":\"Graduando em Comunica\u00e7\u00e3o Social \u2013 Jornalismo pela Universidade Federal de Vi\u00e7osa (UFV). Integra a equipe de jornalismo do Estrat\u00e9gia Concursos desde 2023, atuando com \u00eanfase na cobertura da \u00e1rea fiscal. Tamb\u00e9m realiza a apura\u00e7\u00e3o e produ\u00e7\u00e3o de not\u00edcias sobre concursos federais, \u00f3rg\u00e3os participantes do CNU e das \u00e1reas de controle, gest\u00e3o, engenharia, Exame CFC, comunica\u00e7\u00e3o social TI e \u00e1rea de concursos administrativos.\",\"url\":\"https:\/\/www.estrategiaconcursos.com.br\/blog\/author\/ronaldo-netoestrategia-com\/\"}]}<\/script>\n<!-- \/ Yoast SEO Premium plugin. -->","yoast_head_json":{"title":"Gabarito Extraoficial CGE SP - Combate \u00e0 Corrup\u00e7\u00e3o","description":"Acompanhe a corre\u00e7\u00e3o ao vivo do Gabarito Extraoficial CGE SP - Combate \u00e0 Corrup\u00e7\u00e3o e confira seu desempenho no concurso deste domingo!","robots":{"index":"index","follow":"follow","max-snippet":"max-snippet:-1","max-image-preview":"max-image-preview:large","max-video-preview":"max-video-preview:-1"},"canonical":"https:\/\/www.estrategiaconcursos.com.br\/blog\/gabarito-extraoficial-cge-sp-combate-corrupcao\/","og_locale":"pt_BR","og_type":"article","og_title":"Gabarito Extraoficial CGE SP - Combate \u00e0 Corrup\u00e7\u00e3o","og_description":"Acompanhe a corre\u00e7\u00e3o ao vivo do Gabarito Extraoficial CGE SP - Combate \u00e0 Corrup\u00e7\u00e3o e confira seu desempenho no concurso deste domingo!","og_url":"https:\/\/www.estrategiaconcursos.com.br\/blog\/gabarito-extraoficial-cge-sp-combate-corrupcao\/","og_site_name":"Estrat\u00e9gia Concursos","article_published_time":"2025-12-14T10:00:00+00:00","article_modified_time":"2025-12-16T16:18:26+00:00","og_image":[{"width":1111,"height":602,"url":"https:\/\/dhg1h5j42swfq.cloudfront.net\/2025\/12\/10184711\/cge-sp.jpg","type":"image\/jpeg"}],"author":"Ronaldo Scanavini Neto","twitter_card":"summary_large_image","twitter_creator":"@EstratConcursos","twitter_site":"@EstratConcursos","twitter_misc":{"Escrito por":"Ronaldo Scanavini Neto","Est. tempo de leitura":"38 minutos"},"schema":{"@context":"https:\/\/schema.org","@graph":[{"@type":"NewsArticle","@id":"https:\/\/www.estrategiaconcursos.com.br\/blog\/gabarito-extraoficial-cge-sp-combate-corrupcao\/#article","isPartOf":{"@id":"https:\/\/www.estrategiaconcursos.com.br\/blog\/gabarito-extraoficial-cge-sp-combate-corrupcao\/"},"author":{"name":"Ronaldo Scanavini Neto","@id":"https:\/\/www.estrategiaconcursos.com.br\/blog\/#\/schema\/person\/70c2ad4297aa24ff8815b08215b23a76"},"headline":"Gabarito Extraoficial CGE SP &#8211; Combate \u00e0 Corrup\u00e7\u00e3o","datePublished":"2025-12-14T10:00:00+00:00","dateModified":"2025-12-16T16:18:26+00:00","mainEntityOfPage":{"@id":"https:\/\/www.estrategiaconcursos.com.br\/blog\/gabarito-extraoficial-cge-sp-combate-corrupcao\/"},"wordCount":7675,"commentCount":0,"publisher":{"@id":"https:\/\/www.estrategiaconcursos.com.br\/blog\/#organization"},"image":{"@id":"https:\/\/www.estrategiaconcursos.com.br\/blog\/gabarito-extraoficial-cge-sp-combate-corrupcao\/#primaryimage"},"thumbnailUrl":"https:\/\/dhg1h5j42swfq.cloudfront.net\/2025\/12\/10184711\/cge-sp.jpg","articleSection":["Controladorias\/Gest\u00e3o (CGU, CGE, STN, EPPGG)","\u00daltimas not\u00edcias"],"inLanguage":"pt-BR","potentialAction":[{"@type":"CommentAction","name":"Comment","target":["https:\/\/www.estrategiaconcursos.com.br\/blog\/gabarito-extraoficial-cge-sp-combate-corrupcao\/#respond"]}],"copyrightYear":"2025","copyrightHolder":{"@id":"https:\/\/www.estrategiaconcursos.com.br\/blog\/#organization"}},{"@type":"WebPage","@id":"https:\/\/www.estrategiaconcursos.com.br\/blog\/gabarito-extraoficial-cge-sp-combate-corrupcao\/","url":"https:\/\/www.estrategiaconcursos.com.br\/blog\/gabarito-extraoficial-cge-sp-combate-corrupcao\/","name":"Gabarito Extraoficial CGE SP - Combate \u00e0 Corrup\u00e7\u00e3o","isPartOf":{"@id":"https:\/\/www.estrategiaconcursos.com.br\/blog\/#website"},"primaryImageOfPage":{"@id":"https:\/\/www.estrategiaconcursos.com.br\/blog\/gabarito-extraoficial-cge-sp-combate-corrupcao\/#primaryimage"},"image":{"@id":"https:\/\/www.estrategiaconcursos.com.br\/blog\/gabarito-extraoficial-cge-sp-combate-corrupcao\/#primaryimage"},"thumbnailUrl":"https:\/\/dhg1h5j42swfq.cloudfront.net\/2025\/12\/10184711\/cge-sp.jpg","datePublished":"2025-12-14T10:00:00+00:00","dateModified":"2025-12-16T16:18:26+00:00","description":"Acompanhe a corre\u00e7\u00e3o ao vivo do Gabarito Extraoficial CGE SP - Combate \u00e0 Corrup\u00e7\u00e3o e confira seu desempenho no concurso deste domingo!","breadcrumb":{"@id":"https:\/\/www.estrategiaconcursos.com.br\/blog\/gabarito-extraoficial-cge-sp-combate-corrupcao\/#breadcrumb"},"inLanguage":"pt-BR","potentialAction":[{"@type":"ReadAction","target":["https:\/\/www.estrategiaconcursos.com.br\/blog\/gabarito-extraoficial-cge-sp-combate-corrupcao\/"]}]},{"@type":"ImageObject","inLanguage":"pt-BR","@id":"https:\/\/www.estrategiaconcursos.com.br\/blog\/gabarito-extraoficial-cge-sp-combate-corrupcao\/#primaryimage","url":"https:\/\/dhg1h5j42swfq.cloudfront.net\/2025\/12\/10184711\/cge-sp.jpg","contentUrl":"https:\/\/dhg1h5j42swfq.cloudfront.net\/2025\/12\/10184711\/cge-sp.jpg","width":1111,"height":602},{"@type":"BreadcrumbList","@id":"https:\/\/www.estrategiaconcursos.com.br\/blog\/gabarito-extraoficial-cge-sp-combate-corrupcao\/#breadcrumb","itemListElement":[{"@type":"ListItem","position":1,"name":"In\u00edcio","item":"https:\/\/www.estrategiaconcursos.com.br\/blog\/"},{"@type":"ListItem","position":2,"name":"Gabarito Extraoficial CGE SP &#8211; Combate \u00e0 Corrup\u00e7\u00e3o"}]},{"@type":"WebSite","@id":"https:\/\/www.estrategiaconcursos.com.br\/blog\/#website","url":"https:\/\/www.estrategiaconcursos.com.br\/blog\/","name":"Estrat\u00e9gia Concursos","description":"O blog da Estrat\u00e9gia Concursos traz not\u00edcias sobre concursos e artigos de professores oferecendo cursos para concursos (pdf + videaulas) no site.","publisher":{"@id":"https:\/\/www.estrategiaconcursos.com.br\/blog\/#organization"},"potentialAction":[{"@type":"SearchAction","target":{"@type":"EntryPoint","urlTemplate":"https:\/\/www.estrategiaconcursos.com.br\/blog\/?s={search_term_string}"},"query-input":{"@type":"PropertyValueSpecification","valueRequired":true,"valueName":"search_term_string"}}],"inLanguage":"pt-BR"},{"@type":"Organization","@id":"https:\/\/www.estrategiaconcursos.com.br\/blog\/#organization","name":"Estrat\u00e9gia Concursos","url":"https:\/\/www.estrategiaconcursos.com.br\/blog\/","logo":{"@type":"ImageObject","inLanguage":"pt-BR","@id":"https:\/\/www.estrategiaconcursos.com.br\/blog\/#\/schema\/logo\/image\/","url":"https:\/\/dhg1h5j42swfq.cloudfront.net\/2025\/06\/03203428\/logo_concursos-1.jpg","contentUrl":"https:\/\/dhg1h5j42swfq.cloudfront.net\/2025\/06\/03203428\/logo_concursos-1.jpg","width":230,"height":60,"caption":"Estrat\u00e9gia Concursos"},"image":{"@id":"https:\/\/www.estrategiaconcursos.com.br\/blog\/#\/schema\/logo\/image\/"},"sameAs":["https:\/\/x.com\/EstratConcursos"]},{"@type":"Person","@id":"https:\/\/www.estrategiaconcursos.com.br\/blog\/#\/schema\/person\/70c2ad4297aa24ff8815b08215b23a76","name":"Ronaldo Scanavini Neto","image":{"@type":"ImageObject","inLanguage":"pt-BR","@id":"https:\/\/secure.gravatar.com\/avatar\/f93d8e56fe264596e94aee6b3feb737d98ad0fc5bac7eb0a245f04723c5c8f21?s=96&d=mm&r=g","url":"https:\/\/secure.gravatar.com\/avatar\/f93d8e56fe264596e94aee6b3feb737d98ad0fc5bac7eb0a245f04723c5c8f21?s=96&d=mm&r=g","contentUrl":"https:\/\/secure.gravatar.com\/avatar\/f93d8e56fe264596e94aee6b3feb737d98ad0fc5bac7eb0a245f04723c5c8f21?s=96&d=mm&r=g","caption":"Ronaldo Scanavini Neto"},"description":"Graduando em Comunica\u00e7\u00e3o Social \u2013 Jornalismo pela Universidade Federal de Vi\u00e7osa (UFV). Integra a equipe de jornalismo do Estrat\u00e9gia Concursos desde 2023, atuando com \u00eanfase na cobertura da \u00e1rea fiscal. Tamb\u00e9m realiza a apura\u00e7\u00e3o e produ\u00e7\u00e3o de not\u00edcias sobre concursos federais, \u00f3rg\u00e3os participantes do CNU e das \u00e1reas de controle, gest\u00e3o, engenharia, Exame CFC, comunica\u00e7\u00e3o social TI e \u00e1rea de concursos administrativos.","url":"https:\/\/www.estrategiaconcursos.com.br\/blog\/author\/ronaldo-netoestrategia-com\/"}]}},"_links":{"self":[{"href":"https:\/\/www.estrategiaconcursos.com.br\/blog\/wp-json\/wp\/v2\/posts\/1683351","targetHints":{"allow":["GET"]}}],"collection":[{"href":"https:\/\/www.estrategiaconcursos.com.br\/blog\/wp-json\/wp\/v2\/posts"}],"about":[{"href":"https:\/\/www.estrategiaconcursos.com.br\/blog\/wp-json\/wp\/v2\/types\/post"}],"author":[{"embeddable":true,"href":"https:\/\/www.estrategiaconcursos.com.br\/blog\/wp-json\/wp\/v2\/users\/2692"}],"replies":[{"embeddable":true,"href":"https:\/\/www.estrategiaconcursos.com.br\/blog\/wp-json\/wp\/v2\/comments?post=1683351"}],"version-history":[{"count":28,"href":"https:\/\/www.estrategiaconcursos.com.br\/blog\/wp-json\/wp\/v2\/posts\/1683351\/revisions"}],"predecessor-version":[{"id":1686593,"href":"https:\/\/www.estrategiaconcursos.com.br\/blog\/wp-json\/wp\/v2\/posts\/1683351\/revisions\/1686593"}],"wp:featuredmedia":[{"embeddable":true,"href":"https:\/\/www.estrategiaconcursos.com.br\/blog\/wp-json\/wp\/v2\/media\/1683355"}],"wp:attachment":[{"href":"https:\/\/www.estrategiaconcursos.com.br\/blog\/wp-json\/wp\/v2\/media?parent=1683351"}],"wp:term":[{"taxonomy":"category","embeddable":true,"href":"https:\/\/www.estrategiaconcursos.com.br\/blog\/wp-json\/wp\/v2\/categories?post=1683351"},{"taxonomy":"post_tag","embeddable":true,"href":"https:\/\/www.estrategiaconcursos.com.br\/blog\/wp-json\/wp\/v2\/tags?post=1683351"},{"taxonomy":"tax_estado","embeddable":true,"href":"https:\/\/www.estrategiaconcursos.com.br\/blog\/wp-json\/wp\/v2\/tax_estado?post=1683351"}],"curies":[{"name":"wp","href":"https:\/\/api.w.org\/{rel}","templated":true}]}}