{"id":168329,"date":"2019-02-27T10:27:22","date_gmt":"2019-02-27T13:27:22","guid":{"rendered":"https:\/\/www.estrategiaconcursos.com.br\/blog\/?p=168329"},"modified":"2019-02-27T14:42:04","modified_gmt":"2019-02-27T17:42:04","slug":"aulao-presencial-sefaz-ba","status":"publish","type":"post","link":"https:\/\/www.estrategiaconcursos.com.br\/blog\/aulao-presencial-sefaz-ba\/","title":{"rendered":"Aul\u00e3o Presencial (Sefaz BA): Salvador recebe o Estrat\u00e9gia Concursos"},"content":{"rendered":"\n<p><em>Fala, pessoal?&#8230; Ent\u00e3o, partiu Salvador? \\0\/\\0\/\\0\/\\0\/<\/em><\/p>\n\n\n\n<p>\u00c9 isso mesmo! O Estrat\u00e9gia Concursos vai estar no dia 25 de maio, em Salvador-BA, para realizar um <strong><em>AUL\u00c3O PRESENCIAL <\/em><\/strong>focado no cargo de Auditor Fiscal, que vai te ajudar muito bem na reta final do <em><strong>concurso da Sefaz\u00a0BA\u00a0que\u00a0teve\u00a0edital\u00a0publicado\u00a0nesta quarta-feira, 27 de fevereiro<\/strong><\/em>.<\/p>\n\n\n\n<p>Ser\u00e1 um grande evento que vai contar com conte\u00fados focados no edital do certame e dicas importantes para a resolu\u00e7\u00e3o de quest\u00f5es que vai te deixar ainda mais seguro para a prova&#8230; No dia, voc\u00eas ainda poder\u00e3o interagir com os nossos professores, n\u00e3o \u00e9 legal?<\/p>\n\n\n\n<h2 class=\"wp-block-heading\">Assinante tem desconto<\/h2>\n\n\n\n<p>Uma boa not\u00edcia \u00e9 que se voc\u00ea \u00e9 Assinante em qualquer um dos nossos planos (de um ou dois anos), para qualquer um dos cargos, ter\u00e1\u00a0<em><strong>um desconto de 50% no valor da inscri\u00e7\u00e3o<\/strong><\/em>. Assim que voc\u00ea efetuar a compra do ingresso,\u00a0o desconto ser\u00e1 abatido no ato da inscri\u00e7\u00e3o.<\/p>\n\n\n\n<p>Corra e garanta j\u00e1 a sua participa\u00e7\u00e3o neste grande evento porque as\u00a0<em><strong>vagas s\u00e3o limitadas!<\/strong><\/em><\/p>\n\n\n\n<h2 class=\"wp-block-heading\">N\u00e3o sou aluno! Posso participar?<\/h2>\n\n\n\n<p><em><strong>Quem n\u00e3o \u00e9 aluno assinante ou n\u00e3o comprou o pacote, pode participar? <\/strong>SIM!! \u00c9 claro! Voc\u00ea ser\u00e1 bem-vindo! Se voc\u00ea n\u00e3o adquiriu um dos nossos pacotes de cursos do concurso da Sefaz BA, nem mesmo \u00e9 aluno do Estrat\u00e9gia tamb\u00e9m pode participar do evento. <strong>Basta adquirir o ingresso em nosso site os valores dos lotes abaixo<\/strong>. Os valores podem ser pagos \u00e0 vista ou em at\u00e9 12x no cart\u00e3o.<\/em><\/p>\n\n\n\n<h3 class=\"wp-block-heading\"><strong>Dia 25 de maio &#8211; Presencial Sefaz\u00a0BA<\/strong><\/h3>\n\n\n\n<p><em>\u2013 A aula ser\u00e1 focada no cargo de Auditor Fiscal.<\/em><\/p>\n\n\n\n<h2 class=\"wp-block-heading\" style=\"text-align:center\">1\u00ba Lote (R$ 69,00) \u2013\u00a0<u><a href=\"https:\/\/www.estrategiaconcursos.com.br\/curso\/aulao-presencial-de-vespera-para-sefaz-ba-auditor-fiscal-administracao-tributaria-25-05-2019\/\" target=\"_blank\" rel=\"noreferrer noopener\" aria-label=\"Ingresso Aqui! (opens in a new tab)\">Ingresso Aqui!<\/a><\/u><\/h2>\n\n\n\n<h2 class=\"wp-block-heading\">Lotes Estrat\u00e9gicos<\/h2>\n\n\n\n<p style=\"font-size:25px\"><em>Ap\u00f3s dia 06\/03\/2019\u00a0&#8211; 2\u00ba lote:\u00a0R$ 79,00<br \/>Ap\u00f3s dia 20\/03\/2019\u00a0&#8211;\u00a03\u00ba lote:\u00a0R$ 89,00<br \/>Ap\u00f3s dia 31\/03\/2019\u00a0&#8211; 4\u00ba lote: R$ 98,00 <\/em><\/p>\n\n\n\n<figure class=\"wp-block-image\"><img loading=\"lazy\" decoding=\"async\" width=\"1280\" height=\"853\" src=\"https:\/\/dhg1h5j42swfq.cloudfront.net\/2018\/09\/29121619\/SEFAZ-GO-01-23.jpeg\" alt=\"\" class=\"wp-image-144438\" srcset=\"https:\/\/dhg1h5j42swfq.cloudfront.net\/2018\/09\/29121619\/SEFAZ-GO-01-23.jpeg 1280w, https:\/\/dhg1h5j42swfq.cloudfront.net\/2018\/09\/29121619\/SEFAZ-GO-01-23.jpeg 300w, https:\/\/dhg1h5j42swfq.cloudfront.net\/2018\/09\/29121619\/SEFAZ-GO-01-23.jpeg 768w, https:\/\/dhg1h5j42swfq.cloudfront.net\/2018\/09\/29121619\/SEFAZ-GO-01-23.jpeg 1024w, https:\/\/dhg1h5j42swfq.cloudfront.net\/2018\/09\/29121619\/SEFAZ-GO-01-23.jpeg 610w\" sizes=\"auto, (max-width: 1280px) 100vw, 1280px\" \/><\/figure>\n\n\n\n<figure class=\"wp-block-image\"><img loading=\"lazy\" decoding=\"async\" width=\"1280\" height=\"853\" src=\"https:\/\/dhg1h5j42swfq.cloudfront.net\/2018\/09\/29121609\/SEFAZ-GO-01-18.jpeg\" alt=\"\" class=\"wp-image-144433\" srcset=\"https:\/\/dhg1h5j42swfq.cloudfront.net\/2018\/09\/29121609\/SEFAZ-GO-01-18.jpeg 1280w, https:\/\/dhg1h5j42swfq.cloudfront.net\/2018\/09\/29121609\/SEFAZ-GO-01-18.jpeg 300w, https:\/\/dhg1h5j42swfq.cloudfront.net\/2018\/09\/29121609\/SEFAZ-GO-01-18.jpeg 768w, https:\/\/dhg1h5j42swfq.cloudfront.net\/2018\/09\/29121609\/SEFAZ-GO-01-18.jpeg 1024w, https:\/\/dhg1h5j42swfq.cloudfront.net\/2018\/09\/29121609\/SEFAZ-GO-01-18.jpeg 610w\" sizes=\"auto, (max-width: 1280px) 100vw, 1280px\" \/><\/figure>\n\n\n\n<figure class=\"wp-block-image\"><img loading=\"lazy\" decoding=\"async\" width=\"1280\" height=\"853\" src=\"https:\/\/dhg1h5j42swfq.cloudfront.net\/2018\/09\/29123013\/WhatsApp-Image-2018-09-29-at-12.28.49.jpeg\" alt=\"\" class=\"wp-image-144459\" srcset=\"https:\/\/dhg1h5j42swfq.cloudfront.net\/2018\/09\/29123013\/WhatsApp-Image-2018-09-29-at-12.28.49.jpeg 1280w, https:\/\/dhg1h5j42swfq.cloudfront.net\/2018\/09\/29123013\/WhatsApp-Image-2018-09-29-at-12.28.49.jpeg 300w, https:\/\/dhg1h5j42swfq.cloudfront.net\/2018\/09\/29123013\/WhatsApp-Image-2018-09-29-at-12.28.49.jpeg 768w, https:\/\/dhg1h5j42swfq.cloudfront.net\/2018\/09\/29123013\/WhatsApp-Image-2018-09-29-at-12.28.49.jpeg 1024w, https:\/\/dhg1h5j42swfq.cloudfront.net\/2018\/09\/29123013\/WhatsApp-Image-2018-09-29-at-12.28.49.jpeg 610w\" sizes=\"auto, (max-width: 1280px) 100vw, 1280px\" \/><\/figure>\n","protected":false},"excerpt":{"rendered":"<p>Fala, pessoal?&#8230; Ent\u00e3o, partiu Salvador? \\0\/\\0\/\\0\/\\0\/ \u00c9 isso mesmo! O Estrat\u00e9gia Concursos vai estar no dia 25 de maio, em Salvador-BA, para realizar um AUL\u00c3O PRESENCIAL focado no cargo de Auditor Fiscal, que vai te ajudar muito bem na reta final do concurso da Sefaz\u00a0BA\u00a0que\u00a0teve\u00a0edital\u00a0publicado\u00a0nesta quarta-feira, 27 de fevereiro. Ser\u00e1 um grande evento que vai [&hellip;]<\/p>\n","protected":false},"author":26,"featured_media":168325,"comment_status":"open","ping_status":"closed","sticky":false,"template":"","format":"standard","meta":{"post_tipo":"article","footnotes":""},"categories":[1,1983],"tags":[],"tax_estado":[],"class_list":["post-168329","post","type-post","status-publish","format-standard","has-post-thumbnail","hentry","category-cursos-e-concursos","category-fiscal-estadual"],"acf":[],"yoast_head":"<!-- This site is optimized with the Yoast SEO Premium plugin v27.2 (Yoast SEO v27.2) - https:\/\/yoast.com\/product\/yoast-seo-premium-wordpress\/ -->\n<title>Aul\u00e3o Presencial (Sefaz BA): Salvador recebe o Estrat\u00e9gia Concursos<\/title>\n<meta name=\"robots\" content=\"index, follow, max-snippet:-1, max-image-preview:large, max-video-preview:-1\" \/>\n<link rel=\"canonical\" href=\"https:\/\/www.estrategiaconcursos.com.br\/blog\/aulao-presencial-sefaz-ba\/\" \/>\n<meta property=\"og:locale\" content=\"pt_BR\" \/>\n<meta property=\"og:type\" content=\"article\" \/>\n<meta property=\"og:title\" content=\"Aul\u00e3o Presencial (Sefaz BA): Salvador recebe o Estrat\u00e9gia Concursos\" \/>\n<meta property=\"og:description\" content=\"Fala, pessoal?&#8230; Ent\u00e3o, partiu Salvador? \/\/\/\/ \u00c9 isso mesmo! O Estrat\u00e9gia Concursos vai estar no dia 25 de maio, em Salvador-BA, para realizar um AUL\u00c3O PRESENCIAL focado no cargo de Auditor Fiscal, que vai te ajudar muito bem na reta final do concurso da Sefaz\u00a0BA\u00a0que\u00a0teve\u00a0edital\u00a0publicado\u00a0nesta quarta-feira, 27 de fevereiro. Ser\u00e1 um grande evento que vai [&hellip;]\" \/>\n<meta property=\"og:url\" content=\"https:\/\/www.estrategiaconcursos.com.br\/blog\/aulao-presencial-sefaz-ba\/\" \/>\n<meta property=\"og:site_name\" content=\"Estrat\u00e9gia Concursos\" \/>\n<meta property=\"article:author\" content=\"https:\/\/www.facebook.com\/rvale01\" \/>\n<meta property=\"article:published_time\" content=\"2019-02-27T13:27:22+00:00\" \/>\n<meta property=\"article:modified_time\" content=\"2019-02-27T17:42:04+00:00\" \/>\n<meta property=\"og:image\" content=\"https:\/\/dhg1h5j42swfq.cloudfront.net\/2019\/02\/27095406\/SEFAZ-BA-e1551352807976.jpg\" \/>\n\t<meta property=\"og:image:width\" content=\"400\" \/>\n\t<meta property=\"og:image:height\" content=\"209\" \/>\n\t<meta property=\"og:image:type\" content=\"image\/jpeg\" \/>\n<meta name=\"author\" content=\"Ricardo Vale\" \/>\n<meta name=\"twitter:card\" content=\"summary_large_image\" \/>\n<meta name=\"twitter:creator\" content=\"@https:\/\/twitter.com\/EstratConcursos\" \/>\n<meta name=\"twitter:site\" content=\"@EstratConcursos\" \/>\n<meta name=\"twitter:label1\" content=\"Escrito por\" \/>\n\t<meta name=\"twitter:data1\" content=\"Ricardo Vale\" \/>\n\t<meta name=\"twitter:label2\" content=\"Est. tempo de leitura\" \/>\n\t<meta name=\"twitter:data2\" content=\"1 minuto\" \/>\n<script type=\"application\/ld+json\" class=\"yoast-schema-graph\">{\"@context\":\"https:\/\/schema.org\",\"@graph\":[{\"@type\":\"NewsArticle\",\"@id\":\"https:\/\/www.estrategiaconcursos.com.br\/blog\/aulao-presencial-sefaz-ba\/#article\",\"isPartOf\":{\"@id\":\"https:\/\/www.estrategiaconcursos.com.br\/blog\/aulao-presencial-sefaz-ba\/\"},\"author\":{\"name\":\"Ricardo Vale\",\"@id\":\"https:\/\/www.estrategiaconcursos.com.br\/blog\/#\/schema\/person\/c32e47dba2159cafe7796a9569a6ff7e\"},\"headline\":\"Aul\u00e3o Presencial (Sefaz BA): Salvador recebe o Estrat\u00e9gia Concursos\",\"datePublished\":\"2019-02-27T13:27:22+00:00\",\"dateModified\":\"2019-02-27T17:42:04+00:00\",\"mainEntityOfPage\":{\"@id\":\"https:\/\/www.estrategiaconcursos.com.br\/blog\/aulao-presencial-sefaz-ba\/\"},\"wordCount\":303,\"commentCount\":7,\"publisher\":{\"@id\":\"https:\/\/www.estrategiaconcursos.com.br\/blog\/#organization\"},\"image\":{\"@id\":\"https:\/\/www.estrategiaconcursos.com.br\/blog\/aulao-presencial-sefaz-ba\/#primaryimage\"},\"thumbnailUrl\":\"https:\/\/dhg1h5j42swfq.cloudfront.net\/2019\/02\/27095406\/SEFAZ-BA-e1551352807976.jpg\",\"articleSection\":[\"Concursos P\u00fablicos\",\"Fiscal - Estadual (ICMS)\"],\"inLanguage\":\"pt-BR\",\"potentialAction\":[{\"@type\":\"CommentAction\",\"name\":\"Comment\",\"target\":[\"https:\/\/www.estrategiaconcursos.com.br\/blog\/aulao-presencial-sefaz-ba\/#respond\"]}],\"copyrightYear\":\"2019\",\"copyrightHolder\":{\"@id\":\"https:\/\/www.estrategiaconcursos.com.br\/blog\/#organization\"}},{\"@type\":\"WebPage\",\"@id\":\"https:\/\/www.estrategiaconcursos.com.br\/blog\/aulao-presencial-sefaz-ba\/\",\"url\":\"https:\/\/www.estrategiaconcursos.com.br\/blog\/aulao-presencial-sefaz-ba\/\",\"name\":\"Aul\u00e3o Presencial (Sefaz BA): Salvador recebe o Estrat\u00e9gia Concursos\",\"isPartOf\":{\"@id\":\"https:\/\/www.estrategiaconcursos.com.br\/blog\/#website\"},\"primaryImageOfPage\":{\"@id\":\"https:\/\/www.estrategiaconcursos.com.br\/blog\/aulao-presencial-sefaz-ba\/#primaryimage\"},\"image\":{\"@id\":\"https:\/\/www.estrategiaconcursos.com.br\/blog\/aulao-presencial-sefaz-ba\/#primaryimage\"},\"thumbnailUrl\":\"https:\/\/dhg1h5j42swfq.cloudfront.net\/2019\/02\/27095406\/SEFAZ-BA-e1551352807976.jpg\",\"datePublished\":\"2019-02-27T13:27:22+00:00\",\"dateModified\":\"2019-02-27T17:42:04+00:00\",\"breadcrumb\":{\"@id\":\"https:\/\/www.estrategiaconcursos.com.br\/blog\/aulao-presencial-sefaz-ba\/#breadcrumb\"},\"inLanguage\":\"pt-BR\",\"potentialAction\":[{\"@type\":\"ReadAction\",\"target\":[\"https:\/\/www.estrategiaconcursos.com.br\/blog\/aulao-presencial-sefaz-ba\/\"]}]},{\"@type\":\"ImageObject\",\"inLanguage\":\"pt-BR\",\"@id\":\"https:\/\/www.estrategiaconcursos.com.br\/blog\/aulao-presencial-sefaz-ba\/#primaryimage\",\"url\":\"https:\/\/dhg1h5j42swfq.cloudfront.net\/2019\/02\/27095406\/SEFAZ-BA-e1551352807976.jpg\",\"contentUrl\":\"https:\/\/dhg1h5j42swfq.cloudfront.net\/2019\/02\/27095406\/SEFAZ-BA-e1551352807976.jpg\",\"width\":400,\"height\":209,\"caption\":\"edital Sefaz BA\"},{\"@type\":\"BreadcrumbList\",\"@id\":\"https:\/\/www.estrategiaconcursos.com.br\/blog\/aulao-presencial-sefaz-ba\/#breadcrumb\",\"itemListElement\":[{\"@type\":\"ListItem\",\"position\":1,\"name\":\"In\u00edcio\",\"item\":\"https:\/\/www.estrategiaconcursos.com.br\/blog\/\"},{\"@type\":\"ListItem\",\"position\":2,\"name\":\"Aul\u00e3o Presencial (Sefaz BA): Salvador recebe o Estrat\u00e9gia Concursos\"}]},{\"@type\":\"WebSite\",\"@id\":\"https:\/\/www.estrategiaconcursos.com.br\/blog\/#website\",\"url\":\"https:\/\/www.estrategiaconcursos.com.br\/blog\/\",\"name\":\"Estrat\u00e9gia Concursos\",\"description\":\"O blog da Estrat\u00e9gia Concursos traz not\u00edcias sobre concursos e artigos de professores oferecendo cursos para concursos (pdf + videaulas) no site.\",\"publisher\":{\"@id\":\"https:\/\/www.estrategiaconcursos.com.br\/blog\/#organization\"},\"potentialAction\":[{\"@type\":\"SearchAction\",\"target\":{\"@type\":\"EntryPoint\",\"urlTemplate\":\"https:\/\/www.estrategiaconcursos.com.br\/blog\/?s={search_term_string}\"},\"query-input\":{\"@type\":\"PropertyValueSpecification\",\"valueRequired\":true,\"valueName\":\"search_term_string\"}}],\"inLanguage\":\"pt-BR\"},{\"@type\":\"Organization\",\"@id\":\"https:\/\/www.estrategiaconcursos.com.br\/blog\/#organization\",\"name\":\"Estrat\u00e9gia Concursos\",\"url\":\"https:\/\/www.estrategiaconcursos.com.br\/blog\/\",\"logo\":{\"@type\":\"ImageObject\",\"inLanguage\":\"pt-BR\",\"@id\":\"https:\/\/www.estrategiaconcursos.com.br\/blog\/#\/schema\/logo\/image\/\",\"url\":\"https:\/\/dhg1h5j42swfq.cloudfront.net\/2025\/06\/03203428\/logo_concursos-1.jpg\",\"contentUrl\":\"https:\/\/dhg1h5j42swfq.cloudfront.net\/2025\/06\/03203428\/logo_concursos-1.jpg\",\"width\":230,\"height\":60,\"caption\":\"Estrat\u00e9gia Concursos\"},\"image\":{\"@id\":\"https:\/\/www.estrategiaconcursos.com.br\/blog\/#\/schema\/logo\/image\/\"},\"sameAs\":[\"https:\/\/x.com\/EstratConcursos\"]},{\"@type\":\"Person\",\"@id\":\"https:\/\/www.estrategiaconcursos.com.br\/blog\/#\/schema\/person\/c32e47dba2159cafe7796a9569a6ff7e\",\"name\":\"Ricardo Vale\",\"image\":{\"@type\":\"ImageObject\",\"inLanguage\":\"pt-BR\",\"@id\":\"https:\/\/secure.gravatar.com\/avatar\/e5a5658c798bb49dd53314263f59f38c192d73370fb65839a372c2ae9027be74?s=96&d=mm&r=g\",\"url\":\"https:\/\/secure.gravatar.com\/avatar\/e5a5658c798bb49dd53314263f59f38c192d73370fb65839a372c2ae9027be74?s=96&d=mm&r=g\",\"contentUrl\":\"https:\/\/secure.gravatar.com\/avatar\/e5a5658c798bb49dd53314263f59f38c192d73370fb65839a372c2ae9027be74?s=96&d=mm&r=g\",\"caption\":\"Ricardo Vale\"},\"sameAs\":[\"https:\/\/www.facebook.com\/rvale01\",\"https:\/\/x.com\/https:\/\/twitter.com\/EstratConcursos\"],\"url\":\"https:\/\/www.estrategiaconcursos.com.br\/blog\/author\/ricardovaleestrategiaconcursos-com-br\/\"}]}<\/script>\n<!-- \/ Yoast SEO Premium plugin. -->","yoast_head_json":{"title":"Aul\u00e3o Presencial (Sefaz BA): Salvador recebe o Estrat\u00e9gia Concursos","robots":{"index":"index","follow":"follow","max-snippet":"max-snippet:-1","max-image-preview":"max-image-preview:large","max-video-preview":"max-video-preview:-1"},"canonical":"https:\/\/www.estrategiaconcursos.com.br\/blog\/aulao-presencial-sefaz-ba\/","og_locale":"pt_BR","og_type":"article","og_title":"Aul\u00e3o Presencial (Sefaz BA): Salvador recebe o Estrat\u00e9gia Concursos","og_description":"Fala, pessoal?&#8230; Ent\u00e3o, partiu Salvador? \/\/\/\/ \u00c9 isso mesmo! O Estrat\u00e9gia Concursos vai estar no dia 25 de maio, em Salvador-BA, para realizar um AUL\u00c3O PRESENCIAL focado no cargo de Auditor Fiscal, que vai te ajudar muito bem na reta final do concurso da Sefaz\u00a0BA\u00a0que\u00a0teve\u00a0edital\u00a0publicado\u00a0nesta quarta-feira, 27 de fevereiro. Ser\u00e1 um grande evento que vai [&hellip;]","og_url":"https:\/\/www.estrategiaconcursos.com.br\/blog\/aulao-presencial-sefaz-ba\/","og_site_name":"Estrat\u00e9gia Concursos","article_author":"https:\/\/www.facebook.com\/rvale01","article_published_time":"2019-02-27T13:27:22+00:00","article_modified_time":"2019-02-27T17:42:04+00:00","og_image":[{"width":400,"height":209,"url":"https:\/\/dhg1h5j42swfq.cloudfront.net\/2019\/02\/27095406\/SEFAZ-BA-e1551352807976.jpg","type":"image\/jpeg"}],"author":"Ricardo Vale","twitter_card":"summary_large_image","twitter_creator":"@https:\/\/twitter.com\/EstratConcursos","twitter_site":"@EstratConcursos","twitter_misc":{"Escrito por":"Ricardo Vale","Est. tempo de leitura":"1 minuto"},"schema":{"@context":"https:\/\/schema.org","@graph":[{"@type":"NewsArticle","@id":"https:\/\/www.estrategiaconcursos.com.br\/blog\/aulao-presencial-sefaz-ba\/#article","isPartOf":{"@id":"https:\/\/www.estrategiaconcursos.com.br\/blog\/aulao-presencial-sefaz-ba\/"},"author":{"name":"Ricardo Vale","@id":"https:\/\/www.estrategiaconcursos.com.br\/blog\/#\/schema\/person\/c32e47dba2159cafe7796a9569a6ff7e"},"headline":"Aul\u00e3o Presencial (Sefaz BA): Salvador recebe o Estrat\u00e9gia Concursos","datePublished":"2019-02-27T13:27:22+00:00","dateModified":"2019-02-27T17:42:04+00:00","mainEntityOfPage":{"@id":"https:\/\/www.estrategiaconcursos.com.br\/blog\/aulao-presencial-sefaz-ba\/"},"wordCount":303,"commentCount":7,"publisher":{"@id":"https:\/\/www.estrategiaconcursos.com.br\/blog\/#organization"},"image":{"@id":"https:\/\/www.estrategiaconcursos.com.br\/blog\/aulao-presencial-sefaz-ba\/#primaryimage"},"thumbnailUrl":"https:\/\/dhg1h5j42swfq.cloudfront.net\/2019\/02\/27095406\/SEFAZ-BA-e1551352807976.jpg","articleSection":["Concursos P\u00fablicos","Fiscal - Estadual (ICMS)"],"inLanguage":"pt-BR","potentialAction":[{"@type":"CommentAction","name":"Comment","target":["https:\/\/www.estrategiaconcursos.com.br\/blog\/aulao-presencial-sefaz-ba\/#respond"]}],"copyrightYear":"2019","copyrightHolder":{"@id":"https:\/\/www.estrategiaconcursos.com.br\/blog\/#organization"}},{"@type":"WebPage","@id":"https:\/\/www.estrategiaconcursos.com.br\/blog\/aulao-presencial-sefaz-ba\/","url":"https:\/\/www.estrategiaconcursos.com.br\/blog\/aulao-presencial-sefaz-ba\/","name":"Aul\u00e3o Presencial (Sefaz BA): Salvador recebe o Estrat\u00e9gia Concursos","isPartOf":{"@id":"https:\/\/www.estrategiaconcursos.com.br\/blog\/#website"},"primaryImageOfPage":{"@id":"https:\/\/www.estrategiaconcursos.com.br\/blog\/aulao-presencial-sefaz-ba\/#primaryimage"},"image":{"@id":"https:\/\/www.estrategiaconcursos.com.br\/blog\/aulao-presencial-sefaz-ba\/#primaryimage"},"thumbnailUrl":"https:\/\/dhg1h5j42swfq.cloudfront.net\/2019\/02\/27095406\/SEFAZ-BA-e1551352807976.jpg","datePublished":"2019-02-27T13:27:22+00:00","dateModified":"2019-02-27T17:42:04+00:00","breadcrumb":{"@id":"https:\/\/www.estrategiaconcursos.com.br\/blog\/aulao-presencial-sefaz-ba\/#breadcrumb"},"inLanguage":"pt-BR","potentialAction":[{"@type":"ReadAction","target":["https:\/\/www.estrategiaconcursos.com.br\/blog\/aulao-presencial-sefaz-ba\/"]}]},{"@type":"ImageObject","inLanguage":"pt-BR","@id":"https:\/\/www.estrategiaconcursos.com.br\/blog\/aulao-presencial-sefaz-ba\/#primaryimage","url":"https:\/\/dhg1h5j42swfq.cloudfront.net\/2019\/02\/27095406\/SEFAZ-BA-e1551352807976.jpg","contentUrl":"https:\/\/dhg1h5j42swfq.cloudfront.net\/2019\/02\/27095406\/SEFAZ-BA-e1551352807976.jpg","width":400,"height":209,"caption":"edital Sefaz BA"},{"@type":"BreadcrumbList","@id":"https:\/\/www.estrategiaconcursos.com.br\/blog\/aulao-presencial-sefaz-ba\/#breadcrumb","itemListElement":[{"@type":"ListItem","position":1,"name":"In\u00edcio","item":"https:\/\/www.estrategiaconcursos.com.br\/blog\/"},{"@type":"ListItem","position":2,"name":"Aul\u00e3o Presencial (Sefaz BA): Salvador recebe o Estrat\u00e9gia Concursos"}]},{"@type":"WebSite","@id":"https:\/\/www.estrategiaconcursos.com.br\/blog\/#website","url":"https:\/\/www.estrategiaconcursos.com.br\/blog\/","name":"Estrat\u00e9gia Concursos","description":"O blog da Estrat\u00e9gia Concursos traz not\u00edcias sobre concursos e artigos de professores oferecendo cursos para concursos (pdf + videaulas) no site.","publisher":{"@id":"https:\/\/www.estrategiaconcursos.com.br\/blog\/#organization"},"potentialAction":[{"@type":"SearchAction","target":{"@type":"EntryPoint","urlTemplate":"https:\/\/www.estrategiaconcursos.com.br\/blog\/?s={search_term_string}"},"query-input":{"@type":"PropertyValueSpecification","valueRequired":true,"valueName":"search_term_string"}}],"inLanguage":"pt-BR"},{"@type":"Organization","@id":"https:\/\/www.estrategiaconcursos.com.br\/blog\/#organization","name":"Estrat\u00e9gia Concursos","url":"https:\/\/www.estrategiaconcursos.com.br\/blog\/","logo":{"@type":"ImageObject","inLanguage":"pt-BR","@id":"https:\/\/www.estrategiaconcursos.com.br\/blog\/#\/schema\/logo\/image\/","url":"https:\/\/dhg1h5j42swfq.cloudfront.net\/2025\/06\/03203428\/logo_concursos-1.jpg","contentUrl":"https:\/\/dhg1h5j42swfq.cloudfront.net\/2025\/06\/03203428\/logo_concursos-1.jpg","width":230,"height":60,"caption":"Estrat\u00e9gia Concursos"},"image":{"@id":"https:\/\/www.estrategiaconcursos.com.br\/blog\/#\/schema\/logo\/image\/"},"sameAs":["https:\/\/x.com\/EstratConcursos"]},{"@type":"Person","@id":"https:\/\/www.estrategiaconcursos.com.br\/blog\/#\/schema\/person\/c32e47dba2159cafe7796a9569a6ff7e","name":"Ricardo Vale","image":{"@type":"ImageObject","inLanguage":"pt-BR","@id":"https:\/\/secure.gravatar.com\/avatar\/e5a5658c798bb49dd53314263f59f38c192d73370fb65839a372c2ae9027be74?s=96&d=mm&r=g","url":"https:\/\/secure.gravatar.com\/avatar\/e5a5658c798bb49dd53314263f59f38c192d73370fb65839a372c2ae9027be74?s=96&d=mm&r=g","contentUrl":"https:\/\/secure.gravatar.com\/avatar\/e5a5658c798bb49dd53314263f59f38c192d73370fb65839a372c2ae9027be74?s=96&d=mm&r=g","caption":"Ricardo Vale"},"sameAs":["https:\/\/www.facebook.com\/rvale01","https:\/\/x.com\/https:\/\/twitter.com\/EstratConcursos"],"url":"https:\/\/www.estrategiaconcursos.com.br\/blog\/author\/ricardovaleestrategiaconcursos-com-br\/"}]}},"_links":{"self":[{"href":"https:\/\/www.estrategiaconcursos.com.br\/blog\/wp-json\/wp\/v2\/posts\/168329","targetHints":{"allow":["GET"]}}],"collection":[{"href":"https:\/\/www.estrategiaconcursos.com.br\/blog\/wp-json\/wp\/v2\/posts"}],"about":[{"href":"https:\/\/www.estrategiaconcursos.com.br\/blog\/wp-json\/wp\/v2\/types\/post"}],"author":[{"embeddable":true,"href":"https:\/\/www.estrategiaconcursos.com.br\/blog\/wp-json\/wp\/v2\/users\/26"}],"replies":[{"embeddable":true,"href":"https:\/\/www.estrategiaconcursos.com.br\/blog\/wp-json\/wp\/v2\/comments?post=168329"}],"version-history":[{"count":4,"href":"https:\/\/www.estrategiaconcursos.com.br\/blog\/wp-json\/wp\/v2\/posts\/168329\/revisions"}],"predecessor-version":[{"id":168341,"href":"https:\/\/www.estrategiaconcursos.com.br\/blog\/wp-json\/wp\/v2\/posts\/168329\/revisions\/168341"}],"wp:featuredmedia":[{"embeddable":true,"href":"https:\/\/www.estrategiaconcursos.com.br\/blog\/wp-json\/wp\/v2\/media\/168325"}],"wp:attachment":[{"href":"https:\/\/www.estrategiaconcursos.com.br\/blog\/wp-json\/wp\/v2\/media?parent=168329"}],"wp:term":[{"taxonomy":"category","embeddable":true,"href":"https:\/\/www.estrategiaconcursos.com.br\/blog\/wp-json\/wp\/v2\/categories?post=168329"},{"taxonomy":"post_tag","embeddable":true,"href":"https:\/\/www.estrategiaconcursos.com.br\/blog\/wp-json\/wp\/v2\/tags?post=168329"},{"taxonomy":"tax_estado","embeddable":true,"href":"https:\/\/www.estrategiaconcursos.com.br\/blog\/wp-json\/wp\/v2\/tax_estado?post=168329"}],"curies":[{"name":"wp","href":"https:\/\/api.w.org\/{rel}","templated":true}]}}