{"id":1683288,"date":"2025-12-12T12:00:00","date_gmt":"2025-12-12T15:00:00","guid":{"rendered":"https:\/\/www.estrategiaconcursos.com.br\/blog\/?p=1683288"},"modified":"2025-12-11T15:35:10","modified_gmt":"2025-12-11T18:35:10","slug":"concursos-sefaz-sp-df","status":"publish","type":"post","link":"https:\/\/www.estrategiaconcursos.com.br\/blog\/concursos-sefaz-sp-df\/","title":{"rendered":"Concursos Sefaz SP x Sefaz DF: \u00e9 poss\u00edvel conciliar?"},"content":{"rendered":"\n<p style=\"font-size:clamp(16.293px, 1.018rem + ((1vw - 3.2px) * 0.854), 25px);\"><strong><em>Professor insuper\u00e1vel do Estrat\u00e9gia Concursos traz dicas para conciliar os concursos Sefaz SP e DF!<\/em><\/strong><\/p>\n\n\n\n<p>Est\u00e3o abertas as inscri\u00e7\u00f5es at\u00e9 o dia <strong>9 de janeiro de 2026<\/strong> para o mais novo concurso da <strong><a href=\"https:\/\/www.estrategiaconcursos.com.br\/cursosPorConcurso\/icms-sp-63\/\" target=\"_blank\" rel=\"noreferrer noopener\">Secretaria da Fazenda e Planejamento do Estado de S\u00e3o Paulo<\/a> (Sefaz SP)<\/strong>, uma das principais chances na \u00e1rea fiscal.<\/p>\n\n\n\n<p>Em contrapartida, o <strong>concurso Sefaz DF&nbsp;<\/strong>(<strong><a href=\"https:\/\/www.estrategiaconcursos.com.br\/cursosPorConcurso\/sefaz-df-279\/\" target=\"_blank\" rel=\"noreferrer noopener\">Secretaria de Estado de Economia do Distrito Federal<\/a><\/strong>) pode ter seu edital publicado a qualquer momento, rivalizando oficialmente com o certame paulista.<\/p>\n\n\n\n<p>Afinal, ambos trazem mais de <strong>200 vagas imediatas<\/strong> para cargos que alcan\u00e7am sal\u00e1rios iniciais de <strong>R$ 23,5 mil<\/strong>, isso tudo com exig\u00eancia de n\u00edvel superior em <strong>qualquer \u00e1rea de forma\u00e7\u00e3o.<\/strong><\/p>\n\n\n\n<p>Se voc\u00ea \u00e9 pedagogo, jornalista, engenheiro, advogado ou possui qualquer outra forma\u00e7\u00e3o de ensino superior, essas chances s\u00e3o super poss\u00edveis para voc\u00ea.<\/p>\n\n\n\n<h2 class=\"wp-block-heading\" id=\"h-conciliar-e-realmente-possivel\">Conciliar \u00e9 realmente poss\u00edvel? <\/h2>\n\n\n\n<p>Diante dessas baitas oportunidades, focar entre as duas sele\u00e7\u00f5es \u00e9 diminuir a porcentagem de aprova\u00e7\u00e3o em grandes concursos p\u00fablicos.<\/p>\n\n\n\n<p>Isso porque a prepara\u00e7\u00e3o para cada um leva em conta especificidades das legisla\u00e7\u00f5es estaduais, al\u00e9m das diferen\u00e7as dos m\u00e9todos de elabora\u00e7\u00e3o das provas entre as bancas organizadoras dos certames.<\/p>\n\n\n\n<p>Para te ajudar ainda mais a responder esta pergunta, o nosso professor insuper\u00e1vel Bruno Bezerra trouxe detalhes pra l\u00e1 de importantes.<\/p>\n\n\n\n<p>Com uma imin\u00eancia t\u00e3o grande, Bruno ressaltou as diferen\u00e7as r\u00e1pidas entre as bancas:<\/p>\n\n\n\n<figure class=\"wp-block-table is-style-stripes\"><table class=\"has-fixed-layout\"><thead><tr><th class=\"has-text-align-center\" data-align=\"center\">FCC (Sefaz SP)<\/th><th class=\"has-text-align-center\" data-align=\"center\">Cebraspe (Sefaz DF)<\/th><\/tr><\/thead><tbody><tr><td class=\"has-text-align-center\" data-align=\"center\">Enunciados mais longos<\/td><td class=\"has-text-align-center\" data-align=\"center\">Enunciados curtos<\/td><\/tr><tr><td class=\"has-text-align-center\" data-align=\"center\">Muito mais c\u00e1lculos e contas<\/td><td class=\"has-text-align-center\" data-align=\"center\">Quest\u00f5es mais te\u00f3ricas<\/td><\/tr><\/tbody><\/table><\/figure>\n\n\n\n<p>Ainda assim, ele refor\u00e7ou que o melhor seria se preparar 100% apenas para <strong>um dos concursos<\/strong>, aumentando sua chance de ser aprovado naquele que melhor lhe agrada. <em>&#8220;Eu focaria no primeiro edital publicado (Sefaz SP) e n\u00e3o tentaria abra\u00e7ar ambos os mundos com as duas pernas&#8221;.<\/em><\/p>\n\n\n\n<p>E, caso seja do interesse do candidato, h\u00e1 a possibilidade de estudar para a outra prova ap\u00f3s a aplica\u00e7\u00e3o da prova do <strong>concurso Sefaz SP.<\/strong><\/p>\n\n\n\n<p class=\"has-text-align-center\"><em>Veja o v\u00eddeo completo:<\/em><\/p>\n\n\n<figure class=\"wp-block-embed-youtube wp-block-embed is-type-video is-provider-youtube wp-embed-aspect-16-9 wp-has-aspect-ratio\"><div class=\"lyte-wrapper\" style=\"width:853px;max-width:100%;margin:5px;\"><div class=\"lyMe\" id=\"WYL_uKE412ZKwE0\"><div id=\"lyte_uKE412ZKwE0\" data-src=\"\/\/i.ytimg.com\/vi\/uKE412ZKwE0\/hqdefault.jpg\" class=\"pL\"><div class=\"tC\"><div class=\"tT\"><\/div><\/div><div class=\"play\"><\/div><div class=\"ctrl\"><div class=\"Lctrl\"><\/div><div class=\"Rctrl\"><\/div><\/div><\/div><noscript><a href=\"https:\/\/youtu.be\/uKE412ZKwE0\" rel=\"nofollow\"><img loading=\"lazy\" decoding=\"async\" src=\"https:\/\/i.ytimg.com\/vi\/uKE412ZKwE0\/0.jpg\" alt=\"YouTube video thumbnail\" width=\"853\" height=\"460\" \/><br \/>Assista a este v\u00eddeo no YouTube<\/a><\/noscript><\/div><\/div><div class=\"lL\" style=\"max-width:100%;width:853px;margin:5px;\"><\/div><figcaption><\/figcaption><\/figure>\n\n\n<div class=\"container\" id=\"boxes\">\n  <div class=\"row\">\n\n    <div class=\"col-sm\">\n      <div class=\"banner-sefaz-ec\" id=\"box-assinatura\">\n        <h2 class=\"titulo-assinatura\">Concurso Sefaz SP<\/h2>\n        <p class=\"subtitulo-assinatura\">Prepara\u00e7\u00e3o completa para a carreira na Sefaz SP<\/p>\n        <div class=\"box-botao\">\n          <a class=\"btn-assinatura\" target=\"_blank\" href=\"https:\/\/www.estrategiaconcursos.com.br\/cursosPorConcurso\/icms-sp-63\/\" role=\"button\" rel=\"noopener noreferrer\">VER CURSOS<\/a>\n        <\/div>\n      <\/div>\n    \n    <\/div>\n\n  <\/div>\n<\/div>\n\n\n\n<h2 class=\"wp-block-heading\" id=\"h-salario-real-de-auditor-do-concurso-sefaz-sp-2025-alcanca-r-30-mil-liquido\">Sal\u00e1rio real de Auditor do concurso Sefaz SP 2025 alcan\u00e7a R$ 30 mil l\u00edquido<\/h2>\n\n\n\n<p>O valor de R$ 30 mil l\u00edquido \u00e9, sem d\u00favidas, um dos maiores no \u00e2mbito fiscal e estadual. E estes ser\u00e3o os sal\u00e1rios dos futuros aprovados no concurso Sefaz SP.<\/p>\n\n\n\n<p>A remunera\u00e7\u00e3o neste patamar \u00e9 t\u00e3o alta porque o cargo de Auditor Fiscal possui 6 n\u00edveis, denominados N\u00edveis I a VI. O in\u00edcio da carreira come\u00e7a no n\u00edvel I, crescendo a cada dois anos.<\/p>\n\n\n\n<p>Al\u00e9m disso, o vencimento compreende uma&nbsp;<strong>parte fixa<\/strong>&nbsp;(R$ 13.008,79) e uma&nbsp;<strong>parte vari\u00e1vel&nbsp;<\/strong>(pr\u00eamio de produtividade \u2013 R$ 8.168,31). Inclusive, vale ressaltar que este ano os servidores estaduais tiveram um&nbsp;<a href=\"https:\/\/www.agenciasp.sp.gov.br\/governo-de-sp-sanciona-lei-complementar-que-reajusta-em-5-o-salario-de-servidores-publicos\/?utm_source=youtube.com&amp;utm_medium=descricao&amp;utm_campaign=fixa\" target=\"_blank\" rel=\"noreferrer noopener\">reajuste salarial de 5%<\/a>.<\/p>\n\n\n\n<p>Apesar de o valor<strong>&nbsp;inicial de R$ 21.177,10<\/strong>&nbsp;j\u00e1 ser bastante atrativo, saiba que, na realidade, ele \u00e9 ainda maior! Confira:<\/p>\n\n\n\n<ul class=\"wp-block-list\">\n<li>Vencimento base: R$ 13.008,79<\/li>\n\n\n\n<li>Pr\u00eamio de Produtividade: R$ 8.168,31<\/li>\n\n\n\n<li>Verba Indenizat\u00f3ria (VI): R$ 11.106,00\n<ul class=\"wp-block-list\">\n<li><strong>Bruto com VI: R$ 32.283,10<\/strong><\/li>\n<\/ul>\n<\/li>\n\n\n\n<li>Participa\u00e7\u00e3o nos resultados (PR): R$ 7.000,00\n<ul class=\"wp-block-list\">\n<li><strong>Bruto com VI e PR: R$ 39.283,10<\/strong><\/li>\n<\/ul>\n<\/li>\n\n\n\n<li>Descontos obrigat\u00f3rios: aproximadamente R$ 8.769,25\n<ul class=\"wp-block-list\">\n<li><strong>Valor l\u00edquido: aproximadamente&nbsp;R$ 30.513,85<\/strong><\/li>\n<\/ul>\n<\/li>\n<\/ul>\n\n\n\n<p><em>Abaixo, confira uma estimativa mais detalhada dos valores recebidos, conforme a progress\u00e3o:<\/em><\/p>\n\n\n\n<figure class=\"wp-block-image aligncenter\"><img loading=\"lazy\" decoding=\"async\" width=\"1024\" height=\"298\" src=\"https:\/\/dhg1h5j42swfq.cloudfront.net\/2025\/08\/22111619\/image-269-1024x298.png\" alt=\"Concurso Sefaz SP: qual o sal\u00e1rio real de Auditor?\" class=\"wp-image-1627545\" srcset=\"https:\/\/dhg1h5j42swfq.cloudfront.net\/2025\/08\/22111619\/image-269-1024x298.png 1024w, https:\/\/dhg1h5j42swfq.cloudfront.net\/2025\/08\/22111619\/image-269-300x87.png 300w, https:\/\/dhg1h5j42swfq.cloudfront.net\/2025\/08\/22111619\/image-269-768x224.png 768w, https:\/\/dhg1h5j42swfq.cloudfront.net\/2025\/08\/22111619\/image-269-150x44.png 150w, https:\/\/dhg1h5j42swfq.cloudfront.net\/2025\/08\/22111619\/image-269.png 1531w\" sizes=\"auto, (max-width: 1024px) 100vw, 1024px\" \/><figcaption class=\"wp-element-caption\">Concurso Sefaz SP: qual o sal\u00e1rio real de Auditor?<\/figcaption><\/figure>\n\n\n\n<p>Para exemplificar ainda melhor, trouxemos abaixo o valor real recebido por um&nbsp;<strong>servidor aprovado no \u00faltimo concurso<\/strong>&nbsp;(2013). Conforme o detalhamento, o sal\u00e1rio ap\u00f3s os descontos obrigat\u00f3rios \u00e9 de&nbsp;<strong>R$ 33,2 mil<\/strong>:<\/p>\n\n\n\n<figure class=\"wp-block-image aligncenter\"><img loading=\"lazy\" decoding=\"async\" width=\"764\" height=\"120\" src=\"https:\/\/dhg1h5j42swfq.cloudfront.net\/2025\/11\/13153443\/image-123.png\" alt=\"Concurso Sefaz SP: qual o sal\u00e1rio real de Auditor?\" class=\"wp-image-1670211\" srcset=\"https:\/\/dhg1h5j42swfq.cloudfront.net\/2025\/11\/13153443\/image-123.png 764w, https:\/\/dhg1h5j42swfq.cloudfront.net\/2025\/11\/13153443\/image-123-300x47.png 300w, https:\/\/dhg1h5j42swfq.cloudfront.net\/2025\/11\/13153443\/image-123-150x24.png 150w\" sizes=\"auto, (max-width: 764px) 100vw, 764px\" \/><\/figure>\n\n\n\n<ul class=\"wp-block-list\">\n<li><strong><a href=\"https:\/\/www.transparencia.sp.gov.br\/Home\/Servidor?utm_source=youtube.com&amp;utm_medium=descricao&amp;utm_campaign=fixa\" target=\"_blank\" rel=\"noreferrer noopener\">Confira as remunera\u00e7\u00f5es reais diretamente no Portal da Transpar\u00eancia de SP<\/a><\/strong><\/li>\n<\/ul>\n\n\n\n<p class=\"has-text-align-center\"><em>Para ficar por dentro de todas as informa\u00e7\u00f5es sobre os concursos Sefaz <a href=\"https:\/\/www.concursosfcc.com.br\/concursos\/fazsp125\/index.html?utm_source=google&amp;utm_medium=cpc&amp;utm_campaign=ec-adm-vd-gsh-pssibge-web-151025\" target=\"_blank\" rel=\"noreferrer noopener\">SP<\/a> e DF, al\u00e9m de como concili\u00e1-los, n\u00e3o deixe de conferir nosso artigo completo sobre a sele\u00e7\u00e3o:<\/em><\/p>\n\n\n\n<p class=\"has-text-align-center has-background has-medium-font-size\" style=\"background-color:#a4cee9\"><strong>Saiba mais: <a href=\"https:\/\/www.estrategiaconcursos.com.br\/blog\/concurso-sefaz-sp\/\" target=\"_blank\" rel=\"noreferrer noopener\">Concurso Sefaz SP<\/a><\/strong> | <strong><a href=\"https:\/\/www.estrategiaconcursos.com.br\/blog\/concurso-sefaz-df\/\" target=\"_blank\" rel=\"noreferrer noopener\">Concurso Sefaz DF<\/a><\/strong><\/p>\n\n\n\n<hr class=\"wp-block-separator has-alpha-channel-opacity\"\/>\n\n\n\n<h2 class=\"wp-block-heading has-text-align-center\" id=\"cursos-assinatura\"><em>Quer estudar para o concurso Sefaz SP 2025?<\/em><\/h2>\n\n\n\n<div class=\"container\" id=\"boxes\">\n  <div class=\"row\">\n\n    <div class=\"col-sm\">\n      <div class=\"estrategia\" id=\"box-assinatura\">\n        <h3 class=\"titulo-assinatura\">Assinatura Concursos<\/h3>\n        <p class=\"subtitulo-assinatura\">Assinatura de 1 ano ou 2 anos<\/p>\n        <div class=\"box-botao\">\n          <a class=\"btn-assinatura\" target=\"_blank\" href=\"https:\/\/www.estrategiaconcursos.com.br\/assinaturas\/\" role=\"button\" rel=\"noopener noreferrer\">ASSINE AGORA<\/a>\n        <\/div>\n      <\/div>\n     \n    <\/div><\/div><\/div>\n\n\n\n<h2 class=\"wp-block-heading has-text-align-center\" id=\"h-quer-saber-tudo-sobre-concursos-previstos-confira-nossos-artigos\">Quer saber tudo sobre concursos previstos?<br \/>Confira nossos artigos!<\/h2>\n\n\n\n<ul class=\"wp-block-list\">\n<li><a href=\"https:\/\/www.estrategiaconcursos.com.br\/blog\/concursos-abertos\/\" target=\"_blank\" rel=\"noreferrer noopener\">Concursos Abertos<\/a><\/li>\n\n\n\n<li><a href=\"https:\/\/www.estrategiaconcursos.com.br\/blog\/concursos-fiscais\/\" target=\"_blank\" rel=\"noreferrer noopener\">Concursos Fiscais<\/a><\/li>\n\n\n\n<li><a href=\"https:\/\/www.estrategiaconcursos.com.br\/blog\/concursos-2026\/\" target=\"_blank\" rel=\"noreferrer noopener\">Concursos 2026<\/a><\/li>\n\n\n\n<li><a href=\"https:\/\/www.estrategiaconcursos.com.br\/blog\/concursos-sp\/\" target=\"_blank\" rel=\"noreferrer noopener\">Concursos SP<\/a><\/li>\n<\/ul>\n","protected":false},"excerpt":{"rendered":"<p>Professor insuper\u00e1vel do Estrat\u00e9gia Concursos traz dicas para conciliar os concursos Sefaz SP e DF! Est\u00e3o abertas as inscri\u00e7\u00f5es at\u00e9 o dia 9 de janeiro de 2026 para o mais novo concurso da Secretaria da Fazenda e Planejamento do Estado de S\u00e3o Paulo (Sefaz SP), uma das principais chances na \u00e1rea fiscal. Em contrapartida, o [&hellip;]<\/p>\n","protected":false},"author":2692,"featured_media":1681287,"comment_status":"open","ping_status":"closed","sticky":false,"template":"","format":"standard","meta":{"post_tipo":"news","footnotes":""},"categories":[1983,220219],"tags":[],"tax_estado":[219989],"class_list":["post-1683288","post","type-post","status-publish","format-standard","has-post-thumbnail","hentry","category-fiscal-estadual","category-noticias","tax_estado-sp"],"acf":[],"yoast_head":"<!-- This site is optimized with the Yoast SEO Premium plugin v27.2 (Yoast SEO v27.2) - https:\/\/yoast.com\/product\/yoast-seo-premium-wordpress\/ -->\n<title>Concursos Sefaz SP x Sefaz DF: \u00e9 poss\u00edvel conciliar?<\/title>\n<meta name=\"description\" content=\"Concursos Sefaz SP e DF: \u00e9 poss\u00edvel conciliar os estudos? Confira a resposta dada por uma dos maiores professores da \u00e1rea!\" \/>\n<meta name=\"robots\" content=\"index, follow, max-snippet:-1, max-image-preview:large, max-video-preview:-1\" \/>\n<link rel=\"canonical\" href=\"https:\/\/www.estrategiaconcursos.com.br\/blog\/concursos-sefaz-sp-df\/\" \/>\n<meta property=\"og:locale\" content=\"pt_BR\" \/>\n<meta property=\"og:type\" content=\"article\" \/>\n<meta property=\"og:title\" content=\"Concursos Sefaz SP x Sefaz DF: \u00e9 poss\u00edvel conciliar?\" \/>\n<meta property=\"og:description\" content=\"Concursos Sefaz SP e DF: \u00e9 poss\u00edvel conciliar os estudos? Confira a resposta dada por uma dos maiores professores da \u00e1rea!\" \/>\n<meta property=\"og:url\" content=\"https:\/\/www.estrategiaconcursos.com.br\/blog\/concursos-sefaz-sp-df\/\" \/>\n<meta property=\"og:site_name\" content=\"Estrat\u00e9gia Concursos\" \/>\n<meta property=\"article:published_time\" content=\"2025-12-12T15:00:00+00:00\" \/>\n<meta property=\"og:image\" content=\"https:\/\/dhg1h5j42swfq.cloudfront.net\/2025\/12\/07081928\/image-60.png\" \/>\n\t<meta property=\"og:image:width\" content=\"465\" \/>\n\t<meta property=\"og:image:height\" content=\"243\" \/>\n\t<meta property=\"og:image:type\" content=\"image\/png\" \/>\n<meta name=\"author\" content=\"Ronaldo Scanavini Neto\" \/>\n<meta name=\"twitter:card\" content=\"summary_large_image\" \/>\n<meta name=\"twitter:creator\" content=\"@EstratConcursos\" \/>\n<meta name=\"twitter:site\" content=\"@EstratConcursos\" \/>\n<meta name=\"twitter:label1\" content=\"Escrito por\" \/>\n\t<meta name=\"twitter:data1\" content=\"Ronaldo Scanavini Neto\" \/>\n\t<meta name=\"twitter:label2\" content=\"Est. tempo de leitura\" \/>\n\t<meta name=\"twitter:data2\" content=\"3 minutos\" \/>\n<script type=\"application\/ld+json\" class=\"yoast-schema-graph\">{\"@context\":\"https:\/\/schema.org\",\"@graph\":[{\"@type\":\"NewsArticle\",\"@id\":\"https:\/\/www.estrategiaconcursos.com.br\/blog\/concursos-sefaz-sp-df\/#article\",\"isPartOf\":{\"@id\":\"https:\/\/www.estrategiaconcursos.com.br\/blog\/concursos-sefaz-sp-df\/\"},\"author\":{\"name\":\"Ronaldo Scanavini Neto\",\"@id\":\"https:\/\/www.estrategiaconcursos.com.br\/blog\/#\/schema\/person\/70c2ad4297aa24ff8815b08215b23a76\"},\"headline\":\"Concursos Sefaz SP x Sefaz DF: \u00e9 poss\u00edvel conciliar?\",\"datePublished\":\"2025-12-12T15:00:00+00:00\",\"mainEntityOfPage\":{\"@id\":\"https:\/\/www.estrategiaconcursos.com.br\/blog\/concursos-sefaz-sp-df\/\"},\"wordCount\":704,\"commentCount\":0,\"publisher\":{\"@id\":\"https:\/\/www.estrategiaconcursos.com.br\/blog\/#organization\"},\"image\":{\"@id\":\"https:\/\/www.estrategiaconcursos.com.br\/blog\/concursos-sefaz-sp-df\/#primaryimage\"},\"thumbnailUrl\":\"https:\/\/dhg1h5j42swfq.cloudfront.net\/2025\/12\/07081928\/image-60.png\",\"articleSection\":[\"Fiscal - Estadual (ICMS)\",\"\u00daltimas not\u00edcias\"],\"inLanguage\":\"pt-BR\",\"potentialAction\":[{\"@type\":\"CommentAction\",\"name\":\"Comment\",\"target\":[\"https:\/\/www.estrategiaconcursos.com.br\/blog\/concursos-sefaz-sp-df\/#respond\"]}],\"copyrightYear\":\"2025\",\"copyrightHolder\":{\"@id\":\"https:\/\/www.estrategiaconcursos.com.br\/blog\/#organization\"}},{\"@type\":\"WebPage\",\"@id\":\"https:\/\/www.estrategiaconcursos.com.br\/blog\/concursos-sefaz-sp-df\/\",\"url\":\"https:\/\/www.estrategiaconcursos.com.br\/blog\/concursos-sefaz-sp-df\/\",\"name\":\"Concursos Sefaz SP x Sefaz DF: \u00e9 poss\u00edvel conciliar?\",\"isPartOf\":{\"@id\":\"https:\/\/www.estrategiaconcursos.com.br\/blog\/#website\"},\"primaryImageOfPage\":{\"@id\":\"https:\/\/www.estrategiaconcursos.com.br\/blog\/concursos-sefaz-sp-df\/#primaryimage\"},\"image\":{\"@id\":\"https:\/\/www.estrategiaconcursos.com.br\/blog\/concursos-sefaz-sp-df\/#primaryimage\"},\"thumbnailUrl\":\"https:\/\/dhg1h5j42swfq.cloudfront.net\/2025\/12\/07081928\/image-60.png\",\"datePublished\":\"2025-12-12T15:00:00+00:00\",\"description\":\"Concursos Sefaz SP e DF: \u00e9 poss\u00edvel conciliar os estudos? Confira a resposta dada por uma dos maiores professores da \u00e1rea!\",\"breadcrumb\":{\"@id\":\"https:\/\/www.estrategiaconcursos.com.br\/blog\/concursos-sefaz-sp-df\/#breadcrumb\"},\"inLanguage\":\"pt-BR\",\"potentialAction\":[{\"@type\":\"ReadAction\",\"target\":[\"https:\/\/www.estrategiaconcursos.com.br\/blog\/concursos-sefaz-sp-df\/\"]}]},{\"@type\":\"ImageObject\",\"inLanguage\":\"pt-BR\",\"@id\":\"https:\/\/www.estrategiaconcursos.com.br\/blog\/concursos-sefaz-sp-df\/#primaryimage\",\"url\":\"https:\/\/dhg1h5j42swfq.cloudfront.net\/2025\/12\/07081928\/image-60.png\",\"contentUrl\":\"https:\/\/dhg1h5j42swfq.cloudfront.net\/2025\/12\/07081928\/image-60.png\",\"width\":465,\"height\":243,\"caption\":\"Estudos da Universidade de Ohio\"},{\"@type\":\"BreadcrumbList\",\"@id\":\"https:\/\/www.estrategiaconcursos.com.br\/blog\/concursos-sefaz-sp-df\/#breadcrumb\",\"itemListElement\":[{\"@type\":\"ListItem\",\"position\":1,\"name\":\"In\u00edcio\",\"item\":\"https:\/\/www.estrategiaconcursos.com.br\/blog\/\"},{\"@type\":\"ListItem\",\"position\":2,\"name\":\"Concursos Sefaz SP x Sefaz DF: \u00e9 poss\u00edvel conciliar?\"}]},{\"@type\":\"WebSite\",\"@id\":\"https:\/\/www.estrategiaconcursos.com.br\/blog\/#website\",\"url\":\"https:\/\/www.estrategiaconcursos.com.br\/blog\/\",\"name\":\"Estrat\u00e9gia Concursos\",\"description\":\"O blog da Estrat\u00e9gia Concursos traz not\u00edcias sobre concursos e artigos de professores oferecendo cursos para concursos (pdf + videaulas) no site.\",\"publisher\":{\"@id\":\"https:\/\/www.estrategiaconcursos.com.br\/blog\/#organization\"},\"potentialAction\":[{\"@type\":\"SearchAction\",\"target\":{\"@type\":\"EntryPoint\",\"urlTemplate\":\"https:\/\/www.estrategiaconcursos.com.br\/blog\/?s={search_term_string}\"},\"query-input\":{\"@type\":\"PropertyValueSpecification\",\"valueRequired\":true,\"valueName\":\"search_term_string\"}}],\"inLanguage\":\"pt-BR\"},{\"@type\":\"Organization\",\"@id\":\"https:\/\/www.estrategiaconcursos.com.br\/blog\/#organization\",\"name\":\"Estrat\u00e9gia Concursos\",\"url\":\"https:\/\/www.estrategiaconcursos.com.br\/blog\/\",\"logo\":{\"@type\":\"ImageObject\",\"inLanguage\":\"pt-BR\",\"@id\":\"https:\/\/www.estrategiaconcursos.com.br\/blog\/#\/schema\/logo\/image\/\",\"url\":\"https:\/\/dhg1h5j42swfq.cloudfront.net\/2025\/06\/03203428\/logo_concursos-1.jpg\",\"contentUrl\":\"https:\/\/dhg1h5j42swfq.cloudfront.net\/2025\/06\/03203428\/logo_concursos-1.jpg\",\"width\":230,\"height\":60,\"caption\":\"Estrat\u00e9gia Concursos\"},\"image\":{\"@id\":\"https:\/\/www.estrategiaconcursos.com.br\/blog\/#\/schema\/logo\/image\/\"},\"sameAs\":[\"https:\/\/x.com\/EstratConcursos\"]},{\"@type\":\"Person\",\"@id\":\"https:\/\/www.estrategiaconcursos.com.br\/blog\/#\/schema\/person\/70c2ad4297aa24ff8815b08215b23a76\",\"name\":\"Ronaldo Scanavini Neto\",\"image\":{\"@type\":\"ImageObject\",\"inLanguage\":\"pt-BR\",\"@id\":\"https:\/\/secure.gravatar.com\/avatar\/f93d8e56fe264596e94aee6b3feb737d98ad0fc5bac7eb0a245f04723c5c8f21?s=96&d=mm&r=g\",\"url\":\"https:\/\/secure.gravatar.com\/avatar\/f93d8e56fe264596e94aee6b3feb737d98ad0fc5bac7eb0a245f04723c5c8f21?s=96&d=mm&r=g\",\"contentUrl\":\"https:\/\/secure.gravatar.com\/avatar\/f93d8e56fe264596e94aee6b3feb737d98ad0fc5bac7eb0a245f04723c5c8f21?s=96&d=mm&r=g\",\"caption\":\"Ronaldo Scanavini Neto\"},\"description\":\"Graduando em Comunica\u00e7\u00e3o Social \u2013 Jornalismo pela Universidade Federal de Vi\u00e7osa (UFV). Integra a equipe de jornalismo do Estrat\u00e9gia Concursos desde 2023, atuando com \u00eanfase na cobertura da \u00e1rea fiscal. Tamb\u00e9m realiza a apura\u00e7\u00e3o e produ\u00e7\u00e3o de not\u00edcias sobre concursos federais, \u00f3rg\u00e3os participantes do CNU e das \u00e1reas de controle, gest\u00e3o, engenharia, Exame CFC, comunica\u00e7\u00e3o social TI e \u00e1rea de concursos administrativos.\",\"url\":\"https:\/\/www.estrategiaconcursos.com.br\/blog\/author\/ronaldo-netoestrategia-com\/\"}]}<\/script>\n<!-- \/ Yoast SEO Premium plugin. -->","yoast_head_json":{"title":"Concursos Sefaz SP x Sefaz DF: \u00e9 poss\u00edvel conciliar?","description":"Concursos Sefaz SP e DF: \u00e9 poss\u00edvel conciliar os estudos? Confira a resposta dada por uma dos maiores professores da \u00e1rea!","robots":{"index":"index","follow":"follow","max-snippet":"max-snippet:-1","max-image-preview":"max-image-preview:large","max-video-preview":"max-video-preview:-1"},"canonical":"https:\/\/www.estrategiaconcursos.com.br\/blog\/concursos-sefaz-sp-df\/","og_locale":"pt_BR","og_type":"article","og_title":"Concursos Sefaz SP x Sefaz DF: \u00e9 poss\u00edvel conciliar?","og_description":"Concursos Sefaz SP e DF: \u00e9 poss\u00edvel conciliar os estudos? Confira a resposta dada por uma dos maiores professores da \u00e1rea!","og_url":"https:\/\/www.estrategiaconcursos.com.br\/blog\/concursos-sefaz-sp-df\/","og_site_name":"Estrat\u00e9gia Concursos","article_published_time":"2025-12-12T15:00:00+00:00","og_image":[{"width":465,"height":243,"url":"https:\/\/dhg1h5j42swfq.cloudfront.net\/2025\/12\/07081928\/image-60.png","type":"image\/png"}],"author":"Ronaldo Scanavini Neto","twitter_card":"summary_large_image","twitter_creator":"@EstratConcursos","twitter_site":"@EstratConcursos","twitter_misc":{"Escrito por":"Ronaldo Scanavini Neto","Est. tempo de leitura":"3 minutos"},"schema":{"@context":"https:\/\/schema.org","@graph":[{"@type":"NewsArticle","@id":"https:\/\/www.estrategiaconcursos.com.br\/blog\/concursos-sefaz-sp-df\/#article","isPartOf":{"@id":"https:\/\/www.estrategiaconcursos.com.br\/blog\/concursos-sefaz-sp-df\/"},"author":{"name":"Ronaldo Scanavini Neto","@id":"https:\/\/www.estrategiaconcursos.com.br\/blog\/#\/schema\/person\/70c2ad4297aa24ff8815b08215b23a76"},"headline":"Concursos Sefaz SP x Sefaz DF: \u00e9 poss\u00edvel conciliar?","datePublished":"2025-12-12T15:00:00+00:00","mainEntityOfPage":{"@id":"https:\/\/www.estrategiaconcursos.com.br\/blog\/concursos-sefaz-sp-df\/"},"wordCount":704,"commentCount":0,"publisher":{"@id":"https:\/\/www.estrategiaconcursos.com.br\/blog\/#organization"},"image":{"@id":"https:\/\/www.estrategiaconcursos.com.br\/blog\/concursos-sefaz-sp-df\/#primaryimage"},"thumbnailUrl":"https:\/\/dhg1h5j42swfq.cloudfront.net\/2025\/12\/07081928\/image-60.png","articleSection":["Fiscal - Estadual (ICMS)","\u00daltimas not\u00edcias"],"inLanguage":"pt-BR","potentialAction":[{"@type":"CommentAction","name":"Comment","target":["https:\/\/www.estrategiaconcursos.com.br\/blog\/concursos-sefaz-sp-df\/#respond"]}],"copyrightYear":"2025","copyrightHolder":{"@id":"https:\/\/www.estrategiaconcursos.com.br\/blog\/#organization"}},{"@type":"WebPage","@id":"https:\/\/www.estrategiaconcursos.com.br\/blog\/concursos-sefaz-sp-df\/","url":"https:\/\/www.estrategiaconcursos.com.br\/blog\/concursos-sefaz-sp-df\/","name":"Concursos Sefaz SP x Sefaz DF: \u00e9 poss\u00edvel conciliar?","isPartOf":{"@id":"https:\/\/www.estrategiaconcursos.com.br\/blog\/#website"},"primaryImageOfPage":{"@id":"https:\/\/www.estrategiaconcursos.com.br\/blog\/concursos-sefaz-sp-df\/#primaryimage"},"image":{"@id":"https:\/\/www.estrategiaconcursos.com.br\/blog\/concursos-sefaz-sp-df\/#primaryimage"},"thumbnailUrl":"https:\/\/dhg1h5j42swfq.cloudfront.net\/2025\/12\/07081928\/image-60.png","datePublished":"2025-12-12T15:00:00+00:00","description":"Concursos Sefaz SP e DF: \u00e9 poss\u00edvel conciliar os estudos? Confira a resposta dada por uma dos maiores professores da \u00e1rea!","breadcrumb":{"@id":"https:\/\/www.estrategiaconcursos.com.br\/blog\/concursos-sefaz-sp-df\/#breadcrumb"},"inLanguage":"pt-BR","potentialAction":[{"@type":"ReadAction","target":["https:\/\/www.estrategiaconcursos.com.br\/blog\/concursos-sefaz-sp-df\/"]}]},{"@type":"ImageObject","inLanguage":"pt-BR","@id":"https:\/\/www.estrategiaconcursos.com.br\/blog\/concursos-sefaz-sp-df\/#primaryimage","url":"https:\/\/dhg1h5j42swfq.cloudfront.net\/2025\/12\/07081928\/image-60.png","contentUrl":"https:\/\/dhg1h5j42swfq.cloudfront.net\/2025\/12\/07081928\/image-60.png","width":465,"height":243,"caption":"Estudos da Universidade de Ohio"},{"@type":"BreadcrumbList","@id":"https:\/\/www.estrategiaconcursos.com.br\/blog\/concursos-sefaz-sp-df\/#breadcrumb","itemListElement":[{"@type":"ListItem","position":1,"name":"In\u00edcio","item":"https:\/\/www.estrategiaconcursos.com.br\/blog\/"},{"@type":"ListItem","position":2,"name":"Concursos Sefaz SP x Sefaz DF: \u00e9 poss\u00edvel conciliar?"}]},{"@type":"WebSite","@id":"https:\/\/www.estrategiaconcursos.com.br\/blog\/#website","url":"https:\/\/www.estrategiaconcursos.com.br\/blog\/","name":"Estrat\u00e9gia Concursos","description":"O blog da Estrat\u00e9gia Concursos traz not\u00edcias sobre concursos e artigos de professores oferecendo cursos para concursos (pdf + videaulas) no site.","publisher":{"@id":"https:\/\/www.estrategiaconcursos.com.br\/blog\/#organization"},"potentialAction":[{"@type":"SearchAction","target":{"@type":"EntryPoint","urlTemplate":"https:\/\/www.estrategiaconcursos.com.br\/blog\/?s={search_term_string}"},"query-input":{"@type":"PropertyValueSpecification","valueRequired":true,"valueName":"search_term_string"}}],"inLanguage":"pt-BR"},{"@type":"Organization","@id":"https:\/\/www.estrategiaconcursos.com.br\/blog\/#organization","name":"Estrat\u00e9gia Concursos","url":"https:\/\/www.estrategiaconcursos.com.br\/blog\/","logo":{"@type":"ImageObject","inLanguage":"pt-BR","@id":"https:\/\/www.estrategiaconcursos.com.br\/blog\/#\/schema\/logo\/image\/","url":"https:\/\/dhg1h5j42swfq.cloudfront.net\/2025\/06\/03203428\/logo_concursos-1.jpg","contentUrl":"https:\/\/dhg1h5j42swfq.cloudfront.net\/2025\/06\/03203428\/logo_concursos-1.jpg","width":230,"height":60,"caption":"Estrat\u00e9gia Concursos"},"image":{"@id":"https:\/\/www.estrategiaconcursos.com.br\/blog\/#\/schema\/logo\/image\/"},"sameAs":["https:\/\/x.com\/EstratConcursos"]},{"@type":"Person","@id":"https:\/\/www.estrategiaconcursos.com.br\/blog\/#\/schema\/person\/70c2ad4297aa24ff8815b08215b23a76","name":"Ronaldo Scanavini Neto","image":{"@type":"ImageObject","inLanguage":"pt-BR","@id":"https:\/\/secure.gravatar.com\/avatar\/f93d8e56fe264596e94aee6b3feb737d98ad0fc5bac7eb0a245f04723c5c8f21?s=96&d=mm&r=g","url":"https:\/\/secure.gravatar.com\/avatar\/f93d8e56fe264596e94aee6b3feb737d98ad0fc5bac7eb0a245f04723c5c8f21?s=96&d=mm&r=g","contentUrl":"https:\/\/secure.gravatar.com\/avatar\/f93d8e56fe264596e94aee6b3feb737d98ad0fc5bac7eb0a245f04723c5c8f21?s=96&d=mm&r=g","caption":"Ronaldo Scanavini Neto"},"description":"Graduando em Comunica\u00e7\u00e3o Social \u2013 Jornalismo pela Universidade Federal de Vi\u00e7osa (UFV). Integra a equipe de jornalismo do Estrat\u00e9gia Concursos desde 2023, atuando com \u00eanfase na cobertura da \u00e1rea fiscal. Tamb\u00e9m realiza a apura\u00e7\u00e3o e produ\u00e7\u00e3o de not\u00edcias sobre concursos federais, \u00f3rg\u00e3os participantes do CNU e das \u00e1reas de controle, gest\u00e3o, engenharia, Exame CFC, comunica\u00e7\u00e3o social TI e \u00e1rea de concursos administrativos.","url":"https:\/\/www.estrategiaconcursos.com.br\/blog\/author\/ronaldo-netoestrategia-com\/"}]}},"_links":{"self":[{"href":"https:\/\/www.estrategiaconcursos.com.br\/blog\/wp-json\/wp\/v2\/posts\/1683288","targetHints":{"allow":["GET"]}}],"collection":[{"href":"https:\/\/www.estrategiaconcursos.com.br\/blog\/wp-json\/wp\/v2\/posts"}],"about":[{"href":"https:\/\/www.estrategiaconcursos.com.br\/blog\/wp-json\/wp\/v2\/types\/post"}],"author":[{"embeddable":true,"href":"https:\/\/www.estrategiaconcursos.com.br\/blog\/wp-json\/wp\/v2\/users\/2692"}],"replies":[{"embeddable":true,"href":"https:\/\/www.estrategiaconcursos.com.br\/blog\/wp-json\/wp\/v2\/comments?post=1683288"}],"version-history":[{"count":3,"href":"https:\/\/www.estrategiaconcursos.com.br\/blog\/wp-json\/wp\/v2\/posts\/1683288\/revisions"}],"predecessor-version":[{"id":1683934,"href":"https:\/\/www.estrategiaconcursos.com.br\/blog\/wp-json\/wp\/v2\/posts\/1683288\/revisions\/1683934"}],"wp:featuredmedia":[{"embeddable":true,"href":"https:\/\/www.estrategiaconcursos.com.br\/blog\/wp-json\/wp\/v2\/media\/1681287"}],"wp:attachment":[{"href":"https:\/\/www.estrategiaconcursos.com.br\/blog\/wp-json\/wp\/v2\/media?parent=1683288"}],"wp:term":[{"taxonomy":"category","embeddable":true,"href":"https:\/\/www.estrategiaconcursos.com.br\/blog\/wp-json\/wp\/v2\/categories?post=1683288"},{"taxonomy":"post_tag","embeddable":true,"href":"https:\/\/www.estrategiaconcursos.com.br\/blog\/wp-json\/wp\/v2\/tags?post=1683288"},{"taxonomy":"tax_estado","embeddable":true,"href":"https:\/\/www.estrategiaconcursos.com.br\/blog\/wp-json\/wp\/v2\/tax_estado?post=1683288"}],"curies":[{"name":"wp","href":"https:\/\/api.w.org\/{rel}","templated":true}]}}