{"id":1683261,"date":"2026-01-21T11:30:00","date_gmt":"2026-01-21T14:30:00","guid":{"rendered":"https:\/\/www.estrategiaconcursos.com.br\/blog\/?p=1683261"},"modified":"2026-01-04T11:11:01","modified_gmt":"2026-01-04T14:11:01","slug":"lingua-portuguesa-sefaz-sp","status":"publish","type":"post","link":"https:\/\/www.estrategiaconcursos.com.br\/blog\/lingua-portuguesa-sefaz-sp\/","title":{"rendered":"L\u00edngua Portuguesa Sefaz SP: como a FCC costuma pesar a m\u00e3o na disciplina?"},"content":{"rendered":"\n<h2 class=\"wp-block-heading\" id=\"h-confira-neste-artigo-o-historico-de-como-a-fcc-tem-pesado-a-mao-na-disciplina-de-lingua-portuguesa-em-suas-provas\"><strong><em>Confira neste artigo o hist\u00f3rico de como a FCC tem pesado a m\u00e3o na disciplina de L\u00edngua Portuguesa em suas provas<\/em><\/strong><\/h2>\n\n\n\n<figure class=\"wp-block-image aligncenter size-full is-resized\"><img loading=\"lazy\" decoding=\"async\" width=\"1408\" height=\"736\" src=\"https:\/\/dhg1h5j42swfq.cloudfront.net\/2025\/12\/10180447\/whatsapp-image-2025-12-10-at-18-04-23.jpeg\" alt=\"L\u00edngua Portuguesa Sefaz SP: como a FCC costuma pesar a m\u00e3o na disciplina?\" class=\"wp-image-1683315\" style=\"width:716px;height:auto\" srcset=\"https:\/\/dhg1h5j42swfq.cloudfront.net\/2025\/12\/10180447\/whatsapp-image-2025-12-10-at-18-04-23.jpeg 1408w, https:\/\/dhg1h5j42swfq.cloudfront.net\/2025\/12\/10180447\/whatsapp-image-2025-12-10-at-18-04-23-300x157.jpeg 300w, https:\/\/dhg1h5j42swfq.cloudfront.net\/2025\/12\/10180447\/whatsapp-image-2025-12-10-at-18-04-23-1024x535.jpeg 1024w, https:\/\/dhg1h5j42swfq.cloudfront.net\/2025\/12\/10180447\/whatsapp-image-2025-12-10-at-18-04-23-768x401.jpeg 768w, https:\/\/dhg1h5j42swfq.cloudfront.net\/2025\/12\/10180447\/whatsapp-image-2025-12-10-at-18-04-23-150x78.jpeg 150w\" sizes=\"auto, (max-width: 1408px) 100vw, 1408px\" \/><figcaption class=\"wp-element-caption\">L\u00edngua Portuguesa Sefaz SP: como a FCC costuma pesar a m\u00e3o na disciplina?<\/figcaption><\/figure>\n\n\n\n<p>Ol\u00e1, pessoal! Tudo bem? Hoje analisaremos a disciplina de <strong>L\u00edngua Portuguesa para o concurso Sefaz SP sob a \u00f3tica de cobran\u00e7a da banca FCC.<\/strong><\/p>\n\n\n\n<p>\u200bEm s\u00edntese, as 30 (trinta) quest\u00f5es da disciplina representam uma fatia de 6% da prova da <a href=\"https:\/\/www.estrategiaconcursos.com.br\/blog\/concurso-sefaz-sp-edital-publicado\/\"><strong>Secretaria da Fazenda e Planejamento do Estado de S\u00e3o Paulo (SEFAZ SP)<\/strong><\/a>, tanto para a especialidade de <strong>Gest\u00e3o Tribut\u00e1ria<\/strong> quanto para a de <strong>Tecnologia da Informa\u00e7\u00e3o e Comunica\u00e7\u00e3o.<\/strong><\/p>\n\n\n\n<p>Apesar de n\u00e3o parecer grande coisa, trata-se de pontos preciosos que podem fazer a diferen\u00e7a na totaliza\u00e7\u00e3o da nota final do candidato. Nesta reta final, <strong>\u00e9 importante deixar todo o conte\u00fado alinhado<\/strong> para mirar nos alvos certos.&nbsp;<\/p>\n\n\n\n<p>\u200bPor isso, neste artigo faremos uma breve an\u00e1lise do <strong>hist\u00f3rico de como a Funda\u00e7\u00e3o Carlos Chagas (FCC) tem pesado a m\u00e3o na disciplina de L\u00edngua Portuguesa<\/strong> em suas provas. Acompanhe!<\/p>\n\n\n\n<h2 class=\"wp-block-heading has-vivid-cyan-blue-color has-very-light-gray-to-cyan-bluish-gray-gradient-background has-text-color has-background has-link-color wp-elements-7f5986b0597b48f67d979e89de222e0b\" id=\"h-conteudo-programatico-nbsp\">Conte\u00fado Program\u00e1tico&nbsp;<\/h2>\n\n\n\n<p>Antes de mais nada, cabe fazermos uma breve apresenta\u00e7\u00e3o do conte\u00fado program\u00e1tico trazido pelo <a href=\"https:\/\/www.concursosfcc.com.br\/rybena\/web\/index.html?file=https:\/\/www.concursosfcc.com.br\/concursos\/fazsp125\/edital_de_abertura_271125_final.pdf\"><strong>edital<\/strong><\/a> do certame. De acordo com as disposi\u00e7\u00f5es, a disciplina de <strong>L\u00edngua Portuguesa do concurso Sefaz SP<\/strong> conta com os seguintes t\u00f3picos:<\/p>\n\n\n\n<figure class=\"wp-block-table is-style-stripes\"><table class=\"has-fixed-layout\"><tbody><tr><td><em>Ortografia e acentua\u00e7\u00e3o;&nbsp;Emprego do sinal indicativo de crase;&nbsp;Compreens\u00e3o e interpreta\u00e7\u00e3o de textos de g\u00eaneros variados; Rela\u00e7\u00e3o do texto com seu contexto hist\u00f3rico;&nbsp;Denota\u00e7\u00e3o e conota\u00e7\u00e3o;&nbsp;Discurso direto, discurso indireto e discurso indireto livre; Intertextualidade;&nbsp;Figuras de linguagem;&nbsp;Morfossintaxe;&nbsp;Elementos estruturais e processos de forma\u00e7\u00e3o de palavras;&nbsp;Sinon\u00edmia e anton\u00edmia;&nbsp;Pontua\u00e7\u00e3o. Pronomes;&nbsp;Concord\u00e2ncia nominal e concord\u00e2ncia verbal;&nbsp;Flex\u00e3o nominal e flex\u00e3o verbal;&nbsp;Vozes do verbo;&nbsp;Correla\u00e7\u00e3o de tempos e modos verbais;&nbsp;Reg\u00eancia nominal e reg\u00eancia verbal; Coordena\u00e7\u00e3o e subordina\u00e7\u00e3o; Conectivos; e&nbsp;Reda\u00e7\u00e3o (confronto e reconhecimento de frases corretas e incorretas; organiza\u00e7\u00e3o e reorganiza\u00e7\u00e3o de ora\u00e7\u00f5es e per\u00edodos; equival\u00eancia e transforma\u00e7\u00e3o de estruturas).<\/em><\/td><\/tr><\/tbody><\/table><\/figure>\n\n\n\n<p>Entretanto, vale ressaltar que, conforme veremos a seguir, <strong>a cobran\u00e7a de certos conte\u00fados costuma ser mais frequente <\/strong>do que a de outros. Desse modo, a <strong>melhor estrat\u00e9gia para otimizar o seu tempo \u00e9 dividir a disciplina <\/strong>de acordo com a incid\u00eancia que cada assunto t\u00eam ocupado efetivamente em provas anteriores.<\/p>\n\n\n\n<h2 class=\"wp-block-heading has-vivid-cyan-blue-color has-very-light-gray-to-cyan-bluish-gray-gradient-background has-text-color has-background has-link-color wp-elements-5bfdb81e57f84d13f1ae3ffd15e0ead0\" id=\"h-dados-estatisticos-nbsp\">Dados estat\u00edsticos&nbsp;<\/h2>\n\n\n\n<p>Sem d\u00favida, os cadernos de quest\u00f5es anteriores s\u00e3o a melhor base para entrar no jogo da banca. Por isso, elaboramos uma rela\u00e7\u00e3o esquematizada que mostra \u200buma concentra\u00e7\u00e3o mais alta em alguns t\u00f3picos, o que permite <strong>focar o estudo e obter um rendimento mais alto.<\/strong><\/p>\n\n\n\n<p>Em outras palavras, trata-se de um &#8220;Raio-X&#8221; do <strong>hist\u00f3rico<\/strong> <strong>de quest\u00f5es de L\u00edngua Portuguesa da FCC<\/strong> para que o candidato possa focar os estudos nos temas com maior probabilidade de cobran\u00e7a.<\/p>\n\n\n\n<figure class=\"wp-block-table is-style-stripes\"><table class=\"has-fixed-layout\"><thead><tr><th class=\"has-text-align-left\" data-align=\"left\">Assuntos<\/th><th class=\"has-text-align-center\" data-align=\"center\">Incid\u00eancia<\/th><\/tr><\/thead><tbody><tr><td class=\"has-text-align-left\" data-align=\"left\">Interpreta\u00e7\u00e3o de Textos<\/td><td class=\"has-text-align-center\" data-align=\"center\">35,76%<\/td><\/tr><tr><td class=\"has-text-align-left\" data-align=\"left\">Mecanismos de coes\u00e3o textual. Reescrita de frases. Substitui\u00e7\u00e3o de palavras ou trechos. Clareza e corre\u00e7\u00e3o<\/td><td class=\"has-text-align-center\" data-align=\"center\">15,59%<\/td><\/tr><tr><td class=\"has-text-align-left\" data-align=\"left\">Sintaxe<\/td><td class=\"has-text-align-center\" data-align=\"center\">6,19%<\/td><\/tr><tr><td class=\"has-text-align-left\" data-align=\"left\">Sem\u00e2ntica<\/td><td class=\"has-text-align-center\" data-align=\"center\">6,05%<\/td><\/tr><tr><td class=\"has-text-align-left\" data-align=\"left\">Pontua\u00e7\u00e3o<\/td><td class=\"has-text-align-center\" data-align=\"center\">5,17%<\/td><\/tr><tr><td class=\"has-text-align-left\" data-align=\"left\">Preposi\u00e7\u00e3o, conjun\u00e7\u00e3o<\/td><td class=\"has-text-align-center\" data-align=\"center\">4,81%<\/td><\/tr><tr><td class=\"has-text-align-left\" data-align=\"left\">Concord\u00e2ncia (Verbal e Nominal)<\/td><td class=\"has-text-align-center\" data-align=\"center\">4,52%<\/td><\/tr><tr><td class=\"has-text-align-left\" data-align=\"left\">Linguagem: varia\u00e7\u00f5es, linguagem formal e informal, figuras de linguagem, v\u00edcios<\/td><td class=\"has-text-align-center\" data-align=\"center\">4,44%<\/td><\/tr><tr><td class=\"has-text-align-left\" data-align=\"left\">Verbo<\/td><td class=\"has-text-align-center\" data-align=\"center\">4,15%<\/td><\/tr><tr><td class=\"has-text-align-left\" data-align=\"left\">Vozes (Voz Passiva e Voz Ativa)<\/td><td class=\"has-text-align-center\" data-align=\"center\">4,01%<\/td><\/tr><tr><td class=\"has-text-align-left\" data-align=\"left\">Substantivo, adjetivo, adv\u00e9rbio, artigo, numeral, interjei\u00e7\u00e3o<\/td><td class=\"has-text-align-center\" data-align=\"center\">2,40%<\/td><\/tr><tr><td class=\"has-text-align-left\" data-align=\"left\">Reg\u00eancia Verbal e Nominal. Crase<\/td><td class=\"has-text-align-center\" data-align=\"center\">2,40%<\/td><\/tr><tr><td class=\"has-text-align-left\" data-align=\"left\">Pronomes e coloca\u00e7\u00e3o pronominal<\/td><td class=\"has-text-align-center\" data-align=\"center\">1,89%<\/td><\/tr><tr><td class=\"has-text-align-left\" data-align=\"left\">Tipologia e G\u00eanero Textual<\/td><td class=\"has-text-align-center\" data-align=\"center\">1,24%<\/td><\/tr><tr><td class=\"has-text-align-left\" data-align=\"left\">Forma\u00e7\u00e3o e Estrutura das Palavras<\/td><td class=\"has-text-align-center\" data-align=\"center\">0,95%<\/td><\/tr><tr><td class=\"has-text-align-left\" data-align=\"left\">Ortografia e acentua\u00e7\u00e3o gr\u00e1fica<\/td><td class=\"has-text-align-center\" data-align=\"center\">0,44%<\/td><\/tr><\/tbody><\/table><\/figure>\n\n\n\n<h2 class=\"wp-block-heading has-vivid-cyan-blue-color has-very-light-gray-to-cyan-bluish-gray-gradient-background has-text-color has-background has-link-color wp-elements-bbb14cb8baf6a395fcd0124918aa1c90\" id=\"h-lingua-portuguesa-sefaz-sp-onde-mirar\">L\u00edngua Portuguesa Sefaz SP: onde mirar?<\/h2>\n\n\n\n<p>Em suma, <strong>para vencer a FCC<\/strong> nesta reta final voc\u00ea precisa <strong>priorizar o que cai mais em prova.<\/strong> Ent\u00e3o, para otimizar o seu tempo, concentre a maior parte dos seus estudos nos t\u00f3picos que somam a maior incid\u00eancia de cobran\u00e7a.<\/p>\n\n\n\n<p>Nesse sentido, resolva quest\u00f5es de provas anteriores e <strong>mapeie os v\u00edcios do examinador.<\/strong> Al\u00e9m disso, crie um caderno de erros, pois isso te ajudar\u00e1 a revisar o conte\u00fado que voc\u00ea precisa para garantir a margem de seguran\u00e7a da nota de corte.&nbsp;<\/p>\n\n\n\n<p>Apesar de se tratar de um cargo da \u00e1rea fiscal, alcan\u00e7ar a t\u00e3o sonhada aprova\u00e7\u00e3o exige dom\u00ednio em diversas outras \u00e1reas do conhecimento, e o seu \u00eaxito tamb\u00e9m requer <strong>profici\u00eancia na disciplina de L\u00edngua Portuguesa!<\/strong><\/p>\n\n\n\n<h2 class=\"wp-block-heading has-vivid-cyan-blue-color has-text-color has-link-color wp-elements-b1b81023c7d99605d4f67996ac462964\" id=\"h-consideracoes-finais-nbsp\"><strong>Considera\u00e7\u00f5es finais&nbsp;<\/strong><\/h2>\n\n\n\n<p>Ent\u00e3o, \u00e9 isso, pessoal! Chegamos ao fim da nossa an\u00e1lise sobre a disciplina de <strong>L\u00edngua Portuguesa para o concurso Sefaz SP<\/strong>.<strong> <\/strong>Esperamos que tenham gostado.<\/p>\n\n\n\n<p>Leia tamb\u00e9m:<\/p>\n\n\n\n<ul class=\"wp-block-list\">\n<li><a href=\"https:\/\/www.estrategiaconcursos.com.br\/blog\/porque-junto-separado\/\"><strong>\u201cPorque junto ou separado?\u201d<\/strong><\/a><\/li>\n\n\n\n<li><a href=\"https:\/\/www.estrategiaconcursos.com.br\/blog\/faz-fazem\/\"><strong>Faz ou fazem?<\/strong><\/a><\/li>\n\n\n\n<li><a href=\"https:\/\/www.estrategiaconcursos.com.br\/blog\/como_funciona_prova_titulos\/\"><strong>Como funciona a prova de t\u00edtulos?<\/strong><\/a><\/li>\n<\/ul>\n\n\n\n<p>Se voc\u00ea quer se preparar para chegar <strong>competitivo <\/strong>em qualquer prova da \u00e1rea, invista nos cursos do <a href=\"https:\/\/www.estrategiaconcursos.com.br\/\"><strong>Estrat\u00e9gia Concursos<\/strong><\/a>. L\u00e1, certamente voc\u00ea encontrar\u00e1 <strong>aulas completas e detalhadas, com os melhores professores do mercado<\/strong>.<\/p>\n\n\n\n<p>Conhe\u00e7a tamb\u00e9m o <a href=\"https:\/\/concursos.estrategia.com\/\"><strong>Sistema de Quest\u00f5es do Estrat\u00e9gia<\/strong><\/a>. Afinal, a \u00fanica forma de <strong>consolidar o conte\u00fado <\/strong>de maneira satisfat\u00f3ria \u00e9 atrav\u00e9s da <strong>resolu\u00e7\u00e3o de quest\u00f5es.<\/strong><\/p>\n\n\n\n<p class=\"has-text-align-center\">Bons estudos a todos e at\u00e9 a pr\u00f3xima!<\/p>\n\n\n\n<p class=\"has-text-align-center\"><strong>Cursos e Assinaturas<\/strong><\/p>\n\n\n\n<p class=\"has-text-align-center\"><strong>Quer saber quais ser\u00e3o os pr\u00f3ximos concursos?<\/strong><\/p>\n\n\n\n<p class=\"has-text-align-center\"><strong>Confira nossos artigos!<\/strong><\/p>\n\n\n\n<p class=\"has-text-align-center has-white-color has-vivid-cyan-blue-background-color has-text-color has-background has-link-color wp-elements-4ee3858d78f8e73e6a059835bfd98e6f\"><a href=\"https:\/\/www.estrategiaconcursos.com.br\/blog\/concursos-abertos\/\"><strong>Concursos Abertos<\/strong><\/a><\/p>\n\n\n\n<p class=\"has-text-align-center has-white-color has-vivid-cyan-blue-background-color has-text-color has-background has-link-color wp-elements-85e7a2adcece3f6f4b09a90342bbb037\"><strong><a href=\"https:\/\/www.estrategiaconcursos.com.br\/blog\/remanejamento_final_fila\/\">Concursos 2025<\/a><\/strong><\/p>\n\n\n\n<p class=\"has-text-align-center has-white-color has-vivid-cyan-blue-background-color has-text-color has-background has-link-color wp-elements-792d12a64bf37190d92afe90ded18e58\"><a href=\"https:\/\/www.estrategiaconcursos.com.br\/blog\/concursos-2026\/\"><strong>Concursos 2026<\/strong>\u200b<\/a><\/p>\n","protected":false},"excerpt":{"rendered":"<p>Confira neste artigo o hist\u00f3rico de como a FCC tem pesado a m\u00e3o na disciplina de L\u00edngua Portuguesa em suas provas Ol\u00e1, pessoal! Tudo bem? Hoje analisaremos a disciplina de L\u00edngua Portuguesa para o concurso Sefaz SP sob a \u00f3tica de cobran\u00e7a da banca FCC. \u200bEm s\u00edntese, as 30 (trinta) quest\u00f5es da disciplina representam uma [&hellip;]<\/p>\n","protected":false},"author":2974,"featured_media":1683315,"comment_status":"open","ping_status":"closed","sticky":false,"template":"","format":"standard","meta":{"post_tipo":"article","footnotes":""},"categories":[1,1983],"tags":[],"tax_estado":[219989],"class_list":["post-1683261","post","type-post","status-publish","format-standard","has-post-thumbnail","hentry","category-cursos-e-concursos","category-fiscal-estadual","tax_estado-sp"],"acf":[],"yoast_head":"<!-- This site is optimized with the Yoast SEO Premium plugin v27.2 (Yoast SEO v27.2) - https:\/\/yoast.com\/product\/yoast-seo-premium-wordpress\/ -->\n<title>L\u00edngua Portuguesa Sefaz SP<\/title>\n<meta name=\"description\" content=\"Confira neste artigo o hist\u00f3rico de como a FCC tem pesado a m\u00e3o na disciplina de L\u00edngua Portuguesa em suas provas.\" \/>\n<meta name=\"robots\" content=\"index, follow, max-snippet:-1, max-image-preview:large, max-video-preview:-1\" \/>\n<link rel=\"canonical\" href=\"https:\/\/www.estrategiaconcursos.com.br\/blog\/lingua-portuguesa-sefaz-sp\/\" \/>\n<meta property=\"og:locale\" content=\"pt_BR\" \/>\n<meta property=\"og:type\" content=\"article\" \/>\n<meta property=\"og:title\" content=\"L\u00edngua Portuguesa Sefaz SP: como a FCC costuma pesar a m\u00e3o na disciplina?\" \/>\n<meta property=\"og:description\" content=\"Confira neste artigo o hist\u00f3rico de como a FCC tem pesado a m\u00e3o na disciplina de L\u00edngua Portuguesa em suas provas.\" \/>\n<meta property=\"og:url\" content=\"https:\/\/www.estrategiaconcursos.com.br\/blog\/lingua-portuguesa-sefaz-sp\/\" \/>\n<meta property=\"og:site_name\" content=\"Estrat\u00e9gia Concursos\" \/>\n<meta property=\"article:published_time\" content=\"2026-01-21T14:30:00+00:00\" \/>\n<meta property=\"og:image\" content=\"https:\/\/dhg1h5j42swfq.cloudfront.net\/2025\/12\/10180447\/whatsapp-image-2025-12-10-at-18-04-23.jpeg\" \/>\n\t<meta property=\"og:image:width\" content=\"1408\" \/>\n\t<meta property=\"og:image:height\" content=\"736\" \/>\n\t<meta property=\"og:image:type\" content=\"image\/jpeg\" \/>\n<meta name=\"author\" content=\"Edmar Bezerra Araujo\" \/>\n<meta name=\"twitter:card\" content=\"summary_large_image\" \/>\n<meta name=\"twitter:creator\" content=\"@EstratConcursos\" \/>\n<meta name=\"twitter:site\" content=\"@EstratConcursos\" \/>\n<meta name=\"twitter:label1\" content=\"Escrito por\" \/>\n\t<meta name=\"twitter:data1\" content=\"Edmar Bezerra Araujo\" \/>\n\t<meta name=\"twitter:label2\" content=\"Est. tempo de leitura\" \/>\n\t<meta name=\"twitter:data2\" content=\"5 minutos\" \/>\n<script type=\"application\/ld+json\" class=\"yoast-schema-graph\">{\"@context\":\"https:\/\/schema.org\",\"@graph\":[{\"@type\":\"NewsArticle\",\"@id\":\"https:\/\/www.estrategiaconcursos.com.br\/blog\/lingua-portuguesa-sefaz-sp\/#article\",\"isPartOf\":{\"@id\":\"https:\/\/www.estrategiaconcursos.com.br\/blog\/lingua-portuguesa-sefaz-sp\/\"},\"author\":{\"name\":\"Edmar Bezerra Araujo\",\"@id\":\"https:\/\/www.estrategiaconcursos.com.br\/blog\/#\/schema\/person\/5516090bbe46c1c8aab9a7c5bf8595da\"},\"headline\":\"L\u00edngua Portuguesa Sefaz SP: como a FCC costuma pesar a m\u00e3o na disciplina?\",\"datePublished\":\"2026-01-21T14:30:00+00:00\",\"mainEntityOfPage\":{\"@id\":\"https:\/\/www.estrategiaconcursos.com.br\/blog\/lingua-portuguesa-sefaz-sp\/\"},\"wordCount\":918,\"commentCount\":0,\"publisher\":{\"@id\":\"https:\/\/www.estrategiaconcursos.com.br\/blog\/#organization\"},\"image\":{\"@id\":\"https:\/\/www.estrategiaconcursos.com.br\/blog\/lingua-portuguesa-sefaz-sp\/#primaryimage\"},\"thumbnailUrl\":\"https:\/\/dhg1h5j42swfq.cloudfront.net\/2025\/12\/10180447\/whatsapp-image-2025-12-10-at-18-04-23.jpeg\",\"articleSection\":[\"Concursos P\u00fablicos\",\"Fiscal - Estadual (ICMS)\"],\"inLanguage\":\"pt-BR\",\"potentialAction\":[{\"@type\":\"CommentAction\",\"name\":\"Comment\",\"target\":[\"https:\/\/www.estrategiaconcursos.com.br\/blog\/lingua-portuguesa-sefaz-sp\/#respond\"]}],\"copyrightYear\":\"2026\",\"copyrightHolder\":{\"@id\":\"https:\/\/www.estrategiaconcursos.com.br\/blog\/#organization\"}},{\"@type\":\"WebPage\",\"@id\":\"https:\/\/www.estrategiaconcursos.com.br\/blog\/lingua-portuguesa-sefaz-sp\/\",\"url\":\"https:\/\/www.estrategiaconcursos.com.br\/blog\/lingua-portuguesa-sefaz-sp\/\",\"name\":\"L\u00edngua Portuguesa Sefaz SP\",\"isPartOf\":{\"@id\":\"https:\/\/www.estrategiaconcursos.com.br\/blog\/#website\"},\"primaryImageOfPage\":{\"@id\":\"https:\/\/www.estrategiaconcursos.com.br\/blog\/lingua-portuguesa-sefaz-sp\/#primaryimage\"},\"image\":{\"@id\":\"https:\/\/www.estrategiaconcursos.com.br\/blog\/lingua-portuguesa-sefaz-sp\/#primaryimage\"},\"thumbnailUrl\":\"https:\/\/dhg1h5j42swfq.cloudfront.net\/2025\/12\/10180447\/whatsapp-image-2025-12-10-at-18-04-23.jpeg\",\"datePublished\":\"2026-01-21T14:30:00+00:00\",\"description\":\"Confira neste artigo o hist\u00f3rico de como a FCC tem pesado a m\u00e3o na disciplina de L\u00edngua Portuguesa em suas provas.\",\"breadcrumb\":{\"@id\":\"https:\/\/www.estrategiaconcursos.com.br\/blog\/lingua-portuguesa-sefaz-sp\/#breadcrumb\"},\"inLanguage\":\"pt-BR\",\"potentialAction\":[{\"@type\":\"ReadAction\",\"target\":[\"https:\/\/www.estrategiaconcursos.com.br\/blog\/lingua-portuguesa-sefaz-sp\/\"]}]},{\"@type\":\"ImageObject\",\"inLanguage\":\"pt-BR\",\"@id\":\"https:\/\/www.estrategiaconcursos.com.br\/blog\/lingua-portuguesa-sefaz-sp\/#primaryimage\",\"url\":\"https:\/\/dhg1h5j42swfq.cloudfront.net\/2025\/12\/10180447\/whatsapp-image-2025-12-10-at-18-04-23.jpeg\",\"contentUrl\":\"https:\/\/dhg1h5j42swfq.cloudfront.net\/2025\/12\/10180447\/whatsapp-image-2025-12-10-at-18-04-23.jpeg\",\"width\":1408,\"height\":736,\"caption\":\"L\u00edngua Portuguesa Sefaz SP: como a FCC costuma pesar a m\u00e3o na disciplina?\"},{\"@type\":\"BreadcrumbList\",\"@id\":\"https:\/\/www.estrategiaconcursos.com.br\/blog\/lingua-portuguesa-sefaz-sp\/#breadcrumb\",\"itemListElement\":[{\"@type\":\"ListItem\",\"position\":1,\"name\":\"In\u00edcio\",\"item\":\"https:\/\/www.estrategiaconcursos.com.br\/blog\/\"},{\"@type\":\"ListItem\",\"position\":2,\"name\":\"L\u00edngua Portuguesa Sefaz SP: como a FCC costuma pesar a m\u00e3o na disciplina?\"}]},{\"@type\":\"WebSite\",\"@id\":\"https:\/\/www.estrategiaconcursos.com.br\/blog\/#website\",\"url\":\"https:\/\/www.estrategiaconcursos.com.br\/blog\/\",\"name\":\"Estrat\u00e9gia Concursos\",\"description\":\"O blog da Estrat\u00e9gia Concursos traz not\u00edcias sobre concursos e artigos de professores oferecendo cursos para concursos (pdf + videaulas) no site.\",\"publisher\":{\"@id\":\"https:\/\/www.estrategiaconcursos.com.br\/blog\/#organization\"},\"potentialAction\":[{\"@type\":\"SearchAction\",\"target\":{\"@type\":\"EntryPoint\",\"urlTemplate\":\"https:\/\/www.estrategiaconcursos.com.br\/blog\/?s={search_term_string}\"},\"query-input\":{\"@type\":\"PropertyValueSpecification\",\"valueRequired\":true,\"valueName\":\"search_term_string\"}}],\"inLanguage\":\"pt-BR\"},{\"@type\":\"Organization\",\"@id\":\"https:\/\/www.estrategiaconcursos.com.br\/blog\/#organization\",\"name\":\"Estrat\u00e9gia Concursos\",\"url\":\"https:\/\/www.estrategiaconcursos.com.br\/blog\/\",\"logo\":{\"@type\":\"ImageObject\",\"inLanguage\":\"pt-BR\",\"@id\":\"https:\/\/www.estrategiaconcursos.com.br\/blog\/#\/schema\/logo\/image\/\",\"url\":\"https:\/\/dhg1h5j42swfq.cloudfront.net\/2025\/06\/03203428\/logo_concursos-1.jpg\",\"contentUrl\":\"https:\/\/dhg1h5j42swfq.cloudfront.net\/2025\/06\/03203428\/logo_concursos-1.jpg\",\"width\":230,\"height\":60,\"caption\":\"Estrat\u00e9gia Concursos\"},\"image\":{\"@id\":\"https:\/\/www.estrategiaconcursos.com.br\/blog\/#\/schema\/logo\/image\/\"},\"sameAs\":[\"https:\/\/x.com\/EstratConcursos\"]},{\"@type\":\"Person\",\"@id\":\"https:\/\/www.estrategiaconcursos.com.br\/blog\/#\/schema\/person\/5516090bbe46c1c8aab9a7c5bf8595da\",\"name\":\"Edmar Bezerra Araujo\",\"image\":{\"@type\":\"ImageObject\",\"inLanguage\":\"pt-BR\",\"@id\":\"https:\/\/secure.gravatar.com\/avatar\/3ec0a15819de7eef1b7fcba85aadb329188a10da1e37eb279bb6e0f264e6b9c7?s=96&d=mm&r=g\",\"url\":\"https:\/\/secure.gravatar.com\/avatar\/3ec0a15819de7eef1b7fcba85aadb329188a10da1e37eb279bb6e0f264e6b9c7?s=96&d=mm&r=g\",\"contentUrl\":\"https:\/\/secure.gravatar.com\/avatar\/3ec0a15819de7eef1b7fcba85aadb329188a10da1e37eb279bb6e0f264e6b9c7?s=96&d=mm&r=g\",\"caption\":\"Edmar Bezerra Araujo\"},\"sameAs\":[\"https:\/\/www.instagram.com\/edmarbezerraaraujo\/\"],\"url\":\"https:\/\/www.estrategiaconcursos.com.br\/blog\/author\/edmarbezerraaraujogmail-com\/\"}]}<\/script>\n<!-- \/ Yoast SEO Premium plugin. -->","yoast_head_json":{"title":"L\u00edngua Portuguesa Sefaz SP","description":"Confira neste artigo o hist\u00f3rico de como a FCC tem pesado a m\u00e3o na disciplina de L\u00edngua Portuguesa em suas provas.","robots":{"index":"index","follow":"follow","max-snippet":"max-snippet:-1","max-image-preview":"max-image-preview:large","max-video-preview":"max-video-preview:-1"},"canonical":"https:\/\/www.estrategiaconcursos.com.br\/blog\/lingua-portuguesa-sefaz-sp\/","og_locale":"pt_BR","og_type":"article","og_title":"L\u00edngua Portuguesa Sefaz SP: como a FCC costuma pesar a m\u00e3o na disciplina?","og_description":"Confira neste artigo o hist\u00f3rico de como a FCC tem pesado a m\u00e3o na disciplina de L\u00edngua Portuguesa em suas provas.","og_url":"https:\/\/www.estrategiaconcursos.com.br\/blog\/lingua-portuguesa-sefaz-sp\/","og_site_name":"Estrat\u00e9gia Concursos","article_published_time":"2026-01-21T14:30:00+00:00","og_image":[{"width":1408,"height":736,"url":"https:\/\/dhg1h5j42swfq.cloudfront.net\/2025\/12\/10180447\/whatsapp-image-2025-12-10-at-18-04-23.jpeg","type":"image\/jpeg"}],"author":"Edmar Bezerra Araujo","twitter_card":"summary_large_image","twitter_creator":"@EstratConcursos","twitter_site":"@EstratConcursos","twitter_misc":{"Escrito por":"Edmar Bezerra Araujo","Est. tempo de leitura":"5 minutos"},"schema":{"@context":"https:\/\/schema.org","@graph":[{"@type":"NewsArticle","@id":"https:\/\/www.estrategiaconcursos.com.br\/blog\/lingua-portuguesa-sefaz-sp\/#article","isPartOf":{"@id":"https:\/\/www.estrategiaconcursos.com.br\/blog\/lingua-portuguesa-sefaz-sp\/"},"author":{"name":"Edmar Bezerra Araujo","@id":"https:\/\/www.estrategiaconcursos.com.br\/blog\/#\/schema\/person\/5516090bbe46c1c8aab9a7c5bf8595da"},"headline":"L\u00edngua Portuguesa Sefaz SP: como a FCC costuma pesar a m\u00e3o na disciplina?","datePublished":"2026-01-21T14:30:00+00:00","mainEntityOfPage":{"@id":"https:\/\/www.estrategiaconcursos.com.br\/blog\/lingua-portuguesa-sefaz-sp\/"},"wordCount":918,"commentCount":0,"publisher":{"@id":"https:\/\/www.estrategiaconcursos.com.br\/blog\/#organization"},"image":{"@id":"https:\/\/www.estrategiaconcursos.com.br\/blog\/lingua-portuguesa-sefaz-sp\/#primaryimage"},"thumbnailUrl":"https:\/\/dhg1h5j42swfq.cloudfront.net\/2025\/12\/10180447\/whatsapp-image-2025-12-10-at-18-04-23.jpeg","articleSection":["Concursos P\u00fablicos","Fiscal - Estadual (ICMS)"],"inLanguage":"pt-BR","potentialAction":[{"@type":"CommentAction","name":"Comment","target":["https:\/\/www.estrategiaconcursos.com.br\/blog\/lingua-portuguesa-sefaz-sp\/#respond"]}],"copyrightYear":"2026","copyrightHolder":{"@id":"https:\/\/www.estrategiaconcursos.com.br\/blog\/#organization"}},{"@type":"WebPage","@id":"https:\/\/www.estrategiaconcursos.com.br\/blog\/lingua-portuguesa-sefaz-sp\/","url":"https:\/\/www.estrategiaconcursos.com.br\/blog\/lingua-portuguesa-sefaz-sp\/","name":"L\u00edngua Portuguesa Sefaz SP","isPartOf":{"@id":"https:\/\/www.estrategiaconcursos.com.br\/blog\/#website"},"primaryImageOfPage":{"@id":"https:\/\/www.estrategiaconcursos.com.br\/blog\/lingua-portuguesa-sefaz-sp\/#primaryimage"},"image":{"@id":"https:\/\/www.estrategiaconcursos.com.br\/blog\/lingua-portuguesa-sefaz-sp\/#primaryimage"},"thumbnailUrl":"https:\/\/dhg1h5j42swfq.cloudfront.net\/2025\/12\/10180447\/whatsapp-image-2025-12-10-at-18-04-23.jpeg","datePublished":"2026-01-21T14:30:00+00:00","description":"Confira neste artigo o hist\u00f3rico de como a FCC tem pesado a m\u00e3o na disciplina de L\u00edngua Portuguesa em suas provas.","breadcrumb":{"@id":"https:\/\/www.estrategiaconcursos.com.br\/blog\/lingua-portuguesa-sefaz-sp\/#breadcrumb"},"inLanguage":"pt-BR","potentialAction":[{"@type":"ReadAction","target":["https:\/\/www.estrategiaconcursos.com.br\/blog\/lingua-portuguesa-sefaz-sp\/"]}]},{"@type":"ImageObject","inLanguage":"pt-BR","@id":"https:\/\/www.estrategiaconcursos.com.br\/blog\/lingua-portuguesa-sefaz-sp\/#primaryimage","url":"https:\/\/dhg1h5j42swfq.cloudfront.net\/2025\/12\/10180447\/whatsapp-image-2025-12-10-at-18-04-23.jpeg","contentUrl":"https:\/\/dhg1h5j42swfq.cloudfront.net\/2025\/12\/10180447\/whatsapp-image-2025-12-10-at-18-04-23.jpeg","width":1408,"height":736,"caption":"L\u00edngua Portuguesa Sefaz SP: como a FCC costuma pesar a m\u00e3o na disciplina?"},{"@type":"BreadcrumbList","@id":"https:\/\/www.estrategiaconcursos.com.br\/blog\/lingua-portuguesa-sefaz-sp\/#breadcrumb","itemListElement":[{"@type":"ListItem","position":1,"name":"In\u00edcio","item":"https:\/\/www.estrategiaconcursos.com.br\/blog\/"},{"@type":"ListItem","position":2,"name":"L\u00edngua Portuguesa Sefaz SP: como a FCC costuma pesar a m\u00e3o na disciplina?"}]},{"@type":"WebSite","@id":"https:\/\/www.estrategiaconcursos.com.br\/blog\/#website","url":"https:\/\/www.estrategiaconcursos.com.br\/blog\/","name":"Estrat\u00e9gia Concursos","description":"O blog da Estrat\u00e9gia Concursos traz not\u00edcias sobre concursos e artigos de professores oferecendo cursos para concursos (pdf + videaulas) no site.","publisher":{"@id":"https:\/\/www.estrategiaconcursos.com.br\/blog\/#organization"},"potentialAction":[{"@type":"SearchAction","target":{"@type":"EntryPoint","urlTemplate":"https:\/\/www.estrategiaconcursos.com.br\/blog\/?s={search_term_string}"},"query-input":{"@type":"PropertyValueSpecification","valueRequired":true,"valueName":"search_term_string"}}],"inLanguage":"pt-BR"},{"@type":"Organization","@id":"https:\/\/www.estrategiaconcursos.com.br\/blog\/#organization","name":"Estrat\u00e9gia Concursos","url":"https:\/\/www.estrategiaconcursos.com.br\/blog\/","logo":{"@type":"ImageObject","inLanguage":"pt-BR","@id":"https:\/\/www.estrategiaconcursos.com.br\/blog\/#\/schema\/logo\/image\/","url":"https:\/\/dhg1h5j42swfq.cloudfront.net\/2025\/06\/03203428\/logo_concursos-1.jpg","contentUrl":"https:\/\/dhg1h5j42swfq.cloudfront.net\/2025\/06\/03203428\/logo_concursos-1.jpg","width":230,"height":60,"caption":"Estrat\u00e9gia Concursos"},"image":{"@id":"https:\/\/www.estrategiaconcursos.com.br\/blog\/#\/schema\/logo\/image\/"},"sameAs":["https:\/\/x.com\/EstratConcursos"]},{"@type":"Person","@id":"https:\/\/www.estrategiaconcursos.com.br\/blog\/#\/schema\/person\/5516090bbe46c1c8aab9a7c5bf8595da","name":"Edmar Bezerra Araujo","image":{"@type":"ImageObject","inLanguage":"pt-BR","@id":"https:\/\/secure.gravatar.com\/avatar\/3ec0a15819de7eef1b7fcba85aadb329188a10da1e37eb279bb6e0f264e6b9c7?s=96&d=mm&r=g","url":"https:\/\/secure.gravatar.com\/avatar\/3ec0a15819de7eef1b7fcba85aadb329188a10da1e37eb279bb6e0f264e6b9c7?s=96&d=mm&r=g","contentUrl":"https:\/\/secure.gravatar.com\/avatar\/3ec0a15819de7eef1b7fcba85aadb329188a10da1e37eb279bb6e0f264e6b9c7?s=96&d=mm&r=g","caption":"Edmar Bezerra Araujo"},"sameAs":["https:\/\/www.instagram.com\/edmarbezerraaraujo\/"],"url":"https:\/\/www.estrategiaconcursos.com.br\/blog\/author\/edmarbezerraaraujogmail-com\/"}]}},"_links":{"self":[{"href":"https:\/\/www.estrategiaconcursos.com.br\/blog\/wp-json\/wp\/v2\/posts\/1683261","targetHints":{"allow":["GET"]}}],"collection":[{"href":"https:\/\/www.estrategiaconcursos.com.br\/blog\/wp-json\/wp\/v2\/posts"}],"about":[{"href":"https:\/\/www.estrategiaconcursos.com.br\/blog\/wp-json\/wp\/v2\/types\/post"}],"author":[{"embeddable":true,"href":"https:\/\/www.estrategiaconcursos.com.br\/blog\/wp-json\/wp\/v2\/users\/2974"}],"replies":[{"embeddable":true,"href":"https:\/\/www.estrategiaconcursos.com.br\/blog\/wp-json\/wp\/v2\/comments?post=1683261"}],"version-history":[{"count":14,"href":"https:\/\/www.estrategiaconcursos.com.br\/blog\/wp-json\/wp\/v2\/posts\/1683261\/revisions"}],"predecessor-version":[{"id":1691561,"href":"https:\/\/www.estrategiaconcursos.com.br\/blog\/wp-json\/wp\/v2\/posts\/1683261\/revisions\/1691561"}],"wp:featuredmedia":[{"embeddable":true,"href":"https:\/\/www.estrategiaconcursos.com.br\/blog\/wp-json\/wp\/v2\/media\/1683315"}],"wp:attachment":[{"href":"https:\/\/www.estrategiaconcursos.com.br\/blog\/wp-json\/wp\/v2\/media?parent=1683261"}],"wp:term":[{"taxonomy":"category","embeddable":true,"href":"https:\/\/www.estrategiaconcursos.com.br\/blog\/wp-json\/wp\/v2\/categories?post=1683261"},{"taxonomy":"post_tag","embeddable":true,"href":"https:\/\/www.estrategiaconcursos.com.br\/blog\/wp-json\/wp\/v2\/tags?post=1683261"},{"taxonomy":"tax_estado","embeddable":true,"href":"https:\/\/www.estrategiaconcursos.com.br\/blog\/wp-json\/wp\/v2\/tax_estado?post=1683261"}],"curies":[{"name":"wp","href":"https:\/\/api.w.org\/{rel}","templated":true}]}}