{"id":1683186,"date":"2025-12-10T16:46:00","date_gmt":"2025-12-10T19:46:00","guid":{"rendered":"https:\/\/www.estrategiaconcursos.com.br\/blog\/?p=1683186"},"modified":"2025-12-10T17:02:16","modified_gmt":"2025-12-10T20:02:16","slug":"concurso-valec-banca","status":"publish","type":"post","link":"https:\/\/www.estrategiaconcursos.com.br\/blog\/concurso-valec-banca\/","title":{"rendered":"Concurso Valec\/INFRA: banca definida; ser\u00e3o 65 vagas + CR!"},"content":{"rendered":"\n<p style=\"font-size:clamp(16.293px, 1.018rem + ((1vw - 3.2px) * 0.854), 25px);\"><strong><em>Termo de refer\u00eancia enviado \u00e0 banca do concurso Valec traz detalhes sobre as etapas de prova!<\/em><\/strong><\/p>\n\n\n\n<p>Mais um \u00f3timo edital de <strong>concurso federal<\/strong> est\u00e1 pr\u00f3ximo de ter seu edital na pra\u00e7a! Estamos falando do <strong>concurso p\u00fablico da INFRA<\/strong>, coordenado pela <strong>Valec (Engenharia, Constru\u00e7\u00f5es e Ferrovias S.A).<\/strong><\/p>\n\n\n\n<p>A empresa p\u00fablica federal definiu nesta quarta-feira (10) o Cebraspe como banca organizadora do mais novo certame. A informa\u00e7\u00e3o consta no Portal Nacional de Contrata\u00e7\u00f5es P\u00fablicas. Veja:<\/p>\n\n\n\n<figure class=\"wp-block-image aligncenter size-large\"><img loading=\"lazy\" decoding=\"async\" width=\"1024\" height=\"380\" src=\"https:\/\/dhg1h5j42swfq.cloudfront.net\/2025\/12\/10163425\/image-81-1024x380.png\" alt=\"Concurso Valec\/INFRA: banca definida; ser\u00e3o 65 vagas + CR!\" class=\"wp-image-1683194\" srcset=\"https:\/\/dhg1h5j42swfq.cloudfront.net\/2025\/12\/10163425\/image-81-1024x380.png 1024w, https:\/\/dhg1h5j42swfq.cloudfront.net\/2025\/12\/10163425\/image-81-300x111.png 300w, https:\/\/dhg1h5j42swfq.cloudfront.net\/2025\/12\/10163425\/image-81-768x285.png 768w, https:\/\/dhg1h5j42swfq.cloudfront.net\/2025\/12\/10163425\/image-81-150x56.png 150w, https:\/\/dhg1h5j42swfq.cloudfront.net\/2025\/12\/10163425\/image-81.png 1444w\" sizes=\"auto, (max-width: 1024px) 100vw, 1024px\" \/><figcaption class=\"wp-element-caption\">Concurso Valec\/INFRA: banca definida; ser\u00e3o 65 vagas + CR!<\/figcaption><\/figure>\n\n\n\n<p>Agora, com a banca definida, \u00e9 s\u00f3 quest\u00e3o de tempo para a publica\u00e7\u00e3o oficial do edital, j\u00e1 que a empresa trabalhar\u00e1 conjuntamente com a comiss\u00e3o organizadora para finalizar o respectivo documento.<\/p>\n\n\n\n<div class=\"container\" id=\"boxes\">\n  <div class=\"row\">\n\n    <div class=\"col-sm\">\n      <div class=\"banner-estrat-corj\" id=\"box-assinatura\">\n        <h2 class=\"titulo-assinatura\" style=\"text-align: left;\">Cursos para o Concurso Valec<\/h2>\n        <p class=\"subtitulo-assinatura\" style=\"text-align: left;\">Conhe\u00e7a os cursos preparat\u00f3rios AQUI!<\/p>\n        <div class=\"box-botao\" style=\"text-align: left;\">\n          <a class=\"btn-assinatura\" target=\"_blank\" href=\"https:\/\/www.estrategiaconcursos.com.br\/pesquisa\/?q=valec\" role=\"button\" rel=\"noopener noreferrer\">CLIQUE AQUI<\/a>\n        <\/div>\n      <\/div><\/div><\/div><\/div>\n\n\n\n<h2 class=\"wp-block-heading\" id=\"h-termo-de-referencia-detalha-distribuicao-de-vagas-e-outras-informacoes\">Termo de refer\u00eancia detalha distribui\u00e7\u00e3o de vagas e outras informa\u00e7\u00f5es!<\/h2>\n\n\n\n<p>Al\u00e9m disso, a equipe do Estrat\u00e9gia acessou o termo de refer\u00eancia do concurso, documento enviado \u00e0s empresas interessadas em organizar o certame em que constam diversos detalhes do edital.<\/p>\n\n\n\n<p>Segundo o termo, ser\u00e3o contempladas <strong>65 vagas imediatas<\/strong> mais cadastro reserva para o cargo de <strong>Analista<\/strong>, que exige n\u00edvel superior e ser\u00e1 distribu\u00eddo em diversas especialidades. Veja:<\/p>\n\n\n\n<ul class=\"wp-block-list\">\n<li>Administrador \u2013 <strong>11 vagas<\/strong><\/li>\n\n\n\n<li>Analista de Sistemas \u2013 <strong>6 vagas<\/strong><\/li>\n\n\n\n<li>Bi\u00f3logo \u2013 <strong>3 vagas<\/strong><\/li>\n\n\n\n<li>Contador \u2013 <strong>6 vagas<\/strong><\/li>\n\n\n\n<li>Economista \u2013 <strong>7 vagas<\/strong><\/li>\n\n\n\n<li>Ge\u00f3grafo \u2013 <strong>5 vagas<\/strong><\/li>\n\n\n\n<li>Ge\u00f3logo \u2013 <strong>3 vagas<\/strong><\/li>\n\n\n\n<li>Engenheiro Civil \u2013 <strong>19 vagas<\/strong><\/li>\n\n\n\n<li>Engenheiro Agr\u00f4nomo \u2013 <strong>1 vaga<\/strong><\/li>\n\n\n\n<li>Engenheiro Florestal \u2013 <strong>1 vaga<\/strong><\/li>\n\n\n\n<li>Engenheiro Ambiental \u2013 <strong>3 vagas<\/strong>\n<ul class=\"wp-block-list\">\n<li><strong>Total: 65 vagas<\/strong><\/li>\n<\/ul>\n<\/li>\n<\/ul>\n\n\n\n<p>A carreira, por sua vez, possui sal\u00e1rio inicial de <strong>R$ 11.232,86<\/strong>, conforme estrutura remunerat\u00f3ria vigente desde maio de 2025.<\/p>\n\n\n\n<p>A Valec estima que cerca de <strong>5 mil candidatos ser\u00e3o registrados<\/strong> durante o prazo de inscri\u00e7\u00f5es, sendo que as provas ser\u00e3o realizadas somente em Bras\u00edlia, no Distrito Federal.<\/p>\n\n\n\n<h3 class=\"wp-block-heading\" id=\"h-etapas-de-provas-do-concurso-valec\">Etapas de provas do concurso Valec<\/h3>\n\n\n\n<p>J\u00e1 as etapas avaliativas ser\u00e3o compostas por:<\/p>\n\n\n\n<ul class=\"wp-block-list\">\n<li><strong>Etapa 1:<\/strong>\n<ul class=\"wp-block-list\">\n<li><strong>Prova objetiva<\/strong> de conhecimentos gerais e espec\u00edficos, de car\u00e1ter eliminat\u00f3rio e classificat\u00f3rio para todos os cargos, ser\u00e1 do tipo: certo ou errado, com 100 quest\u00f5es, ou m\u00faltipla escolha, com 70 quest\u00f5es:\n<ul class=\"wp-block-list\">\n<li>I &#8211; Sendo a prova no formato certo ou errado, esta ser\u00e1 dividida em 40 quest\u00f5es de conhecimentos gerais e 60 quest\u00f5es de conhecimento espec\u00edfico; ou <\/li>\n\n\n\n<li>II &#8211; Sendo a prova no formato m\u00faltipla escolha, esta ser\u00e1 dividida em 30  quest\u00f5es de conhecimentos gerais e 40 quest\u00f5es de conhecimento espec\u00edfico.<\/li>\n<\/ul>\n<\/li>\n\n\n\n<li><strong>Prova discursiva<\/strong>, de car\u00e1ter eliminat\u00f3rio e classificat\u00f3rio, para todos os cargos.\n<ul class=\"wp-block-list\">\n<li>A Prova Discursiva ser\u00e1 composta por quest\u00f5es com resposta textual, no formato de estudo de caso, abordando temas relacionados ao contexto de atua\u00e7\u00e3o da INFRA S.A. O candidato dever\u00e1 responder duas quest\u00f5es de natureza t\u00e9cnica, redigindo textos com extens\u00e3o m\u00ednima de 15 e m\u00e1xima de 20 linhas para cada resposta. Estima-se a corre\u00e7\u00e3o de 930 provas de natureza discursiva.<\/li>\n<\/ul>\n<\/li>\n<\/ul>\n<\/li>\n\n\n\n<li><strong>Etapa 2:<\/strong>\n<ul class=\"wp-block-list\">\n<li><strong>Avalia\u00e7\u00e3o biopsicossocial<\/strong> para candidatos concorrentes \u00e0s vagas destinadas \u00e0s pessoas com defici\u00eancia aprovadas nas fases anteriores<\/li>\n\n\n\n<li><strong>Avalia\u00e7\u00e3o de Heteroidentifica\u00e7\u00e3o racial<\/strong> paara candidatos concorrentes \u00e0s vagas destinadas \u00e0s pessoas negras (pardas e pretas).<\/li>\n<\/ul>\n<\/li>\n<\/ul>\n\n\n\n<p class=\"has-text-align-center\"><em>Quer saber mais informa\u00e7\u00f5es sobre o concurso <a href=\"https:\/\/www.infrasa.gov.br\/\" target=\"_blank\" rel=\"noreferrer noopener\">Valec<\/a>, al\u00e9m da banca definida? Ent\u00e3o, confira o nosso artigo completo!<\/em><\/p>\n\n\n\n<p class=\"has-text-align-center has-cyan-bluish-gray-background-color has-background\" style=\"font-size:clamp(14.642px, 0.915rem + ((1vw - 3.2px) * 0.721), 22px);\"><a href=\"https:\/\/www.estrategiaconcursos.com.br\/blog\/concurso-valec\/\" target=\"_blank\" rel=\"noreferrer noopener\"><strong>Mais informa\u00e7\u00f5es sobre o concurso Valec<\/strong><\/a><\/p>\n\n\n\n<hr class=\"wp-block-separator has-css-opacity\"\/>\n\n\n\n<h2 class=\"wp-block-heading has-text-align-center\" id=\"cursos-assinatura\"><em>Cursos para o concurso Valec<\/em><\/h2>\n\n\n\n<div class=\"container\" id=\"boxes\">\n  <div class=\"row\">\n\n    <div class=\"col-sm\">\n      <div class=\"banner-estrat-corj\" id=\"box-assinatura\">\n        <h2 class=\"titulo-assinatura\" style=\"text-align: left;\">Cursos para o Concurso Valec<\/h2>\n        <p class=\"subtitulo-assinatura\" style=\"text-align: left;\">Conhe\u00e7a os cursos preparat\u00f3rios AQUI!<\/p>\n        <div class=\"box-botao\" style=\"text-align: left;\">\n          <a class=\"btn-assinatura\" target=\"_blank\" href=\"https:\/\/www.estrategiaconcursos.com.br\/pesquisa\/?q=valec\" role=\"button\" rel=\"noopener noreferrer\">CLIQUE AQUI<\/a>\n        <\/div>\n      <\/div><\/div><\/div><\/div>\n\n\n\n<div class=\"container\" id=\"boxes\">\n  <div class=\"row\">\n\n    <div class=\"col-sm\">\n      <div class=\"estrategia\" id=\"box-assinatura\">\n        <h3 class=\"titulo-assinatura\">Assinatura Concursos<\/h3>\n        <p class=\"subtitulo-assinatura\">Assinatura de 1 ano ou 2 anos<\/p>\n        <div class=\"box-botao\">\n          <a class=\"btn-assinatura\" target=\"_blank\" href=\"https:\/\/www.estrategiaconcursos.com.br\/assinaturas\/\" role=\"button\" rel=\"noopener noreferrer\">ASSINE AGORA<\/a>\n        <\/div>\n      <\/div>\n\n\n\n<h2 class=\"wp-block-heading has-text-align-center\" id=\"h-quer-saber-tudo-sobre-concursos-previstos-confira-nossos-artigos\">Quer saber tudo sobre concursos previstos?<br \/>Confira nossos artigos!<\/h2>\n\n\n\n<ul class=\"wp-block-list\">\n<li><a href=\"https:\/\/www.estrategiaconcursos.com.br\/blog\/concursos-abertos\/\" target=\"_blank\" rel=\"noreferrer noopener\">Concursos Abertos<\/a><\/li>\n\n\n\n<li><a href=\"https:\/\/www.estrategiaconcursos.com.br\/blog\/concursos-2026\/\" target=\"_blank\" rel=\"noreferrer noopener\">Concursos 2026<\/a><\/li>\n<\/ul>\n<\/div><\/div><\/div>","protected":false},"excerpt":{"rendered":"<p>Termo de refer\u00eancia enviado \u00e0 banca do concurso Valec traz detalhes sobre as etapas de prova! Mais um \u00f3timo edital de concurso federal est\u00e1 pr\u00f3ximo de ter seu edital na pra\u00e7a! Estamos falando do concurso p\u00fablico da INFRA, coordenado pela Valec (Engenharia, Constru\u00e7\u00f5es e Ferrovias S.A). A empresa p\u00fablica federal definiu nesta quarta-feira (10) o [&hellip;]<\/p>\n","protected":false},"author":2692,"featured_media":1617435,"comment_status":"open","ping_status":"closed","sticky":false,"template":"","format":"standard","meta":{"post_tipo":"news","footnotes":""},"categories":[214992,220219],"tags":[],"tax_estado":[219963],"class_list":["post-1683186","post","type-post","status-publish","format-standard","has-post-thumbnail","hentry","category-concursos-administrativos","category-noticias","tax_estado-concursos-federais"],"acf":[],"yoast_head":"<!-- This site is optimized with the Yoast SEO Premium plugin v27.2 (Yoast SEO v27.2) - https:\/\/yoast.com\/product\/yoast-seo-premium-wordpress\/ -->\n<title>Concurso Valec\/INFRA: banca definida; ser\u00e3o 65 vagas + CR!<\/title>\n<meta name=\"description\" content=\"Valec define o Cebraspe como banca organizadora do seu mais novo concurso p\u00fablico! Confira a distribui\u00e7\u00e3o de vagas.\" \/>\n<meta name=\"robots\" content=\"index, follow, max-snippet:-1, max-image-preview:large, max-video-preview:-1\" \/>\n<link rel=\"canonical\" href=\"https:\/\/www.estrategiaconcursos.com.br\/blog\/concurso-valec-banca\/\" \/>\n<meta property=\"og:locale\" content=\"pt_BR\" \/>\n<meta property=\"og:type\" content=\"article\" \/>\n<meta property=\"og:title\" content=\"Concurso Valec\/INFRA: banca definida; ser\u00e3o 65 vagas + CR!\" \/>\n<meta property=\"og:description\" content=\"Valec define o Cebraspe como banca organizadora do seu mais novo concurso p\u00fablico! Confira a distribui\u00e7\u00e3o de vagas.\" \/>\n<meta property=\"og:url\" content=\"https:\/\/www.estrategiaconcursos.com.br\/blog\/concurso-valec-banca\/\" \/>\n<meta property=\"og:site_name\" content=\"Estrat\u00e9gia Concursos\" \/>\n<meta property=\"article:published_time\" content=\"2025-12-10T19:46:00+00:00\" \/>\n<meta property=\"article:modified_time\" content=\"2025-12-10T20:02:16+00:00\" \/>\n<meta property=\"og:image\" content=\"https:\/\/dhg1h5j42swfq.cloudfront.net\/2025\/08\/04114001\/valec.jpg\" \/>\n\t<meta property=\"og:image:width\" content=\"768\" \/>\n\t<meta property=\"og:image:height\" content=\"432\" \/>\n\t<meta property=\"og:image:type\" content=\"image\/jpeg\" \/>\n<meta name=\"author\" content=\"Ronaldo Scanavini Neto\" \/>\n<meta name=\"twitter:card\" content=\"summary_large_image\" \/>\n<meta name=\"twitter:creator\" content=\"@EstratConcursos\" \/>\n<meta name=\"twitter:site\" content=\"@EstratConcursos\" \/>\n<meta name=\"twitter:label1\" content=\"Escrito por\" \/>\n\t<meta name=\"twitter:data1\" content=\"Ronaldo Scanavini Neto\" \/>\n\t<meta name=\"twitter:label2\" content=\"Est. tempo de leitura\" \/>\n\t<meta name=\"twitter:data2\" content=\"3 minutos\" \/>\n<script type=\"application\/ld+json\" class=\"yoast-schema-graph\">{\"@context\":\"https:\/\/schema.org\",\"@graph\":[{\"@type\":\"NewsArticle\",\"@id\":\"https:\/\/www.estrategiaconcursos.com.br\/blog\/concurso-valec-banca\/#article\",\"isPartOf\":{\"@id\":\"https:\/\/www.estrategiaconcursos.com.br\/blog\/concurso-valec-banca\/\"},\"author\":{\"name\":\"Ronaldo Scanavini Neto\",\"@id\":\"https:\/\/www.estrategiaconcursos.com.br\/blog\/#\/schema\/person\/70c2ad4297aa24ff8815b08215b23a76\"},\"headline\":\"Concurso Valec\/INFRA: banca definida; ser\u00e3o 65 vagas + CR!\",\"datePublished\":\"2025-12-10T19:46:00+00:00\",\"dateModified\":\"2025-12-10T20:02:16+00:00\",\"mainEntityOfPage\":{\"@id\":\"https:\/\/www.estrategiaconcursos.com.br\/blog\/concurso-valec-banca\/\"},\"wordCount\":592,\"commentCount\":0,\"publisher\":{\"@id\":\"https:\/\/www.estrategiaconcursos.com.br\/blog\/#organization\"},\"image\":{\"@id\":\"https:\/\/www.estrategiaconcursos.com.br\/blog\/concurso-valec-banca\/#primaryimage\"},\"thumbnailUrl\":\"https:\/\/dhg1h5j42swfq.cloudfront.net\/2025\/08\/04114001\/valec.jpg\",\"articleSection\":[\"Executivo (Administrativa)\",\"\u00daltimas not\u00edcias\"],\"inLanguage\":\"pt-BR\",\"potentialAction\":[{\"@type\":\"CommentAction\",\"name\":\"Comment\",\"target\":[\"https:\/\/www.estrategiaconcursos.com.br\/blog\/concurso-valec-banca\/#respond\"]}],\"copyrightYear\":\"2025\",\"copyrightHolder\":{\"@id\":\"https:\/\/www.estrategiaconcursos.com.br\/blog\/#organization\"}},{\"@type\":\"WebPage\",\"@id\":\"https:\/\/www.estrategiaconcursos.com.br\/blog\/concurso-valec-banca\/\",\"url\":\"https:\/\/www.estrategiaconcursos.com.br\/blog\/concurso-valec-banca\/\",\"name\":\"Concurso Valec\/INFRA: banca definida; ser\u00e3o 65 vagas + CR!\",\"isPartOf\":{\"@id\":\"https:\/\/www.estrategiaconcursos.com.br\/blog\/#website\"},\"primaryImageOfPage\":{\"@id\":\"https:\/\/www.estrategiaconcursos.com.br\/blog\/concurso-valec-banca\/#primaryimage\"},\"image\":{\"@id\":\"https:\/\/www.estrategiaconcursos.com.br\/blog\/concurso-valec-banca\/#primaryimage\"},\"thumbnailUrl\":\"https:\/\/dhg1h5j42swfq.cloudfront.net\/2025\/08\/04114001\/valec.jpg\",\"datePublished\":\"2025-12-10T19:46:00+00:00\",\"dateModified\":\"2025-12-10T20:02:16+00:00\",\"description\":\"Valec define o Cebraspe como banca organizadora do seu mais novo concurso p\u00fablico! Confira a distribui\u00e7\u00e3o de vagas.\",\"breadcrumb\":{\"@id\":\"https:\/\/www.estrategiaconcursos.com.br\/blog\/concurso-valec-banca\/#breadcrumb\"},\"inLanguage\":\"pt-BR\",\"potentialAction\":[{\"@type\":\"ReadAction\",\"target\":[\"https:\/\/www.estrategiaconcursos.com.br\/blog\/concurso-valec-banca\/\"]}]},{\"@type\":\"ImageObject\",\"inLanguage\":\"pt-BR\",\"@id\":\"https:\/\/www.estrategiaconcursos.com.br\/blog\/concurso-valec-banca\/#primaryimage\",\"url\":\"https:\/\/dhg1h5j42swfq.cloudfront.net\/2025\/08\/04114001\/valec.jpg\",\"contentUrl\":\"https:\/\/dhg1h5j42swfq.cloudfront.net\/2025\/08\/04114001\/valec.jpg\",\"width\":768,\"height\":432,\"caption\":\"Edital Valec\"},{\"@type\":\"BreadcrumbList\",\"@id\":\"https:\/\/www.estrategiaconcursos.com.br\/blog\/concurso-valec-banca\/#breadcrumb\",\"itemListElement\":[{\"@type\":\"ListItem\",\"position\":1,\"name\":\"In\u00edcio\",\"item\":\"https:\/\/www.estrategiaconcursos.com.br\/blog\/\"},{\"@type\":\"ListItem\",\"position\":2,\"name\":\"Concurso Valec\/INFRA: banca definida; ser\u00e3o 65 vagas + CR!\"}]},{\"@type\":\"WebSite\",\"@id\":\"https:\/\/www.estrategiaconcursos.com.br\/blog\/#website\",\"url\":\"https:\/\/www.estrategiaconcursos.com.br\/blog\/\",\"name\":\"Estrat\u00e9gia Concursos\",\"description\":\"O blog da Estrat\u00e9gia Concursos traz not\u00edcias sobre concursos e artigos de professores oferecendo cursos para concursos (pdf + videaulas) no site.\",\"publisher\":{\"@id\":\"https:\/\/www.estrategiaconcursos.com.br\/blog\/#organization\"},\"potentialAction\":[{\"@type\":\"SearchAction\",\"target\":{\"@type\":\"EntryPoint\",\"urlTemplate\":\"https:\/\/www.estrategiaconcursos.com.br\/blog\/?s={search_term_string}\"},\"query-input\":{\"@type\":\"PropertyValueSpecification\",\"valueRequired\":true,\"valueName\":\"search_term_string\"}}],\"inLanguage\":\"pt-BR\"},{\"@type\":\"Organization\",\"@id\":\"https:\/\/www.estrategiaconcursos.com.br\/blog\/#organization\",\"name\":\"Estrat\u00e9gia Concursos\",\"url\":\"https:\/\/www.estrategiaconcursos.com.br\/blog\/\",\"logo\":{\"@type\":\"ImageObject\",\"inLanguage\":\"pt-BR\",\"@id\":\"https:\/\/www.estrategiaconcursos.com.br\/blog\/#\/schema\/logo\/image\/\",\"url\":\"https:\/\/dhg1h5j42swfq.cloudfront.net\/2025\/06\/03203428\/logo_concursos-1.jpg\",\"contentUrl\":\"https:\/\/dhg1h5j42swfq.cloudfront.net\/2025\/06\/03203428\/logo_concursos-1.jpg\",\"width\":230,\"height\":60,\"caption\":\"Estrat\u00e9gia Concursos\"},\"image\":{\"@id\":\"https:\/\/www.estrategiaconcursos.com.br\/blog\/#\/schema\/logo\/image\/\"},\"sameAs\":[\"https:\/\/x.com\/EstratConcursos\"]},{\"@type\":\"Person\",\"@id\":\"https:\/\/www.estrategiaconcursos.com.br\/blog\/#\/schema\/person\/70c2ad4297aa24ff8815b08215b23a76\",\"name\":\"Ronaldo Scanavini Neto\",\"image\":{\"@type\":\"ImageObject\",\"inLanguage\":\"pt-BR\",\"@id\":\"https:\/\/secure.gravatar.com\/avatar\/f93d8e56fe264596e94aee6b3feb737d98ad0fc5bac7eb0a245f04723c5c8f21?s=96&d=mm&r=g\",\"url\":\"https:\/\/secure.gravatar.com\/avatar\/f93d8e56fe264596e94aee6b3feb737d98ad0fc5bac7eb0a245f04723c5c8f21?s=96&d=mm&r=g\",\"contentUrl\":\"https:\/\/secure.gravatar.com\/avatar\/f93d8e56fe264596e94aee6b3feb737d98ad0fc5bac7eb0a245f04723c5c8f21?s=96&d=mm&r=g\",\"caption\":\"Ronaldo Scanavini Neto\"},\"description\":\"Graduando em Comunica\u00e7\u00e3o Social \u2013 Jornalismo pela Universidade Federal de Vi\u00e7osa (UFV). Integra a equipe de jornalismo do Estrat\u00e9gia Concursos desde 2023, atuando com \u00eanfase na cobertura da \u00e1rea fiscal. Tamb\u00e9m realiza a apura\u00e7\u00e3o e produ\u00e7\u00e3o de not\u00edcias sobre concursos federais, \u00f3rg\u00e3os participantes do CNU e das \u00e1reas de controle, gest\u00e3o, engenharia, Exame CFC, comunica\u00e7\u00e3o social TI e \u00e1rea de concursos administrativos.\",\"url\":\"https:\/\/www.estrategiaconcursos.com.br\/blog\/author\/ronaldo-netoestrategia-com\/\"}]}<\/script>\n<!-- \/ Yoast SEO Premium plugin. -->","yoast_head_json":{"title":"Concurso Valec\/INFRA: banca definida; ser\u00e3o 65 vagas + CR!","description":"Valec define o Cebraspe como banca organizadora do seu mais novo concurso p\u00fablico! Confira a distribui\u00e7\u00e3o de vagas.","robots":{"index":"index","follow":"follow","max-snippet":"max-snippet:-1","max-image-preview":"max-image-preview:large","max-video-preview":"max-video-preview:-1"},"canonical":"https:\/\/www.estrategiaconcursos.com.br\/blog\/concurso-valec-banca\/","og_locale":"pt_BR","og_type":"article","og_title":"Concurso Valec\/INFRA: banca definida; ser\u00e3o 65 vagas + CR!","og_description":"Valec define o Cebraspe como banca organizadora do seu mais novo concurso p\u00fablico! Confira a distribui\u00e7\u00e3o de vagas.","og_url":"https:\/\/www.estrategiaconcursos.com.br\/blog\/concurso-valec-banca\/","og_site_name":"Estrat\u00e9gia Concursos","article_published_time":"2025-12-10T19:46:00+00:00","article_modified_time":"2025-12-10T20:02:16+00:00","og_image":[{"width":768,"height":432,"url":"https:\/\/dhg1h5j42swfq.cloudfront.net\/2025\/08\/04114001\/valec.jpg","type":"image\/jpeg"}],"author":"Ronaldo Scanavini Neto","twitter_card":"summary_large_image","twitter_creator":"@EstratConcursos","twitter_site":"@EstratConcursos","twitter_misc":{"Escrito por":"Ronaldo Scanavini Neto","Est. tempo de leitura":"3 minutos"},"schema":{"@context":"https:\/\/schema.org","@graph":[{"@type":"NewsArticle","@id":"https:\/\/www.estrategiaconcursos.com.br\/blog\/concurso-valec-banca\/#article","isPartOf":{"@id":"https:\/\/www.estrategiaconcursos.com.br\/blog\/concurso-valec-banca\/"},"author":{"name":"Ronaldo Scanavini Neto","@id":"https:\/\/www.estrategiaconcursos.com.br\/blog\/#\/schema\/person\/70c2ad4297aa24ff8815b08215b23a76"},"headline":"Concurso Valec\/INFRA: banca definida; ser\u00e3o 65 vagas + CR!","datePublished":"2025-12-10T19:46:00+00:00","dateModified":"2025-12-10T20:02:16+00:00","mainEntityOfPage":{"@id":"https:\/\/www.estrategiaconcursos.com.br\/blog\/concurso-valec-banca\/"},"wordCount":592,"commentCount":0,"publisher":{"@id":"https:\/\/www.estrategiaconcursos.com.br\/blog\/#organization"},"image":{"@id":"https:\/\/www.estrategiaconcursos.com.br\/blog\/concurso-valec-banca\/#primaryimage"},"thumbnailUrl":"https:\/\/dhg1h5j42swfq.cloudfront.net\/2025\/08\/04114001\/valec.jpg","articleSection":["Executivo (Administrativa)","\u00daltimas not\u00edcias"],"inLanguage":"pt-BR","potentialAction":[{"@type":"CommentAction","name":"Comment","target":["https:\/\/www.estrategiaconcursos.com.br\/blog\/concurso-valec-banca\/#respond"]}],"copyrightYear":"2025","copyrightHolder":{"@id":"https:\/\/www.estrategiaconcursos.com.br\/blog\/#organization"}},{"@type":"WebPage","@id":"https:\/\/www.estrategiaconcursos.com.br\/blog\/concurso-valec-banca\/","url":"https:\/\/www.estrategiaconcursos.com.br\/blog\/concurso-valec-banca\/","name":"Concurso Valec\/INFRA: banca definida; ser\u00e3o 65 vagas + CR!","isPartOf":{"@id":"https:\/\/www.estrategiaconcursos.com.br\/blog\/#website"},"primaryImageOfPage":{"@id":"https:\/\/www.estrategiaconcursos.com.br\/blog\/concurso-valec-banca\/#primaryimage"},"image":{"@id":"https:\/\/www.estrategiaconcursos.com.br\/blog\/concurso-valec-banca\/#primaryimage"},"thumbnailUrl":"https:\/\/dhg1h5j42swfq.cloudfront.net\/2025\/08\/04114001\/valec.jpg","datePublished":"2025-12-10T19:46:00+00:00","dateModified":"2025-12-10T20:02:16+00:00","description":"Valec define o Cebraspe como banca organizadora do seu mais novo concurso p\u00fablico! Confira a distribui\u00e7\u00e3o de vagas.","breadcrumb":{"@id":"https:\/\/www.estrategiaconcursos.com.br\/blog\/concurso-valec-banca\/#breadcrumb"},"inLanguage":"pt-BR","potentialAction":[{"@type":"ReadAction","target":["https:\/\/www.estrategiaconcursos.com.br\/blog\/concurso-valec-banca\/"]}]},{"@type":"ImageObject","inLanguage":"pt-BR","@id":"https:\/\/www.estrategiaconcursos.com.br\/blog\/concurso-valec-banca\/#primaryimage","url":"https:\/\/dhg1h5j42swfq.cloudfront.net\/2025\/08\/04114001\/valec.jpg","contentUrl":"https:\/\/dhg1h5j42swfq.cloudfront.net\/2025\/08\/04114001\/valec.jpg","width":768,"height":432,"caption":"Edital Valec"},{"@type":"BreadcrumbList","@id":"https:\/\/www.estrategiaconcursos.com.br\/blog\/concurso-valec-banca\/#breadcrumb","itemListElement":[{"@type":"ListItem","position":1,"name":"In\u00edcio","item":"https:\/\/www.estrategiaconcursos.com.br\/blog\/"},{"@type":"ListItem","position":2,"name":"Concurso Valec\/INFRA: banca definida; ser\u00e3o 65 vagas + CR!"}]},{"@type":"WebSite","@id":"https:\/\/www.estrategiaconcursos.com.br\/blog\/#website","url":"https:\/\/www.estrategiaconcursos.com.br\/blog\/","name":"Estrat\u00e9gia Concursos","description":"O blog da Estrat\u00e9gia Concursos traz not\u00edcias sobre concursos e artigos de professores oferecendo cursos para concursos (pdf + videaulas) no site.","publisher":{"@id":"https:\/\/www.estrategiaconcursos.com.br\/blog\/#organization"},"potentialAction":[{"@type":"SearchAction","target":{"@type":"EntryPoint","urlTemplate":"https:\/\/www.estrategiaconcursos.com.br\/blog\/?s={search_term_string}"},"query-input":{"@type":"PropertyValueSpecification","valueRequired":true,"valueName":"search_term_string"}}],"inLanguage":"pt-BR"},{"@type":"Organization","@id":"https:\/\/www.estrategiaconcursos.com.br\/blog\/#organization","name":"Estrat\u00e9gia Concursos","url":"https:\/\/www.estrategiaconcursos.com.br\/blog\/","logo":{"@type":"ImageObject","inLanguage":"pt-BR","@id":"https:\/\/www.estrategiaconcursos.com.br\/blog\/#\/schema\/logo\/image\/","url":"https:\/\/dhg1h5j42swfq.cloudfront.net\/2025\/06\/03203428\/logo_concursos-1.jpg","contentUrl":"https:\/\/dhg1h5j42swfq.cloudfront.net\/2025\/06\/03203428\/logo_concursos-1.jpg","width":230,"height":60,"caption":"Estrat\u00e9gia Concursos"},"image":{"@id":"https:\/\/www.estrategiaconcursos.com.br\/blog\/#\/schema\/logo\/image\/"},"sameAs":["https:\/\/x.com\/EstratConcursos"]},{"@type":"Person","@id":"https:\/\/www.estrategiaconcursos.com.br\/blog\/#\/schema\/person\/70c2ad4297aa24ff8815b08215b23a76","name":"Ronaldo Scanavini Neto","image":{"@type":"ImageObject","inLanguage":"pt-BR","@id":"https:\/\/secure.gravatar.com\/avatar\/f93d8e56fe264596e94aee6b3feb737d98ad0fc5bac7eb0a245f04723c5c8f21?s=96&d=mm&r=g","url":"https:\/\/secure.gravatar.com\/avatar\/f93d8e56fe264596e94aee6b3feb737d98ad0fc5bac7eb0a245f04723c5c8f21?s=96&d=mm&r=g","contentUrl":"https:\/\/secure.gravatar.com\/avatar\/f93d8e56fe264596e94aee6b3feb737d98ad0fc5bac7eb0a245f04723c5c8f21?s=96&d=mm&r=g","caption":"Ronaldo Scanavini Neto"},"description":"Graduando em Comunica\u00e7\u00e3o Social \u2013 Jornalismo pela Universidade Federal de Vi\u00e7osa (UFV). Integra a equipe de jornalismo do Estrat\u00e9gia Concursos desde 2023, atuando com \u00eanfase na cobertura da \u00e1rea fiscal. Tamb\u00e9m realiza a apura\u00e7\u00e3o e produ\u00e7\u00e3o de not\u00edcias sobre concursos federais, \u00f3rg\u00e3os participantes do CNU e das \u00e1reas de controle, gest\u00e3o, engenharia, Exame CFC, comunica\u00e7\u00e3o social TI e \u00e1rea de concursos administrativos.","url":"https:\/\/www.estrategiaconcursos.com.br\/blog\/author\/ronaldo-netoestrategia-com\/"}]}},"_links":{"self":[{"href":"https:\/\/www.estrategiaconcursos.com.br\/blog\/wp-json\/wp\/v2\/posts\/1683186","targetHints":{"allow":["GET"]}}],"collection":[{"href":"https:\/\/www.estrategiaconcursos.com.br\/blog\/wp-json\/wp\/v2\/posts"}],"about":[{"href":"https:\/\/www.estrategiaconcursos.com.br\/blog\/wp-json\/wp\/v2\/types\/post"}],"author":[{"embeddable":true,"href":"https:\/\/www.estrategiaconcursos.com.br\/blog\/wp-json\/wp\/v2\/users\/2692"}],"replies":[{"embeddable":true,"href":"https:\/\/www.estrategiaconcursos.com.br\/blog\/wp-json\/wp\/v2\/comments?post=1683186"}],"version-history":[{"count":3,"href":"https:\/\/www.estrategiaconcursos.com.br\/blog\/wp-json\/wp\/v2\/posts\/1683186\/revisions"}],"predecessor-version":[{"id":1683236,"href":"https:\/\/www.estrategiaconcursos.com.br\/blog\/wp-json\/wp\/v2\/posts\/1683186\/revisions\/1683236"}],"wp:featuredmedia":[{"embeddable":true,"href":"https:\/\/www.estrategiaconcursos.com.br\/blog\/wp-json\/wp\/v2\/media\/1617435"}],"wp:attachment":[{"href":"https:\/\/www.estrategiaconcursos.com.br\/blog\/wp-json\/wp\/v2\/media?parent=1683186"}],"wp:term":[{"taxonomy":"category","embeddable":true,"href":"https:\/\/www.estrategiaconcursos.com.br\/blog\/wp-json\/wp\/v2\/categories?post=1683186"},{"taxonomy":"post_tag","embeddable":true,"href":"https:\/\/www.estrategiaconcursos.com.br\/blog\/wp-json\/wp\/v2\/tags?post=1683186"},{"taxonomy":"tax_estado","embeddable":true,"href":"https:\/\/www.estrategiaconcursos.com.br\/blog\/wp-json\/wp\/v2\/tax_estado?post=1683186"}],"curies":[{"name":"wp","href":"https:\/\/api.w.org\/{rel}","templated":true}]}}