{"id":1683154,"date":"2025-12-10T16:43:03","date_gmt":"2025-12-10T19:43:03","guid":{"rendered":"https:\/\/www.estrategiaconcursos.com.br\/blog\/?p=1683154"},"modified":"2025-12-10T17:04:26","modified_gmt":"2025-12-10T20:04:26","slug":"ibge-inscricoes-do-pss","status":"publish","type":"post","link":"https:\/\/www.estrategiaconcursos.com.br\/blog\/ibge-inscricoes-do-pss\/","title":{"rendered":"IBGE prorroga inscri\u00e7\u00f5es do PSS! Novo prazo at\u00e9 17\/12!"},"content":{"rendered":"\n<p style=\"font-size:clamp(14.642px, 0.915rem + ((1vw - 3.2px) * 0.721), 22px);\"><em><strong>Data das provas \u00e9 alterada para <\/strong><strong>1\u00ba de mar\u00e7o de 2026!<\/strong><\/em><\/p>\n\n\n\n<p>Uma \u00f3tima not\u00edcia para aqueles que est\u00e3o mirando uma vaga no IBGE! O Instituto <strong>prorrogou o prazo de inscri\u00e7\u00f5es do <a href=\"https:\/\/www.estrategiaconcursos.com.br\/cursosPorConcurso\/ibge-204\/\" target=\"_blank\" rel=\"noreferrer noopener\">processo seletivo simplificado<\/a> (PSS) at\u00e9 a data do dia 17 de dezembro.<\/strong><\/p>\n\n\n\n<p>Portanto, essa \u00e9 a sua chance de garantir participa\u00e7\u00e3o na sele\u00e7\u00e3o, que conta com taxa de inscri\u00e7\u00e3o acess\u00edvel, no valor de R$ 38,50. Al\u00e9m disso, os editais <strong>oferecem mais de 9 mil vagas, com oportunidades para n\u00edvel m\u00e9dio.<\/strong><\/p>\n\n\n\n<p>Lembrando que as inscri\u00e7\u00f5es devem ser feitas no site da banca organizadora, a Funda\u00e7\u00e3o Get\u00falio Vargas (FGV). O prazo para pagamento da taxa de inscri\u00e7\u00e3o encerra-se em 18 de dezembro.<\/p>\n\n\n\n<p>Outra atualiza\u00e7\u00e3o importante \u00e9 que a data das provas tamb\u00e9m foi alterada. Por isso, fique atento: <strong>as avalia\u00e7\u00f5es do PSS IBGE agora ser\u00e3o aplicadas no dia 1\u00ba de mar\u00e7o de 2026.<\/strong><\/p>\n\n\n\n<figure class=\"wp-block-image aligncenter size-large\"><img loading=\"lazy\" decoding=\"async\" width=\"1024\" height=\"427\" src=\"https:\/\/dhg1h5j42swfq.cloudfront.net\/2025\/12\/10162943\/image-80-1024x427.png\" alt=\"IBGE prorroga inscri\u00e7\u00f5es do PSS com mais de 9 mil vagas!\" class=\"wp-image-1683184\" srcset=\"https:\/\/dhg1h5j42swfq.cloudfront.net\/2025\/12\/10162943\/image-80-1024x427.png 1024w, https:\/\/dhg1h5j42swfq.cloudfront.net\/2025\/12\/10162943\/image-80-300x125.png 300w, https:\/\/dhg1h5j42swfq.cloudfront.net\/2025\/12\/10162943\/image-80-768x320.png 768w, https:\/\/dhg1h5j42swfq.cloudfront.net\/2025\/12\/10162943\/image-80-150x63.png 150w, https:\/\/dhg1h5j42swfq.cloudfront.net\/2025\/12\/10162943\/image-80.png 1422w\" sizes=\"auto, (max-width: 1024px) 100vw, 1024px\" \/><figcaption class=\"wp-element-caption\">IBGE prorroga inscri\u00e7\u00f5es do PSS com mais de 9 mil vagas!<\/figcaption><\/figure>\n\n\n\n<ul class=\"wp-block-list\">\n<li><strong><a href=\"https:\/\/conhecimento.fgv.br\/concursos\/pssibge25\" target=\"_blank\" rel=\"noreferrer noopener\">FA\u00c7A AGORA MESMO A SUA INSCRI\u00c7\u00c3O!<\/a><\/strong><\/li>\n<\/ul>\n\n\n\n<h2 class=\"wp-block-heading\" id=\"h-pss-ibge-sobre-o-pagamento-da-taxa\">PSS IBGE: sobre o pagamento da taxa<\/h2>\n\n\n\n<p>O pagamento da taxa de inscri\u00e7\u00e3o poder\u00e1 ser realizado exclusivamente via PagTesouro ou Guia de Recolhimento da Uni\u00e3o (GRU Simples), at\u00e9 a data atualizada do dia 18, conforme mencionado no in\u00edcio da mat\u00e9ria.<\/p>\n\n\n\n<p>No caso do pagamento via PIX, o m\u00e9todo ocorre eletronicamente, mediante leitura de QR Code ou c\u00f3pia do c\u00f3digo. <\/p>\n\n\n\n<p>J\u00e1 o pagamento por GRU Simples dever\u00e1 ser realizado, exclusivamente, por meio do Banco do Brasil. No momento de pagamento, \u00e9 de responsabilidade do candidato inserir e verificar atentamente todos os dados cadastrais e de inscri\u00e7\u00e3o registrados.<\/p>\n\n\n\n<p><strong>ATEN\u00c7\u00c3O<\/strong>! O IBGE e a FGV n\u00e3o se responsabilizam por inscri\u00e7\u00f5es e\/ou pagamentos que n\u00e3o puderem ser identificados em raz\u00e3o de erros nas informa\u00e7\u00f5es fornecidas pelo candidato ou por terceiros.<\/p>\n\n\n\n<p>Confira as retifica\u00e7\u00f5es na \u00edntegra acerca do prazo de inscri\u00e7\u00f5es e data das provas do PSS IBGE:<\/p>\n\n\n\n<ul class=\"wp-block-list\">\n<li><a href=\"https:\/\/dhg1h5j42swfq.cloudfront.net\/2025\/12\/10163848\/2a-retificacao-ibge-25-apm-v-publicacao-1-1.pdf\" target=\"_blank\" rel=\"noreferrer noopener nofollow\">2\u00aa retifica\u00e7\u00e3o do Edital n\u00ba 04\/2025<\/a> (Agente)<\/li>\n\n\n\n<li><a href=\"https:\/\/dhg1h5j42swfq.cloudfront.net\/2025\/12\/10163919\/2a-retificacao-ibge-25-scq-v-publicacao-1-1.pdf\" target=\"_blank\" rel=\"noreferrer noopener nofollow\">2\u00aa retifica\u00e7\u00e3o do Edital n\u00ba 05\/2025<\/a> (Supervisor)<\/li>\n<\/ul>\n\n\n\n<p class=\"has-text-align-center\"><em>Para ficar por dentro de todas as informa\u00e7\u00f5es sobre o processo seletivo do <a href=\"https:\/\/www.ibge.gov.br\/\" target=\"_blank\" rel=\"noreferrer noopener\">IBGE<\/a>, que teve inscri\u00e7\u00f5es prorrogadas, n\u00e3o deixe de conferir nosso artigo completo:<\/em><\/p>\n\n\n\n<p class=\"has-text-align-center has-background has-medium-font-size\" style=\"background-color:#dcdfe1\"><strong><a href=\"https:\/\/www.estrategiaconcursos.com.br\/blog\/concurso-ibge\/\" target=\"_blank\" rel=\"noreferrer noopener\">SAIBA TUDO SOBRE O PSS IBGE<\/a><\/strong><\/p>\n\n\n\n<hr class=\"wp-block-separator has-alpha-channel-opacity\"\/>\n\n\n\n<h2 class=\"wp-block-heading has-text-align-center\" id=\"assinatura-e-cursos\"><em>Quer estudar para o PSS IBGE 2025?<\/em><\/h2>\n\n\n\n<div id=\"boxes\" class=\"container\">\r\n<div class=\"row\">\r\n<div class=\"col-sm\">\r\n<div id=\"box-assinatura\" class=\"banner-ibge-ec\">\r\n<h3 class=\"titulo-assinatura\">Cursos IBGE<\/h3>\r\n<p class=\"subtitulo-assinatura\">Inicie a sua prepara\u00e7\u00e3o para o concurso IBGE<\/p>\r\n<div class=\"box-botao\"><a class=\"btn-assinatura\" role=\"button\" href=\"https:\/\/www.estrategiaconcursos.com.br\/cursosPorConcurso\/ibge-204\/\" target=\"_blank\" rel=\"noopener noreferrer\">EXPLORAR CURSOS<\/a><\/div>\r\n<\/div>\r\n<\/div>\r\n<\/div>\r\n<\/div>\n\n\n\n<div class=\"container\" id=\"boxes\">\r\n  <div class=\"row\">\r\n\r\n    <div class=\"col-sm\">\r\n      <div class=\"estrategia\" id=\"box-assinatura\">\r\n        <h3 class=\"titulo-assinatura\">Assinatura Concursos<\/h3>\r\n        <p class=\"subtitulo-assinatura\">Assinatura de 1 ano ou 2 anos<\/p>\r\n        <div class=\"box-botao\">\r\n          <a class=\"btn-assinatura\" target=\"_blank\" href=\"https:\/\/www.estrategiaconcursos.com.br\/assinaturas\/\" role=\"button\" rel=\"noopener noreferrer\">ASSINE AGORA<\/a>\r\n        <\/div>\r\n      <\/div><\/div><\/div><\/div>\n\n\n\n<h2 class=\"wp-block-heading has-text-align-center\" id=\"h-quer-saber-tudo-sobre-concursos-previstos-confira-nossos-artigos\">Quer saber tudo sobre concursos previstos?<br \/>Confira nossos artigos!<\/h2>\n\n\n\n<ul class=\"wp-block-list\">\n<li><a href=\"https:\/\/www.estrategiaconcursos.com.br\/blog\/concursos-2026\/\" target=\"_blank\" rel=\"noreferrer noopener\">Concursos 2026<\/a><\/li>\n\n\n\n<li><a href=\"https:\/\/www.estrategiaconcursos.com.br\/blog\/concursos-abertos\/\" target=\"_blank\" rel=\"noreferrer noopener\">Concursos Abertos<\/a><\/li>\n\n\n\n<li><a href=\"https:\/\/www.estrategiaconcursos.com.br\/blog\/concursos-federais\/\" target=\"_blank\" rel=\"noreferrer noopener\">Concursos Federais<\/a><\/li>\n\n\n\n<li><a href=\"https:\/\/www.estrategiaconcursos.com.br\/blog\/concurso-administrativos\/\" target=\"_blank\" rel=\"noreferrer noopener\">Concursos Administrativos<\/a><\/li>\n<\/ul>\n\n\n\n<p><br \/><\/p>\n","protected":false},"excerpt":{"rendered":"<p>Data das provas \u00e9 alterada para 1\u00ba de mar\u00e7o de 2026! Uma \u00f3tima not\u00edcia para aqueles que est\u00e3o mirando uma vaga no IBGE! O Instituto prorrogou o prazo de inscri\u00e7\u00f5es do processo seletivo simplificado (PSS) at\u00e9 a data do dia 17 de dezembro. Portanto, essa \u00e9 a sua chance de garantir participa\u00e7\u00e3o na sele\u00e7\u00e3o, que [&hellip;]<\/p>\n","protected":false},"author":656,"featured_media":1230118,"comment_status":"open","ping_status":"closed","sticky":false,"template":"","format":"standard","meta":{"post_tipo":"news","footnotes":""},"categories":[214992,220219],"tags":[],"tax_estado":[219963],"class_list":["post-1683154","post","type-post","status-publish","format-standard","has-post-thumbnail","hentry","category-concursos-administrativos","category-noticias","tax_estado-concursos-federais"],"acf":[],"yoast_head":"<!-- This site is optimized with the Yoast SEO Premium plugin v27.2 (Yoast SEO v27.2) - https:\/\/yoast.com\/product\/yoast-seo-premium-wordpress\/ -->\n<title>IBGE prorroga inscri\u00e7\u00f5es do PSS! Novo prazo at\u00e9 17\/12!<\/title>\n<meta name=\"description\" content=\"IBGE prorroga inscri\u00e7\u00f5es do PSS at\u00e9 o dia 17 de dezembro! Data das provas tamb\u00e9m foi alterada. Acesse e veja aqui!\" \/>\n<meta name=\"robots\" content=\"index, follow, max-snippet:-1, max-image-preview:large, max-video-preview:-1\" \/>\n<link rel=\"canonical\" href=\"https:\/\/www.estrategiaconcursos.com.br\/blog\/ibge-inscricoes-do-pss\/\" \/>\n<meta property=\"og:locale\" content=\"pt_BR\" \/>\n<meta property=\"og:type\" content=\"article\" \/>\n<meta property=\"og:title\" content=\"IBGE prorroga inscri\u00e7\u00f5es do PSS! Novo prazo at\u00e9 17\/12!\" \/>\n<meta property=\"og:description\" content=\"IBGE prorroga inscri\u00e7\u00f5es do PSS at\u00e9 o dia 17 de dezembro! Data das provas tamb\u00e9m foi alterada. Acesse e veja aqui!\" \/>\n<meta property=\"og:url\" content=\"https:\/\/www.estrategiaconcursos.com.br\/blog\/ibge-inscricoes-do-pss\/\" \/>\n<meta property=\"og:site_name\" content=\"Estrat\u00e9gia Concursos\" \/>\n<meta property=\"article:published_time\" content=\"2025-12-10T19:43:03+00:00\" \/>\n<meta property=\"article:modified_time\" content=\"2025-12-10T20:04:26+00:00\" \/>\n<meta property=\"og:image\" content=\"https:\/\/dhg1h5j42swfq.cloudfront.net\/2023\/06\/09212019\/concurso-ibge.jpg\" \/>\n\t<meta property=\"og:image:width\" content=\"1024\" \/>\n\t<meta property=\"og:image:height\" content=\"536\" \/>\n\t<meta property=\"og:image:type\" content=\"image\/jpeg\" \/>\n<meta name=\"author\" content=\"F\u00e1bio Scaldelai\" \/>\n<meta name=\"twitter:card\" content=\"summary_large_image\" \/>\n<meta name=\"twitter:creator\" content=\"@EstratConcursos\" \/>\n<meta name=\"twitter:site\" content=\"@EstratConcursos\" \/>\n<meta name=\"twitter:label1\" content=\"Escrito por\" \/>\n\t<meta name=\"twitter:data1\" content=\"F\u00e1bio Scaldelai\" \/>\n\t<meta name=\"twitter:label2\" content=\"Est. tempo de leitura\" \/>\n\t<meta name=\"twitter:data2\" content=\"2 minutos\" \/>\n<script type=\"application\/ld+json\" class=\"yoast-schema-graph\">{\"@context\":\"https:\/\/schema.org\",\"@graph\":[{\"@type\":\"NewsArticle\",\"@id\":\"https:\/\/www.estrategiaconcursos.com.br\/blog\/ibge-inscricoes-do-pss\/#article\",\"isPartOf\":{\"@id\":\"https:\/\/www.estrategiaconcursos.com.br\/blog\/ibge-inscricoes-do-pss\/\"},\"author\":{\"name\":\"F\u00e1bio Scaldelai\",\"@id\":\"https:\/\/www.estrategiaconcursos.com.br\/blog\/#\/schema\/person\/e3b6b7ce0192dd4ad270655969d61750\"},\"headline\":\"IBGE prorroga inscri\u00e7\u00f5es do PSS! Novo prazo at\u00e9 17\/12!\",\"datePublished\":\"2025-12-10T19:43:03+00:00\",\"dateModified\":\"2025-12-10T20:04:26+00:00\",\"mainEntityOfPage\":{\"@id\":\"https:\/\/www.estrategiaconcursos.com.br\/blog\/ibge-inscricoes-do-pss\/\"},\"wordCount\":427,\"commentCount\":0,\"publisher\":{\"@id\":\"https:\/\/www.estrategiaconcursos.com.br\/blog\/#organization\"},\"image\":{\"@id\":\"https:\/\/www.estrategiaconcursos.com.br\/blog\/ibge-inscricoes-do-pss\/#primaryimage\"},\"thumbnailUrl\":\"https:\/\/dhg1h5j42swfq.cloudfront.net\/2023\/06\/09212019\/concurso-ibge.jpg\",\"articleSection\":[\"Executivo (Administrativa)\",\"\u00daltimas not\u00edcias\"],\"inLanguage\":\"pt-BR\",\"potentialAction\":[{\"@type\":\"CommentAction\",\"name\":\"Comment\",\"target\":[\"https:\/\/www.estrategiaconcursos.com.br\/blog\/ibge-inscricoes-do-pss\/#respond\"]}],\"copyrightYear\":\"2025\",\"copyrightHolder\":{\"@id\":\"https:\/\/www.estrategiaconcursos.com.br\/blog\/#organization\"}},{\"@type\":\"WebPage\",\"@id\":\"https:\/\/www.estrategiaconcursos.com.br\/blog\/ibge-inscricoes-do-pss\/\",\"url\":\"https:\/\/www.estrategiaconcursos.com.br\/blog\/ibge-inscricoes-do-pss\/\",\"name\":\"IBGE prorroga inscri\u00e7\u00f5es do PSS! Novo prazo at\u00e9 17\/12!\",\"isPartOf\":{\"@id\":\"https:\/\/www.estrategiaconcursos.com.br\/blog\/#website\"},\"primaryImageOfPage\":{\"@id\":\"https:\/\/www.estrategiaconcursos.com.br\/blog\/ibge-inscricoes-do-pss\/#primaryimage\"},\"image\":{\"@id\":\"https:\/\/www.estrategiaconcursos.com.br\/blog\/ibge-inscricoes-do-pss\/#primaryimage\"},\"thumbnailUrl\":\"https:\/\/dhg1h5j42swfq.cloudfront.net\/2023\/06\/09212019\/concurso-ibge.jpg\",\"datePublished\":\"2025-12-10T19:43:03+00:00\",\"dateModified\":\"2025-12-10T20:04:26+00:00\",\"description\":\"IBGE prorroga inscri\u00e7\u00f5es do PSS at\u00e9 o dia 17 de dezembro! Data das provas tamb\u00e9m foi alterada. Acesse e veja aqui!\",\"breadcrumb\":{\"@id\":\"https:\/\/www.estrategiaconcursos.com.br\/blog\/ibge-inscricoes-do-pss\/#breadcrumb\"},\"inLanguage\":\"pt-BR\",\"potentialAction\":[{\"@type\":\"ReadAction\",\"target\":[\"https:\/\/www.estrategiaconcursos.com.br\/blog\/ibge-inscricoes-do-pss\/\"]}]},{\"@type\":\"ImageObject\",\"inLanguage\":\"pt-BR\",\"@id\":\"https:\/\/www.estrategiaconcursos.com.br\/blog\/ibge-inscricoes-do-pss\/#primaryimage\",\"url\":\"https:\/\/dhg1h5j42swfq.cloudfront.net\/2023\/06\/09212019\/concurso-ibge.jpg\",\"contentUrl\":\"https:\/\/dhg1h5j42swfq.cloudfront.net\/2023\/06\/09212019\/concurso-ibge.jpg\",\"width\":1024,\"height\":536,\"caption\":\"Processo seletivo IBGE: editais s\u00e3o previstos para maio!\"},{\"@type\":\"BreadcrumbList\",\"@id\":\"https:\/\/www.estrategiaconcursos.com.br\/blog\/ibge-inscricoes-do-pss\/#breadcrumb\",\"itemListElement\":[{\"@type\":\"ListItem\",\"position\":1,\"name\":\"In\u00edcio\",\"item\":\"https:\/\/www.estrategiaconcursos.com.br\/blog\/\"},{\"@type\":\"ListItem\",\"position\":2,\"name\":\"IBGE prorroga inscri\u00e7\u00f5es do PSS! Novo prazo at\u00e9 17\/12!\"}]},{\"@type\":\"WebSite\",\"@id\":\"https:\/\/www.estrategiaconcursos.com.br\/blog\/#website\",\"url\":\"https:\/\/www.estrategiaconcursos.com.br\/blog\/\",\"name\":\"Estrat\u00e9gia Concursos\",\"description\":\"O blog da Estrat\u00e9gia Concursos traz not\u00edcias sobre concursos e artigos de professores oferecendo cursos para concursos (pdf + videaulas) no site.\",\"publisher\":{\"@id\":\"https:\/\/www.estrategiaconcursos.com.br\/blog\/#organization\"},\"potentialAction\":[{\"@type\":\"SearchAction\",\"target\":{\"@type\":\"EntryPoint\",\"urlTemplate\":\"https:\/\/www.estrategiaconcursos.com.br\/blog\/?s={search_term_string}\"},\"query-input\":{\"@type\":\"PropertyValueSpecification\",\"valueRequired\":true,\"valueName\":\"search_term_string\"}}],\"inLanguage\":\"pt-BR\"},{\"@type\":\"Organization\",\"@id\":\"https:\/\/www.estrategiaconcursos.com.br\/blog\/#organization\",\"name\":\"Estrat\u00e9gia Concursos\",\"url\":\"https:\/\/www.estrategiaconcursos.com.br\/blog\/\",\"logo\":{\"@type\":\"ImageObject\",\"inLanguage\":\"pt-BR\",\"@id\":\"https:\/\/www.estrategiaconcursos.com.br\/blog\/#\/schema\/logo\/image\/\",\"url\":\"https:\/\/dhg1h5j42swfq.cloudfront.net\/2025\/06\/03203428\/logo_concursos-1.jpg\",\"contentUrl\":\"https:\/\/dhg1h5j42swfq.cloudfront.net\/2025\/06\/03203428\/logo_concursos-1.jpg\",\"width\":230,\"height\":60,\"caption\":\"Estrat\u00e9gia Concursos\"},\"image\":{\"@id\":\"https:\/\/www.estrategiaconcursos.com.br\/blog\/#\/schema\/logo\/image\/\"},\"sameAs\":[\"https:\/\/x.com\/EstratConcursos\"]},{\"@type\":\"Person\",\"@id\":\"https:\/\/www.estrategiaconcursos.com.br\/blog\/#\/schema\/person\/e3b6b7ce0192dd4ad270655969d61750\",\"name\":\"F\u00e1bio Scaldelai\",\"image\":{\"@type\":\"ImageObject\",\"inLanguage\":\"pt-BR\",\"@id\":\"https:\/\/secure.gravatar.com\/avatar\/8ed7492c4d88d8495bc0cb24cda6847b8ae23eec459a919e08e77d0ca0fd79ec?s=96&d=mm&r=g\",\"url\":\"https:\/\/secure.gravatar.com\/avatar\/8ed7492c4d88d8495bc0cb24cda6847b8ae23eec459a919e08e77d0ca0fd79ec?s=96&d=mm&r=g\",\"contentUrl\":\"https:\/\/secure.gravatar.com\/avatar\/8ed7492c4d88d8495bc0cb24cda6847b8ae23eec459a919e08e77d0ca0fd79ec?s=96&d=mm&r=g\",\"caption\":\"F\u00e1bio Scaldelai\"},\"description\":\"Jornalista no Estrat\u00e9gia Concursos e Produtor de Televis\u00e3o, formado em Jornalismo, R\u00e1dio e TV pela Faculdade Integrada Rio Branco, com especializa\u00e7\u00f5es em Gest\u00e3o Empresarial e Marketing pelo M\u00f3dulo. Atuou como produtor no SBT, TV Bandeirantes e R\u00e1dio Band FM, al\u00e9m de acumular tr\u00eas anos de experi\u00eancia no setor de concursos p\u00fablicos pela LFG (Luiz Fl\u00e1vio Gomes). No Estrat\u00e9gia Concursos, atua na apura\u00e7\u00e3o de not\u00edcias da \u00e1rea fiscal, al\u00e9m de coberturas sobre concursos das \u00e1reas de controle (TCU, TCE, etc), concurso AFT, \u00e1rea de gest\u00e3o e administrativa, bem como dos \u00f3rg\u00e3os participantes do CNU. Tamb\u00e9m possui experi\u00eancia em link building e an\u00e1lise de m\u00eddia, adquirida durante sua atua\u00e7\u00e3o na ag\u00eancia SEO Marketing.\",\"url\":\"https:\/\/www.estrategiaconcursos.com.br\/blog\/author\/fabio-scaldelaiestrategiaconcursos-com-br\/\"}]}<\/script>\n<!-- \/ Yoast SEO Premium plugin. -->","yoast_head_json":{"title":"IBGE prorroga inscri\u00e7\u00f5es do PSS! Novo prazo at\u00e9 17\/12!","description":"IBGE prorroga inscri\u00e7\u00f5es do PSS at\u00e9 o dia 17 de dezembro! Data das provas tamb\u00e9m foi alterada. Acesse e veja aqui!","robots":{"index":"index","follow":"follow","max-snippet":"max-snippet:-1","max-image-preview":"max-image-preview:large","max-video-preview":"max-video-preview:-1"},"canonical":"https:\/\/www.estrategiaconcursos.com.br\/blog\/ibge-inscricoes-do-pss\/","og_locale":"pt_BR","og_type":"article","og_title":"IBGE prorroga inscri\u00e7\u00f5es do PSS! Novo prazo at\u00e9 17\/12!","og_description":"IBGE prorroga inscri\u00e7\u00f5es do PSS at\u00e9 o dia 17 de dezembro! Data das provas tamb\u00e9m foi alterada. Acesse e veja aqui!","og_url":"https:\/\/www.estrategiaconcursos.com.br\/blog\/ibge-inscricoes-do-pss\/","og_site_name":"Estrat\u00e9gia Concursos","article_published_time":"2025-12-10T19:43:03+00:00","article_modified_time":"2025-12-10T20:04:26+00:00","og_image":[{"width":1024,"height":536,"url":"https:\/\/dhg1h5j42swfq.cloudfront.net\/2023\/06\/09212019\/concurso-ibge.jpg","type":"image\/jpeg"}],"author":"F\u00e1bio Scaldelai","twitter_card":"summary_large_image","twitter_creator":"@EstratConcursos","twitter_site":"@EstratConcursos","twitter_misc":{"Escrito por":"F\u00e1bio Scaldelai","Est. tempo de leitura":"2 minutos"},"schema":{"@context":"https:\/\/schema.org","@graph":[{"@type":"NewsArticle","@id":"https:\/\/www.estrategiaconcursos.com.br\/blog\/ibge-inscricoes-do-pss\/#article","isPartOf":{"@id":"https:\/\/www.estrategiaconcursos.com.br\/blog\/ibge-inscricoes-do-pss\/"},"author":{"name":"F\u00e1bio Scaldelai","@id":"https:\/\/www.estrategiaconcursos.com.br\/blog\/#\/schema\/person\/e3b6b7ce0192dd4ad270655969d61750"},"headline":"IBGE prorroga inscri\u00e7\u00f5es do PSS! Novo prazo at\u00e9 17\/12!","datePublished":"2025-12-10T19:43:03+00:00","dateModified":"2025-12-10T20:04:26+00:00","mainEntityOfPage":{"@id":"https:\/\/www.estrategiaconcursos.com.br\/blog\/ibge-inscricoes-do-pss\/"},"wordCount":427,"commentCount":0,"publisher":{"@id":"https:\/\/www.estrategiaconcursos.com.br\/blog\/#organization"},"image":{"@id":"https:\/\/www.estrategiaconcursos.com.br\/blog\/ibge-inscricoes-do-pss\/#primaryimage"},"thumbnailUrl":"https:\/\/dhg1h5j42swfq.cloudfront.net\/2023\/06\/09212019\/concurso-ibge.jpg","articleSection":["Executivo (Administrativa)","\u00daltimas not\u00edcias"],"inLanguage":"pt-BR","potentialAction":[{"@type":"CommentAction","name":"Comment","target":["https:\/\/www.estrategiaconcursos.com.br\/blog\/ibge-inscricoes-do-pss\/#respond"]}],"copyrightYear":"2025","copyrightHolder":{"@id":"https:\/\/www.estrategiaconcursos.com.br\/blog\/#organization"}},{"@type":"WebPage","@id":"https:\/\/www.estrategiaconcursos.com.br\/blog\/ibge-inscricoes-do-pss\/","url":"https:\/\/www.estrategiaconcursos.com.br\/blog\/ibge-inscricoes-do-pss\/","name":"IBGE prorroga inscri\u00e7\u00f5es do PSS! Novo prazo at\u00e9 17\/12!","isPartOf":{"@id":"https:\/\/www.estrategiaconcursos.com.br\/blog\/#website"},"primaryImageOfPage":{"@id":"https:\/\/www.estrategiaconcursos.com.br\/blog\/ibge-inscricoes-do-pss\/#primaryimage"},"image":{"@id":"https:\/\/www.estrategiaconcursos.com.br\/blog\/ibge-inscricoes-do-pss\/#primaryimage"},"thumbnailUrl":"https:\/\/dhg1h5j42swfq.cloudfront.net\/2023\/06\/09212019\/concurso-ibge.jpg","datePublished":"2025-12-10T19:43:03+00:00","dateModified":"2025-12-10T20:04:26+00:00","description":"IBGE prorroga inscri\u00e7\u00f5es do PSS at\u00e9 o dia 17 de dezembro! Data das provas tamb\u00e9m foi alterada. Acesse e veja aqui!","breadcrumb":{"@id":"https:\/\/www.estrategiaconcursos.com.br\/blog\/ibge-inscricoes-do-pss\/#breadcrumb"},"inLanguage":"pt-BR","potentialAction":[{"@type":"ReadAction","target":["https:\/\/www.estrategiaconcursos.com.br\/blog\/ibge-inscricoes-do-pss\/"]}]},{"@type":"ImageObject","inLanguage":"pt-BR","@id":"https:\/\/www.estrategiaconcursos.com.br\/blog\/ibge-inscricoes-do-pss\/#primaryimage","url":"https:\/\/dhg1h5j42swfq.cloudfront.net\/2023\/06\/09212019\/concurso-ibge.jpg","contentUrl":"https:\/\/dhg1h5j42swfq.cloudfront.net\/2023\/06\/09212019\/concurso-ibge.jpg","width":1024,"height":536,"caption":"Processo seletivo IBGE: editais s\u00e3o previstos para maio!"},{"@type":"BreadcrumbList","@id":"https:\/\/www.estrategiaconcursos.com.br\/blog\/ibge-inscricoes-do-pss\/#breadcrumb","itemListElement":[{"@type":"ListItem","position":1,"name":"In\u00edcio","item":"https:\/\/www.estrategiaconcursos.com.br\/blog\/"},{"@type":"ListItem","position":2,"name":"IBGE prorroga inscri\u00e7\u00f5es do PSS! Novo prazo at\u00e9 17\/12!"}]},{"@type":"WebSite","@id":"https:\/\/www.estrategiaconcursos.com.br\/blog\/#website","url":"https:\/\/www.estrategiaconcursos.com.br\/blog\/","name":"Estrat\u00e9gia Concursos","description":"O blog da Estrat\u00e9gia Concursos traz not\u00edcias sobre concursos e artigos de professores oferecendo cursos para concursos (pdf + videaulas) no site.","publisher":{"@id":"https:\/\/www.estrategiaconcursos.com.br\/blog\/#organization"},"potentialAction":[{"@type":"SearchAction","target":{"@type":"EntryPoint","urlTemplate":"https:\/\/www.estrategiaconcursos.com.br\/blog\/?s={search_term_string}"},"query-input":{"@type":"PropertyValueSpecification","valueRequired":true,"valueName":"search_term_string"}}],"inLanguage":"pt-BR"},{"@type":"Organization","@id":"https:\/\/www.estrategiaconcursos.com.br\/blog\/#organization","name":"Estrat\u00e9gia Concursos","url":"https:\/\/www.estrategiaconcursos.com.br\/blog\/","logo":{"@type":"ImageObject","inLanguage":"pt-BR","@id":"https:\/\/www.estrategiaconcursos.com.br\/blog\/#\/schema\/logo\/image\/","url":"https:\/\/dhg1h5j42swfq.cloudfront.net\/2025\/06\/03203428\/logo_concursos-1.jpg","contentUrl":"https:\/\/dhg1h5j42swfq.cloudfront.net\/2025\/06\/03203428\/logo_concursos-1.jpg","width":230,"height":60,"caption":"Estrat\u00e9gia Concursos"},"image":{"@id":"https:\/\/www.estrategiaconcursos.com.br\/blog\/#\/schema\/logo\/image\/"},"sameAs":["https:\/\/x.com\/EstratConcursos"]},{"@type":"Person","@id":"https:\/\/www.estrategiaconcursos.com.br\/blog\/#\/schema\/person\/e3b6b7ce0192dd4ad270655969d61750","name":"F\u00e1bio Scaldelai","image":{"@type":"ImageObject","inLanguage":"pt-BR","@id":"https:\/\/secure.gravatar.com\/avatar\/8ed7492c4d88d8495bc0cb24cda6847b8ae23eec459a919e08e77d0ca0fd79ec?s=96&d=mm&r=g","url":"https:\/\/secure.gravatar.com\/avatar\/8ed7492c4d88d8495bc0cb24cda6847b8ae23eec459a919e08e77d0ca0fd79ec?s=96&d=mm&r=g","contentUrl":"https:\/\/secure.gravatar.com\/avatar\/8ed7492c4d88d8495bc0cb24cda6847b8ae23eec459a919e08e77d0ca0fd79ec?s=96&d=mm&r=g","caption":"F\u00e1bio Scaldelai"},"description":"Jornalista no Estrat\u00e9gia Concursos e Produtor de Televis\u00e3o, formado em Jornalismo, R\u00e1dio e TV pela Faculdade Integrada Rio Branco, com especializa\u00e7\u00f5es em Gest\u00e3o Empresarial e Marketing pelo M\u00f3dulo. Atuou como produtor no SBT, TV Bandeirantes e R\u00e1dio Band FM, al\u00e9m de acumular tr\u00eas anos de experi\u00eancia no setor de concursos p\u00fablicos pela LFG (Luiz Fl\u00e1vio Gomes). No Estrat\u00e9gia Concursos, atua na apura\u00e7\u00e3o de not\u00edcias da \u00e1rea fiscal, al\u00e9m de coberturas sobre concursos das \u00e1reas de controle (TCU, TCE, etc), concurso AFT, \u00e1rea de gest\u00e3o e administrativa, bem como dos \u00f3rg\u00e3os participantes do CNU. Tamb\u00e9m possui experi\u00eancia em link building e an\u00e1lise de m\u00eddia, adquirida durante sua atua\u00e7\u00e3o na ag\u00eancia SEO Marketing.","url":"https:\/\/www.estrategiaconcursos.com.br\/blog\/author\/fabio-scaldelaiestrategiaconcursos-com-br\/"}]}},"_links":{"self":[{"href":"https:\/\/www.estrategiaconcursos.com.br\/blog\/wp-json\/wp\/v2\/posts\/1683154","targetHints":{"allow":["GET"]}}],"collection":[{"href":"https:\/\/www.estrategiaconcursos.com.br\/blog\/wp-json\/wp\/v2\/posts"}],"about":[{"href":"https:\/\/www.estrategiaconcursos.com.br\/blog\/wp-json\/wp\/v2\/types\/post"}],"author":[{"embeddable":true,"href":"https:\/\/www.estrategiaconcursos.com.br\/blog\/wp-json\/wp\/v2\/users\/656"}],"replies":[{"embeddable":true,"href":"https:\/\/www.estrategiaconcursos.com.br\/blog\/wp-json\/wp\/v2\/comments?post=1683154"}],"version-history":[{"count":3,"href":"https:\/\/www.estrategiaconcursos.com.br\/blog\/wp-json\/wp\/v2\/posts\/1683154\/revisions"}],"predecessor-version":[{"id":1683212,"href":"https:\/\/www.estrategiaconcursos.com.br\/blog\/wp-json\/wp\/v2\/posts\/1683154\/revisions\/1683212"}],"wp:featuredmedia":[{"embeddable":true,"href":"https:\/\/www.estrategiaconcursos.com.br\/blog\/wp-json\/wp\/v2\/media\/1230118"}],"wp:attachment":[{"href":"https:\/\/www.estrategiaconcursos.com.br\/blog\/wp-json\/wp\/v2\/media?parent=1683154"}],"wp:term":[{"taxonomy":"category","embeddable":true,"href":"https:\/\/www.estrategiaconcursos.com.br\/blog\/wp-json\/wp\/v2\/categories?post=1683154"},{"taxonomy":"post_tag","embeddable":true,"href":"https:\/\/www.estrategiaconcursos.com.br\/blog\/wp-json\/wp\/v2\/tags?post=1683154"},{"taxonomy":"tax_estado","embeddable":true,"href":"https:\/\/www.estrategiaconcursos.com.br\/blog\/wp-json\/wp\/v2\/tax_estado?post=1683154"}],"curies":[{"name":"wp","href":"https:\/\/api.w.org\/{rel}","templated":true}]}}