{"id":1683075,"date":"2025-12-11T09:09:26","date_gmt":"2025-12-11T12:09:26","guid":{"rendered":"https:\/\/www.estrategiaconcursos.com.br\/blog\/?p=1683075"},"modified":"2025-12-11T09:09:46","modified_gmt":"2025-12-11T12:09:46","slug":"iluminismo-6-questoes-cairam-concursos","status":"publish","type":"post","link":"https:\/\/www.estrategiaconcursos.com.br\/blog\/iluminismo-6-questoes-cairam-concursos\/","title":{"rendered":"Iluminismo: 6 quest\u00f5es que j\u00e1 ca\u00edram em concursos!"},"content":{"rendered":"\n<p style=\"font-size:clamp(14.082px, 0.88rem + ((1vw - 3.2px) * 0.678), 21px);\"><em><strong>Iluminismo \u00e9 um assunto recorrente em quest\u00f5es das provas de concursos p\u00fablicos. Veja quest\u00f5es sobre o tema e reforce a sua prepara\u00e7\u00e3o!<\/strong><\/em><\/p>\n\n\n\n<p>As disciplinas de <strong>Hist\u00f3ria, Filosofia e Sociologia<\/strong> podem representar um verdadeiro desafio para muitos candidatos em <strong>concursos p\u00fablicos<\/strong>, e o <strong>Iluminismo<\/strong> certamente est\u00e1 entre os conte\u00fados mais recorrentes.<\/p>\n\n\n\n<p>O <strong>Iluminismo<\/strong> foi um movimento de ideias que surgiu na Europa no s\u00e9culo XVIII e colocava a <strong>raz\u00e3o<\/strong> no centro de tudo. Os pensadores iluministas defendiam que o conhecimento deveria guiar a pol\u00edtica, a ci\u00eancia e a vida em sociedade. Por isso, criticavam o poder absoluto dos reis, os privil\u00e9gios da nobreza e a forte influ\u00eancia da Igreja.<\/p>\n\n\n\n<p>A partir dessas discuss\u00f5es, ganharam for\u00e7a conceitos como <strong>liberdade<\/strong>, <strong>igualdade perante a lei<\/strong>, <strong>direitos individuais<\/strong> e <strong>governos limitados por regras claras<\/strong>. Essas ideias ajudaram a inspirar grandes transforma\u00e7\u00f5es, como revolu\u00e7\u00f5es e a constru\u00e7\u00e3o dos sistemas democr\u00e1ticos modernos.<\/p>\n\n\n\n<p>N\u00e3o por acaso, a disciplina aparece em editais das mais diversas \u00e1reas. Dominar esse assunto n\u00e3o apenas facilita o desempenho nas provas, mas tamb\u00e9m aumenta a seguran\u00e7a do candidato diante de enunciados que, \u00e0 primeira vista, podem parecer complexos.<\/p>\n\n\n\n<p>Pensando nisso, o Estrat\u00e9gia Concursos reuniu uma lista com <strong>6 quest\u00f5es sobre o Iluminismo<\/strong> que j\u00e1 foram cobradas em concursos p\u00fablicos.<\/p>\n\n\n\n<p><strong>Veja tamb\u00e9m:<\/strong><br \/><strong>+<\/strong> <a href=\"https:\/\/www.estrategiaconcursos.com.br\/blog\/como-estudar-por-questoes-de-concurso\/\" target=\"_blank\" rel=\"noreferrer noopener\">Como estudar por meio de quest\u00f5es?<\/a><\/p>\n\n\n\n<p>A ideia \u00e9 que, ao analisar e resolver essas quest\u00f5es, voc\u00ea consiga aprimorar seu racioc\u00ednio e se preparar de forma mais estrat\u00e9gica para as pr\u00f3ximas provas de concursos sobre o tema.<\/p>\n\n\n\n<div class=\"container\" id=\"boxes\">\n  <div class=\"row\">\n\n<div class=\"col-sm\">\n      <div class=\"questoes\" id=\"box-assinatura\">\n        <h3 class=\"titulo-assinatura\">Sistema de Quest\u00f5es EC<\/h3>\n        <p class=\"subtitulo-assinatura\">S\u00e3o mais de 2 milh\u00f5es de quest\u00f5es cadastradas!\n<\/p>\n        <div class=\"box-botao\">\n          <a class=\"btn-assinatura\" target=\"_blank\" href=\"https:\/\/www.estrategiaconcursos.com.br\/pesquisa\/?q=sistema+quest%C3%B5es\" role=\"button\" rel=\"noopener noreferrer\">ASSINE AGORA<\/a>\n      <\/div>\n      <\/div><\/div><\/div><\/div>\n\n\n\n<h2 class=\"wp-block-heading\" id=\"h-concurso-tj-rs\">Concurso TJ RS<\/h2>\n\n\n\n<ul class=\"wp-block-list\">\n<li><em>Banca: <\/em>FAURGS<\/li>\n\n\n\n<li><em>Ano: 2012<\/em><\/li>\n\n\n\n<li><em>Cargo: Histori\u00f3grafo<\/em><\/li>\n<\/ul>\n\n\n\n<p><strong>Sabendo-se que o Iluminismo franc\u00eas constituiu um per\u00edodo prof\u00edcuo de ideias, o qual exerceu influ\u00eancia profunda na sociedade ocidental, considere as afirma\u00e7\u00f5es abaixo.<\/strong><\/p>\n\n\n\n<p>Com base nessa situa\u00e7\u00e3o hipot\u00e9tica, assinale a alternativa correta.<\/p>\n\n\n\n<p>I &#8211; Os iluministas foram grandes cr\u00edticos do Antigo Regime e das conservadoras institui\u00e7\u00f5es sociais e pol\u00edticas francesas.<br \/>II &#8211; Os iluministas produziram escritos em larga medida, por\u00e9m sofreram com persegui\u00e7\u00f5es, censura e expuls\u00e3o de institui\u00e7\u00f5es.<br \/>III &#8211; Os iluministas utilizaram largamente as cartas como forma de comunica\u00e7\u00e3o, por serem um ve\u00edculo a salvo da censura e que permitia a circula\u00e7\u00e3o de suas ideias.<br \/>IV &#8211; A principal publica\u00e7\u00e3o dos iluministas foi a Enciclop\u00e9dia, que constituiu o lugar de difus\u00e3o das suas ideias, tendo car\u00e1ter colaborativo, com cerca de trezentos autores, e objetivando reunir todos os conhecimentos cient\u00edficos e filos\u00f3ficos.&nbsp;<\/p>\n\n\n\n<p>Quais est\u00e3o corretas?<\/p>\n\n\n\n<p><strong>A)<\/strong> Apenas I e II<\/p>\n\n\n\n<p><strong>B)<\/strong> Apenas II e III<\/p>\n\n\n\n<p><strong>C)<\/strong> Apenas III e IV<\/p>\n\n\n\n<p><strong>D)<\/strong> Apenas I, III e IV<\/p>\n\n\n\n<p><strong>E)<\/strong> I, II, III e IV<\/p>\n\n\n\n<details class=\"wp-block-details is-layout-flow wp-block-details-is-layout-flow\"><summary><strong>Resposta<\/strong><\/summary>\n<p><strong>E)<\/strong> I, II, III e IV<\/p>\n<\/details>\n\n\n\n<hr class=\"wp-block-separator has-alpha-channel-opacity is-style-dots\"\/>\n\n\n\n<h2 class=\"wp-block-heading\" id=\"h-concurso-pmerj\">Concurso PMERJ<\/h2>\n\n\n\n<ul class=\"wp-block-list\">\n<li><em>Banca: <\/em>IBFC<\/li>\n\n\n\n<li><em>Ano: 2012<\/em><\/li>\n\n\n\n<li><em>Cargo: Oficial<\/em><\/li>\n<\/ul>\n\n\n\n<p><strong>Critica aos privil\u00e9gios da nobreza e do clero, limita\u00e7\u00e3o do poder real e garantia da liberdade individual. Estas foram as principais aspira\u00e7\u00f5es do:<\/strong><\/p>\n\n\n\n<p><strong>A)<\/strong> Comunismo<\/p>\n\n\n\n<p><strong>B)<\/strong> Anarquismo<\/p>\n\n\n\n<p><strong>C)<\/strong> Materialismo<\/p>\n\n\n\n<p><strong>D)<\/strong> Iluminismo<\/p>\n\n\n\n<details class=\"wp-block-details is-layout-flow wp-block-details-is-layout-flow\"><summary><strong>Resposta<\/strong><\/summary>\n<p><strong>D)<\/strong> Iluminismo<\/p>\n<\/details>\n\n\n\n<hr class=\"wp-block-separator has-alpha-channel-opacity is-style-dots\"\/>\n\n\n\n<h2 class=\"wp-block-heading\" id=\"h-concurso-prefeitura-de-sao-jose-dos-basilios-ma\">Concurso Prefeitura de S\u00e3o Jos\u00e9 dos Bas\u00edlios (MA)<\/h2>\n\n\n\n<ul class=\"wp-block-list\">\n<li><em>Banca: FUNATEC<\/em><\/li>\n\n\n\n<li><em>Ano: 2023<\/em><\/li>\n\n\n\n<li><em>Cargo: Professor de Hist\u00f3ria<\/em><\/li>\n<\/ul>\n\n\n\n<p><strong>Qual das alternativas abaixo representa uma das principais caracter\u00edsticas do Iluminismo?<\/strong><\/p>\n\n\n\n<p><strong>A)<\/strong> A valoriza\u00e7\u00e3o da tradi\u00e7\u00e3o e da autoridade absoluta dos reis<\/p>\n\n\n\n<p><strong>B)<\/strong> A defesa da propriedade coletiva dos meios de produ\u00e7\u00e3o<\/p>\n\n\n\n<p><strong>C)<\/strong> A valoriza\u00e7\u00e3o da raz\u00e3o e da ci\u00eancia como instrumentos de progresso<\/p>\n\n\n\n<p><strong>D)<\/strong> A defesa da desigualdade social e pol\u00edtica<\/p>\n\n\n\n<p><strong>E)<\/strong> A valoriza\u00e7\u00e3o da religi\u00e3o como \u00fanica fonte de conhecimento<\/p>\n\n\n\n<details class=\"wp-block-details is-layout-flow wp-block-details-is-layout-flow\"><summary><strong>Resposta<\/strong><\/summary>\n<p><strong>C)<\/strong> A valoriza\u00e7\u00e3o da raz\u00e3o e da ci\u00eancia como instrumentos de progresso<\/p>\n<\/details>\n\n\n\n<hr class=\"wp-block-separator has-alpha-channel-opacity is-style-dots\"\/>\n\n\n\n<h2 class=\"wp-block-heading\" id=\"h-concurso-prefeitura-municipal-de-jaiba-mg\">Concurso Prefeitura Municipal de Ja\u00edba (MG)<\/h2>\n\n\n\n<ul class=\"wp-block-list\">\n<li><em>Banca: Cotec<\/em><\/li>\n\n\n\n<li><em>Ano: 2017<\/em><\/li>\n\n\n\n<li><em>Cargo: Professor de Hist\u00f3ria<\/em><\/li>\n<\/ul>\n\n\n\n<p><strong>\u00c9 poss\u00edvel agruparmos a multiplicidade das propostas e das pr\u00e1ticas iluministas em quatro t\u00f3picos maiores: a toler\u00e2ncia, o humanitarismo, o utilitarismo e a pedagogia.<\/strong> <strong>Assinale a alternativa que apresenta a correla\u00e7\u00e3o\u00a0INCORRETA\u00a0entre o t\u00f3pico e seus pressupostos:<\/strong><br \/><\/p>\n\n\n\n<p><strong>A)<\/strong> O utilitarismo sustentava que todos os homens eram naturalmente bons e soci\u00e1veis, servindo comunitariamente \u00e0 constru\u00e7\u00e3o da ordem e do progresso<\/p>\n\n\n\n<p><strong>B)<\/strong> A toler\u00e2ncia deveria ser entendida como um princ\u00edpio de ordem geral, imposto pela raz\u00e3o e n\u00e3o uma concess\u00e3o outorgada pela autoridade estatal<\/p>\n\n\n\n<p><strong>C)<\/strong> As no\u00e7\u00f5es fundamentais do humanitarismo eram o otimismo jur\u00eddico, a filantropia e a benefic\u00eancia, meios capazes de assegurar a virtude e a felicidade humanas<\/p>\n\n\n\n<p><strong>D)<\/strong> A pedagogia, fator chave do progresso da raz\u00e3o, trazia em si a quest\u00e3o da natureza do processo educativo e a quest\u00e3o da reforma e difus\u00e3o das institui\u00e7\u00f5es educacionais<\/p>\n\n\n\n<details class=\"wp-block-details is-layout-flow wp-block-details-is-layout-flow\"><summary><strong>Resposta<\/strong><\/summary>\n<p><strong>A)<\/strong> O utilitarismo sustentava que todos os homens eram naturalmente bons e soci\u00e1veis, servindo comunitariamente \u00e0 constru\u00e7\u00e3o da ordem e do progresso.<\/p>\n<\/details>\n\n\n\n<hr class=\"wp-block-separator has-alpha-channel-opacity is-style-dots\"\/>\n\n\n\n<h2 class=\"wp-block-heading\" id=\"h-concurso-camara-de-barra-velha-sc\">Concurso C\u00e2mara de Barra Velha SC<\/h2>\n\n\n\n<ul class=\"wp-block-list\">\n<li><em>Banca: <\/em>Consulplan<\/li>\n\n\n\n<li><em>Ano: 201<\/em>2<\/li>\n\n\n\n<li><em>Cargo: Professor de Hist\u00f3ria<\/em><\/li>\n<\/ul>\n\n\n\n<p><strong>A Revolu\u00e7\u00e3o Francesa foi um marco da aplica\u00e7\u00e3o dos ideais iluministas na realidade. V\u00e1rias transforma\u00e7\u00f5es ocorreram no mundo, influenciadas pelo exemplo franc\u00eas. \u00c9 considerado um evento da Hist\u00f3ria do Brasil influenciado pelas ideias iluministas a(s)<\/strong>:<\/p>\n\n\n\n<p><strong>A)<\/strong> Revolta de Felipe dos Santos\u00a0<\/p>\n\n\n\n<p><strong>B)<\/strong> Invas\u00f5es holandesas no nordeste<\/p>\n\n\n\n<p><strong>C)<\/strong> Revolta de Beckman<\/p>\n\n\n\n<p><strong>D)<\/strong> Guerra dos Mascates<\/p>\n\n\n\n<p><strong>E)<\/strong> Conjura\u00e7\u00e3o Mineira<\/p>\n\n\n\n<details class=\"wp-block-details is-layout-flow wp-block-details-is-layout-flow\"><summary><strong>Resposta<\/strong><\/summary>\n<p><strong>E)<\/strong> Conjura\u00e7\u00e3o Mineira<\/p>\n<\/details>\n\n\n\n<hr class=\"wp-block-separator has-alpha-channel-opacity is-style-dots\"\/>\n\n\n\n<h2 class=\"wp-block-heading\" id=\"h-concurso-prefeitura-de-urucui-pi\">Concurso Prefeitura de Uru\u00e7u\u00ed (PI)<\/h2>\n\n\n\n<ul class=\"wp-block-list\">\n<li><em>Banca: Instituto Machado de Assis<\/em><\/li>\n\n\n\n<li><em>Ano: 2016<\/em><\/li>\n\n\n\n<li><em>Cargo: Professor de Hist\u00f3ria<\/em><\/li>\n<\/ul>\n\n\n\n<p>O iluminismo foi um movimento global, ou seja, filos\u00f3fico, pol\u00edtico, social, econ\u00f4mico e cultural que contribuiu para a difus\u00e3o de ideias liberais no s\u00e9culo XVIII, caracterizou-se por:<\/p>\n\n\n\n<p><strong>A)<\/strong> Negar o paradigma matem\u00e1tico-naturalista e o livre arb\u00edtrio<\/p>\n\n\n\n<p><strong>B)<\/strong> Desprestigiar o pensamento cr\u00edtico e a capacidade racional do homem<\/p>\n\n\n\n<p><strong>C)<\/strong> Defender a laiciza\u00e7\u00e3o e o primado do pensamento racional<\/p>\n\n\n\n<p><strong>D)<\/strong> Valorizar as explica\u00e7\u00f5es teol\u00f3gicas e as tradi\u00e7\u00f5es esot\u00e9ricas<\/p>\n\n\n\n<details class=\"wp-block-details is-layout-flow wp-block-details-is-layout-flow\"><summary><strong>Resposta<\/strong><\/summary>\n<p><strong>C)<\/strong> Defender a laiciza\u00e7\u00e3o e o primado do pensamento racional<\/p>\n<\/details>\n\n\n\n<hr class=\"wp-block-separator has-alpha-channel-opacity is-style-dots\"\/>\n\n\n\n<h2 class=\"wp-block-heading has-text-align-center\" id=\"cursos\">Quer saber tudo sobre concursos previstos? <br \/>Confira nossos artigos!<\/h2>\n\n\n\n<ul class=\"wp-block-list\">\n<li><a href=\"https:\/\/www.estrategiaconcursos.com.br\/blog\/concursos-abertos\/\" target=\"_blank\" rel=\"noreferrer noopener\">Concursos abertos<\/a><\/li>\n\n\n\n<li><a href=\"https:\/\/www.estrategiaconcursos.com.br\/blog\/concursos-2026\/\" target=\"_blank\" rel=\"noreferrer noopener\">Concursos 2026<\/a><\/li>\n\n\n\n<li><a href=\"https:\/\/www.estrategiaconcursos.com.br\/blog\/concurso-pmerj\/\" target=\"_blank\" rel=\"noreferrer noopener\">Concurso PMERJ<\/a><\/li>\n\n\n\n<li><a href=\"https:\/\/www.estrategiaconcursos.com.br\/blog\/concurso-tj-rs\/\" target=\"_blank\" rel=\"noreferrer noopener\">Concurso TJ RS<\/a><\/li>\n<\/ul>\n\n\n\n<div class=\"container\" id=\"boxes\">\r\n  <div class=\"row\">\r\n\r\n    <div class=\"col-sm\">\r\n      <div class=\"banner-estrat-corj\" id=\"box-assinatura\">\r\n        <h3 class=\"titulo-assinatura\" style=\"text-align: left;\">Cursos para Concursos<\/h3>\r\n        <p class=\"subtitulo-assinatura\" style=\"text-align: left;\">Conhe\u00e7a os cursos<\/p>\r\n        <div class=\"box-botao\" style=\"text-align: left;\">\r\n          <a class=\"btn-assinatura\" target=\"_blank\" href=\"https:\/\/www.estrategiaconcursos.com.br\/cursos\/concurso\/\" role=\"button\" rel=\"noopener noreferrer\">CLIQUE AQUI<\/a>\r\n        <\/div>\r\n      <\/div><\/div><\/div><\/div>\n\n\n\n<p><\/p>\n","protected":false},"excerpt":{"rendered":"<p>Iluminismo \u00e9 um assunto recorrente em quest\u00f5es das provas de concursos p\u00fablicos. Veja quest\u00f5es sobre o tema e reforce a sua prepara\u00e7\u00e3o! As disciplinas de Hist\u00f3ria, Filosofia e Sociologia podem representar um verdadeiro desafio para muitos candidatos em concursos p\u00fablicos, e o Iluminismo certamente est\u00e1 entre os conte\u00fados mais recorrentes. O Iluminismo foi um movimento [&hellip;]<\/p>\n","protected":false},"author":1483,"featured_media":1683512,"comment_status":"open","ping_status":"closed","sticky":false,"template":"","format":"standard","meta":{"post_tipo":"news","footnotes":""},"categories":[1,220219],"tags":[],"tax_estado":[222299],"class_list":["post-1683075","post","type-post","status-publish","format-standard","has-post-thumbnail","hentry","category-cursos-e-concursos","category-noticias","tax_estado-sem-estado-definido"],"acf":[],"yoast_head":"<!-- This site is optimized with the Yoast SEO Premium plugin v27.2 (Yoast SEO v27.2) - https:\/\/yoast.com\/product\/yoast-seo-premium-wordpress\/ -->\n<title>Iluminismo: 6 quest\u00f5es que j\u00e1 ca\u00edram em concursos!<\/title>\n<meta name=\"description\" content=\"Confira 6 quest\u00f5es sobre o Iluminismo que j\u00e1 ca\u00edram em concursos p\u00fablicos. Isso e muito mais no site do Estrat\u00e9gia!\" \/>\n<meta name=\"robots\" content=\"index, follow, max-snippet:-1, max-image-preview:large, max-video-preview:-1\" \/>\n<link rel=\"canonical\" href=\"https:\/\/www.estrategiaconcursos.com.br\/blog\/iluminismo-6-questoes-cairam-concursos\/\" \/>\n<meta property=\"og:locale\" content=\"pt_BR\" \/>\n<meta property=\"og:type\" content=\"article\" \/>\n<meta property=\"og:title\" content=\"Iluminismo: 6 quest\u00f5es que j\u00e1 ca\u00edram em concursos!\" \/>\n<meta property=\"og:description\" content=\"Confira 6 quest\u00f5es sobre o Iluminismo que j\u00e1 ca\u00edram em concursos p\u00fablicos. Isso e muito mais no site do Estrat\u00e9gia!\" \/>\n<meta property=\"og:url\" content=\"https:\/\/www.estrategiaconcursos.com.br\/blog\/iluminismo-6-questoes-cairam-concursos\/\" \/>\n<meta property=\"og:site_name\" content=\"Estrat\u00e9gia Concursos\" \/>\n<meta property=\"article:published_time\" content=\"2025-12-11T12:09:26+00:00\" \/>\n<meta property=\"article:modified_time\" content=\"2025-12-11T12:09:46+00:00\" \/>\n<meta property=\"og:image\" content=\"https:\/\/dhg1h5j42swfq.cloudfront.net\/2025\/12\/11083447\/iluminismo.jpg\" \/>\n\t<meta property=\"og:image:width\" content=\"768\" \/>\n\t<meta property=\"og:image:height\" content=\"432\" \/>\n\t<meta property=\"og:image:type\" content=\"image\/jpeg\" \/>\n<meta name=\"author\" content=\"Diogo Mendes\" \/>\n<meta name=\"twitter:card\" content=\"summary_large_image\" \/>\n<meta name=\"twitter:creator\" content=\"@EstratConcursos\" \/>\n<meta name=\"twitter:site\" content=\"@EstratConcursos\" \/>\n<meta name=\"twitter:label1\" content=\"Escrito por\" \/>\n\t<meta name=\"twitter:data1\" content=\"Diogo Mendes\" \/>\n\t<meta name=\"twitter:label2\" content=\"Est. tempo de leitura\" \/>\n\t<meta name=\"twitter:data2\" content=\"5 minutos\" \/>\n<script type=\"application\/ld+json\" class=\"yoast-schema-graph\">{\"@context\":\"https:\/\/schema.org\",\"@graph\":[{\"@type\":\"NewsArticle\",\"@id\":\"https:\/\/www.estrategiaconcursos.com.br\/blog\/iluminismo-6-questoes-cairam-concursos\/#article\",\"isPartOf\":{\"@id\":\"https:\/\/www.estrategiaconcursos.com.br\/blog\/iluminismo-6-questoes-cairam-concursos\/\"},\"author\":{\"name\":\"Diogo Mendes\",\"@id\":\"https:\/\/www.estrategiaconcursos.com.br\/blog\/#\/schema\/person\/cc9e76173880338ce9f656c88664a1f6\"},\"headline\":\"Iluminismo: 6 quest\u00f5es que j\u00e1 ca\u00edram em concursos!\",\"datePublished\":\"2025-12-11T12:09:26+00:00\",\"dateModified\":\"2025-12-11T12:09:46+00:00\",\"mainEntityOfPage\":{\"@id\":\"https:\/\/www.estrategiaconcursos.com.br\/blog\/iluminismo-6-questoes-cairam-concursos\/\"},\"wordCount\":1065,\"commentCount\":0,\"publisher\":{\"@id\":\"https:\/\/www.estrategiaconcursos.com.br\/blog\/#organization\"},\"image\":{\"@id\":\"https:\/\/www.estrategiaconcursos.com.br\/blog\/iluminismo-6-questoes-cairam-concursos\/#primaryimage\"},\"thumbnailUrl\":\"https:\/\/dhg1h5j42swfq.cloudfront.net\/2025\/12\/11083447\/iluminismo.jpg\",\"articleSection\":[\"Concursos P\u00fablicos\",\"\u00daltimas not\u00edcias\"],\"inLanguage\":\"pt-BR\",\"potentialAction\":[{\"@type\":\"CommentAction\",\"name\":\"Comment\",\"target\":[\"https:\/\/www.estrategiaconcursos.com.br\/blog\/iluminismo-6-questoes-cairam-concursos\/#respond\"]}],\"copyrightYear\":\"2025\",\"copyrightHolder\":{\"@id\":\"https:\/\/www.estrategiaconcursos.com.br\/blog\/#organization\"}},{\"@type\":\"WebPage\",\"@id\":\"https:\/\/www.estrategiaconcursos.com.br\/blog\/iluminismo-6-questoes-cairam-concursos\/\",\"url\":\"https:\/\/www.estrategiaconcursos.com.br\/blog\/iluminismo-6-questoes-cairam-concursos\/\",\"name\":\"Iluminismo: 6 quest\u00f5es que j\u00e1 ca\u00edram em concursos!\",\"isPartOf\":{\"@id\":\"https:\/\/www.estrategiaconcursos.com.br\/blog\/#website\"},\"primaryImageOfPage\":{\"@id\":\"https:\/\/www.estrategiaconcursos.com.br\/blog\/iluminismo-6-questoes-cairam-concursos\/#primaryimage\"},\"image\":{\"@id\":\"https:\/\/www.estrategiaconcursos.com.br\/blog\/iluminismo-6-questoes-cairam-concursos\/#primaryimage\"},\"thumbnailUrl\":\"https:\/\/dhg1h5j42swfq.cloudfront.net\/2025\/12\/11083447\/iluminismo.jpg\",\"datePublished\":\"2025-12-11T12:09:26+00:00\",\"dateModified\":\"2025-12-11T12:09:46+00:00\",\"description\":\"Confira 6 quest\u00f5es sobre o Iluminismo que j\u00e1 ca\u00edram em concursos p\u00fablicos. Isso e muito mais no site do Estrat\u00e9gia!\",\"breadcrumb\":{\"@id\":\"https:\/\/www.estrategiaconcursos.com.br\/blog\/iluminismo-6-questoes-cairam-concursos\/#breadcrumb\"},\"inLanguage\":\"pt-BR\",\"potentialAction\":[{\"@type\":\"ReadAction\",\"target\":[\"https:\/\/www.estrategiaconcursos.com.br\/blog\/iluminismo-6-questoes-cairam-concursos\/\"]}]},{\"@type\":\"ImageObject\",\"inLanguage\":\"pt-BR\",\"@id\":\"https:\/\/www.estrategiaconcursos.com.br\/blog\/iluminismo-6-questoes-cairam-concursos\/#primaryimage\",\"url\":\"https:\/\/dhg1h5j42swfq.cloudfront.net\/2025\/12\/11083447\/iluminismo.jpg\",\"contentUrl\":\"https:\/\/dhg1h5j42swfq.cloudfront.net\/2025\/12\/11083447\/iluminismo.jpg\",\"width\":768,\"height\":432},{\"@type\":\"BreadcrumbList\",\"@id\":\"https:\/\/www.estrategiaconcursos.com.br\/blog\/iluminismo-6-questoes-cairam-concursos\/#breadcrumb\",\"itemListElement\":[{\"@type\":\"ListItem\",\"position\":1,\"name\":\"In\u00edcio\",\"item\":\"https:\/\/www.estrategiaconcursos.com.br\/blog\/\"},{\"@type\":\"ListItem\",\"position\":2,\"name\":\"Iluminismo: 6 quest\u00f5es que j\u00e1 ca\u00edram em concursos!\"}]},{\"@type\":\"WebSite\",\"@id\":\"https:\/\/www.estrategiaconcursos.com.br\/blog\/#website\",\"url\":\"https:\/\/www.estrategiaconcursos.com.br\/blog\/\",\"name\":\"Estrat\u00e9gia Concursos\",\"description\":\"O blog da Estrat\u00e9gia Concursos traz not\u00edcias sobre concursos e artigos de professores oferecendo cursos para concursos (pdf + videaulas) no site.\",\"publisher\":{\"@id\":\"https:\/\/www.estrategiaconcursos.com.br\/blog\/#organization\"},\"potentialAction\":[{\"@type\":\"SearchAction\",\"target\":{\"@type\":\"EntryPoint\",\"urlTemplate\":\"https:\/\/www.estrategiaconcursos.com.br\/blog\/?s={search_term_string}\"},\"query-input\":{\"@type\":\"PropertyValueSpecification\",\"valueRequired\":true,\"valueName\":\"search_term_string\"}}],\"inLanguage\":\"pt-BR\"},{\"@type\":\"Organization\",\"@id\":\"https:\/\/www.estrategiaconcursos.com.br\/blog\/#organization\",\"name\":\"Estrat\u00e9gia Concursos\",\"url\":\"https:\/\/www.estrategiaconcursos.com.br\/blog\/\",\"logo\":{\"@type\":\"ImageObject\",\"inLanguage\":\"pt-BR\",\"@id\":\"https:\/\/www.estrategiaconcursos.com.br\/blog\/#\/schema\/logo\/image\/\",\"url\":\"https:\/\/dhg1h5j42swfq.cloudfront.net\/2025\/06\/03203428\/logo_concursos-1.jpg\",\"contentUrl\":\"https:\/\/dhg1h5j42swfq.cloudfront.net\/2025\/06\/03203428\/logo_concursos-1.jpg\",\"width\":230,\"height\":60,\"caption\":\"Estrat\u00e9gia Concursos\"},\"image\":{\"@id\":\"https:\/\/www.estrategiaconcursos.com.br\/blog\/#\/schema\/logo\/image\/\"},\"sameAs\":[\"https:\/\/x.com\/EstratConcursos\"]},{\"@type\":\"Person\",\"@id\":\"https:\/\/www.estrategiaconcursos.com.br\/blog\/#\/schema\/person\/cc9e76173880338ce9f656c88664a1f6\",\"name\":\"Diogo Mendes\",\"image\":{\"@type\":\"ImageObject\",\"inLanguage\":\"pt-BR\",\"@id\":\"https:\/\/secure.gravatar.com\/avatar\/9754d6777d460a45ef4067b586b94c32005cc2345a0404b8d96adc620cf63806?s=96&d=mm&r=g\",\"url\":\"https:\/\/secure.gravatar.com\/avatar\/9754d6777d460a45ef4067b586b94c32005cc2345a0404b8d96adc620cf63806?s=96&d=mm&r=g\",\"contentUrl\":\"https:\/\/secure.gravatar.com\/avatar\/9754d6777d460a45ef4067b586b94c32005cc2345a0404b8d96adc620cf63806?s=96&d=mm&r=g\",\"caption\":\"Diogo Mendes\"},\"description\":\"Diogo Mendes \u00e9 jornalista formado pela Universidade Paulista, com experi\u00eancia em reda\u00e7\u00f5es de diversos ve\u00edculos e na produ\u00e7\u00e3o de conte\u00fados especializados em concursos p\u00fablicos. Desde 2019, atua no Estrat\u00e9gia Concursos como Jornalista e Analista de Conte\u00fado, com foco na apura\u00e7\u00e3o de informa\u00e7\u00f5es junto a \u00f3rg\u00e3os e fontes oficiais. Dedica-se especialmente \u00e0 produ\u00e7\u00e3o de not\u00edcias e reportagens sobre Concursos Legislativos, al\u00e9m de acompanhar diariamente os concursos policiais, banc\u00e1rios e da \u00e1rea da sa\u00fade.\",\"url\":\"https:\/\/www.estrategiaconcursos.com.br\/blog\/author\/diogo-mendesestrategiaconcursos-com-br\/\"}]}<\/script>\n<!-- \/ Yoast SEO Premium plugin. -->","yoast_head_json":{"title":"Iluminismo: 6 quest\u00f5es que j\u00e1 ca\u00edram em concursos!","description":"Confira 6 quest\u00f5es sobre o Iluminismo que j\u00e1 ca\u00edram em concursos p\u00fablicos. Isso e muito mais no site do Estrat\u00e9gia!","robots":{"index":"index","follow":"follow","max-snippet":"max-snippet:-1","max-image-preview":"max-image-preview:large","max-video-preview":"max-video-preview:-1"},"canonical":"https:\/\/www.estrategiaconcursos.com.br\/blog\/iluminismo-6-questoes-cairam-concursos\/","og_locale":"pt_BR","og_type":"article","og_title":"Iluminismo: 6 quest\u00f5es que j\u00e1 ca\u00edram em concursos!","og_description":"Confira 6 quest\u00f5es sobre o Iluminismo que j\u00e1 ca\u00edram em concursos p\u00fablicos. Isso e muito mais no site do Estrat\u00e9gia!","og_url":"https:\/\/www.estrategiaconcursos.com.br\/blog\/iluminismo-6-questoes-cairam-concursos\/","og_site_name":"Estrat\u00e9gia Concursos","article_published_time":"2025-12-11T12:09:26+00:00","article_modified_time":"2025-12-11T12:09:46+00:00","og_image":[{"width":768,"height":432,"url":"https:\/\/dhg1h5j42swfq.cloudfront.net\/2025\/12\/11083447\/iluminismo.jpg","type":"image\/jpeg"}],"author":"Diogo Mendes","twitter_card":"summary_large_image","twitter_creator":"@EstratConcursos","twitter_site":"@EstratConcursos","twitter_misc":{"Escrito por":"Diogo Mendes","Est. tempo de leitura":"5 minutos"},"schema":{"@context":"https:\/\/schema.org","@graph":[{"@type":"NewsArticle","@id":"https:\/\/www.estrategiaconcursos.com.br\/blog\/iluminismo-6-questoes-cairam-concursos\/#article","isPartOf":{"@id":"https:\/\/www.estrategiaconcursos.com.br\/blog\/iluminismo-6-questoes-cairam-concursos\/"},"author":{"name":"Diogo Mendes","@id":"https:\/\/www.estrategiaconcursos.com.br\/blog\/#\/schema\/person\/cc9e76173880338ce9f656c88664a1f6"},"headline":"Iluminismo: 6 quest\u00f5es que j\u00e1 ca\u00edram em concursos!","datePublished":"2025-12-11T12:09:26+00:00","dateModified":"2025-12-11T12:09:46+00:00","mainEntityOfPage":{"@id":"https:\/\/www.estrategiaconcursos.com.br\/blog\/iluminismo-6-questoes-cairam-concursos\/"},"wordCount":1065,"commentCount":0,"publisher":{"@id":"https:\/\/www.estrategiaconcursos.com.br\/blog\/#organization"},"image":{"@id":"https:\/\/www.estrategiaconcursos.com.br\/blog\/iluminismo-6-questoes-cairam-concursos\/#primaryimage"},"thumbnailUrl":"https:\/\/dhg1h5j42swfq.cloudfront.net\/2025\/12\/11083447\/iluminismo.jpg","articleSection":["Concursos P\u00fablicos","\u00daltimas not\u00edcias"],"inLanguage":"pt-BR","potentialAction":[{"@type":"CommentAction","name":"Comment","target":["https:\/\/www.estrategiaconcursos.com.br\/blog\/iluminismo-6-questoes-cairam-concursos\/#respond"]}],"copyrightYear":"2025","copyrightHolder":{"@id":"https:\/\/www.estrategiaconcursos.com.br\/blog\/#organization"}},{"@type":"WebPage","@id":"https:\/\/www.estrategiaconcursos.com.br\/blog\/iluminismo-6-questoes-cairam-concursos\/","url":"https:\/\/www.estrategiaconcursos.com.br\/blog\/iluminismo-6-questoes-cairam-concursos\/","name":"Iluminismo: 6 quest\u00f5es que j\u00e1 ca\u00edram em concursos!","isPartOf":{"@id":"https:\/\/www.estrategiaconcursos.com.br\/blog\/#website"},"primaryImageOfPage":{"@id":"https:\/\/www.estrategiaconcursos.com.br\/blog\/iluminismo-6-questoes-cairam-concursos\/#primaryimage"},"image":{"@id":"https:\/\/www.estrategiaconcursos.com.br\/blog\/iluminismo-6-questoes-cairam-concursos\/#primaryimage"},"thumbnailUrl":"https:\/\/dhg1h5j42swfq.cloudfront.net\/2025\/12\/11083447\/iluminismo.jpg","datePublished":"2025-12-11T12:09:26+00:00","dateModified":"2025-12-11T12:09:46+00:00","description":"Confira 6 quest\u00f5es sobre o Iluminismo que j\u00e1 ca\u00edram em concursos p\u00fablicos. Isso e muito mais no site do Estrat\u00e9gia!","breadcrumb":{"@id":"https:\/\/www.estrategiaconcursos.com.br\/blog\/iluminismo-6-questoes-cairam-concursos\/#breadcrumb"},"inLanguage":"pt-BR","potentialAction":[{"@type":"ReadAction","target":["https:\/\/www.estrategiaconcursos.com.br\/blog\/iluminismo-6-questoes-cairam-concursos\/"]}]},{"@type":"ImageObject","inLanguage":"pt-BR","@id":"https:\/\/www.estrategiaconcursos.com.br\/blog\/iluminismo-6-questoes-cairam-concursos\/#primaryimage","url":"https:\/\/dhg1h5j42swfq.cloudfront.net\/2025\/12\/11083447\/iluminismo.jpg","contentUrl":"https:\/\/dhg1h5j42swfq.cloudfront.net\/2025\/12\/11083447\/iluminismo.jpg","width":768,"height":432},{"@type":"BreadcrumbList","@id":"https:\/\/www.estrategiaconcursos.com.br\/blog\/iluminismo-6-questoes-cairam-concursos\/#breadcrumb","itemListElement":[{"@type":"ListItem","position":1,"name":"In\u00edcio","item":"https:\/\/www.estrategiaconcursos.com.br\/blog\/"},{"@type":"ListItem","position":2,"name":"Iluminismo: 6 quest\u00f5es que j\u00e1 ca\u00edram em concursos!"}]},{"@type":"WebSite","@id":"https:\/\/www.estrategiaconcursos.com.br\/blog\/#website","url":"https:\/\/www.estrategiaconcursos.com.br\/blog\/","name":"Estrat\u00e9gia Concursos","description":"O blog da Estrat\u00e9gia Concursos traz not\u00edcias sobre concursos e artigos de professores oferecendo cursos para concursos (pdf + videaulas) no site.","publisher":{"@id":"https:\/\/www.estrategiaconcursos.com.br\/blog\/#organization"},"potentialAction":[{"@type":"SearchAction","target":{"@type":"EntryPoint","urlTemplate":"https:\/\/www.estrategiaconcursos.com.br\/blog\/?s={search_term_string}"},"query-input":{"@type":"PropertyValueSpecification","valueRequired":true,"valueName":"search_term_string"}}],"inLanguage":"pt-BR"},{"@type":"Organization","@id":"https:\/\/www.estrategiaconcursos.com.br\/blog\/#organization","name":"Estrat\u00e9gia Concursos","url":"https:\/\/www.estrategiaconcursos.com.br\/blog\/","logo":{"@type":"ImageObject","inLanguage":"pt-BR","@id":"https:\/\/www.estrategiaconcursos.com.br\/blog\/#\/schema\/logo\/image\/","url":"https:\/\/dhg1h5j42swfq.cloudfront.net\/2025\/06\/03203428\/logo_concursos-1.jpg","contentUrl":"https:\/\/dhg1h5j42swfq.cloudfront.net\/2025\/06\/03203428\/logo_concursos-1.jpg","width":230,"height":60,"caption":"Estrat\u00e9gia Concursos"},"image":{"@id":"https:\/\/www.estrategiaconcursos.com.br\/blog\/#\/schema\/logo\/image\/"},"sameAs":["https:\/\/x.com\/EstratConcursos"]},{"@type":"Person","@id":"https:\/\/www.estrategiaconcursos.com.br\/blog\/#\/schema\/person\/cc9e76173880338ce9f656c88664a1f6","name":"Diogo Mendes","image":{"@type":"ImageObject","inLanguage":"pt-BR","@id":"https:\/\/secure.gravatar.com\/avatar\/9754d6777d460a45ef4067b586b94c32005cc2345a0404b8d96adc620cf63806?s=96&d=mm&r=g","url":"https:\/\/secure.gravatar.com\/avatar\/9754d6777d460a45ef4067b586b94c32005cc2345a0404b8d96adc620cf63806?s=96&d=mm&r=g","contentUrl":"https:\/\/secure.gravatar.com\/avatar\/9754d6777d460a45ef4067b586b94c32005cc2345a0404b8d96adc620cf63806?s=96&d=mm&r=g","caption":"Diogo Mendes"},"description":"Diogo Mendes \u00e9 jornalista formado pela Universidade Paulista, com experi\u00eancia em reda\u00e7\u00f5es de diversos ve\u00edculos e na produ\u00e7\u00e3o de conte\u00fados especializados em concursos p\u00fablicos. Desde 2019, atua no Estrat\u00e9gia Concursos como Jornalista e Analista de Conte\u00fado, com foco na apura\u00e7\u00e3o de informa\u00e7\u00f5es junto a \u00f3rg\u00e3os e fontes oficiais. Dedica-se especialmente \u00e0 produ\u00e7\u00e3o de not\u00edcias e reportagens sobre Concursos Legislativos, al\u00e9m de acompanhar diariamente os concursos policiais, banc\u00e1rios e da \u00e1rea da sa\u00fade.","url":"https:\/\/www.estrategiaconcursos.com.br\/blog\/author\/diogo-mendesestrategiaconcursos-com-br\/"}]}},"_links":{"self":[{"href":"https:\/\/www.estrategiaconcursos.com.br\/blog\/wp-json\/wp\/v2\/posts\/1683075","targetHints":{"allow":["GET"]}}],"collection":[{"href":"https:\/\/www.estrategiaconcursos.com.br\/blog\/wp-json\/wp\/v2\/posts"}],"about":[{"href":"https:\/\/www.estrategiaconcursos.com.br\/blog\/wp-json\/wp\/v2\/types\/post"}],"author":[{"embeddable":true,"href":"https:\/\/www.estrategiaconcursos.com.br\/blog\/wp-json\/wp\/v2\/users\/1483"}],"replies":[{"embeddable":true,"href":"https:\/\/www.estrategiaconcursos.com.br\/blog\/wp-json\/wp\/v2\/comments?post=1683075"}],"version-history":[{"count":3,"href":"https:\/\/www.estrategiaconcursos.com.br\/blog\/wp-json\/wp\/v2\/posts\/1683075\/revisions"}],"predecessor-version":[{"id":1683542,"href":"https:\/\/www.estrategiaconcursos.com.br\/blog\/wp-json\/wp\/v2\/posts\/1683075\/revisions\/1683542"}],"wp:featuredmedia":[{"embeddable":true,"href":"https:\/\/www.estrategiaconcursos.com.br\/blog\/wp-json\/wp\/v2\/media\/1683512"}],"wp:attachment":[{"href":"https:\/\/www.estrategiaconcursos.com.br\/blog\/wp-json\/wp\/v2\/media?parent=1683075"}],"wp:term":[{"taxonomy":"category","embeddable":true,"href":"https:\/\/www.estrategiaconcursos.com.br\/blog\/wp-json\/wp\/v2\/categories?post=1683075"},{"taxonomy":"post_tag","embeddable":true,"href":"https:\/\/www.estrategiaconcursos.com.br\/blog\/wp-json\/wp\/v2\/tags?post=1683075"},{"taxonomy":"tax_estado","embeddable":true,"href":"https:\/\/www.estrategiaconcursos.com.br\/blog\/wp-json\/wp\/v2\/tax_estado?post=1683075"}],"curies":[{"name":"wp","href":"https:\/\/api.w.org\/{rel}","templated":true}]}}