{"id":1682725,"date":"2025-12-10T08:40:45","date_gmt":"2025-12-10T11:40:45","guid":{"rendered":"https:\/\/www.estrategiaconcursos.com.br\/blog\/?p=1682725"},"modified":"2025-12-10T08:58:17","modified_gmt":"2025-12-10T11:58:17","slug":"concurso-bombeiro-df-2025-discursivas-ampliadas","status":"publish","type":"post","link":"https:\/\/www.estrategiaconcursos.com.br\/blog\/concurso-bombeiro-df-2025-discursivas-ampliadas\/","title":{"rendered":"Concurso Bombeiro DF: corre\u00e7\u00e3o das discursivas \u00e9 ampliada"},"content":{"rendered":"\n<p class=\"has-medium-font-size\"><strong><em>Amplia\u00e7\u00e3o da corre\u00e7\u00e3o das provas discursivas do concurso Bombeiro DF \u00e9 oficializada em retifica\u00e7\u00e3o no Di\u00e1rio Oficial!<\/em><\/strong><\/p>\n\n\n\n<p>Em retifica\u00e7\u00e3o nos editais do <strong>concurso Bombeiro DF<\/strong> (<a href=\"https:\/\/www.estrategiaconcursos.com.br\/cursosPorConcurso\/cbmdf-corpo-de-bombeiros-militar-do-df-271\/\" target=\"_blank\" rel=\"noreferrer noopener\">Corpo de Bombeiros do Distrito Federal<\/a>), foi ampliado o n\u00famero de provas discursivas a serem corrigidas.<\/p>\n\n\n\n<p>Al\u00e9m disso, o prazo de validade do certame tamb\u00e9m mudou. Antes previsto para 1 ano, agora ser\u00e1 de 18 meses, podendo ser prorrogado. Veja o documento na \u00edntegra!<\/p>\n\n\n\n<ul class=\"wp-block-list\">\n<li><a href=\"https:\/\/dhg1h5j42swfq.cloudfront.net\/2025\/12\/10083555\/df-1.pdf\" target=\"_blank\" rel=\"noreferrer noopener nofollow\">Retifica\u00e7\u00e3o publicada<\/a><\/li>\n<\/ul>\n\n\n\n<div class=\"container\" id=\"boxes\">\n  <div class=\"row\">\n\n    <div class=\"col-sm\">\n      <div class=\"banner-bombeiros-ec\" id=\"box-assinatura\">\n        <h3 class=\"titulo-assinatura\">Concurso CBMDF<\/h3>\n        <p class=\"subtitulo-assinatura\">Domine o Concurso Bombeiro DF! \u2728<\/p>\n        <div class=\"box-botao\">\n          <a class=\"btn-assinatura\" target=\"_blank\" href=\"https:\/\/www.estrategiaconcursos.com.br\/cursosPorConcurso\/cbmdf-corpo-de-bombeiros-militar-do-df-271\/\" role=\"button\" rel=\"noopener noreferrer\">VER CURSOS<\/a>\n        <\/div>\n      <\/div>\n    \n    <\/div>\n\n  <\/div>\n<\/div>\n\n\n\n<h2 class=\"wp-block-heading\" id=\"h-alteracao-no-quantitativo-de-provas-discursivas-corrigidas\">Altera\u00e7\u00e3o no quantitativo de provas discursivas corrigidas<\/h2>\n\n\n\n<h3 class=\"wp-block-heading\"><strong>CFOBM \u2013 Oficiais Combatentes<\/strong><\/h3>\n\n\n\n<ul class=\"wp-block-list\">\n<li><strong>345<\/strong> provas discursivas ser\u00e3o corrigidas\n<ul class=\"wp-block-list\">\n<li>172 AC<\/li>\n\n\n\n<li>69 PCD<\/li>\n\n\n\n<li>69 Negros<\/li>\n\n\n\n<li>35 Hipossuficientes<\/li>\n<\/ul>\n<\/li>\n<\/ul>\n\n\n\n<h3 class=\"wp-block-heading\"><strong>CFPBM \u2013 Condutor e Operador de Viaturas (QBMG-2)<\/strong><\/h3>\n\n\n\n<ul class=\"wp-block-list\">\n<li><strong>1.050<\/strong> corre\u00e7\u00f5es\n<ul class=\"wp-block-list\">\n<li>525 AC<\/li>\n\n\n\n<li>210 PCD<\/li>\n\n\n\n<li>210 Negros<\/li>\n\n\n\n<li>105 Hipossuficientes<\/li>\n<\/ul>\n<\/li>\n<\/ul>\n\n\n\n<h3 class=\"wp-block-heading\"><strong>CFPBM \u2013 M\u00fasicos (QBMG-4)<\/strong><\/h3>\n\n\n\n<p><strong>680<\/strong> corre\u00e7\u00f5es<\/p>\n\n\n\n<ul class=\"wp-block-list\">\n<li>Baixo<\/li>\n\n\n\n<li>Bateria \/ Percuss\u00e3o<\/li>\n\n\n\n<li>Bombardino<\/li>\n\n\n\n<li>Clarineta \/ Requinta \/ Clarineta Alto \/ Clarone<\/li>\n\n\n\n<li>Flauta \/ Flautim<\/li>\n\n\n\n<li>Guitarra \/ Viol\u00e3o<\/li>\n\n\n\n<li>Piano \/ Teclado<\/li>\n\n\n\n<li>Saxofones<\/li>\n\n\n\n<li>Trombone<\/li>\n\n\n\n<li>Trompa<\/li>\n\n\n\n<li>Trompete \/ Flugelhorn<\/li>\n\n\n\n<li>Tuba<\/li>\n<\/ul>\n\n\n\n<h3 class=\"wp-block-heading\"><strong>CFPBM \u2013 Geral Operacional (QBMG-1)<\/strong><\/h3>\n\n\n\n<ul class=\"wp-block-list\">\n<li><strong>1.995<\/strong> corre\u00e7\u00f5es\n<ul class=\"wp-block-list\">\n<li>997 AC<\/li>\n\n\n\n<li>399 PCD<\/li>\n\n\n\n<li>399 Negros<\/li>\n\n\n\n<li>200 Hipossuficientes<\/li>\n<\/ul>\n<\/li>\n<\/ul>\n\n\n\n<h3 class=\"wp-block-heading\"><strong>CHOBM \u2013 Oficiais da Sa\u00fade e Complementar<\/strong><\/h3>\n\n\n\n<p><strong>1.088<\/strong> corre\u00e7\u00f5es<\/p>\n\n\n\n<ul class=\"wp-block-list\">\n<li>M\u00e9dicos (Dermatologia, Emergencista, Neurologia, Oftalmologia, Urologia)<\/li>\n\n\n\n<li>Cirurgi\u00e3o-dentista (Dent\u00edstica)<\/li>\n\n\n\n<li>Complementar (Contabilidade, Direito, Enfermeiro Emergencista)<\/li>\n<\/ul>\n\n\n\n<p>Conv\u00e9m lembrar que j\u00e1 foram divulgados os gabaritos preliminares das avalia\u00e7\u00f5es aplicadas nos meses de novembro e dezembro de 2025.<\/p>\n\n\n\n<p>Para Soldado Condutor e Oficial Combatente, os interessados ainda podem interpor recursos at\u00e9 o dia 15 de dezembro, no site da banca Idecan. Para o restante o prazo j\u00e1 se encerrou.<\/p>\n\n\n\n<ul class=\"wp-block-list\">\n<li><a href=\"https:\/\/dhg1h5j42swfq.cloudfront.net\/2025\/12\/01190249\/cbm-df-operacional-gabaritos.pdf\" target=\"_blank\" rel=\"noreferrer noopener nofollow\">Gabaritos &#8211; Soldado Operacional<\/a><\/li>\n\n\n\n<li><a href=\"https:\/\/dhg1h5j42swfq.cloudfront.net\/2025\/12\/01190256\/cbm-df-musicos-gabaritos.pdf\" target=\"_blank\" rel=\"noreferrer noopener nofollow\">Gabaritos &#8211; Soldado M\u00fasico<\/a><\/li>\n\n\n\n<li><a href=\"https:\/\/dhg1h5j42swfq.cloudfront.net\/2025\/12\/01190253\/cbm-df-complementar-gabaritos.pdf\" target=\"_blank\" rel=\"noreferrer noopener nofollow\">Gabaritos &#8211; Oficial Complementar e Oficial Sa\u00fade<\/a><\/li>\n\n\n\n<li><a href=\"https:\/\/dhg1h5j42swfq.cloudfront.net\/2025\/12\/09202159\/gabaritos-cbm-df-condutor.pdf\" target=\"_blank\" rel=\"noreferrer noopener nofollow\">Gabaritos &#8211; Soldado Condutor<\/a> (cabe recurso)<\/li>\n\n\n\n<li><a href=\"https:\/\/dhg1h5j42swfq.cloudfront.net\/2025\/12\/09202202\/gabaritos-cbm-df-oficial-combatente.pdf\" target=\"_blank\" rel=\"noreferrer noopener nofollow\">Gabaritos &#8211; Oficial Combatente<\/a> (cabe recurso)<\/li>\n<\/ul>\n\n\n\n<h2 class=\"wp-block-heading\" id=\"h-e-quais-sao-as-proximas-etapas-do-concurso-bombeiro-df\">E quais s\u00e3o as pr\u00f3ximas etapas do concurso Bombeiro DF?<\/h2>\n\n\n\n<p>Os candidatos inscritos no concurso Bombeiro DF ainda ser\u00e3o avaliados mediante aplica\u00e7\u00e3o das seguintes etapas:<\/p>\n\n\n\n<ul class=\"wp-block-list\">\n<li><strong>Teste de Aptid\u00e3o F\u00edsica<\/strong>, de car\u00e1ter eliminat\u00f3rio e classificat\u00f3rio;<\/li>\n\n\n\n<li><strong>Inspe\u00e7\u00e3o de Sa\u00fade<\/strong>, de car\u00e1ter eliminat\u00f3rio;<\/li>\n\n\n\n<li><strong>Avalia\u00e7\u00e3o Psicol\u00f3gica<\/strong>, de car\u00e1ter eliminat\u00f3rio;<\/li>\n\n\n\n<li><strong>Sindic\u00e2ncia de Vida Pregressa e Investiga\u00e7\u00e3o Social e Funcional<\/strong>, de car\u00e1ter eliminat\u00f3rio.<\/li>\n\n\n\n<li><strong>Procedimento de Heteroidentifica\u00e7\u00e3o<\/strong>, de car\u00e1ter eliminat\u00f3rio.<\/li>\n<\/ul>\n\n\n\n<p>Com organiza\u00e7\u00e3o do Idecan, as oportunidades s\u00e3o distribu\u00eddas entre os cargos de <strong>Soldados e Oficiais<\/strong>, em diversas especialidades de n\u00edvel superior. Os <strong>sal\u00e1rios variam de R$ 8.933,18 a R$ 15.287,06<\/strong><\/p>\n\n\n\n<p class=\"has-text-align-center\"><em>Para mais informa\u00e7\u00f5es do concurso Bombeiro DF, acesse o link abaixo. Preparamos um artigo completo e exclusivo para voc\u00ea!<\/em><\/p>\n\n\n\n<p class=\"has-text-align-center has-cyan-bluish-gray-background-color has-background has-medium-font-size\"><strong>Saiba mais: <a href=\"https:\/\/www.estrategiaconcursos.com.br\/blog\/concurso-bombeiro-df\/\" target=\"_blank\" rel=\"noreferrer noopener\">concurso Bombeiro DF<\/a><\/strong><\/p>\n\n\n\n<h2 class=\"wp-block-heading has-text-align-center\" id=\"h-quer-saber-tudo-sobre-concursos-previstos-confira-nossos-artigos\">Quer saber tudo sobre concursos previstos? <br \/>Confira nossos artigos!<\/h2>\n\n\n\n<ul class=\"wp-block-list\">\n<li><a href=\"https:\/\/www.estrategiaconcursos.com.br\/blog\/concursos-bombeiros\/\" target=\"_blank\" rel=\"noreferrer noopener\">Concursos bombeiros<\/a><\/li>\n\n\n\n<li><a href=\"https:\/\/www.estrategiaconcursos.com.br\/blog\/concursos-abertos\/\" target=\"_blank\" rel=\"noreferrer noopener\">Concursos abertos<\/a><\/li>\n\n\n\n<li><a href=\"https:\/\/www.estrategiaconcursos.com.br\/blog\/concursos-2026\/\" target=\"_blank\" rel=\"noreferrer noopener\">Concursos 2026<\/a><\/li>\n\n\n\n<li><a href=\"https:\/\/www.estrategiaconcursos.com.br\/blog\/concursos-df\/\" target=\"_blank\" rel=\"noreferrer noopener\">Concursos DF<\/a><\/li>\n<\/ul>\n\n\n\n<div class=\"container\" id=\"boxes\">\n  <div class=\"row\">\n\n    <div class=\"col-sm\">\n      <div class=\"estrategia\" id=\"box-assinatura\">\n        <h3 class=\"titulo-assinatura\">Assinatura de Concursos<\/h3>\n        <p class=\"subtitulo-assinatura\">Assinatura de 1 ano ou 2 anos<\/p>\n        <div class=\"box-botao\">\n          <a class=\"btn-assinatura\" target=\"_blank\" href=\"https:\/\/www.estrategiaconcursos.com.br\/assinaturas\/\" role=\"button\" rel=\"noopener noreferrer\">ASSINE AGORA<\/a>\n        <\/div>\n      <\/div>\n     \n    <\/div>\n\n    <div class=\"col-sm\">\n      <div class=\"questoes\" id=\"box-assinatura\">\n        <h3 class=\"titulo-assinatura\">Sistema de Quest\u00f5es<\/h3>\n        <p class=\"subtitulo-assinatura\">Assinatura de 1 ano ou 2 anos\n<\/p>\n        <div class=\"box-botao\">\n          <a class=\"btn-assinatura\" target=\"_blank\" href=\"https:\/\/questoes.estrategiaconcursos.com.br\/\" role=\"button\" rel=\"noopener noreferrer\">ASSINE AGORA<\/a>\n        <\/div>\n      <\/div>\n    \n    <\/div>\n  <\/div>\n<\/div>\n\n\n\n<p><\/p>\n","protected":false},"excerpt":{"rendered":"<p>Amplia\u00e7\u00e3o da corre\u00e7\u00e3o das provas discursivas do concurso Bombeiro DF \u00e9 oficializada em retifica\u00e7\u00e3o no Di\u00e1rio Oficial! Em retifica\u00e7\u00e3o nos editais do concurso Bombeiro DF (Corpo de Bombeiros do Distrito Federal), foi ampliado o n\u00famero de provas discursivas a serem corrigidas. Al\u00e9m disso, o prazo de validade do certame tamb\u00e9m mudou. Antes previsto para 1 [&hellip;]<\/p>\n","protected":false},"author":1483,"featured_media":1012049,"comment_status":"open","ping_status":"closed","sticky":false,"template":"","format":"standard","meta":{"post_tipo":"news","footnotes":""},"categories":[220186,220187,220219],"tags":[],"tax_estado":[219970],"class_list":["post-1682725","post","type-post","status-publish","format-standard","has-post-thumbnail","hentry","category-policial-oficial","category-policial-pracas","category-noticias","tax_estado-df"],"acf":[],"yoast_head":"<!-- This site is optimized with the Yoast SEO Premium plugin v27.2 (Yoast SEO v27.2) - https:\/\/yoast.com\/product\/yoast-seo-premium-wordpress\/ -->\n<title>Concurso Bombeiro DF: corre\u00e7\u00e3o das discursivas \u00e9 ampliada<\/title>\n<meta name=\"description\" content=\"Corre\u00e7\u00e3o das provas discursivas do concurso Bombeiro DF s\u00e3o ampliadas em retifica\u00e7\u00e3o nos editais. Veja os detalhes!\" \/>\n<meta name=\"robots\" content=\"index, follow, max-snippet:-1, max-image-preview:large, max-video-preview:-1\" \/>\n<link rel=\"canonical\" href=\"https:\/\/www.estrategiaconcursos.com.br\/blog\/concurso-bombeiro-df-2025-discursivas-ampliadas\/\" \/>\n<meta property=\"og:locale\" content=\"pt_BR\" \/>\n<meta property=\"og:type\" content=\"article\" \/>\n<meta property=\"og:title\" content=\"Concurso Bombeiro DF: corre\u00e7\u00e3o das discursivas \u00e9 ampliada\" \/>\n<meta property=\"og:description\" content=\"Corre\u00e7\u00e3o das provas discursivas do concurso Bombeiro DF s\u00e3o ampliadas em retifica\u00e7\u00e3o nos editais. Veja os detalhes!\" \/>\n<meta property=\"og:url\" content=\"https:\/\/www.estrategiaconcursos.com.br\/blog\/concurso-bombeiro-df-2025-discursivas-ampliadas\/\" \/>\n<meta property=\"og:site_name\" content=\"Estrat\u00e9gia Concursos\" \/>\n<meta property=\"article:published_time\" content=\"2025-12-10T11:40:45+00:00\" \/>\n<meta property=\"article:modified_time\" content=\"2025-12-10T11:58:17+00:00\" \/>\n<meta property=\"og:image\" content=\"https:\/\/dhg1h5j42swfq.cloudfront.net\/2022\/01\/20090528\/bombeiro-df.jpg\" \/>\n\t<meta property=\"og:image:width\" content=\"768\" \/>\n\t<meta property=\"og:image:height\" content=\"432\" \/>\n\t<meta property=\"og:image:type\" content=\"image\/jpeg\" \/>\n<meta name=\"author\" content=\"Diogo Mendes\" \/>\n<meta name=\"twitter:card\" content=\"summary_large_image\" \/>\n<meta name=\"twitter:creator\" content=\"@EstratConcursos\" \/>\n<meta name=\"twitter:site\" content=\"@EstratConcursos\" \/>\n<meta name=\"twitter:label1\" content=\"Escrito por\" \/>\n\t<meta name=\"twitter:data1\" content=\"Diogo Mendes\" \/>\n\t<meta name=\"twitter:label2\" content=\"Est. tempo de leitura\" \/>\n\t<meta name=\"twitter:data2\" content=\"2 minutos\" \/>\n<script type=\"application\/ld+json\" class=\"yoast-schema-graph\">{\"@context\":\"https:\/\/schema.org\",\"@graph\":[{\"@type\":\"NewsArticle\",\"@id\":\"https:\/\/www.estrategiaconcursos.com.br\/blog\/concurso-bombeiro-df-2025-discursivas-ampliadas\/#article\",\"isPartOf\":{\"@id\":\"https:\/\/www.estrategiaconcursos.com.br\/blog\/concurso-bombeiro-df-2025-discursivas-ampliadas\/\"},\"author\":{\"name\":\"Diogo Mendes\",\"@id\":\"https:\/\/www.estrategiaconcursos.com.br\/blog\/#\/schema\/person\/cc9e76173880338ce9f656c88664a1f6\"},\"headline\":\"Concurso Bombeiro DF: corre\u00e7\u00e3o das discursivas \u00e9 ampliada\",\"datePublished\":\"2025-12-10T11:40:45+00:00\",\"dateModified\":\"2025-12-10T11:58:17+00:00\",\"mainEntityOfPage\":{\"@id\":\"https:\/\/www.estrategiaconcursos.com.br\/blog\/concurso-bombeiro-df-2025-discursivas-ampliadas\/\"},\"wordCount\":453,\"commentCount\":0,\"publisher\":{\"@id\":\"https:\/\/www.estrategiaconcursos.com.br\/blog\/#organization\"},\"image\":{\"@id\":\"https:\/\/www.estrategiaconcursos.com.br\/blog\/concurso-bombeiro-df-2025-discursivas-ampliadas\/#primaryimage\"},\"thumbnailUrl\":\"https:\/\/dhg1h5j42swfq.cloudfront.net\/2022\/01\/20090528\/bombeiro-df.jpg\",\"articleSection\":[\"Policial (PM\/BM - Oficial)\",\"Policial (PM\/BM - Pra\u00e7as)\",\"\u00daltimas not\u00edcias\"],\"inLanguage\":\"pt-BR\",\"potentialAction\":[{\"@type\":\"CommentAction\",\"name\":\"Comment\",\"target\":[\"https:\/\/www.estrategiaconcursos.com.br\/blog\/concurso-bombeiro-df-2025-discursivas-ampliadas\/#respond\"]}],\"copyrightYear\":\"2025\",\"copyrightHolder\":{\"@id\":\"https:\/\/www.estrategiaconcursos.com.br\/blog\/#organization\"}},{\"@type\":\"WebPage\",\"@id\":\"https:\/\/www.estrategiaconcursos.com.br\/blog\/concurso-bombeiro-df-2025-discursivas-ampliadas\/\",\"url\":\"https:\/\/www.estrategiaconcursos.com.br\/blog\/concurso-bombeiro-df-2025-discursivas-ampliadas\/\",\"name\":\"Concurso Bombeiro DF: corre\u00e7\u00e3o das discursivas \u00e9 ampliada\",\"isPartOf\":{\"@id\":\"https:\/\/www.estrategiaconcursos.com.br\/blog\/#website\"},\"primaryImageOfPage\":{\"@id\":\"https:\/\/www.estrategiaconcursos.com.br\/blog\/concurso-bombeiro-df-2025-discursivas-ampliadas\/#primaryimage\"},\"image\":{\"@id\":\"https:\/\/www.estrategiaconcursos.com.br\/blog\/concurso-bombeiro-df-2025-discursivas-ampliadas\/#primaryimage\"},\"thumbnailUrl\":\"https:\/\/dhg1h5j42swfq.cloudfront.net\/2022\/01\/20090528\/bombeiro-df.jpg\",\"datePublished\":\"2025-12-10T11:40:45+00:00\",\"dateModified\":\"2025-12-10T11:58:17+00:00\",\"description\":\"Corre\u00e7\u00e3o das provas discursivas do concurso Bombeiro DF s\u00e3o ampliadas em retifica\u00e7\u00e3o nos editais. Veja os detalhes!\",\"breadcrumb\":{\"@id\":\"https:\/\/www.estrategiaconcursos.com.br\/blog\/concurso-bombeiro-df-2025-discursivas-ampliadas\/#breadcrumb\"},\"inLanguage\":\"pt-BR\",\"potentialAction\":[{\"@type\":\"ReadAction\",\"target\":[\"https:\/\/www.estrategiaconcursos.com.br\/blog\/concurso-bombeiro-df-2025-discursivas-ampliadas\/\"]}]},{\"@type\":\"ImageObject\",\"inLanguage\":\"pt-BR\",\"@id\":\"https:\/\/www.estrategiaconcursos.com.br\/blog\/concurso-bombeiro-df-2025-discursivas-ampliadas\/#primaryimage\",\"url\":\"https:\/\/dhg1h5j42swfq.cloudfront.net\/2022\/01\/20090528\/bombeiro-df.jpg\",\"contentUrl\":\"https:\/\/dhg1h5j42swfq.cloudfront.net\/2022\/01\/20090528\/bombeiro-df.jpg\",\"width\":768,\"height\":432,\"caption\":\"Bombeiro DF\"},{\"@type\":\"BreadcrumbList\",\"@id\":\"https:\/\/www.estrategiaconcursos.com.br\/blog\/concurso-bombeiro-df-2025-discursivas-ampliadas\/#breadcrumb\",\"itemListElement\":[{\"@type\":\"ListItem\",\"position\":1,\"name\":\"In\u00edcio\",\"item\":\"https:\/\/www.estrategiaconcursos.com.br\/blog\/\"},{\"@type\":\"ListItem\",\"position\":2,\"name\":\"Concurso Bombeiro DF: corre\u00e7\u00e3o das discursivas \u00e9 ampliada\"}]},{\"@type\":\"WebSite\",\"@id\":\"https:\/\/www.estrategiaconcursos.com.br\/blog\/#website\",\"url\":\"https:\/\/www.estrategiaconcursos.com.br\/blog\/\",\"name\":\"Estrat\u00e9gia Concursos\",\"description\":\"O blog da Estrat\u00e9gia Concursos traz not\u00edcias sobre concursos e artigos de professores oferecendo cursos para concursos (pdf + videaulas) no site.\",\"publisher\":{\"@id\":\"https:\/\/www.estrategiaconcursos.com.br\/blog\/#organization\"},\"potentialAction\":[{\"@type\":\"SearchAction\",\"target\":{\"@type\":\"EntryPoint\",\"urlTemplate\":\"https:\/\/www.estrategiaconcursos.com.br\/blog\/?s={search_term_string}\"},\"query-input\":{\"@type\":\"PropertyValueSpecification\",\"valueRequired\":true,\"valueName\":\"search_term_string\"}}],\"inLanguage\":\"pt-BR\"},{\"@type\":\"Organization\",\"@id\":\"https:\/\/www.estrategiaconcursos.com.br\/blog\/#organization\",\"name\":\"Estrat\u00e9gia Concursos\",\"url\":\"https:\/\/www.estrategiaconcursos.com.br\/blog\/\",\"logo\":{\"@type\":\"ImageObject\",\"inLanguage\":\"pt-BR\",\"@id\":\"https:\/\/www.estrategiaconcursos.com.br\/blog\/#\/schema\/logo\/image\/\",\"url\":\"https:\/\/dhg1h5j42swfq.cloudfront.net\/2025\/06\/03203428\/logo_concursos-1.jpg\",\"contentUrl\":\"https:\/\/dhg1h5j42swfq.cloudfront.net\/2025\/06\/03203428\/logo_concursos-1.jpg\",\"width\":230,\"height\":60,\"caption\":\"Estrat\u00e9gia Concursos\"},\"image\":{\"@id\":\"https:\/\/www.estrategiaconcursos.com.br\/blog\/#\/schema\/logo\/image\/\"},\"sameAs\":[\"https:\/\/x.com\/EstratConcursos\"]},{\"@type\":\"Person\",\"@id\":\"https:\/\/www.estrategiaconcursos.com.br\/blog\/#\/schema\/person\/cc9e76173880338ce9f656c88664a1f6\",\"name\":\"Diogo Mendes\",\"image\":{\"@type\":\"ImageObject\",\"inLanguage\":\"pt-BR\",\"@id\":\"https:\/\/secure.gravatar.com\/avatar\/9754d6777d460a45ef4067b586b94c32005cc2345a0404b8d96adc620cf63806?s=96&d=mm&r=g\",\"url\":\"https:\/\/secure.gravatar.com\/avatar\/9754d6777d460a45ef4067b586b94c32005cc2345a0404b8d96adc620cf63806?s=96&d=mm&r=g\",\"contentUrl\":\"https:\/\/secure.gravatar.com\/avatar\/9754d6777d460a45ef4067b586b94c32005cc2345a0404b8d96adc620cf63806?s=96&d=mm&r=g\",\"caption\":\"Diogo Mendes\"},\"description\":\"Diogo Mendes \u00e9 jornalista formado pela Universidade Paulista, com experi\u00eancia em reda\u00e7\u00f5es de diversos ve\u00edculos e na produ\u00e7\u00e3o de conte\u00fados especializados em concursos p\u00fablicos. Desde 2019, atua no Estrat\u00e9gia Concursos como Jornalista e Analista de Conte\u00fado, com foco na apura\u00e7\u00e3o de informa\u00e7\u00f5es junto a \u00f3rg\u00e3os e fontes oficiais. Dedica-se especialmente \u00e0 produ\u00e7\u00e3o de not\u00edcias e reportagens sobre Concursos Legislativos, al\u00e9m de acompanhar diariamente os concursos policiais, banc\u00e1rios e da \u00e1rea da sa\u00fade.\",\"url\":\"https:\/\/www.estrategiaconcursos.com.br\/blog\/author\/diogo-mendesestrategiaconcursos-com-br\/\"}]}<\/script>\n<!-- \/ Yoast SEO Premium plugin. -->","yoast_head_json":{"title":"Concurso Bombeiro DF: corre\u00e7\u00e3o das discursivas \u00e9 ampliada","description":"Corre\u00e7\u00e3o das provas discursivas do concurso Bombeiro DF s\u00e3o ampliadas em retifica\u00e7\u00e3o nos editais. Veja os detalhes!","robots":{"index":"index","follow":"follow","max-snippet":"max-snippet:-1","max-image-preview":"max-image-preview:large","max-video-preview":"max-video-preview:-1"},"canonical":"https:\/\/www.estrategiaconcursos.com.br\/blog\/concurso-bombeiro-df-2025-discursivas-ampliadas\/","og_locale":"pt_BR","og_type":"article","og_title":"Concurso Bombeiro DF: corre\u00e7\u00e3o das discursivas \u00e9 ampliada","og_description":"Corre\u00e7\u00e3o das provas discursivas do concurso Bombeiro DF s\u00e3o ampliadas em retifica\u00e7\u00e3o nos editais. Veja os detalhes!","og_url":"https:\/\/www.estrategiaconcursos.com.br\/blog\/concurso-bombeiro-df-2025-discursivas-ampliadas\/","og_site_name":"Estrat\u00e9gia Concursos","article_published_time":"2025-12-10T11:40:45+00:00","article_modified_time":"2025-12-10T11:58:17+00:00","og_image":[{"width":768,"height":432,"url":"https:\/\/dhg1h5j42swfq.cloudfront.net\/2022\/01\/20090528\/bombeiro-df.jpg","type":"image\/jpeg"}],"author":"Diogo Mendes","twitter_card":"summary_large_image","twitter_creator":"@EstratConcursos","twitter_site":"@EstratConcursos","twitter_misc":{"Escrito por":"Diogo Mendes","Est. tempo de leitura":"2 minutos"},"schema":{"@context":"https:\/\/schema.org","@graph":[{"@type":"NewsArticle","@id":"https:\/\/www.estrategiaconcursos.com.br\/blog\/concurso-bombeiro-df-2025-discursivas-ampliadas\/#article","isPartOf":{"@id":"https:\/\/www.estrategiaconcursos.com.br\/blog\/concurso-bombeiro-df-2025-discursivas-ampliadas\/"},"author":{"name":"Diogo Mendes","@id":"https:\/\/www.estrategiaconcursos.com.br\/blog\/#\/schema\/person\/cc9e76173880338ce9f656c88664a1f6"},"headline":"Concurso Bombeiro DF: corre\u00e7\u00e3o das discursivas \u00e9 ampliada","datePublished":"2025-12-10T11:40:45+00:00","dateModified":"2025-12-10T11:58:17+00:00","mainEntityOfPage":{"@id":"https:\/\/www.estrategiaconcursos.com.br\/blog\/concurso-bombeiro-df-2025-discursivas-ampliadas\/"},"wordCount":453,"commentCount":0,"publisher":{"@id":"https:\/\/www.estrategiaconcursos.com.br\/blog\/#organization"},"image":{"@id":"https:\/\/www.estrategiaconcursos.com.br\/blog\/concurso-bombeiro-df-2025-discursivas-ampliadas\/#primaryimage"},"thumbnailUrl":"https:\/\/dhg1h5j42swfq.cloudfront.net\/2022\/01\/20090528\/bombeiro-df.jpg","articleSection":["Policial (PM\/BM - Oficial)","Policial (PM\/BM - Pra\u00e7as)","\u00daltimas not\u00edcias"],"inLanguage":"pt-BR","potentialAction":[{"@type":"CommentAction","name":"Comment","target":["https:\/\/www.estrategiaconcursos.com.br\/blog\/concurso-bombeiro-df-2025-discursivas-ampliadas\/#respond"]}],"copyrightYear":"2025","copyrightHolder":{"@id":"https:\/\/www.estrategiaconcursos.com.br\/blog\/#organization"}},{"@type":"WebPage","@id":"https:\/\/www.estrategiaconcursos.com.br\/blog\/concurso-bombeiro-df-2025-discursivas-ampliadas\/","url":"https:\/\/www.estrategiaconcursos.com.br\/blog\/concurso-bombeiro-df-2025-discursivas-ampliadas\/","name":"Concurso Bombeiro DF: corre\u00e7\u00e3o das discursivas \u00e9 ampliada","isPartOf":{"@id":"https:\/\/www.estrategiaconcursos.com.br\/blog\/#website"},"primaryImageOfPage":{"@id":"https:\/\/www.estrategiaconcursos.com.br\/blog\/concurso-bombeiro-df-2025-discursivas-ampliadas\/#primaryimage"},"image":{"@id":"https:\/\/www.estrategiaconcursos.com.br\/blog\/concurso-bombeiro-df-2025-discursivas-ampliadas\/#primaryimage"},"thumbnailUrl":"https:\/\/dhg1h5j42swfq.cloudfront.net\/2022\/01\/20090528\/bombeiro-df.jpg","datePublished":"2025-12-10T11:40:45+00:00","dateModified":"2025-12-10T11:58:17+00:00","description":"Corre\u00e7\u00e3o das provas discursivas do concurso Bombeiro DF s\u00e3o ampliadas em retifica\u00e7\u00e3o nos editais. Veja os detalhes!","breadcrumb":{"@id":"https:\/\/www.estrategiaconcursos.com.br\/blog\/concurso-bombeiro-df-2025-discursivas-ampliadas\/#breadcrumb"},"inLanguage":"pt-BR","potentialAction":[{"@type":"ReadAction","target":["https:\/\/www.estrategiaconcursos.com.br\/blog\/concurso-bombeiro-df-2025-discursivas-ampliadas\/"]}]},{"@type":"ImageObject","inLanguage":"pt-BR","@id":"https:\/\/www.estrategiaconcursos.com.br\/blog\/concurso-bombeiro-df-2025-discursivas-ampliadas\/#primaryimage","url":"https:\/\/dhg1h5j42swfq.cloudfront.net\/2022\/01\/20090528\/bombeiro-df.jpg","contentUrl":"https:\/\/dhg1h5j42swfq.cloudfront.net\/2022\/01\/20090528\/bombeiro-df.jpg","width":768,"height":432,"caption":"Bombeiro DF"},{"@type":"BreadcrumbList","@id":"https:\/\/www.estrategiaconcursos.com.br\/blog\/concurso-bombeiro-df-2025-discursivas-ampliadas\/#breadcrumb","itemListElement":[{"@type":"ListItem","position":1,"name":"In\u00edcio","item":"https:\/\/www.estrategiaconcursos.com.br\/blog\/"},{"@type":"ListItem","position":2,"name":"Concurso Bombeiro DF: corre\u00e7\u00e3o das discursivas \u00e9 ampliada"}]},{"@type":"WebSite","@id":"https:\/\/www.estrategiaconcursos.com.br\/blog\/#website","url":"https:\/\/www.estrategiaconcursos.com.br\/blog\/","name":"Estrat\u00e9gia Concursos","description":"O blog da Estrat\u00e9gia Concursos traz not\u00edcias sobre concursos e artigos de professores oferecendo cursos para concursos (pdf + videaulas) no site.","publisher":{"@id":"https:\/\/www.estrategiaconcursos.com.br\/blog\/#organization"},"potentialAction":[{"@type":"SearchAction","target":{"@type":"EntryPoint","urlTemplate":"https:\/\/www.estrategiaconcursos.com.br\/blog\/?s={search_term_string}"},"query-input":{"@type":"PropertyValueSpecification","valueRequired":true,"valueName":"search_term_string"}}],"inLanguage":"pt-BR"},{"@type":"Organization","@id":"https:\/\/www.estrategiaconcursos.com.br\/blog\/#organization","name":"Estrat\u00e9gia Concursos","url":"https:\/\/www.estrategiaconcursos.com.br\/blog\/","logo":{"@type":"ImageObject","inLanguage":"pt-BR","@id":"https:\/\/www.estrategiaconcursos.com.br\/blog\/#\/schema\/logo\/image\/","url":"https:\/\/dhg1h5j42swfq.cloudfront.net\/2025\/06\/03203428\/logo_concursos-1.jpg","contentUrl":"https:\/\/dhg1h5j42swfq.cloudfront.net\/2025\/06\/03203428\/logo_concursos-1.jpg","width":230,"height":60,"caption":"Estrat\u00e9gia Concursos"},"image":{"@id":"https:\/\/www.estrategiaconcursos.com.br\/blog\/#\/schema\/logo\/image\/"},"sameAs":["https:\/\/x.com\/EstratConcursos"]},{"@type":"Person","@id":"https:\/\/www.estrategiaconcursos.com.br\/blog\/#\/schema\/person\/cc9e76173880338ce9f656c88664a1f6","name":"Diogo Mendes","image":{"@type":"ImageObject","inLanguage":"pt-BR","@id":"https:\/\/secure.gravatar.com\/avatar\/9754d6777d460a45ef4067b586b94c32005cc2345a0404b8d96adc620cf63806?s=96&d=mm&r=g","url":"https:\/\/secure.gravatar.com\/avatar\/9754d6777d460a45ef4067b586b94c32005cc2345a0404b8d96adc620cf63806?s=96&d=mm&r=g","contentUrl":"https:\/\/secure.gravatar.com\/avatar\/9754d6777d460a45ef4067b586b94c32005cc2345a0404b8d96adc620cf63806?s=96&d=mm&r=g","caption":"Diogo Mendes"},"description":"Diogo Mendes \u00e9 jornalista formado pela Universidade Paulista, com experi\u00eancia em reda\u00e7\u00f5es de diversos ve\u00edculos e na produ\u00e7\u00e3o de conte\u00fados especializados em concursos p\u00fablicos. Desde 2019, atua no Estrat\u00e9gia Concursos como Jornalista e Analista de Conte\u00fado, com foco na apura\u00e7\u00e3o de informa\u00e7\u00f5es junto a \u00f3rg\u00e3os e fontes oficiais. Dedica-se especialmente \u00e0 produ\u00e7\u00e3o de not\u00edcias e reportagens sobre Concursos Legislativos, al\u00e9m de acompanhar diariamente os concursos policiais, banc\u00e1rios e da \u00e1rea da sa\u00fade.","url":"https:\/\/www.estrategiaconcursos.com.br\/blog\/author\/diogo-mendesestrategiaconcursos-com-br\/"}]}},"_links":{"self":[{"href":"https:\/\/www.estrategiaconcursos.com.br\/blog\/wp-json\/wp\/v2\/posts\/1682725","targetHints":{"allow":["GET"]}}],"collection":[{"href":"https:\/\/www.estrategiaconcursos.com.br\/blog\/wp-json\/wp\/v2\/posts"}],"about":[{"href":"https:\/\/www.estrategiaconcursos.com.br\/blog\/wp-json\/wp\/v2\/types\/post"}],"author":[{"embeddable":true,"href":"https:\/\/www.estrategiaconcursos.com.br\/blog\/wp-json\/wp\/v2\/users\/1483"}],"replies":[{"embeddable":true,"href":"https:\/\/www.estrategiaconcursos.com.br\/blog\/wp-json\/wp\/v2\/comments?post=1682725"}],"version-history":[{"count":6,"href":"https:\/\/www.estrategiaconcursos.com.br\/blog\/wp-json\/wp\/v2\/posts\/1682725\/revisions"}],"predecessor-version":[{"id":1682755,"href":"https:\/\/www.estrategiaconcursos.com.br\/blog\/wp-json\/wp\/v2\/posts\/1682725\/revisions\/1682755"}],"wp:featuredmedia":[{"embeddable":true,"href":"https:\/\/www.estrategiaconcursos.com.br\/blog\/wp-json\/wp\/v2\/media\/1012049"}],"wp:attachment":[{"href":"https:\/\/www.estrategiaconcursos.com.br\/blog\/wp-json\/wp\/v2\/media?parent=1682725"}],"wp:term":[{"taxonomy":"category","embeddable":true,"href":"https:\/\/www.estrategiaconcursos.com.br\/blog\/wp-json\/wp\/v2\/categories?post=1682725"},{"taxonomy":"post_tag","embeddable":true,"href":"https:\/\/www.estrategiaconcursos.com.br\/blog\/wp-json\/wp\/v2\/tags?post=1682725"},{"taxonomy":"tax_estado","embeddable":true,"href":"https:\/\/www.estrategiaconcursos.com.br\/blog\/wp-json\/wp\/v2\/tax_estado?post=1682725"}],"curies":[{"name":"wp","href":"https:\/\/api.w.org\/{rel}","templated":true}]}}