{"id":1682642,"date":"2026-01-02T11:55:00","date_gmt":"2026-01-02T14:55:00","guid":{"rendered":"https:\/\/www.estrategiaconcursos.com.br\/blog\/?p=1682642"},"modified":"2025-12-29T15:38:15","modified_gmt":"2025-12-29T18:38:15","slug":"poder-legislativo-sefaz-sp","status":"publish","type":"post","link":"https:\/\/www.estrategiaconcursos.com.br\/blog\/poder-legislativo-sefaz-sp\/","title":{"rendered":"Poder Legislativo para a SEFAZ-SP"},"content":{"rendered":"\n<p>Ol\u00e1, pessoal! Tudo bem? O nosso bate-papo de hoje ser\u00e1 sobre o <strong>Poder Legislativo<\/strong>.<\/p>\n\n\n\n<p>Como de costume, vamos trazer aqui os <strong>principais assuntos<\/strong> sobre a mat\u00e9ria, de modo a ajudar os candidatos a revisar o conte\u00fado.<\/p>\n\n\n\n<p>Ent\u00e3o, caro aluno, fique conosco at\u00e9 o final e d\u00ea mais um passo na dire\u00e7\u00e3o da sua (t\u00e3o sonhada) vaga no concurso da <strong>SEFAZ-SP<\/strong>!<\/p>\n\n\n\n<p>Sem mais delongas, vamos ao que interessa\u2026<\/p>\n\n\n\n<p><\/p>\n\n\n\n<h2 class=\"wp-block-heading\" id=\"h-poder-legislativo\" style=\"font-size:clamp(16.293px, 1.018rem + ((1vw - 3.2px) * 0.854), 25px);\"><strong>Poder Legislativo<\/strong><\/h2>\n\n\n\n<p>O Poder Legislativo \u00e9 a estrutura do Estado respons\u00e1vel pela <strong>elabora\u00e7\u00e3o das leis <\/strong>e pela <strong>fiscaliza\u00e7\u00e3o <\/strong>dos atos praticados pela administra\u00e7\u00e3o p\u00fablica.<\/p>\n\n\n\n<p>Assim, o Poder Legislativo exerce papel fundamental no <strong>processo legislativo<\/strong> de diversas esp\u00e9cies normativas, al\u00e9m de realizar o<strong> controle externo<\/strong> do Poder Executivo.<\/p>\n\n\n\n<p>As fun\u00e7\u00f5es acima s\u00e3o consideradas <strong>fun\u00e7\u00f5es t\u00edpicas<\/strong> do Poder Legislativo. Contudo, esse Poder tamb\u00e9m atua <strong>atipicamente<\/strong>, especialmente exercendo as fun\u00e7\u00f5es de <strong>administrar<\/strong> e <strong>julgar<\/strong>:<\/p>\n\n\n\n<ul class=\"wp-block-list has-pale-cyan-blue-background-color has-background\">\n<li><strong>Administrar<\/strong>: Realiza\u00e7\u00e3o de concurso p\u00fablico para a contrata\u00e7\u00e3o de pessoal e de licita\u00e7\u00f5es para a aquisi\u00e7\u00e3o de bens, servi\u00e7os e obras.<\/li>\n<\/ul>\n\n\n\n<ul class=\"wp-block-list has-pale-cyan-blue-background-color has-background\">\n<li><strong>Julgar<\/strong>: Julgamento do Presidente da Rep\u00fablica nos crimes de responsabilidade.<\/li>\n<\/ul>\n\n\n\n<p><\/p>\n\n\n\n<p style=\"font-size:clamp(16.293px, 1.018rem + ((1vw - 3.2px) * 0.854), 25px);\"><strong>Estrutura do Poder Legislativo<\/strong><\/p>\n\n\n\n<p>Na esfera federal, o Poder Legislativo \u00e9 bicameral, composto pelo <strong>Congresso Nacional <\/strong>que, por sua vez, \u00e9 formado pela <strong>C\u00e2mara dos Deputados <\/strong>e pelo <strong>Senado Federal<\/strong>. Seus integrantes s\u00e3o os deputados federais e os senadores.<\/p>\n\n\n\n<p>Por outro lado, o Poder Legislativo <strong>nos estados<\/strong> \u00e9 unicameral, composto pelas <strong>Assembleias legislativas<\/strong>, enquanto no <strong>Distrito Federal<\/strong> \u00e9 a <strong>C\u00e2mara Legislativa <\/strong>que exerce esse papel. Seus integrantes s\u00e3o os deputados estaduais e distritais.<\/p>\n\n\n\n<p>J\u00e1 nos <strong>Munic\u00edpios<\/strong>, o Poder Legislativo tamb\u00e9m \u00e9 unicameral, sendo composto pelas <strong>C\u00e2maras Municipais<\/strong>. S\u00e3o membros do Legislativo municipal os <strong>vereadores<\/strong>.<\/p>\n\n\n\n<p><strong>Atribui\u00e7\u00f5es do Congresso Nacional<\/strong><\/p>\n\n\n\n<p>De acordo com Uadi Lamm\u00eago Bulos, as atribui\u00e7\u00f5es do Congresso Nacional podem ser enquadradas em cinco grandes categorias, a saber:<\/p>\n\n\n\n<ul class=\"wp-block-list has-pale-cyan-blue-background-color has-background\">\n<li><strong>Atividades legislativas<\/strong>: S\u00e3o aquelas realizadas com base no processo legislativo.<\/li>\n<\/ul>\n\n\n\n<ul class=\"wp-block-list has-pale-cyan-blue-background-color has-background\">\n<li><strong>Atividades deliberativas<\/strong>: S\u00e3o as atividades que evidenciam a sua compet\u00eancia exclusiva e as normas de seu regimento interno. S\u00e3o realizadas por decreto legislativo ou resolu\u00e7\u00e3o quando da execu\u00e7\u00e3o de atos concretos, resolu\u00e7\u00f5es referend\u00e1rias, autoriza\u00e7\u00f5es, aprova\u00e7\u00f5es, susta\u00e7\u00f5es etc.<\/li>\n<\/ul>\n\n\n\n<ul class=\"wp-block-list has-pale-cyan-blue-background-color has-background\">\n<li><strong>Atividades fiscalizat\u00f3rias<\/strong>: Correspondem \u00e0s atividades de controle externo da administra\u00e7\u00e3o p\u00fablica, a exemplo de pedidos de informa\u00e7\u00e3o, CPIs, julgamento e tomada de contas do Poder Executivo.<\/li>\n<\/ul>\n\n\n\n<ul class=\"wp-block-list has-pale-cyan-blue-background-color has-background\">\n<li><strong>Atividades de julgamento e controle da moralidade<\/strong>: Consiste no julgamento de autoridades por crimes de responsabilidade.<\/li>\n<\/ul>\n\n\n\n<ul class=\"wp-block-list has-pale-cyan-blue-background-color has-background\">\n<li><strong>Atividades constituintes de segundo grau<\/strong>: S\u00e3o as atividades voltadas \u00e0 elabora\u00e7\u00e3o de emendas \u00e0 Constitui\u00e7\u00e3o Federal.<\/li>\n<\/ul>\n\n\n\n<p class=\"has-text-align-center has-black-color has-luminous-vivid-amber-background-color has-text-color has-background has-link-color wp-elements-4966ba82bd23b44c8e4bed0d08b88884\"><strong><em><a href=\"https:\/\/www.planalto.gov.br\/ccivil_03\/constituicao\/constituicaocompilado.htm\" target=\"_blank\" rel=\"noreferrer noopener\">Leitura recomendada: Arts. 48 e 49 da Constitui\u00e7\u00e3o Federal.<\/a><\/em><\/strong><\/p>\n\n\n\n<p><\/p>\n\n\n\n<p style=\"font-size:clamp(16.293px, 1.018rem + ((1vw - 3.2px) * 0.854), 25px);\"><strong>Funcionamento do Congresso Nacional<\/strong><\/p>\n\n\n\n<p>O Congresso Nacional funciona a partir de <strong>legislaturas<\/strong>. Cada legislatura possui dura\u00e7\u00e3o de <strong>quatro anos<\/strong> e&nbsp; coincide com o mandato dos deputados.<\/p>\n\n\n\n<p>Dentro de cada legislatura existem as <strong>sess\u00f5es legislativas<\/strong>, as quais correspondem ao per\u00edodo entre 2 de fevereiro a 17 de julho e 1\u00ba de agosto a 22 de dezembro de cada ano.<\/p>\n\n\n\n<p>Por fim, vale destacar que as delibera\u00e7\u00f5es de cada Casa do Congresso Nacional e de suas Comiss\u00f5es ser\u00e3o tomadas por <strong>maioria dos votos<\/strong>, presente a <strong>maioria absoluta <\/strong>de seus membros.<\/p>\n\n\n\n<p><\/p>\n\n\n\n<p style=\"font-size:clamp(16.293px, 1.018rem + ((1vw - 3.2px) * 0.854), 25px);\"><strong>C\u00e2mara dos Deputados<\/strong><\/p>\n\n\n\n<p>A C\u00e2mara dos Deputados \u00e9 a <strong>c\u00e2mara baixa<\/strong> do Poder Legislativo.&nbsp;<\/p>\n\n\n\n<p>De acordo com o texto constitucional, a C\u00e2mara dos Deputados comp\u00f5e-se de <strong>representantes do povo<\/strong>, eleitos, pelo <strong>sistema proporcional<\/strong>, em cada Estado, em cada Territ\u00f3rio e no Distrito Federal.<\/p>\n\n\n\n<p>Ao todo, a C\u00e2mara dos Deputados \u00e9 composta por <strong>513<\/strong> deputados federais.<\/p>\n\n\n\n<p>Importa ressaltar que, caso venham a ser institu\u00eddos, os <strong>Territ\u00f3rios eleger\u00e3o quatro deputados<\/strong>.<\/p>\n\n\n\n<p>A seguir, listamos as compet\u00eancias da C\u00e2mara dos Deputados:<\/p>\n\n\n\n<ul class=\"wp-block-list has-pale-cyan-blue-background-color has-background\">\n<li><strong>autorizar a instaura\u00e7\u00e3o de processo <\/strong>contra o Presidente e o Vice-Presidente da Rep\u00fablica e os Ministros de Estado;<\/li>\n<\/ul>\n\n\n\n<ul class=\"wp-block-list has-pale-cyan-blue-background-color has-background\">\n<li><strong>proceder \u00e0 tomada de contas <\/strong>do Presidente da Rep\u00fablica, quando n\u00e3o apresentadas ao Congresso Nacional dentro de <strong>sessenta dias<\/strong> ap\u00f3s a abertura da sess\u00e3o legislativa;<\/li>\n<\/ul>\n\n\n\n<ul class=\"wp-block-list has-pale-cyan-blue-background-color has-background\">\n<li><strong>elaborar seu regimento interno<\/strong>;<\/li>\n<\/ul>\n\n\n\n<ul class=\"wp-block-list has-pale-cyan-blue-background-color has-background\">\n<li>dispor sobre sua <strong>organiza\u00e7\u00e3o, funcionamento, pol\u00edcia, cria\u00e7\u00e3o, transforma\u00e7\u00e3o ou extin\u00e7\u00e3o<\/strong> dos cargos, empregos e fun\u00e7\u00f5es de seus servi\u00e7os, e a iniciativa de lei para fixa\u00e7\u00e3o da respectiva remunera\u00e7\u00e3o, observados os par\u00e2metros estabelecidos na lei de diretrizes or\u00e7ament\u00e1rias;&nbsp;&nbsp;&nbsp;&nbsp;&nbsp;&nbsp;&nbsp;&nbsp;&nbsp;&nbsp;&nbsp;<\/li>\n<\/ul>\n\n\n\n<ul class=\"wp-block-list has-pale-cyan-blue-background-color has-background\">\n<li><strong>eleger membros do Conselho da Rep\u00fablica<\/strong>.<\/li>\n<\/ul>\n\n\n\n<p><\/p>\n\n\n\n<p style=\"font-size:clamp(16.293px, 1.018rem + ((1vw - 3.2px) * 0.854), 25px);\"><strong>Senado Federal<\/strong><\/p>\n\n\n\n<p>O Senado Federal \u00e9 a<strong> c\u00e2mara alta<\/strong> do Poder Legislativo.&nbsp;<\/p>\n\n\n\n<p>De acordo com a Constitui\u00e7\u00e3o Federal, o Senado comp\u00f5e-se de <strong>representantes dos Estados<\/strong> e do Distrito Federal, eleitos segundo o <strong>princ\u00edpio majorit\u00e1rio<\/strong>.<\/p>\n\n\n\n<p>Segundo as regras constitucionais, cada Estado e o Distrito Federal eleger\u00e3o <strong>tr\u00eas Senadores<\/strong>, com <strong>mandato de oito anos<\/strong>, sendo cada Senador eleito com <strong>dois suplentes<\/strong>.<\/p>\n\n\n\n<p>Nesse sentido, devemos chamar a aten\u00e7\u00e3o para o fato de que a representa\u00e7\u00e3o de cada Estado e do Distrito Federal <strong>ser\u00e1 renovada de quatro em quatro anos, alternadamente, por um e dois ter\u00e7os<\/strong>.<\/p>\n\n\n\n<p>Dentre as principais compet\u00eancias do Senado est\u00e3o a de <strong>processar e julgar<\/strong> o Presidente da Rep\u00fablica e os Ministros do STF nos <strong>crimes de responsabilidade<\/strong>.<\/p>\n\n\n\n<p class=\"has-text-align-center has-black-color has-luminous-vivid-amber-background-color has-text-color has-background has-link-color wp-elements-8a2615f3779754e68e85f549b9fe8c81\"><strong><em><a href=\"https:\/\/www.planalto.gov.br\/ccivil_03\/constituicao\/constituicaocompilado.htm\" target=\"_blank\" rel=\"noreferrer noopener\">Leitura recomendada: Art. 52 da Constitui\u00e7\u00e3o Federal.<\/a><\/em><\/strong><\/p>\n\n\n\n<p><\/p>\n\n\n\n<p style=\"font-size:clamp(16.293px, 1.018rem + ((1vw - 3.2px) * 0.854), 25px);\"><strong>Deputados e Senadores<\/strong><\/p>\n\n\n\n<p>A Constitui\u00e7\u00e3o Federal de 1988 trouxe uma s\u00e9rie de normas instituidoras de <strong>imunidades e veda\u00e7\u00f5es <\/strong>aos parlamentares.<\/p>\n\n\n\n<p>Nesse sentido, o constituinte estabeleceu que os Deputados e Senadores s\u00e3o<strong> inviol\u00e1veis, civil e penalmente, por quaisquer de suas opini\u00f5es, palavras e votos<\/strong>.&nbsp;&nbsp;&nbsp;&nbsp;&nbsp;&nbsp;&nbsp;<\/p>\n\n\n\n<p>\u00c9 a chamada <strong>imunidade material <\/strong>parlamentar.<\/p>\n\n\n\n<p>Importante destacar que o Supremo Tribunal Federal j\u00e1 se posicionou no sentido de que a imunidade material protege o parlamentar em todas as manifesta\u00e7\u00f5es que mantenham v\u00ednculo com o exerc\u00edcio do mandato, <strong>mesmo que produzidas fora do recinto da pr\u00f3pria Casa legislativa<\/strong>, ou, com maior raz\u00e3o, quando exteriorizadas no \u00e2mbito do Congresso Nacional.<\/p>\n\n\n\n<p>Vejamos:<\/p>\n\n\n\n<p class=\"has-pale-cyan-blue-background-color has-background\"><em>\u201cA regra do art. 53, caput, da Constitui\u00e7\u00e3o da Rep\u00fablica <strong>contempla as hip\u00f3teses em que supostas ofensas proferidas por parlamentares guardem pertin\u00eancia com suas atividades,<\/strong> <strong>ainda que as palavras sejam proferidas fora do recinto do Congresso Nacional<\/strong>. Essa imunidade material tem por finalidade dotar os membros do Congresso Nacional da liberdade necess\u00e1ria ao pleno exerc\u00edcio da atividade parlamentar.\u201d&nbsp;<\/em><sup data-fn=\"88104955-db0e-4811-8d5a-c2c9e9bdaa2d\" class=\"fn\"><a id=\"88104955-db0e-4811-8d5a-c2c9e9bdaa2d-link\" href=\"#88104955-db0e-4811-8d5a-c2c9e9bdaa2d\">1<\/a><\/sup><\/p>\n\n\n\n<p><\/p>\n\n\n\n<p>Por outro lado, a Carta Magna tamb\u00e9m conferiu aos parlamentares <strong>imunidade processual<\/strong>, de modo que os Deputados e Senadores, desde a expedi\u00e7\u00e3o do diploma, <strong>n\u00e3o poder\u00e3o ser presos, salvo em flagrante de crime inafian\u00e7\u00e1vel<\/strong>.<\/p>\n\n\n\n<p>Neste \u00faltimo caso, os autos ser\u00e3o remetidos dentro de<strong> vinte e quatro horas <\/strong>\u00e0 Casa respectiva, para que, pelo <strong>voto da maioria <\/strong>de seus membros, resolva sobre a pris\u00e3o.&nbsp;&nbsp;&nbsp;<\/p>\n\n\n\n<p>Outra prerrogativa dos parlamentares \u00e9 a <strong>desobriga\u00e7\u00e3o testemunhar<\/strong> sobre informa\u00e7\u00f5es recebidas ou prestadas em raz\u00e3o do exerc\u00edcio do mandato.<\/p>\n\n\n\n<p>J\u00e1 em rela\u00e7\u00e3o \u00e0 <strong>incorpora\u00e7\u00e3o de parlamentares \u00e0s For\u00e7as Armadas<\/strong>, a CF\/88 a condiciona \u00e0 pr\u00e9via licen\u00e7a da Casa respectiva, ainda que os Deputados e Senadores sejam militares e estejam em tempo de guerra.<\/p>\n\n\n\n<p>N\u00e3o \u00e9 demais lembrar que as&nbsp; imunidades de Deputados ou Senadores <strong>subsistir\u00e3o durante o estado de s\u00edtio<\/strong>, <strong>s\u00f3 podendo ser suspensas mediante o voto de dois ter\u00e7os dos membros da Casa respectiva<\/strong>, nos casos de atos praticados fora do recinto do Congresso Nacional, que sejam incompat\u00edveis com a execu\u00e7\u00e3o da medida.<\/p>\n\n\n\n<p>Por fim, o texto constitucional apresentou nos arts. 54 a 56 normas relativas a <strong>incompatibilidades, perda do mandato e afastamento dos parlamentares<\/strong>.&nbsp;<\/p>\n\n\n\n<p>Com efeito, <strong>no art. 54 encontram-se as incompatibilidades<\/strong>, que s\u00e3o hip\u00f3teses de impedimento ou restri\u00e7\u00e3o relativas \u00e0 atividade pol\u00edtica.<\/p>\n\n\n\n<p>J\u00e1 <strong>no art. 55, est\u00e3o elencadas as situa\u00e7\u00f5es que ensejam a perda do mandato<\/strong>, que pode ocorrer por cassa\u00e7\u00e3o ou extin\u00e7\u00e3o.<\/p>\n\n\n\n<p>Por sua vez, <strong>o art. 56 disciplinou as hip\u00f3teses de afastamento dos congressistas<\/strong>, as quais n\u00e3o ensejam a perda do mandato do parlamentar.<\/p>\n\n\n\n<p class=\"has-text-align-center has-black-color has-luminous-vivid-amber-background-color has-text-color has-background has-link-color wp-elements-9ff614010979c24d0593e25cf672aee6\"><strong><em><a href=\"https:\/\/www.planalto.gov.br\/ccivil_03\/constituicao\/constituicaocompilado.htm\" target=\"_blank\" rel=\"noreferrer noopener\">Leitura recomendada: Arts. 54, 55 e 56 da Constitui\u00e7\u00e3o Federal.<\/a><\/em><\/strong><\/p>\n\n\n\n<p><\/p>\n\n\n\n<p style=\"font-size:clamp(16.293px, 1.018rem + ((1vw - 3.2px) * 0.854), 25px);\"><strong>Reuni\u00f5es<\/strong><\/p>\n\n\n\n<p>As reuni\u00f5es do Congresso Nacional ocorrem durante as <strong>sess\u00f5es legislativas<\/strong>.&nbsp;<\/p>\n\n\n\n<p>Uma quest\u00e3o importante \u00e9 que a sess\u00e3o legislativa<strong> n\u00e3o pode ser interrompida<\/strong> sem a aprova\u00e7\u00e3o do projeto de lei de diretrizes or\u00e7ament\u00e1rias.&nbsp;<\/p>\n\n\n\n<p>Em outras palavras,<strong> n\u00e3o pode haver recesso<\/strong> no meio da sess\u00e3o legislativa caso o projeto de LDO n\u00e3o seja aprovado.<\/p>\n\n\n\n<p>Por outro lado, vale trazermos tamb\u00e9m as hip\u00f3teses em que haver\u00e1<strong> delibera\u00e7\u00e3o conjunta<\/strong> da C\u00e2mara e do Senado:<\/p>\n\n\n\n<ul class=\"wp-block-list has-pale-cyan-blue-background-color has-background\">\n<li><strong>inaugura\u00e7\u00e3o da sess\u00e3o legislativa;<\/strong><\/li>\n<\/ul>\n\n\n\n<ul class=\"wp-block-list has-pale-cyan-blue-background-color has-background\">\n<li>elabora\u00e7\u00e3o do<strong> regimento comum<\/strong> e regula\u00e7\u00e3o da cria\u00e7\u00e3o de servi\u00e7os comuns \u00e0s duas Casas;<\/li>\n<\/ul>\n\n\n\n<ul class=\"wp-block-list has-pale-cyan-blue-background-color has-background\">\n<li><strong>recebimento do compromisso<\/strong> do Presidente e do Vice-Presidente da Rep\u00fablica;<\/li>\n<\/ul>\n\n\n\n<ul class=\"wp-block-list has-pale-cyan-blue-background-color has-background\">\n<li>conhecimento do<strong> veto e delibera\u00e7\u00e3o<\/strong> sobre ele.<\/li>\n<\/ul>\n\n\n\n<p>Uma regra tamb\u00e9m muito conhecida \u00e9 a que disp\u00f5e sobre as <strong>sess\u00f5es preparat\u00f3rias<\/strong>.<\/p>\n\n\n\n<p>De acordo com a CF\/88, cada uma das Casas reunir-se-\u00e1 em sess\u00f5es preparat\u00f3rias, a partir de 1\u00ba de fevereiro, no primeiro ano da legislatura, para a posse de seus membros e elei\u00e7\u00e3o das respectivas Mesas, <strong>para mandato de 2 (dois) anos, vedada a recondu\u00e7\u00e3o para o mesmo cargo na elei\u00e7\u00e3o imediatamente subseq\u00fcente<\/strong>. &nbsp;<\/p>\n\n\n\n<p>No que diz respeito \u00e0 Mesa do Congresso Nacional, ela ser\u00e1 <strong>presidida pelo Presidente do Senado Federal<\/strong>, sendo os demais cargos exercidos, alternadamente, pelos ocupantes de cargos equivalentes na C\u00e2mara dos Deputados e no Senado Federal.<\/p>\n\n\n\n<p>Lembremos, agora, dos casos em que haver\u00e1 <strong>convoca\u00e7\u00e3o extraordin\u00e1ria <\/strong>do Congresso Nacional:<\/p>\n\n\n\n<ul class=\"wp-block-list\">\n<li><strong>pelo Presidente do Senado Federal<\/strong>: em caso de decreta\u00e7\u00e3o de estado de defesa ou de interven\u00e7\u00e3o federal, de pedido de autoriza\u00e7\u00e3o para a decreta\u00e7\u00e3o de estado de s\u00edtio e para o compromisso e a posse do Presidente e do Vice-Presidente da Rep\u00fablica;<\/li>\n<\/ul>\n\n\n\n<ul class=\"wp-block-list\">\n<li><strong>pelo Presidente da Rep\u00fablica, pelos Presidentes da C\u00e2mara dos Deputados e do Senado Federal ou a requerimento da maioria dos membros de ambas as Casas<\/strong>: em caso de urg\u00eancia ou interesse p\u00fablico relevante, mediante a aprova\u00e7\u00e3o da maioria absoluta de cada uma das Casas do Congresso Nacional.&nbsp;&nbsp;&nbsp;<\/li>\n<\/ul>\n\n\n\n<p>\u00c9 relevante ressaltar que, na sess\u00e3o legislativa extraordin\u00e1ria, o Congresso Nacional somente deliberar\u00e1 sobre a mat\u00e9ria para a qual foi convocado, <strong>vedado o pagamento de parcela indenizat\u00f3ria em raz\u00e3o da convoca\u00e7\u00e3o<\/strong>.&nbsp;<\/p>\n\n\n\n<p>Uma \u00faltima informa\u00e7\u00e3o a respeito \u00e9 que, <strong>se houver medidas provis\u00f3rias em vigor <\/strong>na data de convoca\u00e7\u00e3o extraordin\u00e1ria do Congresso Nacional, <strong>elas ser\u00e3o automaticamente inclu\u00eddas na pauta da convoca\u00e7\u00e3o<\/strong>.&nbsp;&nbsp;&nbsp;<\/p>\n\n\n\n<p><\/p>\n\n\n\n<p style=\"font-size:clamp(16.293px, 1.018rem + ((1vw - 3.2px) * 0.854), 25px);\"><strong>Comiss\u00f5es<\/strong><\/p>\n\n\n\n<p>Fazem parte da estrutura do Congresso Nacional (e de suas Casas) <strong>comiss\u00f5es permanentes e tempor\u00e1rias<\/strong>.&nbsp;<\/p>\n\n\n\n<p>Essas comiss\u00f5es s\u00e3o constitu\u00eddas na forma e com as atribui\u00e7\u00f5es previstas no respectivo <strong>regimento <\/strong>ou <strong>no ato de que resultar sua cria\u00e7\u00e3o<\/strong>.<\/p>\n\n\n\n<p>A CF\/88 assegura, tanto quanto poss\u00edvel, a <strong>proporcionalidade <\/strong>dos partidos ou blocos na representa\u00e7\u00e3o dessas comiss\u00f5es.<\/p>\n\n\n\n<p>Quanto \u00e0s suas <strong>atribui\u00e7\u00f5es<\/strong>, podemos destacar as principais, como:<\/p>\n\n\n\n<ul class=\"wp-block-list has-pale-cyan-blue-background-color has-background\">\n<li><strong>discutir e votar projeto de lei<\/strong> <strong>que dispensar a compet\u00eancia do Plen\u00e1rio<\/strong>, salvo se houver recurso de um d\u00e9cimo dos membros da Casa;<\/li>\n<\/ul>\n\n\n\n<ul class=\"wp-block-list has-pale-cyan-blue-background-color has-background\">\n<li>realizar <strong>audi\u00eancias p\u00fablicas<\/strong> com entidades da sociedade civil;<\/li>\n<\/ul>\n\n\n\n<ul class=\"wp-block-list has-pale-cyan-blue-background-color has-background\">\n<li><strong>convocar Ministros de Estado<\/strong> para prestar informa\u00e7\u00f5es sobre assuntos inerentes a suas atribui\u00e7\u00f5es;<\/li>\n<\/ul>\n\n\n\n<ul class=\"wp-block-list has-pale-cyan-blue-background-color has-background\">\n<li>receber <strong>peti\u00e7\u00f5es, reclama\u00e7\u00f5es, representa\u00e7\u00f5es ou queixas<\/strong> de qualquer pessoa contra atos ou omiss\u00f5es das autoridades ou entidades p\u00fablicas;<\/li>\n<\/ul>\n\n\n\n<ul class=\"wp-block-list has-pale-cyan-blue-background-color has-background\">\n<li><strong>solicitar depoimento<\/strong> de qualquer autoridade ou cidad\u00e3o;<\/li>\n<\/ul>\n\n\n\n<ul class=\"wp-block-list has-pale-cyan-blue-background-color has-background\">\n<li>apreciar <strong>programas de obras, planos nacionais, regionais e setoriais<\/strong> de desenvolvimento e sobre eles <strong>emitir parecer<\/strong>.<\/li>\n<\/ul>\n\n\n\n<p>Para encerrar, n\u00e3o podemos deixar de abordar as <strong>Comiss\u00f5es Parlamentares de Inqu\u00e9rito (CPIs)<\/strong>.<\/p>\n\n\n\n<p>De acordo com a CF\/88, as CPI s\u00e3o criadas pela C\u00e2mara dos Deputados e pelo Senado Federal, <strong>em conjunto ou separadamente<\/strong>, <strong>mediante requerimento de um ter\u00e7o<\/strong> de seus membros.<\/p>\n\n\n\n<p>As CPIs <strong>t\u00eam poderes de investiga\u00e7\u00e3o pr\u00f3prios das autoridades judiciais<\/strong>, al\u00e9m de outros previstos nos regimentos das respectivas Casas.<\/p>\n\n\n\n<p>O objetivo de sua instaura\u00e7\u00e3o \u00e9 <strong>apurar fato determinado, por prazo certo<\/strong>. As suas conclus\u00f5es, se for o caso, devem ser encaminhadas ao Minist\u00e9rio P\u00fablico, para que promova a responsabilidade civil ou criminal dos infratores.<\/p>\n\n\n\n<p><\/p>\n\n\n\n<p>Ficamos por aqui\u2026<\/p>\n\n\n\n<p>Para se aprofundar no assunto, estude com nossos <a href=\"https:\/\/www.estrategiaconcursos.com.br\/cursos\/concurso\/\">materiais em pdf e em v\u00eddeo aulas<\/a>, e aumente as suas chances de aprova\u00e7\u00e3o.<\/p>\n\n\n\n<p>Bons estudos e at\u00e9 a pr\u00f3xima!<\/p>\n\n\n\n<p>Nilson Assis<\/p>\n\n\n\n<p>Analista Legislativo do Senado Federal<\/p>\n\n\n\n<p>@nsassis.concursos<\/p>\n\n\n\n<ul class=\"wp-block-list\">\n<li><a href=\"https:\/\/www.estrategiaconcursos.com.br\/blog\/concursos-2025\/\">Concursos 2025<\/a><\/li>\n\n\n\n<li><a href=\"https:\/\/www.estrategiaconcursos.com.br\/blog\/concursos-federais-2023\/\">Concursos federais<\/a><\/li>\n\n\n\n<li><a href=\"https:\/\/cj.estrategia.com\/portal\/concursos-abertos-carreiras-juridicas\/\">Concursos abertos Carreiras Jur\u00eddicas<\/a><\/li>\n\n\n\n<li><a href=\"https:\/\/www.estrategiaconcursos.com.br\/blog\/concursos-abertos\/\">Concursos abertos<\/a><\/li>\n<\/ul>\n\n\n\n<p><\/p>\n\n\n\n<p style=\"font-size:clamp(16.293px, 1.018rem + ((1vw - 3.2px) * 0.854), 25px);\"><strong>Refer\u00eancias Bibliogr\u00e1ficas<\/strong><\/p>\n\n\n\n<p>BULOS, Uadi L. <strong>Curso de direito constitucional<\/strong>. 16. ed. Rio de Janeiro: Saraiva Jur, 2023. E-book. ISBN 9786553624818. Dispon\u00edvel em: https:\/\/app.minhabiblioteca.com.br\/reader\/books\/9786553624818\/. Acesso em: 09 dez. 2025.<\/p>\n\n\n\n<p>BRASIL. [Constitui\u00e7\u00e3o (1988)]. <strong>Constitui\u00e7\u00e3o da Rep\u00fablica Federativa do Brasil de 1988<\/strong>. Dispon\u00edvel em: <a href=\"https:\/\/www.planalto.gov.br\/ccivil_03\/constituicao\/constituicaocompilado.htm\">https:\/\/www.planalto.gov.br\/ccivil_03\/constituicao\/constituicaocompilado.htm<\/a>. Acesso em: 09 dez. 2025.<\/p>\n\n\n<ol class=\"wp-block-footnotes\"><li id=\"88104955-db0e-4811-8d5a-c2c9e9bdaa2d\">Inq 4088, Relator(a): Min. EDSON FACHIN, Primeira Turma, julgado em 01\/12\/2015, PROCESSO ELETR\u00d4NICO DJe-058 DIVULG 30-03-2016 PUBLIC 31-03-2016 <a href=\"#88104955-db0e-4811-8d5a-c2c9e9bdaa2d-link\" aria-label=\"Ir para a refer\u00eancia 1 na nota de rodap\u00e9\">\u21a9\ufe0e<\/a><\/li><\/ol>","protected":false},"excerpt":{"rendered":"<p>Ol\u00e1, pessoal! Tudo bem? O nosso bate-papo de hoje ser\u00e1 sobre o Poder Legislativo. Como de costume, vamos trazer aqui os principais assuntos sobre a mat\u00e9ria, de modo a ajudar os candidatos a revisar o conte\u00fado. Ent\u00e3o, caro aluno, fique conosco at\u00e9 o final e d\u00ea mais um passo na dire\u00e7\u00e3o da sua (t\u00e3o sonhada) [&hellip;]<\/p>\n","protected":false},"author":2894,"featured_media":1054260,"comment_status":"open","ping_status":"closed","sticky":false,"template":"","format":"standard","meta":{"post_tipo":"article","footnotes":"[{\"content\":\"Inq 4088, Relator(a): Min. EDSON FACHIN, Primeira Turma, julgado em 01\/12\/2015, PROCESSO ELETR\u00d4NICO DJe-058 DIVULG 30-03-2016 PUBLIC 31-03-2016\",\"id\":\"88104955-db0e-4811-8d5a-c2c9e9bdaa2d\"}]"},"categories":[1],"tags":[],"tax_estado":[],"class_list":["post-1682642","post","type-post","status-publish","format-standard","has-post-thumbnail","hentry","category-cursos-e-concursos"],"acf":[],"yoast_head":"<!-- This site is optimized with the Yoast SEO Premium plugin v27.2 (Yoast SEO v27.2) - https:\/\/yoast.com\/product\/yoast-seo-premium-wordpress\/ -->\n<title>Poder Legislativo para a SEFAZ-SP<\/title>\n<meta name=\"description\" content=\"Ol\u00e1, pessoal! Tudo bem? O nosso bate-papo de hoje ser\u00e1 sobre o Poder Legislativo. Trata-se de uma revis\u00e3o para o concurso da SEFAZ-SP.\" \/>\n<meta name=\"robots\" content=\"index, follow, max-snippet:-1, max-image-preview:large, max-video-preview:-1\" \/>\n<link rel=\"canonical\" href=\"https:\/\/www.estrategiaconcursos.com.br\/blog\/poder-legislativo-sefaz-sp\/\" \/>\n<meta property=\"og:locale\" content=\"pt_BR\" \/>\n<meta property=\"og:type\" content=\"article\" \/>\n<meta property=\"og:title\" content=\"Poder Legislativo para a SEFAZ-SP\" \/>\n<meta property=\"og:description\" content=\"Ol\u00e1, pessoal! Tudo bem? O nosso bate-papo de hoje ser\u00e1 sobre o Poder Legislativo. Trata-se de uma revis\u00e3o para o concurso da SEFAZ-SP.\" \/>\n<meta property=\"og:url\" content=\"https:\/\/www.estrategiaconcursos.com.br\/blog\/poder-legislativo-sefaz-sp\/\" \/>\n<meta property=\"og:site_name\" content=\"Estrat\u00e9gia Concursos\" \/>\n<meta property=\"article:published_time\" content=\"2026-01-02T14:55:00+00:00\" \/>\n<meta property=\"og:image\" content=\"https:\/\/dhg1h5j42swfq.cloudfront.net\/2022\/07\/01181617\/senado_federal_do_brasil_fotos_produzidas_pelo_senado_14921917038-scaled.jpg\" \/>\n\t<meta property=\"og:image:width\" content=\"2560\" \/>\n\t<meta property=\"og:image:height\" content=\"1703\" \/>\n\t<meta property=\"og:image:type\" content=\"image\/jpeg\" \/>\n<meta name=\"author\" content=\"Nilson Silva de Assis\" \/>\n<meta name=\"twitter:card\" content=\"summary_large_image\" \/>\n<meta name=\"twitter:creator\" content=\"@EstratConcursos\" \/>\n<meta name=\"twitter:site\" content=\"@EstratConcursos\" \/>\n<meta name=\"twitter:label1\" content=\"Escrito por\" \/>\n\t<meta name=\"twitter:data1\" content=\"Nilson Silva de Assis\" \/>\n\t<meta name=\"twitter:label2\" content=\"Est. tempo de leitura\" \/>\n\t<meta name=\"twitter:data2\" content=\"11 minutos\" \/>\n<script type=\"application\/ld+json\" class=\"yoast-schema-graph\">{\"@context\":\"https:\/\/schema.org\",\"@graph\":[{\"@type\":\"NewsArticle\",\"@id\":\"https:\/\/www.estrategiaconcursos.com.br\/blog\/poder-legislativo-sefaz-sp\/#article\",\"isPartOf\":{\"@id\":\"https:\/\/www.estrategiaconcursos.com.br\/blog\/poder-legislativo-sefaz-sp\/\"},\"author\":{\"name\":\"Nilson Silva de Assis\",\"@id\":\"https:\/\/www.estrategiaconcursos.com.br\/blog\/#\/schema\/person\/2602628e49ec93d5f782b149f91603ab\"},\"headline\":\"Poder Legislativo para a SEFAZ-SP\",\"datePublished\":\"2026-01-02T14:55:00+00:00\",\"mainEntityOfPage\":{\"@id\":\"https:\/\/www.estrategiaconcursos.com.br\/blog\/poder-legislativo-sefaz-sp\/\"},\"wordCount\":2181,\"commentCount\":0,\"publisher\":{\"@id\":\"https:\/\/www.estrategiaconcursos.com.br\/blog\/#organization\"},\"image\":{\"@id\":\"https:\/\/www.estrategiaconcursos.com.br\/blog\/poder-legislativo-sefaz-sp\/#primaryimage\"},\"thumbnailUrl\":\"https:\/\/dhg1h5j42swfq.cloudfront.net\/2022\/07\/01181617\/senado_federal_do_brasil_fotos_produzidas_pelo_senado_14921917038-scaled.jpg\",\"articleSection\":[\"Concursos P\u00fablicos\"],\"inLanguage\":\"pt-BR\",\"potentialAction\":[{\"@type\":\"CommentAction\",\"name\":\"Comment\",\"target\":[\"https:\/\/www.estrategiaconcursos.com.br\/blog\/poder-legislativo-sefaz-sp\/#respond\"]}],\"copyrightYear\":\"2026\",\"copyrightHolder\":{\"@id\":\"https:\/\/www.estrategiaconcursos.com.br\/blog\/#organization\"}},{\"@type\":\"WebPage\",\"@id\":\"https:\/\/www.estrategiaconcursos.com.br\/blog\/poder-legislativo-sefaz-sp\/\",\"url\":\"https:\/\/www.estrategiaconcursos.com.br\/blog\/poder-legislativo-sefaz-sp\/\",\"name\":\"Poder Legislativo para a SEFAZ-SP\",\"isPartOf\":{\"@id\":\"https:\/\/www.estrategiaconcursos.com.br\/blog\/#website\"},\"primaryImageOfPage\":{\"@id\":\"https:\/\/www.estrategiaconcursos.com.br\/blog\/poder-legislativo-sefaz-sp\/#primaryimage\"},\"image\":{\"@id\":\"https:\/\/www.estrategiaconcursos.com.br\/blog\/poder-legislativo-sefaz-sp\/#primaryimage\"},\"thumbnailUrl\":\"https:\/\/dhg1h5j42swfq.cloudfront.net\/2022\/07\/01181617\/senado_federal_do_brasil_fotos_produzidas_pelo_senado_14921917038-scaled.jpg\",\"datePublished\":\"2026-01-02T14:55:00+00:00\",\"description\":\"Ol\u00e1, pessoal! Tudo bem? O nosso bate-papo de hoje ser\u00e1 sobre o Poder Legislativo. Trata-se de uma revis\u00e3o para o concurso da SEFAZ-SP.\",\"breadcrumb\":{\"@id\":\"https:\/\/www.estrategiaconcursos.com.br\/blog\/poder-legislativo-sefaz-sp\/#breadcrumb\"},\"inLanguage\":\"pt-BR\",\"potentialAction\":[{\"@type\":\"ReadAction\",\"target\":[\"https:\/\/www.estrategiaconcursos.com.br\/blog\/poder-legislativo-sefaz-sp\/\"]}]},{\"@type\":\"ImageObject\",\"inLanguage\":\"pt-BR\",\"@id\":\"https:\/\/www.estrategiaconcursos.com.br\/blog\/poder-legislativo-sefaz-sp\/#primaryimage\",\"url\":\"https:\/\/dhg1h5j42swfq.cloudfront.net\/2022\/07\/01181617\/senado_federal_do_brasil_fotos_produzidas_pelo_senado_14921917038-scaled.jpg\",\"contentUrl\":\"https:\/\/dhg1h5j42swfq.cloudfront.net\/2022\/07\/01181617\/senado_federal_do_brasil_fotos_produzidas_pelo_senado_14921917038-scaled.jpg\",\"width\":2560,\"height\":1703,\"caption\":\"poder legislativo\"},{\"@type\":\"BreadcrumbList\",\"@id\":\"https:\/\/www.estrategiaconcursos.com.br\/blog\/poder-legislativo-sefaz-sp\/#breadcrumb\",\"itemListElement\":[{\"@type\":\"ListItem\",\"position\":1,\"name\":\"In\u00edcio\",\"item\":\"https:\/\/www.estrategiaconcursos.com.br\/blog\/\"},{\"@type\":\"ListItem\",\"position\":2,\"name\":\"Poder Legislativo para a SEFAZ-SP\"}]},{\"@type\":\"WebSite\",\"@id\":\"https:\/\/www.estrategiaconcursos.com.br\/blog\/#website\",\"url\":\"https:\/\/www.estrategiaconcursos.com.br\/blog\/\",\"name\":\"Estrat\u00e9gia Concursos\",\"description\":\"O blog da Estrat\u00e9gia Concursos traz not\u00edcias sobre concursos e artigos de professores oferecendo cursos para concursos (pdf + videaulas) no site.\",\"publisher\":{\"@id\":\"https:\/\/www.estrategiaconcursos.com.br\/blog\/#organization\"},\"potentialAction\":[{\"@type\":\"SearchAction\",\"target\":{\"@type\":\"EntryPoint\",\"urlTemplate\":\"https:\/\/www.estrategiaconcursos.com.br\/blog\/?s={search_term_string}\"},\"query-input\":{\"@type\":\"PropertyValueSpecification\",\"valueRequired\":true,\"valueName\":\"search_term_string\"}}],\"inLanguage\":\"pt-BR\"},{\"@type\":\"Organization\",\"@id\":\"https:\/\/www.estrategiaconcursos.com.br\/blog\/#organization\",\"name\":\"Estrat\u00e9gia Concursos\",\"url\":\"https:\/\/www.estrategiaconcursos.com.br\/blog\/\",\"logo\":{\"@type\":\"ImageObject\",\"inLanguage\":\"pt-BR\",\"@id\":\"https:\/\/www.estrategiaconcursos.com.br\/blog\/#\/schema\/logo\/image\/\",\"url\":\"https:\/\/dhg1h5j42swfq.cloudfront.net\/2025\/06\/03203428\/logo_concursos-1.jpg\",\"contentUrl\":\"https:\/\/dhg1h5j42swfq.cloudfront.net\/2025\/06\/03203428\/logo_concursos-1.jpg\",\"width\":230,\"height\":60,\"caption\":\"Estrat\u00e9gia Concursos\"},\"image\":{\"@id\":\"https:\/\/www.estrategiaconcursos.com.br\/blog\/#\/schema\/logo\/image\/\"},\"sameAs\":[\"https:\/\/x.com\/EstratConcursos\"]},{\"@type\":\"Person\",\"@id\":\"https:\/\/www.estrategiaconcursos.com.br\/blog\/#\/schema\/person\/2602628e49ec93d5f782b149f91603ab\",\"name\":\"Nilson Silva de Assis\",\"image\":{\"@type\":\"ImageObject\",\"inLanguage\":\"pt-BR\",\"@id\":\"https:\/\/secure.gravatar.com\/avatar\/cdec26ae7042f64d4ddcb70bcf78a4fcbc02661bfa30a7ce3d8bf515b625a75a?s=96&d=mm&r=g\",\"url\":\"https:\/\/secure.gravatar.com\/avatar\/cdec26ae7042f64d4ddcb70bcf78a4fcbc02661bfa30a7ce3d8bf515b625a75a?s=96&d=mm&r=g\",\"contentUrl\":\"https:\/\/secure.gravatar.com\/avatar\/cdec26ae7042f64d4ddcb70bcf78a4fcbc02661bfa30a7ce3d8bf515b625a75a?s=96&d=mm&r=g\",\"caption\":\"Nilson Silva de Assis\"},\"description\":\"Atualmente \u00e9 Analista Legislativo do Senado Federal e Professor do Estrat\u00e9gia Concursos. Suas principais aprova\u00e7\u00f5es: Analista Legislativo do Senado Federal; Auditor Federal de Finan\u00e7as e Controle da CGU; Auditor-Fiscal da Receita Estadual da SEFAZ ES; T\u00e9cnico Fazend\u00e1rio do ISS Manaus; Assistente Executivo em Metrologia e Qualidade do Inmetro; Agente Fazend\u00e1rio do ISS Niter\u00f3i\/RJ; Assistente Administrativo da Prefeitura do Rio (RioSa\u00fade); Assistente Administrativo da Secretaria de Administra\u00e7\u00e3o do Munic\u00edpio do RJ.\",\"sameAs\":[\"https:\/\/www.instagram.com\/nilsonassis.concursos\/\",\"kedin.com\/in\/nilson-assis-954132295\/\"],\"url\":\"https:\/\/www.estrategiaconcursos.com.br\/blog\/author\/nilson-sdeassisgmail-com\/\"}]}<\/script>\n<!-- \/ Yoast SEO Premium plugin. -->","yoast_head_json":{"title":"Poder Legislativo para a SEFAZ-SP","description":"Ol\u00e1, pessoal! Tudo bem? O nosso bate-papo de hoje ser\u00e1 sobre o Poder Legislativo. Trata-se de uma revis\u00e3o para o concurso da SEFAZ-SP.","robots":{"index":"index","follow":"follow","max-snippet":"max-snippet:-1","max-image-preview":"max-image-preview:large","max-video-preview":"max-video-preview:-1"},"canonical":"https:\/\/www.estrategiaconcursos.com.br\/blog\/poder-legislativo-sefaz-sp\/","og_locale":"pt_BR","og_type":"article","og_title":"Poder Legislativo para a SEFAZ-SP","og_description":"Ol\u00e1, pessoal! Tudo bem? O nosso bate-papo de hoje ser\u00e1 sobre o Poder Legislativo. Trata-se de uma revis\u00e3o para o concurso da SEFAZ-SP.","og_url":"https:\/\/www.estrategiaconcursos.com.br\/blog\/poder-legislativo-sefaz-sp\/","og_site_name":"Estrat\u00e9gia Concursos","article_published_time":"2026-01-02T14:55:00+00:00","og_image":[{"width":2560,"height":1703,"url":"https:\/\/dhg1h5j42swfq.cloudfront.net\/2022\/07\/01181617\/senado_federal_do_brasil_fotos_produzidas_pelo_senado_14921917038-scaled.jpg","type":"image\/jpeg"}],"author":"Nilson Silva de Assis","twitter_card":"summary_large_image","twitter_creator":"@EstratConcursos","twitter_site":"@EstratConcursos","twitter_misc":{"Escrito por":"Nilson Silva de Assis","Est. tempo de leitura":"11 minutos"},"schema":{"@context":"https:\/\/schema.org","@graph":[{"@type":"NewsArticle","@id":"https:\/\/www.estrategiaconcursos.com.br\/blog\/poder-legislativo-sefaz-sp\/#article","isPartOf":{"@id":"https:\/\/www.estrategiaconcursos.com.br\/blog\/poder-legislativo-sefaz-sp\/"},"author":{"name":"Nilson Silva de Assis","@id":"https:\/\/www.estrategiaconcursos.com.br\/blog\/#\/schema\/person\/2602628e49ec93d5f782b149f91603ab"},"headline":"Poder Legislativo para a SEFAZ-SP","datePublished":"2026-01-02T14:55:00+00:00","mainEntityOfPage":{"@id":"https:\/\/www.estrategiaconcursos.com.br\/blog\/poder-legislativo-sefaz-sp\/"},"wordCount":2181,"commentCount":0,"publisher":{"@id":"https:\/\/www.estrategiaconcursos.com.br\/blog\/#organization"},"image":{"@id":"https:\/\/www.estrategiaconcursos.com.br\/blog\/poder-legislativo-sefaz-sp\/#primaryimage"},"thumbnailUrl":"https:\/\/dhg1h5j42swfq.cloudfront.net\/2022\/07\/01181617\/senado_federal_do_brasil_fotos_produzidas_pelo_senado_14921917038-scaled.jpg","articleSection":["Concursos P\u00fablicos"],"inLanguage":"pt-BR","potentialAction":[{"@type":"CommentAction","name":"Comment","target":["https:\/\/www.estrategiaconcursos.com.br\/blog\/poder-legislativo-sefaz-sp\/#respond"]}],"copyrightYear":"2026","copyrightHolder":{"@id":"https:\/\/www.estrategiaconcursos.com.br\/blog\/#organization"}},{"@type":"WebPage","@id":"https:\/\/www.estrategiaconcursos.com.br\/blog\/poder-legislativo-sefaz-sp\/","url":"https:\/\/www.estrategiaconcursos.com.br\/blog\/poder-legislativo-sefaz-sp\/","name":"Poder Legislativo para a SEFAZ-SP","isPartOf":{"@id":"https:\/\/www.estrategiaconcursos.com.br\/blog\/#website"},"primaryImageOfPage":{"@id":"https:\/\/www.estrategiaconcursos.com.br\/blog\/poder-legislativo-sefaz-sp\/#primaryimage"},"image":{"@id":"https:\/\/www.estrategiaconcursos.com.br\/blog\/poder-legislativo-sefaz-sp\/#primaryimage"},"thumbnailUrl":"https:\/\/dhg1h5j42swfq.cloudfront.net\/2022\/07\/01181617\/senado_federal_do_brasil_fotos_produzidas_pelo_senado_14921917038-scaled.jpg","datePublished":"2026-01-02T14:55:00+00:00","description":"Ol\u00e1, pessoal! Tudo bem? O nosso bate-papo de hoje ser\u00e1 sobre o Poder Legislativo. Trata-se de uma revis\u00e3o para o concurso da SEFAZ-SP.","breadcrumb":{"@id":"https:\/\/www.estrategiaconcursos.com.br\/blog\/poder-legislativo-sefaz-sp\/#breadcrumb"},"inLanguage":"pt-BR","potentialAction":[{"@type":"ReadAction","target":["https:\/\/www.estrategiaconcursos.com.br\/blog\/poder-legislativo-sefaz-sp\/"]}]},{"@type":"ImageObject","inLanguage":"pt-BR","@id":"https:\/\/www.estrategiaconcursos.com.br\/blog\/poder-legislativo-sefaz-sp\/#primaryimage","url":"https:\/\/dhg1h5j42swfq.cloudfront.net\/2022\/07\/01181617\/senado_federal_do_brasil_fotos_produzidas_pelo_senado_14921917038-scaled.jpg","contentUrl":"https:\/\/dhg1h5j42swfq.cloudfront.net\/2022\/07\/01181617\/senado_federal_do_brasil_fotos_produzidas_pelo_senado_14921917038-scaled.jpg","width":2560,"height":1703,"caption":"poder legislativo"},{"@type":"BreadcrumbList","@id":"https:\/\/www.estrategiaconcursos.com.br\/blog\/poder-legislativo-sefaz-sp\/#breadcrumb","itemListElement":[{"@type":"ListItem","position":1,"name":"In\u00edcio","item":"https:\/\/www.estrategiaconcursos.com.br\/blog\/"},{"@type":"ListItem","position":2,"name":"Poder Legislativo para a SEFAZ-SP"}]},{"@type":"WebSite","@id":"https:\/\/www.estrategiaconcursos.com.br\/blog\/#website","url":"https:\/\/www.estrategiaconcursos.com.br\/blog\/","name":"Estrat\u00e9gia Concursos","description":"O blog da Estrat\u00e9gia Concursos traz not\u00edcias sobre concursos e artigos de professores oferecendo cursos para concursos (pdf + videaulas) no site.","publisher":{"@id":"https:\/\/www.estrategiaconcursos.com.br\/blog\/#organization"},"potentialAction":[{"@type":"SearchAction","target":{"@type":"EntryPoint","urlTemplate":"https:\/\/www.estrategiaconcursos.com.br\/blog\/?s={search_term_string}"},"query-input":{"@type":"PropertyValueSpecification","valueRequired":true,"valueName":"search_term_string"}}],"inLanguage":"pt-BR"},{"@type":"Organization","@id":"https:\/\/www.estrategiaconcursos.com.br\/blog\/#organization","name":"Estrat\u00e9gia Concursos","url":"https:\/\/www.estrategiaconcursos.com.br\/blog\/","logo":{"@type":"ImageObject","inLanguage":"pt-BR","@id":"https:\/\/www.estrategiaconcursos.com.br\/blog\/#\/schema\/logo\/image\/","url":"https:\/\/dhg1h5j42swfq.cloudfront.net\/2025\/06\/03203428\/logo_concursos-1.jpg","contentUrl":"https:\/\/dhg1h5j42swfq.cloudfront.net\/2025\/06\/03203428\/logo_concursos-1.jpg","width":230,"height":60,"caption":"Estrat\u00e9gia Concursos"},"image":{"@id":"https:\/\/www.estrategiaconcursos.com.br\/blog\/#\/schema\/logo\/image\/"},"sameAs":["https:\/\/x.com\/EstratConcursos"]},{"@type":"Person","@id":"https:\/\/www.estrategiaconcursos.com.br\/blog\/#\/schema\/person\/2602628e49ec93d5f782b149f91603ab","name":"Nilson Silva de Assis","image":{"@type":"ImageObject","inLanguage":"pt-BR","@id":"https:\/\/secure.gravatar.com\/avatar\/cdec26ae7042f64d4ddcb70bcf78a4fcbc02661bfa30a7ce3d8bf515b625a75a?s=96&d=mm&r=g","url":"https:\/\/secure.gravatar.com\/avatar\/cdec26ae7042f64d4ddcb70bcf78a4fcbc02661bfa30a7ce3d8bf515b625a75a?s=96&d=mm&r=g","contentUrl":"https:\/\/secure.gravatar.com\/avatar\/cdec26ae7042f64d4ddcb70bcf78a4fcbc02661bfa30a7ce3d8bf515b625a75a?s=96&d=mm&r=g","caption":"Nilson Silva de Assis"},"description":"Atualmente \u00e9 Analista Legislativo do Senado Federal e Professor do Estrat\u00e9gia Concursos. Suas principais aprova\u00e7\u00f5es: Analista Legislativo do Senado Federal; Auditor Federal de Finan\u00e7as e Controle da CGU; Auditor-Fiscal da Receita Estadual da SEFAZ ES; T\u00e9cnico Fazend\u00e1rio do ISS Manaus; Assistente Executivo em Metrologia e Qualidade do Inmetro; Agente Fazend\u00e1rio do ISS Niter\u00f3i\/RJ; Assistente Administrativo da Prefeitura do Rio (RioSa\u00fade); Assistente Administrativo da Secretaria de Administra\u00e7\u00e3o do Munic\u00edpio do RJ.","sameAs":["https:\/\/www.instagram.com\/nilsonassis.concursos\/","kedin.com\/in\/nilson-assis-954132295\/"],"url":"https:\/\/www.estrategiaconcursos.com.br\/blog\/author\/nilson-sdeassisgmail-com\/"}]}},"_links":{"self":[{"href":"https:\/\/www.estrategiaconcursos.com.br\/blog\/wp-json\/wp\/v2\/posts\/1682642","targetHints":{"allow":["GET"]}}],"collection":[{"href":"https:\/\/www.estrategiaconcursos.com.br\/blog\/wp-json\/wp\/v2\/posts"}],"about":[{"href":"https:\/\/www.estrategiaconcursos.com.br\/blog\/wp-json\/wp\/v2\/types\/post"}],"author":[{"embeddable":true,"href":"https:\/\/www.estrategiaconcursos.com.br\/blog\/wp-json\/wp\/v2\/users\/2894"}],"replies":[{"embeddable":true,"href":"https:\/\/www.estrategiaconcursos.com.br\/blog\/wp-json\/wp\/v2\/comments?post=1682642"}],"version-history":[{"count":3,"href":"https:\/\/www.estrategiaconcursos.com.br\/blog\/wp-json\/wp\/v2\/posts\/1682642\/revisions"}],"predecessor-version":[{"id":1690278,"href":"https:\/\/www.estrategiaconcursos.com.br\/blog\/wp-json\/wp\/v2\/posts\/1682642\/revisions\/1690278"}],"wp:featuredmedia":[{"embeddable":true,"href":"https:\/\/www.estrategiaconcursos.com.br\/blog\/wp-json\/wp\/v2\/media\/1054260"}],"wp:attachment":[{"href":"https:\/\/www.estrategiaconcursos.com.br\/blog\/wp-json\/wp\/v2\/media?parent=1682642"}],"wp:term":[{"taxonomy":"category","embeddable":true,"href":"https:\/\/www.estrategiaconcursos.com.br\/blog\/wp-json\/wp\/v2\/categories?post=1682642"},{"taxonomy":"post_tag","embeddable":true,"href":"https:\/\/www.estrategiaconcursos.com.br\/blog\/wp-json\/wp\/v2\/tags?post=1682642"},{"taxonomy":"tax_estado","embeddable":true,"href":"https:\/\/www.estrategiaconcursos.com.br\/blog\/wp-json\/wp\/v2\/tax_estado?post=1682642"}],"curies":[{"name":"wp","href":"https:\/\/api.w.org\/{rel}","templated":true}]}}