{"id":1682579,"date":"2025-12-09T17:33:00","date_gmt":"2025-12-09T20:33:00","guid":{"rendered":"https:\/\/www.estrategiaconcursos.com.br\/blog\/?p=1682579"},"modified":"2025-12-09T18:36:05","modified_gmt":"2025-12-09T21:36:05","slug":"governo-atualiza-decreto-de-inclusao-na-educacao","status":"publish","type":"post","link":"https:\/\/www.estrategiaconcursos.com.br\/blog\/governo-atualiza-decreto-de-inclusao-na-educacao\/","title":{"rendered":"Governo atualiza decreto de inclus\u00e3o na educa\u00e7\u00e3o; confira!"},"content":{"rendered":"\n<h3 class=\"wp-block-heading\" id=\"h-decreto-de-inclusao-na-educacao-foi-publicado-em-outubro-e-acaba-de-ser-atualizado\">Decreto de inclus\u00e3o na educa\u00e7\u00e3o foi publicado em outubro e acaba de ser atualizado!<\/h3>\n\n\n\n<p>O governo federal atualizou o Decreto n\u00ba 12.686, de 20 de outubro de 2025, que instituiu a Pol\u00edtica Nacional de Educa\u00e7\u00e3o Especial Inclusiva e a Rede Nacional de Educa\u00e7\u00e3o Especial Inclusiva.<\/p>\n\n\n\n<p>Assim, foi publicado o <a href=\"https:\/\/www.planalto.gov.br\/ccivil_03\/_ato2023-2026\/2025\/decreto\/D12773.htm\"><strong>Decreto n\u00ba 12.773, de 8 de dezembro de 2025<\/strong><\/a>, que altera os artigo e incisos abaixo:<\/p>\n\n\n\n<blockquote class=\"wp-block-quote is-layout-flow wp-block-quote-is-layout-flow\">\n<blockquote class=\"wp-block-quote is-layout-flow wp-block-quote-is-layout-flow\">\n<p>\u201cArt. 1\u00ba &nbsp;&#8230;&#8230;&#8230;&#8230;&#8230;&#8230;&#8230;&#8230;&#8230;&#8230;&#8230;&#8230;&#8230;&#8230;&#8230;&#8230;&#8230;&#8230;&#8230;&#8230;&#8230;&#8230;&#8230;&#8230;&#8230;&#8230;&#8230;&#8230;&#8230;&#8230;&#8230;&#8230;&#8230;&#8230;.<\/p>\n\n\n\n<p><a href=\"https:\/\/www.planalto.gov.br\/ccivil_03\/_ato2023-2026\/2025\/decreto\/D12686.htm#art1%C2%A73.0\">\u00a7 3\u00ba<\/a>&nbsp;&nbsp;A garantia do sistema educacional inclusivo ocorre por meio da organiza\u00e7\u00e3o do sistema educacional geral, de forma a assegurar que os estudantes que s\u00e3o p\u00fablico da educa\u00e7\u00e3o especial tenham o direito a ser inclu\u00eddos em classes e escolas comuns, com o apoio necess\u00e1rio \u00e0 sua participa\u00e7\u00e3o, perman\u00eancia e aprendizagem.\u201d (NR)<\/p>\n\n\n\n<p>\u201cArt. 2\u00ba &nbsp;&#8230;&#8230;&#8230;&#8230;&#8230;&#8230;&#8230;&#8230;&#8230;&#8230;&#8230;&#8230;&#8230;&#8230;&#8230;&#8230;&#8230;&#8230;&#8230;&#8230;&#8230;&#8230;&#8230;&#8230;&#8230;&#8230;&#8230;&#8230;&#8230;&#8230;&#8230;&#8230;&#8230;&#8230;.<\/p>\n\n\n\n<p><a href=\"https:\/\/www.planalto.gov.br\/ccivil_03\/_ato2023-2026\/2025\/decreto\/D12686.htm#art2-6.0\">VI &#8211;<\/a>&nbsp;a garantia de acessibilidade e o incentivo ao desenvolvimento de tecnologias que assegurem o direito \u00e0 educa\u00e7\u00e3o ao p\u00fablico da educa\u00e7\u00e3o especial;<\/p>\n\n\n\n<p><a href=\"https:\/\/www.planalto.gov.br\/ccivil_03\/_ato2023-2026\/2025\/decreto\/D12686.htm#art2-7.0\">VII &#8211;<\/a>&nbsp;a consolida\u00e7\u00e3o do trabalho intersetorial como estrat\u00e9gia para a aten\u00e7\u00e3o integral ao p\u00fablico da educa\u00e7\u00e3o especial; e<\/p>\n\n\n\n<p><a href=\"https:\/\/www.planalto.gov.br\/ccivil_03\/_ato2023-2026\/2025\/decreto\/D12686.htm#art2-8\">VIII &#8211;<\/a>&nbsp;o respeito pela diversidade de estudantes com defici\u00eancia e suas especificidades no \u00e2mbito da educa\u00e7\u00e3o.\u201d (NR)<\/p>\n\n\n\n<p>\u201cArt. 3\u00ba &nbsp;&#8230;&#8230;&#8230;&#8230;&#8230;&#8230;&#8230;&#8230;&#8230;&#8230;&#8230;&#8230;&#8230;&#8230;&#8230;&#8230;&#8230;&#8230;&#8230;&#8230;&#8230;&#8230;&#8230;&#8230;&#8230;&#8230;&#8230;&#8230;&#8230;&#8230;&#8230;&#8230;&#8230;&#8230;.<\/p>\n\n\n\n<p><a href=\"https:\/\/www.planalto.gov.br\/ccivil_03\/_ato2023-2026\/2025\/decreto\/D12686.htm#art3-8.0\">VIII &#8211;<\/a>&nbsp;articula\u00e7\u00e3o intersetorial na implementa\u00e7\u00e3o das pol\u00edticas p\u00fablicas;<\/p>\n\n\n\n<p><a href=\"https:\/\/www.planalto.gov.br\/ccivil_03\/_ato2023-2026\/2025\/decreto\/D12686.htm#art3-9.0\">IX &#8211;<\/a>&nbsp;oferta de educa\u00e7\u00e3o especial preferencialmente na rede regular de ensino; e<\/p>\n\n\n\n<p><a href=\"https:\/\/www.planalto.gov.br\/ccivil_03\/_ato2023-2026\/2025\/decreto\/D12686.htm#art3-10\">X &#8211;<\/a>&nbsp;apoio t\u00e9cnico e financeiro pelo Poder P\u00fablico \u00e0s institui\u00e7\u00f5es privadas sem fins lucrativos, especializadas e com atua\u00e7\u00e3o exclusiva em educa\u00e7\u00e3o especial.\u201d (NR)<\/p>\n\n\n\n<p>\u201cArt. 4\u00ba &nbsp;&#8230;&#8230;&#8230;&#8230;&#8230;&#8230;&#8230;&#8230;&#8230;&#8230;&#8230;&#8230;&#8230;&#8230;&#8230;&#8230;&#8230;&#8230;&#8230;&#8230;&#8230;&#8230;&#8230;&#8230;&#8230;&#8230;&#8230;&#8230;&#8230;&#8230;&#8230;&#8230;&#8230;&#8230;.<\/p>\n\n\n\n<p>I &#8211; &#8230;&#8230;&#8230;&#8230;&#8230;&#8230;&#8230;&#8230;&#8230;&#8230;&#8230;&#8230;&#8230;&#8230;&#8230;&#8230;&#8230;&#8230;&#8230;&#8230;&#8230;&#8230;&#8230;&#8230;&#8230;&#8230;&#8230;&#8230;&#8230;&#8230;&#8230;&#8230;&#8230;&#8230;&#8230;&#8230;&#8230;..<\/p>\n\n\n\n<p><a href=\"https:\/\/www.planalto.gov.br\/ccivil_03\/_ato2023-2026\/2025\/decreto\/D12686.htm#art4-1b.0\">b)&nbsp;<\/a>&nbsp;a educa\u00e7\u00e3o e a aprendizagem ao longo da vida, at\u00e9 os n\u00edveis e as etapas de ensino mais elevados;<\/p>\n\n\n\n<p><a href=\"https:\/\/www.planalto.gov.br\/ccivil_03\/_ato2023-2026\/2025\/decreto\/D12686.htm#art4-2.0\">II &#8211;<\/a>&nbsp;garantir a educa\u00e7\u00e3o b\u00e1sica para o p\u00fablico da educa\u00e7\u00e3o especial, de zero a dezessete anos de idade, asseguradas as adapta\u00e7\u00f5es razo\u00e1veis de acordo com as necessidades individuais;<\/p>\n\n\n\n<p><a href=\"https:\/\/www.planalto.gov.br\/ccivil_03\/_ato2023-2026\/2025\/decreto\/D12686.htm#art4a\">\u201cArt. 4\u00ba-A&nbsp;<\/a>&nbsp;Os Estados, o Distrito Federal e os Munic\u00edpios organizar\u00e3o a modalidade da educa\u00e7\u00e3o especial em seus sistemas de ensino, que poder\u00e1 ser realizada por meio de parcerias e conv\u00eanios com as institui\u00e7\u00f5es privadas sem fins lucrativos, especializadas e com atua\u00e7\u00e3o exclusiva em educa\u00e7\u00e3o especial, nos termos do disposto no&nbsp;<a href=\"https:\/\/www.planalto.gov.br\/ccivil_03\/LEIS\/L9394.htm#art58\">art. 58 da Lei n\u00ba 9.394, de 20 de dezembro de 1996.<\/a>\u201d (NR)<\/p>\n\n\n\n<p>\u201cArt. 11. &nbsp;&#8230;&#8230;&#8230;&#8230;&#8230;&#8230;&#8230;&#8230;&#8230;&#8230;&#8230;&#8230;&#8230;&#8230;&#8230;&#8230;&#8230;&#8230;&#8230;&#8230;&#8230;&#8230;&#8230;&#8230;&#8230;&#8230;&#8230;&#8230;&#8230;&#8230;&#8230;&#8230;&#8230;..<\/p>\n\n\n\n<p><a href=\"https:\/\/www.planalto.gov.br\/ccivil_03\/_ato2023-2026\/2025\/decreto\/D12686.htm#art11%C2%A72.0\">\u00a7 2\u00ba<\/a>&nbsp;&nbsp;O resultado do estudo de caso fundamentar\u00e1 o Plano de Atendimento Educacional Especializado \u2013 PAEE e o Plano Educacional Individualizado \u2013 PEI<\/p>\n\n\n\n<p><a href=\"https:\/\/www.planalto.gov.br\/ccivil_03\/_ato2023-2026\/2025\/decreto\/D12686.htm#art12.0\">\u201cArt. 12.<\/a>&nbsp;&nbsp;\u00c9 obrigat\u00f3ria a realiza\u00e7\u00e3o de documento individualizado de natureza pedag\u00f3gica, com atualiza\u00e7\u00e3o cont\u00ednua, como PAEE e o PEI, que derive do estudo de caso.<\/p>\n\n\n\n<p><a href=\"https:\/\/www.planalto.gov.br\/ccivil_03\/_ato2023-2026\/2025\/decreto\/D12686.htm#art12%C2%A71.0\">\u00a7 1\u00ba&nbsp;<\/a>&nbsp;A institucionaliza\u00e7\u00e3o do PAEE e do PEI comp\u00f5e o projeto pol\u00edtico-pedag\u00f3gico do estabelecimento de ensino.<\/p>\n\n\n\n<p><a href=\"https:\/\/www.planalto.gov.br\/ccivil_03\/_ato2023-2026\/2025\/decreto\/D12686.htm#art12%C2%A72.0\">\u00a7 2\u00ba&nbsp;<\/a>&nbsp;O PAEE e o PEI t\u00eam a finalidade de orientar:<\/p>\n\n\n\n<p>I &#8211;&nbsp;o trabalho a ser desenvolvido em sala de aula comum;<\/p>\n\n\n\n<p>II &#8211;&nbsp;o trabalho desenvolvido no \u00e2mbito do AEE;<\/p>\n\n\n\n<p>III &#8211;&nbsp;as atividades colaborativas no estabelecimento de ensino; e<\/p>\n\n\n\n<p>IV &#8211;&nbsp;as a\u00e7\u00f5es de articula\u00e7\u00e3o intersetorial.<\/p>\n\n\n\n<p><a href=\"https:\/\/www.planalto.gov.br\/ccivil_03\/_ato2023-2026\/2025\/decreto\/D12686.htm#art13.0\">\u201cArt. 13.<\/a>&nbsp;&nbsp;O professor que atua no AEE ter\u00e1:<\/p>\n\n\n\n<p>I &#8211;&nbsp;forma\u00e7\u00e3o inicial que o habilite ao exerc\u00edcio da doc\u00eancia; e<\/p>\n\n\n\n<p>II &#8211;&nbsp;forma\u00e7\u00e3o continuada para a educa\u00e7\u00e3o especial inclusiva, com carga hor\u00e1ria de, no m\u00ednimo, trezentas e sessenta horas, nos termos do disposto em ato do Ministro de Estado da Educa\u00e7\u00e3o.<\/p>\n\n\n\n<p><a href=\"https:\/\/www.planalto.gov.br\/ccivil_03\/_ato2023-2026\/2025\/decreto\/D12686.htm#art14.0\">\u201cArt. 14.<\/a>&nbsp;&nbsp;Ao profissional de apoio escolar compete atuar em conson\u00e2ncia com o PAEE e com o PEI:<\/p>\n\n\n\n<p><a href=\"https:\/\/www.planalto.gov.br\/ccivil_03\/_ato2023-2026\/2025\/decreto\/D12686.htm#art14%C2%A72.0\">\u00a7 2\u00ba<\/a>&nbsp;&nbsp;A oferta do profissional de apoio escolar ser\u00e1 avaliada pelo estudo de caso e independer\u00e1 de resultado de diagn\u00f3stico, laudo, relat\u00f3rio ou qualquer documento emitido por profissional de sa\u00fade.\u201d (NR)<\/p>\n\n\n\n<p><a href=\"https:\/\/www.planalto.gov.br\/ccivil_03\/_ato2023-2026\/2025\/decreto\/D12686.htm#art15.0\">\u201cArt. 15.<\/a>&nbsp;&nbsp;O profissional de apoio escolar ter\u00e1:<\/p>\n\n\n\n<p>I &#8211;&nbsp;forma\u00e7\u00e3o inicial de, no m\u00ednimo, n\u00edvel m\u00e9dio; e<\/p>\n\n\n\n<p>II &#8211; forma\u00e7\u00e3o continuada, com carga hor\u00e1ria de, no m\u00ednimo, cento e oitenta horas, nos termos do disposto em ato do Ministro de Estado da Educa\u00e7\u00e3o.<\/p>\n\n\n\n<p><a href=\"https:\/\/www.planalto.gov.br\/ccivil_03\/_ato2023-2026\/2025\/decreto\/D12686.htm#art19a\">\u201cArt. 19-A.<\/a>\u00a0\u00a0Fica assegurada a distribui\u00e7\u00e3o de recursos do Fundo de Manuten\u00e7\u00e3o e Desenvolvimento da Educa\u00e7\u00e3o B\u00e1sica e de Valoriza\u00e7\u00e3o dos Profissionais da Educa\u00e7\u00e3o \u2013 Fundeb de que trata o\u00a0<a href=\"https:\/\/www.planalto.gov.br\/ccivil_03\/_Ato2019-2022\/2020\/Lei\/L14113.htm#art7%C2%A73ib\">art. 7\u00ba, \u00a7 3\u00ba, inciso I, al\u00ednea \u201cd\u201d, da Lei n\u00ba 14.113, de 25 de dezembro de 2020.<\/a>\u201d (NR).<\/p>\n\n\n\n<h2 class=\"wp-block-heading\" id=\"h-inclusao-na-educacao-o-que-muda\">Inclus\u00e3o na educa\u00e7\u00e3o &#8211; o que muda?<\/h2>\n\n\n\n<p>Agora, com a modifica\u00e7\u00e3o:<\/p>\n\n\n\n<ul class=\"wp-block-list\">\n<li>O decreto reafirma a inclus\u00e3o como regra: a Educa\u00e7\u00e3o Especial deve ser oferecida de forma transversal, em todos os n\u00edveis, etapas e modalidades de ensino;<\/li>\n\n\n\n<li>Garante direitos de estudantes com defici\u00eancia, autistas e com altas habilidades: acesso, perman\u00eancia, aprendizagem, AEE (Atendimento Educacional Especializado) e adapta\u00e7\u00f5es razo\u00e1veis sempre que necess\u00e1rio;<\/li>\n\n\n\n<li>Regulariza tamb\u00e9m o papel das escolas comuns e da rede p\u00fablica no atendimento inclusivo, com suporte t\u00e9cnico e pedag\u00f3gico cont\u00ednuo;<\/li>\n\n\n\n<li>Professores precisam estar preparados: as provas e editais agora devem cobrar a legisla\u00e7\u00e3o, pr\u00e1ticas inclusivas, adapta\u00e7\u00e3o e planejamento.<\/li>\n<\/ul>\n\n\n\n<h2 class=\"wp-block-heading\" id=\"h-o-que-motivou-a-atualizacao\">O que motivou a atualiza\u00e7\u00e3o?<\/h2>\n\n\n\n<p>Alguns Projetos de Decreto Legislativo (PDL) foram protocolados no Congresso Nacional, pedindo a susta\u00e7\u00e3o do Decreto n\u00ba 12.686, que instituiu a Pol\u00edtica Nacional.<\/p>\n\n\n\n<p>De acordo com as institui\u00e7\u00f5es de ensino, o decreto de outubro n\u00e3o trazia a previs\u00e3o da inclus\u00e3o nas escolas especializadas e dos centros de ensino especiais, dando a ideia de que todos os estudantes deveriam ser matriculados nas classes comuns.<\/p>\n\n\n\n<h2 class=\"wp-block-heading has-text-align-center\" id=\"h-quer-saber-tudo-sobre-concursos-previstos-confira-nossos-artigos\">Quer saber tudo sobre concursos previstos?<br \/>Confira  nossos artigos!<\/h2>\n\n\n\n<ul class=\"wp-block-list\">\n<li><a href=\"https:\/\/www.estrategiaconcursos.com.br\/blog\/concursos-abertos\/\" target=\"_blank\" rel=\"noreferrer noopener\">Concursos abertos<\/a><\/li>\n\n\n\n<li><a href=\"https:\/\/www.estrategiaconcursos.com.br\/blog\/concursos-educacao\/\">Concursos educa\u00e7\u00e3o<\/a><\/li>\n\n\n\n<li><a href=\"https:\/\/www.estrategiaconcursos.com.br\/blog\/concursos-2026\/\">Concursos 2026<\/a><\/li>\n<\/ul>\n\n\n\n<h2 class=\"wp-block-heading has-text-align-center\" id=\"estude-para-o-concursos\">Estude para o concurso:<\/h2>\n\n\n\n<div class=\"container\" id=\"boxes\">\n  <div class=\"row\">\n\n    <div class=\"col-sm\">\n      <div class=\"banner-estrategia\" id=\"box-assinatura\">\n        <h3 class=\"titulo-assinatura\">Cursos para concursos<\/h3>\n        <p class=\"subtitulo-assinatura\">Conhe\u00e7a os cursos<\/p>\n        <div class=\"box-botao\">\n          <a class=\"btn-assinatura\" target=\"_blank\" href=\"https:\/\/www.estrategiaconcursos.com.br\/cursos\/\" role=\"button\" rel=\"noopener noreferrer\">Conhe\u00e7a mais<\/a>\n        <\/div>\n      <\/div>\n     \n    <\/div>\n\n  <\/div>\n<\/div>\n\n\n\n<div class=\"container\" id=\"boxes\">\n  <div class=\"row\">\n\n    <div class=\"col-sm\">\n      <div class=\"estrategia\" id=\"box-assinatura\">\n        <h3 class=\"titulo-assinatura\">Assinatura de Concursos<\/h3>\n        <p class=\"subtitulo-assinatura\">Assinatura de 1 ano ou 2 anos<\/p>\n        <div class=\"box-botao\">\n          <a class=\"btn-assinatura\" target=\"_blank\" href=\"https:\/\/www.estrategiaconcursos.com.br\/assinaturas\/\" role=\"button\" rel=\"noopener noreferrer\">ASSINE AGORA<\/a>\n        <\/div>\n      <\/div>\n     \n    <\/div><\/div><\/div>\n<\/blockquote>\n<\/blockquote>\n","protected":false},"excerpt":{"rendered":"<p>Decreto de inclus\u00e3o na educa\u00e7\u00e3o foi publicado em outubro e acaba de ser atualizado! O governo federal atualizou o Decreto n\u00ba 12.686, de 20 de outubro de 2025, que instituiu a Pol\u00edtica Nacional de Educa\u00e7\u00e3o Especial Inclusiva e a Rede Nacional de Educa\u00e7\u00e3o Especial Inclusiva. Assim, foi publicado o Decreto n\u00ba 12.773, de 8 de [&hellip;]<\/p>\n","protected":false},"author":657,"featured_media":1090639,"comment_status":"open","ping_status":"closed","sticky":false,"template":"","format":"standard","meta":{"post_tipo":"news","footnotes":""},"categories":[1,3766,220219],"tags":[],"tax_estado":[219963],"class_list":["post-1682579","post","type-post","status-publish","format-standard","has-post-thumbnail","hentry","category-cursos-e-concursos","category-educacional","category-noticias","tax_estado-concursos-federais"],"acf":[],"yoast_head":"<!-- This site is optimized with the Yoast SEO Premium plugin v27.2 (Yoast SEO v27.2) - https:\/\/yoast.com\/product\/yoast-seo-premium-wordpress\/ -->\n<title>Governo atualiza decreto de inclus\u00e3o na educa\u00e7\u00e3o; confira!<\/title>\n<meta name=\"description\" content=\"Governo atualiza decreto de inclus\u00e3o na educa\u00e7\u00e3o; confira o que mudou e os motivos das altera\u00e7\u00f5es nos decretos!\" \/>\n<meta name=\"robots\" content=\"index, follow, max-snippet:-1, max-image-preview:large, max-video-preview:-1\" \/>\n<link rel=\"canonical\" href=\"https:\/\/www.estrategiaconcursos.com.br\/blog\/governo-atualiza-decreto-de-inclusao-na-educacao\/\" \/>\n<meta property=\"og:locale\" content=\"pt_BR\" \/>\n<meta property=\"og:type\" content=\"article\" \/>\n<meta property=\"og:title\" content=\"Governo atualiza decreto de inclus\u00e3o na educa\u00e7\u00e3o; confira!\" \/>\n<meta property=\"og:description\" content=\"Governo atualiza decreto de inclus\u00e3o na educa\u00e7\u00e3o; confira o que mudou e os motivos das altera\u00e7\u00f5es nos decretos!\" \/>\n<meta property=\"og:url\" content=\"https:\/\/www.estrategiaconcursos.com.br\/blog\/governo-atualiza-decreto-de-inclusao-na-educacao\/\" \/>\n<meta property=\"og:site_name\" content=\"Estrat\u00e9gia Concursos\" \/>\n<meta property=\"article:published_time\" content=\"2025-12-09T20:33:00+00:00\" \/>\n<meta property=\"article:modified_time\" content=\"2025-12-09T21:36:05+00:00\" \/>\n<meta property=\"og:image\" content=\"https:\/\/dhg1h5j42swfq.cloudfront.net\/2022\/09\/06185737\/concursos_educacao.jpg\" \/>\n\t<meta property=\"og:image:width\" content=\"768\" \/>\n\t<meta property=\"og:image:height\" content=\"432\" \/>\n\t<meta property=\"og:image:type\" content=\"image\/jpeg\" \/>\n<meta name=\"author\" content=\"Nat\u00e1lia Scarano\" \/>\n<meta name=\"twitter:card\" content=\"summary_large_image\" \/>\n<meta name=\"twitter:creator\" content=\"@EstratConcursos\" \/>\n<meta name=\"twitter:site\" content=\"@EstratConcursos\" \/>\n<meta name=\"twitter:label1\" content=\"Escrito por\" \/>\n\t<meta name=\"twitter:data1\" content=\"Nat\u00e1lia Scarano\" \/>\n\t<meta name=\"twitter:label2\" content=\"Est. tempo de leitura\" \/>\n\t<meta name=\"twitter:data2\" content=\"5 minutos\" \/>\n<script type=\"application\/ld+json\" class=\"yoast-schema-graph\">{\"@context\":\"https:\/\/schema.org\",\"@graph\":[{\"@type\":\"NewsArticle\",\"@id\":\"https:\/\/www.estrategiaconcursos.com.br\/blog\/governo-atualiza-decreto-de-inclusao-na-educacao\/#article\",\"isPartOf\":{\"@id\":\"https:\/\/www.estrategiaconcursos.com.br\/blog\/governo-atualiza-decreto-de-inclusao-na-educacao\/\"},\"author\":{\"name\":\"Nat\u00e1lia Scarano\",\"@id\":\"https:\/\/www.estrategiaconcursos.com.br\/blog\/#\/schema\/person\/751aedf909a9d10cb23ce6ac527ce0f2\"},\"headline\":\"Governo atualiza decreto de inclus\u00e3o na educa\u00e7\u00e3o; confira!\",\"datePublished\":\"2025-12-09T20:33:00+00:00\",\"dateModified\":\"2025-12-09T21:36:05+00:00\",\"mainEntityOfPage\":{\"@id\":\"https:\/\/www.estrategiaconcursos.com.br\/blog\/governo-atualiza-decreto-de-inclusao-na-educacao\/\"},\"wordCount\":989,\"commentCount\":0,\"publisher\":{\"@id\":\"https:\/\/www.estrategiaconcursos.com.br\/blog\/#organization\"},\"image\":{\"@id\":\"https:\/\/www.estrategiaconcursos.com.br\/blog\/governo-atualiza-decreto-de-inclusao-na-educacao\/#primaryimage\"},\"thumbnailUrl\":\"https:\/\/dhg1h5j42swfq.cloudfront.net\/2022\/09\/06185737\/concursos_educacao.jpg\",\"articleSection\":[\"Concursos P\u00fablicos\",\"Educa\u00e7\u00e3o\",\"\u00daltimas not\u00edcias\"],\"inLanguage\":\"pt-BR\",\"potentialAction\":[{\"@type\":\"CommentAction\",\"name\":\"Comment\",\"target\":[\"https:\/\/www.estrategiaconcursos.com.br\/blog\/governo-atualiza-decreto-de-inclusao-na-educacao\/#respond\"]}],\"copyrightYear\":\"2025\",\"copyrightHolder\":{\"@id\":\"https:\/\/www.estrategiaconcursos.com.br\/blog\/#organization\"}},{\"@type\":\"WebPage\",\"@id\":\"https:\/\/www.estrategiaconcursos.com.br\/blog\/governo-atualiza-decreto-de-inclusao-na-educacao\/\",\"url\":\"https:\/\/www.estrategiaconcursos.com.br\/blog\/governo-atualiza-decreto-de-inclusao-na-educacao\/\",\"name\":\"Governo atualiza decreto de inclus\u00e3o na educa\u00e7\u00e3o; confira!\",\"isPartOf\":{\"@id\":\"https:\/\/www.estrategiaconcursos.com.br\/blog\/#website\"},\"primaryImageOfPage\":{\"@id\":\"https:\/\/www.estrategiaconcursos.com.br\/blog\/governo-atualiza-decreto-de-inclusao-na-educacao\/#primaryimage\"},\"image\":{\"@id\":\"https:\/\/www.estrategiaconcursos.com.br\/blog\/governo-atualiza-decreto-de-inclusao-na-educacao\/#primaryimage\"},\"thumbnailUrl\":\"https:\/\/dhg1h5j42swfq.cloudfront.net\/2022\/09\/06185737\/concursos_educacao.jpg\",\"datePublished\":\"2025-12-09T20:33:00+00:00\",\"dateModified\":\"2025-12-09T21:36:05+00:00\",\"description\":\"Governo atualiza decreto de inclus\u00e3o na educa\u00e7\u00e3o; confira o que mudou e os motivos das altera\u00e7\u00f5es nos decretos!\",\"breadcrumb\":{\"@id\":\"https:\/\/www.estrategiaconcursos.com.br\/blog\/governo-atualiza-decreto-de-inclusao-na-educacao\/#breadcrumb\"},\"inLanguage\":\"pt-BR\",\"potentialAction\":[{\"@type\":\"ReadAction\",\"target\":[\"https:\/\/www.estrategiaconcursos.com.br\/blog\/governo-atualiza-decreto-de-inclusao-na-educacao\/\"]}]},{\"@type\":\"ImageObject\",\"inLanguage\":\"pt-BR\",\"@id\":\"https:\/\/www.estrategiaconcursos.com.br\/blog\/governo-atualiza-decreto-de-inclusao-na-educacao\/#primaryimage\",\"url\":\"https:\/\/dhg1h5j42swfq.cloudfront.net\/2022\/09\/06185737\/concursos_educacao.jpg\",\"contentUrl\":\"https:\/\/dhg1h5j42swfq.cloudfront.net\/2022\/09\/06185737\/concursos_educacao.jpg\",\"width\":768,\"height\":432,\"caption\":\"Concurso SME Indaial SP\"},{\"@type\":\"BreadcrumbList\",\"@id\":\"https:\/\/www.estrategiaconcursos.com.br\/blog\/governo-atualiza-decreto-de-inclusao-na-educacao\/#breadcrumb\",\"itemListElement\":[{\"@type\":\"ListItem\",\"position\":1,\"name\":\"In\u00edcio\",\"item\":\"https:\/\/www.estrategiaconcursos.com.br\/blog\/\"},{\"@type\":\"ListItem\",\"position\":2,\"name\":\"Governo atualiza decreto de inclus\u00e3o na educa\u00e7\u00e3o; confira!\"}]},{\"@type\":\"WebSite\",\"@id\":\"https:\/\/www.estrategiaconcursos.com.br\/blog\/#website\",\"url\":\"https:\/\/www.estrategiaconcursos.com.br\/blog\/\",\"name\":\"Estrat\u00e9gia Concursos\",\"description\":\"O blog da Estrat\u00e9gia Concursos traz not\u00edcias sobre concursos e artigos de professores oferecendo cursos para concursos (pdf + videaulas) no site.\",\"publisher\":{\"@id\":\"https:\/\/www.estrategiaconcursos.com.br\/blog\/#organization\"},\"potentialAction\":[{\"@type\":\"SearchAction\",\"target\":{\"@type\":\"EntryPoint\",\"urlTemplate\":\"https:\/\/www.estrategiaconcursos.com.br\/blog\/?s={search_term_string}\"},\"query-input\":{\"@type\":\"PropertyValueSpecification\",\"valueRequired\":true,\"valueName\":\"search_term_string\"}}],\"inLanguage\":\"pt-BR\"},{\"@type\":\"Organization\",\"@id\":\"https:\/\/www.estrategiaconcursos.com.br\/blog\/#organization\",\"name\":\"Estrat\u00e9gia Concursos\",\"url\":\"https:\/\/www.estrategiaconcursos.com.br\/blog\/\",\"logo\":{\"@type\":\"ImageObject\",\"inLanguage\":\"pt-BR\",\"@id\":\"https:\/\/www.estrategiaconcursos.com.br\/blog\/#\/schema\/logo\/image\/\",\"url\":\"https:\/\/dhg1h5j42swfq.cloudfront.net\/2025\/06\/03203428\/logo_concursos-1.jpg\",\"contentUrl\":\"https:\/\/dhg1h5j42swfq.cloudfront.net\/2025\/06\/03203428\/logo_concursos-1.jpg\",\"width\":230,\"height\":60,\"caption\":\"Estrat\u00e9gia Concursos\"},\"image\":{\"@id\":\"https:\/\/www.estrategiaconcursos.com.br\/blog\/#\/schema\/logo\/image\/\"},\"sameAs\":[\"https:\/\/x.com\/EstratConcursos\"]},{\"@type\":\"Person\",\"@id\":\"https:\/\/www.estrategiaconcursos.com.br\/blog\/#\/schema\/person\/751aedf909a9d10cb23ce6ac527ce0f2\",\"name\":\"Nat\u00e1lia Scarano\",\"image\":{\"@type\":\"ImageObject\",\"inLanguage\":\"pt-BR\",\"@id\":\"https:\/\/secure.gravatar.com\/avatar\/8a889b8db3dbd227a1a78627357ec8fe64f5e99189d1889a270127828ab372ac?s=96&d=mm&r=g\",\"url\":\"https:\/\/secure.gravatar.com\/avatar\/8a889b8db3dbd227a1a78627357ec8fe64f5e99189d1889a270127828ab372ac?s=96&d=mm&r=g\",\"contentUrl\":\"https:\/\/secure.gravatar.com\/avatar\/8a889b8db3dbd227a1a78627357ec8fe64f5e99189d1889a270127828ab372ac?s=96&d=mm&r=g\",\"caption\":\"Nat\u00e1lia Scarano\"},\"description\":\"Jornalista, formada e p\u00f3s graduada pelo IESB, faz parte do time de jornalistas do Estrat\u00e9gia desde 2017. Possui familiaridade com as \u00e1reas de Tribunais, Defensorias, Procuradorias, Minist\u00e9rios P\u00fablicos, Conselhos, Educa\u00e7\u00e3o, \u00c1rea de Seguran\u00e7a, concursos de Carreiras Jur\u00eddicas e OAB. Experi\u00eancia em marketing digital, assessoria de comunica\u00e7\u00e3o e institucional na \u00e1rea privada e p\u00fablica, com atua\u00e7\u00e3o em \u00f3rg\u00e3os como CGU, Cofen e CNM.\",\"url\":\"https:\/\/www.estrategiaconcursos.com.br\/blog\/author\/natalia-scaranoestrategiaconcursos-com-br\/\"}]}<\/script>\n<!-- \/ Yoast SEO Premium plugin. -->","yoast_head_json":{"title":"Governo atualiza decreto de inclus\u00e3o na educa\u00e7\u00e3o; confira!","description":"Governo atualiza decreto de inclus\u00e3o na educa\u00e7\u00e3o; confira o que mudou e os motivos das altera\u00e7\u00f5es nos decretos!","robots":{"index":"index","follow":"follow","max-snippet":"max-snippet:-1","max-image-preview":"max-image-preview:large","max-video-preview":"max-video-preview:-1"},"canonical":"https:\/\/www.estrategiaconcursos.com.br\/blog\/governo-atualiza-decreto-de-inclusao-na-educacao\/","og_locale":"pt_BR","og_type":"article","og_title":"Governo atualiza decreto de inclus\u00e3o na educa\u00e7\u00e3o; confira!","og_description":"Governo atualiza decreto de inclus\u00e3o na educa\u00e7\u00e3o; confira o que mudou e os motivos das altera\u00e7\u00f5es nos decretos!","og_url":"https:\/\/www.estrategiaconcursos.com.br\/blog\/governo-atualiza-decreto-de-inclusao-na-educacao\/","og_site_name":"Estrat\u00e9gia Concursos","article_published_time":"2025-12-09T20:33:00+00:00","article_modified_time":"2025-12-09T21:36:05+00:00","og_image":[{"width":768,"height":432,"url":"https:\/\/dhg1h5j42swfq.cloudfront.net\/2022\/09\/06185737\/concursos_educacao.jpg","type":"image\/jpeg"}],"author":"Nat\u00e1lia Scarano","twitter_card":"summary_large_image","twitter_creator":"@EstratConcursos","twitter_site":"@EstratConcursos","twitter_misc":{"Escrito por":"Nat\u00e1lia Scarano","Est. tempo de leitura":"5 minutos"},"schema":{"@context":"https:\/\/schema.org","@graph":[{"@type":"NewsArticle","@id":"https:\/\/www.estrategiaconcursos.com.br\/blog\/governo-atualiza-decreto-de-inclusao-na-educacao\/#article","isPartOf":{"@id":"https:\/\/www.estrategiaconcursos.com.br\/blog\/governo-atualiza-decreto-de-inclusao-na-educacao\/"},"author":{"name":"Nat\u00e1lia Scarano","@id":"https:\/\/www.estrategiaconcursos.com.br\/blog\/#\/schema\/person\/751aedf909a9d10cb23ce6ac527ce0f2"},"headline":"Governo atualiza decreto de inclus\u00e3o na educa\u00e7\u00e3o; confira!","datePublished":"2025-12-09T20:33:00+00:00","dateModified":"2025-12-09T21:36:05+00:00","mainEntityOfPage":{"@id":"https:\/\/www.estrategiaconcursos.com.br\/blog\/governo-atualiza-decreto-de-inclusao-na-educacao\/"},"wordCount":989,"commentCount":0,"publisher":{"@id":"https:\/\/www.estrategiaconcursos.com.br\/blog\/#organization"},"image":{"@id":"https:\/\/www.estrategiaconcursos.com.br\/blog\/governo-atualiza-decreto-de-inclusao-na-educacao\/#primaryimage"},"thumbnailUrl":"https:\/\/dhg1h5j42swfq.cloudfront.net\/2022\/09\/06185737\/concursos_educacao.jpg","articleSection":["Concursos P\u00fablicos","Educa\u00e7\u00e3o","\u00daltimas not\u00edcias"],"inLanguage":"pt-BR","potentialAction":[{"@type":"CommentAction","name":"Comment","target":["https:\/\/www.estrategiaconcursos.com.br\/blog\/governo-atualiza-decreto-de-inclusao-na-educacao\/#respond"]}],"copyrightYear":"2025","copyrightHolder":{"@id":"https:\/\/www.estrategiaconcursos.com.br\/blog\/#organization"}},{"@type":"WebPage","@id":"https:\/\/www.estrategiaconcursos.com.br\/blog\/governo-atualiza-decreto-de-inclusao-na-educacao\/","url":"https:\/\/www.estrategiaconcursos.com.br\/blog\/governo-atualiza-decreto-de-inclusao-na-educacao\/","name":"Governo atualiza decreto de inclus\u00e3o na educa\u00e7\u00e3o; confira!","isPartOf":{"@id":"https:\/\/www.estrategiaconcursos.com.br\/blog\/#website"},"primaryImageOfPage":{"@id":"https:\/\/www.estrategiaconcursos.com.br\/blog\/governo-atualiza-decreto-de-inclusao-na-educacao\/#primaryimage"},"image":{"@id":"https:\/\/www.estrategiaconcursos.com.br\/blog\/governo-atualiza-decreto-de-inclusao-na-educacao\/#primaryimage"},"thumbnailUrl":"https:\/\/dhg1h5j42swfq.cloudfront.net\/2022\/09\/06185737\/concursos_educacao.jpg","datePublished":"2025-12-09T20:33:00+00:00","dateModified":"2025-12-09T21:36:05+00:00","description":"Governo atualiza decreto de inclus\u00e3o na educa\u00e7\u00e3o; confira o que mudou e os motivos das altera\u00e7\u00f5es nos decretos!","breadcrumb":{"@id":"https:\/\/www.estrategiaconcursos.com.br\/blog\/governo-atualiza-decreto-de-inclusao-na-educacao\/#breadcrumb"},"inLanguage":"pt-BR","potentialAction":[{"@type":"ReadAction","target":["https:\/\/www.estrategiaconcursos.com.br\/blog\/governo-atualiza-decreto-de-inclusao-na-educacao\/"]}]},{"@type":"ImageObject","inLanguage":"pt-BR","@id":"https:\/\/www.estrategiaconcursos.com.br\/blog\/governo-atualiza-decreto-de-inclusao-na-educacao\/#primaryimage","url":"https:\/\/dhg1h5j42swfq.cloudfront.net\/2022\/09\/06185737\/concursos_educacao.jpg","contentUrl":"https:\/\/dhg1h5j42swfq.cloudfront.net\/2022\/09\/06185737\/concursos_educacao.jpg","width":768,"height":432,"caption":"Concurso SME Indaial SP"},{"@type":"BreadcrumbList","@id":"https:\/\/www.estrategiaconcursos.com.br\/blog\/governo-atualiza-decreto-de-inclusao-na-educacao\/#breadcrumb","itemListElement":[{"@type":"ListItem","position":1,"name":"In\u00edcio","item":"https:\/\/www.estrategiaconcursos.com.br\/blog\/"},{"@type":"ListItem","position":2,"name":"Governo atualiza decreto de inclus\u00e3o na educa\u00e7\u00e3o; confira!"}]},{"@type":"WebSite","@id":"https:\/\/www.estrategiaconcursos.com.br\/blog\/#website","url":"https:\/\/www.estrategiaconcursos.com.br\/blog\/","name":"Estrat\u00e9gia Concursos","description":"O blog da Estrat\u00e9gia Concursos traz not\u00edcias sobre concursos e artigos de professores oferecendo cursos para concursos (pdf + videaulas) no site.","publisher":{"@id":"https:\/\/www.estrategiaconcursos.com.br\/blog\/#organization"},"potentialAction":[{"@type":"SearchAction","target":{"@type":"EntryPoint","urlTemplate":"https:\/\/www.estrategiaconcursos.com.br\/blog\/?s={search_term_string}"},"query-input":{"@type":"PropertyValueSpecification","valueRequired":true,"valueName":"search_term_string"}}],"inLanguage":"pt-BR"},{"@type":"Organization","@id":"https:\/\/www.estrategiaconcursos.com.br\/blog\/#organization","name":"Estrat\u00e9gia Concursos","url":"https:\/\/www.estrategiaconcursos.com.br\/blog\/","logo":{"@type":"ImageObject","inLanguage":"pt-BR","@id":"https:\/\/www.estrategiaconcursos.com.br\/blog\/#\/schema\/logo\/image\/","url":"https:\/\/dhg1h5j42swfq.cloudfront.net\/2025\/06\/03203428\/logo_concursos-1.jpg","contentUrl":"https:\/\/dhg1h5j42swfq.cloudfront.net\/2025\/06\/03203428\/logo_concursos-1.jpg","width":230,"height":60,"caption":"Estrat\u00e9gia Concursos"},"image":{"@id":"https:\/\/www.estrategiaconcursos.com.br\/blog\/#\/schema\/logo\/image\/"},"sameAs":["https:\/\/x.com\/EstratConcursos"]},{"@type":"Person","@id":"https:\/\/www.estrategiaconcursos.com.br\/blog\/#\/schema\/person\/751aedf909a9d10cb23ce6ac527ce0f2","name":"Nat\u00e1lia Scarano","image":{"@type":"ImageObject","inLanguage":"pt-BR","@id":"https:\/\/secure.gravatar.com\/avatar\/8a889b8db3dbd227a1a78627357ec8fe64f5e99189d1889a270127828ab372ac?s=96&d=mm&r=g","url":"https:\/\/secure.gravatar.com\/avatar\/8a889b8db3dbd227a1a78627357ec8fe64f5e99189d1889a270127828ab372ac?s=96&d=mm&r=g","contentUrl":"https:\/\/secure.gravatar.com\/avatar\/8a889b8db3dbd227a1a78627357ec8fe64f5e99189d1889a270127828ab372ac?s=96&d=mm&r=g","caption":"Nat\u00e1lia Scarano"},"description":"Jornalista, formada e p\u00f3s graduada pelo IESB, faz parte do time de jornalistas do Estrat\u00e9gia desde 2017. Possui familiaridade com as \u00e1reas de Tribunais, Defensorias, Procuradorias, Minist\u00e9rios P\u00fablicos, Conselhos, Educa\u00e7\u00e3o, \u00c1rea de Seguran\u00e7a, concursos de Carreiras Jur\u00eddicas e OAB. Experi\u00eancia em marketing digital, assessoria de comunica\u00e7\u00e3o e institucional na \u00e1rea privada e p\u00fablica, com atua\u00e7\u00e3o em \u00f3rg\u00e3os como CGU, Cofen e CNM.","url":"https:\/\/www.estrategiaconcursos.com.br\/blog\/author\/natalia-scaranoestrategiaconcursos-com-br\/"}]}},"_links":{"self":[{"href":"https:\/\/www.estrategiaconcursos.com.br\/blog\/wp-json\/wp\/v2\/posts\/1682579","targetHints":{"allow":["GET"]}}],"collection":[{"href":"https:\/\/www.estrategiaconcursos.com.br\/blog\/wp-json\/wp\/v2\/posts"}],"about":[{"href":"https:\/\/www.estrategiaconcursos.com.br\/blog\/wp-json\/wp\/v2\/types\/post"}],"author":[{"embeddable":true,"href":"https:\/\/www.estrategiaconcursos.com.br\/blog\/wp-json\/wp\/v2\/users\/657"}],"replies":[{"embeddable":true,"href":"https:\/\/www.estrategiaconcursos.com.br\/blog\/wp-json\/wp\/v2\/comments?post=1682579"}],"version-history":[{"count":8,"href":"https:\/\/www.estrategiaconcursos.com.br\/blog\/wp-json\/wp\/v2\/posts\/1682579\/revisions"}],"predecessor-version":[{"id":1682614,"href":"https:\/\/www.estrategiaconcursos.com.br\/blog\/wp-json\/wp\/v2\/posts\/1682579\/revisions\/1682614"}],"wp:featuredmedia":[{"embeddable":true,"href":"https:\/\/www.estrategiaconcursos.com.br\/blog\/wp-json\/wp\/v2\/media\/1090639"}],"wp:attachment":[{"href":"https:\/\/www.estrategiaconcursos.com.br\/blog\/wp-json\/wp\/v2\/media?parent=1682579"}],"wp:term":[{"taxonomy":"category","embeddable":true,"href":"https:\/\/www.estrategiaconcursos.com.br\/blog\/wp-json\/wp\/v2\/categories?post=1682579"},{"taxonomy":"post_tag","embeddable":true,"href":"https:\/\/www.estrategiaconcursos.com.br\/blog\/wp-json\/wp\/v2\/tags?post=1682579"},{"taxonomy":"tax_estado","embeddable":true,"href":"https:\/\/www.estrategiaconcursos.com.br\/blog\/wp-json\/wp\/v2\/tax_estado?post=1682579"}],"curies":[{"name":"wp","href":"https:\/\/api.w.org\/{rel}","templated":true}]}}