{"id":1682544,"date":"2026-01-27T14:44:00","date_gmt":"2026-01-27T17:44:00","guid":{"rendered":"https:\/\/www.estrategiaconcursos.com.br\/blog\/?p=1682544"},"modified":"2026-01-27T14:59:09","modified_gmt":"2026-01-27T17:59:09","slug":"concurso-telebras-edital-publicado","status":"publish","type":"post","link":"https:\/\/www.estrategiaconcursos.com.br\/blog\/concurso-telebras-edital-publicado\/","title":{"rendered":"Edital Telebras: provas no dia 8 de fevereiro!"},"content":{"rendered":"\n<p>As provas objetivas e discursivas do edital <strong>Telebras (<a href=\"https:\/\/www.estrategiaconcursos.com.br\/cursosPorConcurso\/telebras-128\/\" target=\"_blank\" rel=\"noreferrer noopener\">Telecomunica\u00e7\u00f5es Brasileiras S\/A<\/a>)<\/strong> ser\u00e3o aplicadas pelo Cebraspe no dia<strong> 8 de fevereiro. <\/strong><\/p>\n\n\n\n<p>Com isso, a empresa disponibilizou a convoca\u00e7\u00e3o para as provas, bem como os hor\u00e1rios de abertura dos port\u00f5es e aplica\u00e7\u00e3o dos exames.<\/p>\n\n\n\n<p><strong>Abertura dos port\u00f5es:<\/strong> 11h30<br \/>\u2022 <strong>Fechamento dos port\u00f5es:<\/strong> 12h30<br \/>\u2022 <strong>In\u00edcio das provas:<\/strong> 13h00<br \/>\u2022 <strong>Dura\u00e7\u00e3o da prova:<\/strong> 4 horas e 30 minutos<\/p>\n\n\n\n<p><a href=\"https:\/\/dhg1h5j42swfq.cloudfront.net\/2026\/01\/27144259\/7438d6ebbea097baa40a1910c51fff613a0925036c41b224c9fe2b087fc2f477-1.pdf\" target=\"_blank\" rel=\"noreferrer noopener nofollow\"><strong>Confira na \u00edntegra!<\/strong><\/a><\/p>\n\n\n\n<p>Lembrando que os candidatos disputam <strong>15 vagas imediatas mais 930 oportunidades de cadastro reserva<\/strong>. <\/p>\n\n\n\n<p>J\u00e1 os sal\u00e1rios iniciais s\u00e3o bem atrativos, com valores de <strong>R$ 11,6 mil<\/strong>, isso sem contar os diversos benef\u00edcios.<\/p>\n\n\n\n<p>A carreira da vez \u00e9 de <strong>Especialista em Gest\u00e3o de Telecomunica\u00e7\u00f5es<\/strong>, ofertada com <strong>diversas especialidades e em diferentes cidades de lota\u00e7\u00e3o.<\/strong><\/p>\n\n\n\n<div class=\"container\" id=\"boxes\">\n  <div class=\"row\">\n\n    <div class=\"col-sm\">\n      <div class=\"banner-estrat-corj\" id=\"box-assinatura\">\n        <h2 class=\"titulo-assinatura\" style=\"text-align: left;\">Cursos para o Concurso Telebras<\/h2>\n        <p class=\"subtitulo-assinatura\" style=\"text-align: left;\">Conhe\u00e7a os cursos<\/p>\n        <div class=\"box-botao\" style=\"text-align: left;\">\n          <a class=\"btn-assinatura\" target=\"_blank\" href=\"https:\/\/www.estrategiaconcursos.com.br\/cursosPorConcurso\/telebras-128\/\" role=\"button\" rel=\"noopener noreferrer\">CLIQUE AQUI<\/a>\n        <\/div>\n      <\/div><\/div><\/div><\/div>\n\n\n\n<h2 class=\"wp-block-heading\" id=\"sobre\">Sobre a Telebras<\/h2>\n\n\n\n<p>Vinculada ao Minist\u00e9rio das Comunica\u00e7\u00f5es, a Telecomunica\u00e7\u00f5es Brasileiras S.A. \u2013 Telebras, \u00e9 uma sociedade de economia mista de capital aberto, que fornece solu\u00e7\u00f5es de conex\u00e3o. Tem o prop\u00f3sito de levar conectividade em alta capacidade a todas localidades do pa\u00eds.<\/p>\n\n\n\n<p>A empresa promove as pol\u00edticas p\u00fablicas de inclus\u00e3o digital do Estado e atende \u00e0s demandas de solu\u00e7\u00f5es em servi\u00e7os de conex\u00e3o para a Administra\u00e7\u00e3o P\u00fablica. <\/p>\n\n\n\n<p>Fazem isso por meio de uma rede \u00f3ptica de alta resili\u00eancia de mais de 28 mil km e da cobertura em todo territ\u00f3rio nacional do Sat\u00e9lite Geoestacion\u00e1rio de Defesa e Comunica\u00e7\u00f5es Estrat\u00e9gicas (SGDC) cujo papel \u00e9 essencial para a universaliza\u00e7\u00e3o da banda larga no Brasil.<\/p>\n\n\n\n<p>Al\u00e9m do nosso papel social, tamb\u00e9m atuam estimulando o desenvolvimento do mercado de telecomunica\u00e7\u00f5es ao fornecer infraestrutura para internet banda larga aos provedores regionais, o que estimula as economias regionais e fomenta a concorr\u00eancia no setor de telecomunica\u00e7\u00f5es. <\/p>\n\n\n\n<p>\u00c9 a \u00fanica estatal de telecomunica\u00e7\u00f5es do pa\u00eds e atua no atendimento aos Provedores Regionais e a Pontos de Interesse P\u00fablico do Governo Federal.&nbsp;&nbsp;<\/p>\n\n\n\n<h2 class=\"wp-block-heading\" id=\"datas\">Principais datas do edital da Telebras<\/h2>\n\n\n\n<ul class=\"wp-block-list\">\n<li><strong>Inscri\u00e7\u00f5es:<\/strong> <s>11 de dezembro a 2 de janeiro de 2026<\/s><\/li>\n\n\n\n<li><strong>Isen\u00e7\u00e3o da taxa:<\/strong> <s>11 a 14 de dezembro<\/s><\/li>\n\n\n\n<li><strong>Pagamento da taxa:<\/strong> <s>at\u00e9 6 de janeiro de 2026<\/s><\/li>\n\n\n\n<li><strong>Data das provas:<\/strong> 8 de fevereiro de 2026<\/li>\n<\/ul>\n\n\n\n<h2 class=\"wp-block-heading\" id=\"cargos\">Cargos e vagas do edital da Telebras<\/h2>\n\n\n\n<p><strong>Especialista em Gest\u00e3o de Telecomunica\u00e7\u00f5es<\/strong>: R$ 11.680,78<\/p>\n\n\n\n<figure class=\"wp-block-table is-style-stripes\"><table class=\"has-fixed-layout\"><thead><tr><th class=\"has-text-align-center\" data-align=\"center\">Especialidades<\/th><th class=\"has-text-align-center\" data-align=\"center\">Vagas<\/th><\/tr><\/thead><tbody><tr><td class=\"has-text-align-center\" data-align=\"center\">Advogado<\/td><td class=\"has-text-align-center\" data-align=\"center\">50 CR<\/td><\/tr><tr><td class=\"has-text-align-center\" data-align=\"center\">Analista de Tecnologia da Informa\u00e7\u00e3o<\/td><td class=\"has-text-align-center\" data-align=\"center\">2 + 130 CR<\/td><\/tr><tr><td class=\"has-text-align-center\" data-align=\"center\">Analista Superior \u2013 Subatividade: Administrativo<\/td><td class=\"has-text-align-center\" data-align=\"center\">4 + 100 CR<\/td><\/tr><tr><td class=\"has-text-align-center\" data-align=\"center\">Analista Superior \u2013 Subatividade: Auditoria<\/td><td class=\"has-text-align-center\" data-align=\"center\">1 + 30 CR<\/td><\/tr><tr><td class=\"has-text-align-center\" data-align=\"center\">Analista Superior \u2013 Subatividade: Comercial<\/td><td class=\"has-text-align-center\" data-align=\"center\">1 + 120 CR<\/td><\/tr><tr><td class=\"has-text-align-center\" data-align=\"center\">Analista Superior \u2013 Subatividade: Estat\u00edstica<\/td><td class=\"has-text-align-center\" data-align=\"center\">1 + 30 CR<\/td><\/tr><tr><td class=\"has-text-align-center\" data-align=\"center\">Analista Superior \u2013 Subatividade: Finan\u00e7as<\/td><td class=\"has-text-align-center\" data-align=\"center\">1 + 30 CR<\/td><\/tr><tr><td class=\"has-text-align-center\" data-align=\"center\">Analista Superior \u2013 Subatividade: Marketing<\/td><td class=\"has-text-align-center\" data-align=\"center\">30 CR<\/td><\/tr><tr><td class=\"has-text-align-center\" data-align=\"center\">Analista Superior \u2013 Subatividade: Psicologia <\/td><td class=\"has-text-align-center\" data-align=\"center\">30 CR<\/td><\/tr><tr><td class=\"has-text-align-center\" data-align=\"center\">Contador<\/td><td class=\"has-text-align-center\" data-align=\"center\">1 + 50 CR<\/td><\/tr><tr><td class=\"has-text-align-center\" data-align=\"center\">Engenheiro \u2013 Subatividade: Engenheiro Aeroespacial<\/td><td class=\"has-text-align-center\" data-align=\"center\">30 CR<\/td><\/tr><tr><td class=\"has-text-align-center\" data-align=\"center\">Engenheiro \u2013 Subatividade: Engenheiro Civil<\/td><td class=\"has-text-align-center\" data-align=\"center\">40 CR<\/td><\/tr><tr><td class=\"has-text-align-center\" data-align=\"center\">Engenheiro \u2013 Subatividade: Engenheiro de Redes<\/td><td class=\"has-text-align-center\" data-align=\"center\">1 + 130 CR<\/td><\/tr><tr><td class=\"has-text-align-center\" data-align=\"center\">Engenheiro \u2013 Subatividade: Engenheiro Eletricista<\/td><td class=\"has-text-align-center\" data-align=\"center\">1 + 50 CR<\/td><\/tr><tr><td class=\"has-text-align-center\" data-align=\"center\">Engenheiro \u2013 Subatividade: Engenheiro de Telecomunica\u00e7\u00f5es<\/td><td class=\"has-text-align-center\" data-align=\"center\">130 CR<\/td><\/tr><\/tbody><\/table><\/figure>\n\n\n\n<h2 class=\"wp-block-heading\" id=\"cargos\">Etapas de provas do edital da Telebras<\/h2>\n\n\n\n<ul class=\"wp-block-list\">\n<li><strong>Prova objetiva<\/strong> (P1), de car\u00e1ter classificat\u00f3rio e eliminat\u00f3rio;<\/li>\n\n\n\n<li><strong>Prova objetiva <\/strong>(P2), de car\u00e1ter classificat\u00f3rio e eliminat\u00f3rio;<\/li>\n\n\n\n<li><strong>Prova discursiva<\/strong> (P3), de car\u00e1ter classificat\u00f3rio e eliminat\u00f3rio;<\/li>\n\n\n\n<li><strong>Avalia\u00e7\u00e3o de t\u00edtulos<\/strong> (P4), de car\u00e1ter classificat\u00f3rio.<\/li>\n<\/ul>\n\n\n\n<h3 class=\"wp-block-heading\" id=\"objetiva\">Prova objetiva<\/h3>\n\n\n\n<p>As provas objetivas, de car\u00e1ter eliminat\u00f3rio e classificat\u00f3rio, valer\u00e3o 120,00 pontos e ser\u00e3o compostas por quest\u00f5es de CERTO ou ERRADO.<\/p>\n\n\n\n<p>Cada quest\u00e3o valer\u00e1 1 ponto, sendo que a P1 ser\u00e1 composta por <strong>50 quest\u00f5es<\/strong> de Conhecimentos B\u00e1sicos e a P2 ser\u00e1 composta por <strong>70 quest\u00f5es<\/strong> de Conhecimentos Espec\u00edficos.<\/p>\n\n\n\n<p>Ser\u00e1 reprovado nas provas objetivas e eliminado do concurso p\u00fablico o candidato que se enquadrar em pelo menos um dos itens a seguir: <\/p>\n\n\n\n<ul class=\"wp-block-list\">\n<li>a) obtiver nota inferior a 10,00 pontos na prova objetiva de conhecimentos b\u00e1sicos P1; <\/li>\n\n\n\n<li>b) obtiver nota inferior a 21,00 pontos na prova objetiva de conhecimentos espec\u00edficos P2;<\/li>\n\n\n\n<li>c) obtiver nota inferior a 36,00 pontos no conjunto das provas objetivas<\/li>\n<\/ul>\n\n\n\n<h3 class=\"wp-block-heading\" id=\"discursiva\">Prova discursiva<\/h3>\n\n\n\n<p>A prova discursiva valer\u00e1 30,00 pontos e consistir\u00e1 da reda\u00e7\u00e3o de texto dissertativo, de at\u00e9 30 linhas, a respeito de temas relacionados a conhecimentos espec\u00edficos de cada especialidade do cargo de Especialista em Gest\u00e3o de Telecomunica\u00e7\u00f5es.<\/p>\n\n\n\n<p>A prova discursiva avaliar\u00e1 o conte\u00fado (conhecimento do tema), a capacidade de express\u00e3o na modalidade escrita e o uso das normas do registro formal culto da L\u00edngua Portuguesa. O candidato dever\u00e1 produzir, conforme o comando formulado pela banca examinadora, texto dissertativo, primando pela coer\u00eancia e pela coes\u00e3o.<\/p>\n\n\n\n<h3 class=\"wp-block-heading\" id=\"titulos\">Avalia\u00e7\u00e3o de t\u00edtulos<\/h3>\n\n\n\n<p>A avalia\u00e7\u00e3o de t\u00edtulos valer\u00e1 20,00 pontos, ainda que a soma dos valores dos t\u00edtulos enviados seja superior a esse valor.<\/p>\n\n\n\n<p>Somente ser\u00e3o aceitos os t\u00edtulos abaixo relacionados, expedidos at\u00e9 a data de envio, observados os limites de pontos do quadro a seguir.<\/p>\n\n\n\n<figure class=\"wp-block-image aligncenter size-full\"><img loading=\"lazy\" decoding=\"async\" width=\"625\" height=\"492\" src=\"https:\/\/dhg1h5j42swfq.cloudfront.net\/2025\/12\/09174835\/titulos.jpg\" alt=\"edital telebras avalia\u00e7\u00e3o de t\u00edtulos\" class=\"wp-image-1682562\" srcset=\"https:\/\/dhg1h5j42swfq.cloudfront.net\/2025\/12\/09174835\/titulos.jpg 625w, https:\/\/dhg1h5j42swfq.cloudfront.net\/2025\/12\/09174835\/titulos-300x236.jpg 300w, https:\/\/dhg1h5j42swfq.cloudfront.net\/2025\/12\/09174835\/titulos-150x118.jpg 150w\" sizes=\"auto, (max-width: 625px) 100vw, 625px\" \/><\/figure>\n\n\n\n<p class=\"has-text-align-center\"><em>Para saber todos os detalhes do edital da Telebras, acesse agora mesmo o artigo completo que preparamos para voc\u00ea. O link est\u00e1 dispon\u00edvel logo abaixo: <\/em><\/p>\n\n\n\n<p class=\"has-text-align-center has-background\" style=\"background-color:#eeeeee;font-size:clamp(14.642px, 0.915rem + ((1vw - 3.2px) * 0.721), 22px);\"><strong>Saiba mais: <a href=\"https:\/\/www.estrategiaconcursos.com.br\/blog\/concurso-telebras\/\" target=\"_blank\" rel=\"noreferrer noopener\">Concurso Telebras<\/a><\/strong><\/p>\n\n\n\n<hr class=\"wp-block-separator has-alpha-channel-opacity\"\/>\n\n\n\n<h2 class=\"wp-block-heading has-text-align-center\" id=\"assinatura\"><span><em>Quer estudar para o <\/em><\/span><em>edital da Telebras?<\/em><\/h2>\n\n\n\n<div class=\"container\" id=\"boxes\">\n  <div class=\"row\">\n\n    <div class=\"col-sm\">\n      <div class=\"banner-estrat-corj\" id=\"box-assinatura\">\n        <h3 class=\"titulo-assinatura\" style=\"text-align: left;\">Cursos para Telebras<\/h3>\n        <p class=\"subtitulo-assinatura\" style=\"text-align: left;\">Conhe\u00e7a os cursos<\/p>\n        <div class=\"box-botao\" style=\"text-align: left;\">\n          <a class=\"btn-assinatura\" target=\"_blank\" href=\"https:\/\/www.estrategiaconcursos.com.br\/cursosPorConcurso\/telebras-128\/\" role=\"button\" rel=\"noopener noreferrer\">CLIQUE AQUI<\/a>\n        <\/div>\n      <\/div><\/div><\/div><\/div>\n\n\n\n<div class=\"container\" id=\"boxes\">\n  <div class=\"row\">\n\n    <div class=\"col-sm\">\n      <div class=\"estrategia\" id=\"box-assinatura\">\n        <h3 class=\"titulo-assinatura\"> Concursos P\u00fablicos\n        <p class=\"subtitulo-assinatura\">Assinatura de 1 ano ou 2 anos<\/p>\n        <div class=\"box-botao\">\n          <a class=\"btn-assinatura\" target=\"_blank\" href=\"https:\/\/www.estrategiaconcursos.com.br\/assinaturas\/\" role=\"button\" rel=\"noopener noreferrer\">ASSINE AGORA<\/a>\n        <\/div>\n      <\/h3><\/div><\/div><\/div><\/div>\n\n\n\n<h2 class=\"wp-block-heading has-text-align-center\" id=\"quer-saber-tudo-sobre-concursos-previstos-confira-nossos-artigos\">Quer saber tudo sobre concursos previstos? <br \/>Confira nossos artigos!<\/h2>\n\n\n\n<ul class=\"wp-block-list\">\n<li><a href=\"https:\/\/www.estrategiaconcursos.com.br\/blog\/concursos-abertos\/\" target=\"_blank\" rel=\"noreferrer noopener\">Concursos abertos<\/a><\/li>\n\n\n\n<li><a href=\"https:\/\/www.estrategiaconcursos.com.br\/blog\/concurso-administrativos\/\">Concursos administrativos<\/a><\/li>\n\n\n\n<li><a href=\"https:\/\/www.estrategiaconcursos.com.br\/blog\/concursos-2026\/\" target=\"_blank\" rel=\"noreferrer noopener\">Concursos 2026<\/a><\/li>\n<\/ul>\n\n\n\n<figure class=\"wp-block-image size-large is-resized\"><img loading=\"lazy\" decoding=\"async\" width=\"1024\" height=\"632\" src=\"https:\/\/dhg1h5j42swfq.cloudfront.net\/2021\/04\/14110855\/ficha-tecnica-129-1024x632.png\" alt=\"Ficha t\u00e9cnica do concurso Telebras\" class=\"wp-image-713849\" style=\"aspect-ratio:1.6179775280898876;width:257px;height:auto\" srcset=\"https:\/\/dhg1h5j42swfq.cloudfront.net\/2021\/04\/14110855\/ficha-tecnica-129-1024x632.png 1024w, https:\/\/dhg1h5j42swfq.cloudfront.net\/2021\/04\/14110855\/ficha-tecnica-129-300x185.png 300w, https:\/\/dhg1h5j42swfq.cloudfront.net\/2021\/04\/14110855\/ficha-tecnica-129-768x474.png 768w, https:\/\/dhg1h5j42swfq.cloudfront.net\/2021\/04\/14110855\/ficha-tecnica-129-1536x948.png 1536w, https:\/\/dhg1h5j42swfq.cloudfront.net\/2021\/04\/14110855\/ficha-tecnica-129-610x377.png 610w, https:\/\/dhg1h5j42swfq.cloudfront.net\/2021\/04\/14110855\/ficha-tecnica-129.png 1571w\" sizes=\"auto, (max-width: 1024px) 100vw, 1024px\" \/><\/figure>\n\n\n\n<h3 class=\"wp-block-heading\" id=\"ficha-tecnica\">\u2666 Informa\u00e7\u00f5es do edital de concurso Telebras<\/h3>\n\n\n\n<ul class=\"wp-block-list\">\n<li><strong>Data da prova:<\/strong> 08\/02\/2026<\/li>\n\n\n\n<li><strong style=\"color: initial;\">Vagas:<\/strong><span style=\"color: initial;\"> <\/span>15 + 930 CR<\/li>\n\n\n\n<li><strong>Cargos: <\/strong>Especialista em Gest\u00e3o de Telecomunica\u00e7\u00f5es<\/li>\n\n\n\n<li><strong>Escolaridade: <\/strong><span style=\"color: initial;\">n\u00edvel superior<\/span><\/li>\n\n\n\n<li><strong>Banca:<\/strong> <a href=\"https:\/\/www.cebraspe.org.br\/concursos\/telebras_25\" target=\"_blank\" rel=\"noreferrer noopener\">Cebraspe<\/a><\/li>\n\n\n\n<li><strong>Edital:<\/strong> <a href=\"https:\/\/dhg1h5j42swfq.cloudfront.net\/2025\/12\/09173106\/edital-telebras-2025-2.pdf\" target=\"_blank\" rel=\"noreferrer noopener nofollow\">Telebras 2025<\/a><\/li>\n<\/ul>\n","protected":false},"excerpt":{"rendered":"<p>As provas objetivas e discursivas do edital Telebras (Telecomunica\u00e7\u00f5es Brasileiras S\/A) ser\u00e3o aplicadas pelo Cebraspe no dia 8 de fevereiro. Com isso, a empresa disponibilizou a convoca\u00e7\u00e3o para as provas, bem como os hor\u00e1rios de abertura dos port\u00f5es e aplica\u00e7\u00e3o dos exames. Abertura dos port\u00f5es: 11h30\u2022 Fechamento dos port\u00f5es: 12h30\u2022 In\u00edcio das provas: 13h00\u2022 Dura\u00e7\u00e3o [&hellip;]<\/p>\n","protected":false},"author":2692,"featured_media":729968,"comment_status":"open","ping_status":"closed","sticky":false,"template":"","format":"standard","meta":{"post_tipo":"news","footnotes":""},"categories":[214992,220219],"tags":[],"tax_estado":[219963],"class_list":["post-1682544","post","type-post","status-publish","format-standard","has-post-thumbnail","hentry","category-concursos-administrativos","category-noticias","tax_estado-concursos-federais"],"acf":[],"yoast_head":"<!-- This site is optimized with the Yoast SEO Premium plugin v27.2 (Yoast SEO v27.2) - https:\/\/yoast.com\/product\/yoast-seo-premium-wordpress\/ -->\n<title>Edital Telebras: provas no dia 8 de fevereiro!<\/title>\n<meta name=\"description\" content=\"Edital Telebras oferece quase mil vagas e sal\u00e1rios iniciais de R$ 11,6 mil. Inscri\u00e7\u00f5es encerradas! Provas marcadas para 08\/02.\" \/>\n<meta name=\"robots\" content=\"index, follow, max-snippet:-1, max-image-preview:large, max-video-preview:-1\" \/>\n<link rel=\"canonical\" href=\"https:\/\/www.estrategiaconcursos.com.br\/blog\/concurso-telebras-edital-publicado\/\" \/>\n<meta property=\"og:locale\" content=\"pt_BR\" \/>\n<meta property=\"og:type\" content=\"article\" \/>\n<meta property=\"og:title\" content=\"Edital Telebras: provas no dia 8 de fevereiro!\" \/>\n<meta property=\"og:description\" content=\"Edital Telebras oferece quase mil vagas e sal\u00e1rios iniciais de R$ 11,6 mil. Inscri\u00e7\u00f5es encerradas! Provas marcadas para 08\/02.\" \/>\n<meta property=\"og:url\" content=\"https:\/\/www.estrategiaconcursos.com.br\/blog\/concurso-telebras-edital-publicado\/\" \/>\n<meta property=\"og:site_name\" content=\"Estrat\u00e9gia Concursos\" \/>\n<meta property=\"article:published_time\" content=\"2026-01-27T17:44:00+00:00\" \/>\n<meta property=\"article:modified_time\" content=\"2026-01-27T17:59:09+00:00\" \/>\n<meta property=\"og:image\" content=\"https:\/\/dhg1h5j42swfq.cloudfront.net\/2021\/04\/03154132\/telebras.jpg\" \/>\n\t<meta property=\"og:image:width\" content=\"768\" \/>\n\t<meta property=\"og:image:height\" content=\"432\" \/>\n\t<meta property=\"og:image:type\" content=\"image\/jpeg\" \/>\n<meta name=\"author\" content=\"Ronaldo Scanavini Neto\" \/>\n<meta name=\"twitter:card\" content=\"summary_large_image\" \/>\n<meta name=\"twitter:creator\" content=\"@EstratConcursos\" \/>\n<meta name=\"twitter:site\" content=\"@EstratConcursos\" \/>\n<meta name=\"twitter:label1\" content=\"Escrito por\" \/>\n\t<meta name=\"twitter:data1\" content=\"Ronaldo Scanavini Neto\" \/>\n\t<meta name=\"twitter:label2\" content=\"Est. tempo de leitura\" \/>\n\t<meta name=\"twitter:data2\" content=\"4 minutos\" \/>\n<script type=\"application\/ld+json\" class=\"yoast-schema-graph\">{\"@context\":\"https:\/\/schema.org\",\"@graph\":[{\"@type\":\"NewsArticle\",\"@id\":\"https:\/\/www.estrategiaconcursos.com.br\/blog\/concurso-telebras-edital-publicado\/#article\",\"isPartOf\":{\"@id\":\"https:\/\/www.estrategiaconcursos.com.br\/blog\/concurso-telebras-edital-publicado\/\"},\"author\":{\"name\":\"Ronaldo Scanavini Neto\",\"@id\":\"https:\/\/www.estrategiaconcursos.com.br\/blog\/#\/schema\/person\/70c2ad4297aa24ff8815b08215b23a76\"},\"headline\":\"Edital Telebras: provas no dia 8 de fevereiro!\",\"datePublished\":\"2026-01-27T17:44:00+00:00\",\"dateModified\":\"2026-01-27T17:59:09+00:00\",\"mainEntityOfPage\":{\"@id\":\"https:\/\/www.estrategiaconcursos.com.br\/blog\/concurso-telebras-edital-publicado\/\"},\"wordCount\":889,\"commentCount\":0,\"publisher\":{\"@id\":\"https:\/\/www.estrategiaconcursos.com.br\/blog\/#organization\"},\"image\":{\"@id\":\"https:\/\/www.estrategiaconcursos.com.br\/blog\/concurso-telebras-edital-publicado\/#primaryimage\"},\"thumbnailUrl\":\"https:\/\/dhg1h5j42swfq.cloudfront.net\/2021\/04\/03154132\/telebras.jpg\",\"articleSection\":[\"Executivo (Administrativa)\",\"\u00daltimas not\u00edcias\"],\"inLanguage\":\"pt-BR\",\"potentialAction\":[{\"@type\":\"CommentAction\",\"name\":\"Comment\",\"target\":[\"https:\/\/www.estrategiaconcursos.com.br\/blog\/concurso-telebras-edital-publicado\/#respond\"]}],\"copyrightYear\":\"2026\",\"copyrightHolder\":{\"@id\":\"https:\/\/www.estrategiaconcursos.com.br\/blog\/#organization\"}},{\"@type\":\"WebPage\",\"@id\":\"https:\/\/www.estrategiaconcursos.com.br\/blog\/concurso-telebras-edital-publicado\/\",\"url\":\"https:\/\/www.estrategiaconcursos.com.br\/blog\/concurso-telebras-edital-publicado\/\",\"name\":\"Edital Telebras: provas no dia 8 de fevereiro!\",\"isPartOf\":{\"@id\":\"https:\/\/www.estrategiaconcursos.com.br\/blog\/#website\"},\"primaryImageOfPage\":{\"@id\":\"https:\/\/www.estrategiaconcursos.com.br\/blog\/concurso-telebras-edital-publicado\/#primaryimage\"},\"image\":{\"@id\":\"https:\/\/www.estrategiaconcursos.com.br\/blog\/concurso-telebras-edital-publicado\/#primaryimage\"},\"thumbnailUrl\":\"https:\/\/dhg1h5j42swfq.cloudfront.net\/2021\/04\/03154132\/telebras.jpg\",\"datePublished\":\"2026-01-27T17:44:00+00:00\",\"dateModified\":\"2026-01-27T17:59:09+00:00\",\"description\":\"Edital Telebras oferece quase mil vagas e sal\u00e1rios iniciais de R$ 11,6 mil. Inscri\u00e7\u00f5es encerradas! Provas marcadas para 08\/02.\",\"breadcrumb\":{\"@id\":\"https:\/\/www.estrategiaconcursos.com.br\/blog\/concurso-telebras-edital-publicado\/#breadcrumb\"},\"inLanguage\":\"pt-BR\",\"potentialAction\":[{\"@type\":\"ReadAction\",\"target\":[\"https:\/\/www.estrategiaconcursos.com.br\/blog\/concurso-telebras-edital-publicado\/\"]}]},{\"@type\":\"ImageObject\",\"inLanguage\":\"pt-BR\",\"@id\":\"https:\/\/www.estrategiaconcursos.com.br\/blog\/concurso-telebras-edital-publicado\/#primaryimage\",\"url\":\"https:\/\/dhg1h5j42swfq.cloudfront.net\/2021\/04\/03154132\/telebras.jpg\",\"contentUrl\":\"https:\/\/dhg1h5j42swfq.cloudfront.net\/2021\/04\/03154132\/telebras.jpg\",\"width\":768,\"height\":432,\"caption\":\"Concurso Telebras Resultado prova\"},{\"@type\":\"BreadcrumbList\",\"@id\":\"https:\/\/www.estrategiaconcursos.com.br\/blog\/concurso-telebras-edital-publicado\/#breadcrumb\",\"itemListElement\":[{\"@type\":\"ListItem\",\"position\":1,\"name\":\"In\u00edcio\",\"item\":\"https:\/\/www.estrategiaconcursos.com.br\/blog\/\"},{\"@type\":\"ListItem\",\"position\":2,\"name\":\"Edital Telebras: provas no dia 8 de fevereiro!\"}]},{\"@type\":\"WebSite\",\"@id\":\"https:\/\/www.estrategiaconcursos.com.br\/blog\/#website\",\"url\":\"https:\/\/www.estrategiaconcursos.com.br\/blog\/\",\"name\":\"Estrat\u00e9gia Concursos\",\"description\":\"O blog da Estrat\u00e9gia Concursos traz not\u00edcias sobre concursos e artigos de professores oferecendo cursos para concursos (pdf + videaulas) no site.\",\"publisher\":{\"@id\":\"https:\/\/www.estrategiaconcursos.com.br\/blog\/#organization\"},\"potentialAction\":[{\"@type\":\"SearchAction\",\"target\":{\"@type\":\"EntryPoint\",\"urlTemplate\":\"https:\/\/www.estrategiaconcursos.com.br\/blog\/?s={search_term_string}\"},\"query-input\":{\"@type\":\"PropertyValueSpecification\",\"valueRequired\":true,\"valueName\":\"search_term_string\"}}],\"inLanguage\":\"pt-BR\"},{\"@type\":\"Organization\",\"@id\":\"https:\/\/www.estrategiaconcursos.com.br\/blog\/#organization\",\"name\":\"Estrat\u00e9gia Concursos\",\"url\":\"https:\/\/www.estrategiaconcursos.com.br\/blog\/\",\"logo\":{\"@type\":\"ImageObject\",\"inLanguage\":\"pt-BR\",\"@id\":\"https:\/\/www.estrategiaconcursos.com.br\/blog\/#\/schema\/logo\/image\/\",\"url\":\"https:\/\/dhg1h5j42swfq.cloudfront.net\/2025\/06\/03203428\/logo_concursos-1.jpg\",\"contentUrl\":\"https:\/\/dhg1h5j42swfq.cloudfront.net\/2025\/06\/03203428\/logo_concursos-1.jpg\",\"width\":230,\"height\":60,\"caption\":\"Estrat\u00e9gia Concursos\"},\"image\":{\"@id\":\"https:\/\/www.estrategiaconcursos.com.br\/blog\/#\/schema\/logo\/image\/\"},\"sameAs\":[\"https:\/\/x.com\/EstratConcursos\"]},{\"@type\":\"Person\",\"@id\":\"https:\/\/www.estrategiaconcursos.com.br\/blog\/#\/schema\/person\/70c2ad4297aa24ff8815b08215b23a76\",\"name\":\"Ronaldo Scanavini Neto\",\"image\":{\"@type\":\"ImageObject\",\"inLanguage\":\"pt-BR\",\"@id\":\"https:\/\/secure.gravatar.com\/avatar\/f93d8e56fe264596e94aee6b3feb737d98ad0fc5bac7eb0a245f04723c5c8f21?s=96&d=mm&r=g\",\"url\":\"https:\/\/secure.gravatar.com\/avatar\/f93d8e56fe264596e94aee6b3feb737d98ad0fc5bac7eb0a245f04723c5c8f21?s=96&d=mm&r=g\",\"contentUrl\":\"https:\/\/secure.gravatar.com\/avatar\/f93d8e56fe264596e94aee6b3feb737d98ad0fc5bac7eb0a245f04723c5c8f21?s=96&d=mm&r=g\",\"caption\":\"Ronaldo Scanavini Neto\"},\"description\":\"Graduando em Comunica\u00e7\u00e3o Social \u2013 Jornalismo pela Universidade Federal de Vi\u00e7osa (UFV). Integra a equipe de jornalismo do Estrat\u00e9gia Concursos desde 2023, atuando com \u00eanfase na cobertura da \u00e1rea fiscal. Tamb\u00e9m realiza a apura\u00e7\u00e3o e produ\u00e7\u00e3o de not\u00edcias sobre concursos federais, \u00f3rg\u00e3os participantes do CNU e das \u00e1reas de controle, gest\u00e3o, engenharia, Exame CFC, comunica\u00e7\u00e3o social TI e \u00e1rea de concursos administrativos.\",\"url\":\"https:\/\/www.estrategiaconcursos.com.br\/blog\/author\/ronaldo-netoestrategia-com\/\"}]}<\/script>\n<!-- \/ Yoast SEO Premium plugin. -->","yoast_head_json":{"title":"Edital Telebras: provas no dia 8 de fevereiro!","description":"Edital Telebras oferece quase mil vagas e sal\u00e1rios iniciais de R$ 11,6 mil. Inscri\u00e7\u00f5es encerradas! Provas marcadas para 08\/02.","robots":{"index":"index","follow":"follow","max-snippet":"max-snippet:-1","max-image-preview":"max-image-preview:large","max-video-preview":"max-video-preview:-1"},"canonical":"https:\/\/www.estrategiaconcursos.com.br\/blog\/concurso-telebras-edital-publicado\/","og_locale":"pt_BR","og_type":"article","og_title":"Edital Telebras: provas no dia 8 de fevereiro!","og_description":"Edital Telebras oferece quase mil vagas e sal\u00e1rios iniciais de R$ 11,6 mil. Inscri\u00e7\u00f5es encerradas! Provas marcadas para 08\/02.","og_url":"https:\/\/www.estrategiaconcursos.com.br\/blog\/concurso-telebras-edital-publicado\/","og_site_name":"Estrat\u00e9gia Concursos","article_published_time":"2026-01-27T17:44:00+00:00","article_modified_time":"2026-01-27T17:59:09+00:00","og_image":[{"width":768,"height":432,"url":"https:\/\/dhg1h5j42swfq.cloudfront.net\/2021\/04\/03154132\/telebras.jpg","type":"image\/jpeg"}],"author":"Ronaldo Scanavini Neto","twitter_card":"summary_large_image","twitter_creator":"@EstratConcursos","twitter_site":"@EstratConcursos","twitter_misc":{"Escrito por":"Ronaldo Scanavini Neto","Est. tempo de leitura":"4 minutos"},"schema":{"@context":"https:\/\/schema.org","@graph":[{"@type":"NewsArticle","@id":"https:\/\/www.estrategiaconcursos.com.br\/blog\/concurso-telebras-edital-publicado\/#article","isPartOf":{"@id":"https:\/\/www.estrategiaconcursos.com.br\/blog\/concurso-telebras-edital-publicado\/"},"author":{"name":"Ronaldo Scanavini Neto","@id":"https:\/\/www.estrategiaconcursos.com.br\/blog\/#\/schema\/person\/70c2ad4297aa24ff8815b08215b23a76"},"headline":"Edital Telebras: provas no dia 8 de fevereiro!","datePublished":"2026-01-27T17:44:00+00:00","dateModified":"2026-01-27T17:59:09+00:00","mainEntityOfPage":{"@id":"https:\/\/www.estrategiaconcursos.com.br\/blog\/concurso-telebras-edital-publicado\/"},"wordCount":889,"commentCount":0,"publisher":{"@id":"https:\/\/www.estrategiaconcursos.com.br\/blog\/#organization"},"image":{"@id":"https:\/\/www.estrategiaconcursos.com.br\/blog\/concurso-telebras-edital-publicado\/#primaryimage"},"thumbnailUrl":"https:\/\/dhg1h5j42swfq.cloudfront.net\/2021\/04\/03154132\/telebras.jpg","articleSection":["Executivo (Administrativa)","\u00daltimas not\u00edcias"],"inLanguage":"pt-BR","potentialAction":[{"@type":"CommentAction","name":"Comment","target":["https:\/\/www.estrategiaconcursos.com.br\/blog\/concurso-telebras-edital-publicado\/#respond"]}],"copyrightYear":"2026","copyrightHolder":{"@id":"https:\/\/www.estrategiaconcursos.com.br\/blog\/#organization"}},{"@type":"WebPage","@id":"https:\/\/www.estrategiaconcursos.com.br\/blog\/concurso-telebras-edital-publicado\/","url":"https:\/\/www.estrategiaconcursos.com.br\/blog\/concurso-telebras-edital-publicado\/","name":"Edital Telebras: provas no dia 8 de fevereiro!","isPartOf":{"@id":"https:\/\/www.estrategiaconcursos.com.br\/blog\/#website"},"primaryImageOfPage":{"@id":"https:\/\/www.estrategiaconcursos.com.br\/blog\/concurso-telebras-edital-publicado\/#primaryimage"},"image":{"@id":"https:\/\/www.estrategiaconcursos.com.br\/blog\/concurso-telebras-edital-publicado\/#primaryimage"},"thumbnailUrl":"https:\/\/dhg1h5j42swfq.cloudfront.net\/2021\/04\/03154132\/telebras.jpg","datePublished":"2026-01-27T17:44:00+00:00","dateModified":"2026-01-27T17:59:09+00:00","description":"Edital Telebras oferece quase mil vagas e sal\u00e1rios iniciais de R$ 11,6 mil. Inscri\u00e7\u00f5es encerradas! Provas marcadas para 08\/02.","breadcrumb":{"@id":"https:\/\/www.estrategiaconcursos.com.br\/blog\/concurso-telebras-edital-publicado\/#breadcrumb"},"inLanguage":"pt-BR","potentialAction":[{"@type":"ReadAction","target":["https:\/\/www.estrategiaconcursos.com.br\/blog\/concurso-telebras-edital-publicado\/"]}]},{"@type":"ImageObject","inLanguage":"pt-BR","@id":"https:\/\/www.estrategiaconcursos.com.br\/blog\/concurso-telebras-edital-publicado\/#primaryimage","url":"https:\/\/dhg1h5j42swfq.cloudfront.net\/2021\/04\/03154132\/telebras.jpg","contentUrl":"https:\/\/dhg1h5j42swfq.cloudfront.net\/2021\/04\/03154132\/telebras.jpg","width":768,"height":432,"caption":"Concurso Telebras Resultado prova"},{"@type":"BreadcrumbList","@id":"https:\/\/www.estrategiaconcursos.com.br\/blog\/concurso-telebras-edital-publicado\/#breadcrumb","itemListElement":[{"@type":"ListItem","position":1,"name":"In\u00edcio","item":"https:\/\/www.estrategiaconcursos.com.br\/blog\/"},{"@type":"ListItem","position":2,"name":"Edital Telebras: provas no dia 8 de fevereiro!"}]},{"@type":"WebSite","@id":"https:\/\/www.estrategiaconcursos.com.br\/blog\/#website","url":"https:\/\/www.estrategiaconcursos.com.br\/blog\/","name":"Estrat\u00e9gia Concursos","description":"O blog da Estrat\u00e9gia Concursos traz not\u00edcias sobre concursos e artigos de professores oferecendo cursos para concursos (pdf + videaulas) no site.","publisher":{"@id":"https:\/\/www.estrategiaconcursos.com.br\/blog\/#organization"},"potentialAction":[{"@type":"SearchAction","target":{"@type":"EntryPoint","urlTemplate":"https:\/\/www.estrategiaconcursos.com.br\/blog\/?s={search_term_string}"},"query-input":{"@type":"PropertyValueSpecification","valueRequired":true,"valueName":"search_term_string"}}],"inLanguage":"pt-BR"},{"@type":"Organization","@id":"https:\/\/www.estrategiaconcursos.com.br\/blog\/#organization","name":"Estrat\u00e9gia Concursos","url":"https:\/\/www.estrategiaconcursos.com.br\/blog\/","logo":{"@type":"ImageObject","inLanguage":"pt-BR","@id":"https:\/\/www.estrategiaconcursos.com.br\/blog\/#\/schema\/logo\/image\/","url":"https:\/\/dhg1h5j42swfq.cloudfront.net\/2025\/06\/03203428\/logo_concursos-1.jpg","contentUrl":"https:\/\/dhg1h5j42swfq.cloudfront.net\/2025\/06\/03203428\/logo_concursos-1.jpg","width":230,"height":60,"caption":"Estrat\u00e9gia Concursos"},"image":{"@id":"https:\/\/www.estrategiaconcursos.com.br\/blog\/#\/schema\/logo\/image\/"},"sameAs":["https:\/\/x.com\/EstratConcursos"]},{"@type":"Person","@id":"https:\/\/www.estrategiaconcursos.com.br\/blog\/#\/schema\/person\/70c2ad4297aa24ff8815b08215b23a76","name":"Ronaldo Scanavini Neto","image":{"@type":"ImageObject","inLanguage":"pt-BR","@id":"https:\/\/secure.gravatar.com\/avatar\/f93d8e56fe264596e94aee6b3feb737d98ad0fc5bac7eb0a245f04723c5c8f21?s=96&d=mm&r=g","url":"https:\/\/secure.gravatar.com\/avatar\/f93d8e56fe264596e94aee6b3feb737d98ad0fc5bac7eb0a245f04723c5c8f21?s=96&d=mm&r=g","contentUrl":"https:\/\/secure.gravatar.com\/avatar\/f93d8e56fe264596e94aee6b3feb737d98ad0fc5bac7eb0a245f04723c5c8f21?s=96&d=mm&r=g","caption":"Ronaldo Scanavini Neto"},"description":"Graduando em Comunica\u00e7\u00e3o Social \u2013 Jornalismo pela Universidade Federal de Vi\u00e7osa (UFV). Integra a equipe de jornalismo do Estrat\u00e9gia Concursos desde 2023, atuando com \u00eanfase na cobertura da \u00e1rea fiscal. Tamb\u00e9m realiza a apura\u00e7\u00e3o e produ\u00e7\u00e3o de not\u00edcias sobre concursos federais, \u00f3rg\u00e3os participantes do CNU e das \u00e1reas de controle, gest\u00e3o, engenharia, Exame CFC, comunica\u00e7\u00e3o social TI e \u00e1rea de concursos administrativos.","url":"https:\/\/www.estrategiaconcursos.com.br\/blog\/author\/ronaldo-netoestrategia-com\/"}]}},"_links":{"self":[{"href":"https:\/\/www.estrategiaconcursos.com.br\/blog\/wp-json\/wp\/v2\/posts\/1682544","targetHints":{"allow":["GET"]}}],"collection":[{"href":"https:\/\/www.estrategiaconcursos.com.br\/blog\/wp-json\/wp\/v2\/posts"}],"about":[{"href":"https:\/\/www.estrategiaconcursos.com.br\/blog\/wp-json\/wp\/v2\/types\/post"}],"author":[{"embeddable":true,"href":"https:\/\/www.estrategiaconcursos.com.br\/blog\/wp-json\/wp\/v2\/users\/2692"}],"replies":[{"embeddable":true,"href":"https:\/\/www.estrategiaconcursos.com.br\/blog\/wp-json\/wp\/v2\/comments?post=1682544"}],"version-history":[{"count":18,"href":"https:\/\/www.estrategiaconcursos.com.br\/blog\/wp-json\/wp\/v2\/posts\/1682544\/revisions"}],"predecessor-version":[{"id":1705824,"href":"https:\/\/www.estrategiaconcursos.com.br\/blog\/wp-json\/wp\/v2\/posts\/1682544\/revisions\/1705824"}],"wp:featuredmedia":[{"embeddable":true,"href":"https:\/\/www.estrategiaconcursos.com.br\/blog\/wp-json\/wp\/v2\/media\/729968"}],"wp:attachment":[{"href":"https:\/\/www.estrategiaconcursos.com.br\/blog\/wp-json\/wp\/v2\/media?parent=1682544"}],"wp:term":[{"taxonomy":"category","embeddable":true,"href":"https:\/\/www.estrategiaconcursos.com.br\/blog\/wp-json\/wp\/v2\/categories?post=1682544"},{"taxonomy":"post_tag","embeddable":true,"href":"https:\/\/www.estrategiaconcursos.com.br\/blog\/wp-json\/wp\/v2\/tags?post=1682544"},{"taxonomy":"tax_estado","embeddable":true,"href":"https:\/\/www.estrategiaconcursos.com.br\/blog\/wp-json\/wp\/v2\/tax_estado?post=1682544"}],"curies":[{"name":"wp","href":"https:\/\/api.w.org\/{rel}","templated":true}]}}