{"id":1682218,"date":"2026-01-04T14:48:00","date_gmt":"2026-01-04T17:48:00","guid":{"rendered":"https:\/\/www.estrategiaconcursos.com.br\/blog\/?p=1682218"},"modified":"2025-12-23T14:39:35","modified_gmt":"2025-12-23T17:39:35","slug":"nacionalidade-sefaz-sp","status":"publish","type":"post","link":"https:\/\/www.estrategiaconcursos.com.br\/blog\/nacionalidade-sefaz-sp\/","title":{"rendered":"Nacionalidade: resumo para a SEFAZ SP"},"content":{"rendered":"\n<p>Ol\u00e1, pessoal, tudo bem? Neste resumo n\u00f3s estudaremos sobre os direitos relativos \u00e0 <strong>nacionalidade<\/strong> para o concurso da <a href=\"https:\/\/portal.fazenda.sp.gov.br\/\">Secretaria da Fazenda do Estado de S\u00e3o Paulo (SEFAZ SP)<\/a>.<\/p>\n\n\n\n<figure class=\"wp-block-image aligncenter size-full\"><img loading=\"lazy\" decoding=\"async\" width=\"1024\" height=\"536\" src=\"https:\/\/dhg1h5j42swfq.cloudfront.net\/2021\/10\/22141713\/sefaz-sp-1.jpg\" alt=\"Nacionalidade: resumo para a SEFAZ SP\" class=\"wp-image-891058\" srcset=\"https:\/\/dhg1h5j42swfq.cloudfront.net\/2021\/10\/22141713\/sefaz-sp-1.jpg 1024w, https:\/\/dhg1h5j42swfq.cloudfront.net\/2021\/10\/22141713\/sefaz-sp-1-300x157.jpg 300w, https:\/\/dhg1h5j42swfq.cloudfront.net\/2021\/10\/22141713\/sefaz-sp-1-768x402.jpg 768w, https:\/\/dhg1h5j42swfq.cloudfront.net\/2021\/10\/22141713\/sefaz-sp-1-610x319.jpg 610w\" sizes=\"auto, (max-width: 1024px) 100vw, 1024px\" \/><\/figure>\n\n\n\n<p>Bons estudos!<\/p>\n\n\n\n<h2 class=\"wp-block-heading\" id=\"h-nacionalidade-para-a-sefaz-sp-introducao\"><strong><mark style=\"background-color:rgba(0, 0, 0, 0)\" class=\"has-inline-color has-vivid-cyan-blue-color\">Nacionalidade para a SEFAZ SP:<\/mark><\/strong> <strong><mark style=\"background-color:rgba(0, 0, 0, 0)\" class=\"has-inline-color has-vivid-cyan-blue-color\">introdu\u00e7\u00e3o<\/mark><\/strong><\/h2>\n\n\n\n<p>Pessoal, os direitos referentes \u00e0 nacionalidade integram, na Constitui\u00e7\u00e3o Federal de 1988, o t\u00edtulo dos direitos e garantias fundamentais.<\/p>\n\n\n\n<p>Em resumo, a nacionalidade refere-se ao atributo que vincula o indiv\u00edduo a um pa\u00eds, sendo poss\u00edvel, inclusive, que uma mesma pessoa goze de m\u00faltiplas nacionalidades.<\/p>\n\n\n\n<p>Neste artigo, estudaremos, \u00e0 luz da Carta Pol\u00edtica, as principais disposi\u00e7\u00f5es acerca da nacionalidade brasileira, especialmente no que tange \u00e0 sua aquisi\u00e7\u00e3o e \u00e0 sua perda.<\/p>\n\n\n\n<h2 class=\"wp-block-heading\" id=\"h-nacionalidade-para-a-sefaz-sp-aquisicao\"><strong><mark style=\"background-color:rgba(0, 0, 0, 0)\" class=\"has-inline-color has-vivid-cyan-blue-color\">Nacionalidade para a SEFAZ SP: aquisi\u00e7\u00e3o<\/mark><\/strong><\/h2>\n\n\n\n<p>Resumidamente, podemos indicar que a nacionalidade brasileira poder\u00e1 ser adquirida <strong><mark style=\"background-color:rgba(0, 0, 0, 0)\" class=\"has-inline-color has-vivid-purple-color\">desde o nascimento<\/mark><\/strong> (casos em que os indiv\u00edduos ser\u00e3o considerados <strong><mark style=\"background-color:rgba(0, 0, 0, 0)\" class=\"has-inline-color has-vivid-purple-color\">brasileiros natos<\/mark><\/strong>) ou em <strong><mark style=\"background-color:rgba(0, 0, 0, 0)\" class=\"has-inline-color has-vivid-green-cyan-color\">algum outro momento espec\u00edfico de sua vida<\/mark><\/strong> (<strong><mark style=\"background-color:rgba(0, 0, 0, 0)\" class=\"has-inline-color has-vivid-green-cyan-color\">naturaliza\u00e7\u00e3o<\/mark><\/strong>).<\/p>\n\n\n\n<p>Conforme a doutrina, existem basicamente dois crit\u00e9rios para aquisi\u00e7\u00e3o da nacionalidade, a saber: <strong><mark style=\"background-color:rgba(0, 0, 0, 0)\" class=\"has-inline-color has-luminous-vivid-orange-color\">jus soli<\/mark><\/strong> e <strong><mark style=\"background-color:rgba(0, 0, 0, 0)\" class=\"has-inline-color has-vivid-red-color\">jus sanguinis<\/mark><\/strong>.<\/p>\n\n\n\n<p>Nesse contexto, o crit\u00e9rio do <mark style=\"background-color:rgba(0, 0, 0, 0)\" class=\"has-inline-color has-luminous-vivid-orange-color\"><strong>jus soli<\/strong> <\/mark>considera, especialmente, o <strong>local de nascimento do indiv\u00edduo<\/strong>, sendo este crit\u00e9rio adotado em primazia pela Constitui\u00e7\u00e3o Federal de 1988 (CF\/88).<\/p>\n\n\n\n<p>Por outro lado, o <strong><mark style=\"background-color:rgba(0, 0, 0, 0)\" class=\"has-inline-color has-vivid-red-color\">jus sanguinis<\/mark><\/strong> considera aspectos de <strong>ancestralidade<\/strong> para a atribui\u00e7\u00e3o de nacionalidade, sendo comum em pa\u00edses europeus, como a It\u00e1lia, por exemplo.<\/p>\n\n\n\n<p>A seguir, estudaremos, \u00e0 luz da CF\/88, sobre os brasileiros natos e naturalizados.<\/p>\n\n\n\n<h3 class=\"wp-block-heading\" id=\"h-brasileiros-natos\"><strong><mark style=\"background-color:rgba(0, 0, 0, 0)\" class=\"has-inline-color has-vivid-cyan-blue-color\">Brasileiros natos<\/mark><\/strong><\/h3>\n\n\n\n<p>Conforme a CF\/88, consideram-se brasileiros natos:<\/p>\n\n\n\n<p class=\"has-pale-cyan-blue-background-color has-background\"><strong><mark style=\"background-color:rgba(0, 0, 0, 0)\" class=\"has-inline-color has-vivid-red-color\">Os que venham a nascer em territ\u00f3rio brasileiro, mesmo que filhos de estrangeiros, desde que seus pais n\u00e3o estejam a servi\u00e7o de seus respectivos pa\u00edses.<\/mark><\/strong><\/p>\n\n\n\n<p>Pessoal, sobre este caso vale ressaltar que, <strong>se qualquer dos pais estiverem no Brasil a servi\u00e7o diplom\u00e1tico de outro pa\u00eds (que n\u00e3o o seu de origem), mesmo assim o filho ser\u00e1 brasileiro nato<\/strong>, ok?<\/p>\n\n\n\n<p class=\"has-pale-cyan-blue-background-color has-background\"><strong><mark style=\"background-color:rgba(0, 0, 0, 0)\" class=\"has-inline-color has-vivid-red-color\">Os nascidos no estrangeiro, filhos de pai ou m\u00e3e brasileiros, quando qualquer deles estiver a servi\u00e7o do Brasil.<\/mark><\/strong><\/p>\n\n\n\n<p>Nesse sentido, utiliza-se excepcionalmente o crit\u00e9rio <strong>jus sanguinis<\/strong>, afinal, pouco importa o local de nascimento.<\/p>\n\n\n\n<p class=\"has-pale-cyan-blue-background-color has-background\"><strong><mark style=\"background-color:rgba(0, 0, 0, 0)\" class=\"has-inline-color has-vivid-red-color\">Os nascidos no estrangeiro, filhos de pai ou m\u00e3e brasileiro, quando registrados em reparti\u00e7\u00e3o brasileira competente, ou que venham a residir no Brasil optem, a qualquer tempo, depois da maioridade, pela nacionalidade brasileira.<\/mark><\/strong><\/p>\n\n\n\n<p>Pessoal, este \u00e9 um t\u00f3pico sobre nacionalidade muito recorrente nas provas, portanto, fiquem atentos para o concurso da SEFAZ SP, ok?<\/p>\n\n\n\n<p>Em resumo, o dispositivo trata de situa\u00e7\u00f5es em que o indiv\u00edduo tornar-se-\u00e1 brasileiro desde o nascimento (nato), por\u00e9m, exigem-se alguns atos antes que isso ocorra (diferentemente das duas hip\u00f3teses anteriormente estudadas).<\/p>\n\n\n\n<p>Assim, na <strong><mark style=\"background-color:rgba(0, 0, 0, 0)\" class=\"has-inline-color has-vivid-green-cyan-color\">primeira hip\u00f3tese<\/mark><\/strong>, h\u00e1 <strong>necessidade de registro do filho nascido no estrangeiro, pelos pais, em reparti\u00e7\u00e3o brasileira (geralmente um <mark style=\"background-color:rgba(0, 0, 0, 0)\" class=\"has-inline-color has-vivid-green-cyan-color\">consulado<\/mark>)<\/strong>.<\/p>\n\n\n\n<p>Por outro lado, em uma <strong><mark style=\"background-color:rgba(0, 0, 0, 0)\" class=\"has-inline-color has-luminous-vivid-orange-color\">segunda hip\u00f3tese<\/mark><\/strong>, mesmo que n\u00e3o haja tal registro, ainda \u00e9 poss\u00edvel que o <strong><mark style=\"background-color:rgba(0, 0, 0, 0)\" class=\"has-inline-color has-luminous-vivid-orange-color\">indiv\u00edduo adquira, posteriormente, a condi\u00e7\u00e3o de brasileiro nato<\/mark><\/strong>. Para isso, ele <strong>deve vir a residir no Brasil e optar, ap\u00f3s alcan\u00e7ar a maioridade civil, por essa nacionalidade<\/strong>.<\/p>\n\n\n\n<p>Dessa forma, conforme a jurisprud\u00eancia, <strong>enquanto n\u00e3o alcan\u00e7ar a maioridade, caso venha a residir no Brasil, o indiv\u00edduo poder\u00e1 gozar de todos os direitos como se brasileiro nato fosse<\/strong>, por\u00e9m, <strong>ap\u00f3s a maioridade, a nacionalidade fica suspensa<\/strong> at\u00e9 que manifeste a op\u00e7\u00e3o em ju\u00edzo.<\/p>\n\n\n\n<h3 class=\"wp-block-heading\" id=\"h-brasileiros-naturalizados\"><strong><mark style=\"background-color:rgba(0, 0, 0, 0)\" class=\"has-inline-color has-vivid-cyan-blue-color\">Brasileiros naturalizados<\/mark><\/strong><\/h3>\n\n\n\n<p>Continuando, tamb\u00e9m precisamos conhecer, para o concurso da SEFAZ SP, as hip\u00f3teses de naturaliza\u00e7\u00e3o, ou seja, quando se confere a nacionalidade brasileira a partir de um dado momento.<\/p>\n\n\n\n<p>Em resumo, a CF\/88 prev\u00ea 2 (dois) tipos de naturaliza\u00e7\u00e3o: <mark style=\"background-color:rgba(0, 0, 0, 0)\" class=\"has-inline-color has-vivid-purple-color\"><strong>ordin\u00e1ria<\/strong> <\/mark>e <strong><mark style=\"background-color:rgba(0, 0, 0, 0)\" class=\"has-inline-color has-luminous-vivid-orange-color\">extraordin\u00e1ria<\/mark><\/strong>.<\/p>\n\n\n\n<p>A <strong><mark style=\"background-color:rgba(0, 0, 0, 0)\" class=\"has-inline-color has-vivid-purple-color\">naturaliza\u00e7\u00e3o ordin\u00e1ria<\/mark><\/strong> aplica-se <strong>exclusivamente a indiv\u00edduos oriundos de pa\u00edses de l\u00edngua portuguesa<\/strong>. Nesse contexto, exige-se do indiv\u00edduo apenas<strong> idoneidade moral<\/strong> e <strong>resid\u00eancia ininterrupta no Brasil por mais de 1 (um) ano<\/strong>.<\/p>\n\n\n\n<p>Por\u00e9m, na naturaliza\u00e7\u00e3o ordin\u00e1ria depende de aquiesc\u00eancia do governo brasileiro, tratando-se, segundo a doutrina, de <strong>ato discricion\u00e1rio do Presidente da Rep\u00fablica<\/strong>.<\/p>\n\n\n\n<p>Por outro lado, a <strong><mark style=\"background-color:rgba(0, 0, 0, 0)\" class=\"has-inline-color has-luminous-vivid-orange-color\">naturaliza\u00e7\u00e3o extraordin\u00e1ria<\/mark><\/strong> aplica-se a <strong>quaisquer estrangeiros<\/strong> que queiram obter a nacionalidade brasileira. Assim, a CF\/88 exige <strong>aus\u00eancia de condena\u00e7\u00e3o penal<\/strong> e <strong>resid\u00eancia ininterrupta no Brasil por mais de 15 (quinze) anos<\/strong>.<\/p>\n\n\n\n<p>Ademais, conforme a doutrina, a cumpridos os requisitos, a <strong>naturaliza\u00e7\u00e3o extraordin\u00e1ria n\u00e3o pode ser negada<\/strong>, passando a produzir <strong>efeitos meramente declarat\u00f3rios retroativos ao momento em que foram cumpridos os crit\u00e9rios<\/strong>.<\/p>\n\n\n\n<h2 class=\"wp-block-heading\" id=\"h-nacionalidade-para-a-sefaz-sp-perda\"><strong><mark style=\"background-color:rgba(0, 0, 0, 0)\" class=\"has-inline-color has-vivid-cyan-blue-color\">Nacionalidade para a SEFAZ SP: perda<\/mark><\/strong><\/h2>\n\n\n\n<p>Pessoal, sobre as hip\u00f3teses de perda da nacionalidade brasileira, vale citar que a Emenda Constitucional 131\/2023 reformou significativamente o art. 12, \u00a74\u00ba, da CF\/88.<\/p>\n\n\n\n<p>Dessa forma, considerando tratar-se de modifica\u00e7\u00e3o recente, sugerimos maior aten\u00e7\u00e3o a este t\u00f3pico sobre nacionalidade para a prova da SEFAZ SP.<\/p>\n\n\n\n<p>Em resumo, ap\u00f3s a citada emenda constitucional, passam a vigorar somente 2 (duas) hip\u00f3teses de perda da nacionalidade.<\/p>\n\n\n\n<p>Nesse contexto, primeiramente, a CF\/88 cita o <strong><mark style=\"background-color:rgba(0, 0, 0, 0)\" class=\"has-inline-color has-vivid-purple-color\">cancelamento da naturaliza\u00e7\u00e3o<\/mark><\/strong>, por senten\u00e7a <strong>judicial transitada em julgado<\/strong>, em decorr\u00eancia de:<\/p>\n\n\n\n<ul class=\"wp-block-list\">\n<li><strong>Fraude no processo de naturaliza\u00e7\u00e3o<\/strong>; ou,<\/li>\n\n\n\n<li><strong>Atentado contra a ordem constitucional e o Estado Democr\u00e1tico de Direito<\/strong>.<\/li>\n<\/ul>\n\n\n\n<p>Al\u00e9m disso, tamb\u00e9m perder\u00e1 a nacionalidade brasileira aquele que <strong><mark style=\"background-color:rgba(0, 0, 0, 0)\" class=\"has-inline-color has-vivid-purple-color\">expressamente manifestar tal op\u00e7\u00e3o perante autoridade brasileira<\/mark><\/strong>. Por\u00e9m, neste caso, <strong>veda-se a apatridi<\/strong>a, ou seja, n\u00e3o poder\u00e1 o indiv\u00edduo ficar sem qualquer nacionalidade.<\/p>\n\n\n\n<p>Pessoal, neste \u00faltimo caso, a <strong>CF\/88 permite que, mesmo ap\u00f3s a expressa op\u00e7\u00e3o de perda da nacionalidade brasileira, o indiv\u00edduo possa readquirir, posteriormente, a nacionalidade origin\u00e1ria<\/strong>.<\/p>\n\n\n\n<h2 class=\"wp-block-heading\" id=\"h-nacionalidade-para-a-sefaz-sp-conclusao\"><strong><mark style=\"background-color:rgba(0, 0, 0, 0)\" class=\"has-inline-color has-vivid-cyan-blue-color\">Nacionalidade para a SEFAZ SP:<\/mark><\/strong> <strong><mark style=\"background-color:rgba(0, 0, 0, 0)\" class=\"has-inline-color has-vivid-cyan-blue-color\">conclus\u00e3o<\/mark><\/strong><\/h2>\n\n\n\n<p>Amigos, finalizamos aqui este resumo sobre os direitos relacionados \u00e0 nacionalidade para o concurso da SEFAZ SP.<\/p>\n\n\n\n<p>Espero voc\u00eas em um pr\u00f3ximo artigo.<\/p>\n\n\n\n<p>Grande abra\u00e7o.<\/p>\n\n\n\n<p><strong>Rafael Chaves<\/strong><\/p>\n\n\n\n<p class=\"has-text-align-center has-pale-cyan-blue-background-color has-background\"><strong>Saiba mais: <a href=\"https:\/\/www.estrategiaconcursos.com.br\/blog\/concurso-sefaz-sp\/#\" target=\"_blank\" rel=\"noreferrer noopener\">SEFAZ SP<\/a><\/strong><\/p>\n\n\n\n<h2 class=\"wp-block-heading has-text-align-center\" id=\"h-quer-saber-tudo-sobre-concursos-previstos-confira-nossos-artigos\">Quer saber tudo sobre concursos previstos?<br \/>Confira nossos artigos!<\/h2>\n\n\n\n<p class=\"has-text-align-center has-pale-cyan-blue-background-color has-background has-medium-font-size\"><a href=\"https:\/\/www.estrategiaconcursos.com.br\/blog\/concursos-abertos\/\" target=\"_blank\" rel=\"noreferrer noopener\">Concursos abertos<\/a><\/p>\n\n\n\n<p class=\"has-text-align-center has-pale-cyan-blue-background-color has-background has-medium-font-size\"><a href=\"https:\/\/www.estrategiaconcursos.com.br\/blog\/concursos-2025\/#\" target=\"_blank\" rel=\"noreferrer noopener\">Concursos 2025<\/a><\/p>\n\n\n\n<p class=\"has-text-align-center has-pale-cyan-blue-background-color has-background has-medium-font-size\"><a href=\"https:\/\/www.estrategiaconcursos.com.br\/blog\/concursos-2026\/#\" target=\"_blank\" rel=\"noreferrer noopener\">Concursos 2026<\/a><\/p>\n","protected":false},"excerpt":{"rendered":"<p>Ol\u00e1, pessoal, tudo bem? Neste resumo n\u00f3s estudaremos sobre os direitos relativos \u00e0 nacionalidade para o concurso da Secretaria da Fazenda do Estado de S\u00e3o Paulo (SEFAZ SP). Bons estudos! Nacionalidade para a SEFAZ SP: introdu\u00e7\u00e3o Pessoal, os direitos referentes \u00e0 nacionalidade integram, na Constitui\u00e7\u00e3o Federal de 1988, o t\u00edtulo dos direitos e garantias fundamentais. [&hellip;]<\/p>\n","protected":false},"author":2261,"featured_media":1681310,"comment_status":"open","ping_status":"closed","sticky":false,"template":"","format":"standard","meta":{"post_tipo":"article","footnotes":""},"categories":[1,1983],"tags":[],"tax_estado":[219989],"class_list":["post-1682218","post","type-post","status-publish","format-standard","has-post-thumbnail","hentry","category-cursos-e-concursos","category-fiscal-estadual","tax_estado-sp"],"acf":[],"yoast_head":"<!-- This site is optimized with the Yoast SEO Premium plugin v27.2 (Yoast SEO v27.2) - https:\/\/yoast.com\/product\/yoast-seo-premium-wordpress\/ -->\n<title>Nacionalidade: resumo para a SEFAZ SP<\/title>\n<meta name=\"description\" content=\"Aprenda o que \u00e9 mais importante sobre os direitos relativos \u00e0 nacionalidade para o novo concurso da SEFAZ SP.\" \/>\n<meta name=\"robots\" content=\"index, follow, max-snippet:-1, max-image-preview:large, max-video-preview:-1\" \/>\n<link rel=\"canonical\" href=\"https:\/\/www.estrategiaconcursos.com.br\/blog\/nacionalidade-sefaz-sp\/\" \/>\n<meta property=\"og:locale\" content=\"pt_BR\" \/>\n<meta property=\"og:type\" content=\"article\" \/>\n<meta property=\"og:title\" content=\"Nacionalidade: resumo para a SEFAZ SP\" \/>\n<meta property=\"og:description\" content=\"Aprenda o que \u00e9 mais importante sobre os direitos relativos \u00e0 nacionalidade para o novo concurso da SEFAZ SP.\" \/>\n<meta property=\"og:url\" content=\"https:\/\/www.estrategiaconcursos.com.br\/blog\/nacionalidade-sefaz-sp\/\" \/>\n<meta property=\"og:site_name\" content=\"Estrat\u00e9gia Concursos\" \/>\n<meta property=\"article:published_time\" content=\"2026-01-04T17:48:00+00:00\" \/>\n<meta property=\"og:image\" content=\"https:\/\/dhg1h5j42swfq.cloudfront.net\/2025\/12\/07153633\/image-61.png\" \/>\n\t<meta property=\"og:image:width\" content=\"465\" \/>\n\t<meta property=\"og:image:height\" content=\"243\" \/>\n\t<meta property=\"og:image:type\" content=\"image\/png\" \/>\n<meta name=\"author\" content=\"Rafael Ferreira Chaves\" \/>\n<meta name=\"twitter:card\" content=\"summary_large_image\" \/>\n<meta name=\"twitter:creator\" content=\"@EstratConcursos\" \/>\n<meta name=\"twitter:site\" content=\"@EstratConcursos\" \/>\n<meta name=\"twitter:label1\" content=\"Escrito por\" \/>\n\t<meta name=\"twitter:data1\" content=\"Rafael Ferreira Chaves\" \/>\n\t<meta name=\"twitter:label2\" content=\"Est. tempo de leitura\" \/>\n\t<meta name=\"twitter:data2\" content=\"5 minutos\" \/>\n<script type=\"application\/ld+json\" class=\"yoast-schema-graph\">{\"@context\":\"https:\/\/schema.org\",\"@graph\":[{\"@type\":\"NewsArticle\",\"@id\":\"https:\/\/www.estrategiaconcursos.com.br\/blog\/nacionalidade-sefaz-sp\/#article\",\"isPartOf\":{\"@id\":\"https:\/\/www.estrategiaconcursos.com.br\/blog\/nacionalidade-sefaz-sp\/\"},\"author\":{\"name\":\"Rafael Ferreira Chaves\",\"@id\":\"https:\/\/www.estrategiaconcursos.com.br\/blog\/#\/schema\/person\/545cce8f1c81268ec2ca202a954284e1\"},\"headline\":\"Nacionalidade: resumo para a SEFAZ SP\",\"datePublished\":\"2026-01-04T17:48:00+00:00\",\"mainEntityOfPage\":{\"@id\":\"https:\/\/www.estrategiaconcursos.com.br\/blog\/nacionalidade-sefaz-sp\/\"},\"wordCount\":999,\"commentCount\":0,\"publisher\":{\"@id\":\"https:\/\/www.estrategiaconcursos.com.br\/blog\/#organization\"},\"image\":{\"@id\":\"https:\/\/www.estrategiaconcursos.com.br\/blog\/nacionalidade-sefaz-sp\/#primaryimage\"},\"thumbnailUrl\":\"https:\/\/dhg1h5j42swfq.cloudfront.net\/2025\/12\/07153633\/image-61.png\",\"articleSection\":[\"Concursos P\u00fablicos\",\"Fiscal - Estadual (ICMS)\"],\"inLanguage\":\"pt-BR\",\"potentialAction\":[{\"@type\":\"CommentAction\",\"name\":\"Comment\",\"target\":[\"https:\/\/www.estrategiaconcursos.com.br\/blog\/nacionalidade-sefaz-sp\/#respond\"]}],\"copyrightYear\":\"2026\",\"copyrightHolder\":{\"@id\":\"https:\/\/www.estrategiaconcursos.com.br\/blog\/#organization\"}},{\"@type\":\"WebPage\",\"@id\":\"https:\/\/www.estrategiaconcursos.com.br\/blog\/nacionalidade-sefaz-sp\/\",\"url\":\"https:\/\/www.estrategiaconcursos.com.br\/blog\/nacionalidade-sefaz-sp\/\",\"name\":\"Nacionalidade: resumo para a SEFAZ SP\",\"isPartOf\":{\"@id\":\"https:\/\/www.estrategiaconcursos.com.br\/blog\/#website\"},\"primaryImageOfPage\":{\"@id\":\"https:\/\/www.estrategiaconcursos.com.br\/blog\/nacionalidade-sefaz-sp\/#primaryimage\"},\"image\":{\"@id\":\"https:\/\/www.estrategiaconcursos.com.br\/blog\/nacionalidade-sefaz-sp\/#primaryimage\"},\"thumbnailUrl\":\"https:\/\/dhg1h5j42swfq.cloudfront.net\/2025\/12\/07153633\/image-61.png\",\"datePublished\":\"2026-01-04T17:48:00+00:00\",\"description\":\"Aprenda o que \u00e9 mais importante sobre os direitos relativos \u00e0 nacionalidade para o novo concurso da SEFAZ SP.\",\"breadcrumb\":{\"@id\":\"https:\/\/www.estrategiaconcursos.com.br\/blog\/nacionalidade-sefaz-sp\/#breadcrumb\"},\"inLanguage\":\"pt-BR\",\"potentialAction\":[{\"@type\":\"ReadAction\",\"target\":[\"https:\/\/www.estrategiaconcursos.com.br\/blog\/nacionalidade-sefaz-sp\/\"]}]},{\"@type\":\"ImageObject\",\"inLanguage\":\"pt-BR\",\"@id\":\"https:\/\/www.estrategiaconcursos.com.br\/blog\/nacionalidade-sefaz-sp\/#primaryimage\",\"url\":\"https:\/\/dhg1h5j42swfq.cloudfront.net\/2025\/12\/07153633\/image-61.png\",\"contentUrl\":\"https:\/\/dhg1h5j42swfq.cloudfront.net\/2025\/12\/07153633\/image-61.png\",\"width\":465,\"height\":243,\"caption\":\"Opera\u00e7\u00f5es entre Partes Relacionadas\"},{\"@type\":\"BreadcrumbList\",\"@id\":\"https:\/\/www.estrategiaconcursos.com.br\/blog\/nacionalidade-sefaz-sp\/#breadcrumb\",\"itemListElement\":[{\"@type\":\"ListItem\",\"position\":1,\"name\":\"In\u00edcio\",\"item\":\"https:\/\/www.estrategiaconcursos.com.br\/blog\/\"},{\"@type\":\"ListItem\",\"position\":2,\"name\":\"Nacionalidade: resumo para a SEFAZ SP\"}]},{\"@type\":\"WebSite\",\"@id\":\"https:\/\/www.estrategiaconcursos.com.br\/blog\/#website\",\"url\":\"https:\/\/www.estrategiaconcursos.com.br\/blog\/\",\"name\":\"Estrat\u00e9gia Concursos\",\"description\":\"O blog da Estrat\u00e9gia Concursos traz not\u00edcias sobre concursos e artigos de professores oferecendo cursos para concursos (pdf + videaulas) no site.\",\"publisher\":{\"@id\":\"https:\/\/www.estrategiaconcursos.com.br\/blog\/#organization\"},\"potentialAction\":[{\"@type\":\"SearchAction\",\"target\":{\"@type\":\"EntryPoint\",\"urlTemplate\":\"https:\/\/www.estrategiaconcursos.com.br\/blog\/?s={search_term_string}\"},\"query-input\":{\"@type\":\"PropertyValueSpecification\",\"valueRequired\":true,\"valueName\":\"search_term_string\"}}],\"inLanguage\":\"pt-BR\"},{\"@type\":\"Organization\",\"@id\":\"https:\/\/www.estrategiaconcursos.com.br\/blog\/#organization\",\"name\":\"Estrat\u00e9gia Concursos\",\"url\":\"https:\/\/www.estrategiaconcursos.com.br\/blog\/\",\"logo\":{\"@type\":\"ImageObject\",\"inLanguage\":\"pt-BR\",\"@id\":\"https:\/\/www.estrategiaconcursos.com.br\/blog\/#\/schema\/logo\/image\/\",\"url\":\"https:\/\/dhg1h5j42swfq.cloudfront.net\/2025\/06\/03203428\/logo_concursos-1.jpg\",\"contentUrl\":\"https:\/\/dhg1h5j42swfq.cloudfront.net\/2025\/06\/03203428\/logo_concursos-1.jpg\",\"width\":230,\"height\":60,\"caption\":\"Estrat\u00e9gia Concursos\"},\"image\":{\"@id\":\"https:\/\/www.estrategiaconcursos.com.br\/blog\/#\/schema\/logo\/image\/\"},\"sameAs\":[\"https:\/\/x.com\/EstratConcursos\"]},{\"@type\":\"Person\",\"@id\":\"https:\/\/www.estrategiaconcursos.com.br\/blog\/#\/schema\/person\/545cce8f1c81268ec2ca202a954284e1\",\"name\":\"Rafael Ferreira Chaves\",\"image\":{\"@type\":\"ImageObject\",\"inLanguage\":\"pt-BR\",\"@id\":\"https:\/\/secure.gravatar.com\/avatar\/7d43172b7c8451a76fe991e14bf7b661f56fcd3e9d8f44dcd92c997cfaf1286f?s=96&d=mm&r=g\",\"url\":\"https:\/\/secure.gravatar.com\/avatar\/7d43172b7c8451a76fe991e14bf7b661f56fcd3e9d8f44dcd92c997cfaf1286f?s=96&d=mm&r=g\",\"contentUrl\":\"https:\/\/secure.gravatar.com\/avatar\/7d43172b7c8451a76fe991e14bf7b661f56fcd3e9d8f44dcd92c997cfaf1286f?s=96&d=mm&r=g\",\"caption\":\"Rafael Ferreira Chaves\"},\"description\":\"Engenheiro Civil formado pela Universidade Federal do Piau\u00ed - UFPI. Especialista em Engenharia Ambiental e Saneamento B\u00e1sico pela Faculdade Est\u00e1cio. Atualmente exerce o cargo de Auditor de Controle Externo do TCE\/AM. Aprovado e nomeado nos seguintes concursos: ARSETE\/PMT (1\u00ba lugar - Analista de Regula\u00e7\u00e3o - Eng. Civil), Prefeitura de Campinas\/SP (Eng. Civil) , CODEVASF (Analista de Desenvolvimento Regional - Eng. Civil), TCE\/AM (2\u00ba lugar - Auditor de Controle Externo - Obras P\u00fablicas \/ 14\u00ba lugar - Auditor de Controle Externo - Auditoria Governamental), TCE\/TO (2\u00ba lugar - Auditor de Controle Externo - Eng. Civil), TCE GO (Analista de Controle Externo - Controle Externo).\",\"url\":\"https:\/\/www.estrategiaconcursos.com.br\/blog\/author\/fchaves01gmail-com\/\"}]}<\/script>\n<!-- \/ Yoast SEO Premium plugin. -->","yoast_head_json":{"title":"Nacionalidade: resumo para a SEFAZ SP","description":"Aprenda o que \u00e9 mais importante sobre os direitos relativos \u00e0 nacionalidade para o novo concurso da SEFAZ SP.","robots":{"index":"index","follow":"follow","max-snippet":"max-snippet:-1","max-image-preview":"max-image-preview:large","max-video-preview":"max-video-preview:-1"},"canonical":"https:\/\/www.estrategiaconcursos.com.br\/blog\/nacionalidade-sefaz-sp\/","og_locale":"pt_BR","og_type":"article","og_title":"Nacionalidade: resumo para a SEFAZ SP","og_description":"Aprenda o que \u00e9 mais importante sobre os direitos relativos \u00e0 nacionalidade para o novo concurso da SEFAZ SP.","og_url":"https:\/\/www.estrategiaconcursos.com.br\/blog\/nacionalidade-sefaz-sp\/","og_site_name":"Estrat\u00e9gia Concursos","article_published_time":"2026-01-04T17:48:00+00:00","og_image":[{"width":465,"height":243,"url":"https:\/\/dhg1h5j42swfq.cloudfront.net\/2025\/12\/07153633\/image-61.png","type":"image\/png"}],"author":"Rafael Ferreira Chaves","twitter_card":"summary_large_image","twitter_creator":"@EstratConcursos","twitter_site":"@EstratConcursos","twitter_misc":{"Escrito por":"Rafael Ferreira Chaves","Est. tempo de leitura":"5 minutos"},"schema":{"@context":"https:\/\/schema.org","@graph":[{"@type":"NewsArticle","@id":"https:\/\/www.estrategiaconcursos.com.br\/blog\/nacionalidade-sefaz-sp\/#article","isPartOf":{"@id":"https:\/\/www.estrategiaconcursos.com.br\/blog\/nacionalidade-sefaz-sp\/"},"author":{"name":"Rafael Ferreira Chaves","@id":"https:\/\/www.estrategiaconcursos.com.br\/blog\/#\/schema\/person\/545cce8f1c81268ec2ca202a954284e1"},"headline":"Nacionalidade: resumo para a SEFAZ SP","datePublished":"2026-01-04T17:48:00+00:00","mainEntityOfPage":{"@id":"https:\/\/www.estrategiaconcursos.com.br\/blog\/nacionalidade-sefaz-sp\/"},"wordCount":999,"commentCount":0,"publisher":{"@id":"https:\/\/www.estrategiaconcursos.com.br\/blog\/#organization"},"image":{"@id":"https:\/\/www.estrategiaconcursos.com.br\/blog\/nacionalidade-sefaz-sp\/#primaryimage"},"thumbnailUrl":"https:\/\/dhg1h5j42swfq.cloudfront.net\/2025\/12\/07153633\/image-61.png","articleSection":["Concursos P\u00fablicos","Fiscal - Estadual (ICMS)"],"inLanguage":"pt-BR","potentialAction":[{"@type":"CommentAction","name":"Comment","target":["https:\/\/www.estrategiaconcursos.com.br\/blog\/nacionalidade-sefaz-sp\/#respond"]}],"copyrightYear":"2026","copyrightHolder":{"@id":"https:\/\/www.estrategiaconcursos.com.br\/blog\/#organization"}},{"@type":"WebPage","@id":"https:\/\/www.estrategiaconcursos.com.br\/blog\/nacionalidade-sefaz-sp\/","url":"https:\/\/www.estrategiaconcursos.com.br\/blog\/nacionalidade-sefaz-sp\/","name":"Nacionalidade: resumo para a SEFAZ SP","isPartOf":{"@id":"https:\/\/www.estrategiaconcursos.com.br\/blog\/#website"},"primaryImageOfPage":{"@id":"https:\/\/www.estrategiaconcursos.com.br\/blog\/nacionalidade-sefaz-sp\/#primaryimage"},"image":{"@id":"https:\/\/www.estrategiaconcursos.com.br\/blog\/nacionalidade-sefaz-sp\/#primaryimage"},"thumbnailUrl":"https:\/\/dhg1h5j42swfq.cloudfront.net\/2025\/12\/07153633\/image-61.png","datePublished":"2026-01-04T17:48:00+00:00","description":"Aprenda o que \u00e9 mais importante sobre os direitos relativos \u00e0 nacionalidade para o novo concurso da SEFAZ SP.","breadcrumb":{"@id":"https:\/\/www.estrategiaconcursos.com.br\/blog\/nacionalidade-sefaz-sp\/#breadcrumb"},"inLanguage":"pt-BR","potentialAction":[{"@type":"ReadAction","target":["https:\/\/www.estrategiaconcursos.com.br\/blog\/nacionalidade-sefaz-sp\/"]}]},{"@type":"ImageObject","inLanguage":"pt-BR","@id":"https:\/\/www.estrategiaconcursos.com.br\/blog\/nacionalidade-sefaz-sp\/#primaryimage","url":"https:\/\/dhg1h5j42swfq.cloudfront.net\/2025\/12\/07153633\/image-61.png","contentUrl":"https:\/\/dhg1h5j42swfq.cloudfront.net\/2025\/12\/07153633\/image-61.png","width":465,"height":243,"caption":"Opera\u00e7\u00f5es entre Partes Relacionadas"},{"@type":"BreadcrumbList","@id":"https:\/\/www.estrategiaconcursos.com.br\/blog\/nacionalidade-sefaz-sp\/#breadcrumb","itemListElement":[{"@type":"ListItem","position":1,"name":"In\u00edcio","item":"https:\/\/www.estrategiaconcursos.com.br\/blog\/"},{"@type":"ListItem","position":2,"name":"Nacionalidade: resumo para a SEFAZ SP"}]},{"@type":"WebSite","@id":"https:\/\/www.estrategiaconcursos.com.br\/blog\/#website","url":"https:\/\/www.estrategiaconcursos.com.br\/blog\/","name":"Estrat\u00e9gia Concursos","description":"O blog da Estrat\u00e9gia Concursos traz not\u00edcias sobre concursos e artigos de professores oferecendo cursos para concursos (pdf + videaulas) no site.","publisher":{"@id":"https:\/\/www.estrategiaconcursos.com.br\/blog\/#organization"},"potentialAction":[{"@type":"SearchAction","target":{"@type":"EntryPoint","urlTemplate":"https:\/\/www.estrategiaconcursos.com.br\/blog\/?s={search_term_string}"},"query-input":{"@type":"PropertyValueSpecification","valueRequired":true,"valueName":"search_term_string"}}],"inLanguage":"pt-BR"},{"@type":"Organization","@id":"https:\/\/www.estrategiaconcursos.com.br\/blog\/#organization","name":"Estrat\u00e9gia Concursos","url":"https:\/\/www.estrategiaconcursos.com.br\/blog\/","logo":{"@type":"ImageObject","inLanguage":"pt-BR","@id":"https:\/\/www.estrategiaconcursos.com.br\/blog\/#\/schema\/logo\/image\/","url":"https:\/\/dhg1h5j42swfq.cloudfront.net\/2025\/06\/03203428\/logo_concursos-1.jpg","contentUrl":"https:\/\/dhg1h5j42swfq.cloudfront.net\/2025\/06\/03203428\/logo_concursos-1.jpg","width":230,"height":60,"caption":"Estrat\u00e9gia Concursos"},"image":{"@id":"https:\/\/www.estrategiaconcursos.com.br\/blog\/#\/schema\/logo\/image\/"},"sameAs":["https:\/\/x.com\/EstratConcursos"]},{"@type":"Person","@id":"https:\/\/www.estrategiaconcursos.com.br\/blog\/#\/schema\/person\/545cce8f1c81268ec2ca202a954284e1","name":"Rafael Ferreira Chaves","image":{"@type":"ImageObject","inLanguage":"pt-BR","@id":"https:\/\/secure.gravatar.com\/avatar\/7d43172b7c8451a76fe991e14bf7b661f56fcd3e9d8f44dcd92c997cfaf1286f?s=96&d=mm&r=g","url":"https:\/\/secure.gravatar.com\/avatar\/7d43172b7c8451a76fe991e14bf7b661f56fcd3e9d8f44dcd92c997cfaf1286f?s=96&d=mm&r=g","contentUrl":"https:\/\/secure.gravatar.com\/avatar\/7d43172b7c8451a76fe991e14bf7b661f56fcd3e9d8f44dcd92c997cfaf1286f?s=96&d=mm&r=g","caption":"Rafael Ferreira Chaves"},"description":"Engenheiro Civil formado pela Universidade Federal do Piau\u00ed - UFPI. Especialista em Engenharia Ambiental e Saneamento B\u00e1sico pela Faculdade Est\u00e1cio. Atualmente exerce o cargo de Auditor de Controle Externo do TCE\/AM. Aprovado e nomeado nos seguintes concursos: ARSETE\/PMT (1\u00ba lugar - Analista de Regula\u00e7\u00e3o - Eng. Civil), Prefeitura de Campinas\/SP (Eng. Civil) , CODEVASF (Analista de Desenvolvimento Regional - Eng. Civil), TCE\/AM (2\u00ba lugar - Auditor de Controle Externo - Obras P\u00fablicas \/ 14\u00ba lugar - Auditor de Controle Externo - Auditoria Governamental), TCE\/TO (2\u00ba lugar - Auditor de Controle Externo - Eng. Civil), TCE GO (Analista de Controle Externo - Controle Externo).","url":"https:\/\/www.estrategiaconcursos.com.br\/blog\/author\/fchaves01gmail-com\/"}]}},"_links":{"self":[{"href":"https:\/\/www.estrategiaconcursos.com.br\/blog\/wp-json\/wp\/v2\/posts\/1682218","targetHints":{"allow":["GET"]}}],"collection":[{"href":"https:\/\/www.estrategiaconcursos.com.br\/blog\/wp-json\/wp\/v2\/posts"}],"about":[{"href":"https:\/\/www.estrategiaconcursos.com.br\/blog\/wp-json\/wp\/v2\/types\/post"}],"author":[{"embeddable":true,"href":"https:\/\/www.estrategiaconcursos.com.br\/blog\/wp-json\/wp\/v2\/users\/2261"}],"replies":[{"embeddable":true,"href":"https:\/\/www.estrategiaconcursos.com.br\/blog\/wp-json\/wp\/v2\/comments?post=1682218"}],"version-history":[{"count":3,"href":"https:\/\/www.estrategiaconcursos.com.br\/blog\/wp-json\/wp\/v2\/posts\/1682218\/revisions"}],"predecessor-version":[{"id":1682252,"href":"https:\/\/www.estrategiaconcursos.com.br\/blog\/wp-json\/wp\/v2\/posts\/1682218\/revisions\/1682252"}],"wp:featuredmedia":[{"embeddable":true,"href":"https:\/\/www.estrategiaconcursos.com.br\/blog\/wp-json\/wp\/v2\/media\/1681310"}],"wp:attachment":[{"href":"https:\/\/www.estrategiaconcursos.com.br\/blog\/wp-json\/wp\/v2\/media?parent=1682218"}],"wp:term":[{"taxonomy":"category","embeddable":true,"href":"https:\/\/www.estrategiaconcursos.com.br\/blog\/wp-json\/wp\/v2\/categories?post=1682218"},{"taxonomy":"post_tag","embeddable":true,"href":"https:\/\/www.estrategiaconcursos.com.br\/blog\/wp-json\/wp\/v2\/tags?post=1682218"},{"taxonomy":"tax_estado","embeddable":true,"href":"https:\/\/www.estrategiaconcursos.com.br\/blog\/wp-json\/wp\/v2\/tax_estado?post=1682218"}],"curies":[{"name":"wp","href":"https:\/\/api.w.org\/{rel}","templated":true}]}}