{"id":1682051,"date":"2025-12-09T05:52:10","date_gmt":"2025-12-09T08:52:10","guid":{"rendered":"https:\/\/www.estrategiaconcursos.com.br\/blog\/?p=1682051"},"modified":"2025-12-09T08:48:56","modified_gmt":"2025-12-09T11:48:56","slug":"concurso-tcu-auditor-federal-de-controle-externo-cronograma-complementar","status":"publish","type":"post","link":"https:\/\/www.estrategiaconcursos.com.br\/blog\/concurso-tcu-auditor-federal-de-controle-externo-cronograma-complementar\/","title":{"rendered":"Concurso TCU: divulgado cronograma complementar! Confira"},"content":{"rendered":"\n<p><strong><em>O resultado final nas provas objetivas do concurso TCU ser\u00e1 publicado em mar\u00e7o de 2026<\/em><\/strong><\/p>\n\n\n\n<p>O cronograma complementar do concurso do&nbsp;<strong><a href=\"https:\/\/www.estrategiaconcursos.com.br\/cursosPorConcurso\/tcu-tecnico-federal-de-controle-externo-66\/\" target=\"_blank\" rel=\"noreferrer noopener\">Tribunal de Contas da Uni\u00e3o<\/a><\/strong>&nbsp;(TCU) para o cargo de&nbsp;<strong>Auditor Federal de Controle Externo<\/strong> consta em publica\u00e7\u00e3o no Di\u00e1rio Oficial da Uni\u00e3o desta ter\u00e7a-feira, 09 de dezembro. <\/p>\n\n\n\n<p>De acordo com o documento, a divulga\u00e7\u00e3o do edital de resultado final nas provas objetivas e de resultado provis\u00f3rio no procedimento de an\u00e1lise documental para a caracteriza\u00e7\u00e3o da defici\u00eancia ocorrer\u00e1 em 20 de mar\u00e7o de 2026. <\/p>\n\n\n\n<p>Outra data importante \u00e9 em rela\u00e7\u00e3o ao prazo para a interposi\u00e7\u00e3o de recursos contra o resultado provis\u00f3rio nas provas discursivas: das 10h do dia 18 de maio de 2026 \u00e0s 18h de 19 de maio de 2026. <\/p>\n\n\n\n<figure  \n  itemscope \n  itemtype=\"https:\/\/schema.org\/ImageObject\">\n\n  <a href=\"https:\/\/www.estrategiaconcursos.com.br\/curso\/1-tcu-auditor-de-controle-area-controle-externo-pacote\/?utm_source=blog&#038;utm_medium=banner&#038;utm_campaign=tcu-seo\" target=\"_blank\" rel=\"noopener noreferrer\">\n    <img loading=\"lazy\" decoding=\"async\" src=\"https:\/\/dhg1h5j42swfq.cloudfront.net\/2025\/09\/10114928\/criativo-sobre-curso-preparatorio-para-o-concurso-tcu-auditor-federal-de-controle-externo-estrategia-concursos-1024x180.jpg\" \n      alt=\"Informativo sobre o curso preparat\u00f3rio do Estrat\u00e9gia Concursos para Auditor Federal de Controle Externo do Concurso TCU, com destaque para a aprova\u00e7\u00e3o.\" \n      itemprop=\"contentUrl\"\n      title=\"Estude para o TCU com o Estrat\u00e9gia Concursos!\"\n      width=\"1024\"\n      height=\"180\"\n    \/>\n  <\/a>\n\n  \n  \n  \n  \n  \n  \n  \n  \n  \n  \n<\/figure>\n\n\n\n<h2 class=\"wp-block-heading\">Concurso TCU: cronograma complementar <\/h2>\n\n\n\n<figure class=\"wp-block-table is-style-stripes\"><table class=\"has-fixed-layout\"><tbody><tr><td class=\"has-text-align-center\" data-align=\"center\">Atividade<\/td><td class=\"has-text-align-center\" data-align=\"center\">Datas previstas<\/td><\/tr><tr><td class=\"has-text-align-center\" data-align=\"center\">[&#8230;]<\/td><td class=\"has-text-align-center\" data-align=\"center\">[&#8230;]<\/td><\/tr><tr><td class=\"has-text-align-center\" data-align=\"center\">Divulga\u00e7\u00e3o do edital de resultado final nas provas objetivas e de resultado provis\u00f3rio no procedimento de an\u00e1lise documental para a caracteriza\u00e7\u00e3o da defici\u00eancia<\/td><td class=\"has-text-align-center\" data-align=\"center\">20\/3\/2026<\/td><\/tr><tr><td class=\"has-text-align-center\" data-align=\"center\">Divulga\u00e7\u00e3o do edital de resultado final no procedimento de an\u00e1lise documental para a caracteriza\u00e7\u00e3o da defici\u00eancia e de convoca\u00e7\u00e3o para o procedimento de an\u00e1lise telepresencial para caracteriza\u00e7\u00e3o da defici\u00eancia<\/td><td class=\"has-text-align-center\" data-align=\"center\">8\/4\/2026<\/td><\/tr><tr><td class=\"has-text-align-center\" data-align=\"center\">Realiza\u00e7\u00e3o do procedimento de an\u00e1lise telepresencial para caracteriza\u00e7\u00e3o da defici\u00eancia<\/td><td class=\"has-text-align-center\" data-align=\"center\">19\/4\/2026<\/td><\/tr><tr><td class=\"has-text-align-center\" data-align=\"center\">Divulga\u00e7\u00e3o do edital de resultado provis\u00f3rio no procedimento de an\u00e1lise telepresencial de caracteriza\u00e7\u00e3o da defici\u00eancia<\/td><td class=\"has-text-align-center\" data-align=\"center\">30\/4\/2026<\/td><\/tr><tr><td class=\"has-text-align-center\" data-align=\"center\">Divulga\u00e7\u00e3o do edital de resultado final no procedimento de an\u00e1lise telepresencial de caracteriza\u00e7\u00e3o da defici\u00eancia e de resultado provis\u00f3rio nas provas discursivas<\/td><td class=\"has-text-align-center\" data-align=\"center\">15\/5\/2026<\/td><\/tr><tr><td class=\"has-text-align-center\" data-align=\"center\">Prazo para a interposi\u00e7\u00e3o de recursos contra o resultado provis\u00f3rio nas provas discursivas<\/td><td class=\"has-text-align-center\" data-align=\"center\">18 e 19\/5\/2026Das 10 horas do primeiro dia \u00e0s 18 horas do \u00faltimo dia (hor\u00e1rio oficial de Bras\u00edlia\/DF)<\/td><\/tr><\/tbody><\/table><\/figure>\n\n\n\n<p>Confira o documento publicado na \u00edntegra no link abaixo:<\/p>\n\n\n\n<h2 class=\"wp-block-heading has-text-align-center has-cyan-bluish-gray-background-color has-background has-medium-font-size\">Concurso TCU &#8211; <a href=\"https:\/\/dhg1h5j42swfq.cloudfront.net\/2025\/12\/09054934\/cronograma-complementar-tcu.pdf\" target=\"_blank\" rel=\"noreferrer noopener\">cronograma complementar<\/a> <\/h2>\n\n\n\n<p>Confira mais detalhes do concurso TCU atrav\u00e9s do link abaixo:<\/p>\n\n\n\n<h2 class=\"wp-block-heading has-text-align-center has-cyan-bluish-gray-background-color has-background has-medium-font-size\">Saiba mais: <a href=\"https:\/\/www.estrategiaconcursos.com.br\/blog\/concurso-tcu\/\" target=\"_blank\" rel=\"noreferrer noopener\">concurso TCU<\/a><\/h2>\n\n\n\n<h2 class=\"wp-block-heading has-text-align-center\" id=\"cursos\"><em>Quer estudar para o concurso TCU?<\/em><\/h2>\n\n\n\n<div id=\"boxes\" class=\"container\">\n<div class=\"row\">\n<div class=\"col-sm\">\n<div id=\"box-assinatura\" class=\"banner-tcu-ec\">\n<h2 class=\"titulo-assinatura\">Concurso TCU<\/h2>\n<p class=\"subtitulo-assinatura\">Prepare-se para o Tribunal de Contas da Uni\u00e3o!<\/p>\n<div class=\"box-botao\"><a class=\"btn-assinatura\" role=\"button\" href=\"https:\/\/www.estrategiaconcursos.com.br\/cursosPorConcurso\/tcu-tecnico-federal-de-controle-externo-66\/\" target=\"_blank\" rel=\"noopener noreferrer\">VER CURSOS<\/a><\/div>\n<\/div>\n<\/div>\n<\/div>\n<\/div>\n\n\n\n<div id=\"boxes\" class=\"container\">\n<div class=\"row\">\n<div class=\"col-sm\">\n<div id=\"box-assinatura\" class=\"estrategia\">\n<h3 class=\"titulo-assinatura\">Assinatura Concursos<\/h3>\n<p class=\"subtitulo-assinatura\">Assinatura de 1 ano ou 2 anos<\/p>\n<div class=\"box-botao\"><a class=\"btn-assinatura\" role=\"button\" href=\"https:\/\/www.estrategiaconcursos.com.br\/assinaturas\/\" target=\"_blank\" rel=\"noopener noreferrer\">ASSINE AGORA<\/a><\/div>\n<\/div><\/div><\/div><\/div>\n\n\n\n<h2 class=\"wp-block-heading has-text-align-center\" id=\"h-quer-saber-tudo-sobre-concursos-previstos-confira-nossos-artigos\">Quer saber tudo sobre concursos previstos?<br \/>Confira nossos artigos!<\/h2>\n\n\n\n<ul class=\"wp-block-list\">\n<li><a href=\"https:\/\/www.estrategiaconcursos.com.br\/blog\/concursos-abertos\/\" target=\"_blank\" rel=\"noreferrer noopener\">Concursos Abertos<\/a><\/li>\n\n\n\n<li><a href=\"https:\/\/www.estrategiaconcursos.com.br\/blog\/concursos-controle\/\" target=\"_blank\" rel=\"noreferrer noopener\">Concursos Controle<\/a><\/li>\n\n\n\n<li><a href=\"https:\/\/www.estrategiaconcursos.com.br\/blog\/concursos-2026\/\" target=\"_blank\" rel=\"noreferrer noopener\">Concursos 2026<\/a><\/li>\n<\/ul>\n","protected":false},"excerpt":{"rendered":"<p>O resultado final nas provas objetivas do concurso TCU ser\u00e1 publicado em mar\u00e7o de 2026 O cronograma complementar do concurso do&nbsp;Tribunal de Contas da Uni\u00e3o&nbsp;(TCU) para o cargo de&nbsp;Auditor Federal de Controle Externo consta em publica\u00e7\u00e3o no Di\u00e1rio Oficial da Uni\u00e3o desta ter\u00e7a-feira, 09 de dezembro. De acordo com o documento, a divulga\u00e7\u00e3o do edital [&hellip;]<\/p>\n","protected":false},"author":2375,"featured_media":903336,"comment_status":"open","ping_status":"closed","sticky":false,"template":"","format":"standard","meta":{"post_tipo":"news","footnotes":""},"categories":[214710,220219],"tags":[],"tax_estado":[219963],"class_list":["post-1682051","post","type-post","status-publish","format-standard","has-post-thumbnail","hentry","category-tribunais-de-contas","category-noticias","tax_estado-concursos-federais"],"acf":[],"yoast_head":"<!-- This site is optimized with the Yoast SEO Premium plugin v27.2 (Yoast SEO v27.2) - https:\/\/yoast.com\/product\/yoast-seo-premium-wordpress\/ -->\n<title>Concurso TCU: divulgado cronograma complementar! Confira<\/title>\n<meta name=\"description\" content=\"Concurso TCU: veja com o Estrat\u00e9gia os detalhes do cronograma complementar do edital do Tribunal de Contas da Uni\u00e3o!\" \/>\n<meta name=\"robots\" content=\"index, follow, max-snippet:-1, max-image-preview:large, max-video-preview:-1\" \/>\n<link rel=\"canonical\" href=\"https:\/\/www.estrategiaconcursos.com.br\/blog\/concurso-tcu-auditor-federal-de-controle-externo-cronograma-complementar\/\" \/>\n<meta property=\"og:locale\" content=\"pt_BR\" \/>\n<meta property=\"og:type\" content=\"article\" \/>\n<meta property=\"og:title\" content=\"Concurso TCU: divulgado cronograma complementar! Confira\" \/>\n<meta property=\"og:description\" content=\"Concurso TCU: veja com o Estrat\u00e9gia os detalhes do cronograma complementar do edital do Tribunal de Contas da Uni\u00e3o!\" \/>\n<meta property=\"og:url\" content=\"https:\/\/www.estrategiaconcursos.com.br\/blog\/concurso-tcu-auditor-federal-de-controle-externo-cronograma-complementar\/\" \/>\n<meta property=\"og:site_name\" content=\"Estrat\u00e9gia Concursos\" \/>\n<meta property=\"article:published_time\" content=\"2025-12-09T08:52:10+00:00\" \/>\n<meta property=\"article:modified_time\" content=\"2025-12-09T11:48:56+00:00\" \/>\n<meta property=\"og:image\" content=\"https:\/\/dhg1h5j42swfq.cloudfront.net\/2021\/11\/08141609\/tcu.jpg\" \/>\n\t<meta property=\"og:image:width\" content=\"1024\" \/>\n\t<meta property=\"og:image:height\" content=\"536\" \/>\n\t<meta property=\"og:image:type\" content=\"image\/jpeg\" \/>\n<meta name=\"author\" content=\"Priscila Almeida\" \/>\n<meta name=\"twitter:card\" content=\"summary_large_image\" \/>\n<meta name=\"twitter:creator\" content=\"@EstratConcursos\" \/>\n<meta name=\"twitter:site\" content=\"@EstratConcursos\" \/>\n<meta name=\"twitter:label1\" content=\"Escrito por\" \/>\n\t<meta name=\"twitter:data1\" content=\"Priscila Almeida\" \/>\n\t<meta name=\"twitter:label2\" content=\"Est. tempo de leitura\" \/>\n\t<meta name=\"twitter:data2\" content=\"2 minutos\" \/>\n<script type=\"application\/ld+json\" class=\"yoast-schema-graph\">{\"@context\":\"https:\/\/schema.org\",\"@graph\":[{\"@type\":\"NewsArticle\",\"@id\":\"https:\/\/www.estrategiaconcursos.com.br\/blog\/concurso-tcu-auditor-federal-de-controle-externo-cronograma-complementar\/#article\",\"isPartOf\":{\"@id\":\"https:\/\/www.estrategiaconcursos.com.br\/blog\/concurso-tcu-auditor-federal-de-controle-externo-cronograma-complementar\/\"},\"author\":{\"name\":\"Priscila Almeida\",\"@id\":\"https:\/\/www.estrategiaconcursos.com.br\/blog\/#\/schema\/person\/a06e841e501f2e1d8c49c4e8f066bfd1\"},\"headline\":\"Concurso TCU: divulgado cronograma complementar! Confira\",\"datePublished\":\"2025-12-09T08:52:10+00:00\",\"dateModified\":\"2025-12-09T11:48:56+00:00\",\"mainEntityOfPage\":{\"@id\":\"https:\/\/www.estrategiaconcursos.com.br\/blog\/concurso-tcu-auditor-federal-de-controle-externo-cronograma-complementar\/\"},\"wordCount\":374,\"commentCount\":0,\"publisher\":{\"@id\":\"https:\/\/www.estrategiaconcursos.com.br\/blog\/#organization\"},\"image\":{\"@id\":\"https:\/\/www.estrategiaconcursos.com.br\/blog\/concurso-tcu-auditor-federal-de-controle-externo-cronograma-complementar\/#primaryimage\"},\"thumbnailUrl\":\"https:\/\/dhg1h5j42swfq.cloudfront.net\/2021\/11\/08141609\/tcu.jpg\",\"articleSection\":[\"Tribunais de Contas (TCU, TCE, TCM)\",\"\u00daltimas not\u00edcias\"],\"inLanguage\":\"pt-BR\",\"potentialAction\":[{\"@type\":\"CommentAction\",\"name\":\"Comment\",\"target\":[\"https:\/\/www.estrategiaconcursos.com.br\/blog\/concurso-tcu-auditor-federal-de-controle-externo-cronograma-complementar\/#respond\"]}],\"copyrightYear\":\"2025\",\"copyrightHolder\":{\"@id\":\"https:\/\/www.estrategiaconcursos.com.br\/blog\/#organization\"}},{\"@type\":\"WebPage\",\"@id\":\"https:\/\/www.estrategiaconcursos.com.br\/blog\/concurso-tcu-auditor-federal-de-controle-externo-cronograma-complementar\/\",\"url\":\"https:\/\/www.estrategiaconcursos.com.br\/blog\/concurso-tcu-auditor-federal-de-controle-externo-cronograma-complementar\/\",\"name\":\"Concurso TCU: divulgado cronograma complementar! Confira\",\"isPartOf\":{\"@id\":\"https:\/\/www.estrategiaconcursos.com.br\/blog\/#website\"},\"primaryImageOfPage\":{\"@id\":\"https:\/\/www.estrategiaconcursos.com.br\/blog\/concurso-tcu-auditor-federal-de-controle-externo-cronograma-complementar\/#primaryimage\"},\"image\":{\"@id\":\"https:\/\/www.estrategiaconcursos.com.br\/blog\/concurso-tcu-auditor-federal-de-controle-externo-cronograma-complementar\/#primaryimage\"},\"thumbnailUrl\":\"https:\/\/dhg1h5j42swfq.cloudfront.net\/2021\/11\/08141609\/tcu.jpg\",\"datePublished\":\"2025-12-09T08:52:10+00:00\",\"dateModified\":\"2025-12-09T11:48:56+00:00\",\"description\":\"Concurso TCU: veja com o Estrat\u00e9gia os detalhes do cronograma complementar do edital do Tribunal de Contas da Uni\u00e3o!\",\"breadcrumb\":{\"@id\":\"https:\/\/www.estrategiaconcursos.com.br\/blog\/concurso-tcu-auditor-federal-de-controle-externo-cronograma-complementar\/#breadcrumb\"},\"inLanguage\":\"pt-BR\",\"potentialAction\":[{\"@type\":\"ReadAction\",\"target\":[\"https:\/\/www.estrategiaconcursos.com.br\/blog\/concurso-tcu-auditor-federal-de-controle-externo-cronograma-complementar\/\"]}]},{\"@type\":\"ImageObject\",\"inLanguage\":\"pt-BR\",\"@id\":\"https:\/\/www.estrategiaconcursos.com.br\/blog\/concurso-tcu-auditor-federal-de-controle-externo-cronograma-complementar\/#primaryimage\",\"url\":\"https:\/\/dhg1h5j42swfq.cloudfront.net\/2021\/11\/08141609\/tcu.jpg\",\"contentUrl\":\"https:\/\/dhg1h5j42swfq.cloudfront.net\/2021\/11\/08141609\/tcu.jpg\",\"width\":1024,\"height\":536,\"caption\":\"TCU explica sobre contrata\u00e7\u00e3o de terceirizados\"},{\"@type\":\"BreadcrumbList\",\"@id\":\"https:\/\/www.estrategiaconcursos.com.br\/blog\/concurso-tcu-auditor-federal-de-controle-externo-cronograma-complementar\/#breadcrumb\",\"itemListElement\":[{\"@type\":\"ListItem\",\"position\":1,\"name\":\"In\u00edcio\",\"item\":\"https:\/\/www.estrategiaconcursos.com.br\/blog\/\"},{\"@type\":\"ListItem\",\"position\":2,\"name\":\"Concurso TCU: divulgado cronograma complementar! Confira\"}]},{\"@type\":\"WebSite\",\"@id\":\"https:\/\/www.estrategiaconcursos.com.br\/blog\/#website\",\"url\":\"https:\/\/www.estrategiaconcursos.com.br\/blog\/\",\"name\":\"Estrat\u00e9gia Concursos\",\"description\":\"O blog da Estrat\u00e9gia Concursos traz not\u00edcias sobre concursos e artigos de professores oferecendo cursos para concursos (pdf + videaulas) no site.\",\"publisher\":{\"@id\":\"https:\/\/www.estrategiaconcursos.com.br\/blog\/#organization\"},\"potentialAction\":[{\"@type\":\"SearchAction\",\"target\":{\"@type\":\"EntryPoint\",\"urlTemplate\":\"https:\/\/www.estrategiaconcursos.com.br\/blog\/?s={search_term_string}\"},\"query-input\":{\"@type\":\"PropertyValueSpecification\",\"valueRequired\":true,\"valueName\":\"search_term_string\"}}],\"inLanguage\":\"pt-BR\"},{\"@type\":\"Organization\",\"@id\":\"https:\/\/www.estrategiaconcursos.com.br\/blog\/#organization\",\"name\":\"Estrat\u00e9gia Concursos\",\"url\":\"https:\/\/www.estrategiaconcursos.com.br\/blog\/\",\"logo\":{\"@type\":\"ImageObject\",\"inLanguage\":\"pt-BR\",\"@id\":\"https:\/\/www.estrategiaconcursos.com.br\/blog\/#\/schema\/logo\/image\/\",\"url\":\"https:\/\/dhg1h5j42swfq.cloudfront.net\/2025\/06\/03203428\/logo_concursos-1.jpg\",\"contentUrl\":\"https:\/\/dhg1h5j42swfq.cloudfront.net\/2025\/06\/03203428\/logo_concursos-1.jpg\",\"width\":230,\"height\":60,\"caption\":\"Estrat\u00e9gia Concursos\"},\"image\":{\"@id\":\"https:\/\/www.estrategiaconcursos.com.br\/blog\/#\/schema\/logo\/image\/\"},\"sameAs\":[\"https:\/\/x.com\/EstratConcursos\"]},{\"@type\":\"Person\",\"@id\":\"https:\/\/www.estrategiaconcursos.com.br\/blog\/#\/schema\/person\/a06e841e501f2e1d8c49c4e8f066bfd1\",\"name\":\"Priscila Almeida\",\"image\":{\"@type\":\"ImageObject\",\"inLanguage\":\"pt-BR\",\"@id\":\"https:\/\/secure.gravatar.com\/avatar\/0a963c9e2a947fa675b669cea2b5d0ba6dd1cbf46b966190343b6c9973ad3337?s=96&d=mm&r=g\",\"url\":\"https:\/\/secure.gravatar.com\/avatar\/0a963c9e2a947fa675b669cea2b5d0ba6dd1cbf46b966190343b6c9973ad3337?s=96&d=mm&r=g\",\"contentUrl\":\"https:\/\/secure.gravatar.com\/avatar\/0a963c9e2a947fa675b669cea2b5d0ba6dd1cbf46b966190343b6c9973ad3337?s=96&d=mm&r=g\",\"caption\":\"Priscila Almeida\"},\"description\":\"Atua na \u00e1rea de concursos p\u00fablicos desde 2019. As editorias que mais t\u00eam familiaridade s\u00e3o: Tribunais (TJs; TRTs; TREs; TSTs; STJ, STF, STM e TSE); Defensorias; Minist\u00e9rios P\u00fablicos; Procuradorias; Educa\u00e7\u00e3o e Conselhos. Na \u00e1rea de comunica\u00e7\u00e3o, de maneira geral, a caminhada \u00e9 um pouco mais longa - desde 2007. Possui experi\u00eancia em reda\u00e7\u00f5es de r\u00e1dio, TV, Web e impresso, al\u00e9m de desenvolver trabalhos em assessorias de comunica\u00e7\u00e3o institucional, empresarial e p\u00fablicas. Entre outros trabalhos, se destacam a atua\u00e7\u00e3o nas \u00e1reas de Justi\u00e7a, Congresso, Esportes, Sa\u00fade, Agropecu\u00e1ria, Cidades e Avia\u00e7\u00e3o Civil.\",\"url\":\"https:\/\/www.estrategiaconcursos.com.br\/blog\/author\/priscila-almeidaestrategia-com\/\"}]}<\/script>\n<!-- \/ Yoast SEO Premium plugin. -->","yoast_head_json":{"title":"Concurso TCU: divulgado cronograma complementar! Confira","description":"Concurso TCU: veja com o Estrat\u00e9gia os detalhes do cronograma complementar do edital do Tribunal de Contas da Uni\u00e3o!","robots":{"index":"index","follow":"follow","max-snippet":"max-snippet:-1","max-image-preview":"max-image-preview:large","max-video-preview":"max-video-preview:-1"},"canonical":"https:\/\/www.estrategiaconcursos.com.br\/blog\/concurso-tcu-auditor-federal-de-controle-externo-cronograma-complementar\/","og_locale":"pt_BR","og_type":"article","og_title":"Concurso TCU: divulgado cronograma complementar! Confira","og_description":"Concurso TCU: veja com o Estrat\u00e9gia os detalhes do cronograma complementar do edital do Tribunal de Contas da Uni\u00e3o!","og_url":"https:\/\/www.estrategiaconcursos.com.br\/blog\/concurso-tcu-auditor-federal-de-controle-externo-cronograma-complementar\/","og_site_name":"Estrat\u00e9gia Concursos","article_published_time":"2025-12-09T08:52:10+00:00","article_modified_time":"2025-12-09T11:48:56+00:00","og_image":[{"width":1024,"height":536,"url":"https:\/\/dhg1h5j42swfq.cloudfront.net\/2021\/11\/08141609\/tcu.jpg","type":"image\/jpeg"}],"author":"Priscila Almeida","twitter_card":"summary_large_image","twitter_creator":"@EstratConcursos","twitter_site":"@EstratConcursos","twitter_misc":{"Escrito por":"Priscila Almeida","Est. tempo de leitura":"2 minutos"},"schema":{"@context":"https:\/\/schema.org","@graph":[{"@type":"NewsArticle","@id":"https:\/\/www.estrategiaconcursos.com.br\/blog\/concurso-tcu-auditor-federal-de-controle-externo-cronograma-complementar\/#article","isPartOf":{"@id":"https:\/\/www.estrategiaconcursos.com.br\/blog\/concurso-tcu-auditor-federal-de-controle-externo-cronograma-complementar\/"},"author":{"name":"Priscila Almeida","@id":"https:\/\/www.estrategiaconcursos.com.br\/blog\/#\/schema\/person\/a06e841e501f2e1d8c49c4e8f066bfd1"},"headline":"Concurso TCU: divulgado cronograma complementar! Confira","datePublished":"2025-12-09T08:52:10+00:00","dateModified":"2025-12-09T11:48:56+00:00","mainEntityOfPage":{"@id":"https:\/\/www.estrategiaconcursos.com.br\/blog\/concurso-tcu-auditor-federal-de-controle-externo-cronograma-complementar\/"},"wordCount":374,"commentCount":0,"publisher":{"@id":"https:\/\/www.estrategiaconcursos.com.br\/blog\/#organization"},"image":{"@id":"https:\/\/www.estrategiaconcursos.com.br\/blog\/concurso-tcu-auditor-federal-de-controle-externo-cronograma-complementar\/#primaryimage"},"thumbnailUrl":"https:\/\/dhg1h5j42swfq.cloudfront.net\/2021\/11\/08141609\/tcu.jpg","articleSection":["Tribunais de Contas (TCU, TCE, TCM)","\u00daltimas not\u00edcias"],"inLanguage":"pt-BR","potentialAction":[{"@type":"CommentAction","name":"Comment","target":["https:\/\/www.estrategiaconcursos.com.br\/blog\/concurso-tcu-auditor-federal-de-controle-externo-cronograma-complementar\/#respond"]}],"copyrightYear":"2025","copyrightHolder":{"@id":"https:\/\/www.estrategiaconcursos.com.br\/blog\/#organization"}},{"@type":"WebPage","@id":"https:\/\/www.estrategiaconcursos.com.br\/blog\/concurso-tcu-auditor-federal-de-controle-externo-cronograma-complementar\/","url":"https:\/\/www.estrategiaconcursos.com.br\/blog\/concurso-tcu-auditor-federal-de-controle-externo-cronograma-complementar\/","name":"Concurso TCU: divulgado cronograma complementar! Confira","isPartOf":{"@id":"https:\/\/www.estrategiaconcursos.com.br\/blog\/#website"},"primaryImageOfPage":{"@id":"https:\/\/www.estrategiaconcursos.com.br\/blog\/concurso-tcu-auditor-federal-de-controle-externo-cronograma-complementar\/#primaryimage"},"image":{"@id":"https:\/\/www.estrategiaconcursos.com.br\/blog\/concurso-tcu-auditor-federal-de-controle-externo-cronograma-complementar\/#primaryimage"},"thumbnailUrl":"https:\/\/dhg1h5j42swfq.cloudfront.net\/2021\/11\/08141609\/tcu.jpg","datePublished":"2025-12-09T08:52:10+00:00","dateModified":"2025-12-09T11:48:56+00:00","description":"Concurso TCU: veja com o Estrat\u00e9gia os detalhes do cronograma complementar do edital do Tribunal de Contas da Uni\u00e3o!","breadcrumb":{"@id":"https:\/\/www.estrategiaconcursos.com.br\/blog\/concurso-tcu-auditor-federal-de-controle-externo-cronograma-complementar\/#breadcrumb"},"inLanguage":"pt-BR","potentialAction":[{"@type":"ReadAction","target":["https:\/\/www.estrategiaconcursos.com.br\/blog\/concurso-tcu-auditor-federal-de-controle-externo-cronograma-complementar\/"]}]},{"@type":"ImageObject","inLanguage":"pt-BR","@id":"https:\/\/www.estrategiaconcursos.com.br\/blog\/concurso-tcu-auditor-federal-de-controle-externo-cronograma-complementar\/#primaryimage","url":"https:\/\/dhg1h5j42swfq.cloudfront.net\/2021\/11\/08141609\/tcu.jpg","contentUrl":"https:\/\/dhg1h5j42swfq.cloudfront.net\/2021\/11\/08141609\/tcu.jpg","width":1024,"height":536,"caption":"TCU explica sobre contrata\u00e7\u00e3o de terceirizados"},{"@type":"BreadcrumbList","@id":"https:\/\/www.estrategiaconcursos.com.br\/blog\/concurso-tcu-auditor-federal-de-controle-externo-cronograma-complementar\/#breadcrumb","itemListElement":[{"@type":"ListItem","position":1,"name":"In\u00edcio","item":"https:\/\/www.estrategiaconcursos.com.br\/blog\/"},{"@type":"ListItem","position":2,"name":"Concurso TCU: divulgado cronograma complementar! Confira"}]},{"@type":"WebSite","@id":"https:\/\/www.estrategiaconcursos.com.br\/blog\/#website","url":"https:\/\/www.estrategiaconcursos.com.br\/blog\/","name":"Estrat\u00e9gia Concursos","description":"O blog da Estrat\u00e9gia Concursos traz not\u00edcias sobre concursos e artigos de professores oferecendo cursos para concursos (pdf + videaulas) no site.","publisher":{"@id":"https:\/\/www.estrategiaconcursos.com.br\/blog\/#organization"},"potentialAction":[{"@type":"SearchAction","target":{"@type":"EntryPoint","urlTemplate":"https:\/\/www.estrategiaconcursos.com.br\/blog\/?s={search_term_string}"},"query-input":{"@type":"PropertyValueSpecification","valueRequired":true,"valueName":"search_term_string"}}],"inLanguage":"pt-BR"},{"@type":"Organization","@id":"https:\/\/www.estrategiaconcursos.com.br\/blog\/#organization","name":"Estrat\u00e9gia Concursos","url":"https:\/\/www.estrategiaconcursos.com.br\/blog\/","logo":{"@type":"ImageObject","inLanguage":"pt-BR","@id":"https:\/\/www.estrategiaconcursos.com.br\/blog\/#\/schema\/logo\/image\/","url":"https:\/\/dhg1h5j42swfq.cloudfront.net\/2025\/06\/03203428\/logo_concursos-1.jpg","contentUrl":"https:\/\/dhg1h5j42swfq.cloudfront.net\/2025\/06\/03203428\/logo_concursos-1.jpg","width":230,"height":60,"caption":"Estrat\u00e9gia Concursos"},"image":{"@id":"https:\/\/www.estrategiaconcursos.com.br\/blog\/#\/schema\/logo\/image\/"},"sameAs":["https:\/\/x.com\/EstratConcursos"]},{"@type":"Person","@id":"https:\/\/www.estrategiaconcursos.com.br\/blog\/#\/schema\/person\/a06e841e501f2e1d8c49c4e8f066bfd1","name":"Priscila Almeida","image":{"@type":"ImageObject","inLanguage":"pt-BR","@id":"https:\/\/secure.gravatar.com\/avatar\/0a963c9e2a947fa675b669cea2b5d0ba6dd1cbf46b966190343b6c9973ad3337?s=96&d=mm&r=g","url":"https:\/\/secure.gravatar.com\/avatar\/0a963c9e2a947fa675b669cea2b5d0ba6dd1cbf46b966190343b6c9973ad3337?s=96&d=mm&r=g","contentUrl":"https:\/\/secure.gravatar.com\/avatar\/0a963c9e2a947fa675b669cea2b5d0ba6dd1cbf46b966190343b6c9973ad3337?s=96&d=mm&r=g","caption":"Priscila Almeida"},"description":"Atua na \u00e1rea de concursos p\u00fablicos desde 2019. As editorias que mais t\u00eam familiaridade s\u00e3o: Tribunais (TJs; TRTs; TREs; TSTs; STJ, STF, STM e TSE); Defensorias; Minist\u00e9rios P\u00fablicos; Procuradorias; Educa\u00e7\u00e3o e Conselhos. Na \u00e1rea de comunica\u00e7\u00e3o, de maneira geral, a caminhada \u00e9 um pouco mais longa - desde 2007. Possui experi\u00eancia em reda\u00e7\u00f5es de r\u00e1dio, TV, Web e impresso, al\u00e9m de desenvolver trabalhos em assessorias de comunica\u00e7\u00e3o institucional, empresarial e p\u00fablicas. Entre outros trabalhos, se destacam a atua\u00e7\u00e3o nas \u00e1reas de Justi\u00e7a, Congresso, Esportes, Sa\u00fade, Agropecu\u00e1ria, Cidades e Avia\u00e7\u00e3o Civil.","url":"https:\/\/www.estrategiaconcursos.com.br\/blog\/author\/priscila-almeidaestrategia-com\/"}]}},"_links":{"self":[{"href":"https:\/\/www.estrategiaconcursos.com.br\/blog\/wp-json\/wp\/v2\/posts\/1682051","targetHints":{"allow":["GET"]}}],"collection":[{"href":"https:\/\/www.estrategiaconcursos.com.br\/blog\/wp-json\/wp\/v2\/posts"}],"about":[{"href":"https:\/\/www.estrategiaconcursos.com.br\/blog\/wp-json\/wp\/v2\/types\/post"}],"author":[{"embeddable":true,"href":"https:\/\/www.estrategiaconcursos.com.br\/blog\/wp-json\/wp\/v2\/users\/2375"}],"replies":[{"embeddable":true,"href":"https:\/\/www.estrategiaconcursos.com.br\/blog\/wp-json\/wp\/v2\/comments?post=1682051"}],"version-history":[{"count":4,"href":"https:\/\/www.estrategiaconcursos.com.br\/blog\/wp-json\/wp\/v2\/posts\/1682051\/revisions"}],"predecessor-version":[{"id":1682083,"href":"https:\/\/www.estrategiaconcursos.com.br\/blog\/wp-json\/wp\/v2\/posts\/1682051\/revisions\/1682083"}],"wp:featuredmedia":[{"embeddable":true,"href":"https:\/\/www.estrategiaconcursos.com.br\/blog\/wp-json\/wp\/v2\/media\/903336"}],"wp:attachment":[{"href":"https:\/\/www.estrategiaconcursos.com.br\/blog\/wp-json\/wp\/v2\/media?parent=1682051"}],"wp:term":[{"taxonomy":"category","embeddable":true,"href":"https:\/\/www.estrategiaconcursos.com.br\/blog\/wp-json\/wp\/v2\/categories?post=1682051"},{"taxonomy":"post_tag","embeddable":true,"href":"https:\/\/www.estrategiaconcursos.com.br\/blog\/wp-json\/wp\/v2\/tags?post=1682051"},{"taxonomy":"tax_estado","embeddable":true,"href":"https:\/\/www.estrategiaconcursos.com.br\/blog\/wp-json\/wp\/v2\/tax_estado?post=1682051"}],"curies":[{"name":"wp","href":"https:\/\/api.w.org\/{rel}","templated":true}]}}