{"id":1681960,"date":"2025-12-08T18:37:17","date_gmt":"2025-12-08T21:37:17","guid":{"rendered":"https:\/\/www.estrategiaconcursos.com.br\/blog\/?p=1681960"},"modified":"2025-12-09T13:40:51","modified_gmt":"2025-12-09T16:40:51","slug":"concurso-sefaz-sp-ultimo-isencao","status":"publish","type":"post","link":"https:\/\/www.estrategiaconcursos.com.br\/blog\/concurso-sefaz-sp-ultimo-isencao\/","title":{"rendered":"\u00daltimo dia para garantir a isen\u00e7\u00e3o do concurso Sefaz SP!"},"content":{"rendered":"\n<p style=\"font-size:clamp(16.293px, 1.018rem + ((1vw - 3.2px) * 0.854), 25px);\"><strong><em>Hoje (08) \u00e9 o \u00faltimo dia para garantir a isen\u00e7\u00e3o do concurso Sefaz SP; n\u00e3o perca!<\/em><\/strong><\/p>\n\n\n\n<p>Uma das oportunidades fiscais mais esperadas do ano acabou de chegar \u00e0 pra\u00e7a! Ap\u00f3s mais de 10 anos, finalmente est\u00e1 na pra\u00e7a mais um edital de concurso da&nbsp;<strong><a href=\"https:\/\/www.estrategiaconcursos.com.br\/cursosPorConcurso\/icms-sp-63\/\" target=\"_blank\" rel=\"noreferrer noopener\">Secretaria da Fazenda e Planejamento do Estado de S\u00e3o Paulo<\/a>&nbsp;(Sefaz SP)<\/strong>!<\/p>\n\n\n\n<p>Segundo o documento, s\u00e3o oferecidas&nbsp;<strong>200 vagas imediatas<\/strong>&nbsp;para o cargo de&nbsp;<strong>Auditor Fiscal da Receita Estadual<\/strong>, principal carreira do \u00f3rg\u00e3o.<\/p>\n\n\n\n<p>O sal\u00e1rio, inclusive, traz valores pra l\u00e1 de interessantes, chegando a surpreendentes&nbsp;<strong>R$ 21,1 mil<\/strong>&nbsp;inicialmente e atingindo, com gratifica\u00e7\u00f5es, o valor de&nbsp;<strong>R$ 30 mil<\/strong>&nbsp;l\u00edquido.<\/p>\n\n\n\n<p>Diante dessas baitas oportunidades, muitos candidatos podem ter o desejo de participar do certame, mas n\u00e3o possuir a condi\u00e7\u00e3o financeira necess\u00e1ria para efetuar o pagamento da taxa, que est\u00e1 no valor de <strong>R$ 170,00<\/strong>.<\/p>\n\n\n\n<p>Por isso, perante lei estadual, alguns concurseiros t\u00eam direito \u00e0 gratuidade\/isen\u00e7\u00e3o da taxa, o que refor\u00e7a ainda mais a isonomia da sele\u00e7\u00e3o.<\/p>\n\n\n\n<p>O prazo para a solicita\u00e7\u00e3o da medida, no entanto, encerra-se j\u00e1 nesta segunda-feira, 8 de dezembro. Se voc\u00ea precisa realizar o pedido, deve fazer o <strong>procedimento agora!<\/strong><\/p>\n\n\n\n<p>Para requerer a isen\u00e7\u00e3o da taxa, o candidato deve acessar o site da banca, a FCC, e realizar a sua inscri\u00e7\u00e3o. Ao finaliz\u00e1-la, estar\u00e1 dispon\u00edvel a solicita\u00e7\u00e3o da gratuidade.<\/p>\n\n\n\n<div class=\"container\" id=\"boxes\">\n  <div class=\"row\">\n\n    <div class=\"col-sm\">\n      <div class=\"banner-sefaz-ec\" id=\"box-assinatura\">\n        <h3 class=\"titulo-assinatura\">Concurso Sefaz SP<\/h3>\n        <p class=\"subtitulo-assinatura\">Prepara\u00e7\u00e3o completa para a carreira na Sefaz SP<\/p>\n        <div class=\"box-botao\">\n          <a class=\"btn-assinatura\" target=\"_blank\" href=\"https:\/\/www.estrategiaconcursos.com.br\/cursosPorConcurso\/icms-sp-63\/\" role=\"button\" rel=\"noopener noreferrer\">VER CURSOS<\/a>\n        <\/div>\n      <\/div>\n    \n    <\/div>\n\n  <\/div>\n<\/div>\n\n\n\n<h2 class=\"wp-block-heading\" id=\"h-concurso-sefaz-sp-passo-a-passo-da-inscricao\">Concurso Sefaz SP: passo a passo da inscri\u00e7\u00e3o!<\/h2>\n\n\n\n<ol class=\"wp-block-list\">\n<li><strong>Acesse o link espec\u00edfico:<\/strong> durante o per\u00edodo de inscri\u00e7\u00f5es, entre no site da FCC e localize o link do Concurso da Sefaz SP<\/li>\n\n\n\n<li><strong>Leia e aceite:<\/strong> o primeiro passo \u00e9 ler o Requerimento de Inscri\u00e7\u00e3o. Ao preencher o formul\u00e1rio, voc\u00ea declara automaticamente que aceita todas as regras do edital<\/li>\n\n\n\n<li><strong>Decis\u00e3o estrat\u00e9gica (\u00e1rea e cidade)<\/strong>\n<ul class=\"wp-block-list\">\n<li>Voc\u00ea deve escolher obrigatoriamente a <strong>\u00c1rea de Conhecimento<\/strong> (Gest\u00e3o Tribut\u00e1ria ou Tecnologia da Informa\u00e7\u00e3o e Comunica\u00e7\u00e3o).<\/li>\n\n\n\n<li>Voc\u00ea deve escolher a <strong>Cidade de Realiza\u00e7\u00e3o das Provas<\/strong> (dentre as op\u00e7\u00f5es como S\u00e3o Paulo, Campinas, Ribeir\u00e3o Preto, entre outras listadas no Anexo II)<\/li>\n<\/ul>\n<\/li>\n\n\n\n<li><strong>Upload da fotografia:<\/strong> o candidato deve enviar uma fotografia individual recente, onde apare\u00e7am a cabe\u00e7a descoberta e os ombros. Siga rigorosamente as instru\u00e7\u00f5es do sistema, pois o descumprimento pode impedir a inscri\u00e7\u00e3o<\/li>\n\n\n\n<li><strong>Emiss\u00e3o do boleto:<\/strong> ao finalizar o formul\u00e1rio, o sistema gerar\u00e1 o boleto banc\u00e1rio<\/li>\n\n\n\n<li><strong>O pagamento:<\/strong> n\u00e3o deixe para a \u00faltima hora. A inscri\u00e7\u00e3o s\u00f3 \u00e9 confirmada ap\u00f3s a compensa\u00e7\u00e3o banc\u00e1ria. O pagamento deve ser feito at\u00e9 o dia <strong>12\/01\/2026<\/strong>.<\/li>\n<\/ol>\n\n\n\n<h2 class=\"wp-block-heading\" id=\"h-concurso-sefaz-sp-confira-as-principais-datas-do-cronograma\">Concurso Sefaz SP \u2013 Confira as principais datas do cronograma<\/h2>\n\n\n\n<figure class=\"wp-block-table is-style-stripes\"><table class=\"has-black-color has-very-light-gray-to-cyan-bluish-gray-gradient-background has-text-color has-background has-link-color has-fixed-layout\"><thead><tr><th class=\"has-text-align-center\" data-align=\"center\">Etapas<\/th><th class=\"has-text-align-center\" data-align=\"center\">Datas<\/th><\/tr><\/thead><tbody><tr><td class=\"has-text-align-center\" data-align=\"center\"><strong>Per\u00edodo de inscri\u00e7\u00f5es<\/strong><\/td><td class=\"has-text-align-center\" data-align=\"center\"><strong>03\/12\/2025 a 09\/01\/2026<\/strong><\/td><\/tr><tr><td class=\"has-text-align-center\" data-align=\"center\"><strong>Per\u00edodo para solicitar isen\u00e7\u00e3o<\/strong><\/td><td class=\"has-text-align-center\" data-align=\"center\"><strong>03\/12\/2025 a 08\/12\/2026<\/strong><\/td><\/tr><tr><td class=\"has-text-align-center\" data-align=\"center\"><strong>Pagamento da taxa de inscri\u00e7\u00e3o<\/strong><\/td><td class=\"has-text-align-center\" data-align=\"center\"><strong>At\u00e9 12\/01\/2026<\/strong><\/td><\/tr><tr><td class=\"has-text-align-center\" data-align=\"center\"><strong>Aplica\u00e7\u00e3o da Prova Objetiva (P1 \u2013 Conhecimentos B\u00e1sicos)<\/strong><\/td><td class=\"has-text-align-center\" data-align=\"center\"><strong>28\/02\/2026<\/strong><\/td><\/tr><tr><td class=\"has-text-align-center\" data-align=\"center\"><strong>Aplica\u00e7\u00e3o da Prova Objetiva (P2 \u2013 Conhecimentos Espec\u00edficos)<\/strong><\/td><td class=\"has-text-align-center\" data-align=\"center\"><strong>01\/03\/2026<\/strong><\/td><\/tr><tr><td class=\"has-text-align-center\" data-align=\"center\"><strong>Aplica\u00e7\u00e3o da Prova Objetiva (P3 \u2013 Especialidades)<\/strong><\/td><td class=\"has-text-align-center\" data-align=\"center\"><strong>01\/03\/2026<\/strong><\/td><\/tr><tr><td class=\"has-text-align-center\" data-align=\"center\"><strong>Divulga\u00e7\u00e3o do gabarito e das quest\u00f5es (todas as provas), a partir das 17h<\/strong><\/td><td class=\"has-text-align-center\" data-align=\"center\"><strong>02\/03\/2026<\/strong><\/td><\/tr><\/tbody><\/table><\/figure>\n\n\n\n<p class=\"has-text-align-center\"><em>Para ficar por dentro de todas as informa\u00e7\u00f5es sobre o concurso Sefaz <a href=\"https:\/\/www.concursosfcc.com.br\/concursos\/fazsp125\/index.html?utm_source=google&amp;utm_medium=cpc&amp;utm_campaign=ec-adm-vd-gsh-pssibge-web-151025\" target=\"_blank\" rel=\"noreferrer noopener\">SP<\/a>, al\u00e9m do \u00faltimo dia de isen\u00e7\u00e3o da taxa, n\u00e3o deixe de conferir nosso artigo completo sobre a sele\u00e7\u00e3o:<\/em><\/p>\n\n\n\n<p class=\"has-text-align-center has-background has-medium-font-size\" style=\"background-color:#a4cee9\"><strong>Saiba mais: <a href=\"https:\/\/www.estrategiaconcursos.com.br\/blog\/concurso-sefaz-sp\/\" target=\"_blank\" rel=\"noreferrer noopener\">Concurso Sefaz SP<\/a><\/strong><\/p>\n\n\n\n<hr class=\"wp-block-separator has-alpha-channel-opacity\"\/>\n\n\n\n<h2 class=\"wp-block-heading has-text-align-center\" id=\"cursos-assinatura\"><em>Quer estudar para o concurso Sefaz SP 2025?<\/em><\/h2>\n\n\n\n<div class=\"container\" id=\"boxes\">\n  <div class=\"row\">\n\n    <div class=\"col-sm\">\n      <div class=\"estrategia\" id=\"box-assinatura\">\n        <h3 class=\"titulo-assinatura\">Assinatura Concursos<\/h3>\n        <p class=\"subtitulo-assinatura\">Assinatura de 1 ano ou 2 anos<\/p>\n        <div class=\"box-botao\">\n          <a class=\"btn-assinatura\" target=\"_blank\" href=\"https:\/\/www.estrategiaconcursos.com.br\/assinaturas\/\" role=\"button\" rel=\"noopener noreferrer\">ASSINE AGORA<\/a>\n        <\/div>\n      <\/div>\n     \n    <\/div><\/div><\/div>\n\n\n\n<h2 class=\"wp-block-heading has-text-align-center\" id=\"h-quer-saber-tudo-sobre-concursos-previstos-confira-nossos-artigos\">Quer saber tudo sobre concursos previstos?<br \/>Confira nossos artigos!<\/h2>\n\n\n\n<ul class=\"wp-block-list\">\n<li><a href=\"https:\/\/www.estrategiaconcursos.com.br\/blog\/concursos-abertos\/\" target=\"_blank\" rel=\"noreferrer noopener\">Concursos Abertos<\/a><\/li>\n\n\n\n<li><a href=\"https:\/\/www.estrategiaconcursos.com.br\/blog\/concursos-fiscais\/\" target=\"_blank\" rel=\"noreferrer noopener\">Concursos Fiscais<\/a><\/li>\n\n\n\n<li><a href=\"https:\/\/www.estrategiaconcursos.com.br\/blog\/concursos-2026\/\" target=\"_blank\" rel=\"noreferrer noopener\">Concursos 2026<\/a><\/li>\n\n\n\n<li><a href=\"https:\/\/www.estrategiaconcursos.com.br\/blog\/concursos-sp\/\" target=\"_blank\" rel=\"noreferrer noopener\">Concursos SP<\/a><\/li>\n<\/ul>\n","protected":false},"excerpt":{"rendered":"<p>Hoje (08) \u00e9 o \u00faltimo dia para garantir a isen\u00e7\u00e3o do concurso Sefaz SP; n\u00e3o perca! Uma das oportunidades fiscais mais esperadas do ano acabou de chegar \u00e0 pra\u00e7a! Ap\u00f3s mais de 10 anos, finalmente est\u00e1 na pra\u00e7a mais um edital de concurso da&nbsp;Secretaria da Fazenda e Planejamento do Estado de S\u00e3o Paulo&nbsp;(Sefaz SP)! Segundo [&hellip;]<\/p>\n","protected":false},"author":2692,"featured_media":1681310,"comment_status":"open","ping_status":"closed","sticky":false,"template":"","format":"standard","meta":{"post_tipo":"news","footnotes":""},"categories":[1983,220219],"tags":[],"tax_estado":[219989],"class_list":["post-1681960","post","type-post","status-publish","format-standard","has-post-thumbnail","hentry","category-fiscal-estadual","category-noticias","tax_estado-sp"],"acf":[],"yoast_head":"<!-- This site is optimized with the Yoast SEO Premium plugin v27.2 (Yoast SEO v27.2) - https:\/\/yoast.com\/product\/yoast-seo-premium-wordpress\/ -->\n<title>\u00daltimo dia para garantir a isen\u00e7\u00e3o do concurso Sefaz SP!<\/title>\n<meta name=\"description\" content=\"N\u00e3o perca a gratuidade! \u00daltimo dia para solicitar a isen\u00e7\u00e3o no concurso Sefaz SP 2025. Confira como solicitar!\" \/>\n<meta name=\"robots\" content=\"index, follow, max-snippet:-1, max-image-preview:large, max-video-preview:-1\" \/>\n<link rel=\"canonical\" href=\"https:\/\/www.estrategiaconcursos.com.br\/blog\/concurso-sefaz-sp-ultimo-isencao\/\" \/>\n<meta property=\"og:locale\" content=\"pt_BR\" \/>\n<meta property=\"og:type\" content=\"article\" \/>\n<meta property=\"og:title\" content=\"\u00daltimo dia para garantir a isen\u00e7\u00e3o do concurso Sefaz SP!\" \/>\n<meta property=\"og:description\" content=\"N\u00e3o perca a gratuidade! \u00daltimo dia para solicitar a isen\u00e7\u00e3o no concurso Sefaz SP 2025. Confira como solicitar!\" \/>\n<meta property=\"og:url\" content=\"https:\/\/www.estrategiaconcursos.com.br\/blog\/concurso-sefaz-sp-ultimo-isencao\/\" \/>\n<meta property=\"og:site_name\" content=\"Estrat\u00e9gia Concursos\" \/>\n<meta property=\"article:published_time\" content=\"2025-12-08T21:37:17+00:00\" \/>\n<meta property=\"article:modified_time\" content=\"2025-12-09T16:40:51+00:00\" \/>\n<meta property=\"og:image\" content=\"https:\/\/dhg1h5j42swfq.cloudfront.net\/2025\/12\/07153633\/image-61.png\" \/>\n\t<meta property=\"og:image:width\" content=\"465\" \/>\n\t<meta property=\"og:image:height\" content=\"243\" \/>\n\t<meta property=\"og:image:type\" content=\"image\/png\" \/>\n<meta name=\"author\" content=\"Ronaldo Scanavini Neto\" \/>\n<meta name=\"twitter:card\" content=\"summary_large_image\" \/>\n<meta name=\"twitter:creator\" content=\"@EstratConcursos\" \/>\n<meta name=\"twitter:site\" content=\"@EstratConcursos\" \/>\n<meta name=\"twitter:label1\" content=\"Escrito por\" \/>\n\t<meta name=\"twitter:data1\" content=\"Ronaldo Scanavini Neto\" \/>\n\t<meta name=\"twitter:label2\" content=\"Est. tempo de leitura\" \/>\n\t<meta name=\"twitter:data2\" content=\"3 minutos\" \/>\n<script type=\"application\/ld+json\" class=\"yoast-schema-graph\">{\"@context\":\"https:\/\/schema.org\",\"@graph\":[{\"@type\":\"NewsArticle\",\"@id\":\"https:\/\/www.estrategiaconcursos.com.br\/blog\/concurso-sefaz-sp-ultimo-isencao\/#article\",\"isPartOf\":{\"@id\":\"https:\/\/www.estrategiaconcursos.com.br\/blog\/concurso-sefaz-sp-ultimo-isencao\/\"},\"author\":{\"name\":\"Ronaldo Scanavini Neto\",\"@id\":\"https:\/\/www.estrategiaconcursos.com.br\/blog\/#\/schema\/person\/70c2ad4297aa24ff8815b08215b23a76\"},\"headline\":\"\u00daltimo dia para garantir a isen\u00e7\u00e3o do concurso Sefaz SP!\",\"datePublished\":\"2025-12-08T21:37:17+00:00\",\"dateModified\":\"2025-12-09T16:40:51+00:00\",\"mainEntityOfPage\":{\"@id\":\"https:\/\/www.estrategiaconcursos.com.br\/blog\/concurso-sefaz-sp-ultimo-isencao\/\"},\"wordCount\":607,\"commentCount\":0,\"publisher\":{\"@id\":\"https:\/\/www.estrategiaconcursos.com.br\/blog\/#organization\"},\"image\":{\"@id\":\"https:\/\/www.estrategiaconcursos.com.br\/blog\/concurso-sefaz-sp-ultimo-isencao\/#primaryimage\"},\"thumbnailUrl\":\"https:\/\/dhg1h5j42swfq.cloudfront.net\/2025\/12\/07153633\/image-61.png\",\"articleSection\":[\"Fiscal - Estadual (ICMS)\",\"\u00daltimas not\u00edcias\"],\"inLanguage\":\"pt-BR\",\"potentialAction\":[{\"@type\":\"CommentAction\",\"name\":\"Comment\",\"target\":[\"https:\/\/www.estrategiaconcursos.com.br\/blog\/concurso-sefaz-sp-ultimo-isencao\/#respond\"]}],\"copyrightYear\":\"2025\",\"copyrightHolder\":{\"@id\":\"https:\/\/www.estrategiaconcursos.com.br\/blog\/#organization\"}},{\"@type\":\"WebPage\",\"@id\":\"https:\/\/www.estrategiaconcursos.com.br\/blog\/concurso-sefaz-sp-ultimo-isencao\/\",\"url\":\"https:\/\/www.estrategiaconcursos.com.br\/blog\/concurso-sefaz-sp-ultimo-isencao\/\",\"name\":\"\u00daltimo dia para garantir a isen\u00e7\u00e3o do concurso Sefaz SP!\",\"isPartOf\":{\"@id\":\"https:\/\/www.estrategiaconcursos.com.br\/blog\/#website\"},\"primaryImageOfPage\":{\"@id\":\"https:\/\/www.estrategiaconcursos.com.br\/blog\/concurso-sefaz-sp-ultimo-isencao\/#primaryimage\"},\"image\":{\"@id\":\"https:\/\/www.estrategiaconcursos.com.br\/blog\/concurso-sefaz-sp-ultimo-isencao\/#primaryimage\"},\"thumbnailUrl\":\"https:\/\/dhg1h5j42swfq.cloudfront.net\/2025\/12\/07153633\/image-61.png\",\"datePublished\":\"2025-12-08T21:37:17+00:00\",\"dateModified\":\"2025-12-09T16:40:51+00:00\",\"description\":\"N\u00e3o perca a gratuidade! \u00daltimo dia para solicitar a isen\u00e7\u00e3o no concurso Sefaz SP 2025. Confira como solicitar!\",\"breadcrumb\":{\"@id\":\"https:\/\/www.estrategiaconcursos.com.br\/blog\/concurso-sefaz-sp-ultimo-isencao\/#breadcrumb\"},\"inLanguage\":\"pt-BR\",\"potentialAction\":[{\"@type\":\"ReadAction\",\"target\":[\"https:\/\/www.estrategiaconcursos.com.br\/blog\/concurso-sefaz-sp-ultimo-isencao\/\"]}]},{\"@type\":\"ImageObject\",\"inLanguage\":\"pt-BR\",\"@id\":\"https:\/\/www.estrategiaconcursos.com.br\/blog\/concurso-sefaz-sp-ultimo-isencao\/#primaryimage\",\"url\":\"https:\/\/dhg1h5j42swfq.cloudfront.net\/2025\/12\/07153633\/image-61.png\",\"contentUrl\":\"https:\/\/dhg1h5j42swfq.cloudfront.net\/2025\/12\/07153633\/image-61.png\",\"width\":465,\"height\":243,\"caption\":\"Opera\u00e7\u00f5es entre Partes Relacionadas\"},{\"@type\":\"BreadcrumbList\",\"@id\":\"https:\/\/www.estrategiaconcursos.com.br\/blog\/concurso-sefaz-sp-ultimo-isencao\/#breadcrumb\",\"itemListElement\":[{\"@type\":\"ListItem\",\"position\":1,\"name\":\"In\u00edcio\",\"item\":\"https:\/\/www.estrategiaconcursos.com.br\/blog\/\"},{\"@type\":\"ListItem\",\"position\":2,\"name\":\"\u00daltimo dia para garantir a isen\u00e7\u00e3o do concurso Sefaz SP!\"}]},{\"@type\":\"WebSite\",\"@id\":\"https:\/\/www.estrategiaconcursos.com.br\/blog\/#website\",\"url\":\"https:\/\/www.estrategiaconcursos.com.br\/blog\/\",\"name\":\"Estrat\u00e9gia Concursos\",\"description\":\"O blog da Estrat\u00e9gia Concursos traz not\u00edcias sobre concursos e artigos de professores oferecendo cursos para concursos (pdf + videaulas) no site.\",\"publisher\":{\"@id\":\"https:\/\/www.estrategiaconcursos.com.br\/blog\/#organization\"},\"potentialAction\":[{\"@type\":\"SearchAction\",\"target\":{\"@type\":\"EntryPoint\",\"urlTemplate\":\"https:\/\/www.estrategiaconcursos.com.br\/blog\/?s={search_term_string}\"},\"query-input\":{\"@type\":\"PropertyValueSpecification\",\"valueRequired\":true,\"valueName\":\"search_term_string\"}}],\"inLanguage\":\"pt-BR\"},{\"@type\":\"Organization\",\"@id\":\"https:\/\/www.estrategiaconcursos.com.br\/blog\/#organization\",\"name\":\"Estrat\u00e9gia Concursos\",\"url\":\"https:\/\/www.estrategiaconcursos.com.br\/blog\/\",\"logo\":{\"@type\":\"ImageObject\",\"inLanguage\":\"pt-BR\",\"@id\":\"https:\/\/www.estrategiaconcursos.com.br\/blog\/#\/schema\/logo\/image\/\",\"url\":\"https:\/\/dhg1h5j42swfq.cloudfront.net\/2025\/06\/03203428\/logo_concursos-1.jpg\",\"contentUrl\":\"https:\/\/dhg1h5j42swfq.cloudfront.net\/2025\/06\/03203428\/logo_concursos-1.jpg\",\"width\":230,\"height\":60,\"caption\":\"Estrat\u00e9gia Concursos\"},\"image\":{\"@id\":\"https:\/\/www.estrategiaconcursos.com.br\/blog\/#\/schema\/logo\/image\/\"},\"sameAs\":[\"https:\/\/x.com\/EstratConcursos\"]},{\"@type\":\"Person\",\"@id\":\"https:\/\/www.estrategiaconcursos.com.br\/blog\/#\/schema\/person\/70c2ad4297aa24ff8815b08215b23a76\",\"name\":\"Ronaldo Scanavini Neto\",\"image\":{\"@type\":\"ImageObject\",\"inLanguage\":\"pt-BR\",\"@id\":\"https:\/\/secure.gravatar.com\/avatar\/f93d8e56fe264596e94aee6b3feb737d98ad0fc5bac7eb0a245f04723c5c8f21?s=96&d=mm&r=g\",\"url\":\"https:\/\/secure.gravatar.com\/avatar\/f93d8e56fe264596e94aee6b3feb737d98ad0fc5bac7eb0a245f04723c5c8f21?s=96&d=mm&r=g\",\"contentUrl\":\"https:\/\/secure.gravatar.com\/avatar\/f93d8e56fe264596e94aee6b3feb737d98ad0fc5bac7eb0a245f04723c5c8f21?s=96&d=mm&r=g\",\"caption\":\"Ronaldo Scanavini Neto\"},\"description\":\"Graduando em Comunica\u00e7\u00e3o Social \u2013 Jornalismo pela Universidade Federal de Vi\u00e7osa (UFV). Integra a equipe de jornalismo do Estrat\u00e9gia Concursos desde 2023, atuando com \u00eanfase na cobertura da \u00e1rea fiscal. Tamb\u00e9m realiza a apura\u00e7\u00e3o e produ\u00e7\u00e3o de not\u00edcias sobre concursos federais, \u00f3rg\u00e3os participantes do CNU e das \u00e1reas de controle, gest\u00e3o, engenharia, Exame CFC, comunica\u00e7\u00e3o social TI e \u00e1rea de concursos administrativos.\",\"url\":\"https:\/\/www.estrategiaconcursos.com.br\/blog\/author\/ronaldo-netoestrategia-com\/\"}]}<\/script>\n<!-- \/ Yoast SEO Premium plugin. -->","yoast_head_json":{"title":"\u00daltimo dia para garantir a isen\u00e7\u00e3o do concurso Sefaz SP!","description":"N\u00e3o perca a gratuidade! \u00daltimo dia para solicitar a isen\u00e7\u00e3o no concurso Sefaz SP 2025. Confira como solicitar!","robots":{"index":"index","follow":"follow","max-snippet":"max-snippet:-1","max-image-preview":"max-image-preview:large","max-video-preview":"max-video-preview:-1"},"canonical":"https:\/\/www.estrategiaconcursos.com.br\/blog\/concurso-sefaz-sp-ultimo-isencao\/","og_locale":"pt_BR","og_type":"article","og_title":"\u00daltimo dia para garantir a isen\u00e7\u00e3o do concurso Sefaz SP!","og_description":"N\u00e3o perca a gratuidade! \u00daltimo dia para solicitar a isen\u00e7\u00e3o no concurso Sefaz SP 2025. Confira como solicitar!","og_url":"https:\/\/www.estrategiaconcursos.com.br\/blog\/concurso-sefaz-sp-ultimo-isencao\/","og_site_name":"Estrat\u00e9gia Concursos","article_published_time":"2025-12-08T21:37:17+00:00","article_modified_time":"2025-12-09T16:40:51+00:00","og_image":[{"width":465,"height":243,"url":"https:\/\/dhg1h5j42swfq.cloudfront.net\/2025\/12\/07153633\/image-61.png","type":"image\/png"}],"author":"Ronaldo Scanavini Neto","twitter_card":"summary_large_image","twitter_creator":"@EstratConcursos","twitter_site":"@EstratConcursos","twitter_misc":{"Escrito por":"Ronaldo Scanavini Neto","Est. tempo de leitura":"3 minutos"},"schema":{"@context":"https:\/\/schema.org","@graph":[{"@type":"NewsArticle","@id":"https:\/\/www.estrategiaconcursos.com.br\/blog\/concurso-sefaz-sp-ultimo-isencao\/#article","isPartOf":{"@id":"https:\/\/www.estrategiaconcursos.com.br\/blog\/concurso-sefaz-sp-ultimo-isencao\/"},"author":{"name":"Ronaldo Scanavini Neto","@id":"https:\/\/www.estrategiaconcursos.com.br\/blog\/#\/schema\/person\/70c2ad4297aa24ff8815b08215b23a76"},"headline":"\u00daltimo dia para garantir a isen\u00e7\u00e3o do concurso Sefaz SP!","datePublished":"2025-12-08T21:37:17+00:00","dateModified":"2025-12-09T16:40:51+00:00","mainEntityOfPage":{"@id":"https:\/\/www.estrategiaconcursos.com.br\/blog\/concurso-sefaz-sp-ultimo-isencao\/"},"wordCount":607,"commentCount":0,"publisher":{"@id":"https:\/\/www.estrategiaconcursos.com.br\/blog\/#organization"},"image":{"@id":"https:\/\/www.estrategiaconcursos.com.br\/blog\/concurso-sefaz-sp-ultimo-isencao\/#primaryimage"},"thumbnailUrl":"https:\/\/dhg1h5j42swfq.cloudfront.net\/2025\/12\/07153633\/image-61.png","articleSection":["Fiscal - Estadual (ICMS)","\u00daltimas not\u00edcias"],"inLanguage":"pt-BR","potentialAction":[{"@type":"CommentAction","name":"Comment","target":["https:\/\/www.estrategiaconcursos.com.br\/blog\/concurso-sefaz-sp-ultimo-isencao\/#respond"]}],"copyrightYear":"2025","copyrightHolder":{"@id":"https:\/\/www.estrategiaconcursos.com.br\/blog\/#organization"}},{"@type":"WebPage","@id":"https:\/\/www.estrategiaconcursos.com.br\/blog\/concurso-sefaz-sp-ultimo-isencao\/","url":"https:\/\/www.estrategiaconcursos.com.br\/blog\/concurso-sefaz-sp-ultimo-isencao\/","name":"\u00daltimo dia para garantir a isen\u00e7\u00e3o do concurso Sefaz SP!","isPartOf":{"@id":"https:\/\/www.estrategiaconcursos.com.br\/blog\/#website"},"primaryImageOfPage":{"@id":"https:\/\/www.estrategiaconcursos.com.br\/blog\/concurso-sefaz-sp-ultimo-isencao\/#primaryimage"},"image":{"@id":"https:\/\/www.estrategiaconcursos.com.br\/blog\/concurso-sefaz-sp-ultimo-isencao\/#primaryimage"},"thumbnailUrl":"https:\/\/dhg1h5j42swfq.cloudfront.net\/2025\/12\/07153633\/image-61.png","datePublished":"2025-12-08T21:37:17+00:00","dateModified":"2025-12-09T16:40:51+00:00","description":"N\u00e3o perca a gratuidade! \u00daltimo dia para solicitar a isen\u00e7\u00e3o no concurso Sefaz SP 2025. Confira como solicitar!","breadcrumb":{"@id":"https:\/\/www.estrategiaconcursos.com.br\/blog\/concurso-sefaz-sp-ultimo-isencao\/#breadcrumb"},"inLanguage":"pt-BR","potentialAction":[{"@type":"ReadAction","target":["https:\/\/www.estrategiaconcursos.com.br\/blog\/concurso-sefaz-sp-ultimo-isencao\/"]}]},{"@type":"ImageObject","inLanguage":"pt-BR","@id":"https:\/\/www.estrategiaconcursos.com.br\/blog\/concurso-sefaz-sp-ultimo-isencao\/#primaryimage","url":"https:\/\/dhg1h5j42swfq.cloudfront.net\/2025\/12\/07153633\/image-61.png","contentUrl":"https:\/\/dhg1h5j42swfq.cloudfront.net\/2025\/12\/07153633\/image-61.png","width":465,"height":243,"caption":"Opera\u00e7\u00f5es entre Partes Relacionadas"},{"@type":"BreadcrumbList","@id":"https:\/\/www.estrategiaconcursos.com.br\/blog\/concurso-sefaz-sp-ultimo-isencao\/#breadcrumb","itemListElement":[{"@type":"ListItem","position":1,"name":"In\u00edcio","item":"https:\/\/www.estrategiaconcursos.com.br\/blog\/"},{"@type":"ListItem","position":2,"name":"\u00daltimo dia para garantir a isen\u00e7\u00e3o do concurso Sefaz SP!"}]},{"@type":"WebSite","@id":"https:\/\/www.estrategiaconcursos.com.br\/blog\/#website","url":"https:\/\/www.estrategiaconcursos.com.br\/blog\/","name":"Estrat\u00e9gia Concursos","description":"O blog da Estrat\u00e9gia Concursos traz not\u00edcias sobre concursos e artigos de professores oferecendo cursos para concursos (pdf + videaulas) no site.","publisher":{"@id":"https:\/\/www.estrategiaconcursos.com.br\/blog\/#organization"},"potentialAction":[{"@type":"SearchAction","target":{"@type":"EntryPoint","urlTemplate":"https:\/\/www.estrategiaconcursos.com.br\/blog\/?s={search_term_string}"},"query-input":{"@type":"PropertyValueSpecification","valueRequired":true,"valueName":"search_term_string"}}],"inLanguage":"pt-BR"},{"@type":"Organization","@id":"https:\/\/www.estrategiaconcursos.com.br\/blog\/#organization","name":"Estrat\u00e9gia Concursos","url":"https:\/\/www.estrategiaconcursos.com.br\/blog\/","logo":{"@type":"ImageObject","inLanguage":"pt-BR","@id":"https:\/\/www.estrategiaconcursos.com.br\/blog\/#\/schema\/logo\/image\/","url":"https:\/\/dhg1h5j42swfq.cloudfront.net\/2025\/06\/03203428\/logo_concursos-1.jpg","contentUrl":"https:\/\/dhg1h5j42swfq.cloudfront.net\/2025\/06\/03203428\/logo_concursos-1.jpg","width":230,"height":60,"caption":"Estrat\u00e9gia Concursos"},"image":{"@id":"https:\/\/www.estrategiaconcursos.com.br\/blog\/#\/schema\/logo\/image\/"},"sameAs":["https:\/\/x.com\/EstratConcursos"]},{"@type":"Person","@id":"https:\/\/www.estrategiaconcursos.com.br\/blog\/#\/schema\/person\/70c2ad4297aa24ff8815b08215b23a76","name":"Ronaldo Scanavini Neto","image":{"@type":"ImageObject","inLanguage":"pt-BR","@id":"https:\/\/secure.gravatar.com\/avatar\/f93d8e56fe264596e94aee6b3feb737d98ad0fc5bac7eb0a245f04723c5c8f21?s=96&d=mm&r=g","url":"https:\/\/secure.gravatar.com\/avatar\/f93d8e56fe264596e94aee6b3feb737d98ad0fc5bac7eb0a245f04723c5c8f21?s=96&d=mm&r=g","contentUrl":"https:\/\/secure.gravatar.com\/avatar\/f93d8e56fe264596e94aee6b3feb737d98ad0fc5bac7eb0a245f04723c5c8f21?s=96&d=mm&r=g","caption":"Ronaldo Scanavini Neto"},"description":"Graduando em Comunica\u00e7\u00e3o Social \u2013 Jornalismo pela Universidade Federal de Vi\u00e7osa (UFV). Integra a equipe de jornalismo do Estrat\u00e9gia Concursos desde 2023, atuando com \u00eanfase na cobertura da \u00e1rea fiscal. Tamb\u00e9m realiza a apura\u00e7\u00e3o e produ\u00e7\u00e3o de not\u00edcias sobre concursos federais, \u00f3rg\u00e3os participantes do CNU e das \u00e1reas de controle, gest\u00e3o, engenharia, Exame CFC, comunica\u00e7\u00e3o social TI e \u00e1rea de concursos administrativos.","url":"https:\/\/www.estrategiaconcursos.com.br\/blog\/author\/ronaldo-netoestrategia-com\/"}]}},"_links":{"self":[{"href":"https:\/\/www.estrategiaconcursos.com.br\/blog\/wp-json\/wp\/v2\/posts\/1681960","targetHints":{"allow":["GET"]}}],"collection":[{"href":"https:\/\/www.estrategiaconcursos.com.br\/blog\/wp-json\/wp\/v2\/posts"}],"about":[{"href":"https:\/\/www.estrategiaconcursos.com.br\/blog\/wp-json\/wp\/v2\/types\/post"}],"author":[{"embeddable":true,"href":"https:\/\/www.estrategiaconcursos.com.br\/blog\/wp-json\/wp\/v2\/users\/2692"}],"replies":[{"embeddable":true,"href":"https:\/\/www.estrategiaconcursos.com.br\/blog\/wp-json\/wp\/v2\/comments?post=1681960"}],"version-history":[{"count":3,"href":"https:\/\/www.estrategiaconcursos.com.br\/blog\/wp-json\/wp\/v2\/posts\/1681960\/revisions"}],"predecessor-version":[{"id":1682358,"href":"https:\/\/www.estrategiaconcursos.com.br\/blog\/wp-json\/wp\/v2\/posts\/1681960\/revisions\/1682358"}],"wp:featuredmedia":[{"embeddable":true,"href":"https:\/\/www.estrategiaconcursos.com.br\/blog\/wp-json\/wp\/v2\/media\/1681310"}],"wp:attachment":[{"href":"https:\/\/www.estrategiaconcursos.com.br\/blog\/wp-json\/wp\/v2\/media?parent=1681960"}],"wp:term":[{"taxonomy":"category","embeddable":true,"href":"https:\/\/www.estrategiaconcursos.com.br\/blog\/wp-json\/wp\/v2\/categories?post=1681960"},{"taxonomy":"post_tag","embeddable":true,"href":"https:\/\/www.estrategiaconcursos.com.br\/blog\/wp-json\/wp\/v2\/tags?post=1681960"},{"taxonomy":"tax_estado","embeddable":true,"href":"https:\/\/www.estrategiaconcursos.com.br\/blog\/wp-json\/wp\/v2\/tax_estado?post=1681960"}],"curies":[{"name":"wp","href":"https:\/\/api.w.org\/{rel}","templated":true}]}}