{"id":1681948,"date":"2025-12-08T18:19:37","date_gmt":"2025-12-08T21:19:37","guid":{"rendered":"https:\/\/www.estrategiaconcursos.com.br\/blog\/?p=1681948"},"modified":"2025-12-09T14:49:01","modified_gmt":"2025-12-09T17:49:01","slug":"concurso-unificado-pe-lei-cotas","status":"publish","type":"post","link":"https:\/\/www.estrategiaconcursos.com.br\/blog\/concurso-unificado-pe-lei-cotas\/","title":{"rendered":"Concurso Unificado PE: veja se voc\u00ea disputar\u00e1 na Lei de Cotas!"},"content":{"rendered":"\n<p style=\"font-size:clamp(16.293px, 1.018rem + ((1vw - 3.2px) * 0.854), 25px);\"><strong><em>Concurso Unificado PE tem divulgado os resultados para Lei de Cotas; Confira se seu pedido foi deferido!<\/em><\/strong><\/p>\n\n\n\n<p>Uma importante informa\u00e7\u00e3o foi divulgada pela FCC, banca organizadora do <strong><a href=\"https:\/\/www.estrategiaconcursos.com.br\/cursosPorConcurso\/cpu-pe\/\" target=\"_blank\" rel=\"noreferrer noopener\">Concurso P\u00fablico Unificado do Estado do Pernambuco<\/a>&nbsp;(CPU PE)<\/strong>.<\/p>\n\n\n\n<p>De acordo com um <a href=\"https:\/\/dhg1h5j42swfq.cloudfront.net\/2025\/12\/08181203\/comunicado_vagas_reservadas_provas_e_condicoes_especificas_cpupe125.pdf\" target=\"_blank\" rel=\"noreferrer noopener nofollow\">comunicado<\/a>, publicado nesta segunda-feira (8), est\u00e1 dispon\u00edvel a rela\u00e7\u00e3o dos candidatos que v\u00e3o concorrer \u00e0s vagas reservadas \u00e0s Pessoas com Defici\u00eancia (PcD), negros (pretos e pardos), ind\u00edgenas e quilombolas. Veja:<\/p>\n\n\n\n<ul class=\"wp-block-list\">\n<li><a href=\"https:\/\/www.concursosfcc.com.br\/rybena\/web\/index.html?file=https:\/\/www.concursosfcc.com.br\/concursos\/cpupe125\/prova_e_condicoes_especificas_cpupe125.pdf\" target=\"_blank\" rel=\"noreferrer noopener\">Provas e Condi\u00e7\u00f5es Espec\u00edficas Deferidas<\/a><\/li>\n\n\n\n<li><a href=\"https:\/\/www.concursosfcc.com.br\/rybena\/web\/index.html?file=https:\/\/www.concursosfcc.com.br\/concursos\/cpupe125\/cpupe125_candidatos_com_deficiencia.pdf\" target=\"_blank\" rel=\"noreferrer noopener nofollow\">Lista de Candidatos que Concorrem \u00e0s Vagas Reservadas \u00e0s Pessoas com Defici\u00eancia<\/a><\/li>\n\n\n\n<li><a href=\"https:\/\/www.concursosfcc.com.br\/rybena\/web\/index.html?file=https:\/\/www.concursosfcc.com.br\/concursos\/cpupe125\/cpupe125_candidatos_negros.pdf\" target=\"_blank\" rel=\"noreferrer noopener\">Lista de Candidatos que Concorrem \u00e0s Vagas Reservadas \u00e0s Pessoas Negras (Pretas e Pardas)<\/a><\/li>\n\n\n\n<li><a href=\"https:\/\/www.concursosfcc.com.br\/rybena\/web\/index.html?file=https:\/\/www.concursosfcc.com.br\/concursos\/cpupe125\/cpupe125_candidatos_indigenas.pdf\" target=\"_blank\" rel=\"noreferrer noopener\">Lista de Candidatos que Concorrem \u00e0s Vagas Reservadas aos Ind\u00edgenas<\/a><\/li>\n\n\n\n<li><a href=\"https:\/\/www.concursosfcc.com.br\/rybena\/web\/index.html?file=https:\/\/www.concursosfcc.com.br\/concursos\/cpupe125\/cpupe125_candidatos_quilombolas.pdf\" target=\"_blank\" rel=\"noreferrer noopener\">Lista de Candidatos que Concorrem \u00e0s Vagas Reservadas aos Quilombolas<\/a><\/li>\n<\/ul>\n\n\n\n<p>Aos interessados, a interposi\u00e7\u00e3o de recursos contra os resultados poder\u00e1 ser realizada entre os dias <strong>9 e 10 de dezembro<\/strong>, atrav\u00e9s do site da banca, a FCC.<\/p>\n\n\n\n<p>Lembrando que, no total, s\u00e3o ofertadas 462 vagas imediatas para cargos de n\u00edveis m\u00e9dio e superior de forma\u00e7\u00e3o, distribu\u00eddas em tr\u00eas blocos. J\u00e1 os sal\u00e1rios iniciais s\u00e3o bem atrativos, de at\u00e9 R$ 11,3 mil!<\/p>\n\n\n\n<ul class=\"wp-block-list\">\n<li><strong>Bloco 1<\/strong> &#8211; Forma\u00e7\u00e3o Espec\u00edfica de N\u00edvel Superior (261);<\/li>\n\n\n\n<li><strong>Bloco 2<\/strong> &#8211; Qualquer \u00c1rea de Forma\u00e7\u00e3o de N\u00edvel Superior (123);<\/li>\n\n\n\n<li><strong>Bloco 3<\/strong> &#8211; Forma\u00e7\u00e3o de N\u00edvel M\u00e9dio (78)<\/li>\n<\/ul>\n\n\n\n<p>Os candidatos se preparam para a etapa de provas, marcadas para janeiro de 2026, nos dias <strong>18 e 25<\/strong>, conforme o bloco escolhido.<\/p>\n\n\n\n<div class=\"container\" id=\"boxes\">\n  <div class=\"row\">\n\n    <div class=\"col-sm\">\n      <div class=\"banner-estrat-corj\" id=\"box-assinatura\">\n        <h2 class=\"titulo-assinatura\" style=\"text-align: left;\">Concurso Unificado Pernambuco<\/h2>\n        <p class=\"subtitulo-assinatura\" style=\"text-align: left;\">Veja os cursos que te colocam mais perto da aprova\u00e7\u00e3o!<\/p>\n        <div class=\"box-botao\" style=\"text-align: left;\">\n          <a class=\"btn-assinatura\" target=\"_blank\" href=\"https:\/\/www.estrategiaconcursos.com.br\/cursosPorConcurso\/cpu-pe\/\" role=\"button\" rel=\"noopener noreferrer\">CLIQUE AQUI<\/a>\n        <\/div>\n      <\/div><\/div><\/div><\/div>\n\n\n\n<h2 class=\"wp-block-heading\" id=\"sobre\">Como funciona o Concurso Unificado Pernambuco?<\/h2>\n\n\n\n<p>O Concurso Unificado PE re\u00fane as sele\u00e7\u00f5es p\u00fablicas de <strong>nove \u00f3rg\u00e3os estaduais<\/strong> e as unifica em um s\u00f3 certame.<\/p>\n\n\n\n<p>Esta disputa, por sua vez, contempla um total de <strong>462 vagas <\/strong>para cerca de 55 cargos de n\u00edveis m\u00e9dio e superior, em diferentes especialidades.<\/p>\n\n\n\n<p>Apesar de carreiras e conte\u00fados program\u00e1ticos diferentes, o concurso ter\u00e1 dois dias de aplica\u00e7\u00e3o das provas, na qual ocorrer\u00e1 em 10 munic\u00edpios distribu\u00eddos em todo o estado.<\/p>\n\n\n\n<p>Durante o ato de inscri\u00e7\u00e3o, os candidatos interessados em um dos nove \u00f3rg\u00e3os poder\u00e3o escolher concorrer a <strong>at\u00e9 tr\u00eas cargos<\/strong> <strong>simultaneamente, desde que perten\u00e7am a blocos e per\u00edodos de prova diferentes<\/strong>. <\/p>\n\n\n\n<p>De acordo com a secret\u00e1ria estadual de Administra\u00e7\u00e3o, Ana Mara\u00edza, a iniciativa visa ampliar o acesso ao servi\u00e7o p\u00fablico e tornar mais transparente e eficiente os processos seletivos de Pernambuco.<\/p>\n\n\n\n<hr class=\"wp-block-separator has-alpha-channel-opacity is-style-dots\"\/>\n\n\n\n<p class=\"has-text-align-center\"><em>Para ficar por dentro de todas as informa\u00e7\u00f5es sobre o Concurso Unificado PE, al\u00e9m da Lei de Cotas, n\u00e3o deixe de conferir nosso artigo completo sobre a sele\u00e7\u00e3o.<\/em><\/p>\n\n\n\n<p class=\"has-text-align-center has-background has-medium-font-size\" style=\"background-color:#dde3e7\"><strong>Mais informa\u00e7\u00f5es sobre o <a href=\"https:\/\/www.estrategiaconcursos.com.br\/blog\/concurso-unificado-pe\/\" target=\"_blank\" rel=\"noreferrer noopener\">Concurso Unificado PE<\/a><\/strong><\/p>\n\n\n\n<hr class=\"wp-block-separator has-alpha-channel-opacity\"\/>\n\n\n\n<h2 class=\"wp-block-heading has-text-align-center\" id=\"cursos\"><em>Quer estudar para o Concurso Unificado Pernambuco?<\/em><\/h2>\n\n\n\n<div class=\"container\" id=\"boxes\">\n  <div class=\"row\">\n\n    <div class=\"col-sm\">\n      <div class=\"estrategia\" id=\"box-assinatura\">\n        <h3 class=\"titulo-assinatura\">Assinatura Concursos<\/h3>\n        <p class=\"subtitulo-assinatura\">Assinatura de 1 ano ou 2 anos<\/p>\n        <div class=\"box-botao\">\n          <a class=\"btn-assinatura\" target=\"_blank\" href=\"https:\/\/www.estrategiaconcursos.com.br\/assinaturas\/\" role=\"button\" rel=\"noopener noreferrer\">ASSINE AGORA<\/a>\n        <\/div>\n      <\/div><\/div><\/div><\/div>\n\n\n\n<h2 class=\"wp-block-heading has-text-align-center\" id=\"h-quer-saber-tudo-sobre-concursos-previstos-confira-os-nossos-artigos\">Quer saber tudo sobre concursos previstos?<br \/>Confira os nossos artigos!<\/h2>\n\n\n\n<ul class=\"wp-block-list\">\n<li><a href=\"https:\/\/www.estrategiaconcursos.com.br\/blog\/concursos-abertos\/\" target=\"_blank\" rel=\"noreferrer noopener\">Concursos Abertos<\/a><\/li>\n\n\n\n<li><a href=\"https:\/\/www.estrategiaconcursos.com.br\/blog\/concursos-2026\/\" target=\"_blank\" rel=\"noreferrer noopener\">Concursos 2026<\/a><\/li>\n\n\n\n<li><a href=\"https:\/\/www.estrategiaconcursos.com.br\/blog\/concursos-pe\/\" target=\"_blank\" rel=\"noreferrer noopener\">Concursos PE<\/a><\/li>\n<\/ul>\n","protected":false},"excerpt":{"rendered":"<p>Concurso Unificado PE tem divulgado os resultados para Lei de Cotas; Confira se seu pedido foi deferido! Uma importante informa\u00e7\u00e3o foi divulgada pela FCC, banca organizadora do Concurso P\u00fablico Unificado do Estado do Pernambuco&nbsp;(CPU PE). De acordo com um comunicado, publicado nesta segunda-feira (8), est\u00e1 dispon\u00edvel a rela\u00e7\u00e3o dos candidatos que v\u00e3o concorrer \u00e0s vagas [&hellip;]<\/p>\n","protected":false},"author":2692,"featured_media":1620756,"comment_status":"open","ping_status":"closed","sticky":false,"template":"","format":"standard","meta":{"post_tipo":"news","footnotes":""},"categories":[214992,220219],"tags":[],"tax_estado":[219979],"class_list":["post-1681948","post","type-post","status-publish","format-standard","has-post-thumbnail","hentry","category-concursos-administrativos","category-noticias","tax_estado-pe"],"acf":[],"yoast_head":"<!-- This site is optimized with the Yoast SEO Premium plugin v27.2 (Yoast SEO v27.2) - https:\/\/yoast.com\/product\/yoast-seo-premium-wordpress\/ -->\n<title>Concurso Unificado PE: veja se voc\u00ea disputar\u00e1 na Lei de Cotas!<\/title>\n<meta name=\"description\" content=\"FCC divulgou os resultados de deferimento ou indeferimento dos candidatos na Lei de Cotas do Concurso Unificado PE. Confira!\" \/>\n<meta name=\"robots\" content=\"index, follow, max-snippet:-1, max-image-preview:large, max-video-preview:-1\" \/>\n<link rel=\"canonical\" href=\"https:\/\/www.estrategiaconcursos.com.br\/blog\/concurso-unificado-pe-lei-cotas\/\" \/>\n<meta property=\"og:locale\" content=\"pt_BR\" \/>\n<meta property=\"og:type\" content=\"article\" \/>\n<meta property=\"og:title\" content=\"Concurso Unificado PE: veja se voc\u00ea disputar\u00e1 na Lei de Cotas!\" \/>\n<meta property=\"og:description\" content=\"FCC divulgou os resultados de deferimento ou indeferimento dos candidatos na Lei de Cotas do Concurso Unificado PE. Confira!\" \/>\n<meta property=\"og:url\" content=\"https:\/\/www.estrategiaconcursos.com.br\/blog\/concurso-unificado-pe-lei-cotas\/\" \/>\n<meta property=\"og:site_name\" content=\"Estrat\u00e9gia Concursos\" \/>\n<meta property=\"article:published_time\" content=\"2025-12-08T21:19:37+00:00\" \/>\n<meta property=\"article:modified_time\" content=\"2025-12-09T17:49:01+00:00\" \/>\n<meta property=\"og:image\" content=\"https:\/\/dhg1h5j42swfq.cloudfront.net\/2025\/08\/08164149\/concurso-unificado-pe.jpg\" \/>\n\t<meta property=\"og:image:width\" content=\"768\" \/>\n\t<meta property=\"og:image:height\" content=\"432\" \/>\n\t<meta property=\"og:image:type\" content=\"image\/jpeg\" \/>\n<meta name=\"author\" content=\"Ronaldo Scanavini Neto\" \/>\n<meta name=\"twitter:card\" content=\"summary_large_image\" \/>\n<meta name=\"twitter:creator\" content=\"@EstratConcursos\" \/>\n<meta name=\"twitter:site\" content=\"@EstratConcursos\" \/>\n<meta name=\"twitter:label1\" content=\"Escrito por\" \/>\n\t<meta name=\"twitter:data1\" content=\"Ronaldo Scanavini Neto\" \/>\n\t<meta name=\"twitter:label2\" content=\"Est. tempo de leitura\" \/>\n\t<meta name=\"twitter:data2\" content=\"2 minutos\" \/>\n<script type=\"application\/ld+json\" class=\"yoast-schema-graph\">{\"@context\":\"https:\/\/schema.org\",\"@graph\":[{\"@type\":\"NewsArticle\",\"@id\":\"https:\/\/www.estrategiaconcursos.com.br\/blog\/concurso-unificado-pe-lei-cotas\/#article\",\"isPartOf\":{\"@id\":\"https:\/\/www.estrategiaconcursos.com.br\/blog\/concurso-unificado-pe-lei-cotas\/\"},\"author\":{\"name\":\"Ronaldo Scanavini Neto\",\"@id\":\"https:\/\/www.estrategiaconcursos.com.br\/blog\/#\/schema\/person\/70c2ad4297aa24ff8815b08215b23a76\"},\"headline\":\"Concurso Unificado PE: veja se voc\u00ea disputar\u00e1 na Lei de Cotas!\",\"datePublished\":\"2025-12-08T21:19:37+00:00\",\"dateModified\":\"2025-12-09T17:49:01+00:00\",\"mainEntityOfPage\":{\"@id\":\"https:\/\/www.estrategiaconcursos.com.br\/blog\/concurso-unificado-pe-lei-cotas\/\"},\"wordCount\":503,\"commentCount\":0,\"publisher\":{\"@id\":\"https:\/\/www.estrategiaconcursos.com.br\/blog\/#organization\"},\"image\":{\"@id\":\"https:\/\/www.estrategiaconcursos.com.br\/blog\/concurso-unificado-pe-lei-cotas\/#primaryimage\"},\"thumbnailUrl\":\"https:\/\/dhg1h5j42swfq.cloudfront.net\/2025\/08\/08164149\/concurso-unificado-pe.jpg\",\"articleSection\":[\"Executivo (Administrativa)\",\"\u00daltimas not\u00edcias\"],\"inLanguage\":\"pt-BR\",\"potentialAction\":[{\"@type\":\"CommentAction\",\"name\":\"Comment\",\"target\":[\"https:\/\/www.estrategiaconcursos.com.br\/blog\/concurso-unificado-pe-lei-cotas\/#respond\"]}],\"copyrightYear\":\"2025\",\"copyrightHolder\":{\"@id\":\"https:\/\/www.estrategiaconcursos.com.br\/blog\/#organization\"}},{\"@type\":\"WebPage\",\"@id\":\"https:\/\/www.estrategiaconcursos.com.br\/blog\/concurso-unificado-pe-lei-cotas\/\",\"url\":\"https:\/\/www.estrategiaconcursos.com.br\/blog\/concurso-unificado-pe-lei-cotas\/\",\"name\":\"Concurso Unificado PE: veja se voc\u00ea disputar\u00e1 na Lei de Cotas!\",\"isPartOf\":{\"@id\":\"https:\/\/www.estrategiaconcursos.com.br\/blog\/#website\"},\"primaryImageOfPage\":{\"@id\":\"https:\/\/www.estrategiaconcursos.com.br\/blog\/concurso-unificado-pe-lei-cotas\/#primaryimage\"},\"image\":{\"@id\":\"https:\/\/www.estrategiaconcursos.com.br\/blog\/concurso-unificado-pe-lei-cotas\/#primaryimage\"},\"thumbnailUrl\":\"https:\/\/dhg1h5j42swfq.cloudfront.net\/2025\/08\/08164149\/concurso-unificado-pe.jpg\",\"datePublished\":\"2025-12-08T21:19:37+00:00\",\"dateModified\":\"2025-12-09T17:49:01+00:00\",\"description\":\"FCC divulgou os resultados de deferimento ou indeferimento dos candidatos na Lei de Cotas do Concurso Unificado PE. Confira!\",\"breadcrumb\":{\"@id\":\"https:\/\/www.estrategiaconcursos.com.br\/blog\/concurso-unificado-pe-lei-cotas\/#breadcrumb\"},\"inLanguage\":\"pt-BR\",\"potentialAction\":[{\"@type\":\"ReadAction\",\"target\":[\"https:\/\/www.estrategiaconcursos.com.br\/blog\/concurso-unificado-pe-lei-cotas\/\"]}]},{\"@type\":\"ImageObject\",\"inLanguage\":\"pt-BR\",\"@id\":\"https:\/\/www.estrategiaconcursos.com.br\/blog\/concurso-unificado-pe-lei-cotas\/#primaryimage\",\"url\":\"https:\/\/dhg1h5j42swfq.cloudfront.net\/2025\/08\/08164149\/concurso-unificado-pe.jpg\",\"contentUrl\":\"https:\/\/dhg1h5j42swfq.cloudfront.net\/2025\/08\/08164149\/concurso-unificado-pe.jpg\",\"width\":768,\"height\":432,\"caption\":\"Concurso Unificado PE inscritos\"},{\"@type\":\"BreadcrumbList\",\"@id\":\"https:\/\/www.estrategiaconcursos.com.br\/blog\/concurso-unificado-pe-lei-cotas\/#breadcrumb\",\"itemListElement\":[{\"@type\":\"ListItem\",\"position\":1,\"name\":\"In\u00edcio\",\"item\":\"https:\/\/www.estrategiaconcursos.com.br\/blog\/\"},{\"@type\":\"ListItem\",\"position\":2,\"name\":\"Concurso Unificado PE: veja se voc\u00ea disputar\u00e1 na Lei de Cotas!\"}]},{\"@type\":\"WebSite\",\"@id\":\"https:\/\/www.estrategiaconcursos.com.br\/blog\/#website\",\"url\":\"https:\/\/www.estrategiaconcursos.com.br\/blog\/\",\"name\":\"Estrat\u00e9gia Concursos\",\"description\":\"O blog da Estrat\u00e9gia Concursos traz not\u00edcias sobre concursos e artigos de professores oferecendo cursos para concursos (pdf + videaulas) no site.\",\"publisher\":{\"@id\":\"https:\/\/www.estrategiaconcursos.com.br\/blog\/#organization\"},\"potentialAction\":[{\"@type\":\"SearchAction\",\"target\":{\"@type\":\"EntryPoint\",\"urlTemplate\":\"https:\/\/www.estrategiaconcursos.com.br\/blog\/?s={search_term_string}\"},\"query-input\":{\"@type\":\"PropertyValueSpecification\",\"valueRequired\":true,\"valueName\":\"search_term_string\"}}],\"inLanguage\":\"pt-BR\"},{\"@type\":\"Organization\",\"@id\":\"https:\/\/www.estrategiaconcursos.com.br\/blog\/#organization\",\"name\":\"Estrat\u00e9gia Concursos\",\"url\":\"https:\/\/www.estrategiaconcursos.com.br\/blog\/\",\"logo\":{\"@type\":\"ImageObject\",\"inLanguage\":\"pt-BR\",\"@id\":\"https:\/\/www.estrategiaconcursos.com.br\/blog\/#\/schema\/logo\/image\/\",\"url\":\"https:\/\/dhg1h5j42swfq.cloudfront.net\/2025\/06\/03203428\/logo_concursos-1.jpg\",\"contentUrl\":\"https:\/\/dhg1h5j42swfq.cloudfront.net\/2025\/06\/03203428\/logo_concursos-1.jpg\",\"width\":230,\"height\":60,\"caption\":\"Estrat\u00e9gia Concursos\"},\"image\":{\"@id\":\"https:\/\/www.estrategiaconcursos.com.br\/blog\/#\/schema\/logo\/image\/\"},\"sameAs\":[\"https:\/\/x.com\/EstratConcursos\"]},{\"@type\":\"Person\",\"@id\":\"https:\/\/www.estrategiaconcursos.com.br\/blog\/#\/schema\/person\/70c2ad4297aa24ff8815b08215b23a76\",\"name\":\"Ronaldo Scanavini Neto\",\"image\":{\"@type\":\"ImageObject\",\"inLanguage\":\"pt-BR\",\"@id\":\"https:\/\/secure.gravatar.com\/avatar\/f93d8e56fe264596e94aee6b3feb737d98ad0fc5bac7eb0a245f04723c5c8f21?s=96&d=mm&r=g\",\"url\":\"https:\/\/secure.gravatar.com\/avatar\/f93d8e56fe264596e94aee6b3feb737d98ad0fc5bac7eb0a245f04723c5c8f21?s=96&d=mm&r=g\",\"contentUrl\":\"https:\/\/secure.gravatar.com\/avatar\/f93d8e56fe264596e94aee6b3feb737d98ad0fc5bac7eb0a245f04723c5c8f21?s=96&d=mm&r=g\",\"caption\":\"Ronaldo Scanavini Neto\"},\"description\":\"Graduando em Comunica\u00e7\u00e3o Social \u2013 Jornalismo pela Universidade Federal de Vi\u00e7osa (UFV). Integra a equipe de jornalismo do Estrat\u00e9gia Concursos desde 2023, atuando com \u00eanfase na cobertura da \u00e1rea fiscal. Tamb\u00e9m realiza a apura\u00e7\u00e3o e produ\u00e7\u00e3o de not\u00edcias sobre concursos federais, \u00f3rg\u00e3os participantes do CNU e das \u00e1reas de controle, gest\u00e3o, engenharia, Exame CFC, comunica\u00e7\u00e3o social TI e \u00e1rea de concursos administrativos.\",\"url\":\"https:\/\/www.estrategiaconcursos.com.br\/blog\/author\/ronaldo-netoestrategia-com\/\"}]}<\/script>\n<!-- \/ Yoast SEO Premium plugin. -->","yoast_head_json":{"title":"Concurso Unificado PE: veja se voc\u00ea disputar\u00e1 na Lei de Cotas!","description":"FCC divulgou os resultados de deferimento ou indeferimento dos candidatos na Lei de Cotas do Concurso Unificado PE. Confira!","robots":{"index":"index","follow":"follow","max-snippet":"max-snippet:-1","max-image-preview":"max-image-preview:large","max-video-preview":"max-video-preview:-1"},"canonical":"https:\/\/www.estrategiaconcursos.com.br\/blog\/concurso-unificado-pe-lei-cotas\/","og_locale":"pt_BR","og_type":"article","og_title":"Concurso Unificado PE: veja se voc\u00ea disputar\u00e1 na Lei de Cotas!","og_description":"FCC divulgou os resultados de deferimento ou indeferimento dos candidatos na Lei de Cotas do Concurso Unificado PE. Confira!","og_url":"https:\/\/www.estrategiaconcursos.com.br\/blog\/concurso-unificado-pe-lei-cotas\/","og_site_name":"Estrat\u00e9gia Concursos","article_published_time":"2025-12-08T21:19:37+00:00","article_modified_time":"2025-12-09T17:49:01+00:00","og_image":[{"width":768,"height":432,"url":"https:\/\/dhg1h5j42swfq.cloudfront.net\/2025\/08\/08164149\/concurso-unificado-pe.jpg","type":"image\/jpeg"}],"author":"Ronaldo Scanavini Neto","twitter_card":"summary_large_image","twitter_creator":"@EstratConcursos","twitter_site":"@EstratConcursos","twitter_misc":{"Escrito por":"Ronaldo Scanavini Neto","Est. tempo de leitura":"2 minutos"},"schema":{"@context":"https:\/\/schema.org","@graph":[{"@type":"NewsArticle","@id":"https:\/\/www.estrategiaconcursos.com.br\/blog\/concurso-unificado-pe-lei-cotas\/#article","isPartOf":{"@id":"https:\/\/www.estrategiaconcursos.com.br\/blog\/concurso-unificado-pe-lei-cotas\/"},"author":{"name":"Ronaldo Scanavini Neto","@id":"https:\/\/www.estrategiaconcursos.com.br\/blog\/#\/schema\/person\/70c2ad4297aa24ff8815b08215b23a76"},"headline":"Concurso Unificado PE: veja se voc\u00ea disputar\u00e1 na Lei de Cotas!","datePublished":"2025-12-08T21:19:37+00:00","dateModified":"2025-12-09T17:49:01+00:00","mainEntityOfPage":{"@id":"https:\/\/www.estrategiaconcursos.com.br\/blog\/concurso-unificado-pe-lei-cotas\/"},"wordCount":503,"commentCount":0,"publisher":{"@id":"https:\/\/www.estrategiaconcursos.com.br\/blog\/#organization"},"image":{"@id":"https:\/\/www.estrategiaconcursos.com.br\/blog\/concurso-unificado-pe-lei-cotas\/#primaryimage"},"thumbnailUrl":"https:\/\/dhg1h5j42swfq.cloudfront.net\/2025\/08\/08164149\/concurso-unificado-pe.jpg","articleSection":["Executivo (Administrativa)","\u00daltimas not\u00edcias"],"inLanguage":"pt-BR","potentialAction":[{"@type":"CommentAction","name":"Comment","target":["https:\/\/www.estrategiaconcursos.com.br\/blog\/concurso-unificado-pe-lei-cotas\/#respond"]}],"copyrightYear":"2025","copyrightHolder":{"@id":"https:\/\/www.estrategiaconcursos.com.br\/blog\/#organization"}},{"@type":"WebPage","@id":"https:\/\/www.estrategiaconcursos.com.br\/blog\/concurso-unificado-pe-lei-cotas\/","url":"https:\/\/www.estrategiaconcursos.com.br\/blog\/concurso-unificado-pe-lei-cotas\/","name":"Concurso Unificado PE: veja se voc\u00ea disputar\u00e1 na Lei de Cotas!","isPartOf":{"@id":"https:\/\/www.estrategiaconcursos.com.br\/blog\/#website"},"primaryImageOfPage":{"@id":"https:\/\/www.estrategiaconcursos.com.br\/blog\/concurso-unificado-pe-lei-cotas\/#primaryimage"},"image":{"@id":"https:\/\/www.estrategiaconcursos.com.br\/blog\/concurso-unificado-pe-lei-cotas\/#primaryimage"},"thumbnailUrl":"https:\/\/dhg1h5j42swfq.cloudfront.net\/2025\/08\/08164149\/concurso-unificado-pe.jpg","datePublished":"2025-12-08T21:19:37+00:00","dateModified":"2025-12-09T17:49:01+00:00","description":"FCC divulgou os resultados de deferimento ou indeferimento dos candidatos na Lei de Cotas do Concurso Unificado PE. Confira!","breadcrumb":{"@id":"https:\/\/www.estrategiaconcursos.com.br\/blog\/concurso-unificado-pe-lei-cotas\/#breadcrumb"},"inLanguage":"pt-BR","potentialAction":[{"@type":"ReadAction","target":["https:\/\/www.estrategiaconcursos.com.br\/blog\/concurso-unificado-pe-lei-cotas\/"]}]},{"@type":"ImageObject","inLanguage":"pt-BR","@id":"https:\/\/www.estrategiaconcursos.com.br\/blog\/concurso-unificado-pe-lei-cotas\/#primaryimage","url":"https:\/\/dhg1h5j42swfq.cloudfront.net\/2025\/08\/08164149\/concurso-unificado-pe.jpg","contentUrl":"https:\/\/dhg1h5j42swfq.cloudfront.net\/2025\/08\/08164149\/concurso-unificado-pe.jpg","width":768,"height":432,"caption":"Concurso Unificado PE inscritos"},{"@type":"BreadcrumbList","@id":"https:\/\/www.estrategiaconcursos.com.br\/blog\/concurso-unificado-pe-lei-cotas\/#breadcrumb","itemListElement":[{"@type":"ListItem","position":1,"name":"In\u00edcio","item":"https:\/\/www.estrategiaconcursos.com.br\/blog\/"},{"@type":"ListItem","position":2,"name":"Concurso Unificado PE: veja se voc\u00ea disputar\u00e1 na Lei de Cotas!"}]},{"@type":"WebSite","@id":"https:\/\/www.estrategiaconcursos.com.br\/blog\/#website","url":"https:\/\/www.estrategiaconcursos.com.br\/blog\/","name":"Estrat\u00e9gia Concursos","description":"O blog da Estrat\u00e9gia Concursos traz not\u00edcias sobre concursos e artigos de professores oferecendo cursos para concursos (pdf + videaulas) no site.","publisher":{"@id":"https:\/\/www.estrategiaconcursos.com.br\/blog\/#organization"},"potentialAction":[{"@type":"SearchAction","target":{"@type":"EntryPoint","urlTemplate":"https:\/\/www.estrategiaconcursos.com.br\/blog\/?s={search_term_string}"},"query-input":{"@type":"PropertyValueSpecification","valueRequired":true,"valueName":"search_term_string"}}],"inLanguage":"pt-BR"},{"@type":"Organization","@id":"https:\/\/www.estrategiaconcursos.com.br\/blog\/#organization","name":"Estrat\u00e9gia Concursos","url":"https:\/\/www.estrategiaconcursos.com.br\/blog\/","logo":{"@type":"ImageObject","inLanguage":"pt-BR","@id":"https:\/\/www.estrategiaconcursos.com.br\/blog\/#\/schema\/logo\/image\/","url":"https:\/\/dhg1h5j42swfq.cloudfront.net\/2025\/06\/03203428\/logo_concursos-1.jpg","contentUrl":"https:\/\/dhg1h5j42swfq.cloudfront.net\/2025\/06\/03203428\/logo_concursos-1.jpg","width":230,"height":60,"caption":"Estrat\u00e9gia Concursos"},"image":{"@id":"https:\/\/www.estrategiaconcursos.com.br\/blog\/#\/schema\/logo\/image\/"},"sameAs":["https:\/\/x.com\/EstratConcursos"]},{"@type":"Person","@id":"https:\/\/www.estrategiaconcursos.com.br\/blog\/#\/schema\/person\/70c2ad4297aa24ff8815b08215b23a76","name":"Ronaldo Scanavini Neto","image":{"@type":"ImageObject","inLanguage":"pt-BR","@id":"https:\/\/secure.gravatar.com\/avatar\/f93d8e56fe264596e94aee6b3feb737d98ad0fc5bac7eb0a245f04723c5c8f21?s=96&d=mm&r=g","url":"https:\/\/secure.gravatar.com\/avatar\/f93d8e56fe264596e94aee6b3feb737d98ad0fc5bac7eb0a245f04723c5c8f21?s=96&d=mm&r=g","contentUrl":"https:\/\/secure.gravatar.com\/avatar\/f93d8e56fe264596e94aee6b3feb737d98ad0fc5bac7eb0a245f04723c5c8f21?s=96&d=mm&r=g","caption":"Ronaldo Scanavini Neto"},"description":"Graduando em Comunica\u00e7\u00e3o Social \u2013 Jornalismo pela Universidade Federal de Vi\u00e7osa (UFV). Integra a equipe de jornalismo do Estrat\u00e9gia Concursos desde 2023, atuando com \u00eanfase na cobertura da \u00e1rea fiscal. Tamb\u00e9m realiza a apura\u00e7\u00e3o e produ\u00e7\u00e3o de not\u00edcias sobre concursos federais, \u00f3rg\u00e3os participantes do CNU e das \u00e1reas de controle, gest\u00e3o, engenharia, Exame CFC, comunica\u00e7\u00e3o social TI e \u00e1rea de concursos administrativos.","url":"https:\/\/www.estrategiaconcursos.com.br\/blog\/author\/ronaldo-netoestrategia-com\/"}]}},"_links":{"self":[{"href":"https:\/\/www.estrategiaconcursos.com.br\/blog\/wp-json\/wp\/v2\/posts\/1681948","targetHints":{"allow":["GET"]}}],"collection":[{"href":"https:\/\/www.estrategiaconcursos.com.br\/blog\/wp-json\/wp\/v2\/posts"}],"about":[{"href":"https:\/\/www.estrategiaconcursos.com.br\/blog\/wp-json\/wp\/v2\/types\/post"}],"author":[{"embeddable":true,"href":"https:\/\/www.estrategiaconcursos.com.br\/blog\/wp-json\/wp\/v2\/users\/2692"}],"replies":[{"embeddable":true,"href":"https:\/\/www.estrategiaconcursos.com.br\/blog\/wp-json\/wp\/v2\/comments?post=1681948"}],"version-history":[{"count":3,"href":"https:\/\/www.estrategiaconcursos.com.br\/blog\/wp-json\/wp\/v2\/posts\/1681948\/revisions"}],"predecessor-version":[{"id":1682411,"href":"https:\/\/www.estrategiaconcursos.com.br\/blog\/wp-json\/wp\/v2\/posts\/1681948\/revisions\/1682411"}],"wp:featuredmedia":[{"embeddable":true,"href":"https:\/\/www.estrategiaconcursos.com.br\/blog\/wp-json\/wp\/v2\/media\/1620756"}],"wp:attachment":[{"href":"https:\/\/www.estrategiaconcursos.com.br\/blog\/wp-json\/wp\/v2\/media?parent=1681948"}],"wp:term":[{"taxonomy":"category","embeddable":true,"href":"https:\/\/www.estrategiaconcursos.com.br\/blog\/wp-json\/wp\/v2\/categories?post=1681948"},{"taxonomy":"post_tag","embeddable":true,"href":"https:\/\/www.estrategiaconcursos.com.br\/blog\/wp-json\/wp\/v2\/tags?post=1681948"},{"taxonomy":"tax_estado","embeddable":true,"href":"https:\/\/www.estrategiaconcursos.com.br\/blog\/wp-json\/wp\/v2\/tax_estado?post=1681948"}],"curies":[{"name":"wp","href":"https:\/\/api.w.org\/{rel}","templated":true}]}}