{"id":1681896,"date":"2026-01-12T14:02:00","date_gmt":"2026-01-12T17:02:00","guid":{"rendered":"https:\/\/www.estrategiaconcursos.com.br\/blog\/?p=1681896"},"modified":"2026-01-07T13:33:08","modified_gmt":"2026-01-07T16:33:08","slug":"dicas-estrategicas-para-prova-do-tj-ms","status":"publish","type":"post","link":"https:\/\/www.estrategiaconcursos.com.br\/blog\/dicas-estrategicas-para-prova-do-tj-ms\/","title":{"rendered":"Dicas estrat\u00e9gicas para realizar a prova do TJ MS"},"content":{"rendered":"\n<p id=\"h-confira-neste-artigo-algumas-dicas-estrategicas-para-realizar-a-prova-do-tj-ms-aplique-seus-esforcos-finais-onde-o-retorno-e-maior\">Confira neste artigo algumas dicas estrat\u00e9gicas para realizar a prova do TJ MS. Aplique seus esfor\u00e7os finais onde o retorno \u00e9 maior.<\/p>\n\n\n\n<figure class=\"wp-block-image aligncenter size-large is-resized\"><img loading=\"lazy\" decoding=\"async\" width=\"1024\" height=\"585\" src=\"https:\/\/dhg1h5j42swfq.cloudfront.net\/2025\/12\/09112330\/whatsapp-image-2025-12-09-at-11-20-50-1024x585.jpeg\" alt=\"Dicas estrat\u00e9gicas para realizar a prova do TJ MS.\" class=\"wp-image-1682264\" style=\"width:712px;height:auto\" srcset=\"https:\/\/dhg1h5j42swfq.cloudfront.net\/2025\/12\/09112330\/whatsapp-image-2025-12-09-at-11-20-50-1024x585.jpeg 1024w, https:\/\/dhg1h5j42swfq.cloudfront.net\/2025\/12\/09112330\/whatsapp-image-2025-12-09-at-11-20-50-300x171.jpeg 300w, https:\/\/dhg1h5j42swfq.cloudfront.net\/2025\/12\/09112330\/whatsapp-image-2025-12-09-at-11-20-50-768x439.jpeg 768w, https:\/\/dhg1h5j42swfq.cloudfront.net\/2025\/12\/09112330\/whatsapp-image-2025-12-09-at-11-20-50-150x86.jpeg 150w, https:\/\/dhg1h5j42swfq.cloudfront.net\/2025\/12\/09112330\/whatsapp-image-2025-12-09-at-11-20-50.jpeg 1344w\" sizes=\"auto, (max-width: 1024px) 100vw, 1024px\" \/><figcaption class=\"wp-element-caption\">Dicas estrat\u00e9gicas para realizar a prova do TJ MS.<\/figcaption><\/figure>\n\n\n\n<p>Ol\u00e1, pessoal! Tudo bem? Hoje faremos um breve apanhado de <strong>dicas estrat\u00e9gicas para realizar a prova do TJ MS.<\/strong><\/p>\n\n\n\n<p>Depois de um longo per\u00edodo de dedica\u00e7\u00e3o, finalmente o momento decisivo se aproxima e o<strong> <\/strong><a href=\"https:\/\/conhecimento.fgv.br\/sites\/default\/files\/concursos\/edital-com-2a-retificacao-tjms-servidores-1_0.pdf\"><strong>ciclo TJ MS (Tribunal de Justi\u00e7a do Estado de Mato Grosso do Sul)<\/strong><\/a> j\u00e1 est\u00e1 quase completo. Desse modo, n\u00e3o h\u00e1 mais tempo para decorar 100% do edital e <strong>a palavra de ordem \u00e9 otimiza\u00e7\u00e3o.<\/strong><\/p>\n\n\n\n<p>Assim sendo, \u00e9 necess\u00e1rio incorporar a ideia de que um candidato de alta performance n\u00e3o se faz apenas de estudos. Ou seja, lograr\u00e1 \u00eaxito aquele que tiver a <strong>melhor estrat\u00e9gia para chegar com o conte\u00fado fresquinho na hora da prova.&nbsp;<\/strong><\/p>\n\n\n\n<p>Por isso, neste artigo vamos apresentar alguns macetes para <strong>garantir que seus esfor\u00e7os finais sejam aplicados onde o retorno \u00e9 maior<\/strong>. Acompanhe!<\/p>\n\n\n\n<h2 class=\"wp-block-heading has-black-color has-very-light-gray-to-cyan-bluish-gray-gradient-background has-text-color has-background has-link-color wp-elements-e83c8ee7fe86bb8192fd9f8431d52885\" id=\"h-analise-de-perfil-da-banca\"><strong>An\u00e1lise de perfil da banca<\/strong><\/h2>\n\n\n\n<p>Primeiramente, vale ressaltar que aprovados em concursos anteriores v\u00eam demonstrando que quem domina a ess\u00eancia do conte\u00fado program\u00e1tico<strong> tem mais chances de conquistar as vagas em disputa.&nbsp;<\/strong><\/p>\n\n\n\n<p>Em outras palavras, isso significa que o &#8220;caminho das pedras&#8221; requer a uni\u00e3o de dois <strong>pontos<\/strong> <strong>important\u00edssimos:<\/strong> conte\u00fado program\u00e1tico + an\u00e1lise de perfil da banca examinadora.<\/p>\n\n\n\n<p>Ou seja, no contexto da <strong>prova do TJ MS<\/strong> precisamos fazer uma busca pelo hist\u00f3rico de cobran\u00e7a da banca FGV (Funda\u00e7\u00e3o Get\u00falio Vargas), que \u00e9 a respons\u00e1vel pela organiza\u00e7\u00e3o do atual edital.<\/p>\n\n\n\n<p>Ent\u00e3o, valendo-se da ajuda de dados estat\u00edsticos, \u00e9 poss\u00edvel <strong>dividir cada uma das disciplinas do edital em t\u00f3picos<\/strong> e analisar qual peso cada assunto t\u00eam ocupado nas provas de editais anteriores.<\/p>\n\n\n\n<p>Dessa maneira, sob o ponto de vista do cargo de <strong>Analista Judici\u00e1rio,<\/strong> que certamente \u00e9 o carro chefe do presente certame, podemos confrontar como a FGV tem pesado a m\u00e3o nas disciplinas que poder\u00e3o fazer parte da <strong>prova do TJ MS.<\/strong><\/p>\n\n\n\n<h3 class=\"wp-block-heading has-black-color has-text-color has-link-color wp-elements-e55e91c0c1f2f14032de8124495daf54\" id=\"h-lingua-portuguesa\"><strong>L\u00edngua Portuguesa<\/strong><\/h3>\n\n\n\n<figure class=\"wp-block-table is-style-stripes\"><table class=\"has-fixed-layout\"><thead><tr><th class=\"has-text-align-center\" data-align=\"center\"><strong>Assuntos<\/strong><\/th><th class=\"has-text-align-center\" data-align=\"center\"><strong>Incid\u00eancia<\/strong><\/th><\/tr><\/thead><tbody><tr><td class=\"has-text-align-center\" data-align=\"center\"><strong>Sintaxe: Concord\u00e2ncia Verbal e Nominal<\/strong><\/td><td class=\"has-text-align-center\" data-align=\"center\"><strong>49,74%<\/strong><\/td><\/tr><tr><td class=\"has-text-align-center\" data-align=\"center\"><strong>Pontua\u00e7\u00e3o<\/strong><\/td><td class=\"has-text-align-center\" data-align=\"center\"><strong>13,21%<\/strong><\/td><\/tr><tr><td class=\"has-text-align-center\" data-align=\"center\"><strong>Sem\u00e2ntica. Coes\u00e3o e Coer\u00eancia. Reescrita de trechos<\/strong><\/td><td class=\"has-text-align-center\" data-align=\"center\"><strong>7,29%<\/strong><\/td><\/tr><tr><td class=\"has-text-align-center\" data-align=\"center\"><strong>Morfologia: verbo<\/strong><\/td><td class=\"has-text-align-center\" data-align=\"center\"><strong>6,35%<\/strong><\/td><\/tr><tr><td class=\"has-text-align-center\" data-align=\"center\"><strong>Sintaxe: rela\u00e7\u00f5es de coordena\u00e7\u00e3o e subordina\u00e7\u00e3o entre termos da ora\u00e7\u00e3o<\/strong><\/td><td class=\"has-text-align-center\" data-align=\"center\"><strong>5,23%<\/strong><\/td><\/tr><tr><td class=\"has-text-align-center\" data-align=\"center\"><strong>Sintaxe: Reg\u00eancia verbal e nominal e Crase<\/strong><\/td><td class=\"has-text-align-center\" data-align=\"center\"><strong>4,72%<\/strong><\/td><\/tr><tr><td class=\"has-text-align-center\" data-align=\"center\"><strong>Compreens\u00e3o, interpreta\u00e7\u00e3o e reescritura de textos. Tipologia Textual<\/strong><\/td><td class=\"has-text-align-center\" data-align=\"center\"><strong>3,34%<\/strong><\/td><\/tr><tr><td class=\"has-text-align-center\" data-align=\"center\"><strong>Morfologia: classes de palavras<\/strong><\/td><td class=\"has-text-align-center\" data-align=\"center\"><strong>3,34%<\/strong><\/td><\/tr><tr><td class=\"has-text-align-center\" data-align=\"center\"><strong>Pronomes e Coloca\u00e7\u00e3o Pronominal<\/strong><\/td><td class=\"has-text-align-center\" data-align=\"center\"><strong>3,09%<\/strong><\/td><\/tr><tr><td class=\"has-text-align-center\" data-align=\"center\"><strong>Ortografia<\/strong><\/td><td class=\"has-text-align-center\" data-align=\"center\"><strong>2,06%<\/strong><\/td><\/tr><tr><td class=\"has-text-align-center\" data-align=\"center\"><strong>Morfologia: conjun\u00e7\u00e3o<\/strong><\/td><td class=\"has-text-align-center\" data-align=\"center\"><strong>1,63%<\/strong><\/td><\/tr><\/tbody><\/table><\/figure>\n\n\n\n<h3 class=\"wp-block-heading has-black-color has-text-color has-link-color wp-elements-854561ac09f6fdc77f4483c8753c3fdd\" id=\"h-constitucional-perfil-fgv-vs-prova-do-tj-ms\"><strong>Constitucional: perfil FGV vs. prova do TJ MS<\/strong><\/h3>\n\n\n\n<figure class=\"wp-block-table is-style-stripes\"><table class=\"has-fixed-layout\"><thead><tr><th class=\"has-text-align-center\" data-align=\"center\"><strong>Assuntos<\/strong><\/th><th class=\"has-text-align-center\" data-align=\"center\"><strong>Incid\u00eancia<\/strong><\/th><\/tr><\/thead><tbody><tr><td class=\"has-text-align-center\" data-align=\"center\"><strong>Administra\u00e7\u00e3o P\u00fablica<\/strong><\/td><td class=\"has-text-align-center\" data-align=\"center\"><strong>16,54%<\/strong><\/td><\/tr><tr><td class=\"has-text-align-center\" data-align=\"center\"><strong>Direitos e deveres individuais e coletivos<\/strong><\/td><td class=\"has-text-align-center\" data-align=\"center\"><strong>10,28%<\/strong><\/td><\/tr><tr><td class=\"has-text-align-center\" data-align=\"center\"><strong>Poder Legislativo<\/strong><\/td><td class=\"has-text-align-center\" data-align=\"center\"><strong>10,13%<\/strong><\/td><\/tr><tr><td class=\"has-text-align-center\" data-align=\"center\"><strong>Organiza\u00e7\u00e3o do Estado pol\u00edtico-administrativo e Teoria geral do Estado<\/strong><\/td><td class=\"has-text-align-center\" data-align=\"center\"><strong>9,99%<\/strong><\/td><\/tr><tr><td class=\"has-text-align-center\" data-align=\"center\"><strong>Poder Judici\u00e1rio<\/strong><\/td><td class=\"has-text-align-center\" data-align=\"center\"><strong>8,64%<\/strong><\/td><\/tr><tr><td class=\"has-text-align-center\" data-align=\"center\"><strong>Minist\u00e9rio P\u00fablico<\/strong><\/td><td class=\"has-text-align-center\" data-align=\"center\"><strong>6,11%<\/strong><\/td><\/tr><tr><td class=\"has-text-align-center\" data-align=\"center\"><strong>Teoria geral da Constitui\u00e7\u00e3o. Princ\u00edpios fundamentais da CF\/88<\/strong><\/td><td class=\"has-text-align-center\" data-align=\"center\"><strong>5,66%<\/strong><\/td><\/tr><tr><td class=\"has-text-align-center\" data-align=\"center\"><strong>Controle de Constitucionalidade<\/strong><\/td><td class=\"has-text-align-center\" data-align=\"center\"><strong>5,66%<\/strong><\/td><\/tr><tr><td class=\"has-text-align-center\" data-align=\"center\"><strong>Das finan\u00e7as p\u00fablicas. Do or\u00e7amento<\/strong><\/td><td class=\"has-text-align-center\" data-align=\"center\"><strong>5,51%<\/strong><\/td><\/tr><tr><td class=\"has-text-align-center\" data-align=\"center\"><strong>Processo Legislativo<\/strong><\/td><td class=\"has-text-align-center\" data-align=\"center\"><strong>4,92%<\/strong><\/td><\/tr><tr><td class=\"has-text-align-center\" data-align=\"center\"><strong>Da ordem social<\/strong><\/td><td class=\"has-text-align-center\" data-align=\"center\"><strong>3,87%<\/strong><\/td><\/tr><tr><td class=\"has-text-align-center\" data-align=\"center\"><strong>Sistema Tribut\u00e1rio Nacional<\/strong><\/td><td class=\"has-text-align-center\" data-align=\"center\"><strong>2,83%<\/strong><\/td><\/tr><tr><td class=\"has-text-align-center\" data-align=\"center\"><strong>Direitos Sociais; Nacionalidade<\/strong><\/td><td class=\"has-text-align-center\" data-align=\"center\"><strong>2,68%<\/strong><\/td><\/tr><tr><td class=\"has-text-align-center\" data-align=\"center\"><strong>Da ordem econ\u00f4mica e financeira<\/strong><\/td><td class=\"has-text-align-center\" data-align=\"center\"><strong>2,24%<\/strong><\/td><\/tr><tr><td class=\"has-text-align-center\" data-align=\"center\"><strong>Direitos Pol\u00edticos; Partidos Pol\u00edticos<\/strong><\/td><td class=\"has-text-align-center\" data-align=\"center\"><strong>2,09%<\/strong><\/td><\/tr><tr><td class=\"has-text-align-center\" data-align=\"center\"><strong>Poder Executivo<\/strong><\/td><td class=\"has-text-align-center\" data-align=\"center\"><strong>1,64%<\/strong><\/td><\/tr><tr><td class=\"has-text-align-center\" data-align=\"center\"><strong>Emenda, reforma e revis\u00e3o constitucional<\/strong><\/td><td class=\"has-text-align-center\" data-align=\"center\"><strong>0,89%<\/strong><\/td><\/tr><tr><td class=\"has-text-align-center\" data-align=\"center\"><strong>A defesa do Estado e das institui\u00e7\u00f5es democr\u00e1ticas<\/strong><\/td><td class=\"has-text-align-center\" data-align=\"center\"><strong>0,30%<\/strong><\/td><\/tr><\/tbody><\/table><\/figure>\n\n\n\n<h3 class=\"wp-block-heading has-black-color has-text-color has-link-color wp-elements-43841cd07036f674895cd271e5eeced4\" id=\"h-administrativo\"><strong>Administrativo<\/strong><\/h3>\n\n\n\n<figure class=\"wp-block-table is-style-stripes\"><table class=\"has-fixed-layout\"><thead><tr><th class=\"has-text-align-center\" data-align=\"center\"><strong>Assuntos<\/strong><\/th><th class=\"has-text-align-center\" data-align=\"center\"><strong>Incid\u00eancia<\/strong><\/th><\/tr><\/thead><tbody><tr><td class=\"has-text-align-center\" data-align=\"center\"><strong>Licita\u00e7\u00e3o P\u00fablica<\/strong><\/td><td class=\"has-text-align-center\" data-align=\"center\"><strong>15,53%<\/strong><\/td><\/tr><tr><td class=\"has-text-align-center\" data-align=\"center\"><strong>Organiza\u00e7\u00e3o administrativa da Uni\u00e3o: administra\u00e7\u00e3o direta e indireta, Ag\u00eancias executivas e Ag\u00eancias reguladoras<\/strong><\/td><td class=\"has-text-align-center\" data-align=\"center\"><strong>8,69%<\/strong><\/td><\/tr><tr><td class=\"has-text-align-center\" data-align=\"center\"><strong>Agentes p\u00fablicos: disposi\u00e7\u00f5es doutrin\u00e1rias e constitucionais<\/strong><\/td><td class=\"has-text-align-center\" data-align=\"center\"><strong>8,57%<\/strong><\/td><\/tr><tr><td class=\"has-text-align-center\" data-align=\"center\"><strong>Contratos administrativos. Conv\u00eanios e instrumentos cong\u00eaneres<\/strong><\/td><td class=\"has-text-align-center\" data-align=\"center\"><strong>7,53%<\/strong><\/td><\/tr><tr><td class=\"has-text-align-center\" data-align=\"center\"><strong>Lei n\u00ba 8.112\/1990<\/strong><\/td><td class=\"has-text-align-center\" data-align=\"center\"><strong>6,37%<\/strong><\/td><\/tr><tr><td class=\"has-text-align-center\" data-align=\"center\"><strong>Atos administrativos<\/strong><\/td><td class=\"has-text-align-center\" data-align=\"center\"><strong>6,26%<\/strong><\/td><\/tr><tr><td class=\"has-text-align-center\" data-align=\"center\"><strong>Improbidade Administrativa. Lei de conflito de interesses (Lei n\u00ba 12.813\/2013)<\/strong><\/td><td class=\"has-text-align-center\" data-align=\"center\"><strong>6,26%<\/strong><\/td><\/tr><tr><td class=\"has-text-align-center\" data-align=\"center\"><strong>Princ\u00edpios b\u00e1sicos da Administra\u00e7\u00e3o P\u00fablica<\/strong><\/td><td class=\"has-text-align-center\" data-align=\"center\"><strong>5,10%<\/strong><\/td><\/tr><tr><td class=\"has-text-align-center\" data-align=\"center\"><strong>Poderes administrativos<\/strong><\/td><td class=\"has-text-align-center\" data-align=\"center\"><strong>4,63%<\/strong><\/td><\/tr><tr><td class=\"has-text-align-center\" data-align=\"center\"><strong>Responsabilidade civil do Estado<\/strong><\/td><td class=\"has-text-align-center\" data-align=\"center\"><strong>4,40%<\/strong><\/td><\/tr><tr><td class=\"has-text-align-center\" data-align=\"center\"><strong>Servi\u00e7os p\u00fablicos e regula\u00e7\u00e3o estatal. Concess\u00f5es, permiss\u00f5es e autoriza\u00e7\u00f5es<\/strong><\/td><td class=\"has-text-align-center\" data-align=\"center\"><strong>3,82%<\/strong><\/td><\/tr><tr><td class=\"has-text-align-center\" data-align=\"center\"><strong>Controle da Administra\u00e7\u00e3o P\u00fablica. Sistemas Administrativos<\/strong><\/td><td class=\"has-text-align-center\" data-align=\"center\"><strong>3,48%<\/strong><\/td><\/tr><tr><td class=\"has-text-align-center\" data-align=\"center\"><strong>Preg\u00e3o presencial e eletr\u00f4nico e demais modalidades de licita\u00e7\u00e3o<\/strong><\/td><td class=\"has-text-align-center\" data-align=\"center\"><strong>3,24%<\/strong><\/td><\/tr><tr><td class=\"has-text-align-center\" data-align=\"center\"><strong>Entidades paraestatais e terceiro setor<\/strong><\/td><td class=\"has-text-align-center\" data-align=\"center\"><strong>3,01%<\/strong><\/td><\/tr><tr><td class=\"has-text-align-center\" data-align=\"center\"><strong>Parcerias P\u00fablico-Privadas. Cons\u00f3rcios-P\u00fablicos<\/strong><\/td><td class=\"has-text-align-center\" data-align=\"center\"><strong>2,43%<\/strong><\/td><\/tr><tr><td class=\"has-text-align-center\" data-align=\"center\"><strong>Bens p\u00fablicos<\/strong><\/td><td class=\"has-text-align-center\" data-align=\"center\"><strong>2,32%<\/strong><\/td><\/tr><tr><td class=\"has-text-align-center\" data-align=\"center\"><strong>\u00c9tica na Administra\u00e7\u00e3o.<\/strong><\/td><td class=\"has-text-align-center\" data-align=\"center\"><strong>2,09%<\/strong><\/td><\/tr><tr><td class=\"has-text-align-center\" data-align=\"center\"><strong>Processo Administrativo Federal<\/strong><\/td><td class=\"has-text-align-center\" data-align=\"center\"><strong>1,62%<\/strong><\/td><\/tr><tr><td class=\"has-text-align-center\" data-align=\"center\"><strong>Lei de Acesso \u00e0 Informa\u00e7\u00e3o<\/strong><\/td><td class=\"has-text-align-center\" data-align=\"center\"><strong>1,62%<\/strong><\/td><\/tr><tr><td class=\"has-text-align-center\" data-align=\"center\"><strong>Sistema de Registro de Pre\u00e7os. Regime diferenciado de contrata\u00e7\u00f5es p\u00fablicas. Sistema de Cadastramento Unificado de Fornecedores. Contrata\u00e7\u00e3o de micro empresas e empresas de pequeno porte<\/strong><\/td><td class=\"has-text-align-center\" data-align=\"center\"><strong>1,51%<\/strong><\/td><\/tr><tr><td class=\"has-text-align-center\" data-align=\"center\"><strong>Interven\u00e7\u00e3o do Estado na propriedade privada<\/strong><\/td><td class=\"has-text-align-center\" data-align=\"center\"><strong>1,39%<\/strong><\/td><\/tr><tr><td class=\"has-text-align-center\" data-align=\"center\"><strong>Estado, governo e administra\u00e7\u00e3o p\u00fablica. Direito Administrativo: origem, conceito, fontes<\/strong><\/td><td class=\"has-text-align-center\" data-align=\"center\"><strong>0,12%<\/strong><\/td><\/tr><\/tbody><\/table><\/figure>\n\n\n\n<h3 class=\"wp-block-heading has-black-color has-text-color has-link-color wp-elements-3e82acd6dc1f12a6ae31803ac113fd4c\" id=\"h-direito-civil\"><strong>Direito<\/strong> <strong>Civil<\/strong><\/h3>\n\n\n\n<figure class=\"wp-block-table is-style-stripes\"><table class=\"has-fixed-layout\"><thead><tr><th class=\"has-text-align-center\" data-align=\"center\"><strong>Assuntos<\/strong><\/th><th class=\"has-text-align-center\" data-align=\"center\"><strong>Incid\u00eancia<\/strong><\/th><\/tr><\/thead><tbody><tr><td class=\"has-text-align-center\" data-align=\"center\"><strong>Responsabilidade Civil: reflexos no direito do trabalho<\/strong><\/td><td class=\"has-text-align-center\" data-align=\"center\"><strong>18,02%<\/strong><\/td><\/tr><tr><td class=\"has-text-align-center\" data-align=\"center\"><strong>Fatos Jur\u00eddicos. Neg\u00f3cio Jur\u00eddico: conceito, classifica\u00e7\u00e3o, elementos essenciais gerais e particulares, elementos acidentais, defeitos, nulidade absoluta e relativa, invalidade<\/strong><\/td><td class=\"has-text-align-center\" data-align=\"center\"><strong>17,12%<\/strong><\/td><\/tr><tr><td class=\"has-text-align-center\" data-align=\"center\"><strong>Pessoa Natural: conceito, capacidade e incapacidade, come\u00e7o e fim, direitos da personalidade<\/strong><\/td><td class=\"has-text-align-center\" data-align=\"center\"><strong>16,22%<\/strong><\/td><\/tr><tr><td class=\"has-text-align-center\" data-align=\"center\"><strong>Obriga\u00e7\u00f5es: adimplemento, extin\u00e7\u00e3o e inadimplemento<\/strong><\/td><td class=\"has-text-align-center\" data-align=\"center\"><strong>13,51%<\/strong><\/td><\/tr><tr><td class=\"has-text-align-center\" data-align=\"center\"><strong>Bens: das diferentes classes de bens<\/strong><\/td><td class=\"has-text-align-center\" data-align=\"center\"><strong>11,71%<\/strong><\/td><\/tr><tr><td class=\"has-text-align-center\" data-align=\"center\"><strong>Prescri\u00e7\u00e3o e Decad\u00eancia<\/strong><\/td><td class=\"has-text-align-center\" data-align=\"center\"><strong>5,41%<\/strong><\/td><\/tr><tr><td class=\"has-text-align-center\" data-align=\"center\"><strong>Obriga\u00e7\u00f5es: modalidades das obriga\u00e7\u00f5es, transmiss\u00e3o<\/strong><\/td><td class=\"has-text-align-center\" data-align=\"center\"><strong>5,41%<\/strong><\/td><\/tr><tr><td class=\"has-text-align-center\" data-align=\"center\"><strong>Pessoa Jur\u00eddica: conceito, classifica\u00e7\u00e3o, come\u00e7o e fim de sua exist\u00eancia legal, desconsidera\u00e7\u00e3o<\/strong><\/td><td class=\"has-text-align-center\" data-align=\"center\"><strong>4,50%<\/strong><\/td><\/tr><tr><td class=\"has-text-align-center\" data-align=\"center\"><strong>Ato Jur\u00eddico l\u00edcito. Ato il\u00edcito<\/strong><\/td><td class=\"has-text-align-center\" data-align=\"center\"><strong>4,50%<\/strong><\/td><\/tr><tr><td class=\"has-text-align-center\" data-align=\"center\"><strong>Lei de Introdu\u00e7\u00e3o ao C\u00f3digo Civil: vig\u00eancia e revoga\u00e7\u00e3o da norma, conflito de normas no tempo e no espa\u00e7o, preenchimento de lacuna jur\u00eddica<\/strong><\/td><td class=\"has-text-align-center\" data-align=\"center\"><strong>3,60%<\/strong><\/td><\/tr><\/tbody><\/table><\/figure>\n\n\n\n<h3 class=\"wp-block-heading has-black-color has-text-color has-link-color wp-elements-e7356e94e3de39223ba4c1885e0a98a2\" id=\"h-direito-penal-perfil-fgv-vs-prova-do-tj-ms\"><strong>Direito Penal: perfil FGV vs. prova do TJ MS<\/strong><\/h3>\n\n\n\n<figure class=\"wp-block-table is-style-stripes\"><table class=\"has-fixed-layout\"><thead><tr><th class=\"has-text-align-center\" data-align=\"center\"><strong>Assuntos<\/strong><\/th><th class=\"has-text-align-center\" data-align=\"center\"><strong>Incid\u00eancia<\/strong><\/th><\/tr><\/thead><tbody><tr><td class=\"has-text-align-center\" data-align=\"center\"><strong>Do crime<\/strong><\/td><td class=\"has-text-align-center\" data-align=\"center\"><strong>37,23%<\/strong><\/td><\/tr><tr><td class=\"has-text-align-center\" data-align=\"center\"><strong>Crimes praticados por funcion\u00e1rio p\u00fablico contra a administra\u00e7\u00e3o em geral<\/strong><\/td><td class=\"has-text-align-center\" data-align=\"center\"><strong>26,60%<\/strong><\/td><\/tr><tr><td class=\"has-text-align-center\" data-align=\"center\"><strong>Aplica\u00e7\u00e3o da Lei Penal. Infra\u00e7\u00e3o penal. Disposi\u00e7\u00f5es preliminares do CP<\/strong><\/td><td class=\"has-text-align-center\" data-align=\"center\"><strong>13,83%<\/strong><\/td><\/tr><tr><td class=\"has-text-align-center\" data-align=\"center\"><strong>Crimes praticados por particular contra a administra\u00e7\u00e3o em geral<\/strong><\/td><td class=\"has-text-align-center\" data-align=\"center\"><strong>8,51%<\/strong><\/td><\/tr><tr><td class=\"has-text-align-center\" data-align=\"center\"><strong>Crimes contra a administra\u00e7\u00e3o p\u00fablica estrangeira. Crimes contra a administra\u00e7\u00e3o da Justi\u00e7a. Crimes contra as finan\u00e7as p\u00fablicas<\/strong><\/td><td class=\"has-text-align-center\" data-align=\"center\"><strong>8,51%<\/strong><\/td><\/tr><tr><td class=\"has-text-align-center\" data-align=\"center\"><strong>Crimes contra a organiza\u00e7\u00e3o do trabalho. Crime de apropria\u00e7\u00e3o ind\u00e9bita previdenci\u00e1ria (art. 168-A do C\u00f3digo Penal) e sonega\u00e7\u00e3o de contribui\u00e7\u00e3o previdenci\u00e1ria (art. 337-A do C\u00f3digo Penal). Efeitos da condena\u00e7\u00e3o e da reabilita\u00e7\u00e3o<\/strong><\/td><td class=\"has-text-align-center\" data-align=\"center\"><strong>3,19%<\/strong><\/td><\/tr><tr><td class=\"has-text-align-center\" data-align=\"center\"><strong>Crimes contra a f\u00e9 p\u00fablica<\/strong><\/td><td class=\"has-text-align-center\" data-align=\"center\"><strong>2,13%<\/strong><\/td><\/tr><\/tbody><\/table><\/figure>\n\n\n\n<h2 class=\"wp-block-heading has-black-color has-very-light-gray-to-cyan-bluish-gray-gradient-background has-text-color has-background has-link-color wp-elements-e19a9fe8e8496942b47b278e7b919d1e\" id=\"h-dicas-estrategicas\"><strong>\u200b\u200bDicas estrat\u00e9gicas<\/strong><\/h2>\n\n\n\n<p>Com efeito, o conte\u00fado de No\u00e7\u00f5es de Legisla\u00e7\u00e3o da prova do TJ MS possui <strong>leis e normas internas que representam 8,33% do total da prova objetiva.<\/strong> Apesar de n\u00e3o parecer grande coisa, dominar esta fatia do conte\u00fado pode significar a diferen\u00e7a entre estar dentro ou fora do quantitativo de vagas oferecidas.<\/p>\n\n\n\n<p>Nesse sentido, deduzindo que a esta altura do campeonato voc\u00ea j\u00e1 tenha lido e revisado os textos referentes a esta importante parte, <strong>agora \u00e9 hora de otimizar o seu tempo.<\/strong><\/p>\n\n\n\n<p>Por isso, priorize a <strong>leitura din\u00e2mica<\/strong> e procure concili\u00e1-la \u00e0 <strong>resolu\u00e7\u00e3o de \u200bquest\u00f5es anteriores<\/strong>. Ou seja, busque por provas da banca que tratam de legisla\u00e7\u00f5es espec\u00edficas de TJs de outros estados. Certamente isso te dar\u00e1 uma boa no\u00e7\u00e3o de como a banca cobra detalhes e literalidade.<\/p>\n\n\n\n<p>Em s\u00edntese, \u200ba revis\u00e3o dos \u00faltimos dias n\u00e3o \u00e9 de aprendizagem, mas sim de <strong>consolida\u00e7\u00e3o e resgate de mem\u00f3ria de curto prazo<\/strong>. Por isso, fa\u00e7a simulados nos dias que antecedem a prova, cronometrando tudo, exatamente como se j\u00e1 estivesse na sala de aplica\u00e7\u00e3o.<\/p>\n\n\n\n<p>Ademais, procure revisar, pelo menos meia hora antes, <strong>prazos processuais e outros assuntos importantes do conte\u00fado.<\/strong> Sem d\u00favida isso deixa a informa\u00e7\u00e3o fresquinha nos momentos que antecedem a prova e pode garantir pontos preciosos a partir de uma simples leitura.<\/p>\n\n\n\n<p>Por fim, lembre-se: o maior inimigo do concurseiro na reta final n\u00e3o \u00e9 o conte\u00fado, mas sim a ansiedade. Portanto, mantenha a calma e <strong>confie na base s\u00f3lida que voc\u00ea construiu<\/strong>, pois o cargo est\u00e1 \u00e0 sua espera!&nbsp;<\/p>\n\n\n\n<h2 class=\"wp-block-heading has-black-color has-text-color has-link-color wp-elements-9945607f79a30c400664ad9baa7170b3\" id=\"h-consideracoes-finais-nbsp\"><strong>Considera\u00e7\u00f5es finais&nbsp;<\/strong><\/h2>\n\n\n\n<p>Ent\u00e3o, \u00e9 isso, pessoal! Chegamos ao fim do nosso breve apanhado de <strong>dicas estrat\u00e9gicas para realizar a prova do TJ MS. <\/strong>Esperamos que tenham gostado.<\/p>\n\n\n\n<p>Confira tamb\u00e9m:<\/p>\n\n\n\n<ul class=\"wp-block-list\">\n<li><a href=\"https:\/\/www.estrategiaconcursos.com.br\/blog\/prova-tj-sp\/\"><strong>O que cai na prova do TJ-SP?<\/strong><\/a><\/li>\n\n\n\n<li><a href=\"https:\/\/www.estrategiaconcursos.com.br\/blog\/por-que-existe-cadastro-de-reserva-nos-tjs\/\"><strong>Por que existem muitos cargos em cadastro de reserva nos TJs?<\/strong><\/a><\/li>\n\n\n\n<li><a href=\"https:\/\/www.estrategiaconcursos.com.br\/blog\/escrevente-tecnico-judiciario-2\/\"><strong>O que faz um escrevente t\u00e9cnico judici\u00e1rio?<\/strong><\/a><\/li>\n<\/ul>\n\n\n\n<p>Se voc\u00ea quer se preparar para chegar <strong>competitivo <\/strong>em qualquer prova da \u00e1rea, invista nos cursos do <a href=\"https:\/\/www.estrategiaconcursos.com.br\/\"><strong>Estrat\u00e9gia Concursos<\/strong><\/a>. Sem d\u00favida voc\u00ea encontrar\u00e1 <strong>aulas completas e detalhadas, com os melhores professores do mercado<\/strong>.<\/p>\n\n\n\n<p>Conhe\u00e7a tamb\u00e9m o <a href=\"https:\/\/concursos.estrategia.com\/\"><strong>Sistema de Quest\u00f5es do Estrat\u00e9gia<\/strong><\/a>. Afinal, a \u00fanica forma de <strong>consolidar o conte\u00fado <\/strong>de maneira satisfat\u00f3ria \u00e9 atrav\u00e9s da <strong>resolu\u00e7\u00e3o de quest\u00f5es.<\/strong><\/p>\n\n\n\n<p class=\"has-text-align-center\">Bons estudos a todos e at\u00e9 a pr\u00f3xima!<\/p>\n\n\n\n<p class=\"has-text-align-center\"><strong>Cursos e Assinaturas<\/strong><\/p>\n\n\n\n<p class=\"has-text-align-center\"><strong>Quer saber quais ser\u00e3o os pr\u00f3ximos concursos?<\/strong><\/p>\n\n\n\n<p class=\"has-text-align-center\"><strong>Confira nossos artigos!<\/strong><\/p>\n\n\n\n<p class=\"has-text-align-center has-white-color has-vivid-cyan-blue-background-color has-text-color has-background has-link-color wp-elements-4ee3858d78f8e73e6a059835bfd98e6f\"><a href=\"https:\/\/www.estrategiaconcursos.com.br\/blog\/concursos-abertos\/\"><strong>Concursos Abertos<\/strong><\/a><\/p>\n\n\n\n<p class=\"has-text-align-center has-white-color has-vivid-cyan-blue-background-color has-text-color has-background has-link-color wp-elements-aa10cc5a43f3546f8fbddccb4567265c\"><a href=\"https:\/\/www.estrategiaconcursos.com.br\/blog\/concursos-2026\/\"><strong>Concursos 2026<\/strong>\u200b<\/a>\u200b<\/p>\n","protected":false},"excerpt":{"rendered":"<p>Confira neste artigo algumas dicas estrat\u00e9gicas para realizar a prova do TJ MS. Aplique seus esfor\u00e7os finais onde o retorno \u00e9 maior. Ol\u00e1, pessoal! Tudo bem? Hoje faremos um breve apanhado de dicas estrat\u00e9gicas para realizar a prova do TJ MS. Depois de um longo per\u00edodo de dedica\u00e7\u00e3o, finalmente o momento decisivo se aproxima e [&hellip;]<\/p>\n","protected":false},"author":2974,"featured_media":1682264,"comment_status":"open","ping_status":"closed","sticky":false,"template":"","format":"standard","meta":{"post_tipo":"article","footnotes":""},"categories":[1,222235],"tags":[],"tax_estado":[219975],"class_list":["post-1681896","post","type-post","status-publish","format-standard","has-post-thumbnail","hentry","category-cursos-e-concursos","category-tribunal-de-justica","tax_estado-ms"],"acf":[],"yoast_head":"<!-- This site is optimized with the Yoast SEO Premium plugin v27.2 (Yoast SEO v27.2) - https:\/\/yoast.com\/product\/yoast-seo-premium-wordpress\/ -->\n<title>Dicas estrat\u00e9gicas para realizar a prova do TJ MS<\/title>\n<meta name=\"description\" content=\"Confira neste artigo algumas dicas estrat\u00e9gicas para realizar a prova do TJ MS. A etapa est\u00e1 prevista para o dia 25\/01!\" \/>\n<meta name=\"robots\" content=\"index, follow, max-snippet:-1, max-image-preview:large, max-video-preview:-1\" \/>\n<link rel=\"canonical\" href=\"https:\/\/www.estrategiaconcursos.com.br\/blog\/dicas-estrategicas-para-prova-do-tj-ms\/\" \/>\n<meta property=\"og:locale\" content=\"pt_BR\" \/>\n<meta property=\"og:type\" content=\"article\" \/>\n<meta property=\"og:title\" content=\"Dicas estrat\u00e9gicas para realizar a prova do TJ MS\" \/>\n<meta property=\"og:description\" content=\"Confira neste artigo algumas dicas estrat\u00e9gicas para realizar a prova do TJ MS. A etapa est\u00e1 prevista para o dia 25\/01!\" \/>\n<meta property=\"og:url\" content=\"https:\/\/www.estrategiaconcursos.com.br\/blog\/dicas-estrategicas-para-prova-do-tj-ms\/\" \/>\n<meta property=\"og:site_name\" content=\"Estrat\u00e9gia Concursos\" \/>\n<meta property=\"article:published_time\" content=\"2026-01-12T17:02:00+00:00\" \/>\n<meta property=\"og:image\" content=\"https:\/\/dhg1h5j42swfq.cloudfront.net\/2025\/12\/09112330\/whatsapp-image-2025-12-09-at-11-20-50.jpeg\" \/>\n\t<meta property=\"og:image:width\" content=\"1344\" \/>\n\t<meta property=\"og:image:height\" content=\"768\" \/>\n\t<meta property=\"og:image:type\" content=\"image\/jpeg\" \/>\n<meta name=\"author\" content=\"Edmar Bezerra Araujo\" \/>\n<meta name=\"twitter:card\" content=\"summary_large_image\" \/>\n<meta name=\"twitter:creator\" content=\"@EstratConcursos\" \/>\n<meta name=\"twitter:site\" content=\"@EstratConcursos\" \/>\n<meta name=\"twitter:label1\" content=\"Escrito por\" \/>\n\t<meta name=\"twitter:data1\" content=\"Edmar Bezerra Araujo\" \/>\n\t<meta name=\"twitter:label2\" content=\"Est. tempo de leitura\" \/>\n\t<meta name=\"twitter:data2\" content=\"7 minutos\" \/>\n<script type=\"application\/ld+json\" class=\"yoast-schema-graph\">{\"@context\":\"https:\/\/schema.org\",\"@graph\":[{\"@type\":\"NewsArticle\",\"@id\":\"https:\/\/www.estrategiaconcursos.com.br\/blog\/dicas-estrategicas-para-prova-do-tj-ms\/#article\",\"isPartOf\":{\"@id\":\"https:\/\/www.estrategiaconcursos.com.br\/blog\/dicas-estrategicas-para-prova-do-tj-ms\/\"},\"author\":{\"name\":\"Edmar Bezerra Araujo\",\"@id\":\"https:\/\/www.estrategiaconcursos.com.br\/blog\/#\/schema\/person\/5516090bbe46c1c8aab9a7c5bf8595da\"},\"headline\":\"Dicas estrat\u00e9gicas para realizar a prova do TJ MS\",\"datePublished\":\"2026-01-12T17:02:00+00:00\",\"mainEntityOfPage\":{\"@id\":\"https:\/\/www.estrategiaconcursos.com.br\/blog\/dicas-estrategicas-para-prova-do-tj-ms\/\"},\"wordCount\":1397,\"commentCount\":0,\"publisher\":{\"@id\":\"https:\/\/www.estrategiaconcursos.com.br\/blog\/#organization\"},\"image\":{\"@id\":\"https:\/\/www.estrategiaconcursos.com.br\/blog\/dicas-estrategicas-para-prova-do-tj-ms\/#primaryimage\"},\"thumbnailUrl\":\"https:\/\/dhg1h5j42swfq.cloudfront.net\/2025\/12\/09112330\/whatsapp-image-2025-12-09-at-11-20-50.jpeg\",\"articleSection\":[\"Concursos P\u00fablicos\",\"Tribunal de Justi\u00e7a\"],\"inLanguage\":\"pt-BR\",\"potentialAction\":[{\"@type\":\"CommentAction\",\"name\":\"Comment\",\"target\":[\"https:\/\/www.estrategiaconcursos.com.br\/blog\/dicas-estrategicas-para-prova-do-tj-ms\/#respond\"]}],\"copyrightYear\":\"2026\",\"copyrightHolder\":{\"@id\":\"https:\/\/www.estrategiaconcursos.com.br\/blog\/#organization\"}},{\"@type\":\"WebPage\",\"@id\":\"https:\/\/www.estrategiaconcursos.com.br\/blog\/dicas-estrategicas-para-prova-do-tj-ms\/\",\"url\":\"https:\/\/www.estrategiaconcursos.com.br\/blog\/dicas-estrategicas-para-prova-do-tj-ms\/\",\"name\":\"Dicas estrat\u00e9gicas para realizar a prova do TJ MS\",\"isPartOf\":{\"@id\":\"https:\/\/www.estrategiaconcursos.com.br\/blog\/#website\"},\"primaryImageOfPage\":{\"@id\":\"https:\/\/www.estrategiaconcursos.com.br\/blog\/dicas-estrategicas-para-prova-do-tj-ms\/#primaryimage\"},\"image\":{\"@id\":\"https:\/\/www.estrategiaconcursos.com.br\/blog\/dicas-estrategicas-para-prova-do-tj-ms\/#primaryimage\"},\"thumbnailUrl\":\"https:\/\/dhg1h5j42swfq.cloudfront.net\/2025\/12\/09112330\/whatsapp-image-2025-12-09-at-11-20-50.jpeg\",\"datePublished\":\"2026-01-12T17:02:00+00:00\",\"description\":\"Confira neste artigo algumas dicas estrat\u00e9gicas para realizar a prova do TJ MS. A etapa est\u00e1 prevista para o dia 25\/01!\",\"breadcrumb\":{\"@id\":\"https:\/\/www.estrategiaconcursos.com.br\/blog\/dicas-estrategicas-para-prova-do-tj-ms\/#breadcrumb\"},\"inLanguage\":\"pt-BR\",\"potentialAction\":[{\"@type\":\"ReadAction\",\"target\":[\"https:\/\/www.estrategiaconcursos.com.br\/blog\/dicas-estrategicas-para-prova-do-tj-ms\/\"]}]},{\"@type\":\"ImageObject\",\"inLanguage\":\"pt-BR\",\"@id\":\"https:\/\/www.estrategiaconcursos.com.br\/blog\/dicas-estrategicas-para-prova-do-tj-ms\/#primaryimage\",\"url\":\"https:\/\/dhg1h5j42swfq.cloudfront.net\/2025\/12\/09112330\/whatsapp-image-2025-12-09-at-11-20-50.jpeg\",\"contentUrl\":\"https:\/\/dhg1h5j42swfq.cloudfront.net\/2025\/12\/09112330\/whatsapp-image-2025-12-09-at-11-20-50.jpeg\",\"width\":1344,\"height\":768,\"caption\":\"Dicas estrat\u00e9gicas para realizar a prova do TJ MS.\"},{\"@type\":\"BreadcrumbList\",\"@id\":\"https:\/\/www.estrategiaconcursos.com.br\/blog\/dicas-estrategicas-para-prova-do-tj-ms\/#breadcrumb\",\"itemListElement\":[{\"@type\":\"ListItem\",\"position\":1,\"name\":\"In\u00edcio\",\"item\":\"https:\/\/www.estrategiaconcursos.com.br\/blog\/\"},{\"@type\":\"ListItem\",\"position\":2,\"name\":\"Dicas estrat\u00e9gicas para realizar a prova do TJ MS\"}]},{\"@type\":\"WebSite\",\"@id\":\"https:\/\/www.estrategiaconcursos.com.br\/blog\/#website\",\"url\":\"https:\/\/www.estrategiaconcursos.com.br\/blog\/\",\"name\":\"Estrat\u00e9gia Concursos\",\"description\":\"O blog da Estrat\u00e9gia Concursos traz not\u00edcias sobre concursos e artigos de professores oferecendo cursos para concursos (pdf + videaulas) no site.\",\"publisher\":{\"@id\":\"https:\/\/www.estrategiaconcursos.com.br\/blog\/#organization\"},\"potentialAction\":[{\"@type\":\"SearchAction\",\"target\":{\"@type\":\"EntryPoint\",\"urlTemplate\":\"https:\/\/www.estrategiaconcursos.com.br\/blog\/?s={search_term_string}\"},\"query-input\":{\"@type\":\"PropertyValueSpecification\",\"valueRequired\":true,\"valueName\":\"search_term_string\"}}],\"inLanguage\":\"pt-BR\"},{\"@type\":\"Organization\",\"@id\":\"https:\/\/www.estrategiaconcursos.com.br\/blog\/#organization\",\"name\":\"Estrat\u00e9gia Concursos\",\"url\":\"https:\/\/www.estrategiaconcursos.com.br\/blog\/\",\"logo\":{\"@type\":\"ImageObject\",\"inLanguage\":\"pt-BR\",\"@id\":\"https:\/\/www.estrategiaconcursos.com.br\/blog\/#\/schema\/logo\/image\/\",\"url\":\"https:\/\/dhg1h5j42swfq.cloudfront.net\/2025\/06\/03203428\/logo_concursos-1.jpg\",\"contentUrl\":\"https:\/\/dhg1h5j42swfq.cloudfront.net\/2025\/06\/03203428\/logo_concursos-1.jpg\",\"width\":230,\"height\":60,\"caption\":\"Estrat\u00e9gia Concursos\"},\"image\":{\"@id\":\"https:\/\/www.estrategiaconcursos.com.br\/blog\/#\/schema\/logo\/image\/\"},\"sameAs\":[\"https:\/\/x.com\/EstratConcursos\"]},{\"@type\":\"Person\",\"@id\":\"https:\/\/www.estrategiaconcursos.com.br\/blog\/#\/schema\/person\/5516090bbe46c1c8aab9a7c5bf8595da\",\"name\":\"Edmar Bezerra Araujo\",\"image\":{\"@type\":\"ImageObject\",\"inLanguage\":\"pt-BR\",\"@id\":\"https:\/\/secure.gravatar.com\/avatar\/3ec0a15819de7eef1b7fcba85aadb329188a10da1e37eb279bb6e0f264e6b9c7?s=96&d=mm&r=g\",\"url\":\"https:\/\/secure.gravatar.com\/avatar\/3ec0a15819de7eef1b7fcba85aadb329188a10da1e37eb279bb6e0f264e6b9c7?s=96&d=mm&r=g\",\"contentUrl\":\"https:\/\/secure.gravatar.com\/avatar\/3ec0a15819de7eef1b7fcba85aadb329188a10da1e37eb279bb6e0f264e6b9c7?s=96&d=mm&r=g\",\"caption\":\"Edmar Bezerra Araujo\"},\"sameAs\":[\"https:\/\/www.instagram.com\/edmarbezerraaraujo\/\"],\"url\":\"https:\/\/www.estrategiaconcursos.com.br\/blog\/author\/edmarbezerraaraujogmail-com\/\"}]}<\/script>\n<!-- \/ Yoast SEO Premium plugin. -->","yoast_head_json":{"title":"Dicas estrat\u00e9gicas para realizar a prova do TJ MS","description":"Confira neste artigo algumas dicas estrat\u00e9gicas para realizar a prova do TJ MS. A etapa est\u00e1 prevista para o dia 25\/01!","robots":{"index":"index","follow":"follow","max-snippet":"max-snippet:-1","max-image-preview":"max-image-preview:large","max-video-preview":"max-video-preview:-1"},"canonical":"https:\/\/www.estrategiaconcursos.com.br\/blog\/dicas-estrategicas-para-prova-do-tj-ms\/","og_locale":"pt_BR","og_type":"article","og_title":"Dicas estrat\u00e9gicas para realizar a prova do TJ MS","og_description":"Confira neste artigo algumas dicas estrat\u00e9gicas para realizar a prova do TJ MS. A etapa est\u00e1 prevista para o dia 25\/01!","og_url":"https:\/\/www.estrategiaconcursos.com.br\/blog\/dicas-estrategicas-para-prova-do-tj-ms\/","og_site_name":"Estrat\u00e9gia Concursos","article_published_time":"2026-01-12T17:02:00+00:00","og_image":[{"width":1344,"height":768,"url":"https:\/\/dhg1h5j42swfq.cloudfront.net\/2025\/12\/09112330\/whatsapp-image-2025-12-09-at-11-20-50.jpeg","type":"image\/jpeg"}],"author":"Edmar Bezerra Araujo","twitter_card":"summary_large_image","twitter_creator":"@EstratConcursos","twitter_site":"@EstratConcursos","twitter_misc":{"Escrito por":"Edmar Bezerra Araujo","Est. tempo de leitura":"7 minutos"},"schema":{"@context":"https:\/\/schema.org","@graph":[{"@type":"NewsArticle","@id":"https:\/\/www.estrategiaconcursos.com.br\/blog\/dicas-estrategicas-para-prova-do-tj-ms\/#article","isPartOf":{"@id":"https:\/\/www.estrategiaconcursos.com.br\/blog\/dicas-estrategicas-para-prova-do-tj-ms\/"},"author":{"name":"Edmar Bezerra Araujo","@id":"https:\/\/www.estrategiaconcursos.com.br\/blog\/#\/schema\/person\/5516090bbe46c1c8aab9a7c5bf8595da"},"headline":"Dicas estrat\u00e9gicas para realizar a prova do TJ MS","datePublished":"2026-01-12T17:02:00+00:00","mainEntityOfPage":{"@id":"https:\/\/www.estrategiaconcursos.com.br\/blog\/dicas-estrategicas-para-prova-do-tj-ms\/"},"wordCount":1397,"commentCount":0,"publisher":{"@id":"https:\/\/www.estrategiaconcursos.com.br\/blog\/#organization"},"image":{"@id":"https:\/\/www.estrategiaconcursos.com.br\/blog\/dicas-estrategicas-para-prova-do-tj-ms\/#primaryimage"},"thumbnailUrl":"https:\/\/dhg1h5j42swfq.cloudfront.net\/2025\/12\/09112330\/whatsapp-image-2025-12-09-at-11-20-50.jpeg","articleSection":["Concursos P\u00fablicos","Tribunal de Justi\u00e7a"],"inLanguage":"pt-BR","potentialAction":[{"@type":"CommentAction","name":"Comment","target":["https:\/\/www.estrategiaconcursos.com.br\/blog\/dicas-estrategicas-para-prova-do-tj-ms\/#respond"]}],"copyrightYear":"2026","copyrightHolder":{"@id":"https:\/\/www.estrategiaconcursos.com.br\/blog\/#organization"}},{"@type":"WebPage","@id":"https:\/\/www.estrategiaconcursos.com.br\/blog\/dicas-estrategicas-para-prova-do-tj-ms\/","url":"https:\/\/www.estrategiaconcursos.com.br\/blog\/dicas-estrategicas-para-prova-do-tj-ms\/","name":"Dicas estrat\u00e9gicas para realizar a prova do TJ MS","isPartOf":{"@id":"https:\/\/www.estrategiaconcursos.com.br\/blog\/#website"},"primaryImageOfPage":{"@id":"https:\/\/www.estrategiaconcursos.com.br\/blog\/dicas-estrategicas-para-prova-do-tj-ms\/#primaryimage"},"image":{"@id":"https:\/\/www.estrategiaconcursos.com.br\/blog\/dicas-estrategicas-para-prova-do-tj-ms\/#primaryimage"},"thumbnailUrl":"https:\/\/dhg1h5j42swfq.cloudfront.net\/2025\/12\/09112330\/whatsapp-image-2025-12-09-at-11-20-50.jpeg","datePublished":"2026-01-12T17:02:00+00:00","description":"Confira neste artigo algumas dicas estrat\u00e9gicas para realizar a prova do TJ MS. A etapa est\u00e1 prevista para o dia 25\/01!","breadcrumb":{"@id":"https:\/\/www.estrategiaconcursos.com.br\/blog\/dicas-estrategicas-para-prova-do-tj-ms\/#breadcrumb"},"inLanguage":"pt-BR","potentialAction":[{"@type":"ReadAction","target":["https:\/\/www.estrategiaconcursos.com.br\/blog\/dicas-estrategicas-para-prova-do-tj-ms\/"]}]},{"@type":"ImageObject","inLanguage":"pt-BR","@id":"https:\/\/www.estrategiaconcursos.com.br\/blog\/dicas-estrategicas-para-prova-do-tj-ms\/#primaryimage","url":"https:\/\/dhg1h5j42swfq.cloudfront.net\/2025\/12\/09112330\/whatsapp-image-2025-12-09-at-11-20-50.jpeg","contentUrl":"https:\/\/dhg1h5j42swfq.cloudfront.net\/2025\/12\/09112330\/whatsapp-image-2025-12-09-at-11-20-50.jpeg","width":1344,"height":768,"caption":"Dicas estrat\u00e9gicas para realizar a prova do TJ MS."},{"@type":"BreadcrumbList","@id":"https:\/\/www.estrategiaconcursos.com.br\/blog\/dicas-estrategicas-para-prova-do-tj-ms\/#breadcrumb","itemListElement":[{"@type":"ListItem","position":1,"name":"In\u00edcio","item":"https:\/\/www.estrategiaconcursos.com.br\/blog\/"},{"@type":"ListItem","position":2,"name":"Dicas estrat\u00e9gicas para realizar a prova do TJ MS"}]},{"@type":"WebSite","@id":"https:\/\/www.estrategiaconcursos.com.br\/blog\/#website","url":"https:\/\/www.estrategiaconcursos.com.br\/blog\/","name":"Estrat\u00e9gia Concursos","description":"O blog da Estrat\u00e9gia Concursos traz not\u00edcias sobre concursos e artigos de professores oferecendo cursos para concursos (pdf + videaulas) no site.","publisher":{"@id":"https:\/\/www.estrategiaconcursos.com.br\/blog\/#organization"},"potentialAction":[{"@type":"SearchAction","target":{"@type":"EntryPoint","urlTemplate":"https:\/\/www.estrategiaconcursos.com.br\/blog\/?s={search_term_string}"},"query-input":{"@type":"PropertyValueSpecification","valueRequired":true,"valueName":"search_term_string"}}],"inLanguage":"pt-BR"},{"@type":"Organization","@id":"https:\/\/www.estrategiaconcursos.com.br\/blog\/#organization","name":"Estrat\u00e9gia Concursos","url":"https:\/\/www.estrategiaconcursos.com.br\/blog\/","logo":{"@type":"ImageObject","inLanguage":"pt-BR","@id":"https:\/\/www.estrategiaconcursos.com.br\/blog\/#\/schema\/logo\/image\/","url":"https:\/\/dhg1h5j42swfq.cloudfront.net\/2025\/06\/03203428\/logo_concursos-1.jpg","contentUrl":"https:\/\/dhg1h5j42swfq.cloudfront.net\/2025\/06\/03203428\/logo_concursos-1.jpg","width":230,"height":60,"caption":"Estrat\u00e9gia Concursos"},"image":{"@id":"https:\/\/www.estrategiaconcursos.com.br\/blog\/#\/schema\/logo\/image\/"},"sameAs":["https:\/\/x.com\/EstratConcursos"]},{"@type":"Person","@id":"https:\/\/www.estrategiaconcursos.com.br\/blog\/#\/schema\/person\/5516090bbe46c1c8aab9a7c5bf8595da","name":"Edmar Bezerra Araujo","image":{"@type":"ImageObject","inLanguage":"pt-BR","@id":"https:\/\/secure.gravatar.com\/avatar\/3ec0a15819de7eef1b7fcba85aadb329188a10da1e37eb279bb6e0f264e6b9c7?s=96&d=mm&r=g","url":"https:\/\/secure.gravatar.com\/avatar\/3ec0a15819de7eef1b7fcba85aadb329188a10da1e37eb279bb6e0f264e6b9c7?s=96&d=mm&r=g","contentUrl":"https:\/\/secure.gravatar.com\/avatar\/3ec0a15819de7eef1b7fcba85aadb329188a10da1e37eb279bb6e0f264e6b9c7?s=96&d=mm&r=g","caption":"Edmar Bezerra Araujo"},"sameAs":["https:\/\/www.instagram.com\/edmarbezerraaraujo\/"],"url":"https:\/\/www.estrategiaconcursos.com.br\/blog\/author\/edmarbezerraaraujogmail-com\/"}]}},"_links":{"self":[{"href":"https:\/\/www.estrategiaconcursos.com.br\/blog\/wp-json\/wp\/v2\/posts\/1681896","targetHints":{"allow":["GET"]}}],"collection":[{"href":"https:\/\/www.estrategiaconcursos.com.br\/blog\/wp-json\/wp\/v2\/posts"}],"about":[{"href":"https:\/\/www.estrategiaconcursos.com.br\/blog\/wp-json\/wp\/v2\/types\/post"}],"author":[{"embeddable":true,"href":"https:\/\/www.estrategiaconcursos.com.br\/blog\/wp-json\/wp\/v2\/users\/2974"}],"replies":[{"embeddable":true,"href":"https:\/\/www.estrategiaconcursos.com.br\/blog\/wp-json\/wp\/v2\/comments?post=1681896"}],"version-history":[{"count":19,"href":"https:\/\/www.estrategiaconcursos.com.br\/blog\/wp-json\/wp\/v2\/posts\/1681896\/revisions"}],"predecessor-version":[{"id":1695098,"href":"https:\/\/www.estrategiaconcursos.com.br\/blog\/wp-json\/wp\/v2\/posts\/1681896\/revisions\/1695098"}],"wp:featuredmedia":[{"embeddable":true,"href":"https:\/\/www.estrategiaconcursos.com.br\/blog\/wp-json\/wp\/v2\/media\/1682264"}],"wp:attachment":[{"href":"https:\/\/www.estrategiaconcursos.com.br\/blog\/wp-json\/wp\/v2\/media?parent=1681896"}],"wp:term":[{"taxonomy":"category","embeddable":true,"href":"https:\/\/www.estrategiaconcursos.com.br\/blog\/wp-json\/wp\/v2\/categories?post=1681896"},{"taxonomy":"post_tag","embeddable":true,"href":"https:\/\/www.estrategiaconcursos.com.br\/blog\/wp-json\/wp\/v2\/tags?post=1681896"},{"taxonomy":"tax_estado","embeddable":true,"href":"https:\/\/www.estrategiaconcursos.com.br\/blog\/wp-json\/wp\/v2\/tax_estado?post=1681896"}],"curies":[{"name":"wp","href":"https:\/\/api.w.org\/{rel}","templated":true}]}}