{"id":1681627,"date":"2025-12-08T13:39:01","date_gmt":"2025-12-08T16:39:01","guid":{"rendered":"https:\/\/www.estrategiaconcursos.com.br\/blog\/?p=1681627"},"modified":"2025-12-08T13:39:03","modified_gmt":"2025-12-08T16:39:03","slug":"concurso-mp-sp-auxiliar-2025-prazo-entre-edital-e-a-prova","status":"publish","type":"post","link":"https:\/\/www.estrategiaconcursos.com.br\/blog\/concurso-mp-sp-auxiliar-2025-prazo-entre-edital-e-a-prova\/","title":{"rendered":"Prazo entre edital e a prova do concurso MP SP Auxiliar: saiba como se beneficiar!"},"content":{"rendered":"\n<p>Foi publicado o novo edital do <a href=\"https:\/\/www.estrategiaconcursos.com.br\/cursosPorConcurso\/ministerio-publico-de-sao-paulo-mp-sp\/\" target=\"_blank\" rel=\"noreferrer noopener\">Minist\u00e9rio P\u00fablico de Estado de S\u00e3o Paulo<\/a>, que oferece vagas em cadastro de reserva para o cargo de <strong>Auxiliar de Promotoria I, \u00e1rea Administrativa<\/strong>.<\/p>\n\n\n\n<p>As oportunidades s\u00e3o de n\u00edvel fundamental e o sal\u00e1rio inicial \u00e9 de <strong>R$ 3.784,45<\/strong>, al\u00e9m de benef\u00edcios.<\/p>\n\n\n\n<p>As<strong> inscri\u00e7\u00f5es<\/strong> poder\u00e3o ser realizadas no per\u00edodo <strong>de 09 de dezembro de 2025 a 06 de fevereiro de 2026<\/strong>, no site da banca organizadora,\u00a0Vunesp. As provas est\u00e3o previstas para 29 de mar\u00e7o de 2026.<\/p>\n\n\n\n<p>Pensando em sua aprova\u00e7\u00e3o, preparamos este artigo para lhe mostrar como o prazo entre a publica\u00e7\u00e3o do edital, as inscri\u00e7\u00f5es e o dia de realiza\u00e7\u00e3o da prova podem ser ben\u00e9ficos para garantir a sua aprova\u00e7\u00e3o!<\/p>\n\n\n\n<h2 class=\"wp-block-heading\" id=\"h-prazo-entre-edital-e-a-prova-do-concurso-mp-sp-auxiliar\">Prazo entre edital e a prova do concurso MP SP Auxiliar<\/h2>\n\n\n\n<ul class=\"wp-block-list\">\n<li>O edital foi publicado no dia 4 de dezembro de 2025;<\/li>\n\n\n\n<li>As inscri\u00e7\u00f5es ter\u00e3o in\u00edcio em 9 de dezembro, seguindo at\u00e9 6 de fevereiro de 2026 &#8211; <strong>65 dias desde o edital;<\/strong><\/li>\n\n\n\n<li>As provas ser\u00e3o aplicadas em 29 de mar\u00e7o &#8211; <strong>116 dias desde a publica\u00e7\u00e3o do edital<\/strong>.<\/li>\n<\/ul>\n\n\n\n<p>Voc\u00ea ter\u00e1 quase 4 meses de prepara\u00e7\u00e3o para o dia da prova e isso \u00e9 tempo suficiente para voc\u00ea focar suas energias e se dedicar a este edital para, assim, garantir sua vaga!<\/p>\n\n\n\n<h2 class=\"wp-block-heading\" id=\"h-como-sera-a-prova-de-auxiliar-de-promotoria-i\">Como ser\u00e1 a prova de Auxiliar de Promotoria I?<\/h2>\n\n\n\n<h4 class=\"wp-block-heading\" id=\"objetiva\">Provas Objetivas<\/h4>\n\n\n\n<p>A avalia\u00e7\u00e3o abranger\u00e1 todas as disciplinas constantes no Conte\u00fado Program\u00e1tico (Anexo I).<\/p>\n\n\n\n<figure class=\"wp-block-table is-style-stripes\"><table class=\"has-fixed-layout\"><tbody><tr><th class=\"has-text-align-center\" data-align=\"center\">Disciplina<\/th><th class=\"has-text-align-center\" data-align=\"center\">N\u00famero de Quest\u00f5es<\/th><th class=\"has-text-align-center\" data-align=\"center\">Car\u00e1ter<\/th><\/tr><tr><td class=\"has-text-align-center\" data-align=\"center\">L\u00edngua Portuguesa<\/td><td class=\"has-text-align-center\" data-align=\"center\">20<\/td><td class=\"has-text-align-center\" data-align=\"center\">Eliminat\u00f3rio e Classificat\u00f3rio<\/td><\/tr><tr><td class=\"has-text-align-center\" data-align=\"center\">Matem\u00e1tica<\/td><td class=\"has-text-align-center\" data-align=\"center\">15<\/td><td class=\"has-text-align-center\" data-align=\"center\">Eliminat\u00f3rio e Classificat\u00f3rio<\/td><\/tr><tr><td class=\"has-text-align-center\" data-align=\"center\">Legisla\u00e7\u00e3o<\/td><td class=\"has-text-align-center\" data-align=\"center\">05<\/td><td class=\"has-text-align-center\" data-align=\"center\">Eliminat\u00f3rio e Classificat\u00f3rio<\/td><\/tr><tr><td class=\"has-text-align-center\" data-align=\"center\">Hist\u00f3ria<\/td><td class=\"has-text-align-center\" data-align=\"center\">05<\/td><td class=\"has-text-align-center\" data-align=\"center\">Eliminat\u00f3rio e Classificat\u00f3rio<\/td><\/tr><tr><td class=\"has-text-align-center\" data-align=\"center\">Geografia<\/td><td class=\"has-text-align-center\" data-align=\"center\">05<\/td><td class=\"has-text-align-center\" data-align=\"center\">Eliminat\u00f3rio e Classificat\u00f3rio<\/td><\/tr><tr><td class=\"has-text-align-center\" data-align=\"center\">No\u00e7\u00f5es de Inform\u00e1tica<\/td><td class=\"has-text-align-center\" data-align=\"center\">10<\/td><td class=\"has-text-align-center\" data-align=\"center\">Eliminat\u00f3rio e Classificat\u00f3rio<\/td><\/tr><\/tbody><\/table><\/figure>\n\n\n\n<p><\/p>\n\n\n\n<p class=\"has-text-align-center has-luminous-vivid-amber-background-color has-background has-medium-font-size\"><a href=\"https:\/\/www.estrategiaconcursos.com.br\/blog\/concurso-mp-sp\/\"><strong>Confira mais em: concurso MP SP <\/strong><\/a><\/p>\n\n\n\n<h2 class=\"wp-block-heading has-text-align-center\" id=\"h-quer-saber-tudo-sobre-concursos-previstos-confira-nossos-artigos\">Quer saber tudo sobre concursos previstos?<br \/>Confira nossos artigos!<\/h2>\n\n\n\n<ul class=\"wp-block-list\">\n<li><a href=\"https:\/\/www.estrategiaconcursos.com.br\/blog\/concursos-abertos\/\" target=\"_blank\" rel=\"noreferrer noopener\">Concursos abertos<\/a><\/li>\n\n\n\n<li><a href=\"https:\/\/www.estrategiaconcursos.com.br\/blog\/concursos-mp\/\">Concursos MP<\/a><\/li>\n\n\n\n<li><a href=\"https:\/\/www.estrategiaconcursos.com.br\/blog\/concursos-2026\/\">Concursos 2026<\/a><\/li>\n<\/ul>\n\n\n\n<h2 class=\"wp-block-heading has-text-align-center\" id=\"cursos\"><em>Quer estudar para Concurso MP SP?<\/em><\/h2>\n\n\n\n<p class=\"has-text-align-center\"><em><strong>Gostou desta oportunidade e deseja come\u00e7ar se preparar agora mesmo para o concurso MP SP? Confira os nossos cursos e comece a estudar<\/strong><\/em>:<\/p>\n\n\n\n<div class=\"container\" id=\"boxes\">\n  <div class=\"row\">\n\n    <div class=\"col-sm\">\n      <div class=\"banner-tribunal\" id=\"box-assinatura\">\n        <h3 class=\"titulo-assinatura\">Cursos para MP SP<\/h3>\n        <p class=\"subtitulo-assinatura\">Conhe\u00e7a os cursos<\/p>\n        <div class=\"box-botao\">\n          <a class=\"btn-assinatura\" target=\"_blank\" href=\"https:\/\/www.estrategiaconcursos.com.br\/cursosPorConcurso\/ministerio-publico-de-sao-paulo-mp-sp\/\" role=\"button\" rel=\"noopener noreferrer\">Conhe\u00e7a mais<\/a>\n        <\/div>\n      <\/div>\n      <p class=\"texto-auxiliar\">Prepare-se com o melhor material e com quem mais aprova em Concursos P\u00fablicos em todo o pa\u00eds.<\/p>\n    <\/div>\n\n  <\/div>\n<\/div>\n\n\n\n<div class=\"container\" id=\"boxes\">\n  <div class=\"row\">\n\n    <div class=\"col-sm\">\n      <div class=\"estrategia\" id=\"box-assinatura\">\n        <h3 class=\"titulo-assinatura\">Assinatura Concursos<\/h3>\n        <p class=\"subtitulo-assinatura\">Assinatura de 1 ano ou 2 anos<\/p>\n        <div class=\"box-botao\">\n          <a class=\"btn-assinatura\" target=\"_blank\" href=\"https:\/\/www.estrategiaconcursos.com.br\/assinaturas\/\" role=\"button\" rel=\"noopener noreferrer\">ASSINE AGORA<\/a>\n        <\/div>\n      <\/div>\n     \n    <\/div><\/div><\/div>\n","protected":false},"excerpt":{"rendered":"<p>Foi publicado o novo edital do Minist\u00e9rio P\u00fablico de Estado de S\u00e3o Paulo, que oferece vagas em cadastro de reserva para o cargo de Auxiliar de Promotoria I, \u00e1rea Administrativa. As oportunidades s\u00e3o de n\u00edvel fundamental e o sal\u00e1rio inicial \u00e9 de R$ 3.784,45, al\u00e9m de benef\u00edcios. As inscri\u00e7\u00f5es poder\u00e3o ser realizadas no per\u00edodo de [&hellip;]<\/p>\n","protected":false},"author":657,"featured_media":1149607,"comment_status":"open","ping_status":"closed","sticky":false,"template":"","format":"standard","meta":{"post_tipo":"news","footnotes":""},"categories":[1,222238,220219],"tags":[],"tax_estado":[219989],"class_list":["post-1681627","post","type-post","status-publish","format-standard","has-post-thumbnail","hentry","category-cursos-e-concursos","category-ministerio-publico","category-noticias","tax_estado-sp"],"acf":[],"yoast_head":"<!-- This site is optimized with the Yoast SEO Premium plugin v27.2 (Yoast SEO v27.2) - https:\/\/yoast.com\/product\/yoast-seo-premium-wordpress\/ -->\n<title>Prazo entre edital e a prova do concurso MP SP Auxiliar: saiba como se beneficiar!<\/title>\n<meta name=\"description\" content=\"Prazo entre edital e a prova do concurso MP SP Auxiliar: saiba como se beneficiar! Confira o cronograma completo!\" \/>\n<meta name=\"robots\" content=\"index, follow, max-snippet:-1, max-image-preview:large, max-video-preview:-1\" \/>\n<link rel=\"canonical\" href=\"https:\/\/www.estrategiaconcursos.com.br\/blog\/concurso-mp-sp-auxiliar-2025-prazo-entre-edital-e-a-prova\/\" \/>\n<meta property=\"og:locale\" content=\"pt_BR\" \/>\n<meta property=\"og:type\" content=\"article\" \/>\n<meta property=\"og:title\" content=\"Prazo entre edital e a prova do concurso MP SP Auxiliar: saiba como se beneficiar!\" \/>\n<meta property=\"og:description\" content=\"Prazo entre edital e a prova do concurso MP SP Auxiliar: saiba como se beneficiar! Confira o cronograma completo!\" \/>\n<meta property=\"og:url\" content=\"https:\/\/www.estrategiaconcursos.com.br\/blog\/concurso-mp-sp-auxiliar-2025-prazo-entre-edital-e-a-prova\/\" \/>\n<meta property=\"og:site_name\" content=\"Estrat\u00e9gia Concursos\" \/>\n<meta property=\"article:published_time\" content=\"2025-12-08T16:39:01+00:00\" \/>\n<meta property=\"article:modified_time\" content=\"2025-12-08T16:39:03+00:00\" \/>\n<meta property=\"og:image\" content=\"https:\/\/dhg1h5j42swfq.cloudfront.net\/2023\/01\/09145849\/mp_sp-1.jpg\" \/>\n\t<meta property=\"og:image:width\" content=\"768\" \/>\n\t<meta property=\"og:image:height\" content=\"432\" \/>\n\t<meta property=\"og:image:type\" content=\"image\/jpeg\" \/>\n<meta name=\"author\" content=\"Nat\u00e1lia Scarano\" \/>\n<meta name=\"twitter:card\" content=\"summary_large_image\" \/>\n<meta name=\"twitter:creator\" content=\"@EstratConcursos\" \/>\n<meta name=\"twitter:site\" content=\"@EstratConcursos\" \/>\n<meta name=\"twitter:label1\" content=\"Escrito por\" \/>\n\t<meta name=\"twitter:data1\" content=\"Nat\u00e1lia Scarano\" \/>\n\t<meta name=\"twitter:label2\" content=\"Est. tempo de leitura\" \/>\n\t<meta name=\"twitter:data2\" content=\"2 minutos\" \/>\n<script type=\"application\/ld+json\" class=\"yoast-schema-graph\">{\"@context\":\"https:\/\/schema.org\",\"@graph\":[{\"@type\":\"NewsArticle\",\"@id\":\"https:\/\/www.estrategiaconcursos.com.br\/blog\/concurso-mp-sp-auxiliar-2025-prazo-entre-edital-e-a-prova\/#article\",\"isPartOf\":{\"@id\":\"https:\/\/www.estrategiaconcursos.com.br\/blog\/concurso-mp-sp-auxiliar-2025-prazo-entre-edital-e-a-prova\/\"},\"author\":{\"name\":\"Nat\u00e1lia Scarano\",\"@id\":\"https:\/\/www.estrategiaconcursos.com.br\/blog\/#\/schema\/person\/751aedf909a9d10cb23ce6ac527ce0f2\"},\"headline\":\"Prazo entre edital e a prova do concurso MP SP Auxiliar: saiba como se beneficiar!\",\"datePublished\":\"2025-12-08T16:39:01+00:00\",\"dateModified\":\"2025-12-08T16:39:03+00:00\",\"mainEntityOfPage\":{\"@id\":\"https:\/\/www.estrategiaconcursos.com.br\/blog\/concurso-mp-sp-auxiliar-2025-prazo-entre-edital-e-a-prova\/\"},\"wordCount\":400,\"commentCount\":0,\"publisher\":{\"@id\":\"https:\/\/www.estrategiaconcursos.com.br\/blog\/#organization\"},\"image\":{\"@id\":\"https:\/\/www.estrategiaconcursos.com.br\/blog\/concurso-mp-sp-auxiliar-2025-prazo-entre-edital-e-a-prova\/#primaryimage\"},\"thumbnailUrl\":\"https:\/\/dhg1h5j42swfq.cloudfront.net\/2023\/01\/09145849\/mp_sp-1.jpg\",\"articleSection\":[\"Concursos P\u00fablicos\",\"Minist\u00e9rio P\u00fablico\",\"\u00daltimas not\u00edcias\"],\"inLanguage\":\"pt-BR\",\"potentialAction\":[{\"@type\":\"CommentAction\",\"name\":\"Comment\",\"target\":[\"https:\/\/www.estrategiaconcursos.com.br\/blog\/concurso-mp-sp-auxiliar-2025-prazo-entre-edital-e-a-prova\/#respond\"]}],\"copyrightYear\":\"2025\",\"copyrightHolder\":{\"@id\":\"https:\/\/www.estrategiaconcursos.com.br\/blog\/#organization\"}},{\"@type\":\"WebPage\",\"@id\":\"https:\/\/www.estrategiaconcursos.com.br\/blog\/concurso-mp-sp-auxiliar-2025-prazo-entre-edital-e-a-prova\/\",\"url\":\"https:\/\/www.estrategiaconcursos.com.br\/blog\/concurso-mp-sp-auxiliar-2025-prazo-entre-edital-e-a-prova\/\",\"name\":\"Prazo entre edital e a prova do concurso MP SP Auxiliar: saiba como se beneficiar!\",\"isPartOf\":{\"@id\":\"https:\/\/www.estrategiaconcursos.com.br\/blog\/#website\"},\"primaryImageOfPage\":{\"@id\":\"https:\/\/www.estrategiaconcursos.com.br\/blog\/concurso-mp-sp-auxiliar-2025-prazo-entre-edital-e-a-prova\/#primaryimage\"},\"image\":{\"@id\":\"https:\/\/www.estrategiaconcursos.com.br\/blog\/concurso-mp-sp-auxiliar-2025-prazo-entre-edital-e-a-prova\/#primaryimage\"},\"thumbnailUrl\":\"https:\/\/dhg1h5j42swfq.cloudfront.net\/2023\/01\/09145849\/mp_sp-1.jpg\",\"datePublished\":\"2025-12-08T16:39:01+00:00\",\"dateModified\":\"2025-12-08T16:39:03+00:00\",\"description\":\"Prazo entre edital e a prova do concurso MP SP Auxiliar: saiba como se beneficiar! Confira o cronograma completo!\",\"breadcrumb\":{\"@id\":\"https:\/\/www.estrategiaconcursos.com.br\/blog\/concurso-mp-sp-auxiliar-2025-prazo-entre-edital-e-a-prova\/#breadcrumb\"},\"inLanguage\":\"pt-BR\",\"potentialAction\":[{\"@type\":\"ReadAction\",\"target\":[\"https:\/\/www.estrategiaconcursos.com.br\/blog\/concurso-mp-sp-auxiliar-2025-prazo-entre-edital-e-a-prova\/\"]}]},{\"@type\":\"ImageObject\",\"inLanguage\":\"pt-BR\",\"@id\":\"https:\/\/www.estrategiaconcursos.com.br\/blog\/concurso-mp-sp-auxiliar-2025-prazo-entre-edital-e-a-prova\/#primaryimage\",\"url\":\"https:\/\/dhg1h5j42swfq.cloudfront.net\/2023\/01\/09145849\/mp_sp-1.jpg\",\"contentUrl\":\"https:\/\/dhg1h5j42swfq.cloudfront.net\/2023\/01\/09145849\/mp_sp-1.jpg\",\"width\":768,\"height\":432,\"caption\":\"prazo concurso MP SP Auxiliar\"},{\"@type\":\"BreadcrumbList\",\"@id\":\"https:\/\/www.estrategiaconcursos.com.br\/blog\/concurso-mp-sp-auxiliar-2025-prazo-entre-edital-e-a-prova\/#breadcrumb\",\"itemListElement\":[{\"@type\":\"ListItem\",\"position\":1,\"name\":\"In\u00edcio\",\"item\":\"https:\/\/www.estrategiaconcursos.com.br\/blog\/\"},{\"@type\":\"ListItem\",\"position\":2,\"name\":\"Prazo entre edital e a prova do concurso MP SP Auxiliar: saiba como se beneficiar!\"}]},{\"@type\":\"WebSite\",\"@id\":\"https:\/\/www.estrategiaconcursos.com.br\/blog\/#website\",\"url\":\"https:\/\/www.estrategiaconcursos.com.br\/blog\/\",\"name\":\"Estrat\u00e9gia Concursos\",\"description\":\"O blog da Estrat\u00e9gia Concursos traz not\u00edcias sobre concursos e artigos de professores oferecendo cursos para concursos (pdf + videaulas) no site.\",\"publisher\":{\"@id\":\"https:\/\/www.estrategiaconcursos.com.br\/blog\/#organization\"},\"potentialAction\":[{\"@type\":\"SearchAction\",\"target\":{\"@type\":\"EntryPoint\",\"urlTemplate\":\"https:\/\/www.estrategiaconcursos.com.br\/blog\/?s={search_term_string}\"},\"query-input\":{\"@type\":\"PropertyValueSpecification\",\"valueRequired\":true,\"valueName\":\"search_term_string\"}}],\"inLanguage\":\"pt-BR\"},{\"@type\":\"Organization\",\"@id\":\"https:\/\/www.estrategiaconcursos.com.br\/blog\/#organization\",\"name\":\"Estrat\u00e9gia Concursos\",\"url\":\"https:\/\/www.estrategiaconcursos.com.br\/blog\/\",\"logo\":{\"@type\":\"ImageObject\",\"inLanguage\":\"pt-BR\",\"@id\":\"https:\/\/www.estrategiaconcursos.com.br\/blog\/#\/schema\/logo\/image\/\",\"url\":\"https:\/\/dhg1h5j42swfq.cloudfront.net\/2025\/06\/03203428\/logo_concursos-1.jpg\",\"contentUrl\":\"https:\/\/dhg1h5j42swfq.cloudfront.net\/2025\/06\/03203428\/logo_concursos-1.jpg\",\"width\":230,\"height\":60,\"caption\":\"Estrat\u00e9gia Concursos\"},\"image\":{\"@id\":\"https:\/\/www.estrategiaconcursos.com.br\/blog\/#\/schema\/logo\/image\/\"},\"sameAs\":[\"https:\/\/x.com\/EstratConcursos\"]},{\"@type\":\"Person\",\"@id\":\"https:\/\/www.estrategiaconcursos.com.br\/blog\/#\/schema\/person\/751aedf909a9d10cb23ce6ac527ce0f2\",\"name\":\"Nat\u00e1lia Scarano\",\"image\":{\"@type\":\"ImageObject\",\"inLanguage\":\"pt-BR\",\"@id\":\"https:\/\/secure.gravatar.com\/avatar\/8a889b8db3dbd227a1a78627357ec8fe64f5e99189d1889a270127828ab372ac?s=96&d=mm&r=g\",\"url\":\"https:\/\/secure.gravatar.com\/avatar\/8a889b8db3dbd227a1a78627357ec8fe64f5e99189d1889a270127828ab372ac?s=96&d=mm&r=g\",\"contentUrl\":\"https:\/\/secure.gravatar.com\/avatar\/8a889b8db3dbd227a1a78627357ec8fe64f5e99189d1889a270127828ab372ac?s=96&d=mm&r=g\",\"caption\":\"Nat\u00e1lia Scarano\"},\"description\":\"Jornalista, formada e p\u00f3s graduada pelo IESB, faz parte do time de jornalistas do Estrat\u00e9gia desde 2017. Possui familiaridade com as \u00e1reas de Tribunais, Defensorias, Procuradorias, Minist\u00e9rios P\u00fablicos, Conselhos, Educa\u00e7\u00e3o, \u00c1rea de Seguran\u00e7a, concursos de Carreiras Jur\u00eddicas e OAB. Experi\u00eancia em marketing digital, assessoria de comunica\u00e7\u00e3o e institucional na \u00e1rea privada e p\u00fablica, com atua\u00e7\u00e3o em \u00f3rg\u00e3os como CGU, Cofen e CNM.\",\"url\":\"https:\/\/www.estrategiaconcursos.com.br\/blog\/author\/natalia-scaranoestrategiaconcursos-com-br\/\"}]}<\/script>\n<!-- \/ Yoast SEO Premium plugin. -->","yoast_head_json":{"title":"Prazo entre edital e a prova do concurso MP SP Auxiliar: saiba como se beneficiar!","description":"Prazo entre edital e a prova do concurso MP SP Auxiliar: saiba como se beneficiar! Confira o cronograma completo!","robots":{"index":"index","follow":"follow","max-snippet":"max-snippet:-1","max-image-preview":"max-image-preview:large","max-video-preview":"max-video-preview:-1"},"canonical":"https:\/\/www.estrategiaconcursos.com.br\/blog\/concurso-mp-sp-auxiliar-2025-prazo-entre-edital-e-a-prova\/","og_locale":"pt_BR","og_type":"article","og_title":"Prazo entre edital e a prova do concurso MP SP Auxiliar: saiba como se beneficiar!","og_description":"Prazo entre edital e a prova do concurso MP SP Auxiliar: saiba como se beneficiar! Confira o cronograma completo!","og_url":"https:\/\/www.estrategiaconcursos.com.br\/blog\/concurso-mp-sp-auxiliar-2025-prazo-entre-edital-e-a-prova\/","og_site_name":"Estrat\u00e9gia Concursos","article_published_time":"2025-12-08T16:39:01+00:00","article_modified_time":"2025-12-08T16:39:03+00:00","og_image":[{"width":768,"height":432,"url":"https:\/\/dhg1h5j42swfq.cloudfront.net\/2023\/01\/09145849\/mp_sp-1.jpg","type":"image\/jpeg"}],"author":"Nat\u00e1lia Scarano","twitter_card":"summary_large_image","twitter_creator":"@EstratConcursos","twitter_site":"@EstratConcursos","twitter_misc":{"Escrito por":"Nat\u00e1lia Scarano","Est. tempo de leitura":"2 minutos"},"schema":{"@context":"https:\/\/schema.org","@graph":[{"@type":"NewsArticle","@id":"https:\/\/www.estrategiaconcursos.com.br\/blog\/concurso-mp-sp-auxiliar-2025-prazo-entre-edital-e-a-prova\/#article","isPartOf":{"@id":"https:\/\/www.estrategiaconcursos.com.br\/blog\/concurso-mp-sp-auxiliar-2025-prazo-entre-edital-e-a-prova\/"},"author":{"name":"Nat\u00e1lia Scarano","@id":"https:\/\/www.estrategiaconcursos.com.br\/blog\/#\/schema\/person\/751aedf909a9d10cb23ce6ac527ce0f2"},"headline":"Prazo entre edital e a prova do concurso MP SP Auxiliar: saiba como se beneficiar!","datePublished":"2025-12-08T16:39:01+00:00","dateModified":"2025-12-08T16:39:03+00:00","mainEntityOfPage":{"@id":"https:\/\/www.estrategiaconcursos.com.br\/blog\/concurso-mp-sp-auxiliar-2025-prazo-entre-edital-e-a-prova\/"},"wordCount":400,"commentCount":0,"publisher":{"@id":"https:\/\/www.estrategiaconcursos.com.br\/blog\/#organization"},"image":{"@id":"https:\/\/www.estrategiaconcursos.com.br\/blog\/concurso-mp-sp-auxiliar-2025-prazo-entre-edital-e-a-prova\/#primaryimage"},"thumbnailUrl":"https:\/\/dhg1h5j42swfq.cloudfront.net\/2023\/01\/09145849\/mp_sp-1.jpg","articleSection":["Concursos P\u00fablicos","Minist\u00e9rio P\u00fablico","\u00daltimas not\u00edcias"],"inLanguage":"pt-BR","potentialAction":[{"@type":"CommentAction","name":"Comment","target":["https:\/\/www.estrategiaconcursos.com.br\/blog\/concurso-mp-sp-auxiliar-2025-prazo-entre-edital-e-a-prova\/#respond"]}],"copyrightYear":"2025","copyrightHolder":{"@id":"https:\/\/www.estrategiaconcursos.com.br\/blog\/#organization"}},{"@type":"WebPage","@id":"https:\/\/www.estrategiaconcursos.com.br\/blog\/concurso-mp-sp-auxiliar-2025-prazo-entre-edital-e-a-prova\/","url":"https:\/\/www.estrategiaconcursos.com.br\/blog\/concurso-mp-sp-auxiliar-2025-prazo-entre-edital-e-a-prova\/","name":"Prazo entre edital e a prova do concurso MP SP Auxiliar: saiba como se beneficiar!","isPartOf":{"@id":"https:\/\/www.estrategiaconcursos.com.br\/blog\/#website"},"primaryImageOfPage":{"@id":"https:\/\/www.estrategiaconcursos.com.br\/blog\/concurso-mp-sp-auxiliar-2025-prazo-entre-edital-e-a-prova\/#primaryimage"},"image":{"@id":"https:\/\/www.estrategiaconcursos.com.br\/blog\/concurso-mp-sp-auxiliar-2025-prazo-entre-edital-e-a-prova\/#primaryimage"},"thumbnailUrl":"https:\/\/dhg1h5j42swfq.cloudfront.net\/2023\/01\/09145849\/mp_sp-1.jpg","datePublished":"2025-12-08T16:39:01+00:00","dateModified":"2025-12-08T16:39:03+00:00","description":"Prazo entre edital e a prova do concurso MP SP Auxiliar: saiba como se beneficiar! Confira o cronograma completo!","breadcrumb":{"@id":"https:\/\/www.estrategiaconcursos.com.br\/blog\/concurso-mp-sp-auxiliar-2025-prazo-entre-edital-e-a-prova\/#breadcrumb"},"inLanguage":"pt-BR","potentialAction":[{"@type":"ReadAction","target":["https:\/\/www.estrategiaconcursos.com.br\/blog\/concurso-mp-sp-auxiliar-2025-prazo-entre-edital-e-a-prova\/"]}]},{"@type":"ImageObject","inLanguage":"pt-BR","@id":"https:\/\/www.estrategiaconcursos.com.br\/blog\/concurso-mp-sp-auxiliar-2025-prazo-entre-edital-e-a-prova\/#primaryimage","url":"https:\/\/dhg1h5j42swfq.cloudfront.net\/2023\/01\/09145849\/mp_sp-1.jpg","contentUrl":"https:\/\/dhg1h5j42swfq.cloudfront.net\/2023\/01\/09145849\/mp_sp-1.jpg","width":768,"height":432,"caption":"prazo concurso MP SP Auxiliar"},{"@type":"BreadcrumbList","@id":"https:\/\/www.estrategiaconcursos.com.br\/blog\/concurso-mp-sp-auxiliar-2025-prazo-entre-edital-e-a-prova\/#breadcrumb","itemListElement":[{"@type":"ListItem","position":1,"name":"In\u00edcio","item":"https:\/\/www.estrategiaconcursos.com.br\/blog\/"},{"@type":"ListItem","position":2,"name":"Prazo entre edital e a prova do concurso MP SP Auxiliar: saiba como se beneficiar!"}]},{"@type":"WebSite","@id":"https:\/\/www.estrategiaconcursos.com.br\/blog\/#website","url":"https:\/\/www.estrategiaconcursos.com.br\/blog\/","name":"Estrat\u00e9gia Concursos","description":"O blog da Estrat\u00e9gia Concursos traz not\u00edcias sobre concursos e artigos de professores oferecendo cursos para concursos (pdf + videaulas) no site.","publisher":{"@id":"https:\/\/www.estrategiaconcursos.com.br\/blog\/#organization"},"potentialAction":[{"@type":"SearchAction","target":{"@type":"EntryPoint","urlTemplate":"https:\/\/www.estrategiaconcursos.com.br\/blog\/?s={search_term_string}"},"query-input":{"@type":"PropertyValueSpecification","valueRequired":true,"valueName":"search_term_string"}}],"inLanguage":"pt-BR"},{"@type":"Organization","@id":"https:\/\/www.estrategiaconcursos.com.br\/blog\/#organization","name":"Estrat\u00e9gia Concursos","url":"https:\/\/www.estrategiaconcursos.com.br\/blog\/","logo":{"@type":"ImageObject","inLanguage":"pt-BR","@id":"https:\/\/www.estrategiaconcursos.com.br\/blog\/#\/schema\/logo\/image\/","url":"https:\/\/dhg1h5j42swfq.cloudfront.net\/2025\/06\/03203428\/logo_concursos-1.jpg","contentUrl":"https:\/\/dhg1h5j42swfq.cloudfront.net\/2025\/06\/03203428\/logo_concursos-1.jpg","width":230,"height":60,"caption":"Estrat\u00e9gia Concursos"},"image":{"@id":"https:\/\/www.estrategiaconcursos.com.br\/blog\/#\/schema\/logo\/image\/"},"sameAs":["https:\/\/x.com\/EstratConcursos"]},{"@type":"Person","@id":"https:\/\/www.estrategiaconcursos.com.br\/blog\/#\/schema\/person\/751aedf909a9d10cb23ce6ac527ce0f2","name":"Nat\u00e1lia Scarano","image":{"@type":"ImageObject","inLanguage":"pt-BR","@id":"https:\/\/secure.gravatar.com\/avatar\/8a889b8db3dbd227a1a78627357ec8fe64f5e99189d1889a270127828ab372ac?s=96&d=mm&r=g","url":"https:\/\/secure.gravatar.com\/avatar\/8a889b8db3dbd227a1a78627357ec8fe64f5e99189d1889a270127828ab372ac?s=96&d=mm&r=g","contentUrl":"https:\/\/secure.gravatar.com\/avatar\/8a889b8db3dbd227a1a78627357ec8fe64f5e99189d1889a270127828ab372ac?s=96&d=mm&r=g","caption":"Nat\u00e1lia Scarano"},"description":"Jornalista, formada e p\u00f3s graduada pelo IESB, faz parte do time de jornalistas do Estrat\u00e9gia desde 2017. Possui familiaridade com as \u00e1reas de Tribunais, Defensorias, Procuradorias, Minist\u00e9rios P\u00fablicos, Conselhos, Educa\u00e7\u00e3o, \u00c1rea de Seguran\u00e7a, concursos de Carreiras Jur\u00eddicas e OAB. Experi\u00eancia em marketing digital, assessoria de comunica\u00e7\u00e3o e institucional na \u00e1rea privada e p\u00fablica, com atua\u00e7\u00e3o em \u00f3rg\u00e3os como CGU, Cofen e CNM.","url":"https:\/\/www.estrategiaconcursos.com.br\/blog\/author\/natalia-scaranoestrategiaconcursos-com-br\/"}]}},"_links":{"self":[{"href":"https:\/\/www.estrategiaconcursos.com.br\/blog\/wp-json\/wp\/v2\/posts\/1681627","targetHints":{"allow":["GET"]}}],"collection":[{"href":"https:\/\/www.estrategiaconcursos.com.br\/blog\/wp-json\/wp\/v2\/posts"}],"about":[{"href":"https:\/\/www.estrategiaconcursos.com.br\/blog\/wp-json\/wp\/v2\/types\/post"}],"author":[{"embeddable":true,"href":"https:\/\/www.estrategiaconcursos.com.br\/blog\/wp-json\/wp\/v2\/users\/657"}],"replies":[{"embeddable":true,"href":"https:\/\/www.estrategiaconcursos.com.br\/blog\/wp-json\/wp\/v2\/comments?post=1681627"}],"version-history":[{"count":3,"href":"https:\/\/www.estrategiaconcursos.com.br\/blog\/wp-json\/wp\/v2\/posts\/1681627\/revisions"}],"predecessor-version":[{"id":1681634,"href":"https:\/\/www.estrategiaconcursos.com.br\/blog\/wp-json\/wp\/v2\/posts\/1681627\/revisions\/1681634"}],"wp:featuredmedia":[{"embeddable":true,"href":"https:\/\/www.estrategiaconcursos.com.br\/blog\/wp-json\/wp\/v2\/media\/1149607"}],"wp:attachment":[{"href":"https:\/\/www.estrategiaconcursos.com.br\/blog\/wp-json\/wp\/v2\/media?parent=1681627"}],"wp:term":[{"taxonomy":"category","embeddable":true,"href":"https:\/\/www.estrategiaconcursos.com.br\/blog\/wp-json\/wp\/v2\/categories?post=1681627"},{"taxonomy":"post_tag","embeddable":true,"href":"https:\/\/www.estrategiaconcursos.com.br\/blog\/wp-json\/wp\/v2\/tags?post=1681627"},{"taxonomy":"tax_estado","embeddable":true,"href":"https:\/\/www.estrategiaconcursos.com.br\/blog\/wp-json\/wp\/v2\/tax_estado?post=1681627"}],"curies":[{"name":"wp","href":"https:\/\/api.w.org\/{rel}","templated":true}]}}