{"id":1681394,"date":"2025-12-08T09:15:34","date_gmt":"2025-12-08T12:15:34","guid":{"rendered":"https:\/\/www.estrategiaconcursos.com.br\/blog\/?p=1681394"},"modified":"2025-12-08T09:16:07","modified_gmt":"2025-12-08T12:16:07","slug":"cnu-2025-abstencao-das-provas","status":"publish","type":"post","link":"https:\/\/www.estrategiaconcursos.com.br\/blog\/cnu-2025-abstencao-das-provas\/","title":{"rendered":"CNU 2025: provas discursivas t\u00eam 20% de absten\u00e7\u00e3o!"},"content":{"rendered":"\n<p class=\"has-medium-font-size\"><em><strong>Governo projeta mais de 22 mil contrata\u00e7\u00f5es at\u00e9 2026!<\/strong><\/em><\/p>\n\n\n\n<p>A segunda fase do Concurso Nacional Unificado (CNU 2025), composta por <strong>provas discursivas<\/strong>, foi realizada no \u00faltimo domingo, 7 de dezembro. Ao todo, o MGI confirmou a ocorr\u00eancia de <strong>20% de absten\u00e7\u00e3o.<\/strong><\/p>\n\n\n\n<p>Isso quer dizer que, dos mais de 42 mil candidatos convocados para a etapa, <strong>cerca de 20% n\u00e3o compareceram \u00e0s provas. <\/strong><\/p>\n\n\n\n<p>Esse \u00edndice j\u00e1 era esperado pelo Minist\u00e9rio da Gest\u00e3o e da Inova\u00e7\u00e3o e<strong> ainda foi menor que o registrado na primeira fase, que chegou a quase 40% de absten\u00e7\u00e3o. <\/strong><\/p>\n\n\n\n<p>Al\u00e9m disso, segundo o governo, as avalia\u00e7\u00f5es ocorreram sem quaisquer problemas, \u201ccom tranquilidade, fruto de planejamento e integra\u00e7\u00e3o de seguran\u00e7a\u201d, afirmou a ministra do MGI.<\/p>\n\n\n\n<p>Confira logo abaixo os dados por estado referentes a segunda etapa do CNU 2025:<\/p>\n\n\n\n<figure class=\"wp-block-table is-style-stripes\"><table class=\"has-fixed-layout\"><thead><tr><th class=\"has-text-align-center\" data-align=\"center\">Estado<\/th><th class=\"has-text-align-center\" data-align=\"center\">Candidatos<\/th><th class=\"has-text-align-center\" data-align=\"center\">Ausentes<\/th><th class=\"has-text-align-center\" data-align=\"center\">% de Absten\u00e7\u00e3o<\/th><\/tr><\/thead><tbody><tr><td class=\"has-text-align-center\" data-align=\"center\">SP<\/td><td class=\"has-text-align-center\" data-align=\"center\">4.043<\/td><td class=\"has-text-align-center\" data-align=\"center\">989<\/td><td class=\"has-text-align-center\" data-align=\"center\">24%<\/td><\/tr><tr><td class=\"has-text-align-center\" data-align=\"center\">RJ<\/td><td class=\"has-text-align-center\" data-align=\"center\">6.655<\/td><td class=\"has-text-align-center\" data-align=\"center\">1.401<\/td><td class=\"has-text-align-center\" data-align=\"center\">21%<\/td><\/tr><tr><td class=\"has-text-align-center\" data-align=\"center\">DF<\/td><td class=\"has-text-align-center\" data-align=\"center\">8.235<\/td><td class=\"has-text-align-center\" data-align=\"center\">1.253<\/td><td class=\"has-text-align-center\" data-align=\"center\">15%<\/td><\/tr><tr><td class=\"has-text-align-center\" data-align=\"center\">BA<\/td><td class=\"has-text-align-center\" data-align=\"center\">3.309<\/td><td class=\"has-text-align-center\" data-align=\"center\">594<\/td><td class=\"has-text-align-center\" data-align=\"center\">18%<\/td><\/tr><tr><td class=\"has-text-align-center\" data-align=\"center\">MG<\/td><td class=\"has-text-align-center\" data-align=\"center\">3.601<\/td><td class=\"has-text-align-center\" data-align=\"center\">723<\/td><td class=\"has-text-align-center\" data-align=\"center\">20%<\/td><\/tr><tr><td class=\"has-text-align-center\" data-align=\"center\">PA<\/td><td class=\"has-text-align-center\" data-align=\"center\">1.339<\/td><td class=\"has-text-align-center\" data-align=\"center\">272<\/td><td class=\"has-text-align-center\" data-align=\"center\">20%<\/td><\/tr><tr><td class=\"has-text-align-center\" data-align=\"center\">CE<\/td><td class=\"has-text-align-center\" data-align=\"center\">1.549<\/td><td class=\"has-text-align-center\" data-align=\"center\">317<\/td><td class=\"has-text-align-center\" data-align=\"center\">20%<\/td><\/tr><tr><td class=\"has-text-align-center\" data-align=\"center\">RS<\/td><td class=\"has-text-align-center\" data-align=\"center\">1.012<\/td><td class=\"has-text-align-center\" data-align=\"center\">168<\/td><td class=\"has-text-align-center\" data-align=\"center\">17%<\/td><\/tr><tr><td class=\"has-text-align-center\" data-align=\"center\">PI<\/td><td class=\"has-text-align-center\" data-align=\"center\">803<\/td><td class=\"has-text-align-center\" data-align=\"center\">137<\/td><td class=\"has-text-align-center\" data-align=\"center\">17%<\/td><\/tr><tr><td class=\"has-text-align-center\" data-align=\"center\">SC<\/td><td class=\"has-text-align-center\" data-align=\"center\">678<\/td><td class=\"has-text-align-center\" data-align=\"center\">174<\/td><td class=\"has-text-align-center\" data-align=\"center\">26%<\/td><\/tr><tr><td class=\"has-text-align-center\" data-align=\"center\">AM<\/td><td class=\"has-text-align-center\" data-align=\"center\">518<\/td><td class=\"has-text-align-center\" data-align=\"center\">137<\/td><td class=\"has-text-align-center\" data-align=\"center\">26%<\/td><\/tr><tr><td class=\"has-text-align-center\" data-align=\"center\">RO<\/td><td class=\"has-text-align-center\" data-align=\"center\">304<\/td><td class=\"has-text-align-center\" data-align=\"center\">79<\/td><td class=\"has-text-align-center\" data-align=\"center\">26%<\/td><\/tr><tr><td class=\"has-text-align-center\" data-align=\"center\"><strong>Total<\/strong><\/td><td class=\"has-text-align-center\" data-align=\"center\"><strong>42.715<\/strong><\/td><td class=\"has-text-align-center\" data-align=\"center\"><strong>8.508<\/strong><\/td><td class=\"has-text-align-center\" data-align=\"center\"><strong>20%<\/strong><\/td><\/tr><\/tbody><\/table><figcaption class=\"wp-element-caption\">CNU 2025: absten\u00e7\u00e3o de 20% nas provas discursivas!<\/figcaption><\/figure>\n\n\n\n<p>E a boa not\u00edcia n\u00e3o para por a\u00ed: a ministra do <a href=\"https:\/\/www.gov.br\/gestao\/pt-br\/concursonacional\" target=\"_blank\" rel=\"noreferrer noopener\">MGI <\/a>confirmou que, somando chamadas do CNU 2024 e 2025, <strong>o governo projeta at\u00e9 22 mil contrata\u00e7\u00f5es no servi\u00e7o p\u00fablico at\u00e9 o pr\u00f3ximo ano. <\/strong><\/p>\n\n\n\n<p>Esse n\u00famero se refere tanto \u00e0s vagas imediatas quanto \u00e0s oportunidades de cadastro de reserva. Lembrando que nomea\u00e7\u00f5es de excedentes da primeira edi\u00e7\u00e3o j\u00e1 foram iniciadas. <\/p>\n\n\n\n<p><em>&#8220;O concurso p\u00fablico n\u00e3o \u00e9 apenas sele\u00e7\u00e3o, \u00e9 pol\u00edtica p\u00fablica. Ele reconstr\u00f3i o Estado com a cara do Brasil. Diversidade importa seja regional, racial, de g\u00eanero. <\/em><\/p>\n\n\n\n<p><em>Se n\u00e3o tiv\u00e9ssemos equipara\u00e7\u00e3o, ter\u00edamos 50% homens e 49% mulheres; com a pol\u00edtica, chegamos a 57% de mulheres. Isso mostra compromisso com inclus\u00e3o e renova\u00e7\u00e3o do servi\u00e7o p\u00fablico&#8221;,<\/em> afirmou a ministra.<\/p>\n\n\n\n<p>Ademais, as vagas do CNU 2025 s\u00e3o destinadas a\u00a0<strong>32 \u00f3rg\u00e3os<\/strong>, com 145 vagas na regi\u00e3o Norte, 173 no Nordeste, 820 no Sudeste, 58 no Sul e 1.012 no Centro-Oeste. <\/p>\n\n\n\n<p>As outras 1.444 permitem lota\u00e7\u00e3o em cidades diferentes, a depender da necessidade do \u00f3rg\u00e3o federal. J\u00e1 os sal\u00e1rios iniciais s\u00e3o bem atrativos, com valores de at\u00e9 R$ 16.413,35.<\/p>\n\n\n\n<p class=\"has-text-align-center\"><em>Para saber mais detalhes do CNU 2025, al\u00e9m da absten\u00e7\u00e3o registrada nas provas, acesse agora mesmo o artigo completo que preparamos para voc\u00ea:<\/em><\/p>\n\n\n\n<p class=\"has-text-align-center has-very-light-gray-to-cyan-bluish-gray-gradient-background has-background has-medium-font-size\"><strong>Saiba mais: <a href=\"https:\/\/www.estrategiaconcursos.com.br\/blog\/concurso-nacional-unificado\/\" target=\"_blank\" rel=\"noreferrer noopener\">CNU<\/a><\/strong><\/p>\n\n\n\n<hr class=\"wp-block-separator has-alpha-channel-opacity\"\/>\n\n\n\n<h2 class=\"wp-block-heading has-text-align-center\" id=\"h-siga-preparado-para-os-principais-concursos-publicos-do-pais-com-as-nossas-assinaturas-de-1-ou-2-anos\"><em>Siga preparado para os principais concursos p\u00fablicos do pa\u00eds com as nossas assinaturas de 1 ou 2 anos:<\/em><\/h2>\n\n\n\n<div class=\"container\" id=\"boxes\">\r\n  <div class=\"row\">\r\n\r\n    <div class=\"col-sm\">\r\n      <div class=\"estrategia\" id=\"box-assinatura\">\r\n        <h3 class=\"titulo-assinatura\">Assinatura Concursos<\/h3>\r\n        <p class=\"subtitulo-assinatura\">Assinatura de 1 ano ou 2 anos<\/p>\r\n        <div class=\"box-botao\">\r\n          <a class=\"btn-assinatura\" target=\"_blank\" href=\"https:\/\/www.estrategiaconcursos.com.br\/assinaturas\/\" role=\"button\" rel=\"noopener noreferrer\">ASSINE AGORA<\/a>\r\n        <\/div>\r\n      <\/div><\/div><\/div><\/div>\n\n\n\n<h2 class=\"wp-block-heading has-text-align-center\" id=\"h-quer-saber-tudo-sobre-concursos-previstos-confira-os-nossos-artigos\">Quer saber tudo sobre concursos previstos?<br \/>Confira os nossos artigos!<\/h2>\n\n\n\n<ul class=\"wp-block-list\">\n<li><a href=\"https:\/\/www.estrategiaconcursos.com.br\/blog\/concursos-abertos\/\" target=\"_blank\" rel=\"noreferrer noopener\">Concursos Abertos<\/a><\/li>\n\n\n\n<li><a href=\"https:\/\/www.estrategiaconcursos.com.br\/blog\/concursos-federais-2023\/\" target=\"_blank\" rel=\"noreferrer noopener\">Concursos Federais<\/a><\/li>\n\n\n\n<li><a href=\"https:\/\/www.estrategiaconcursos.com.br\/blog\/concursos-2026\/\" target=\"_blank\" rel=\"noreferrer noopener\">Concursos 2026<\/a><\/li>\n<\/ul>\n","protected":false},"excerpt":{"rendered":"<p>Governo projeta mais de 22 mil contrata\u00e7\u00f5es at\u00e9 2026! A segunda fase do Concurso Nacional Unificado (CNU 2025), composta por provas discursivas, foi realizada no \u00faltimo domingo, 7 de dezembro. Ao todo, o MGI confirmou a ocorr\u00eancia de 20% de absten\u00e7\u00e3o. Isso quer dizer que, dos mais de 42 mil candidatos convocados para a etapa, [&hellip;]<\/p>\n","protected":false},"author":656,"featured_media":1270513,"comment_status":"open","ping_status":"closed","sticky":false,"template":"","format":"standard","meta":{"post_tipo":"news","footnotes":""},"categories":[1,220219],"tags":[],"tax_estado":[219963],"class_list":["post-1681394","post","type-post","status-publish","format-standard","has-post-thumbnail","hentry","category-cursos-e-concursos","category-noticias","tax_estado-concursos-federais"],"acf":[],"yoast_head":"<!-- This site is optimized with the Yoast SEO Premium plugin v27.2 (Yoast SEO v27.2) - https:\/\/yoast.com\/product\/yoast-seo-premium-wordpress\/ -->\n<title>CNU 2025: provas discursivas t\u00eam 20% de absten\u00e7\u00e3o!<\/title>\n<meta name=\"description\" content=\"CNU 2025: absten\u00e7\u00e3o de 20% na segunda etapa do certame, de provas discursivas. Governo projeta mais de 22 mil contrata\u00e7\u00f5es at\u00e9 2026!\" \/>\n<meta name=\"robots\" content=\"index, follow, max-snippet:-1, max-image-preview:large, max-video-preview:-1\" \/>\n<link rel=\"canonical\" href=\"https:\/\/www.estrategiaconcursos.com.br\/blog\/cnu-2025-abstencao-das-provas\/\" \/>\n<meta property=\"og:locale\" content=\"pt_BR\" \/>\n<meta property=\"og:type\" content=\"article\" \/>\n<meta property=\"og:title\" content=\"CNU 2025: provas discursivas t\u00eam 20% de absten\u00e7\u00e3o!\" \/>\n<meta property=\"og:description\" content=\"CNU 2025: absten\u00e7\u00e3o de 20% na segunda etapa do certame, de provas discursivas. Governo projeta mais de 22 mil contrata\u00e7\u00f5es at\u00e9 2026!\" \/>\n<meta property=\"og:url\" content=\"https:\/\/www.estrategiaconcursos.com.br\/blog\/cnu-2025-abstencao-das-provas\/\" \/>\n<meta property=\"og:site_name\" content=\"Estrat\u00e9gia Concursos\" \/>\n<meta property=\"article:published_time\" content=\"2025-12-08T12:15:34+00:00\" \/>\n<meta property=\"article:modified_time\" content=\"2025-12-08T12:16:07+00:00\" \/>\n<meta property=\"og:image\" content=\"https:\/\/dhg1h5j42swfq.cloudfront.net\/2023\/08\/29075651\/concurso-nacional-unificado.jpg\" \/>\n\t<meta property=\"og:image:width\" content=\"768\" \/>\n\t<meta property=\"og:image:height\" content=\"432\" \/>\n\t<meta property=\"og:image:type\" content=\"image\/jpeg\" \/>\n<meta name=\"author\" content=\"F\u00e1bio Scaldelai\" \/>\n<meta name=\"twitter:card\" content=\"summary_large_image\" \/>\n<meta name=\"twitter:creator\" content=\"@EstratConcursos\" \/>\n<meta name=\"twitter:site\" content=\"@EstratConcursos\" \/>\n<meta name=\"twitter:label1\" content=\"Escrito por\" \/>\n\t<meta name=\"twitter:data1\" content=\"F\u00e1bio Scaldelai\" \/>\n\t<meta name=\"twitter:label2\" content=\"Est. tempo de leitura\" \/>\n\t<meta name=\"twitter:data2\" content=\"2 minutos\" \/>\n<script type=\"application\/ld+json\" class=\"yoast-schema-graph\">{\"@context\":\"https:\/\/schema.org\",\"@graph\":[{\"@type\":\"NewsArticle\",\"@id\":\"https:\/\/www.estrategiaconcursos.com.br\/blog\/cnu-2025-abstencao-das-provas\/#article\",\"isPartOf\":{\"@id\":\"https:\/\/www.estrategiaconcursos.com.br\/blog\/cnu-2025-abstencao-das-provas\/\"},\"author\":{\"name\":\"F\u00e1bio Scaldelai\",\"@id\":\"https:\/\/www.estrategiaconcursos.com.br\/blog\/#\/schema\/person\/e3b6b7ce0192dd4ad270655969d61750\"},\"headline\":\"CNU 2025: provas discursivas t\u00eam 20% de absten\u00e7\u00e3o!\",\"datePublished\":\"2025-12-08T12:15:34+00:00\",\"dateModified\":\"2025-12-08T12:16:07+00:00\",\"mainEntityOfPage\":{\"@id\":\"https:\/\/www.estrategiaconcursos.com.br\/blog\/cnu-2025-abstencao-das-provas\/\"},\"wordCount\":427,\"commentCount\":0,\"publisher\":{\"@id\":\"https:\/\/www.estrategiaconcursos.com.br\/blog\/#organization\"},\"image\":{\"@id\":\"https:\/\/www.estrategiaconcursos.com.br\/blog\/cnu-2025-abstencao-das-provas\/#primaryimage\"},\"thumbnailUrl\":\"https:\/\/dhg1h5j42swfq.cloudfront.net\/2023\/08\/29075651\/concurso-nacional-unificado.jpg\",\"articleSection\":[\"Concursos P\u00fablicos\",\"\u00daltimas not\u00edcias\"],\"inLanguage\":\"pt-BR\",\"potentialAction\":[{\"@type\":\"CommentAction\",\"name\":\"Comment\",\"target\":[\"https:\/\/www.estrategiaconcursos.com.br\/blog\/cnu-2025-abstencao-das-provas\/#respond\"]}],\"copyrightYear\":\"2025\",\"copyrightHolder\":{\"@id\":\"https:\/\/www.estrategiaconcursos.com.br\/blog\/#organization\"}},{\"@type\":\"WebPage\",\"@id\":\"https:\/\/www.estrategiaconcursos.com.br\/blog\/cnu-2025-abstencao-das-provas\/\",\"url\":\"https:\/\/www.estrategiaconcursos.com.br\/blog\/cnu-2025-abstencao-das-provas\/\",\"name\":\"CNU 2025: provas discursivas t\u00eam 20% de absten\u00e7\u00e3o!\",\"isPartOf\":{\"@id\":\"https:\/\/www.estrategiaconcursos.com.br\/blog\/#website\"},\"primaryImageOfPage\":{\"@id\":\"https:\/\/www.estrategiaconcursos.com.br\/blog\/cnu-2025-abstencao-das-provas\/#primaryimage\"},\"image\":{\"@id\":\"https:\/\/www.estrategiaconcursos.com.br\/blog\/cnu-2025-abstencao-das-provas\/#primaryimage\"},\"thumbnailUrl\":\"https:\/\/dhg1h5j42swfq.cloudfront.net\/2023\/08\/29075651\/concurso-nacional-unificado.jpg\",\"datePublished\":\"2025-12-08T12:15:34+00:00\",\"dateModified\":\"2025-12-08T12:16:07+00:00\",\"description\":\"CNU 2025: absten\u00e7\u00e3o de 20% na segunda etapa do certame, de provas discursivas. Governo projeta mais de 22 mil contrata\u00e7\u00f5es at\u00e9 2026!\",\"breadcrumb\":{\"@id\":\"https:\/\/www.estrategiaconcursos.com.br\/blog\/cnu-2025-abstencao-das-provas\/#breadcrumb\"},\"inLanguage\":\"pt-BR\",\"potentialAction\":[{\"@type\":\"ReadAction\",\"target\":[\"https:\/\/www.estrategiaconcursos.com.br\/blog\/cnu-2025-abstencao-das-provas\/\"]}]},{\"@type\":\"ImageObject\",\"inLanguage\":\"pt-BR\",\"@id\":\"https:\/\/www.estrategiaconcursos.com.br\/blog\/cnu-2025-abstencao-das-provas\/#primaryimage\",\"url\":\"https:\/\/dhg1h5j42swfq.cloudfront.net\/2023\/08\/29075651\/concurso-nacional-unificado.jpg\",\"contentUrl\":\"https:\/\/dhg1h5j42swfq.cloudfront.net\/2023\/08\/29075651\/concurso-nacional-unificado.jpg\",\"width\":768,\"height\":432,\"caption\":\"CNU 2: saiu convoca\u00e7\u00e3o para Fase 6; cronograma atualizado\"},{\"@type\":\"BreadcrumbList\",\"@id\":\"https:\/\/www.estrategiaconcursos.com.br\/blog\/cnu-2025-abstencao-das-provas\/#breadcrumb\",\"itemListElement\":[{\"@type\":\"ListItem\",\"position\":1,\"name\":\"In\u00edcio\",\"item\":\"https:\/\/www.estrategiaconcursos.com.br\/blog\/\"},{\"@type\":\"ListItem\",\"position\":2,\"name\":\"CNU 2025: provas discursivas t\u00eam 20% de absten\u00e7\u00e3o!\"}]},{\"@type\":\"WebSite\",\"@id\":\"https:\/\/www.estrategiaconcursos.com.br\/blog\/#website\",\"url\":\"https:\/\/www.estrategiaconcursos.com.br\/blog\/\",\"name\":\"Estrat\u00e9gia Concursos\",\"description\":\"O blog da Estrat\u00e9gia Concursos traz not\u00edcias sobre concursos e artigos de professores oferecendo cursos para concursos (pdf + videaulas) no site.\",\"publisher\":{\"@id\":\"https:\/\/www.estrategiaconcursos.com.br\/blog\/#organization\"},\"potentialAction\":[{\"@type\":\"SearchAction\",\"target\":{\"@type\":\"EntryPoint\",\"urlTemplate\":\"https:\/\/www.estrategiaconcursos.com.br\/blog\/?s={search_term_string}\"},\"query-input\":{\"@type\":\"PropertyValueSpecification\",\"valueRequired\":true,\"valueName\":\"search_term_string\"}}],\"inLanguage\":\"pt-BR\"},{\"@type\":\"Organization\",\"@id\":\"https:\/\/www.estrategiaconcursos.com.br\/blog\/#organization\",\"name\":\"Estrat\u00e9gia Concursos\",\"url\":\"https:\/\/www.estrategiaconcursos.com.br\/blog\/\",\"logo\":{\"@type\":\"ImageObject\",\"inLanguage\":\"pt-BR\",\"@id\":\"https:\/\/www.estrategiaconcursos.com.br\/blog\/#\/schema\/logo\/image\/\",\"url\":\"https:\/\/dhg1h5j42swfq.cloudfront.net\/2025\/06\/03203428\/logo_concursos-1.jpg\",\"contentUrl\":\"https:\/\/dhg1h5j42swfq.cloudfront.net\/2025\/06\/03203428\/logo_concursos-1.jpg\",\"width\":230,\"height\":60,\"caption\":\"Estrat\u00e9gia Concursos\"},\"image\":{\"@id\":\"https:\/\/www.estrategiaconcursos.com.br\/blog\/#\/schema\/logo\/image\/\"},\"sameAs\":[\"https:\/\/x.com\/EstratConcursos\"]},{\"@type\":\"Person\",\"@id\":\"https:\/\/www.estrategiaconcursos.com.br\/blog\/#\/schema\/person\/e3b6b7ce0192dd4ad270655969d61750\",\"name\":\"F\u00e1bio Scaldelai\",\"image\":{\"@type\":\"ImageObject\",\"inLanguage\":\"pt-BR\",\"@id\":\"https:\/\/secure.gravatar.com\/avatar\/8ed7492c4d88d8495bc0cb24cda6847b8ae23eec459a919e08e77d0ca0fd79ec?s=96&d=mm&r=g\",\"url\":\"https:\/\/secure.gravatar.com\/avatar\/8ed7492c4d88d8495bc0cb24cda6847b8ae23eec459a919e08e77d0ca0fd79ec?s=96&d=mm&r=g\",\"contentUrl\":\"https:\/\/secure.gravatar.com\/avatar\/8ed7492c4d88d8495bc0cb24cda6847b8ae23eec459a919e08e77d0ca0fd79ec?s=96&d=mm&r=g\",\"caption\":\"F\u00e1bio Scaldelai\"},\"description\":\"Jornalista no Estrat\u00e9gia Concursos e Produtor de Televis\u00e3o, formado em Jornalismo, R\u00e1dio e TV pela Faculdade Integrada Rio Branco, com especializa\u00e7\u00f5es em Gest\u00e3o Empresarial e Marketing pelo M\u00f3dulo. Atuou como produtor no SBT, TV Bandeirantes e R\u00e1dio Band FM, al\u00e9m de acumular tr\u00eas anos de experi\u00eancia no setor de concursos p\u00fablicos pela LFG (Luiz Fl\u00e1vio Gomes). No Estrat\u00e9gia Concursos, atua na apura\u00e7\u00e3o de not\u00edcias da \u00e1rea fiscal, al\u00e9m de coberturas sobre concursos das \u00e1reas de controle (TCU, TCE, etc), concurso AFT, \u00e1rea de gest\u00e3o e administrativa, bem como dos \u00f3rg\u00e3os participantes do CNU. Tamb\u00e9m possui experi\u00eancia em link building e an\u00e1lise de m\u00eddia, adquirida durante sua atua\u00e7\u00e3o na ag\u00eancia SEO Marketing.\",\"url\":\"https:\/\/www.estrategiaconcursos.com.br\/blog\/author\/fabio-scaldelaiestrategiaconcursos-com-br\/\"}]}<\/script>\n<!-- \/ Yoast SEO Premium plugin. -->","yoast_head_json":{"title":"CNU 2025: provas discursivas t\u00eam 20% de absten\u00e7\u00e3o!","description":"CNU 2025: absten\u00e7\u00e3o de 20% na segunda etapa do certame, de provas discursivas. Governo projeta mais de 22 mil contrata\u00e7\u00f5es at\u00e9 2026!","robots":{"index":"index","follow":"follow","max-snippet":"max-snippet:-1","max-image-preview":"max-image-preview:large","max-video-preview":"max-video-preview:-1"},"canonical":"https:\/\/www.estrategiaconcursos.com.br\/blog\/cnu-2025-abstencao-das-provas\/","og_locale":"pt_BR","og_type":"article","og_title":"CNU 2025: provas discursivas t\u00eam 20% de absten\u00e7\u00e3o!","og_description":"CNU 2025: absten\u00e7\u00e3o de 20% na segunda etapa do certame, de provas discursivas. Governo projeta mais de 22 mil contrata\u00e7\u00f5es at\u00e9 2026!","og_url":"https:\/\/www.estrategiaconcursos.com.br\/blog\/cnu-2025-abstencao-das-provas\/","og_site_name":"Estrat\u00e9gia Concursos","article_published_time":"2025-12-08T12:15:34+00:00","article_modified_time":"2025-12-08T12:16:07+00:00","og_image":[{"width":768,"height":432,"url":"https:\/\/dhg1h5j42swfq.cloudfront.net\/2023\/08\/29075651\/concurso-nacional-unificado.jpg","type":"image\/jpeg"}],"author":"F\u00e1bio Scaldelai","twitter_card":"summary_large_image","twitter_creator":"@EstratConcursos","twitter_site":"@EstratConcursos","twitter_misc":{"Escrito por":"F\u00e1bio Scaldelai","Est. tempo de leitura":"2 minutos"},"schema":{"@context":"https:\/\/schema.org","@graph":[{"@type":"NewsArticle","@id":"https:\/\/www.estrategiaconcursos.com.br\/blog\/cnu-2025-abstencao-das-provas\/#article","isPartOf":{"@id":"https:\/\/www.estrategiaconcursos.com.br\/blog\/cnu-2025-abstencao-das-provas\/"},"author":{"name":"F\u00e1bio Scaldelai","@id":"https:\/\/www.estrategiaconcursos.com.br\/blog\/#\/schema\/person\/e3b6b7ce0192dd4ad270655969d61750"},"headline":"CNU 2025: provas discursivas t\u00eam 20% de absten\u00e7\u00e3o!","datePublished":"2025-12-08T12:15:34+00:00","dateModified":"2025-12-08T12:16:07+00:00","mainEntityOfPage":{"@id":"https:\/\/www.estrategiaconcursos.com.br\/blog\/cnu-2025-abstencao-das-provas\/"},"wordCount":427,"commentCount":0,"publisher":{"@id":"https:\/\/www.estrategiaconcursos.com.br\/blog\/#organization"},"image":{"@id":"https:\/\/www.estrategiaconcursos.com.br\/blog\/cnu-2025-abstencao-das-provas\/#primaryimage"},"thumbnailUrl":"https:\/\/dhg1h5j42swfq.cloudfront.net\/2023\/08\/29075651\/concurso-nacional-unificado.jpg","articleSection":["Concursos P\u00fablicos","\u00daltimas not\u00edcias"],"inLanguage":"pt-BR","potentialAction":[{"@type":"CommentAction","name":"Comment","target":["https:\/\/www.estrategiaconcursos.com.br\/blog\/cnu-2025-abstencao-das-provas\/#respond"]}],"copyrightYear":"2025","copyrightHolder":{"@id":"https:\/\/www.estrategiaconcursos.com.br\/blog\/#organization"}},{"@type":"WebPage","@id":"https:\/\/www.estrategiaconcursos.com.br\/blog\/cnu-2025-abstencao-das-provas\/","url":"https:\/\/www.estrategiaconcursos.com.br\/blog\/cnu-2025-abstencao-das-provas\/","name":"CNU 2025: provas discursivas t\u00eam 20% de absten\u00e7\u00e3o!","isPartOf":{"@id":"https:\/\/www.estrategiaconcursos.com.br\/blog\/#website"},"primaryImageOfPage":{"@id":"https:\/\/www.estrategiaconcursos.com.br\/blog\/cnu-2025-abstencao-das-provas\/#primaryimage"},"image":{"@id":"https:\/\/www.estrategiaconcursos.com.br\/blog\/cnu-2025-abstencao-das-provas\/#primaryimage"},"thumbnailUrl":"https:\/\/dhg1h5j42swfq.cloudfront.net\/2023\/08\/29075651\/concurso-nacional-unificado.jpg","datePublished":"2025-12-08T12:15:34+00:00","dateModified":"2025-12-08T12:16:07+00:00","description":"CNU 2025: absten\u00e7\u00e3o de 20% na segunda etapa do certame, de provas discursivas. Governo projeta mais de 22 mil contrata\u00e7\u00f5es at\u00e9 2026!","breadcrumb":{"@id":"https:\/\/www.estrategiaconcursos.com.br\/blog\/cnu-2025-abstencao-das-provas\/#breadcrumb"},"inLanguage":"pt-BR","potentialAction":[{"@type":"ReadAction","target":["https:\/\/www.estrategiaconcursos.com.br\/blog\/cnu-2025-abstencao-das-provas\/"]}]},{"@type":"ImageObject","inLanguage":"pt-BR","@id":"https:\/\/www.estrategiaconcursos.com.br\/blog\/cnu-2025-abstencao-das-provas\/#primaryimage","url":"https:\/\/dhg1h5j42swfq.cloudfront.net\/2023\/08\/29075651\/concurso-nacional-unificado.jpg","contentUrl":"https:\/\/dhg1h5j42swfq.cloudfront.net\/2023\/08\/29075651\/concurso-nacional-unificado.jpg","width":768,"height":432,"caption":"CNU 2: saiu convoca\u00e7\u00e3o para Fase 6; cronograma atualizado"},{"@type":"BreadcrumbList","@id":"https:\/\/www.estrategiaconcursos.com.br\/blog\/cnu-2025-abstencao-das-provas\/#breadcrumb","itemListElement":[{"@type":"ListItem","position":1,"name":"In\u00edcio","item":"https:\/\/www.estrategiaconcursos.com.br\/blog\/"},{"@type":"ListItem","position":2,"name":"CNU 2025: provas discursivas t\u00eam 20% de absten\u00e7\u00e3o!"}]},{"@type":"WebSite","@id":"https:\/\/www.estrategiaconcursos.com.br\/blog\/#website","url":"https:\/\/www.estrategiaconcursos.com.br\/blog\/","name":"Estrat\u00e9gia Concursos","description":"O blog da Estrat\u00e9gia Concursos traz not\u00edcias sobre concursos e artigos de professores oferecendo cursos para concursos (pdf + videaulas) no site.","publisher":{"@id":"https:\/\/www.estrategiaconcursos.com.br\/blog\/#organization"},"potentialAction":[{"@type":"SearchAction","target":{"@type":"EntryPoint","urlTemplate":"https:\/\/www.estrategiaconcursos.com.br\/blog\/?s={search_term_string}"},"query-input":{"@type":"PropertyValueSpecification","valueRequired":true,"valueName":"search_term_string"}}],"inLanguage":"pt-BR"},{"@type":"Organization","@id":"https:\/\/www.estrategiaconcursos.com.br\/blog\/#organization","name":"Estrat\u00e9gia Concursos","url":"https:\/\/www.estrategiaconcursos.com.br\/blog\/","logo":{"@type":"ImageObject","inLanguage":"pt-BR","@id":"https:\/\/www.estrategiaconcursos.com.br\/blog\/#\/schema\/logo\/image\/","url":"https:\/\/dhg1h5j42swfq.cloudfront.net\/2025\/06\/03203428\/logo_concursos-1.jpg","contentUrl":"https:\/\/dhg1h5j42swfq.cloudfront.net\/2025\/06\/03203428\/logo_concursos-1.jpg","width":230,"height":60,"caption":"Estrat\u00e9gia Concursos"},"image":{"@id":"https:\/\/www.estrategiaconcursos.com.br\/blog\/#\/schema\/logo\/image\/"},"sameAs":["https:\/\/x.com\/EstratConcursos"]},{"@type":"Person","@id":"https:\/\/www.estrategiaconcursos.com.br\/blog\/#\/schema\/person\/e3b6b7ce0192dd4ad270655969d61750","name":"F\u00e1bio Scaldelai","image":{"@type":"ImageObject","inLanguage":"pt-BR","@id":"https:\/\/secure.gravatar.com\/avatar\/8ed7492c4d88d8495bc0cb24cda6847b8ae23eec459a919e08e77d0ca0fd79ec?s=96&d=mm&r=g","url":"https:\/\/secure.gravatar.com\/avatar\/8ed7492c4d88d8495bc0cb24cda6847b8ae23eec459a919e08e77d0ca0fd79ec?s=96&d=mm&r=g","contentUrl":"https:\/\/secure.gravatar.com\/avatar\/8ed7492c4d88d8495bc0cb24cda6847b8ae23eec459a919e08e77d0ca0fd79ec?s=96&d=mm&r=g","caption":"F\u00e1bio Scaldelai"},"description":"Jornalista no Estrat\u00e9gia Concursos e Produtor de Televis\u00e3o, formado em Jornalismo, R\u00e1dio e TV pela Faculdade Integrada Rio Branco, com especializa\u00e7\u00f5es em Gest\u00e3o Empresarial e Marketing pelo M\u00f3dulo. Atuou como produtor no SBT, TV Bandeirantes e R\u00e1dio Band FM, al\u00e9m de acumular tr\u00eas anos de experi\u00eancia no setor de concursos p\u00fablicos pela LFG (Luiz Fl\u00e1vio Gomes). No Estrat\u00e9gia Concursos, atua na apura\u00e7\u00e3o de not\u00edcias da \u00e1rea fiscal, al\u00e9m de coberturas sobre concursos das \u00e1reas de controle (TCU, TCE, etc), concurso AFT, \u00e1rea de gest\u00e3o e administrativa, bem como dos \u00f3rg\u00e3os participantes do CNU. Tamb\u00e9m possui experi\u00eancia em link building e an\u00e1lise de m\u00eddia, adquirida durante sua atua\u00e7\u00e3o na ag\u00eancia SEO Marketing.","url":"https:\/\/www.estrategiaconcursos.com.br\/blog\/author\/fabio-scaldelaiestrategiaconcursos-com-br\/"}]}},"_links":{"self":[{"href":"https:\/\/www.estrategiaconcursos.com.br\/blog\/wp-json\/wp\/v2\/posts\/1681394","targetHints":{"allow":["GET"]}}],"collection":[{"href":"https:\/\/www.estrategiaconcursos.com.br\/blog\/wp-json\/wp\/v2\/posts"}],"about":[{"href":"https:\/\/www.estrategiaconcursos.com.br\/blog\/wp-json\/wp\/v2\/types\/post"}],"author":[{"embeddable":true,"href":"https:\/\/www.estrategiaconcursos.com.br\/blog\/wp-json\/wp\/v2\/users\/656"}],"replies":[{"embeddable":true,"href":"https:\/\/www.estrategiaconcursos.com.br\/blog\/wp-json\/wp\/v2\/comments?post=1681394"}],"version-history":[{"count":5,"href":"https:\/\/www.estrategiaconcursos.com.br\/blog\/wp-json\/wp\/v2\/posts\/1681394\/revisions"}],"predecessor-version":[{"id":1681412,"href":"https:\/\/www.estrategiaconcursos.com.br\/blog\/wp-json\/wp\/v2\/posts\/1681394\/revisions\/1681412"}],"wp:featuredmedia":[{"embeddable":true,"href":"https:\/\/www.estrategiaconcursos.com.br\/blog\/wp-json\/wp\/v2\/media\/1270513"}],"wp:attachment":[{"href":"https:\/\/www.estrategiaconcursos.com.br\/blog\/wp-json\/wp\/v2\/media?parent=1681394"}],"wp:term":[{"taxonomy":"category","embeddable":true,"href":"https:\/\/www.estrategiaconcursos.com.br\/blog\/wp-json\/wp\/v2\/categories?post=1681394"},{"taxonomy":"post_tag","embeddable":true,"href":"https:\/\/www.estrategiaconcursos.com.br\/blog\/wp-json\/wp\/v2\/tags?post=1681394"},{"taxonomy":"tax_estado","embeddable":true,"href":"https:\/\/www.estrategiaconcursos.com.br\/blog\/wp-json\/wp\/v2\/tax_estado?post=1681394"}],"curies":[{"name":"wp","href":"https:\/\/api.w.org\/{rel}","templated":true}]}}