{"id":168124,"date":"2019-02-26T10:15:43","date_gmt":"2019-02-26T13:15:43","guid":{"rendered":"https:\/\/www.estrategiaconcursos.com.br\/blog\/?p=168124"},"modified":"2019-03-08T14:28:45","modified_gmt":"2019-03-08T17:28:45","slug":"prova-comentada-banrisul-portugues-fcc-2019","status":"publish","type":"post","link":"https:\/\/www.estrategiaconcursos.com.br\/blog\/prova-comentada-banrisul-portugues-fcc-2019\/","title":{"rendered":"PROVA COMENTADA BANRISUL- PORTUGU\u00caS- FCC 2019"},"content":{"rendered":"<p><img loading=\"lazy\" decoding=\"async\" class=\"aligncenter size-full wp-image-104237\" src=\"https:\/\/dhg1h5j42swfq.cloudfront.net\/2018\/01\/28150853\/M%C3%8DDIAS-SOCIAIS-FELIPE.png\" alt=\"\" width=\"724\" height=\"125\" srcset=\"https:\/\/dhg1h5j42swfq.cloudfront.net\/2018\/01\/28150853\/M%C3%8DDIAS-SOCIAIS-FELIPE.png 724w, https:\/\/dhg1h5j42swfq.cloudfront.net\/2018\/01\/28150853\/M%C3%8DDIAS-SOCIAIS-FELIPE.png 300w, https:\/\/dhg1h5j42swfq.cloudfront.net\/2018\/01\/28150853\/M%C3%8DDIAS-SOCIAIS-FELIPE.png 610w\" sizes=\"auto, (max-width: 724px) 100vw, 724px\" \/><\/p>\n<p>Fala, pessoal! Bom dia!<\/p>\n<p>Hoje trago a prova comentada do Banrisul 2019- s\u00e3o VINTE QUEST\u00d5ES FCC 2019, vale a pena conferir!<\/p>\n<p>Algumas quest\u00f5es foram sutis e dif\u00edceis, mas n\u00e3o vejo possibilidade concreta de recurso!<\/p>\n<p>Vamos l\u00e1.<\/p>\n<p><img loading=\"lazy\" decoding=\"async\" class=\"aligncenter size-full wp-image-104237\" src=\"https:\/\/dhg1h5j42swfq.cloudfront.net\/2018\/01\/28150853\/M%C3%8DDIAS-SOCIAIS-FELIPE.png\" alt=\"\" width=\"724\" height=\"125\" srcset=\"https:\/\/dhg1h5j42swfq.cloudfront.net\/2018\/01\/28150853\/M%C3%8DDIAS-SOCIAIS-FELIPE.png 724w, https:\/\/dhg1h5j42swfq.cloudfront.net\/2018\/01\/28150853\/M%C3%8DDIAS-SOCIAIS-FELIPE.png 300w, https:\/\/dhg1h5j42swfq.cloudfront.net\/2018\/01\/28150853\/M%C3%8DDIAS-SOCIAIS-FELIPE.png 610w\" sizes=\"auto, (max-width: 724px) 100vw, 724px\" \/><\/p>\n<p class=\"western\" lang=\"pt-BR\">\n<p class=\"western\"><span lang=\"pt-BR\"><u>Aten\u00e7\u00e3o:<\/u><\/span><span lang=\"pt-BR\"> Para responder \u00e0s quest\u00f5es de n\u00fameros 1 a 8, baseie-se no texto abaixo.<\/span><\/p>\n<p class=\"western\" lang=\"pt-BR\">\n<p class=\"western\" lang=\"pt-BR\" align=\"center\"><b>A chave do tamanho<\/b><\/p>\n<p class=\"western\" lang=\"pt-BR\" align=\"center\">\n<p class=\"western\" lang=\"pt-BR\"><i>O antes de nascer e o depois de morrer: duas eternidades no espa\u00e7o infinito circunscrevem o nosso breve espasmo de vida. A imensid\u00e3o do universo vis\u00edvel com suas centenas de bilh\u00f5es de estrelas costuma provocar um misto de assombro, rever\u00eancia e opress\u00e3o nas pessoas. \u201cO sil\u00eancio eterno desses espa\u00e7os infinitos me abate de terror\u201d, afligia-se o pensador franc\u00eas Pascal. Mas ser\u00e1 esse necessariamente o caso?<\/i><\/p>\n<p class=\"western\" lang=\"pt-BR\"><i>O fil\u00f3sofo e economista ingl\u00eas Frank Ramsey responde \u00e0 quest\u00e3o com lucidez e bom humor: \u201cDiscordo de alguns amigos que atribuem grande import\u00e2ncia ao tamanho f\u00edsico do universo. N\u00e3o me sinto absolutamente humilde diante da vastid\u00e3o do espa\u00e7o. As estrelas podem ser grandes, mas n\u00e3o pensam nem amam \u2013 qualidades que impressionam bem mais do que o tamanho. N\u00e3o acho vantajoso pesar quase cento e vinte quilos\u201d.<\/i><\/p>\n<p class=\"western\" lang=\"pt-BR\"><i>Com o tempo n\u00e3o \u00e9 diferente. E se viv\u00eassemos, cada um de n\u00f3s, n\u00e3o apenas um punhado de d\u00e9cadas, mas centenas de milhares ou milh\u00f5es de anos? O valor da vida e o enigma da exist\u00eancia renderiam, por conta disso, os seus segredos? E se nos fosse concedida a imortalidade, isso teria o dom de aplacar de uma vez por todas o nosso desamparo c\u00f3smico e as nossas inquieta\u00e7\u00f5es? N\u00e3o creio. Mas o enfado, para muitos, seria dif\u00edcil de suportar.<\/i><\/p>\n<p class=\"western\" lang=\"pt-BR\" align=\"right\"><span style=\"font-size: small\">(Adaptado de: GIANETTI, Eduardo. Tr\u00f3picos ut\u00f3picos. S\u00e3o Paulo: Companhia das Letras, 2016, p. 35)<\/span><\/p>\n<p class=\"western\" lang=\"pt-BR\" align=\"right\">\n<ol>\n<li><span style=\"color: #1b51a9\"><span style=\"font-size: large\"><b>(FCC \/ BANRISUL \/ ESCRITUR\u00c1RIO \/ 2019) <\/b><\/span><\/span><\/li>\n<\/ol>\n<p>Ao longo do texto, o autor sustenta a ideia de que a infinitude<\/p>\n<p>(A) do universo acalenta nossa confian\u00e7a na infinitude da esp\u00e9cie humana.<\/p>\n<p>(B) dos espa\u00e7os c\u00f3smicos refreia o nosso anseio de imortalidade.<\/p>\n<p>(C) do tempo universal impede-nos de usufruir o tempo de nossa finitude.<\/p>\n<p>(D) dos espa\u00e7os ou do tempo n\u00e3o garante a vantagem de uma suposta imortalidade.<\/p>\n<p>(E) das coisas nunca representou alguma restri\u00e7\u00e3o \u00e0 nossa sensa\u00e7\u00e3o de liberdade.<\/p>\n<p><span style=\"color: #1b51a9\"><span style=\"font-size: large\"><b>Coment\u00e1rios: <\/b><\/span><\/span><\/p>\n<p class=\"western\">\n<p class=\"western\" align=\"justify\"><span style=\"font-family: Verdana\">Nossa resposta est\u00e1 no terceiro par\u00e1grafo. O autor afirma n\u00e3o crer que a eternidade teria o dom de aplacar de uma vez por todas o nosso desamparo e nossas inquieta\u00e7\u00f5es. <\/span><\/p>\n<p class=\"western\" align=\"justify\">\n<p class=\"western\" align=\"justify\"><span style=\"font-family: Verdana\"><i>Com o tempo n\u00e3o \u00e9 diferente. E se viv\u00eassemos, cada um de n\u00f3s, n\u00e3o apenas um punhado de d\u00e9cadas, mas centenas de milhares ou milh\u00f5es de anos? O valor da vida e o enigma da exist\u00eancia renderiam, por conta disso, os seus segredos? E se nos fosse concedida a imortalidade, isso teria o dom de aplacar de uma vez por todas o nosso desamparo c\u00f3smico e as nossas inquieta\u00e7\u00f5es?<\/i><\/span><\/p>\n<p class=\"western\" align=\"justify\">\n<p class=\"western\" align=\"justify\"><span style=\"font-family: Verdana\"><i>N\u00e3o creio. Mas o enfado, para muitos, seria dif\u00edcil de suportar.<\/i><\/span><\/p>\n<p class=\"western\" align=\"justify\">\n<p class=\"western\" align=\"justify\"><span style=\"font-family: Verdana\">Gabarito letra D. <\/span><\/p>\n<p class=\"western\">Gabarito letra D.<\/p>\n<ol start=\"2\">\n<li><span style=\"color: #1b51a9\"><span style=\"font-size: large\"><b>(FCC \/ BANRISUL \/ ESCRITUR\u00c1RIO \/ 2019) <\/b><\/span><\/span><\/li>\n<\/ol>\n<p>As ideias de Pascal e as de Frank Ramsey referidas no texto<\/p>\n<p>(A) convergem para o ponto comum de fazer temer a enormidade dos enigmas que nos cercam.<\/p>\n<p>(B) divergem frontalmente quanto \u00e0s percep\u00e7\u00f5es que t\u00eam diante da vastid\u00e3o ou infinitude do universo.<\/p>\n<p>(C) divergem quanto \u00e0 infinitude do universo, mas convergem quanto ao temor que sentimos diante da morte.<\/p>\n<p>(D) s\u00e3o complementares, uma vez que a convic\u00e7\u00e3o de um pensador d\u00e1 for\u00e7a \u00e0 convic\u00e7\u00e3o do outro.<\/p>\n<p>(E) s\u00e3o de todo independentes, pois n\u00e3o tratam de qualquer tema que estabele\u00e7a contato entre elas.<\/p>\n<p><span style=\"color: #1b51a9\"><span style=\"font-size: large\"><b>Coment\u00e1rios: <\/b><\/span><\/span><\/p>\n<p class=\"western\" align=\"justify\"><span style=\"font-family: Verdana\">Pascal sentia \u201cterror\u201d; \u201cRamsey\u201d n\u00e3o se impressionava com a imensid\u00e3o do universo. Ent\u00e3o, ambos discordavam frontalmente. <\/span><\/p>\n<p class=\"western\" align=\"justify\">\n<p class=\"western\" align=\"justify\"><span style=\"font-family: Verdana\">N\u00e3o me sinto absolutamente humilde diante da vastid\u00e3o do espa\u00e7o<\/span><\/p>\n<p class=\"western\" align=\"justify\">\n<p class=\"western\"><span style=\"font-family: Verdana\"><span style=\"font-size: medium\">Gabarito letra B.<\/span><\/span><\/p>\n<p class=\"western\">Gabarito letra B.<\/p>\n<ol start=\"3\">\n<li><span style=\"color: #1b51a9\"><span style=\"font-size: large\"><b>(FCC \/ BANRISUL \/ ESCRITUR\u00c1RIO \/ 2019) <\/b><\/span><\/span><\/li>\n<\/ol>\n<p>Considerando-se o contexto, traduz-se adequadamente o sentido de um segmento do texto em:<\/p>\n<p>(A) <i>circunscrevem o nosso breve espasmo<\/i> (1\u00ba par\u00e1grafo) = retificam nosso r\u00e1pido inc\u00f4modo<\/p>\n<p>(B) <i>misto de assombro, rever\u00eancia e opress\u00e3o<\/i> (1\u00ba par\u00e1grafo) = contri\u00e7\u00e3o de susto, desassombro e restri\u00e7\u00e3o<\/p>\n<p>(C) <i>responde \u00e0 quest\u00e3o com lucidez e bom humor<\/i> (2\u00ba par\u00e1grafo) = elucida a pergunta com irrever\u00eancia imaginosa<\/p>\n<p>(D) <i>renderiam (&#8230;) os seus segredos?<\/i> (3\u00ba par\u00e1grafo) = revelariam os seus mist\u00e9rios?<\/p>\n<p>(E) <i>teria o dom de aplacar de uma vez<\/i> (3\u00ba par\u00e1grafo) = traria o m\u00e9rito de retribuir no ato<\/p>\n<p><span style=\"color: #1b51a9\"><span style=\"font-size: large\"><b>Coment\u00e1rios: <\/b><\/span><\/span><\/p>\n<p class=\"western\" align=\"justify\">\u201c<span style=\"font-family: Verdana\">render\u201d \u00e9 entregar, ent\u00e3o \u201crender os seus segredos\u201d equivale a \u201crevelar os seus mist\u00e9rios\u201d. <\/span><\/p>\n<p class=\"western\" align=\"justify\"><span style=\"font-family: Verdana\">Nas demais alternativas, vamos perceber que h\u00e1 palavras t\u00e3o diversas que n\u00e3o h\u00e1 qualquer equival\u00eancia sem\u00e2ntica. <\/span><\/p>\n<p class=\"western\" align=\"justify\">\n<p class=\"western\" align=\"justify\"><span style=\"font-family: Verdana\">a) Circunscrever= delimitar x retificar=corrigir<\/span><\/p>\n<p class=\"western\" align=\"justify\"><span style=\"font-family: Verdana\">b) misto= mistura, combina\u00e7\u00e3o x contri\u00e7\u00e3o=sentimento de culpa<\/span><\/p>\n<p class=\"western\" align=\"justify\"><span style=\"font-family: Verdana\">c) lucidez=bom senso x irrever\u00eancia= aus\u00eancia de respeito a alguma coisa<\/span><\/p>\n<p class=\"western\" align=\"justify\"><span style=\"font-family: Verdana\">e) aplacar=acalmar, tornar mais brando x retribuir=devolver<\/span><\/p>\n<p class=\"western\" align=\"justify\">\n<p class=\"western\"><span style=\"font-family: Verdana\"><span style=\"font-size: medium\">Gabarito letra D. <\/span><\/span><\/p>\n<p class=\"western\">Gabarito letra D.<\/p>\n<ol start=\"4\">\n<li><span style=\"color: #1b51a9\"><span style=\"font-size: large\"><b>(FCC \/ BANRISUL \/ ESCRITUR\u00c1RIO \/ 2019) <\/b><\/span><\/span><\/li>\n<\/ol>\n<p>Est\u00e1 clara e correta a reda\u00e7\u00e3o deste livre coment\u00e1rio sobre o texto:<\/p>\n<p>(A) Diante do infinito do tempo e do espa\u00e7o, o homem tem experimentado diferentes sensa\u00e7\u00f5es, que v\u00e3o da ang\u00fastia existencial \u00e0 confian\u00e7a na marcha civilizat\u00f3ria.<\/p>\n<p>(B) Por conta do infinito, que se antepara a ele, os homens temem ou confiam, segundo \u00e0 variedade de suas \u00edndoles e de seus momentos hist\u00f3ricos.<\/p>\n<p>(C) Durante a hist\u00f3ria observa-se fatores distintos que conduzem a humanidade a sentimentos diversos, em cujos h\u00e1 enorme diversidade de prop\u00f3sitos.<\/p>\n<p>(D) Muitos julgam constituir-se como nosso principal deslise o fato de sermos mortais, o que n\u00e3o significa que o contr\u00e1rio pudesse reverter em algo melhor.<\/p>\n<p>(E) Para muitos de n\u00f3s n\u00e3o h\u00e1 de faltar in\u00fameras justificativas para ver que antes de sermos imortais, talvez precis\u00e1ssemos aprimorar o que j\u00e1 somos.<\/p>\n<p><span style=\"color: #1b51a9\"><span style=\"font-size: large\"><b>Coment\u00e1rios: <\/b><\/span><\/span><\/p>\n<p class=\"western\" align=\"justify\"><span style=\"font-family: Verdana\">a) Correta. <\/span><\/p>\n<p class=\"western\" align=\"justify\"><span style=\"font-family: Verdana\">b) Al\u00e9m da reda\u00e7\u00e3o obscura, n\u00e3o h\u00e1 crase antes de \u201cvariedade\u201d, pois n\u00e3o h\u00e1 preposi\u00e7\u00e3o. <\/span><\/p>\n<p class=\"western\" align=\"justify\"><span style=\"font-family: Verdana\">c) H\u00e1 problema de concord\u00e2ncia: \u201cobservam-se\u201d e uso inadequado da express\u00e3o \u201cem cujos\u201d: n\u00e3o h\u00e1 rela\u00e7\u00e3o de posse entre dois substantivos, \u201ccujos\u201d est\u00e1 \u201csolto\u201d no texto, de forma incoerente. <\/span><\/p>\n<p class=\"western\" align=\"justify\"><span style=\"font-family: Verdana\">d) \u201cDesliZe\u201d \u00e9 com Z. <\/span><\/p>\n<p class=\"western\" align=\"justify\"><span style=\"font-family: Verdana\">e) A locu\u00e7\u00e3o correta seria \u201ch\u00e3o de faltar\u201d, pois o verbo haver \u00e9 auxiliar e se flexiona normalmente. <\/span><\/p>\n<p class=\"western\" align=\"justify\">\n<p class=\"western\" align=\"justify\">\n<p class=\"western\">Gabarito letra A.<\/p>\n<ol start=\"5\">\n<li><span style=\"color: #1b51a9\"><span style=\"font-size: large\"><b>(FCC \/ BANRISUL \/ ESCRITUR\u00c1RIO \/ 2019) <\/b><\/span><\/span><\/li>\n<\/ol>\n<p>H\u00e1 pleno atendimento \u00e0s normas de concord\u00e2ncia verbal na frase:<\/p>\n<p>(A) O tempo de antes de nascer e o de depois de morrer constitui inc\u00f3gnitas indevass\u00e1veis \u00e0 percep\u00e7\u00e3o humana.<\/p>\n<p>(B) A imensid\u00e3o do universo, com suas incont\u00e1veis estrelas, aturdem e atemorizam a muitos de n\u00f3s, sejam crentes ou ateus.<\/p>\n<p>(C) Caso lhes faltasse a imagina\u00e7\u00e3o, n\u00e3o teriam os homens qualquer preocupa\u00e7\u00e3o com a vastid\u00e3o do espa\u00e7o que alcan\u00e7am perceber.<\/p>\n<p>(D) Milhares ou milh\u00f5es de anos pouco, de fato, representa para aquele que tira os olhos do universo e os interiorizam em si mesmos.<\/p>\n<p>(E) F\u00f4ssemos todos imortais e provavelmente haveria de experimentarmos o t\u00e9dio de n\u00e3o sentir o limite das grandes aventuras.<\/p>\n<p><span style=\"color: #1b51a9\"><span style=\"font-size: large\"><b>Coment\u00e1rios: <\/b><\/span><\/span><\/p>\n<p class=\"western\" align=\"justify\">Vejamos:<\/p>\n<p class=\"western\" align=\"justify\"><span style=\"font-family: Verdana\">(A) O tempo de antes de nascer e o de depois de morrer constituEM inc\u00f3gnitas indevass\u00e1veis \u00e0 percep\u00e7\u00e3o humana.<\/span><\/p>\n<p class=\"western\" align=\"justify\">\n<p class=\"western\" align=\"justify\"><span style=\"font-family: Verdana\">(B) A imensid\u00e3o do universo, com suas incont\u00e1veis estrelas, aturdE e atemorizA a muitos de n\u00f3s, sejamOS crentes ou ateus.<\/span><\/p>\n<p class=\"western\" align=\"justify\">\n<p class=\"western\" align=\"justify\"><span style=\"font-family: Verdana\">(C) Caso lhes faltasse a imagina\u00e7\u00e3o, n\u00e3o teriam os homens qualquer preocupa\u00e7\u00e3o com a vastid\u00e3o do espa\u00e7o que alcan\u00e7am perceber. CORRETA!<\/span><\/p>\n<p class=\"western\" align=\"justify\">\n<p class=\"western\" align=\"justify\"><span style=\"font-family: Verdana\">(D) Milhares ou milh\u00f5es de anos pouco, de fato, representaM para aquele que tira os olhos do universo e os interiorizA em si mesmos.<\/span><\/p>\n<p class=\"western\" align=\"justify\">\n<p class=\"western\" align=\"justify\"><span style=\"font-family: Verdana\">(E) F\u00f4ssemos todos imortais e provavelmente haver\u00cdAMOS de experimentar o t\u00e9dio de n\u00e3o sentir o limite das grandes aventuras.<\/span><\/p>\n<p class=\"western\" align=\"justify\">\n<p class=\"western\" align=\"justify\"><span style=\"font-family: Verdana\">Gabarito letra C.\u00a0 <\/span><\/p>\n<p class=\"western\" align=\"justify\">\n<p class=\"western\" align=\"justify\">\n<p class=\"western\">\n<p class=\"western\">Gabarito letra C.<\/p>\n<ol start=\"6\">\n<li><span style=\"color: #1b51a9\"><span style=\"font-size: large\"><b>(FCC \/ BANRISUL \/ ESCRITUR\u00c1RIO \/ 2019) <\/b><\/span><\/span><\/li>\n<\/ol>\n<p>H\u00e1 ocorr\u00eancia de forma verbal na voz passiva e adequada articula\u00e7\u00e3o entre os tempos e os modos verbais na frase:<\/p>\n<p>(A) Ainda que em algum dia tenhamos para viver muito mais de 100 anos, ainda assim \u00e9 que os julg\u00e1ssemos insuficientes.<\/p>\n<p>(B) Caso vi\u00e9ssemos a viver, no futuro, dois ou mais s\u00e9culos, nada garantir\u00e1 que estiv\u00e9ssemos satisfeitos com esse tempo de vida.<\/p>\n<p>(C) Na hip\u00f3tese de um dia viermos a viver por alguns s\u00e9culos, ainda assim houvesse quem n\u00e3o se satisfaria com todo esse tempo.<\/p>\n<p>(D) Quando, em idos tempos, a expectativa de vida era em m\u00e9dia 35 anos, os homens n\u00e3o passariam a alimentar metas muito mais altas.<\/p>\n<p>(E) Os anos que forem bem vividos bastar\u00e3o para aqueles que n\u00e3o costumam esperar pelo desfrute de uma margem inalcan\u00e7\u00e1vel de tempo.<\/p>\n<p><span style=\"color: #1b51a9\"><span style=\"font-size: large\"><b>Coment\u00e1rios: <\/b><\/span><\/span><\/p>\n<p class=\"western\" align=\"justify\"><span style=\"font-family: Verdana\">6. H\u00e1 ocorr\u00eancia de forma verbal na voz passiva e adequada articula\u00e7\u00e3o entre os tempos e os modos verbais na frase:<\/span><\/p>\n<p class=\"western\" align=\"justify\"><span style=\"font-family: Verdana\"><br \/>\n(A) Ainda que em algum dia tenhamos para viver muito mais de 100 anos, ainda assim \u00e9 que os julg\u00e1ssemos insuficientes.<\/span><\/p>\n<p class=\"western\" align=\"justify\">\n<p class=\"western\" align=\"justify\"><span style=\"font-family: Verdana\">A reda\u00e7\u00e3o est\u00e1 correta, mas n\u00e3o h\u00e1 voz passiva. <\/span><\/p>\n<p class=\"western\" align=\"justify\"><span style=\"font-family: Verdana\"><br \/>\n(B) Caso vi\u00e9ssemos a viver, no futuro, dois ou mais s\u00e9culos, nada garantiria que estar\u00edamos satisfeitos com esse tempo de<br \/>\nvida.<\/span><\/p>\n<p class=\"western\" align=\"justify\">\n<p class=\"western\" align=\"justify\"><span style=\"font-family: Verdana\">(C) Na hip\u00f3tese de um dia vi\u00e9ssemos a viver por alguns s\u00e9culos, ainda assim haveria quem n\u00e3o se satisfizesse com todo esse<\/span><span style=\"color: #000000\"><span style=\"font-family: Verdana\"><br \/>\ntempo.<\/span><\/span><\/p>\n<p class=\"western\" align=\"justify\"><span style=\"font-family: Verdana\"><br \/>\n(D) Quando, em idos tempos, a expectativa de vida era em m\u00e9dia 35 anos, os homens n\u00e3o alimentavam metas muito<br \/>\nmais altas.<\/span><\/p>\n<p class=\"western\" align=\"justify\"><span style=\"font-family: Verdana\"><br \/>\n(E) Os anos que forem bem vividos bastar\u00e3o para aqueles que n\u00e3o costumam esperar pelo desfrute de uma margem<br \/>\ninalcan\u00e7\u00e1vel de tempo.<\/span><\/p>\n<p class=\"western\"><span style=\"font-family: Verdana\"><span style=\"font-size: medium\">Quest\u00e3o correta. Gabarito letra E. <\/span><\/span><\/p>\n<p class=\"western\">\n<ol start=\"7\">\n<li><span style=\"color: #1b51a9\"><span style=\"font-size: large\"><b>(FCC \/ BANRISUL \/ ESCRITUR\u00c1RIO \/ 2019) <\/b><\/span><\/span><\/li>\n<\/ol>\n<p>Quanto \u00e0 pontua\u00e7\u00e3o e \u00e0 observ\u00e2ncia do emprego do sinal de crase, est\u00e1 plenamente correta a frase:<\/p>\n<p>(A) Tendo em vista \u00e0 longevidade da atual gera\u00e7\u00e3o, as seguintes pode beneficiar um horizonte ainda mais largo.<\/p>\n<p>(B) Dada a condi\u00e7\u00e3o dos mo\u00e7os de hoje, os mo\u00e7os de amanh\u00e3 obter\u00e3o mais facilidades.<\/p>\n<p>(C) Uma vez alcan\u00e7ada, a imortalidade, ser\u00e1 que \u00e0 ela todos festejar\u00e3o?<\/p>\n<p>(D) \u00c9 \u00e0 longo prazo que muitas felicidades poss\u00edveis s\u00e3o alcan\u00e7adas.<\/p>\n<p>(E) Sempre haver\u00e1 aqueles que, \u00e0 todo custo, perseguem o ideal da imortalidade.<\/p>\n<p><span style=\"color: #1b51a9\"><span style=\"font-size: large\"><b>Coment\u00e1rios: <\/b><\/span><\/span><\/p>\n<p class=\"western\">Nosso gabarito \u00e9 a letra B. A v\u00edrgula separa uma ora\u00e7\u00e3o subordinada antecipada; n\u00e3o h\u00e1 crase nessa frase. Vejamos a corre\u00e7\u00e3o das demais:<\/p>\n<p class=\"western\">(A) Tendo em vista A longevidade da atual gera\u00e7\u00e3o, as seguintes podeM beneficiar um horizonte ainda mais largo.<\/p>\n<p class=\"western\">(C) Uma vez alcan\u00e7ada a imortalidade, ser\u00e1 que A ela todos festejar\u00e3o?<\/p>\n<p class=\"western\">N\u00e3o cabe crase antes de pronome reto nem a v\u00edrgula pode separar o verbo do seu complemento.<\/p>\n<p class=\"western\">(D) \u00c9 a longo prazo que muitas felicidades poss\u00edveis s\u00e3o alcan\u00e7adas.<\/p>\n<p class=\"western\">N\u00e3o h\u00e1 crase antes de palavra masculina.<\/p>\n<p class=\"western\">(E) Sempre haver\u00e1 aqueles que, a todo custo, perseguem o ideal da imortalidade.<\/p>\n<p class=\"western\">N\u00e3o h\u00e1 crase antes de palavra masculina.<\/p>\n<p class=\"western\">Gabarito letra B.<\/p>\n<ol start=\"8\">\n<li><span style=\"color: #1b51a9\"><span style=\"font-size: large\"><b>(FCC \/ BANRISUL \/ ESCRITUR\u00c1RIO \/ 2019) <\/b><\/span><\/span><\/li>\n<\/ol>\n<p>Considere as seguintes ora\u00e7\u00f5es:<\/p>\n<p>I. O universo \u00e9 infinito.<\/p>\n<p>II. A infinitude do universo atemoriza o homem.<\/p>\n<p>III. O homem deplora sua condi\u00e7\u00e3o de mortal.<\/p>\n<p>Essas tr\u00eas ora\u00e7\u00f5es constituem um per\u00edodo de reda\u00e7\u00e3o clara, coerente e correta no seguinte caso:<\/p>\n<p>(A) Ainda que seja infinito e atemorize o homem, o universo faz o homem deplorar sua condi\u00e7\u00e3o de mortal.<\/p>\n<p>(B) Ao deplorar sua condi\u00e7\u00e3o de mortal, o homem considera infinito o universo em que se atemoriza.<\/p>\n<p>(C) Atemorizado pela infinitude do universo, deplora o homem a sua mortalidade.<\/p>\n<p>(D) Sendo infinito o universo, eis por que o homem se atemoriza, quando deplora sua condi\u00e7\u00e3o de mortal.<\/p>\n<p>(E) O universo infinito atemoriza o homem, cuja condi\u00e7\u00e3o \u00e9 assim mortalmente deplor\u00e1vel.<\/p>\n<p><span style=\"color: #1b51a9\"><span style=\"font-size: large\"><b>Coment\u00e1rios: <\/b><\/span><\/span><\/p>\n<p class=\"western\">A rela\u00e7\u00e3o que existe \u00e9 de causa-efeito: o homem deplora sua condi\u00e7\u00e3o de mortal porque o universo \u00e9 infinito. A \u00fanica alternativa que reproduz, ainda que discretamente, essa rela\u00e7\u00e3o, \u00e9:<\/p>\n<p>(porque \u00e9) Atemorizado pela infinitude do universo, deplora o homem a sua mortalidade.<\/p>\n<p class=\"western\">As duas primeiras frases foram unidas na express\u00e3o \u201cinfinitude do universo\u201d.<\/p>\n<p class=\"western\">Gabarito letra C.<\/p>\n<p class=\"western\">\n<p class=\"western\"><u>Aten\u00e7\u00e3o<\/u>: Para responder \u00e0s quest\u00f5es de n\u00fameros 9 a 15, baseie-se no texto abaixo.<\/p>\n<p class=\"western\">\n<p class=\"western\" align=\"center\"><b>Imigra\u00e7\u00f5es no Rio Grande do Sul<\/b><\/p>\n<p class=\"western\" align=\"center\">\n<p class=\"western\"><i>Em 1740 chegou \u00e0 regi\u00e3o do atual Rio Grande do Sul o primeiro grupo organizado de povoadores. Portugueses oriundos da ilha dos A\u00e7ores, contavam com o apoio oficial do governo, que pretendia que se instalassem na vasta \u00e1rea onde anteriormente estavam situadas as Miss\u00f5es.<\/i><\/p>\n<p class=\"western\"><i>A partir da d\u00e9cada de vinte do s\u00e9culo XIX, o governo brasileiro resolveu estimular a vinda de imigrantes europeus, para formar uma camada social de homens livres que tivessem habilita\u00e7\u00e3o profissional e pudessem oferecer ao pa\u00eds os produtos que at\u00e9 ent\u00e3o tinham que ser importados, ou que eram produzidos em escala m\u00ednima. Os primeiros imigrantes que chegaram foram os alem\u00e3es, em 1824. Eles foram assentados em glebas de terra situadas nas proximidades da capital ga\u00facha. E, em pouco tempo, come\u00e7aram a mudar o perfil da economia do atual estado.<\/i><\/p>\n<p class=\"western\"><i>Primeiramente, introduziram o artesanato em uma escala que, at\u00e9 ent\u00e3o, nunca fora praticada. Depois, estabeleceram la\u00e7os comerciais com seus pa\u00edses de origem, que terminaram por beneficiar o Rio Grande. Pela primeira vez havia, no pa\u00eds, uma regi\u00e3o em que predominavam os homens livres, que viviam de seu trabalho, e n\u00e3o da explora\u00e7\u00e3o do trabalho alheio.<\/i><\/p>\n<p class=\"western\"><i>As levas de imigrantes se sucederam, e aos poucos transformaram o perfil do Rio Grande. Trouxeram a agricultura de pequena propriedade e o artesanato. Atrav\u00e9s dessas atividades, consolidaram um mercado interno e desenvolveram a camada m\u00e9dia da popula\u00e7\u00e3o. E, embora o poder pol\u00edtico ainda fosse detido pelos grandes senhores das est\u00e2ncias e charqueadas, o poder econ\u00f4mico dos imigrantes foi, aos poucos, se consolidando.<\/i><\/p>\n<p class=\"western\" align=\"right\"><span style=\"font-size: small\">(Adaptado de: projetoriograndetche.weebly.com\/imigraccedilatildeo-no-rs.html)<\/span><\/p>\n<p class=\"western\">\n<ol start=\"9\">\n<li><span style=\"color: #1b51a9\"><span style=\"font-size: large\"><b>(FCC \/ BANRISUL \/ ESCRITUR\u00c1RIO \/ 2019) <\/b><\/span><\/span><\/li>\n<\/ol>\n<p>Os primeiros imigrantes alem\u00e3es a se estabelecerem no Rio Grande do Sul<\/p>\n<p>(A) constitu\u00edram uma alternativa ao trabalho escravo, alterando, com o tempo, a fisionomia econ\u00f4mica do estado.<\/p>\n<p>(B) promoveram a ocupa\u00e7\u00e3o, com apoio governamental, de uma ampla regi\u00e3o destinada ao estabelecimento das Miss\u00f5es.<\/p>\n<p>(C) foram assentados em glebas onde j\u00e1 com efic\u00e1cia se cultivavam produtos que concorriam com os importados.<\/p>\n<p>(D) alteraram a qualidade e a quantidade dos produtos artesanais locais, o que se infletiu na economia da regi\u00e3o.<\/p>\n<p>(E) representaram o ingresso no mercado de trabalhadores qualificados que modernizaram a produ\u00e7\u00e3o industrial.<\/p>\n<p><span style=\"color: #1b51a9\"><span style=\"font-size: large\"><b>Coment\u00e1rios: <\/b><\/span><\/span><\/p>\n<p class=\"western\">Vejamos a resposta e sua fundamenta\u00e7\u00e3o no texto:<\/p>\n<p class=\"western\">constitu\u00edram uma alternativa ao trabalho escravo, alterando, com o tempo, a fisionomia econ\u00f4mica do estado.<\/p>\n<p class=\"western\">Onde est\u00e1 isso?<\/p>\n<p class=\"western\"><i>Pela primeira vez havia, no pa\u00eds, uma regi\u00e3o em que predominavam os homens livres, que viviam de seu trabalho, e n\u00e3o da explora\u00e7\u00e3o do trabalho alheio.<\/i><\/p>\n<p class=\"western\"><i>As levas de imigrantes se sucederam, e aos poucos transformaram o perfil do Rio Grande. Trouxeram a agricultura de pequena propriedade e o artesanato. Atrav\u00e9s dessas atividades, consolidaram um mercado interno e desenvolveram a camada m\u00e9dia da popula\u00e7\u00e3o. <\/i><\/p>\n<p class=\"western\">Gabarito letra A.<\/p>\n<ol start=\"10\">\n<li><span style=\"color: #1b51a9\"><span style=\"font-size: large\"><b>(FCC \/ BANRISUL \/ ESCRITUR\u00c1RIO \/ 2019) <\/b><\/span><\/span><\/li>\n<\/ol>\n<p>Com a sucess\u00e3o de levas de imigrantes, verificaram-se as seguintes consequ\u00eancias no Rio Grande do Sul:<\/p>\n<p>(A) interdi\u00e7\u00e3o do trabalho escravo e consolida\u00e7\u00e3o das classes dominantes.<\/p>\n<p>(B) diversifica\u00e7\u00e3o do artesanato e valoriza\u00e7\u00e3o do folclore nacional.<\/p>\n<p>(C) consolida\u00e7\u00e3o das est\u00e2ncias tradicionais e minimiza\u00e7\u00e3o das charqueadas.<\/p>\n<p>(D) fortalecimento da economia interna e promo\u00e7\u00e3o econ\u00f4mica da classe m\u00e9dia.<\/p>\n<p>(E) altern\u00e2ncia no comando pol\u00edtico e expans\u00e3o das propriedades rurais.<\/p>\n<p><span style=\"color: #1b51a9\"><span style=\"font-size: large\"><b>Coment\u00e1rios: <\/b><\/span><\/span><\/p>\n<p class=\"western\">Quest\u00e3o direta e literal. Vejamos:<\/p>\n<p>(D) fortalecimento da economia interna e promo\u00e7\u00e3o econ\u00f4mica da classe m\u00e9dia.<\/p>\n<p class=\"western\"><i>Veja o texto: <\/i><\/p>\n<p class=\"western\"><i>&#8230;consolidaram um mercado interno e desenvolveram a camada m\u00e9dia da popula\u00e7\u00e3o. <\/i><\/p>\n<p class=\"western\">Gabarito letra D.<\/p>\n<ol start=\"11\">\n<li><span style=\"color: #1b51a9\"><span style=\"font-size: large\"><b>(FCC \/ BANRISUL \/ ESCRITUR\u00c1RIO \/ 2019) <\/b><\/span><\/span><\/li>\n<\/ol>\n<p>O \u00faltimo par\u00e1grafo do texto enfatiza<\/p>\n<p>(A) a progressiva e positiva transforma\u00e7\u00e3o socioecon\u00f4mica que as levas de imigrantes trouxeram ao estado rio-grandense.<\/p>\n<p>(B) o impulso rapidamente imposto ao ritmo at\u00e9 ent\u00e3o t\u00edmido da produ\u00e7\u00e3o nas pequenas propriedades ga\u00fachas.<\/p>\n<p>(C) a press\u00e3o das camadas emergentes dos trabalhadores sobre a gest\u00e3o pol\u00edtica dos propriet\u00e1rios tradicionais.<\/p>\n<p>(D) a substitui\u00e7\u00e3o dos modos de produ\u00e7\u00e3o local pelas t\u00e9cnicas artesanais h\u00e1 muito consagradas em outras terras.<\/p>\n<p>(E) a import\u00e2ncia da imigra\u00e7\u00e3o alem\u00e3 no deslocamento da economia rural para a do mercado financeiro.<\/p>\n<p><span style=\"color: #1b51a9\"><span style=\"font-size: large\"><b>Coment\u00e1rios: <\/b><\/span><\/span><\/p>\n<p class=\"western\">O que diz o \u00faltimo par\u00e1grafo? Vejamos:<\/p>\n<p class=\"western\"><i>As levas de imigrantes se sucederam, e <b>aos poucos transformaram o perfil do Rio Grande. Trouxeram a agricultura de pequena propriedade e o artesanato<\/b>. Atrav\u00e9s dessas atividades, consolidaram um <b>mercado interno e desenvolveram a camada m\u00e9dia da popula\u00e7\u00e3o<\/b>. E, embora o poder pol\u00edtico ainda fosse detido pelos grandes senhores das est\u00e2ncias e charqueadas, o <b>poder econ\u00f4mico dos imigrantes<\/b> foi, aos poucos, se consolidando.<\/i><\/p>\n<p class=\"western\">O par\u00e1grafo foca na transforma\u00e7\u00e3o do perfil social e econ\u00f4mico do Rio Grande do Sul, que foi desenvolvendo um mercado interno com agricultura e artesanato e foi consolidando uma classe m\u00e9dia.<\/p>\n<p class=\"western\">Gabarito letra A.<\/p>\n<ol start=\"12\">\n<li><span style=\"color: #1b51a9\"><span style=\"font-size: large\"><b>(FCC \/ BANRISUL \/ ESCRITUR\u00c1RIO \/ 2019) <\/b><\/span><\/span><\/li>\n<\/ol>\n<p><i><u>embora<\/u> o poder pol\u00edtico ainda <u>fosse detido pelos<\/u> grandes senhores das est\u00e2ncias<\/i> (4\u00ba par\u00e1grafo)<\/p>\n<p>O sentido e a corre\u00e7\u00e3o do segmento acima estar\u00e3o preservados caso se substituam os elementos sublinhados, respectivamente, por<\/p>\n<p>(A) porquanto \u2013 se detivesse nos<\/p>\n<p>(B) mesmo que \u2212 se circunscrevesse aos<\/p>\n<p>(C) desde que \u2212 se deixasse conter nos<\/p>\n<p>(D) haja vista que \u2212 fosse submetido aos<\/p>\n<p>(E) conquanto \u2212 estivesse adstrito aos<\/p>\n<p><span style=\"color: #1b51a9\"><span style=\"font-size: large\"><b>Coment\u00e1rios: <\/b><\/span><\/span><\/p>\n<p class=\"western\">Conquanto=embora, ambas s\u00e3o conjun\u00e7\u00f5es concessivas. A estrutura de voz passiva \u201cfosse detido (dominado) pelos grandes senhores&#8230;\u201d poderia ser reescrita na forma \u201cestivesse adstrito (restrito exclusivamente) aos grandes senhores.<\/p>\n<p class=\"western\">\u201cporquanto\u201d= \u201cporque\u201d, n\u00e3o traz rela\u00e7\u00e3o de concess\u00e3o.<\/p>\n<p class=\"western\">\u201cmesmo que\u201d \u00e9 locu\u00e7\u00e3o concessiva, a segunda parte n\u00e3o traz exatamente o mesmo sentido: circunscrever \u00e9 demarcar limites.<\/p>\n<p class=\"western\">\u201cdesde que\u201d indica tempo ou condi\u00e7\u00e3o, n\u00e3o pode substituir \u201cembora\u201d.<\/p>\n<p class=\"western\">\u201chaja vista que\u201d expressa causa, n\u00e3o concess\u00e3o.<\/p>\n<p class=\"western\">Gabarito letra E.<\/p>\n<ol start=\"13\">\n<li><span style=\"color: #1b51a9\"><span style=\"font-size: large\"><b>(FCC \/ BANRISUL \/ ESCRITUR\u00c1RIO \/ 2019) <\/b><\/span><\/span><\/li>\n<\/ol>\n<p>Atentando para aspectos de constru\u00e7\u00e3o sint\u00e1tica do texto, observa-se que<\/p>\n<p>(A) a ora\u00e7\u00e3o <i>para formar uma camada social de homens livres<\/i> (2\u00ba par\u00e1grafo) tem valor <b>causal<\/b>.<\/p>\n<p>(B) o segmento <i>uma regi\u00e3o em que predominavam os homens livres<\/i> (3\u00ba par\u00e1grafo) \u00e9 o <b>sujeito<\/b> da forma verbal constante em <i>havia, no pa\u00eds<\/i>.<\/p>\n<p>(C) \u00e9 <b>indefinido<\/b>, em raz\u00e3o do contexto, o sujeito da forma <i>Trouxeram a agricultura<\/i> (4\u00ba par\u00e1grafo)<\/p>\n<p>(D) \u00e9 exemplo de <b>objeto direto<\/b> o termo sublinhado em <i>fosse detido <u>pelos grandes senhores<\/u><\/i> (4\u00ba par\u00e1grafo)<\/p>\n<p>(E) configura-se como <b>agente da voz passiva<\/b> o termo <i>pelos grandes senhores<\/i> (4\u00ba par\u00e1grafo)<\/p>\n<p><span style=\"color: #1b51a9\"><span style=\"font-size: large\"><b>Coment\u00e1rios: <\/b><\/span><\/span><\/p>\n<p>(A) a ora\u00e7\u00e3o <i>para formar uma camada social de homens livres<\/i> (2\u00ba par\u00e1grafo) tem valor <b>final (de prop\u00f3sito, finalidade)<\/b>.<\/p>\n<p>(B) o segmento <i>uma regi\u00e3o em que predominavam os homens livres<\/i> (3\u00ba par\u00e1grafo) \u00e9 o <b>objeto direto<\/b> da forma verbal constante em <i>havia, no pa\u00eds<\/i>.<\/p>\n<p>(C) \u00e9 <b>impl\u00edcito e determinado<\/b>, em raz\u00e3o do contexto, o sujeito da forma <i>Trouxeram a agricultura<\/i> (os imigrantes trouxeram)<\/p>\n<p>(D) \u00e9 exemplo de <b>agente da passiva<\/b> o termo sublinhado em <i>fosse detido <u>pelos grandes senhores<\/u><\/i> (4\u00ba par\u00e1grafo)<\/p>\n<p>(E) configura-se como <b>agente da voz passiva<\/b> o termo <i>pelos grandes senhores<\/i> (4\u00ba par\u00e1grafo)<\/p>\n<p class=\"western\">Gabarito letra E.<\/p>\n<ol start=\"14\">\n<li><span style=\"color: #1b51a9\"><span style=\"font-size: large\"><b>(FCC \/ BANRISUL \/ ESCRITUR\u00c1RIO \/ 2019) <\/b><\/span><\/span><\/li>\n<\/ol>\n<p>Est\u00e1 correto o emprego do elemento sublinhado na frase:<\/p>\n<p>(A) A <u>\u00e1rea aonde<\/u> se instalaram os primeiros imigrantes correspondia \u00e0 das antigas Miss\u00f5es.<\/p>\n<p>(B) O <u>apoio que<\/u> confiavam os imigrantes era a eles prometido pelo governo do estado.<\/p>\n<p>(C) A vinda de imigrantes, <u>em que o est\u00edmulo<\/u> foi respons\u00e1vel o governo, passou a ocorrer em 1740.<\/p>\n<p>(D) Nunca se praticara o artesanato <u>na escala em que<\/u> se deu com os imigrantes alem\u00e3es.<\/p>\n<p>(E) Os imigrantes influenciaram no mercado interno, <u>cujo o crescimento<\/u> foram decisivos.<\/p>\n<p><span style=\"color: #1b51a9\"><span style=\"font-size: large\"><b>Coment\u00e1rios: <\/b><\/span><\/span><\/p>\n<p>(A) A <u>\u00e1rea <\/u><u>ONDE<\/u> se instalaram os primeiros imigrantes correspondia \u00e0 das antigas Miss\u00f5es.<\/p>\n<p>S\u00f3 se usa \u201caonde\u201d quando o verbo pede preposi\u00e7\u00e3o \u201ca\u201d (ir aonde, chegar aonde, comparecer aonde)<\/p>\n<p>(B) O <u>apoio <\/u><u>EM<\/u><u> que<\/u> confiavam os imigrantes era a eles prometido pelo governo do estado.<\/p>\n<p>A preposi\u00e7\u00e3o \u201cem\u201d \u00e9 obrigat\u00f3ria, pois \u00e9 exigida por \u201cconfiavam\u201d.<\/p>\n<p>(C) A vinda de imigrantes, <u>POR CUJO<\/u><u> est\u00edmulo<\/u> foi respons\u00e1vel o governo, passou a ocorrer em 1740.<\/p>\n<p>O governo foi respons\u00e1vel pelo est\u00edmulo DA VINDA. A vinda foi estimulada, ent\u00e3o aqui temos um caso muito espec\u00edfico da l\u00edngua: o cujo introduzindo um termo passivo analisado como complemento nominal.<\/p>\n<p>(D) Nunca se praticara o artesanato <u>na escala em que<\/u> se deu com os imigrantes alem\u00e3es.<\/p>\n<p>O artesanato foi praticado \u201cem uma escala nunca vista\u201d, ent\u00e3o o \u201cem\u201d est\u00e1 adequadamente empregado.<\/p>\n<p>(E) Os imigrantes influenciaram no mercado interno, <u>cujo crescimento<\/u> foi decisivo.<\/p>\n<p>N\u00e3o h\u00e1 artigo antes ou depois de \u201ccujo\u201d e suas varia\u00e7\u00f5es. <i>Gabarito letra D.<\/i><\/p>\n<ol start=\"15\">\n<li><span style=\"color: #1b51a9\"><span style=\"font-size: large\"><b>(FCC \/ BANRISUL \/ ESCRITUR\u00c1RIO \/ 2019) <\/b><\/span><\/span><\/li>\n<\/ol>\n<p>Atente para a seguinte constru\u00e7\u00e3o em discurso direto:<\/p>\n<p>Perguntou-me ele: \u2212 N\u00e3o ter\u00e1 sido essencial a contribui\u00e7\u00e3o dos meus antepassados?<\/p>\n<p>Transpondo-a para o discurso indireto, iniciando-se por <b>Ele me perguntou<\/b>, deve seguir-se, como complementa\u00e7\u00e3o adequada,<\/p>\n<p>(A) <b>se eu julgo essencial a contribui\u00e7\u00e3o dos seus antepassados.<\/b><\/p>\n<p>(B) <b>se n\u00e3o teria sido essencial a contribui\u00e7\u00e3o dos seus antepassados.<\/b><\/p>\n<p>(C) <b>qu\u00e3o essencial tivesse sido a contribui\u00e7\u00e3o de seus antepassados.<\/b><\/p>\n<p>(D) <b>voc\u00ea n\u00e3o acha essencial o que contribu\u00edram os meus antepassados?<\/b><\/p>\n<p>(E) <b>se ser\u00e1 que foi essencial a contribui\u00e7\u00e3o dos meus antepassados?<\/b><\/p>\n<p><span style=\"color: #1b51a9\"><span style=\"font-size: large\"><b>Coment\u00e1rios: <\/b><\/span><\/span><\/p>\n<p class=\"western\">Na constru\u00e7\u00e3o em discurso indireto, temos uma fala recontada, renarrada, reconstru\u00edda pela voz do narrador. Procure ent\u00e3o uma senten\u00e7a com uma ora\u00e7\u00e3o subordinada complementando um verbo de elocu\u00e7\u00e3o: disse que, perguntou se etc\u2026<\/p>\n<p class=\"western\">Como temos \u201cter\u00e1 sido essencial\u201d, futuro composto, e narraremos esse fato indiretamente como algo passado, usaremos o futuro do pret\u00e9rito:<\/p>\n<p class=\"western\">Ele me perguntou <b>se n\u00e3o teria sido essencial<\/b>&#8230;<\/p>\n<p class=\"western\">Gabarito letra B.<\/p>\n<p class=\"western\">\n<p class=\"western\"><u>Aten\u00e7\u00e3o<\/u>: Para responder \u00e0s quest\u00f5es de n\u00fameros 16 a 20, baseie-se no texto abaixo.<\/p>\n<p class=\"western\">\n<p class=\"western\" align=\"center\"><b>[Retratos fi\u00e9is]<\/b><\/p>\n<p class=\"western\">\n<p class=\"western\"><i>N\u00e3o sei por que motivo h\u00e1 de a gente desenhar t\u00e3o objetivamente as coisas: o galho daquela \u00e1rvore exatamente na sua inclina\u00e7\u00e3o de quarenta e tr\u00eas graus, o casaco daquele homem justamente com as ruguinhas que no momento apresenta, e o pr\u00f3prio retratado com todos seus p\u00e9s-de-galinha minuciosamente contadinhos&#8230; Para isso j\u00e1 existe h\u00e1 muito tempo a fotografia, com a qual jamais poderemos competir em mat\u00e9ria de objetividade.<\/i><\/p>\n<p class=\"western\"><i>Se, para contrabalan\u00e7ar minhas lacunas, me houvesse Deus concedido o invej\u00e1vel dom da pintura, eu seria um pintor l\u00edrico (o adjetivo n\u00e3o \u00e9 bem apropriado, mas vai esse mesmo enquanto n\u00e3o ocorrer outro). Quero dizer, o modelo serviria t\u00e3o s\u00f3 do ponto de partida. O restante eu transfiguraria em conformidade com meu desejo de fantasia e poder de imagina\u00e7\u00e3o.<\/i><\/p>\n<p class=\"western\" align=\"right\"><span style=\"font-size: small\">(Adaptado de: QUINTANA, M\u00e1rio. Na volta da esquina. Porto Alegre: Globo, 1979, p. 88)<\/span><\/p>\n<p class=\"western\">\n<ol start=\"16\">\n<li><span style=\"color: #1b51a9\"><span style=\"font-size: large\"><b>(FCC \/ BANRISUL \/ ESCRITUR\u00c1RIO \/ 2019) <\/b><\/span><\/span><\/li>\n<\/ol>\n<p>No primeiro par\u00e1grafo, o autor do texto exprime sua convic\u00e7\u00e3o de que a<\/p>\n<p>(A) pintura, sendo mais criativa que a fotografia, desfruta de melhores condi\u00e7\u00f5es para ser de fato uma arte.<\/p>\n<p>(B) fotografia, ainda que seja uma t\u00e9cnica capaz de objetividade, n\u00e3o distingue os detalhes que uma pintura pode real\u00e7ar.<\/p>\n<p>(C) fotografia, em sua propriedade de retratar tudo objetivamente, alcan\u00e7a mais precis\u00e3o do que qualquer pintura.<\/p>\n<p>(D) pintura, em seu af\u00e3 de retratar tudo objetivamente, acaba por relevar detalhes que a pr\u00f3pria fotografia n\u00e3o exprime.<\/p>\n<p>(E) pintura, quando descarta sua obsess\u00e3o em retratar tudo com o m\u00e1ximo de detalhes, aproxima-se mais da arte da fotografia.<\/p>\n<p><span style=\"color: #1b51a9\"><span style=\"font-size: large\"><b>Coment\u00e1rios: <\/b><\/span><\/span><\/p>\n<p class=\"western\">Quest\u00e3o direta. A pintura \u00e9 feita pelo ser humano, a fotografia pela m\u00e1quina. O autor deixa claro que n\u00e3o \u00e9 poss\u00edvel a pintura concorrer com a precis\u00e3o objetiva da m\u00e1quina:<\/p>\n<p class=\"western\"><i>Para isso j\u00e1 existe h\u00e1 muito tempo a fotografia, com a qual jamais poderemos competir em mat\u00e9ria de objetividade.<\/i><\/p>\n<p class=\"western\">Gabarito letra C.<\/p>\n<ol start=\"17\">\n<li><span style=\"color: #1b51a9\"><span style=\"font-size: large\"><b>(FCC \/ BANRISUL \/ ESCRITUR\u00c1RIO \/ 2019) <\/b><\/span><\/span><\/li>\n<\/ol>\n<p>Demonstra-se boa compreens\u00e3o de um segmento do texto no seguinte caso:<\/p>\n<p>(A) <i>Se, para contrabalan\u00e7ar minhas lacunas, me houvesse Deus concedido o (&#8230;) dom<\/i> = caso Deus tivesse compensado minhas falhas agraciando-me com o talento<\/p>\n<p>(B) <i>o pr\u00f3prio retratado com todos seus p\u00e9s-de-galinha minuciosamente contadinhos<\/i> = o fot\u00f3grafo mesmo, que n\u00e3o poupa detalhes, perde-se ao contar min\u00facias<\/p>\n<p>(C) <i>com a qual jamais poderemos competir em mat\u00e9ria de objetividade<\/i> = com cuja materialidade nem mesmo sendo objetivos havemos de tratar<\/p>\n<p>(D) <i>N\u00e3o sei por que motivo h\u00e1 de a gente desenhar t\u00e3o objetivamente as coisas<\/i> = N\u00e3o vejo raz\u00e3o para renunciarmos \u00e0 objetividade quando desenhamos<\/p>\n<p>(E) <i>O restante eu transfiguraria em conformidade com meu desejo de fantasia<\/i> = O que sobrasse eu dispensaria para poder fazer jus ao meu crit\u00e9rio de artista<\/p>\n<p><span style=\"color: #1b51a9\"><span style=\"font-size: large\"><b>Coment\u00e1rios: <\/b><\/span><\/span><\/p>\n<p class=\"western\"><i>Contrabalan\u00e7ar lacunas tem sentido de \u201ccompensar uma falta\u201d, equilibrar uma aus\u00eancia. Como \u201ctivesse\u201d e \u201chouvesse\u201d s\u00e3o verbos auxiliares equivalentes na forma\u00e7\u00e3o do pret\u00e9rito mais-que-perfeito, a letra A traz uma perfeita equival\u00eancia. <\/i><\/p>\n<p class=\"western\"><i>b) essa passagem fala do pintor, n\u00e3o do fot\u00f3grafo. <\/i><\/p>\n<p class=\"western\"><i>c) mat\u00e9ria (assunto) \u00e9 diferente de materialidade (caracter\u00edstica do que \u00e9 concreto).<\/i><\/p>\n<p class=\"western\"><i>d) as reda\u00e7\u00f5es t\u00eam sentido contr\u00e1rio: renunciar \u00e0 objetividade \u00e9 justamente n\u00e3o desenhar objetivamente.<\/i><\/p>\n<p class=\"western\"><i>e) transfigurar \u00e9 transformar, diferente de dispensar (abrir m\u00e3o)<\/i><\/p>\n<p class=\"western\">Gabarito letra A.<\/p>\n<ol start=\"18\">\n<li><span style=\"color: #1b51a9\"><span style=\"font-size: large\"><b>(FCC \/ BANRISUL \/ ESCRITUR\u00c1RIO \/ 2019) <\/b><\/span><\/span><\/li>\n<\/ol>\n<p>Est\u00e1 clara e correta a reda\u00e7\u00e3o deste livre coment\u00e1rio sobre o texto:<\/p>\n<p>(A) O poeta M\u00e1rio Quintana n\u00e3o demonstra admira\u00e7\u00e3o pelo excesso de fidedignidade com que alguns pintores desejam retratar as coisas.<\/p>\n<p>(B) Trata-se de uma velha discuss\u00e3o, sobre se na arte da fotografia tem detalhes que nenhum pintor haver\u00e1 de se sobrepor.<\/p>\n<p>(C) Na antiguidade cl\u00e1ssica, onde o intento da pintura realista prevalescia, mesmo assim ela n\u00e3o alcan\u00e7ava ser t\u00e3o fotogr\u00e1fica.<\/p>\n<p>(D) Se lhe proviessem como um pintor l\u00edrico, caso Deus assim lhe favorecesse, o poeta M\u00e1rio Quintana disporia-se a transfigurar o real.<\/p>\n<p>(E) O poeta acredita de que seria capaz de criativas inven\u00e7\u00f5es, tendo por base alguma figura em cuja devesse representar com direito \u00e0 essa liberdade.<\/p>\n<p><span style=\"color: #1b51a9\"><span style=\"font-size: large\"><b>Coment\u00e1rios: <\/b><\/span><\/span><\/p>\n<p class=\"western\">A letra A est\u00e1 perfeita, vejamos o erro das demais:<\/p>\n<p class=\"western\">(B) Trata-se de uma velha discuss\u00e3o, sobre se na arte da fotografia H\u00c1 detalhes A que nenhum pintor haver\u00e1 de se sobrepor. (sobrepor-se A)<\/p>\n<p class=\"western\">(C) Na antiguidade cl\u00e1ssica, EM QUE o intento da pintura realista prevaleCia, mesmo assim ela n\u00e3o alcan\u00e7ava ser t\u00e3o fotogr\u00e1fica.<\/p>\n<p class=\"western\">Usamos \u201conde\u201d somente para lugar f\u00edsico.<\/p>\n<p class=\"western\">(D) Se lhe provEssem como um pintor l\u00edrico, caso Deus assim lhe favorecesse, o poeta M\u00e1rio Quintana SE DISPORIA a transfigurar o real.<\/p>\n<p class=\"western\">Al\u00e9m da falta de l\u00f3gica e clareza, n\u00e3o pode haver \u00eanclise com futuro do pret\u00e9rito.<\/p>\n<p class=\"western\">(E) O poeta acredita que seria capaz de criativas inven\u00e7\u00f5es, tendo por base alguma figura em cuja (em cuja o qu\u00ea?) devesse representar com direito a essa liberdade.<\/p>\n<p class=\"western\">N\u00e3o h\u00e1 preposi\u00e7\u00e3o \u201cde\u201d no verbo acreditar, al\u00e9m disso n\u00e3o h\u00e1 crase antes de \u2018essa\u2019, pois a crase ocorre na fus\u00e3o de dois \u201cA\u201d. Gabarito letra A.<\/p>\n<ol start=\"19\">\n<li><span style=\"color: #1b51a9\"><span style=\"font-size: large\"><b>(FCC \/ BANRISUL \/ ESCRITUR\u00c1RIO \/ 2019) <\/b><\/span><\/span><\/li>\n<\/ol>\n<p>O verbo indicado entre par\u00eanteses dever\u00e1 flexionar-se de modo a concordar com o <u>elemento sublinhado<\/u> na seguinte frase:<\/p>\n<p>(A) A muitos <u>pintores<\/u> (<b>interessar<\/b>) mais a observ\u00e2ncia dos detalhes do que o engenho.<\/p>\n<p>(B) At\u00e9 mesmo aos p\u00e9s-de-galinha (<b>dedicar<\/b>) aquele <u>pintor<\/u> sua obsessiva aten\u00e7\u00e3o.<\/p>\n<p>(C) A muitos <u>amantes<\/u> da pintura n\u00e3o (<b>ocorrer<\/b>) bem distingui-la da arte da fotografia.<\/p>\n<p>(D) N\u00e3o (<b>haver<\/b>) tantas <u>preocupa\u00e7\u00f5es<\/u> com o realismo, a imagina\u00e7\u00e3o sairia ganhando.<\/p>\n<p>(E) H\u00e1 pintores cuja imagina\u00e7\u00e3o (<b>ultrapassar<\/b>) em muito os <u>limites<\/u> do realismo.<\/p>\n<p><span style=\"color: #1b51a9\"><span style=\"font-size: large\"><b>Coment\u00e1rios: <\/b><\/span><\/span><\/p>\n<p class=\"western\">Nesse tipo de quest\u00e3o, o que a banca quer \u00e9 que o candidato identifique o sujeito ou o n\u00facleo do sujeito. Vamos marcar o sujeito e flex\u00e3o verbal:<\/p>\n<p class=\"western\">(A) A muitos pintores (<b>interessa<\/b>) mais <b>a observ\u00e2ncia dos detalhes<\/b> do que o engenho.<\/p>\n<p class=\"western\">(B) At\u00e9 mesmo aos p\u00e9s-de-galinha (<b>dedica<\/b>) <b>aquele pintor<\/b> sua obsessiva aten\u00e7\u00e3o.<\/p>\n<p class=\"western\">(C) A muitos amantes da pintura n\u00e3o (ocorre) bem <b>distingui-la da arte da fotografia.<\/b><\/p>\n<p class=\"western\">O sujeito \u00e9 oracional:<b> [ISTO] n\u00e3o ocorre <\/b>a muitos amantes da pintura.<\/p>\n<p class=\"western\">(D) N\u00e3o (h\u00e1) tantas preocupa\u00e7\u00f5es com o realismo, a imagina\u00e7\u00e3o sairia ganhando.<\/p>\n<p class=\"western\">O verbo haver impessoal, com sentido de existir, n\u00e3o tem sujeito.<\/p>\n<p class=\"western\">(E) H\u00e1 pintores cuja <b>imagina\u00e7\u00e3o<\/b> (ultrapassa) em muito os limites do realismo.<\/p>\n<p class=\"western\">Gabarito letra B.<\/p>\n<ol start=\"20\">\n<li><span style=\"color: #1b51a9\"><span style=\"font-size: large\"><b>(FCC \/ BANRISUL \/ ESCRITUR\u00c1RIO \/ 2019) <\/b><\/span><\/span><\/li>\n<\/ol>\n<p>Atente para as seguintes frases:<\/p>\n<p>I. H\u00e1 muito tempo valorizam-se os fot\u00f3grafos, que suplantaram os maus pintores.<\/p>\n<p>II. Desde o s\u00e9culo passado, pintores e fot\u00f3grafos disputam a fidelidade ao real.<\/p>\n<p>III. Dentro de poucos dias, farei uma visita \u00e0 sua exposi\u00e7\u00e3o de fotos.<\/p>\n<p>A supress\u00e3o da v\u00edrgula altera o sentido do que est\u00e1 em<\/p>\n<p>(A) I, II e III.<\/p>\n<p>(B) I e II, apenas.<\/p>\n<p>(C) I e III, apenas.<\/p>\n<p>(D) II e III, apenas.<\/p>\n<p>(E) I, apenas.<\/p>\n<p><span style=\"color: #1b51a9\"><span style=\"font-size: large\"><b>Coment\u00e1rios: <\/b><\/span><\/span><\/p>\n<p class=\"western\">Nesse modelo de quest\u00e3o, procure imediatamente uma ora\u00e7\u00e3o adjetiva. Se houver v\u00edrgula, ser\u00e1 explicativa ap\u00f3s a retirada da v\u00edrgula, passar\u00e1 a ser restritiva.<\/p>\n<p>H\u00e1 muito tempo valorizam-se os fot\u00f3grafos<span style=\"color: #ff3333\"><b>, que suplantaram os maus pintores. (ora\u00e7\u00e3o adjetiva explicativa- coment\u00e1rio geral, esclarecimento adicional)<\/b><\/span><\/p>\n<p>H\u00e1 muito tempo valorizam-se os fot\u00f3grafos<b> <\/b><span style=\"color: #0000ff\"><b>que suplantaram os maus pintores. (ora\u00e7\u00e3o adjetiva restritiva- coment\u00e1rio espec\u00edfico, restrito a uma parte do grupo: apenas alguns fot\u00f3grafos, aqueles que suplantaram os maus pintores)<\/b><\/span><\/p>\n<p class=\"western\" align=\"justify\">Gabarito letra E.<\/p>\n<p align=\"justify\">\n<p align=\"justify\"><img loading=\"lazy\" decoding=\"async\" class=\"aligncenter size-full wp-image-104237\" src=\"https:\/\/dhg1h5j42swfq.cloudfront.net\/2018\/01\/28150853\/M%C3%8DDIAS-SOCIAIS-FELIPE.png\" alt=\"\" width=\"724\" height=\"125\" srcset=\"https:\/\/dhg1h5j42swfq.cloudfront.net\/2018\/01\/28150853\/M%C3%8DDIAS-SOCIAIS-FELIPE.png 724w, https:\/\/dhg1h5j42swfq.cloudfront.net\/2018\/01\/28150853\/M%C3%8DDIAS-SOCIAIS-FELIPE.png 300w, https:\/\/dhg1h5j42swfq.cloudfront.net\/2018\/01\/28150853\/M%C3%8DDIAS-SOCIAIS-FELIPE.png 610w\" sizes=\"auto, (max-width: 724px) 100vw, 724px\" \/><\/p>\n","protected":false},"excerpt":{"rendered":"<p>Fala, pessoal! Bom dia! Hoje trago a prova comentada do Banrisul 2019- s\u00e3o VINTE QUEST\u00d5ES FCC 2019, vale a pena conferir! Algumas quest\u00f5es foram sutis e dif\u00edceis, mas n\u00e3o vejo possibilidade concreta de recurso! Vamos l\u00e1. Aten\u00e7\u00e3o: Para responder \u00e0s quest\u00f5es de n\u00fameros 1 a 8, baseie-se no texto abaixo. A chave do tamanho O [&hellip;]<\/p>\n","protected":false},"author":1,"featured_media":0,"comment_status":"open","ping_status":"closed","sticky":false,"template":"","format":"standard","meta":{"post_tipo":"article","footnotes":""},"categories":[2313,1],"tags":[],"tax_estado":[],"class_list":["post-168124","post","type-post","status-publish","format-standard","hentry","category-carreiras-bancarias","category-cursos-e-concursos"],"acf":[],"yoast_head":"<!-- This site is optimized with the Yoast SEO Premium plugin v27.2 (Yoast SEO v27.2) - https:\/\/yoast.com\/product\/yoast-seo-premium-wordpress\/ -->\n<title>PROVA COMENTADA BANRISUL- PORTUGU\u00caS- FCC 2019<\/title>\n<meta name=\"robots\" content=\"index, follow, max-snippet:-1, max-image-preview:large, max-video-preview:-1\" \/>\n<link rel=\"canonical\" href=\"https:\/\/www.estrategiaconcursos.com.br\/blog\/prova-comentada-banrisul-portugues-fcc-2019\/\" \/>\n<meta property=\"og:locale\" content=\"pt_BR\" \/>\n<meta property=\"og:type\" content=\"article\" \/>\n<meta property=\"og:title\" content=\"PROVA COMENTADA BANRISUL- PORTUGU\u00caS- FCC 2019\" \/>\n<meta property=\"og:description\" content=\"Fala, pessoal! Bom dia! Hoje trago a prova comentada do Banrisul 2019- s\u00e3o VINTE QUEST\u00d5ES FCC 2019, vale a pena conferir! Algumas quest\u00f5es foram sutis e dif\u00edceis, mas n\u00e3o vejo possibilidade concreta de recurso! Vamos l\u00e1. Aten\u00e7\u00e3o: Para responder \u00e0s quest\u00f5es de n\u00fameros 1 a 8, baseie-se no texto abaixo. A chave do tamanho O [&hellip;]\" \/>\n<meta property=\"og:url\" content=\"https:\/\/www.estrategiaconcursos.com.br\/blog\/prova-comentada-banrisul-portugues-fcc-2019\/\" \/>\n<meta property=\"og:site_name\" content=\"Estrat\u00e9gia Concursos\" \/>\n<meta property=\"article:author\" content=\"https:\/\/www.facebook.com\/EstrategiaConcursos\" \/>\n<meta property=\"article:published_time\" content=\"2019-02-26T13:15:43+00:00\" \/>\n<meta property=\"article:modified_time\" content=\"2019-03-08T17:28:45+00:00\" \/>\n<meta name=\"author\" content=\"Coordena\u00e7\u00e3o\" \/>\n<meta name=\"twitter:card\" content=\"summary_large_image\" \/>\n<meta name=\"twitter:creator\" content=\"@EstratConcursos\" \/>\n<meta name=\"twitter:site\" content=\"@EstratConcursos\" \/>\n<meta name=\"twitter:label1\" content=\"Escrito por\" \/>\n\t<meta name=\"twitter:data1\" content=\"Coordena\u00e7\u00e3o\" \/>\n\t<meta name=\"twitter:label2\" content=\"Est. tempo de leitura\" \/>\n\t<meta name=\"twitter:data2\" content=\"25 minutos\" \/>\n<script type=\"application\/ld+json\" class=\"yoast-schema-graph\">{\"@context\":\"https:\/\/schema.org\",\"@graph\":[{\"@type\":\"NewsArticle\",\"@id\":\"https:\/\/www.estrategiaconcursos.com.br\/blog\/prova-comentada-banrisul-portugues-fcc-2019\/#article\",\"isPartOf\":{\"@id\":\"https:\/\/www.estrategiaconcursos.com.br\/blog\/prova-comentada-banrisul-portugues-fcc-2019\/\"},\"author\":{\"name\":\"Coordena\u00e7\u00e3o\",\"@id\":\"https:\/\/www.estrategiaconcursos.com.br\/blog\/#\/schema\/person\/b4a388c97673c5f483d72185668afa1f\"},\"headline\":\"PROVA COMENTADA BANRISUL- PORTUGU\u00caS- FCC 2019\",\"datePublished\":\"2019-02-26T13:15:43+00:00\",\"dateModified\":\"2019-03-08T17:28:45+00:00\",\"mainEntityOfPage\":{\"@id\":\"https:\/\/www.estrategiaconcursos.com.br\/blog\/prova-comentada-banrisul-portugues-fcc-2019\/\"},\"wordCount\":5029,\"commentCount\":3,\"publisher\":{\"@id\":\"https:\/\/www.estrategiaconcursos.com.br\/blog\/#organization\"},\"articleSection\":[\"Banc\u00e1ria (BB, CEF e Bancos Estaduais)\",\"Concursos P\u00fablicos\"],\"inLanguage\":\"pt-BR\",\"potentialAction\":[{\"@type\":\"CommentAction\",\"name\":\"Comment\",\"target\":[\"https:\/\/www.estrategiaconcursos.com.br\/blog\/prova-comentada-banrisul-portugues-fcc-2019\/#respond\"]}],\"copyrightYear\":\"2019\",\"copyrightHolder\":{\"@id\":\"https:\/\/www.estrategiaconcursos.com.br\/blog\/#organization\"}},{\"@type\":\"WebPage\",\"@id\":\"https:\/\/www.estrategiaconcursos.com.br\/blog\/prova-comentada-banrisul-portugues-fcc-2019\/\",\"url\":\"https:\/\/www.estrategiaconcursos.com.br\/blog\/prova-comentada-banrisul-portugues-fcc-2019\/\",\"name\":\"PROVA COMENTADA BANRISUL- PORTUGU\u00caS- FCC 2019\",\"isPartOf\":{\"@id\":\"https:\/\/www.estrategiaconcursos.com.br\/blog\/#website\"},\"datePublished\":\"2019-02-26T13:15:43+00:00\",\"dateModified\":\"2019-03-08T17:28:45+00:00\",\"breadcrumb\":{\"@id\":\"https:\/\/www.estrategiaconcursos.com.br\/blog\/prova-comentada-banrisul-portugues-fcc-2019\/#breadcrumb\"},\"inLanguage\":\"pt-BR\",\"potentialAction\":[{\"@type\":\"ReadAction\",\"target\":[\"https:\/\/www.estrategiaconcursos.com.br\/blog\/prova-comentada-banrisul-portugues-fcc-2019\/\"]}]},{\"@type\":\"BreadcrumbList\",\"@id\":\"https:\/\/www.estrategiaconcursos.com.br\/blog\/prova-comentada-banrisul-portugues-fcc-2019\/#breadcrumb\",\"itemListElement\":[{\"@type\":\"ListItem\",\"position\":1,\"name\":\"In\u00edcio\",\"item\":\"https:\/\/www.estrategiaconcursos.com.br\/blog\/\"},{\"@type\":\"ListItem\",\"position\":2,\"name\":\"PROVA COMENTADA BANRISUL- PORTUGU\u00caS- FCC 2019\"}]},{\"@type\":\"WebSite\",\"@id\":\"https:\/\/www.estrategiaconcursos.com.br\/blog\/#website\",\"url\":\"https:\/\/www.estrategiaconcursos.com.br\/blog\/\",\"name\":\"Estrat\u00e9gia Concursos\",\"description\":\"O blog da Estrat\u00e9gia Concursos traz not\u00edcias sobre concursos e artigos de professores oferecendo cursos para concursos (pdf + videaulas) no site.\",\"publisher\":{\"@id\":\"https:\/\/www.estrategiaconcursos.com.br\/blog\/#organization\"},\"potentialAction\":[{\"@type\":\"SearchAction\",\"target\":{\"@type\":\"EntryPoint\",\"urlTemplate\":\"https:\/\/www.estrategiaconcursos.com.br\/blog\/?s={search_term_string}\"},\"query-input\":{\"@type\":\"PropertyValueSpecification\",\"valueRequired\":true,\"valueName\":\"search_term_string\"}}],\"inLanguage\":\"pt-BR\"},{\"@type\":\"Organization\",\"@id\":\"https:\/\/www.estrategiaconcursos.com.br\/blog\/#organization\",\"name\":\"Estrat\u00e9gia Concursos\",\"url\":\"https:\/\/www.estrategiaconcursos.com.br\/blog\/\",\"logo\":{\"@type\":\"ImageObject\",\"inLanguage\":\"pt-BR\",\"@id\":\"https:\/\/www.estrategiaconcursos.com.br\/blog\/#\/schema\/logo\/image\/\",\"url\":\"https:\/\/dhg1h5j42swfq.cloudfront.net\/2025\/06\/03203428\/logo_concursos-1.jpg\",\"contentUrl\":\"https:\/\/dhg1h5j42swfq.cloudfront.net\/2025\/06\/03203428\/logo_concursos-1.jpg\",\"width\":230,\"height\":60,\"caption\":\"Estrat\u00e9gia Concursos\"},\"image\":{\"@id\":\"https:\/\/www.estrategiaconcursos.com.br\/blog\/#\/schema\/logo\/image\/\"},\"sameAs\":[\"https:\/\/x.com\/EstratConcursos\"]},{\"@type\":\"Person\",\"@id\":\"https:\/\/www.estrategiaconcursos.com.br\/blog\/#\/schema\/person\/b4a388c97673c5f483d72185668afa1f\",\"name\":\"Coordena\u00e7\u00e3o\",\"image\":{\"@type\":\"ImageObject\",\"inLanguage\":\"pt-BR\",\"@id\":\"https:\/\/secure.gravatar.com\/avatar\/b720319e4c9a967eb58678d110f4fe35452fc5d5f97b202bac7b8acceb18c6ad?s=96&d=mm&r=g\",\"url\":\"https:\/\/secure.gravatar.com\/avatar\/b720319e4c9a967eb58678d110f4fe35452fc5d5f97b202bac7b8acceb18c6ad?s=96&d=mm&r=g\",\"contentUrl\":\"https:\/\/secure.gravatar.com\/avatar\/b720319e4c9a967eb58678d110f4fe35452fc5d5f97b202bac7b8acceb18c6ad?s=96&d=mm&r=g\",\"caption\":\"Coordena\u00e7\u00e3o\"},\"sameAs\":[\"https:\/\/www.facebook.com\/EstrategiaConcursos\",\"https:\/\/x.com\/EstratConcursos\"],\"url\":\"https:\/\/www.estrategiaconcursos.com.br\/blog\/author\/estrategia2013\/\"}]}<\/script>\n<!-- \/ Yoast SEO Premium plugin. -->","yoast_head_json":{"title":"PROVA COMENTADA BANRISUL- PORTUGU\u00caS- FCC 2019","robots":{"index":"index","follow":"follow","max-snippet":"max-snippet:-1","max-image-preview":"max-image-preview:large","max-video-preview":"max-video-preview:-1"},"canonical":"https:\/\/www.estrategiaconcursos.com.br\/blog\/prova-comentada-banrisul-portugues-fcc-2019\/","og_locale":"pt_BR","og_type":"article","og_title":"PROVA COMENTADA BANRISUL- PORTUGU\u00caS- FCC 2019","og_description":"Fala, pessoal! Bom dia! Hoje trago a prova comentada do Banrisul 2019- s\u00e3o VINTE QUEST\u00d5ES FCC 2019, vale a pena conferir! Algumas quest\u00f5es foram sutis e dif\u00edceis, mas n\u00e3o vejo possibilidade concreta de recurso! Vamos l\u00e1. Aten\u00e7\u00e3o: Para responder \u00e0s quest\u00f5es de n\u00fameros 1 a 8, baseie-se no texto abaixo. A chave do tamanho O [&hellip;]","og_url":"https:\/\/www.estrategiaconcursos.com.br\/blog\/prova-comentada-banrisul-portugues-fcc-2019\/","og_site_name":"Estrat\u00e9gia Concursos","article_author":"https:\/\/www.facebook.com\/EstrategiaConcursos","article_published_time":"2019-02-26T13:15:43+00:00","article_modified_time":"2019-03-08T17:28:45+00:00","author":"Coordena\u00e7\u00e3o","twitter_card":"summary_large_image","twitter_creator":"@EstratConcursos","twitter_site":"@EstratConcursos","twitter_misc":{"Escrito por":"Coordena\u00e7\u00e3o","Est. tempo de leitura":"25 minutos"},"schema":{"@context":"https:\/\/schema.org","@graph":[{"@type":"NewsArticle","@id":"https:\/\/www.estrategiaconcursos.com.br\/blog\/prova-comentada-banrisul-portugues-fcc-2019\/#article","isPartOf":{"@id":"https:\/\/www.estrategiaconcursos.com.br\/blog\/prova-comentada-banrisul-portugues-fcc-2019\/"},"author":{"name":"Coordena\u00e7\u00e3o","@id":"https:\/\/www.estrategiaconcursos.com.br\/blog\/#\/schema\/person\/b4a388c97673c5f483d72185668afa1f"},"headline":"PROVA COMENTADA BANRISUL- PORTUGU\u00caS- FCC 2019","datePublished":"2019-02-26T13:15:43+00:00","dateModified":"2019-03-08T17:28:45+00:00","mainEntityOfPage":{"@id":"https:\/\/www.estrategiaconcursos.com.br\/blog\/prova-comentada-banrisul-portugues-fcc-2019\/"},"wordCount":5029,"commentCount":3,"publisher":{"@id":"https:\/\/www.estrategiaconcursos.com.br\/blog\/#organization"},"articleSection":["Banc\u00e1ria (BB, CEF e Bancos Estaduais)","Concursos P\u00fablicos"],"inLanguage":"pt-BR","potentialAction":[{"@type":"CommentAction","name":"Comment","target":["https:\/\/www.estrategiaconcursos.com.br\/blog\/prova-comentada-banrisul-portugues-fcc-2019\/#respond"]}],"copyrightYear":"2019","copyrightHolder":{"@id":"https:\/\/www.estrategiaconcursos.com.br\/blog\/#organization"}},{"@type":"WebPage","@id":"https:\/\/www.estrategiaconcursos.com.br\/blog\/prova-comentada-banrisul-portugues-fcc-2019\/","url":"https:\/\/www.estrategiaconcursos.com.br\/blog\/prova-comentada-banrisul-portugues-fcc-2019\/","name":"PROVA COMENTADA BANRISUL- PORTUGU\u00caS- FCC 2019","isPartOf":{"@id":"https:\/\/www.estrategiaconcursos.com.br\/blog\/#website"},"datePublished":"2019-02-26T13:15:43+00:00","dateModified":"2019-03-08T17:28:45+00:00","breadcrumb":{"@id":"https:\/\/www.estrategiaconcursos.com.br\/blog\/prova-comentada-banrisul-portugues-fcc-2019\/#breadcrumb"},"inLanguage":"pt-BR","potentialAction":[{"@type":"ReadAction","target":["https:\/\/www.estrategiaconcursos.com.br\/blog\/prova-comentada-banrisul-portugues-fcc-2019\/"]}]},{"@type":"BreadcrumbList","@id":"https:\/\/www.estrategiaconcursos.com.br\/blog\/prova-comentada-banrisul-portugues-fcc-2019\/#breadcrumb","itemListElement":[{"@type":"ListItem","position":1,"name":"In\u00edcio","item":"https:\/\/www.estrategiaconcursos.com.br\/blog\/"},{"@type":"ListItem","position":2,"name":"PROVA COMENTADA BANRISUL- PORTUGU\u00caS- FCC 2019"}]},{"@type":"WebSite","@id":"https:\/\/www.estrategiaconcursos.com.br\/blog\/#website","url":"https:\/\/www.estrategiaconcursos.com.br\/blog\/","name":"Estrat\u00e9gia Concursos","description":"O blog da Estrat\u00e9gia Concursos traz not\u00edcias sobre concursos e artigos de professores oferecendo cursos para concursos (pdf + videaulas) no site.","publisher":{"@id":"https:\/\/www.estrategiaconcursos.com.br\/blog\/#organization"},"potentialAction":[{"@type":"SearchAction","target":{"@type":"EntryPoint","urlTemplate":"https:\/\/www.estrategiaconcursos.com.br\/blog\/?s={search_term_string}"},"query-input":{"@type":"PropertyValueSpecification","valueRequired":true,"valueName":"search_term_string"}}],"inLanguage":"pt-BR"},{"@type":"Organization","@id":"https:\/\/www.estrategiaconcursos.com.br\/blog\/#organization","name":"Estrat\u00e9gia Concursos","url":"https:\/\/www.estrategiaconcursos.com.br\/blog\/","logo":{"@type":"ImageObject","inLanguage":"pt-BR","@id":"https:\/\/www.estrategiaconcursos.com.br\/blog\/#\/schema\/logo\/image\/","url":"https:\/\/dhg1h5j42swfq.cloudfront.net\/2025\/06\/03203428\/logo_concursos-1.jpg","contentUrl":"https:\/\/dhg1h5j42swfq.cloudfront.net\/2025\/06\/03203428\/logo_concursos-1.jpg","width":230,"height":60,"caption":"Estrat\u00e9gia Concursos"},"image":{"@id":"https:\/\/www.estrategiaconcursos.com.br\/blog\/#\/schema\/logo\/image\/"},"sameAs":["https:\/\/x.com\/EstratConcursos"]},{"@type":"Person","@id":"https:\/\/www.estrategiaconcursos.com.br\/blog\/#\/schema\/person\/b4a388c97673c5f483d72185668afa1f","name":"Coordena\u00e7\u00e3o","image":{"@type":"ImageObject","inLanguage":"pt-BR","@id":"https:\/\/secure.gravatar.com\/avatar\/b720319e4c9a967eb58678d110f4fe35452fc5d5f97b202bac7b8acceb18c6ad?s=96&d=mm&r=g","url":"https:\/\/secure.gravatar.com\/avatar\/b720319e4c9a967eb58678d110f4fe35452fc5d5f97b202bac7b8acceb18c6ad?s=96&d=mm&r=g","contentUrl":"https:\/\/secure.gravatar.com\/avatar\/b720319e4c9a967eb58678d110f4fe35452fc5d5f97b202bac7b8acceb18c6ad?s=96&d=mm&r=g","caption":"Coordena\u00e7\u00e3o"},"sameAs":["https:\/\/www.facebook.com\/EstrategiaConcursos","https:\/\/x.com\/EstratConcursos"],"url":"https:\/\/www.estrategiaconcursos.com.br\/blog\/author\/estrategia2013\/"}]}},"_links":{"self":[{"href":"https:\/\/www.estrategiaconcursos.com.br\/blog\/wp-json\/wp\/v2\/posts\/168124","targetHints":{"allow":["GET"]}}],"collection":[{"href":"https:\/\/www.estrategiaconcursos.com.br\/blog\/wp-json\/wp\/v2\/posts"}],"about":[{"href":"https:\/\/www.estrategiaconcursos.com.br\/blog\/wp-json\/wp\/v2\/types\/post"}],"author":[{"embeddable":true,"href":"https:\/\/www.estrategiaconcursos.com.br\/blog\/wp-json\/wp\/v2\/users\/1"}],"replies":[{"embeddable":true,"href":"https:\/\/www.estrategiaconcursos.com.br\/blog\/wp-json\/wp\/v2\/comments?post=168124"}],"version-history":[{"count":2,"href":"https:\/\/www.estrategiaconcursos.com.br\/blog\/wp-json\/wp\/v2\/posts\/168124\/revisions"}],"predecessor-version":[{"id":168129,"href":"https:\/\/www.estrategiaconcursos.com.br\/blog\/wp-json\/wp\/v2\/posts\/168124\/revisions\/168129"}],"wp:attachment":[{"href":"https:\/\/www.estrategiaconcursos.com.br\/blog\/wp-json\/wp\/v2\/media?parent=168124"}],"wp:term":[{"taxonomy":"category","embeddable":true,"href":"https:\/\/www.estrategiaconcursos.com.br\/blog\/wp-json\/wp\/v2\/categories?post=168124"},{"taxonomy":"post_tag","embeddable":true,"href":"https:\/\/www.estrategiaconcursos.com.br\/blog\/wp-json\/wp\/v2\/tags?post=168124"},{"taxonomy":"tax_estado","embeddable":true,"href":"https:\/\/www.estrategiaconcursos.com.br\/blog\/wp-json\/wp\/v2\/tax_estado?post=168124"}],"curies":[{"name":"wp","href":"https:\/\/api.w.org\/{rel}","templated":true}]}}