{"id":1681234,"date":"2025-12-14T21:57:00","date_gmt":"2025-12-15T00:57:00","guid":{"rendered":"https:\/\/www.estrategiaconcursos.com.br\/blog\/?p=1681234"},"modified":"2025-12-15T09:02:03","modified_gmt":"2025-12-15T12:02:03","slug":"gabarito-extraoficial-cge-sp-auditoria","status":"publish","type":"post","link":"https:\/\/www.estrategiaconcursos.com.br\/blog\/gabarito-extraoficial-cge-sp-auditoria\/","title":{"rendered":"Gabarito Extraoficial CGE SP: Especialidade Auditoria!"},"content":{"rendered":"\n<p>Neste domingo, 14 de dezembro, foram aplicadas as <strong>provas objetivas e discursivas do concurso CGE SP (<a href=\"https:\/\/www.estrategiaconcursos.com.br\/cursosPorConcurso\/controladoria-geral-do-estado-de-sao-paulo-cge-sp\/\" target=\"_blank\" rel=\"noreferrer noopener\">Controladoria-Geral do Estado de S\u00e3o Paulo<\/a>)<\/strong>.<strong>\u00a0<\/strong><\/p>\n\n\n\n<p>As avalia\u00e7\u00f5es aconteceram em dois turnos, sendo das 8h \u00e0s 12h30, no turno da manh\u00e3, e das 15h30 \u00e0s 20h, no turno da tarde, segundo o hor\u00e1rio oficial de Bras\u00edlia, DF<\/p>\n\n\n\n<p>Com o objetivo de ajud\u00e1-lo a diminuir a ansiedade de saber se foi bem ou n\u00e3o em um concurso t\u00e3o importante,&nbsp;nossos professores realizam a <strong>corre\u00e7\u00e3o ao vivo<\/strong> a partir das 20h, analisando o&nbsp;<strong>gabarito extraoficial<\/strong> da prova do concurso CGE SP para o cargo de <strong><\/strong><strong>Auditor Estadual de Controle<\/strong> \u2013 Especialidade Auditoria.<\/p>\n\n\n\n<p>Assim, confira antecipadamente seu desempenho e ainda receba <strong>dicas de recursos<\/strong> (se houver necessidade, claro!).<\/p>\n\n\n\n<p>Lembrando que os gabaritos preliminares devem ser liberados no site da <a href=\"https:\/\/conhecimento.fgv.br\/concursos\/cgesp2025\" target=\"_blank\" rel=\"noreferrer noopener\">FGV<\/a> somente no dia 16 de dezembro, pr\u00f3xima ter\u00e7a-feira.<\/p>\n\n\n\n<h2 class=\"wp-block-heading\" id=\"Enfermagem\">Corre\u00e7\u00e3o ao vivo e Gabarito Extraoficial CGE SP &#8211; Cargo: Auditor Estadual de Controle &#8211; Especialidade Auditoria&nbsp;<\/h2>\n\n\n<figure class=\"wp-block-embed-youtube wp-block-embed is-type-video is-provider-youtube wp-embed-aspect-16-9 wp-has-aspect-ratio\"><div class=\"lyte-wrapper\" style=\"width:853px;max-width:100%;margin:5px;\"><div class=\"lyMe\" id=\"WYL_TqMY9-_4pVc\"><div id=\"lyte_TqMY9-_4pVc\" data-src=\"\/\/i.ytimg.com\/vi\/TqMY9-_4pVc\/hqdefault.jpg\" class=\"pL\"><div class=\"tC\"><div class=\"tT\"><\/div><\/div><div class=\"play\"><\/div><div class=\"ctrl\"><div class=\"Lctrl\"><\/div><div class=\"Rctrl\"><\/div><\/div><\/div><noscript><a href=\"https:\/\/youtu.be\/TqMY9-_4pVc\" rel=\"nofollow\"><img loading=\"lazy\" decoding=\"async\" src=\"https:\/\/i.ytimg.com\/vi\/TqMY9-_4pVc\/0.jpg\" alt=\"YouTube video thumbnail\" width=\"853\" height=\"460\" \/><br \/>Assista a este v\u00eddeo no YouTube<\/a><\/noscript><\/div><\/div><div class=\"lL\" style=\"max-width:100%;width:853px;margin:5px;\"><\/div><figcaption><\/figcaption><\/figure>\n\n\n<p><strong>Aten\u00e7\u00e3o! <\/strong>Cada prova costuma ter uma ordena\u00e7\u00e3o diferente das quest\u00f5es. Assim, fique atento ao in\u00edcio do enunciado na sua vers\u00e3o de prova.<\/p>\n\n\n\n<h2 class=\"wp-block-heading has-text-align-center\" id=\"h-modulo-i-manha-prova-tipo-1-branca\">M\u00f3dulo I &#8211; Manh\u00e3 (Prova Tipo 1 &#8211; Branca)<\/h2>\n\n\n\n<h3 class=\"wp-block-heading has-text-align-center has-vivid-cyan-blue-color has-text-color has-link-color wp-elements-ce6a85358c1057f47e268f39db067d01\" id=\"h-lingua-portuguesa\">L\u00edngua Portuguesa<\/h3>\n\n\n\n<p><strong>Quest\u00e3o 1 \u2013<\/strong>&nbsp;Assinale a frase em que o termo sublinhado \u00e9 referencialmente identificado, de forma eficiente, para o leitor.<br \/><strong>(C) <span style=\"text-decoration: underline;\">Guimar\u00e3es Rosa<\/span><\/strong>, nosso grande romancista, iniciou sua<\/p>\n\n\n\n<p><strong>Quest\u00e3o 2 \u2013<\/strong>&nbsp;Lei o texto a seguir.<em>&nbsp;\u201cO presidente da ultraliberal Uni\u00e3o da Pol\u00edtica Real, Janus Mikke, partid\u00e1rio do endurecimento do C\u00f3digo Penal e porta-voz incans\u00e1vel da luta contra a delinqu\u00eancia na Pol\u00f4nia\u201d<br \/><\/em><strong>(A) <\/strong>O texto exemplifica o modo narrativo de organiza\u00e7\u00e3o discursiva.<\/p>\n\n\n\n<p><strong>Quest\u00e3o 3 \u2013<\/strong>&nbsp;Leia o texto a seguir.&nbsp;<em>\u201cOs p\u00e9s do homem se afundaram na areia, deixando uma marca informe, como se fosse a pegada de algum animal.\u201d<\/em><br \/><strong>(B) <\/strong>do uso de express\u00f5es referenciais que aludem a personagens&#8230;<\/p>\n\n\n\n<p><strong>Quest\u00e3o 4 \u2013<\/strong>&nbsp;Leia o texto a seguir.<em>&nbsp;\u201cDiante da ag\u00eancia dos Correios havia uma oficina de carpintaria e uma loja de roupa infantil.\u201d<\/em><br \/><strong>(D) <\/strong>O pronome demonstrativo &#8220;aquela&#8221; se refere ao segundo dos&#8230;<\/p>\n\n\n\n<p><strong>Quest\u00e3o 5 \u2013<\/strong>&nbsp;Leia o seguinte texto, retirado de uma hist\u00f3ria infantil:&nbsp;<em>\u201cEra uma vez um poderoso rei chamado Uriel, que vivia num majestoso castelo ao norte do reino de Mantrif\u00e1s.\u201d<\/em><br \/><strong>C) <\/strong>O pronome relativo &#8220;que&#8221; &#8211; que se reuniam &#8211; tem por<\/p>\n\n\n\n<p><strong>Quest\u00e3o 6 \u2013<\/strong>&nbsp;Assinale a frase que mostra uma constru\u00e7\u00e3o correta.<br \/><strong>(E) <\/strong>O relat\u00f3rio comprova que tr\u00eas de cada dez eleitores votam&#8230;<\/p>\n\n\n\n<p><strong>Quest\u00e3o 7 \u2013<\/strong>&nbsp;Leia o texto a seguir.&nbsp;<em>\u201cBelo Horizonte, a capital de Minas Gerais, foi palco de um brutal crime transf\u00f3bico, registrado pelas c\u00e2meras de seguran\u00e7a na regi\u00e3o de Venda Nova.\u201d<\/em><br \/><strong>(D) <\/strong>Os termos &#8220;A mulher&#8221; e &#8220;o homem&#8221; se referem a termos&#8230;<\/p>\n\n\n\n<p><strong>Quest\u00e3o 8 \u2013<\/strong>&nbsp;As op\u00e7\u00f5es a seguir apresentam cinco exemplos de in\u00edcios de narrativas liter\u00e1rias. Assinale a que mostra um in\u00edcio em que h\u00e1 preocupa\u00e7\u00e3o com a identifica\u00e7\u00e3o das realidades referidas.<br \/><strong>(E) <\/strong>A morte de Afonso VI, rei de Le\u00e3o e Castela, quase no fim da&#8230;<\/p>\n\n\n\n<p><strong>Quest\u00e3o 9 \u2013<\/strong>&nbsp;Nas op\u00e7\u00f5es a seguir h\u00e1 termos destacados que s\u00e3o referidos de forma diferente na continuidade do texto. Assinale a op\u00e7\u00e3o em que essa refer\u00eancia \u00e9 feita por um termo geral.<br \/><strong>(A) <\/strong>Vou usar o <strong><span style=\"text-decoration: underline;\">computador<\/span><\/strong> com reserva. Esse equipamento&#8230;<\/p>\n\n\n\n<p><strong>Quest\u00e3o 10&nbsp;<\/strong>\u2013 As op\u00e7\u00f5es a seguir mostram ora\u00e7\u00f5es adjetivas sublinhadas. Assinale a op\u00e7\u00e3o que apresenta a substitui\u00e7\u00e3o adequada de uma ora\u00e7\u00e3o por um adjetivo.<br \/><strong>(E) <\/strong>O mundo \u00e9 perigoso n\u00e3o por causa daqueles <strong><span style=\"text-decoration: underline;\">que fazem o mal<\/span><\/strong>&#8230;<\/p>\n\n\n\n<p><strong>Quest\u00e3o 11&nbsp;<\/strong>\u2013 Assinale a op\u00e7\u00e3o em que se cometeu um <strong><span style=\"text-decoration: underline;\">erro<\/span><\/strong> no emprego de palavras par\u00f4nimas ou hom\u00f4nimas.<br \/><strong>(B) <\/strong>Fomos todos ao teatro para ver o <strong><span style=\"text-decoration: underline;\">conserto<\/span><\/strong>.<\/p>\n\n\n\n<p><strong>Quest\u00e3o 12 \u2013&nbsp;<\/strong>Assinale a op\u00e7\u00e3o que apresenta o texto que deve ser inclu\u00eddo entre os narrativos.<br \/><strong>(E) <\/strong>carteiro entrou na rua e distribuiu rapidamente&#8230;<\/p>\n\n\n\n<h3 class=\"wp-block-heading has-text-align-center has-vivid-cyan-blue-color has-text-color has-link-color wp-elements-b2fc893c1e0010cedb9523c4e1389ed5\" id=\"h-lingua-inglesa\">L\u00edngua Inglesa<\/h3>\n\n\n\n<p><strong>Quest\u00e3o 13&nbsp;<\/strong>\u2013 Read the following text and answer the questions. \u201cArtificial Intelligence: The \u201clethal trifecta\u201d. Based on the text, mark the statements below as true (T) or false (F).<br \/><strong>(C) <\/strong>F-F-\u0422.<\/p>\n\n\n\n<p><strong>Quest\u00e3o 14&nbsp;<\/strong>\u2013 The author compares Al and 19th century engineers to argue that the latter were<br \/><strong>(A)<\/strong> overcareful.<\/p>\n\n\n\n<p><strong>Quest\u00e3o 15<\/strong>&nbsp;\u2013 By referring to LLMs as a trendy way of building artificial intelligence (1st paragraph), the author implies they are<br \/><strong>(E)<\/strong> currently popular.<\/p>\n\n\n\n<p><strong>Quest\u00e3o 16<\/strong>&nbsp;\u2013 The word tricked (1st paragraph) means that LLMs can be<br \/><strong>(D<\/strong>) deceived.<\/p>\n\n\n\n<p><strong>Quest\u00e3o 17<\/strong>&nbsp;\u2013 The phrase shoddy work costs lives (3rd paragraph) refers to work that is<br \/><strong>(E) <\/strong>poor.<\/p>\n\n\n\n<p><strong>Quest\u00e3o 18<\/strong>&nbsp;\u2013 Introducing in by introducing safety margins (6th paragraph) is similar in meaning to<br \/><strong>(C) <\/strong>bringing in.<\/p>\n\n\n\n<p><strong>Quest\u00e3o 19<\/strong>&nbsp;\u2013 The metaphor used in avoid handing it the key<br \/><strong>(A) <\/strong>full control.<\/p>\n\n\n\n<p><strong>Quest\u00e3o 20<\/strong>&nbsp;\u2013 The text concludes that the Victorian engineers\u2019 decision<br \/><strong>B) <\/strong>should be heeded.<\/p>\n\n\n\n<h3 class=\"wp-block-heading has-text-align-center has-vivid-cyan-blue-color has-text-color has-link-color wp-elements-778bae9219715cd73e3337b9777fb5e2\" id=\"h-fundamentos-de-auditoria-governamental\">Fundamentos de Auditoria Governamental<\/h3>\n\n\n\n<p><strong>Quest\u00e3o 21<\/strong>&nbsp;\u2013 Ao realizar um trabalho de auditoria interna, a equipe aplicou as t\u00e9cnicas de auditoria a seguir.<br \/><strong>(A) <\/strong><em>Inspe\u00e7\u00e3o, Circulariza\u00e7\u00e3o e Vouching.<\/em><\/p>\n\n\n\n<p><strong>Quest\u00e3o 22<\/strong>&nbsp;\u2013 Os auditores internos governamentais devem se comportar com cortesia e respeito no trato com pessoas, mesmo em situa\u00e7\u00f5es de diverg\u00eancia de opini\u00e3o, abstendo-se de emitir ju\u00edzo ou adotar pr\u00e1ticas que indiquem qualquer tipo de discrimina\u00e7\u00e3o ou preconceito.<br \/><strong>(C)<\/strong> Integridade.<\/p>\n\n\n\n<p><strong>Quest\u00e3o 23<\/strong>&nbsp;\u2013 Uma equipe de auditores foi designada para realizar um trabalho que exigia a utiliza\u00e7\u00e3o de seus conhecimentos relativos \u00e0 governan\u00e7a, ao gerenciamento de riscos e aos controles internos.<br \/><strong>(E)<\/strong> Facilita\u00e7\u00e3o.<\/p>\n\n\n\n<p><strong>Quest\u00e3o 24<\/strong>&nbsp;\u2013 Jos\u00e9, servidor da Administra\u00e7\u00e3o P\u00fablica Estadual, foi designado para exercer as fun\u00e7\u00f5es de identificar, avaliar, controlar e mitigar os riscos aos objetivos organizacionais.<br \/><strong>(D) <\/strong>Primeira linha.<\/p>\n\n\n\n<p><strong>Quest\u00e3o 25<\/strong>&nbsp;\u2013 Os requisitos \u00e9ticos representam valores aceit\u00e1veis e esperados em rela\u00e7\u00e3o \u00e0 conduta dos auditores internos governamentais. Considerando as disposi\u00e7\u00f5es do referencial t\u00e9cnico da atividade de auditoria interna governamental, relacione os requisitos \u00e9ticos listados a seguir aos seus respectivos comportamentos.<br \/><strong>(B) <\/strong>II-I- III.<\/p>\n\n\n\n<p><strong>Quest\u00e3o 26<\/strong>&nbsp;\u2013 Para realiza\u00e7\u00e3o de uma auditoria interna governamental tendo por objeto a presta\u00e7\u00e3o de servi\u00e7os de engenharia de obras h\u00eddricas, foi designada uma equipe de auditores que, em seu conjunto e individualmente, n\u00e3o possu\u00eda as qualifica\u00e7\u00f5es e os conhecimentos necess\u00e1rios \u00e0 realiza\u00e7\u00e3o desse trabalho.<br \/><strong>(B) <\/strong>Profici\u00eancia.<\/p>\n\n\n\n<p><strong>Quest\u00e3o 27<\/strong>&nbsp;\u2013 Sobre a atividade de gerenciamento de riscos, analise as afirmativas a seguir.<br \/><strong>(B) <\/strong>I e II, apenas.<\/p>\n\n\n\n<p><strong>Quest\u00e3o 28<\/strong>&nbsp;\u2013 O Respons\u00e1vel pela UAIG deve zelar pela adequa\u00e7\u00e3o \u0435 disponibilidade dos recursos necess\u00e1rios (humanos, financeiros e tecnol\u00f3gicos) para o cumprimento do Plano de Auditoria Interna. Para isso, os recursos devem ser suficientes, apropriados e eficazmente aplicados.<br \/><strong>(C) <\/strong>re\u00fanem as compet\u00eancias, as habilidades e os conhecimentos&#8230;<\/p>\n\n\n\n<p><strong>Quest\u00e3o 29<\/strong>&nbsp;\u2013 Nos trabalhos de avalia\u00e7\u00e3o, as quest\u00f5es de auditoria formuladas, os crit\u00e9rios adotados, as t\u00e9cnicas, a natureza e a extens\u00e3o dos testes necess\u00e1rios para identificar, analisar, avaliar e documentar as informa\u00e7\u00f5es durante a execu\u00e7\u00e3o do trabalho, devem estar contidas no documento denominado<br \/><strong>(C) <\/strong>Programa de Trabalho<\/p>\n\n\n\n<p><strong>Quest\u00e3o 30<\/strong>&nbsp;\u2013 Acerca da supervis\u00e3o da atividade de auditoria interna governamental, avalie as afirmativas a seguir.<br \/><strong>(A)<\/strong> II, apenas.<\/p>\n\n\n\n<p><strong>Quest\u00e3o 31<\/strong>&nbsp;\u2013 A obriga\u00e7\u00e3o dos agentes e das organiza\u00e7\u00f5es que gerenciam recursos p\u00fablicos de assumir integralmente as responsabilidades por suas decis\u00f5es e pela presta\u00e7\u00e3o de contas de sua atua\u00e7\u00e3o de forma volunt\u00e1ria, inclusive sobre as consequ\u00eancias de seus atos e omiss\u00f5es, \u00e9 denominada<br \/><strong>(B) <\/strong><em>Accountability<\/em>.<\/p>\n\n\n\n<p><strong>Quest\u00e3o 32<\/strong>&nbsp;\u2013 O planejamento da Auditoria Governamental \u00e9 fundamental para que o trabalho seja realizado com efici\u00eancia e efic\u00e1cia<br \/><strong>(E) <\/strong>I, II e III.<\/p>\n\n\n\n<h3 class=\"wp-block-heading has-text-align-center has-vivid-cyan-blue-color has-text-color has-link-color wp-elements-94e2887a56354af6be04f76fde819f2c\" id=\"h-nocoes-de-direito-constitucional\">No\u00e7\u00f5es de Direito Constitucional<\/h3>\n\n\n\n<p><strong>Quest\u00e3o 33<\/strong>&nbsp;\u2013 O Estado Alfa editou a Lei Complementar n\u00ba X, dispondo sobre determinados aspectos afetos ao controle da execu\u00e7\u00e3o or\u00e7ament\u00e1ria, que ainda n\u00e3o tinham sido disciplinados em norma infraconstitucional.<br \/><strong>(C) <\/strong>a Lei Complementar n\u00ba Y somente tem preemin\u00eancia&#8230;<\/p>\n\n\n\n<p><strong>Quest\u00e3o 34<\/strong>&nbsp;\u2013 A Constitui\u00e7\u00e3o do Estado Alfa foi alterada e o seu Art. X passou \u0430 dispor que, no \u00e2mbito da Assembleia Legislativa, ser\u00e1 criada uma comiss\u00e3o permanente de articula\u00e7\u00e3o e controle interinstitucional, que ser\u00e1 respons\u00e1vel por manter di\u00e1logo permanente com as estruturas estatais de poder de nivel estadual, aglutinar as informa\u00e7\u00f5es decorrentes do controle realizado pelo Poder Legislativo, e contribuir para o aperfei\u00e7oamento de fun\u00e7\u00f5es e servi\u00e7os p\u00fablicos.<br \/><strong>(B) <\/strong>limitada e de princ\u00edpio institutivo.<\/p>\n\n\n\n<p><strong>Quest\u00e3o 35<\/strong>&nbsp;\u2013 Em mat\u00e9ria de controle interno, no contexto da fiscaliza\u00e7\u00e3o cont\u00e1bil, financeira e or\u00e7ament\u00e1ria, de acordo com a Constitui\u00e7\u00e3o Federal, assinale a afirmativa correta.<br \/><strong>(D) <\/strong>Os Poderes Legislativo, Executivo e Judici\u00e1rio manter\u00e3o&#8230;<\/p>\n\n\n\n<p><strong>Quest\u00e3o 36<\/strong>&nbsp;\u2013 Entre os servidores p\u00fablicos do Estado Sigma, iniciou-se um movimento com o objetivo de construir um referencial de isonomia remunerat\u00f3ria, de modo a estimular a atua\u00e7\u00e3o funcional e a aumentar a produtividade.<br \/><strong>(A) <\/strong>Pode ser realizada, mas n\u00e3o pode alcan\u00e7ar os&#8230;<\/p>\n\n\n\n<p><strong>Quest\u00e3o 37<\/strong>&nbsp;\u2013 No \u00e2mbito do Poder Executivo do ente subnacional Delta, foi institu\u00eddo um grupo de trabalho com o objetivo de verificar a viabilidade jur\u00eddica, econ\u00f4mica e financeira de se instituir um regime pr\u00f3prio de Previd\u00eancia Social para os servidores p\u00fablicos estaduais ocupantes de cargos de provimento efetivo.<br \/><strong>(D) <\/strong>a cria\u00e7\u00e3o do regime pr\u00f3prio de Previd\u00eancia Social \u00e9 vedada&#8230;<\/p>\n\n\n\n<p><strong>Quest\u00e3o 38<\/strong>&nbsp;\u2013 O Chefe do Poder Executivo do Estado Sigma encaminhou projeto de lei \u00e0 Assembleia Legislativa no qual criava novos cargos em comiss\u00e3o de simbologia XX, j\u00e1 existente na referida estrutura, e aumentava sua remunera\u00e7\u00e3o em 10% (dez por cento).<br \/><strong>(C)<\/strong> apenas a segunda emenda \u00e9 constitucional.<\/p>\n\n\n\n<p><strong>Quest\u00e3o 39<\/strong>&nbsp;\u2013 Jo\u00e3o, servidor p\u00fablico estadual, foi detido por agentes das for\u00e7as de seguran\u00e7a p\u00fablica sob o argumento de estar em situa\u00e7\u00e3o em de flagrante delito pela pr\u00e1tica de determinada infra\u00e7\u00e3o penal.<br \/><strong>(C)<\/strong> Pode ser objeto de recurso a ser julgado pelo Superior Tribunal de Justi\u00e7a.<\/p>\n\n\n\n<p><strong>Quest\u00e3o 40<\/strong>&nbsp;\u2013 A partir de uma informa\u00e7\u00e3o an\u00f4nima, fiscais vinculados \u00e0 Secretaria competente do Poder Executivo Estadual constataram que Jo\u00e3o estava desenvolvendo certa atividade econ\u00f4mica sem pr\u00e9via autoriza\u00e7\u00e3o do Poder P\u00fablico.<br \/><strong>(D) <\/strong>o princ\u00edpio constitucional da livre iniciativa evidencia&#8230;<\/p>\n\n\n\n<h3 class=\"wp-block-heading has-text-align-center has-vivid-cyan-blue-color has-text-color has-link-color wp-elements-d20a04a2b8cc2e35ad0f7d22d584482f\" id=\"h-nocoes-de-direito-administrativo\">No\u00e7\u00f5es de Direito Administrativo<\/h3>\n\n\n\n<p><strong>Quest\u00e3o 41<\/strong>&nbsp;\u2013 A sociedade empres\u00e1ria Alfa est\u00e1 participando de processo licitat\u00f3rio em curso, visando \u00e0 celebra\u00e7\u00e3o de contrato administrativo com a empresa p\u00fablica Beta, em observ\u00e2ncia \u00e0s formalidades legais.<br \/><strong>(C)<\/strong> III, apenas.<\/p>\n\n\n\n<p><strong>Quest\u00e3o 42<\/strong>&nbsp;\u2013 Jo\u00e3o, agente p\u00fablico, agindo com dolo, praticou, no \u00e2mbito da Administra\u00e7\u00e3o P\u00fablica e com recursos do er\u00e1rio, ato de publicidade em contrariedade aos mandamentos constitucionais \u2013 que exigem o car\u00e1ter educativo, informativo ou de orienta\u00e7\u00e3o social da propaganda-, de forma a promover inequ\u00edvoco enaltecimento pr\u00f3prio e personaliza\u00e7\u00e3o de atos e de programas dos \u00f3rg\u00e3os p\u00fablicos.<br \/><strong>(A) <\/strong>proibi\u00e7\u00e3o de contratar com o poder p\u00fablico&#8230;<\/p>\n\n\n\n<p><strong>Quest\u00e3o 43<\/strong>&nbsp;\u2013 A Pol\u00edcia Federal, ap\u00f3s complexa investiga\u00e7\u00e3o, logrou prender Jo\u00e3o, l\u00edder da organiza\u00e7\u00e3o criminosa Alfa, o qual se encontra, atualmente, custodiado no estabelecimento prisional estadual Beta, no \u00e2mbito do Estado Sigma.<br \/><strong>(A) <\/strong>Andr\u00e9, mas n\u00e3o Cloves e Tiago.<\/p>\n\n\n\n<p><strong>Quest\u00e3o 44<\/strong>&nbsp;\u2013 O C\u00f3digo de \u00c9tica da Administra\u00e7\u00e3o P\u00fablica direta e aut\u00e1rquica \u00e9 um instrumento de orienta\u00e7\u00e3o e governan\u00e7a p\u00fablica a ser observado, em suas rela\u00e7\u00f5es internas e externas, como referencial \u00e9tico e de integridade pelos agentes p\u00fablicos estaduais, sem preju\u00edzo da incid\u00eancia dos demais deveres e proibi\u00e7\u00f5es legais e regulamentares.<br \/><strong>(A) <\/strong>Atender liga\u00e7\u00f5es e solicita\u00e7\u00f5es para participar de reuni\u00f5es&#8230;<\/p>\n\n\n\n<p><strong>Quest\u00e3o 45<\/strong>&nbsp;\u2013 O Decreto Estadual n\u00ba 69.474\/2025, ao dispor sobre o conflito de interesses no \u00e2mbito da Administra\u00e7\u00e3o P\u00fablica direta e aut\u00e1rquica, aduz que conflito de interesses \u00e9 a situa\u00e7\u00e3o gerada pelo confronto entre os interesses p\u00fablicos e privados, que pode comprometer o interesse coletivo ou influenciar, de maneira impr\u00f3pria, o desempenho da fun\u00e7\u00e3o p\u00fablica.<br \/><strong>(A)<\/strong> F-V-V.<\/p>\n\n\n\n<p><strong>Quest\u00e3o 46<\/strong>&nbsp;\u2013 O pedido de informa\u00e7\u00f5es dever\u00e1 ser apresentado por meio da Plataforma Integrada de Ouvidoria e Acesso \u00e0 Informa\u00e7\u00e3o, presencialmente ao Servi\u00e7o de Informa\u00e7\u00f5es ao Cidad\u00e3o (SIC) de \u00f3rg\u00e3o ou entidade ou por qualquer meio leg\u00edtimo que contenha a identifica\u00e7\u00e3o do interessado e a especifica\u00e7\u00e3o da informa\u00e7\u00e3o requerida.<br \/><strong>(E)<\/strong> I, II e III.<\/p>\n\n\n\n<p><strong>Quest\u00e3o 47<\/strong>&nbsp;\u2013 Nos termos da Lei de Prote\u00e7\u00e3o de Dados Pessoais, o leg\u00edtimo interesse do controlador somente poder\u00e1 fundamentar tratamento de dados pessoais para finalidades leg\u00edtimas, consideradas a partir de situa\u00e7\u00f5es concretas, que incluem, mas n\u00e3o se limitam, a apoiar e promover as atividades do controlador e a proteger, em rela\u00e7\u00e3o ao titular, do exerc\u00edcio regular de seus direitos ou presta\u00e7\u00e3o de servi\u00e7os que o beneficiem, respeitadas as leg\u00edtimas expectativas dele e os direitos e liberdades fundamentais.<br \/><strong>(E)<\/strong> V-F-F.<\/p>\n\n\n\n<p><strong>Quest\u00e3o 48<\/strong>&nbsp;\u2013 O processo de contrata\u00e7\u00e3o direta, que compreende os casos de inexigibilidade e de dispensa de licita\u00e7\u00e3o, dever\u00e1 ser instru\u00eddo, dentre outros, com o documento de formaliza\u00e7\u00e3o de demanda e, se for o caso, estudo t\u00e9cnico preliminar, an\u00e1lise de riscos, termo de refer\u00eancia, projeto b\u00e1sico ou projeto executivo.<br \/><strong>(E)<\/strong> I, II e III.<\/p>\n\n\n\n<h3 class=\"wp-block-heading has-text-align-center has-vivid-cyan-blue-color has-text-color has-link-color wp-elements-8ec1d36a9b3872a04de6ba237bc374ed\" id=\"h-administracao-publica-e-politicas-publicas\">Administra\u00e7\u00e3o P\u00fablica e Pol\u00edticas P\u00fablicas<\/h3>\n\n\n\n<p><strong>Quest\u00e3o 49<\/strong>&nbsp;\u2013 Em uma reuni\u00e3o de avalia\u00e7\u00e3o ex ante de uma pol\u00edtica p\u00fablica, a equipe t\u00e9cnica notou que os indicadores escolhidos abrangeriam uma grande quantidade de aspectos do programa, incluindo detalhes que pouco influenciariam no resultado esperado. Diante disso, conclu\u00edram que seria necess\u00e1rio limitar os indicadores aos elementos realmente essenciais do fen\u00f4meno, evitando dispers\u00e3o e excesso de informa\u00e7\u00e3o.<br \/><strong>(B) <\/strong>Seletividade.<\/p>\n\n\n\n<p><strong>Quest\u00e3o 50<\/strong>&nbsp;\u2013 O or\u00e7amento participativo \u00e9 um importante instrumento de democratiza\u00e7\u00e3o da gest\u00e3o p\u00fablica, pois permite \u00e0 popula\u00e7\u00e3o propor e deliberar sobre prioridades de investimento em \u00e1reas como sa\u00fade, educa\u00e7\u00e3o, saneamento e transporte.<br \/>(<strong>E) <\/strong>Risco de manipula\u00e7\u00e3o por interesses locais.<\/p>\n\n\n\n<p><strong>Quest\u00e3o 51<\/strong>&nbsp;\u2013 O planejamento estrat\u00e9gico na Administra\u00e7\u00e3o P\u00fablica \u00e9 um processo cont\u00ednuo que orienta a defini\u00e7\u00e3o de rumos, prioridades e a\u00e7\u00f5es voltadas ao cumprimento da miss\u00e3o institucional.<br \/><strong>(A) <\/strong>Apresentam natureza qualitativa, em raz\u00e3o&#8230;<\/p>\n\n\n\n<p><strong>Quest\u00e3o 52<\/strong>&nbsp;\u2013 O Decreto Estadual n\u00ba 68.159\/2023 instituiu a Pol\u00edtica de Governan\u00e7a da Administra\u00e7\u00e3o P\u00fablica Direta e Aut\u00e1rquica do Estado de S\u00e3o Paulo, estabelecendo que a boa governan\u00e7a deve ser assegurada por tr\u00eas mecanismos complementares: lideran\u00e7a, estrat\u00e9gia e controle.<br \/><strong>(C) <\/strong>Integridade.<\/p>\n\n\n\n<p><strong>Quest\u00e3o 53<\/strong>&nbsp;\u2013 Em estudos sobre corrup\u00e7\u00e3o e pol\u00edticas p\u00fablicas, considera-se que, al\u00e9m do ambiente institucional e dos fatores organizacionais, a lideran\u00e7a anti\u00e9tica desempenha um papel crucial na incid\u00eancia de corrup\u00e7\u00e3o.<br \/><strong>(C) <\/strong>Articular esquemas informais e aut\u00f4nomos de corrup\u00e7\u00e3o&#8230;<\/p>\n\n\n\n<p><strong>Quest\u00e3o 54<\/strong>&nbsp;\u2013 Com o objetivo de aprimorar a transpar\u00eancia e fortalecer os mecanismos de controle de procedimentos operacionais, o Governo do Estado do Rio de Janeiro encomendou um relat\u00f3rio de an\u00e1lise de pol\u00edtica p\u00fablica para avaliar a ado\u00e7\u00e3o de c\u00e2meras corporais (body cameras) nos uniformes dos policiais militares.<strong><br \/>(D) <\/strong>obteve a maior nota total, impulsionada&#8230;<\/p>\n\n\n\n<h3 class=\"wp-block-heading has-text-align-center has-vivid-cyan-blue-color has-text-color has-link-color wp-elements-1ff44a91f534ba69843ac19d58fcc688\" id=\"h-legislacao-institucional-da-cge-sp-e-mecanismos-de-integridade\">Legisla\u00e7\u00e3o institucional da CGE-SP e mecanismos de integridade<\/h3>\n\n\n\n<p><strong>Quest\u00e3o 55<\/strong>&nbsp;\u2013 Sobre as atividades desempenhadas pelo Auditor Estadual de Controle de S\u00e3o Paulo, segundo os balizamentos da Lei Complementar estadual n\u00ba 1.419\/2024, avalie os itens a seguir e assinale (V) para o verdadeiro e (F) para o falso.<br \/><strong>E <\/strong>\u2013 F-F-F.<\/p>\n\n\n\n<p><strong>Quest\u00e3o 56<\/strong>&nbsp;\u2013 Foi recebida uma den\u00fancia de irregularidade, de representante an\u00f4nimo, no \u00e2mbito de certa unidade de apura\u00e7\u00e3o preliminar no Estado de S\u00e3o Paulo, que revelou a gravidade dos fatos na perspectiva administrativa, os quais apontavam para uma ruptura com a juridicidade.<br \/><strong>B) <\/strong>V-F-V.<\/p>\n\n\n\n<p><strong>Quest\u00e3o 57<\/strong>&nbsp;\u2013 Determinado agente p\u00fablico da Administra\u00e7\u00e3o P\u00fablica direta do Estado de S\u00e3o Paulo foi comunicado de que um agente privado, que admirava sua atua\u00e7\u00e3o funcional, iria comparecer \u00e0 reparti\u00e7\u00e3o p\u00fablica e lhe ofertaria um presente.<br \/><strong>(C)<\/strong> \u00e9 poss\u00edvel o recebimento do presente, na hip\u00f3tese&#8230;<\/p>\n\n\n\n<p><strong>Quest\u00e3o 58<\/strong>&nbsp;\u2013 Pedro, servidor p\u00fablico ocupante de cargo de provimento efetivo no \u00e2mbito de uma autarquia do Estado de S\u00e3o Paulo, sem agentes subordinados a ele, tinha d\u00favidas se determinada rela\u00e7\u00e3o profissional, mantida fora do ambiente p\u00fablico e para \u0430 qual o respectivo regime jur\u00eddico n\u00e3o estabelecia veda\u00e7\u00e3o expressa, configurava, ou n\u00e3o, conflito de interesses.<br \/><strong>(B)* <\/strong>consultar a unidade de gest\u00e3o de integridade da autarquia&#8230;<\/p>\n\n\n\n<p><strong>Quest\u00e3o 59<\/strong>&nbsp;\u2013 No \u00e2mbito da Administra\u00e7\u00e3o P\u00fablica direta do Estado de S\u00e3o Paulo, foi analisada a juridicidade da nomea\u00e7\u00e3o de uma pessoa para ocupar cargo em comiss\u00e3o, pessoa esta que tem rela\u00e7\u00e3o de parentesco por afinidade de terceiro grau com um Secret\u00e1rio de Estado.<br \/><strong>(E) <\/strong>\u00c9 l\u00edcita, ainda que a pessoa atue na \u00e1rea de influ\u00eancia&#8230;<\/p>\n\n\n\n<p><strong>Quest\u00e3o 60<\/strong>&nbsp;\u2013 No \u00e2mbito de determinada estrutura org\u00e2nica da Administra\u00e7\u00e3o P\u00fablica direta do Estado de S\u00e3o Paulo, surgiram d\u00favidas em rela\u00e7\u00e3o aos contornos gerais dos denominados dados abertos, considerando a necessidade de implementa\u00e7\u00e3o da pol\u00edtica hom\u00f4nima adotada no \u00e2mbito do Poder Executivo.<br \/><strong><\/strong><strong>D<\/strong>) II e III, apenas.<\/p>\n\n\n\n<h2 class=\"wp-block-heading has-text-align-center\" id=\"h-modulo-ii-tarde-prova-tipo-1-branca\">M\u00f3dulo II &#8211; Tarde (Prova Tipo 1 &#8211; Branca)<\/h2>\n\n\n\n<h3 class=\"wp-block-heading has-text-align-center has-vivid-cyan-blue-color has-text-color has-link-color wp-elements-13469be38f3f04cdad3efe1b90dc0e26\" id=\"h-conhecimentos-especificos-auditoria-governamental-e-controle-interno\">Conhecimentos Espec\u00edficos Auditoria Governamental e Controle Interno<\/h3>\n\n\n\n<p><strong>Quest\u00e3o 1 &#8211;<\/strong> \u00c9 necess\u00e1rio que a Unidade de Auditoria&#8230;<br \/><strong>(B) <\/strong>l e II, apenas.<\/p>\n\n\n\n<p><strong>Quest\u00e3o 2 &#8211;<\/strong> Jos\u00e9, auditor interno da CGE-SP, foi designado para realizar um&#8230;<br \/><strong>(A)<\/strong> familiaridade<\/p>\n\n\n\n<p><strong>Quest\u00e3o 3 &#8211;<\/strong> A respeito das caracter\u00edsticas dos trabalhos de consultoria&#8230;<br \/><strong>Recurso<\/strong><\/p>\n\n\n\n<p><strong>Quest\u00e3o 4 &#8211;<\/strong> Ap\u00f3s a realiza\u00e7\u00e3o de todos os procedimentos&#8230;<br \/><strong>(A) <\/strong>Alta Administra\u00e7\u00e3o<\/p>\n\n\n\n<p><strong>Quest\u00e3o 5 &#8211;<\/strong> Sobre a atividade de apura\u00e7\u00e3o e da identifica\u00e7\u00e3o de fraudes&#8230;<br \/><strong>(B) <\/strong>II, apenas<\/p>\n\n\n\n<p><strong>Quest\u00e3o 6 &#8211;<\/strong> A UAIG deve instituir e manter um Programa de Gest\u00e3o&#8230;<br \/><strong>(E) <\/strong>I, II e III.<\/p>\n\n\n\n<p><strong>Quest\u00e3o 7 &#8211;<\/strong> Na estrutura organizacional da Controladoria Geral G do Estado&#8230;<br \/><strong>(A) <\/strong>Assessoria T\u00e9cnica da CGE<\/p>\n\n\n\n<p><strong>Quest\u00e3o 8 &#8211;<\/strong> Nos termos do Decreto n\u00ba 69.183\/2024, a Controladoria Geral do&#8230;<br \/><strong>(E) <\/strong>Subsecretaria de Combate \u00e0 Corrup\u00e7\u00e3o, composta pela&#8230;<\/p>\n\n\n\n<p><strong>Quest\u00e3o 9 &#8211;<\/strong> A express\u00e3o <em>Planejamento de Auditoria Baseado em Riscos<\/em>&#8230;<br \/><strong>(B) <\/strong>I e II, apenas.<\/p>\n\n\n\n<p><strong>Quest\u00e3o 10 <\/strong>&#8211; Conforme preconizado no Roteiro para elabora\u00e7\u00e3o de planos de&#8230;<br \/><strong>(C) <\/strong>Estabelecer o entendimento da Unidade Auditada<\/p>\n\n\n\n<p><strong>Quest\u00e3o 11 <\/strong>&#8211; A Controladoria Geral do Estado de S\u00e3o Paulo (CGE-SP)&#8230;<br \/><strong>(E) <\/strong>Os Auditores Estaduais de Controle e Corregedores, no&#8230;<\/p>\n\n\n\n<p><strong>Quest\u00e3o 12 &#8211; <\/strong>O Manual de Orienta\u00e7\u00f5es T\u00e9cnicas (MOT)&#8230;<br \/><strong>(C) <\/strong>O auditor interno governamental, durante a apura\u00e7\u00e3o&#8230;<\/p>\n\n\n\n<p><strong>Quest\u00e3o 13 <\/strong>&#8211; O Referencial da Atividade (RTA)&#8230;<br \/><strong>(A) <\/strong>I, apenas.<\/p>\n\n\n\n<p><strong>Quest\u00e3o 14 <\/strong>&#8211; De acordo com a Lei Complementar n\u00ba 1.419\/2024&#8230;<br \/><strong>(E)* <\/strong>Compete \u00e0 Subsecretaria de Integridade P\u00fablica e Privada do&#8230;<\/p>\n\n\n\n<p><strong>Quest\u00e3o 15<\/strong> -A ado\u00e7\u00e3o de C\u00f3digo de \u00c9tica recomendado pelo <em>The Institute of<\/em>&#8230;<br \/><strong>(E) <\/strong>A Objetividade \u00e9 salvaguardada quando os auditores internos&#8230;<\/p>\n\n\n\n<p><strong>Quest\u00e3o 16<\/strong> &#8211; Considerando a estrutura, a organiza\u00e7\u00e3o e as compet\u00eancias&#8230;<br \/><strong>(C) <\/strong>A Ouvidoria Geral do Estado (OGE) atua como \u00d3rg\u00e3o Central&#8230;<\/p>\n\n\n\n<p><strong>Quest\u00e3o 17<\/strong> &#8211; O Roteiro para Elabora\u00e7\u00e3o de Relat\u00f3rio de Auditoria&#8230;<br \/><strong>(C)<\/strong> I e III, apenas<\/p>\n\n\n\n<p><strong>Quest\u00e3o 18<\/strong> &#8211; A Administra\u00e7\u00e3o P\u00fablica Estadual, por meio do Referencial&#8230;<br \/><strong>(B)<\/strong> l e Il, apenas.<\/p>\n\n\n\n<p><strong>Quest\u00e3o 19<\/strong> &#8211; O Roteiro para Elabora\u00e7\u00e3o de Plano de Auditoria Interna (PAINT)&#8230;<br \/><strong>(D) <\/strong>O Plano de Auditoria Interna deve ser necessariamente&#8230;<\/p>\n\n\n\n<p><strong>Quest\u00e3o 20<\/strong> &#8211; A sele\u00e7\u00e3o dos objetos de auditoria com base em riscos, conforme&#8230;<br \/><strong>(A) <\/strong>Se a UAIG for obrigada a realizar sua pr\u00f3pria avalia\u00e7\u00e3o de&#8230;<\/p>\n\n\n\n<h3 class=\"wp-block-heading has-text-align-center has-vivid-cyan-blue-color has-text-color has-link-color wp-elements-36645f2fca1c77a990000ddc966fdcf3\" id=\"h-administracao-financeira-e-orcamentaria-e-financas-publica\">Administra\u00e7\u00e3o Financeira e Or\u00e7ament\u00e1ria e Finan\u00e7as P\u00fablica<\/h3>\n\n\n\n<p><strong>Quest\u00e3o 21<\/strong> &#8211; O Estado <em>Alfa <\/em>evidenciou que, no per\u00edodo de 12 (doze) meses&#8230;<br \/><strong>(C)<\/strong> III, apenas.<\/p>\n\n\n\n<p><strong>Quest\u00e3o 22<\/strong> &#8211; Na Lei Or\u00e7ament\u00e1ria da Uni\u00e3o do ano 20XX (LOA) consta a a\u00e7\u00e3o&#8230;<br \/><strong>(A) <\/strong>projeto.<\/p>\n\n\n\n<p><strong>Quest\u00e3o 23<\/strong> &#8211; Utilizando a classifica\u00e7\u00e3o da natureza da despesa&#8230;<br \/><strong>(C) <\/strong>o grupo de natureza de despesas indica&#8230;<\/p>\n\n\n\n<p><strong>Quest\u00e3o 24<\/strong> &#8211; O regime de adiantamento, conforme o Decreto n\u00ba 53.980\/2009&#8230;<br \/><strong>(B) <\/strong>l e II, apenas.<\/p>\n\n\n\n<p><strong>Quest\u00e3o 25<\/strong> &#8211; O Poder Executivo requereu autoriza\u00e7\u00e3o legislativa para realizar&#8230;<br \/><strong>(D) <\/strong>\u00c9 inv\u00e1lida, uma vez que os cr\u00e9ditos previstos uma vez que os cr\u00e9ditos previsto&#8230;<\/p>\n\n\n\n<p><strong>Quest\u00e3o 26<\/strong> &#8211; A execu\u00e7\u00e3o de despesa p\u00fablica observa diversas etapas previstas&#8230;<br \/><strong>(D) <\/strong>II e III, apenas.<\/p>\n\n\n\n<p><strong>Quest\u00e3o 27<\/strong> &#8211; A tributa\u00e7\u00e3o \u00e9 um mecanismo para reduzir ou agravar&#8230;<br \/><strong>(A) <\/strong>1-2-3.<\/p>\n\n\n\n<p><strong>Quest\u00e3o 28<\/strong> &#8211; O \u00f4nus tribut\u00e1rio dos impostos pode ou n\u00e3o ser&#8230;<br \/><strong>(E) <\/strong>Os impostos diretos est\u00e3o relacionados \u00e0 capacidade&#8230;<\/p>\n\n\n\n<p><strong>Quest\u00e3o 29<\/strong> &#8211; O componente da d\u00edvida l\u00edquida do setor (DLSP), decorrente do&#8230;<br \/><strong>(E) <\/strong>ajuste patrimonial nominal.<\/p>\n\n\n\n<p><strong>Quest\u00e3o 30<\/strong> -Em 31.12.XX, a execu\u00e7\u00e3o or\u00e7ament\u00e1ria da despesa de uma&#8230;<br \/><strong>(C) <\/strong>$ 1.200<\/p>\n\n\n\n<p><strong>Quest\u00e3o 31<\/strong> &#8211; Nos Termos da Lei de Responsabilidade Fiscal&#8230;<br \/><strong>(B) <\/strong>Demonstrativo da estimativa&#8230;<\/p>\n\n\n\n<p><strong>Quest\u00e3o 32<\/strong> &#8211; Ao analisar a proposta de Lei Or\u00e7ament\u00e1ria, o Poder Legislativo&#8230;<br \/><strong>(C)<\/strong> Realizar diretamente a reestimativa da receita&#8230;<\/p>\n\n\n\n<p><strong>Quest\u00e3o 33<\/strong> &#8211; O Poder Executivo do Estado Alfa editou Decreto regulamentando&#8230;<br \/><strong>(D) <\/strong>prescindir de comprova\u00e7\u00e3o de que&#8230;<\/p>\n\n\n\n<p><strong>Quest\u00e3o 34<\/strong> &#8211; Considere as seguintes situa\u00e7\u00f5es hipot\u00e9ticas:<br \/><strong>(C) <\/strong>O Munic\u00edpio Alfa poder\u00e1 contratar pessoal&#8230;<\/p>\n\n\n\n<p><strong>Quest\u00e3o 35<\/strong> &#8211; A Lei Or\u00e7ament\u00e1ria do Munic\u00edpio Alfa previu dota\u00e7\u00f5es&#8230;<br \/><strong>(D) <\/strong>subven\u00e7\u00e3o econ\u00f4mica.<\/p>\n\n\n\n<p><strong>Quest\u00e3o 36<\/strong> &#8211; O Munic\u00edpio Gama realizou despesa para aquisi\u00e7\u00e3o de um im\u00f3vel&#8230;<br \/><strong>(C) <\/strong>invers\u00e3o financeira.<\/p>\n\n\n\n<p><strong>Quest\u00e3o 37<\/strong> &#8211; Sobre os direitos credit\u00f3rios de titularidade de um ente da&#8230;<br \/><strong>(E) <\/strong>I, Il e IIl.<\/p>\n\n\n\n<p><strong>Quest\u00e3o 38<\/strong> &#8211; Considere os seguintes dados or\u00e7ament\u00e1ria do Munic\u00edpio <em>Alfa<\/em>.<br \/><strong>(A) <\/strong>40.<\/p>\n\n\n\n<p><strong>Quest\u00e3o 39<\/strong> &#8211; Durante a execu\u00e7\u00e3o de uma obra p\u00fablica&#8230;<br \/><strong>E) <\/strong>Elaborar projeto de lei de autoriza\u00e7\u00e3o&#8230;<\/p>\n\n\n\n<p><strong>Quest\u00e3o 40<\/strong> &#8211; Um agente da Administra\u00e7\u00e3o Fazend\u00e1ria do Munic\u00edpio <em>Alfa <\/em>editou&#8230;<br \/><strong>C)<\/strong> lan\u00e7amento.<\/p>\n\n\n\n<h3 class=\"wp-block-heading has-text-align-center has-vivid-cyan-blue-color has-text-color has-link-color wp-elements-6324a66b54fd3bea721003211bc76357\" id=\"h-avaliacao-de-politicas-publicas\">Avalia\u00e7\u00e3o de Pol\u00edticas P\u00fablicas<\/h3>\n\n\n\n<p><strong>Quest\u00e3o 41<\/strong> &#8211;  Leia o trecho a seguir. Uma equipe da Controladoria-Geral do Estado de S\u00e3o Paulo&#8230;<br \/><strong>(A) <\/strong>Matriz de riscos<\/p>\n\n\n\n<p><strong>Quest\u00e3o 42<\/strong> -Sobre a Teoria da Mudan\u00e7a no contexto de an\u00e1lise&#8230; <br \/><strong>(C) <\/strong>I e III, apenas.<\/p>\n\n\n\n<p><strong>Quest\u00e3o 43<\/strong> &#8211; Associe os elementos do Modelo L\u00f3gico listados a seguir \u00e0s&#8230;<br \/><strong>(B)<\/strong> 2-4-3-5-1<\/p>\n\n\n\n<p><strong>Quest\u00e3o 44<\/strong> &#8211; Assinale sinal a op\u00e7\u00e3o que corresponde a um tipo de <strong>avalia\u00e7\u00e3o ex post.<\/strong><br \/><strong>(D) <\/strong>Avalia\u00e7\u00e3o de impacto que estima o efeito&#8230;<\/p>\n\n\n\n<p><strong>Quest\u00e3o 45<\/strong> &#8211; O Programa &#8220;Tempo Certo&#8221; busca elevar a profici\u00eancia em&#8230;<br \/><strong>(E) <\/strong>Percentual de alunos eleg\u00edveis que atingem&#8230;<\/p>\n\n\n\n<p><strong>Quest\u00e3o 46<\/strong> &#8211; Acerca de avalia\u00e7\u00e3o de processos e resultados, avalie as afirmativas&#8230;<br \/><strong>(A) <\/strong>V-V-V.<\/p>\n\n\n\n<p><strong>Quest\u00e3o 47<\/strong> &#8211; O Munic\u00edpio X Iniciar\u00e1 um programa para melhorar&#8230;<br \/><strong>(B) <\/strong>EA- EP-PROC-EP-RES- EP-PROC<\/p>\n\n\n\n<p><strong>Quest\u00e3o 48<\/strong> &#8211; Para os objetivos listados a seguir, classifique a abordagem mais&#8230;<br \/><strong>(C) <\/strong>QLT-QNT-QLT.<\/p>\n\n\n\n<p><strong>Quest\u00e3o 49<\/strong> &#8211; Acerca da avalia\u00e7\u00e3o de processos e e resultados, avalie as finalidades a seguir.<br \/><strong>(A) <\/strong>1: An\u00e1lise ex ante: teoria da mudan\u00e7a + matriz de riscos&#8230;<\/p>\n\n\n\n<p><strong>Quest\u00e3o 50<\/strong> &#8211; Leia o trecho a seguir. Um programa pode ser eficaz e ineficiente ao mesmo tempo&#8230;<br \/><strong>(E) <\/strong>A afirmativa e a raz\u00e3o s\u00e3o verdadeiras, e a raz\u00e3o&#8230;<\/p>\n\n\n\n<p><strong>Quest\u00e3o 51<\/strong> &#8211; Lea o fragmento a seguir. A Faixa Azul, uma sinaliza\u00e7\u00e3o que cria&#8230;<br \/><strong>(D) <\/strong>A evid\u00eancia \u00e9 correlacional; sem um contrafactual adequado&#8230;<\/p>\n\n\n\n<p><strong>Quest\u00e3o 52<\/strong> &#8211; Situa\u00e7\u00e3o (programa de vacina\u00e7\u00e3o sazonal &#8211; dois desenho-piloto):<br \/><strong>(D) <\/strong>B \u00e9 mais eficiente; A \u00e9 mais eficaz; B \u00e9 mais efetivo<\/p>\n\n\n\n<h3 class=\"wp-block-heading has-text-align-center has-vivid-cyan-blue-color has-text-color has-link-color wp-elements-685315a914bf0c87b2f630e7551988d8\" id=\"h-contabilidade-aplicada-ao-setor-publico\">Contabilidade Aplicada ao Setor P\u00fablico<\/h3>\n\n\n\n<p><strong>Quest\u00e3o 53<\/strong> &#8211; De acordo com a NBC TSP Estrutura Conceitual &#8211; Estrutura&#8230;<br \/><strong>(E) <\/strong>representantes dos interesses s dos dos usu\u00e1rios de&#8230;<\/p>\n\n\n\n<p><strong>Quest\u00e3o 54<\/strong> &#8211; Uma universidade estadual exerce suas atividades em im\u00f3vel&#8230;<br \/><strong>(D) <\/strong>neutra e livre de erro material<\/p>\n\n\n\n<p><strong>Quest\u00e3o 55<\/strong> &#8211; De acordo com a NBC TSP Estrutura Conceitual &#8211; Estrutura&#8230;<br \/><strong>(B) <\/strong>possuem usu\u00e1rios.<\/p>\n\n\n\n<p><strong>Quest\u00e3o 56<\/strong> &#8211; Com rela\u00e7\u00e3o aos elementos das demonstra\u00e7\u00f5es base na NBC TSP cont\u00e1beis, com&#8230;<br \/><strong>(A)<\/strong> I, apenas.<\/p>\n\n\n\n<p><strong>Quest\u00e3o 57<\/strong> &#8211; Uma reparti\u00e7\u00e3o p\u00fablica possu\u00eda computadores, que eram usados&#8230;<br \/><strong>(C)* <\/strong>desreconhecer os computadores computadores no Balan\u00e7o Balan\u00e7o Patrimonial&#8230;<\/p>\n\n\n\n<p><strong>Quest\u00e3o 58<\/strong> &#8211; Em 01\/07\/2024, uma entidade do setor p\u00fablico adquiriu um&#8230;<br \/><strong>(D) <\/strong>R$ 124.000<\/p>\n\n\n\n<p><strong>Quest\u00e3o 59<\/strong> &#8211; Com rela\u00e7\u00e3o \u00e0 D\u00edvida P\u00fablica Mobili\u00e1ria de acordo com a Lei&#8230;<br \/><strong>(E) <\/strong>F-V-F<\/p>\n\n\n\n<p><strong>Quest\u00e3o 60<\/strong> &#8211; De acordo com a Lei Complementar Complementar 101\/2000, considera-se&#8230;<br \/><strong>(A) <\/strong>diminui\u00e7\u00e3o de receita<\/p>\n\n\n\n<blockquote class=\"wp-block-quote is-layout-flow wp-block-quote-is-layout-flow\">\n<figure class=\"wp-block-image aligncenter size-large is-resized\"><img decoding=\"async\" src=\"https:\/\/dhg1h5j42swfq.cloudfront.net\/2020\/09\/18141901\/Coruja_Concursos%404x-506x1024.png\" alt=\"Gabarito Extraoficial Concurso CGE SP: Especialidade Auditoria\" class=\"wp-image-574355\" style=\"width:20px;height:auto\"\/><\/figure>\n<\/blockquote>\n\n\n\n<ul class=\"wp-block-list\">\n<li><strong>Veja tamb\u00e9m:<\/strong>\n<ul class=\"wp-block-list\">\n<li><a href=\"https:\/\/www.estrategiaconcursos.com.br\/blog\/gabarito-extraoficial-cge-sp-combate-corrupcao\/\" target=\"_blank\" rel=\"noreferrer noopener\">Gabarito Extraoficial CGE SP: Especialidade Correi\u00e7\u00e3o e Combate \u00e0 Corrup\u00e7\u00e3o<\/a><\/li>\n\n\n\n<li><a href=\"https:\/\/www.estrategiaconcursos.com.br\/blog\/gabarito-extraoficial-cge-sp-ti\/\" target=\"_blank\" rel=\"noreferrer noopener\">Gabarito Extraoficial CGE SP: Especialidade Tecnologia da Informa\u00e7\u00e3o<\/a><\/li>\n<\/ul>\n<\/li>\n<\/ul>\n\n\n\n<p class=\"has-text-align-center has-background has-medium-font-size\" style=\"background-color:#abb7c229\"><strong>Saiba mais:&nbsp;<a href=\"https:\/\/www.estrategiaconcursos.com.br\/blog\/concurso-cge-sp\/\" target=\"_blank\" rel=\"noreferrer noopener\">Concurso CGE SP<\/a><\/strong><\/p>\n\n\n\n<div class=\"container\" id=\"boxes\">\n  <div class=\"row\">\n\n    <div class=\"col-sm\">\n      <div class=\"banner-controle-ec\" id=\"box-assinatura\">\n        <h2 class=\"titulo-assinatura\">Cursos Concurso CGE SP<\/h2>\n        <p class=\"subtitulo-assinatura\">Estude com o Estrat\u00e9gia!<\/p>\n        <div class=\"box-botao\">\n          <a class=\"btn-assinatura\" target=\"_blank\" href=\"https:\/\/www.estrategiaconcursos.com.br\/cursosPorConcurso\/controladoria-geral-do-estado-de-sao-paulo-cge-sp\/\" role=\"button\" rel=\"noopener noreferrer\">VER CURSOS<\/a>\n        <\/div>\n      <\/div>\n      \n    <\/div>\n\n  <\/div>\n<\/div>\n\n\n\n<div class=\"container\" id=\"boxes\">\r\n  <div class=\"row\">\r\n\r\n    <div class=\"col-sm\">\r\n      <div class=\"estrategia\" id=\"box-assinatura\">\r\n        <h3 class=\"titulo-assinatura\"> Concursos P\u00fablicos\r\n        <p class=\"subtitulo-assinatura\">Assinatura de 1 ano ou 2 anos<\/p>\r\n        <div class=\"box-botao\">\r\n          <a class=\"btn-assinatura\" target=\"_blank\" href=\"https:\/\/www.estrategiaconcursos.com.br\/assinaturas\/\" role=\"button\" rel=\"noopener noreferrer\">ASSINE AGORA<\/a>\r\n        <\/div>\r\n      <\/h3><\/div><\/div><\/div><\/div>\n\n\n\n<h2 class=\"wp-block-heading has-text-align-center\" id=\"h-quer-saber-tudo-sobre-concursos-previstos-confira-nossos-artigos\">Quer saber tudo sobre concursos previstos?<br \/>Confira nossos artigos!<\/h2>\n\n\n\n<ul class=\"wp-block-list\">\n<li><a href=\"https:\/\/www.estrategiaconcursos.com.br\/blog\/concursos-abertos\/\" target=\"_blank\" rel=\"noreferrer noopener\">Concursos Abertos<\/a><\/li>\n\n\n\n<li><a href=\"https:\/\/www.estrategiaconcursos.com.br\/blog\/concursos-controle\/\" target=\"_blank\" rel=\"noreferrer noopener\">Concursos Controle<\/a><\/li>\n\n\n\n<li><a href=\"https:\/\/www.estrategiaconcursos.com.br\/blog\/concursos-2026\/\" target=\"_blank\" rel=\"noreferrer noopener\">Concursos 2026<\/a><\/li>\n\n\n\n<li><a href=\"https:\/\/www.estrategiaconcursos.com.br\/blog\/concursos-2026\/\" target=\"_blank\" rel=\"noreferrer noopener\">Concursos SP<\/a><\/li>\n<\/ul>\n","protected":false},"excerpt":{"rendered":"<p>Neste domingo, 14 de dezembro, foram aplicadas as provas objetivas e discursivas do concurso CGE SP (Controladoria-Geral do Estado de S\u00e3o Paulo).\u00a0 As avalia\u00e7\u00f5es aconteceram em dois turnos, sendo das 8h \u00e0s 12h30, no turno da manh\u00e3, e das 15h30 \u00e0s 20h, no turno da tarde, segundo o hor\u00e1rio oficial de Bras\u00edlia, DF Com o [&hellip;]<\/p>\n","protected":false},"author":659,"featured_media":1681235,"comment_status":"open","ping_status":"closed","sticky":false,"template":"","format":"standard","meta":{"post_tipo":"news","footnotes":""},"categories":[220180,220219],"tags":[331,867],"tax_estado":[219989],"class_list":["post-1681234","post","type-post","status-publish","format-standard","has-post-thumbnail","hentry","category-controle-gestao","category-noticias","tag-gabarito","tag-prova-comentada","tax_estado-sp"],"acf":[],"yoast_head":"<!-- This site is optimized with the Yoast SEO Premium plugin v27.2 (Yoast SEO v27.2) - https:\/\/yoast.com\/product\/yoast-seo-premium-wordpress\/ -->\n<title>Gabarito Extraoficial CGE SP: Especialidade Auditoria!<\/title>\n<meta name=\"description\" content=\"Acompanhe a corre\u00e7\u00e3o ao vivo do Gabarito Extraoficial CGE SP - Auditoria e confira seu desempenho no concurso deste domingo!\" \/>\n<meta name=\"robots\" content=\"index, follow, max-snippet:-1, max-image-preview:large, max-video-preview:-1\" \/>\n<link rel=\"canonical\" href=\"https:\/\/www.estrategiaconcursos.com.br\/blog\/gabarito-extraoficial-cge-sp-auditoria\/\" \/>\n<meta property=\"og:locale\" content=\"pt_BR\" \/>\n<meta property=\"og:type\" content=\"article\" \/>\n<meta property=\"og:title\" content=\"Gabarito Extraoficial CGE SP: Especialidade Auditoria!\" \/>\n<meta property=\"og:description\" content=\"Acompanhe a corre\u00e7\u00e3o ao vivo do Gabarito Extraoficial CGE SP - Auditoria e confira seu desempenho no concurso deste domingo!\" \/>\n<meta property=\"og:url\" content=\"https:\/\/www.estrategiaconcursos.com.br\/blog\/gabarito-extraoficial-cge-sp-auditoria\/\" \/>\n<meta property=\"og:site_name\" content=\"Estrat\u00e9gia Concursos\" \/>\n<meta property=\"article:published_time\" content=\"2025-12-15T00:57:00+00:00\" \/>\n<meta property=\"article:modified_time\" content=\"2025-12-15T12:02:03+00:00\" \/>\n<meta property=\"og:image\" content=\"https:\/\/dhg1h5j42swfq.cloudfront.net\/2025\/12\/06112955\/sp.jpg\" \/>\n\t<meta property=\"og:image:width\" content=\"1320\" \/>\n\t<meta property=\"og:image:height\" content=\"687\" \/>\n\t<meta property=\"og:image:type\" content=\"image\/jpeg\" \/>\n<meta name=\"author\" content=\"Camila Leite\" \/>\n<meta name=\"twitter:card\" content=\"summary_large_image\" \/>\n<meta name=\"twitter:creator\" content=\"@EstratConcursos\" \/>\n<meta name=\"twitter:site\" content=\"@EstratConcursos\" \/>\n<meta name=\"twitter:label1\" content=\"Escrito por\" \/>\n\t<meta name=\"twitter:data1\" content=\"Camila Leite\" \/>\n\t<meta name=\"twitter:label2\" content=\"Est. tempo de leitura\" \/>\n\t<meta name=\"twitter:data2\" content=\"21 minutos\" \/>\n<script type=\"application\/ld+json\" class=\"yoast-schema-graph\">{\"@context\":\"https:\/\/schema.org\",\"@graph\":[{\"@type\":\"NewsArticle\",\"@id\":\"https:\/\/www.estrategiaconcursos.com.br\/blog\/gabarito-extraoficial-cge-sp-auditoria\/#article\",\"isPartOf\":{\"@id\":\"https:\/\/www.estrategiaconcursos.com.br\/blog\/gabarito-extraoficial-cge-sp-auditoria\/\"},\"author\":{\"name\":\"Camila Leite\",\"@id\":\"https:\/\/www.estrategiaconcursos.com.br\/blog\/#\/schema\/person\/84ecdc6eb58d3cf1689bf76c5cd8fb38\"},\"headline\":\"Gabarito Extraoficial CGE SP: Especialidade Auditoria!\",\"datePublished\":\"2025-12-15T00:57:00+00:00\",\"dateModified\":\"2025-12-15T12:02:03+00:00\",\"mainEntityOfPage\":{\"@id\":\"https:\/\/www.estrategiaconcursos.com.br\/blog\/gabarito-extraoficial-cge-sp-auditoria\/\"},\"wordCount\":4278,\"commentCount\":0,\"publisher\":{\"@id\":\"https:\/\/www.estrategiaconcursos.com.br\/blog\/#organization\"},\"image\":{\"@id\":\"https:\/\/www.estrategiaconcursos.com.br\/blog\/gabarito-extraoficial-cge-sp-auditoria\/#primaryimage\"},\"thumbnailUrl\":\"https:\/\/dhg1h5j42swfq.cloudfront.net\/2025\/12\/06112955\/sp.jpg\",\"keywords\":[\"Gabarito\",\"prova comentada\"],\"articleSection\":[\"Controladorias\/Gest\u00e3o (CGU, CGE, STN, EPPGG)\",\"\u00daltimas not\u00edcias\"],\"inLanguage\":\"pt-BR\",\"potentialAction\":[{\"@type\":\"CommentAction\",\"name\":\"Comment\",\"target\":[\"https:\/\/www.estrategiaconcursos.com.br\/blog\/gabarito-extraoficial-cge-sp-auditoria\/#respond\"]}],\"copyrightYear\":\"2025\",\"copyrightHolder\":{\"@id\":\"https:\/\/www.estrategiaconcursos.com.br\/blog\/#organization\"}},{\"@type\":\"WebPage\",\"@id\":\"https:\/\/www.estrategiaconcursos.com.br\/blog\/gabarito-extraoficial-cge-sp-auditoria\/\",\"url\":\"https:\/\/www.estrategiaconcursos.com.br\/blog\/gabarito-extraoficial-cge-sp-auditoria\/\",\"name\":\"Gabarito Extraoficial CGE SP: Especialidade Auditoria!\",\"isPartOf\":{\"@id\":\"https:\/\/www.estrategiaconcursos.com.br\/blog\/#website\"},\"primaryImageOfPage\":{\"@id\":\"https:\/\/www.estrategiaconcursos.com.br\/blog\/gabarito-extraoficial-cge-sp-auditoria\/#primaryimage\"},\"image\":{\"@id\":\"https:\/\/www.estrategiaconcursos.com.br\/blog\/gabarito-extraoficial-cge-sp-auditoria\/#primaryimage\"},\"thumbnailUrl\":\"https:\/\/dhg1h5j42swfq.cloudfront.net\/2025\/12\/06112955\/sp.jpg\",\"datePublished\":\"2025-12-15T00:57:00+00:00\",\"dateModified\":\"2025-12-15T12:02:03+00:00\",\"description\":\"Acompanhe a corre\u00e7\u00e3o ao vivo do Gabarito Extraoficial CGE SP - Auditoria e confira seu desempenho no concurso deste domingo!\",\"breadcrumb\":{\"@id\":\"https:\/\/www.estrategiaconcursos.com.br\/blog\/gabarito-extraoficial-cge-sp-auditoria\/#breadcrumb\"},\"inLanguage\":\"pt-BR\",\"potentialAction\":[{\"@type\":\"ReadAction\",\"target\":[\"https:\/\/www.estrategiaconcursos.com.br\/blog\/gabarito-extraoficial-cge-sp-auditoria\/\"]}]},{\"@type\":\"ImageObject\",\"inLanguage\":\"pt-BR\",\"@id\":\"https:\/\/www.estrategiaconcursos.com.br\/blog\/gabarito-extraoficial-cge-sp-auditoria\/#primaryimage\",\"url\":\"https:\/\/dhg1h5j42swfq.cloudfront.net\/2025\/12\/06112955\/sp.jpg\",\"contentUrl\":\"https:\/\/dhg1h5j42swfq.cloudfront.net\/2025\/12\/06112955\/sp.jpg\",\"width\":1320,\"height\":687},{\"@type\":\"BreadcrumbList\",\"@id\":\"https:\/\/www.estrategiaconcursos.com.br\/blog\/gabarito-extraoficial-cge-sp-auditoria\/#breadcrumb\",\"itemListElement\":[{\"@type\":\"ListItem\",\"position\":1,\"name\":\"In\u00edcio\",\"item\":\"https:\/\/www.estrategiaconcursos.com.br\/blog\/\"},{\"@type\":\"ListItem\",\"position\":2,\"name\":\"Gabarito Extraoficial CGE SP: Especialidade Auditoria!\"}]},{\"@type\":\"WebSite\",\"@id\":\"https:\/\/www.estrategiaconcursos.com.br\/blog\/#website\",\"url\":\"https:\/\/www.estrategiaconcursos.com.br\/blog\/\",\"name\":\"Estrat\u00e9gia Concursos\",\"description\":\"O blog da Estrat\u00e9gia Concursos traz not\u00edcias sobre concursos e artigos de professores oferecendo cursos para concursos (pdf + videaulas) no site.\",\"publisher\":{\"@id\":\"https:\/\/www.estrategiaconcursos.com.br\/blog\/#organization\"},\"potentialAction\":[{\"@type\":\"SearchAction\",\"target\":{\"@type\":\"EntryPoint\",\"urlTemplate\":\"https:\/\/www.estrategiaconcursos.com.br\/blog\/?s={search_term_string}\"},\"query-input\":{\"@type\":\"PropertyValueSpecification\",\"valueRequired\":true,\"valueName\":\"search_term_string\"}}],\"inLanguage\":\"pt-BR\"},{\"@type\":\"Organization\",\"@id\":\"https:\/\/www.estrategiaconcursos.com.br\/blog\/#organization\",\"name\":\"Estrat\u00e9gia Concursos\",\"url\":\"https:\/\/www.estrategiaconcursos.com.br\/blog\/\",\"logo\":{\"@type\":\"ImageObject\",\"inLanguage\":\"pt-BR\",\"@id\":\"https:\/\/www.estrategiaconcursos.com.br\/blog\/#\/schema\/logo\/image\/\",\"url\":\"https:\/\/dhg1h5j42swfq.cloudfront.net\/2025\/06\/03203428\/logo_concursos-1.jpg\",\"contentUrl\":\"https:\/\/dhg1h5j42swfq.cloudfront.net\/2025\/06\/03203428\/logo_concursos-1.jpg\",\"width\":230,\"height\":60,\"caption\":\"Estrat\u00e9gia Concursos\"},\"image\":{\"@id\":\"https:\/\/www.estrategiaconcursos.com.br\/blog\/#\/schema\/logo\/image\/\"},\"sameAs\":[\"https:\/\/x.com\/EstratConcursos\"]},{\"@type\":\"Person\",\"@id\":\"https:\/\/www.estrategiaconcursos.com.br\/blog\/#\/schema\/person\/84ecdc6eb58d3cf1689bf76c5cd8fb38\",\"name\":\"Camila Leite\",\"image\":{\"@type\":\"ImageObject\",\"inLanguage\":\"pt-BR\",\"@id\":\"https:\/\/secure.gravatar.com\/avatar\/f2f8faef639c8a2bfb7fb909912a56917f4c3a0aed064500168e2fb8ea55cf61?s=96&d=mm&r=g\",\"url\":\"https:\/\/secure.gravatar.com\/avatar\/f2f8faef639c8a2bfb7fb909912a56917f4c3a0aed064500168e2fb8ea55cf61?s=96&d=mm&r=g\",\"contentUrl\":\"https:\/\/secure.gravatar.com\/avatar\/f2f8faef639c8a2bfb7fb909912a56917f4c3a0aed064500168e2fb8ea55cf61?s=96&d=mm&r=g\",\"caption\":\"Camila Leite\"},\"description\":\"Formada em Design Gr\u00e1fico e em Propaganda e Marketing pela UNIP, integra a equipe de jornalismo do Estrat\u00e9gia Concursos desde 2018. Ao longo dos anos, construiu uma s\u00f3lida experi\u00eancia na produ\u00e7\u00e3o de conte\u00fado informativo e relevante para concurseiros. Desde 2020, atua na cobertura das \u00e1reas Fiscal \u2014 com \u00eanfase nas Secretarias de Fazenda (Sefaz) das regi\u00f5es Sul e Sudeste \u2014, al\u00e9m da cobertura de concursos federais, como CNU, Petrobras, CGU, Receita Federal, ag\u00eancias reguladoras (Anvisa, ANAC, entre outras) e INSS. Mant\u00e9m contato direto com os principais \u00f3rg\u00e3os p\u00fablicos, acompanhando editais, atualiza\u00e7\u00f5es e movimenta\u00e7\u00f5es importantes para os candidatos.\",\"sameAs\":[\"https:\/\/www.linkedin.com\/in\/camila-pinheiro-leite-9ba135b6\/\"],\"url\":\"https:\/\/www.estrategiaconcursos.com.br\/blog\/author\/camila-leiteestrategiaconcursos-com-br\/\"}]}<\/script>\n<!-- \/ Yoast SEO Premium plugin. -->","yoast_head_json":{"title":"Gabarito Extraoficial CGE SP: Especialidade Auditoria!","description":"Acompanhe a corre\u00e7\u00e3o ao vivo do Gabarito Extraoficial CGE SP - Auditoria e confira seu desempenho no concurso deste domingo!","robots":{"index":"index","follow":"follow","max-snippet":"max-snippet:-1","max-image-preview":"max-image-preview:large","max-video-preview":"max-video-preview:-1"},"canonical":"https:\/\/www.estrategiaconcursos.com.br\/blog\/gabarito-extraoficial-cge-sp-auditoria\/","og_locale":"pt_BR","og_type":"article","og_title":"Gabarito Extraoficial CGE SP: Especialidade Auditoria!","og_description":"Acompanhe a corre\u00e7\u00e3o ao vivo do Gabarito Extraoficial CGE SP - Auditoria e confira seu desempenho no concurso deste domingo!","og_url":"https:\/\/www.estrategiaconcursos.com.br\/blog\/gabarito-extraoficial-cge-sp-auditoria\/","og_site_name":"Estrat\u00e9gia Concursos","article_published_time":"2025-12-15T00:57:00+00:00","article_modified_time":"2025-12-15T12:02:03+00:00","og_image":[{"width":1320,"height":687,"url":"https:\/\/dhg1h5j42swfq.cloudfront.net\/2025\/12\/06112955\/sp.jpg","type":"image\/jpeg"}],"author":"Camila Leite","twitter_card":"summary_large_image","twitter_creator":"@EstratConcursos","twitter_site":"@EstratConcursos","twitter_misc":{"Escrito por":"Camila Leite","Est. tempo de leitura":"21 minutos"},"schema":{"@context":"https:\/\/schema.org","@graph":[{"@type":"NewsArticle","@id":"https:\/\/www.estrategiaconcursos.com.br\/blog\/gabarito-extraoficial-cge-sp-auditoria\/#article","isPartOf":{"@id":"https:\/\/www.estrategiaconcursos.com.br\/blog\/gabarito-extraoficial-cge-sp-auditoria\/"},"author":{"name":"Camila Leite","@id":"https:\/\/www.estrategiaconcursos.com.br\/blog\/#\/schema\/person\/84ecdc6eb58d3cf1689bf76c5cd8fb38"},"headline":"Gabarito Extraoficial CGE SP: Especialidade Auditoria!","datePublished":"2025-12-15T00:57:00+00:00","dateModified":"2025-12-15T12:02:03+00:00","mainEntityOfPage":{"@id":"https:\/\/www.estrategiaconcursos.com.br\/blog\/gabarito-extraoficial-cge-sp-auditoria\/"},"wordCount":4278,"commentCount":0,"publisher":{"@id":"https:\/\/www.estrategiaconcursos.com.br\/blog\/#organization"},"image":{"@id":"https:\/\/www.estrategiaconcursos.com.br\/blog\/gabarito-extraoficial-cge-sp-auditoria\/#primaryimage"},"thumbnailUrl":"https:\/\/dhg1h5j42swfq.cloudfront.net\/2025\/12\/06112955\/sp.jpg","keywords":["Gabarito","prova comentada"],"articleSection":["Controladorias\/Gest\u00e3o (CGU, CGE, STN, EPPGG)","\u00daltimas not\u00edcias"],"inLanguage":"pt-BR","potentialAction":[{"@type":"CommentAction","name":"Comment","target":["https:\/\/www.estrategiaconcursos.com.br\/blog\/gabarito-extraoficial-cge-sp-auditoria\/#respond"]}],"copyrightYear":"2025","copyrightHolder":{"@id":"https:\/\/www.estrategiaconcursos.com.br\/blog\/#organization"}},{"@type":"WebPage","@id":"https:\/\/www.estrategiaconcursos.com.br\/blog\/gabarito-extraoficial-cge-sp-auditoria\/","url":"https:\/\/www.estrategiaconcursos.com.br\/blog\/gabarito-extraoficial-cge-sp-auditoria\/","name":"Gabarito Extraoficial CGE SP: Especialidade Auditoria!","isPartOf":{"@id":"https:\/\/www.estrategiaconcursos.com.br\/blog\/#website"},"primaryImageOfPage":{"@id":"https:\/\/www.estrategiaconcursos.com.br\/blog\/gabarito-extraoficial-cge-sp-auditoria\/#primaryimage"},"image":{"@id":"https:\/\/www.estrategiaconcursos.com.br\/blog\/gabarito-extraoficial-cge-sp-auditoria\/#primaryimage"},"thumbnailUrl":"https:\/\/dhg1h5j42swfq.cloudfront.net\/2025\/12\/06112955\/sp.jpg","datePublished":"2025-12-15T00:57:00+00:00","dateModified":"2025-12-15T12:02:03+00:00","description":"Acompanhe a corre\u00e7\u00e3o ao vivo do Gabarito Extraoficial CGE SP - Auditoria e confira seu desempenho no concurso deste domingo!","breadcrumb":{"@id":"https:\/\/www.estrategiaconcursos.com.br\/blog\/gabarito-extraoficial-cge-sp-auditoria\/#breadcrumb"},"inLanguage":"pt-BR","potentialAction":[{"@type":"ReadAction","target":["https:\/\/www.estrategiaconcursos.com.br\/blog\/gabarito-extraoficial-cge-sp-auditoria\/"]}]},{"@type":"ImageObject","inLanguage":"pt-BR","@id":"https:\/\/www.estrategiaconcursos.com.br\/blog\/gabarito-extraoficial-cge-sp-auditoria\/#primaryimage","url":"https:\/\/dhg1h5j42swfq.cloudfront.net\/2025\/12\/06112955\/sp.jpg","contentUrl":"https:\/\/dhg1h5j42swfq.cloudfront.net\/2025\/12\/06112955\/sp.jpg","width":1320,"height":687},{"@type":"BreadcrumbList","@id":"https:\/\/www.estrategiaconcursos.com.br\/blog\/gabarito-extraoficial-cge-sp-auditoria\/#breadcrumb","itemListElement":[{"@type":"ListItem","position":1,"name":"In\u00edcio","item":"https:\/\/www.estrategiaconcursos.com.br\/blog\/"},{"@type":"ListItem","position":2,"name":"Gabarito Extraoficial CGE SP: Especialidade Auditoria!"}]},{"@type":"WebSite","@id":"https:\/\/www.estrategiaconcursos.com.br\/blog\/#website","url":"https:\/\/www.estrategiaconcursos.com.br\/blog\/","name":"Estrat\u00e9gia Concursos","description":"O blog da Estrat\u00e9gia Concursos traz not\u00edcias sobre concursos e artigos de professores oferecendo cursos para concursos (pdf + videaulas) no site.","publisher":{"@id":"https:\/\/www.estrategiaconcursos.com.br\/blog\/#organization"},"potentialAction":[{"@type":"SearchAction","target":{"@type":"EntryPoint","urlTemplate":"https:\/\/www.estrategiaconcursos.com.br\/blog\/?s={search_term_string}"},"query-input":{"@type":"PropertyValueSpecification","valueRequired":true,"valueName":"search_term_string"}}],"inLanguage":"pt-BR"},{"@type":"Organization","@id":"https:\/\/www.estrategiaconcursos.com.br\/blog\/#organization","name":"Estrat\u00e9gia Concursos","url":"https:\/\/www.estrategiaconcursos.com.br\/blog\/","logo":{"@type":"ImageObject","inLanguage":"pt-BR","@id":"https:\/\/www.estrategiaconcursos.com.br\/blog\/#\/schema\/logo\/image\/","url":"https:\/\/dhg1h5j42swfq.cloudfront.net\/2025\/06\/03203428\/logo_concursos-1.jpg","contentUrl":"https:\/\/dhg1h5j42swfq.cloudfront.net\/2025\/06\/03203428\/logo_concursos-1.jpg","width":230,"height":60,"caption":"Estrat\u00e9gia Concursos"},"image":{"@id":"https:\/\/www.estrategiaconcursos.com.br\/blog\/#\/schema\/logo\/image\/"},"sameAs":["https:\/\/x.com\/EstratConcursos"]},{"@type":"Person","@id":"https:\/\/www.estrategiaconcursos.com.br\/blog\/#\/schema\/person\/84ecdc6eb58d3cf1689bf76c5cd8fb38","name":"Camila Leite","image":{"@type":"ImageObject","inLanguage":"pt-BR","@id":"https:\/\/secure.gravatar.com\/avatar\/f2f8faef639c8a2bfb7fb909912a56917f4c3a0aed064500168e2fb8ea55cf61?s=96&d=mm&r=g","url":"https:\/\/secure.gravatar.com\/avatar\/f2f8faef639c8a2bfb7fb909912a56917f4c3a0aed064500168e2fb8ea55cf61?s=96&d=mm&r=g","contentUrl":"https:\/\/secure.gravatar.com\/avatar\/f2f8faef639c8a2bfb7fb909912a56917f4c3a0aed064500168e2fb8ea55cf61?s=96&d=mm&r=g","caption":"Camila Leite"},"description":"Formada em Design Gr\u00e1fico e em Propaganda e Marketing pela UNIP, integra a equipe de jornalismo do Estrat\u00e9gia Concursos desde 2018. Ao longo dos anos, construiu uma s\u00f3lida experi\u00eancia na produ\u00e7\u00e3o de conte\u00fado informativo e relevante para concurseiros. Desde 2020, atua na cobertura das \u00e1reas Fiscal \u2014 com \u00eanfase nas Secretarias de Fazenda (Sefaz) das regi\u00f5es Sul e Sudeste \u2014, al\u00e9m da cobertura de concursos federais, como CNU, Petrobras, CGU, Receita Federal, ag\u00eancias reguladoras (Anvisa, ANAC, entre outras) e INSS. Mant\u00e9m contato direto com os principais \u00f3rg\u00e3os p\u00fablicos, acompanhando editais, atualiza\u00e7\u00f5es e movimenta\u00e7\u00f5es importantes para os candidatos.","sameAs":["https:\/\/www.linkedin.com\/in\/camila-pinheiro-leite-9ba135b6\/"],"url":"https:\/\/www.estrategiaconcursos.com.br\/blog\/author\/camila-leiteestrategiaconcursos-com-br\/"}]}},"_links":{"self":[{"href":"https:\/\/www.estrategiaconcursos.com.br\/blog\/wp-json\/wp\/v2\/posts\/1681234","targetHints":{"allow":["GET"]}}],"collection":[{"href":"https:\/\/www.estrategiaconcursos.com.br\/blog\/wp-json\/wp\/v2\/posts"}],"about":[{"href":"https:\/\/www.estrategiaconcursos.com.br\/blog\/wp-json\/wp\/v2\/types\/post"}],"author":[{"embeddable":true,"href":"https:\/\/www.estrategiaconcursos.com.br\/blog\/wp-json\/wp\/v2\/users\/659"}],"replies":[{"embeddable":true,"href":"https:\/\/www.estrategiaconcursos.com.br\/blog\/wp-json\/wp\/v2\/comments?post=1681234"}],"version-history":[{"count":30,"href":"https:\/\/www.estrategiaconcursos.com.br\/blog\/wp-json\/wp\/v2\/posts\/1681234\/revisions"}],"predecessor-version":[{"id":1685479,"href":"https:\/\/www.estrategiaconcursos.com.br\/blog\/wp-json\/wp\/v2\/posts\/1681234\/revisions\/1685479"}],"wp:featuredmedia":[{"embeddable":true,"href":"https:\/\/www.estrategiaconcursos.com.br\/blog\/wp-json\/wp\/v2\/media\/1681235"}],"wp:attachment":[{"href":"https:\/\/www.estrategiaconcursos.com.br\/blog\/wp-json\/wp\/v2\/media?parent=1681234"}],"wp:term":[{"taxonomy":"category","embeddable":true,"href":"https:\/\/www.estrategiaconcursos.com.br\/blog\/wp-json\/wp\/v2\/categories?post=1681234"},{"taxonomy":"post_tag","embeddable":true,"href":"https:\/\/www.estrategiaconcursos.com.br\/blog\/wp-json\/wp\/v2\/tags?post=1681234"},{"taxonomy":"tax_estado","embeddable":true,"href":"https:\/\/www.estrategiaconcursos.com.br\/blog\/wp-json\/wp\/v2\/tax_estado?post=1681234"}],"curies":[{"name":"wp","href":"https:\/\/api.w.org\/{rel}","templated":true}]}}