{"id":1681070,"date":"2025-12-05T18:00:38","date_gmt":"2025-12-05T21:00:38","guid":{"rendered":"https:\/\/www.estrategiaconcursos.com.br\/blog\/?p=1681070"},"modified":"2025-12-05T20:17:24","modified_gmt":"2025-12-05T23:17:24","slug":"lei-complementar-altera-lei-organica-do-mp-ro","status":"publish","type":"post","link":"https:\/\/www.estrategiaconcursos.com.br\/blog\/lei-complementar-altera-lei-organica-do-mp-ro\/","title":{"rendered":"Lei complementar \u00e9 publicada e altera Lei Org\u00e2nica do MP RO!"},"content":{"rendered":"\n<p>O governador de Rond\u00f4nia, Marcos Rocha, publicou o Di\u00e1rio Oficial desta sexta-feira (5) a Lei Complementar N\u00b0 1.311, que altera a Lei Org\u00e2nica (nas Leis Complementares n\u00b0 93, de 3 de novembro de 1993, e n\u00b0 303, de 26 de julho de 2004) do\u00a0<a href=\"https:\/\/www.estrategiaconcursos.com.br\/cursos\/concurso\/\" target=\"_blank\" rel=\"noreferrer noopener\">Minist\u00e9rio Publico de Rond\u00f4nia<\/a>!<\/p>\n\n\n\n<p>Dentre as modifica\u00e7\u00f5es est\u00e3o:<\/p>\n\n\n\n<p>\u201cArt. 8\u00b0O ingresso nas carreiras do Quadro Administrativo do Minist\u00e9rio P\u00fablico do Estado de Rond\u00f4nia dar-se-\u00e1 por meio de concurso p\u00fablico de provas ou de provas e t\u00edtulos, observados os seguintes requisitos de escolaridade:<br \/>I &#8211; para o cargo de Analista do Minist\u00e9rio P\u00fablico, ser\u00e1 exigido diploma de conclus\u00e3o de curso superior, em n\u00edvel de gradua\u00e7\u00e3o, facultada a previs\u00e3o de habilita\u00e7\u00e3o espec\u00edfica, definida pelo edital do respectivo concurso p\u00fablico;<br \/>II &#8211; para o cargo de T\u00e9cnico do Minist\u00e9rio P\u00fablico, ser\u00e1 exigido certificado de conclus\u00e3o de ensino m\u00e9dio ou equivalente, facultada a previs\u00e3o de habilita\u00e7\u00e3o espec\u00edfica, definida pelo edital do respectivo concurso p\u00fablico.<\/p>\n\n\n\n<p>\u00a7 1\u00b0O concurso p\u00fablico poder\u00e1 ser realizado por \u00e1reas de especializa\u00e7\u00e3o ou habilita\u00e7\u00e3o, organizado em uma ou mais etapas, conforme dispuser o edital de abertura do certame e observada a legisla\u00e7\u00e3o espec\u00edfica vigente.<br \/>\u00a7 2\u00b0O edital definir\u00e1 as caracter\u00edsticas de cada etapa do concurso p\u00fablico, a forma\u00e7\u00e3o especializada e os crit\u00e9rios eliminat\u00f3rios e classificat\u00f3rios.<\/p>\n\n\n\n<p>Art. 8\u00b0-A.As atribui\u00e7\u00f5es do cargo de Analista do Minist\u00e9rio P\u00fablico correspondem a atividades de car\u00e1ter t\u00e9cnico de n\u00edvel superior necess\u00e1rias ao exerc\u00edcio das compet\u00eancias constitucionais, legais e regimentais da Institui\u00e7\u00e3o, abrangendo fun\u00e7\u00f5es de planejamento, execu\u00e7\u00e3o, supervis\u00e3o, coordena\u00e7\u00e3o, an\u00e1lise e apoio t\u00e9cnico em mat\u00e9rias de interesse institucional, cabendo-lhe, especialmente:<\/p>\n\n\n\n<p><em>I &#8211; planejar, supervisionar, coordenar, executar e avaliar atividades de natureza t\u00e9cnico-administrativa e t\u00e9cnicojur\u00eddica necess\u00e1rias ao desempenho das fun\u00e7\u00f5es institucionais;<br \/>II &#8211; elaborar estudos, an\u00e1lises, pesquisas, relat\u00f3rios, laudos, pareceres, informa\u00e7\u00f5es e minutas de documentos t\u00e9cnicos e processuais, subsidiando a gest\u00e3o administrativa e a atua\u00e7\u00e3o dos membros;<br \/>III &#8211; acompanhar, instruir e controlar processos administrativos, judiciais e extrajudiciais, inclusive quanto ao cumprimento de prazos e \u00e0 regularidade de atos, registrando informa\u00e7\u00f5es em sistemas e bases de dados oficiais;<br \/>IV &#8211; prestar apoio t\u00e9cnico especializado aos membros do Minist\u00e9rio P\u00fablico, em mat\u00e9rias de interesse institucional, mediante coleta, an\u00e1lise e interpreta\u00e7\u00e3o de dados, informa\u00e7\u00f5es, documentos e evid\u00eancias;<br \/>V &#8211; realizar pesquisas e an\u00e1lises interdisciplinares, inclusive de natureza cont\u00e1bil, financeira, econ\u00f4mica, social, ambiental, tecnol\u00f3gica e estat\u00edstica, aplicando m\u00e9todos e t\u00e9cnicas adequados;<br \/>VI &#8211; propor e implementar solu\u00e7\u00f5es, medidas de aperfei\u00e7oamento e boas pr\u00e1ticas voltadas \u00e0 gest\u00e3o, \u00e0<br \/>governan\u00e7a, \u00e0 auditoria, ao controle interno e \u00e0 avalia\u00e7\u00e3o de pol\u00edticas, programas, projetos e processos;<br \/>VII &#8211; participar de comiss\u00f5es, grupos de trabalho, inspe\u00e7\u00f5es, per\u00edcias, auditorias, investiga\u00e7\u00f5es, dilig\u00eancias, programas e projetos institucionais, quando designado;<br \/>VIII &#8211; prestar atendimento e informa\u00e7\u00f5es ao p\u00fablico, \u00e0s unidades organizacionais, bem como aos \u00f3rg\u00e3os de controle interno e externo, observados os princ\u00edpios de transpar\u00eancia, sigilo e confidencialidade;<br \/>IX &#8211; colaborar na elabora\u00e7\u00e3o, execu\u00e7\u00e3o, acompanhamento e avalia\u00e7\u00e3o de planos, projetos, programas e pol\u00edticas p\u00fablicas de interesse do Minist\u00e9rio P\u00fablico; e<br \/>X &#8211; executar outras atividades de mesma natureza, complexidade e grau de responsabilidade, compat\u00edveis com o cargo, que lhe sejam atribu\u00eddas pela autoridade competente.\u201d (NR)<\/em><\/p>\n\n\n\n<p><strong>Art. 2\u00b0Ficam extintos 4 (quatro) cargos de Analista em Nutri\u00e7\u00e3o, c\u00f3digo MP-NS; 6 (seis) cargos de Analista em Enfermagem, c\u00f3digo MP-NS; e 8 (oito) cargos de M\u00e9dico, c\u00f3digo MP-NSM.<\/strong><\/p>\n\n\n\n<p><strong>Art. 7\u00b0Ficam unificados no cargo de Analista do Minist\u00e9rio P\u00fablico todos os cargos de n\u00edvel superior, c\u00f3digo MP-NS, previstos na parte I do Anexo I da Lei Complementar n\u00b0 303, de 2004, que passa a vigorar na forma do Anexo I desta Lei Complementar.<\/strong><\/p>\n\n\n\n<figure class=\"wp-block-image size-large\"><img loading=\"lazy\" decoding=\"async\" width=\"1024\" height=\"120\" src=\"https:\/\/dhg1h5j42swfq.cloudfront.net\/2025\/12\/05175104\/captura-de-tela-2025-12-05-as-17-50-45-1024x120.png\" alt=\"\" class=\"wp-image-1681083\" srcset=\"https:\/\/dhg1h5j42swfq.cloudfront.net\/2025\/12\/05175104\/captura-de-tela-2025-12-05-as-17-50-45-1024x120.png 1024w, https:\/\/dhg1h5j42swfq.cloudfront.net\/2025\/12\/05175104\/captura-de-tela-2025-12-05-as-17-50-45-300x35.png 300w, https:\/\/dhg1h5j42swfq.cloudfront.net\/2025\/12\/05175104\/captura-de-tela-2025-12-05-as-17-50-45-768x90.png 768w, https:\/\/dhg1h5j42swfq.cloudfront.net\/2025\/12\/05175104\/captura-de-tela-2025-12-05-as-17-50-45-150x18.png 150w, https:\/\/dhg1h5j42swfq.cloudfront.net\/2025\/12\/05175104\/captura-de-tela-2025-12-05-as-17-50-45.png 1516w\" sizes=\"auto, (max-width: 1024px) 100vw, 1024px\" \/><\/figure>\n\n\n\n<p class=\"has-text-align-center has-cyan-bluish-gray-background-color has-background\"><a href=\"https:\/\/dhg1h5j42swfq.cloudfront.net\/2025\/12\/05175434\/mp-ro.pdf\"><strong>Confira a documento na \u00edntegra!<\/strong><\/a><\/p>\n\n\n\n<p class=\"has-text-align-center has-luminous-vivid-amber-background-color has-background\"><a href=\"https:\/\/www.estrategiaconcursos.com.br\/blog\/concurso-mp-ro\/\"><strong>Quer saber mais sobre o concurso MP RO? Acesse!<\/strong><\/a><\/p>\n\n\n\n<h2 class=\"wp-block-heading has-text-align-center\" id=\"h-quer-saber-tudo-sobre-concursos-previstos-confira-nossos-artigos\">Quer saber tudo sobre concursos previstos?<br \/>Confira nossos artigos!<\/h2>\n\n\n\n<ul class=\"wp-block-list\">\n<li><a href=\"https:\/\/www.estrategiaconcursos.com.br\/blog\/concursos-abertos\/\" target=\"_blank\" rel=\"noreferrer noopener\">Concursos abertos<\/a><\/li>\n\n\n\n<li><a href=\"https:\/\/www.estrategiaconcursos.com.br\/blog\/concursos-mp\/\">Concursos MP<\/a><\/li>\n\n\n\n<li><a href=\"https:\/\/www.estrategiaconcursos.com.br\/blog\/concursos-2026\/\">Concursos 2026<\/a><\/li>\n<\/ul>\n\n\n\n<h2 class=\"wp-block-heading has-text-align-center\" id=\"curso\">Cursos para concurso MP RO<\/h2>\n\n\n\n<div class=\"container\" id=\"boxes\">\n  <div class=\"row\">\n\n    <div class=\"col-sm\">\n      <div class=\"banner-tribunal\" id=\"box-assinatura\">\n        <h3 class=\"titulo-assinatura\">Cursos para MP RO<\/h3>\n        <p class=\"subtitulo-assinatura\">Conhe\u00e7a os cursos<\/p>\n        <div class=\"box-botao\">\n          <a class=\"btn-assinatura\" target=\"_blank\" href=\"https:\/\/www.estrategiaconcursos.com.br\/cursosPorConcurso\/mp-ro-ministerio-publico-de-rondonia-servidores\/\" rel=\"noopener noreferrer\">Conhe\u00e7a mais<\/a>\n        <\/div>\n      <\/div>\n      \n    <\/div>\n\n  <\/div>\n<\/div>\n\n\n\n<div class=\"container\" id=\"boxes\">\n  <div class=\"row\">\n\n    <div class=\"col-sm\">\n      <div class=\"estrategia\" id=\"box-assinatura\">\n        <h3 class=\"titulo-assinatura\">Assinaturas<\/h3>\n        <p class=\"subtitulo-assinatura\">Assinatura de 1 ano ou 2 anos<\/p>\n        <div class=\"box-botao\">\n          <a class=\"btn-assinatura\" target=\"_blank\" href=\"https:\/\/www.estrategiaconcursos.com.br\/assinaturas\/\" role=\"button\" rel=\"noopener noreferrer\">ASSINE AGORA<\/a>\n        <\/div>\n      <\/div>\n     \n    <\/div><\/div><\/div>\n","protected":false},"excerpt":{"rendered":"<p>O governador de Rond\u00f4nia, Marcos Rocha, publicou o Di\u00e1rio Oficial desta sexta-feira (5) a Lei Complementar N\u00b0 1.311, que altera a Lei Org\u00e2nica (nas Leis Complementares n\u00b0 93, de 3 de novembro de 1993, e n\u00b0 303, de 26 de julho de 2004) do\u00a0Minist\u00e9rio Publico de Rond\u00f4nia! Dentre as modifica\u00e7\u00f5es est\u00e3o: \u201cArt. 8\u00b0O ingresso nas [&hellip;]<\/p>\n","protected":false},"author":657,"featured_media":1224644,"comment_status":"open","ping_status":"closed","sticky":false,"template":"","format":"standard","meta":{"post_tipo":"news","footnotes":""},"categories":[1,222238,220219],"tags":[],"tax_estado":[219984],"class_list":["post-1681070","post","type-post","status-publish","format-standard","has-post-thumbnail","hentry","category-cursos-e-concursos","category-ministerio-publico","category-noticias","tax_estado-ro"],"acf":[],"yoast_head":"<!-- This site is optimized with the Yoast SEO Premium plugin v27.2 (Yoast SEO v27.2) - https:\/\/yoast.com\/product\/yoast-seo-premium-wordpress\/ -->\n<title>Lei complementar \u00e9 publicada e altera Lei Org\u00e2nica do MP RO!<\/title>\n<meta name=\"description\" content=\"Lei complementar \u00e9 publicada e altera Lei Org\u00e2nica do MP RO! Confira os principais pontos e fique por dentro!\" \/>\n<meta name=\"robots\" content=\"index, follow, max-snippet:-1, max-image-preview:large, max-video-preview:-1\" \/>\n<link rel=\"canonical\" href=\"https:\/\/www.estrategiaconcursos.com.br\/blog\/lei-complementar-altera-lei-organica-do-mp-ro\/\" \/>\n<meta property=\"og:locale\" content=\"pt_BR\" \/>\n<meta property=\"og:type\" content=\"article\" \/>\n<meta property=\"og:title\" content=\"Lei complementar \u00e9 publicada e altera Lei Org\u00e2nica do MP RO!\" \/>\n<meta property=\"og:description\" content=\"Lei complementar \u00e9 publicada e altera Lei Org\u00e2nica do MP RO! Confira os principais pontos e fique por dentro!\" \/>\n<meta property=\"og:url\" content=\"https:\/\/www.estrategiaconcursos.com.br\/blog\/lei-complementar-altera-lei-organica-do-mp-ro\/\" \/>\n<meta property=\"og:site_name\" content=\"Estrat\u00e9gia Concursos\" \/>\n<meta property=\"article:published_time\" content=\"2025-12-05T21:00:38+00:00\" \/>\n<meta property=\"article:modified_time\" content=\"2025-12-05T23:17:24+00:00\" \/>\n<meta property=\"og:image\" content=\"https:\/\/dhg1h5j42swfq.cloudfront.net\/2023\/05\/30160730\/mp-ro.jpg\" \/>\n\t<meta property=\"og:image:width\" content=\"768\" \/>\n\t<meta property=\"og:image:height\" content=\"432\" \/>\n\t<meta property=\"og:image:type\" content=\"image\/jpeg\" \/>\n<meta name=\"author\" content=\"Nat\u00e1lia Scarano\" \/>\n<meta name=\"twitter:card\" content=\"summary_large_image\" \/>\n<meta name=\"twitter:creator\" content=\"@EstratConcursos\" \/>\n<meta name=\"twitter:site\" content=\"@EstratConcursos\" \/>\n<meta name=\"twitter:label1\" content=\"Escrito por\" \/>\n\t<meta name=\"twitter:data1\" content=\"Nat\u00e1lia Scarano\" \/>\n\t<meta name=\"twitter:label2\" content=\"Est. tempo de leitura\" \/>\n\t<meta name=\"twitter:data2\" content=\"4 minutos\" \/>\n<script type=\"application\/ld+json\" class=\"yoast-schema-graph\">{\"@context\":\"https:\/\/schema.org\",\"@graph\":[{\"@type\":\"NewsArticle\",\"@id\":\"https:\/\/www.estrategiaconcursos.com.br\/blog\/lei-complementar-altera-lei-organica-do-mp-ro\/#article\",\"isPartOf\":{\"@id\":\"https:\/\/www.estrategiaconcursos.com.br\/blog\/lei-complementar-altera-lei-organica-do-mp-ro\/\"},\"author\":{\"name\":\"Nat\u00e1lia Scarano\",\"@id\":\"https:\/\/www.estrategiaconcursos.com.br\/blog\/#\/schema\/person\/751aedf909a9d10cb23ce6ac527ce0f2\"},\"headline\":\"Lei complementar \u00e9 publicada e altera Lei Org\u00e2nica do MP RO!\",\"datePublished\":\"2025-12-05T21:00:38+00:00\",\"dateModified\":\"2025-12-05T23:17:24+00:00\",\"mainEntityOfPage\":{\"@id\":\"https:\/\/www.estrategiaconcursos.com.br\/blog\/lei-complementar-altera-lei-organica-do-mp-ro\/\"},\"wordCount\":744,\"commentCount\":0,\"publisher\":{\"@id\":\"https:\/\/www.estrategiaconcursos.com.br\/blog\/#organization\"},\"image\":{\"@id\":\"https:\/\/www.estrategiaconcursos.com.br\/blog\/lei-complementar-altera-lei-organica-do-mp-ro\/#primaryimage\"},\"thumbnailUrl\":\"https:\/\/dhg1h5j42swfq.cloudfront.net\/2023\/05\/30160730\/mp-ro.jpg\",\"articleSection\":[\"Concursos P\u00fablicos\",\"Minist\u00e9rio P\u00fablico\",\"\u00daltimas not\u00edcias\"],\"inLanguage\":\"pt-BR\",\"potentialAction\":[{\"@type\":\"CommentAction\",\"name\":\"Comment\",\"target\":[\"https:\/\/www.estrategiaconcursos.com.br\/blog\/lei-complementar-altera-lei-organica-do-mp-ro\/#respond\"]}],\"copyrightYear\":\"2025\",\"copyrightHolder\":{\"@id\":\"https:\/\/www.estrategiaconcursos.com.br\/blog\/#organization\"}},{\"@type\":\"WebPage\",\"@id\":\"https:\/\/www.estrategiaconcursos.com.br\/blog\/lei-complementar-altera-lei-organica-do-mp-ro\/\",\"url\":\"https:\/\/www.estrategiaconcursos.com.br\/blog\/lei-complementar-altera-lei-organica-do-mp-ro\/\",\"name\":\"Lei complementar \u00e9 publicada e altera Lei Org\u00e2nica do MP RO!\",\"isPartOf\":{\"@id\":\"https:\/\/www.estrategiaconcursos.com.br\/blog\/#website\"},\"primaryImageOfPage\":{\"@id\":\"https:\/\/www.estrategiaconcursos.com.br\/blog\/lei-complementar-altera-lei-organica-do-mp-ro\/#primaryimage\"},\"image\":{\"@id\":\"https:\/\/www.estrategiaconcursos.com.br\/blog\/lei-complementar-altera-lei-organica-do-mp-ro\/#primaryimage\"},\"thumbnailUrl\":\"https:\/\/dhg1h5j42swfq.cloudfront.net\/2023\/05\/30160730\/mp-ro.jpg\",\"datePublished\":\"2025-12-05T21:00:38+00:00\",\"dateModified\":\"2025-12-05T23:17:24+00:00\",\"description\":\"Lei complementar \u00e9 publicada e altera Lei Org\u00e2nica do MP RO! Confira os principais pontos e fique por dentro!\",\"breadcrumb\":{\"@id\":\"https:\/\/www.estrategiaconcursos.com.br\/blog\/lei-complementar-altera-lei-organica-do-mp-ro\/#breadcrumb\"},\"inLanguage\":\"pt-BR\",\"potentialAction\":[{\"@type\":\"ReadAction\",\"target\":[\"https:\/\/www.estrategiaconcursos.com.br\/blog\/lei-complementar-altera-lei-organica-do-mp-ro\/\"]}]},{\"@type\":\"ImageObject\",\"inLanguage\":\"pt-BR\",\"@id\":\"https:\/\/www.estrategiaconcursos.com.br\/blog\/lei-complementar-altera-lei-organica-do-mp-ro\/#primaryimage\",\"url\":\"https:\/\/dhg1h5j42swfq.cloudfront.net\/2023\/05\/30160730\/mp-ro.jpg\",\"contentUrl\":\"https:\/\/dhg1h5j42swfq.cloudfront.net\/2023\/05\/30160730\/mp-ro.jpg\",\"width\":768,\"height\":432,\"caption\":\"lei complementar mp ro\"},{\"@type\":\"BreadcrumbList\",\"@id\":\"https:\/\/www.estrategiaconcursos.com.br\/blog\/lei-complementar-altera-lei-organica-do-mp-ro\/#breadcrumb\",\"itemListElement\":[{\"@type\":\"ListItem\",\"position\":1,\"name\":\"In\u00edcio\",\"item\":\"https:\/\/www.estrategiaconcursos.com.br\/blog\/\"},{\"@type\":\"ListItem\",\"position\":2,\"name\":\"Lei complementar \u00e9 publicada e altera Lei Org\u00e2nica do MP RO!\"}]},{\"@type\":\"WebSite\",\"@id\":\"https:\/\/www.estrategiaconcursos.com.br\/blog\/#website\",\"url\":\"https:\/\/www.estrategiaconcursos.com.br\/blog\/\",\"name\":\"Estrat\u00e9gia Concursos\",\"description\":\"O blog da Estrat\u00e9gia Concursos traz not\u00edcias sobre concursos e artigos de professores oferecendo cursos para concursos (pdf + videaulas) no site.\",\"publisher\":{\"@id\":\"https:\/\/www.estrategiaconcursos.com.br\/blog\/#organization\"},\"potentialAction\":[{\"@type\":\"SearchAction\",\"target\":{\"@type\":\"EntryPoint\",\"urlTemplate\":\"https:\/\/www.estrategiaconcursos.com.br\/blog\/?s={search_term_string}\"},\"query-input\":{\"@type\":\"PropertyValueSpecification\",\"valueRequired\":true,\"valueName\":\"search_term_string\"}}],\"inLanguage\":\"pt-BR\"},{\"@type\":\"Organization\",\"@id\":\"https:\/\/www.estrategiaconcursos.com.br\/blog\/#organization\",\"name\":\"Estrat\u00e9gia Concursos\",\"url\":\"https:\/\/www.estrategiaconcursos.com.br\/blog\/\",\"logo\":{\"@type\":\"ImageObject\",\"inLanguage\":\"pt-BR\",\"@id\":\"https:\/\/www.estrategiaconcursos.com.br\/blog\/#\/schema\/logo\/image\/\",\"url\":\"https:\/\/dhg1h5j42swfq.cloudfront.net\/2025\/06\/03203428\/logo_concursos-1.jpg\",\"contentUrl\":\"https:\/\/dhg1h5j42swfq.cloudfront.net\/2025\/06\/03203428\/logo_concursos-1.jpg\",\"width\":230,\"height\":60,\"caption\":\"Estrat\u00e9gia Concursos\"},\"image\":{\"@id\":\"https:\/\/www.estrategiaconcursos.com.br\/blog\/#\/schema\/logo\/image\/\"},\"sameAs\":[\"https:\/\/x.com\/EstratConcursos\"]},{\"@type\":\"Person\",\"@id\":\"https:\/\/www.estrategiaconcursos.com.br\/blog\/#\/schema\/person\/751aedf909a9d10cb23ce6ac527ce0f2\",\"name\":\"Nat\u00e1lia Scarano\",\"image\":{\"@type\":\"ImageObject\",\"inLanguage\":\"pt-BR\",\"@id\":\"https:\/\/secure.gravatar.com\/avatar\/8a889b8db3dbd227a1a78627357ec8fe64f5e99189d1889a270127828ab372ac?s=96&d=mm&r=g\",\"url\":\"https:\/\/secure.gravatar.com\/avatar\/8a889b8db3dbd227a1a78627357ec8fe64f5e99189d1889a270127828ab372ac?s=96&d=mm&r=g\",\"contentUrl\":\"https:\/\/secure.gravatar.com\/avatar\/8a889b8db3dbd227a1a78627357ec8fe64f5e99189d1889a270127828ab372ac?s=96&d=mm&r=g\",\"caption\":\"Nat\u00e1lia Scarano\"},\"description\":\"Jornalista, formada e p\u00f3s graduada pelo IESB, faz parte do time de jornalistas do Estrat\u00e9gia desde 2017. Possui familiaridade com as \u00e1reas de Tribunais, Defensorias, Procuradorias, Minist\u00e9rios P\u00fablicos, Conselhos, Educa\u00e7\u00e3o, \u00c1rea de Seguran\u00e7a, concursos de Carreiras Jur\u00eddicas e OAB. Experi\u00eancia em marketing digital, assessoria de comunica\u00e7\u00e3o e institucional na \u00e1rea privada e p\u00fablica, com atua\u00e7\u00e3o em \u00f3rg\u00e3os como CGU, Cofen e CNM.\",\"url\":\"https:\/\/www.estrategiaconcursos.com.br\/blog\/author\/natalia-scaranoestrategiaconcursos-com-br\/\"}]}<\/script>\n<!-- \/ Yoast SEO Premium plugin. -->","yoast_head_json":{"title":"Lei complementar \u00e9 publicada e altera Lei Org\u00e2nica do MP RO!","description":"Lei complementar \u00e9 publicada e altera Lei Org\u00e2nica do MP RO! Confira os principais pontos e fique por dentro!","robots":{"index":"index","follow":"follow","max-snippet":"max-snippet:-1","max-image-preview":"max-image-preview:large","max-video-preview":"max-video-preview:-1"},"canonical":"https:\/\/www.estrategiaconcursos.com.br\/blog\/lei-complementar-altera-lei-organica-do-mp-ro\/","og_locale":"pt_BR","og_type":"article","og_title":"Lei complementar \u00e9 publicada e altera Lei Org\u00e2nica do MP RO!","og_description":"Lei complementar \u00e9 publicada e altera Lei Org\u00e2nica do MP RO! Confira os principais pontos e fique por dentro!","og_url":"https:\/\/www.estrategiaconcursos.com.br\/blog\/lei-complementar-altera-lei-organica-do-mp-ro\/","og_site_name":"Estrat\u00e9gia Concursos","article_published_time":"2025-12-05T21:00:38+00:00","article_modified_time":"2025-12-05T23:17:24+00:00","og_image":[{"width":768,"height":432,"url":"https:\/\/dhg1h5j42swfq.cloudfront.net\/2023\/05\/30160730\/mp-ro.jpg","type":"image\/jpeg"}],"author":"Nat\u00e1lia Scarano","twitter_card":"summary_large_image","twitter_creator":"@EstratConcursos","twitter_site":"@EstratConcursos","twitter_misc":{"Escrito por":"Nat\u00e1lia Scarano","Est. tempo de leitura":"4 minutos"},"schema":{"@context":"https:\/\/schema.org","@graph":[{"@type":"NewsArticle","@id":"https:\/\/www.estrategiaconcursos.com.br\/blog\/lei-complementar-altera-lei-organica-do-mp-ro\/#article","isPartOf":{"@id":"https:\/\/www.estrategiaconcursos.com.br\/blog\/lei-complementar-altera-lei-organica-do-mp-ro\/"},"author":{"name":"Nat\u00e1lia Scarano","@id":"https:\/\/www.estrategiaconcursos.com.br\/blog\/#\/schema\/person\/751aedf909a9d10cb23ce6ac527ce0f2"},"headline":"Lei complementar \u00e9 publicada e altera Lei Org\u00e2nica do MP RO!","datePublished":"2025-12-05T21:00:38+00:00","dateModified":"2025-12-05T23:17:24+00:00","mainEntityOfPage":{"@id":"https:\/\/www.estrategiaconcursos.com.br\/blog\/lei-complementar-altera-lei-organica-do-mp-ro\/"},"wordCount":744,"commentCount":0,"publisher":{"@id":"https:\/\/www.estrategiaconcursos.com.br\/blog\/#organization"},"image":{"@id":"https:\/\/www.estrategiaconcursos.com.br\/blog\/lei-complementar-altera-lei-organica-do-mp-ro\/#primaryimage"},"thumbnailUrl":"https:\/\/dhg1h5j42swfq.cloudfront.net\/2023\/05\/30160730\/mp-ro.jpg","articleSection":["Concursos P\u00fablicos","Minist\u00e9rio P\u00fablico","\u00daltimas not\u00edcias"],"inLanguage":"pt-BR","potentialAction":[{"@type":"CommentAction","name":"Comment","target":["https:\/\/www.estrategiaconcursos.com.br\/blog\/lei-complementar-altera-lei-organica-do-mp-ro\/#respond"]}],"copyrightYear":"2025","copyrightHolder":{"@id":"https:\/\/www.estrategiaconcursos.com.br\/blog\/#organization"}},{"@type":"WebPage","@id":"https:\/\/www.estrategiaconcursos.com.br\/blog\/lei-complementar-altera-lei-organica-do-mp-ro\/","url":"https:\/\/www.estrategiaconcursos.com.br\/blog\/lei-complementar-altera-lei-organica-do-mp-ro\/","name":"Lei complementar \u00e9 publicada e altera Lei Org\u00e2nica do MP RO!","isPartOf":{"@id":"https:\/\/www.estrategiaconcursos.com.br\/blog\/#website"},"primaryImageOfPage":{"@id":"https:\/\/www.estrategiaconcursos.com.br\/blog\/lei-complementar-altera-lei-organica-do-mp-ro\/#primaryimage"},"image":{"@id":"https:\/\/www.estrategiaconcursos.com.br\/blog\/lei-complementar-altera-lei-organica-do-mp-ro\/#primaryimage"},"thumbnailUrl":"https:\/\/dhg1h5j42swfq.cloudfront.net\/2023\/05\/30160730\/mp-ro.jpg","datePublished":"2025-12-05T21:00:38+00:00","dateModified":"2025-12-05T23:17:24+00:00","description":"Lei complementar \u00e9 publicada e altera Lei Org\u00e2nica do MP RO! Confira os principais pontos e fique por dentro!","breadcrumb":{"@id":"https:\/\/www.estrategiaconcursos.com.br\/blog\/lei-complementar-altera-lei-organica-do-mp-ro\/#breadcrumb"},"inLanguage":"pt-BR","potentialAction":[{"@type":"ReadAction","target":["https:\/\/www.estrategiaconcursos.com.br\/blog\/lei-complementar-altera-lei-organica-do-mp-ro\/"]}]},{"@type":"ImageObject","inLanguage":"pt-BR","@id":"https:\/\/www.estrategiaconcursos.com.br\/blog\/lei-complementar-altera-lei-organica-do-mp-ro\/#primaryimage","url":"https:\/\/dhg1h5j42swfq.cloudfront.net\/2023\/05\/30160730\/mp-ro.jpg","contentUrl":"https:\/\/dhg1h5j42swfq.cloudfront.net\/2023\/05\/30160730\/mp-ro.jpg","width":768,"height":432,"caption":"lei complementar mp ro"},{"@type":"BreadcrumbList","@id":"https:\/\/www.estrategiaconcursos.com.br\/blog\/lei-complementar-altera-lei-organica-do-mp-ro\/#breadcrumb","itemListElement":[{"@type":"ListItem","position":1,"name":"In\u00edcio","item":"https:\/\/www.estrategiaconcursos.com.br\/blog\/"},{"@type":"ListItem","position":2,"name":"Lei complementar \u00e9 publicada e altera Lei Org\u00e2nica do MP RO!"}]},{"@type":"WebSite","@id":"https:\/\/www.estrategiaconcursos.com.br\/blog\/#website","url":"https:\/\/www.estrategiaconcursos.com.br\/blog\/","name":"Estrat\u00e9gia Concursos","description":"O blog da Estrat\u00e9gia Concursos traz not\u00edcias sobre concursos e artigos de professores oferecendo cursos para concursos (pdf + videaulas) no site.","publisher":{"@id":"https:\/\/www.estrategiaconcursos.com.br\/blog\/#organization"},"potentialAction":[{"@type":"SearchAction","target":{"@type":"EntryPoint","urlTemplate":"https:\/\/www.estrategiaconcursos.com.br\/blog\/?s={search_term_string}"},"query-input":{"@type":"PropertyValueSpecification","valueRequired":true,"valueName":"search_term_string"}}],"inLanguage":"pt-BR"},{"@type":"Organization","@id":"https:\/\/www.estrategiaconcursos.com.br\/blog\/#organization","name":"Estrat\u00e9gia Concursos","url":"https:\/\/www.estrategiaconcursos.com.br\/blog\/","logo":{"@type":"ImageObject","inLanguage":"pt-BR","@id":"https:\/\/www.estrategiaconcursos.com.br\/blog\/#\/schema\/logo\/image\/","url":"https:\/\/dhg1h5j42swfq.cloudfront.net\/2025\/06\/03203428\/logo_concursos-1.jpg","contentUrl":"https:\/\/dhg1h5j42swfq.cloudfront.net\/2025\/06\/03203428\/logo_concursos-1.jpg","width":230,"height":60,"caption":"Estrat\u00e9gia Concursos"},"image":{"@id":"https:\/\/www.estrategiaconcursos.com.br\/blog\/#\/schema\/logo\/image\/"},"sameAs":["https:\/\/x.com\/EstratConcursos"]},{"@type":"Person","@id":"https:\/\/www.estrategiaconcursos.com.br\/blog\/#\/schema\/person\/751aedf909a9d10cb23ce6ac527ce0f2","name":"Nat\u00e1lia Scarano","image":{"@type":"ImageObject","inLanguage":"pt-BR","@id":"https:\/\/secure.gravatar.com\/avatar\/8a889b8db3dbd227a1a78627357ec8fe64f5e99189d1889a270127828ab372ac?s=96&d=mm&r=g","url":"https:\/\/secure.gravatar.com\/avatar\/8a889b8db3dbd227a1a78627357ec8fe64f5e99189d1889a270127828ab372ac?s=96&d=mm&r=g","contentUrl":"https:\/\/secure.gravatar.com\/avatar\/8a889b8db3dbd227a1a78627357ec8fe64f5e99189d1889a270127828ab372ac?s=96&d=mm&r=g","caption":"Nat\u00e1lia Scarano"},"description":"Jornalista, formada e p\u00f3s graduada pelo IESB, faz parte do time de jornalistas do Estrat\u00e9gia desde 2017. Possui familiaridade com as \u00e1reas de Tribunais, Defensorias, Procuradorias, Minist\u00e9rios P\u00fablicos, Conselhos, Educa\u00e7\u00e3o, \u00c1rea de Seguran\u00e7a, concursos de Carreiras Jur\u00eddicas e OAB. Experi\u00eancia em marketing digital, assessoria de comunica\u00e7\u00e3o e institucional na \u00e1rea privada e p\u00fablica, com atua\u00e7\u00e3o em \u00f3rg\u00e3os como CGU, Cofen e CNM.","url":"https:\/\/www.estrategiaconcursos.com.br\/blog\/author\/natalia-scaranoestrategiaconcursos-com-br\/"}]}},"_links":{"self":[{"href":"https:\/\/www.estrategiaconcursos.com.br\/blog\/wp-json\/wp\/v2\/posts\/1681070","targetHints":{"allow":["GET"]}}],"collection":[{"href":"https:\/\/www.estrategiaconcursos.com.br\/blog\/wp-json\/wp\/v2\/posts"}],"about":[{"href":"https:\/\/www.estrategiaconcursos.com.br\/blog\/wp-json\/wp\/v2\/types\/post"}],"author":[{"embeddable":true,"href":"https:\/\/www.estrategiaconcursos.com.br\/blog\/wp-json\/wp\/v2\/users\/657"}],"replies":[{"embeddable":true,"href":"https:\/\/www.estrategiaconcursos.com.br\/blog\/wp-json\/wp\/v2\/comments?post=1681070"}],"version-history":[{"count":8,"href":"https:\/\/www.estrategiaconcursos.com.br\/blog\/wp-json\/wp\/v2\/posts\/1681070\/revisions"}],"predecessor-version":[{"id":1681157,"href":"https:\/\/www.estrategiaconcursos.com.br\/blog\/wp-json\/wp\/v2\/posts\/1681070\/revisions\/1681157"}],"wp:featuredmedia":[{"embeddable":true,"href":"https:\/\/www.estrategiaconcursos.com.br\/blog\/wp-json\/wp\/v2\/media\/1224644"}],"wp:attachment":[{"href":"https:\/\/www.estrategiaconcursos.com.br\/blog\/wp-json\/wp\/v2\/media?parent=1681070"}],"wp:term":[{"taxonomy":"category","embeddable":true,"href":"https:\/\/www.estrategiaconcursos.com.br\/blog\/wp-json\/wp\/v2\/categories?post=1681070"},{"taxonomy":"post_tag","embeddable":true,"href":"https:\/\/www.estrategiaconcursos.com.br\/blog\/wp-json\/wp\/v2\/tags?post=1681070"},{"taxonomy":"tax_estado","embeddable":true,"href":"https:\/\/www.estrategiaconcursos.com.br\/blog\/wp-json\/wp\/v2\/tax_estado?post=1681070"}],"curies":[{"name":"wp","href":"https:\/\/api.w.org\/{rel}","templated":true}]}}