{"id":1680691,"date":"2025-12-05T10:19:48","date_gmt":"2025-12-05T13:19:48","guid":{"rendered":"https:\/\/www.estrategiaconcursos.com.br\/blog\/?p=1680691"},"modified":"2025-12-05T13:10:24","modified_gmt":"2025-12-05T16:10:24","slug":"concurso-pc-sc-banca-contratada","status":"publish","type":"post","link":"https:\/\/www.estrategiaconcursos.com.br\/blog\/concurso-pc-sc-banca-contratada\/","title":{"rendered":"Concurso PC SC: banca contratada; edital ainda em 2025"},"content":{"rendered":"\n<p style=\"font-size:clamp(16.293px, 1.018rem + ((1vw - 3.2px) * 0.854), 25px);\"><strong><em>Novo edital do concurso PC SC deve ser lan\u00e7ado ainda em 2025<\/em><\/strong><\/p>\n\n\n\n<p>O novo concurso da <strong>Pol\u00edcia Civil de Santa Catarina (PC SC) <\/strong>segue avan\u00e7ando e acaba de alcan\u00e7ar uma etapa decisiva: a <strong>banca organizadora j\u00e1 foi oficialmente contratada<\/strong>. <\/p>\n\n\n\n<p>O Instituto de Desenvolvimento Educacional, Cultural e Assistencial Nacional (<a href=\"https:\/\/pncp.gov.br\/app\/contratos\/07188579000107\/2025\/290\" target=\"_blank\" rel=\"noreferrer noopener\">IDECAN<\/a>) ser\u00e1 o respons\u00e1vel pela execu\u00e7\u00e3o do certame.<\/p>\n\n\n\n<ul class=\"wp-block-list\">\n<li><strong><a href=\"https:\/\/dhg1h5j42swfq.cloudfront.net\/2025\/12\/05101828\/co788-pcsc-2025-retificado.pdf\" target=\"_blank\" rel=\"noreferrer noopener nofollow\">Confira o contrato<\/a><\/strong><\/li>\n<\/ul>\n\n\n\n<p>Al\u00e9m disso, a <strong>expectativa \u00e9 de que o edital seja divulgado ainda em 2025<\/strong>, possivelmente at\u00e9 a primeira quinzena de dezembro. A sinaliza\u00e7\u00e3o foi feita pelo delegado-geral da corpora\u00e7\u00e3o, Ulisses Gabriel, em conversa com a equipe de <a href=\"https:\/\/www.estrategiaconcursos.com.br\/blog\/concurso-pc-sc-edital-inscricoes-neste-ano\/\" target=\"_blank\" rel=\"noreferrer noopener\">jornalismo do Estrat\u00e9gia Concursos<\/a>.<\/p>\n\n\n\n<p>Segundo o dirigente, o cronograma inicial sofreu um pequeno atraso, estimado em cerca de 15 dias, em raz\u00e3o de tr\u00e2mites administrativos. Apesar disso, a previs\u00e3o \u00e9 de que o <strong>documento seja publicado em breve<\/strong>, com chance, inclusive, de as inscri\u00e7\u00f5es serem abertas ainda neste ano.<\/p>\n\n\n\n<div class=\"container\" id=\"boxes\">\r\n  <div class=\"row\">\r\n\r\n    <div class=\"col-sm\">\r\n      <div class=\"banner-policia-civil\" id=\"box-assinatura\">\r\n        <h3 class=\"titulo-assinatura\">Concurso PC SC<\/h3>\r\n        <p class=\"subtitulo-assinatura\">Rumo \u00e0 carreira policial dos seus sonhos! \u2b50<\/p>\r\n        <div class=\"box-botao\">\r\n          <a class=\"btn-assinatura\" target=\"_blank\" href=\"https:\/\/www.estrategiaconcursos.com.br\/cursosPorConcurso\/policia-civil-sc\/\" role=\"button\" rel=\"noopener noreferrer\">VER CURSOS<\/a>\r\n        <\/div>\r\n      <\/div>\r\n     \r\n    <\/div>\r\n\r\n  <\/div>\r\n<\/div>\n\n\n\n<h2 class=\"wp-block-heading\" id=\"h-concurso-pc-sc-300-vagas-para-oficial-investigador-de-policia\">Concurso PC SC: 300 vagas para Oficial Investigador de Pol\u00edcia<\/h2>\n\n\n\n<p>O novo <strong>concurso da PC SC ofertar\u00e1 300 vagas para o cargo de Oficial Investigador de Pol\u00edcia,<\/strong> nomenclatura que passou a englobar as antigas fun\u00e7\u00f5es de Agente e Escriv\u00e3o. A carreira oferece remunera\u00e7\u00e3o inicial de R$ 6.450,00.<\/p>\n\n\n\n<p>De acordo com o termo de refer\u00eancia do certame, a realiza\u00e7\u00e3o do concurso \u00e9 justificada pelo expressivo d\u00e9ficit de efetivo: atualmente, a Pol\u00edcia Civil catarinense acumula 2.681 cargos vagos em seus quadros.<\/p>\n\n\n\n<h3 class=\"wp-block-heading\">Etapas de avalia\u00e7\u00e3o j\u00e1 est\u00e3o definidas<\/h3>\n\n\n\n<p>O processo seletivo ser\u00e1 composto por quatro fases eliminat\u00f3rias:<\/p>\n\n\n\n<ul class=\"wp-block-list\">\n<li>Prova objetiva;<\/li>\n\n\n\n<li>Teste de aptid\u00e3o f\u00edsica (TAF);<\/li>\n\n\n\n<li>Avalia\u00e7\u00e3o psicol\u00f3gica;<\/li>\n\n\n\n<li>Investiga\u00e7\u00e3o social.<\/li>\n<\/ul>\n\n\n\n<h4 class=\"wp-block-heading\">Prova objetiva<\/h4>\n\n\n\n<p>A prova escrita contar\u00e1 com 100 quest\u00f5es in\u00e9ditas de m\u00faltipla escolha, cada uma com cinco alternativas. A aplica\u00e7\u00e3o ocorrer\u00e1 em diversas cidades do estado, ampliando o acesso dos candidatos. Est\u00e3o previstas provas nos munic\u00edpios de:<\/p>\n\n\n\n<ul class=\"wp-block-list\">\n<li>Florian\u00f3polis<\/li>\n\n\n\n<li>Joinville<\/li>\n\n\n\n<li>Chapec\u00f3<\/li>\n\n\n\n<li>Crici\u00fama<\/li>\n\n\n\n<li>Lages<\/li>\n\n\n\n<li>Blumenau<\/li>\n\n\n\n<li>Itaja\u00ed<\/li>\n\n\n\n<li>Joa\u00e7aba<\/li>\n\n\n\n<li>Tubar\u00e3o<\/li>\n<\/ul>\n\n\n\n<h4 class=\"wp-block-heading\">Teste de Aptid\u00e3o F\u00edsica (TAF)<\/h4>\n\n\n\n<p>O TAF ser\u00e1 aplicado aos 2.400 candidatos mais bem classificados, sendo 1.600 para a antiga fun\u00e7\u00e3o de agente e 800 para escriv\u00e3o, agora reunidos no cargo de Oficial Investigador. Os exerc\u00edcios exigidos ser\u00e3o:<\/p>\n\n\n\n<ul class=\"wp-block-list\">\n<li>Impuls\u00e3o horizontal;<\/li>\n\n\n\n<li>Flex\u00e3o abdominal;<\/li>\n\n\n\n<li>Flex\u00e3o na barra fixa (masculino) e sustenta\u00e7\u00e3o na barra fixa (feminino);<\/li>\n\n\n\n<li>Teste de L\u00e9ger (corrida de resist\u00eancia).<\/li>\n<\/ul>\n\n\n\n<p class=\"has-text-align-center\"><em>Para mais informa\u00e7\u00f5es sobre o concurso PC SC, al\u00e9m da banca contratada, acesse o link abaixo!<\/em><\/p>\n\n\n\n<h2 class=\"wp-block-heading has-text-align-center has-very-light-gray-to-cyan-bluish-gray-gradient-background has-background has-medium-font-size\" id=\"h-saiba-mais-concurso-policia-civil-sc\">Saiba mais: <a href=\"https:\/\/www.estrategiaconcursos.com.br\/blog\/concurso-pc-sc\/\" target=\"_blank\" rel=\"noreferrer noopener\">concurso Pol\u00edcia Civil SC<\/a><\/h2>\n\n\n\n<hr class=\"wp-block-separator has-alpha-channel-opacity\"\/>\n\n\n\n<h2 class=\"wp-block-heading has-text-align-center\" id=\"h-quer-saber-tudo-sobre-concursos-previstos-confira-nossos-artigos\">Quer saber tudo sobre concursos previstos?<br \/>Confira nossos artigos!<\/h2>\n\n\n\n<ul class=\"wp-block-list\">\n<li><a href=\"https:\/\/www.estrategiaconcursos.com.br\/blog\/concursos-abertos\/\" target=\"_blank\" rel=\"noreferrer noopener\">Concursos abertos<\/a><\/li>\n\n\n\n<li><a href=\"https:\/\/www.estrategiaconcursos.com.br\/blog\/concursos-de-policia\/\" target=\"_blank\" rel=\"noreferrer noopener\">Concursos policiais<\/a><\/li>\n\n\n\n<li><a href=\"https:\/\/www.estrategiaconcursos.com.br\/blog\/concursos-2026\/\" target=\"_blank\" rel=\"noreferrer noopener\">Concursos 2026<\/a><\/li>\n<\/ul>\n\n\n\n<div class=\"container\" id=\"boxes\">\n  <div class=\"row\">\n\n    <div class=\"col-sm\">\n      <div class=\"estrategia\" id=\"box-assinatura\">\n        <h3 class=\"titulo-assinatura\">Assinatura de Concursos<\/h3>\n        <p class=\"subtitulo-assinatura\">Assinatura de 1 ou 2 anos<\/p>\n        <div class=\"box-botao\">\n          <a class=\"btn-assinatura\" target=\"_blank\" href=\"https:\/\/www.estrategiaconcursos.com.br\/assinaturas\/\" role=\"button\" rel=\"noopener noreferrer\">ASSINE AGORA<\/a>\n        <\/div>\n      <\/div>\n      <p <=\"\" p=\"\">\n    <\/p><\/div><\/div><\/div>\n\n\n\n<p><\/p>\n","protected":false},"excerpt":{"rendered":"<p>Novo edital do concurso PC SC deve ser lan\u00e7ado ainda em 2025 O novo concurso da Pol\u00edcia Civil de Santa Catarina (PC SC) segue avan\u00e7ando e acaba de alcan\u00e7ar uma etapa decisiva: a banca organizadora j\u00e1 foi oficialmente contratada. O Instituto de Desenvolvimento Educacional, Cultural e Assistencial Nacional (IDECAN) ser\u00e1 o respons\u00e1vel pela execu\u00e7\u00e3o do [&hellip;]<\/p>\n","protected":false},"author":2018,"featured_media":1033364,"comment_status":"open","ping_status":"closed","sticky":false,"template":"","format":"standard","meta":{"post_tipo":"news","footnotes":""},"categories":[220188,220219],"tags":[],"tax_estado":[219987],"class_list":["post-1680691","post","type-post","status-publish","format-standard","has-post-thumbnail","hentry","category-policial-agente-penitenciario","category-noticias","tax_estado-sc"],"acf":[],"yoast_head":"<!-- This site is optimized with the Yoast SEO Premium plugin v27.2 (Yoast SEO v27.2) - https:\/\/yoast.com\/product\/yoast-seo-premium-wordpress\/ -->\n<title>Concurso PC SC: banca contratada; edital ainda em 2025<\/title>\n<meta name=\"description\" content=\"A banca organizadora do pr\u00f3ximo concurso PC SC, Idecan, foi oficialmente contratada. Edital iminente com 300 vagas!\" \/>\n<meta name=\"robots\" content=\"index, follow, max-snippet:-1, max-image-preview:large, max-video-preview:-1\" \/>\n<link rel=\"canonical\" href=\"https:\/\/www.estrategiaconcursos.com.br\/blog\/concurso-pc-sc-banca-contratada\/\" \/>\n<meta property=\"og:locale\" content=\"pt_BR\" \/>\n<meta property=\"og:type\" content=\"article\" \/>\n<meta property=\"og:title\" content=\"Concurso PC SC: banca contratada; edital ainda em 2025\" \/>\n<meta property=\"og:description\" content=\"A banca organizadora do pr\u00f3ximo concurso PC SC, Idecan, foi oficialmente contratada. Edital iminente com 300 vagas!\" \/>\n<meta property=\"og:url\" content=\"https:\/\/www.estrategiaconcursos.com.br\/blog\/concurso-pc-sc-banca-contratada\/\" \/>\n<meta property=\"og:site_name\" content=\"Estrat\u00e9gia Concursos\" \/>\n<meta property=\"article:published_time\" content=\"2025-12-05T13:19:48+00:00\" \/>\n<meta property=\"article:modified_time\" content=\"2025-12-05T16:10:24+00:00\" \/>\n<meta property=\"og:image\" content=\"https:\/\/dhg1h5j42swfq.cloudfront.net\/2022\/05\/24143827\/pc_sc.jpg\" \/>\n\t<meta property=\"og:image:width\" content=\"768\" \/>\n\t<meta property=\"og:image:height\" content=\"432\" \/>\n\t<meta property=\"og:image:type\" content=\"image\/jpeg\" \/>\n<meta name=\"author\" content=\"B\u00e1rbara Carvalho Santos\" \/>\n<meta name=\"twitter:card\" content=\"summary_large_image\" \/>\n<meta name=\"twitter:creator\" content=\"@EstratConcursos\" \/>\n<meta name=\"twitter:site\" content=\"@EstratConcursos\" \/>\n<meta name=\"twitter:label1\" content=\"Escrito por\" \/>\n\t<meta name=\"twitter:data1\" content=\"B\u00e1rbara Carvalho Santos\" \/>\n\t<meta name=\"twitter:label2\" content=\"Est. tempo de leitura\" \/>\n\t<meta name=\"twitter:data2\" content=\"2 minutos\" \/>\n<script type=\"application\/ld+json\" class=\"yoast-schema-graph\">{\"@context\":\"https:\/\/schema.org\",\"@graph\":[{\"@type\":\"NewsArticle\",\"@id\":\"https:\/\/www.estrategiaconcursos.com.br\/blog\/concurso-pc-sc-banca-contratada\/#article\",\"isPartOf\":{\"@id\":\"https:\/\/www.estrategiaconcursos.com.br\/blog\/concurso-pc-sc-banca-contratada\/\"},\"author\":{\"name\":\"B\u00e1rbara Carvalho Santos\",\"@id\":\"https:\/\/www.estrategiaconcursos.com.br\/blog\/#\/schema\/person\/e3882259fa157d54c44c21f4ee4e0e60\"},\"headline\":\"Concurso PC SC: banca contratada; edital ainda em 2025\",\"datePublished\":\"2025-12-05T13:19:48+00:00\",\"dateModified\":\"2025-12-05T16:10:24+00:00\",\"mainEntityOfPage\":{\"@id\":\"https:\/\/www.estrategiaconcursos.com.br\/blog\/concurso-pc-sc-banca-contratada\/\"},\"wordCount\":461,\"commentCount\":0,\"publisher\":{\"@id\":\"https:\/\/www.estrategiaconcursos.com.br\/blog\/#organization\"},\"image\":{\"@id\":\"https:\/\/www.estrategiaconcursos.com.br\/blog\/concurso-pc-sc-banca-contratada\/#primaryimage\"},\"thumbnailUrl\":\"https:\/\/dhg1h5j42swfq.cloudfront.net\/2022\/05\/24143827\/pc_sc.jpg\",\"articleSection\":[\"Policial (Agente Penitenci\u00e1rio)\",\"\u00daltimas not\u00edcias\"],\"inLanguage\":\"pt-BR\",\"potentialAction\":[{\"@type\":\"CommentAction\",\"name\":\"Comment\",\"target\":[\"https:\/\/www.estrategiaconcursos.com.br\/blog\/concurso-pc-sc-banca-contratada\/#respond\"]}],\"copyrightYear\":\"2025\",\"copyrightHolder\":{\"@id\":\"https:\/\/www.estrategiaconcursos.com.br\/blog\/#organization\"}},{\"@type\":\"WebPage\",\"@id\":\"https:\/\/www.estrategiaconcursos.com.br\/blog\/concurso-pc-sc-banca-contratada\/\",\"url\":\"https:\/\/www.estrategiaconcursos.com.br\/blog\/concurso-pc-sc-banca-contratada\/\",\"name\":\"Concurso PC SC: banca contratada; edital ainda em 2025\",\"isPartOf\":{\"@id\":\"https:\/\/www.estrategiaconcursos.com.br\/blog\/#website\"},\"primaryImageOfPage\":{\"@id\":\"https:\/\/www.estrategiaconcursos.com.br\/blog\/concurso-pc-sc-banca-contratada\/#primaryimage\"},\"image\":{\"@id\":\"https:\/\/www.estrategiaconcursos.com.br\/blog\/concurso-pc-sc-banca-contratada\/#primaryimage\"},\"thumbnailUrl\":\"https:\/\/dhg1h5j42swfq.cloudfront.net\/2022\/05\/24143827\/pc_sc.jpg\",\"datePublished\":\"2025-12-05T13:19:48+00:00\",\"dateModified\":\"2025-12-05T16:10:24+00:00\",\"description\":\"A banca organizadora do pr\u00f3ximo concurso PC SC, Idecan, foi oficialmente contratada. Edital iminente com 300 vagas!\",\"breadcrumb\":{\"@id\":\"https:\/\/www.estrategiaconcursos.com.br\/blog\/concurso-pc-sc-banca-contratada\/#breadcrumb\"},\"inLanguage\":\"pt-BR\",\"potentialAction\":[{\"@type\":\"ReadAction\",\"target\":[\"https:\/\/www.estrategiaconcursos.com.br\/blog\/concurso-pc-sc-banca-contratada\/\"]}]},{\"@type\":\"ImageObject\",\"inLanguage\":\"pt-BR\",\"@id\":\"https:\/\/www.estrategiaconcursos.com.br\/blog\/concurso-pc-sc-banca-contratada\/#primaryimage\",\"url\":\"https:\/\/dhg1h5j42swfq.cloudfront.net\/2022\/05\/24143827\/pc_sc.jpg\",\"contentUrl\":\"https:\/\/dhg1h5j42swfq.cloudfront.net\/2022\/05\/24143827\/pc_sc.jpg\",\"width\":768,\"height\":432,\"caption\":\"concurso pc sc\"},{\"@type\":\"BreadcrumbList\",\"@id\":\"https:\/\/www.estrategiaconcursos.com.br\/blog\/concurso-pc-sc-banca-contratada\/#breadcrumb\",\"itemListElement\":[{\"@type\":\"ListItem\",\"position\":1,\"name\":\"In\u00edcio\",\"item\":\"https:\/\/www.estrategiaconcursos.com.br\/blog\/\"},{\"@type\":\"ListItem\",\"position\":2,\"name\":\"Concurso PC SC: banca contratada; edital ainda em 2025\"}]},{\"@type\":\"WebSite\",\"@id\":\"https:\/\/www.estrategiaconcursos.com.br\/blog\/#website\",\"url\":\"https:\/\/www.estrategiaconcursos.com.br\/blog\/\",\"name\":\"Estrat\u00e9gia Concursos\",\"description\":\"O blog da Estrat\u00e9gia Concursos traz not\u00edcias sobre concursos e artigos de professores oferecendo cursos para concursos (pdf + videaulas) no site.\",\"publisher\":{\"@id\":\"https:\/\/www.estrategiaconcursos.com.br\/blog\/#organization\"},\"potentialAction\":[{\"@type\":\"SearchAction\",\"target\":{\"@type\":\"EntryPoint\",\"urlTemplate\":\"https:\/\/www.estrategiaconcursos.com.br\/blog\/?s={search_term_string}\"},\"query-input\":{\"@type\":\"PropertyValueSpecification\",\"valueRequired\":true,\"valueName\":\"search_term_string\"}}],\"inLanguage\":\"pt-BR\"},{\"@type\":\"Organization\",\"@id\":\"https:\/\/www.estrategiaconcursos.com.br\/blog\/#organization\",\"name\":\"Estrat\u00e9gia Concursos\",\"url\":\"https:\/\/www.estrategiaconcursos.com.br\/blog\/\",\"logo\":{\"@type\":\"ImageObject\",\"inLanguage\":\"pt-BR\",\"@id\":\"https:\/\/www.estrategiaconcursos.com.br\/blog\/#\/schema\/logo\/image\/\",\"url\":\"https:\/\/dhg1h5j42swfq.cloudfront.net\/2025\/06\/03203428\/logo_concursos-1.jpg\",\"contentUrl\":\"https:\/\/dhg1h5j42swfq.cloudfront.net\/2025\/06\/03203428\/logo_concursos-1.jpg\",\"width\":230,\"height\":60,\"caption\":\"Estrat\u00e9gia Concursos\"},\"image\":{\"@id\":\"https:\/\/www.estrategiaconcursos.com.br\/blog\/#\/schema\/logo\/image\/\"},\"sameAs\":[\"https:\/\/x.com\/EstratConcursos\"]},{\"@type\":\"Person\",\"@id\":\"https:\/\/www.estrategiaconcursos.com.br\/blog\/#\/schema\/person\/e3882259fa157d54c44c21f4ee4e0e60\",\"name\":\"B\u00e1rbara Carvalho Santos\",\"image\":{\"@type\":\"ImageObject\",\"inLanguage\":\"pt-BR\",\"@id\":\"https:\/\/secure.gravatar.com\/avatar\/353300f73140f779692b9be2b39f434d1341e4e34c7f55bd5a990fe29ef352eb?s=96&d=mm&r=g\",\"url\":\"https:\/\/secure.gravatar.com\/avatar\/353300f73140f779692b9be2b39f434d1341e4e34c7f55bd5a990fe29ef352eb?s=96&d=mm&r=g\",\"contentUrl\":\"https:\/\/secure.gravatar.com\/avatar\/353300f73140f779692b9be2b39f434d1341e4e34c7f55bd5a990fe29ef352eb?s=96&d=mm&r=g\",\"caption\":\"B\u00e1rbara Carvalho Santos\"},\"description\":\"M\u00e3e e jornalista formada pela UNIP, possui ampla experi\u00eancia na cobertura de entretenimento em grandes ve\u00edculos, como o site da CNN, RedeTV! e Estrat\u00e9gia Educacional. Atuou tamb\u00e9m em ag\u00eancias de marketing, produtoras musicais e assessorias de imprensa, com foco especial no trabalho com personalidades p\u00fablicas. Atualmente, integra a equipe do Estrat\u00e9gia Concursos, onde \u00e9 respons\u00e1vel pela produ\u00e7\u00e3o de conte\u00fados estrat\u00e9gicos voltados para o setor de concursos p\u00fablicos, com destaque para a \u00e1rea fiscal, gest\u00e3o, controle, concursos administrativos e Minist\u00e9rios participantes do CNU, al\u00e9m de diversos \u00f3rg\u00e3os federais. Tem como miss\u00e3o transformar informa\u00e7\u00f5es complexas em conte\u00fados acess\u00edveis, relevantes e de alto valor para quem sonha com uma carreira no servi\u00e7o p\u00fablico.\",\"url\":\"https:\/\/www.estrategiaconcursos.com.br\/blog\/author\/barbara-santos\/\"}]}<\/script>\n<!-- \/ Yoast SEO Premium plugin. -->","yoast_head_json":{"title":"Concurso PC SC: banca contratada; edital ainda em 2025","description":"A banca organizadora do pr\u00f3ximo concurso PC SC, Idecan, foi oficialmente contratada. Edital iminente com 300 vagas!","robots":{"index":"index","follow":"follow","max-snippet":"max-snippet:-1","max-image-preview":"max-image-preview:large","max-video-preview":"max-video-preview:-1"},"canonical":"https:\/\/www.estrategiaconcursos.com.br\/blog\/concurso-pc-sc-banca-contratada\/","og_locale":"pt_BR","og_type":"article","og_title":"Concurso PC SC: banca contratada; edital ainda em 2025","og_description":"A banca organizadora do pr\u00f3ximo concurso PC SC, Idecan, foi oficialmente contratada. Edital iminente com 300 vagas!","og_url":"https:\/\/www.estrategiaconcursos.com.br\/blog\/concurso-pc-sc-banca-contratada\/","og_site_name":"Estrat\u00e9gia Concursos","article_published_time":"2025-12-05T13:19:48+00:00","article_modified_time":"2025-12-05T16:10:24+00:00","og_image":[{"width":768,"height":432,"url":"https:\/\/dhg1h5j42swfq.cloudfront.net\/2022\/05\/24143827\/pc_sc.jpg","type":"image\/jpeg"}],"author":"B\u00e1rbara Carvalho Santos","twitter_card":"summary_large_image","twitter_creator":"@EstratConcursos","twitter_site":"@EstratConcursos","twitter_misc":{"Escrito por":"B\u00e1rbara Carvalho Santos","Est. tempo de leitura":"2 minutos"},"schema":{"@context":"https:\/\/schema.org","@graph":[{"@type":"NewsArticle","@id":"https:\/\/www.estrategiaconcursos.com.br\/blog\/concurso-pc-sc-banca-contratada\/#article","isPartOf":{"@id":"https:\/\/www.estrategiaconcursos.com.br\/blog\/concurso-pc-sc-banca-contratada\/"},"author":{"name":"B\u00e1rbara Carvalho Santos","@id":"https:\/\/www.estrategiaconcursos.com.br\/blog\/#\/schema\/person\/e3882259fa157d54c44c21f4ee4e0e60"},"headline":"Concurso PC SC: banca contratada; edital ainda em 2025","datePublished":"2025-12-05T13:19:48+00:00","dateModified":"2025-12-05T16:10:24+00:00","mainEntityOfPage":{"@id":"https:\/\/www.estrategiaconcursos.com.br\/blog\/concurso-pc-sc-banca-contratada\/"},"wordCount":461,"commentCount":0,"publisher":{"@id":"https:\/\/www.estrategiaconcursos.com.br\/blog\/#organization"},"image":{"@id":"https:\/\/www.estrategiaconcursos.com.br\/blog\/concurso-pc-sc-banca-contratada\/#primaryimage"},"thumbnailUrl":"https:\/\/dhg1h5j42swfq.cloudfront.net\/2022\/05\/24143827\/pc_sc.jpg","articleSection":["Policial (Agente Penitenci\u00e1rio)","\u00daltimas not\u00edcias"],"inLanguage":"pt-BR","potentialAction":[{"@type":"CommentAction","name":"Comment","target":["https:\/\/www.estrategiaconcursos.com.br\/blog\/concurso-pc-sc-banca-contratada\/#respond"]}],"copyrightYear":"2025","copyrightHolder":{"@id":"https:\/\/www.estrategiaconcursos.com.br\/blog\/#organization"}},{"@type":"WebPage","@id":"https:\/\/www.estrategiaconcursos.com.br\/blog\/concurso-pc-sc-banca-contratada\/","url":"https:\/\/www.estrategiaconcursos.com.br\/blog\/concurso-pc-sc-banca-contratada\/","name":"Concurso PC SC: banca contratada; edital ainda em 2025","isPartOf":{"@id":"https:\/\/www.estrategiaconcursos.com.br\/blog\/#website"},"primaryImageOfPage":{"@id":"https:\/\/www.estrategiaconcursos.com.br\/blog\/concurso-pc-sc-banca-contratada\/#primaryimage"},"image":{"@id":"https:\/\/www.estrategiaconcursos.com.br\/blog\/concurso-pc-sc-banca-contratada\/#primaryimage"},"thumbnailUrl":"https:\/\/dhg1h5j42swfq.cloudfront.net\/2022\/05\/24143827\/pc_sc.jpg","datePublished":"2025-12-05T13:19:48+00:00","dateModified":"2025-12-05T16:10:24+00:00","description":"A banca organizadora do pr\u00f3ximo concurso PC SC, Idecan, foi oficialmente contratada. Edital iminente com 300 vagas!","breadcrumb":{"@id":"https:\/\/www.estrategiaconcursos.com.br\/blog\/concurso-pc-sc-banca-contratada\/#breadcrumb"},"inLanguage":"pt-BR","potentialAction":[{"@type":"ReadAction","target":["https:\/\/www.estrategiaconcursos.com.br\/blog\/concurso-pc-sc-banca-contratada\/"]}]},{"@type":"ImageObject","inLanguage":"pt-BR","@id":"https:\/\/www.estrategiaconcursos.com.br\/blog\/concurso-pc-sc-banca-contratada\/#primaryimage","url":"https:\/\/dhg1h5j42swfq.cloudfront.net\/2022\/05\/24143827\/pc_sc.jpg","contentUrl":"https:\/\/dhg1h5j42swfq.cloudfront.net\/2022\/05\/24143827\/pc_sc.jpg","width":768,"height":432,"caption":"concurso pc sc"},{"@type":"BreadcrumbList","@id":"https:\/\/www.estrategiaconcursos.com.br\/blog\/concurso-pc-sc-banca-contratada\/#breadcrumb","itemListElement":[{"@type":"ListItem","position":1,"name":"In\u00edcio","item":"https:\/\/www.estrategiaconcursos.com.br\/blog\/"},{"@type":"ListItem","position":2,"name":"Concurso PC SC: banca contratada; edital ainda em 2025"}]},{"@type":"WebSite","@id":"https:\/\/www.estrategiaconcursos.com.br\/blog\/#website","url":"https:\/\/www.estrategiaconcursos.com.br\/blog\/","name":"Estrat\u00e9gia Concursos","description":"O blog da Estrat\u00e9gia Concursos traz not\u00edcias sobre concursos e artigos de professores oferecendo cursos para concursos (pdf + videaulas) no site.","publisher":{"@id":"https:\/\/www.estrategiaconcursos.com.br\/blog\/#organization"},"potentialAction":[{"@type":"SearchAction","target":{"@type":"EntryPoint","urlTemplate":"https:\/\/www.estrategiaconcursos.com.br\/blog\/?s={search_term_string}"},"query-input":{"@type":"PropertyValueSpecification","valueRequired":true,"valueName":"search_term_string"}}],"inLanguage":"pt-BR"},{"@type":"Organization","@id":"https:\/\/www.estrategiaconcursos.com.br\/blog\/#organization","name":"Estrat\u00e9gia Concursos","url":"https:\/\/www.estrategiaconcursos.com.br\/blog\/","logo":{"@type":"ImageObject","inLanguage":"pt-BR","@id":"https:\/\/www.estrategiaconcursos.com.br\/blog\/#\/schema\/logo\/image\/","url":"https:\/\/dhg1h5j42swfq.cloudfront.net\/2025\/06\/03203428\/logo_concursos-1.jpg","contentUrl":"https:\/\/dhg1h5j42swfq.cloudfront.net\/2025\/06\/03203428\/logo_concursos-1.jpg","width":230,"height":60,"caption":"Estrat\u00e9gia Concursos"},"image":{"@id":"https:\/\/www.estrategiaconcursos.com.br\/blog\/#\/schema\/logo\/image\/"},"sameAs":["https:\/\/x.com\/EstratConcursos"]},{"@type":"Person","@id":"https:\/\/www.estrategiaconcursos.com.br\/blog\/#\/schema\/person\/e3882259fa157d54c44c21f4ee4e0e60","name":"B\u00e1rbara Carvalho Santos","image":{"@type":"ImageObject","inLanguage":"pt-BR","@id":"https:\/\/secure.gravatar.com\/avatar\/353300f73140f779692b9be2b39f434d1341e4e34c7f55bd5a990fe29ef352eb?s=96&d=mm&r=g","url":"https:\/\/secure.gravatar.com\/avatar\/353300f73140f779692b9be2b39f434d1341e4e34c7f55bd5a990fe29ef352eb?s=96&d=mm&r=g","contentUrl":"https:\/\/secure.gravatar.com\/avatar\/353300f73140f779692b9be2b39f434d1341e4e34c7f55bd5a990fe29ef352eb?s=96&d=mm&r=g","caption":"B\u00e1rbara Carvalho Santos"},"description":"M\u00e3e e jornalista formada pela UNIP, possui ampla experi\u00eancia na cobertura de entretenimento em grandes ve\u00edculos, como o site da CNN, RedeTV! e Estrat\u00e9gia Educacional. Atuou tamb\u00e9m em ag\u00eancias de marketing, produtoras musicais e assessorias de imprensa, com foco especial no trabalho com personalidades p\u00fablicas. Atualmente, integra a equipe do Estrat\u00e9gia Concursos, onde \u00e9 respons\u00e1vel pela produ\u00e7\u00e3o de conte\u00fados estrat\u00e9gicos voltados para o setor de concursos p\u00fablicos, com destaque para a \u00e1rea fiscal, gest\u00e3o, controle, concursos administrativos e Minist\u00e9rios participantes do CNU, al\u00e9m de diversos \u00f3rg\u00e3os federais. Tem como miss\u00e3o transformar informa\u00e7\u00f5es complexas em conte\u00fados acess\u00edveis, relevantes e de alto valor para quem sonha com uma carreira no servi\u00e7o p\u00fablico.","url":"https:\/\/www.estrategiaconcursos.com.br\/blog\/author\/barbara-santos\/"}]}},"_links":{"self":[{"href":"https:\/\/www.estrategiaconcursos.com.br\/blog\/wp-json\/wp\/v2\/posts\/1680691","targetHints":{"allow":["GET"]}}],"collection":[{"href":"https:\/\/www.estrategiaconcursos.com.br\/blog\/wp-json\/wp\/v2\/posts"}],"about":[{"href":"https:\/\/www.estrategiaconcursos.com.br\/blog\/wp-json\/wp\/v2\/types\/post"}],"author":[{"embeddable":true,"href":"https:\/\/www.estrategiaconcursos.com.br\/blog\/wp-json\/wp\/v2\/users\/2018"}],"replies":[{"embeddable":true,"href":"https:\/\/www.estrategiaconcursos.com.br\/blog\/wp-json\/wp\/v2\/comments?post=1680691"}],"version-history":[{"count":5,"href":"https:\/\/www.estrategiaconcursos.com.br\/blog\/wp-json\/wp\/v2\/posts\/1680691\/revisions"}],"predecessor-version":[{"id":1680833,"href":"https:\/\/www.estrategiaconcursos.com.br\/blog\/wp-json\/wp\/v2\/posts\/1680691\/revisions\/1680833"}],"wp:featuredmedia":[{"embeddable":true,"href":"https:\/\/www.estrategiaconcursos.com.br\/blog\/wp-json\/wp\/v2\/media\/1033364"}],"wp:attachment":[{"href":"https:\/\/www.estrategiaconcursos.com.br\/blog\/wp-json\/wp\/v2\/media?parent=1680691"}],"wp:term":[{"taxonomy":"category","embeddable":true,"href":"https:\/\/www.estrategiaconcursos.com.br\/blog\/wp-json\/wp\/v2\/categories?post=1680691"},{"taxonomy":"post_tag","embeddable":true,"href":"https:\/\/www.estrategiaconcursos.com.br\/blog\/wp-json\/wp\/v2\/tags?post=1680691"},{"taxonomy":"tax_estado","embeddable":true,"href":"https:\/\/www.estrategiaconcursos.com.br\/blog\/wp-json\/wp\/v2\/tax_estado?post=1680691"}],"curies":[{"name":"wp","href":"https:\/\/api.w.org\/{rel}","templated":true}]}}