{"id":1680641,"date":"2025-12-05T09:43:59","date_gmt":"2025-12-05T12:43:59","guid":{"rendered":"https:\/\/www.estrategiaconcursos.com.br\/blog\/?p=1680641"},"modified":"2025-12-08T11:03:55","modified_gmt":"2025-12-08T14:03:55","slug":"concurso-bombeiros-pb-edital-publicado-oficial-2025","status":"publish","type":"post","link":"https:\/\/www.estrategiaconcursos.com.br\/blog\/concurso-bombeiros-pb-edital-publicado-oficial-2025\/","title":{"rendered":"Edital Bombeiros PB abre inscri\u00e7\u00f5es para 15 vagas; at\u00e9 R$ 8,7 mil!"},"content":{"rendered":"\n<p class=\"has-medium-font-size\"><strong><em>Inscritos no edital Bombeiros PB devem ter n\u00edvel superior de forma\u00e7\u00e3o; sele\u00e7\u00e3o utilizar\u00e1 as notas do Enem 2025<\/em><\/strong><\/p>\n\n\n\n<p>Est\u00e3o abertas as inscri\u00e7\u00f5es para o edital do <strong>concurso Bombeiros PB<\/strong> para o provimento de <strong>15 vagas<\/strong>, sendo 12 para ampla concorr\u00eancia e 03 (tr\u00eas) reservadas \u00e0 popula\u00e7\u00e3o negra.<\/p>\n\n\n\n<p>Os interessados podem se inscrever at\u00e9 <strong>26 de dezembro<\/strong>, no <a href=\"https:\/\/bombeiros.pb.gov.br\/\" target=\"_blank\" rel=\"noreferrer noopener\">site da pr\u00f3pria corpora\u00e7\u00e3o<\/a>, ao custo de<strong> R$ 120,00<\/strong>.<\/p>\n\n\n\n<p>O <strong>exame intelectual ser\u00e1 exclusivamente a nota do ENEM 2025<\/strong>, sendo expressamente vedada a participa\u00e7\u00e3o de candidatos inscritos como treineiros. A classifica\u00e7\u00e3o ser\u00e1 feita com base na m\u00e9dia aritm\u00e9tica das notas obtidas no exame.<\/p>\n\n\n\n<div class=\"container\" id=\"boxes\">\r\n  <div class=\"row\">\r\n\r\n    <div class=\"col-sm\">\r\n      <div class=\"banner-bombeiros-ec\" id=\"box-assinatura\">\r\n        <h3 class=\"titulo-assinatura\">Concurso Bombeiros PB<\/h3>\r\n        <p class=\"subtitulo-assinatura\">Domine o concurso Bombeiro PB! \u2728<\/p>\r\n        <div class=\"box-botao\">\r\n          <a class=\"btn-assinatura\" target=\"_blank\" href=\"https:\/\/www.estrategiaconcursos.com.br\/cursosPorConcurso\/corpo-de-bombeiros-militar-da-paraiba-cbmpb\/\" role=\"button\" rel=\"noopener noreferrer\">VER CURSOS<\/a>\r\n        <\/div>\r\n      <\/div>\r\n     \r\n    <\/div>\r\n\r\n  <\/div>\r\n<\/div>\n\n\n\n<h2 class=\"wp-block-heading\" id=\"h-principais-datas-do-edital-bombeiros-pb\">Principais datas do edital Bombeiros PB: <\/h2>\n\n\n\n<ul class=\"wp-block-list\">\n<li><strong>Inscri\u00e7\u00f5es:<\/strong> 8 a 26 de dezembro<\/li>\n\n\n\n<li><strong>Isen\u00e7\u00e3o da taxa: <\/strong>8 a 14 de dezembro<\/li>\n\n\n\n<li><strong>Pagamento do boleto: <\/strong>at\u00e9 29 de dezembro<\/li>\n<\/ul>\n\n\n\n<h2 class=\"wp-block-heading\" id=\"h-cargos-e-vagas-do-edital-bombeiros-pb\">Cargos e vagas do edital Bombeiros PB<\/h2>\n\n\n\n<p>O atual concurso oferece vagas para o Quadro de Oficiais de Estado-Maior (QOEM).<\/p>\n\n\n\n<figure class=\"wp-block-table is-style-stripes\"><table class=\"has-fixed-layout\"><thead><tr><th class=\"has-text-align-center\" data-align=\"center\">Cargo<\/th><th class=\"has-text-align-center\" data-align=\"center\">Vagas<\/th><th class=\"has-text-align-center\" data-align=\"center\">Sal\u00e1rio inicial<\/th><\/tr><\/thead><tbody><tr><td class=\"has-text-align-center\" data-align=\"center\">Oficial<\/td><td class=\"has-text-align-center\" data-align=\"center\">15<\/td><td class=\"has-text-align-center\" data-align=\"center\"><strong>Cadete<\/strong>: R$ 3.003,48 (1\u00baano); R$ 3.300,74 (2\u00ba ano); R$ 3.660,87 (3\u00ba ano)<br \/><strong>Aspirante<\/strong>: R$ 6.771,08<br \/><strong>2\u00ba Tenente<\/strong>: R$ 8.745,75<\/td><\/tr><\/tbody><\/table><\/figure>\n\n\n\n<h2 class=\"wp-block-heading\" id=\"h-requisitos\">Requisitos<\/h2>\n\n\n\n<p>Para participar do concurso, \u00e9 necess\u00e1rio:<\/p>\n\n\n\n<ul class=\"wp-block-list\">\n<li>Ter <strong>curso superior completo<\/strong>;<\/li>\n\n\n\n<li>Ter idade entre <strong>18 e 32 anos<\/strong> (ou at\u00e9 40 anos para integrantes da pr\u00f3pria corpora\u00e7\u00e3o);<\/li>\n\n\n\n<li>Altura m\u00ednima de <strong>1,60 m para homens<\/strong> e <strong>1,55 m para mulheres<\/strong>;<\/li>\n\n\n\n<li>Estar em dia com as obriga\u00e7\u00f5es eleitorais e militares; e<\/li>\n\n\n\n<li>N\u00e3o possuir tatuagens com apologia ao crime, viol\u00eancia, drogas ou ideologias extremistas.<\/li>\n<\/ul>\n\n\n\n<h2 class=\"wp-block-heading\" id=\"h-etapas-e-provas-do-edital-bombeiros-pb\">Etapas e provas do edital Bombeiros PB<\/h2>\n\n\n\n<p>O concurso ser\u00e1 composto de 02 (duas) fases, assim dispostas:<\/p>\n\n\n\n<ul class=\"wp-block-list\">\n<li>1\u00aa Fase &#8211; EXAME INTELECTUAL (Provas Escritas &#8211; ENEM 2025); e<\/li>\n\n\n\n<li>2\u00aa Fase \u2013 EXAMES COMPLEMENTARES (Sa\u00fade, Aptid\u00e3o F\u00edsica e Psicol\u00f3gico).<\/li>\n<\/ul>\n\n\n\n<p>O Curso de Forma\u00e7\u00e3o de Oficiais Bombeiro Militar n\u00e3o faz parte do concurso, ou seja, n\u00e3o \u00e9 considerada uma fase.<\/p>\n\n\n\n<h3 class=\"wp-block-heading\" id=\"h-enem-2025\">ENEM 2025<\/h3>\n\n\n\n<p>Os candidatos ser\u00e3o avaliados com base nas notas obtidas no <strong>ENEM 2025<\/strong>, que ser\u00e3o utilizadas como Exame Intelectual do concurso.<br \/><br \/>O Corpo de Bombeiros ficar\u00e1 respons\u00e1vel por captar as notas e calcular as m\u00e9dias dos candidatos. <strong>N\u00e3o ser\u00e3o aceitas inscri\u00e7\u00f5es de participantes treineiros.<\/strong><br \/><br \/>A divulga\u00e7\u00e3o do calend\u00e1rio de realiza\u00e7\u00e3o das provas, conte\u00fados program\u00e1ticos, disponibiliza\u00e7\u00e3o<br \/>das provas, entre outros referentes ao Exame Intelectual, s\u00e3o de responsabilidade do Instituto Nacional<br \/>de Estudo e Pesquisas Educacionais An\u00edsio Teixeira \u2013 INEP.<br \/><br \/>O Corpo de Bombeiros da Para\u00edba determinar\u00e1, para cada candidato(a), uma m\u00e9dia final, calculando-se a m\u00e9dia aritm\u00e9tica de todas as notas do ENEM 2025, de modo que a m\u00e9dia final tenha uma casa decimal, desprezando-se as demais casas decimais resultantes do c\u00e1lculo.<\/p>\n\n\n\n<h3 class=\"wp-block-heading\">Teste de Aptid\u00e3o F\u00edsica (TAF)<\/h3>\n\n\n\n<p>O <strong><a href=\"https:\/\/www.estrategiaconcursos.com.br\/blog\/preparacao-teste-aptidao-fisica\/\" target=\"_blank\" rel=\"noreferrer noopener\">TAF<\/a><\/strong> tem a finalidade de avaliar a <strong>capacidade f\u00edsica m\u00ednima<\/strong> necess\u00e1ria para o desempenho das fun\u00e7\u00f5es militares. O candidato ser\u00e1 submetido a uma s\u00e9rie de exerc\u00edcios que analisam resist\u00eancia, for\u00e7a, agilidade e condicionamento f\u00edsico.<\/p>\n\n\n\n<p>A reprova\u00e7\u00e3o em qualquer um dos testes previstos implica <strong>elimina\u00e7\u00e3o autom\u00e1tica do certame<\/strong>, independentemente do desempenho nas outras etapas.<\/p>\n\n\n\n<figure class=\"wp-block-image aligncenter size-large\"><img loading=\"lazy\" decoding=\"async\" width=\"1024\" height=\"789\" src=\"https:\/\/dhg1h5j42swfq.cloudfront.net\/2025\/12\/05110653\/image-57-1024x789.png\" alt=\"Exerc\u00edcios cobrados no TAF do Concurso Bombeiros PB\" class=\"wp-image-1680741\" srcset=\"https:\/\/dhg1h5j42swfq.cloudfront.net\/2025\/12\/05110653\/image-57-1024x789.png 1024w, https:\/\/dhg1h5j42swfq.cloudfront.net\/2025\/12\/05110653\/image-57-300x231.png 300w, https:\/\/dhg1h5j42swfq.cloudfront.net\/2025\/12\/05110653\/image-57-768x592.png 768w, https:\/\/dhg1h5j42swfq.cloudfront.net\/2025\/12\/05110653\/image-57-150x116.png 150w, https:\/\/dhg1h5j42swfq.cloudfront.net\/2025\/12\/05110653\/image-57.png 1076w\" sizes=\"auto, (max-width: 1024px) 100vw, 1024px\" \/><figcaption class=\"wp-element-caption\">Exerc\u00edcios cobrados no TAF<\/figcaption><\/figure>\n\n\n\n<p class=\"has-text-align-center has-cyan-bluish-gray-background-color has-background has-medium-font-size\"><strong>Saiba mais: <a href=\"https:\/\/www.estrategiaconcursos.com.br\/blog\/concurso-bombeiro-pb\/\" target=\"_blank\" rel=\"noreferrer noopener\">Concurso Bombeiros PB<\/a><\/strong><\/p>\n\n\n\n<h2 class=\"wp-block-heading has-text-align-center\" id=\"h-quer-saber-tudo-sobre-concursos-previstos-confira-nossos-artigos\">Quer saber tudo sobre concursos previstos?<br \/>Confira  nossos artigos!<\/h2>\n\n\n\n<ul class=\"wp-block-list\">\n<li><a href=\"https:\/\/www.estrategiaconcursos.com.br\/blog\/concursos-abertos\/\" target=\"_blank\" rel=\"noreferrer noopener\">Concursos abertos<\/a><\/li>\n\n\n\n<li><a href=\"https:\/\/www.estrategiaconcursos.com.br\/blog\/concursos-bombeiros\/\" target=\"_blank\" rel=\"noreferrer noopener\">Concursos bombeiros<\/a><\/li>\n\n\n\n<li><a href=\"https:\/\/www.estrategiaconcursos.com.br\/blog\/concursos-2026\/\" target=\"_blank\" rel=\"noreferrer noopener\">Concursos 2026<\/a><\/li>\n<\/ul>\n\n\n\n<h2 class=\"wp-block-heading has-text-align-center\" id=\"curso\">Quer estudar para o concurso Bombeiro PB?<\/h2>\n\n\n\n<div class=\"container\" id=\"boxes\">\n  <div class=\"row\">\n\n    <div class=\"col-sm\">\n      <div class=\"banner-bombeiros-ec\" id=\"box-assinatura\">\n        <h3 class=\"titulo-assinatura\">Concurso Bombeiros PB<\/h3>\n        <p class=\"subtitulo-assinatura\">Domine o concurso Bombeiro PB! \u2728<\/p>\n        <div class=\"box-botao\">\n          <a class=\"btn-assinatura\" target=\"_blank\" href=\"https:\/\/www.estrategiaconcursos.com.br\/cursosPorConcurso\/corpo-de-bombeiros-militar-da-paraiba-cbmpb\/\" role=\"button\" rel=\"noopener noreferrer\">VER CURSOS<\/a>\n        <\/div>\n      <\/div>\n     \n    <\/div>\n\n  <\/div>\n<\/div>\n\n\n\n<div class=\"container\" id=\"boxes\">\n  <div class=\"row\">\n\n    <div class=\"col-sm\">\n      <div class=\"estrategia\" id=\"box-assinatura\">\n        <h3 class=\"titulo-assinatura\">Assinatura de Concursos<\/h3>\n        <p class=\"subtitulo-assinatura\">Assinatura de 1 ano ou 2 anos<\/p>\n        <div class=\"box-botao\">\n          <a class=\"btn-assinatura\" target=\"_blank\" href=\"https:\/\/www.estrategiaconcursos.com.br\/assinaturas\/\" role=\"button\" rel=\"noopener noreferrer\">ASSINE AGORA<\/a>\n        <\/div>\n      <\/div>\n     \n    <\/div><\/div><\/div>\n\n\n\n<figure class=\"wp-block-image size-large is-resized\"><img loading=\"lazy\" decoding=\"async\" width=\"1024\" height=\"632\" src=\"https:\/\/dhg1h5j42swfq.cloudfront.net\/2021\/05\/12130957\/ficha-tecnica-1-1024x632-1-10.png\" alt=\"Informa\u00e7\u00f5es do concurso Bombeiro PB \" class=\"wp-image-738613\" style=\"width:264px;height:163px\" srcset=\"https:\/\/dhg1h5j42swfq.cloudfront.net\/2021\/05\/12130957\/ficha-tecnica-1-1024x632-1-10.png 1024w, https:\/\/dhg1h5j42swfq.cloudfront.net\/2021\/05\/12130957\/ficha-tecnica-1-1024x632-1-10-300x185.png 300w, https:\/\/dhg1h5j42swfq.cloudfront.net\/2021\/05\/12130957\/ficha-tecnica-1-1024x632-1-10-768x474.png 768w, https:\/\/dhg1h5j42swfq.cloudfront.net\/2021\/05\/12130957\/ficha-tecnica-1-1024x632-1-10-610x376.png 610w\" sizes=\"auto, (max-width: 1024px) 100vw, 1024px\" \/><\/figure>\n\n\n\n<h3 class=\"wp-block-heading\" id=\"h-informacoes-do-concurso-bombeiro-pb\">Informa\u00e7\u00f5es do concurso Bombeiro PB <\/h3>\n\n\n\n<ul class=\"wp-block-list\">\n<li><strong>Provas<\/strong>: ENEM 2025<\/li>\n\n\n\n<li><strong>Vagas<\/strong>: 15<\/li>\n\n\n\n<li><strong>Cargo<\/strong>: Oficial<\/li>\n\n\n\n<li><strong>Banca<\/strong>: pr\u00f3pria<\/li>\n\n\n\n<li><strong>Escolaridade<\/strong>: n\u00edvel superior<\/li>\n\n\n\n<li><strong>Edital<\/strong>: <a href=\"https:\/\/dhg1h5j42swfq.cloudfront.net\/2025\/12\/05093723\/edital-bombeiros-pb.pdf\" target=\"_blank\" rel=\"noreferrer noopener nofollow\">CBMPB Oficial 2025<\/a><\/li>\n<\/ul>\n\n\n\n<p><\/p>\n","protected":false},"excerpt":{"rendered":"<p>Inscritos no edital Bombeiros PB devem ter n\u00edvel superior de forma\u00e7\u00e3o; sele\u00e7\u00e3o utilizar\u00e1 as notas do Enem 2025 Est\u00e3o abertas as inscri\u00e7\u00f5es para o edital do concurso Bombeiros PB para o provimento de 15 vagas, sendo 12 para ampla concorr\u00eancia e 03 (tr\u00eas) reservadas \u00e0 popula\u00e7\u00e3o negra. Os interessados podem se inscrever at\u00e9 26 de [&hellip;]<\/p>\n","protected":false},"author":2018,"featured_media":854882,"comment_status":"open","ping_status":"closed","sticky":false,"template":"","format":"standard","meta":{"post_tipo":"news","footnotes":""},"categories":[220186,220219],"tags":[],"tax_estado":[219978],"class_list":["post-1680641","post","type-post","status-publish","format-standard","has-post-thumbnail","hentry","category-policial-oficial","category-noticias","tax_estado-pb"],"acf":[],"yoast_head":"<!-- This site is optimized with the Yoast SEO Premium plugin v27.2 (Yoast SEO v27.2) - https:\/\/yoast.com\/product\/yoast-seo-premium-wordpress\/ -->\n<title>Edital Bombeiros PB abre inscri\u00e7\u00f5es para 15 vagas; at\u00e9 R$ 8,7 mil!<\/title>\n<meta name=\"description\" content=\"Saiba tudo sobre o edital Bombeiros PB e como se inscrever! Prova com nota do ENEM 2025. Acesse e confira os detalhes!\" \/>\n<meta name=\"robots\" content=\"index, follow, max-snippet:-1, max-image-preview:large, max-video-preview:-1\" \/>\n<link rel=\"canonical\" href=\"https:\/\/www.estrategiaconcursos.com.br\/blog\/concurso-bombeiros-pb-edital-publicado-oficial-2025\/\" \/>\n<meta property=\"og:locale\" content=\"pt_BR\" \/>\n<meta property=\"og:type\" content=\"article\" \/>\n<meta property=\"og:title\" content=\"Edital Bombeiros PB abre inscri\u00e7\u00f5es para 15 vagas; at\u00e9 R$ 8,7 mil!\" \/>\n<meta property=\"og:description\" content=\"Saiba tudo sobre o edital Bombeiros PB e como se inscrever! Prova com nota do ENEM 2025. Acesse e confira os detalhes!\" \/>\n<meta property=\"og:url\" content=\"https:\/\/www.estrategiaconcursos.com.br\/blog\/concurso-bombeiros-pb-edital-publicado-oficial-2025\/\" \/>\n<meta property=\"og:site_name\" content=\"Estrat\u00e9gia Concursos\" \/>\n<meta property=\"article:published_time\" content=\"2025-12-05T12:43:59+00:00\" \/>\n<meta property=\"article:modified_time\" content=\"2025-12-08T14:03:55+00:00\" \/>\n<meta property=\"og:image\" content=\"https:\/\/dhg1h5j42swfq.cloudfront.net\/2021\/06\/06125626\/bombeiro_pb.jpg\" \/>\n\t<meta property=\"og:image:width\" content=\"768\" \/>\n\t<meta property=\"og:image:height\" content=\"432\" \/>\n\t<meta property=\"og:image:type\" content=\"image\/jpeg\" \/>\n<meta name=\"author\" content=\"B\u00e1rbara Carvalho Santos\" \/>\n<meta name=\"twitter:card\" content=\"summary_large_image\" \/>\n<meta name=\"twitter:creator\" content=\"@EstratConcursos\" \/>\n<meta name=\"twitter:site\" content=\"@EstratConcursos\" \/>\n<meta name=\"twitter:label1\" content=\"Escrito por\" \/>\n\t<meta name=\"twitter:data1\" content=\"B\u00e1rbara Carvalho Santos\" \/>\n\t<meta name=\"twitter:label2\" content=\"Est. tempo de leitura\" \/>\n\t<meta name=\"twitter:data2\" content=\"3 minutos\" \/>\n<script type=\"application\/ld+json\" class=\"yoast-schema-graph\">{\"@context\":\"https:\/\/schema.org\",\"@graph\":[{\"@type\":\"NewsArticle\",\"@id\":\"https:\/\/www.estrategiaconcursos.com.br\/blog\/concurso-bombeiros-pb-edital-publicado-oficial-2025\/#article\",\"isPartOf\":{\"@id\":\"https:\/\/www.estrategiaconcursos.com.br\/blog\/concurso-bombeiros-pb-edital-publicado-oficial-2025\/\"},\"author\":{\"name\":\"B\u00e1rbara Carvalho Santos\",\"@id\":\"https:\/\/www.estrategiaconcursos.com.br\/blog\/#\/schema\/person\/e3882259fa157d54c44c21f4ee4e0e60\"},\"headline\":\"Edital Bombeiros PB abre inscri\u00e7\u00f5es para 15 vagas; at\u00e9 R$ 8,7 mil!\",\"datePublished\":\"2025-12-05T12:43:59+00:00\",\"dateModified\":\"2025-12-08T14:03:55+00:00\",\"mainEntityOfPage\":{\"@id\":\"https:\/\/www.estrategiaconcursos.com.br\/blog\/concurso-bombeiros-pb-edital-publicado-oficial-2025\/\"},\"wordCount\":591,\"commentCount\":0,\"publisher\":{\"@id\":\"https:\/\/www.estrategiaconcursos.com.br\/blog\/#organization\"},\"image\":{\"@id\":\"https:\/\/www.estrategiaconcursos.com.br\/blog\/concurso-bombeiros-pb-edital-publicado-oficial-2025\/#primaryimage\"},\"thumbnailUrl\":\"https:\/\/dhg1h5j42swfq.cloudfront.net\/2021\/06\/06125626\/bombeiro_pb.jpg\",\"articleSection\":[\"Policial (PM\/BM - Oficial)\",\"\u00daltimas not\u00edcias\"],\"inLanguage\":\"pt-BR\",\"potentialAction\":[{\"@type\":\"CommentAction\",\"name\":\"Comment\",\"target\":[\"https:\/\/www.estrategiaconcursos.com.br\/blog\/concurso-bombeiros-pb-edital-publicado-oficial-2025\/#respond\"]}],\"copyrightYear\":\"2025\",\"copyrightHolder\":{\"@id\":\"https:\/\/www.estrategiaconcursos.com.br\/blog\/#organization\"}},{\"@type\":\"WebPage\",\"@id\":\"https:\/\/www.estrategiaconcursos.com.br\/blog\/concurso-bombeiros-pb-edital-publicado-oficial-2025\/\",\"url\":\"https:\/\/www.estrategiaconcursos.com.br\/blog\/concurso-bombeiros-pb-edital-publicado-oficial-2025\/\",\"name\":\"Edital Bombeiros PB abre inscri\u00e7\u00f5es para 15 vagas; at\u00e9 R$ 8,7 mil!\",\"isPartOf\":{\"@id\":\"https:\/\/www.estrategiaconcursos.com.br\/blog\/#website\"},\"primaryImageOfPage\":{\"@id\":\"https:\/\/www.estrategiaconcursos.com.br\/blog\/concurso-bombeiros-pb-edital-publicado-oficial-2025\/#primaryimage\"},\"image\":{\"@id\":\"https:\/\/www.estrategiaconcursos.com.br\/blog\/concurso-bombeiros-pb-edital-publicado-oficial-2025\/#primaryimage\"},\"thumbnailUrl\":\"https:\/\/dhg1h5j42swfq.cloudfront.net\/2021\/06\/06125626\/bombeiro_pb.jpg\",\"datePublished\":\"2025-12-05T12:43:59+00:00\",\"dateModified\":\"2025-12-08T14:03:55+00:00\",\"description\":\"Saiba tudo sobre o edital Bombeiros PB e como se inscrever! Prova com nota do ENEM 2025. Acesse e confira os detalhes!\",\"breadcrumb\":{\"@id\":\"https:\/\/www.estrategiaconcursos.com.br\/blog\/concurso-bombeiros-pb-edital-publicado-oficial-2025\/#breadcrumb\"},\"inLanguage\":\"pt-BR\",\"potentialAction\":[{\"@type\":\"ReadAction\",\"target\":[\"https:\/\/www.estrategiaconcursos.com.br\/blog\/concurso-bombeiros-pb-edital-publicado-oficial-2025\/\"]}]},{\"@type\":\"ImageObject\",\"inLanguage\":\"pt-BR\",\"@id\":\"https:\/\/www.estrategiaconcursos.com.br\/blog\/concurso-bombeiros-pb-edital-publicado-oficial-2025\/#primaryimage\",\"url\":\"https:\/\/dhg1h5j42swfq.cloudfront.net\/2021\/06\/06125626\/bombeiro_pb.jpg\",\"contentUrl\":\"https:\/\/dhg1h5j42swfq.cloudfront.net\/2021\/06\/06125626\/bombeiro_pb.jpg\",\"width\":768,\"height\":432,\"caption\":\"Bombeiro PB\"},{\"@type\":\"BreadcrumbList\",\"@id\":\"https:\/\/www.estrategiaconcursos.com.br\/blog\/concurso-bombeiros-pb-edital-publicado-oficial-2025\/#breadcrumb\",\"itemListElement\":[{\"@type\":\"ListItem\",\"position\":1,\"name\":\"In\u00edcio\",\"item\":\"https:\/\/www.estrategiaconcursos.com.br\/blog\/\"},{\"@type\":\"ListItem\",\"position\":2,\"name\":\"Edital Bombeiros PB abre inscri\u00e7\u00f5es para 15 vagas; at\u00e9 R$ 8,7 mil!\"}]},{\"@type\":\"WebSite\",\"@id\":\"https:\/\/www.estrategiaconcursos.com.br\/blog\/#website\",\"url\":\"https:\/\/www.estrategiaconcursos.com.br\/blog\/\",\"name\":\"Estrat\u00e9gia Concursos\",\"description\":\"O blog da Estrat\u00e9gia Concursos traz not\u00edcias sobre concursos e artigos de professores oferecendo cursos para concursos (pdf + videaulas) no site.\",\"publisher\":{\"@id\":\"https:\/\/www.estrategiaconcursos.com.br\/blog\/#organization\"},\"potentialAction\":[{\"@type\":\"SearchAction\",\"target\":{\"@type\":\"EntryPoint\",\"urlTemplate\":\"https:\/\/www.estrategiaconcursos.com.br\/blog\/?s={search_term_string}\"},\"query-input\":{\"@type\":\"PropertyValueSpecification\",\"valueRequired\":true,\"valueName\":\"search_term_string\"}}],\"inLanguage\":\"pt-BR\"},{\"@type\":\"Organization\",\"@id\":\"https:\/\/www.estrategiaconcursos.com.br\/blog\/#organization\",\"name\":\"Estrat\u00e9gia Concursos\",\"url\":\"https:\/\/www.estrategiaconcursos.com.br\/blog\/\",\"logo\":{\"@type\":\"ImageObject\",\"inLanguage\":\"pt-BR\",\"@id\":\"https:\/\/www.estrategiaconcursos.com.br\/blog\/#\/schema\/logo\/image\/\",\"url\":\"https:\/\/dhg1h5j42swfq.cloudfront.net\/2025\/06\/03203428\/logo_concursos-1.jpg\",\"contentUrl\":\"https:\/\/dhg1h5j42swfq.cloudfront.net\/2025\/06\/03203428\/logo_concursos-1.jpg\",\"width\":230,\"height\":60,\"caption\":\"Estrat\u00e9gia Concursos\"},\"image\":{\"@id\":\"https:\/\/www.estrategiaconcursos.com.br\/blog\/#\/schema\/logo\/image\/\"},\"sameAs\":[\"https:\/\/x.com\/EstratConcursos\"]},{\"@type\":\"Person\",\"@id\":\"https:\/\/www.estrategiaconcursos.com.br\/blog\/#\/schema\/person\/e3882259fa157d54c44c21f4ee4e0e60\",\"name\":\"B\u00e1rbara Carvalho Santos\",\"image\":{\"@type\":\"ImageObject\",\"inLanguage\":\"pt-BR\",\"@id\":\"https:\/\/secure.gravatar.com\/avatar\/353300f73140f779692b9be2b39f434d1341e4e34c7f55bd5a990fe29ef352eb?s=96&d=mm&r=g\",\"url\":\"https:\/\/secure.gravatar.com\/avatar\/353300f73140f779692b9be2b39f434d1341e4e34c7f55bd5a990fe29ef352eb?s=96&d=mm&r=g\",\"contentUrl\":\"https:\/\/secure.gravatar.com\/avatar\/353300f73140f779692b9be2b39f434d1341e4e34c7f55bd5a990fe29ef352eb?s=96&d=mm&r=g\",\"caption\":\"B\u00e1rbara Carvalho Santos\"},\"description\":\"M\u00e3e e jornalista formada pela UNIP, possui ampla experi\u00eancia na cobertura de entretenimento em grandes ve\u00edculos, como o site da CNN, RedeTV! e Estrat\u00e9gia Educacional. Atuou tamb\u00e9m em ag\u00eancias de marketing, produtoras musicais e assessorias de imprensa, com foco especial no trabalho com personalidades p\u00fablicas. Atualmente, integra a equipe do Estrat\u00e9gia Concursos, onde \u00e9 respons\u00e1vel pela produ\u00e7\u00e3o de conte\u00fados estrat\u00e9gicos voltados para o setor de concursos p\u00fablicos, com destaque para a \u00e1rea fiscal, gest\u00e3o, controle, concursos administrativos e Minist\u00e9rios participantes do CNU, al\u00e9m de diversos \u00f3rg\u00e3os federais. Tem como miss\u00e3o transformar informa\u00e7\u00f5es complexas em conte\u00fados acess\u00edveis, relevantes e de alto valor para quem sonha com uma carreira no servi\u00e7o p\u00fablico.\",\"url\":\"https:\/\/www.estrategiaconcursos.com.br\/blog\/author\/barbara-santos\/\"}]}<\/script>\n<!-- \/ Yoast SEO Premium plugin. -->","yoast_head_json":{"title":"Edital Bombeiros PB abre inscri\u00e7\u00f5es para 15 vagas; at\u00e9 R$ 8,7 mil!","description":"Saiba tudo sobre o edital Bombeiros PB e como se inscrever! Prova com nota do ENEM 2025. Acesse e confira os detalhes!","robots":{"index":"index","follow":"follow","max-snippet":"max-snippet:-1","max-image-preview":"max-image-preview:large","max-video-preview":"max-video-preview:-1"},"canonical":"https:\/\/www.estrategiaconcursos.com.br\/blog\/concurso-bombeiros-pb-edital-publicado-oficial-2025\/","og_locale":"pt_BR","og_type":"article","og_title":"Edital Bombeiros PB abre inscri\u00e7\u00f5es para 15 vagas; at\u00e9 R$ 8,7 mil!","og_description":"Saiba tudo sobre o edital Bombeiros PB e como se inscrever! Prova com nota do ENEM 2025. Acesse e confira os detalhes!","og_url":"https:\/\/www.estrategiaconcursos.com.br\/blog\/concurso-bombeiros-pb-edital-publicado-oficial-2025\/","og_site_name":"Estrat\u00e9gia Concursos","article_published_time":"2025-12-05T12:43:59+00:00","article_modified_time":"2025-12-08T14:03:55+00:00","og_image":[{"width":768,"height":432,"url":"https:\/\/dhg1h5j42swfq.cloudfront.net\/2021\/06\/06125626\/bombeiro_pb.jpg","type":"image\/jpeg"}],"author":"B\u00e1rbara Carvalho Santos","twitter_card":"summary_large_image","twitter_creator":"@EstratConcursos","twitter_site":"@EstratConcursos","twitter_misc":{"Escrito por":"B\u00e1rbara Carvalho Santos","Est. tempo de leitura":"3 minutos"},"schema":{"@context":"https:\/\/schema.org","@graph":[{"@type":"NewsArticle","@id":"https:\/\/www.estrategiaconcursos.com.br\/blog\/concurso-bombeiros-pb-edital-publicado-oficial-2025\/#article","isPartOf":{"@id":"https:\/\/www.estrategiaconcursos.com.br\/blog\/concurso-bombeiros-pb-edital-publicado-oficial-2025\/"},"author":{"name":"B\u00e1rbara Carvalho Santos","@id":"https:\/\/www.estrategiaconcursos.com.br\/blog\/#\/schema\/person\/e3882259fa157d54c44c21f4ee4e0e60"},"headline":"Edital Bombeiros PB abre inscri\u00e7\u00f5es para 15 vagas; at\u00e9 R$ 8,7 mil!","datePublished":"2025-12-05T12:43:59+00:00","dateModified":"2025-12-08T14:03:55+00:00","mainEntityOfPage":{"@id":"https:\/\/www.estrategiaconcursos.com.br\/blog\/concurso-bombeiros-pb-edital-publicado-oficial-2025\/"},"wordCount":591,"commentCount":0,"publisher":{"@id":"https:\/\/www.estrategiaconcursos.com.br\/blog\/#organization"},"image":{"@id":"https:\/\/www.estrategiaconcursos.com.br\/blog\/concurso-bombeiros-pb-edital-publicado-oficial-2025\/#primaryimage"},"thumbnailUrl":"https:\/\/dhg1h5j42swfq.cloudfront.net\/2021\/06\/06125626\/bombeiro_pb.jpg","articleSection":["Policial (PM\/BM - Oficial)","\u00daltimas not\u00edcias"],"inLanguage":"pt-BR","potentialAction":[{"@type":"CommentAction","name":"Comment","target":["https:\/\/www.estrategiaconcursos.com.br\/blog\/concurso-bombeiros-pb-edital-publicado-oficial-2025\/#respond"]}],"copyrightYear":"2025","copyrightHolder":{"@id":"https:\/\/www.estrategiaconcursos.com.br\/blog\/#organization"}},{"@type":"WebPage","@id":"https:\/\/www.estrategiaconcursos.com.br\/blog\/concurso-bombeiros-pb-edital-publicado-oficial-2025\/","url":"https:\/\/www.estrategiaconcursos.com.br\/blog\/concurso-bombeiros-pb-edital-publicado-oficial-2025\/","name":"Edital Bombeiros PB abre inscri\u00e7\u00f5es para 15 vagas; at\u00e9 R$ 8,7 mil!","isPartOf":{"@id":"https:\/\/www.estrategiaconcursos.com.br\/blog\/#website"},"primaryImageOfPage":{"@id":"https:\/\/www.estrategiaconcursos.com.br\/blog\/concurso-bombeiros-pb-edital-publicado-oficial-2025\/#primaryimage"},"image":{"@id":"https:\/\/www.estrategiaconcursos.com.br\/blog\/concurso-bombeiros-pb-edital-publicado-oficial-2025\/#primaryimage"},"thumbnailUrl":"https:\/\/dhg1h5j42swfq.cloudfront.net\/2021\/06\/06125626\/bombeiro_pb.jpg","datePublished":"2025-12-05T12:43:59+00:00","dateModified":"2025-12-08T14:03:55+00:00","description":"Saiba tudo sobre o edital Bombeiros PB e como se inscrever! Prova com nota do ENEM 2025. Acesse e confira os detalhes!","breadcrumb":{"@id":"https:\/\/www.estrategiaconcursos.com.br\/blog\/concurso-bombeiros-pb-edital-publicado-oficial-2025\/#breadcrumb"},"inLanguage":"pt-BR","potentialAction":[{"@type":"ReadAction","target":["https:\/\/www.estrategiaconcursos.com.br\/blog\/concurso-bombeiros-pb-edital-publicado-oficial-2025\/"]}]},{"@type":"ImageObject","inLanguage":"pt-BR","@id":"https:\/\/www.estrategiaconcursos.com.br\/blog\/concurso-bombeiros-pb-edital-publicado-oficial-2025\/#primaryimage","url":"https:\/\/dhg1h5j42swfq.cloudfront.net\/2021\/06\/06125626\/bombeiro_pb.jpg","contentUrl":"https:\/\/dhg1h5j42swfq.cloudfront.net\/2021\/06\/06125626\/bombeiro_pb.jpg","width":768,"height":432,"caption":"Bombeiro PB"},{"@type":"BreadcrumbList","@id":"https:\/\/www.estrategiaconcursos.com.br\/blog\/concurso-bombeiros-pb-edital-publicado-oficial-2025\/#breadcrumb","itemListElement":[{"@type":"ListItem","position":1,"name":"In\u00edcio","item":"https:\/\/www.estrategiaconcursos.com.br\/blog\/"},{"@type":"ListItem","position":2,"name":"Edital Bombeiros PB abre inscri\u00e7\u00f5es para 15 vagas; at\u00e9 R$ 8,7 mil!"}]},{"@type":"WebSite","@id":"https:\/\/www.estrategiaconcursos.com.br\/blog\/#website","url":"https:\/\/www.estrategiaconcursos.com.br\/blog\/","name":"Estrat\u00e9gia Concursos","description":"O blog da Estrat\u00e9gia Concursos traz not\u00edcias sobre concursos e artigos de professores oferecendo cursos para concursos (pdf + videaulas) no site.","publisher":{"@id":"https:\/\/www.estrategiaconcursos.com.br\/blog\/#organization"},"potentialAction":[{"@type":"SearchAction","target":{"@type":"EntryPoint","urlTemplate":"https:\/\/www.estrategiaconcursos.com.br\/blog\/?s={search_term_string}"},"query-input":{"@type":"PropertyValueSpecification","valueRequired":true,"valueName":"search_term_string"}}],"inLanguage":"pt-BR"},{"@type":"Organization","@id":"https:\/\/www.estrategiaconcursos.com.br\/blog\/#organization","name":"Estrat\u00e9gia Concursos","url":"https:\/\/www.estrategiaconcursos.com.br\/blog\/","logo":{"@type":"ImageObject","inLanguage":"pt-BR","@id":"https:\/\/www.estrategiaconcursos.com.br\/blog\/#\/schema\/logo\/image\/","url":"https:\/\/dhg1h5j42swfq.cloudfront.net\/2025\/06\/03203428\/logo_concursos-1.jpg","contentUrl":"https:\/\/dhg1h5j42swfq.cloudfront.net\/2025\/06\/03203428\/logo_concursos-1.jpg","width":230,"height":60,"caption":"Estrat\u00e9gia Concursos"},"image":{"@id":"https:\/\/www.estrategiaconcursos.com.br\/blog\/#\/schema\/logo\/image\/"},"sameAs":["https:\/\/x.com\/EstratConcursos"]},{"@type":"Person","@id":"https:\/\/www.estrategiaconcursos.com.br\/blog\/#\/schema\/person\/e3882259fa157d54c44c21f4ee4e0e60","name":"B\u00e1rbara Carvalho Santos","image":{"@type":"ImageObject","inLanguage":"pt-BR","@id":"https:\/\/secure.gravatar.com\/avatar\/353300f73140f779692b9be2b39f434d1341e4e34c7f55bd5a990fe29ef352eb?s=96&d=mm&r=g","url":"https:\/\/secure.gravatar.com\/avatar\/353300f73140f779692b9be2b39f434d1341e4e34c7f55bd5a990fe29ef352eb?s=96&d=mm&r=g","contentUrl":"https:\/\/secure.gravatar.com\/avatar\/353300f73140f779692b9be2b39f434d1341e4e34c7f55bd5a990fe29ef352eb?s=96&d=mm&r=g","caption":"B\u00e1rbara Carvalho Santos"},"description":"M\u00e3e e jornalista formada pela UNIP, possui ampla experi\u00eancia na cobertura de entretenimento em grandes ve\u00edculos, como o site da CNN, RedeTV! e Estrat\u00e9gia Educacional. Atuou tamb\u00e9m em ag\u00eancias de marketing, produtoras musicais e assessorias de imprensa, com foco especial no trabalho com personalidades p\u00fablicas. Atualmente, integra a equipe do Estrat\u00e9gia Concursos, onde \u00e9 respons\u00e1vel pela produ\u00e7\u00e3o de conte\u00fados estrat\u00e9gicos voltados para o setor de concursos p\u00fablicos, com destaque para a \u00e1rea fiscal, gest\u00e3o, controle, concursos administrativos e Minist\u00e9rios participantes do CNU, al\u00e9m de diversos \u00f3rg\u00e3os federais. Tem como miss\u00e3o transformar informa\u00e7\u00f5es complexas em conte\u00fados acess\u00edveis, relevantes e de alto valor para quem sonha com uma carreira no servi\u00e7o p\u00fablico.","url":"https:\/\/www.estrategiaconcursos.com.br\/blog\/author\/barbara-santos\/"}]}},"_links":{"self":[{"href":"https:\/\/www.estrategiaconcursos.com.br\/blog\/wp-json\/wp\/v2\/posts\/1680641","targetHints":{"allow":["GET"]}}],"collection":[{"href":"https:\/\/www.estrategiaconcursos.com.br\/blog\/wp-json\/wp\/v2\/posts"}],"about":[{"href":"https:\/\/www.estrategiaconcursos.com.br\/blog\/wp-json\/wp\/v2\/types\/post"}],"author":[{"embeddable":true,"href":"https:\/\/www.estrategiaconcursos.com.br\/blog\/wp-json\/wp\/v2\/users\/2018"}],"replies":[{"embeddable":true,"href":"https:\/\/www.estrategiaconcursos.com.br\/blog\/wp-json\/wp\/v2\/comments?post=1680641"}],"version-history":[{"count":16,"href":"https:\/\/www.estrategiaconcursos.com.br\/blog\/wp-json\/wp\/v2\/posts\/1680641\/revisions"}],"predecessor-version":[{"id":1681521,"href":"https:\/\/www.estrategiaconcursos.com.br\/blog\/wp-json\/wp\/v2\/posts\/1680641\/revisions\/1681521"}],"wp:featuredmedia":[{"embeddable":true,"href":"https:\/\/www.estrategiaconcursos.com.br\/blog\/wp-json\/wp\/v2\/media\/854882"}],"wp:attachment":[{"href":"https:\/\/www.estrategiaconcursos.com.br\/blog\/wp-json\/wp\/v2\/media?parent=1680641"}],"wp:term":[{"taxonomy":"category","embeddable":true,"href":"https:\/\/www.estrategiaconcursos.com.br\/blog\/wp-json\/wp\/v2\/categories?post=1680641"},{"taxonomy":"post_tag","embeddable":true,"href":"https:\/\/www.estrategiaconcursos.com.br\/blog\/wp-json\/wp\/v2\/tags?post=1680641"},{"taxonomy":"tax_estado","embeddable":true,"href":"https:\/\/www.estrategiaconcursos.com.br\/blog\/wp-json\/wp\/v2\/tax_estado?post=1680641"}],"curies":[{"name":"wp","href":"https:\/\/api.w.org\/{rel}","templated":true}]}}