{"id":1680508,"date":"2025-12-04T22:07:36","date_gmt":"2025-12-05T01:07:36","guid":{"rendered":"https:\/\/www.estrategiaconcursos.com.br\/blog\/?p=1680508"},"modified":"2025-12-05T13:00:13","modified_gmt":"2025-12-05T16:00:13","slug":"7-questoes-figuras-linguagem-concursos","status":"publish","type":"post","link":"https:\/\/www.estrategiaconcursos.com.br\/blog\/7-questoes-figuras-linguagem-concursos\/","title":{"rendered":"7 quest\u00f5es sobre figuras de linguagem j\u00e1 ca\u00edram em concursos"},"content":{"rendered":"\n<p class=\"has-medium-font-size\"><strong><em>Figuras de linguagem s\u00e3o um tema recorrente em quest\u00f5es de provas para concursos p\u00fablicos. Veja exemplos sobre o assunto e fortale\u00e7a a sua prepara\u00e7\u00e3o!<\/em><\/strong><\/p>\n\n\n\n<p>O tema <strong>\u201cfiguras de linguagem\u201d<\/strong> \u00e9 essencial para quem deseja dominar a interpreta\u00e7\u00e3o de textos e compreender com profundidade os efeitos de sentido utilizados na comunica\u00e7\u00e3o escrita e falada.<\/p>\n\n\n\n<p>As disciplinas de L\u00edngua Portuguesa e Interpreta\u00e7\u00e3o de Textos frequentemente cobram t\u00f3picos relacionados ao assunto, e dominar esse conte\u00fado ajuda o candidato a resolver quest\u00f5es com seguran\u00e7a.<\/p>\n\n\n\n<p>Esse conte\u00fado, inclusive, aparece em editais das mais diversas \u00e1reas, desde Administra\u00e7\u00e3o e Direito at\u00e9 Economia e Rela\u00e7\u00f5es Internacionais.<\/p>\n\n\n\n<p>De quest\u00f5es objetivas \u00e0 an\u00e1lise de textos e estudos de caso, a globaliza\u00e7\u00e3o faz parte do cotidiano do candidato, tanto durante a prepara\u00e7\u00e3o quanto no trabalho ap\u00f3s a aprova\u00e7\u00e3o, j\u00e1 como concursado.<\/p>\n\n\n\n<p>Pensando nisso, o <strong>Estrat\u00e9gia Concursos<\/strong> reuniu uma lista com <strong>7 quest\u00f5es sobre globaliza\u00e7\u00e3o<\/strong> que j\u00e1 foram cobradas em concursos p\u00fablicos.<\/p>\n\n\n\n<p><strong>Veja tamb\u00e9m:<br \/>+<\/strong> <a href=\"https:\/\/www.estrategiaconcursos.com.br\/blog\/questoes-porcentagem-ja-cairam-concursos-publicos\/\" target=\"_blank\" rel=\"noreferrer noopener\">Quest\u00f5es de porcentagem que j\u00e1 ca\u00edram em concursos<\/a><br \/><strong>+<\/strong> <a href=\"https:\/\/www.estrategiaconcursos.com.br\/blog\/questoes-sobre-probabilidade-ja-cairam-concursos-publicos\/\" target=\"_blank\" rel=\"noreferrer noopener\">Quest\u00f5es de probabilidade que j\u00e1 ca\u00edram em concursos<\/a><br \/><strong>+ <\/strong><a href=\"https:\/\/www.estrategiaconcursos.com.br\/blog\/7-questoes-tempo-verbal-concursos-publicos\/\" target=\"_blank\" rel=\"noreferrer noopener\">Quest\u00f5es de tempo verbal que j\u00e1 ca\u00edram em concursos<\/a><br \/><strong>+<\/strong> <a href=\"https:\/\/www.estrategiaconcursos.com.br\/blog\/como-estudar-por-questoes-de-concurso\/\" target=\"_blank\" rel=\"noreferrer noopener\">Como estudar por meio de quest\u00f5es?<\/a><\/p>\n\n\n\n<p>A ideia \u00e9 que, ao analisar e resolver essas quest\u00f5es, voc\u00ea consiga identificar padr\u00f5es, aprimorar seu racioc\u00ednio e se preparar de forma mais estrat\u00e9gica para as pr\u00f3ximas provas de concursos sobre tempo verbal.<\/p>\n\n\n\n<div class=\"container\" id=\"boxes\">\n  <div class=\"row\">\n\n<div class=\"col-sm\">\n      <div class=\"questoes\" id=\"box-assinatura\">\n        <h3 class=\"titulo-assinatura\">Sistema de Quest\u00f5es EC<\/h3>\n        <p class=\"subtitulo-assinatura\">S\u00e3o mais de 2 milh\u00f5es de quest\u00f5es cadastradas!\n<\/p>\n        <div class=\"box-botao\">\n          <a class=\"btn-assinatura\" target=\"_blank\" href=\"https:\/\/www.estrategiaconcursos.com.br\/pesquisa\/?q=sistema+quest%C3%B5es\" role=\"button\" rel=\"noopener noreferrer\">ASSINE AGORA<\/a>\n      <\/div>\n      <\/div><\/div><\/div><\/div>\n\n\n\n<h2 class=\"wp-block-heading\" id=\"h-concurso-pc-sp\">Concurso PC SP<\/h2>\n\n\n\n<ul class=\"wp-block-list\">\n<li><em>Banca: Vunesp<\/em><\/li>\n\n\n\n<li><em>Ano: 2022<\/em><\/li>\n\n\n\n<li><em>Cargo: Escriv\u00e3o de Pol\u00edcia<\/em><\/li>\n<\/ul>\n\n\n\n<p>Leia o poema, para responder \u00e0 quest\u00e3o.<\/p>\n\n\n\n<p>O homem vigia.<\/p>\n\n\n\n<p>Dentro dele, estumados (*),<\/p>\n\n\n\n<p>uivam os c\u00e3es da mem\u00f3ria.<\/p>\n\n\n\n<p>Aquela noite, o luar<\/p>\n\n\n\n<p>e o vento no cip\u00f3-prata e ele,<\/p>\n\n\n\n<p>o medo a cavalo nele<\/p>\n\n\n\n<p>ele a cavalo em fuga<\/p>\n\n\n\n<p>das folhas do cip\u00f3-prata.<\/p>\n\n\n\n<p>A m\u00e3e no fog\u00e3o cantando,<\/p>\n\n\n\n<p>os zang\u00f5es, a poeira, o ar an\u00edmico.<\/p>\n\n\n\n<p>Ladra seu sonho insone,<\/p>\n\n\n\n<p>em saudade, vinagre e do\u00e7ura.<\/p>\n\n\n\n<p>(Ad\u00e9lia Prado, Ins\u00f4nia. Reuni\u00e3o de poesia.)<\/p>\n\n\n\n<p>(*) Estumados: ati\u00e7ados, provocados<\/p>\n\n\n\n<p>\u00c9 correto afirmar que, no poema, a express\u00e3o \u00e9 marcada pela presen\u00e7a de<\/p>\n\n\n\n<p>A. constru\u00e7\u00f5es pleon\u00e1sticas, que se mostram em frases como \u2013 Ladra seu sonho insone.<\/p>\n\n\n\n<p>B. onomatopeias, que se mostram em frases como \u2013 A m\u00e3e no fog\u00e3o cantando.<\/p>\n\n\n\n<p>C. catacreses, que se mostram em frases como \u2013 em saudade, vinagre e do\u00e7ura.<\/p>\n\n\n\n<p>D. compara\u00e7\u00f5es ins\u00f3litas, que se mostram em frases como \u2013 os zang\u00f5es, a poeira.<\/p>\n\n\n\n<p>E. refer\u00eancias metaf\u00f3ricas, que se mostram em frases como \u2013 uivam os c\u00e3es da mem\u00f3ria.<\/p>\n\n\n\n<details class=\"wp-block-details is-layout-flow wp-block-details-is-layout-flow\"><summary><strong>Resposta<\/strong><\/summary>\n<p><strong>E. refer\u00eancias metaf\u00f3ricas, que se mostram em frases como \u2013 uivam os c\u00e3es da mem\u00f3ria.<\/strong><\/p>\n<\/details>\n\n\n\n<h2 class=\"wp-block-heading\" id=\"h-concurso-cage-rs\">Concurso CAGE RS<\/h2>\n\n\n\n<ul class=\"wp-block-list\">\n<li><em>Banca: FGV<\/em><\/li>\n\n\n\n<li><em>Ano: 202<\/em>5<\/li>\n\n\n\n<li><em>Cargo: Auditor do Estado<\/em><\/li>\n<\/ul>\n\n\n\n<p>Assinale a frase em que os dois termos sublinhados est\u00e3o em&nbsp;adequada correspond\u00eancia.<\/p>\n\n\n\n<p>A. \u00c9 <span style=\"text-decoration: underline;\">falta de educa\u00e7\u00e3o<\/span> ouvir \u00e0 porta e o prudente envergonha-se&nbsp;de <span style=\"text-decoration: underline;\">o<\/span> fazer.<\/p>\n\n\n\n<p>B. <span style=\"text-decoration: underline;\">A cortesia<\/span> \u00e9 para a natureza humana aquilo que o calor \u00e9 para&nbsp;<span style=\"text-decoration: underline;\">a cera<\/span>.<\/p>\n\n\n\n<p>C. Chato \u00e9 algu\u00e9m que quando <span style=\"text-decoration: underline;\">lhe<\/span> perguntam como vai, <span style=\"text-decoration: underline;\">o<\/span> explica.<\/p>\n\n\n\n<p>D. A cortesia <span style=\"text-decoration: underline;\">\u00e9 uma coisa excelente<\/span>, por\u00e9m com ela <span style=\"text-decoration: underline;\">n\u00e3o<\/span> se&nbsp;pagam as contas.<\/p>\n\n\n\n<p>E. Enquanto <span style=\"text-decoration: underline;\">o po\u00e7o<\/span> n\u00e3o seca, n\u00e3o sabemos dar valor <span style=\"text-decoration: underline;\">\u00e0 \u00e1gua<\/span>.<\/p>\n\n\n\n<details class=\"wp-block-details is-layout-flow wp-block-details-is-layout-flow\"><summary><strong>Resposta<\/strong><\/summary>\n<p><strong>E. Enquanto o po\u00e7o n\u00e3o seca, n\u00e3o sabemos dar valor \u00e0 \u00e1gua.<\/strong><\/p>\n<\/details>\n\n\n\n<h2 class=\"wp-block-heading\" id=\"h-concurso-pc-sc\">Concurso PC SC<\/h2>\n\n\n\n<ul class=\"wp-block-list\">\n<li><em>Banca: FGV<\/em><\/li>\n\n\n\n<li><em>Ano: 2024<\/em><\/li>\n\n\n\n<li><em>Cargo: Delegado de Pol\u00edcia<\/em><\/li>\n<\/ul>\n\n\n\n<p>Assinale a frase que mostra uma estrutura de ant\u00edteses, ou seja,&nbsp;uma oposi\u00e7\u00e3o sem\u00e2ntica de palavras.<\/p>\n\n\n\n<p>A. N\u00e3o h\u00e1 cura para o nascimento e para a morte a n\u00e3o ser usufruir o intervalo.<\/p>\n\n\n\n<p>B. Amanh\u00e3 n\u00e3o ser\u00e1 como ontem.<\/p>\n\n\n\n<p>C. Eu gosto dos sonhos do futuro mais do que da hist\u00f3ria do passado.<\/p>\n\n\n\n<p>D. Os eventos futuros projetam suas sombras muito antes.<\/p>\n\n\n\n<p>E. Escreve-se a hist\u00f3ria para narrar e n\u00e3o para provar.<\/p>\n\n\n\n<details class=\"wp-block-details is-layout-flow wp-block-details-is-layout-flow\"><summary><strong>Resposta<\/strong><\/summary>\n<p><strong>A. N\u00e3o h\u00e1 cura para o nascimento e para a morte a n\u00e3o ser usufruir o intervalo.<\/strong><\/p>\n<\/details>\n\n\n\n<h2 class=\"wp-block-heading\" id=\"h-concurso-cldf\">Concurso CLDF<\/h2>\n\n\n\n<ul class=\"wp-block-list\">\n<li><em>Banca: FCC<\/em><\/li>\n\n\n\n<li><em>Ano: 2018<\/em><\/li>\n\n\n\n<li><em>Cargo: Bibliotec\u00e1rio<\/em><\/li>\n<\/ul>\n\n\n\n<p>Observe os dois grupos de termos abaixo, retirados de um tesauro em direito do trabalho.&nbsp;<\/p>\n\n\n\n<p>&nbsp; I. Aus\u00eancia justificada USE Falta justificada.<\/p>\n\n\n\n<p>&nbsp; II. A\u00e7\u00e3o coletiva &#8211;&nbsp;A\u00e7\u00e3o individual.<\/p>\n\n\n\n<p>S\u00e3o exemplos, aqui j\u00e1 devidamente tratados no tesauro, dos fen\u00f4menos lingu\u00edsticos conhecidos como, respectivamente,&nbsp;<\/p>\n\n\n\n<p>A. hiperon\u00edmia e homofonia.<\/p>\n\n\n\n<p>B. polissemia e met\u00e1fora.<\/p>\n\n\n\n<p>C. meton\u00edmia e monossemia.<\/p>\n\n\n\n<p>D. hipon\u00edmia e monon\u00edmia.<\/p>\n\n\n\n<p>E. sinon\u00edmia e homon\u00edmia<\/p>\n\n\n\n<details class=\"wp-block-details is-layout-flow wp-block-details-is-layout-flow\"><summary><strong>Resposta<\/strong><\/summary>\n<p><strong>E. sinon\u00edmia e homon\u00edmia<\/strong><\/p>\n<\/details>\n\n\n\n<h2 class=\"wp-block-heading\" id=\"h-concurso-prefeitura-sao-jose-dos-campos\">Concurso Prefeitura S\u00e3o Jos\u00e9 dos Campos<\/h2>\n\n\n\n<ul class=\"wp-block-list\">\n<li><em>Banca: FGV<\/em><\/li>\n\n\n\n<li><em>Ano: 20<\/em>23<\/li>\n\n\n\n<li><em>Cargo: Assistente T\u00e9cnico &#8211; Sa\u00fade Bucal<\/em><\/li>\n<\/ul>\n\n\n\n<p>Sobre a estrutura\u00e7\u00e3o da frase \u201cFelizes os pachorrentos, que nunca&nbsp;se abatem por nenhuma coisa neste mundo\u201d (Machado de Assis),&nbsp;assinale a afirma\u00e7\u00e3o <em><u><strong>falsa<\/strong><\/u>.<\/em><\/p>\n\n\n\n<p>A. Na primeira parte da frase h\u00e1 uma elipse do verbo \u201cser\u201d: \u201cS\u00e3o&nbsp;felizes os pachorrentos&#8230;\u201d.<\/p>\n\n\n\n<p>B. A segunda ora\u00e7\u00e3o mostra valor explicativo em rela\u00e7\u00e3o ao&nbsp;trecho anterior.<\/p>\n\n\n\n<p>C. O pronome \u201cse\u201d funciona como pronome reflexivo, j\u00e1 que&nbsp;sujeito e objeto se referem \u00e0 mesma pessoa.<\/p>\n\n\n\n<p>D. A preposi\u00e7\u00e3o \u201cpor\u201d introduz um termo sint\u00e1tico com valor de&nbsp;\u201ccausa\u201d.<\/p>\n\n\n\n<p>E. O termo \u201ccoisa\u201d \u00e9 um termo de valor sem\u00e2ntico geral,&nbsp;empregado em lugar de algo como \u201cfato, acontecimento,&nbsp;problema\u201d.<\/p>\n\n\n\n<details class=\"wp-block-details is-layout-flow wp-block-details-is-layout-flow\"><summary><strong>Resposta<\/strong><\/summary>\n<p><strong>C. O pronome \u201cse\u201d funciona como pronome reflexivo, j\u00e1 que&nbsp;sujeito e objeto se referem \u00e0 mesma pessoa.<\/strong><\/p>\n<\/details>\n\n\n\n<h2 class=\"wp-block-heading\" id=\"h-concurso-epe\">Concurso EPE<\/h2>\n\n\n\n<ul class=\"wp-block-list\">\n<li><em>Banca: FGV<\/em><\/li>\n\n\n\n<li><em>Ano: 20<\/em>22<\/li>\n\n\n\n<li><em>Cargo: Analista de Pesquisa Energ\u00e9tica<\/em><\/li>\n<\/ul>\n\n\n\n<p>Assinale a op\u00e7\u00e3o que apresenta o pensamento que se apoia em uma analogia que <strong>n\u00e3o<\/strong> aparece explicada.<\/p>\n\n\n\n<p>A. As carreiras, como os foguetes, nem sempre s\u00e3o lan\u00e7adas conforme o programado.<\/p>\n\n\n\n<p>B. A intelig\u00eancia \u00e9 como ferro: sem usar, enferruja.<\/p>\n\n\n\n<p>C. Os funcion\u00e1rios p\u00fablicos s\u00e3o como livros: os mais \u00fateis ficam&nbsp;no alto<\/p>\n\n\n\n<p>D. A beleza \u00e9 como uma flor, ou mais propriamente, uma rosa.<\/p>\n\n\n\n<p>E. A vida \u00e9 como uma bicicleta de muitas marchas; a maioria delas nunca s\u00e3o usadas.<\/p>\n\n\n\n<details class=\"wp-block-details is-layout-flow wp-block-details-is-layout-flow\"><summary><strong>Resposta<\/strong><\/summary>\n<p><strong>D. A beleza \u00e9 como uma flor, ou mais propriamente, uma rosa.<\/strong><\/p>\n<\/details>\n\n\n\n<h2 class=\"wp-block-heading\" id=\"h-concurso-sefaz-am\">Concurso Sefaz AM<\/h2>\n\n\n\n<ul class=\"wp-block-list\">\n<li><em>Banca: FGV<\/em><\/li>\n\n\n\n<li><em>Ano: 20<\/em>22<\/li>\n\n\n\n<li><em>Cargo: Assistente Administrativo da Fazenda Estadual<\/em><\/li>\n<\/ul>\n\n\n\n<p>\u201cDisseram-me que metade dos s\u00f3cios estaria ansiosa para envolver-se e a outra metade seria ap\u00e1tica. Depois de quatro anos descobri que \u00e9 exatamente o contr\u00e1rio.\u201d<\/p>\n\n\n\n<p>Em sua estrutura\u00e7\u00e3o, essa frase mostra<\/p>\n\n\n\n<p>A. uma compara\u00e7\u00e3o entre os dois per\u00edodos.<\/p>\n\n\n\n<p>B. dois per\u00edodos: um em linguagem l\u00f3gica e outro, figurada.<\/p>\n\n\n\n<p>C. uma ambiguidade no primeiro per\u00edodo.<\/p>\n\n\n\n<p>D. uma redund\u00e2ncia, dizendo a mesma coisa nos dois per\u00edodos.<\/p>\n\n\n\n<p>E. um erro gramatical no segundo per\u00edodo.<\/p>\n\n\n\n<details class=\"wp-block-details is-layout-flow wp-block-details-is-layout-flow\"><summary><strong>Resposta<\/strong><\/summary>\n<p><strong>D. uma redund\u00e2ncia, dizendo a mesma coisa nos dois per\u00edodos.<\/strong><\/p>\n<\/details>\n\n\n\n<hr class=\"wp-block-separator has-alpha-channel-opacity is-style-dots\"\/>\n\n\n\n<h2 class=\"wp-block-heading has-text-align-center\" id=\"cursos\">Quer saber tudo sobre concursos previstos? <br \/>Confira nossos artigos!<\/h2>\n\n\n\n<ul class=\"wp-block-list\">\n<li><a href=\"https:\/\/www.estrategiaconcursos.com.br\/blog\/concursos-abertos\/\" target=\"_blank\" rel=\"noreferrer noopener\">Concursos abertos<\/a><\/li>\n\n\n\n<li><a href=\"https:\/\/www.estrategiaconcursos.com.br\/blog\/concursos-2025\/\">Concursos 2025<\/a><\/li>\n\n\n\n<li><a href=\"https:\/\/www.estrategiaconcursos.com.br\/blog\/concursos-2026\/\" target=\"_blank\" rel=\"noreferrer noopener\">Concursos 2026<\/a><\/li>\n\n\n\n<li><a href=\"https:\/\/www.estrategiaconcursos.com.br\/blog\/concurso-seduc-pi\/\" target=\"_blank\" rel=\"noreferrer noopener\">Concurso Seduc PI<\/a><\/li>\n\n\n\n<li><a href=\"https:\/\/www.estrategiaconcursos.com.br\/blog\/concurso-sedu-es\/\" target=\"_blank\" rel=\"noreferrer noopener\">Concurso Sedu ES<\/a><\/li>\n\n\n\n<li><a href=\"https:\/\/www.estrategiaconcursos.com.br\/blog\/concurso-abin\" target=\"_blank\" rel=\"noreferrer noopener\">Concurso Abin<\/a><\/li>\n<\/ul>\n\n\n\n<div class=\"container\" id=\"boxes\">\n  <div class=\"row\">\n\n    <div class=\"col-sm\">\n      <div class=\"banner-estrat-corj\" id=\"box-assinatura\">\n        <h3 class=\"titulo-assinatura\" style=\"text-align: left;\">Cursos para Concursos<\/h3>\n        <p class=\"subtitulo-assinatura\" style=\"text-align: left;\">Conhe\u00e7a os cursos<\/p>\n        <div class=\"box-botao\" style=\"text-align: left;\">\n          <a class=\"btn-assinatura\" target=\"_blank\" href=\"https:\/\/www.estrategiaconcursos.com.br\/cursos\/concurso\/\" role=\"button\" rel=\"noopener noreferrer\">CLIQUE AQUI<\/a>\n        <\/div>\n      <\/div><\/div><\/div><\/div>\n","protected":false},"excerpt":{"rendered":"<p>Figuras de linguagem s\u00e3o um tema recorrente em quest\u00f5es de provas para concursos p\u00fablicos. Veja exemplos sobre o assunto e fortale\u00e7a a sua prepara\u00e7\u00e3o! O tema \u201cfiguras de linguagem\u201d \u00e9 essencial para quem deseja dominar a interpreta\u00e7\u00e3o de textos e compreender com profundidade os efeitos de sentido utilizados na comunica\u00e7\u00e3o escrita e falada. As disciplinas [&hellip;]<\/p>\n","protected":false},"author":2134,"featured_media":1680824,"comment_status":"open","ping_status":"closed","sticky":false,"template":"","format":"standard","meta":{"post_tipo":"news","footnotes":""},"categories":[1,220219],"tags":[],"tax_estado":[222299],"class_list":["post-1680508","post","type-post","status-publish","format-standard","has-post-thumbnail","hentry","category-cursos-e-concursos","category-noticias","tax_estado-sem-estado-definido"],"acf":[],"yoast_head":"<!-- This site is optimized with the Yoast SEO Premium plugin v27.2 (Yoast SEO v27.2) - https:\/\/yoast.com\/product\/yoast-seo-premium-wordpress\/ -->\n<title>7 quest\u00f5es sobre figuras de linguagem j\u00e1 ca\u00edram em concursos<\/title>\n<meta name=\"description\" content=\"Figuras de linguagem s\u00e3o um tema recorrente em quest\u00f5es para concursos p\u00fablicos. Veja exemplos sobre o assunto e fortale\u00e7a a sua prepara\u00e7\u00e3o!\" \/>\n<meta name=\"robots\" content=\"index, follow, max-snippet:-1, max-image-preview:large, max-video-preview:-1\" \/>\n<link rel=\"canonical\" href=\"https:\/\/www.estrategiaconcursos.com.br\/blog\/7-questoes-figuras-linguagem-concursos\/\" \/>\n<meta property=\"og:locale\" content=\"pt_BR\" \/>\n<meta property=\"og:type\" content=\"article\" \/>\n<meta property=\"og:title\" content=\"7 quest\u00f5es sobre figuras de linguagem j\u00e1 ca\u00edram em concursos\" \/>\n<meta property=\"og:description\" content=\"Figuras de linguagem s\u00e3o um tema recorrente em quest\u00f5es para concursos p\u00fablicos. Veja exemplos sobre o assunto e fortale\u00e7a a sua prepara\u00e7\u00e3o!\" \/>\n<meta property=\"og:url\" content=\"https:\/\/www.estrategiaconcursos.com.br\/blog\/7-questoes-figuras-linguagem-concursos\/\" \/>\n<meta property=\"og:site_name\" content=\"Estrat\u00e9gia Concursos\" \/>\n<meta property=\"article:published_time\" content=\"2025-12-05T01:07:36+00:00\" \/>\n<meta property=\"article:modified_time\" content=\"2025-12-05T16:00:13+00:00\" \/>\n<meta property=\"og:image\" content=\"https:\/\/dhg1h5j42swfq.cloudfront.net\/2025\/12\/05125952\/figuras-de-linguagem.jpg\" \/>\n\t<meta property=\"og:image:width\" content=\"768\" \/>\n\t<meta property=\"og:image:height\" content=\"432\" \/>\n\t<meta property=\"og:image:type\" content=\"image\/jpeg\" \/>\n<meta name=\"author\" content=\"Rafaela Teixeira\" \/>\n<meta name=\"twitter:card\" content=\"summary_large_image\" \/>\n<meta name=\"twitter:creator\" content=\"@EstratConcursos\" \/>\n<meta name=\"twitter:site\" content=\"@EstratConcursos\" \/>\n<meta name=\"twitter:label1\" content=\"Escrito por\" \/>\n\t<meta name=\"twitter:data1\" content=\"Rafaela Teixeira\" \/>\n\t<meta name=\"twitter:label2\" content=\"Est. tempo de leitura\" \/>\n\t<meta name=\"twitter:data2\" content=\"6 minutos\" \/>\n<script type=\"application\/ld+json\" class=\"yoast-schema-graph\">{\"@context\":\"https:\/\/schema.org\",\"@graph\":[{\"@type\":\"NewsArticle\",\"@id\":\"https:\/\/www.estrategiaconcursos.com.br\/blog\/7-questoes-figuras-linguagem-concursos\/#article\",\"isPartOf\":{\"@id\":\"https:\/\/www.estrategiaconcursos.com.br\/blog\/7-questoes-figuras-linguagem-concursos\/\"},\"author\":{\"name\":\"Rafaela Teixeira\",\"@id\":\"https:\/\/www.estrategiaconcursos.com.br\/blog\/#\/schema\/person\/e75352021ea7f60781c599934f916eb1\"},\"headline\":\"7 quest\u00f5es sobre figuras de linguagem j\u00e1 ca\u00edram em concursos\",\"datePublished\":\"2025-12-05T01:07:36+00:00\",\"dateModified\":\"2025-12-05T16:00:13+00:00\",\"mainEntityOfPage\":{\"@id\":\"https:\/\/www.estrategiaconcursos.com.br\/blog\/7-questoes-figuras-linguagem-concursos\/\"},\"wordCount\":1209,\"commentCount\":0,\"publisher\":{\"@id\":\"https:\/\/www.estrategiaconcursos.com.br\/blog\/#organization\"},\"image\":{\"@id\":\"https:\/\/www.estrategiaconcursos.com.br\/blog\/7-questoes-figuras-linguagem-concursos\/#primaryimage\"},\"thumbnailUrl\":\"https:\/\/dhg1h5j42swfq.cloudfront.net\/2025\/12\/05125952\/figuras-de-linguagem.jpg\",\"articleSection\":[\"Concursos P\u00fablicos\",\"\u00daltimas not\u00edcias\"],\"inLanguage\":\"pt-BR\",\"potentialAction\":[{\"@type\":\"CommentAction\",\"name\":\"Comment\",\"target\":[\"https:\/\/www.estrategiaconcursos.com.br\/blog\/7-questoes-figuras-linguagem-concursos\/#respond\"]}],\"copyrightYear\":\"2025\",\"copyrightHolder\":{\"@id\":\"https:\/\/www.estrategiaconcursos.com.br\/blog\/#organization\"}},{\"@type\":\"WebPage\",\"@id\":\"https:\/\/www.estrategiaconcursos.com.br\/blog\/7-questoes-figuras-linguagem-concursos\/\",\"url\":\"https:\/\/www.estrategiaconcursos.com.br\/blog\/7-questoes-figuras-linguagem-concursos\/\",\"name\":\"7 quest\u00f5es sobre figuras de linguagem j\u00e1 ca\u00edram em concursos\",\"isPartOf\":{\"@id\":\"https:\/\/www.estrategiaconcursos.com.br\/blog\/#website\"},\"primaryImageOfPage\":{\"@id\":\"https:\/\/www.estrategiaconcursos.com.br\/blog\/7-questoes-figuras-linguagem-concursos\/#primaryimage\"},\"image\":{\"@id\":\"https:\/\/www.estrategiaconcursos.com.br\/blog\/7-questoes-figuras-linguagem-concursos\/#primaryimage\"},\"thumbnailUrl\":\"https:\/\/dhg1h5j42swfq.cloudfront.net\/2025\/12\/05125952\/figuras-de-linguagem.jpg\",\"datePublished\":\"2025-12-05T01:07:36+00:00\",\"dateModified\":\"2025-12-05T16:00:13+00:00\",\"description\":\"Figuras de linguagem s\u00e3o um tema recorrente em quest\u00f5es para concursos p\u00fablicos. Veja exemplos sobre o assunto e fortale\u00e7a a sua prepara\u00e7\u00e3o!\",\"breadcrumb\":{\"@id\":\"https:\/\/www.estrategiaconcursos.com.br\/blog\/7-questoes-figuras-linguagem-concursos\/#breadcrumb\"},\"inLanguage\":\"pt-BR\",\"potentialAction\":[{\"@type\":\"ReadAction\",\"target\":[\"https:\/\/www.estrategiaconcursos.com.br\/blog\/7-questoes-figuras-linguagem-concursos\/\"]}]},{\"@type\":\"ImageObject\",\"inLanguage\":\"pt-BR\",\"@id\":\"https:\/\/www.estrategiaconcursos.com.br\/blog\/7-questoes-figuras-linguagem-concursos\/#primaryimage\",\"url\":\"https:\/\/dhg1h5j42swfq.cloudfront.net\/2025\/12\/05125952\/figuras-de-linguagem.jpg\",\"contentUrl\":\"https:\/\/dhg1h5j42swfq.cloudfront.net\/2025\/12\/05125952\/figuras-de-linguagem.jpg\",\"width\":768,\"height\":432},{\"@type\":\"BreadcrumbList\",\"@id\":\"https:\/\/www.estrategiaconcursos.com.br\/blog\/7-questoes-figuras-linguagem-concursos\/#breadcrumb\",\"itemListElement\":[{\"@type\":\"ListItem\",\"position\":1,\"name\":\"In\u00edcio\",\"item\":\"https:\/\/www.estrategiaconcursos.com.br\/blog\/\"},{\"@type\":\"ListItem\",\"position\":2,\"name\":\"7 quest\u00f5es sobre figuras de linguagem j\u00e1 ca\u00edram em concursos\"}]},{\"@type\":\"WebSite\",\"@id\":\"https:\/\/www.estrategiaconcursos.com.br\/blog\/#website\",\"url\":\"https:\/\/www.estrategiaconcursos.com.br\/blog\/\",\"name\":\"Estrat\u00e9gia Concursos\",\"description\":\"O blog da Estrat\u00e9gia Concursos traz not\u00edcias sobre concursos e artigos de professores oferecendo cursos para concursos (pdf + videaulas) no site.\",\"publisher\":{\"@id\":\"https:\/\/www.estrategiaconcursos.com.br\/blog\/#organization\"},\"potentialAction\":[{\"@type\":\"SearchAction\",\"target\":{\"@type\":\"EntryPoint\",\"urlTemplate\":\"https:\/\/www.estrategiaconcursos.com.br\/blog\/?s={search_term_string}\"},\"query-input\":{\"@type\":\"PropertyValueSpecification\",\"valueRequired\":true,\"valueName\":\"search_term_string\"}}],\"inLanguage\":\"pt-BR\"},{\"@type\":\"Organization\",\"@id\":\"https:\/\/www.estrategiaconcursos.com.br\/blog\/#organization\",\"name\":\"Estrat\u00e9gia Concursos\",\"url\":\"https:\/\/www.estrategiaconcursos.com.br\/blog\/\",\"logo\":{\"@type\":\"ImageObject\",\"inLanguage\":\"pt-BR\",\"@id\":\"https:\/\/www.estrategiaconcursos.com.br\/blog\/#\/schema\/logo\/image\/\",\"url\":\"https:\/\/dhg1h5j42swfq.cloudfront.net\/2025\/06\/03203428\/logo_concursos-1.jpg\",\"contentUrl\":\"https:\/\/dhg1h5j42swfq.cloudfront.net\/2025\/06\/03203428\/logo_concursos-1.jpg\",\"width\":230,\"height\":60,\"caption\":\"Estrat\u00e9gia Concursos\"},\"image\":{\"@id\":\"https:\/\/www.estrategiaconcursos.com.br\/blog\/#\/schema\/logo\/image\/\"},\"sameAs\":[\"https:\/\/x.com\/EstratConcursos\"]},{\"@type\":\"Person\",\"@id\":\"https:\/\/www.estrategiaconcursos.com.br\/blog\/#\/schema\/person\/e75352021ea7f60781c599934f916eb1\",\"name\":\"Rafaela Teixeira\",\"image\":{\"@type\":\"ImageObject\",\"inLanguage\":\"pt-BR\",\"@id\":\"https:\/\/secure.gravatar.com\/avatar\/8a349a2b22039b1ee88fc06461487c950fd6aa411ea8af8633314b43334ae793?s=96&d=mm&r=g\",\"url\":\"https:\/\/secure.gravatar.com\/avatar\/8a349a2b22039b1ee88fc06461487c950fd6aa411ea8af8633314b43334ae793?s=96&d=mm&r=g\",\"contentUrl\":\"https:\/\/secure.gravatar.com\/avatar\/8a349a2b22039b1ee88fc06461487c950fd6aa411ea8af8633314b43334ae793?s=96&d=mm&r=g\",\"caption\":\"Rafaela Teixeira\"},\"description\":\"Rafaela Teixeira \u00e9 advogada conveniada \u00e0 Defensoria P\u00fablica de S\u00e3o Paulo pela OAB, com experi\u00eancia em reda\u00e7\u00e3o jur\u00eddica e atua\u00e7\u00e3o em institui\u00e7\u00f5es p\u00fablicas, incluindo est\u00e1gio no TRE-SP. Possui mais de 7 anos de experi\u00eancia na produ\u00e7\u00e3o de conte\u00fados voltados ao nicho de concursos p\u00fablicos, com foco em apura\u00e7\u00e3o jornal\u00edstica cont\u00ednua, an\u00e1lise de editais e obten\u00e7\u00e3o de informa\u00e7\u00f5es diretamente junto a \u00f3rg\u00e3os e fontes oficiais. No Blog do Estrat\u00e9gia Concursos, atua como Analista de Conte\u00fado S\u00eanior, respons\u00e1vel pelo jornalismo do per\u00edodo noturno e da madrugada, com atua\u00e7\u00e3o transversal na cobertura de concursos p\u00fablicos, garantindo a continuidade, fluidez e confiabilidade das publica\u00e7\u00f5es e dos bastidores dos certames.\",\"url\":\"https:\/\/www.estrategiaconcursos.com.br\/blog\/author\/rafaela-teixeira\/\"}]}<\/script>\n<!-- \/ Yoast SEO Premium plugin. -->","yoast_head_json":{"title":"7 quest\u00f5es sobre figuras de linguagem j\u00e1 ca\u00edram em concursos","description":"Figuras de linguagem s\u00e3o um tema recorrente em quest\u00f5es para concursos p\u00fablicos. Veja exemplos sobre o assunto e fortale\u00e7a a sua prepara\u00e7\u00e3o!","robots":{"index":"index","follow":"follow","max-snippet":"max-snippet:-1","max-image-preview":"max-image-preview:large","max-video-preview":"max-video-preview:-1"},"canonical":"https:\/\/www.estrategiaconcursos.com.br\/blog\/7-questoes-figuras-linguagem-concursos\/","og_locale":"pt_BR","og_type":"article","og_title":"7 quest\u00f5es sobre figuras de linguagem j\u00e1 ca\u00edram em concursos","og_description":"Figuras de linguagem s\u00e3o um tema recorrente em quest\u00f5es para concursos p\u00fablicos. Veja exemplos sobre o assunto e fortale\u00e7a a sua prepara\u00e7\u00e3o!","og_url":"https:\/\/www.estrategiaconcursos.com.br\/blog\/7-questoes-figuras-linguagem-concursos\/","og_site_name":"Estrat\u00e9gia Concursos","article_published_time":"2025-12-05T01:07:36+00:00","article_modified_time":"2025-12-05T16:00:13+00:00","og_image":[{"width":768,"height":432,"url":"https:\/\/dhg1h5j42swfq.cloudfront.net\/2025\/12\/05125952\/figuras-de-linguagem.jpg","type":"image\/jpeg"}],"author":"Rafaela Teixeira","twitter_card":"summary_large_image","twitter_creator":"@EstratConcursos","twitter_site":"@EstratConcursos","twitter_misc":{"Escrito por":"Rafaela Teixeira","Est. tempo de leitura":"6 minutos"},"schema":{"@context":"https:\/\/schema.org","@graph":[{"@type":"NewsArticle","@id":"https:\/\/www.estrategiaconcursos.com.br\/blog\/7-questoes-figuras-linguagem-concursos\/#article","isPartOf":{"@id":"https:\/\/www.estrategiaconcursos.com.br\/blog\/7-questoes-figuras-linguagem-concursos\/"},"author":{"name":"Rafaela Teixeira","@id":"https:\/\/www.estrategiaconcursos.com.br\/blog\/#\/schema\/person\/e75352021ea7f60781c599934f916eb1"},"headline":"7 quest\u00f5es sobre figuras de linguagem j\u00e1 ca\u00edram em concursos","datePublished":"2025-12-05T01:07:36+00:00","dateModified":"2025-12-05T16:00:13+00:00","mainEntityOfPage":{"@id":"https:\/\/www.estrategiaconcursos.com.br\/blog\/7-questoes-figuras-linguagem-concursos\/"},"wordCount":1209,"commentCount":0,"publisher":{"@id":"https:\/\/www.estrategiaconcursos.com.br\/blog\/#organization"},"image":{"@id":"https:\/\/www.estrategiaconcursos.com.br\/blog\/7-questoes-figuras-linguagem-concursos\/#primaryimage"},"thumbnailUrl":"https:\/\/dhg1h5j42swfq.cloudfront.net\/2025\/12\/05125952\/figuras-de-linguagem.jpg","articleSection":["Concursos P\u00fablicos","\u00daltimas not\u00edcias"],"inLanguage":"pt-BR","potentialAction":[{"@type":"CommentAction","name":"Comment","target":["https:\/\/www.estrategiaconcursos.com.br\/blog\/7-questoes-figuras-linguagem-concursos\/#respond"]}],"copyrightYear":"2025","copyrightHolder":{"@id":"https:\/\/www.estrategiaconcursos.com.br\/blog\/#organization"}},{"@type":"WebPage","@id":"https:\/\/www.estrategiaconcursos.com.br\/blog\/7-questoes-figuras-linguagem-concursos\/","url":"https:\/\/www.estrategiaconcursos.com.br\/blog\/7-questoes-figuras-linguagem-concursos\/","name":"7 quest\u00f5es sobre figuras de linguagem j\u00e1 ca\u00edram em concursos","isPartOf":{"@id":"https:\/\/www.estrategiaconcursos.com.br\/blog\/#website"},"primaryImageOfPage":{"@id":"https:\/\/www.estrategiaconcursos.com.br\/blog\/7-questoes-figuras-linguagem-concursos\/#primaryimage"},"image":{"@id":"https:\/\/www.estrategiaconcursos.com.br\/blog\/7-questoes-figuras-linguagem-concursos\/#primaryimage"},"thumbnailUrl":"https:\/\/dhg1h5j42swfq.cloudfront.net\/2025\/12\/05125952\/figuras-de-linguagem.jpg","datePublished":"2025-12-05T01:07:36+00:00","dateModified":"2025-12-05T16:00:13+00:00","description":"Figuras de linguagem s\u00e3o um tema recorrente em quest\u00f5es para concursos p\u00fablicos. Veja exemplos sobre o assunto e fortale\u00e7a a sua prepara\u00e7\u00e3o!","breadcrumb":{"@id":"https:\/\/www.estrategiaconcursos.com.br\/blog\/7-questoes-figuras-linguagem-concursos\/#breadcrumb"},"inLanguage":"pt-BR","potentialAction":[{"@type":"ReadAction","target":["https:\/\/www.estrategiaconcursos.com.br\/blog\/7-questoes-figuras-linguagem-concursos\/"]}]},{"@type":"ImageObject","inLanguage":"pt-BR","@id":"https:\/\/www.estrategiaconcursos.com.br\/blog\/7-questoes-figuras-linguagem-concursos\/#primaryimage","url":"https:\/\/dhg1h5j42swfq.cloudfront.net\/2025\/12\/05125952\/figuras-de-linguagem.jpg","contentUrl":"https:\/\/dhg1h5j42swfq.cloudfront.net\/2025\/12\/05125952\/figuras-de-linguagem.jpg","width":768,"height":432},{"@type":"BreadcrumbList","@id":"https:\/\/www.estrategiaconcursos.com.br\/blog\/7-questoes-figuras-linguagem-concursos\/#breadcrumb","itemListElement":[{"@type":"ListItem","position":1,"name":"In\u00edcio","item":"https:\/\/www.estrategiaconcursos.com.br\/blog\/"},{"@type":"ListItem","position":2,"name":"7 quest\u00f5es sobre figuras de linguagem j\u00e1 ca\u00edram em concursos"}]},{"@type":"WebSite","@id":"https:\/\/www.estrategiaconcursos.com.br\/blog\/#website","url":"https:\/\/www.estrategiaconcursos.com.br\/blog\/","name":"Estrat\u00e9gia Concursos","description":"O blog da Estrat\u00e9gia Concursos traz not\u00edcias sobre concursos e artigos de professores oferecendo cursos para concursos (pdf + videaulas) no site.","publisher":{"@id":"https:\/\/www.estrategiaconcursos.com.br\/blog\/#organization"},"potentialAction":[{"@type":"SearchAction","target":{"@type":"EntryPoint","urlTemplate":"https:\/\/www.estrategiaconcursos.com.br\/blog\/?s={search_term_string}"},"query-input":{"@type":"PropertyValueSpecification","valueRequired":true,"valueName":"search_term_string"}}],"inLanguage":"pt-BR"},{"@type":"Organization","@id":"https:\/\/www.estrategiaconcursos.com.br\/blog\/#organization","name":"Estrat\u00e9gia Concursos","url":"https:\/\/www.estrategiaconcursos.com.br\/blog\/","logo":{"@type":"ImageObject","inLanguage":"pt-BR","@id":"https:\/\/www.estrategiaconcursos.com.br\/blog\/#\/schema\/logo\/image\/","url":"https:\/\/dhg1h5j42swfq.cloudfront.net\/2025\/06\/03203428\/logo_concursos-1.jpg","contentUrl":"https:\/\/dhg1h5j42swfq.cloudfront.net\/2025\/06\/03203428\/logo_concursos-1.jpg","width":230,"height":60,"caption":"Estrat\u00e9gia Concursos"},"image":{"@id":"https:\/\/www.estrategiaconcursos.com.br\/blog\/#\/schema\/logo\/image\/"},"sameAs":["https:\/\/x.com\/EstratConcursos"]},{"@type":"Person","@id":"https:\/\/www.estrategiaconcursos.com.br\/blog\/#\/schema\/person\/e75352021ea7f60781c599934f916eb1","name":"Rafaela Teixeira","image":{"@type":"ImageObject","inLanguage":"pt-BR","@id":"https:\/\/secure.gravatar.com\/avatar\/8a349a2b22039b1ee88fc06461487c950fd6aa411ea8af8633314b43334ae793?s=96&d=mm&r=g","url":"https:\/\/secure.gravatar.com\/avatar\/8a349a2b22039b1ee88fc06461487c950fd6aa411ea8af8633314b43334ae793?s=96&d=mm&r=g","contentUrl":"https:\/\/secure.gravatar.com\/avatar\/8a349a2b22039b1ee88fc06461487c950fd6aa411ea8af8633314b43334ae793?s=96&d=mm&r=g","caption":"Rafaela Teixeira"},"description":"Rafaela Teixeira \u00e9 advogada conveniada \u00e0 Defensoria P\u00fablica de S\u00e3o Paulo pela OAB, com experi\u00eancia em reda\u00e7\u00e3o jur\u00eddica e atua\u00e7\u00e3o em institui\u00e7\u00f5es p\u00fablicas, incluindo est\u00e1gio no TRE-SP. Possui mais de 7 anos de experi\u00eancia na produ\u00e7\u00e3o de conte\u00fados voltados ao nicho de concursos p\u00fablicos, com foco em apura\u00e7\u00e3o jornal\u00edstica cont\u00ednua, an\u00e1lise de editais e obten\u00e7\u00e3o de informa\u00e7\u00f5es diretamente junto a \u00f3rg\u00e3os e fontes oficiais. No Blog do Estrat\u00e9gia Concursos, atua como Analista de Conte\u00fado S\u00eanior, respons\u00e1vel pelo jornalismo do per\u00edodo noturno e da madrugada, com atua\u00e7\u00e3o transversal na cobertura de concursos p\u00fablicos, garantindo a continuidade, fluidez e confiabilidade das publica\u00e7\u00f5es e dos bastidores dos certames.","url":"https:\/\/www.estrategiaconcursos.com.br\/blog\/author\/rafaela-teixeira\/"}]}},"_links":{"self":[{"href":"https:\/\/www.estrategiaconcursos.com.br\/blog\/wp-json\/wp\/v2\/posts\/1680508","targetHints":{"allow":["GET"]}}],"collection":[{"href":"https:\/\/www.estrategiaconcursos.com.br\/blog\/wp-json\/wp\/v2\/posts"}],"about":[{"href":"https:\/\/www.estrategiaconcursos.com.br\/blog\/wp-json\/wp\/v2\/types\/post"}],"author":[{"embeddable":true,"href":"https:\/\/www.estrategiaconcursos.com.br\/blog\/wp-json\/wp\/v2\/users\/2134"}],"replies":[{"embeddable":true,"href":"https:\/\/www.estrategiaconcursos.com.br\/blog\/wp-json\/wp\/v2\/comments?post=1680508"}],"version-history":[{"count":4,"href":"https:\/\/www.estrategiaconcursos.com.br\/blog\/wp-json\/wp\/v2\/posts\/1680508\/revisions"}],"predecessor-version":[{"id":1680825,"href":"https:\/\/www.estrategiaconcursos.com.br\/blog\/wp-json\/wp\/v2\/posts\/1680508\/revisions\/1680825"}],"wp:featuredmedia":[{"embeddable":true,"href":"https:\/\/www.estrategiaconcursos.com.br\/blog\/wp-json\/wp\/v2\/media\/1680824"}],"wp:attachment":[{"href":"https:\/\/www.estrategiaconcursos.com.br\/blog\/wp-json\/wp\/v2\/media?parent=1680508"}],"wp:term":[{"taxonomy":"category","embeddable":true,"href":"https:\/\/www.estrategiaconcursos.com.br\/blog\/wp-json\/wp\/v2\/categories?post=1680508"},{"taxonomy":"post_tag","embeddable":true,"href":"https:\/\/www.estrategiaconcursos.com.br\/blog\/wp-json\/wp\/v2\/tags?post=1680508"},{"taxonomy":"tax_estado","embeddable":true,"href":"https:\/\/www.estrategiaconcursos.com.br\/blog\/wp-json\/wp\/v2\/tax_estado?post=1680508"}],"curies":[{"name":"wp","href":"https:\/\/api.w.org\/{rel}","templated":true}]}}