{"id":1680448,"date":"2025-12-04T18:32:11","date_gmt":"2025-12-04T21:32:11","guid":{"rendered":"https:\/\/www.estrategiaconcursos.com.br\/blog\/?p=1680448"},"modified":"2025-12-04T18:34:58","modified_gmt":"2025-12-04T21:34:58","slug":"concurso-prf-nova-chamada-cfp","status":"publish","type":"post","link":"https:\/\/www.estrategiaconcursos.com.br\/blog\/concurso-prf-nova-chamada-cfp\/","title":{"rendered":"Concurso PRF: divulgada nova chamada para CFP!"},"content":{"rendered":"\n<p>Foi divulgada nesta quinta-feira (04) nova convoca\u00e7\u00e3o, em segunda chamada, para a <strong>matr\u00edcula na quarta turma no Curso de Forma\u00e7\u00e3o Profissional (CFP) do concurso PRF (<a href=\"https:\/\/www.estrategiaconcursos.com.br\/cursosPorConcurso\/prf-policial-rodoviario-federal\/\" target=\"_blank\" rel=\"noreferrer noopener\">Pol\u00edcia Rodovi\u00e1ria Federal<\/a>).<\/strong><\/p>\n\n\n\n<p>Todo o procedimento poder\u00e1 ser efetuado no site da banca Cebraspe, no per\u00edodo das 19h do dia 4 de dezembro \u00e0s 18h do dia 5 de dezembro. <\/p>\n\n\n\n<ul class=\"wp-block-list\">\n<li><strong><a href=\"https:\/\/dhg1h5j42swfq.cloudfront.net\/2025\/12\/04183435\/prf-4-turma-cfp.pdf\" target=\"_blank\" rel=\"noreferrer noopener nofollow\">Confira a convoca\u00e7\u00e3o na \u00edntegra<\/a><\/strong><\/li>\n<\/ul>\n\n\n\n<p>Lembrando que a fun\u00e7\u00e3o de Policial Rodovi\u00e1rio Federal exige n\u00edvel superior em qualquer \u00e1rea de forma\u00e7\u00e3o. O sal\u00e1rio inicial \u00e9 de <strong>R$ 11.670,33<\/strong> e, partir de maio de 2026, ser\u00e1 reajustado para <strong>R$ 12.253,84<\/strong>.<\/p>\n\n\n\n<div class=\"container\" id=\"boxes\">\n  <div class=\"row\"> \n\n    <div class=\"col-sm\">\n      <div class=\"banner-prf\" id=\"box-assinatura\">\n        <h2 class=\"titulo-assinatura\">Concurso PRF<\/h2>\n        <p class=\"subtitulo-assinatura\">Conquiste a farda da PRF: Comece sua jornada!<\/p>\n        <div class=\"box-botao\">\n          <a class=\"btn-assinatura\" target=\"_blank\" href=\"https:\/\/www.estrategiaconcursos.com.br\/cursosPorConcurso\/prf-policial-rodoviario-federal\/\" role=\"button\" rel=\"noopener noreferrer\">INICIAR AGORA<\/a>\n        <\/div>\n      <\/div>\n     \n\n  <\/div>\n<\/div><\/div>\n\n\n\n<h2 class=\"wp-block-heading\" id=\"h-quais-sao-os-procedimentos-para-matricula-na-4\u00aa-chamada-do-cfp-do-concurso-prf\">Quais s\u00e3o os procedimentos para matr\u00edcula na 4\u00aa chamada do CFP do concurso PRF?<\/h2>\n\n\n\n<p>Para requerer a matr\u00edcula, o candidato dever\u00e1 atualizar a Ficha de Informa\u00e7\u00f5es Pessoais (FIP) e realizar o upload dos seguintes documentos:<\/p>\n\n\n\n<ul class=\"wp-block-list\">\n<li>I \u2013 Carteira Nacional de Habilita\u00e7\u00e3o ou Permiss\u00e3o para Dirigir para conduzir ve\u00edculo automotor, na categoria \u201cB\u201d ou superior, v\u00e1lida e sem impedimentos durante todo o per\u00edodo do CFP, e que n\u00e3o possua observa\u00e7\u00e3o de adapta\u00e7\u00e3o veicular ou restri\u00e7\u00e3o de locais e(ou) hor\u00e1rio para dirigir;<\/li>\n\n\n\n<li>II \u2013 diploma expedido por Institui\u00e7\u00e3o de ensino superior reconhecida pelo Minist\u00e9rio da Educa\u00e7\u00e3o (MEC), devidamente registrado, de curso superior em n\u00edvel de gradua\u00e7\u00e3o; ou<\/li>\n\n\n\n<li>III \u2013 certificado\/declara\u00e7\u00e3o de conclus\u00e3o de curso superior em n\u00edvel de gradua\u00e7\u00e3o, expedido por institui\u00e7\u00e3o de ensino superior reconhecida pelo MEC; ou<\/li>\n\n\n\n<li>IV \u2013 declara\u00e7\u00e3o, expedida por institui\u00e7\u00e3o de ensino superior reconhecida pelo MEC, de que o candidato ter\u00e1 condi\u00e7\u00f5es de implementar o requisito de escolaridade at\u00e9 o \u00faltimo dia de CFP, que ser\u00e1 na data prov\u00e1vel de 18 de dezembro de 2025;<\/li>\n\n\n\n<li>V \u2013 comprovante de quita\u00e7\u00e3o com as obriga\u00e7\u00f5es militares, para os candidatos do sexo masculino;<\/li>\n\n\n\n<li>VI \u2013 certid\u00e3o de antecedentes criminais, da unidade judici\u00e1ria com jurisdi\u00e7\u00e3o na cidade\/munic\u00edpio onde reside\/residiu a partir dos 18 anos de idade:\n<ul class=\"wp-block-list\">\n<li>VI.1) da Justi\u00e7a Estadual ou do Distrito Federal; e<\/li>\n\n\n\n<li>VI.2) da Justi\u00e7a Militar Estadual ou do Distrito Federal, inclusive para as candidatas do sexo feminino;<\/li>\n<\/ul>\n<\/li>\n\n\n\n<li>VII \u2013 certid\u00f5es de antecedentes criminais, expedidas pelas Secretarias de Seguran\u00e7a P\u00fablica das Unidades Federativas onde reside\/residiu a partir dos 18 anos de idade;<\/li>\n\n\n\n<li>VIII \u2013 certid\u00e3o disciplinar, ou equivalente, que contemple todos os procedimentos disciplinares do qual foi parte, para os candidatos que s\u00e3o\/foram servidores p\u00fablicos civis;<\/li>\n\n\n\n<li>IX \u2013 folha de altera\u00e7\u00f5es, ou equivalente, para os candidatos que s\u00e3o\/foram militares;<\/li>\n\n\n\n<li>X \u2013 atestado m\u00e9dico em que conste expressamente que o candidato encontra-se apto para a pr\u00e1tica de atividades f\u00edsicas, emitido, no m\u00e1ximo, 45 dias antes do in\u00edcio do CFP.<\/li>\n<\/ul>\n\n\n\n<p>Por fim, \u00e9 importante destacar que somente ser\u00e3o aceitas certid\u00f5es expedidas, no m\u00e1ximo, nos 90 dias anteriores \u00e0 data de entrega fixada em edital e dentro do prazo de validade constante nos documentos.<\/p>\n\n\n\n<h3 class=\"wp-block-heading\" id=\"h-panorama-dos-proximos-editais-de-concurso-prf\">Panorama dos pr\u00f3ximos editais de concurso PRF<\/h3>\n\n\n\n<p>Um <strong>novo concurso PRF<\/strong> pode estar mais pr\u00f3ximo do que se imagina! A Pol\u00edcia Rodovi\u00e1ria Federal enviou ao governo federal pedidos para o preenchimento de <strong>511 vagas<\/strong> em futuros editais.<\/p>\n\n\n\n<p>De acordo com os of\u00edcios encaminhados ao Minist\u00e9rio da Gest\u00e3o e da Inova\u00e7\u00e3o em Servi\u00e7os P\u00fablicos, a solicita\u00e7\u00e3o inclui <strong>263 vagas para Policial Rodovi\u00e1rio Federal<\/strong> e <strong>248 vagas para Agente Administrativo<\/strong>.<\/p>\n\n\n\n<p>Al\u00e9m disso, a minuta indica que o <strong>ministro da Justi\u00e7a e Seguran\u00e7a P\u00fablica<\/strong> destaca que as vagas de n\u00edvel superior t\u00eam como objetivo <strong>alcan\u00e7ar o efetivo previsto em lei<\/strong>.13.098 policiais rodovi\u00e1rios federais, com nomea\u00e7\u00e3o em julho de 2026.<\/p>\n\n\n\n<p class=\"has-text-align-center\"><em>Para mais detalhes do concurso PRF (Pol\u00edcia Rodovi\u00e1ria Federal), bem como da nova chamada para matr\u00edcula no CFP, acesse o link abaixo e fique sempre bem informado.<\/em><\/p>\n\n\n\n<p class=\"has-text-align-center has-cyan-bluish-gray-background-color has-background has-medium-font-size\"><strong>Saiba mais: <a href=\"https:\/\/www.estrategiaconcursos.com.br\/blog\/concurso-prf\/\" target=\"_blank\" rel=\"noreferrer noopener\">Concurso PRF<\/a><\/strong><\/p>\n\n\n\n<h2 class=\"wp-block-heading has-text-align-center\" id=\"h-quer-saber-tudo-sobre-concursos-da-prf-confira-nossos-artigos\">Quer saber tudo sobre concursos da PRF?<br \/>Confira nossos artigos!<\/h2>\n\n\n\n<ul class=\"wp-block-list\">\n<li><a href=\"https:\/\/www.estrategiaconcursos.com.br\/blog\/concurso-prf-administrativo\/\">Concurso PRF Administrativo<\/a><\/li>\n\n\n\n<li><a href=\"https:\/\/www.estrategiaconcursos.com.br\/blog\/concursos-2025\/\" target=\"_blank\" rel=\"noreferrer noopener\">Concursos 2025<\/a><\/li>\n\n\n\n<li><a href=\"https:\/\/www.estrategiaconcursos.com.br\/blog\/concursos-2026\/\" target=\"_blank\" rel=\"noreferrer noopener\">Concursos 2026<\/a><\/li>\n\n\n\n<li><a href=\"https:\/\/www.estrategiaconcursos.com.br\/blog\/concursos-abertos\/\" target=\"_blank\" rel=\"noreferrer noopener\">Concursos abertos<\/a><\/li>\n<\/ul>\n\n\n\n<h2 class=\"wp-block-heading has-text-align-center\" id=\"h-quer-estudar-para-o-concurso-policia-rodoviaria-federal\">Quer estudar para o concurso Pol\u00edcia Rodovi\u00e1ria Federal?<\/h2>\n\n\n\n<div class=\"container\" id=\"boxes\">\n  <div class=\"row\">\n\n    <div class=\"col-sm\">\n      <div class=\"estrategia\" id=\"box-assinatura\">\n        <h3 class=\"titulo-assinatura\">Assinatura Concursos<\/h3>\n        <p class=\"subtitulo-assinatura\">Assinatura de 1 ano ou 2 anos<\/p>\n        <div class=\"box-botao\">\n          <a class=\"btn-assinatura\" target=\"_blank\" href=\"https:\/\/www.estrategiaconcursos.com.br\/assinaturas\/\" role=\"button\" rel=\"noopener noreferrer\">ASSINE AGORA<\/a>\n        <\/div>\n      <\/div><\/div><\/div><\/div>\n\n\n\n<p class=\"has-text-align-center\"><\/p>\n","protected":false},"excerpt":{"rendered":"<p>Foi divulgada nesta quinta-feira (04) nova convoca\u00e7\u00e3o, em segunda chamada, para a matr\u00edcula na quarta turma no Curso de Forma\u00e7\u00e3o Profissional (CFP) do concurso PRF (Pol\u00edcia Rodovi\u00e1ria Federal). Todo o procedimento poder\u00e1 ser efetuado no site da banca Cebraspe, no per\u00edodo das 19h do dia 4 de dezembro \u00e0s 18h do dia 5 de dezembro. [&hellip;]<\/p>\n","protected":false},"author":2134,"featured_media":1026958,"comment_status":"open","ping_status":"closed","sticky":false,"template":"","format":"standard","meta":{"post_tipo":"news","footnotes":""},"categories":[1988,220219],"tags":[],"tax_estado":[219963],"class_list":["post-1680448","post","type-post","status-publish","format-standard","has-post-thumbnail","hentry","category-policia","category-noticias","tax_estado-concursos-federais"],"acf":[],"yoast_head":"<!-- This site is optimized with the Yoast SEO Premium plugin v27.2 (Yoast SEO v27.2) - https:\/\/yoast.com\/product\/yoast-seo-premium-wordpress\/ -->\n<title>Concurso PRF: divulgada nova chamada para CFP!<\/title>\n<meta name=\"description\" content=\"Divulgada nova chamada para matr\u00edcula na quarta turma no Curso de Forma\u00e7\u00e3o Profissional (CFP) do concurso PRF (Pol\u00edcia Rodovi\u00e1ria Federal).\" \/>\n<meta name=\"robots\" content=\"index, follow, max-snippet:-1, max-image-preview:large, max-video-preview:-1\" \/>\n<link rel=\"canonical\" href=\"https:\/\/www.estrategiaconcursos.com.br\/blog\/concurso-prf-nova-chamada-cfp\/\" \/>\n<meta property=\"og:locale\" content=\"pt_BR\" \/>\n<meta property=\"og:type\" content=\"article\" \/>\n<meta property=\"og:title\" content=\"Concurso PRF: divulgada nova chamada para CFP!\" \/>\n<meta property=\"og:description\" content=\"Divulgada nova chamada para matr\u00edcula na quarta turma no Curso de Forma\u00e7\u00e3o Profissional (CFP) do concurso PRF (Pol\u00edcia Rodovi\u00e1ria Federal).\" \/>\n<meta property=\"og:url\" content=\"https:\/\/www.estrategiaconcursos.com.br\/blog\/concurso-prf-nova-chamada-cfp\/\" \/>\n<meta property=\"og:site_name\" content=\"Estrat\u00e9gia Concursos\" \/>\n<meta property=\"article:published_time\" content=\"2025-12-04T21:32:11+00:00\" \/>\n<meta property=\"article:modified_time\" content=\"2025-12-04T21:34:58+00:00\" \/>\n<meta property=\"og:image\" content=\"https:\/\/dhg1h5j42swfq.cloudfront.net\/2022\/05\/12134227\/prf.jpg\" \/>\n\t<meta property=\"og:image:width\" content=\"768\" \/>\n\t<meta property=\"og:image:height\" content=\"432\" \/>\n\t<meta property=\"og:image:type\" content=\"image\/jpeg\" \/>\n<meta name=\"author\" content=\"Rafaela Teixeira\" \/>\n<meta name=\"twitter:card\" content=\"summary_large_image\" \/>\n<meta name=\"twitter:creator\" content=\"@EstratConcursos\" \/>\n<meta name=\"twitter:site\" content=\"@EstratConcursos\" \/>\n<meta name=\"twitter:label1\" content=\"Escrito por\" \/>\n\t<meta name=\"twitter:data1\" content=\"Rafaela Teixeira\" \/>\n\t<meta name=\"twitter:label2\" content=\"Est. tempo de leitura\" \/>\n\t<meta name=\"twitter:data2\" content=\"3 minutos\" \/>\n<script type=\"application\/ld+json\" class=\"yoast-schema-graph\">{\"@context\":\"https:\/\/schema.org\",\"@graph\":[{\"@type\":\"NewsArticle\",\"@id\":\"https:\/\/www.estrategiaconcursos.com.br\/blog\/concurso-prf-nova-chamada-cfp\/#article\",\"isPartOf\":{\"@id\":\"https:\/\/www.estrategiaconcursos.com.br\/blog\/concurso-prf-nova-chamada-cfp\/\"},\"author\":{\"name\":\"Rafaela Teixeira\",\"@id\":\"https:\/\/www.estrategiaconcursos.com.br\/blog\/#\/schema\/person\/e75352021ea7f60781c599934f916eb1\"},\"headline\":\"Concurso PRF: divulgada nova chamada para CFP!\",\"datePublished\":\"2025-12-04T21:32:11+00:00\",\"dateModified\":\"2025-12-04T21:34:58+00:00\",\"mainEntityOfPage\":{\"@id\":\"https:\/\/www.estrategiaconcursos.com.br\/blog\/concurso-prf-nova-chamada-cfp\/\"},\"wordCount\":704,\"commentCount\":0,\"publisher\":{\"@id\":\"https:\/\/www.estrategiaconcursos.com.br\/blog\/#organization\"},\"image\":{\"@id\":\"https:\/\/www.estrategiaconcursos.com.br\/blog\/concurso-prf-nova-chamada-cfp\/#primaryimage\"},\"thumbnailUrl\":\"https:\/\/dhg1h5j42swfq.cloudfront.net\/2022\/05\/12134227\/prf.jpg\",\"articleSection\":[\"Policial (Agente, Escriv\u00e3o e Investigador)\",\"\u00daltimas not\u00edcias\"],\"inLanguage\":\"pt-BR\",\"potentialAction\":[{\"@type\":\"CommentAction\",\"name\":\"Comment\",\"target\":[\"https:\/\/www.estrategiaconcursos.com.br\/blog\/concurso-prf-nova-chamada-cfp\/#respond\"]}],\"copyrightYear\":\"2025\",\"copyrightHolder\":{\"@id\":\"https:\/\/www.estrategiaconcursos.com.br\/blog\/#organization\"}},{\"@type\":\"WebPage\",\"@id\":\"https:\/\/www.estrategiaconcursos.com.br\/blog\/concurso-prf-nova-chamada-cfp\/\",\"url\":\"https:\/\/www.estrategiaconcursos.com.br\/blog\/concurso-prf-nova-chamada-cfp\/\",\"name\":\"Concurso PRF: divulgada nova chamada para CFP!\",\"isPartOf\":{\"@id\":\"https:\/\/www.estrategiaconcursos.com.br\/blog\/#website\"},\"primaryImageOfPage\":{\"@id\":\"https:\/\/www.estrategiaconcursos.com.br\/blog\/concurso-prf-nova-chamada-cfp\/#primaryimage\"},\"image\":{\"@id\":\"https:\/\/www.estrategiaconcursos.com.br\/blog\/concurso-prf-nova-chamada-cfp\/#primaryimage\"},\"thumbnailUrl\":\"https:\/\/dhg1h5j42swfq.cloudfront.net\/2022\/05\/12134227\/prf.jpg\",\"datePublished\":\"2025-12-04T21:32:11+00:00\",\"dateModified\":\"2025-12-04T21:34:58+00:00\",\"description\":\"Divulgada nova chamada para matr\u00edcula na quarta turma no Curso de Forma\u00e7\u00e3o Profissional (CFP) do concurso PRF (Pol\u00edcia Rodovi\u00e1ria Federal).\",\"breadcrumb\":{\"@id\":\"https:\/\/www.estrategiaconcursos.com.br\/blog\/concurso-prf-nova-chamada-cfp\/#breadcrumb\"},\"inLanguage\":\"pt-BR\",\"potentialAction\":[{\"@type\":\"ReadAction\",\"target\":[\"https:\/\/www.estrategiaconcursos.com.br\/blog\/concurso-prf-nova-chamada-cfp\/\"]}]},{\"@type\":\"ImageObject\",\"inLanguage\":\"pt-BR\",\"@id\":\"https:\/\/www.estrategiaconcursos.com.br\/blog\/concurso-prf-nova-chamada-cfp\/#primaryimage\",\"url\":\"https:\/\/dhg1h5j42swfq.cloudfront.net\/2022\/05\/12134227\/prf.jpg\",\"contentUrl\":\"https:\/\/dhg1h5j42swfq.cloudfront.net\/2022\/05\/12134227\/prf.jpg\",\"width\":768,\"height\":432,\"caption\":\"concurso PRF\"},{\"@type\":\"BreadcrumbList\",\"@id\":\"https:\/\/www.estrategiaconcursos.com.br\/blog\/concurso-prf-nova-chamada-cfp\/#breadcrumb\",\"itemListElement\":[{\"@type\":\"ListItem\",\"position\":1,\"name\":\"In\u00edcio\",\"item\":\"https:\/\/www.estrategiaconcursos.com.br\/blog\/\"},{\"@type\":\"ListItem\",\"position\":2,\"name\":\"Concurso PRF: divulgada nova chamada para CFP!\"}]},{\"@type\":\"WebSite\",\"@id\":\"https:\/\/www.estrategiaconcursos.com.br\/blog\/#website\",\"url\":\"https:\/\/www.estrategiaconcursos.com.br\/blog\/\",\"name\":\"Estrat\u00e9gia Concursos\",\"description\":\"O blog da Estrat\u00e9gia Concursos traz not\u00edcias sobre concursos e artigos de professores oferecendo cursos para concursos (pdf + videaulas) no site.\",\"publisher\":{\"@id\":\"https:\/\/www.estrategiaconcursos.com.br\/blog\/#organization\"},\"potentialAction\":[{\"@type\":\"SearchAction\",\"target\":{\"@type\":\"EntryPoint\",\"urlTemplate\":\"https:\/\/www.estrategiaconcursos.com.br\/blog\/?s={search_term_string}\"},\"query-input\":{\"@type\":\"PropertyValueSpecification\",\"valueRequired\":true,\"valueName\":\"search_term_string\"}}],\"inLanguage\":\"pt-BR\"},{\"@type\":\"Organization\",\"@id\":\"https:\/\/www.estrategiaconcursos.com.br\/blog\/#organization\",\"name\":\"Estrat\u00e9gia Concursos\",\"url\":\"https:\/\/www.estrategiaconcursos.com.br\/blog\/\",\"logo\":{\"@type\":\"ImageObject\",\"inLanguage\":\"pt-BR\",\"@id\":\"https:\/\/www.estrategiaconcursos.com.br\/blog\/#\/schema\/logo\/image\/\",\"url\":\"https:\/\/dhg1h5j42swfq.cloudfront.net\/2025\/06\/03203428\/logo_concursos-1.jpg\",\"contentUrl\":\"https:\/\/dhg1h5j42swfq.cloudfront.net\/2025\/06\/03203428\/logo_concursos-1.jpg\",\"width\":230,\"height\":60,\"caption\":\"Estrat\u00e9gia Concursos\"},\"image\":{\"@id\":\"https:\/\/www.estrategiaconcursos.com.br\/blog\/#\/schema\/logo\/image\/\"},\"sameAs\":[\"https:\/\/x.com\/EstratConcursos\"]},{\"@type\":\"Person\",\"@id\":\"https:\/\/www.estrategiaconcursos.com.br\/blog\/#\/schema\/person\/e75352021ea7f60781c599934f916eb1\",\"name\":\"Rafaela Teixeira\",\"image\":{\"@type\":\"ImageObject\",\"inLanguage\":\"pt-BR\",\"@id\":\"https:\/\/secure.gravatar.com\/avatar\/8a349a2b22039b1ee88fc06461487c950fd6aa411ea8af8633314b43334ae793?s=96&d=mm&r=g\",\"url\":\"https:\/\/secure.gravatar.com\/avatar\/8a349a2b22039b1ee88fc06461487c950fd6aa411ea8af8633314b43334ae793?s=96&d=mm&r=g\",\"contentUrl\":\"https:\/\/secure.gravatar.com\/avatar\/8a349a2b22039b1ee88fc06461487c950fd6aa411ea8af8633314b43334ae793?s=96&d=mm&r=g\",\"caption\":\"Rafaela Teixeira\"},\"description\":\"Rafaela Teixeira \u00e9 advogada conveniada \u00e0 Defensoria P\u00fablica de S\u00e3o Paulo pela OAB, com experi\u00eancia em reda\u00e7\u00e3o jur\u00eddica e atua\u00e7\u00e3o em institui\u00e7\u00f5es p\u00fablicas, incluindo est\u00e1gio no TRE-SP. Possui mais de 7 anos de experi\u00eancia na produ\u00e7\u00e3o de conte\u00fados voltados ao nicho de concursos p\u00fablicos, com foco em apura\u00e7\u00e3o jornal\u00edstica cont\u00ednua, an\u00e1lise de editais e obten\u00e7\u00e3o de informa\u00e7\u00f5es diretamente junto a \u00f3rg\u00e3os e fontes oficiais. No Blog do Estrat\u00e9gia Concursos, atua como Analista de Conte\u00fado S\u00eanior, respons\u00e1vel pelo jornalismo do per\u00edodo noturno e da madrugada, com atua\u00e7\u00e3o transversal na cobertura de concursos p\u00fablicos, garantindo a continuidade, fluidez e confiabilidade das publica\u00e7\u00f5es e dos bastidores dos certames.\",\"url\":\"https:\/\/www.estrategiaconcursos.com.br\/blog\/author\/rafaela-teixeira\/\"}]}<\/script>\n<!-- \/ Yoast SEO Premium plugin. -->","yoast_head_json":{"title":"Concurso PRF: divulgada nova chamada para CFP!","description":"Divulgada nova chamada para matr\u00edcula na quarta turma no Curso de Forma\u00e7\u00e3o Profissional (CFP) do concurso PRF (Pol\u00edcia Rodovi\u00e1ria Federal).","robots":{"index":"index","follow":"follow","max-snippet":"max-snippet:-1","max-image-preview":"max-image-preview:large","max-video-preview":"max-video-preview:-1"},"canonical":"https:\/\/www.estrategiaconcursos.com.br\/blog\/concurso-prf-nova-chamada-cfp\/","og_locale":"pt_BR","og_type":"article","og_title":"Concurso PRF: divulgada nova chamada para CFP!","og_description":"Divulgada nova chamada para matr\u00edcula na quarta turma no Curso de Forma\u00e7\u00e3o Profissional (CFP) do concurso PRF (Pol\u00edcia Rodovi\u00e1ria Federal).","og_url":"https:\/\/www.estrategiaconcursos.com.br\/blog\/concurso-prf-nova-chamada-cfp\/","og_site_name":"Estrat\u00e9gia Concursos","article_published_time":"2025-12-04T21:32:11+00:00","article_modified_time":"2025-12-04T21:34:58+00:00","og_image":[{"width":768,"height":432,"url":"https:\/\/dhg1h5j42swfq.cloudfront.net\/2022\/05\/12134227\/prf.jpg","type":"image\/jpeg"}],"author":"Rafaela Teixeira","twitter_card":"summary_large_image","twitter_creator":"@EstratConcursos","twitter_site":"@EstratConcursos","twitter_misc":{"Escrito por":"Rafaela Teixeira","Est. tempo de leitura":"3 minutos"},"schema":{"@context":"https:\/\/schema.org","@graph":[{"@type":"NewsArticle","@id":"https:\/\/www.estrategiaconcursos.com.br\/blog\/concurso-prf-nova-chamada-cfp\/#article","isPartOf":{"@id":"https:\/\/www.estrategiaconcursos.com.br\/blog\/concurso-prf-nova-chamada-cfp\/"},"author":{"name":"Rafaela Teixeira","@id":"https:\/\/www.estrategiaconcursos.com.br\/blog\/#\/schema\/person\/e75352021ea7f60781c599934f916eb1"},"headline":"Concurso PRF: divulgada nova chamada para CFP!","datePublished":"2025-12-04T21:32:11+00:00","dateModified":"2025-12-04T21:34:58+00:00","mainEntityOfPage":{"@id":"https:\/\/www.estrategiaconcursos.com.br\/blog\/concurso-prf-nova-chamada-cfp\/"},"wordCount":704,"commentCount":0,"publisher":{"@id":"https:\/\/www.estrategiaconcursos.com.br\/blog\/#organization"},"image":{"@id":"https:\/\/www.estrategiaconcursos.com.br\/blog\/concurso-prf-nova-chamada-cfp\/#primaryimage"},"thumbnailUrl":"https:\/\/dhg1h5j42swfq.cloudfront.net\/2022\/05\/12134227\/prf.jpg","articleSection":["Policial (Agente, Escriv\u00e3o e Investigador)","\u00daltimas not\u00edcias"],"inLanguage":"pt-BR","potentialAction":[{"@type":"CommentAction","name":"Comment","target":["https:\/\/www.estrategiaconcursos.com.br\/blog\/concurso-prf-nova-chamada-cfp\/#respond"]}],"copyrightYear":"2025","copyrightHolder":{"@id":"https:\/\/www.estrategiaconcursos.com.br\/blog\/#organization"}},{"@type":"WebPage","@id":"https:\/\/www.estrategiaconcursos.com.br\/blog\/concurso-prf-nova-chamada-cfp\/","url":"https:\/\/www.estrategiaconcursos.com.br\/blog\/concurso-prf-nova-chamada-cfp\/","name":"Concurso PRF: divulgada nova chamada para CFP!","isPartOf":{"@id":"https:\/\/www.estrategiaconcursos.com.br\/blog\/#website"},"primaryImageOfPage":{"@id":"https:\/\/www.estrategiaconcursos.com.br\/blog\/concurso-prf-nova-chamada-cfp\/#primaryimage"},"image":{"@id":"https:\/\/www.estrategiaconcursos.com.br\/blog\/concurso-prf-nova-chamada-cfp\/#primaryimage"},"thumbnailUrl":"https:\/\/dhg1h5j42swfq.cloudfront.net\/2022\/05\/12134227\/prf.jpg","datePublished":"2025-12-04T21:32:11+00:00","dateModified":"2025-12-04T21:34:58+00:00","description":"Divulgada nova chamada para matr\u00edcula na quarta turma no Curso de Forma\u00e7\u00e3o Profissional (CFP) do concurso PRF (Pol\u00edcia Rodovi\u00e1ria Federal).","breadcrumb":{"@id":"https:\/\/www.estrategiaconcursos.com.br\/blog\/concurso-prf-nova-chamada-cfp\/#breadcrumb"},"inLanguage":"pt-BR","potentialAction":[{"@type":"ReadAction","target":["https:\/\/www.estrategiaconcursos.com.br\/blog\/concurso-prf-nova-chamada-cfp\/"]}]},{"@type":"ImageObject","inLanguage":"pt-BR","@id":"https:\/\/www.estrategiaconcursos.com.br\/blog\/concurso-prf-nova-chamada-cfp\/#primaryimage","url":"https:\/\/dhg1h5j42swfq.cloudfront.net\/2022\/05\/12134227\/prf.jpg","contentUrl":"https:\/\/dhg1h5j42swfq.cloudfront.net\/2022\/05\/12134227\/prf.jpg","width":768,"height":432,"caption":"concurso PRF"},{"@type":"BreadcrumbList","@id":"https:\/\/www.estrategiaconcursos.com.br\/blog\/concurso-prf-nova-chamada-cfp\/#breadcrumb","itemListElement":[{"@type":"ListItem","position":1,"name":"In\u00edcio","item":"https:\/\/www.estrategiaconcursos.com.br\/blog\/"},{"@type":"ListItem","position":2,"name":"Concurso PRF: divulgada nova chamada para CFP!"}]},{"@type":"WebSite","@id":"https:\/\/www.estrategiaconcursos.com.br\/blog\/#website","url":"https:\/\/www.estrategiaconcursos.com.br\/blog\/","name":"Estrat\u00e9gia Concursos","description":"O blog da Estrat\u00e9gia Concursos traz not\u00edcias sobre concursos e artigos de professores oferecendo cursos para concursos (pdf + videaulas) no site.","publisher":{"@id":"https:\/\/www.estrategiaconcursos.com.br\/blog\/#organization"},"potentialAction":[{"@type":"SearchAction","target":{"@type":"EntryPoint","urlTemplate":"https:\/\/www.estrategiaconcursos.com.br\/blog\/?s={search_term_string}"},"query-input":{"@type":"PropertyValueSpecification","valueRequired":true,"valueName":"search_term_string"}}],"inLanguage":"pt-BR"},{"@type":"Organization","@id":"https:\/\/www.estrategiaconcursos.com.br\/blog\/#organization","name":"Estrat\u00e9gia Concursos","url":"https:\/\/www.estrategiaconcursos.com.br\/blog\/","logo":{"@type":"ImageObject","inLanguage":"pt-BR","@id":"https:\/\/www.estrategiaconcursos.com.br\/blog\/#\/schema\/logo\/image\/","url":"https:\/\/dhg1h5j42swfq.cloudfront.net\/2025\/06\/03203428\/logo_concursos-1.jpg","contentUrl":"https:\/\/dhg1h5j42swfq.cloudfront.net\/2025\/06\/03203428\/logo_concursos-1.jpg","width":230,"height":60,"caption":"Estrat\u00e9gia Concursos"},"image":{"@id":"https:\/\/www.estrategiaconcursos.com.br\/blog\/#\/schema\/logo\/image\/"},"sameAs":["https:\/\/x.com\/EstratConcursos"]},{"@type":"Person","@id":"https:\/\/www.estrategiaconcursos.com.br\/blog\/#\/schema\/person\/e75352021ea7f60781c599934f916eb1","name":"Rafaela Teixeira","image":{"@type":"ImageObject","inLanguage":"pt-BR","@id":"https:\/\/secure.gravatar.com\/avatar\/8a349a2b22039b1ee88fc06461487c950fd6aa411ea8af8633314b43334ae793?s=96&d=mm&r=g","url":"https:\/\/secure.gravatar.com\/avatar\/8a349a2b22039b1ee88fc06461487c950fd6aa411ea8af8633314b43334ae793?s=96&d=mm&r=g","contentUrl":"https:\/\/secure.gravatar.com\/avatar\/8a349a2b22039b1ee88fc06461487c950fd6aa411ea8af8633314b43334ae793?s=96&d=mm&r=g","caption":"Rafaela Teixeira"},"description":"Rafaela Teixeira \u00e9 advogada conveniada \u00e0 Defensoria P\u00fablica de S\u00e3o Paulo pela OAB, com experi\u00eancia em reda\u00e7\u00e3o jur\u00eddica e atua\u00e7\u00e3o em institui\u00e7\u00f5es p\u00fablicas, incluindo est\u00e1gio no TRE-SP. Possui mais de 7 anos de experi\u00eancia na produ\u00e7\u00e3o de conte\u00fados voltados ao nicho de concursos p\u00fablicos, com foco em apura\u00e7\u00e3o jornal\u00edstica cont\u00ednua, an\u00e1lise de editais e obten\u00e7\u00e3o de informa\u00e7\u00f5es diretamente junto a \u00f3rg\u00e3os e fontes oficiais. No Blog do Estrat\u00e9gia Concursos, atua como Analista de Conte\u00fado S\u00eanior, respons\u00e1vel pelo jornalismo do per\u00edodo noturno e da madrugada, com atua\u00e7\u00e3o transversal na cobertura de concursos p\u00fablicos, garantindo a continuidade, fluidez e confiabilidade das publica\u00e7\u00f5es e dos bastidores dos certames.","url":"https:\/\/www.estrategiaconcursos.com.br\/blog\/author\/rafaela-teixeira\/"}]}},"_links":{"self":[{"href":"https:\/\/www.estrategiaconcursos.com.br\/blog\/wp-json\/wp\/v2\/posts\/1680448","targetHints":{"allow":["GET"]}}],"collection":[{"href":"https:\/\/www.estrategiaconcursos.com.br\/blog\/wp-json\/wp\/v2\/posts"}],"about":[{"href":"https:\/\/www.estrategiaconcursos.com.br\/blog\/wp-json\/wp\/v2\/types\/post"}],"author":[{"embeddable":true,"href":"https:\/\/www.estrategiaconcursos.com.br\/blog\/wp-json\/wp\/v2\/users\/2134"}],"replies":[{"embeddable":true,"href":"https:\/\/www.estrategiaconcursos.com.br\/blog\/wp-json\/wp\/v2\/comments?post=1680448"}],"version-history":[{"count":4,"href":"https:\/\/www.estrategiaconcursos.com.br\/blog\/wp-json\/wp\/v2\/posts\/1680448\/revisions"}],"predecessor-version":[{"id":1680464,"href":"https:\/\/www.estrategiaconcursos.com.br\/blog\/wp-json\/wp\/v2\/posts\/1680448\/revisions\/1680464"}],"wp:featuredmedia":[{"embeddable":true,"href":"https:\/\/www.estrategiaconcursos.com.br\/blog\/wp-json\/wp\/v2\/media\/1026958"}],"wp:attachment":[{"href":"https:\/\/www.estrategiaconcursos.com.br\/blog\/wp-json\/wp\/v2\/media?parent=1680448"}],"wp:term":[{"taxonomy":"category","embeddable":true,"href":"https:\/\/www.estrategiaconcursos.com.br\/blog\/wp-json\/wp\/v2\/categories?post=1680448"},{"taxonomy":"post_tag","embeddable":true,"href":"https:\/\/www.estrategiaconcursos.com.br\/blog\/wp-json\/wp\/v2\/tags?post=1680448"},{"taxonomy":"tax_estado","embeddable":true,"href":"https:\/\/www.estrategiaconcursos.com.br\/blog\/wp-json\/wp\/v2\/tax_estado?post=1680448"}],"curies":[{"name":"wp","href":"https:\/\/api.w.org\/{rel}","templated":true}]}}