{"id":1680101,"date":"2025-12-23T08:44:00","date_gmt":"2025-12-23T11:44:00","guid":{"rendered":"https:\/\/www.estrategiaconcursos.com.br\/blog\/?p=1680101"},"modified":"2025-12-12T15:44:42","modified_gmt":"2025-12-12T18:44:42","slug":"extincao-concessoes-tce-mg","status":"publish","type":"post","link":"https:\/\/www.estrategiaconcursos.com.br\/blog\/extincao-concessoes-tce-mg\/","title":{"rendered":"Extin\u00e7\u00e3o das concess\u00f5es: t\u00f3picos da Lei 8.987 para o TCE MG"},"content":{"rendered":"\n<p>Ol\u00e1, pessoal, tudo bem? Estudaremos hoje sobre a <strong>extin\u00e7\u00e3o das concess\u00f5es, \u00e0 luz da Lei 8.987<\/strong>, para o concurso do <a href=\"https:\/\/www.tce.mg.gov.br\/\">Tribunal de Contas do Estado de Minas Gerais (TCE MG)<\/a>.<\/p>\n\n\n\n<figure class=\"wp-block-image aligncenter size-full\"><img loading=\"lazy\" decoding=\"async\" width=\"768\" height=\"432\" src=\"https:\/\/dhg1h5j42swfq.cloudfront.net\/2023\/03\/10164823\/tce-mg.jpg\" alt=\"Extin\u00e7\u00e3o das concess\u00f5es: t\u00f3picos da Lei 8.987 para o TCE MG\" class=\"wp-image-1185014\" srcset=\"https:\/\/dhg1h5j42swfq.cloudfront.net\/2023\/03\/10164823\/tce-mg.jpg 768w, https:\/\/dhg1h5j42swfq.cloudfront.net\/2023\/03\/10164823\/tce-mg-300x169.jpg 300w, https:\/\/dhg1h5j42swfq.cloudfront.net\/2023\/03\/10164823\/tce-mg-610x343.jpg 610w, https:\/\/dhg1h5j42swfq.cloudfront.net\/2023\/03\/10164823\/tce-mg-150x84.jpg 150w\" sizes=\"auto, (max-width: 768px) 100vw, 768px\" \/><\/figure>\n\n\n\n<p>Bons estudos!<\/p>\n\n\n\n<h2 class=\"wp-block-heading\" id=\"h-introducao\"><strong><mark style=\"background-color:rgba(0, 0, 0, 0)\" class=\"has-inline-color has-vivid-cyan-blue-color\">Introdu\u00e7\u00e3o<\/mark><\/strong><\/h2>\n\n\n\n<p>Conforme a Lei 8.987\/1995, a concess\u00e3o de servi\u00e7os p\u00fablicos refere-se \u00e0 <strong>delega\u00e7\u00e3o de sua presta\u00e7\u00e3o, mediante licita\u00e7\u00e3o, \u00e0 pessoa jur\u00eddica ou a cons\u00f3rcio de empresas<\/strong>.<\/p>\n\n\n\n<p>Dessa forma, cabe \u00e0 concession\u00e1ria prestar o servi\u00e7o p\u00fablico <strong>por sua conta e risco e por prazo determinado<\/strong>.<\/p>\n\n\n\n<p>Por outro lado, cabe, em regra, aos usu\u00e1rios do servi\u00e7o remunerar a concession\u00e1ria mediante o pagamento de tarifas.<\/p>\n\n\n\n<p>Pessoal, a mat\u00e9ria das concess\u00f5es p\u00fablicas possui diversas peculiaridades e \u00e9 um t\u00f3pico recorrente nas provas de concursos p\u00fablicos.<\/p>\n\n\n\n<p>Neste artigo focado no concurso do TCE MG, por sua vez, trataremos especificamente sobre a <strong><mark style=\"background-color:rgba(0, 0, 0, 0)\" class=\"has-inline-color has-vivid-purple-color\">extin\u00e7\u00e3o das concess\u00f5es, \u00e0 luz das disposi\u00e7\u00f5es do cap\u00edtulo X da Lei 8.987\/1995<\/mark><\/strong>.<\/p>\n\n\n\n<h2 class=\"wp-block-heading\" id=\"h-extincao-das-concessoes-para-o-tce-mg\"><strong><mark style=\"background-color:rgba(0, 0, 0, 0)\" class=\"has-inline-color has-vivid-cyan-blue-color\">Extin\u00e7\u00e3o das concess\u00f5es para o TCE MG<\/mark><\/strong><\/h2>\n\n\n\n<p>Conforme a Lei 8.987\/1995, existem <strong><mark style=\"background-color:rgba(0, 0, 0, 0)\" class=\"has-inline-color has-vivid-purple-color\">6 (seis) hip\u00f3teses de extin\u00e7\u00e3o das concess\u00f5es<\/mark><\/strong>, a saber:<\/p>\n\n\n\n<ul class=\"wp-block-list\">\n<li><strong><mark style=\"background-color:rgba(0, 0, 0, 0)\" class=\"has-inline-color has-vivid-purple-color\">Advento do termo contratual<\/mark><\/strong>;<\/li>\n\n\n\n<li><strong><mark style=\"background-color:rgba(0, 0, 0, 0)\" class=\"has-inline-color has-vivid-purple-color\">Encampa\u00e7\u00e3o<\/mark><\/strong>;<\/li>\n\n\n\n<li><strong><mark style=\"background-color:rgba(0, 0, 0, 0)\" class=\"has-inline-color has-vivid-purple-color\">Caducidade<\/mark><\/strong>;<\/li>\n\n\n\n<li><strong><mark style=\"background-color:rgba(0, 0, 0, 0)\" class=\"has-inline-color has-vivid-purple-color\">Rescis\u00e3o<\/mark><\/strong>;<\/li>\n\n\n\n<li><strong><mark style=\"background-color:rgba(0, 0, 0, 0)\" class=\"has-inline-color has-vivid-purple-color\">Anula\u00e7\u00e3o<\/mark><\/strong>; e,<\/li>\n\n\n\n<li><strong><mark style=\"background-color:rgba(0, 0, 0, 0)\" class=\"has-inline-color has-vivid-purple-color\">Fal\u00eancia\/extin\u00e7\u00e3o da concession\u00e1ria e falecimento\/incapacidade do titular\u00a0 de empresa individual<\/mark><\/strong>.<\/li>\n<\/ul>\n\n\n\n<p>A seguir, estudaremos, em detalhes, sobre cada uma dessas hip\u00f3teses de extin\u00e7\u00e3o das concess\u00f5es.<\/p>\n\n\n\n<h2 class=\"wp-block-heading\" id=\"h-extincao-das-concessoes-para-o-tce-mg-advento-do-termo-contratual\"><strong><mark style=\"background-color:rgba(0, 0, 0, 0)\" class=\"has-inline-color has-vivid-cyan-blue-color\">Extin\u00e7\u00e3o das concess\u00f5es para o TCE MG: advento do termo contratual<\/mark><\/strong><\/h2>\n\n\n\n<p>Em resumo, a extin\u00e7\u00e3o por advento do termo contratual ocorre quando o <strong><mark style=\"background-color:rgba(0, 0, 0, 0)\" class=\"has-inline-color has-vivid-purple-color\">contrato de concess\u00e3o atinge o seu prazo final<\/mark><\/strong>.<\/p>\n\n\n\n<p>Lembrem-se que n\u00f3s j\u00e1 falamos que os contratos de concess\u00e3o possuem prazo determinado, ok?<\/p>\n\n\n\n<p>Conforme a doutrina, essa modalidade de extin\u00e7\u00e3o, por vezes, tamb\u00e9m recebe o nome de <strong><mark style=\"background-color:rgba(0, 0, 0, 0)\" class=\"has-inline-color has-vivid-purple-color\">revers\u00e3o<\/mark><\/strong>. Isso ocorre porque <strong>nos contratos de concess\u00e3o existem bens revers\u00edveis, os quais, ao final do contrato, revertem ao poder concedente<\/strong>.<\/p>\n\n\n\n<p>Pessoal, aqui cabe uma breve explica\u00e7\u00e3o sobre os <strong><mark style=\"background-color:rgba(0, 0, 0, 0)\" class=\"has-inline-color has-vivid-green-cyan-color\">bens revers\u00edveis<\/mark><\/strong>.<\/p>\n\n\n\n<p>Ora, como as concess\u00f5es tratam de servi\u00e7os p\u00fablicos, naturalmente, ao seu final, o servi\u00e7o dever\u00e1 continuar sendo prestado, n\u00e3o \u00e9 mesmo?<\/p>\n\n\n\n<p>Por\u00e9m, salvo na hip\u00f3tese de uma nova concess\u00e3o, caber\u00e1 ao pr\u00f3prio poder concedente prest\u00e1-lo de forma direta quando n\u00e3o houver mais uma concession\u00e1ria para faz\u00ea-lo.<\/p>\n\n\n\n<p>Por isso costuma-se dizer que os bens associados \u00e0 presta\u00e7\u00e3o do servi\u00e7o revertem ao poder concedente ao final da concess\u00e3o.<\/p>\n\n\n\n<p>Por\u00e9m, <strong>existem situa\u00e7\u00f5es em que esses bens decorreram de investimentos realizados pela concession\u00e1ria e que, ao final do contrato, n\u00e3o foram totalmente amortizados<\/strong>, haja vista n\u00e3o ter havido tempo h\u00e1bil para tal.<\/p>\n\n\n\n<p>Assim, <strong>cabe ao poder p\u00fablico concedente realizar uma avalia\u00e7\u00e3o e, eventualmente, indenizar a concession\u00e1ria pelos investimentos realizados em bens recebidos em revers\u00e3o e n\u00e3o integralmente amortizados ou depreciados<\/strong>.<\/p>\n\n\n\n<h2 class=\"wp-block-heading\" id=\"h-extincao-das-concessoes-para-o-tce-mg-encampacao\"><strong><mark style=\"background-color:rgba(0, 0, 0, 0)\" class=\"has-inline-color has-vivid-cyan-blue-color\">Extin\u00e7\u00e3o das concess\u00f5es para o TCE MG: encampa\u00e7\u00e3o<\/mark><\/strong><\/h2>\n\n\n\n<p>Por outro lado, a encampa\u00e7\u00e3o refere-se \u00e0 <strong><mark style=\"background-color:rgba(0, 0, 0, 0)\" class=\"has-inline-color has-vivid-purple-color\">retomada do servi\u00e7o, pelo poder p\u00fablico, durante o prazo de vig\u00eancia do contrato, por motivo de interesse p\u00fablico<\/mark><\/strong>.<\/p>\n\n\n\n<p>Portanto, <strong>n\u00e3o houve qualquer conduta il\u00edcita por parte da concession\u00e1ria<\/strong>, mas sim o interesse p\u00fablico na extin\u00e7\u00e3o da concess\u00e3o.<\/p>\n\n\n\n<p>Todavia, a encampa\u00e7\u00e3o exige a <strong>aprova\u00e7\u00e3o de lei autorizativa espec\u00edfica<\/strong>.<\/p>\n\n\n\n<p>Ademais, faz-se <strong>necess\u00e1rio o pagamento pr\u00e9vio de indeniza\u00e7\u00e3o \u00e0 concession\u00e1ria<\/strong>, afinal, o poder concedente resolveu extinguir antecipadamente o contrato, n\u00e3o \u00e9 mesmo?<\/p>\n\n\n\n<h2 class=\"wp-block-heading\" id=\"h-extincao-das-concessoes-para-o-tce-mg-caducidade\"><strong><mark style=\"background-color:rgba(0, 0, 0, 0)\" class=\"has-inline-color has-vivid-cyan-blue-color\">Extin\u00e7\u00e3o das concess\u00f5es para o TCE MG: caducidade<\/mark><\/strong><\/h2>\n\n\n\n<p>A caducidade, por sua vez, refere-se \u00e0 <strong><mark style=\"background-color:rgba(0, 0, 0, 0)\" class=\"has-inline-color has-vivid-purple-color\">extin\u00e7\u00e3o das concess\u00f5es em decorr\u00eancia de infra\u00e7\u00f5es cometidas pela concession\u00e1ria, resultando na inexecu\u00e7\u00e3o total ou parcial do contrato<\/mark><\/strong>.<\/p>\n\n\n\n<p>Pessoal, o art. 38, \u00a71\u00b0, da Lei 8.987\/1995 estabelece um rol de condutas em que o <strong><mark style=\"background-color:rgba(0, 0, 0, 0)\" class=\"has-inline-color has-vivid-green-cyan-color\">poder p\u00fablico poder\u00e1 declarar a caducidade das concess\u00f5es<\/mark><\/strong>, a saber:<\/p>\n\n\n\n<ul class=\"wp-block-list\">\n<li>Servi\u00e7os prestados de forma <strong><mark style=\"background-color:rgba(0, 0, 0, 0)\" class=\"has-inline-color has-vivid-green-cyan-color\">inadequada ou deficiente<\/mark><\/strong>;<\/li>\n\n\n\n<li><mark style=\"background-color:rgba(0, 0, 0, 0)\" class=\"has-inline-color has-vivid-green-cyan-color\"><strong>Descumprimento<\/strong> <\/mark>de <strong><mark style=\"background-color:rgba(0, 0, 0, 0)\" class=\"has-inline-color has-vivid-green-cyan-color\">cl\u00e1usulas contratuais<\/mark><\/strong> ou <strong><mark style=\"background-color:rgba(0, 0, 0, 0)\" class=\"has-inline-color has-vivid-green-cyan-color\">disposi\u00e7\u00f5es legais\/regulamentares<\/mark><\/strong>;<\/li>\n\n\n\n<li><strong><mark style=\"background-color:rgba(0, 0, 0, 0)\" class=\"has-inline-color has-vivid-green-cyan-color\">Paralisa\u00e7\u00e3o do servi\u00e7o<\/mark><\/strong> (salvo caso fortuito e for\u00e7a maior);<\/li>\n\n\n\n<li><strong><mark style=\"background-color:rgba(0, 0, 0, 0)\" class=\"has-inline-color has-vivid-green-cyan-color\">Perda das condi\u00e7\u00f5es econ\u00f4micas, t\u00e9cnicas ou operacionais<\/mark><\/strong> da presta\u00e7\u00e3o dos servi\u00e7os;<\/li>\n\n\n\n<li><strong><mark style=\"background-color:rgba(0, 0, 0, 0)\" class=\"has-inline-color has-vivid-green-cyan-color\">N\u00e3o cumprimento das penalidades<\/mark><\/strong> impostas;<\/li>\n\n\n\n<li><strong><mark style=\"background-color:rgba(0, 0, 0, 0)\" class=\"has-inline-color has-vivid-green-cyan-color\">N\u00e3o atendimento das intima\u00e7\u00f5es<\/mark><\/strong> do poder concedente para a regulariza\u00e7\u00e3o da presta\u00e7\u00e3o do servi\u00e7o ou para apresentar, no prazo de 180 dias, documenta\u00e7\u00e3o relativa \u00e0 regularidade fiscal.<\/li>\n<\/ul>\n\n\n\n<p>Nesse contexto, a doutrina majorit\u00e1ria indica que nas hip\u00f3teses supracitadas existe <strong><mark style=\"background-color:rgba(0, 0, 0, 0)\" class=\"has-inline-color has-vivid-green-cyan-color\">discricionariedade do poder concedente<\/mark><\/strong> em rela\u00e7\u00e3o \u00e0 caducidade da concess\u00e3o.<\/p>\n\n\n\n<p>Por outro lado, a Lei 8.987\/1995 <strong><mark style=\"background-color:rgba(0, 0, 0, 0)\" class=\"has-inline-color has-vivid-red-color\">vincula a caducidade<\/mark><\/strong> quando houver a <strong><mark style=\"background-color:rgba(0, 0, 0, 0)\" class=\"has-inline-color has-vivid-red-color\">transfer\u00eancia da concess\u00e3o ou do controle social da concession\u00e1ria sem a pr\u00e9via anu\u00eancia do poder concedente<\/mark><\/strong>.<\/p>\n\n\n\n<p>Conforme a legisla\u00e7\u00e3o, a caducidade possui um <strong><mark style=\"background-color:rgba(0, 0, 0, 0)\" class=\"has-inline-color has-luminous-vivid-orange-color\">rito procedimental<\/mark><\/strong>, conforme as seguintes etapas sucessivas:<\/p>\n\n\n\n<ul class=\"wp-block-list\">\n<li><strong><mark style=\"background-color:rgba(0, 0, 0, 0)\" class=\"has-inline-color has-luminous-vivid-orange-color\">Comunica\u00e7\u00e3o \u00e0 concession\u00e1ria<\/mark><\/strong> para corre\u00e7\u00e3o das falhas verificadas;<\/li>\n\n\n\n<li>Instaura\u00e7\u00e3o de <strong><mark style=\"background-color:rgba(0, 0, 0, 0)\" class=\"has-inline-color has-luminous-vivid-orange-color\">processo administrativo<\/mark><\/strong> (caso as falhas n\u00e3o sejam corrigidas tempestivamente) com vistas a assegurar ampla defesa e contradit\u00f3rio;<\/li>\n\n\n\n<li><strong><mark style=\"background-color:rgba(0, 0, 0, 0)\" class=\"has-inline-color has-luminous-vivid-orange-color\">Declara\u00e7\u00e3o da caducidade<\/mark><\/strong> mediante <strong><mark style=\"background-color:rgba(0, 0, 0, 0)\" class=\"has-inline-color has-luminous-vivid-orange-color\">decreto do poder concedente<\/mark><\/strong>.<\/li>\n<\/ul>\n\n\n\n<p>Ademais, vale pontuar que a <strong>caducidade, diferentemente da encampa\u00e7\u00e3o, independe de pr\u00e9via indeniza\u00e7\u00e3o<\/strong>.<\/p>\n\n\n\n<p>Em resumo, o <strong>c\u00e1lculo da indeniza\u00e7\u00e3o ocorrer\u00e1 no decorrer do processo administrativo<\/strong> e, <strong>do seu valor, poder\u00e3o ser abatidas as penalidades impostas \u00e0 concession\u00e1ria<\/strong>.<\/p>\n\n\n\n<h2 class=\"wp-block-heading\" id=\"h-extincao-das-concessoes-para-o-tce-mg-rescisao\"><strong><mark style=\"background-color:rgba(0, 0, 0, 0)\" class=\"has-inline-color has-vivid-cyan-blue-color\">Extin\u00e7\u00e3o das concess\u00f5es para o TCE MG: rescis\u00e3o<\/mark><\/strong><\/h2>\n\n\n\n<p>Continuando, a rescis\u00e3o consiste na <strong><mark style=\"background-color:rgba(0, 0, 0, 0)\" class=\"has-inline-color has-vivid-purple-color\">extin\u00e7\u00e3o das concess\u00f5es em decorr\u00eancia da inadimpl\u00eancia do poder concedente<\/mark><\/strong>.<\/p>\n\n\n\n<p>Ou seja, neste caso, a conduta infrativa foi cometida pelo poder p\u00fablico e n\u00e3o pela concession\u00e1ria.<\/p>\n\n\n\n<p>Assim, n\u00e3o h\u00e1 o que se falar em extin\u00e7\u00e3o unilateral da concess\u00e3o. <strong>Na rescis\u00e3o exige-se o provimento judicial<\/strong>.<\/p>\n\n\n\n<h2 class=\"wp-block-heading\" id=\"h-extincao-das-concessoes-para-o-tce-mg-anulacao\"><strong><mark style=\"background-color:rgba(0, 0, 0, 0)\" class=\"has-inline-color has-vivid-cyan-blue-color\">Extin\u00e7\u00e3o das concess\u00f5es para o TCE MG: anula\u00e7\u00e3o<\/mark><\/strong><\/h2>\n\n\n\n<p>A anula\u00e7\u00e3o, por sua vez, decorre de uma<mark style=\"background-color:rgba(0, 0, 0, 0)\" class=\"has-inline-color has-vivid-purple-color\"> <strong>ilegalidade na forma\u00e7\u00e3o da concess\u00e3o, seja no procedimento licitat\u00f3rio ou no pr\u00f3prio contrato<\/strong><\/mark>.<\/p>\n\n\n\n<p>Dessa forma, n\u00e3o se trata de hip\u00f3tese de extin\u00e7\u00e3o decorrente de fatos supervenientes, mas da anula\u00e7\u00e3o em decorr\u00eancia de eventos anteriores.<\/p>\n\n\n\n<p>Assim, a anula\u00e7\u00e3o opera efeitos retroativos, desconstituindo a concess\u00e3o desde a sua origem.<\/p>\n\n\n\n<h2 class=\"wp-block-heading\" id=\"h-extincao-das-concessoes-para-o-tce-mg-desaparecimento-do-contratado\"><strong><mark style=\"background-color:rgba(0, 0, 0, 0)\" class=\"has-inline-color has-vivid-cyan-blue-color\">Extin\u00e7\u00e3o das concess\u00f5es para o TCE MG: desaparecimento do contratado<\/mark><\/strong><\/h2>\n\n\n\n<p>Pessoal, a \u00faltima hip\u00f3tese de extin\u00e7\u00e3o prevista na Lei 8.987\/1995 refere-se \u00e0 <strong><mark style=\"background-color:rgba(0, 0, 0, 0)\" class=\"has-inline-color has-vivid-purple-color\">fal\u00eancia\/extin\u00e7\u00e3o da concession\u00e1ria e ao falecimento\/incapacidade do titular de empresa individual<\/mark><\/strong>.<\/p>\n\n\n\n<p>Portanto, trata-se de situa\u00e7\u00f5es em que ocorre o desaparecimento da concession\u00e1ria, o que impede a continuidade do contrato em decorr\u00eancia da sua <strong>natureza <em>intuitu personae<\/em><\/strong>.<\/p>\n\n\n\n<h2 class=\"wp-block-heading\" id=\"h-conclusao\"><strong><mark style=\"background-color:rgba(0, 0, 0, 0)\" class=\"has-inline-color has-vivid-cyan-blue-color\">Conclus\u00e3o<\/mark><\/strong><\/h2>\n\n\n\n<p>Amigos, finalizamos aqui este resumo sobre a extin\u00e7\u00e3o das concess\u00f5es para o concurso do Tribunal de Contas do Estado de Minas Gerais (TCE MG).<\/p>\n\n\n\n<p>Espero que tenham gostado deste conte\u00fado.<\/p>\n\n\n\n<p>Nos encontramos no pr\u00f3ximo artigo.<\/p>\n\n\n\n<p>Grande abra\u00e7o.<\/p>\n\n\n\n<p><strong>Rafael Chaves<\/strong><\/p>\n\n\n\n<p class=\"has-text-align-center has-pale-cyan-blue-background-color has-background has-medium-font-size\"><strong>Saiba mais: <a href=\"https:\/\/www.estrategiaconcursos.com.br\/blog\/concurso-tce-mg\/#indice\" target=\"_blank\" rel=\"noreferrer noopener\">TGE MG<\/a><\/strong><\/p>\n\n\n\n<h2 class=\"wp-block-heading has-text-align-center\" id=\"h-quer-saber-tudo-sobre-concursos-previstos-confira-nossos-artigos\">Quer saber tudo sobre concursos previstos?<br \/>Confira nossos artigos!<\/h2>\n\n\n\n<p class=\"has-text-align-center has-pale-cyan-blue-background-color has-background has-medium-font-size\"><a href=\"https:\/\/www.estrategiaconcursos.com.br\/blog\/concursos-abertos\/\" target=\"_blank\" rel=\"noreferrer noopener\">Concursos abertos<\/a><\/p>\n\n\n\n<p class=\"has-text-align-center has-pale-cyan-blue-background-color has-background has-medium-font-size\"><a href=\"https:\/\/www.estrategiaconcursos.com.br\/blog\/concursos-2025\/#\" target=\"_blank\" rel=\"noreferrer noopener\">Concursos 2025<\/a><\/p>\n\n\n\n<p class=\"has-text-align-center has-pale-cyan-blue-background-color has-background has-medium-font-size\"><a href=\"https:\/\/www.estrategiaconcursos.com.br\/blog\/concursos-2026\/#\" target=\"_blank\" rel=\"noreferrer noopener\">Concursos 2026<\/a><\/p>\n","protected":false},"excerpt":{"rendered":"<p>Ol\u00e1, pessoal, tudo bem? Estudaremos hoje sobre a extin\u00e7\u00e3o das concess\u00f5es, \u00e0 luz da Lei 8.987, para o concurso do Tribunal de Contas do Estado de Minas Gerais (TCE MG). Bons estudos! Introdu\u00e7\u00e3o Conforme a Lei 8.987\/1995, a concess\u00e3o de servi\u00e7os p\u00fablicos refere-se \u00e0 delega\u00e7\u00e3o de sua presta\u00e7\u00e3o, mediante licita\u00e7\u00e3o, \u00e0 pessoa jur\u00eddica ou a [&hellip;]<\/p>\n","protected":false},"author":2261,"featured_media":1185014,"comment_status":"open","ping_status":"closed","sticky":false,"template":"","format":"standard","meta":{"post_tipo":"article","footnotes":""},"categories":[1,214710],"tags":[],"tax_estado":[219974],"class_list":["post-1680101","post","type-post","status-publish","format-standard","has-post-thumbnail","hentry","category-cursos-e-concursos","category-tribunais-de-contas","tax_estado-mg"],"acf":[],"yoast_head":"<!-- This site is optimized with the Yoast SEO Premium plugin v27.2 (Yoast SEO v27.2) - https:\/\/yoast.com\/product\/yoast-seo-premium-wordpress\/ -->\n<title>Extin\u00e7\u00e3o das concess\u00f5es: t\u00f3picos da Lei 8.987 para o TCE MG<\/title>\n<meta name=\"description\" content=\"Aprenda o que \u00e9 mais importante sobre a extin\u00e7\u00e3o das concess\u00f5es, \u00e0 luz da Lei 8.987, para o concurso do TCE MG.\" \/>\n<meta name=\"robots\" content=\"index, follow, max-snippet:-1, max-image-preview:large, max-video-preview:-1\" \/>\n<link rel=\"canonical\" href=\"https:\/\/www.estrategiaconcursos.com.br\/blog\/extincao-concessoes-tce-mg\/\" \/>\n<meta property=\"og:locale\" content=\"pt_BR\" \/>\n<meta property=\"og:type\" content=\"article\" \/>\n<meta property=\"og:title\" content=\"Extin\u00e7\u00e3o das concess\u00f5es: t\u00f3picos da Lei 8.987 para o TCE MG\" \/>\n<meta property=\"og:description\" content=\"Aprenda o que \u00e9 mais importante sobre a extin\u00e7\u00e3o das concess\u00f5es, \u00e0 luz da Lei 8.987, para o concurso do TCE MG.\" \/>\n<meta property=\"og:url\" content=\"https:\/\/www.estrategiaconcursos.com.br\/blog\/extincao-concessoes-tce-mg\/\" \/>\n<meta property=\"og:site_name\" content=\"Estrat\u00e9gia Concursos\" \/>\n<meta property=\"article:published_time\" content=\"2025-12-23T11:44:00+00:00\" \/>\n<meta property=\"og:image\" content=\"https:\/\/dhg1h5j42swfq.cloudfront.net\/2023\/03\/10164823\/tce-mg.jpg\" \/>\n\t<meta property=\"og:image:width\" content=\"768\" \/>\n\t<meta property=\"og:image:height\" content=\"432\" \/>\n\t<meta property=\"og:image:type\" content=\"image\/jpeg\" \/>\n<meta name=\"author\" content=\"Rafael Ferreira Chaves\" \/>\n<meta name=\"twitter:card\" content=\"summary_large_image\" \/>\n<meta name=\"twitter:creator\" content=\"@EstratConcursos\" \/>\n<meta name=\"twitter:site\" content=\"@EstratConcursos\" \/>\n<meta name=\"twitter:label1\" content=\"Escrito por\" \/>\n\t<meta name=\"twitter:data1\" content=\"Rafael Ferreira Chaves\" \/>\n\t<meta name=\"twitter:label2\" content=\"Est. tempo de leitura\" \/>\n\t<meta name=\"twitter:data2\" content=\"6 minutos\" \/>\n<script type=\"application\/ld+json\" class=\"yoast-schema-graph\">{\"@context\":\"https:\/\/schema.org\",\"@graph\":[{\"@type\":\"NewsArticle\",\"@id\":\"https:\/\/www.estrategiaconcursos.com.br\/blog\/extincao-concessoes-tce-mg\/#article\",\"isPartOf\":{\"@id\":\"https:\/\/www.estrategiaconcursos.com.br\/blog\/extincao-concessoes-tce-mg\/\"},\"author\":{\"name\":\"Rafael Ferreira Chaves\",\"@id\":\"https:\/\/www.estrategiaconcursos.com.br\/blog\/#\/schema\/person\/545cce8f1c81268ec2ca202a954284e1\"},\"headline\":\"Extin\u00e7\u00e3o das concess\u00f5es: t\u00f3picos da Lei 8.987 para o TCE MG\",\"datePublished\":\"2025-12-23T11:44:00+00:00\",\"mainEntityOfPage\":{\"@id\":\"https:\/\/www.estrategiaconcursos.com.br\/blog\/extincao-concessoes-tce-mg\/\"},\"wordCount\":1180,\"commentCount\":0,\"publisher\":{\"@id\":\"https:\/\/www.estrategiaconcursos.com.br\/blog\/#organization\"},\"image\":{\"@id\":\"https:\/\/www.estrategiaconcursos.com.br\/blog\/extincao-concessoes-tce-mg\/#primaryimage\"},\"thumbnailUrl\":\"https:\/\/dhg1h5j42swfq.cloudfront.net\/2023\/03\/10164823\/tce-mg.jpg\",\"articleSection\":[\"Concursos P\u00fablicos\",\"Tribunais de Contas (TCU, TCE, TCM)\"],\"inLanguage\":\"pt-BR\",\"potentialAction\":[{\"@type\":\"CommentAction\",\"name\":\"Comment\",\"target\":[\"https:\/\/www.estrategiaconcursos.com.br\/blog\/extincao-concessoes-tce-mg\/#respond\"]}],\"copyrightYear\":\"2025\",\"copyrightHolder\":{\"@id\":\"https:\/\/www.estrategiaconcursos.com.br\/blog\/#organization\"}},{\"@type\":\"WebPage\",\"@id\":\"https:\/\/www.estrategiaconcursos.com.br\/blog\/extincao-concessoes-tce-mg\/\",\"url\":\"https:\/\/www.estrategiaconcursos.com.br\/blog\/extincao-concessoes-tce-mg\/\",\"name\":\"Extin\u00e7\u00e3o das concess\u00f5es: t\u00f3picos da Lei 8.987 para o TCE MG\",\"isPartOf\":{\"@id\":\"https:\/\/www.estrategiaconcursos.com.br\/blog\/#website\"},\"primaryImageOfPage\":{\"@id\":\"https:\/\/www.estrategiaconcursos.com.br\/blog\/extincao-concessoes-tce-mg\/#primaryimage\"},\"image\":{\"@id\":\"https:\/\/www.estrategiaconcursos.com.br\/blog\/extincao-concessoes-tce-mg\/#primaryimage\"},\"thumbnailUrl\":\"https:\/\/dhg1h5j42swfq.cloudfront.net\/2023\/03\/10164823\/tce-mg.jpg\",\"datePublished\":\"2025-12-23T11:44:00+00:00\",\"description\":\"Aprenda o que \u00e9 mais importante sobre a extin\u00e7\u00e3o das concess\u00f5es, \u00e0 luz da Lei 8.987, para o concurso do TCE MG.\",\"breadcrumb\":{\"@id\":\"https:\/\/www.estrategiaconcursos.com.br\/blog\/extincao-concessoes-tce-mg\/#breadcrumb\"},\"inLanguage\":\"pt-BR\",\"potentialAction\":[{\"@type\":\"ReadAction\",\"target\":[\"https:\/\/www.estrategiaconcursos.com.br\/blog\/extincao-concessoes-tce-mg\/\"]}]},{\"@type\":\"ImageObject\",\"inLanguage\":\"pt-BR\",\"@id\":\"https:\/\/www.estrategiaconcursos.com.br\/blog\/extincao-concessoes-tce-mg\/#primaryimage\",\"url\":\"https:\/\/dhg1h5j42swfq.cloudfront.net\/2023\/03\/10164823\/tce-mg.jpg\",\"contentUrl\":\"https:\/\/dhg1h5j42swfq.cloudfront.net\/2023\/03\/10164823\/tce-mg.jpg\",\"width\":768,\"height\":432,\"caption\":\"Inscri\u00e7\u00f5es ABERTAS para o concurso TCE MG\"},{\"@type\":\"BreadcrumbList\",\"@id\":\"https:\/\/www.estrategiaconcursos.com.br\/blog\/extincao-concessoes-tce-mg\/#breadcrumb\",\"itemListElement\":[{\"@type\":\"ListItem\",\"position\":1,\"name\":\"In\u00edcio\",\"item\":\"https:\/\/www.estrategiaconcursos.com.br\/blog\/\"},{\"@type\":\"ListItem\",\"position\":2,\"name\":\"Extin\u00e7\u00e3o das concess\u00f5es: t\u00f3picos da Lei 8.987 para o TCE MG\"}]},{\"@type\":\"WebSite\",\"@id\":\"https:\/\/www.estrategiaconcursos.com.br\/blog\/#website\",\"url\":\"https:\/\/www.estrategiaconcursos.com.br\/blog\/\",\"name\":\"Estrat\u00e9gia Concursos\",\"description\":\"O blog da Estrat\u00e9gia Concursos traz not\u00edcias sobre concursos e artigos de professores oferecendo cursos para concursos (pdf + videaulas) no site.\",\"publisher\":{\"@id\":\"https:\/\/www.estrategiaconcursos.com.br\/blog\/#organization\"},\"potentialAction\":[{\"@type\":\"SearchAction\",\"target\":{\"@type\":\"EntryPoint\",\"urlTemplate\":\"https:\/\/www.estrategiaconcursos.com.br\/blog\/?s={search_term_string}\"},\"query-input\":{\"@type\":\"PropertyValueSpecification\",\"valueRequired\":true,\"valueName\":\"search_term_string\"}}],\"inLanguage\":\"pt-BR\"},{\"@type\":\"Organization\",\"@id\":\"https:\/\/www.estrategiaconcursos.com.br\/blog\/#organization\",\"name\":\"Estrat\u00e9gia Concursos\",\"url\":\"https:\/\/www.estrategiaconcursos.com.br\/blog\/\",\"logo\":{\"@type\":\"ImageObject\",\"inLanguage\":\"pt-BR\",\"@id\":\"https:\/\/www.estrategiaconcursos.com.br\/blog\/#\/schema\/logo\/image\/\",\"url\":\"https:\/\/dhg1h5j42swfq.cloudfront.net\/2025\/06\/03203428\/logo_concursos-1.jpg\",\"contentUrl\":\"https:\/\/dhg1h5j42swfq.cloudfront.net\/2025\/06\/03203428\/logo_concursos-1.jpg\",\"width\":230,\"height\":60,\"caption\":\"Estrat\u00e9gia Concursos\"},\"image\":{\"@id\":\"https:\/\/www.estrategiaconcursos.com.br\/blog\/#\/schema\/logo\/image\/\"},\"sameAs\":[\"https:\/\/x.com\/EstratConcursos\"]},{\"@type\":\"Person\",\"@id\":\"https:\/\/www.estrategiaconcursos.com.br\/blog\/#\/schema\/person\/545cce8f1c81268ec2ca202a954284e1\",\"name\":\"Rafael Ferreira Chaves\",\"image\":{\"@type\":\"ImageObject\",\"inLanguage\":\"pt-BR\",\"@id\":\"https:\/\/secure.gravatar.com\/avatar\/7d43172b7c8451a76fe991e14bf7b661f56fcd3e9d8f44dcd92c997cfaf1286f?s=96&d=mm&r=g\",\"url\":\"https:\/\/secure.gravatar.com\/avatar\/7d43172b7c8451a76fe991e14bf7b661f56fcd3e9d8f44dcd92c997cfaf1286f?s=96&d=mm&r=g\",\"contentUrl\":\"https:\/\/secure.gravatar.com\/avatar\/7d43172b7c8451a76fe991e14bf7b661f56fcd3e9d8f44dcd92c997cfaf1286f?s=96&d=mm&r=g\",\"caption\":\"Rafael Ferreira Chaves\"},\"description\":\"Engenheiro Civil formado pela Universidade Federal do Piau\u00ed - UFPI. Especialista em Engenharia Ambiental e Saneamento B\u00e1sico pela Faculdade Est\u00e1cio. Atualmente exerce o cargo de Auditor de Controle Externo do TCE\/AM. Aprovado e nomeado nos seguintes concursos: ARSETE\/PMT (1\u00ba lugar - Analista de Regula\u00e7\u00e3o - Eng. Civil), Prefeitura de Campinas\/SP (Eng. Civil) , CODEVASF (Analista de Desenvolvimento Regional - Eng. Civil), TCE\/AM (2\u00ba lugar - Auditor de Controle Externo - Obras P\u00fablicas \/ 14\u00ba lugar - Auditor de Controle Externo - Auditoria Governamental), TCE\/TO (2\u00ba lugar - Auditor de Controle Externo - Eng. Civil), TCE GO (Analista de Controle Externo - Controle Externo).\",\"url\":\"https:\/\/www.estrategiaconcursos.com.br\/blog\/author\/fchaves01gmail-com\/\"}]}<\/script>\n<!-- \/ Yoast SEO Premium plugin. -->","yoast_head_json":{"title":"Extin\u00e7\u00e3o das concess\u00f5es: t\u00f3picos da Lei 8.987 para o TCE MG","description":"Aprenda o que \u00e9 mais importante sobre a extin\u00e7\u00e3o das concess\u00f5es, \u00e0 luz da Lei 8.987, para o concurso do TCE MG.","robots":{"index":"index","follow":"follow","max-snippet":"max-snippet:-1","max-image-preview":"max-image-preview:large","max-video-preview":"max-video-preview:-1"},"canonical":"https:\/\/www.estrategiaconcursos.com.br\/blog\/extincao-concessoes-tce-mg\/","og_locale":"pt_BR","og_type":"article","og_title":"Extin\u00e7\u00e3o das concess\u00f5es: t\u00f3picos da Lei 8.987 para o TCE MG","og_description":"Aprenda o que \u00e9 mais importante sobre a extin\u00e7\u00e3o das concess\u00f5es, \u00e0 luz da Lei 8.987, para o concurso do TCE MG.","og_url":"https:\/\/www.estrategiaconcursos.com.br\/blog\/extincao-concessoes-tce-mg\/","og_site_name":"Estrat\u00e9gia Concursos","article_published_time":"2025-12-23T11:44:00+00:00","og_image":[{"width":768,"height":432,"url":"https:\/\/dhg1h5j42swfq.cloudfront.net\/2023\/03\/10164823\/tce-mg.jpg","type":"image\/jpeg"}],"author":"Rafael Ferreira Chaves","twitter_card":"summary_large_image","twitter_creator":"@EstratConcursos","twitter_site":"@EstratConcursos","twitter_misc":{"Escrito por":"Rafael Ferreira Chaves","Est. tempo de leitura":"6 minutos"},"schema":{"@context":"https:\/\/schema.org","@graph":[{"@type":"NewsArticle","@id":"https:\/\/www.estrategiaconcursos.com.br\/blog\/extincao-concessoes-tce-mg\/#article","isPartOf":{"@id":"https:\/\/www.estrategiaconcursos.com.br\/blog\/extincao-concessoes-tce-mg\/"},"author":{"name":"Rafael Ferreira Chaves","@id":"https:\/\/www.estrategiaconcursos.com.br\/blog\/#\/schema\/person\/545cce8f1c81268ec2ca202a954284e1"},"headline":"Extin\u00e7\u00e3o das concess\u00f5es: t\u00f3picos da Lei 8.987 para o TCE MG","datePublished":"2025-12-23T11:44:00+00:00","mainEntityOfPage":{"@id":"https:\/\/www.estrategiaconcursos.com.br\/blog\/extincao-concessoes-tce-mg\/"},"wordCount":1180,"commentCount":0,"publisher":{"@id":"https:\/\/www.estrategiaconcursos.com.br\/blog\/#organization"},"image":{"@id":"https:\/\/www.estrategiaconcursos.com.br\/blog\/extincao-concessoes-tce-mg\/#primaryimage"},"thumbnailUrl":"https:\/\/dhg1h5j42swfq.cloudfront.net\/2023\/03\/10164823\/tce-mg.jpg","articleSection":["Concursos P\u00fablicos","Tribunais de Contas (TCU, TCE, TCM)"],"inLanguage":"pt-BR","potentialAction":[{"@type":"CommentAction","name":"Comment","target":["https:\/\/www.estrategiaconcursos.com.br\/blog\/extincao-concessoes-tce-mg\/#respond"]}],"copyrightYear":"2025","copyrightHolder":{"@id":"https:\/\/www.estrategiaconcursos.com.br\/blog\/#organization"}},{"@type":"WebPage","@id":"https:\/\/www.estrategiaconcursos.com.br\/blog\/extincao-concessoes-tce-mg\/","url":"https:\/\/www.estrategiaconcursos.com.br\/blog\/extincao-concessoes-tce-mg\/","name":"Extin\u00e7\u00e3o das concess\u00f5es: t\u00f3picos da Lei 8.987 para o TCE MG","isPartOf":{"@id":"https:\/\/www.estrategiaconcursos.com.br\/blog\/#website"},"primaryImageOfPage":{"@id":"https:\/\/www.estrategiaconcursos.com.br\/blog\/extincao-concessoes-tce-mg\/#primaryimage"},"image":{"@id":"https:\/\/www.estrategiaconcursos.com.br\/blog\/extincao-concessoes-tce-mg\/#primaryimage"},"thumbnailUrl":"https:\/\/dhg1h5j42swfq.cloudfront.net\/2023\/03\/10164823\/tce-mg.jpg","datePublished":"2025-12-23T11:44:00+00:00","description":"Aprenda o que \u00e9 mais importante sobre a extin\u00e7\u00e3o das concess\u00f5es, \u00e0 luz da Lei 8.987, para o concurso do TCE MG.","breadcrumb":{"@id":"https:\/\/www.estrategiaconcursos.com.br\/blog\/extincao-concessoes-tce-mg\/#breadcrumb"},"inLanguage":"pt-BR","potentialAction":[{"@type":"ReadAction","target":["https:\/\/www.estrategiaconcursos.com.br\/blog\/extincao-concessoes-tce-mg\/"]}]},{"@type":"ImageObject","inLanguage":"pt-BR","@id":"https:\/\/www.estrategiaconcursos.com.br\/blog\/extincao-concessoes-tce-mg\/#primaryimage","url":"https:\/\/dhg1h5j42swfq.cloudfront.net\/2023\/03\/10164823\/tce-mg.jpg","contentUrl":"https:\/\/dhg1h5j42swfq.cloudfront.net\/2023\/03\/10164823\/tce-mg.jpg","width":768,"height":432,"caption":"Inscri\u00e7\u00f5es ABERTAS para o concurso TCE MG"},{"@type":"BreadcrumbList","@id":"https:\/\/www.estrategiaconcursos.com.br\/blog\/extincao-concessoes-tce-mg\/#breadcrumb","itemListElement":[{"@type":"ListItem","position":1,"name":"In\u00edcio","item":"https:\/\/www.estrategiaconcursos.com.br\/blog\/"},{"@type":"ListItem","position":2,"name":"Extin\u00e7\u00e3o das concess\u00f5es: t\u00f3picos da Lei 8.987 para o TCE MG"}]},{"@type":"WebSite","@id":"https:\/\/www.estrategiaconcursos.com.br\/blog\/#website","url":"https:\/\/www.estrategiaconcursos.com.br\/blog\/","name":"Estrat\u00e9gia Concursos","description":"O blog da Estrat\u00e9gia Concursos traz not\u00edcias sobre concursos e artigos de professores oferecendo cursos para concursos (pdf + videaulas) no site.","publisher":{"@id":"https:\/\/www.estrategiaconcursos.com.br\/blog\/#organization"},"potentialAction":[{"@type":"SearchAction","target":{"@type":"EntryPoint","urlTemplate":"https:\/\/www.estrategiaconcursos.com.br\/blog\/?s={search_term_string}"},"query-input":{"@type":"PropertyValueSpecification","valueRequired":true,"valueName":"search_term_string"}}],"inLanguage":"pt-BR"},{"@type":"Organization","@id":"https:\/\/www.estrategiaconcursos.com.br\/blog\/#organization","name":"Estrat\u00e9gia Concursos","url":"https:\/\/www.estrategiaconcursos.com.br\/blog\/","logo":{"@type":"ImageObject","inLanguage":"pt-BR","@id":"https:\/\/www.estrategiaconcursos.com.br\/blog\/#\/schema\/logo\/image\/","url":"https:\/\/dhg1h5j42swfq.cloudfront.net\/2025\/06\/03203428\/logo_concursos-1.jpg","contentUrl":"https:\/\/dhg1h5j42swfq.cloudfront.net\/2025\/06\/03203428\/logo_concursos-1.jpg","width":230,"height":60,"caption":"Estrat\u00e9gia Concursos"},"image":{"@id":"https:\/\/www.estrategiaconcursos.com.br\/blog\/#\/schema\/logo\/image\/"},"sameAs":["https:\/\/x.com\/EstratConcursos"]},{"@type":"Person","@id":"https:\/\/www.estrategiaconcursos.com.br\/blog\/#\/schema\/person\/545cce8f1c81268ec2ca202a954284e1","name":"Rafael Ferreira Chaves","image":{"@type":"ImageObject","inLanguage":"pt-BR","@id":"https:\/\/secure.gravatar.com\/avatar\/7d43172b7c8451a76fe991e14bf7b661f56fcd3e9d8f44dcd92c997cfaf1286f?s=96&d=mm&r=g","url":"https:\/\/secure.gravatar.com\/avatar\/7d43172b7c8451a76fe991e14bf7b661f56fcd3e9d8f44dcd92c997cfaf1286f?s=96&d=mm&r=g","contentUrl":"https:\/\/secure.gravatar.com\/avatar\/7d43172b7c8451a76fe991e14bf7b661f56fcd3e9d8f44dcd92c997cfaf1286f?s=96&d=mm&r=g","caption":"Rafael Ferreira Chaves"},"description":"Engenheiro Civil formado pela Universidade Federal do Piau\u00ed - UFPI. Especialista em Engenharia Ambiental e Saneamento B\u00e1sico pela Faculdade Est\u00e1cio. Atualmente exerce o cargo de Auditor de Controle Externo do TCE\/AM. Aprovado e nomeado nos seguintes concursos: ARSETE\/PMT (1\u00ba lugar - Analista de Regula\u00e7\u00e3o - Eng. Civil), Prefeitura de Campinas\/SP (Eng. Civil) , CODEVASF (Analista de Desenvolvimento Regional - Eng. Civil), TCE\/AM (2\u00ba lugar - Auditor de Controle Externo - Obras P\u00fablicas \/ 14\u00ba lugar - Auditor de Controle Externo - Auditoria Governamental), TCE\/TO (2\u00ba lugar - Auditor de Controle Externo - Eng. Civil), TCE GO (Analista de Controle Externo - Controle Externo).","url":"https:\/\/www.estrategiaconcursos.com.br\/blog\/author\/fchaves01gmail-com\/"}]}},"_links":{"self":[{"href":"https:\/\/www.estrategiaconcursos.com.br\/blog\/wp-json\/wp\/v2\/posts\/1680101","targetHints":{"allow":["GET"]}}],"collection":[{"href":"https:\/\/www.estrategiaconcursos.com.br\/blog\/wp-json\/wp\/v2\/posts"}],"about":[{"href":"https:\/\/www.estrategiaconcursos.com.br\/blog\/wp-json\/wp\/v2\/types\/post"}],"author":[{"embeddable":true,"href":"https:\/\/www.estrategiaconcursos.com.br\/blog\/wp-json\/wp\/v2\/users\/2261"}],"replies":[{"embeddable":true,"href":"https:\/\/www.estrategiaconcursos.com.br\/blog\/wp-json\/wp\/v2\/comments?post=1680101"}],"version-history":[{"count":3,"href":"https:\/\/www.estrategiaconcursos.com.br\/blog\/wp-json\/wp\/v2\/posts\/1680101\/revisions"}],"predecessor-version":[{"id":1680454,"href":"https:\/\/www.estrategiaconcursos.com.br\/blog\/wp-json\/wp\/v2\/posts\/1680101\/revisions\/1680454"}],"wp:featuredmedia":[{"embeddable":true,"href":"https:\/\/www.estrategiaconcursos.com.br\/blog\/wp-json\/wp\/v2\/media\/1185014"}],"wp:attachment":[{"href":"https:\/\/www.estrategiaconcursos.com.br\/blog\/wp-json\/wp\/v2\/media?parent=1680101"}],"wp:term":[{"taxonomy":"category","embeddable":true,"href":"https:\/\/www.estrategiaconcursos.com.br\/blog\/wp-json\/wp\/v2\/categories?post=1680101"},{"taxonomy":"post_tag","embeddable":true,"href":"https:\/\/www.estrategiaconcursos.com.br\/blog\/wp-json\/wp\/v2\/tags?post=1680101"},{"taxonomy":"tax_estado","embeddable":true,"href":"https:\/\/www.estrategiaconcursos.com.br\/blog\/wp-json\/wp\/v2\/tax_estado?post=1680101"}],"curies":[{"name":"wp","href":"https:\/\/api.w.org\/{rel}","templated":true}]}}