{"id":167920,"date":"2019-02-25T11:17:50","date_gmt":"2019-02-25T14:17:50","guid":{"rendered":"https:\/\/www.estrategiaconcursos.com.br\/blog\/?p=167920"},"modified":"2023-03-14T10:21:56","modified_gmt":"2023-03-14T13:21:56","slug":"estabilidade-dos-servidores-publicos-em-extincao-saiba-mais","status":"publish","type":"post","link":"https:\/\/www.estrategiaconcursos.com.br\/blog\/estabilidade-dos-servidores-publicos-em-extincao-saiba-mais\/","title":{"rendered":"Estabilidade dos servidores p\u00fablicos em extin\u00e7\u00e3o? Saiba mais."},"content":{"rendered":"\n<p>Nesses \u00faltimos dias, a m\u00eddia esteve reportando que o presidente da C\u00e2mara dos Deputados, Rodrigo Maia, teria efetuado declara\u00e7\u00f5es no sentido de defender o fim da estabilidade dos servidores p\u00fablicos.<\/p>\n\n\n\n<p>Inclusive, Maia teria afirmado que, em sua gest\u00e3o naquela Casa Legislativa, um novo concurso p\u00fablico s\u00f3 ocorreria com o fim da estabilidade no servi\u00e7o p\u00fablico.<\/p>\n\n\n\n<p>Sa\u00edram not\u00edcias, inclusive, relatando a exist\u00eancia de um projeto de lei (PL) que acabaria com a estabilidade no servi\u00e7o p\u00fablico.<\/p>\n\n\n\n<p>Nesse cen\u00e1rio, v\u00e1rios concurseiros ficaram cheios de d\u00favidas: <a href=\"https:\/\/youtu.be\/dH66h0XkHSU\" target=\"_blank\" rel=\"noreferrer noopener\">ser\u00e1 que a estabilidade vai acabar mesmo?<\/a>\u00a0<\/p>\n\n\n\n<p>Al\u00e9m disso, seria poss\u00edvel acabar com a estabilidade por meio de uma lei?<\/p>\n\n\n\n<p>Seria a estabilidade um grande privil\u00e9gio dos servidores p\u00fablicos?<\/p>\n\n\n\n<p>A ideia do presente artigo \u00e9 esclarecer um pouco alguns pontos sobre o tema.<\/p>\n\n\n\n<p>Bom, as regras sobre a estabilidade dos servidores p\u00fablicos est\u00e3o previstas precipuamente no art. 41 da Constitui\u00e7\u00e3o Federal, nos seguintes termos:<\/p>\n\n\n\n<p class=\"has-vivid-red-color has-text-color\">Art. 41. S\u00e3o est\u00e1veis ap\u00f3s tr\u00eas anos de efetivo exerc\u00edcio os servidores nomeados para cargo de provimento efetivo em virtude de concurso p\u00fablico.<\/p>\n\n\n\n<p class=\"has-vivid-red-color has-text-color\">\u00a7 1\u00ba O servidor p\u00fablico est\u00e1vel s\u00f3 perder\u00e1 o cargo:<\/p>\n\n\n\n<p class=\"has-vivid-red-color has-text-color\">I &#8211; em virtude de senten\u00e7a judicial transitada em julgado;<\/p>\n\n\n\n<p class=\"has-vivid-red-color has-text-color\">II &#8211; mediante processo administrativo em que lhe seja assegurada ampla defesa;<\/p>\n\n\n\n<p class=\"has-vivid-red-color has-text-color\">III &#8211; mediante procedimento de avalia\u00e7\u00e3o peri\u00f3dica de desempenho, na forma de lei complementar, assegurada ampla defesa.<\/p>\n\n\n\n<p class=\"has-vivid-red-color has-text-color\">\u00a7 2\u00ba Invalidada por senten\u00e7a judicial a demiss\u00e3o do servidor est\u00e1vel, ser\u00e1 ele reintegrado, e o eventual ocupante da vaga, se est\u00e1vel, reconduzido ao cargo de origem, sem direito a indeniza\u00e7\u00e3o, aproveitado em outro cargo ou posto em disponibilidade com remunera\u00e7\u00e3o proporcional ao tempo de servi\u00e7o.<\/p>\n\n\n\n<p class=\"has-vivid-red-color has-text-color\">\u00a7 3\u00ba Extinto o cargo ou declarada a sua desnecessidade, o servidor est\u00e1vel ficar\u00e1 em disponibilidade, com remunera\u00e7\u00e3o proporcional ao tempo de servi\u00e7o, at\u00e9 seu adequado aproveitamento em outro cargo.<\/p>\n\n\n\n<p class=\"has-vivid-red-color has-text-color\">\u00a7 4\u00ba Como condi\u00e7\u00e3o para a aquisi\u00e7\u00e3o da estabilidade, \u00e9 obrigat\u00f3ria a avalia\u00e7\u00e3o especial de desempenho por comiss\u00e3o institu\u00edda para essa finalidade.<\/p>\n\n\n\n<p>Assim, com base na leitura dos dispositivos transcritos, \u00e9 poss\u00edvel perceber que a estabilidade acaba assegurando ao servidor p\u00fablico uma certa perman\u00eancia no servi\u00e7o p\u00fablico, j\u00e1 que s\u00f3 poder\u00e1 perder seu cargo nas hip\u00f3teses previstas na CF.<\/p>\n\n\n\n<p>Al\u00e9m disso, os \u00a7\u00a7 2\u00ba e 3\u00ba preveem dois direitos decorrentes da estabilidade:<\/p>\n\n\n\n<p>a) direito \u00e0 reintegra\u00e7\u00e3o (reingressso do servidor que teve sua demiss\u00e3o invalidada judicialmente); e<\/p>\n\n\n\n<p>b) direito \u00e0 disponibilidade (garantia de inatividade remunerada, no caso de extin\u00e7\u00e3o do cargo ou de declara\u00e7\u00e3o de sua desnecessidade).<\/p>\n\n\n\n<p>Ap\u00f3s tecer essas breves explana\u00e7\u00f5es, j\u00e1 \u00e9 poss\u00edvel sanar uma das d\u00favidas de muita gente: n\u00e3o \u00e9 poss\u00edvel acabar com a estabilidade por meio de lei ordin\u00e1ria, tampouco por meio de lei complementar, mas somente por meio de emenda \u00e0 Constitui\u00e7\u00e3o Federal, j\u00e1 que o instituto da estabilidade est\u00e1 previsto na nossa Carta Magna.<\/p>\n\n\n\n<p>Isso analisando apenas sob o ponto de vista formal, j\u00e1 que certamente o STF seria levado a apreciar a possibilidade da extin\u00e7\u00e3o da estabilidade sob o ponto vista material, caso uma emenda constitucional nesse sentido fosse aprovada ou uma PEC nessa dire\u00e7\u00e3o estivesse em vias de aprova\u00e7\u00e3o.<\/p>\n\n\n\n<p><strong>&#8211; T\u00falio, mas e o projeto de lei amplamente mencionado pela imprensa, que j\u00e1 teria sido, inclusive, aprovado por comiss\u00e3o do Senado Federal?<\/strong><\/p>\n\n\n\n<p>Pessoal, trata-se, na verdade, do projeto de Lei (Complementar) do Senado \u2013 PLS 116\/2017, que prev\u00ea a perda do cargo do servidor est\u00e1vel que apresenta insufici\u00eancia de desempenho.<\/p>\n\n\n\n<p>A ideia da referida Lei \u00e9 regulamentar justamente a possibilidade de perda do cargo do servidor est\u00e1vel mediante avalia\u00e7\u00e3o peri\u00f3dica prevista no art. 41, \u00a7 1\u00ba, III, da CF (transcrito acima).<\/p>\n\n\n\n<p>Vejam, portanto, que n\u00e3o se trata de fim da estabilidade do servidor p\u00fablico, mas de perda de cargo de servidor est\u00e1vel por hip\u00f3tese prevista constitucionalmente!<\/p>\n\n\n\n<p>Percebam que, n\u00e3o raro, as not\u00edcias divulgadas pela imprensa d\u00e3o a entender que a estabilidade impediria que o servidor p\u00fablico perca seu cargo, mas isso n\u00e3o \u00e9 verdade!<\/p>\n\n\n\n<p><strong>Servidor p\u00fablico est\u00e1vel pode perder o cargo, sim, como vimos!<\/strong><\/p>\n\n\n\n<p>Na verdade, al\u00e9m das hip\u00f3teses de perda previstas no art. 41, \u00a7 1\u00ba, I a III, da CF, h\u00e1 ainda outra hip\u00f3tese que permite a perda do cargo por parte do servidor est\u00e1vel, prevista no art. 169, \u00a7 4\u00ba, da nossa Lei Maior.<\/p>\n\n\n\n<p>Trata-se do caso em o ente federado extrapola os limites com despesa de pessoal previstas em Lei Complementar (no caso, a Lei de Responsabilidade Fiscal) e, mesmo tendo adotado as medidas previstas nos incisos I e II do \u00a7 3\u00ba da Carta Magna, as mesmas se mostram insuficientes para o cumprimento daqueles limites.<\/p>\n\n\n\n<p><strong>&#8211; Professor, ent\u00e3o por que a estabilidade do servidor vem sendo \u201catacada\u201d?<\/strong><\/p>\n\n\n\n<p>Basicamente, porque ela vem sendo enxergada como um privil\u00e9gio dos servidores p\u00fablicos.<\/p>\n\n\n\n<p>Pessoal, embora a CF preveja hip\u00f3teses de perda do cargo por parte do servidor est\u00e1vel, na pr\u00e1tica, ainda vemos que muitos \u00f3rg\u00e3os e entidades da Administra\u00e7\u00e3o P\u00fablica n\u00e3o tomam as atitudes cab\u00edveis diante de servidores que apresentam conduta incompat\u00edvel com a disciplina que rege o cargo ou padr\u00f5es baix\u00edssimos de produtividade.<\/p>\n\n\n\n<p>Por vezes, a depender do \u00f3rg\u00e3o ou entidade, a baixa produtividade chega a ser cultural, infelizmente.<\/p>\n\n\n\n<p>Al\u00e9m desses casos, mesmo quando a Administra\u00e7\u00e3o resolve punir o agente p\u00fablico faltoso, n\u00e3o raro o servidor consegue postergar por muitos anos a perda de seu cargo, (isso quando n\u00e3o consegue impedir) valendo-se dos in\u00fameros recursos judiciais e administrativos, bem como da mora das autoridades cab\u00edveis em decidi-los.<\/p>\n\n\n\n<p>Sendo assim, \u00e9 poss\u00edvel dizer que, nesses casos, sim, a estabilidade toma a forma de privil\u00e9gio, j\u00e1 que servidores p\u00fablicos, digamos, ruins, permanecem em seus cargos com a coniv\u00eancia da pr\u00f3pria Administra\u00e7\u00e3o!<\/p>\n\n\n\n<p>Por outro lado, a estabilidade \u00e9 hoje o mecanismo utilizado pelo nosso ordenamento jur\u00eddico para garantir que os servidores p\u00fablicos exer\u00e7am suas atribui\u00e7\u00f5es com certa prote\u00e7\u00e3o contra interesses privados e pol\u00edticos mais poderosos.<\/p>\n\n\n\n<p>E essa prote\u00e7\u00e3o \u00e9 especialmente importante no nosso pa\u00eds, onde ainda h\u00e1 muita corrup\u00e7\u00e3o e utiliza\u00e7\u00e3o da m\u00e1quina p\u00fablica para o atendimento de interesses privados n\u00e3o muito republicanos.<\/p>\n\n\n\n<p>Imaginem, por exemplo, uma situa\u00e7\u00e3o em que um Auditor Fiscal da Receita Federal, em uma dada opera\u00e7\u00e3o, descobre uma fraude fiscal que, caso venha \u00e0 tona, prejudicaria grupos poderosos com influ\u00eancia na Administra\u00e7\u00e3o P\u00fablica.<\/p>\n\n\n\n<p>Sem uma prote\u00e7\u00e3o, como a estabilidade, percebem que esse servidor poderia se sentir intimidado a prosseguir com a apura\u00e7\u00e3o da fraude, em virtude da possibilidade de perder seu cargo simplesmente por estar, digamos assim, \u201cincomodando\u201d pessoas poderosas?<\/p>\n\n\n\n<p>Agora imaginem delegados, policiais, auditores governamentais e outros servidores que necessitam exercer com a m\u00e1xima isen\u00e7\u00e3o poss\u00edvel as atribui\u00e7\u00f5es de seus cargos para que o atendimento do interesse p\u00fablico seja realmente atendido, sem uma prote\u00e7\u00e3o como a estabilidade?<\/p>\n\n\n\n<p>Seria realmente uma situa\u00e7\u00e3o complicada, n\u00e3o \u00e9 verdade?<\/p>\n\n\n\n<p>Assim, devemos entender a estabilidade como uma verdadeira prerrogativa do servidor p\u00fablico, um requisito para o bom desempenho das atribui\u00e7\u00f5es de seu cargo.<\/p>\n\n\n\n<p><strong>&#8211; Entendi professor, ent\u00e3o voc\u00ea \u00e9 contra o fim da estabilidade dos servidores, n\u00e9?<\/strong><\/p>\n\n\n\n<p>Sim e n\u00e3o (rs)!<\/p>\n\n\n\n<p>Precisamos de regras que protejam determinadas carreiras contra press\u00f5es de diversas naturezas, mas que, por outro lado, impe\u00e7am que servidores p\u00fablicos improdutivos permane\u00e7am em seus cargos.<\/p>\n\n\n\n<p>Podemos atingir esse objetivo por meio do aperfei\u00e7oamento das regras atuais que regem a estabilidade dos servidores ou, at\u00e9 mesmo, criando um outro mecanismo de prote\u00e7\u00e3o para substituir a estabilidade como conhecemos atualmente.<\/p>\n\n\n\n<p>Vale destacar que, a despeito de muita gente falar por a\u00ed que servidores p\u00fablicos \u201cn\u00e3o trabalham e nunca s\u00e3o mandados embora\u201d, os dados que temos atualmente n\u00e3o confirmam essa percep\u00e7\u00e3o.<\/p>\n\n\n\n<p>Em 2018, por exemplo, a Controladoria Geral da Uni\u00e3o d\u00e1 conta de quase 600 servidores p\u00fablicos federais foram expulsos, sendo que a maior parte se tratou de demiss\u00e3o de servidores efetivos. Foi o maior n\u00famero em 15 anos, inclusive*.<\/p>\n\n\n\n<p>Tamb\u00e9m \u00e9 importante destacar que h\u00e1 muita gente boa na Administra\u00e7\u00e3o P\u00fablica. Pessoas realmente preparadas, altamente capacitadas e com muita vontade de fazer a diferen\u00e7a!<\/p>\n\n\n\n<p>Acredito que essa seja a inten\u00e7\u00e3o da maior parte dos concurseiros: desempenhar um trabalho que ajude a melhorar o pa\u00eds, concordam?<\/p>\n\n\n\n<p>Bom, pessoal, espero que tenham gostado dessa r\u00e1pida exposi\u00e7\u00e3o sobre o instituto da estabilidade.<\/p>\n\n\n\n<p>Caso queiram deixar sua opini\u00e3o sobre o que foi dito, sintam-se \u00e0 vontade!<\/p>\n\n\n\n<p>Um grande abra\u00e7o e bons estudos!<\/p>\n\n\n\n<p>Prof. T\u00falio Lages<\/p>\n\n\n\n<p>Passo Estrat\u00e9gico \u2013 Coordenador<\/p>\n\n\n\n<p>(Instagram: @passoestrategico)<\/p>\n\n\n\n<p class=\"has-very-dark-gray-color has-text-color has-small-font-size\">*https:\/\/g1.globo.com\/politica\/noticia\/2018\/12\/12\/governo-federal-expulsa-566-servidores-publicos-em-2018-diz-cgu.ghtml<\/p>\n\n\n\n<p>Voc\u00ea conhece o Passo Estrat\u00e9gico?<\/p>\n\n\n\n<p>O Passo Estrat\u00e9gico \u2013 um m\u00e9todo poderoso de revis\u00e3o, que ajuda o aluno a aprimorar a reten\u00e7\u00e3o do conte\u00fado, com base naquilo que \u00e9 mais cobrado pela banca espec\u00edfica do concurso.<\/p>\n\n\n\n<p class=\"has-text-align-center has-vivid-cyan-blue-color has-text-color\" style=\"font-size:clamp(14.082px, 0.88rem + ((1vw - 3.2px) * 0.678), 21px);px\"><strong>Concurseiros, n\u00e3o adianta ler a mat\u00e9ria e n\u00e3o lembrar do que foi aprendido na hora da prova!<\/strong><\/p>\n\n\n\n<p>Umas das coisas que mais acontecem \u00e9 errarmos quest\u00f5es simplesmente porque nos esquecemos de um conceito ou um detalhe do conte\u00fado \u2013 n\u00e3o \u00e9?<\/p>\n\n\n\n<p>Na verdade, deixamos de acertar boa parte das quest\u00f5es simplesmente porque nos esquecemos do conte\u00fado na hora da prova.<\/p>\n\n\n\n<p>E para reter o que foi estudado, n\u00e3o tem jeito, \u00e9 necess\u00e1rio realizar in\u00fameras revis\u00f5es das diversas mat\u00e9rias at\u00e9 a data da prova.<\/p>\n\n\n\n<p>S\u00f3 que muitos concurseiros t\u00eam dificuldade em realizar uma boa revis\u00e3o. Muitos nem sabem da import\u00e2ncia de se realizar revis\u00f5es. Outros n\u00e3o se sentem seguros ao realiz\u00e1-las.<\/p>\n\n\n\n<p>H\u00e1 ainda aqueles que acham que sabem revisar, mas n\u00e3o se d\u00e3o conta de que essa revis\u00e3o poderia ser bem mais eficiente.<\/p>\n\n\n\n<p>Ao lembrar mais do que foi estudado, com a ajuda do Passo Estrat\u00e9gico, o candidato chega mais preparado \u00e0 prova e se sente, inclusive, mais confiante para realiz\u00e1-la.<\/p>\n\n\n\n<p>Nossos PDFs contemplam:<\/p>\n\n\n\n<p>a) orienta\u00e7\u00f5es de revis\u00e3o e exposi\u00e7\u00e3o dos pontos mais importantes do conte\u00fado;<\/p>\n\n\n\n<p>b) an\u00e1lise estat\u00edstica dos assuntos da banca espec\u00edfica do concurso, para que nossos alunos saibam quais s\u00e3o os assuntos mais cobrados pela banca<\/p>\n\n\n\n<p>c) quest\u00f5es comentadas da banca espec\u00edfica do concurso, no n\u00edvel que ser\u00e1 cobrado na prova<\/p>\n\n\n\n<p>d) in\u00fameros simulados de quest\u00f5es in\u00e9ditas no estilo da banca, para que o aluno treine bastante todos os assuntos;<\/p>\n\n\n\n<p>e) question\u00e1rio de revis\u00e3o com quest\u00f5es subjetivas, para que o candidato possua uma vis\u00e3o mais global do conte\u00fado e compreenda melhor o conte\u00fado j\u00e1 estudado.<\/p>\n\n\n\n<figure class=\"wp-block-image aligncenter is-resized\"><img loading=\"lazy\" decoding=\"async\" src=\"https:\/\/dhg1h5j42swfq.cloudfront.net\/2019\/02\/25105130\/IMG_8385.png\" alt=\"A revis\u00e3o \u00e9 uma das t\u00e9cnicas mais importantes do estudo para concursos p\u00fablicos. \" class=\"wp-image-167924\" width=\"447\" height=\"251\" srcset=\"https:\/\/dhg1h5j42swfq.cloudfront.net\/2019\/02\/25105130\/IMG_8385.png 2761w, https:\/\/dhg1h5j42swfq.cloudfront.net\/2019\/02\/25105130\/IMG_8385.png 300w, https:\/\/dhg1h5j42swfq.cloudfront.net\/2019\/02\/25105130\/IMG_8385.png 768w, https:\/\/dhg1h5j42swfq.cloudfront.net\/2019\/02\/25105130\/IMG_8385.png 1024w\" sizes=\"auto, (max-width: 447px) 100vw, 447px\" \/><figcaption class=\"wp-element-caption\">O Passo Estrat\u00e9gico \u00e9 um m\u00e9todo poderoso de revis\u00e3o.<\/figcaption><\/figure>\n\n\n\n<p>Al\u00e9m disso, \u00e9 importante frisar que os nossos PDFs s\u00e3o bem enxutos, com poucas p\u00e1ginas, para otimizar o tempo do aluno, permitindo uma revis\u00e3o r\u00e1pida do conte\u00fado.<\/p>\n\n\n\n<p>Bom, quero deixar o meu convite para que voc\u00ea conhe\u00e7a o material do Passo Estrat\u00e9gico, deem uma olhada nas nossas aulas e vejam do que estou falando!<\/p>\n\n\n\n<p>Temos Passo Estrat\u00e9gico para diversos concursos, tais como:<\/p>\n\n\n\n<p><a href=\"https:\/\/www.estrategiaconcursos.com.br\/cursosPorConcurso\/passo-estrategico-de-revisao-e-aprofundamento-inss-tecnico-do-seguro-social\/\">Passo Estrat\u00e9gico \u2013 INSS&nbsp;(clique&nbsp;aqui)<\/a><\/p>\n\n\n\n<p><a href=\"https:\/\/www.estrategiaconcursos.com.br\/cursosPorConcurso\/passo-estrategico\/\">Passo Estrat\u00e9gico \u2013 Receita Federal&nbsp;(clique&nbsp;aqui)<\/a><\/p>\n\n\n\n<p><a href=\"https:\/\/www.estrategiaconcursos.com.br\/cursosPorConcurso\/passo-estrategico-de-revisao-e-aprofundamento-pc-df\/\">Passo Estrat\u00e9gico \u2013 PCDF&nbsp;(clique&nbsp;aqui)<\/a><\/p>\n\n\n\n<p><a href=\"https:\/\/www.estrategiaconcursos.com.br\/cursosPorConcurso\/passo-estrategico-de-revisao-e-aprofundamento-iss-manaus\/\">Passo Estrat\u00e9gico \u2013 ISS Manaus&nbsp;(clique&nbsp;aqui)<\/a><\/p>\n\n\n\n<p><a href=\"https:\/\/www.estrategiaconcursos.com.br\/cursosPorConcurso\/detran-df-passo-estrategico\/\">Passo Estrat\u00e9gico \u2013 Detran DF&nbsp;(clique&nbsp;aqui)<\/a><\/p>\n\n\n\n<p><a href=\"https:\/\/www.estrategiaconcursos.com.br\/cursosPorConcurso\/passo-estrategico-de-revisao-e-aprofundamento-detran-sp\/\">Passo Estrat\u00e9gico \u2013 Detran SP&nbsp;(clique&nbsp;aqui)<\/a><\/p>\n\n\n\n<p>Ent\u00e3o \u00e9 isso, obrigado pela aten\u00e7\u00e3o, um grande abra\u00e7o e nos vemos no Passo Estrat\u00e9gico!<\/p>\n","protected":false},"excerpt":{"rendered":"<p>Nesses \u00faltimos dias, a m\u00eddia esteve reportando que o presidente da C\u00e2mara dos Deputados, Rodrigo Maia, teria efetuado declara\u00e7\u00f5es no sentido de defender o fim da estabilidade dos servidores p\u00fablicos. Inclusive, Maia teria afirmado que, em sua gest\u00e3o naquela Casa Legislativa, um novo concurso p\u00fablico s\u00f3 ocorreria com o fim da estabilidade no servi\u00e7o p\u00fablico. [&hellip;]<\/p>\n","protected":false},"author":221,"featured_media":0,"comment_status":"open","ping_status":"closed","sticky":false,"template":"","format":"standard","meta":{"post_tipo":"article","footnotes":""},"categories":[1],"tags":[519,820,2990,2418,975,862,57618],"tax_estado":[],"class_list":["post-167920","post","type-post","status-publish","format-standard","hentry","category-cursos-e-concursos","tag-camara-dos-deputados","tag-concursos-publicos","tag-estabilidade","tag-passo-estrategico","tag-revisao","tag-revisoes","tag-rodrigo-maia"],"acf":[],"yoast_head":"<!-- This site is optimized with the Yoast SEO Premium plugin v27.2 (Yoast SEO v27.2) - https:\/\/yoast.com\/product\/yoast-seo-premium-wordpress\/ -->\n<title>Estabilidade dos servidores p\u00fablicos em extin\u00e7\u00e3o? Saiba mais.<\/title>\n<meta name=\"description\" content=\"A estabilidade dos servidores p\u00fablicos est\u00e1 em risco? \u00c9 realmente poss\u00edvel a sua extin\u00e7\u00e3o? Por que ela vem sendo atacada pela m\u00eddia? Descubra!\" \/>\n<meta name=\"robots\" content=\"index, follow, max-snippet:-1, max-image-preview:large, max-video-preview:-1\" \/>\n<link rel=\"canonical\" href=\"https:\/\/www.estrategiaconcursos.com.br\/blog\/estabilidade-dos-servidores-publicos-em-extincao-saiba-mais\/\" \/>\n<meta property=\"og:locale\" content=\"pt_BR\" \/>\n<meta property=\"og:type\" content=\"article\" \/>\n<meta property=\"og:title\" content=\"Estabilidade dos servidores p\u00fablicos em extin\u00e7\u00e3o? Saiba mais.\" \/>\n<meta property=\"og:description\" content=\"A estabilidade dos servidores p\u00fablicos est\u00e1 em risco? \u00c9 realmente poss\u00edvel a sua extin\u00e7\u00e3o? Por que ela vem sendo atacada pela m\u00eddia? Descubra!\" \/>\n<meta property=\"og:url\" content=\"https:\/\/www.estrategiaconcursos.com.br\/blog\/estabilidade-dos-servidores-publicos-em-extincao-saiba-mais\/\" \/>\n<meta property=\"og:site_name\" content=\"Estrat\u00e9gia Concursos\" \/>\n<meta property=\"article:published_time\" content=\"2019-02-25T14:17:50+00:00\" \/>\n<meta property=\"article:modified_time\" content=\"2023-03-14T13:21:56+00:00\" \/>\n<meta property=\"og:image\" content=\"https:\/\/www.estrategiaconcursos.com.br\/blog\/wp-content\/uploads\/2019\/02\/IMG_8385.png\" \/>\n<meta name=\"author\" content=\"Tulio Lages\" \/>\n<meta name=\"twitter:card\" content=\"summary_large_image\" \/>\n<meta name=\"twitter:creator\" content=\"@EstratConcursos\" \/>\n<meta name=\"twitter:site\" content=\"@EstratConcursos\" \/>\n<meta name=\"twitter:label1\" content=\"Escrito por\" \/>\n\t<meta name=\"twitter:data1\" content=\"Tulio Lages\" \/>\n\t<meta name=\"twitter:label2\" content=\"Est. tempo de leitura\" \/>\n\t<meta name=\"twitter:data2\" content=\"10 minutos\" \/>\n<script type=\"application\/ld+json\" class=\"yoast-schema-graph\">{\"@context\":\"https:\/\/schema.org\",\"@graph\":[{\"@type\":\"NewsArticle\",\"@id\":\"https:\/\/www.estrategiaconcursos.com.br\/blog\/estabilidade-dos-servidores-publicos-em-extincao-saiba-mais\/#article\",\"isPartOf\":{\"@id\":\"https:\/\/www.estrategiaconcursos.com.br\/blog\/estabilidade-dos-servidores-publicos-em-extincao-saiba-mais\/\"},\"author\":{\"name\":\"Tulio Lages\",\"@id\":\"https:\/\/www.estrategiaconcursos.com.br\/blog\/#\/schema\/person\/80581c41357e3666d4b56f2db6910639\"},\"headline\":\"Estabilidade dos servidores p\u00fablicos em extin\u00e7\u00e3o? Saiba mais.\",\"datePublished\":\"2019-02-25T14:17:50+00:00\",\"dateModified\":\"2023-03-14T13:21:56+00:00\",\"mainEntityOfPage\":{\"@id\":\"https:\/\/www.estrategiaconcursos.com.br\/blog\/estabilidade-dos-servidores-publicos-em-extincao-saiba-mais\/\"},\"wordCount\":1990,\"commentCount\":8,\"publisher\":{\"@id\":\"https:\/\/www.estrategiaconcursos.com.br\/blog\/#organization\"},\"image\":{\"@id\":\"https:\/\/www.estrategiaconcursos.com.br\/blog\/estabilidade-dos-servidores-publicos-em-extincao-saiba-mais\/#primaryimage\"},\"thumbnailUrl\":\"https:\/\/www.estrategiaconcursos.com.br\/blog\/wp-content\/uploads\/2019\/02\/IMG_8385.png\",\"keywords\":[\"C\u00e2mara dos Deputados\",\"concursos p\u00fablicos\",\"estabilidade\",\"Passo Estrat\u00e9gico\",\"revis\u00e3o\",\"revisoes\",\"rodrigo maia\"],\"articleSection\":[\"Concursos P\u00fablicos\"],\"inLanguage\":\"pt-BR\",\"potentialAction\":[{\"@type\":\"CommentAction\",\"name\":\"Comment\",\"target\":[\"https:\/\/www.estrategiaconcursos.com.br\/blog\/estabilidade-dos-servidores-publicos-em-extincao-saiba-mais\/#respond\"]}],\"copyrightYear\":\"2019\",\"copyrightHolder\":{\"@id\":\"https:\/\/www.estrategiaconcursos.com.br\/blog\/#organization\"}},{\"@type\":\"WebPage\",\"@id\":\"https:\/\/www.estrategiaconcursos.com.br\/blog\/estabilidade-dos-servidores-publicos-em-extincao-saiba-mais\/\",\"url\":\"https:\/\/www.estrategiaconcursos.com.br\/blog\/estabilidade-dos-servidores-publicos-em-extincao-saiba-mais\/\",\"name\":\"Estabilidade dos servidores p\u00fablicos em extin\u00e7\u00e3o? Saiba mais.\",\"isPartOf\":{\"@id\":\"https:\/\/www.estrategiaconcursos.com.br\/blog\/#website\"},\"primaryImageOfPage\":{\"@id\":\"https:\/\/www.estrategiaconcursos.com.br\/blog\/estabilidade-dos-servidores-publicos-em-extincao-saiba-mais\/#primaryimage\"},\"image\":{\"@id\":\"https:\/\/www.estrategiaconcursos.com.br\/blog\/estabilidade-dos-servidores-publicos-em-extincao-saiba-mais\/#primaryimage\"},\"thumbnailUrl\":\"https:\/\/www.estrategiaconcursos.com.br\/blog\/wp-content\/uploads\/2019\/02\/IMG_8385.png\",\"datePublished\":\"2019-02-25T14:17:50+00:00\",\"dateModified\":\"2023-03-14T13:21:56+00:00\",\"description\":\"A estabilidade dos servidores p\u00fablicos est\u00e1 em risco? \u00c9 realmente poss\u00edvel a sua extin\u00e7\u00e3o? Por que ela vem sendo atacada pela m\u00eddia? Descubra!\",\"breadcrumb\":{\"@id\":\"https:\/\/www.estrategiaconcursos.com.br\/blog\/estabilidade-dos-servidores-publicos-em-extincao-saiba-mais\/#breadcrumb\"},\"inLanguage\":\"pt-BR\",\"potentialAction\":[{\"@type\":\"ReadAction\",\"target\":[\"https:\/\/www.estrategiaconcursos.com.br\/blog\/estabilidade-dos-servidores-publicos-em-extincao-saiba-mais\/\"]}]},{\"@type\":\"ImageObject\",\"inLanguage\":\"pt-BR\",\"@id\":\"https:\/\/www.estrategiaconcursos.com.br\/blog\/estabilidade-dos-servidores-publicos-em-extincao-saiba-mais\/#primaryimage\",\"url\":\"https:\/\/dhg1h5j42swfq.cloudfront.net\/2019\/02\/25105130\/IMG_8385.png\",\"contentUrl\":\"https:\/\/dhg1h5j42swfq.cloudfront.net\/2019\/02\/25105130\/IMG_8385.png\",\"width\":2761,\"height\":1547,\"caption\":\"A revis\u00e3o \u00e9 uma das t\u00e9cnicas mais importantes do estudo para concursos p\u00fablicos. O Passo Estrat\u00e9gico pode te ajudar nas suas revis\u00f5es.\"},{\"@type\":\"BreadcrumbList\",\"@id\":\"https:\/\/www.estrategiaconcursos.com.br\/blog\/estabilidade-dos-servidores-publicos-em-extincao-saiba-mais\/#breadcrumb\",\"itemListElement\":[{\"@type\":\"ListItem\",\"position\":1,\"name\":\"In\u00edcio\",\"item\":\"https:\/\/www.estrategiaconcursos.com.br\/blog\/\"},{\"@type\":\"ListItem\",\"position\":2,\"name\":\"Estabilidade dos servidores p\u00fablicos em extin\u00e7\u00e3o? Saiba mais.\"}]},{\"@type\":\"WebSite\",\"@id\":\"https:\/\/www.estrategiaconcursos.com.br\/blog\/#website\",\"url\":\"https:\/\/www.estrategiaconcursos.com.br\/blog\/\",\"name\":\"Estrat\u00e9gia Concursos\",\"description\":\"O blog da Estrat\u00e9gia Concursos traz not\u00edcias sobre concursos e artigos de professores oferecendo cursos para concursos (pdf + videaulas) no site.\",\"publisher\":{\"@id\":\"https:\/\/www.estrategiaconcursos.com.br\/blog\/#organization\"},\"potentialAction\":[{\"@type\":\"SearchAction\",\"target\":{\"@type\":\"EntryPoint\",\"urlTemplate\":\"https:\/\/www.estrategiaconcursos.com.br\/blog\/?s={search_term_string}\"},\"query-input\":{\"@type\":\"PropertyValueSpecification\",\"valueRequired\":true,\"valueName\":\"search_term_string\"}}],\"inLanguage\":\"pt-BR\"},{\"@type\":\"Organization\",\"@id\":\"https:\/\/www.estrategiaconcursos.com.br\/blog\/#organization\",\"name\":\"Estrat\u00e9gia Concursos\",\"url\":\"https:\/\/www.estrategiaconcursos.com.br\/blog\/\",\"logo\":{\"@type\":\"ImageObject\",\"inLanguage\":\"pt-BR\",\"@id\":\"https:\/\/www.estrategiaconcursos.com.br\/blog\/#\/schema\/logo\/image\/\",\"url\":\"https:\/\/dhg1h5j42swfq.cloudfront.net\/2025\/06\/03203428\/logo_concursos-1.jpg\",\"contentUrl\":\"https:\/\/dhg1h5j42swfq.cloudfront.net\/2025\/06\/03203428\/logo_concursos-1.jpg\",\"width\":230,\"height\":60,\"caption\":\"Estrat\u00e9gia Concursos\"},\"image\":{\"@id\":\"https:\/\/www.estrategiaconcursos.com.br\/blog\/#\/schema\/logo\/image\/\"},\"sameAs\":[\"https:\/\/x.com\/EstratConcursos\"]},{\"@type\":\"Person\",\"@id\":\"https:\/\/www.estrategiaconcursos.com.br\/blog\/#\/schema\/person\/80581c41357e3666d4b56f2db6910639\",\"name\":\"Tulio Lages\",\"image\":{\"@type\":\"ImageObject\",\"inLanguage\":\"pt-BR\",\"@id\":\"https:\/\/secure.gravatar.com\/avatar\/d24e31d7062c4ca48f968843d2bcad20a2ba1a5cf087b6f34171db005b925941?s=96&d=mm&r=g\",\"url\":\"https:\/\/secure.gravatar.com\/avatar\/d24e31d7062c4ca48f968843d2bcad20a2ba1a5cf087b6f34171db005b925941?s=96&d=mm&r=g\",\"contentUrl\":\"https:\/\/secure.gravatar.com\/avatar\/d24e31d7062c4ca48f968843d2bcad20a2ba1a5cf087b6f34171db005b925941?s=96&d=mm&r=g\",\"caption\":\"Tulio Lages\"},\"url\":\"https:\/\/www.estrategiaconcursos.com.br\/blog\/author\/tuliolagesestrategiaconcursos-com-br\/\"}]}<\/script>\n<!-- \/ Yoast SEO Premium plugin. -->","yoast_head_json":{"title":"Estabilidade dos servidores p\u00fablicos em extin\u00e7\u00e3o? Saiba mais.","description":"A estabilidade dos servidores p\u00fablicos est\u00e1 em risco? \u00c9 realmente poss\u00edvel a sua extin\u00e7\u00e3o? Por que ela vem sendo atacada pela m\u00eddia? Descubra!","robots":{"index":"index","follow":"follow","max-snippet":"max-snippet:-1","max-image-preview":"max-image-preview:large","max-video-preview":"max-video-preview:-1"},"canonical":"https:\/\/www.estrategiaconcursos.com.br\/blog\/estabilidade-dos-servidores-publicos-em-extincao-saiba-mais\/","og_locale":"pt_BR","og_type":"article","og_title":"Estabilidade dos servidores p\u00fablicos em extin\u00e7\u00e3o? Saiba mais.","og_description":"A estabilidade dos servidores p\u00fablicos est\u00e1 em risco? \u00c9 realmente poss\u00edvel a sua extin\u00e7\u00e3o? Por que ela vem sendo atacada pela m\u00eddia? Descubra!","og_url":"https:\/\/www.estrategiaconcursos.com.br\/blog\/estabilidade-dos-servidores-publicos-em-extincao-saiba-mais\/","og_site_name":"Estrat\u00e9gia Concursos","article_published_time":"2019-02-25T14:17:50+00:00","article_modified_time":"2023-03-14T13:21:56+00:00","og_image":[{"url":"https:\/\/www.estrategiaconcursos.com.br\/blog\/wp-content\/uploads\/2019\/02\/IMG_8385.png","type":"","width":"","height":""}],"author":"Tulio Lages","twitter_card":"summary_large_image","twitter_creator":"@EstratConcursos","twitter_site":"@EstratConcursos","twitter_misc":{"Escrito por":"Tulio Lages","Est. tempo de leitura":"10 minutos"},"schema":{"@context":"https:\/\/schema.org","@graph":[{"@type":"NewsArticle","@id":"https:\/\/www.estrategiaconcursos.com.br\/blog\/estabilidade-dos-servidores-publicos-em-extincao-saiba-mais\/#article","isPartOf":{"@id":"https:\/\/www.estrategiaconcursos.com.br\/blog\/estabilidade-dos-servidores-publicos-em-extincao-saiba-mais\/"},"author":{"name":"Tulio Lages","@id":"https:\/\/www.estrategiaconcursos.com.br\/blog\/#\/schema\/person\/80581c41357e3666d4b56f2db6910639"},"headline":"Estabilidade dos servidores p\u00fablicos em extin\u00e7\u00e3o? Saiba mais.","datePublished":"2019-02-25T14:17:50+00:00","dateModified":"2023-03-14T13:21:56+00:00","mainEntityOfPage":{"@id":"https:\/\/www.estrategiaconcursos.com.br\/blog\/estabilidade-dos-servidores-publicos-em-extincao-saiba-mais\/"},"wordCount":1990,"commentCount":8,"publisher":{"@id":"https:\/\/www.estrategiaconcursos.com.br\/blog\/#organization"},"image":{"@id":"https:\/\/www.estrategiaconcursos.com.br\/blog\/estabilidade-dos-servidores-publicos-em-extincao-saiba-mais\/#primaryimage"},"thumbnailUrl":"https:\/\/www.estrategiaconcursos.com.br\/blog\/wp-content\/uploads\/2019\/02\/IMG_8385.png","keywords":["C\u00e2mara dos Deputados","concursos p\u00fablicos","estabilidade","Passo Estrat\u00e9gico","revis\u00e3o","revisoes","rodrigo maia"],"articleSection":["Concursos P\u00fablicos"],"inLanguage":"pt-BR","potentialAction":[{"@type":"CommentAction","name":"Comment","target":["https:\/\/www.estrategiaconcursos.com.br\/blog\/estabilidade-dos-servidores-publicos-em-extincao-saiba-mais\/#respond"]}],"copyrightYear":"2019","copyrightHolder":{"@id":"https:\/\/www.estrategiaconcursos.com.br\/blog\/#organization"}},{"@type":"WebPage","@id":"https:\/\/www.estrategiaconcursos.com.br\/blog\/estabilidade-dos-servidores-publicos-em-extincao-saiba-mais\/","url":"https:\/\/www.estrategiaconcursos.com.br\/blog\/estabilidade-dos-servidores-publicos-em-extincao-saiba-mais\/","name":"Estabilidade dos servidores p\u00fablicos em extin\u00e7\u00e3o? Saiba mais.","isPartOf":{"@id":"https:\/\/www.estrategiaconcursos.com.br\/blog\/#website"},"primaryImageOfPage":{"@id":"https:\/\/www.estrategiaconcursos.com.br\/blog\/estabilidade-dos-servidores-publicos-em-extincao-saiba-mais\/#primaryimage"},"image":{"@id":"https:\/\/www.estrategiaconcursos.com.br\/blog\/estabilidade-dos-servidores-publicos-em-extincao-saiba-mais\/#primaryimage"},"thumbnailUrl":"https:\/\/www.estrategiaconcursos.com.br\/blog\/wp-content\/uploads\/2019\/02\/IMG_8385.png","datePublished":"2019-02-25T14:17:50+00:00","dateModified":"2023-03-14T13:21:56+00:00","description":"A estabilidade dos servidores p\u00fablicos est\u00e1 em risco? \u00c9 realmente poss\u00edvel a sua extin\u00e7\u00e3o? Por que ela vem sendo atacada pela m\u00eddia? Descubra!","breadcrumb":{"@id":"https:\/\/www.estrategiaconcursos.com.br\/blog\/estabilidade-dos-servidores-publicos-em-extincao-saiba-mais\/#breadcrumb"},"inLanguage":"pt-BR","potentialAction":[{"@type":"ReadAction","target":["https:\/\/www.estrategiaconcursos.com.br\/blog\/estabilidade-dos-servidores-publicos-em-extincao-saiba-mais\/"]}]},{"@type":"ImageObject","inLanguage":"pt-BR","@id":"https:\/\/www.estrategiaconcursos.com.br\/blog\/estabilidade-dos-servidores-publicos-em-extincao-saiba-mais\/#primaryimage","url":"https:\/\/dhg1h5j42swfq.cloudfront.net\/2019\/02\/25105130\/IMG_8385.png","contentUrl":"https:\/\/dhg1h5j42swfq.cloudfront.net\/2019\/02\/25105130\/IMG_8385.png","width":2761,"height":1547,"caption":"A revis\u00e3o \u00e9 uma das t\u00e9cnicas mais importantes do estudo para concursos p\u00fablicos. O Passo Estrat\u00e9gico pode te ajudar nas suas revis\u00f5es."},{"@type":"BreadcrumbList","@id":"https:\/\/www.estrategiaconcursos.com.br\/blog\/estabilidade-dos-servidores-publicos-em-extincao-saiba-mais\/#breadcrumb","itemListElement":[{"@type":"ListItem","position":1,"name":"In\u00edcio","item":"https:\/\/www.estrategiaconcursos.com.br\/blog\/"},{"@type":"ListItem","position":2,"name":"Estabilidade dos servidores p\u00fablicos em extin\u00e7\u00e3o? Saiba mais."}]},{"@type":"WebSite","@id":"https:\/\/www.estrategiaconcursos.com.br\/blog\/#website","url":"https:\/\/www.estrategiaconcursos.com.br\/blog\/","name":"Estrat\u00e9gia Concursos","description":"O blog da Estrat\u00e9gia Concursos traz not\u00edcias sobre concursos e artigos de professores oferecendo cursos para concursos (pdf + videaulas) no site.","publisher":{"@id":"https:\/\/www.estrategiaconcursos.com.br\/blog\/#organization"},"potentialAction":[{"@type":"SearchAction","target":{"@type":"EntryPoint","urlTemplate":"https:\/\/www.estrategiaconcursos.com.br\/blog\/?s={search_term_string}"},"query-input":{"@type":"PropertyValueSpecification","valueRequired":true,"valueName":"search_term_string"}}],"inLanguage":"pt-BR"},{"@type":"Organization","@id":"https:\/\/www.estrategiaconcursos.com.br\/blog\/#organization","name":"Estrat\u00e9gia Concursos","url":"https:\/\/www.estrategiaconcursos.com.br\/blog\/","logo":{"@type":"ImageObject","inLanguage":"pt-BR","@id":"https:\/\/www.estrategiaconcursos.com.br\/blog\/#\/schema\/logo\/image\/","url":"https:\/\/dhg1h5j42swfq.cloudfront.net\/2025\/06\/03203428\/logo_concursos-1.jpg","contentUrl":"https:\/\/dhg1h5j42swfq.cloudfront.net\/2025\/06\/03203428\/logo_concursos-1.jpg","width":230,"height":60,"caption":"Estrat\u00e9gia Concursos"},"image":{"@id":"https:\/\/www.estrategiaconcursos.com.br\/blog\/#\/schema\/logo\/image\/"},"sameAs":["https:\/\/x.com\/EstratConcursos"]},{"@type":"Person","@id":"https:\/\/www.estrategiaconcursos.com.br\/blog\/#\/schema\/person\/80581c41357e3666d4b56f2db6910639","name":"Tulio Lages","image":{"@type":"ImageObject","inLanguage":"pt-BR","@id":"https:\/\/secure.gravatar.com\/avatar\/d24e31d7062c4ca48f968843d2bcad20a2ba1a5cf087b6f34171db005b925941?s=96&d=mm&r=g","url":"https:\/\/secure.gravatar.com\/avatar\/d24e31d7062c4ca48f968843d2bcad20a2ba1a5cf087b6f34171db005b925941?s=96&d=mm&r=g","contentUrl":"https:\/\/secure.gravatar.com\/avatar\/d24e31d7062c4ca48f968843d2bcad20a2ba1a5cf087b6f34171db005b925941?s=96&d=mm&r=g","caption":"Tulio Lages"},"url":"https:\/\/www.estrategiaconcursos.com.br\/blog\/author\/tuliolagesestrategiaconcursos-com-br\/"}]}},"_links":{"self":[{"href":"https:\/\/www.estrategiaconcursos.com.br\/blog\/wp-json\/wp\/v2\/posts\/167920","targetHints":{"allow":["GET"]}}],"collection":[{"href":"https:\/\/www.estrategiaconcursos.com.br\/blog\/wp-json\/wp\/v2\/posts"}],"about":[{"href":"https:\/\/www.estrategiaconcursos.com.br\/blog\/wp-json\/wp\/v2\/types\/post"}],"author":[{"embeddable":true,"href":"https:\/\/www.estrategiaconcursos.com.br\/blog\/wp-json\/wp\/v2\/users\/221"}],"replies":[{"embeddable":true,"href":"https:\/\/www.estrategiaconcursos.com.br\/blog\/wp-json\/wp\/v2\/comments?post=167920"}],"version-history":[{"count":15,"href":"https:\/\/www.estrategiaconcursos.com.br\/blog\/wp-json\/wp\/v2\/posts\/167920\/revisions"}],"predecessor-version":[{"id":1186253,"href":"https:\/\/www.estrategiaconcursos.com.br\/blog\/wp-json\/wp\/v2\/posts\/167920\/revisions\/1186253"}],"wp:attachment":[{"href":"https:\/\/www.estrategiaconcursos.com.br\/blog\/wp-json\/wp\/v2\/media?parent=167920"}],"wp:term":[{"taxonomy":"category","embeddable":true,"href":"https:\/\/www.estrategiaconcursos.com.br\/blog\/wp-json\/wp\/v2\/categories?post=167920"},{"taxonomy":"post_tag","embeddable":true,"href":"https:\/\/www.estrategiaconcursos.com.br\/blog\/wp-json\/wp\/v2\/tags?post=167920"},{"taxonomy":"tax_estado","embeddable":true,"href":"https:\/\/www.estrategiaconcursos.com.br\/blog\/wp-json\/wp\/v2\/tax_estado?post=167920"}],"curies":[{"name":"wp","href":"https:\/\/api.w.org\/{rel}","templated":true}]}}