{"id":1679189,"date":"2025-12-03T09:18:43","date_gmt":"2025-12-03T12:18:43","guid":{"rendered":"https:\/\/www.estrategiaconcursos.com.br\/blog\/?p=1679189"},"modified":"2025-12-05T08:29:57","modified_gmt":"2025-12-05T11:29:57","slug":"concurso-pm-pb-edital-publicado-oficial-2025","status":"publish","type":"post","link":"https:\/\/www.estrategiaconcursos.com.br\/blog\/concurso-pm-pb-edital-publicado-oficial-2025\/","title":{"rendered":"Edital PM PB tem 30 vagas e inicial de R$ 8,7 mil. Inscreva-se"},"content":{"rendered":"\n<p class=\"has-medium-font-size\"><strong><em>Novo edital da Pol\u00edcia Militar da Para\u00edba exige n\u00edvel superior dos inscritos!<\/em><\/strong><\/p>\n\n\n\n<p>Est\u00e3o abertas as inscri\u00e7\u00f5es para o edital do <strong>concurso PM PB (<a href=\"https:\/\/www.estrategiaconcursos.com.br\/cursosPorConcurso\/policia-militar-da-paraiba-pm-pb\/\" target=\"_blank\" rel=\"noreferrer noopener\">Pol\u00edcia Militar da Para\u00edba<\/a>)<\/strong>, com <strong>30 vagas para o cargo de Oficial<\/strong>.<\/p>\n\n\n\n<p>Os interessados podem se candidatar at\u00e9 <strong>23 de dezembro de 2025<\/strong>, no site da Pol\u00edcia Militar, ao custo de R$ 120,00. A <strong>sele\u00e7\u00e3o usar\u00e1 exclusivamente as notas do ENEM 2025<\/strong>.<\/p>\n\n\n\n<p>As oportunidades exigem n\u00edvel superior de forma\u00e7\u00e3o. O sal\u00e1rio inicial \u00e9 de <strong>R$ 8.745,75<\/strong>, na <strong>condi\u00e7\u00e3o de 2\u00ba Tenente<\/strong>.<\/p>\n\n\n\n<ul class=\"wp-block-list has-cyan-bluish-gray-background-color has-background\">\n<li><strong>PM PB 2025<\/strong><\/li>\n\n\n\n<li><strong>Banca:<\/strong> <a href=\"https:\/\/www.pm.pb.gov.br\/portal\/informacoes\/concursos\/concursos-publicos\/\" target=\"_blank\" rel=\"noreferrer noopener\">organiza\u00e7\u00e3o pr\u00f3pria &#8211; PM PB<\/a><\/li>\n\n\n\n<li><strong>Cargo:<\/strong> Oficial<\/li>\n\n\n\n<li><strong>Vagas<\/strong>: 30<\/li>\n\n\n\n<li><strong>Sal\u00e1rio inicial<\/strong>: R$ 8.745,75 (2\u00ba tenente)<\/li>\n\n\n\n<li><strong>Edital: <\/strong><a href=\"https:\/\/dhg1h5j42swfq.cloudfront.net\/2025\/12\/03090944\/edital-pm-pb.pdf\" target=\"_blank\" rel=\"noreferrer noopener nofollow\">PM PB 2025<\/a><\/li>\n<\/ul>\n\n\n\n<p>Confira neste artigo as principais informa\u00e7\u00f5es e novidades sobre o concurso. Acompanhe os t\u00f3picos abaixo e n\u00e3o perca nenhum detalhe!<\/p>\n\n\n\n<div class=\"container\" id=\"boxes\">\r\n  <div class=\"row\">\r\n\r\n    <div class=\"col-sm\">\r\n      <div class=\"banner-policia-militar\" id=\"box-assinatura\">\r\n        <h2 class=\"titulo-assinatura\">Concurso PM PB<\/h2>\r\n        <p class=\"subtitulo-assinatura\">Rumo \u00e0 carreira policial dos seus sonhos!<\/p>\r\n        <div class=\"box-botao\">\r\n          <a class=\"btn-assinatura\" target=\"_blank\" href=\"https:\/\/www.estrategiaconcursos.com.br\/cursosPorConcurso\/policia-militar-da-paraiba-pm-pb\/\" role=\"button\" rel=\"noopener noreferrer\">INICIAR AGORA<\/a>\r\n        <\/div>\r\n      <\/div>\r\n    \r\n    <\/div>\r\n\r\n  <\/div>\r\n<\/div>\n\n\n\n<h2 class=\"wp-block-heading\" id=\"principais-datas\">Principais datas do edital PM PB<\/h2>\n\n\n\n<ul class=\"wp-block-list\">\n<li><strong>Inscri\u00e7\u00f5es:<\/strong>&nbsp;05 a 23\/12\/2025<\/li>\n\n\n\n<li><strong>Isen\u00e7\u00e3o da taxa:&nbsp;<\/strong>05 a 11\/12<\/li>\n\n\n\n<li><strong>Pagamento da taxa:<\/strong>&nbsp;at\u00e9 26\/12<\/li>\n<\/ul>\n\n\n\n<h2 class=\"wp-block-heading\" id=\"h-cargos-e-vagas\">Cargos e vagas<\/h2>\n\n\n\n<p><strong>N\u00edvel superior<\/strong><\/p>\n\n\n\n<figure class=\"wp-block-table is-style-stripes\"><table class=\"has-cyan-bluish-gray-background-color has-background has-fixed-layout\"><thead><tr><th class=\"has-text-align-center\" data-align=\"center\">Cargo<\/th><th class=\"has-text-align-center\" data-align=\"center\">Vagas<\/th><th class=\"has-text-align-center\" data-align=\"center\">Sal\u00e1rio inicial<\/th><\/tr><\/thead><tbody><tr><td class=\"has-text-align-center\" data-align=\"center\">Oficial<\/td><td class=\"has-text-align-center\" data-align=\"center\">30<\/td><td class=\"has-text-align-center\" data-align=\"center\"><strong>Cadete<\/strong>: R$ 3.066,24 (1\u00baano); R$ 3.373,44 (2\u00ba ano); R$ 3.711,36 (3\u00ba ano)<br \/><strong>Aspirante<\/strong>: R$ 6.771,08<br \/><strong>2\u00ba Tenente<\/strong>: R$ 8.745,75<\/td><\/tr><\/tbody><\/table><\/figure>\n\n\n\n<h2 class=\"wp-block-heading\" id=\"etapas\">Etapas e provas do edital PM PB<\/h2>\n\n\n\n<p>Os candidatos ser\u00e3o avaliados por meio das seguintes etapas:<\/p>\n\n\n\n<ul class=\"wp-block-list\">\n<li><strong>1\u00aa Fase \u2014 Exame Intelectual<\/strong>\n<ul class=\"wp-block-list\">\n<li>Notas do <strong>ENEM 2025<\/strong>.<\/li>\n<\/ul>\n<\/li>\n\n\n\n<li><strong>2\u00aa Fase \u2014 Exames Complementares<\/strong>\n<ul class=\"wp-block-list\">\n<li><strong>Exame de Sa\u00fade<\/strong> (com ampla bateria de exames laboratoriais e de imagem)<\/li>\n\n\n\n<li><strong>Exame de Aptid\u00e3o F\u00edsica<\/strong><\/li>\n\n\n\n<li><strong>Avalia\u00e7\u00e3o Psicol\u00f3gica<\/strong><\/li>\n<\/ul>\n<\/li>\n<\/ul>\n\n\n\n<h3 class=\"wp-block-heading\" id=\"prova-objetiva\">Exame Intelectual<\/h3>\n\n\n\n<p>Os candidatos ser\u00e3o avaliados com base nas notas obtidas no ENEM 2025, que ser\u00e3o utilizadas como Exame Intelectual do concurso.<\/p>\n\n\n\n<p>A PM PB ficar\u00e1 respons\u00e1vel por captar as notas e calcular as m\u00e9dias dos candidatos. N\u00e3o ser\u00e3o aceitas inscri\u00e7\u00f5es de participantes treineiros.<\/p>\n\n\n\n<p>A divulga\u00e7\u00e3o do calend\u00e1rio de realiza\u00e7\u00e3o das provas, conte\u00fados program\u00e1ticos, disponibiliza\u00e7\u00e3o<br \/>das provas, entre outros referentes ao Exame Intelectual, s\u00e3o de responsabilidade do Instituto Nacional<br \/>de Estudo e Pesquisas Educacionais An\u00edsio Teixeira \u2013 INEP.<\/p>\n\n\n\n<p>A Pol\u00edcia Militar do Estado da Para\u00edba determinar\u00e1, para cada candidato(a), uma m\u00e9dia final, calculando-se a m\u00e9dia aritm\u00e9tica de todas as notas do ENEM 2025, de modo que a m\u00e9dia final tenha uma casa decimal, desprezando-se as demais casas decimais resultantes do c\u00e1lculo.<\/p>\n\n\n\n<h3 class=\"wp-block-heading\" id=\"h-exame-de-aptidao-fisica\">Exame de Aptid\u00e3o F\u00edsica<\/h3>\n\n\n\n<p>O Exame de Aptid\u00e3o F\u00edsica ser\u00e1 executado por comiss\u00e3o designada pelo comandante-geral da Pol\u00edcia Militar do Estado da Para\u00edba e constar\u00e1 de exerc\u00edcios espec\u00edficos, obedecendo aos padr\u00f5es adotados pela PM PB, sendo exigidos os \u00edndices, por exerc\u00edcio, elencados nos quadros a seguir:<\/p>\n\n\n\n<figure class=\"wp-block-image aligncenter size-full\"><img loading=\"lazy\" decoding=\"async\" width=\"859\" height=\"524\" src=\"https:\/\/dhg1h5j42swfq.cloudfront.net\/2025\/12\/03092424\/image-29.png\" alt=\"Crit\u00e9rios de avalia\u00e7\u00e3o do Exame de Aptid\u00e3o F\u00edsica do edital PM PB Oficial 2025\" class=\"wp-image-1679214\" srcset=\"https:\/\/dhg1h5j42swfq.cloudfront.net\/2025\/12\/03092424\/image-29.png 859w, https:\/\/dhg1h5j42swfq.cloudfront.net\/2025\/12\/03092424\/image-29-300x183.png 300w, https:\/\/dhg1h5j42swfq.cloudfront.net\/2025\/12\/03092424\/image-29-768x468.png 768w, https:\/\/dhg1h5j42swfq.cloudfront.net\/2025\/12\/03092424\/image-29-150x92.png 150w\" sizes=\"auto, (max-width: 859px) 100vw, 859px\" \/><figcaption class=\"wp-element-caption\">Crit\u00e9rios de avalia\u00e7\u00e3o do edital PM PB Oficial 2025<\/figcaption><\/figure>\n\n\n\n<p class=\"has-text-align-center has-cyan-bluish-gray-background-color has-background has-medium-font-size\"><strong>Saiba mais: <a href=\"https:\/\/www.estrategiaconcursos.com.br\/blog\/concurso-pm-pb\/\" target=\"_blank\" rel=\"noreferrer noopener\">concurso PM PB<\/a><\/strong><\/p>\n\n\n\n<hr class=\"wp-block-separator has-alpha-channel-opacity is-style-default\"\/>\n\n\n\n<h2 class=\"wp-block-heading has-text-align-center\" id=\"h-quer-saber-tudo-sobre-concursos-previstos-confira-nossos-artigos\">Quer saber tudo sobre concursos previstos?<br \/>Confira nossos artigos!<\/h2>\n\n\n\n<ul class=\"wp-block-list\">\n<li><a href=\"https:\/\/www.estrategiaconcursos.com.br\/blog\/concursos-abertos\/\" target=\"_blank\" rel=\"noreferrer noopener\">Concursos abertos<\/a><\/li>\n\n\n\n<li><a href=\"https:\/\/www.estrategiaconcursos.com.br\/blog\/concursos-de-policia\/\" target=\"_blank\" rel=\"noreferrer noopener\">Concursos policiais<\/a><\/li>\n\n\n\n<li><a href=\"https:\/\/www.estrategiaconcursos.com.br\/blog\/concursos-2026\/\" target=\"_blank\" rel=\"noreferrer noopener\">Concursos 2026<\/a><\/li>\n<\/ul>\n\n\n\n<h2 class=\"wp-block-heading has-text-align-center\" id=\"curso\">Quer estudar para o edital PM PB?<\/h2>\n\n\n\n<div class=\"container\" id=\"boxes\">\r\n  <div class=\"row\">\r\n\r\n    <div class=\"col-sm\">\r\n      <div class=\"banner-policia-militar\" id=\"box-assinatura\">\r\n        <h2 class=\"titulo-assinatura\">Concurso PM PB<\/h2>\r\n        <p class=\"subtitulo-assinatura\">Rumo \u00e0 carreira policial dos seus sonhos!<\/p>\r\n        <div class=\"box-botao\">\r\n          <a class=\"btn-assinatura\" target=\"_blank\" href=\"https:\/\/www.estrategiaconcursos.com.br\/cursosPorConcurso\/policia-militar-da-paraiba-pm-pb\/\" role=\"button\" rel=\"noopener noreferrer\">INICIAR AGORA<\/a>\r\n        <\/div>\r\n      <\/div>\r\n    \r\n    <\/div>\r\n\r\n  <\/div>\r\n<\/div>\n\n\n\n<div class=\"container\" id=\"boxes\">\n  <div class=\"row\">\n\n    <div class=\"col-sm\">\n      <div class=\"estrategia\" id=\"box-assinatura\">\n        <h3 class=\"titulo-assinatura\">Assinatura Concursos<\/h3>\n        <p class=\"subtitulo-assinatura\">Assinatura de 1 ano ou 2 anos<\/p>\n        <div class=\"box-botao\">\n          <a class=\"btn-assinatura\" target=\"_blank\" href=\"https:\/\/www.estrategiaconcursos.com.br\/assinaturas\/\" role=\"button\" rel=\"noopener noreferrer\">ASSINE AGORA<\/a>\n        <\/div>\n      <\/div>\n     \n    <\/div><\/div><\/div>\n\n\n\n<figure class=\"wp-block-image size-large is-resized\"><img loading=\"lazy\" decoding=\"async\" width=\"1024\" height=\"632\" src=\"https:\/\/dhg1h5j42swfq.cloudfront.net\/2021\/05\/12212304\/ficha-tecnica-1-1024x632-1-12.png\" alt=\"Informa\u00e7\u00f5es do edital\" class=\"wp-image-739198\" style=\"width:196px;height:auto\" srcset=\"https:\/\/dhg1h5j42swfq.cloudfront.net\/2021\/05\/12212304\/ficha-tecnica-1-1024x632-1-12.png 1024w, https:\/\/dhg1h5j42swfq.cloudfront.net\/2021\/05\/12212304\/ficha-tecnica-1-1024x632-1-12-300x185.png 300w, https:\/\/dhg1h5j42swfq.cloudfront.net\/2021\/05\/12212304\/ficha-tecnica-1-1024x632-1-12-768x474.png 768w, https:\/\/dhg1h5j42swfq.cloudfront.net\/2021\/05\/12212304\/ficha-tecnica-1-1024x632-1-12-610x376.png 610w\" sizes=\"auto, (max-width: 1024px) 100vw, 1024px\" \/><\/figure>\n\n\n\n<h2 class=\"wp-block-heading\" id=\"ficha\">Informa\u00e7\u00f5es do edital PM PB<\/h2>\n\n\n\n<ul class=\"wp-block-list\">\n<li><strong>Provas<\/strong>: notas do ENEM 2025<\/li>\n\n\n\n<li><strong>Banca:<\/strong> PM PB<\/li>\n\n\n\n<li><strong>Vagas:&nbsp;<\/strong>30<\/li>\n\n\n\n<li><strong>Forma\u00e7\u00e3o<\/strong>: superior<\/li>\n\n\n\n<li><strong>Edital: <\/strong><a href=\"https:\/\/dhg1h5j42swfq.cloudfront.net\/2025\/12\/03090944\/edital-pm-pb.pdf\" target=\"_blank\" rel=\"noreferrer noopener nofollow\">PM PB 2025<\/a><\/li>\n<\/ul>\n\n\n\n<p><\/p>\n","protected":false},"excerpt":{"rendered":"<p>Novo edital da Pol\u00edcia Militar da Para\u00edba exige n\u00edvel superior dos inscritos! Est\u00e3o abertas as inscri\u00e7\u00f5es para o edital do concurso PM PB (Pol\u00edcia Militar da Para\u00edba), com 30 vagas para o cargo de Oficial. Os interessados podem se candidatar at\u00e9 23 de dezembro de 2025, no site da Pol\u00edcia Militar, ao custo de R$ [&hellip;]<\/p>\n","protected":false},"author":1483,"featured_media":762929,"comment_status":"open","ping_status":"closed","sticky":false,"template":"","format":"standard","meta":{"post_tipo":"news","footnotes":""},"categories":[220186,220219],"tags":[],"tax_estado":[219978],"class_list":["post-1679189","post","type-post","status-publish","format-standard","has-post-thumbnail","hentry","category-policial-oficial","category-noticias","tax_estado-pb"],"acf":[],"yoast_head":"<!-- This site is optimized with the Yoast SEO Premium plugin v27.2 (Yoast SEO v27.2) - https:\/\/yoast.com\/product\/yoast-seo-premium-wordpress\/ -->\n<title>Edital PM PB tem 30 vagas e inicial de R$ 8,7 mil. Inscreva-se<\/title>\n<meta name=\"description\" content=\"Saiu o edital do concurso PM PB para o cargo de Oficial. S\u00e3o 30 vagas e sal\u00e1rio inicial de R$ 8.745,75, na condi\u00e7\u00e3o de 2\u00ba Tenente\" \/>\n<meta name=\"robots\" content=\"index, follow, max-snippet:-1, max-image-preview:large, max-video-preview:-1\" \/>\n<link rel=\"canonical\" href=\"https:\/\/www.estrategiaconcursos.com.br\/blog\/concurso-pm-pb-edital-publicado-oficial-2025\/\" \/>\n<meta property=\"og:locale\" content=\"pt_BR\" \/>\n<meta property=\"og:type\" content=\"article\" \/>\n<meta property=\"og:title\" content=\"Edital PM PB tem 30 vagas e inicial de R$ 8,7 mil. Inscreva-se\" \/>\n<meta property=\"og:description\" content=\"Saiu o edital do concurso PM PB para o cargo de Oficial. S\u00e3o 30 vagas e sal\u00e1rio inicial de R$ 8.745,75, na condi\u00e7\u00e3o de 2\u00ba Tenente\" \/>\n<meta property=\"og:url\" content=\"https:\/\/www.estrategiaconcursos.com.br\/blog\/concurso-pm-pb-edital-publicado-oficial-2025\/\" \/>\n<meta property=\"og:site_name\" content=\"Estrat\u00e9gia Concursos\" \/>\n<meta property=\"article:published_time\" content=\"2025-12-03T12:18:43+00:00\" \/>\n<meta property=\"article:modified_time\" content=\"2025-12-05T11:29:57+00:00\" \/>\n<meta property=\"og:image\" content=\"https:\/\/dhg1h5j42swfq.cloudfront.net\/2021\/05\/09114807\/pm-pb.jpg\" \/>\n\t<meta property=\"og:image:width\" content=\"768\" \/>\n\t<meta property=\"og:image:height\" content=\"432\" \/>\n\t<meta property=\"og:image:type\" content=\"image\/jpeg\" \/>\n<meta name=\"author\" content=\"Diogo Mendes\" \/>\n<meta name=\"twitter:card\" content=\"summary_large_image\" \/>\n<meta name=\"twitter:creator\" content=\"@EstratConcursos\" \/>\n<meta name=\"twitter:site\" content=\"@EstratConcursos\" \/>\n<meta name=\"twitter:label1\" content=\"Escrito por\" \/>\n\t<meta name=\"twitter:data1\" content=\"Diogo Mendes\" \/>\n\t<meta name=\"twitter:label2\" content=\"Est. tempo de leitura\" \/>\n\t<meta name=\"twitter:data2\" content=\"3 minutos\" \/>\n<script type=\"application\/ld+json\" class=\"yoast-schema-graph\">{\"@context\":\"https:\/\/schema.org\",\"@graph\":[{\"@type\":\"NewsArticle\",\"@id\":\"https:\/\/www.estrategiaconcursos.com.br\/blog\/concurso-pm-pb-edital-publicado-oficial-2025\/#article\",\"isPartOf\":{\"@id\":\"https:\/\/www.estrategiaconcursos.com.br\/blog\/concurso-pm-pb-edital-publicado-oficial-2025\/\"},\"author\":{\"name\":\"Diogo Mendes\",\"@id\":\"https:\/\/www.estrategiaconcursos.com.br\/blog\/#\/schema\/person\/cc9e76173880338ce9f656c88664a1f6\"},\"headline\":\"Edital PM PB tem 30 vagas e inicial de R$ 8,7 mil. Inscreva-se\",\"datePublished\":\"2025-12-03T12:18:43+00:00\",\"dateModified\":\"2025-12-05T11:29:57+00:00\",\"mainEntityOfPage\":{\"@id\":\"https:\/\/www.estrategiaconcursos.com.br\/blog\/concurso-pm-pb-edital-publicado-oficial-2025\/\"},\"wordCount\":521,\"commentCount\":0,\"publisher\":{\"@id\":\"https:\/\/www.estrategiaconcursos.com.br\/blog\/#organization\"},\"image\":{\"@id\":\"https:\/\/www.estrategiaconcursos.com.br\/blog\/concurso-pm-pb-edital-publicado-oficial-2025\/#primaryimage\"},\"thumbnailUrl\":\"https:\/\/dhg1h5j42swfq.cloudfront.net\/2021\/05\/09114807\/pm-pb.jpg\",\"articleSection\":[\"Policial (PM\/BM - Oficial)\",\"\u00daltimas not\u00edcias\"],\"inLanguage\":\"pt-BR\",\"potentialAction\":[{\"@type\":\"CommentAction\",\"name\":\"Comment\",\"target\":[\"https:\/\/www.estrategiaconcursos.com.br\/blog\/concurso-pm-pb-edital-publicado-oficial-2025\/#respond\"]}],\"copyrightYear\":\"2025\",\"copyrightHolder\":{\"@id\":\"https:\/\/www.estrategiaconcursos.com.br\/blog\/#organization\"}},{\"@type\":\"WebPage\",\"@id\":\"https:\/\/www.estrategiaconcursos.com.br\/blog\/concurso-pm-pb-edital-publicado-oficial-2025\/\",\"url\":\"https:\/\/www.estrategiaconcursos.com.br\/blog\/concurso-pm-pb-edital-publicado-oficial-2025\/\",\"name\":\"Edital PM PB tem 30 vagas e inicial de R$ 8,7 mil. Inscreva-se\",\"isPartOf\":{\"@id\":\"https:\/\/www.estrategiaconcursos.com.br\/blog\/#website\"},\"primaryImageOfPage\":{\"@id\":\"https:\/\/www.estrategiaconcursos.com.br\/blog\/concurso-pm-pb-edital-publicado-oficial-2025\/#primaryimage\"},\"image\":{\"@id\":\"https:\/\/www.estrategiaconcursos.com.br\/blog\/concurso-pm-pb-edital-publicado-oficial-2025\/#primaryimage\"},\"thumbnailUrl\":\"https:\/\/dhg1h5j42swfq.cloudfront.net\/2021\/05\/09114807\/pm-pb.jpg\",\"datePublished\":\"2025-12-03T12:18:43+00:00\",\"dateModified\":\"2025-12-05T11:29:57+00:00\",\"description\":\"Saiu o edital do concurso PM PB para o cargo de Oficial. S\u00e3o 30 vagas e sal\u00e1rio inicial de R$ 8.745,75, na condi\u00e7\u00e3o de 2\u00ba Tenente\",\"breadcrumb\":{\"@id\":\"https:\/\/www.estrategiaconcursos.com.br\/blog\/concurso-pm-pb-edital-publicado-oficial-2025\/#breadcrumb\"},\"inLanguage\":\"pt-BR\",\"potentialAction\":[{\"@type\":\"ReadAction\",\"target\":[\"https:\/\/www.estrategiaconcursos.com.br\/blog\/concurso-pm-pb-edital-publicado-oficial-2025\/\"]}]},{\"@type\":\"ImageObject\",\"inLanguage\":\"pt-BR\",\"@id\":\"https:\/\/www.estrategiaconcursos.com.br\/blog\/concurso-pm-pb-edital-publicado-oficial-2025\/#primaryimage\",\"url\":\"https:\/\/dhg1h5j42swfq.cloudfront.net\/2021\/05\/09114807\/pm-pb.jpg\",\"contentUrl\":\"https:\/\/dhg1h5j42swfq.cloudfront.net\/2021\/05\/09114807\/pm-pb.jpg\",\"width\":768,\"height\":432,\"caption\":\"PM PB\"},{\"@type\":\"BreadcrumbList\",\"@id\":\"https:\/\/www.estrategiaconcursos.com.br\/blog\/concurso-pm-pb-edital-publicado-oficial-2025\/#breadcrumb\",\"itemListElement\":[{\"@type\":\"ListItem\",\"position\":1,\"name\":\"In\u00edcio\",\"item\":\"https:\/\/www.estrategiaconcursos.com.br\/blog\/\"},{\"@type\":\"ListItem\",\"position\":2,\"name\":\"Edital PM PB tem 30 vagas e inicial de R$ 8,7 mil. Inscreva-se\"}]},{\"@type\":\"WebSite\",\"@id\":\"https:\/\/www.estrategiaconcursos.com.br\/blog\/#website\",\"url\":\"https:\/\/www.estrategiaconcursos.com.br\/blog\/\",\"name\":\"Estrat\u00e9gia Concursos\",\"description\":\"O blog da Estrat\u00e9gia Concursos traz not\u00edcias sobre concursos e artigos de professores oferecendo cursos para concursos (pdf + videaulas) no site.\",\"publisher\":{\"@id\":\"https:\/\/www.estrategiaconcursos.com.br\/blog\/#organization\"},\"potentialAction\":[{\"@type\":\"SearchAction\",\"target\":{\"@type\":\"EntryPoint\",\"urlTemplate\":\"https:\/\/www.estrategiaconcursos.com.br\/blog\/?s={search_term_string}\"},\"query-input\":{\"@type\":\"PropertyValueSpecification\",\"valueRequired\":true,\"valueName\":\"search_term_string\"}}],\"inLanguage\":\"pt-BR\"},{\"@type\":\"Organization\",\"@id\":\"https:\/\/www.estrategiaconcursos.com.br\/blog\/#organization\",\"name\":\"Estrat\u00e9gia Concursos\",\"url\":\"https:\/\/www.estrategiaconcursos.com.br\/blog\/\",\"logo\":{\"@type\":\"ImageObject\",\"inLanguage\":\"pt-BR\",\"@id\":\"https:\/\/www.estrategiaconcursos.com.br\/blog\/#\/schema\/logo\/image\/\",\"url\":\"https:\/\/dhg1h5j42swfq.cloudfront.net\/2025\/06\/03203428\/logo_concursos-1.jpg\",\"contentUrl\":\"https:\/\/dhg1h5j42swfq.cloudfront.net\/2025\/06\/03203428\/logo_concursos-1.jpg\",\"width\":230,\"height\":60,\"caption\":\"Estrat\u00e9gia Concursos\"},\"image\":{\"@id\":\"https:\/\/www.estrategiaconcursos.com.br\/blog\/#\/schema\/logo\/image\/\"},\"sameAs\":[\"https:\/\/x.com\/EstratConcursos\"]},{\"@type\":\"Person\",\"@id\":\"https:\/\/www.estrategiaconcursos.com.br\/blog\/#\/schema\/person\/cc9e76173880338ce9f656c88664a1f6\",\"name\":\"Diogo Mendes\",\"image\":{\"@type\":\"ImageObject\",\"inLanguage\":\"pt-BR\",\"@id\":\"https:\/\/secure.gravatar.com\/avatar\/9754d6777d460a45ef4067b586b94c32005cc2345a0404b8d96adc620cf63806?s=96&d=mm&r=g\",\"url\":\"https:\/\/secure.gravatar.com\/avatar\/9754d6777d460a45ef4067b586b94c32005cc2345a0404b8d96adc620cf63806?s=96&d=mm&r=g\",\"contentUrl\":\"https:\/\/secure.gravatar.com\/avatar\/9754d6777d460a45ef4067b586b94c32005cc2345a0404b8d96adc620cf63806?s=96&d=mm&r=g\",\"caption\":\"Diogo Mendes\"},\"description\":\"Diogo Mendes \u00e9 jornalista formado pela Universidade Paulista, com experi\u00eancia em reda\u00e7\u00f5es de diversos ve\u00edculos e na produ\u00e7\u00e3o de conte\u00fados especializados em concursos p\u00fablicos. Desde 2019, atua no Estrat\u00e9gia Concursos como Jornalista e Analista de Conte\u00fado, com foco na apura\u00e7\u00e3o de informa\u00e7\u00f5es junto a \u00f3rg\u00e3os e fontes oficiais. Dedica-se especialmente \u00e0 produ\u00e7\u00e3o de not\u00edcias e reportagens sobre Concursos Legislativos, al\u00e9m de acompanhar diariamente os concursos policiais, banc\u00e1rios e da \u00e1rea da sa\u00fade.\",\"url\":\"https:\/\/www.estrategiaconcursos.com.br\/blog\/author\/diogo-mendesestrategiaconcursos-com-br\/\"}]}<\/script>\n<!-- \/ Yoast SEO Premium plugin. -->","yoast_head_json":{"title":"Edital PM PB tem 30 vagas e inicial de R$ 8,7 mil. Inscreva-se","description":"Saiu o edital do concurso PM PB para o cargo de Oficial. S\u00e3o 30 vagas e sal\u00e1rio inicial de R$ 8.745,75, na condi\u00e7\u00e3o de 2\u00ba Tenente","robots":{"index":"index","follow":"follow","max-snippet":"max-snippet:-1","max-image-preview":"max-image-preview:large","max-video-preview":"max-video-preview:-1"},"canonical":"https:\/\/www.estrategiaconcursos.com.br\/blog\/concurso-pm-pb-edital-publicado-oficial-2025\/","og_locale":"pt_BR","og_type":"article","og_title":"Edital PM PB tem 30 vagas e inicial de R$ 8,7 mil. Inscreva-se","og_description":"Saiu o edital do concurso PM PB para o cargo de Oficial. S\u00e3o 30 vagas e sal\u00e1rio inicial de R$ 8.745,75, na condi\u00e7\u00e3o de 2\u00ba Tenente","og_url":"https:\/\/www.estrategiaconcursos.com.br\/blog\/concurso-pm-pb-edital-publicado-oficial-2025\/","og_site_name":"Estrat\u00e9gia Concursos","article_published_time":"2025-12-03T12:18:43+00:00","article_modified_time":"2025-12-05T11:29:57+00:00","og_image":[{"width":768,"height":432,"url":"https:\/\/dhg1h5j42swfq.cloudfront.net\/2021\/05\/09114807\/pm-pb.jpg","type":"image\/jpeg"}],"author":"Diogo Mendes","twitter_card":"summary_large_image","twitter_creator":"@EstratConcursos","twitter_site":"@EstratConcursos","twitter_misc":{"Escrito por":"Diogo Mendes","Est. tempo de leitura":"3 minutos"},"schema":{"@context":"https:\/\/schema.org","@graph":[{"@type":"NewsArticle","@id":"https:\/\/www.estrategiaconcursos.com.br\/blog\/concurso-pm-pb-edital-publicado-oficial-2025\/#article","isPartOf":{"@id":"https:\/\/www.estrategiaconcursos.com.br\/blog\/concurso-pm-pb-edital-publicado-oficial-2025\/"},"author":{"name":"Diogo Mendes","@id":"https:\/\/www.estrategiaconcursos.com.br\/blog\/#\/schema\/person\/cc9e76173880338ce9f656c88664a1f6"},"headline":"Edital PM PB tem 30 vagas e inicial de R$ 8,7 mil. Inscreva-se","datePublished":"2025-12-03T12:18:43+00:00","dateModified":"2025-12-05T11:29:57+00:00","mainEntityOfPage":{"@id":"https:\/\/www.estrategiaconcursos.com.br\/blog\/concurso-pm-pb-edital-publicado-oficial-2025\/"},"wordCount":521,"commentCount":0,"publisher":{"@id":"https:\/\/www.estrategiaconcursos.com.br\/blog\/#organization"},"image":{"@id":"https:\/\/www.estrategiaconcursos.com.br\/blog\/concurso-pm-pb-edital-publicado-oficial-2025\/#primaryimage"},"thumbnailUrl":"https:\/\/dhg1h5j42swfq.cloudfront.net\/2021\/05\/09114807\/pm-pb.jpg","articleSection":["Policial (PM\/BM - Oficial)","\u00daltimas not\u00edcias"],"inLanguage":"pt-BR","potentialAction":[{"@type":"CommentAction","name":"Comment","target":["https:\/\/www.estrategiaconcursos.com.br\/blog\/concurso-pm-pb-edital-publicado-oficial-2025\/#respond"]}],"copyrightYear":"2025","copyrightHolder":{"@id":"https:\/\/www.estrategiaconcursos.com.br\/blog\/#organization"}},{"@type":"WebPage","@id":"https:\/\/www.estrategiaconcursos.com.br\/blog\/concurso-pm-pb-edital-publicado-oficial-2025\/","url":"https:\/\/www.estrategiaconcursos.com.br\/blog\/concurso-pm-pb-edital-publicado-oficial-2025\/","name":"Edital PM PB tem 30 vagas e inicial de R$ 8,7 mil. Inscreva-se","isPartOf":{"@id":"https:\/\/www.estrategiaconcursos.com.br\/blog\/#website"},"primaryImageOfPage":{"@id":"https:\/\/www.estrategiaconcursos.com.br\/blog\/concurso-pm-pb-edital-publicado-oficial-2025\/#primaryimage"},"image":{"@id":"https:\/\/www.estrategiaconcursos.com.br\/blog\/concurso-pm-pb-edital-publicado-oficial-2025\/#primaryimage"},"thumbnailUrl":"https:\/\/dhg1h5j42swfq.cloudfront.net\/2021\/05\/09114807\/pm-pb.jpg","datePublished":"2025-12-03T12:18:43+00:00","dateModified":"2025-12-05T11:29:57+00:00","description":"Saiu o edital do concurso PM PB para o cargo de Oficial. S\u00e3o 30 vagas e sal\u00e1rio inicial de R$ 8.745,75, na condi\u00e7\u00e3o de 2\u00ba Tenente","breadcrumb":{"@id":"https:\/\/www.estrategiaconcursos.com.br\/blog\/concurso-pm-pb-edital-publicado-oficial-2025\/#breadcrumb"},"inLanguage":"pt-BR","potentialAction":[{"@type":"ReadAction","target":["https:\/\/www.estrategiaconcursos.com.br\/blog\/concurso-pm-pb-edital-publicado-oficial-2025\/"]}]},{"@type":"ImageObject","inLanguage":"pt-BR","@id":"https:\/\/www.estrategiaconcursos.com.br\/blog\/concurso-pm-pb-edital-publicado-oficial-2025\/#primaryimage","url":"https:\/\/dhg1h5j42swfq.cloudfront.net\/2021\/05\/09114807\/pm-pb.jpg","contentUrl":"https:\/\/dhg1h5j42swfq.cloudfront.net\/2021\/05\/09114807\/pm-pb.jpg","width":768,"height":432,"caption":"PM PB"},{"@type":"BreadcrumbList","@id":"https:\/\/www.estrategiaconcursos.com.br\/blog\/concurso-pm-pb-edital-publicado-oficial-2025\/#breadcrumb","itemListElement":[{"@type":"ListItem","position":1,"name":"In\u00edcio","item":"https:\/\/www.estrategiaconcursos.com.br\/blog\/"},{"@type":"ListItem","position":2,"name":"Edital PM PB tem 30 vagas e inicial de R$ 8,7 mil. Inscreva-se"}]},{"@type":"WebSite","@id":"https:\/\/www.estrategiaconcursos.com.br\/blog\/#website","url":"https:\/\/www.estrategiaconcursos.com.br\/blog\/","name":"Estrat\u00e9gia Concursos","description":"O blog da Estrat\u00e9gia Concursos traz not\u00edcias sobre concursos e artigos de professores oferecendo cursos para concursos (pdf + videaulas) no site.","publisher":{"@id":"https:\/\/www.estrategiaconcursos.com.br\/blog\/#organization"},"potentialAction":[{"@type":"SearchAction","target":{"@type":"EntryPoint","urlTemplate":"https:\/\/www.estrategiaconcursos.com.br\/blog\/?s={search_term_string}"},"query-input":{"@type":"PropertyValueSpecification","valueRequired":true,"valueName":"search_term_string"}}],"inLanguage":"pt-BR"},{"@type":"Organization","@id":"https:\/\/www.estrategiaconcursos.com.br\/blog\/#organization","name":"Estrat\u00e9gia Concursos","url":"https:\/\/www.estrategiaconcursos.com.br\/blog\/","logo":{"@type":"ImageObject","inLanguage":"pt-BR","@id":"https:\/\/www.estrategiaconcursos.com.br\/blog\/#\/schema\/logo\/image\/","url":"https:\/\/dhg1h5j42swfq.cloudfront.net\/2025\/06\/03203428\/logo_concursos-1.jpg","contentUrl":"https:\/\/dhg1h5j42swfq.cloudfront.net\/2025\/06\/03203428\/logo_concursos-1.jpg","width":230,"height":60,"caption":"Estrat\u00e9gia Concursos"},"image":{"@id":"https:\/\/www.estrategiaconcursos.com.br\/blog\/#\/schema\/logo\/image\/"},"sameAs":["https:\/\/x.com\/EstratConcursos"]},{"@type":"Person","@id":"https:\/\/www.estrategiaconcursos.com.br\/blog\/#\/schema\/person\/cc9e76173880338ce9f656c88664a1f6","name":"Diogo Mendes","image":{"@type":"ImageObject","inLanguage":"pt-BR","@id":"https:\/\/secure.gravatar.com\/avatar\/9754d6777d460a45ef4067b586b94c32005cc2345a0404b8d96adc620cf63806?s=96&d=mm&r=g","url":"https:\/\/secure.gravatar.com\/avatar\/9754d6777d460a45ef4067b586b94c32005cc2345a0404b8d96adc620cf63806?s=96&d=mm&r=g","contentUrl":"https:\/\/secure.gravatar.com\/avatar\/9754d6777d460a45ef4067b586b94c32005cc2345a0404b8d96adc620cf63806?s=96&d=mm&r=g","caption":"Diogo Mendes"},"description":"Diogo Mendes \u00e9 jornalista formado pela Universidade Paulista, com experi\u00eancia em reda\u00e7\u00f5es de diversos ve\u00edculos e na produ\u00e7\u00e3o de conte\u00fados especializados em concursos p\u00fablicos. Desde 2019, atua no Estrat\u00e9gia Concursos como Jornalista e Analista de Conte\u00fado, com foco na apura\u00e7\u00e3o de informa\u00e7\u00f5es junto a \u00f3rg\u00e3os e fontes oficiais. Dedica-se especialmente \u00e0 produ\u00e7\u00e3o de not\u00edcias e reportagens sobre Concursos Legislativos, al\u00e9m de acompanhar diariamente os concursos policiais, banc\u00e1rios e da \u00e1rea da sa\u00fade.","url":"https:\/\/www.estrategiaconcursos.com.br\/blog\/author\/diogo-mendesestrategiaconcursos-com-br\/"}]}},"_links":{"self":[{"href":"https:\/\/www.estrategiaconcursos.com.br\/blog\/wp-json\/wp\/v2\/posts\/1679189","targetHints":{"allow":["GET"]}}],"collection":[{"href":"https:\/\/www.estrategiaconcursos.com.br\/blog\/wp-json\/wp\/v2\/posts"}],"about":[{"href":"https:\/\/www.estrategiaconcursos.com.br\/blog\/wp-json\/wp\/v2\/types\/post"}],"author":[{"embeddable":true,"href":"https:\/\/www.estrategiaconcursos.com.br\/blog\/wp-json\/wp\/v2\/users\/1483"}],"replies":[{"embeddable":true,"href":"https:\/\/www.estrategiaconcursos.com.br\/blog\/wp-json\/wp\/v2\/comments?post=1679189"}],"version-history":[{"count":32,"href":"https:\/\/www.estrategiaconcursos.com.br\/blog\/wp-json\/wp\/v2\/posts\/1679189\/revisions"}],"predecessor-version":[{"id":1680611,"href":"https:\/\/www.estrategiaconcursos.com.br\/blog\/wp-json\/wp\/v2\/posts\/1679189\/revisions\/1680611"}],"wp:featuredmedia":[{"embeddable":true,"href":"https:\/\/www.estrategiaconcursos.com.br\/blog\/wp-json\/wp\/v2\/media\/762929"}],"wp:attachment":[{"href":"https:\/\/www.estrategiaconcursos.com.br\/blog\/wp-json\/wp\/v2\/media?parent=1679189"}],"wp:term":[{"taxonomy":"category","embeddable":true,"href":"https:\/\/www.estrategiaconcursos.com.br\/blog\/wp-json\/wp\/v2\/categories?post=1679189"},{"taxonomy":"post_tag","embeddable":true,"href":"https:\/\/www.estrategiaconcursos.com.br\/blog\/wp-json\/wp\/v2\/tags?post=1679189"},{"taxonomy":"tax_estado","embeddable":true,"href":"https:\/\/www.estrategiaconcursos.com.br\/blog\/wp-json\/wp\/v2\/tax_estado?post=1679189"}],"curies":[{"name":"wp","href":"https:\/\/api.w.org\/{rel}","templated":true}]}}