{"id":167904,"date":"2021-08-21T09:53:34","date_gmt":"2021-08-21T12:53:34","guid":{"rendered":"https:\/\/www.estrategiaconcursos.com.br\/blog\/?p=167904"},"modified":"2025-10-30T16:05:40","modified_gmt":"2025-10-30T19:05:40","slug":"concurso-camara-de-curitiba","status":"publish","type":"post","link":"https:\/\/www.estrategiaconcursos.com.br\/blog\/concurso-camara-de-curitiba\/","title":{"rendered":"Concurso C\u00e2mara de Curitiba: resultado final para Contador"},"content":{"rendered":"\n<p>O <a href=\"https:\/\/servicos.nc.ufpr.br\/PortalNC\/Concurso?concurso=CMC2019\" target=\"_blank\" rel=\"noreferrer noopener\">N\u00facleo de Concursos da UFPR<\/a>, banca organizadora do <strong>concurso C\u00e2mara de Curitiba<\/strong>, publicou o <a href=\"https:\/\/servicos.nc.ufpr.br\/PortalNC\/PublicacaoDocumento?pub=3270\" target=\"_blank\" rel=\"noreferrer noopener\">resultado final<\/a> do certame para o <strong>cargo de Contador.<\/strong> <\/p>\n\n\n\n<p>\u00c9 v\u00e1lido lembrar que a etapa da prova discursiva foi retomada, reagendada e realizada no dia <strong>1\u00ba de agosto de 2021<\/strong>. Al\u00e9m disso, as provas objetivas dos demais cargos foram realizadas em fevereiro de 2020, ap\u00f3s 12 anos sem que qualquer sele\u00e7\u00e3o fosse realizada. <\/p>\n\n\n\n<p>O Concurso C\u00e2mara de Curitiba ofertou o total de <strong>37 vagas <\/strong>mais cadastro reserva para cargos de n\u00edveis m\u00e9dio e superior.<\/p>\n\n\n\n<p>Confira todas as informa\u00e7\u00f5es do concurso. Nosso objetivo \u00e9 deix\u00e1-los 100% informado. Acompanhe pelos t\u00f3picos a seguir: <\/p>\n\n\n\n<ul class=\"wp-block-list\"><li><a href=\"#principais\">Principais datas concurso<\/a><\/li><li><a href=\"#vagas\">Cargos e vagas<\/a><\/li><li><a href=\"#etapas\">Etapas do Concurso<\/a><ul><li><a href=\"#objetiva\">Prova Objetiva<\/a><\/li><\/ul><\/li><li><a href=\"#cargos\">Sobre os cargos<\/a><ul><li><a href=\"#cargos-vagos\">Cargos vagos<\/a><\/li><li><a href=\"#comissionados\">Cargos comissionados<\/a><\/li><li><a href=\"#remuneracao\">Tabela de Remunera\u00e7\u00e3o<\/a><\/li><\/ul><\/li><li><a href=\"#ultimo\">\u00daltimo concurso<\/a><ul><li><a href=\"#etapas-ultimo\">Etapas e provas<\/a><\/li><li><a href=\"#provas-ultimo\">Provas \u00faltimo concurso<\/a><\/li><\/ul><\/li><li><a href=\"#cursos\">Cursos e assinaturas<\/a><\/li><li><a href=\"#ficha\">Ficha t\u00e9cnica<\/a><\/li><\/ul>\n\n\n\n<h2 class=\"wp-block-heading\" id=\"principais\">Principais datas do concurso C\u00e2mara de Curitiba<\/h2>\n\n\n\n<p>Foi publicado no site do N\u00facleo de Concursos da UFPR, a remarca\u00e7\u00e3o da prova discursiva, para o cargo de contador. Segundo o <a href=\"https:\/\/dhg1h5j42swfq.cloudfront.net\/2021\/07\/06091714\/do-129-20-23.pdf\" target=\"_blank\" rel=\"noreferrer noopener\">comunicado<\/a>, a etapa de provas foi remarcada e realizada em <strong>01 de agosto de 2021<\/strong>.<\/p>\n\n\n\n<p class=\"has-very-light-gray-background-color has-background\"><strong>Per\u00edodo de inscri\u00e7\u00e3o<\/strong>: <s>19\/11 a 18\/12\/2020<\/s><br \/><strong>Isen\u00e7\u00e3o da taxa<\/strong>: <s>19\/11 a 28\/11\/2020<\/s><br \/><strong>Prova Objetiva<\/strong>:<s> 02\/02\/2020<\/s><br \/><s><strong>Prova te\u00f3rica discursiva (Contador)<\/strong>: 01\/08\/2021<\/s><\/p>\n\n\n\n<p>Novas retifica\u00e7\u00f5es j\u00e1 haviam sido registradas no edital do certame. Confira no link abaixo!<\/p>\n\n\n\n<p class=\"has-text-align-center has-very-light-gray-background-color has-background\" style=\"font-size:clamp(14px, 0.875rem + ((1vw - 3.2px) * 0.392), 18px);px\"><a href=\"https:\/\/dhg1h5j42swfq.cloudfront.net\/2019\/11\/19101515\/Retifica%C3%A7%C3%A3o_-_C%C3%A2mara_de_Curitiba.pdf\" target=\"_blank\" rel=\"noreferrer noopener nofollow\"><strong>Retifica\u00e7\u00f5es &#8211; C\u00e2mara de Curitiba<\/strong><\/a><\/p>\n\n\n\n<h2 class=\"wp-block-heading\" id=\"vagas\">Cargos e vagas do concurso C\u00e2mara de Curitiba <\/h2>\n\n\n\n<p>O Concurso C\u00e2mara de Curitiba ofertou o total de 37 vagas mais cadastro de reserva para cargos de n\u00edvel m\u00e9dio e superior. Acompanhe a seguir como feita a distribui\u00e7\u00e3o das vagas.<\/p>\n\n\n\n<p><strong>Ensino M\u00e9dio<\/strong><\/p>\n\n\n\n<ul class=\"wp-block-list\"><li><strong>T\u00e9cnico Administrativo \u2013 24 vagas + CR<\/strong><\/li><li>Remunera\u00e7\u00e3o: R$ 2.259,27<\/li><li>Requisito: Ensino M\u00e9dio Completo.<\/li><\/ul>\n\n\n\n<p><strong>Ensino Superior<\/strong><\/p>\n\n\n\n<ul class=\"wp-block-list\"><li><strong>Analista Legislativo \u2013 4 vagas + CR<\/strong><\/li><li>Remunera\u00e7\u00e3o: R$ 3.835,25<\/li><li>Requisito: Curso Superior Completo em qualquer \u00e1rea de forma\u00e7\u00e3o ou Tecn\u00f3logo. <\/li><\/ul>\n\n\n\n<ul class=\"wp-block-list\"><li><strong>Contador \u2013 1 vaga + CR<\/strong><\/li><li>Remunera\u00e7\u00e3o: R$ 3.835,25<\/li><li>Requisito: Curso Superior Completo em Ci\u00eancias Cont\u00e1beis + Registro no Conselho Regional de Contabilidade do Estado do Paran\u00e1 (CRC-PR).<\/li><\/ul>\n\n\n\n<ul class=\"wp-block-list\"><li><strong>Procurador Jur\u00eddico \u2013 6 vagas + CR<\/strong><\/li><li>Remunera\u00e7\u00e3o: R$ 4.556,38<\/li><li>Requisito: Curso Superior Completo em Direito + Registro na Ordem dos Advogados do Brasil (OAB) \u2013 Se\u00e7\u00e3o Regional.<\/li><\/ul>\n\n\n\n<ul class=\"wp-block-list\"><li><strong>Redator \u2013 2 vagas + CR<\/strong><\/li><li>Remunera\u00e7\u00e3o: R$ 3.835,25<\/li><li>Requisito: Curso Superior Completo em Letras\/Portugu\u00eas, Comunica\u00e7\u00e3o Social ou Pedagogia + Registro no Conselho Profissional correspondente se houver.<\/li><\/ul>\n\n\n\n<h2 class=\"wp-block-heading\" id=\"etapas\">Etapas do Concurso C\u00e2mara de Curitiba<\/h2>\n\n\n\n<p>O Concurso C\u00e2mara de Curitiba foi constitu\u00eddo de uma Prova Objetiva para todos cargos e Prova de Reda\u00e7\u00e3o e Parecer para os cargos de n\u00edvel superior. Confira a seguir mais detalhes para as duas etapas.<\/p>\n\n\n\n<h3 class=\"wp-block-heading\" id=\"objetiva\">Prova Objetiva<\/h3>\n\n\n\n<p>A prova foi realizada no dia\u00a0<strong>02 de fevereiro de 2020<\/strong>, na cidade de\u00a0<strong>Curitiba<\/strong>, com in\u00edcio \u00e0s\u00a0<strong>13h30<\/strong>, com dura\u00e7\u00e3o de 5 horas e 30 minutos. Veja como foi a distribui\u00e7\u00e3o de quest\u00f5es e as disciplinas cobradas.<\/p>\n\n\n\n<p><strong>N\u00edvel M\u00e9dio \u2013 T\u00e9cnico Administrativo<\/strong><\/p>\n\n\n\n<ul class=\"wp-block-list\"><li>L\u00edngua Portuguesa \u2013 10<\/li><li>Racioc\u00ednio Matem\u00e1tico \u2013 5<\/li><li>Legisla\u00e7\u00e3o \u2013 15<\/li><li>Conhecimento Espec\u00edfico \u2013 10<\/li><li>Reda\u00e7\u00e3o<\/li><\/ul>\n\n\n\n<p><strong>N\u00edvel Superior \u2013 Analista Legislativo<\/strong><\/p>\n\n\n\n<ul class=\"wp-block-list\"><li>L\u00edngua Portuguesa \u2013 10<\/li><li>Racioc\u00ednio Matem\u00e1tico \u2013 5<\/li><li>Legisla\u00e7\u00e3o \u2013 10<\/li><li>Conhecimento Espec\u00edfico \u2013 15<\/li><li>Parecer<\/li><\/ul>\n\n\n\n<p><strong>N\u00edvel Superior \u2013 Contador<\/strong><\/p>\n\n\n\n<ul class=\"wp-block-list\"><li>L\u00edngua Portuguesa \u2013 10<\/li><li>Legisla\u00e7\u00e3o \u2013 10<\/li><li>Conhecimento Espec\u00edfico \u2013 20<\/li><li>Parecer<\/li><\/ul>\n\n\n\n<p><strong>N\u00edvel Superior \u2013 Procurador Jur\u00eddico<\/strong><\/p>\n\n\n\n<ul class=\"wp-block-list\"><li>L\u00edngua Portuguesa \u2013 05<\/li><li>Legisla\u00e7\u00e3o \u2013 05<\/li><li>Conhecimento Espec\u00edfico \u2013 35<\/li><li>1 Parecer e 1 Quest\u00e3o Discursiva<\/li><\/ul>\n\n\n\n<p><strong>N\u00edvel Superior \u2013 Redator<\/strong><\/p>\n\n\n\n<ul class=\"wp-block-list\"><li>Legisla\u00e7\u00e3o \u2013 10<\/li><li>Conhecimento Espec\u00edfico \u2013 30<\/li><li>Compreens\u00e3o e Produ\u00e7\u00e3o de Textos<\/li><\/ul>\n\n\n\n<p>Foram considerados classificados para a corre\u00e7\u00e3o das quest\u00f5es discursivas os candidatos que alcan\u00e7aram, no m\u00ednimo, 60 no total do conjunto das quest\u00f5es objetivas, respeitando a classifica\u00e7\u00e3o abaixo.<\/p>\n\n\n\n<div class=\"wp-block-image\"><figure class=\"aligncenter\"><img decoding=\"async\" src=\"https:\/\/dhg1h5j42swfq.cloudfront.net\/2019\/11\/06121439\/concurso-c%C3%A2mara-de-curitiba.png\" alt=\"concurso c\u00e2mara de curitiba\" class=\"wp-image-444780\"\/><figcaption>Classificados para pr\u00f3xima fase do concurso C\u00e2mara de Curitiba<\/figcaption><\/figure><\/div>\n\n\n\n<p class=\"has-text-align-center has-very-light-gray-background-color has-background has-medium-font-size\"><a href=\"https:\/\/www.estrategiaconcursos.com.br\/blog\/edital-estrategico-camara-de-curitiba\/\"><strong>Edital Estrat\u00e9gico C\u00e2mara de  Curitiba<\/strong><\/a> <\/p>\n\n\n\n<h2 class=\"wp-block-heading\" id=\"cargos\">Conhe\u00e7a os cargos da C\u00e2mara de Curitiba<\/h2>\n\n\n\n<h3 class=\"wp-block-heading\" id=\"cargos-vagos\">Cargos vagos<\/h3>\n\n\n\n<p>Obtivemos atrav\u00e9s da<em> Lei de Acesso \u00e0 Informa\u00e7\u00e3o<\/em> os dados da quantidade de cargos vagos e ocupados no \u00f3rg\u00e3o. Est\u00e3o dispon\u00edveis 184 vagas, ocupadas s\u00e3o 164. <em>Confira abaixo a quantidade para cada cargo<\/em>.<\/p>\n\n\n\n<figure class=\"wp-block-table is-style-stripes\"><table class=\"has-subtle-pale-blue-background-color has-fixed-layout has-background\"><tbody><tr><td class=\"has-text-align-center\" data-align=\"center\"><strong>Cargos<\/strong><\/td><td class=\"has-text-align-center\" data-align=\"center\"><strong>Vagas<\/strong><\/td><td class=\"has-text-align-center\" data-align=\"center\"><strong>Ocupadas <\/strong><\/td><td class=\"has-text-align-center\" data-align=\"center\"><strong>Dispon\u00edveis<\/strong><\/td><\/tr><tr><td class=\"has-text-align-center\" data-align=\"center\">Analista &#8211; Comiss\u00f5es<\/td><td class=\"has-text-align-center\" data-align=\"center\">11<\/td><td class=\"has-text-align-center\" data-align=\"center\">5<\/td><td class=\"has-text-align-center\" data-align=\"center\">6<\/td><\/tr><tr><td class=\"has-text-align-center\" data-align=\"center\">Analista de Administra\u00e7\u00e3o e Recursos Humanos<\/td><td class=\"has-text-align-center\" data-align=\"center\">3<\/td><td class=\"has-text-align-center\" data-align=\"center\">1<\/td><td class=\"has-text-align-center\" data-align=\"center\">2<\/td><\/tr><tr><td class=\"has-text-align-center\" data-align=\"center\">Analista de Sistemas<\/td><td class=\"has-text-align-center\" data-align=\"center\">10<\/td><td class=\"has-text-align-center\" data-align=\"center\">10<\/td><td class=\"has-text-align-center\" data-align=\"center\">0<\/td><\/tr><tr><td class=\"has-text-align-center\" data-align=\"center\">Analista Econ\u00f4mico-Financeiro<\/td><td class=\"has-text-align-center\" data-align=\"center\">9<\/td><td class=\"has-text-align-center\" data-align=\"center\">4<\/td><td class=\"has-text-align-center\" data-align=\"center\">5<\/td><\/tr><tr><td class=\"has-text-align-center\" data-align=\"center\">Analista Legislativo<\/td><td class=\"has-text-align-center\" data-align=\"center\">18<\/td><td class=\"has-text-align-center\" data-align=\"center\">6<\/td><td class=\"has-text-align-center\" data-align=\"center\">12<\/td><\/tr><tr><td class=\"has-text-align-center\" data-align=\"center\">Assistente de Administra\u00e7\u00e3o<\/td><td class=\"has-text-align-center\" data-align=\"center\">30<\/td><td class=\"has-text-align-center\" data-align=\"center\">8<\/td><td class=\"has-text-align-center\" data-align=\"center\">22<\/td><\/tr><tr><td class=\"has-text-align-center\" data-align=\"center\"> Assistente de Administra\u00e7\u00e3o -CLT <\/td><td class=\"has-text-align-center\" data-align=\"center\">1<\/td><td class=\"has-text-align-center\" data-align=\"center\">1<\/td><td class=\"has-text-align-center\" data-align=\"center\">0<\/td><\/tr><tr><td class=\"has-text-align-center\" data-align=\"center\">Assistente Social<\/td><td class=\"has-text-align-center\" data-align=\"center\">1<\/td><td class=\"has-text-align-center\" data-align=\"center\">1<\/td><td class=\"has-text-align-center\" data-align=\"center\">0<\/td><\/tr><tr><td class=\"has-text-align-center\" data-align=\"center\">Auxiliar de Seguran\u00e7a<\/td><td class=\"has-text-align-center\" data-align=\"center\">3<\/td><td class=\"has-text-align-center\" data-align=\"center\">1<\/td><td class=\"has-text-align-center\" data-align=\"center\">2<\/td><\/tr><tr><td class=\"has-text-align-center\" data-align=\"center\">Auxiliar de Servi\u00e7os<\/td><td class=\"has-text-align-center\" data-align=\"center\">21<\/td><td class=\"has-text-align-center\" data-align=\"center\">10<\/td><td class=\"has-text-align-center\" data-align=\"center\">11<\/td><\/tr><tr><td class=\"has-text-align-center\" data-align=\"center\">Bibliotec\u00e1rio<\/td><td class=\"has-text-align-center\" data-align=\"center\">2<\/td><td class=\"has-text-align-center\" data-align=\"center\">1<\/td><td class=\"has-text-align-center\" data-align=\"center\">1<\/td><\/tr><tr><td class=\"has-text-align-center\" data-align=\"center\">Contador<\/td><td class=\"has-text-align-center\" data-align=\"center\">5<\/td><td class=\"has-text-align-center\" data-align=\"center\">4<\/td><td class=\"has-text-align-center\" data-align=\"center\">1<\/td><\/tr><tr><td class=\"has-text-align-center\" data-align=\"center\">Enfermeiro<\/td><td class=\"has-text-align-center\" data-align=\"center\">2<\/td><td class=\"has-text-align-center\" data-align=\"center\">1<\/td><td class=\"has-text-align-center\" data-align=\"center\">1<\/td><\/tr><tr><td class=\"has-text-align-center\" data-align=\"center\">Jornalista<\/td><td class=\"has-text-align-center\" data-align=\"center\">11<\/td><td class=\"has-text-align-center\" data-align=\"center\">7<\/td><td class=\"has-text-align-center\" data-align=\"center\">4<\/td><\/tr><tr><td class=\"has-text-align-center\" data-align=\"center\">M\u00e9dico<\/td><td class=\"has-text-align-center\" data-align=\"center\">4<\/td><td class=\"has-text-align-center\" data-align=\"center\">0<\/td><td class=\"has-text-align-center\" data-align=\"center\">4<\/td><\/tr><tr><td class=\"has-text-align-center\" data-align=\"center\">Motorista<\/td><td class=\"has-text-align-center\" data-align=\"center\">12<\/td><td class=\"has-text-align-center\" data-align=\"center\">4<\/td><td class=\"has-text-align-center\" data-align=\"center\">8<\/td><\/tr><tr><td class=\"has-text-align-center\" data-align=\"center\">Procurador Jur\u00eddico<\/td><td class=\"has-text-align-center\" data-align=\"center\">18<\/td><td class=\"has-text-align-center\" data-align=\"center\">8<\/td><td class=\"has-text-align-center\" data-align=\"center\">10<\/td><\/tr><tr><td class=\"has-text-align-center\" data-align=\"center\">Programador de Computador<\/td><td class=\"has-text-align-center\" data-align=\"center\">2<\/td><td class=\"has-text-align-center\" data-align=\"center\">2<\/td><td class=\"has-text-align-center\" data-align=\"center\">0<\/td><\/tr><tr><td class=\"has-text-align-center\" data-align=\"center\">Redator<\/td><td class=\"has-text-align-center\" data-align=\"center\">13<\/td><td class=\"has-text-align-center\" data-align=\"center\">6<\/td><td class=\"has-text-align-center\" data-align=\"center\">7<\/td><\/tr><tr><td class=\"has-text-align-center\" data-align=\"center\">Taqu\u00edgrafo II<\/td><td class=\"has-text-align-center\" data-align=\"center\">15<\/td><td class=\"has-text-align-center\" data-align=\"center\">0<\/td><td class=\"has-text-align-center\" data-align=\"center\">15<\/td><\/tr><tr><td class=\"has-text-align-center\" data-align=\"center\">Taqu\u00edgrafo I<\/td><td class=\"has-text-align-center\" data-align=\"center\">20<\/td><td class=\"has-text-align-center\" data-align=\"center\">13<\/td><td class=\"has-text-align-center\" data-align=\"center\">7<\/td><\/tr><tr><td class=\"has-text-align-center\" data-align=\"center\">T\u00e9cnico Administrativo<\/td><td class=\"has-text-align-center\" data-align=\"center\">118<\/td><td class=\"has-text-align-center\" data-align=\"center\">62<\/td><td class=\"has-text-align-center\" data-align=\"center\">56<\/td><\/tr><tr><td class=\"has-text-align-center\" data-align=\"center\">T\u00e9cnico de Suporte em Inform\u00e1tica<\/td><td class=\"has-text-align-center\" data-align=\"center\">6<\/td><td class=\"has-text-align-center\" data-align=\"center\">6<\/td><td class=\"has-text-align-center\" data-align=\"center\">0<\/td><\/tr><tr><td class=\"has-text-align-center\" data-align=\"center\">T\u00e9cnico em Contabilidade<\/td><td class=\"has-text-align-center\" data-align=\"center\">4<\/td><td class=\"has-text-align-center\" data-align=\"center\">0<\/td><td class=\"has-text-align-center\" data-align=\"center\">4<\/td><\/tr><tr><td class=\"has-text-align-center\" data-align=\"center\">T\u00e9cnico em Enfermagem<\/td><td class=\"has-text-align-center\" data-align=\"center\">2<\/td><td class=\"has-text-align-center\" data-align=\"center\">1<\/td><td class=\"has-text-align-center\" data-align=\"center\">1<\/td><\/tr><tr><td class=\"has-text-align-center\" data-align=\"center\">Telefonista<\/td><td class=\"has-text-align-center\" data-align=\"center\">7<\/td><td class=\"has-text-align-center\" data-align=\"center\">2<\/td><td class=\"has-text-align-center\" data-align=\"center\">5<\/td><\/tr><tr><td class=\"has-text-align-center\" data-align=\"center\">Totais<\/td><td class=\"has-text-align-center\" data-align=\"center\">348<\/td><td class=\"has-text-align-center\" data-align=\"center\">164<\/td><td class=\"has-text-align-center\" data-align=\"center\">184<\/td><\/tr><\/tbody><\/table><\/figure>\n\n\n\n<h3 class=\"wp-block-heading\" id=\"comissionados\">Cargos comissionados<\/h3>\n\n\n\n<figure class=\"wp-block-image\"><img decoding=\"async\" src=\"https:\/\/dhg1h5j42swfq.cloudfront.net\/2019\/08\/17104303\/cargos-omissionados-1-concurso-C%C3%A2mara-de-Curitiba.png\" alt=\"\" class=\"wp-image-420782\"\/><\/figure>\n\n\n\n<figure class=\"wp-block-image\"><img decoding=\"async\" src=\"https:\/\/dhg1h5j42swfq.cloudfront.net\/2019\/08\/17104337\/cargos-comissionados-2-concurso-C%C3%A2mara-de-Curitiba.png\" alt=\"concurso C\u00e2mara de Curitiba: cargos comisisonados\" class=\"wp-image-420783\"\/><\/figure>\n\n\n\n<h3 class=\"wp-block-heading\" id=\"remeuneracao\">Remunera\u00e7\u00e3o<\/h3>\n\n\n\n<p>Conforme consta no Portal da Transpar\u00eancia da C\u00e2mara de Curitiba, as remunera\u00e7\u00f5es iniciais variam de R$ 1.673,28 a R$ 4.423,67 de acordo com o cargo\/escolaridade.<\/p>\n\n\n\n<div class=\"wp-block-image\"><figure class=\"aligncenter\"><img loading=\"lazy\" decoding=\"async\" width=\"1448\" height=\"565\" src=\"https:\/\/dhg1h5j42swfq.cloudfront.net\/2019\/02\/25111421\/tabela-min.jpg\" alt=\"\" class=\"wp-image-167943\" srcset=\"https:\/\/dhg1h5j42swfq.cloudfront.net\/2019\/02\/25111421\/tabela-min.jpg 1448w, https:\/\/dhg1h5j42swfq.cloudfront.net\/2019\/02\/25111421\/tabela-min.jpg 300w, https:\/\/dhg1h5j42swfq.cloudfront.net\/2019\/02\/25111421\/tabela-min.jpg 768w, https:\/\/dhg1h5j42swfq.cloudfront.net\/2019\/02\/25111421\/tabela-min.jpg 1024w\" sizes=\"auto, (max-width: 1448px) 100vw, 1448px\" \/><figcaption>Concurso C\u00e2mara de Curitiba: remunera\u00e7\u00f5es<\/figcaption><\/figure><\/div>\n\n\n\n<h2 class=\"wp-block-heading\" id=\"ultimo\">\u00daltimo concurso C\u00e2mara de Curitiba <\/h2>\n\n\n\n<p>O \u00faltimo Concurso C\u00e2mara de Curitiba aconteceu em 2007, as inscri\u00e7\u00f5es foram realizadas em outubro e as provas em dezembro. O certame ofertou 115 vagas para diversos cargos de n\u00edvel fundamental, m\u00e9dio e superior. <\/p>\n\n\n\n<p>Na ocasi\u00e3o, o concurso foi organizado pelo Instituto OPET. O \u00faltimo edital de convoca\u00e7\u00e3o foi publicado em dezembro de 2012 e convocou um candidato para o cargo de Telefonista.<\/p>\n\n\n\n<p>Acompanhe abaixo a quantidade de vagas para cada cargo oferecido no certame de 2007. <\/p>\n\n\n\n<p><strong><em>Fundamental:<br \/><\/em><\/strong><strong>5 &#8211; <\/strong>Motorista<br \/><strong>4 &#8211;<\/strong> Telefonista<\/p>\n\n\n\n<p><strong><em>T\u00e9cnico:<br \/><\/em><\/strong><strong>5 &#8211; <\/strong>Taqu\u00edgrafo<br \/><strong>62 &#8211;<\/strong> T\u00e9cnico Administrativo<br \/><strong>1 &#8211;<\/strong> T\u00e9cnico em Enfermagem<br \/><strong>6 &#8211;<\/strong> T\u00e9cnico de Suporte de Inform\u00e1tica<\/p>\n\n\n\n<p><strong><em>Superior:<br \/><\/em><\/strong><strong>4 &#8211; <\/strong>Analista Legislativo<br \/><strong>6 &#8211; <\/strong>Assessor \u00e1s Comiss\u00f5es<br \/><strong>3 &#8211; <\/strong>Assessor Jur\u00eddico<br \/><strong>8 &#8211; <\/strong>Jornalista<br \/><strong>5 &#8211;<\/strong> Redator<br \/><strong>2 &#8211;<\/strong> Analista de Sistemas<br \/><strong>1 &#8211; <\/strong>Contador<br \/><strong>1 &#8211;<\/strong> Assistente Social<br \/><strong>1 &#8211;<\/strong> Enfermeiro<br \/><strong>1 &#8211; <\/strong>M\u00e9dico<\/p>\n\n\n\n<h3 class=\"wp-block-heading\" id=\"etapas-ultimo\">Etapas do \u00faltimo concurso C\u00e2mara de Curitiba<\/h3>\n\n\n\n<p>A avalia\u00e7\u00e3o do \u00faltimo concurso C\u00e2mara de Curitiba foi composta por uma Prova Objetiva de Conhecimentos Gerais e Espec\u00edficos para todos os cargos, al\u00e9m de Prova Pr\u00e1tica para Taqu\u00edgrafo e Prova Escrita para Redator. O n\u00famero de quest\u00f5es e o peso variava de acordo com o cargo.<\/p>\n\n\n\n<h3 class=\"wp-block-heading\" id=\"objetiva\">Prova Objetiva<\/h3>\n\n\n\n<p><strong><em>Taqu\u00edgrafo<br \/><\/em><\/strong>30 quest\u00f5es de Conhecimentos Gerais &#8211; peso 2<br \/>Prova Pr\u00e1tica- peso 04 <\/p>\n\n\n\n<p><strong><em>Redator<\/em><\/strong><br \/>20 quest\u00f5es de Conhecimentos Gerais &#8211; peso 02<br \/>30 quest\u00f5es de Conhecimentos Espec\u00edficos &#8211; peso 02<br \/>1 reda\u00e7\u00e3o &#8211; peso 02<\/p>\n\n\n\n<p><strong><em>T\u00e9cnico em Inform\u00e1tica e Analista de Sistemas<br \/><\/em><\/strong>10 quest\u00f5es de Conhecimentos Gerais &#8211; peso 1,0<br \/>50 quest\u00f5es de Conhecimentos Espec\u00edficos &#8211; peso 5<\/p>\n\n\n\n<p><strong><em>Demais cargos<br \/><\/em><\/strong>15 quest\u00f5es de Conhecimentos Gerais &#8211; peso 02<br \/>45 quest\u00f5es de Conhecimentos Espec\u00edficos &#8211; peso 04<\/p>\n\n\n\n<h3 class=\"wp-block-heading\" id=\"pratica\">Prova pr\u00e1tica &#8211; Taqu\u00edgrafo<\/h3>\n\n\n\n<p>Apanhamento taqu\u00edgrafo pelo per\u00edodo de 5 minutos de texto parlamentar municipal em velocidade vari\u00e1vel e crescente de 100 a 112 palavras por minuto. A tradu\u00e7\u00e3o foi digitada em computador sem corretor de texto no per\u00edodo m\u00e1ximo de 2 horas.<\/p>\n\n\n\n<h3 class=\"wp-block-heading\" id=\"provas-ultimo\">Provas anteriores concurso C\u00e2mara de Curitiba<\/h3>\n\n\n\n<ul class=\"has-background wp-block-list\" style=\"background-color:#eeeeee\"><li><em>T\u00e9cnico Administrativo &#8211; 2020 &#8211; <a rel=\"noreferrer noopener\" href=\"https:\/\/dhg1h5j42swfq.cloudfront.net\/2020\/07\/16160034\/ufpr-2020-camara-de-curitiba-pr-tecnico-administrativo-prova.pdf\" target=\"_blank\">Prova<\/a>\/ <a rel=\"noreferrer noopener\" href=\"https:\/\/dhg1h5j42swfq.cloudfront.net\/2020\/07\/16160032\/ufpr-2020-camara-de-curitiba-pr-tecnico-administrativo-gabarito.pdf\" target=\"_blank\">Gabarito<\/a><\/em><\/li><li><em>Psic\u00f3logo &#8211; 2020 &#8211;  <a rel=\"noreferrer noopener\" href=\"https:\/\/dhg1h5j42swfq.cloudfront.net\/2020\/07\/16160154\/ufpr-2019-ufpr-psicologo-prova.pdf\" target=\"_blank\">Prova<\/a>\/ <a rel=\"noreferrer noopener\" href=\"https:\/\/dhg1h5j42swfq.cloudfront.net\/2020\/07\/16160156\/ufpr-2019-ufpr-psicologo-gabarito.pdf\" target=\"_blank\">Gabarito<\/a><\/em><\/li><li><em>Redator &#8211; 2020 &#8211; <a rel=\"noreferrer noopener\" href=\"https:\/\/dhg1h5j42swfq.cloudfront.net\/2020\/07\/16160415\/ufpr-2020-camara-de-curitiba-pr-redator-prova.pdf\" target=\"_blank\">Prova<\/a>\/ <a rel=\"noreferrer noopener\" href=\"https:\/\/dhg1h5j42swfq.cloudfront.net\/2020\/07\/16160419\/ufpr-2020-camara-de-curitiba-pr-redator-gabarito.pdf\" target=\"_blank\">Gabarito<\/a><\/em><\/li><li><em>Analista Legislativo &#8211; 2020 &#8211; <a rel=\"noreferrer noopener\" href=\"https:\/\/dhg1h5j42swfq.cloudfront.net\/2020\/07\/16160647\/ufpr-2020-camara-de-curitiba-pr-analista-legislativo-gabarito.pdf\" target=\"_blank\">Prova<\/a>\/ <a rel=\"noreferrer noopener\" href=\"https:\/\/dhg1h5j42swfq.cloudfront.net\/2020\/07\/16160647\/ufpr-2020-camara-de-curitiba-pr-analista-legislativo-gabarito.pdf\" target=\"_blank\">Gabarito<\/a><\/em><\/li><li><em>&nbsp;Jornalista &#8211; 2020 &#8211; <a href=\"https:\/\/dhg1h5j42swfq.cloudfront.net\/2020\/07\/16160956\/ufpr-2019-ufpr-jornalista-prova.pdf\" target=\"_blank\" rel=\"noreferrer noopener\">Prova<\/a>\/ <a href=\"https:\/\/dhg1h5j42swfq.cloudfront.net\/2020\/07\/16160959\/ufpr-2019-ufpr-jornalista-gabarito.pdf\" target=\"_blank\" rel=\"noreferrer noopener\">Gabarito<\/a><\/em><\/li><\/ul>\n\n\n\n<h2 class=\"has-text-align-right wp-block-heading\" id=\"cursos\">Assinaturas e cursos para o concurso C\u00e2mara de Curitiba<\/h2>\n\n\n\n<div class=\"container\" id=\"boxes\">\n  <div class=\"row\">\n\n    <div class=\"col-sm\">\n      <div class=\"banner-legislativo\" id=\"box-assinatura\">\n        <h3 class=\"titulo-assinatura\">Concurso C\u00e2mara C\u00e2mara de Curitiba<\/h3>\n        <p class=\"subtitulo-assinatura\">Conhe\u00e7a os cursos<\/p>\n        <div class=\"box-botao\">\n          <a class=\"btn-assinatura\" target=\"_blank\" href=\"https:\/\/www.estrategiaconcursos.com.br\/cursosPorConcurso\/area-legislativa-pacotes-promocionais\/\" role=\"button\" rel=\"noopener noreferrer\">Conhe\u00e7a mais<\/a>\n        <\/div>\n      <\/div>\n     \n\n  <\/div>\n<\/div><\/div>\n\n\n\n<div class=\"container\" id=\"boxes\">\n  <div class=\"row\">\n\n    <div class=\"col-sm\">\n      <div class=\"estrategia\" id=\"box-assinatura\">\n        <h3 class=\"titulo-assinatura\">Assinatura Concursos<\/h3>\n        <p class=\"subtitulo-assinatura\">Assinatura de 1 ano ou 2 anos<\/p>\n        <div class=\"box-botao\">\n          <a class=\"btn-assinatura\" target=\"_blank\" href=\"https:\/\/www.estrategiaconcursos.com.br\/assinaturas\/\" role=\"button\" rel=\"noopener noreferrer\">ASSINE AGORA<\/a>\n        <\/div>\n      <\/div>\n     \n    <\/div><\/div><\/div>\n\n\n\n<div class=\"container\" id=\"boxes\">\n  <div class=\"row\">\n\n    <div class=\"col-sm\" id=\"boxes-concursos\">\n      <div style=\"background-color: #005DAD;\" class=\"conteudo-concursos\" id=\"box-concursos\">\n        <h3 class=\"titulo-assinatura\">Concursos Abertos<\/h3>\n        <p class=\"subtitulo-assinatura\">Os editais publicados<\/p>\n        <div class=\"box-botao\">\n          <a class=\"btn-assinatura\" target=\"_blank\" href=\"https:\/\/www.estrategiaconcursos.com.br\/blog\/concursos-abertos\/\" role=\"button\" rel=\"noopener noreferrer\">Conhe\u00e7a Agora<\/a>\n        <\/div>\n      <\/div>\n    <\/div>\n\n    <div class=\"col-sm\" id=\"boxes-concursos\">\n      <div style=\"background-color: #1A7ED5;\" class=\"conteudo-concursos\" id=\"box-concursos\">\n        <h3 class=\"titulo-assinatura\">Concursos 2021<\/h3>\n        <p class=\"subtitulo-assinatura\">As oportunidades previstas<\/p>\n        <div class=\"box-botao\">\n          <a class=\"btn-assinatura\" target=\"_blank\" href=\"https:\/\/www.estrategiaconcursos.com.br\/blog\/concursos-2021\/\" role=\"button\" rel=\"noopener noreferrer\">Conhe\u00e7a Agora<\/a>\n        <\/div>\n      <\/div>\n    <\/div>\n\n    <div class=\"col-sm\" id=\"boxes-concursos\">\n      <div style=\"background-color: #419FF0;\" class=\"conteudo-concursos\" id=\"box-concursos\">\n        <h3 class=\"titulo-assinatura\">Concursos 2022<\/h3>\n        <p class=\"subtitulo-assinatura\">Vagas para o pr\u00f3ximo ano<\/p>\n        <div class=\"box-botao\">\n          <a class=\"btn-assinatura\" target=\"_blank\" href=\"https:\/\/www.estrategiaconcursos.com.br\/blog\/concursos-2022\/\" role=\"button\" rel=\"noopener noreferrer\">Conhe\u00e7a Agora<\/a>\n        <\/div>\n      <\/div>\n    <\/div>\n\n  <\/div>\n<\/div>\n\n\n\n<figure class=\"wp-block-image size-large is-resized\"><img loading=\"lazy\" decoding=\"async\" src=\"https:\/\/dhg1h5j42swfq.cloudfront.net\/2021\/07\/06093407\/ficha-tecnica-1-1024x632.png\" alt=\"concurso C\u00e2mara de Curitiba\" class=\"wp-image-788054\" width=\"295\" height=\"181\" srcset=\"https:\/\/dhg1h5j42swfq.cloudfront.net\/2021\/07\/06093407\/ficha-tecnica-1-1024x632.png 1024w, https:\/\/dhg1h5j42swfq.cloudfront.net\/2021\/07\/06093407\/ficha-tecnica-1-300x185.png 300w, https:\/\/dhg1h5j42swfq.cloudfront.net\/2021\/07\/06093407\/ficha-tecnica-1-768x474.png 768w, https:\/\/dhg1h5j42swfq.cloudfront.net\/2021\/07\/06093407\/ficha-tecnica-1-1536x948.png 1536w, https:\/\/dhg1h5j42swfq.cloudfront.net\/2021\/07\/06093407\/ficha-tecnica-1-610x377.png 610w, https:\/\/dhg1h5j42swfq.cloudfront.net\/2021\/07\/06093407\/ficha-tecnica-1.png 1571w\" sizes=\"auto, (max-width: 295px) 100vw, 295px\" \/><\/figure>\n\n\n\n<h3 class=\"wp-block-heading\" id=\"ficha\">\u2666Informa\u00e7\u00f5es do concurso C\u00e2mara&nbsp;de&nbsp;Curitiba<\/h3>\n\n\n\n<p>\u25ba<strong>Vagas<\/strong>: 37<br \/>\u25ba<strong>Cargos<\/strong>: Diversos<br \/>\u25ba<strong>Banca<\/strong>: UFPR<br \/>\u25ba<strong>Escolaridade<\/strong>: N\u00edvel m\u00e9dio e superior<br \/>\u25ba<strong>Edital<\/strong>:&nbsp;<a rel=\"noreferrer noopener\" href=\"https:\/\/dhg1h5j42swfq.cloudfront.net\/2019\/11\/06121722\/Edital-C%C3%A2mara-de-Curitiba.pdf\" target=\"_blank\">C\u00e2mara de Curitiba<\/a> | <a rel=\"noreferrer noopener\" href=\"https:\/\/dhg1h5j42swfq.cloudfront.net\/2019\/11\/06145808\/Conte%C3%BAdo-Program%C3%A1tico-camara-de-curitiba.pdf\" target=\"_blank\">Conte\u00fado Program\u00e1tico<\/a> <\/p>\n\n\n\n<p><strong>\u2666Informa\u00e7\u00f5es do \u00faltimo concurso C\u00e2mara&nbsp;de&nbsp;Curitiba<\/strong><\/p>\n\n\n\n<p><strong>\u25baData:&nbsp;<\/strong>2007<br \/><strong>\u25baVagas:&nbsp;<\/strong>115<br \/><strong>\u25baLota\u00e7\u00f5es:&nbsp;<\/strong>Curitiba<br \/><strong>\u25baEscolaridade:&nbsp;<\/strong>N\u00edvel&nbsp;Fundamental,&nbsp;T\u00e9cnico e&nbsp;Superior<br \/><strong>\u25baBanca:&nbsp;<\/strong>Instituto OPET<strong><br \/>\u25baEdital:&nbsp;<\/strong><u><a rel=\"noreferrer noopener\" aria-label=\"Edital&nbsp;C\u00e2mara&nbsp;de&nbsp;Curitiba&nbsp;-&nbsp;2007 (opens in a new tab)\" href=\"https:\/\/dhg1h5j42swfq.cloudfront.net\/2019\/02\/25103807\/edital-ca%C3%A2amra-curitiba.pdf\" target=\"_blank\">Edital&nbsp;C\u00e2mara&nbsp;de&nbsp;Curitiba&nbsp;&#8211;&nbsp;2007<\/a><\/u><br \/><\/p>\n","protected":false},"excerpt":{"rendered":"<p>O N\u00facleo de Concursos da UFPR, banca organizadora do concurso C\u00e2mara de Curitiba, publicou o resultado final do certame para o cargo de Contador. \u00c9 v\u00e1lido lembrar que a etapa da prova discursiva foi retomada, reagendada e realizada no dia 1\u00ba de agosto de 2021. Al\u00e9m disso, as provas objetivas dos demais cargos foram realizadas [&hellip;]<\/p>\n","protected":false},"author":1483,"featured_media":445176,"comment_status":"open","ping_status":"closed","sticky":false,"template":"","format":"standard","meta":{"post_tipo":"news_page","footnotes":""},"categories":[2017],"tags":[],"tax_estado":[219981],"class_list":["post-167904","post","type-post","status-publish","format-standard","has-post-thumbnail","hentry","category-concursos-legislativos","tax_estado-pr"],"acf":[],"yoast_head":"<!-- This site is optimized with the Yoast SEO Premium plugin v27.2 (Yoast SEO v27.2) - https:\/\/yoast.com\/product\/yoast-seo-premium-wordpress\/ -->\n<title>Concurso C\u00e2mara de Curitiba: resultado final para Contador<\/title>\n<meta name=\"description\" content=\"Concurso C\u00e2mara de Curitiba: aten\u00e7\u00e3o! prova discursiva para contador \u00e9 remarcada! O certame oferta o total de 37 vagas mais cadastro reserva\" \/>\n<meta name=\"robots\" content=\"index, follow, max-snippet:-1, max-image-preview:large, max-video-preview:-1\" \/>\n<link rel=\"canonical\" href=\"https:\/\/www.estrategiaconcursos.com.br\/blog\/concurso-camara-de-curitiba\/\" \/>\n<meta property=\"og:locale\" content=\"pt_BR\" \/>\n<meta property=\"og:type\" content=\"article\" \/>\n<meta property=\"og:title\" content=\"Concurso C\u00e2mara de Curitiba: resultado final para Contador\" \/>\n<meta property=\"og:description\" content=\"Concurso C\u00e2mara de Curitiba: aten\u00e7\u00e3o! prova discursiva para contador \u00e9 remarcada! O certame oferta o total de 37 vagas mais cadastro reserva\" \/>\n<meta property=\"og:url\" content=\"https:\/\/www.estrategiaconcursos.com.br\/blog\/concurso-camara-de-curitiba\/\" \/>\n<meta property=\"og:site_name\" content=\"Estrat\u00e9gia Concursos\" \/>\n<meta property=\"article:published_time\" content=\"2021-08-21T12:53:34+00:00\" \/>\n<meta property=\"article:modified_time\" content=\"2025-10-30T19:05:40+00:00\" \/>\n<meta property=\"og:image\" content=\"https:\/\/dhg1h5j42swfq.cloudfront.net\/2019\/11\/07115534\/CURITIBA.jpg\" \/>\n\t<meta property=\"og:image:width\" content=\"1200\" \/>\n\t<meta property=\"og:image:height\" content=\"628\" \/>\n\t<meta property=\"og:image:type\" content=\"image\/jpeg\" \/>\n<meta name=\"author\" content=\"Diogo Mendes\" \/>\n<meta name=\"twitter:card\" content=\"summary_large_image\" \/>\n<meta name=\"twitter:creator\" content=\"@EstratConcursos\" \/>\n<meta name=\"twitter:site\" content=\"@EstratConcursos\" \/>\n<meta name=\"twitter:label1\" content=\"Escrito por\" \/>\n\t<meta name=\"twitter:data1\" content=\"Diogo Mendes\" \/>\n\t<meta name=\"twitter:label2\" content=\"Est. tempo de leitura\" \/>\n\t<meta name=\"twitter:data2\" content=\"7 minutos\" \/>\n<script type=\"application\/ld+json\" class=\"yoast-schema-graph\">{\"@context\":\"https:\/\/schema.org\",\"@graph\":[{\"@type\":\"NewsArticle\",\"@id\":\"https:\/\/www.estrategiaconcursos.com.br\/blog\/concurso-camara-de-curitiba\/#article\",\"isPartOf\":{\"@id\":\"https:\/\/www.estrategiaconcursos.com.br\/blog\/concurso-camara-de-curitiba\/\"},\"author\":{\"name\":\"Diogo Mendes\",\"@id\":\"https:\/\/www.estrategiaconcursos.com.br\/blog\/#\/schema\/person\/cc9e76173880338ce9f656c88664a1f6\"},\"headline\":\"Concurso C\u00e2mara de Curitiba: resultado final para Contador\",\"datePublished\":\"2021-08-21T12:53:34+00:00\",\"dateModified\":\"2025-10-30T19:05:40+00:00\",\"mainEntityOfPage\":{\"@id\":\"https:\/\/www.estrategiaconcursos.com.br\/blog\/concurso-camara-de-curitiba\/\"},\"wordCount\":1294,\"commentCount\":10,\"publisher\":{\"@id\":\"https:\/\/www.estrategiaconcursos.com.br\/blog\/#organization\"},\"image\":{\"@id\":\"https:\/\/www.estrategiaconcursos.com.br\/blog\/concurso-camara-de-curitiba\/#primaryimage\"},\"thumbnailUrl\":\"https:\/\/dhg1h5j42swfq.cloudfront.net\/2019\/11\/07115534\/CURITIBA.jpg\",\"articleSection\":[\"Legislativo\"],\"inLanguage\":\"pt-BR\",\"potentialAction\":[{\"@type\":\"CommentAction\",\"name\":\"Comment\",\"target\":[\"https:\/\/www.estrategiaconcursos.com.br\/blog\/concurso-camara-de-curitiba\/#respond\"]}],\"copyrightYear\":\"2021\",\"copyrightHolder\":{\"@id\":\"https:\/\/www.estrategiaconcursos.com.br\/blog\/#organization\"}},{\"@type\":\"WebPage\",\"@id\":\"https:\/\/www.estrategiaconcursos.com.br\/blog\/concurso-camara-de-curitiba\/\",\"url\":\"https:\/\/www.estrategiaconcursos.com.br\/blog\/concurso-camara-de-curitiba\/\",\"name\":\"Concurso C\u00e2mara de Curitiba: resultado final para Contador\",\"isPartOf\":{\"@id\":\"https:\/\/www.estrategiaconcursos.com.br\/blog\/#website\"},\"primaryImageOfPage\":{\"@id\":\"https:\/\/www.estrategiaconcursos.com.br\/blog\/concurso-camara-de-curitiba\/#primaryimage\"},\"image\":{\"@id\":\"https:\/\/www.estrategiaconcursos.com.br\/blog\/concurso-camara-de-curitiba\/#primaryimage\"},\"thumbnailUrl\":\"https:\/\/dhg1h5j42swfq.cloudfront.net\/2019\/11\/07115534\/CURITIBA.jpg\",\"datePublished\":\"2021-08-21T12:53:34+00:00\",\"dateModified\":\"2025-10-30T19:05:40+00:00\",\"description\":\"Concurso C\u00e2mara de Curitiba: aten\u00e7\u00e3o! prova discursiva para contador \u00e9 remarcada! O certame oferta o total de 37 vagas mais cadastro reserva\",\"breadcrumb\":{\"@id\":\"https:\/\/www.estrategiaconcursos.com.br\/blog\/concurso-camara-de-curitiba\/#breadcrumb\"},\"inLanguage\":\"pt-BR\",\"potentialAction\":[{\"@type\":\"ReadAction\",\"target\":[\"https:\/\/www.estrategiaconcursos.com.br\/blog\/concurso-camara-de-curitiba\/\"]}]},{\"@type\":\"ImageObject\",\"inLanguage\":\"pt-BR\",\"@id\":\"https:\/\/www.estrategiaconcursos.com.br\/blog\/concurso-camara-de-curitiba\/#primaryimage\",\"url\":\"https:\/\/dhg1h5j42swfq.cloudfront.net\/2019\/11\/07115534\/CURITIBA.jpg\",\"contentUrl\":\"https:\/\/dhg1h5j42swfq.cloudfront.net\/2019\/11\/07115534\/CURITIBA.jpg\",\"width\":1200,\"height\":628,\"caption\":\"concurso c\u00e2mara de curitiba plano de estudos\"},{\"@type\":\"BreadcrumbList\",\"@id\":\"https:\/\/www.estrategiaconcursos.com.br\/blog\/concurso-camara-de-curitiba\/#breadcrumb\",\"itemListElement\":[{\"@type\":\"ListItem\",\"position\":1,\"name\":\"In\u00edcio\",\"item\":\"https:\/\/www.estrategiaconcursos.com.br\/blog\/\"},{\"@type\":\"ListItem\",\"position\":2,\"name\":\"Concurso C\u00e2mara de Curitiba: resultado final para Contador\"}]},{\"@type\":\"WebSite\",\"@id\":\"https:\/\/www.estrategiaconcursos.com.br\/blog\/#website\",\"url\":\"https:\/\/www.estrategiaconcursos.com.br\/blog\/\",\"name\":\"Estrat\u00e9gia Concursos\",\"description\":\"O blog da Estrat\u00e9gia Concursos traz not\u00edcias sobre concursos e artigos de professores oferecendo cursos para concursos (pdf + videaulas) no site.\",\"publisher\":{\"@id\":\"https:\/\/www.estrategiaconcursos.com.br\/blog\/#organization\"},\"potentialAction\":[{\"@type\":\"SearchAction\",\"target\":{\"@type\":\"EntryPoint\",\"urlTemplate\":\"https:\/\/www.estrategiaconcursos.com.br\/blog\/?s={search_term_string}\"},\"query-input\":{\"@type\":\"PropertyValueSpecification\",\"valueRequired\":true,\"valueName\":\"search_term_string\"}}],\"inLanguage\":\"pt-BR\"},{\"@type\":\"Organization\",\"@id\":\"https:\/\/www.estrategiaconcursos.com.br\/blog\/#organization\",\"name\":\"Estrat\u00e9gia Concursos\",\"url\":\"https:\/\/www.estrategiaconcursos.com.br\/blog\/\",\"logo\":{\"@type\":\"ImageObject\",\"inLanguage\":\"pt-BR\",\"@id\":\"https:\/\/www.estrategiaconcursos.com.br\/blog\/#\/schema\/logo\/image\/\",\"url\":\"https:\/\/dhg1h5j42swfq.cloudfront.net\/2025\/06\/03203428\/logo_concursos-1.jpg\",\"contentUrl\":\"https:\/\/dhg1h5j42swfq.cloudfront.net\/2025\/06\/03203428\/logo_concursos-1.jpg\",\"width\":230,\"height\":60,\"caption\":\"Estrat\u00e9gia Concursos\"},\"image\":{\"@id\":\"https:\/\/www.estrategiaconcursos.com.br\/blog\/#\/schema\/logo\/image\/\"},\"sameAs\":[\"https:\/\/x.com\/EstratConcursos\"]},{\"@type\":\"Person\",\"@id\":\"https:\/\/www.estrategiaconcursos.com.br\/blog\/#\/schema\/person\/cc9e76173880338ce9f656c88664a1f6\",\"name\":\"Diogo Mendes\",\"image\":{\"@type\":\"ImageObject\",\"inLanguage\":\"pt-BR\",\"@id\":\"https:\/\/secure.gravatar.com\/avatar\/9754d6777d460a45ef4067b586b94c32005cc2345a0404b8d96adc620cf63806?s=96&d=mm&r=g\",\"url\":\"https:\/\/secure.gravatar.com\/avatar\/9754d6777d460a45ef4067b586b94c32005cc2345a0404b8d96adc620cf63806?s=96&d=mm&r=g\",\"contentUrl\":\"https:\/\/secure.gravatar.com\/avatar\/9754d6777d460a45ef4067b586b94c32005cc2345a0404b8d96adc620cf63806?s=96&d=mm&r=g\",\"caption\":\"Diogo Mendes\"},\"description\":\"Diogo Mendes \u00e9 jornalista formado pela Universidade Paulista, com experi\u00eancia em reda\u00e7\u00f5es de diversos ve\u00edculos e na produ\u00e7\u00e3o de conte\u00fados especializados em concursos p\u00fablicos. Desde 2019, atua no Estrat\u00e9gia Concursos como Jornalista e Analista de Conte\u00fado, com foco na apura\u00e7\u00e3o de informa\u00e7\u00f5es junto a \u00f3rg\u00e3os e fontes oficiais. Dedica-se especialmente \u00e0 produ\u00e7\u00e3o de not\u00edcias e reportagens sobre Concursos Legislativos, al\u00e9m de acompanhar diariamente os concursos policiais, banc\u00e1rios e da \u00e1rea da sa\u00fade.\",\"url\":\"https:\/\/www.estrategiaconcursos.com.br\/blog\/author\/diogo-mendesestrategiaconcursos-com-br\/\"}]}<\/script>\n<!-- \/ Yoast SEO Premium plugin. -->","yoast_head_json":{"title":"Concurso C\u00e2mara de Curitiba: resultado final para Contador","description":"Concurso C\u00e2mara de Curitiba: aten\u00e7\u00e3o! prova discursiva para contador \u00e9 remarcada! O certame oferta o total de 37 vagas mais cadastro reserva","robots":{"index":"index","follow":"follow","max-snippet":"max-snippet:-1","max-image-preview":"max-image-preview:large","max-video-preview":"max-video-preview:-1"},"canonical":"https:\/\/www.estrategiaconcursos.com.br\/blog\/concurso-camara-de-curitiba\/","og_locale":"pt_BR","og_type":"article","og_title":"Concurso C\u00e2mara de Curitiba: resultado final para Contador","og_description":"Concurso C\u00e2mara de Curitiba: aten\u00e7\u00e3o! prova discursiva para contador \u00e9 remarcada! O certame oferta o total de 37 vagas mais cadastro reserva","og_url":"https:\/\/www.estrategiaconcursos.com.br\/blog\/concurso-camara-de-curitiba\/","og_site_name":"Estrat\u00e9gia Concursos","article_published_time":"2021-08-21T12:53:34+00:00","article_modified_time":"2025-10-30T19:05:40+00:00","og_image":[{"width":1200,"height":628,"url":"https:\/\/dhg1h5j42swfq.cloudfront.net\/2019\/11\/07115534\/CURITIBA.jpg","type":"image\/jpeg"}],"author":"Diogo Mendes","twitter_card":"summary_large_image","twitter_creator":"@EstratConcursos","twitter_site":"@EstratConcursos","twitter_misc":{"Escrito por":"Diogo Mendes","Est. tempo de leitura":"7 minutos"},"schema":{"@context":"https:\/\/schema.org","@graph":[{"@type":"NewsArticle","@id":"https:\/\/www.estrategiaconcursos.com.br\/blog\/concurso-camara-de-curitiba\/#article","isPartOf":{"@id":"https:\/\/www.estrategiaconcursos.com.br\/blog\/concurso-camara-de-curitiba\/"},"author":{"name":"Diogo Mendes","@id":"https:\/\/www.estrategiaconcursos.com.br\/blog\/#\/schema\/person\/cc9e76173880338ce9f656c88664a1f6"},"headline":"Concurso C\u00e2mara de Curitiba: resultado final para Contador","datePublished":"2021-08-21T12:53:34+00:00","dateModified":"2025-10-30T19:05:40+00:00","mainEntityOfPage":{"@id":"https:\/\/www.estrategiaconcursos.com.br\/blog\/concurso-camara-de-curitiba\/"},"wordCount":1294,"commentCount":10,"publisher":{"@id":"https:\/\/www.estrategiaconcursos.com.br\/blog\/#organization"},"image":{"@id":"https:\/\/www.estrategiaconcursos.com.br\/blog\/concurso-camara-de-curitiba\/#primaryimage"},"thumbnailUrl":"https:\/\/dhg1h5j42swfq.cloudfront.net\/2019\/11\/07115534\/CURITIBA.jpg","articleSection":["Legislativo"],"inLanguage":"pt-BR","potentialAction":[{"@type":"CommentAction","name":"Comment","target":["https:\/\/www.estrategiaconcursos.com.br\/blog\/concurso-camara-de-curitiba\/#respond"]}],"copyrightYear":"2021","copyrightHolder":{"@id":"https:\/\/www.estrategiaconcursos.com.br\/blog\/#organization"}},{"@type":"WebPage","@id":"https:\/\/www.estrategiaconcursos.com.br\/blog\/concurso-camara-de-curitiba\/","url":"https:\/\/www.estrategiaconcursos.com.br\/blog\/concurso-camara-de-curitiba\/","name":"Concurso C\u00e2mara de Curitiba: resultado final para Contador","isPartOf":{"@id":"https:\/\/www.estrategiaconcursos.com.br\/blog\/#website"},"primaryImageOfPage":{"@id":"https:\/\/www.estrategiaconcursos.com.br\/blog\/concurso-camara-de-curitiba\/#primaryimage"},"image":{"@id":"https:\/\/www.estrategiaconcursos.com.br\/blog\/concurso-camara-de-curitiba\/#primaryimage"},"thumbnailUrl":"https:\/\/dhg1h5j42swfq.cloudfront.net\/2019\/11\/07115534\/CURITIBA.jpg","datePublished":"2021-08-21T12:53:34+00:00","dateModified":"2025-10-30T19:05:40+00:00","description":"Concurso C\u00e2mara de Curitiba: aten\u00e7\u00e3o! prova discursiva para contador \u00e9 remarcada! O certame oferta o total de 37 vagas mais cadastro reserva","breadcrumb":{"@id":"https:\/\/www.estrategiaconcursos.com.br\/blog\/concurso-camara-de-curitiba\/#breadcrumb"},"inLanguage":"pt-BR","potentialAction":[{"@type":"ReadAction","target":["https:\/\/www.estrategiaconcursos.com.br\/blog\/concurso-camara-de-curitiba\/"]}]},{"@type":"ImageObject","inLanguage":"pt-BR","@id":"https:\/\/www.estrategiaconcursos.com.br\/blog\/concurso-camara-de-curitiba\/#primaryimage","url":"https:\/\/dhg1h5j42swfq.cloudfront.net\/2019\/11\/07115534\/CURITIBA.jpg","contentUrl":"https:\/\/dhg1h5j42swfq.cloudfront.net\/2019\/11\/07115534\/CURITIBA.jpg","width":1200,"height":628,"caption":"concurso c\u00e2mara de curitiba plano de estudos"},{"@type":"BreadcrumbList","@id":"https:\/\/www.estrategiaconcursos.com.br\/blog\/concurso-camara-de-curitiba\/#breadcrumb","itemListElement":[{"@type":"ListItem","position":1,"name":"In\u00edcio","item":"https:\/\/www.estrategiaconcursos.com.br\/blog\/"},{"@type":"ListItem","position":2,"name":"Concurso C\u00e2mara de Curitiba: resultado final para Contador"}]},{"@type":"WebSite","@id":"https:\/\/www.estrategiaconcursos.com.br\/blog\/#website","url":"https:\/\/www.estrategiaconcursos.com.br\/blog\/","name":"Estrat\u00e9gia Concursos","description":"O blog da Estrat\u00e9gia Concursos traz not\u00edcias sobre concursos e artigos de professores oferecendo cursos para concursos (pdf + videaulas) no site.","publisher":{"@id":"https:\/\/www.estrategiaconcursos.com.br\/blog\/#organization"},"potentialAction":[{"@type":"SearchAction","target":{"@type":"EntryPoint","urlTemplate":"https:\/\/www.estrategiaconcursos.com.br\/blog\/?s={search_term_string}"},"query-input":{"@type":"PropertyValueSpecification","valueRequired":true,"valueName":"search_term_string"}}],"inLanguage":"pt-BR"},{"@type":"Organization","@id":"https:\/\/www.estrategiaconcursos.com.br\/blog\/#organization","name":"Estrat\u00e9gia Concursos","url":"https:\/\/www.estrategiaconcursos.com.br\/blog\/","logo":{"@type":"ImageObject","inLanguage":"pt-BR","@id":"https:\/\/www.estrategiaconcursos.com.br\/blog\/#\/schema\/logo\/image\/","url":"https:\/\/dhg1h5j42swfq.cloudfront.net\/2025\/06\/03203428\/logo_concursos-1.jpg","contentUrl":"https:\/\/dhg1h5j42swfq.cloudfront.net\/2025\/06\/03203428\/logo_concursos-1.jpg","width":230,"height":60,"caption":"Estrat\u00e9gia Concursos"},"image":{"@id":"https:\/\/www.estrategiaconcursos.com.br\/blog\/#\/schema\/logo\/image\/"},"sameAs":["https:\/\/x.com\/EstratConcursos"]},{"@type":"Person","@id":"https:\/\/www.estrategiaconcursos.com.br\/blog\/#\/schema\/person\/cc9e76173880338ce9f656c88664a1f6","name":"Diogo Mendes","image":{"@type":"ImageObject","inLanguage":"pt-BR","@id":"https:\/\/secure.gravatar.com\/avatar\/9754d6777d460a45ef4067b586b94c32005cc2345a0404b8d96adc620cf63806?s=96&d=mm&r=g","url":"https:\/\/secure.gravatar.com\/avatar\/9754d6777d460a45ef4067b586b94c32005cc2345a0404b8d96adc620cf63806?s=96&d=mm&r=g","contentUrl":"https:\/\/secure.gravatar.com\/avatar\/9754d6777d460a45ef4067b586b94c32005cc2345a0404b8d96adc620cf63806?s=96&d=mm&r=g","caption":"Diogo Mendes"},"description":"Diogo Mendes \u00e9 jornalista formado pela Universidade Paulista, com experi\u00eancia em reda\u00e7\u00f5es de diversos ve\u00edculos e na produ\u00e7\u00e3o de conte\u00fados especializados em concursos p\u00fablicos. Desde 2019, atua no Estrat\u00e9gia Concursos como Jornalista e Analista de Conte\u00fado, com foco na apura\u00e7\u00e3o de informa\u00e7\u00f5es junto a \u00f3rg\u00e3os e fontes oficiais. Dedica-se especialmente \u00e0 produ\u00e7\u00e3o de not\u00edcias e reportagens sobre Concursos Legislativos, al\u00e9m de acompanhar diariamente os concursos policiais, banc\u00e1rios e da \u00e1rea da sa\u00fade.","url":"https:\/\/www.estrategiaconcursos.com.br\/blog\/author\/diogo-mendesestrategiaconcursos-com-br\/"}]}},"_links":{"self":[{"href":"https:\/\/www.estrategiaconcursos.com.br\/blog\/wp-json\/wp\/v2\/posts\/167904","targetHints":{"allow":["GET"]}}],"collection":[{"href":"https:\/\/www.estrategiaconcursos.com.br\/blog\/wp-json\/wp\/v2\/posts"}],"about":[{"href":"https:\/\/www.estrategiaconcursos.com.br\/blog\/wp-json\/wp\/v2\/types\/post"}],"author":[{"embeddable":true,"href":"https:\/\/www.estrategiaconcursos.com.br\/blog\/wp-json\/wp\/v2\/users\/1483"}],"replies":[{"embeddable":true,"href":"https:\/\/www.estrategiaconcursos.com.br\/blog\/wp-json\/wp\/v2\/comments?post=167904"}],"version-history":[{"count":59,"href":"https:\/\/www.estrategiaconcursos.com.br\/blog\/wp-json\/wp\/v2\/posts\/167904\/revisions"}],"predecessor-version":[{"id":844150,"href":"https:\/\/www.estrategiaconcursos.com.br\/blog\/wp-json\/wp\/v2\/posts\/167904\/revisions\/844150"}],"wp:featuredmedia":[{"embeddable":true,"href":"https:\/\/www.estrategiaconcursos.com.br\/blog\/wp-json\/wp\/v2\/media\/445176"}],"wp:attachment":[{"href":"https:\/\/www.estrategiaconcursos.com.br\/blog\/wp-json\/wp\/v2\/media?parent=167904"}],"wp:term":[{"taxonomy":"category","embeddable":true,"href":"https:\/\/www.estrategiaconcursos.com.br\/blog\/wp-json\/wp\/v2\/categories?post=167904"},{"taxonomy":"post_tag","embeddable":true,"href":"https:\/\/www.estrategiaconcursos.com.br\/blog\/wp-json\/wp\/v2\/tags?post=167904"},{"taxonomy":"tax_estado","embeddable":true,"href":"https:\/\/www.estrategiaconcursos.com.br\/blog\/wp-json\/wp\/v2\/tax_estado?post=167904"}],"curies":[{"name":"wp","href":"https:\/\/api.w.org\/{rel}","templated":true}]}}