{"id":1678034,"date":"2025-12-05T18:00:00","date_gmt":"2025-12-05T21:00:00","guid":{"rendered":"https:\/\/www.estrategiaconcursos.com.br\/blog\/?p=1678034"},"modified":"2025-12-12T18:20:05","modified_gmt":"2025-12-12T21:20:05","slug":"concurso-editais-semana-01-a-05-12","status":"publish","type":"post","link":"https:\/\/www.estrategiaconcursos.com.br\/blog\/concurso-editais-semana-01-a-05-12\/","title":{"rendered":"Concursos P\u00fablicos: 31 editais esta semana; 6,4 mil vagas!"},"content":{"rendered":"\n<p>O m\u00eas de dezembro finalmente alcan\u00e7ou o ano de 2025 e, com ele, tivemos uma semana recheada de <strong>novos editais de concursos p\u00fablicos<\/strong> e um saldo pra l\u00e1 de atrativo de <strong>novas vagas<\/strong>.<\/p>\n\n\n\n<p>Ao todo, chegaram \u00e0 pra\u00e7a <strong>31 certames<\/strong>, garantindo um total de <strong>6.478 oportunidades imediatas<\/strong> e de cadastro reserva.<\/p>\n\n\n\n<p>Entre os destaques, a \u00e1rea de Seguran\u00e7a P\u00fablica se prevalece! Isso porque tr\u00eas novas sele\u00e7\u00f5es foram publicadas. Juntas, elas oferecem <strong>95 vagas <\/strong>e sal\u00e1rios de at\u00e9 R$ 9,3 mil.<\/p>\n\n\n\n<p>J\u00e1 no \u00e2mbito da Sa\u00fade, a Secretaria de Estado de Sa\u00fade do Piau\u00ed (SESAPI) chega com <strong>1.000 vagas<\/strong> e sal\u00e1rios que ultrapassam R$ 12 mil.<\/p>\n\n\n\n<p>Quer ficar informado sobre TODOS os novos editais de concursos publicados na \u00faltima semana? <em><strong>Confira mais informa\u00e7\u00f5es ao longo deste artigo!<\/strong><\/em><\/p>\n\n\n\n<div class=\"container\" id=\"boxes\">\n  <div class=\"row\">\n\n    <div class=\"col-sm\">\n      <div class=\"banner-estrat-corj\" id=\"box-assinatura\">\n        <h3 class=\"titulo-assinatura\" style=\"text-align: left;\">Cursos para Concursos<\/h3>\n        <p class=\"subtitulo-assinatura\" style=\"text-align: left;\">Conhe\u00e7a os cursos<\/p>\n        <div class=\"box-botao\" style=\"text-align: left;\">\n          <a class=\"btn-assinatura\" target=\"_blank\" href=\"https:\/\/www.estrategiaconcursos.com.br\/cursos\/concurso\/\" role=\"button\" rel=\"noopener noreferrer\">CLIQUE AQUI<\/a>\n        <\/div>\n      <\/div><\/div><\/div><\/div>\n\n\n\n<ul id=\"indice\" class=\"wp-block-list\">\n<li><a href=\"#seguranca\">Seguran\u00e7a p\u00fablica<\/a><\/li>\n\n\n\n<li><a href=\"#saude\">Sa\u00fade<\/a><\/li>\n\n\n\n<li><a href=\"#tribunais\">Tribunais<\/a><\/li>\n\n\n\n<li><a href=\"#ecj\">Carreiras Jur\u00eddicas<\/a><\/li>\n\n\n\n<li><a href=\"#educacao\">Educa\u00e7\u00e3o<\/a><\/li>\n\n\n\n<li><a href=\"#camaras\">\u00c1rea Legislativa<\/a><\/li>\n\n\n\n<li><a href=\"#prefeituras\">Prefeituras Municipais<\/a><\/li>\n<\/ul>\n\n\n\n<h3 class=\"wp-block-heading has-text-align-center has-background\" id=\"seguranca\" style=\"background-color:#e1eaf2\">Seguran\u00e7a p\u00fablica<\/h3>\n\n\n\n<h3 class=\"wp-block-heading\" id=\"h-policia-militar-da-paraiba-pm-pb\"><a href=\"https:\/\/www.estrategiaconcursos.com.br\/blog\/concurso-pm-pb-edital-publicado-oficial-2025\/\" target=\"_blank\" rel=\"noreferrer noopener\">Pol\u00edcia Militar da Para\u00edba<\/a> (PM PB)<\/h3>\n\n\n\n<ul class=\"wp-block-list\">\n<li><strong>Banca:<\/strong> organiza\u00e7\u00e3o pr\u00f3pria<\/li>\n\n\n\n<li><strong>Per\u00edodo de inscri\u00e7\u00f5es:<\/strong> at\u00e9 23\/12<\/li>\n\n\n\n<li><strong>Data da prova<\/strong>: <em>nota do ENEM 2025<\/em><\/li>\n\n\n\n<li><strong>Vagas:<\/strong> 30<\/li>\n\n\n\n<li><strong>Sal\u00e1rio inicial:<\/strong> R$ 8.745,75<\/li>\n\n\n\n<li><strong>Edital:<\/strong> <a href=\"https:\/\/dhg1h5j42swfq.cloudfront.net\/2025\/12\/03090944\/edital-pm-pb.pdf\" target=\"_blank\" rel=\"noreferrer noopener nofollow\">PM PB 2025<\/a><\/li>\n<\/ul>\n\n\n\n<h3 class=\"wp-block-heading\" id=\"h-bombeiros-rj\"><a href=\"https:\/\/www.estrategiaconcursos.com.br\/blog\/concurso-bombeiro-rj-edital-publicado-oficial-2025\/\" target=\"_blank\" rel=\"noreferrer noopener\">Bombeiros RJ<\/a><\/h3>\n\n\n\n<ul class=\"wp-block-list\">\n<li><strong>Banca:<\/strong> UERJ<\/li>\n\n\n\n<li><strong>Per\u00edodo de inscri\u00e7\u00f5es:<\/strong> 06 a 18\/01\/2026<\/li>\n\n\n\n<li><strong>Data da prova<\/strong>: 08\/02\/2026<\/li>\n\n\n\n<li><strong>Vagas:<\/strong> 50<\/li>\n\n\n\n<li><strong>Sal\u00e1rio inicial:<\/strong> R$ 9.313,32<\/li>\n\n\n\n<li><strong>Edital:<\/strong> <a href=\"https:\/\/dhg1h5j42swfq.cloudfront.net\/2025\/12\/05091826\/edital-bombeiros-rj-1.pdf\" target=\"_blank\" rel=\"noreferrer noopener nofollow\">Bombeiro RJ 2025<\/a><\/li>\n<\/ul>\n\n\n\n<h3 class=\"wp-block-heading\" id=\"h-bombeiros-pb\"><a href=\"https:\/\/www.estrategiaconcursos.com.br\/blog\/concurso-bombeiros-pb-edital-publicado-oficial-2025\/\" target=\"_blank\" rel=\"noreferrer noopener\">Bombeiros PB<\/a><\/h3>\n\n\n\n<ul class=\"wp-block-list\">\n<li><strong>Banca:<\/strong> comiss\u00e3o pr\u00f3pria<\/li>\n\n\n\n<li><strong>Per\u00edodo de inscri\u00e7\u00f5es:<\/strong> 08 a 26\/12<\/li>\n\n\n\n<li><strong>Data da prova<\/strong>: atrav\u00e9s do ENEM 2025<\/li>\n\n\n\n<li><strong>Vagas:<\/strong> 15<\/li>\n\n\n\n<li><strong>Sal\u00e1rio inicial:<\/strong> R$ 3.003,48 a R$ 8.745,75<\/li>\n\n\n\n<li><strong>Edital:<\/strong> <a href=\"https:\/\/dhg1h5j42swfq.cloudfront.net\/2025\/12\/05093723\/edital-bombeiros-pb.pdf\" target=\"_blank\" rel=\"noreferrer noopener\">CBMPB Oficial 2025<\/a><\/li>\n<\/ul>\n\n\n\n<h3 class=\"wp-block-heading has-text-align-center has-background\" id=\"saude\" style=\"background-color:#e1eaf2\">Sa\u00fade<\/h3>\n\n\n\n<h3 class=\"wp-block-heading\" id=\"h-secretaria-de-estado-de-saude-do-piaui-sesapi\"><a href=\"https:\/\/www.estrategiaconcursos.com.br\/blog\/concurso-sesapi-2025-edital-publicado\/\" target=\"_blank\" rel=\"noreferrer noopener\">Secretaria de Estado de Sa\u00fade do Piau\u00ed<\/a> (SESAPI)<\/h3>\n\n\n\n<ul class=\"wp-block-list\">\n<li><strong>Banca:<\/strong> FCC<\/li>\n\n\n\n<li><strong>Per\u00edodo de inscri\u00e7\u00f5es:<\/strong> 11\/12 a 15\/01\/2026<\/li>\n\n\n\n<li><strong>Data da prova<\/strong>: 15\/03\/2026<\/li>\n\n\n\n<li><strong>Vagas:<\/strong> 500 + 500 CR<\/li>\n\n\n\n<li><strong>Sal\u00e1rio inicial:<\/strong> R$ 1.997,75 a R$ 12.299,94<\/li>\n\n\n\n<li><strong>Edital:<\/strong> <a href=\"https:\/\/dhg1h5j42swfq.cloudfront.net\/2025\/12\/04193202\/sesapi.pdf\" target=\"_blank\" rel=\"noreferrer noopener nofollow\">SESAPI 2025<\/a><\/li>\n<\/ul>\n\n\n\n<h3 class=\"wp-block-heading has-text-align-center has-background\" id=\"tribunais\" style=\"background-color:#e1eaf2\">Tribunais\/Procuradorias\/Minist\u00e9rios P\u00fablicos<\/h3>\n\n\n\n<h3 class=\"wp-block-heading\" id=\"h-ministerio-publico-de-sao-paulo-mp-sp\"><a href=\"https:\/\/www.estrategiaconcursos.com.br\/blog\/concurso-mp-sp\/\" target=\"_blank\" rel=\"noreferrer noopener\">Minist\u00e9rio P\u00fablico de S\u00e3o Paulo<\/a> (MP SP)<\/h3>\n\n\n\n<ul class=\"wp-block-list\">\n<li><strong>Banca:<\/strong> Vunesp<\/li>\n\n\n\n<li><strong>Per\u00edodo de inscri\u00e7\u00f5es:<\/strong> 09\/12 a 06\/02\/2026<\/li>\n\n\n\n<li><strong>Data da prova<\/strong>: 29\/03\/2026<\/li>\n\n\n\n<li><strong>Vagas:<\/strong> CR<\/li>\n\n\n\n<li><strong>Sal\u00e1rio inicial:<\/strong> R$ 3.784,45 + benef\u00edcios<\/li>\n\n\n\n<li><strong>Edital:<\/strong> <a href=\"https:\/\/dhg1h5j42swfq.cloudfront.net\/2025\/12\/05133419\/mpsp2504_224_20251204140306-pdf.pdf\" target=\"_blank\" rel=\"noreferrer noopener nofollow\">MP SP Auxiliar de Promotoria I Administrativo 2025<\/a><\/li>\n<\/ul>\n\n\n\n<h3 class=\"wp-block-heading has-text-align-center has-background\" id=\"ecj\" style=\"background-color:#e1eaf2\">Carreiras Jur\u00eddicas<\/h3>\n\n\n\n<h3 class=\"wp-block-heading\" id=\"h-promotor-do-ministerio-publico-de-santa-catarina-mpsc-promotor\"><a href=\"https:\/\/cj.estrategia.com\/portal\/mpsc-lanca-edital-do-45o-concurso-para-promotor\/\" target=\"_blank\" rel=\"noreferrer noopener\">Promotor do Minist\u00e9rio P\u00fablico de Santa Catarina<\/a> (MPSC Promotor)<\/h3>\n\n\n\n<ul class=\"wp-block-list\">\n<li><strong>Banca:<\/strong> Vunesp<\/li>\n\n\n\n<li><strong>Per\u00edodo de inscri\u00e7\u00f5es:<\/strong> at\u00e9 12\/01\/2026<\/li>\n\n\n\n<li><strong>Data da prova<\/strong>: 22\/02\/2026<\/li>\n\n\n\n<li><strong>Vagas:<\/strong> CR<\/li>\n\n\n\n<li><strong>Sal\u00e1rio inicial:<\/strong> R$ 34.083,1<\/li>\n\n\n\n<li><strong>Edital:<\/strong> <a href=\"https:\/\/cj.estrategia.com\/portal\/wp-content\/uploads\/2025\/12\/05125041\/Edital-MPSC-2026.pdf\" target=\"_blank\" rel=\"noreferrer noopener\">MPSC Promotor<\/a><\/li>\n<\/ul>\n\n\n\n<h3 class=\"wp-block-heading has-text-align-center has-background\" id=\"educacao\" style=\"background-color:#e1eaf2\">Educa\u00e7\u00e3o<\/h3>\n\n\n\n<h3 class=\"wp-block-heading\" id=\"h-pss-secretaria-municipal-de-educacao-de-fortaleza-sme-fortaleza\"><a href=\"https:\/\/www.estrategiaconcursos.com.br\/blog\/edital-pss-sme-fortaleza-ce\/\" target=\"_blank\" rel=\"noreferrer noopener\">PSS Secretaria Municipal de Educa\u00e7\u00e3o de Fortaleza<\/a> (SME Fortaleza)<\/h3>\n\n\n\n<ul class=\"wp-block-list\">\n<li><strong>Banca:<\/strong> IMPARH<\/li>\n\n\n\n<li><strong>Per\u00edodo de inscri\u00e7\u00f5es:<\/strong> at\u00e9 22\/12<\/li>\n\n\n\n<li><strong>Data da prova<\/strong>: 11\/01\/2026<\/li>\n\n\n\n<li><strong>Vagas:<\/strong> CR<\/li>\n\n\n\n<li><strong>Sal\u00e1rio inicial:<\/strong> R$ 33,82 hora-aula<\/li>\n\n\n\n<li><strong>Edital:<\/strong> <strong>&nbsp;<\/strong><a href=\"https:\/\/dhg1h5j42swfq.cloudfront.net\/2025\/12\/01220424\/edital-pss-sme-fortaleza-ce.pdf\" target=\"_blank\" rel=\"noreferrer noopener nofollow\">PSS SME Fortaleza CE 2025<\/a><\/li>\n<\/ul>\n\n\n\n<h3 class=\"wp-block-heading\" id=\"h-colegio-pedro-ii\"><a href=\"https:\/\/www.estrategiaconcursos.com.br\/blog\/concurso-colegio-pedroii-2025edital-publicado\/\" target=\"_blank\" rel=\"noreferrer noopener\">Col\u00e9gio Pedro II<\/a><\/h3>\n\n\n\n<ul class=\"wp-block-list\">\n<li><strong>Banca:<\/strong> Instituto Selecon<\/li>\n\n\n\n<li><strong>Per\u00edodo de inscri\u00e7\u00f5es:<\/strong> at\u00e9 12\/01\/2026<\/li>\n\n\n\n<li><strong>Data da prova<\/strong>: 08\/02\/2026<\/li>\n\n\n\n<li><strong>Vagas:<\/strong> 50<\/li>\n\n\n\n<li><strong>Sal\u00e1rio inicial:<\/strong> at\u00e9 R$ 13.288,85<\/li>\n\n\n\n<li><strong>Edital:<\/strong> <a href=\"https:\/\/www.in.gov.br\/en\/web\/dou\/-\/edital-n-56\/2025-de-02-de-dezembro-de-2025-672971429\" target=\"_blank\" rel=\"noreferrer noopener nofollow\">Col\u00e9gio Pedro II 2025<\/a><\/li>\n<\/ul>\n\n\n\n<h3 class=\"wp-block-heading\" id=\"h-secretaria-municipal-de-educacao-de-campos-dos-goytacazes-sme-campos-dos-goytacazes-rj\"><a href=\"https:\/\/www.estrategiaconcursos.com.br\/blog\/concurso-sme-campos-dos-goytacazes-rj\/\" target=\"_blank\" rel=\"noreferrer noopener\">Secretaria Municipal de Educa\u00e7\u00e3o de Campos dos Goytacazes<\/a> (SME Campos dos Goytacazes RJ)<\/h3>\n\n\n\n<ul class=\"wp-block-list\">\n<li><strong>Banca:<\/strong> Instituto Consulplan<\/li>\n\n\n\n<li><strong>Per\u00edodo de inscri\u00e7\u00f5es:<\/strong> at\u00e9 28\/01\/2026<\/li>\n\n\n\n<li><strong>Data da prova<\/strong>: 08\/03\/2026<\/li>\n\n\n\n<li><strong>Vagas:<\/strong> 1.000 + CR<\/li>\n\n\n\n<li><strong>Sal\u00e1rio inicial:<\/strong> R$ 3.650,83 e R$ 4.200,16<\/li>\n\n\n\n<li><strong>Edital:<\/strong> <a href=\"https:\/\/dhg1h5j42swfq.cloudfront.net\/2025\/12\/05134958\/goytacazes.pdf\" target=\"_blank\" rel=\"noreferrer noopener nofollow\">SME Goytacazes 2025<\/a><\/li>\n<\/ul>\n\n\n\n<h3 class=\"wp-block-heading has-text-align-center has-background\" id=\"camaras\" style=\"background-color:#e1eaf2\">\u00c1rea legislativa<\/h3>\n\n\n\n<h3 class=\"wp-block-heading\" id=\"h-camara-de-rio-verde-go\"><a href=\"https:\/\/www.estrategiaconcursos.com.br\/blog\/concurso-camara-de-rio-verde-go\/\" target=\"_blank\" rel=\"noreferrer noopener\">C\u00e2mara de Rio Verde<\/a> (GO)<\/h3>\n\n\n\n<ul class=\"wp-block-list\">\n<li><strong>Banca:<\/strong> IDIB<\/li>\n\n\n\n<li><strong>Per\u00edodo de inscri\u00e7\u00f5es:<\/strong> at\u00e9 05\/01\/2026<\/li>\n\n\n\n<li><strong>Data da prova<\/strong>: 22\/02\/2026<\/li>\n\n\n\n<li><strong>Vagas:<\/strong> 107 + 540 CR<\/li>\n\n\n\n<li><strong>Sal\u00e1rio inicial:<\/strong> R$ 2.621,21 a R$ 5.241,14<\/li>\n\n\n\n<li><strong>Edital:<\/strong> <a href=\"https:\/\/dhg1h5j42swfq.cloudfront.net\/2025\/12\/04175831\/edital-cm-rio-verde-go-2025.pdf\" target=\"_blank\" rel=\"noreferrer noopener nofollow\">C\u00e2mara de Rio Verde GO 2025<\/a><\/li>\n<\/ul>\n\n\n\n<h3 class=\"wp-block-heading\" id=\"h-camara-de-bayeux-pb\"><a href=\"https:\/\/www.estrategiaconcursos.com.br\/blog\/concurso-camara-bayeux-pb\/\" target=\"_blank\" rel=\"noreferrer noopener\">C\u00e2mara de Bayeux<\/a> (PB)<\/h3>\n\n\n\n<ul class=\"wp-block-list\">\n<li><strong>Banca:<\/strong> IGECAP<\/li>\n\n\n\n<li><strong>Per\u00edodo de inscri\u00e7\u00f5es:<\/strong> at\u00e9 26\/12<\/li>\n\n\n\n<li><strong>Data da prova<\/strong>: 08\/02\/2026<\/li>\n\n\n\n<li><strong>Vagas<\/strong>: 21<\/li>\n\n\n\n<li><strong>Sal\u00e1rio inicial:<\/strong> R$ 1.600,00 a R$ 2.500,00<\/li>\n\n\n\n<li><strong>Edital:<\/strong> <a href=\"https:\/\/dhg1h5j42swfq.cloudfront.net\/2025\/12\/05170746\/f04f84de-b201-41a9-ba5d-54fa28f2950c.pdf\" target=\"_blank\" rel=\"noreferrer noopener nofollow\">C\u00e2mara de Bayeux 2025<\/a><\/li>\n<\/ul>\n\n\n\n<h3 class=\"wp-block-heading\" id=\"h-camara-de-uruguaiana-rs\"><a href=\"https:\/\/www.estrategiaconcursos.com.br\/blog\/concurso-camara-uruguaiana\/\" target=\"_blank\" rel=\"noreferrer noopener\">C\u00e2mara de Uruguaiana<\/a> (RS)<\/h3>\n\n\n\n<ul class=\"wp-block-list\">\n<li><strong>Banca:<\/strong> Fundatec<\/li>\n\n\n\n<li><strong>Per\u00edodo de inscri\u00e7\u00f5es:<\/strong> at\u00e9 02\/01\/2026<\/li>\n\n\n\n<li><strong>Data da prova<\/strong>: 08\/02\/2026<\/li>\n\n\n\n<li><strong>Vagas:<\/strong> 3<\/li>\n\n\n\n<li><strong>Sal\u00e1rio inicial:<\/strong> R$ 2.794,09 e R$ 5.882,85<\/li>\n\n\n\n<li><strong>Edital:<\/strong> <a href=\"https:\/\/dhg1h5j42swfq.cloudfront.net\/2025\/12\/05170949\/edital_abertura_10426932d454ee31c.pdf\" target=\"_blank\" rel=\"noreferrer noopener nofollow\">C\u00e2mara de Uruguaiana<\/a><\/li>\n<\/ul>\n\n\n\n<h3 class=\"wp-block-heading has-text-align-center has-background\" id=\"prefeituras\" style=\"background-color:#e1eaf2\">Prefeituras Municipais<\/h3>\n\n\n\n<h3 class=\"wp-block-heading\" id=\"h-prefeitura-de-ilha-comprida-sp\"><a href=\"https:\/\/www.estrategiaconcursos.com.br\/blog\/concurso-prefeitura-ilha-comprida\/\" target=\"_blank\" rel=\"noreferrer noopener\">Prefeitura de Ilha Comprida<\/a> (SP)<\/h3>\n\n\n\n<ul class=\"wp-block-list\">\n<li><strong>Banca:<\/strong> Instituto Mais<\/li>\n\n\n\n<li><strong>Per\u00edodo de inscri\u00e7\u00f5es:<\/strong> at\u00e9 22\/01\/2026<\/li>\n\n\n\n<li><strong>Data da prova<\/strong>: 08 e 15\/03\/2026<\/li>\n\n\n\n<li><strong>Vagas:<\/strong> 34 + CR<\/li>\n\n\n\n<li><strong>Sal\u00e1rio inicial:<\/strong> R$ 1.518,00 a R$ 8.582,14<\/li>\n\n\n\n<li><strong>Edital:<\/strong> <a href=\"https:\/\/dhg1h5j42swfq.cloudfront.net\/2025\/12\/01133559\/pm_ilha-comprida_cp03_2025_acs_ace_edital-de-abertura_publicacao-em-28_11_2025.pdf\" target=\"_blank\" rel=\"noreferrer noopener nofollow\">Edital 03<\/a>&nbsp;|&nbsp;<a href=\"https:\/\/dhg1h5j42swfq.cloudfront.net\/2025\/12\/01133555\/pm_ilha-comprida_cp-04_2025_procurador_edital-de-abertura_publicacao_28_11_2025.pdf\" target=\"_blank\" rel=\"noreferrer noopener nofollow\">Edital 04<\/a>&nbsp;|&nbsp;<a href=\"https:\/\/dhg1h5j42swfq.cloudfront.net\/2025\/12\/01133603\/pm_ilha-comprida_cp05_2025_geral_edital-de-abertrura_publicacao_28_11_2025-1.pdf\" target=\"_blank\" rel=\"noreferrer noopener nofollow\">Edital 05<\/a><\/li>\n<\/ul>\n\n\n\n<h3 class=\"wp-block-heading\" id=\"h-prefeitura-de-uniao-da-vitoria-pr\"><a href=\"https:\/\/www.estrategiaconcursos.com.br\/blog\/concurso-prefeitura-uniao-da-vitoria\/\" target=\"_blank\" rel=\"noreferrer noopener\">Prefeitura de Uni\u00e3o da Vit\u00f3ria<\/a> (PR)<\/h3>\n\n\n\n<ul class=\"wp-block-list\">\n<li><strong>Banca:<\/strong> SC Treinamentos<\/li>\n\n\n\n<li><strong>Per\u00edodo de inscri\u00e7\u00f5es:<\/strong> at\u00e9 30\/12<\/li>\n\n\n\n<li><strong>Data da prova<\/strong>: 18\/01\/2026<\/li>\n\n\n\n<li><strong>Vagas:<\/strong> 136<\/li>\n\n\n\n<li><strong>Sal\u00e1rio inicial:<\/strong> R$ 1.719,24 a R$ 15.447,34<\/li>\n\n\n\n<li><strong>Edital:<\/strong> <a href=\"https:\/\/dhg1h5j42swfq.cloudfront.net\/2025\/12\/01140537\/uniao-da-vitoria.pdf\" target=\"_blank\" rel=\"noreferrer noopener nofollow\">Uni\u00e3o da Vit\u00f3ria 2025<\/a><\/li>\n<\/ul>\n\n\n\n<h3 class=\"wp-block-heading\" id=\"h-prefeitura-de-valparaiso-de-goias-go\"><a href=\"https:\/\/www.estrategiaconcursos.com.br\/blog\/concurso-prefeitura-valparaiso-de-goias\/\" target=\"_blank\" rel=\"noreferrer noopener\">Prefeitura de Valpara\u00edso de Goi\u00e1s<\/a> (GO)<\/h3>\n\n\n\n<ul class=\"wp-block-list\">\n<li><strong>Banca:<\/strong> Instituto Verbena<\/li>\n\n\n\n<li><strong>Per\u00edodo de inscri\u00e7\u00f5es:<\/strong> 12\/01 a 12\/02\/2026<\/li>\n\n\n\n<li><strong>Data da prova<\/strong>: 24\/03\/2026<\/li>\n\n\n\n<li><strong>Vagas:<\/strong> 767 + 2.301 CR<\/li>\n\n\n\n<li><strong>Sal\u00e1rio inicial:<\/strong> R$ 1.544,98 a R$ 6.084,71<\/li>\n\n\n\n<li><strong>Edital:<\/strong> &nbsp;<a href=\"https:\/\/dhg1h5j42swfq.cloudfront.net\/2025\/11\/28191314\/valparaiso-go-edital-2025.pdf\" target=\"_blank\" rel=\"noreferrer noopener\">Valpara\u00edso de Goi\u00e1s 2025<\/a><\/li>\n<\/ul>\n\n\n\n<h3 class=\"wp-block-heading\" id=\"h-prefeitura-de-rosario-ma\"><a href=\"https:\/\/www.estrategiaconcursos.com.br\/blog\/concurso-prefeitura-rosario\/\" target=\"_blank\" rel=\"noreferrer noopener\">Prefeitura de Ros\u00e1rio<\/a> (MA)<\/h3>\n\n\n\n<ul class=\"wp-block-list\">\n<li><strong>Banca:<\/strong> Instituto JK<\/li>\n\n\n\n<li><strong>Per\u00edodo de inscri\u00e7\u00f5es:<\/strong> at\u00e9 05\/01\/2026<\/li>\n\n\n\n<li><strong>Data da prova<\/strong>: 18\/01\/2026<\/li>\n\n\n\n<li><strong>Vagas:<\/strong> 45 + CR<\/li>\n\n\n\n<li><strong>Sal\u00e1rio inicial:<\/strong> R$ 1.518,00 a R$ 5.000,00<\/li>\n\n\n\n<li><strong>Edital:<\/strong> <a href=\"https:\/\/dhg1h5j42swfq.cloudfront.net\/2025\/12\/01174203\/edital-de-concurso-rosario-oficial.pdf\" target=\"_blank\" rel=\"noreferrer noopener nofollow\">Ros\u00e1rio 2025<\/a><\/li>\n<\/ul>\n\n\n\n<h3 class=\"wp-block-heading\" id=\"h-prefeitura-de-lagoa-vermelha-rs\"><a href=\"https:\/\/www.estrategiaconcursos.com.br\/blog\/concurso-prefeitura-lagoa-vermelha\/\" target=\"_blank\" rel=\"noreferrer noopener\">Prefeitura de Lagoa Vermelha<\/a> (RS)<\/h3>\n\n\n\n<ul class=\"wp-block-list\">\n<li><strong>Banca:<\/strong> HC Assessoria<\/li>\n\n\n\n<li><strong>Per\u00edodo de inscri\u00e7\u00f5es:<\/strong> at\u00e9 30\/12<\/li>\n\n\n\n<li><strong>Data da prova<\/strong>: 01\/02\/2026<\/li>\n\n\n\n<li><strong>Vagas:<\/strong> 36 + CR<\/li>\n\n\n\n<li><strong>Sal\u00e1rio inicial:<\/strong> R$ 1.601,81 a R$ 9.838,92<\/li>\n\n\n\n<li><strong>Edital:<\/strong>&nbsp;<a href=\"https:\/\/anexos.cdn.selecao.net.br\/uploads\/744\/concursos\/96\/anexos\/f64db787-4e9d-4ce1-abd3-96363e43d8b2.pdf\" target=\"_blank\" rel=\"noreferrer noopener nofollow\">Lagoa Vermelha 2025<\/a><\/li>\n<\/ul>\n\n\n\n<h3 class=\"wp-block-heading\" id=\"h-prefeitura-de-caruaru-pe\"><a href=\"https:\/\/www.estrategiaconcursos.com.br\/blog\/concurso-prefeitura-caruaru\/\" target=\"_blank\" rel=\"noreferrer noopener\">Prefeitura de Caruaru<\/a> (PE)<\/h3>\n\n\n\n<ul class=\"wp-block-list\">\n<li><strong>Banca:<\/strong> IBAM<\/li>\n\n\n\n<li><strong>Per\u00edodo de inscri\u00e7\u00f5es:<\/strong> 08\/12 a 07\/01\/2026<\/li>\n\n\n\n<li><strong>Data da prova<\/strong>: 08\/02\/2026<\/li>\n\n\n\n<li><strong>Vagas:<\/strong> 24<\/li>\n\n\n\n<li><strong>Sal\u00e1rio inicial:<\/strong> R$ 2.000,00 a R$ 3.000,00<\/li>\n\n\n\n<li><strong>Edital:<\/strong> <a href=\"https:\/\/dhg1h5j42swfq.cloudfront.net\/2025\/12\/02210126\/ed-pmc0425.pdf\" target=\"_blank\" rel=\"noreferrer noopener nofollow\">Caruaru PE 03\/2025<\/a><\/li>\n<\/ul>\n\n\n\n<h3 class=\"wp-block-heading\" id=\"h-prefeitura-de-porto-alegre-do-piaui-pi\"><a href=\"https:\/\/www.estrategiaconcursos.com.br\/blog\/concurso-prefeitura-porto-alegre-do-piaui\/\" target=\"_blank\" rel=\"noreferrer noopener\">Prefeitura de Porto Alegre do Piau\u00ed<\/a> (PI)<\/h3>\n\n\n\n<ul class=\"wp-block-list\">\n<li><strong>Banca:<\/strong> Consesp<\/li>\n\n\n\n<li><strong>Per\u00edodo de inscri\u00e7\u00f5es:<\/strong> at\u00e9 20\/12<\/li>\n\n\n\n<li><strong>Data da prova<\/strong>: 11\/01\/2026<\/li>\n\n\n\n<li><strong>Vagas:<\/strong> 51 + CR<\/li>\n\n\n\n<li><strong>Sal\u00e1rio inicial:<\/strong> R$ 1.518,00 a R$ 8.000,00<\/li>\n\n\n\n<li><strong>Edital:&nbsp;<a href=\"https:\/\/dhg1h5j42swfq.cloudfront.net\/2025\/12\/03113715\/piaui.pdf\" target=\"_blank\" rel=\"noreferrer noopener nofollow\">Porto Alegre do Piau\u00ed 2025<\/a><\/strong><\/li>\n<\/ul>\n\n\n\n<h3 class=\"wp-block-heading\" id=\"h-prefeitura-de-capetinga-mg\"><a href=\"https:\/\/www.estrategiaconcursos.com.br\/blog\/concurso-prefeitura-capetinga\/\" target=\"_blank\" rel=\"noreferrer noopener\">Prefeitura de Capetinga<\/a> (MG)<\/h3>\n\n\n\n<ul class=\"wp-block-list\">\n<li><strong>Banca:<\/strong> ABCP<\/li>\n\n\n\n<li><strong>Per\u00edodo de inscri\u00e7\u00f5es:<\/strong> 02\/02 a 05\/03\/2026<\/li>\n\n\n\n<li><strong>Data da prova<\/strong>: 12\/04\/2026<\/li>\n\n\n\n<li><strong>Vagas:<\/strong> 97 + CR<\/li>\n\n\n\n<li><strong>Sal\u00e1rio inicial:<\/strong>&nbsp;R$ 1.525,69 a R$ 18.723,00<\/li>\n\n\n\n<li><strong>Edital:<\/strong> <a href=\"https:\/\/dhg1h5j42swfq.cloudfront.net\/2025\/12\/03145312\/capetinga-edital.pdf\" target=\"_blank\" rel=\"noreferrer noopener nofollow\">Capetinga 2025<\/a><\/li>\n<\/ul>\n\n\n\n<h3 class=\"wp-block-heading\" id=\"h-prefeitura-de-cacique-doble-rs\"><a href=\"https:\/\/www.estrategiaconcursos.com.br\/blog\/concurso-prefeitura-cacique-doble\/\" target=\"_blank\" rel=\"noreferrer noopener\">Prefeitura de Cacique Doble<\/a> (RS)<\/h3>\n\n\n\n<ul class=\"wp-block-list\">\n<li><strong>Banca:<\/strong> Legalle Concursos<\/li>\n\n\n\n<li><strong>Per\u00edodo de inscri\u00e7\u00f5es:<\/strong> at\u00e9 30\/12<\/li>\n\n\n\n<li><strong>Data da prova<\/strong>: 14\/02\/2026<\/li>\n\n\n\n<li><strong>Vagas:<\/strong> 42+ CR<\/li>\n\n\n\n<li><strong>Sal\u00e1rio inicial: <\/strong>R$ 1.619,30 a R$ 10.558,43<\/li>\n\n\n\n<li><strong>Edital:<\/strong> <a href=\"https:\/\/dhg1h5j42swfq.cloudfront.net\/2025\/12\/03114205\/cce40bfa0b98d37bd7715cc3b888616b.pdf\" target=\"_blank\" rel=\"noreferrer noopener nofollow\">Edital Cacique Doble 2025<\/a><\/li>\n<\/ul>\n\n\n\n<h3 class=\"wp-block-heading\" id=\"h-prefeitura-de-pinhal-da-serra-rs\"><a href=\"https:\/\/www.estrategiaconcursos.com.br\/blog\/concurso-prefeitura-pinhal-serra\/\" target=\"_blank\" rel=\"noreferrer noopener\">Prefeitura de Pinhal da Serra<\/a> (RS)<\/h3>\n\n\n\n<ul class=\"wp-block-list\">\n<li><strong>Banca:<\/strong> Legalle<\/li>\n\n\n\n<li><strong>Per\u00edodo de inscri\u00e7\u00f5es:<\/strong> 10 a 24\/12<\/li>\n\n\n\n<li><strong>Data da prova<\/strong>: 31\/01\/2026<\/li>\n\n\n\n<li><strong>Vagas:<\/strong> 30 + CR<\/li>\n\n\n\n<li><strong>Sal\u00e1rio inicial:<\/strong> R$ 1.563,56 a R$ 20.449,01<\/li>\n\n\n\n<li><strong>Edital:<\/strong> <a href=\"https:\/\/dhg1h5j42swfq.cloudfront.net\/2025\/12\/03182443\/7e7539308f85e6a70ae381086dff20a6.pdf\" target=\"_blank\" rel=\"noreferrer noopener nofollow\">Pinhal da Serra RS 2025<\/a><\/li>\n<\/ul>\n\n\n\n<h3 class=\"wp-block-heading\" id=\"h-prefeitura-de-concordia-sc\"><a href=\"https:\/\/www.estrategiaconcursos.com.br\/blog\/concurso-prefeitura-concordia\/\" target=\"_blank\" rel=\"noreferrer noopener\">Prefeitura de Conc\u00f3rdia<\/a> (SC)<\/h3>\n\n\n\n<ul class=\"wp-block-list\">\n<li><strong>Banca:<\/strong> FEPESE<\/li>\n\n\n\n<li><strong>Per\u00edodo de inscri\u00e7\u00f5es:<\/strong> 08 a 23\/12<\/li>\n\n\n\n<li><strong>Data da prova<\/strong>: 18\/01\/2026<\/li>\n\n\n\n<li><strong>Vagas:<\/strong> 17 +  CR<\/li>\n\n\n\n<li><strong>Sal\u00e1rio inicial:<\/strong> R$ 2.433,89 a R$ 6.041,93<\/li>\n\n\n\n<li><strong>Edital:<\/strong> <a href=\"https:\/\/dhg1h5j42swfq.cloudfront.net\/2025\/12\/04102457\/iprecon.pdf\" target=\"_blank\" rel=\"noreferrer noopener nofollow\">Edital Iprecon<\/a>&nbsp;|&nbsp;<a href=\"https:\/\/dhg1h5j42swfq.cloudfront.net\/2025\/12\/04102453\/educacao.pdf\" target=\"_blank\" rel=\"noreferrer noopener nofollow\">Edital Educa\u00e7\u00e3o<\/a>&nbsp;|&nbsp;<a href=\"https:\/\/dhg1h5j42swfq.cloudfront.net\/2025\/12\/04102448\/afm.pdf\" target=\"_blank\" rel=\"noreferrer noopener nofollow\">Edital Adm<\/a><\/li>\n<\/ul>\n\n\n\n<h3 class=\"wp-block-heading\" id=\"h-pre-feitura-de-vespasiano-correa-rs\"><a href=\"https:\/\/www.estrategiaconcursos.com.br\/blog\/concurso-prefeitura-vespasiano-correa\/\" target=\"_blank\" rel=\"noreferrer noopener\">Pre<\/a><a href=\"https:\/\/www.estrategiaconcursos.com.br\/blog\/concurso-prefeitura-vespasiano-correa\/\">feitura de Vespasiano Corr\u00eaa<\/a> (RS)<\/h3>\n\n\n\n<ul class=\"wp-block-list\">\n<li><strong>Banca:<\/strong> Objetiva<\/li>\n\n\n\n<li><strong>Per\u00edodo de inscri\u00e7\u00f5es:<\/strong> at\u00e9 22\/12<\/li>\n\n\n\n<li><strong>Data da prova<\/strong>: 01\/02\/2026<\/li>\n\n\n\n<li><strong>Vagas:<\/strong> 2 + CR<\/li>\n\n\n\n<li><strong>Sal\u00e1rio inicial:<\/strong> R$ 2.482,42 a R$ 3.987,26<\/li>\n\n\n\n<li><strong>Edital:<\/strong> <a href=\"https:\/\/dhg1h5j42swfq.cloudfront.net\/2025\/12\/04103718\/vesp-correa.pdf\" target=\"_blank\" rel=\"noreferrer noopener nofollow\">Vespasiano Corr\u00eaa 2025<\/a><\/li>\n<\/ul>\n\n\n\n<h3 class=\"wp-block-heading\" id=\"h-prefeitura-de-presidente-juscelino-mg\"><a href=\"https:\/\/www.estrategiaconcursos.com.br\/blog\/concurso-prefeitura-presidente-juscelino\/\" target=\"_blank\" rel=\"noreferrer noopener\">Prefeitura de Presidente Juscelino<\/a> (MG)<\/h3>\n\n\n\n<ul class=\"wp-block-list\">\n<li><strong>Banca:<\/strong> IBGP Concursos<\/li>\n\n\n\n<li><strong>Per\u00edodo de inscri\u00e7\u00f5es:<\/strong> 09\/02 a 10\/03\/2026<\/li>\n\n\n\n<li><strong>Data da prova<\/strong>: 12\/04\/2026<\/li>\n\n\n\n<li><strong>Vagas:<\/strong> 86<\/li>\n\n\n\n<li><strong>Sal\u00e1rio inicial:<\/strong> R$ 1.518,00 a R$ 3.946,38 ou R$ 32,29 por hora\/aula<\/li>\n\n\n\n<li><strong>Edital:<\/strong> <a href=\"https:\/\/dhg1h5j42swfq.cloudfront.net\/2025\/12\/04180232\/00-edital-concurso-presidente-juscelino-mg.pdf\" target=\"_blank\" rel=\"noreferrer noopener\">Presidente Juscelino 2025<\/a><\/li>\n<\/ul>\n\n\n\n<h3 class=\"wp-block-heading\" id=\"h-prefeitura-de-restinga-sp\"><a href=\"https:\/\/www.estrategiaconcursos.com.br\/blog\/concurso-prefeitura-restinga\/\" target=\"_blank\" rel=\"noreferrer noopener\">Prefeitura de Restinga<\/a> (SP)<\/h3>\n\n\n\n<ul class=\"wp-block-list\">\n<li><strong>Banca:<\/strong> Instituto IBEPP<\/li>\n\n\n\n<li><strong>Per\u00edodo de inscri\u00e7\u00f5es:<\/strong> at\u00e9 29\/12<\/li>\n\n\n\n<li><strong>Data da prova<\/strong>: 18\/01\/2026<\/li>\n\n\n\n<li><strong>Vagas:<\/strong> 13 + CR<\/li>\n\n\n\n<li><strong>Sal\u00e1rio inicial:<\/strong> R$ 1.558,99 a R$ 8.283,69<\/li>\n\n\n\n<li><strong>Edital:<\/strong> <strong><a href=\"https:\/\/dhg1h5j42swfq.cloudfront.net\/2025\/12\/04171508\/restinga.pdf\" target=\"_blank\" rel=\"noreferrer noopener nofollow\">Restinga 2025<\/a><\/strong><\/li>\n<\/ul>\n\n\n\n<h3 class=\"wp-block-heading\" id=\"h-prefeitura-de-arroio-do-meio-rs\"><a href=\"https:\/\/www.estrategiaconcursos.com.br\/blog\/concurso-prefeitura-arroio-do-meio\/\" target=\"_blank\" rel=\"noreferrer noopener\">Prefeitura de Arroio do Meio<\/a> (RS)<\/h3>\n\n\n\n<ul class=\"wp-block-list\">\n<li><strong>Banca:<\/strong> Funda\u00e7\u00e3o La Salle<\/li>\n\n\n\n<li><strong>Per\u00edodo de inscri\u00e7\u00f5es:<\/strong> at\u00e9 17\/12<\/li>\n\n\n\n<li><strong>Data da prova<\/strong>: 08\/02\/2026<\/li>\n\n\n\n<li><strong>Vagas:<\/strong> 2+ CR<\/li>\n\n\n\n<li><strong>Sal\u00e1rio inicial:<\/strong> R$ 2.530,00 a R$ 7.590,00<\/li>\n\n\n\n<li><strong>Edital:<\/strong> <a href=\"https:\/\/dhg1h5j42swfq.cloudfront.net\/2025\/12\/05163650\/ed_abert_v3_arroiodomeio0125.pdf\" target=\"_blank\" rel=\"noreferrer noopener nofollow\">Arroio do Meio 2025<\/a><\/li>\n<\/ul>\n\n\n\n<h3 class=\"wp-block-heading has-text-align-center\" id=\"h-quer-ficar-por-dentro-de-mais-informacoes-sobre-o-mundo-dos-concursos-alem-dos-editais-da-semana-entao-confira-as-principais-noticias-do-dia\"><em>Quer ficar por dentro de mais informa\u00e7\u00f5es sobre o mundo dos concursos, al\u00e9m dos editais da semana? Ent\u00e3o confira as principais not\u00edcias do dia!<\/em><\/h3>\n\n\n\n<p class=\"has-text-align-center has-background\" style=\"background-color:#ededed;font-size:clamp(14.642px, 0.915rem + ((1vw - 3.2px) * 0.721), 22px);px\"><strong><a href=\"https:\/\/www.estrategiaconcursos.com.br\/blog\/principais-noticias-do-dia\/\" target=\"_blank\" rel=\"noreferrer noopener\">Principais not\u00edcias do dia<\/a><\/strong><\/p>\n\n\n\n<div class=\"container\" id=\"boxes\">\r\n  <div class=\"row\">\r\n\r\n    <div class=\"col-sm\">\r\n      <div class=\"estrategia\" id=\"box-assinatura\">\r\n        <h3 class=\"titulo-assinatura\">Assinatura Concursos<\/h3>\r\n        <p class=\"subtitulo-assinatura\">Assinatura de 1 ano ou 2 anos<\/p>\r\n        <div class=\"box-botao\">\r\n          <a class=\"btn-assinatura\" target=\"_blank\" href=\"https:\/\/www.estrategiaconcursos.com.br\/assinaturas\/\" role=\"button\" rel=\"noopener noreferrer\">ASSINE AGORA<\/a>\r\n        <\/div>\r\n      <\/div><\/div><\/div><\/div>\n\n\n\n<h2 class=\"wp-block-heading has-text-align-center\" id=\"h-quer-saber-tudo-sobre-concursos-previstos-e-editais-da-semana-confira-os-nossos-artigos\">Quer saber tudo sobre concursos previstos e editais da semana?<br \/>Confira os nossos artigos!<\/h2>\n\n\n\n<ul class=\"wp-block-list\">\n<li><a href=\"https:\/\/www.estrategiaconcursos.com.br\/blog\/concursos-abertos\/\" target=\"_blank\" rel=\"noreferrer noopener\">Concursos Abertos<\/a><\/li>\n\n\n\n<li><a href=\"https:\/\/www.estrategiaconcursos.com.br\/blog\/concursos-prefeitura\/\" target=\"_blank\" rel=\"noreferrer noopener\">Concursos Abertos Prefeitura<\/a><\/li>\n\n\n\n<li><a href=\"https:\/\/www.estrategiaconcursos.com.br\/blog\/concursos-2026\/\" target=\"_blank\" rel=\"noreferrer noopener\">Concursos 2026<\/a><\/li>\n<\/ul>\n","protected":false},"excerpt":{"rendered":"<p>O m\u00eas de dezembro finalmente alcan\u00e7ou o ano de 2025 e, com ele, tivemos uma semana recheada de novos editais de concursos p\u00fablicos e um saldo pra l\u00e1 de atrativo de novas vagas. Ao todo, chegaram \u00e0 pra\u00e7a 31 certames, garantindo um total de 6.478 oportunidades imediatas e de cadastro reserva. Entre os destaques, a [&hellip;]<\/p>\n","protected":false},"author":2692,"featured_media":1445265,"comment_status":"open","ping_status":"closed","sticky":false,"template":"","format":"standard","meta":{"post_tipo":"news","footnotes":""},"categories":[1,220219],"tags":[],"tax_estado":[219963],"class_list":["post-1678034","post","type-post","status-publish","format-standard","has-post-thumbnail","hentry","category-cursos-e-concursos","category-noticias","tax_estado-concursos-federais"],"acf":[],"yoast_head":"<!-- This site is optimized with the Yoast SEO Premium plugin v27.2 (Yoast SEO v27.2) - https:\/\/yoast.com\/product\/yoast-seo-premium-wordpress\/ -->\n<title>Concursos P\u00fablicos: 31 editais esta semana; 6,4 mil vagas!<\/title>\n<meta name=\"description\" content=\"Concurso P\u00fablico 2025: 31 editais sa\u00edram ao longo desta semana (1\u00ba a 05\/12). Confira o n\u00famero de oportunidades, remunera\u00e7\u00e3o e datas.\" \/>\n<meta name=\"robots\" content=\"index, follow, max-snippet:-1, max-image-preview:large, max-video-preview:-1\" \/>\n<link rel=\"canonical\" href=\"https:\/\/www.estrategiaconcursos.com.br\/blog\/concurso-editais-semana-01-a-05-12\/\" \/>\n<meta property=\"og:locale\" content=\"pt_BR\" \/>\n<meta property=\"og:type\" content=\"article\" \/>\n<meta property=\"og:title\" content=\"Concursos P\u00fablicos: 31 editais esta semana; 6,4 mil vagas!\" \/>\n<meta property=\"og:description\" content=\"Concurso P\u00fablico 2025: 31 editais sa\u00edram ao longo desta semana (1\u00ba a 05\/12). Confira o n\u00famero de oportunidades, remunera\u00e7\u00e3o e datas.\" \/>\n<meta property=\"og:url\" content=\"https:\/\/www.estrategiaconcursos.com.br\/blog\/concurso-editais-semana-01-a-05-12\/\" \/>\n<meta property=\"og:site_name\" content=\"Estrat\u00e9gia Concursos\" \/>\n<meta property=\"article:published_time\" content=\"2025-12-05T21:00:00+00:00\" \/>\n<meta property=\"article:modified_time\" content=\"2025-12-12T21:20:05+00:00\" \/>\n<meta property=\"og:image\" content=\"https:\/\/dhg1h5j42swfq.cloudfront.net\/2024\/08\/14120803\/concursos-2025-1.png\" \/>\n\t<meta property=\"og:image:width\" content=\"692\" \/>\n\t<meta property=\"og:image:height\" content=\"393\" \/>\n\t<meta property=\"og:image:type\" content=\"image\/png\" \/>\n<meta name=\"author\" content=\"Ronaldo Scanavini Neto\" \/>\n<meta name=\"twitter:card\" content=\"summary_large_image\" \/>\n<meta name=\"twitter:creator\" content=\"@EstratConcursos\" \/>\n<meta name=\"twitter:site\" content=\"@EstratConcursos\" \/>\n<meta name=\"twitter:label1\" content=\"Escrito por\" \/>\n\t<meta name=\"twitter:data1\" content=\"Ronaldo Scanavini Neto\" \/>\n\t<meta name=\"twitter:label2\" content=\"Est. tempo de leitura\" \/>\n\t<meta name=\"twitter:data2\" content=\"5 minutos\" \/>\n<script type=\"application\/ld+json\" class=\"yoast-schema-graph\">{\"@context\":\"https:\/\/schema.org\",\"@graph\":[{\"@type\":\"NewsArticle\",\"@id\":\"https:\/\/www.estrategiaconcursos.com.br\/blog\/concurso-editais-semana-01-a-05-12\/#article\",\"isPartOf\":{\"@id\":\"https:\/\/www.estrategiaconcursos.com.br\/blog\/concurso-editais-semana-01-a-05-12\/\"},\"author\":{\"name\":\"Ronaldo Scanavini Neto\",\"@id\":\"https:\/\/www.estrategiaconcursos.com.br\/blog\/#\/schema\/person\/70c2ad4297aa24ff8815b08215b23a76\"},\"headline\":\"Concursos P\u00fablicos: 31 editais esta semana; 6,4 mil vagas!\",\"datePublished\":\"2025-12-05T21:00:00+00:00\",\"dateModified\":\"2025-12-12T21:20:05+00:00\",\"mainEntityOfPage\":{\"@id\":\"https:\/\/www.estrategiaconcursos.com.br\/blog\/concurso-editais-semana-01-a-05-12\/\"},\"wordCount\":1072,\"commentCount\":0,\"publisher\":{\"@id\":\"https:\/\/www.estrategiaconcursos.com.br\/blog\/#organization\"},\"image\":{\"@id\":\"https:\/\/www.estrategiaconcursos.com.br\/blog\/concurso-editais-semana-01-a-05-12\/#primaryimage\"},\"thumbnailUrl\":\"https:\/\/dhg1h5j42swfq.cloudfront.net\/2024\/08\/14120803\/concursos-2025-1.png\",\"articleSection\":[\"Concursos P\u00fablicos\",\"\u00daltimas not\u00edcias\"],\"inLanguage\":\"pt-BR\",\"potentialAction\":[{\"@type\":\"CommentAction\",\"name\":\"Comment\",\"target\":[\"https:\/\/www.estrategiaconcursos.com.br\/blog\/concurso-editais-semana-01-a-05-12\/#respond\"]}],\"copyrightYear\":\"2025\",\"copyrightHolder\":{\"@id\":\"https:\/\/www.estrategiaconcursos.com.br\/blog\/#organization\"}},{\"@type\":\"WebPage\",\"@id\":\"https:\/\/www.estrategiaconcursos.com.br\/blog\/concurso-editais-semana-01-a-05-12\/\",\"url\":\"https:\/\/www.estrategiaconcursos.com.br\/blog\/concurso-editais-semana-01-a-05-12\/\",\"name\":\"Concursos P\u00fablicos: 31 editais esta semana; 6,4 mil vagas!\",\"isPartOf\":{\"@id\":\"https:\/\/www.estrategiaconcursos.com.br\/blog\/#website\"},\"primaryImageOfPage\":{\"@id\":\"https:\/\/www.estrategiaconcursos.com.br\/blog\/concurso-editais-semana-01-a-05-12\/#primaryimage\"},\"image\":{\"@id\":\"https:\/\/www.estrategiaconcursos.com.br\/blog\/concurso-editais-semana-01-a-05-12\/#primaryimage\"},\"thumbnailUrl\":\"https:\/\/dhg1h5j42swfq.cloudfront.net\/2024\/08\/14120803\/concursos-2025-1.png\",\"datePublished\":\"2025-12-05T21:00:00+00:00\",\"dateModified\":\"2025-12-12T21:20:05+00:00\",\"description\":\"Concurso P\u00fablico 2025: 31 editais sa\u00edram ao longo desta semana (1\u00ba a 05\/12). Confira o n\u00famero de oportunidades, remunera\u00e7\u00e3o e datas.\",\"breadcrumb\":{\"@id\":\"https:\/\/www.estrategiaconcursos.com.br\/blog\/concurso-editais-semana-01-a-05-12\/#breadcrumb\"},\"inLanguage\":\"pt-BR\",\"potentialAction\":[{\"@type\":\"ReadAction\",\"target\":[\"https:\/\/www.estrategiaconcursos.com.br\/blog\/concurso-editais-semana-01-a-05-12\/\"]}]},{\"@type\":\"ImageObject\",\"inLanguage\":\"pt-BR\",\"@id\":\"https:\/\/www.estrategiaconcursos.com.br\/blog\/concurso-editais-semana-01-a-05-12\/#primaryimage\",\"url\":\"https:\/\/dhg1h5j42swfq.cloudfront.net\/2024\/08\/14120803\/concursos-2025-1.png\",\"contentUrl\":\"https:\/\/dhg1h5j42swfq.cloudfront.net\/2024\/08\/14120803\/concursos-2025-1.png\",\"width\":692,\"height\":393,\"caption\":\"concursos 2025\"},{\"@type\":\"BreadcrumbList\",\"@id\":\"https:\/\/www.estrategiaconcursos.com.br\/blog\/concurso-editais-semana-01-a-05-12\/#breadcrumb\",\"itemListElement\":[{\"@type\":\"ListItem\",\"position\":1,\"name\":\"In\u00edcio\",\"item\":\"https:\/\/www.estrategiaconcursos.com.br\/blog\/\"},{\"@type\":\"ListItem\",\"position\":2,\"name\":\"Concursos P\u00fablicos: 31 editais esta semana; 6,4 mil vagas!\"}]},{\"@type\":\"WebSite\",\"@id\":\"https:\/\/www.estrategiaconcursos.com.br\/blog\/#website\",\"url\":\"https:\/\/www.estrategiaconcursos.com.br\/blog\/\",\"name\":\"Estrat\u00e9gia Concursos\",\"description\":\"O blog da Estrat\u00e9gia Concursos traz not\u00edcias sobre concursos e artigos de professores oferecendo cursos para concursos (pdf + videaulas) no site.\",\"publisher\":{\"@id\":\"https:\/\/www.estrategiaconcursos.com.br\/blog\/#organization\"},\"potentialAction\":[{\"@type\":\"SearchAction\",\"target\":{\"@type\":\"EntryPoint\",\"urlTemplate\":\"https:\/\/www.estrategiaconcursos.com.br\/blog\/?s={search_term_string}\"},\"query-input\":{\"@type\":\"PropertyValueSpecification\",\"valueRequired\":true,\"valueName\":\"search_term_string\"}}],\"inLanguage\":\"pt-BR\"},{\"@type\":\"Organization\",\"@id\":\"https:\/\/www.estrategiaconcursos.com.br\/blog\/#organization\",\"name\":\"Estrat\u00e9gia Concursos\",\"url\":\"https:\/\/www.estrategiaconcursos.com.br\/blog\/\",\"logo\":{\"@type\":\"ImageObject\",\"inLanguage\":\"pt-BR\",\"@id\":\"https:\/\/www.estrategiaconcursos.com.br\/blog\/#\/schema\/logo\/image\/\",\"url\":\"https:\/\/dhg1h5j42swfq.cloudfront.net\/2025\/06\/03203428\/logo_concursos-1.jpg\",\"contentUrl\":\"https:\/\/dhg1h5j42swfq.cloudfront.net\/2025\/06\/03203428\/logo_concursos-1.jpg\",\"width\":230,\"height\":60,\"caption\":\"Estrat\u00e9gia Concursos\"},\"image\":{\"@id\":\"https:\/\/www.estrategiaconcursos.com.br\/blog\/#\/schema\/logo\/image\/\"},\"sameAs\":[\"https:\/\/x.com\/EstratConcursos\"]},{\"@type\":\"Person\",\"@id\":\"https:\/\/www.estrategiaconcursos.com.br\/blog\/#\/schema\/person\/70c2ad4297aa24ff8815b08215b23a76\",\"name\":\"Ronaldo Scanavini Neto\",\"image\":{\"@type\":\"ImageObject\",\"inLanguage\":\"pt-BR\",\"@id\":\"https:\/\/secure.gravatar.com\/avatar\/f93d8e56fe264596e94aee6b3feb737d98ad0fc5bac7eb0a245f04723c5c8f21?s=96&d=mm&r=g\",\"url\":\"https:\/\/secure.gravatar.com\/avatar\/f93d8e56fe264596e94aee6b3feb737d98ad0fc5bac7eb0a245f04723c5c8f21?s=96&d=mm&r=g\",\"contentUrl\":\"https:\/\/secure.gravatar.com\/avatar\/f93d8e56fe264596e94aee6b3feb737d98ad0fc5bac7eb0a245f04723c5c8f21?s=96&d=mm&r=g\",\"caption\":\"Ronaldo Scanavini Neto\"},\"description\":\"Graduando em Comunica\u00e7\u00e3o Social \u2013 Jornalismo pela Universidade Federal de Vi\u00e7osa (UFV). Integra a equipe de jornalismo do Estrat\u00e9gia Concursos desde 2023, atuando com \u00eanfase na cobertura da \u00e1rea fiscal. Tamb\u00e9m realiza a apura\u00e7\u00e3o e produ\u00e7\u00e3o de not\u00edcias sobre concursos federais, \u00f3rg\u00e3os participantes do CNU e das \u00e1reas de controle, gest\u00e3o, engenharia, Exame CFC, comunica\u00e7\u00e3o social TI e \u00e1rea de concursos administrativos.\",\"url\":\"https:\/\/www.estrategiaconcursos.com.br\/blog\/author\/ronaldo-netoestrategia-com\/\"}]}<\/script>\n<!-- \/ Yoast SEO Premium plugin. -->","yoast_head_json":{"title":"Concursos P\u00fablicos: 31 editais esta semana; 6,4 mil vagas!","description":"Concurso P\u00fablico 2025: 31 editais sa\u00edram ao longo desta semana (1\u00ba a 05\/12). Confira o n\u00famero de oportunidades, remunera\u00e7\u00e3o e datas.","robots":{"index":"index","follow":"follow","max-snippet":"max-snippet:-1","max-image-preview":"max-image-preview:large","max-video-preview":"max-video-preview:-1"},"canonical":"https:\/\/www.estrategiaconcursos.com.br\/blog\/concurso-editais-semana-01-a-05-12\/","og_locale":"pt_BR","og_type":"article","og_title":"Concursos P\u00fablicos: 31 editais esta semana; 6,4 mil vagas!","og_description":"Concurso P\u00fablico 2025: 31 editais sa\u00edram ao longo desta semana (1\u00ba a 05\/12). Confira o n\u00famero de oportunidades, remunera\u00e7\u00e3o e datas.","og_url":"https:\/\/www.estrategiaconcursos.com.br\/blog\/concurso-editais-semana-01-a-05-12\/","og_site_name":"Estrat\u00e9gia Concursos","article_published_time":"2025-12-05T21:00:00+00:00","article_modified_time":"2025-12-12T21:20:05+00:00","og_image":[{"width":692,"height":393,"url":"https:\/\/dhg1h5j42swfq.cloudfront.net\/2024\/08\/14120803\/concursos-2025-1.png","type":"image\/png"}],"author":"Ronaldo Scanavini Neto","twitter_card":"summary_large_image","twitter_creator":"@EstratConcursos","twitter_site":"@EstratConcursos","twitter_misc":{"Escrito por":"Ronaldo Scanavini Neto","Est. tempo de leitura":"5 minutos"},"schema":{"@context":"https:\/\/schema.org","@graph":[{"@type":"NewsArticle","@id":"https:\/\/www.estrategiaconcursos.com.br\/blog\/concurso-editais-semana-01-a-05-12\/#article","isPartOf":{"@id":"https:\/\/www.estrategiaconcursos.com.br\/blog\/concurso-editais-semana-01-a-05-12\/"},"author":{"name":"Ronaldo Scanavini Neto","@id":"https:\/\/www.estrategiaconcursos.com.br\/blog\/#\/schema\/person\/70c2ad4297aa24ff8815b08215b23a76"},"headline":"Concursos P\u00fablicos: 31 editais esta semana; 6,4 mil vagas!","datePublished":"2025-12-05T21:00:00+00:00","dateModified":"2025-12-12T21:20:05+00:00","mainEntityOfPage":{"@id":"https:\/\/www.estrategiaconcursos.com.br\/blog\/concurso-editais-semana-01-a-05-12\/"},"wordCount":1072,"commentCount":0,"publisher":{"@id":"https:\/\/www.estrategiaconcursos.com.br\/blog\/#organization"},"image":{"@id":"https:\/\/www.estrategiaconcursos.com.br\/blog\/concurso-editais-semana-01-a-05-12\/#primaryimage"},"thumbnailUrl":"https:\/\/dhg1h5j42swfq.cloudfront.net\/2024\/08\/14120803\/concursos-2025-1.png","articleSection":["Concursos P\u00fablicos","\u00daltimas not\u00edcias"],"inLanguage":"pt-BR","potentialAction":[{"@type":"CommentAction","name":"Comment","target":["https:\/\/www.estrategiaconcursos.com.br\/blog\/concurso-editais-semana-01-a-05-12\/#respond"]}],"copyrightYear":"2025","copyrightHolder":{"@id":"https:\/\/www.estrategiaconcursos.com.br\/blog\/#organization"}},{"@type":"WebPage","@id":"https:\/\/www.estrategiaconcursos.com.br\/blog\/concurso-editais-semana-01-a-05-12\/","url":"https:\/\/www.estrategiaconcursos.com.br\/blog\/concurso-editais-semana-01-a-05-12\/","name":"Concursos P\u00fablicos: 31 editais esta semana; 6,4 mil vagas!","isPartOf":{"@id":"https:\/\/www.estrategiaconcursos.com.br\/blog\/#website"},"primaryImageOfPage":{"@id":"https:\/\/www.estrategiaconcursos.com.br\/blog\/concurso-editais-semana-01-a-05-12\/#primaryimage"},"image":{"@id":"https:\/\/www.estrategiaconcursos.com.br\/blog\/concurso-editais-semana-01-a-05-12\/#primaryimage"},"thumbnailUrl":"https:\/\/dhg1h5j42swfq.cloudfront.net\/2024\/08\/14120803\/concursos-2025-1.png","datePublished":"2025-12-05T21:00:00+00:00","dateModified":"2025-12-12T21:20:05+00:00","description":"Concurso P\u00fablico 2025: 31 editais sa\u00edram ao longo desta semana (1\u00ba a 05\/12). Confira o n\u00famero de oportunidades, remunera\u00e7\u00e3o e datas.","breadcrumb":{"@id":"https:\/\/www.estrategiaconcursos.com.br\/blog\/concurso-editais-semana-01-a-05-12\/#breadcrumb"},"inLanguage":"pt-BR","potentialAction":[{"@type":"ReadAction","target":["https:\/\/www.estrategiaconcursos.com.br\/blog\/concurso-editais-semana-01-a-05-12\/"]}]},{"@type":"ImageObject","inLanguage":"pt-BR","@id":"https:\/\/www.estrategiaconcursos.com.br\/blog\/concurso-editais-semana-01-a-05-12\/#primaryimage","url":"https:\/\/dhg1h5j42swfq.cloudfront.net\/2024\/08\/14120803\/concursos-2025-1.png","contentUrl":"https:\/\/dhg1h5j42swfq.cloudfront.net\/2024\/08\/14120803\/concursos-2025-1.png","width":692,"height":393,"caption":"concursos 2025"},{"@type":"BreadcrumbList","@id":"https:\/\/www.estrategiaconcursos.com.br\/blog\/concurso-editais-semana-01-a-05-12\/#breadcrumb","itemListElement":[{"@type":"ListItem","position":1,"name":"In\u00edcio","item":"https:\/\/www.estrategiaconcursos.com.br\/blog\/"},{"@type":"ListItem","position":2,"name":"Concursos P\u00fablicos: 31 editais esta semana; 6,4 mil vagas!"}]},{"@type":"WebSite","@id":"https:\/\/www.estrategiaconcursos.com.br\/blog\/#website","url":"https:\/\/www.estrategiaconcursos.com.br\/blog\/","name":"Estrat\u00e9gia Concursos","description":"O blog da Estrat\u00e9gia Concursos traz not\u00edcias sobre concursos e artigos de professores oferecendo cursos para concursos (pdf + videaulas) no site.","publisher":{"@id":"https:\/\/www.estrategiaconcursos.com.br\/blog\/#organization"},"potentialAction":[{"@type":"SearchAction","target":{"@type":"EntryPoint","urlTemplate":"https:\/\/www.estrategiaconcursos.com.br\/blog\/?s={search_term_string}"},"query-input":{"@type":"PropertyValueSpecification","valueRequired":true,"valueName":"search_term_string"}}],"inLanguage":"pt-BR"},{"@type":"Organization","@id":"https:\/\/www.estrategiaconcursos.com.br\/blog\/#organization","name":"Estrat\u00e9gia Concursos","url":"https:\/\/www.estrategiaconcursos.com.br\/blog\/","logo":{"@type":"ImageObject","inLanguage":"pt-BR","@id":"https:\/\/www.estrategiaconcursos.com.br\/blog\/#\/schema\/logo\/image\/","url":"https:\/\/dhg1h5j42swfq.cloudfront.net\/2025\/06\/03203428\/logo_concursos-1.jpg","contentUrl":"https:\/\/dhg1h5j42swfq.cloudfront.net\/2025\/06\/03203428\/logo_concursos-1.jpg","width":230,"height":60,"caption":"Estrat\u00e9gia Concursos"},"image":{"@id":"https:\/\/www.estrategiaconcursos.com.br\/blog\/#\/schema\/logo\/image\/"},"sameAs":["https:\/\/x.com\/EstratConcursos"]},{"@type":"Person","@id":"https:\/\/www.estrategiaconcursos.com.br\/blog\/#\/schema\/person\/70c2ad4297aa24ff8815b08215b23a76","name":"Ronaldo Scanavini Neto","image":{"@type":"ImageObject","inLanguage":"pt-BR","@id":"https:\/\/secure.gravatar.com\/avatar\/f93d8e56fe264596e94aee6b3feb737d98ad0fc5bac7eb0a245f04723c5c8f21?s=96&d=mm&r=g","url":"https:\/\/secure.gravatar.com\/avatar\/f93d8e56fe264596e94aee6b3feb737d98ad0fc5bac7eb0a245f04723c5c8f21?s=96&d=mm&r=g","contentUrl":"https:\/\/secure.gravatar.com\/avatar\/f93d8e56fe264596e94aee6b3feb737d98ad0fc5bac7eb0a245f04723c5c8f21?s=96&d=mm&r=g","caption":"Ronaldo Scanavini Neto"},"description":"Graduando em Comunica\u00e7\u00e3o Social \u2013 Jornalismo pela Universidade Federal de Vi\u00e7osa (UFV). Integra a equipe de jornalismo do Estrat\u00e9gia Concursos desde 2023, atuando com \u00eanfase na cobertura da \u00e1rea fiscal. Tamb\u00e9m realiza a apura\u00e7\u00e3o e produ\u00e7\u00e3o de not\u00edcias sobre concursos federais, \u00f3rg\u00e3os participantes do CNU e das \u00e1reas de controle, gest\u00e3o, engenharia, Exame CFC, comunica\u00e7\u00e3o social TI e \u00e1rea de concursos administrativos.","url":"https:\/\/www.estrategiaconcursos.com.br\/blog\/author\/ronaldo-netoestrategia-com\/"}]}},"_links":{"self":[{"href":"https:\/\/www.estrategiaconcursos.com.br\/blog\/wp-json\/wp\/v2\/posts\/1678034","targetHints":{"allow":["GET"]}}],"collection":[{"href":"https:\/\/www.estrategiaconcursos.com.br\/blog\/wp-json\/wp\/v2\/posts"}],"about":[{"href":"https:\/\/www.estrategiaconcursos.com.br\/blog\/wp-json\/wp\/v2\/types\/post"}],"author":[{"embeddable":true,"href":"https:\/\/www.estrategiaconcursos.com.br\/blog\/wp-json\/wp\/v2\/users\/2692"}],"replies":[{"embeddable":true,"href":"https:\/\/www.estrategiaconcursos.com.br\/blog\/wp-json\/wp\/v2\/comments?post=1678034"}],"version-history":[{"count":12,"href":"https:\/\/www.estrategiaconcursos.com.br\/blog\/wp-json\/wp\/v2\/posts\/1678034\/revisions"}],"predecessor-version":[{"id":1681856,"href":"https:\/\/www.estrategiaconcursos.com.br\/blog\/wp-json\/wp\/v2\/posts\/1678034\/revisions\/1681856"}],"wp:featuredmedia":[{"embeddable":true,"href":"https:\/\/www.estrategiaconcursos.com.br\/blog\/wp-json\/wp\/v2\/media\/1445265"}],"wp:attachment":[{"href":"https:\/\/www.estrategiaconcursos.com.br\/blog\/wp-json\/wp\/v2\/media?parent=1678034"}],"wp:term":[{"taxonomy":"category","embeddable":true,"href":"https:\/\/www.estrategiaconcursos.com.br\/blog\/wp-json\/wp\/v2\/categories?post=1678034"},{"taxonomy":"post_tag","embeddable":true,"href":"https:\/\/www.estrategiaconcursos.com.br\/blog\/wp-json\/wp\/v2\/tags?post=1678034"},{"taxonomy":"tax_estado","embeddable":true,"href":"https:\/\/www.estrategiaconcursos.com.br\/blog\/wp-json\/wp\/v2\/tax_estado?post=1678034"}],"curies":[{"name":"wp","href":"https:\/\/api.w.org\/{rel}","templated":true}]}}