{"id":1677616,"date":"2025-12-22T08:21:00","date_gmt":"2025-12-22T11:21:00","guid":{"rendered":"https:\/\/www.estrategiaconcursos.com.br\/blog\/?p=1677616"},"modified":"2025-12-12T15:42:15","modified_gmt":"2025-12-12T18:42:15","slug":"alocacao-riscos-licitacao-tcu","status":"publish","type":"post","link":"https:\/\/www.estrategiaconcursos.com.br\/blog\/alocacao-riscos-licitacao-tcu\/","title":{"rendered":"Aloca\u00e7\u00e3o de Riscos em Licita\u00e7\u00e3o para o TCU"},"content":{"rendered":"\n<p>Ol\u00e1, tudo bem? Hoje faremos um resumo sobre a Aloca\u00e7\u00e3o de Riscos em Licita\u00e7\u00e3o para o concurso do TCU (Tribunal de Contas da Uni\u00e3o).<\/p>\n\n\n\n<p>O concurso do TCU, organizado pela Cebraspe\/CESPE, teve seu edital lan\u00e7ado recentemente, contando com <strong>20 vagas imediatas, mais cadastro reserva, <\/strong>para o cargo de Auditor Federal de Controle Externo, que exige n\u00edvel superior em qualquer \u00e1rea de forma\u00e7\u00e3o.<\/p>\n\n\n\n<p>O sal\u00e1rio inicial \u00e9 de R$26.159,01 e a prova objetiva ser\u00e1 realizada em 22 de fevereiro de 2026. Para maiores informa\u00e7\u00f5es, fique de olho em <a href=\"https:\/\/www.estrategiaconcursos.com.br\/blog\/concurso-tcu-auditor-2025-edital-publicado\/\" target=\"_blank\" rel=\"noreferrer noopener\">nosso artigo sobre este concurso<\/a>!<\/p>\n\n\n\n<p>Agora, vamos ao que interessa!<\/p>\n\n\n\n<figure class=\"wp-block-image aligncenter size-large is-resized\"><img loading=\"lazy\" decoding=\"async\" width=\"1024\" height=\"683\" src=\"https:\/\/dhg1h5j42swfq.cloudfront.net\/2025\/12\/01065203\/feche-homens-no-trabalho-com-laptop-1024x683.jpg\" alt=\"Aloca\u00e7\u00e3o de Riscos em Licita\u00e7\u00e3o para o TCU\" class=\"wp-image-1677622\" style=\"width:782px;height:auto\" srcset=\"https:\/\/dhg1h5j42swfq.cloudfront.net\/2025\/12\/01065203\/feche-homens-no-trabalho-com-laptop-1024x683.jpg 1024w, https:\/\/dhg1h5j42swfq.cloudfront.net\/2025\/12\/01065203\/feche-homens-no-trabalho-com-laptop-300x200.jpg 300w, https:\/\/dhg1h5j42swfq.cloudfront.net\/2025\/12\/01065203\/feche-homens-no-trabalho-com-laptop-768x512.jpg 768w, https:\/\/dhg1h5j42swfq.cloudfront.net\/2025\/12\/01065203\/feche-homens-no-trabalho-com-laptop-1536x1024.jpg 1536w, https:\/\/dhg1h5j42swfq.cloudfront.net\/2025\/12\/01065203\/feche-homens-no-trabalho-com-laptop-2048x1365.jpg 2048w, https:\/\/dhg1h5j42swfq.cloudfront.net\/2025\/12\/01065203\/feche-homens-no-trabalho-com-laptop-150x100.jpg 150w\" sizes=\"auto, (max-width: 1024px) 100vw, 1024px\" \/><figcaption class=\"wp-element-caption\">Aloca\u00e7\u00e3o de Riscos em Licita\u00e7\u00e3o para o TCU<\/figcaption><\/figure>\n\n\n\n<h2 class=\"wp-block-heading has-vivid-cyan-blue-color has-text-color has-link-color wp-elements-cc2b4d367c8d75b51f9fbd40d8602ef4\" id=\"h-alocacao-de-riscos-em-licitacao-para-o-tcu\">Aloca\u00e7\u00e3o de Riscos em Licita\u00e7\u00e3o para o TCU<\/h2>\n\n\n\n<p>A Aloca\u00e7\u00e3o de Riscos em Licita\u00e7\u00e3o \u00e9 um dos itens previstos no <a href=\"https:\/\/dhg1h5j42swfq.cloudfront.net\/2025\/10\/24173230\/edital_tcu_2025_ec.pdf?utm_source=google&amp;utm_medium=cpc&amp;utm_campaign=ec-tc-vd-gsh-tcu-semesp-180625\" target=\"_blank\" rel=\"noreferrer noopener\">conte\u00fado program\u00e1tico<\/a> do Tribunal de Contas da Uni\u00e3o. Mais especificamente, est\u00e1 inserido no item \u201c<em>12.1.1 Lei n\u00ba 14.133\/2021\u201d <\/em>da disciplina de Direito Administrativo.<\/p>\n\n\n\n<h3 class=\"wp-block-heading has-vivid-cyan-blue-color has-text-color has-link-color wp-elements-e0488054b7e63d25f0779cd6227e2b1f\" id=\"h-fase-preparatoria-da-licitacao\">Fase preparat\u00f3ria da licita\u00e7\u00e3o<\/h3>\n\n\n\n<p>Como sabemos, a licita\u00e7\u00e3o \u00e9 um instrumento previsto na pr\u00f3pria Constitui\u00e7\u00e3o Federal (art. 37, inciso XXI) para contrata\u00e7\u00e3o de obras, servi\u00e7os, compras e realiza\u00e7\u00e3o de aliena\u00e7\u00e3o.<\/p>\n\n\n\n<p>Um dos seus objetivos \u00e9 assegurar a igualdade de condi\u00e7\u00f5es a todos os concorrentes, bem como permitir a participa\u00e7\u00e3o na coisa p\u00fablica por quem possuir interesse, tratando-se, inclusive, de assunto que se relaciona com a ordem econ\u00f4mica e financeira do Estado.<\/p>\n\n\n\n<p>Para isso, o processo de licita\u00e7\u00e3o dever\u00e1 observar as disposi\u00e7\u00f5es da Lei n.\u00ba 14.133\/2021, a qual, em seu artigo 17, afirma que a licita\u00e7\u00e3o possui as seguintes fases, nesta sequ\u00eancia:<\/p>\n\n\n\n<div class=\"wp-block-group has-background has-global-padding is-layout-constrained wp-block-group-is-layout-constrained\" style=\"background-color:#8dd2fc1c\">\n<p><strong>I &#8211; preparat\u00f3ria<\/strong>;<br \/>II &#8211; de divulga\u00e7\u00e3o do edital de licita\u00e7\u00e3o;<br \/>III &#8211; de apresenta\u00e7\u00e3o de propostas e lances, quando for o caso;<br \/>IV &#8211; de julgamento;<br \/>V &#8211; de habilita\u00e7\u00e3o;<br \/>VI &#8211; recursal;<br \/>VII &#8211; de homologa\u00e7\u00e3o.<\/p>\n<\/div>\n\n\n\n<p>A fase preparat\u00f3ria \u00e9 caracterizada pelo <strong>planejamento<\/strong>, nele compreendidas, dentre outros atos, a <strong>elabora\u00e7\u00e3o do edital<\/strong> <strong>de licita\u00e7\u00e3o <\/strong>(art. 18, inciso V) e <strong>a an\u00e1lise dos riscos <\/strong>que possam comprometer o sucesso da licita\u00e7\u00e3o e a boa execu\u00e7\u00e3o contratual (art. 18, inciso X).<\/p>\n\n\n\n<h3 class=\"wp-block-heading has-vivid-cyan-blue-color has-text-color has-link-color wp-elements-c5a770cb7bd4e53ac370ab82b4b88a58\" id=\"h-previsao-da-alocacao-de-riscos-no-edital\">Previs\u00e3o da aloca\u00e7\u00e3o de riscos no edital<\/h3>\n\n\n\n<p>\u00c9 exatamente no edital de licita\u00e7\u00e3o que dever\u00e1 constar a chamada <strong>matriz de aloca\u00e7\u00e3o de riscos <\/strong>ou apenas \u201c<strong>matriz de riscos<\/strong>\u201d.&nbsp;<\/p>\n\n\n\n<p>Vamos ver seu conceito, dado pelo artigo 6\u00ba, inciso XXVII, da pr\u00f3pria Lei de Licita\u00e7\u00f5es:<\/p>\n\n\n\n<div class=\"wp-block-group has-background has-global-padding is-layout-constrained wp-block-group-is-layout-constrained\" style=\"background-color:#8dd2fc1c\">\n<p>Art. 22. (&#8230;) XXVII &#8211; matriz de riscos: <strong>cl\u00e1usula contratual definidora de riscos e de responsabilidades<\/strong> entre as partes e caracterizadora do equil\u00edbrio econ\u00f4mico-financeiro inicial do contrato, <strong>em termos de \u00f4nus financeiro decorrente de eventos supervenientes \u00e0 contrata\u00e7\u00e3o,<\/strong> contendo, no m\u00ednimo, as seguintes informa\u00e7\u00f5es:<\/p>\n\n\n\n<p>(&#8230;)<\/p>\n<\/div>\n\n\n\n<p>Como se pode ver, ela \u00e9 uma <strong>cl\u00e1usula contratual<\/strong>, ou seja, \u00e9 algo que constar\u00e1 n\u00e3o s\u00f3 no edital de licita\u00e7\u00e3o, mas tamb\u00e9m no pr\u00f3prio contrato administrativo.<\/p>\n\n\n\n<p>Seu objetivo \u00e9 definir riscos e responsabilidades na hip\u00f3tese de ocorrer eventos <strong>AP\u00d3S <\/strong>a contrata\u00e7\u00e3o que<strong> <\/strong>afetem o <strong>equil\u00edbrio econ\u00f4mico-financeiro<\/strong> do contrato.&nbsp;<\/p>\n\n\n\n<h3 class=\"wp-block-heading has-vivid-cyan-blue-color has-text-color has-link-color wp-elements-9df369637de01ae43f732b3a5ad7025e\" id=\"h-informacoes-minimas-da-matriz-de-riscos\">Informa\u00e7\u00f5es m\u00ednimas da matriz de riscos<\/h3>\n\n\n\n<p>Tendo em vista seu objetivo acima dito, \u00e9 at\u00e9 por isso que o pr\u00f3prio dispositivo legal fala que a matriz de riscos dever\u00e1 conter informa\u00e7\u00f5es m\u00ednimas, quais sejam:<\/p>\n\n\n\n<p>a) <strong>listagem de poss\u00edveis eventos supervenientes<\/strong> \u00e0 assinatura do contrato <strong>que possam causar impacto<\/strong> em seu equil\u00edbrio econ\u00f4mico-financeiro e previs\u00e3o de eventual necessidade de prola\u00e7\u00e3o de termo aditivo por ocasi\u00e3o de sua ocorr\u00eancia;<\/p>\n\n\n\n<p>b)<strong> no caso de obriga\u00e7\u00f5es de resultado<\/strong>, estabelecimento das fra\u00e7\u00f5es do objeto com rela\u00e7\u00e3o \u00e0s quais haver\u00e1 liberdade para os contratados inovarem em solu\u00e7\u00f5es metodol\u00f3gicas ou tecnol\u00f3gicas, em termos de modifica\u00e7\u00e3o das solu\u00e7\u00f5es previamente delineadas no anteprojeto ou no projeto b\u00e1sico;<\/p>\n\n\n\n<p>c)<strong> no caso de obriga\u00e7\u00f5es de meio, <\/strong>estabelecimento preciso das fra\u00e7\u00f5es do objeto com rela\u00e7\u00e3o \u00e0s quais n\u00e3o haver\u00e1 liberdade para os contratados inovarem em solu\u00e7\u00f5es metodol\u00f3gicas ou tecnol\u00f3gicas, devendo haver obriga\u00e7\u00e3o de ader\u00eancia entre a execu\u00e7\u00e3o e a solu\u00e7\u00e3o predefinida no anteprojeto ou no projeto b\u00e1sico, consideradas as caracter\u00edsticas do regime de execu\u00e7\u00e3o no caso de obras e servi\u00e7os de engenharia;<\/p>\n\n\n\n<p>A partir da leitura da al\u00ednea \u201ca\u201d, podemos verificar que os riscos constantes da matriz podem at\u00e9 ser \u201cprevis\u00edveis\u201d, isto \u00e9, identific\u00e1veis como poss\u00edveis de acontecer, mas, no momento da contrata\u00e7\u00e3o, n\u00e3o se espera que ocorrer\u00e3o.&nbsp;<\/p>\n\n\n\n<p>J\u00e1 a al\u00ednea \u201cb\u201d trata das <strong>obriga\u00e7\u00f5es de resultado<\/strong>, que s\u00e3o aquelas em que o contratado garante que produzir\u00e1 determinado resultado. <strong>Exemplo<\/strong>: empresa contratada para entregar pronta uma escola. Nesses casos, define-se na matriz de riscos em rela\u00e7\u00e3o <strong>ao que se pode inovar <\/strong>em solu\u00e7\u00f5es metodol\u00f3gicas ou tecnol\u00f3gicas.<\/p>\n\n\n\n<p>Por sua vez, a al\u00ednea \u201cc\u201d disp\u00f5e sobre as<strong> obriga\u00e7\u00f5es de meio,<\/strong> que s\u00e3o aquelas em que o contratado \u00e9 pago para prestar um servi\u00e7o, mas n\u00e3o necessariamente garante o resultado. <strong>Exemplo<\/strong>: m\u00e9dico contratado em uma unidade de sa\u00fade municipal para tratar os moradores daquele Munic\u00edpio em diversas doen\u00e7as, mas sem a obriga\u00e7\u00e3o de entregar como resultado que todas ser\u00e3o curadas ou melhorar\u00e3o. Nesses casos, define-se na matriz de riscos em rela\u00e7\u00e3o <strong>ao que <mark style=\"background-color:rgba(0, 0, 0, 0)\" class=\"has-inline-color has-vivid-red-color\">N\u00c3O<\/mark> se pode inovar <\/strong>em solu\u00e7\u00f5es metodol\u00f3gicas ou tecnol\u00f3gicas.<\/p>\n\n\n\n<h3 class=\"wp-block-heading has-vivid-cyan-blue-color has-text-color has-link-color wp-elements-04f5a92bda687ea605954660ad551057\" id=\"h-matriz-de-risco-no-calculo-da-contratacao\">Matriz de risco no c\u00e1lculo da contrata\u00e7\u00e3o<\/h3>\n\n\n\n<p>O artigo 22 da Lei n.\u00ba 14.133\/2021 disp\u00f5e que, ao prever (facultativo) matriz de aloca\u00e7\u00e3o de risco, o c\u00e1lculo do valor estimado da contrata\u00e7\u00e3o considerar\u00e1 <strong>taxa de risco compat\u00edvel com o objeto da licita\u00e7\u00e3o e com os riscos atribu\u00eddos ao contratado<\/strong>, de acordo com metodologia predefinida pelo ente federativo.<\/p>\n\n\n\n<p>\u00c9 importante que fique claro que <strong>a matriz de riscos, como regra, \u00e9 facultativa. <\/strong>O que \u00e9 obrigat\u00f3rio, como vimos acima, \u00e9 apenas a an\u00e1lise dos riscos que possam comprometer o sucesso da licita\u00e7\u00e3o e a boa execu\u00e7\u00e3o contratual (art. 18, inciso X).<\/p>\n\n\n\n<p>No entanto, h\u00e1 casos em que a matriz de riscos tamb\u00e9m \u00e9 <strong>obrigat\u00f3ria: (i)<\/strong> obras e servi\u00e7os de <strong>grande vulto<\/strong>; e <strong>(ii) <\/strong>quando adotados os regimes de <strong>contrata\u00e7\u00e3o integrada e semi-integrada.<\/strong><\/p>\n\n\n\n<p>No caso das contrata\u00e7\u00f5es integradas ou semi-integradas, os riscos decorrentes de fatos supervenientes \u00e0 contrata\u00e7\u00e3o associados \u00e0 escolha da solu\u00e7\u00e3o de projeto b\u00e1sico pelo contratado dever\u00e3o ser alocados como de sua responsabilidade na matriz de riscos.<\/p>\n\n\n\n<p>A Lei 14.133\/2021 ainda prev\u00ea que a matriz dever\u00e1 promover a <strong>aloca\u00e7\u00e3o eficiente dos riscos<\/strong> de<strong> cada contrato<\/strong> e estabelecer a <strong>responsabilidade <\/strong>que caiba a <strong>cada parte contratante,<\/strong> bem como os mecanismos que afastem a ocorr\u00eancia do sinistro e mitiguem os seus efeitos, caso este ocorra durante a execu\u00e7\u00e3o contratual (\u00a7 1\u00ba do art. 22).<\/p>\n\n\n\n<p>Por fim, o <strong>contrato dever\u00e1 refletir a aloca\u00e7\u00e3o<\/strong> realizada pela matriz de riscos,<strong> especialmente quanto <\/strong>(\u00a7 2\u00ba do art. 22)<strong>:<\/strong><\/p>\n\n\n\n<div class=\"wp-block-group has-background has-global-padding is-layout-constrained wp-block-group-is-layout-constrained\" style=\"background-color:#8dd2fc1c\">\n<p>I &#8211; \u00e0s hip\u00f3teses de altera\u00e7\u00e3o para o restabelecimento da equa\u00e7\u00e3o econ\u00f4mico-financeira do contrato nos casos em que o sinistro seja considerado na matriz de riscos como causa de desequil\u00edbrio n\u00e3o suportada pela parte que pretenda o restabelecimento;<\/p>\n\n\n\n<p>II &#8211; \u00e0 possibilidade de resolu\u00e7\u00e3o quando o sinistro majorar excessivamente ou impedir a continuidade da execu\u00e7\u00e3o contratual;<\/p>\n\n\n\n<p>III &#8211; \u00e0 contrata\u00e7\u00e3o de seguros obrigat\u00f3rios previamente definidos no contrato, integrado o custo de contrata\u00e7\u00e3o ao pre\u00e7o ofertado.<\/p>\n<\/div>\n\n\n\n<h3 class=\"wp-block-heading has-vivid-cyan-blue-color has-text-color has-link-color wp-elements-f2372c459b38c3b21594a91ab0461251\" id=\"h-o-que-o-tcu-entende-em-relacao-a-matriz-de-riscos\">O que o TCU entende em rela\u00e7\u00e3o \u00e0 matriz de riscos?<\/h3>\n\n\n\n<p>O Tribunal de Contas da Uni\u00e3o possui alguns entendimentos sobre a matriz de riscos em contratos p\u00fablicos.<\/p>\n\n\n\n<p>Dentre eles, destacamos hoje o Ac\u00f3rd\u00e3o 1182\/2025-Plen\u00e1rio, Relator Benjamin Zymler, onde se decidiu que ser <strong><span style=\"text-decoration: underline;\">recomend\u00e1vel<\/span> <\/strong>que \u00f3rg\u00e3os e entidades da Administra\u00e7\u00e3o P\u00fablica, ao elaborarem matrizes de riscos em suas contrata\u00e7\u00f5es de obras p\u00fablicas, <strong>observem as <span style=\"text-decoration: underline;\">seguintes diretrizes<\/span><\/strong>:&nbsp;<\/p>\n\n\n\n<p><strong>i) detalhamento claro, exaustivo e objetivo dos eventos supervenientes considerados como riscos<\/strong>, discriminando aqueles atribu\u00eddos \u00e0 Administra\u00e7\u00e3o, \u00e0 contratada ou partilhados entre as partes, com base em crit\u00e9rios t\u00e9cnicos e jur\u00eddicos coerentes com o regime de execu\u00e7\u00e3o adotado;&nbsp;<\/p>\n\n\n\n<p><strong>ii) compatibiliza\u00e7\u00e3o da <\/strong><strong><em>matriz<\/em><\/strong><strong> <\/strong><strong><em>de<\/em><\/strong><strong> <\/strong><strong><em>riscos<\/em><\/strong><strong> com o tipo de regime contratual, especialmente no caso de empreitada por pre\u00e7o unit\u00e1rio<\/strong>, observando que esse regime transfere \u00e0 Administra\u00e7\u00e3o alguns riscos, como os de varia\u00e7\u00e3o nos quantitativos de servi\u00e7os contratados, n\u00e3o sendo adequada a simples transposi\u00e7\u00e3o de modelos utilizados em contrata\u00e7\u00f5es integradas ou por pre\u00e7o global;&nbsp;<\/p>\n\n\n\n<p>iii) <strong>indica\u00e7\u00e3o expressa das premissas utilizadas para aloca\u00e7\u00e3o de cada risco<\/strong>, inclusive quanto \u00e0 natureza do risco (ex\u00f3geno ou end\u00f3geno), probabilidade de ocorr\u00eancia, impacto financeiro estimado e mecanismos de mitiga\u00e7\u00e3o;&nbsp;<\/p>\n\n\n\n<p>iv) <strong>compatibiliza\u00e7\u00e3o da <\/strong><strong><em>matriz<\/em><\/strong><strong> <\/strong><strong><em>de<\/em><\/strong><strong> <\/strong><strong><em>riscos<\/em><\/strong><strong> com os demais elementos contratuais e com o projeto executivo vinculante<\/strong>, conforme disposto no art. 92, inciso II, da<a href=\"https:\/\/www.planalto.gov.br\/ccivil_03\/_ato2019-2022\/2021\/lei\/l14133.htm\"> Lei 14.133\/2021<\/a>, de modo a garantir coer\u00eancia entre planejamento, or\u00e7amento e obriga\u00e7\u00f5es contratuais;&nbsp;<\/p>\n\n\n\n<p>v) institucionaliza\u00e7\u00e3o de modelos-padr\u00e3o de <em>matriz<\/em> <em>de<\/em> <em>riscos<\/em> para os diferentes regimes de execu\u00e7\u00e3o contratual, com possibilidade de ajustes conforme as peculiaridades de cada obra, e com base em boas pr\u00e1ticas nacionais e internacionais j\u00e1 consolidadas;&nbsp;<\/p>\n\n\n\n<p>vi) <strong>submiss\u00e3o pr\u00e9via da <\/strong><strong><em>matriz<\/em><\/strong><strong> <\/strong><strong><em>de<\/em><\/strong><strong> <\/strong><strong><em>riscos<\/em><\/strong><strong> \u00e0 an\u00e1lise jur\u00eddica e t\u00e9cnica, antes da publica\u00e7\u00e3o do edital<\/strong>, com especial aten\u00e7\u00e3o \u00e0 verifica\u00e7\u00e3o de sua aplicabilidade concreta e adequa\u00e7\u00e3o \u00e0 realidade do empreendimento.<\/p>\n\n\n\n<h3 class=\"wp-block-heading has-vivid-cyan-blue-color has-text-color has-link-color wp-elements-fb891aa362d50efd77a7db81cb91ab17\" id=\"h-consideracoes-finais\">Considera\u00e7\u00f5es finais<\/h3>\n\n\n\n<p>Pessoal, esse foi nosso breve resumo sobre a Aloca\u00e7\u00e3o de Riscos em Licita\u00e7\u00e3o para o concurso do TCU (Tribunal de Contas da Uni\u00e3o).<\/p>\n\n\n\n<p>Nosso tempo aqui \u00e9 breve e n\u00e3o conseguimos, claro, esgotar o assunto. Portanto, n\u00e3o deixe de revisar o tema em seu material de estudo e praticar com diversas quest\u00f5es.<\/p>\n\n\n\n<p>At\u00e9 a pr\u00f3xima!<\/p>\n\n\n\n<figure class=\"wp-block-image aligncenter size-large is-resized\"><img decoding=\"async\" src=\"https:\/\/dhg1h5j42swfq.cloudfront.net\/2020\/09\/18141901\/Coruja_Concursos%404x-506x1024.png\" alt=\"Concursos 2024 Estrat\u00e9gia Concursos\" class=\"wp-image-574355\" style=\"aspect-ratio:0.5;width:30px;height:auto\"\/><\/figure>\n\n\n\n<h2 class=\"wp-block-heading has-text-align-center\" id=\"h-quer-saber-tudo-sobre-concursos-previstos-confira-nossos-artigos\">Quer saber tudo sobre concursos previstos?<br \/>Confira nossos artigos!<\/h2>\n\n\n\n<ul class=\"wp-block-list\">\n<li><a href=\"https:\/\/www.estrategiaconcursos.com.br\/blog\/concursos-abertos\/\" target=\"_blank\" rel=\"noreferrer noopener\">Concursos Abertos<\/a><\/li>\n\n\n\n<li><a href=\"https:\/\/www.estrategiaconcursos.com.br\/blog\/concursos-2025\/\">Concursos 2025<\/a><\/li>\n<\/ul>\n\n\n\n<div class=\"container\" id=\"boxes\">\n  <div class=\"row\">\n\n    <div class=\"col-sm\">\n      <div class=\"banner-estrat-corj\" id=\"box-assinatura\">\n        <h3 class=\"titulo-assinatura\" style=\"text-align: left;\">Concursos 2025<\/h3>\n        <p class=\"subtitulo-assinatura\" style=\"text-align: left;\">Explore os cursos preparat\u00f3rios completos! \u2728<\/p>\n        <div class=\"box-botao\" style=\"text-align: left;\">\n          <a class=\"btn-assinatura\" target=\"_blank\" href=\"https:\/\/www.estrategiaconcursos.com.br\/cursos\/concurso\/\" role=\"button\" rel=\"noopener noreferrer\">CLIQUE AQUI<\/a>\n        <\/div>\n      <\/div><\/div><\/div><\/div>\n\n\n\n<div class=\"container\" id=\"boxes\">\n  <div class=\"row\">\n\n    <div class=\"col-sm\">\n      <div class=\"estrategia\" id=\"box-assinatura\">\n        <h3 class=\"titulo-assinatura\">Assinatura Concursos<\/h3>\n        <p class=\"subtitulo-assinatura\">Assinatura de 1 ano ou 2 anos<\/p>\n        <div class=\"box-botao\">\n          <a class=\"btn-assinatura\" target=\"_blank\" href=\"https:\/\/www.estrategiaconcursos.com.br\/assinaturas\/\" role=\"button\" rel=\"noopener noreferrer\">ASSINE AGORA<\/a>\n        <\/div>\n      <\/div><\/div><\/div><\/div>\n\n\n\n<p><\/p>\n","protected":false},"excerpt":{"rendered":"<p>Ol\u00e1, tudo bem? Hoje faremos um resumo sobre a Aloca\u00e7\u00e3o de Riscos em Licita\u00e7\u00e3o para o concurso do TCU (Tribunal de Contas da Uni\u00e3o). O concurso do TCU, organizado pela Cebraspe\/CESPE, teve seu edital lan\u00e7ado recentemente, contando com 20 vagas imediatas, mais cadastro reserva, para o cargo de Auditor Federal de Controle Externo, que exige [&hellip;]<\/p>\n","protected":false},"author":2567,"featured_media":1677622,"comment_status":"open","ping_status":"closed","sticky":false,"template":"","format":"standard","meta":{"post_tipo":"article","footnotes":""},"categories":[1,214710],"tags":[],"tax_estado":[219963],"class_list":["post-1677616","post","type-post","status-publish","format-standard","has-post-thumbnail","hentry","category-cursos-e-concursos","category-tribunais-de-contas","tax_estado-concursos-federais"],"acf":[],"yoast_head":"<!-- This site is optimized with the Yoast SEO Premium plugin v27.2 (Yoast SEO v27.2) - https:\/\/yoast.com\/product\/yoast-seo-premium-wordpress\/ -->\n<title>Aloca\u00e7\u00e3o de Riscos em Licita\u00e7\u00e3o para o TCU<\/title>\n<meta name=\"description\" content=\"Confira nosso breve resumo sobre a Aloca\u00e7\u00e3o de Riscos em Licita\u00e7\u00e3o para o concurso do TCU (Tribunal de Contas da Uni\u00e3o).\" \/>\n<meta name=\"robots\" content=\"index, follow, max-snippet:-1, max-image-preview:large, max-video-preview:-1\" \/>\n<link rel=\"canonical\" href=\"https:\/\/www.estrategiaconcursos.com.br\/blog\/alocacao-riscos-licitacao-tcu\/\" \/>\n<meta property=\"og:locale\" content=\"pt_BR\" \/>\n<meta property=\"og:type\" content=\"article\" \/>\n<meta property=\"og:title\" content=\"Aloca\u00e7\u00e3o de Riscos em Licita\u00e7\u00e3o para o TCU\" \/>\n<meta property=\"og:description\" content=\"Confira nosso breve resumo sobre a Aloca\u00e7\u00e3o de Riscos em Licita\u00e7\u00e3o para o concurso do TCU (Tribunal de Contas da Uni\u00e3o).\" \/>\n<meta property=\"og:url\" content=\"https:\/\/www.estrategiaconcursos.com.br\/blog\/alocacao-riscos-licitacao-tcu\/\" \/>\n<meta property=\"og:site_name\" content=\"Estrat\u00e9gia Concursos\" \/>\n<meta property=\"article:published_time\" content=\"2025-12-22T11:21:00+00:00\" \/>\n<meta property=\"og:image\" content=\"https:\/\/dhg1h5j42swfq.cloudfront.net\/2025\/12\/01065203\/feche-homens-no-trabalho-com-laptop-scaled.jpg\" \/>\n\t<meta property=\"og:image:width\" content=\"2560\" \/>\n\t<meta property=\"og:image:height\" content=\"1706\" \/>\n\t<meta property=\"og:image:type\" content=\"image\/jpeg\" \/>\n<meta name=\"author\" content=\"Frederico Tadeu Borlot Peixoto\" \/>\n<meta name=\"twitter:card\" content=\"summary_large_image\" \/>\n<meta name=\"twitter:creator\" content=\"@EstratConcursos\" \/>\n<meta name=\"twitter:site\" content=\"@EstratConcursos\" \/>\n<meta name=\"twitter:label1\" content=\"Escrito por\" \/>\n\t<meta name=\"twitter:data1\" content=\"Frederico Tadeu Borlot Peixoto\" \/>\n\t<meta name=\"twitter:label2\" content=\"Est. tempo de leitura\" \/>\n\t<meta name=\"twitter:data2\" content=\"8 minutos\" \/>\n<script type=\"application\/ld+json\" class=\"yoast-schema-graph\">{\"@context\":\"https:\/\/schema.org\",\"@graph\":[{\"@type\":\"NewsArticle\",\"@id\":\"https:\/\/www.estrategiaconcursos.com.br\/blog\/alocacao-riscos-licitacao-tcu\/#article\",\"isPartOf\":{\"@id\":\"https:\/\/www.estrategiaconcursos.com.br\/blog\/alocacao-riscos-licitacao-tcu\/\"},\"author\":{\"name\":\"Frederico Tadeu Borlot Peixoto\",\"@id\":\"https:\/\/www.estrategiaconcursos.com.br\/blog\/#\/schema\/person\/48a7e085e45aee7c3d4596399af50ebb\"},\"headline\":\"Aloca\u00e7\u00e3o de Riscos em Licita\u00e7\u00e3o para o TCU\",\"datePublished\":\"2025-12-22T11:21:00+00:00\",\"mainEntityOfPage\":{\"@id\":\"https:\/\/www.estrategiaconcursos.com.br\/blog\/alocacao-riscos-licitacao-tcu\/\"},\"wordCount\":1696,\"commentCount\":0,\"publisher\":{\"@id\":\"https:\/\/www.estrategiaconcursos.com.br\/blog\/#organization\"},\"image\":{\"@id\":\"https:\/\/www.estrategiaconcursos.com.br\/blog\/alocacao-riscos-licitacao-tcu\/#primaryimage\"},\"thumbnailUrl\":\"https:\/\/dhg1h5j42swfq.cloudfront.net\/2025\/12\/01065203\/feche-homens-no-trabalho-com-laptop-scaled.jpg\",\"articleSection\":[\"Concursos P\u00fablicos\",\"Tribunais de Contas (TCU, TCE, TCM)\"],\"inLanguage\":\"pt-BR\",\"potentialAction\":[{\"@type\":\"CommentAction\",\"name\":\"Comment\",\"target\":[\"https:\/\/www.estrategiaconcursos.com.br\/blog\/alocacao-riscos-licitacao-tcu\/#respond\"]}],\"copyrightYear\":\"2025\",\"copyrightHolder\":{\"@id\":\"https:\/\/www.estrategiaconcursos.com.br\/blog\/#organization\"}},{\"@type\":\"WebPage\",\"@id\":\"https:\/\/www.estrategiaconcursos.com.br\/blog\/alocacao-riscos-licitacao-tcu\/\",\"url\":\"https:\/\/www.estrategiaconcursos.com.br\/blog\/alocacao-riscos-licitacao-tcu\/\",\"name\":\"Aloca\u00e7\u00e3o de Riscos em Licita\u00e7\u00e3o para o TCU\",\"isPartOf\":{\"@id\":\"https:\/\/www.estrategiaconcursos.com.br\/blog\/#website\"},\"primaryImageOfPage\":{\"@id\":\"https:\/\/www.estrategiaconcursos.com.br\/blog\/alocacao-riscos-licitacao-tcu\/#primaryimage\"},\"image\":{\"@id\":\"https:\/\/www.estrategiaconcursos.com.br\/blog\/alocacao-riscos-licitacao-tcu\/#primaryimage\"},\"thumbnailUrl\":\"https:\/\/dhg1h5j42swfq.cloudfront.net\/2025\/12\/01065203\/feche-homens-no-trabalho-com-laptop-scaled.jpg\",\"datePublished\":\"2025-12-22T11:21:00+00:00\",\"description\":\"Confira nosso breve resumo sobre a Aloca\u00e7\u00e3o de Riscos em Licita\u00e7\u00e3o para o concurso do TCU (Tribunal de Contas da Uni\u00e3o).\",\"breadcrumb\":{\"@id\":\"https:\/\/www.estrategiaconcursos.com.br\/blog\/alocacao-riscos-licitacao-tcu\/#breadcrumb\"},\"inLanguage\":\"pt-BR\",\"potentialAction\":[{\"@type\":\"ReadAction\",\"target\":[\"https:\/\/www.estrategiaconcursos.com.br\/blog\/alocacao-riscos-licitacao-tcu\/\"]}]},{\"@type\":\"ImageObject\",\"inLanguage\":\"pt-BR\",\"@id\":\"https:\/\/www.estrategiaconcursos.com.br\/blog\/alocacao-riscos-licitacao-tcu\/#primaryimage\",\"url\":\"https:\/\/dhg1h5j42swfq.cloudfront.net\/2025\/12\/01065203\/feche-homens-no-trabalho-com-laptop-scaled.jpg\",\"contentUrl\":\"https:\/\/dhg1h5j42swfq.cloudfront.net\/2025\/12\/01065203\/feche-homens-no-trabalho-com-laptop-scaled.jpg\",\"width\":2560,\"height\":1706,\"caption\":\"Aloca\u00e7\u00e3o de Riscos em Licita\u00e7\u00e3o para o TCU\"},{\"@type\":\"BreadcrumbList\",\"@id\":\"https:\/\/www.estrategiaconcursos.com.br\/blog\/alocacao-riscos-licitacao-tcu\/#breadcrumb\",\"itemListElement\":[{\"@type\":\"ListItem\",\"position\":1,\"name\":\"In\u00edcio\",\"item\":\"https:\/\/www.estrategiaconcursos.com.br\/blog\/\"},{\"@type\":\"ListItem\",\"position\":2,\"name\":\"Aloca\u00e7\u00e3o de Riscos em Licita\u00e7\u00e3o para o TCU\"}]},{\"@type\":\"WebSite\",\"@id\":\"https:\/\/www.estrategiaconcursos.com.br\/blog\/#website\",\"url\":\"https:\/\/www.estrategiaconcursos.com.br\/blog\/\",\"name\":\"Estrat\u00e9gia Concursos\",\"description\":\"O blog da Estrat\u00e9gia Concursos traz not\u00edcias sobre concursos e artigos de professores oferecendo cursos para concursos (pdf + videaulas) no site.\",\"publisher\":{\"@id\":\"https:\/\/www.estrategiaconcursos.com.br\/blog\/#organization\"},\"potentialAction\":[{\"@type\":\"SearchAction\",\"target\":{\"@type\":\"EntryPoint\",\"urlTemplate\":\"https:\/\/www.estrategiaconcursos.com.br\/blog\/?s={search_term_string}\"},\"query-input\":{\"@type\":\"PropertyValueSpecification\",\"valueRequired\":true,\"valueName\":\"search_term_string\"}}],\"inLanguage\":\"pt-BR\"},{\"@type\":\"Organization\",\"@id\":\"https:\/\/www.estrategiaconcursos.com.br\/blog\/#organization\",\"name\":\"Estrat\u00e9gia Concursos\",\"url\":\"https:\/\/www.estrategiaconcursos.com.br\/blog\/\",\"logo\":{\"@type\":\"ImageObject\",\"inLanguage\":\"pt-BR\",\"@id\":\"https:\/\/www.estrategiaconcursos.com.br\/blog\/#\/schema\/logo\/image\/\",\"url\":\"https:\/\/dhg1h5j42swfq.cloudfront.net\/2025\/06\/03203428\/logo_concursos-1.jpg\",\"contentUrl\":\"https:\/\/dhg1h5j42swfq.cloudfront.net\/2025\/06\/03203428\/logo_concursos-1.jpg\",\"width\":230,\"height\":60,\"caption\":\"Estrat\u00e9gia Concursos\"},\"image\":{\"@id\":\"https:\/\/www.estrategiaconcursos.com.br\/blog\/#\/schema\/logo\/image\/\"},\"sameAs\":[\"https:\/\/x.com\/EstratConcursos\"]},{\"@type\":\"Person\",\"@id\":\"https:\/\/www.estrategiaconcursos.com.br\/blog\/#\/schema\/person\/48a7e085e45aee7c3d4596399af50ebb\",\"name\":\"Frederico Tadeu Borlot Peixoto\",\"image\":{\"@type\":\"ImageObject\",\"inLanguage\":\"pt-BR\",\"@id\":\"https:\/\/secure.gravatar.com\/avatar\/df8a49e2321c1e32f85e9e7c2a9c92c688f1f53a947220f40017ff5858b09fdb?s=96&d=mm&r=g\",\"url\":\"https:\/\/secure.gravatar.com\/avatar\/df8a49e2321c1e32f85e9e7c2a9c92c688f1f53a947220f40017ff5858b09fdb?s=96&d=mm&r=g\",\"contentUrl\":\"https:\/\/secure.gravatar.com\/avatar\/df8a49e2321c1e32f85e9e7c2a9c92c688f1f53a947220f40017ff5858b09fdb?s=96&d=mm&r=g\",\"caption\":\"Frederico Tadeu Borlot Peixoto\"},\"description\":\"Analista Judici\u00e1rio - \u00c1rea Judici\u00e1ria do TRF da 4\u00aa regi\u00e3o. Bacharel em Direito. P\u00f3s-graduado em Direito Administrativo, Legisla\u00e7\u00e3o Penal Especial, Direito Penal e Direito Processual Penal. Tamb\u00e9m nomeado no TRF da 3\u00aa regi\u00e3o (8\u00ba lugar); SPPREV (3\u00ba lugar); IFES (2\u00ba lugar); e PMES. https:\/\/www.instagram.com\/proffrederico\/\",\"sameAs\":[\"https:\/\/www.instagram.com\/proffrederico\/\"],\"url\":\"https:\/\/www.estrategiaconcursos.com.br\/blog\/author\/xfredericohotmail-com\/\"}]}<\/script>\n<!-- \/ Yoast SEO Premium plugin. -->","yoast_head_json":{"title":"Aloca\u00e7\u00e3o de Riscos em Licita\u00e7\u00e3o para o TCU","description":"Confira nosso breve resumo sobre a Aloca\u00e7\u00e3o de Riscos em Licita\u00e7\u00e3o para o concurso do TCU (Tribunal de Contas da Uni\u00e3o).","robots":{"index":"index","follow":"follow","max-snippet":"max-snippet:-1","max-image-preview":"max-image-preview:large","max-video-preview":"max-video-preview:-1"},"canonical":"https:\/\/www.estrategiaconcursos.com.br\/blog\/alocacao-riscos-licitacao-tcu\/","og_locale":"pt_BR","og_type":"article","og_title":"Aloca\u00e7\u00e3o de Riscos em Licita\u00e7\u00e3o para o TCU","og_description":"Confira nosso breve resumo sobre a Aloca\u00e7\u00e3o de Riscos em Licita\u00e7\u00e3o para o concurso do TCU (Tribunal de Contas da Uni\u00e3o).","og_url":"https:\/\/www.estrategiaconcursos.com.br\/blog\/alocacao-riscos-licitacao-tcu\/","og_site_name":"Estrat\u00e9gia Concursos","article_published_time":"2025-12-22T11:21:00+00:00","og_image":[{"width":2560,"height":1706,"url":"https:\/\/dhg1h5j42swfq.cloudfront.net\/2025\/12\/01065203\/feche-homens-no-trabalho-com-laptop-scaled.jpg","type":"image\/jpeg"}],"author":"Frederico Tadeu Borlot Peixoto","twitter_card":"summary_large_image","twitter_creator":"@EstratConcursos","twitter_site":"@EstratConcursos","twitter_misc":{"Escrito por":"Frederico Tadeu Borlot Peixoto","Est. tempo de leitura":"8 minutos"},"schema":{"@context":"https:\/\/schema.org","@graph":[{"@type":"NewsArticle","@id":"https:\/\/www.estrategiaconcursos.com.br\/blog\/alocacao-riscos-licitacao-tcu\/#article","isPartOf":{"@id":"https:\/\/www.estrategiaconcursos.com.br\/blog\/alocacao-riscos-licitacao-tcu\/"},"author":{"name":"Frederico Tadeu Borlot Peixoto","@id":"https:\/\/www.estrategiaconcursos.com.br\/blog\/#\/schema\/person\/48a7e085e45aee7c3d4596399af50ebb"},"headline":"Aloca\u00e7\u00e3o de Riscos em Licita\u00e7\u00e3o para o TCU","datePublished":"2025-12-22T11:21:00+00:00","mainEntityOfPage":{"@id":"https:\/\/www.estrategiaconcursos.com.br\/blog\/alocacao-riscos-licitacao-tcu\/"},"wordCount":1696,"commentCount":0,"publisher":{"@id":"https:\/\/www.estrategiaconcursos.com.br\/blog\/#organization"},"image":{"@id":"https:\/\/www.estrategiaconcursos.com.br\/blog\/alocacao-riscos-licitacao-tcu\/#primaryimage"},"thumbnailUrl":"https:\/\/dhg1h5j42swfq.cloudfront.net\/2025\/12\/01065203\/feche-homens-no-trabalho-com-laptop-scaled.jpg","articleSection":["Concursos P\u00fablicos","Tribunais de Contas (TCU, TCE, TCM)"],"inLanguage":"pt-BR","potentialAction":[{"@type":"CommentAction","name":"Comment","target":["https:\/\/www.estrategiaconcursos.com.br\/blog\/alocacao-riscos-licitacao-tcu\/#respond"]}],"copyrightYear":"2025","copyrightHolder":{"@id":"https:\/\/www.estrategiaconcursos.com.br\/blog\/#organization"}},{"@type":"WebPage","@id":"https:\/\/www.estrategiaconcursos.com.br\/blog\/alocacao-riscos-licitacao-tcu\/","url":"https:\/\/www.estrategiaconcursos.com.br\/blog\/alocacao-riscos-licitacao-tcu\/","name":"Aloca\u00e7\u00e3o de Riscos em Licita\u00e7\u00e3o para o TCU","isPartOf":{"@id":"https:\/\/www.estrategiaconcursos.com.br\/blog\/#website"},"primaryImageOfPage":{"@id":"https:\/\/www.estrategiaconcursos.com.br\/blog\/alocacao-riscos-licitacao-tcu\/#primaryimage"},"image":{"@id":"https:\/\/www.estrategiaconcursos.com.br\/blog\/alocacao-riscos-licitacao-tcu\/#primaryimage"},"thumbnailUrl":"https:\/\/dhg1h5j42swfq.cloudfront.net\/2025\/12\/01065203\/feche-homens-no-trabalho-com-laptop-scaled.jpg","datePublished":"2025-12-22T11:21:00+00:00","description":"Confira nosso breve resumo sobre a Aloca\u00e7\u00e3o de Riscos em Licita\u00e7\u00e3o para o concurso do TCU (Tribunal de Contas da Uni\u00e3o).","breadcrumb":{"@id":"https:\/\/www.estrategiaconcursos.com.br\/blog\/alocacao-riscos-licitacao-tcu\/#breadcrumb"},"inLanguage":"pt-BR","potentialAction":[{"@type":"ReadAction","target":["https:\/\/www.estrategiaconcursos.com.br\/blog\/alocacao-riscos-licitacao-tcu\/"]}]},{"@type":"ImageObject","inLanguage":"pt-BR","@id":"https:\/\/www.estrategiaconcursos.com.br\/blog\/alocacao-riscos-licitacao-tcu\/#primaryimage","url":"https:\/\/dhg1h5j42swfq.cloudfront.net\/2025\/12\/01065203\/feche-homens-no-trabalho-com-laptop-scaled.jpg","contentUrl":"https:\/\/dhg1h5j42swfq.cloudfront.net\/2025\/12\/01065203\/feche-homens-no-trabalho-com-laptop-scaled.jpg","width":2560,"height":1706,"caption":"Aloca\u00e7\u00e3o de Riscos em Licita\u00e7\u00e3o para o TCU"},{"@type":"BreadcrumbList","@id":"https:\/\/www.estrategiaconcursos.com.br\/blog\/alocacao-riscos-licitacao-tcu\/#breadcrumb","itemListElement":[{"@type":"ListItem","position":1,"name":"In\u00edcio","item":"https:\/\/www.estrategiaconcursos.com.br\/blog\/"},{"@type":"ListItem","position":2,"name":"Aloca\u00e7\u00e3o de Riscos em Licita\u00e7\u00e3o para o TCU"}]},{"@type":"WebSite","@id":"https:\/\/www.estrategiaconcursos.com.br\/blog\/#website","url":"https:\/\/www.estrategiaconcursos.com.br\/blog\/","name":"Estrat\u00e9gia Concursos","description":"O blog da Estrat\u00e9gia Concursos traz not\u00edcias sobre concursos e artigos de professores oferecendo cursos para concursos (pdf + videaulas) no site.","publisher":{"@id":"https:\/\/www.estrategiaconcursos.com.br\/blog\/#organization"},"potentialAction":[{"@type":"SearchAction","target":{"@type":"EntryPoint","urlTemplate":"https:\/\/www.estrategiaconcursos.com.br\/blog\/?s={search_term_string}"},"query-input":{"@type":"PropertyValueSpecification","valueRequired":true,"valueName":"search_term_string"}}],"inLanguage":"pt-BR"},{"@type":"Organization","@id":"https:\/\/www.estrategiaconcursos.com.br\/blog\/#organization","name":"Estrat\u00e9gia Concursos","url":"https:\/\/www.estrategiaconcursos.com.br\/blog\/","logo":{"@type":"ImageObject","inLanguage":"pt-BR","@id":"https:\/\/www.estrategiaconcursos.com.br\/blog\/#\/schema\/logo\/image\/","url":"https:\/\/dhg1h5j42swfq.cloudfront.net\/2025\/06\/03203428\/logo_concursos-1.jpg","contentUrl":"https:\/\/dhg1h5j42swfq.cloudfront.net\/2025\/06\/03203428\/logo_concursos-1.jpg","width":230,"height":60,"caption":"Estrat\u00e9gia Concursos"},"image":{"@id":"https:\/\/www.estrategiaconcursos.com.br\/blog\/#\/schema\/logo\/image\/"},"sameAs":["https:\/\/x.com\/EstratConcursos"]},{"@type":"Person","@id":"https:\/\/www.estrategiaconcursos.com.br\/blog\/#\/schema\/person\/48a7e085e45aee7c3d4596399af50ebb","name":"Frederico Tadeu Borlot Peixoto","image":{"@type":"ImageObject","inLanguage":"pt-BR","@id":"https:\/\/secure.gravatar.com\/avatar\/df8a49e2321c1e32f85e9e7c2a9c92c688f1f53a947220f40017ff5858b09fdb?s=96&d=mm&r=g","url":"https:\/\/secure.gravatar.com\/avatar\/df8a49e2321c1e32f85e9e7c2a9c92c688f1f53a947220f40017ff5858b09fdb?s=96&d=mm&r=g","contentUrl":"https:\/\/secure.gravatar.com\/avatar\/df8a49e2321c1e32f85e9e7c2a9c92c688f1f53a947220f40017ff5858b09fdb?s=96&d=mm&r=g","caption":"Frederico Tadeu Borlot Peixoto"},"description":"Analista Judici\u00e1rio - \u00c1rea Judici\u00e1ria do TRF da 4\u00aa regi\u00e3o. Bacharel em Direito. P\u00f3s-graduado em Direito Administrativo, Legisla\u00e7\u00e3o Penal Especial, Direito Penal e Direito Processual Penal. Tamb\u00e9m nomeado no TRF da 3\u00aa regi\u00e3o (8\u00ba lugar); SPPREV (3\u00ba lugar); IFES (2\u00ba lugar); e PMES. https:\/\/www.instagram.com\/proffrederico\/","sameAs":["https:\/\/www.instagram.com\/proffrederico\/"],"url":"https:\/\/www.estrategiaconcursos.com.br\/blog\/author\/xfredericohotmail-com\/"}]}},"_links":{"self":[{"href":"https:\/\/www.estrategiaconcursos.com.br\/blog\/wp-json\/wp\/v2\/posts\/1677616","targetHints":{"allow":["GET"]}}],"collection":[{"href":"https:\/\/www.estrategiaconcursos.com.br\/blog\/wp-json\/wp\/v2\/posts"}],"about":[{"href":"https:\/\/www.estrategiaconcursos.com.br\/blog\/wp-json\/wp\/v2\/types\/post"}],"author":[{"embeddable":true,"href":"https:\/\/www.estrategiaconcursos.com.br\/blog\/wp-json\/wp\/v2\/users\/2567"}],"replies":[{"embeddable":true,"href":"https:\/\/www.estrategiaconcursos.com.br\/blog\/wp-json\/wp\/v2\/comments?post=1677616"}],"version-history":[{"count":3,"href":"https:\/\/www.estrategiaconcursos.com.br\/blog\/wp-json\/wp\/v2\/posts\/1677616\/revisions"}],"predecessor-version":[{"id":1677628,"href":"https:\/\/www.estrategiaconcursos.com.br\/blog\/wp-json\/wp\/v2\/posts\/1677616\/revisions\/1677628"}],"wp:featuredmedia":[{"embeddable":true,"href":"https:\/\/www.estrategiaconcursos.com.br\/blog\/wp-json\/wp\/v2\/media\/1677622"}],"wp:attachment":[{"href":"https:\/\/www.estrategiaconcursos.com.br\/blog\/wp-json\/wp\/v2\/media?parent=1677616"}],"wp:term":[{"taxonomy":"category","embeddable":true,"href":"https:\/\/www.estrategiaconcursos.com.br\/blog\/wp-json\/wp\/v2\/categories?post=1677616"},{"taxonomy":"post_tag","embeddable":true,"href":"https:\/\/www.estrategiaconcursos.com.br\/blog\/wp-json\/wp\/v2\/tags?post=1677616"},{"taxonomy":"tax_estado","embeddable":true,"href":"https:\/\/www.estrategiaconcursos.com.br\/blog\/wp-json\/wp\/v2\/tax_estado?post=1677616"}],"curies":[{"name":"wp","href":"https:\/\/api.w.org\/{rel}","templated":true}]}}