{"id":1677575,"date":"2025-11-30T18:30:00","date_gmt":"2025-11-30T21:30:00","guid":{"rendered":"https:\/\/www.estrategiaconcursos.com.br\/blog\/?p=1677575"},"modified":"2025-11-30T21:53:42","modified_gmt":"2025-12-01T00:53:42","slug":"gabarito-extraoficial-pm-sp-soldado-2025","status":"publish","type":"post","link":"https:\/\/www.estrategiaconcursos.com.br\/blog\/gabarito-extraoficial-pm-sp-soldado-2025\/","title":{"rendered":"Gabarito extraoficial PM SP &#8211; Soldado: veja seu desempenho"},"content":{"rendered":"\n<p>Neste domingo, 30 de novembro de 2025, foram aplicadas as provas do\u00a0<strong>concurso PM SP 2025 <\/strong>(<a href=\"https:\/\/www.estrategiaconcursos.com.br\/cursosPorConcurso\/policia-militar-de-sao-paulo-pm-sp\/\" target=\"_blank\" rel=\"noreferrer noopener\">Pol\u00edcia Militar do Estado de S\u00e3o Paulo<\/a>).<\/p>\n\n\n\n<p>Sob organiza\u00e7\u00e3o da banca <a href=\"https:\/\/www.vunesp.com.br\/PMES2502\" target=\"_blank\" rel=\"noreferrer noopener\">Vunesp<\/a>, s\u00e3o ofertadas\u00a0<strong>2.200 vagas para Soldado PM de 2\u00aa Classe<\/strong>. Os aprovados receber\u00e3o sal\u00e1rio inicial de\u00a0<strong>R$ 5.055,53<\/strong>.<\/p>\n\n\n\n<p>Com o objetivo de ajud\u00e1-los em todas as etapas do certame e, claro, diminuir um pouco a ansiedade para saber seu desempenho,&nbsp;<strong>nossos professores realizaram a<\/strong>&nbsp;<strong>corre\u00e7\u00e3o extraoficial da prova<\/strong>.<\/p>\n\n\n\n<figure class=\"wp-block-table is-style-stripes\"><table class=\"has-fixed-layout\"><tbody><tr><td class=\"has-text-align-center\" data-align=\"center\"><strong>Disciplina<\/strong><\/td><td class=\"has-text-align-center\" data-align=\"center\"><strong>Respons\u00e1vel<\/strong><\/td><\/tr><tr><td class=\"has-text-align-center\" data-align=\"center\">L\u00edngua Portuguesa<\/td><td class=\"has-text-align-center\" data-align=\"center\">Luiz Felipe<\/td><\/tr><tr><td class=\"has-text-align-center\" data-align=\"center\">Matem\u00e1tica<\/td><td class=\"has-text-align-center\" data-align=\"center\">Carlos Henrique<\/td><\/tr><tr><td class=\"has-text-align-center\" data-align=\"center\">Inform\u00e1tica<\/td><td class=\"has-text-align-center\" data-align=\"center\">Emannuelle Gouveia<\/td><\/tr><tr><td class=\"has-text-align-center\" data-align=\"center\">Hist\u00f3ria Geral e do Brasil<\/td><td class=\"has-text-align-center\" data-align=\"center\">Ale Lopes<\/td><\/tr><tr><td class=\"has-text-align-center\" data-align=\"center\">Geografia Geral e do Brasil<\/td><td class=\"has-text-align-center\" data-align=\"center\">Priscila Lima<\/td><\/tr><tr><td class=\"has-text-align-center\" data-align=\"center\">Atualidades<\/td><td class=\"has-text-align-center\" data-align=\"center\">Rodolfo Gracioli<\/td><\/tr><tr><td class=\"has-text-align-center\" data-align=\"center\">Direito Constitucional e Constitui\u00e7\u00e3o do Estado<\/td><td class=\"has-text-align-center\" data-align=\"center\">F\u00e1bio Ramos<\/td><\/tr><tr><td class=\"has-text-align-center\" data-align=\"center\">Lei N\u00ba 12.527\/11 \u2013 Lei de Acesso \u00e0 Informa\u00e7\u00e3o<\/td><td class=\"has-text-align-center\" data-align=\"center\">Rodrigo Bet<\/td><\/tr><\/tbody><\/table><\/figure>\n\n\n\n<p>Agora \u00e9 a hora! Confira seu desempenho no \u201c<strong>Gabarito extraoficial PM SP &#8211; Soldado<\/strong>\u201d e ainda receba dicas de recursos, caso haja algum.<\/p>\n\n\n\n<figure class=\"wp-block-embed aligncenter is-type-video is-provider-youtube wp-block-embed-youtube wp-embed-aspect-16-9 wp-has-aspect-ratio\"><div class=\"wp-block-embed__wrapper\">\n<div class=\"lyte-wrapper\" style=\"width:853px;max-width:100%;margin:5px;\"><div class=\"lyMe\" id=\"WYL_oNumcemqpCc\"><div id=\"lyte_oNumcemqpCc\" data-src=\"\/\/i.ytimg.com\/vi\/oNumcemqpCc\/hqdefault.jpg\" class=\"pL\"><div class=\"tC\"><div class=\"tT\"><\/div><\/div><div class=\"play\"><\/div><div class=\"ctrl\"><div class=\"Lctrl\"><\/div><div class=\"Rctrl\"><\/div><\/div><\/div><noscript><a href=\"https:\/\/youtu.be\/oNumcemqpCc\" rel=\"nofollow\"><img loading=\"lazy\" decoding=\"async\" src=\"https:\/\/i.ytimg.com\/vi\/oNumcemqpCc\/0.jpg\" alt=\"YouTube video thumbnail\" width=\"853\" height=\"460\" \/><br \/>Assista a este v\u00eddeo no YouTube<\/a><\/noscript><\/div><\/div><div class=\"lL\" style=\"max-width:100%;width:853px;margin:5px;\"><\/div>\n<\/div><\/figure>\n\n\n\n<h2 class=\"wp-block-heading\" id=\"h-gabarito-extraoficial-pm-sp-soldado-2025\">Gabarito extraoficial PM SP Soldado 2025<\/h2>\n\n\n\n<p>Abaixo, voc\u00ea confere os gabaritos das quest\u00f5es corrigidas. Como existem diferentes tipos de provas, voc\u00ea pode conferir pelo in\u00edcio da quest\u00e3o.<\/p>\n\n\n\n<p><strong>Quest\u00e3o 1:<\/strong> Assinale a alternativa com a informa\u00e7\u00e3o&#8230;<br \/><em><strong>Resposta:<\/strong><\/em> D<\/p>\n\n\n\n<p><strong>Quest\u00e3o 2:<\/strong> Em \u2013 \u2026hoje seu pai passou de carro&#8230;<br \/><em><strong>Resposta:<\/strong><\/em> B<\/p>\n\n\n\n<p><strong>Quest\u00e3o 3:<\/strong> A partir da leitura do poema, \u00e9 correto&#8230;<br \/><em><strong>Resposta:<\/strong><\/em> C<\/p>\n\n\n\n<p><strong>Quest\u00e3o 4:<\/strong> Assinale a alternativa em que&#8230;<br \/><em><strong>Resposta:<\/strong><\/em> B <\/p>\n\n\n\n<p><strong>Quest\u00e3o 5:<\/strong> Em rela\u00e7\u00e3o \u00e0 \u201ccadeia de solidariedade intergeracional\u201d&#8230;<br \/><em><strong>Resposta:<\/strong><\/em> A<\/p>\n\n\n\n<p><strong>Quest\u00e3o 6:<\/strong> Quanto \u00e0 compara\u00e7\u00e3o feita&#8230;<br \/><em><strong>Resposta:<\/strong><\/em> E<\/p>\n\n\n\n<p><strong>Quest\u00e3o 7:<\/strong> Considere os trechos&#8230;<br \/><em><strong>Resposta:<\/strong><\/em> C<\/p>\n\n\n\n<p><strong>Quest\u00e3o 8:<\/strong> Foi empregada em sentido&#8230;<br \/><em><strong>Resposta:<\/strong><\/em> B<\/p>\n\n\n\n<p><strong>Quest\u00e3o 9:<\/strong> A respeito das transforma\u00e7\u00f5es nas formas&#8230;<br \/><em><strong>Resposta:<\/strong><\/em> D<\/p>\n\n\n\n<p><strong>Quest\u00e3o 10:<\/strong> \u00c9 correto afirmar que no trecho&#8230;<br \/><em><strong>Resposta:<\/strong><\/em> A<\/p>\n\n\n\n<p><strong>Quest\u00e3o 11:<\/strong> Considere os trechos do 2\u00ba par\u00e1grafo&#8230;<br \/><em><strong>Resposta:<\/strong><\/em> B<\/p>\n\n\n\n<p><strong>Quest\u00e3o 12:<\/strong> Considere o trecho&#8230;<br \/><em><strong>Resposta:<\/strong><\/em> B<\/p>\n\n\n\n<p><strong>Quest\u00e3o 13:<\/strong> A partir da leitura da tira&#8230;<br \/><em><strong>Resposta:<\/strong><\/em> E<\/p>\n\n\n\n<p><strong>Quest\u00e3o 14:<\/strong> Em \u2013 Ajeitem a coluna&#8230;<br \/><em><strong>Resposta:<\/strong><\/em> C<\/p>\n\n\n\n<p><strong>Quest\u00e3o 15:<\/strong> Assinale a alternativa redigida&#8230;<br \/><em><strong>Resposta:<\/strong><\/em> E<\/p>\n\n\n\n<p><strong>Quest\u00e3o 16:<\/strong> De acordo com as informa\u00e7\u00f5es texto&#8230;<br \/><em><strong>Resposta:<\/strong><\/em> A<\/p>\n\n\n\n<p><strong>Quest\u00e3o 17:<\/strong> Assinale a alternativa que est\u00e1 de acordo&#8230;<br \/><em><strong>Resposta:<\/strong><\/em> D<\/p>\n\n\n\n<p><strong>Quest\u00e3o 18:<\/strong> De acordo com os dados&#8230;<br \/><em><strong>Resposta:<\/strong><\/em> B<\/p>\n\n\n\n<p><strong>Quest\u00e3o 19:<\/strong> Considere as frases&#8230;<br \/><em><strong>Resposta:<\/strong><\/em> C<\/p>\n\n\n\n<p><strong>Quest\u00e3o 20:<\/strong> Considere a frase&#8230;<br \/><em><strong>Resposta:<\/strong><\/em> B<\/p>\n\n\n\n<p><strong>Quest\u00e3o 21:<\/strong> Ao iniciar mais um dia de trabalho&#8230;<br \/><em><strong>Resposta:<\/strong><\/em> E<\/p>\n\n\n\n<p><strong>Quest\u00e3o 22:<\/strong> O resultado do censo populacional&#8230;<br \/><em><strong>Resposta:<\/strong><\/em> D<\/p>\n\n\n\n<p><strong>Quest\u00e3o 23:<\/strong> Tr\u00eas amigos trabalham em empresas&#8230;<br \/><em><strong>Resposta:<\/strong><\/em> A<\/p>\n\n\n\n<p><strong>Quest\u00e3o 24:<\/strong> O gerente de um escrit\u00f3rio resolveu&#8230;<br \/><em><strong>Resposta:<\/strong><\/em> C<\/p>\n\n\n\n<p><strong>Quest\u00e3o 25:<\/strong> Sabe-se que o pre\u00e7o de&#8230;<br \/><em><strong>Resposta:<\/strong><\/em> B<\/p>\n\n\n\n<p><strong>Quest\u00e3o 26:<\/strong> Para executar uma tarefa, tr\u00eas&#8230;<br \/><em><strong>Resposta:<\/strong><\/em> E<\/p>\n\n\n\n<p><strong>Quest\u00e3o 27:<\/strong> Para ter acesso \u00e0 \u00faltima prova&#8230;<br \/><em><strong>Resposta:<\/strong><\/em> E<\/p>\n\n\n\n<p><strong>Quest\u00e3o 28:<\/strong> A tabela a seguir mostra exemplos&#8230;<br \/><em><strong>Resposta:<\/strong><\/em> D<\/p>\n\n\n\n<p><strong>Quest\u00e3o 29:<\/strong> Ap\u00f3s uma den\u00fancia, a pol\u00edcia&#8230;<br \/><em><strong>Resposta:<\/strong><\/em> A<\/p>\n\n\n\n<p><strong>Quest\u00e3o 30:<\/strong> Um terreno retangular precisa ser vasculhado&#8230;<br \/><em><strong>Resposta:<\/strong><\/em> B<\/p>\n\n\n\n<p><strong>Quest\u00e3o 31:<\/strong> O gr\u00e1fico a seguir deveria&#8230;<br \/><em><strong>Resposta:<\/strong><\/em> C<\/p>\n\n\n\n<p><strong>Quest\u00e3o 32:<\/strong> O per\u00edmetro desse terreno \u00e9&#8230;<br \/><em><strong>Resposta:<\/strong><\/em> E<\/p>\n\n\n\n<p><strong>Quest\u00e3o 33:<\/strong> Qual \u00e9 a \u00e1rea desse terreno?&#8230;<br \/><em><strong>Resposta:<\/strong><\/em> A<\/p>\n\n\n\n<p><strong>Quest\u00e3o 34:<\/strong> A sequ\u00eancia a seguir foi criada&#8230;<br \/><em><strong>Resposta:<\/strong><\/em> C <\/p>\n\n\n\n<p><strong>Quest\u00e3o 35:<\/strong> Considere que as afirma\u00e7\u00f5es a seguir&#8230;<br \/><em><strong>Resposta:<\/strong><\/em> B<\/p>\n\n\n\n<p><strong>Quest\u00e3o 36:<\/strong> Quando falamos da Primeira Guerra&#8230;<br \/><em><strong>Resposta:<\/strong><\/em> E<\/p>\n\n\n\n<p><strong>Quest\u00e3o 37:<\/strong> No dia 1\u00ba de setembro de 1939&#8230;<br \/><em><strong>Resposta:<\/strong><\/em> D<\/p>\n\n\n\n<p><strong>Quest\u00e3o 38:<\/strong> Get\u00falio Vargas mandou realizar&#8230;<br \/><em><strong>Resposta:<\/strong><\/em> D<\/p>\n\n\n\n<p><strong>Quest\u00e3o 39:<\/strong> s Constitui\u00e7\u00f5es de 1934 e de 1946&#8230;<br \/><em><strong>Resposta:<\/strong><\/em> E<\/p>\n\n\n\n<p><strong>Quest\u00e3o 40:<\/strong> Criado em 1973, a partir dos Clubes&#8230;<br \/><em><strong>Resposta:<\/strong><\/em> C<\/p>\n\n\n\n<p><strong>Quest\u00e3o 41:<\/strong> Tancredo Neves apoiou a campanha&#8230;<br \/><em><strong>Resposta:<\/strong><\/em> A<\/p>\n\n\n\n<p><strong>Quest\u00e3o 42:<\/strong> Em 1949, durante o contexto&#8230;<br \/><em><strong>Resposta:<\/strong><\/em> B<\/p>\n\n\n\n<p><strong>Quest\u00e3o 43:<\/strong> Fen\u00f4meno essencial para a manuten\u00e7\u00e3o&#8230;<br \/><em><strong>Resposta:<\/strong><\/em> A<\/p>\n\n\n\n<p><strong>Quest\u00e3o 44:<\/strong> O processo hist\u00f3rico que marcou&#8230;<br \/><em><strong>Resposta:<\/strong><\/em> D<\/p>\n\n\n\n<p><strong>Quest\u00e3o 45:<\/strong> Corresponde ao tamanho das \u00e1reas&#8230;<br \/><em><strong>Resposta:<\/strong><\/em> E<\/p>\n\n\n\n<p><strong>Quest\u00e3o 46:<\/strong> A floresta \u00e9 respons\u00e1vel pela gera\u00e7\u00e3o&#8230;<br \/><em><strong>Resposta:<\/strong><\/em> C<\/p>\n\n\n\n<p><strong>Quest\u00e3o 47:<\/strong> Regi\u00e3o de aproximadamente 400 mil&#8230;<br \/><em><strong>Resposta:<\/strong><\/em> E<\/p>\n\n\n\n<p><strong>Quest\u00e3o 48:<\/strong> O Minist\u00e9rio da Ci\u00eancia, Tecnologia&#8230;<br \/><em><strong>Resposta:<\/strong><\/em> A<\/p>\n\n\n\n<p><strong>Quest\u00e3o 49:<\/strong> Observe a tabela a seguir, elaborada&#8230;<br \/><em><strong>Resposta:<\/strong><\/em> C<\/p>\n\n\n\n<p><strong>Quest\u00e3o 50:<\/strong> O Brasil responde por quase 96%&#8230;<br \/><em><strong>Resposta:<\/strong><\/em> D<\/p>\n\n\n\n<p><strong>Quest\u00e3o 51:<\/strong> Em uma planilha de escala de servi\u00e7o no MS-Excel 2016&#8230;<br \/><em><strong>Resposta:<\/strong><\/em> B<\/p>\n\n\n\n<p><strong>Quest\u00e3o 52:<\/strong> Para enviar fotos de local de ocorr\u00eancia&#8230;<br \/><em><strong>Resposta:<\/strong><\/em> D<\/p>\n\n\n\n<p><strong>Quest\u00e3o 53:<\/strong> No Microsoft Word 2016 (em portugu\u00eas do Brasil)&#8230;<br \/><em><strong>Resposta:<\/strong><\/em> E<\/p>\n\n\n\n<p><strong>Quest\u00e3o 54:<\/strong> O soldado precisa imprimir a p\u00e1gina&#8230;<br \/><em><strong>Resposta:<\/strong><\/em> B<\/p>\n\n\n\n<p><strong>Quest\u00e3o 55:<\/strong> Durante a prepara\u00e7\u00e3o de uma apresenta\u00e7\u00e3o&#8230;<br \/><em><strong>Resposta:<\/strong><\/em> A<\/p>\n\n\n\n<p><strong>Quest\u00e3o 56:<\/strong> Diante da instaura\u00e7\u00e3o de uma grave&#8230;<br \/><em><strong>Resposta:<\/strong><\/em> A<\/p>\n\n\n\n<p><strong>Quest\u00e3o 57:<\/strong> Ap\u00f3s senten\u00e7a transitada em julgado&#8230;<br \/><em><strong>Resposta:<\/strong><\/em> C<\/p>\n\n\n\n<p><strong>Quest\u00e3o 58:<\/strong> Recentemente, em solenidade na Academia de Pol\u00edcia&#8230;<br \/><em><strong>Resposta:<\/strong><\/em> E<\/p>\n\n\n\n<p><strong>Quest\u00e3o 59:<\/strong> Os direitos e garantias fundamentais, nos&#8230;<br \/><em><strong>Resposta:<\/strong><\/em> B <\/p>\n\n\n\n<p><strong>Quest\u00e3o 60:<\/strong> Por meio da plataforma Fala.SP&#8230;<br \/><em><strong>Resposta:<\/strong><\/em> D<\/p>\n\n\n\n<p class=\"has-text-align-center has-cyan-bluish-gray-background-color has-background has-medium-font-size\"><strong>Saiba mais: <a href=\"https:\/\/www.estrategiaconcursos.com.br\/blog\/concurso-pm-sp\/\" target=\"_blank\" rel=\"noreferrer noopener\">concurso PM SP<\/a><\/strong><\/p>\n\n\n\n<hr class=\"wp-block-separator has-css-opacity\"\/>\n\n\n\n<h2 class=\"wp-block-heading has-text-align-center\" id=\"h-quer-saber-tudo-sobre-concursos-previstos-confira-nossos-artigos\">Quer saber tudo sobre concursos previstos?<br \/>Confira nossos artigos!<\/h2>\n\n\n\n<ul class=\"wp-block-list\">\n<li><a href=\"https:\/\/www.estrategiaconcursos.com.br\/blog\/concursos-policia-militar\/\" target=\"_blank\" rel=\"noreferrer noopener\">Concursos Pol\u00edcia Militar<\/a><\/li>\n\n\n\n<li><a href=\"https:\/\/www.estrategiaconcursos.com.br\/blog\/concursos-abertos\/\" target=\"_blank\" rel=\"noreferrer noopener\">Concursos abertos<\/a><\/li>\n\n\n\n<li><a href=\"https:\/\/www.estrategiaconcursos.com.br\/blog\/concursos-2025\/\" target=\"_blank\" rel=\"noreferrer noopener\">Concursos 2025<\/a><\/li>\n\n\n\n<li><a href=\"https:\/\/www.estrategiaconcursos.com.br\/blog\/concursos-2026\/\" target=\"_blank\" rel=\"noreferrer noopener\">Concursos 2026<\/a><\/li>\n<\/ul>\n\n\n\n<h2 class=\"wp-block-heading has-text-align-center\" id=\"cursos\">Quer estudar para o concurso PM SP?<\/h2>\n\n\n\n<div class=\"container\" id=\"boxes\">\r\n  <div class=\"row\">\r\n\r\n    <div class=\"col-sm\">\r\n      <div class=\"banner-policia-militar\" id=\"box-assinatura\">\r\n        <h3 class=\"titulo-assinatura\" style=\"text-align: left;\">Concurso PM SP<\/h3>\r\n        <p class=\"subtitulo-assinatura\" style=\"text-align: left;\">Explore os cursos para a carreira na PM \u2728<\/p>\r\n        <div class=\"box-botao\" style=\"text-align: left;\">\r\n          <a class=\"btn-assinatura\" target=\"_blank\" href=\"https:\/\/www.estrategiaconcursos.com.br\/cursosPorConcurso\/policia-militar-de-sao-paulo-pm-sp\/\" role=\"button\" rel=\"noopener noreferrer\">ESTUDE CONOSCO<\/a>\r\n        <\/div>\r\n      <\/div><\/div><\/div><\/div>\n\n\n\n<div class=\"container\" id=\"boxes\">\n  <div class=\"row\">\n\n    <div class=\"col-sm\">\n      <div class=\"estrategia\" id=\"box-assinatura\">\n        <h3 class=\"titulo-assinatura\">Assinatura de Concursos<\/h3>\n        <p class=\"subtitulo-assinatura\">Assinatura de 1 ano ou 2 anos<\/p>\n        <div class=\"box-botao\">\n          <a class=\"btn-assinatura\" target=\"_blank\" href=\"https:\/\/www.estrategiaconcursos.com.br\/assinaturas\/\" role=\"button\" rel=\"noopener noreferrer\">ASSINE AGORA<\/a>\n        <\/div>\n      <\/div>\n     \n    <\/div><\/div><\/div>\n\n\n\n<p><\/p>\n","protected":false},"excerpt":{"rendered":"<p>Neste domingo, 30 de novembro de 2025, foram aplicadas as provas do\u00a0concurso PM SP 2025 (Pol\u00edcia Militar do Estado de S\u00e3o Paulo). Sob organiza\u00e7\u00e3o da banca Vunesp, s\u00e3o ofertadas\u00a02.200 vagas para Soldado PM de 2\u00aa Classe. Os aprovados receber\u00e3o sal\u00e1rio inicial de\u00a0R$ 5.055,53. Com o objetivo de ajud\u00e1-los em todas as etapas do certame e, [&hellip;]<\/p>\n","protected":false},"author":1483,"featured_media":1677581,"comment_status":"open","ping_status":"closed","sticky":false,"template":"","format":"standard","meta":{"post_tipo":"news","footnotes":""},"categories":[220187,220219],"tags":[],"tax_estado":[219989],"class_list":["post-1677575","post","type-post","status-publish","format-standard","has-post-thumbnail","hentry","category-policial-pracas","category-noticias","tax_estado-sp"],"acf":[],"yoast_head":"<!-- This site is optimized with the Yoast SEO Premium plugin v27.2 (Yoast SEO v27.2) - https:\/\/yoast.com\/product\/yoast-seo-premium-wordpress\/ -->\n<title>Gabarito extraoficial PM SP - Soldado: veja seu desempenho<\/title>\n<meta name=\"description\" content=\"Acompanhe o evento &quot;gabarito extraoficial&quot; do concurso PM SP para o cargo de Soldado. Isso e muito mais no site do Estrat\u00e9gia!\" \/>\n<meta name=\"robots\" content=\"index, follow, max-snippet:-1, max-image-preview:large, max-video-preview:-1\" \/>\n<link rel=\"canonical\" href=\"https:\/\/www.estrategiaconcursos.com.br\/blog\/gabarito-extraoficial-pm-sp-soldado-2025\/\" \/>\n<meta property=\"og:locale\" content=\"pt_BR\" \/>\n<meta property=\"og:type\" content=\"article\" \/>\n<meta property=\"og:title\" content=\"Gabarito extraoficial PM SP - Soldado: veja seu desempenho\" \/>\n<meta property=\"og:description\" content=\"Acompanhe o evento &quot;gabarito extraoficial&quot; do concurso PM SP para o cargo de Soldado. Isso e muito mais no site do Estrat\u00e9gia!\" \/>\n<meta property=\"og:url\" content=\"https:\/\/www.estrategiaconcursos.com.br\/blog\/gabarito-extraoficial-pm-sp-soldado-2025\/\" \/>\n<meta property=\"og:site_name\" content=\"Estrat\u00e9gia Concursos\" \/>\n<meta property=\"article:published_time\" content=\"2025-11-30T21:30:00+00:00\" \/>\n<meta property=\"article:modified_time\" content=\"2025-12-01T00:53:42+00:00\" \/>\n<meta property=\"og:image\" content=\"https:\/\/dhg1h5j42swfq.cloudfront.net\/2025\/11\/30205413\/ytb-1-1.jpg\" \/>\n\t<meta property=\"og:image:width\" content=\"1280\" \/>\n\t<meta property=\"og:image:height\" content=\"720\" \/>\n\t<meta property=\"og:image:type\" content=\"image\/jpeg\" \/>\n<meta name=\"author\" content=\"Diogo Mendes\" \/>\n<meta name=\"twitter:card\" content=\"summary_large_image\" \/>\n<meta name=\"twitter:creator\" content=\"@EstratConcursos\" \/>\n<meta name=\"twitter:site\" content=\"@EstratConcursos\" \/>\n<meta name=\"twitter:label1\" content=\"Escrito por\" \/>\n\t<meta name=\"twitter:data1\" content=\"Diogo Mendes\" \/>\n\t<meta name=\"twitter:label2\" content=\"Est. tempo de leitura\" \/>\n\t<meta name=\"twitter:data2\" content=\"4 minutos\" \/>\n<script type=\"application\/ld+json\" class=\"yoast-schema-graph\">{\"@context\":\"https:\/\/schema.org\",\"@graph\":[{\"@type\":\"NewsArticle\",\"@id\":\"https:\/\/www.estrategiaconcursos.com.br\/blog\/gabarito-extraoficial-pm-sp-soldado-2025\/#article\",\"isPartOf\":{\"@id\":\"https:\/\/www.estrategiaconcursos.com.br\/blog\/gabarito-extraoficial-pm-sp-soldado-2025\/\"},\"author\":{\"name\":\"Diogo Mendes\",\"@id\":\"https:\/\/www.estrategiaconcursos.com.br\/blog\/#\/schema\/person\/cc9e76173880338ce9f656c88664a1f6\"},\"headline\":\"Gabarito extraoficial PM SP &#8211; Soldado: veja seu desempenho\",\"datePublished\":\"2025-11-30T21:30:00+00:00\",\"dateModified\":\"2025-12-01T00:53:42+00:00\",\"mainEntityOfPage\":{\"@id\":\"https:\/\/www.estrategiaconcursos.com.br\/blog\/gabarito-extraoficial-pm-sp-soldado-2025\/\"},\"wordCount\":847,\"commentCount\":0,\"publisher\":{\"@id\":\"https:\/\/www.estrategiaconcursos.com.br\/blog\/#organization\"},\"image\":{\"@id\":\"https:\/\/www.estrategiaconcursos.com.br\/blog\/gabarito-extraoficial-pm-sp-soldado-2025\/#primaryimage\"},\"thumbnailUrl\":\"https:\/\/dhg1h5j42swfq.cloudfront.net\/2025\/11\/30205413\/ytb-1-1.jpg\",\"articleSection\":[\"Policial (PM\/BM - Pra\u00e7as)\",\"\u00daltimas not\u00edcias\"],\"inLanguage\":\"pt-BR\",\"potentialAction\":[{\"@type\":\"CommentAction\",\"name\":\"Comment\",\"target\":[\"https:\/\/www.estrategiaconcursos.com.br\/blog\/gabarito-extraoficial-pm-sp-soldado-2025\/#respond\"]}],\"copyrightYear\":\"2025\",\"copyrightHolder\":{\"@id\":\"https:\/\/www.estrategiaconcursos.com.br\/blog\/#organization\"}},{\"@type\":\"WebPage\",\"@id\":\"https:\/\/www.estrategiaconcursos.com.br\/blog\/gabarito-extraoficial-pm-sp-soldado-2025\/\",\"url\":\"https:\/\/www.estrategiaconcursos.com.br\/blog\/gabarito-extraoficial-pm-sp-soldado-2025\/\",\"name\":\"Gabarito extraoficial PM SP - Soldado: veja seu desempenho\",\"isPartOf\":{\"@id\":\"https:\/\/www.estrategiaconcursos.com.br\/blog\/#website\"},\"primaryImageOfPage\":{\"@id\":\"https:\/\/www.estrategiaconcursos.com.br\/blog\/gabarito-extraoficial-pm-sp-soldado-2025\/#primaryimage\"},\"image\":{\"@id\":\"https:\/\/www.estrategiaconcursos.com.br\/blog\/gabarito-extraoficial-pm-sp-soldado-2025\/#primaryimage\"},\"thumbnailUrl\":\"https:\/\/dhg1h5j42swfq.cloudfront.net\/2025\/11\/30205413\/ytb-1-1.jpg\",\"datePublished\":\"2025-11-30T21:30:00+00:00\",\"dateModified\":\"2025-12-01T00:53:42+00:00\",\"description\":\"Acompanhe o evento \\\"gabarito extraoficial\\\" do concurso PM SP para o cargo de Soldado. Isso e muito mais no site do Estrat\u00e9gia!\",\"breadcrumb\":{\"@id\":\"https:\/\/www.estrategiaconcursos.com.br\/blog\/gabarito-extraoficial-pm-sp-soldado-2025\/#breadcrumb\"},\"inLanguage\":\"pt-BR\",\"potentialAction\":[{\"@type\":\"ReadAction\",\"target\":[\"https:\/\/www.estrategiaconcursos.com.br\/blog\/gabarito-extraoficial-pm-sp-soldado-2025\/\"]}]},{\"@type\":\"ImageObject\",\"inLanguage\":\"pt-BR\",\"@id\":\"https:\/\/www.estrategiaconcursos.com.br\/blog\/gabarito-extraoficial-pm-sp-soldado-2025\/#primaryimage\",\"url\":\"https:\/\/dhg1h5j42swfq.cloudfront.net\/2025\/11\/30205413\/ytb-1-1.jpg\",\"contentUrl\":\"https:\/\/dhg1h5j42swfq.cloudfront.net\/2025\/11\/30205413\/ytb-1-1.jpg\",\"width\":1280,\"height\":720},{\"@type\":\"BreadcrumbList\",\"@id\":\"https:\/\/www.estrategiaconcursos.com.br\/blog\/gabarito-extraoficial-pm-sp-soldado-2025\/#breadcrumb\",\"itemListElement\":[{\"@type\":\"ListItem\",\"position\":1,\"name\":\"In\u00edcio\",\"item\":\"https:\/\/www.estrategiaconcursos.com.br\/blog\/\"},{\"@type\":\"ListItem\",\"position\":2,\"name\":\"Gabarito extraoficial PM SP &#8211; Soldado: veja seu desempenho\"}]},{\"@type\":\"WebSite\",\"@id\":\"https:\/\/www.estrategiaconcursos.com.br\/blog\/#website\",\"url\":\"https:\/\/www.estrategiaconcursos.com.br\/blog\/\",\"name\":\"Estrat\u00e9gia Concursos\",\"description\":\"O blog da Estrat\u00e9gia Concursos traz not\u00edcias sobre concursos e artigos de professores oferecendo cursos para concursos (pdf + videaulas) no site.\",\"publisher\":{\"@id\":\"https:\/\/www.estrategiaconcursos.com.br\/blog\/#organization\"},\"potentialAction\":[{\"@type\":\"SearchAction\",\"target\":{\"@type\":\"EntryPoint\",\"urlTemplate\":\"https:\/\/www.estrategiaconcursos.com.br\/blog\/?s={search_term_string}\"},\"query-input\":{\"@type\":\"PropertyValueSpecification\",\"valueRequired\":true,\"valueName\":\"search_term_string\"}}],\"inLanguage\":\"pt-BR\"},{\"@type\":\"Organization\",\"@id\":\"https:\/\/www.estrategiaconcursos.com.br\/blog\/#organization\",\"name\":\"Estrat\u00e9gia Concursos\",\"url\":\"https:\/\/www.estrategiaconcursos.com.br\/blog\/\",\"logo\":{\"@type\":\"ImageObject\",\"inLanguage\":\"pt-BR\",\"@id\":\"https:\/\/www.estrategiaconcursos.com.br\/blog\/#\/schema\/logo\/image\/\",\"url\":\"https:\/\/dhg1h5j42swfq.cloudfront.net\/2025\/06\/03203428\/logo_concursos-1.jpg\",\"contentUrl\":\"https:\/\/dhg1h5j42swfq.cloudfront.net\/2025\/06\/03203428\/logo_concursos-1.jpg\",\"width\":230,\"height\":60,\"caption\":\"Estrat\u00e9gia Concursos\"},\"image\":{\"@id\":\"https:\/\/www.estrategiaconcursos.com.br\/blog\/#\/schema\/logo\/image\/\"},\"sameAs\":[\"https:\/\/x.com\/EstratConcursos\"]},{\"@type\":\"Person\",\"@id\":\"https:\/\/www.estrategiaconcursos.com.br\/blog\/#\/schema\/person\/cc9e76173880338ce9f656c88664a1f6\",\"name\":\"Diogo Mendes\",\"image\":{\"@type\":\"ImageObject\",\"inLanguage\":\"pt-BR\",\"@id\":\"https:\/\/secure.gravatar.com\/avatar\/9754d6777d460a45ef4067b586b94c32005cc2345a0404b8d96adc620cf63806?s=96&d=mm&r=g\",\"url\":\"https:\/\/secure.gravatar.com\/avatar\/9754d6777d460a45ef4067b586b94c32005cc2345a0404b8d96adc620cf63806?s=96&d=mm&r=g\",\"contentUrl\":\"https:\/\/secure.gravatar.com\/avatar\/9754d6777d460a45ef4067b586b94c32005cc2345a0404b8d96adc620cf63806?s=96&d=mm&r=g\",\"caption\":\"Diogo Mendes\"},\"description\":\"Diogo Mendes \u00e9 jornalista formado pela Universidade Paulista, com experi\u00eancia em reda\u00e7\u00f5es de diversos ve\u00edculos e na produ\u00e7\u00e3o de conte\u00fados especializados em concursos p\u00fablicos. Desde 2019, atua no Estrat\u00e9gia Concursos como Jornalista e Analista de Conte\u00fado, com foco na apura\u00e7\u00e3o de informa\u00e7\u00f5es junto a \u00f3rg\u00e3os e fontes oficiais. Dedica-se especialmente \u00e0 produ\u00e7\u00e3o de not\u00edcias e reportagens sobre Concursos Legislativos, al\u00e9m de acompanhar diariamente os concursos policiais, banc\u00e1rios e da \u00e1rea da sa\u00fade.\",\"url\":\"https:\/\/www.estrategiaconcursos.com.br\/blog\/author\/diogo-mendesestrategiaconcursos-com-br\/\"}]}<\/script>\n<!-- \/ Yoast SEO Premium plugin. -->","yoast_head_json":{"title":"Gabarito extraoficial PM SP - Soldado: veja seu desempenho","description":"Acompanhe o evento \"gabarito extraoficial\" do concurso PM SP para o cargo de Soldado. Isso e muito mais no site do Estrat\u00e9gia!","robots":{"index":"index","follow":"follow","max-snippet":"max-snippet:-1","max-image-preview":"max-image-preview:large","max-video-preview":"max-video-preview:-1"},"canonical":"https:\/\/www.estrategiaconcursos.com.br\/blog\/gabarito-extraoficial-pm-sp-soldado-2025\/","og_locale":"pt_BR","og_type":"article","og_title":"Gabarito extraoficial PM SP - Soldado: veja seu desempenho","og_description":"Acompanhe o evento \"gabarito extraoficial\" do concurso PM SP para o cargo de Soldado. Isso e muito mais no site do Estrat\u00e9gia!","og_url":"https:\/\/www.estrategiaconcursos.com.br\/blog\/gabarito-extraoficial-pm-sp-soldado-2025\/","og_site_name":"Estrat\u00e9gia Concursos","article_published_time":"2025-11-30T21:30:00+00:00","article_modified_time":"2025-12-01T00:53:42+00:00","og_image":[{"width":1280,"height":720,"url":"https:\/\/dhg1h5j42swfq.cloudfront.net\/2025\/11\/30205413\/ytb-1-1.jpg","type":"image\/jpeg"}],"author":"Diogo Mendes","twitter_card":"summary_large_image","twitter_creator":"@EstratConcursos","twitter_site":"@EstratConcursos","twitter_misc":{"Escrito por":"Diogo Mendes","Est. tempo de leitura":"4 minutos"},"schema":{"@context":"https:\/\/schema.org","@graph":[{"@type":"NewsArticle","@id":"https:\/\/www.estrategiaconcursos.com.br\/blog\/gabarito-extraoficial-pm-sp-soldado-2025\/#article","isPartOf":{"@id":"https:\/\/www.estrategiaconcursos.com.br\/blog\/gabarito-extraoficial-pm-sp-soldado-2025\/"},"author":{"name":"Diogo Mendes","@id":"https:\/\/www.estrategiaconcursos.com.br\/blog\/#\/schema\/person\/cc9e76173880338ce9f656c88664a1f6"},"headline":"Gabarito extraoficial PM SP &#8211; Soldado: veja seu desempenho","datePublished":"2025-11-30T21:30:00+00:00","dateModified":"2025-12-01T00:53:42+00:00","mainEntityOfPage":{"@id":"https:\/\/www.estrategiaconcursos.com.br\/blog\/gabarito-extraoficial-pm-sp-soldado-2025\/"},"wordCount":847,"commentCount":0,"publisher":{"@id":"https:\/\/www.estrategiaconcursos.com.br\/blog\/#organization"},"image":{"@id":"https:\/\/www.estrategiaconcursos.com.br\/blog\/gabarito-extraoficial-pm-sp-soldado-2025\/#primaryimage"},"thumbnailUrl":"https:\/\/dhg1h5j42swfq.cloudfront.net\/2025\/11\/30205413\/ytb-1-1.jpg","articleSection":["Policial (PM\/BM - Pra\u00e7as)","\u00daltimas not\u00edcias"],"inLanguage":"pt-BR","potentialAction":[{"@type":"CommentAction","name":"Comment","target":["https:\/\/www.estrategiaconcursos.com.br\/blog\/gabarito-extraoficial-pm-sp-soldado-2025\/#respond"]}],"copyrightYear":"2025","copyrightHolder":{"@id":"https:\/\/www.estrategiaconcursos.com.br\/blog\/#organization"}},{"@type":"WebPage","@id":"https:\/\/www.estrategiaconcursos.com.br\/blog\/gabarito-extraoficial-pm-sp-soldado-2025\/","url":"https:\/\/www.estrategiaconcursos.com.br\/blog\/gabarito-extraoficial-pm-sp-soldado-2025\/","name":"Gabarito extraoficial PM SP - Soldado: veja seu desempenho","isPartOf":{"@id":"https:\/\/www.estrategiaconcursos.com.br\/blog\/#website"},"primaryImageOfPage":{"@id":"https:\/\/www.estrategiaconcursos.com.br\/blog\/gabarito-extraoficial-pm-sp-soldado-2025\/#primaryimage"},"image":{"@id":"https:\/\/www.estrategiaconcursos.com.br\/blog\/gabarito-extraoficial-pm-sp-soldado-2025\/#primaryimage"},"thumbnailUrl":"https:\/\/dhg1h5j42swfq.cloudfront.net\/2025\/11\/30205413\/ytb-1-1.jpg","datePublished":"2025-11-30T21:30:00+00:00","dateModified":"2025-12-01T00:53:42+00:00","description":"Acompanhe o evento \"gabarito extraoficial\" do concurso PM SP para o cargo de Soldado. Isso e muito mais no site do Estrat\u00e9gia!","breadcrumb":{"@id":"https:\/\/www.estrategiaconcursos.com.br\/blog\/gabarito-extraoficial-pm-sp-soldado-2025\/#breadcrumb"},"inLanguage":"pt-BR","potentialAction":[{"@type":"ReadAction","target":["https:\/\/www.estrategiaconcursos.com.br\/blog\/gabarito-extraoficial-pm-sp-soldado-2025\/"]}]},{"@type":"ImageObject","inLanguage":"pt-BR","@id":"https:\/\/www.estrategiaconcursos.com.br\/blog\/gabarito-extraoficial-pm-sp-soldado-2025\/#primaryimage","url":"https:\/\/dhg1h5j42swfq.cloudfront.net\/2025\/11\/30205413\/ytb-1-1.jpg","contentUrl":"https:\/\/dhg1h5j42swfq.cloudfront.net\/2025\/11\/30205413\/ytb-1-1.jpg","width":1280,"height":720},{"@type":"BreadcrumbList","@id":"https:\/\/www.estrategiaconcursos.com.br\/blog\/gabarito-extraoficial-pm-sp-soldado-2025\/#breadcrumb","itemListElement":[{"@type":"ListItem","position":1,"name":"In\u00edcio","item":"https:\/\/www.estrategiaconcursos.com.br\/blog\/"},{"@type":"ListItem","position":2,"name":"Gabarito extraoficial PM SP &#8211; Soldado: veja seu desempenho"}]},{"@type":"WebSite","@id":"https:\/\/www.estrategiaconcursos.com.br\/blog\/#website","url":"https:\/\/www.estrategiaconcursos.com.br\/blog\/","name":"Estrat\u00e9gia Concursos","description":"O blog da Estrat\u00e9gia Concursos traz not\u00edcias sobre concursos e artigos de professores oferecendo cursos para concursos (pdf + videaulas) no site.","publisher":{"@id":"https:\/\/www.estrategiaconcursos.com.br\/blog\/#organization"},"potentialAction":[{"@type":"SearchAction","target":{"@type":"EntryPoint","urlTemplate":"https:\/\/www.estrategiaconcursos.com.br\/blog\/?s={search_term_string}"},"query-input":{"@type":"PropertyValueSpecification","valueRequired":true,"valueName":"search_term_string"}}],"inLanguage":"pt-BR"},{"@type":"Organization","@id":"https:\/\/www.estrategiaconcursos.com.br\/blog\/#organization","name":"Estrat\u00e9gia Concursos","url":"https:\/\/www.estrategiaconcursos.com.br\/blog\/","logo":{"@type":"ImageObject","inLanguage":"pt-BR","@id":"https:\/\/www.estrategiaconcursos.com.br\/blog\/#\/schema\/logo\/image\/","url":"https:\/\/dhg1h5j42swfq.cloudfront.net\/2025\/06\/03203428\/logo_concursos-1.jpg","contentUrl":"https:\/\/dhg1h5j42swfq.cloudfront.net\/2025\/06\/03203428\/logo_concursos-1.jpg","width":230,"height":60,"caption":"Estrat\u00e9gia Concursos"},"image":{"@id":"https:\/\/www.estrategiaconcursos.com.br\/blog\/#\/schema\/logo\/image\/"},"sameAs":["https:\/\/x.com\/EstratConcursos"]},{"@type":"Person","@id":"https:\/\/www.estrategiaconcursos.com.br\/blog\/#\/schema\/person\/cc9e76173880338ce9f656c88664a1f6","name":"Diogo Mendes","image":{"@type":"ImageObject","inLanguage":"pt-BR","@id":"https:\/\/secure.gravatar.com\/avatar\/9754d6777d460a45ef4067b586b94c32005cc2345a0404b8d96adc620cf63806?s=96&d=mm&r=g","url":"https:\/\/secure.gravatar.com\/avatar\/9754d6777d460a45ef4067b586b94c32005cc2345a0404b8d96adc620cf63806?s=96&d=mm&r=g","contentUrl":"https:\/\/secure.gravatar.com\/avatar\/9754d6777d460a45ef4067b586b94c32005cc2345a0404b8d96adc620cf63806?s=96&d=mm&r=g","caption":"Diogo Mendes"},"description":"Diogo Mendes \u00e9 jornalista formado pela Universidade Paulista, com experi\u00eancia em reda\u00e7\u00f5es de diversos ve\u00edculos e na produ\u00e7\u00e3o de conte\u00fados especializados em concursos p\u00fablicos. Desde 2019, atua no Estrat\u00e9gia Concursos como Jornalista e Analista de Conte\u00fado, com foco na apura\u00e7\u00e3o de informa\u00e7\u00f5es junto a \u00f3rg\u00e3os e fontes oficiais. Dedica-se especialmente \u00e0 produ\u00e7\u00e3o de not\u00edcias e reportagens sobre Concursos Legislativos, al\u00e9m de acompanhar diariamente os concursos policiais, banc\u00e1rios e da \u00e1rea da sa\u00fade.","url":"https:\/\/www.estrategiaconcursos.com.br\/blog\/author\/diogo-mendesestrategiaconcursos-com-br\/"}]}},"_links":{"self":[{"href":"https:\/\/www.estrategiaconcursos.com.br\/blog\/wp-json\/wp\/v2\/posts\/1677575","targetHints":{"allow":["GET"]}}],"collection":[{"href":"https:\/\/www.estrategiaconcursos.com.br\/blog\/wp-json\/wp\/v2\/posts"}],"about":[{"href":"https:\/\/www.estrategiaconcursos.com.br\/blog\/wp-json\/wp\/v2\/types\/post"}],"author":[{"embeddable":true,"href":"https:\/\/www.estrategiaconcursos.com.br\/blog\/wp-json\/wp\/v2\/users\/1483"}],"replies":[{"embeddable":true,"href":"https:\/\/www.estrategiaconcursos.com.br\/blog\/wp-json\/wp\/v2\/comments?post=1677575"}],"version-history":[{"count":10,"href":"https:\/\/www.estrategiaconcursos.com.br\/blog\/wp-json\/wp\/v2\/posts\/1677575\/revisions"}],"predecessor-version":[{"id":1677598,"href":"https:\/\/www.estrategiaconcursos.com.br\/blog\/wp-json\/wp\/v2\/posts\/1677575\/revisions\/1677598"}],"wp:featuredmedia":[{"embeddable":true,"href":"https:\/\/www.estrategiaconcursos.com.br\/blog\/wp-json\/wp\/v2\/media\/1677581"}],"wp:attachment":[{"href":"https:\/\/www.estrategiaconcursos.com.br\/blog\/wp-json\/wp\/v2\/media?parent=1677575"}],"wp:term":[{"taxonomy":"category","embeddable":true,"href":"https:\/\/www.estrategiaconcursos.com.br\/blog\/wp-json\/wp\/v2\/categories?post=1677575"},{"taxonomy":"post_tag","embeddable":true,"href":"https:\/\/www.estrategiaconcursos.com.br\/blog\/wp-json\/wp\/v2\/tags?post=1677575"},{"taxonomy":"tax_estado","embeddable":true,"href":"https:\/\/www.estrategiaconcursos.com.br\/blog\/wp-json\/wp\/v2\/tax_estado?post=1677575"}],"curies":[{"name":"wp","href":"https:\/\/api.w.org\/{rel}","templated":true}]}}