{"id":1677545,"date":"2025-11-30T18:30:00","date_gmt":"2025-11-30T21:30:00","guid":{"rendered":"https:\/\/www.estrategiaconcursos.com.br\/blog\/?p=1677545"},"modified":"2025-11-30T21:47:15","modified_gmt":"2025-12-01T00:47:15","slug":"gabarito-extraoficial-policia-penal-es-2025","status":"publish","type":"post","link":"https:\/\/www.estrategiaconcursos.com.br\/blog\/gabarito-extraoficial-policia-penal-es-2025\/","title":{"rendered":"Gabarito extraoficial Pol\u00edcia Penal ES: veja seu desempenho!"},"content":{"rendered":"\n<p>Neste domingo, 30 de novembro de 2025, foram aplicadas as provas do&nbsp;<strong>concurso Pol\u00edcia Penal ES<\/strong> (<a href=\"https:\/\/www.estrategiaconcursos.com.br\/cursosPorConcurso\/secretaria-de-estado-da-justica-do-espirito-santo-sejus-es\/\" target=\"_blank\" rel=\"noreferrer noopener\">Secretaria de Justi\u00e7a do Esp\u00edrito Santo &#8211; SEJUS ES<\/a>).<\/p>\n\n\n\n<p>Sob organiza\u00e7\u00e3o da banca <a href=\"https:\/\/www.idcap.org.br\/informacoes\/197\/\" target=\"_blank\" rel=\"noreferrer noopener\">IDCAP<\/a>, s\u00e3o ofertadas&nbsp;<strong>600 vagas imediatas e forma\u00e7\u00e3o de cadastro de reserva<\/strong> para o cargo de <strong>Policial Penal<\/strong>. Os aprovados receber\u00e3o sal\u00e1rio inicial de&nbsp;<strong>R$ 5.631,16<\/strong> e <strong>benef\u00edcios<\/strong>. <\/p>\n\n\n\n<p>Com o objetivo de ajud\u00e1-los em todas as etapas do certame e, claro, diminuir um pouco a ansiedade para saber seu desempenho,&nbsp;<strong>nossos professores realizaram a<\/strong>&nbsp;<strong>corre\u00e7\u00e3o extraoficial da prova<\/strong>.<\/p>\n\n\n\n<figure class=\"wp-block-table is-style-stripes\"><table class=\"has-fixed-layout\"><tbody><tr><td class=\"has-text-align-center\" data-align=\"center\"><strong>Disciplina<\/strong><\/td><td class=\"has-text-align-center\" data-align=\"center\"><strong>Respons\u00e1vel<\/strong><\/td><\/tr><tr><td class=\"has-text-align-center\" data-align=\"center\">L\u00edngua Portuguesa<\/td><td class=\"has-text-align-center\" data-align=\"center\">Fabr\u00edcio Dutra<\/td><\/tr><tr><td class=\"has-text-align-center\" data-align=\"center\">Direito Constitucional<\/td><td class=\"has-text-align-center\" data-align=\"center\">Adriane Fauth<\/td><\/tr><tr><td class=\"has-text-align-center\" data-align=\"center\">Racioc\u00ednio L\u00f3gico-Matem\u00e1tico<\/td><td class=\"has-text-align-center\" data-align=\"center\">Jhoni Zini<\/td><\/tr><tr><td class=\"has-text-align-center\" data-align=\"center\">Direitos Humanos<\/td><td class=\"has-text-align-center\" data-align=\"center\">G\u00e9ssica Ehle<\/td><\/tr><tr><td class=\"has-text-align-center\" data-align=\"center\">\u00c9tica no Servi\u00e7o P\u00fablico<\/td><td class=\"has-text-align-center\" data-align=\"center\">Rodrigo Bet<\/td><\/tr><tr><td class=\"has-text-align-center\" data-align=\"center\">Direito Administrativo<\/td><td class=\"has-text-align-center\" data-align=\"center\">Fabiano Pereira<\/td><\/tr><tr><td class=\"has-text-align-center\" data-align=\"center\">Atualidades<\/td><td class=\"has-text-align-center\" data-align=\"center\">Leandro Signori<\/td><\/tr><tr><td class=\"has-text-align-center\" data-align=\"center\">Inform\u00e1tica<\/td><td class=\"has-text-align-center\" data-align=\"center\">Renato da Costa<\/td><\/tr><tr><td class=\"has-text-align-center\" data-align=\"center\">Direito Penal<\/td><td class=\"has-text-align-center\" data-align=\"center\">Renan Ara\u00fajo<\/td><\/tr><tr><td class=\"has-text-align-center\" data-align=\"center\">Direito Processual Penal<\/td><td class=\"has-text-align-center\" data-align=\"center\">Priscila Silveira<\/td><\/tr><tr><td class=\"has-text-align-center\" data-align=\"center\">Legisla\u00e7\u00e3o Especial<\/td><td class=\"has-text-align-center\" data-align=\"center\">Ant\u00f4nio Pequeno<\/td><\/tr><tr><td class=\"has-text-align-center\" data-align=\"center\">Legisla\u00e7\u00e3o Institucional<\/td><td class=\"has-text-align-center\" data-align=\"center\">F\u00e1bio Ramos<\/td><\/tr><tr><td class=\"has-text-align-center\" data-align=\"center\">Reda\u00e7\u00e3o<\/td><td class=\"has-text-align-center\" data-align=\"center\">Rodolfo Gracioli<\/td><\/tr><\/tbody><\/table><\/figure>\n\n\n\n<p>Agora \u00e9 a hora! Confira seu desempenho no \u201c<strong>Gabarito extraoficial Pol\u00edcia Penal ES<\/strong>\u201d e ainda receba dicas de recursos, caso haja algum.<\/p>\n\n\n\n<figure class=\"wp-block-embed aligncenter is-type-video is-provider-youtube wp-block-embed-youtube wp-embed-aspect-16-9 wp-has-aspect-ratio\"><div class=\"wp-block-embed__wrapper\">\n<div class=\"lyte-wrapper\" style=\"width:853px;max-width:100%;margin:5px;\"><div class=\"lyMe\" id=\"WYL_g4HjXVhpATQ\"><div id=\"lyte_g4HjXVhpATQ\" data-src=\"\/\/i.ytimg.com\/vi\/g4HjXVhpATQ\/hqdefault.jpg\" class=\"pL\"><div class=\"tC\"><div class=\"tT\"><\/div><\/div><div class=\"play\"><\/div><div class=\"ctrl\"><div class=\"Lctrl\"><\/div><div class=\"Rctrl\"><\/div><\/div><\/div><noscript><a href=\"https:\/\/youtu.be\/g4HjXVhpATQ\" rel=\"nofollow\"><img loading=\"lazy\" decoding=\"async\" src=\"https:\/\/i.ytimg.com\/vi\/g4HjXVhpATQ\/0.jpg\" alt=\"YouTube video thumbnail\" width=\"853\" height=\"460\" \/><br \/>Assista a este v\u00eddeo no YouTube<\/a><\/noscript><\/div><\/div><div class=\"lL\" style=\"max-width:100%;width:853px;margin:5px;\"><\/div>\n<\/div><\/figure>\n\n\n\n<h2 class=\"wp-block-heading\" id=\"h-gabarito-extraoficial-policia-penal-es\">Gabarito extraoficial Pol\u00edcia Penal ES<\/h2>\n\n\n\n<p>Abaixo, voc\u00ea confere os gabaritos das quest\u00f5es corrigidas. Como existem diferentes tipos de provas, voc\u00ea pode conferir pelo in\u00edcio da quest\u00e3o.<\/p>\n\n\n\n<p><strong>Quest\u00e3o 1:<\/strong> &#8220;Ambos s\u00e3o classificados quimicamente como&#8230;&#8221;<br \/><em><strong>Resposta:<\/strong><\/em> D*<\/p>\n\n\n\n<p><strong>Quest\u00e3o 2:<\/strong> &#8220;O sistema respirat\u00f3rio tamb\u00e9m \u00e9&#8230;&#8221;<br \/><em><strong>Resposta:<\/strong><\/em> A<\/p>\n\n\n\n<p><strong>Quest\u00e3o 3:<\/strong> &#8220;Os metab\u00f3litos, descreve Ramos&#8230;&#8221;<br \/><em><strong>Resposta:<\/strong><\/em> C<\/p>\n\n\n\n<p><strong>Quest\u00e3o 4:<\/strong> &#8220;Esse desequil\u00edbrio afeta&#8230;&#8221;<br \/><em><strong>Resposta:<\/strong><\/em> D<\/p>\n\n\n\n<p><strong>Quest\u00e3o 5:<\/strong> &#8220;Em algumas intoxica\u00e7\u00f5es se usa&#8230;&#8221;<br \/><em><strong>Resposta:<\/strong><\/em> A<\/p>\n\n\n\n<p><strong>Quest\u00e3o 6:<\/strong> &#8220;Segundo a m\u00e9dica, n\u00e3o h\u00e1 dose de metanol&#8221;&#8230;<br \/><em><strong>Resposta:<\/strong><\/em> D<\/p>\n\n\n\n<p><strong>Quest\u00e3o 7:<\/strong> &#8220;Segundo a m\u00e9dica, n\u00e3o h\u00e1 dose de metanol&#8221;&#8230;<br \/><em><strong>Resposta:<\/strong><\/em> C<\/p>\n\n\n\n<p><strong>Quest\u00e3o 8:<\/strong> &#8220;No f\u00edgado, os dois s\u00e3o&#8230;&#8221;<br \/><em><strong>Resposta:<\/strong><\/em> C<\/p>\n\n\n\n<p><strong>Quest\u00e3o 9:<\/strong> &#8220;Ambos s\u00e3o classificados&#8230;&#8221;<br \/><em><strong>Resposta:<\/strong><\/em> D<\/p>\n\n\n\n<p><strong>Quest\u00e3o 10:<\/strong> &#8220;Essa combina\u00e7\u00e3o de efeitos&#8230;&#8221;<br \/><em><strong>Resposta:<\/strong><\/em> D<\/p>\n\n\n\n<p><strong>Quest\u00e3o 11:<\/strong> Uma gr\u00e1fica imprime livros did\u00e1ticos&#8230;<br \/><em><strong>Resposta:<\/strong><\/em> B<\/p>\n\n\n\n<p><strong>Quest\u00e3o 12:<\/strong> Considere o seguinte argumento apresentado&#8230;<br \/><em><strong>Resposta:<\/strong><\/em> A<\/p>\n\n\n\n<p><strong>Quest\u00e3o 13:<\/strong> Em uma gaveta h\u00e1 8 cart\u00f5es&#8230;<br \/><em><strong>Resposta:<\/strong><\/em> A<\/p>\n\n\n\n<p><strong>Quest\u00e3o 14:<\/strong> Um terreno retangular mede 30 m&#8230;<br \/><em><strong>Resposta:<\/strong><\/em> B<\/p>\n\n\n\n<p><strong>Quest\u00e3o 15:<\/strong> Em uma escola, a raz\u00e3o entre meninas&#8230;<br \/><em><strong>Resposta:<\/strong><\/em> A<\/p>\n\n\n\n<p><strong>Quest\u00e3o 16:<\/strong> Uma televis\u00e3o tem pre\u00e7o anunciado&#8230;<br \/><em><strong>Resposta:<\/strong><\/em> E<\/p>\n\n\n\n<p><strong>Quest\u00e3o 17:<\/strong> Uma professora de F\u00edsica aplicou&#8230;<br \/><em><strong>Resposta:<\/strong><\/em> C<\/p>\n\n\n\n<p><strong>Quest\u00e3o 18:<\/strong> Uma cooperativa de panifica\u00e7\u00e3o distribui&#8230;<br \/><em><strong>Resposta:<\/strong><\/em> E<\/p>\n\n\n\n<p><strong>Quest\u00e3o 19:<\/strong> Em um jogo, Jo\u00e3o realizou&#8230;<br \/><em><strong>Resposta:<\/strong><\/em> D<\/p>\n\n\n\n<p><strong>Quest\u00e3o 20:<\/strong> Dois sacos cont\u00eam bolas&#8230;<br \/><em><strong>Resposta:<\/strong><\/em> E<\/p>\n\n\n\n<p><strong>Quest\u00e3o 21:<\/strong> O Sistema Operacional \u00e9 um&#8230;<br \/><em><strong>Resposta:<\/strong><\/em> D<\/p>\n\n\n\n<p><strong>Quest\u00e3o 22:<\/strong> Em uma aula de inform\u00e1tica&#8230;<br \/><em><strong>Resposta:<\/strong><\/em> E<\/p>\n\n\n\n<p><strong>Quest\u00e3o 23:<\/strong> Durante uma aula sobre seguran\u00e7a&#8230;<br \/><em><strong>Resposta:<\/strong><\/em> A<\/p>\n\n\n\n<p><strong>Quest\u00e3o 24:<\/strong> Na edi\u00e7\u00e3o de um relat\u00f3rio no Microsoft Word&#8230;<br \/><em><strong>Resposta:<\/strong><\/em> D<\/p>\n\n\n\n<p><strong>Quest\u00e3o 25:<\/strong> Em um escrit\u00f3rio, um funcion\u00e1rio utiliza&#8230;<br \/><em><strong>Resposta:<\/strong><\/em> C<\/p>\n\n\n\n<p><strong>Quest\u00e3o 26:<\/strong> Na prepara\u00e7\u00e3o para a COP30&#8230;<br \/><em><strong>Resposta:<\/strong><\/em> C<\/p>\n\n\n\n<p><strong>Quest\u00e3o 27:<\/strong> Com base nas informa\u00e7\u00f5es sobre&#8230;<br \/><em><strong>Resposta:<\/strong><\/em> C<\/p>\n\n\n\n<p><strong>Quest\u00e3o 28:<\/strong> No per\u00edodo colonial, o territ\u00f3rio&#8230;<br \/><em><strong>Resposta:<\/strong><\/em> E<\/p>\n\n\n\n<p><strong>Quest\u00e3o 29:<\/strong> A C\u00e2mara dos Deputados aprovou&#8230;<br \/><em><strong>Resposta:<\/strong><\/em> E<\/p>\n\n\n\n<p><strong>Quest\u00e3o 30:<\/strong> Sobre os aspetos geogr\u00e1ficos&#8230;<br \/><em><strong>Resposta:<\/strong><\/em> B<\/p>\n\n\n\n<p><strong>Quest\u00e3o 31:<\/strong> A compreens\u00e3o dos valores que&#8230;<br \/><em><strong>Resposta:<\/strong><\/em> A<\/p>\n\n\n\n<p><strong>Quest\u00e3o 32:<\/strong> O servidor Jo\u00e3o, respons\u00e1vel&#8230;<br \/><em><strong>Resposta:<\/strong><\/em> A<\/p>\n\n\n\n<p><strong>Quest\u00e3o 33:<\/strong> A respeito das condutas que&#8230;<br \/><em><strong>Resposta:<\/strong><\/em> B<\/p>\n\n\n\n<p><strong>Quest\u00e3o 34:<\/strong> O ato de improbidade administrativa&#8230;<br \/><em><strong>Resposta:<\/strong><\/em> D<\/p>\n\n\n\n<p><strong>Quest\u00e3o 35:<\/strong> A respeito do principio da&#8230;<br \/><em><strong>Resposta:<\/strong><\/em> A<\/p>\n\n\n\n<p><strong>Quest\u00e3o 36:<\/strong> Compete ao Diretor-Geral da Policia Penal&#8230;<br \/><em><strong>Resposta:<\/strong><\/em> B<\/p>\n\n\n\n<p><strong>Quest\u00e3o 37:<\/strong> Uma funda\u00e7\u00e3o p\u00fablica de direito&#8230;<br \/><em><strong>Resposta:<\/strong><\/em> C<\/p>\n\n\n\n<p><strong>Quest\u00e3o 38:<\/strong> Conforme disposto na Constitui\u00e7\u00e3o Federal de 1988, acerca do habeas-corpus&#8221;&#8230;<br \/><em><strong>Resposta:<\/strong><\/em> E<\/p>\n\n\n\n<p><strong>Quest\u00e3o 39:<\/strong> Nos termos da Lei Complementar Estadual 46\/1994&#8230;<br \/><em><strong>Resposta:<\/strong><\/em> D<\/p>\n\n\n\n<p><strong>Quest\u00e3o 40:<\/strong> Conforme disposto na Constitui\u00e7\u00e3o Federal de 1988, acerca da seguran\u00e7a&#8230;<br \/><em><strong>Resposta:<\/strong><\/em> D<\/p>\n\n\n\n<p><strong>Quest\u00e3o 41:<\/strong> Acerca dos crimes previstos na Lei de Drogas&#8230;<br \/><em><strong>Resposta:<\/strong><\/em> B*<\/p>\n\n\n\n<p><strong>Quest\u00e3o 42:<\/strong> O Brasil ratificou a Conven\u00e7\u00e3o Americana sobre Direitos Humanos&#8230;<br \/><em><strong>Resposta:<\/strong><\/em> C<\/p>\n\n\n\n<p><strong>Quest\u00e3o 43:<\/strong> Um agente da policia est\u00e1 investigando duas&#8230;<br \/><em><strong>Resposta:<\/strong><\/em> B<\/p>\n\n\n\n<p><strong>Quest\u00e3o 44:<\/strong> O r\u00e9u Calo foi condenado em primeira&#8230;<br \/><em><strong>Resposta:<\/strong><\/em> C<\/p>\n\n\n\n<p><strong>Quest\u00e3o 45:<\/strong> Jonas foi preso preventivamente por&#8230;<br \/><em><strong>Resposta:<\/strong><\/em> E<\/p>\n\n\n\n<p><strong>Quest\u00e3o 46:<\/strong> Um projeto de lei visando desburocratizar&#8230;<br \/><em><strong>Resposta:<\/strong><\/em> B<\/p>\n\n\n\n<p><strong>Quest\u00e3o 47:<\/strong> O condenado Aroldo cumpre pena&#8230;<br \/><em><strong>Resposta:<\/strong><\/em> D<\/p>\n\n\n\n<p><strong>Quest\u00e3o 48:<\/strong> A apenada Joana, prim\u00e1ria&#8230;<br \/><em><strong>Resposta:<\/strong><\/em> D<\/p>\n\n\n\n<p><strong>Quest\u00e3o 49:<\/strong> Conforme a Lei Complementar Estadual 1.059\/2023&#8230;<br \/><em><strong>Resposta:<\/strong><\/em> C<\/p>\n\n\n\n<p><strong>Quest\u00e3o 50:<\/strong> \u00c0 luz do Estatuto do Desarmamento&#8230;<br \/><em><strong>Resposta:<\/strong><\/em> B<\/p>\n\n\n\n<p><strong>Quest\u00e3o 51:<\/strong> A denominada &#8220;Cadeia de Cust\u00f3dia&#8221;&#8230;<br \/><em><strong>Resposta:<\/strong><\/em> B<\/p>\n\n\n\n<p><strong>Quest\u00e3o 52:<\/strong> Em 1\u00ba de janeiro de 2024&#8230;<br \/><em><strong>Resposta:<\/strong><\/em> E<\/p>\n\n\n\n<p><strong>Quest\u00e3o 53:<\/strong> A respeito dos direitos e garantias&#8230;<br \/><em><strong>Resposta:<\/strong><\/em> A<\/p>\n\n\n\n<p><strong>Quest\u00e3o 54:<\/strong> Acerca dos atos administrativos&#8230;<br \/><em><strong>Resposta:<\/strong><\/em> B<\/p>\n\n\n\n<p><strong>Quest\u00e3o 55:<\/strong> Em-rela\u00e7\u00e3o ao Minist\u00e9rio P\u00fablico&#8230;<br \/><em><strong>Resposta:<\/strong><\/em> D<\/p>\n\n\n\n<p><strong>Quest\u00e3o 56:<\/strong> Acerca dos atos administrativos&#8230;<br \/><em><strong>Resposta:<\/strong><\/em> D<\/p>\n\n\n\n<p><strong>Quest\u00e3o 57:<\/strong> S\u00e3o penas disciplinares previstas&#8230;<br \/><em><strong>Resposta:<\/strong><\/em> C<\/p>\n\n\n\n<p><strong>Quest\u00e3o 58:<\/strong> A Pol\u00edcia Penal do Esp\u00edrito Santo &#8211; PPES&#8230;<br \/><em><strong>Resposta:<\/strong><\/em> B<\/p>\n\n\n\n<p><strong>Quest\u00e3o 59:<\/strong> Nos termos da Constitui\u00e7\u00e3o Federal de 1988, acerca do processo&#8230;<br \/><em><strong>Resposta:<\/strong><\/em> D<\/p>\n\n\n\n<p><strong>Quest\u00e3o 60:<\/strong> O Congresso Nacional debate um&#8230;<br \/><em><strong>Resposta:<\/strong><\/em> A<\/p>\n\n\n\n<p class=\"has-text-align-center has-cyan-bluish-gray-background-color has-background has-medium-font-size\"><strong>Saiba mais: <a href=\"https:\/\/www.estrategiaconcursos.com.br\/blog\/concurso-policia-penal-es\/\" target=\"_blank\" rel=\"noreferrer noopener\">concurso PPES<\/a><\/strong><\/p>\n\n\n\n<hr class=\"wp-block-separator has-css-opacity\"\/>\n\n\n\n<h2 class=\"wp-block-heading has-text-align-center\" id=\"h-quer-saber-tudo-sobre-concursos-previstos-confira-nossos-artigos\">Quer saber tudo sobre concursos previstos?<br \/>Confira nossos artigos!<\/h2>\n\n\n\n<ul class=\"wp-block-list\">\n<li><a href=\"https:\/\/www.estrategiaconcursos.com.br\/blog\/concursos-policia-penal\/\" target=\"_blank\" rel=\"noreferrer noopener\">Concursos Pol\u00edcia Penal<\/a><\/li>\n\n\n\n<li><a href=\"https:\/\/www.estrategiaconcursos.com.br\/blog\/concursos-abertos\/\" target=\"_blank\" rel=\"noreferrer noopener\">Concursos abertos<\/a><\/li>\n\n\n\n<li><a href=\"https:\/\/www.estrategiaconcursos.com.br\/blog\/concursos-2025\/\" target=\"_blank\" rel=\"noreferrer noopener\">Concursos 2025<\/a><\/li>\n\n\n\n<li><a href=\"https:\/\/www.estrategiaconcursos.com.br\/blog\/concursos-2026\/\" target=\"_blank\" rel=\"noreferrer noopener\">Concursos 2026<\/a><\/li>\n<\/ul>\n\n\n\n<h2 class=\"wp-block-heading has-text-align-center\" id=\"cursos\">Quer estudar para o concurso Pol\u00edcia Penal ES?<\/h2>\n\n\n\n<div class=\"container\" id=\"boxes\">\n  <div class=\"row\">\n\n    <div class=\"col-sm\">\n      <div class=\"banner-policia-penal\" id=\"box-assinatura\">\n        <h3 class=\"titulo-assinatura\">Concurso Pol\u00edcia Penal ES<\/h3>\n        <p class=\"subtitulo-assinatura\">Rumo \u00e0 carreira policial dos seus sonhos! \u2b50<\/p>\n        <div class=\"box-botao\">\n          <a class=\"btn-assinatura\" target=\"_blank\" href=\"https:\/\/www.estrategiaconcursos.com.br\/cursosPorConcurso\/secretaria-de-estado-da-justica-do-espirito-santo-sejus-es\/\" role=\"button\" rel=\"noopener noreferrer\">VER CURSOS<\/a>\n        <\/div>\n      <\/div>\n      <p class=\"texto-auxiliar\"><\/p>\n    <\/div>\n\n  <\/div>\n<\/div>\n\n\n\n<div class=\"container\" id=\"boxes\">\n  <div class=\"row\">\n\n    <div class=\"col-sm\">\n      <div class=\"estrategia\" id=\"box-assinatura\">\n        <h3 class=\"titulo-assinatura\">Assinatura de Concursos<\/h3>\n        <p class=\"subtitulo-assinatura\">Assinatura de 1 ano ou 2 anos<\/p>\n        <div class=\"box-botao\">\n          <a class=\"btn-assinatura\" target=\"_blank\" href=\"https:\/\/www.estrategiaconcursos.com.br\/assinaturas\/\" role=\"button\" rel=\"noopener noreferrer\">ASSINE AGORA<\/a>\n        <\/div>\n      <\/div>\n     \n    <\/div><\/div><\/div>\n\n\n\n<p><\/p>\n","protected":false},"excerpt":{"rendered":"<p>Neste domingo, 30 de novembro de 2025, foram aplicadas as provas do&nbsp;concurso Pol\u00edcia Penal ES (Secretaria de Justi\u00e7a do Esp\u00edrito Santo &#8211; SEJUS ES). Sob organiza\u00e7\u00e3o da banca IDCAP, s\u00e3o ofertadas&nbsp;600 vagas imediatas e forma\u00e7\u00e3o de cadastro de reserva para o cargo de Policial Penal. Os aprovados receber\u00e3o sal\u00e1rio inicial de&nbsp;R$ 5.631,16 e benef\u00edcios. Com [&hellip;]<\/p>\n","protected":false},"author":1483,"featured_media":1677553,"comment_status":"open","ping_status":"closed","sticky":false,"template":"","format":"standard","meta":{"post_tipo":"news","footnotes":""},"categories":[220188,220219],"tags":[],"tax_estado":[219971],"class_list":["post-1677545","post","type-post","status-publish","format-standard","has-post-thumbnail","hentry","category-policial-agente-penitenciario","category-noticias","tax_estado-es"],"acf":[],"yoast_head":"<!-- This site is optimized with the Yoast SEO Premium plugin v27.2 (Yoast SEO v27.2) - https:\/\/yoast.com\/product\/yoast-seo-premium-wordpress\/ -->\n<title>Gabarito extraoficial Pol\u00edcia Penal ES: veja seu desempenho!<\/title>\n<meta name=\"description\" content=\"O Estrat\u00e9gia Concursos preparou o gabarito extraoficial do concurso Pol\u00edcia Penal ES. Veja seu desempenho no site!\" \/>\n<meta name=\"robots\" content=\"index, follow, max-snippet:-1, max-image-preview:large, max-video-preview:-1\" \/>\n<link rel=\"canonical\" href=\"https:\/\/www.estrategiaconcursos.com.br\/blog\/gabarito-extraoficial-policia-penal-es-2025\/\" \/>\n<meta property=\"og:locale\" content=\"pt_BR\" \/>\n<meta property=\"og:type\" content=\"article\" \/>\n<meta property=\"og:title\" content=\"Gabarito extraoficial Pol\u00edcia Penal ES: veja seu desempenho!\" \/>\n<meta property=\"og:description\" content=\"O Estrat\u00e9gia Concursos preparou o gabarito extraoficial do concurso Pol\u00edcia Penal ES. Veja seu desempenho no site!\" \/>\n<meta property=\"og:url\" content=\"https:\/\/www.estrategiaconcursos.com.br\/blog\/gabarito-extraoficial-policia-penal-es-2025\/\" \/>\n<meta property=\"og:site_name\" content=\"Estrat\u00e9gia Concursos\" \/>\n<meta property=\"article:published_time\" content=\"2025-11-30T21:30:00+00:00\" \/>\n<meta property=\"article:modified_time\" content=\"2025-12-01T00:47:15+00:00\" \/>\n<meta property=\"og:image\" content=\"https:\/\/dhg1h5j42swfq.cloudfront.net\/2025\/11\/30192248\/ytb-3.jpg\" \/>\n\t<meta property=\"og:image:width\" content=\"1280\" \/>\n\t<meta property=\"og:image:height\" content=\"720\" \/>\n\t<meta property=\"og:image:type\" content=\"image\/jpeg\" \/>\n<meta name=\"author\" content=\"Diogo Mendes\" \/>\n<meta name=\"twitter:card\" content=\"summary_large_image\" \/>\n<meta name=\"twitter:creator\" content=\"@EstratConcursos\" \/>\n<meta name=\"twitter:site\" content=\"@EstratConcursos\" \/>\n<meta name=\"twitter:label1\" content=\"Escrito por\" \/>\n\t<meta name=\"twitter:data1\" content=\"Diogo Mendes\" \/>\n\t<meta name=\"twitter:label2\" content=\"Est. tempo de leitura\" \/>\n\t<meta name=\"twitter:data2\" content=\"4 minutos\" \/>\n<script type=\"application\/ld+json\" class=\"yoast-schema-graph\">{\"@context\":\"https:\/\/schema.org\",\"@graph\":[{\"@type\":\"NewsArticle\",\"@id\":\"https:\/\/www.estrategiaconcursos.com.br\/blog\/gabarito-extraoficial-policia-penal-es-2025\/#article\",\"isPartOf\":{\"@id\":\"https:\/\/www.estrategiaconcursos.com.br\/blog\/gabarito-extraoficial-policia-penal-es-2025\/\"},\"author\":{\"name\":\"Diogo Mendes\",\"@id\":\"https:\/\/www.estrategiaconcursos.com.br\/blog\/#\/schema\/person\/cc9e76173880338ce9f656c88664a1f6\"},\"headline\":\"Gabarito extraoficial Pol\u00edcia Penal ES: veja seu desempenho!\",\"datePublished\":\"2025-11-30T21:30:00+00:00\",\"dateModified\":\"2025-12-01T00:47:15+00:00\",\"mainEntityOfPage\":{\"@id\":\"https:\/\/www.estrategiaconcursos.com.br\/blog\/gabarito-extraoficial-policia-penal-es-2025\/\"},\"wordCount\":912,\"commentCount\":0,\"publisher\":{\"@id\":\"https:\/\/www.estrategiaconcursos.com.br\/blog\/#organization\"},\"image\":{\"@id\":\"https:\/\/www.estrategiaconcursos.com.br\/blog\/gabarito-extraoficial-policia-penal-es-2025\/#primaryimage\"},\"thumbnailUrl\":\"https:\/\/dhg1h5j42swfq.cloudfront.net\/2025\/11\/30192248\/ytb-3.jpg\",\"articleSection\":[\"Policial (Agente Penitenci\u00e1rio)\",\"\u00daltimas not\u00edcias\"],\"inLanguage\":\"pt-BR\",\"potentialAction\":[{\"@type\":\"CommentAction\",\"name\":\"Comment\",\"target\":[\"https:\/\/www.estrategiaconcursos.com.br\/blog\/gabarito-extraoficial-policia-penal-es-2025\/#respond\"]}],\"copyrightYear\":\"2025\",\"copyrightHolder\":{\"@id\":\"https:\/\/www.estrategiaconcursos.com.br\/blog\/#organization\"}},{\"@type\":\"WebPage\",\"@id\":\"https:\/\/www.estrategiaconcursos.com.br\/blog\/gabarito-extraoficial-policia-penal-es-2025\/\",\"url\":\"https:\/\/www.estrategiaconcursos.com.br\/blog\/gabarito-extraoficial-policia-penal-es-2025\/\",\"name\":\"Gabarito extraoficial Pol\u00edcia Penal ES: veja seu desempenho!\",\"isPartOf\":{\"@id\":\"https:\/\/www.estrategiaconcursos.com.br\/blog\/#website\"},\"primaryImageOfPage\":{\"@id\":\"https:\/\/www.estrategiaconcursos.com.br\/blog\/gabarito-extraoficial-policia-penal-es-2025\/#primaryimage\"},\"image\":{\"@id\":\"https:\/\/www.estrategiaconcursos.com.br\/blog\/gabarito-extraoficial-policia-penal-es-2025\/#primaryimage\"},\"thumbnailUrl\":\"https:\/\/dhg1h5j42swfq.cloudfront.net\/2025\/11\/30192248\/ytb-3.jpg\",\"datePublished\":\"2025-11-30T21:30:00+00:00\",\"dateModified\":\"2025-12-01T00:47:15+00:00\",\"description\":\"O Estrat\u00e9gia Concursos preparou o gabarito extraoficial do concurso Pol\u00edcia Penal ES. Veja seu desempenho no site!\",\"breadcrumb\":{\"@id\":\"https:\/\/www.estrategiaconcursos.com.br\/blog\/gabarito-extraoficial-policia-penal-es-2025\/#breadcrumb\"},\"inLanguage\":\"pt-BR\",\"potentialAction\":[{\"@type\":\"ReadAction\",\"target\":[\"https:\/\/www.estrategiaconcursos.com.br\/blog\/gabarito-extraoficial-policia-penal-es-2025\/\"]}]},{\"@type\":\"ImageObject\",\"inLanguage\":\"pt-BR\",\"@id\":\"https:\/\/www.estrategiaconcursos.com.br\/blog\/gabarito-extraoficial-policia-penal-es-2025\/#primaryimage\",\"url\":\"https:\/\/dhg1h5j42swfq.cloudfront.net\/2025\/11\/30192248\/ytb-3.jpg\",\"contentUrl\":\"https:\/\/dhg1h5j42swfq.cloudfront.net\/2025\/11\/30192248\/ytb-3.jpg\",\"width\":1280,\"height\":720},{\"@type\":\"BreadcrumbList\",\"@id\":\"https:\/\/www.estrategiaconcursos.com.br\/blog\/gabarito-extraoficial-policia-penal-es-2025\/#breadcrumb\",\"itemListElement\":[{\"@type\":\"ListItem\",\"position\":1,\"name\":\"In\u00edcio\",\"item\":\"https:\/\/www.estrategiaconcursos.com.br\/blog\/\"},{\"@type\":\"ListItem\",\"position\":2,\"name\":\"Gabarito extraoficial Pol\u00edcia Penal ES: veja seu desempenho!\"}]},{\"@type\":\"WebSite\",\"@id\":\"https:\/\/www.estrategiaconcursos.com.br\/blog\/#website\",\"url\":\"https:\/\/www.estrategiaconcursos.com.br\/blog\/\",\"name\":\"Estrat\u00e9gia Concursos\",\"description\":\"O blog da Estrat\u00e9gia Concursos traz not\u00edcias sobre concursos e artigos de professores oferecendo cursos para concursos (pdf + videaulas) no site.\",\"publisher\":{\"@id\":\"https:\/\/www.estrategiaconcursos.com.br\/blog\/#organization\"},\"potentialAction\":[{\"@type\":\"SearchAction\",\"target\":{\"@type\":\"EntryPoint\",\"urlTemplate\":\"https:\/\/www.estrategiaconcursos.com.br\/blog\/?s={search_term_string}\"},\"query-input\":{\"@type\":\"PropertyValueSpecification\",\"valueRequired\":true,\"valueName\":\"search_term_string\"}}],\"inLanguage\":\"pt-BR\"},{\"@type\":\"Organization\",\"@id\":\"https:\/\/www.estrategiaconcursos.com.br\/blog\/#organization\",\"name\":\"Estrat\u00e9gia Concursos\",\"url\":\"https:\/\/www.estrategiaconcursos.com.br\/blog\/\",\"logo\":{\"@type\":\"ImageObject\",\"inLanguage\":\"pt-BR\",\"@id\":\"https:\/\/www.estrategiaconcursos.com.br\/blog\/#\/schema\/logo\/image\/\",\"url\":\"https:\/\/dhg1h5j42swfq.cloudfront.net\/2025\/06\/03203428\/logo_concursos-1.jpg\",\"contentUrl\":\"https:\/\/dhg1h5j42swfq.cloudfront.net\/2025\/06\/03203428\/logo_concursos-1.jpg\",\"width\":230,\"height\":60,\"caption\":\"Estrat\u00e9gia Concursos\"},\"image\":{\"@id\":\"https:\/\/www.estrategiaconcursos.com.br\/blog\/#\/schema\/logo\/image\/\"},\"sameAs\":[\"https:\/\/x.com\/EstratConcursos\"]},{\"@type\":\"Person\",\"@id\":\"https:\/\/www.estrategiaconcursos.com.br\/blog\/#\/schema\/person\/cc9e76173880338ce9f656c88664a1f6\",\"name\":\"Diogo Mendes\",\"image\":{\"@type\":\"ImageObject\",\"inLanguage\":\"pt-BR\",\"@id\":\"https:\/\/secure.gravatar.com\/avatar\/9754d6777d460a45ef4067b586b94c32005cc2345a0404b8d96adc620cf63806?s=96&d=mm&r=g\",\"url\":\"https:\/\/secure.gravatar.com\/avatar\/9754d6777d460a45ef4067b586b94c32005cc2345a0404b8d96adc620cf63806?s=96&d=mm&r=g\",\"contentUrl\":\"https:\/\/secure.gravatar.com\/avatar\/9754d6777d460a45ef4067b586b94c32005cc2345a0404b8d96adc620cf63806?s=96&d=mm&r=g\",\"caption\":\"Diogo Mendes\"},\"description\":\"Diogo Mendes \u00e9 jornalista formado pela Universidade Paulista, com experi\u00eancia em reda\u00e7\u00f5es de diversos ve\u00edculos e na produ\u00e7\u00e3o de conte\u00fados especializados em concursos p\u00fablicos. Desde 2019, atua no Estrat\u00e9gia Concursos como Jornalista e Analista de Conte\u00fado, com foco na apura\u00e7\u00e3o de informa\u00e7\u00f5es junto a \u00f3rg\u00e3os e fontes oficiais. Dedica-se especialmente \u00e0 produ\u00e7\u00e3o de not\u00edcias e reportagens sobre Concursos Legislativos, al\u00e9m de acompanhar diariamente os concursos policiais, banc\u00e1rios e da \u00e1rea da sa\u00fade.\",\"url\":\"https:\/\/www.estrategiaconcursos.com.br\/blog\/author\/diogo-mendesestrategiaconcursos-com-br\/\"}]}<\/script>\n<!-- \/ Yoast SEO Premium plugin. -->","yoast_head_json":{"title":"Gabarito extraoficial Pol\u00edcia Penal ES: veja seu desempenho!","description":"O Estrat\u00e9gia Concursos preparou o gabarito extraoficial do concurso Pol\u00edcia Penal ES. Veja seu desempenho no site!","robots":{"index":"index","follow":"follow","max-snippet":"max-snippet:-1","max-image-preview":"max-image-preview:large","max-video-preview":"max-video-preview:-1"},"canonical":"https:\/\/www.estrategiaconcursos.com.br\/blog\/gabarito-extraoficial-policia-penal-es-2025\/","og_locale":"pt_BR","og_type":"article","og_title":"Gabarito extraoficial Pol\u00edcia Penal ES: veja seu desempenho!","og_description":"O Estrat\u00e9gia Concursos preparou o gabarito extraoficial do concurso Pol\u00edcia Penal ES. Veja seu desempenho no site!","og_url":"https:\/\/www.estrategiaconcursos.com.br\/blog\/gabarito-extraoficial-policia-penal-es-2025\/","og_site_name":"Estrat\u00e9gia Concursos","article_published_time":"2025-11-30T21:30:00+00:00","article_modified_time":"2025-12-01T00:47:15+00:00","og_image":[{"width":1280,"height":720,"url":"https:\/\/dhg1h5j42swfq.cloudfront.net\/2025\/11\/30192248\/ytb-3.jpg","type":"image\/jpeg"}],"author":"Diogo Mendes","twitter_card":"summary_large_image","twitter_creator":"@EstratConcursos","twitter_site":"@EstratConcursos","twitter_misc":{"Escrito por":"Diogo Mendes","Est. tempo de leitura":"4 minutos"},"schema":{"@context":"https:\/\/schema.org","@graph":[{"@type":"NewsArticle","@id":"https:\/\/www.estrategiaconcursos.com.br\/blog\/gabarito-extraoficial-policia-penal-es-2025\/#article","isPartOf":{"@id":"https:\/\/www.estrategiaconcursos.com.br\/blog\/gabarito-extraoficial-policia-penal-es-2025\/"},"author":{"name":"Diogo Mendes","@id":"https:\/\/www.estrategiaconcursos.com.br\/blog\/#\/schema\/person\/cc9e76173880338ce9f656c88664a1f6"},"headline":"Gabarito extraoficial Pol\u00edcia Penal ES: veja seu desempenho!","datePublished":"2025-11-30T21:30:00+00:00","dateModified":"2025-12-01T00:47:15+00:00","mainEntityOfPage":{"@id":"https:\/\/www.estrategiaconcursos.com.br\/blog\/gabarito-extraoficial-policia-penal-es-2025\/"},"wordCount":912,"commentCount":0,"publisher":{"@id":"https:\/\/www.estrategiaconcursos.com.br\/blog\/#organization"},"image":{"@id":"https:\/\/www.estrategiaconcursos.com.br\/blog\/gabarito-extraoficial-policia-penal-es-2025\/#primaryimage"},"thumbnailUrl":"https:\/\/dhg1h5j42swfq.cloudfront.net\/2025\/11\/30192248\/ytb-3.jpg","articleSection":["Policial (Agente Penitenci\u00e1rio)","\u00daltimas not\u00edcias"],"inLanguage":"pt-BR","potentialAction":[{"@type":"CommentAction","name":"Comment","target":["https:\/\/www.estrategiaconcursos.com.br\/blog\/gabarito-extraoficial-policia-penal-es-2025\/#respond"]}],"copyrightYear":"2025","copyrightHolder":{"@id":"https:\/\/www.estrategiaconcursos.com.br\/blog\/#organization"}},{"@type":"WebPage","@id":"https:\/\/www.estrategiaconcursos.com.br\/blog\/gabarito-extraoficial-policia-penal-es-2025\/","url":"https:\/\/www.estrategiaconcursos.com.br\/blog\/gabarito-extraoficial-policia-penal-es-2025\/","name":"Gabarito extraoficial Pol\u00edcia Penal ES: veja seu desempenho!","isPartOf":{"@id":"https:\/\/www.estrategiaconcursos.com.br\/blog\/#website"},"primaryImageOfPage":{"@id":"https:\/\/www.estrategiaconcursos.com.br\/blog\/gabarito-extraoficial-policia-penal-es-2025\/#primaryimage"},"image":{"@id":"https:\/\/www.estrategiaconcursos.com.br\/blog\/gabarito-extraoficial-policia-penal-es-2025\/#primaryimage"},"thumbnailUrl":"https:\/\/dhg1h5j42swfq.cloudfront.net\/2025\/11\/30192248\/ytb-3.jpg","datePublished":"2025-11-30T21:30:00+00:00","dateModified":"2025-12-01T00:47:15+00:00","description":"O Estrat\u00e9gia Concursos preparou o gabarito extraoficial do concurso Pol\u00edcia Penal ES. Veja seu desempenho no site!","breadcrumb":{"@id":"https:\/\/www.estrategiaconcursos.com.br\/blog\/gabarito-extraoficial-policia-penal-es-2025\/#breadcrumb"},"inLanguage":"pt-BR","potentialAction":[{"@type":"ReadAction","target":["https:\/\/www.estrategiaconcursos.com.br\/blog\/gabarito-extraoficial-policia-penal-es-2025\/"]}]},{"@type":"ImageObject","inLanguage":"pt-BR","@id":"https:\/\/www.estrategiaconcursos.com.br\/blog\/gabarito-extraoficial-policia-penal-es-2025\/#primaryimage","url":"https:\/\/dhg1h5j42swfq.cloudfront.net\/2025\/11\/30192248\/ytb-3.jpg","contentUrl":"https:\/\/dhg1h5j42swfq.cloudfront.net\/2025\/11\/30192248\/ytb-3.jpg","width":1280,"height":720},{"@type":"BreadcrumbList","@id":"https:\/\/www.estrategiaconcursos.com.br\/blog\/gabarito-extraoficial-policia-penal-es-2025\/#breadcrumb","itemListElement":[{"@type":"ListItem","position":1,"name":"In\u00edcio","item":"https:\/\/www.estrategiaconcursos.com.br\/blog\/"},{"@type":"ListItem","position":2,"name":"Gabarito extraoficial Pol\u00edcia Penal ES: veja seu desempenho!"}]},{"@type":"WebSite","@id":"https:\/\/www.estrategiaconcursos.com.br\/blog\/#website","url":"https:\/\/www.estrategiaconcursos.com.br\/blog\/","name":"Estrat\u00e9gia Concursos","description":"O blog da Estrat\u00e9gia Concursos traz not\u00edcias sobre concursos e artigos de professores oferecendo cursos para concursos (pdf + videaulas) no site.","publisher":{"@id":"https:\/\/www.estrategiaconcursos.com.br\/blog\/#organization"},"potentialAction":[{"@type":"SearchAction","target":{"@type":"EntryPoint","urlTemplate":"https:\/\/www.estrategiaconcursos.com.br\/blog\/?s={search_term_string}"},"query-input":{"@type":"PropertyValueSpecification","valueRequired":true,"valueName":"search_term_string"}}],"inLanguage":"pt-BR"},{"@type":"Organization","@id":"https:\/\/www.estrategiaconcursos.com.br\/blog\/#organization","name":"Estrat\u00e9gia Concursos","url":"https:\/\/www.estrategiaconcursos.com.br\/blog\/","logo":{"@type":"ImageObject","inLanguage":"pt-BR","@id":"https:\/\/www.estrategiaconcursos.com.br\/blog\/#\/schema\/logo\/image\/","url":"https:\/\/dhg1h5j42swfq.cloudfront.net\/2025\/06\/03203428\/logo_concursos-1.jpg","contentUrl":"https:\/\/dhg1h5j42swfq.cloudfront.net\/2025\/06\/03203428\/logo_concursos-1.jpg","width":230,"height":60,"caption":"Estrat\u00e9gia Concursos"},"image":{"@id":"https:\/\/www.estrategiaconcursos.com.br\/blog\/#\/schema\/logo\/image\/"},"sameAs":["https:\/\/x.com\/EstratConcursos"]},{"@type":"Person","@id":"https:\/\/www.estrategiaconcursos.com.br\/blog\/#\/schema\/person\/cc9e76173880338ce9f656c88664a1f6","name":"Diogo Mendes","image":{"@type":"ImageObject","inLanguage":"pt-BR","@id":"https:\/\/secure.gravatar.com\/avatar\/9754d6777d460a45ef4067b586b94c32005cc2345a0404b8d96adc620cf63806?s=96&d=mm&r=g","url":"https:\/\/secure.gravatar.com\/avatar\/9754d6777d460a45ef4067b586b94c32005cc2345a0404b8d96adc620cf63806?s=96&d=mm&r=g","contentUrl":"https:\/\/secure.gravatar.com\/avatar\/9754d6777d460a45ef4067b586b94c32005cc2345a0404b8d96adc620cf63806?s=96&d=mm&r=g","caption":"Diogo Mendes"},"description":"Diogo Mendes \u00e9 jornalista formado pela Universidade Paulista, com experi\u00eancia em reda\u00e7\u00f5es de diversos ve\u00edculos e na produ\u00e7\u00e3o de conte\u00fados especializados em concursos p\u00fablicos. Desde 2019, atua no Estrat\u00e9gia Concursos como Jornalista e Analista de Conte\u00fado, com foco na apura\u00e7\u00e3o de informa\u00e7\u00f5es junto a \u00f3rg\u00e3os e fontes oficiais. Dedica-se especialmente \u00e0 produ\u00e7\u00e3o de not\u00edcias e reportagens sobre Concursos Legislativos, al\u00e9m de acompanhar diariamente os concursos policiais, banc\u00e1rios e da \u00e1rea da sa\u00fade.","url":"https:\/\/www.estrategiaconcursos.com.br\/blog\/author\/diogo-mendesestrategiaconcursos-com-br\/"}]}},"_links":{"self":[{"href":"https:\/\/www.estrategiaconcursos.com.br\/blog\/wp-json\/wp\/v2\/posts\/1677545","targetHints":{"allow":["GET"]}}],"collection":[{"href":"https:\/\/www.estrategiaconcursos.com.br\/blog\/wp-json\/wp\/v2\/posts"}],"about":[{"href":"https:\/\/www.estrategiaconcursos.com.br\/blog\/wp-json\/wp\/v2\/types\/post"}],"author":[{"embeddable":true,"href":"https:\/\/www.estrategiaconcursos.com.br\/blog\/wp-json\/wp\/v2\/users\/1483"}],"replies":[{"embeddable":true,"href":"https:\/\/www.estrategiaconcursos.com.br\/blog\/wp-json\/wp\/v2\/comments?post=1677545"}],"version-history":[{"count":19,"href":"https:\/\/www.estrategiaconcursos.com.br\/blog\/wp-json\/wp\/v2\/posts\/1677545\/revisions"}],"predecessor-version":[{"id":1677590,"href":"https:\/\/www.estrategiaconcursos.com.br\/blog\/wp-json\/wp\/v2\/posts\/1677545\/revisions\/1677590"}],"wp:featuredmedia":[{"embeddable":true,"href":"https:\/\/www.estrategiaconcursos.com.br\/blog\/wp-json\/wp\/v2\/media\/1677553"}],"wp:attachment":[{"href":"https:\/\/www.estrategiaconcursos.com.br\/blog\/wp-json\/wp\/v2\/media?parent=1677545"}],"wp:term":[{"taxonomy":"category","embeddable":true,"href":"https:\/\/www.estrategiaconcursos.com.br\/blog\/wp-json\/wp\/v2\/categories?post=1677545"},{"taxonomy":"post_tag","embeddable":true,"href":"https:\/\/www.estrategiaconcursos.com.br\/blog\/wp-json\/wp\/v2\/tags?post=1677545"},{"taxonomy":"tax_estado","embeddable":true,"href":"https:\/\/www.estrategiaconcursos.com.br\/blog\/wp-json\/wp\/v2\/tax_estado?post=1677545"}],"curies":[{"name":"wp","href":"https:\/\/api.w.org\/{rel}","templated":true}]}}