{"id":1676693,"date":"2025-11-27T14:18:50","date_gmt":"2025-11-27T17:18:50","guid":{"rendered":"https:\/\/www.estrategiaconcursos.com.br\/blog\/?p=1676693"},"modified":"2025-11-27T17:12:08","modified_gmt":"2025-11-27T20:12:08","slug":"concurso-unificado-pe-inscricoes","status":"publish","type":"post","link":"https:\/\/www.estrategiaconcursos.com.br\/blog\/concurso-unificado-pe-inscricoes\/","title":{"rendered":"Inscri\u00e7\u00f5es do Concurso Unificado PE ser\u00e3o prorrogadas!"},"content":{"rendered":"\n<p>Para aqueles que ainda n\u00e3o conseguiram se inscrever no <strong><a href=\"https:\/\/www.estrategiaconcursos.com.br\/cursosPorConcurso\/cpu-pe\/\" target=\"_blank\" rel=\"noreferrer noopener\">Concurso Unificado de Pernambuco<\/a>&nbsp;(CPU PE)<\/strong>, temos uma \u00f3tima not\u00edcia! <strong>As inscri\u00e7\u00f5es ser\u00e3o prorrogadas at\u00e9 o pr\u00f3ximo domingo, 30 de novembro.<\/strong><\/p>\n\n\n\n<p>A retifica\u00e7\u00e3o atualizando o cronograma com o novo prazo ser\u00e1 publicada em breve no Di\u00e1rio Oficial do Estado. A informa\u00e7\u00e3o foi confirmada pelo Jornal <a href=\"https:\/\/www.folhape.com.br\/colunistas\/blogdosconcursos\/concurso-unificado-de-pernambuco-prorroga-inscricoes-ate-domingo-30\/54304\/\" target=\"_blank\" rel=\"noreferrer noopener\">Folha de Pernambuco<\/a> nesta quinta (27).<\/p>\n\n\n\n<p>Vale lembrar que as inscri\u00e7\u00f5es para o certame devem ser feitas no site da banca organizadora, a Funda\u00e7\u00e3o Carlos Chagas (FCC), ao custo de uma taxa que pode variar conforme o grau de escolaridade:<\/p>\n\n\n\n<p>Para o cargo de Gestor Governamental, o valor da taxa \u00e9 de R$ 190. J\u00e1 os cargos de n\u00edvel superior, exceto Gestor, t\u00eam taxa de R$ 130, enquanto as fun\u00e7\u00f5es de n\u00edvel m\u00e9dio devem pagar R$ 90.<\/p>\n\n\n\n<p>O acesso ao site da banca deve ser feito com o CPF e a senha cadastrada. Caso voc\u00ea ainda n\u00e3o tenha cadastro, ser\u00e1 necess\u00e1rio realiz\u00e1-lo:<\/p>\n\n\n\n<figure class=\"wp-block-image aligncenter size-large\"><img loading=\"lazy\" decoding=\"async\" width=\"1024\" height=\"504\" src=\"https:\/\/dhg1h5j42swfq.cloudfront.net\/2025\/11\/27141232\/image-326-1024x504.png\" alt=\"Concurso Unificado PE inscri\u00e7\u00f5es ser\u00e3o prorrogadas at\u00e9 o dia 30\/11!\" class=\"wp-image-1676701\" srcset=\"https:\/\/dhg1h5j42swfq.cloudfront.net\/2025\/11\/27141232\/image-326-1024x504.png 1024w, https:\/\/dhg1h5j42swfq.cloudfront.net\/2025\/11\/27141232\/image-326-300x148.png 300w, https:\/\/dhg1h5j42swfq.cloudfront.net\/2025\/11\/27141232\/image-326-768x378.png 768w, https:\/\/dhg1h5j42swfq.cloudfront.net\/2025\/11\/27141232\/image-326-150x74.png 150w, https:\/\/dhg1h5j42swfq.cloudfront.net\/2025\/11\/27141232\/image-326.png 1302w\" sizes=\"auto, (max-width: 1024px) 100vw, 1024px\" \/><figcaption class=\"wp-element-caption\">Concurso Unificado PE inscri\u00e7\u00f5es ser\u00e3o prorrogadas at\u00e9 o dia 30\/11!<\/figcaption><\/figure>\n\n\n\n<ul class=\"wp-block-list\">\n<li><a href=\"https:\/\/www.concursosfcc.com.br\/portal_candidato\/#\/\" target=\"_blank\" rel=\"noreferrer noopener\"><strong>FA\u00c7A A SUA INSCRI\u00c7\u00c3O!<\/strong><\/a><\/li>\n<\/ul>\n\n\n\n<p>O Concurso Unificado PE oferece&nbsp;<strong>462 oportunidades para cargos de n\u00edveis m\u00e9dio e superior de forma\u00e7\u00e3o.&nbsp;<\/strong>J\u00e1 os&nbsp;<strong>sal\u00e1rios iniciais s\u00e3o bem atrativos, de at\u00e9 R$ 11,3 mil!<\/strong><\/p>\n\n\n\n<p>As provas do certame ser\u00e3o aplicadas em dois dias distintos, sendo o primeiro no dia 18 de janeiro de 2026 para o Bloco 01, enquanto os Blocos 02 e 03 ter\u00e3o avalia\u00e7\u00f5es na data de 25 do mesmo m\u00eas.<\/p>\n\n\n\n<p class=\"has-text-align-center\"><em>Se voc\u00ea deseja saber mais detalhes do edital, al\u00e9m das inscri\u00e7\u00f5es do Concurso Unificado PE, acesse agora mesmo o artigo completo que preparamos para voc\u00ea. O link est\u00e1 dispon\u00edvel logo abaixo:<\/em><\/p>\n\n\n\n<p class=\"has-text-align-center has-background\" style=\"background-color:#f1f1f1;font-size:clamp(14.642px, 0.915rem + ((1vw - 3.2px) * 0.721), 22px);\"><strong>Saiba mais:&nbsp;<a href=\"https:\/\/www.estrategiaconcursos.com.br\/blog\/concurso-unificado-pe\/\" target=\"_blank\" rel=\"noreferrer noopener\">Concurso Unificado de Pernambuco<\/a><\/strong><\/p>\n\n\n\n<hr class=\"wp-block-separator has-alpha-channel-opacity\"\/>\n\n\n\n<h2 class=\"wp-block-heading has-text-align-center\" id=\"cursos\"><em>Quer estudar para o Concurso Unificado Pernambuco?<\/em><\/h2>\n\n\n\n<div class=\"container\" id=\"boxes\">\n  <div class=\"row\">\n\n    <div class=\"col-sm\">\n      <div class=\"banner-estrat-corj\" id=\"box-assinatura\">\n        <h2 class=\"titulo-assinatura\" style=\"text-align: left;\">Concurso Unificado PE<\/h2>\n        <p class=\"subtitulo-assinatura\" style=\"text-align: left;\">Estude com foco e estrat\u00e9gia!<\/p>\n        <div class=\"box-botao\" style=\"text-align: left;\">\n          <a class=\"btn-assinatura\" target=\"_blank\" href=\"https:\/\/www.estrategiaconcursos.com.br\/cursosPorConcurso\/cpu-pe\/\" role=\"button\" rel=\"noopener noreferrer\">CONHE\u00c7A OS CURSOS<\/a>\n        <\/div>\n      <\/div><\/div><\/div><\/div>\n\n\n\n<div class=\"container\" id=\"boxes\">\n  <div class=\"row\">\n\n    <div class=\"col-sm\">\n      <div class=\"estrategia\" id=\"box-assinatura\">\n        <h3 class=\"titulo-assinatura\">Assinatura Concursos<\/h3>\n        <p class=\"subtitulo-assinatura\">Assinatura de 1 ano ou 2 anos<\/p>\n        <div class=\"box-botao\">\n          <a class=\"btn-assinatura\" target=\"_blank\" href=\"https:\/\/www.estrategiaconcursos.com.br\/assinaturas\/\" role=\"button\" rel=\"noopener noreferrer\">ASSINE AGORA<\/a>\n        <\/div>\n      <\/div><\/div><\/div><\/div>\n\n\n\n<h2 class=\"wp-block-heading has-text-align-center\" id=\"h-quer-saber-tudo-sobre-concursos-previstos-confira-os-nossos-artigos\">Quer saber tudo sobre concursos previstos?<br \/>Confira os nossos artigos!<\/h2>\n\n\n\n<ul class=\"wp-block-list\">\n<li><a href=\"https:\/\/www.estrategiaconcursos.com.br\/blog\/concursos-abertos\/\" target=\"_blank\" rel=\"noreferrer noopener\">Concursos Abertos<\/a><\/li>\n\n\n\n<li><a href=\"https:\/\/www.estrategiaconcursos.com.br\/blog\/concursos-2025\/?srsltid=AfmBOopDMNzJ8gNLVf-tf6hA8LSL1sPFHmj_NErbeR3s_vM_WcHgNMbD\" target=\"_blank\" rel=\"noreferrer noopener\">Concursos 2025<\/a><\/li>\n\n\n\n<li><a href=\"https:\/\/www.estrategiaconcursos.com.br\/blog\/concursos-2026\/\" target=\"_blank\" rel=\"noreferrer noopener\">Concursos 2026<\/a><\/li>\n\n\n\n<li><a href=\"https:\/\/www.estrategiaconcursos.com.br\/blog\/concursos-pe\/\" target=\"_blank\" rel=\"noreferrer noopener\">Concursos PE<\/a><\/li>\n<\/ul>\n","protected":false},"excerpt":{"rendered":"<p>Para aqueles que ainda n\u00e3o conseguiram se inscrever no Concurso Unificado de Pernambuco&nbsp;(CPU PE), temos uma \u00f3tima not\u00edcia! As inscri\u00e7\u00f5es ser\u00e3o prorrogadas at\u00e9 o pr\u00f3ximo domingo, 30 de novembro. A retifica\u00e7\u00e3o atualizando o cronograma com o novo prazo ser\u00e1 publicada em breve no Di\u00e1rio Oficial do Estado. A informa\u00e7\u00e3o foi confirmada pelo Jornal Folha de [&hellip;]<\/p>\n","protected":false},"author":656,"featured_media":1620756,"comment_status":"open","ping_status":"closed","sticky":false,"template":"","format":"standard","meta":{"post_tipo":"news","footnotes":""},"categories":[1,220219],"tags":[],"tax_estado":[219979],"class_list":["post-1676693","post","type-post","status-publish","format-standard","has-post-thumbnail","hentry","category-cursos-e-concursos","category-noticias","tax_estado-pe"],"acf":[],"yoast_head":"<!-- This site is optimized with the Yoast SEO Premium plugin v27.2 (Yoast SEO v27.2) - https:\/\/yoast.com\/product\/yoast-seo-premium-wordpress\/ -->\n<title>Inscri\u00e7\u00f5es do Concurso Unificado PE ser\u00e3o prorrogadas!<\/title>\n<meta name=\"description\" content=\"Concurso Unificado PE inscri\u00e7\u00f5es ser\u00e3o prorrogadas at\u00e9 o pr\u00f3ximo domingo, 30 de novembro. O edital oferece mais de 400 vagas!\" \/>\n<meta name=\"robots\" content=\"index, follow, max-snippet:-1, max-image-preview:large, max-video-preview:-1\" \/>\n<link rel=\"canonical\" href=\"https:\/\/www.estrategiaconcursos.com.br\/blog\/concurso-unificado-pe-inscricoes\/\" \/>\n<meta property=\"og:locale\" content=\"pt_BR\" \/>\n<meta property=\"og:type\" content=\"article\" \/>\n<meta property=\"og:title\" content=\"Inscri\u00e7\u00f5es do Concurso Unificado PE ser\u00e3o prorrogadas!\" \/>\n<meta property=\"og:description\" content=\"Concurso Unificado PE inscri\u00e7\u00f5es ser\u00e3o prorrogadas at\u00e9 o pr\u00f3ximo domingo, 30 de novembro. O edital oferece mais de 400 vagas!\" \/>\n<meta property=\"og:url\" content=\"https:\/\/www.estrategiaconcursos.com.br\/blog\/concurso-unificado-pe-inscricoes\/\" \/>\n<meta property=\"og:site_name\" content=\"Estrat\u00e9gia Concursos\" \/>\n<meta property=\"article:published_time\" content=\"2025-11-27T17:18:50+00:00\" \/>\n<meta property=\"article:modified_time\" content=\"2025-11-27T20:12:08+00:00\" \/>\n<meta property=\"og:image\" content=\"https:\/\/dhg1h5j42swfq.cloudfront.net\/2025\/08\/08164149\/concurso-unificado-pe.jpg\" \/>\n\t<meta property=\"og:image:width\" content=\"768\" \/>\n\t<meta property=\"og:image:height\" content=\"432\" \/>\n\t<meta property=\"og:image:type\" content=\"image\/jpeg\" \/>\n<meta name=\"author\" content=\"F\u00e1bio Scaldelai\" \/>\n<meta name=\"twitter:card\" content=\"summary_large_image\" \/>\n<meta name=\"twitter:creator\" content=\"@EstratConcursos\" \/>\n<meta name=\"twitter:site\" content=\"@EstratConcursos\" \/>\n<meta name=\"twitter:label1\" content=\"Escrito por\" \/>\n\t<meta name=\"twitter:data1\" content=\"F\u00e1bio Scaldelai\" \/>\n\t<meta name=\"twitter:label2\" content=\"Est. tempo de leitura\" \/>\n\t<meta name=\"twitter:data2\" content=\"2 minutos\" \/>\n<script type=\"application\/ld+json\" class=\"yoast-schema-graph\">{\"@context\":\"https:\/\/schema.org\",\"@graph\":[{\"@type\":\"NewsArticle\",\"@id\":\"https:\/\/www.estrategiaconcursos.com.br\/blog\/concurso-unificado-pe-inscricoes\/#article\",\"isPartOf\":{\"@id\":\"https:\/\/www.estrategiaconcursos.com.br\/blog\/concurso-unificado-pe-inscricoes\/\"},\"author\":{\"name\":\"F\u00e1bio Scaldelai\",\"@id\":\"https:\/\/www.estrategiaconcursos.com.br\/blog\/#\/schema\/person\/e3b6b7ce0192dd4ad270655969d61750\"},\"headline\":\"Inscri\u00e7\u00f5es do Concurso Unificado PE ser\u00e3o prorrogadas!\",\"datePublished\":\"2025-11-27T17:18:50+00:00\",\"dateModified\":\"2025-11-27T20:12:08+00:00\",\"mainEntityOfPage\":{\"@id\":\"https:\/\/www.estrategiaconcursos.com.br\/blog\/concurso-unificado-pe-inscricoes\/\"},\"wordCount\":352,\"commentCount\":0,\"publisher\":{\"@id\":\"https:\/\/www.estrategiaconcursos.com.br\/blog\/#organization\"},\"image\":{\"@id\":\"https:\/\/www.estrategiaconcursos.com.br\/blog\/concurso-unificado-pe-inscricoes\/#primaryimage\"},\"thumbnailUrl\":\"https:\/\/dhg1h5j42swfq.cloudfront.net\/2025\/08\/08164149\/concurso-unificado-pe.jpg\",\"articleSection\":[\"Concursos P\u00fablicos\",\"\u00daltimas not\u00edcias\"],\"inLanguage\":\"pt-BR\",\"potentialAction\":[{\"@type\":\"CommentAction\",\"name\":\"Comment\",\"target\":[\"https:\/\/www.estrategiaconcursos.com.br\/blog\/concurso-unificado-pe-inscricoes\/#respond\"]}],\"copyrightYear\":\"2025\",\"copyrightHolder\":{\"@id\":\"https:\/\/www.estrategiaconcursos.com.br\/blog\/#organization\"}},{\"@type\":\"WebPage\",\"@id\":\"https:\/\/www.estrategiaconcursos.com.br\/blog\/concurso-unificado-pe-inscricoes\/\",\"url\":\"https:\/\/www.estrategiaconcursos.com.br\/blog\/concurso-unificado-pe-inscricoes\/\",\"name\":\"Inscri\u00e7\u00f5es do Concurso Unificado PE ser\u00e3o prorrogadas!\",\"isPartOf\":{\"@id\":\"https:\/\/www.estrategiaconcursos.com.br\/blog\/#website\"},\"primaryImageOfPage\":{\"@id\":\"https:\/\/www.estrategiaconcursos.com.br\/blog\/concurso-unificado-pe-inscricoes\/#primaryimage\"},\"image\":{\"@id\":\"https:\/\/www.estrategiaconcursos.com.br\/blog\/concurso-unificado-pe-inscricoes\/#primaryimage\"},\"thumbnailUrl\":\"https:\/\/dhg1h5j42swfq.cloudfront.net\/2025\/08\/08164149\/concurso-unificado-pe.jpg\",\"datePublished\":\"2025-11-27T17:18:50+00:00\",\"dateModified\":\"2025-11-27T20:12:08+00:00\",\"description\":\"Concurso Unificado PE inscri\u00e7\u00f5es ser\u00e3o prorrogadas at\u00e9 o pr\u00f3ximo domingo, 30 de novembro. O edital oferece mais de 400 vagas!\",\"breadcrumb\":{\"@id\":\"https:\/\/www.estrategiaconcursos.com.br\/blog\/concurso-unificado-pe-inscricoes\/#breadcrumb\"},\"inLanguage\":\"pt-BR\",\"potentialAction\":[{\"@type\":\"ReadAction\",\"target\":[\"https:\/\/www.estrategiaconcursos.com.br\/blog\/concurso-unificado-pe-inscricoes\/\"]}]},{\"@type\":\"ImageObject\",\"inLanguage\":\"pt-BR\",\"@id\":\"https:\/\/www.estrategiaconcursos.com.br\/blog\/concurso-unificado-pe-inscricoes\/#primaryimage\",\"url\":\"https:\/\/dhg1h5j42swfq.cloudfront.net\/2025\/08\/08164149\/concurso-unificado-pe.jpg\",\"contentUrl\":\"https:\/\/dhg1h5j42swfq.cloudfront.net\/2025\/08\/08164149\/concurso-unificado-pe.jpg\",\"width\":768,\"height\":432,\"caption\":\"Concurso Unificado PE inscritos\"},{\"@type\":\"BreadcrumbList\",\"@id\":\"https:\/\/www.estrategiaconcursos.com.br\/blog\/concurso-unificado-pe-inscricoes\/#breadcrumb\",\"itemListElement\":[{\"@type\":\"ListItem\",\"position\":1,\"name\":\"In\u00edcio\",\"item\":\"https:\/\/www.estrategiaconcursos.com.br\/blog\/\"},{\"@type\":\"ListItem\",\"position\":2,\"name\":\"Inscri\u00e7\u00f5es do Concurso Unificado PE ser\u00e3o prorrogadas!\"}]},{\"@type\":\"WebSite\",\"@id\":\"https:\/\/www.estrategiaconcursos.com.br\/blog\/#website\",\"url\":\"https:\/\/www.estrategiaconcursos.com.br\/blog\/\",\"name\":\"Estrat\u00e9gia Concursos\",\"description\":\"O blog da Estrat\u00e9gia Concursos traz not\u00edcias sobre concursos e artigos de professores oferecendo cursos para concursos (pdf + videaulas) no site.\",\"publisher\":{\"@id\":\"https:\/\/www.estrategiaconcursos.com.br\/blog\/#organization\"},\"potentialAction\":[{\"@type\":\"SearchAction\",\"target\":{\"@type\":\"EntryPoint\",\"urlTemplate\":\"https:\/\/www.estrategiaconcursos.com.br\/blog\/?s={search_term_string}\"},\"query-input\":{\"@type\":\"PropertyValueSpecification\",\"valueRequired\":true,\"valueName\":\"search_term_string\"}}],\"inLanguage\":\"pt-BR\"},{\"@type\":\"Organization\",\"@id\":\"https:\/\/www.estrategiaconcursos.com.br\/blog\/#organization\",\"name\":\"Estrat\u00e9gia Concursos\",\"url\":\"https:\/\/www.estrategiaconcursos.com.br\/blog\/\",\"logo\":{\"@type\":\"ImageObject\",\"inLanguage\":\"pt-BR\",\"@id\":\"https:\/\/www.estrategiaconcursos.com.br\/blog\/#\/schema\/logo\/image\/\",\"url\":\"https:\/\/dhg1h5j42swfq.cloudfront.net\/2025\/06\/03203428\/logo_concursos-1.jpg\",\"contentUrl\":\"https:\/\/dhg1h5j42swfq.cloudfront.net\/2025\/06\/03203428\/logo_concursos-1.jpg\",\"width\":230,\"height\":60,\"caption\":\"Estrat\u00e9gia Concursos\"},\"image\":{\"@id\":\"https:\/\/www.estrategiaconcursos.com.br\/blog\/#\/schema\/logo\/image\/\"},\"sameAs\":[\"https:\/\/x.com\/EstratConcursos\"]},{\"@type\":\"Person\",\"@id\":\"https:\/\/www.estrategiaconcursos.com.br\/blog\/#\/schema\/person\/e3b6b7ce0192dd4ad270655969d61750\",\"name\":\"F\u00e1bio Scaldelai\",\"image\":{\"@type\":\"ImageObject\",\"inLanguage\":\"pt-BR\",\"@id\":\"https:\/\/secure.gravatar.com\/avatar\/8ed7492c4d88d8495bc0cb24cda6847b8ae23eec459a919e08e77d0ca0fd79ec?s=96&d=mm&r=g\",\"url\":\"https:\/\/secure.gravatar.com\/avatar\/8ed7492c4d88d8495bc0cb24cda6847b8ae23eec459a919e08e77d0ca0fd79ec?s=96&d=mm&r=g\",\"contentUrl\":\"https:\/\/secure.gravatar.com\/avatar\/8ed7492c4d88d8495bc0cb24cda6847b8ae23eec459a919e08e77d0ca0fd79ec?s=96&d=mm&r=g\",\"caption\":\"F\u00e1bio Scaldelai\"},\"description\":\"Jornalista no Estrat\u00e9gia Concursos e Produtor de Televis\u00e3o, formado em Jornalismo, R\u00e1dio e TV pela Faculdade Integrada Rio Branco, com especializa\u00e7\u00f5es em Gest\u00e3o Empresarial e Marketing pelo M\u00f3dulo. Atuou como produtor no SBT, TV Bandeirantes e R\u00e1dio Band FM, al\u00e9m de acumular tr\u00eas anos de experi\u00eancia no setor de concursos p\u00fablicos pela LFG (Luiz Fl\u00e1vio Gomes). No Estrat\u00e9gia Concursos, atua na apura\u00e7\u00e3o de not\u00edcias da \u00e1rea fiscal, al\u00e9m de coberturas sobre concursos das \u00e1reas de controle (TCU, TCE, etc), concurso AFT, \u00e1rea de gest\u00e3o e administrativa, bem como dos \u00f3rg\u00e3os participantes do CNU. Tamb\u00e9m possui experi\u00eancia em link building e an\u00e1lise de m\u00eddia, adquirida durante sua atua\u00e7\u00e3o na ag\u00eancia SEO Marketing.\",\"url\":\"https:\/\/www.estrategiaconcursos.com.br\/blog\/author\/fabio-scaldelaiestrategiaconcursos-com-br\/\"}]}<\/script>\n<!-- \/ Yoast SEO Premium plugin. -->","yoast_head_json":{"title":"Inscri\u00e7\u00f5es do Concurso Unificado PE ser\u00e3o prorrogadas!","description":"Concurso Unificado PE inscri\u00e7\u00f5es ser\u00e3o prorrogadas at\u00e9 o pr\u00f3ximo domingo, 30 de novembro. O edital oferece mais de 400 vagas!","robots":{"index":"index","follow":"follow","max-snippet":"max-snippet:-1","max-image-preview":"max-image-preview:large","max-video-preview":"max-video-preview:-1"},"canonical":"https:\/\/www.estrategiaconcursos.com.br\/blog\/concurso-unificado-pe-inscricoes\/","og_locale":"pt_BR","og_type":"article","og_title":"Inscri\u00e7\u00f5es do Concurso Unificado PE ser\u00e3o prorrogadas!","og_description":"Concurso Unificado PE inscri\u00e7\u00f5es ser\u00e3o prorrogadas at\u00e9 o pr\u00f3ximo domingo, 30 de novembro. O edital oferece mais de 400 vagas!","og_url":"https:\/\/www.estrategiaconcursos.com.br\/blog\/concurso-unificado-pe-inscricoes\/","og_site_name":"Estrat\u00e9gia Concursos","article_published_time":"2025-11-27T17:18:50+00:00","article_modified_time":"2025-11-27T20:12:08+00:00","og_image":[{"width":768,"height":432,"url":"https:\/\/dhg1h5j42swfq.cloudfront.net\/2025\/08\/08164149\/concurso-unificado-pe.jpg","type":"image\/jpeg"}],"author":"F\u00e1bio Scaldelai","twitter_card":"summary_large_image","twitter_creator":"@EstratConcursos","twitter_site":"@EstratConcursos","twitter_misc":{"Escrito por":"F\u00e1bio Scaldelai","Est. tempo de leitura":"2 minutos"},"schema":{"@context":"https:\/\/schema.org","@graph":[{"@type":"NewsArticle","@id":"https:\/\/www.estrategiaconcursos.com.br\/blog\/concurso-unificado-pe-inscricoes\/#article","isPartOf":{"@id":"https:\/\/www.estrategiaconcursos.com.br\/blog\/concurso-unificado-pe-inscricoes\/"},"author":{"name":"F\u00e1bio Scaldelai","@id":"https:\/\/www.estrategiaconcursos.com.br\/blog\/#\/schema\/person\/e3b6b7ce0192dd4ad270655969d61750"},"headline":"Inscri\u00e7\u00f5es do Concurso Unificado PE ser\u00e3o prorrogadas!","datePublished":"2025-11-27T17:18:50+00:00","dateModified":"2025-11-27T20:12:08+00:00","mainEntityOfPage":{"@id":"https:\/\/www.estrategiaconcursos.com.br\/blog\/concurso-unificado-pe-inscricoes\/"},"wordCount":352,"commentCount":0,"publisher":{"@id":"https:\/\/www.estrategiaconcursos.com.br\/blog\/#organization"},"image":{"@id":"https:\/\/www.estrategiaconcursos.com.br\/blog\/concurso-unificado-pe-inscricoes\/#primaryimage"},"thumbnailUrl":"https:\/\/dhg1h5j42swfq.cloudfront.net\/2025\/08\/08164149\/concurso-unificado-pe.jpg","articleSection":["Concursos P\u00fablicos","\u00daltimas not\u00edcias"],"inLanguage":"pt-BR","potentialAction":[{"@type":"CommentAction","name":"Comment","target":["https:\/\/www.estrategiaconcursos.com.br\/blog\/concurso-unificado-pe-inscricoes\/#respond"]}],"copyrightYear":"2025","copyrightHolder":{"@id":"https:\/\/www.estrategiaconcursos.com.br\/blog\/#organization"}},{"@type":"WebPage","@id":"https:\/\/www.estrategiaconcursos.com.br\/blog\/concurso-unificado-pe-inscricoes\/","url":"https:\/\/www.estrategiaconcursos.com.br\/blog\/concurso-unificado-pe-inscricoes\/","name":"Inscri\u00e7\u00f5es do Concurso Unificado PE ser\u00e3o prorrogadas!","isPartOf":{"@id":"https:\/\/www.estrategiaconcursos.com.br\/blog\/#website"},"primaryImageOfPage":{"@id":"https:\/\/www.estrategiaconcursos.com.br\/blog\/concurso-unificado-pe-inscricoes\/#primaryimage"},"image":{"@id":"https:\/\/www.estrategiaconcursos.com.br\/blog\/concurso-unificado-pe-inscricoes\/#primaryimage"},"thumbnailUrl":"https:\/\/dhg1h5j42swfq.cloudfront.net\/2025\/08\/08164149\/concurso-unificado-pe.jpg","datePublished":"2025-11-27T17:18:50+00:00","dateModified":"2025-11-27T20:12:08+00:00","description":"Concurso Unificado PE inscri\u00e7\u00f5es ser\u00e3o prorrogadas at\u00e9 o pr\u00f3ximo domingo, 30 de novembro. O edital oferece mais de 400 vagas!","breadcrumb":{"@id":"https:\/\/www.estrategiaconcursos.com.br\/blog\/concurso-unificado-pe-inscricoes\/#breadcrumb"},"inLanguage":"pt-BR","potentialAction":[{"@type":"ReadAction","target":["https:\/\/www.estrategiaconcursos.com.br\/blog\/concurso-unificado-pe-inscricoes\/"]}]},{"@type":"ImageObject","inLanguage":"pt-BR","@id":"https:\/\/www.estrategiaconcursos.com.br\/blog\/concurso-unificado-pe-inscricoes\/#primaryimage","url":"https:\/\/dhg1h5j42swfq.cloudfront.net\/2025\/08\/08164149\/concurso-unificado-pe.jpg","contentUrl":"https:\/\/dhg1h5j42swfq.cloudfront.net\/2025\/08\/08164149\/concurso-unificado-pe.jpg","width":768,"height":432,"caption":"Concurso Unificado PE inscritos"},{"@type":"BreadcrumbList","@id":"https:\/\/www.estrategiaconcursos.com.br\/blog\/concurso-unificado-pe-inscricoes\/#breadcrumb","itemListElement":[{"@type":"ListItem","position":1,"name":"In\u00edcio","item":"https:\/\/www.estrategiaconcursos.com.br\/blog\/"},{"@type":"ListItem","position":2,"name":"Inscri\u00e7\u00f5es do Concurso Unificado PE ser\u00e3o prorrogadas!"}]},{"@type":"WebSite","@id":"https:\/\/www.estrategiaconcursos.com.br\/blog\/#website","url":"https:\/\/www.estrategiaconcursos.com.br\/blog\/","name":"Estrat\u00e9gia Concursos","description":"O blog da Estrat\u00e9gia Concursos traz not\u00edcias sobre concursos e artigos de professores oferecendo cursos para concursos (pdf + videaulas) no site.","publisher":{"@id":"https:\/\/www.estrategiaconcursos.com.br\/blog\/#organization"},"potentialAction":[{"@type":"SearchAction","target":{"@type":"EntryPoint","urlTemplate":"https:\/\/www.estrategiaconcursos.com.br\/blog\/?s={search_term_string}"},"query-input":{"@type":"PropertyValueSpecification","valueRequired":true,"valueName":"search_term_string"}}],"inLanguage":"pt-BR"},{"@type":"Organization","@id":"https:\/\/www.estrategiaconcursos.com.br\/blog\/#organization","name":"Estrat\u00e9gia Concursos","url":"https:\/\/www.estrategiaconcursos.com.br\/blog\/","logo":{"@type":"ImageObject","inLanguage":"pt-BR","@id":"https:\/\/www.estrategiaconcursos.com.br\/blog\/#\/schema\/logo\/image\/","url":"https:\/\/dhg1h5j42swfq.cloudfront.net\/2025\/06\/03203428\/logo_concursos-1.jpg","contentUrl":"https:\/\/dhg1h5j42swfq.cloudfront.net\/2025\/06\/03203428\/logo_concursos-1.jpg","width":230,"height":60,"caption":"Estrat\u00e9gia Concursos"},"image":{"@id":"https:\/\/www.estrategiaconcursos.com.br\/blog\/#\/schema\/logo\/image\/"},"sameAs":["https:\/\/x.com\/EstratConcursos"]},{"@type":"Person","@id":"https:\/\/www.estrategiaconcursos.com.br\/blog\/#\/schema\/person\/e3b6b7ce0192dd4ad270655969d61750","name":"F\u00e1bio Scaldelai","image":{"@type":"ImageObject","inLanguage":"pt-BR","@id":"https:\/\/secure.gravatar.com\/avatar\/8ed7492c4d88d8495bc0cb24cda6847b8ae23eec459a919e08e77d0ca0fd79ec?s=96&d=mm&r=g","url":"https:\/\/secure.gravatar.com\/avatar\/8ed7492c4d88d8495bc0cb24cda6847b8ae23eec459a919e08e77d0ca0fd79ec?s=96&d=mm&r=g","contentUrl":"https:\/\/secure.gravatar.com\/avatar\/8ed7492c4d88d8495bc0cb24cda6847b8ae23eec459a919e08e77d0ca0fd79ec?s=96&d=mm&r=g","caption":"F\u00e1bio Scaldelai"},"description":"Jornalista no Estrat\u00e9gia Concursos e Produtor de Televis\u00e3o, formado em Jornalismo, R\u00e1dio e TV pela Faculdade Integrada Rio Branco, com especializa\u00e7\u00f5es em Gest\u00e3o Empresarial e Marketing pelo M\u00f3dulo. Atuou como produtor no SBT, TV Bandeirantes e R\u00e1dio Band FM, al\u00e9m de acumular tr\u00eas anos de experi\u00eancia no setor de concursos p\u00fablicos pela LFG (Luiz Fl\u00e1vio Gomes). No Estrat\u00e9gia Concursos, atua na apura\u00e7\u00e3o de not\u00edcias da \u00e1rea fiscal, al\u00e9m de coberturas sobre concursos das \u00e1reas de controle (TCU, TCE, etc), concurso AFT, \u00e1rea de gest\u00e3o e administrativa, bem como dos \u00f3rg\u00e3os participantes do CNU. Tamb\u00e9m possui experi\u00eancia em link building e an\u00e1lise de m\u00eddia, adquirida durante sua atua\u00e7\u00e3o na ag\u00eancia SEO Marketing.","url":"https:\/\/www.estrategiaconcursos.com.br\/blog\/author\/fabio-scaldelaiestrategiaconcursos-com-br\/"}]}},"_links":{"self":[{"href":"https:\/\/www.estrategiaconcursos.com.br\/blog\/wp-json\/wp\/v2\/posts\/1676693","targetHints":{"allow":["GET"]}}],"collection":[{"href":"https:\/\/www.estrategiaconcursos.com.br\/blog\/wp-json\/wp\/v2\/posts"}],"about":[{"href":"https:\/\/www.estrategiaconcursos.com.br\/blog\/wp-json\/wp\/v2\/types\/post"}],"author":[{"embeddable":true,"href":"https:\/\/www.estrategiaconcursos.com.br\/blog\/wp-json\/wp\/v2\/users\/656"}],"replies":[{"embeddable":true,"href":"https:\/\/www.estrategiaconcursos.com.br\/blog\/wp-json\/wp\/v2\/comments?post=1676693"}],"version-history":[{"count":5,"href":"https:\/\/www.estrategiaconcursos.com.br\/blog\/wp-json\/wp\/v2\/posts\/1676693\/revisions"}],"predecessor-version":[{"id":1676807,"href":"https:\/\/www.estrategiaconcursos.com.br\/blog\/wp-json\/wp\/v2\/posts\/1676693\/revisions\/1676807"}],"wp:featuredmedia":[{"embeddable":true,"href":"https:\/\/www.estrategiaconcursos.com.br\/blog\/wp-json\/wp\/v2\/media\/1620756"}],"wp:attachment":[{"href":"https:\/\/www.estrategiaconcursos.com.br\/blog\/wp-json\/wp\/v2\/media?parent=1676693"}],"wp:term":[{"taxonomy":"category","embeddable":true,"href":"https:\/\/www.estrategiaconcursos.com.br\/blog\/wp-json\/wp\/v2\/categories?post=1676693"},{"taxonomy":"post_tag","embeddable":true,"href":"https:\/\/www.estrategiaconcursos.com.br\/blog\/wp-json\/wp\/v2\/tags?post=1676693"},{"taxonomy":"tax_estado","embeddable":true,"href":"https:\/\/www.estrategiaconcursos.com.br\/blog\/wp-json\/wp\/v2\/tax_estado?post=1676693"}],"curies":[{"name":"wp","href":"https:\/\/api.w.org\/{rel}","templated":true}]}}