{"id":1675846,"date":"2025-12-13T14:26:00","date_gmt":"2025-12-13T17:26:00","guid":{"rendered":"https:\/\/www.estrategiaconcursos.com.br\/blog\/?p=1675846"},"modified":"2025-12-12T15:12:05","modified_gmt":"2025-12-12T18:12:05","slug":"extincao-contrato-administrativo-fato-principe","status":"publish","type":"post","link":"https:\/\/www.estrategiaconcursos.com.br\/blog\/extincao-contrato-administrativo-fato-principe\/","title":{"rendered":"Extin\u00e7\u00e3o de Contrato Administrativo por Fato do Pr\u00edncipe e Caso Fortuito"},"content":{"rendered":"\n<figure class=\"wp-block-image aligncenter size-large is-resized is-style-rounded\"><img loading=\"lazy\" decoding=\"async\" width=\"683\" height=\"1024\" src=\"https:\/\/dhg1h5j42swfq.cloudfront.net\/2025\/11\/26132949\/image-generation-1-2-683x1024.jpg\" alt=\"Fato do Pr\u00edncipe e Caso Fortuito\" class=\"wp-image-1675864\" style=\"width:375px;height:auto\" srcset=\"https:\/\/dhg1h5j42swfq.cloudfront.net\/2025\/11\/26132949\/image-generation-1-2-683x1024.jpg 683w, https:\/\/dhg1h5j42swfq.cloudfront.net\/2025\/11\/26132949\/image-generation-1-2-200x300.jpg 200w, https:\/\/dhg1h5j42swfq.cloudfront.net\/2025\/11\/26132949\/image-generation-1-2-768x1152.jpg 768w, https:\/\/dhg1h5j42swfq.cloudfront.net\/2025\/11\/26132949\/image-generation-1-2-150x225.jpg 150w, https:\/\/dhg1h5j42swfq.cloudfront.net\/2025\/11\/26132949\/image-generation-1-2.jpg 1024w\" sizes=\"auto, (max-width: 683px) 100vw, 683px\" \/><\/figure>\n\n\n\n<p>Ol\u00e1, futuro servidor! A din\u00e2mica dos contratos administrativos \u00e9 um dos temas mais recorrentes em provas de Direito Administrativo, especialmente quando eventos inesperados afetam a sua execu\u00e7\u00e3o. Nesse contexto, a extin\u00e7\u00e3o do contrato por <strong>fato do pr\u00edncipe<\/strong> e por <strong>caso fortuito ou for\u00e7a maior<\/strong> s\u00e3o hip\u00f3teses que todo concurseiro precisa dominar, pois elas representam a aplica\u00e7\u00e3o da <strong>Teoria da Imprevis\u00e3o<\/strong> na rela\u00e7\u00e3o entre o Estado e o particular contratado.<\/p>\n\n\n\n<p>Dessa forma, compreender a diferen\u00e7a sutil entre esses conceitos \u00e9 crucial. Igualmente importante \u00e9 saber quais s\u00e3o as consequ\u00eancias jur\u00eddicas para cada uma das partes quando esses eventos ocorrem.<\/p>\n\n\n\n<p>Ademais, a <strong><a href=\"https:\/\/www.planalto.gov.br\/ccivil_03\/_ato2019-2022\/2021\/lei\/l14133.htm\" target=\"_blank\" rel=\"noreferrer noopener\">Nova Lei de Licita\u00e7\u00f5es (Lei n\u00ba 14.133\/2021)<\/a><\/strong> trouxe novas nuances para o tema, refor\u00e7ando a necessidade de uma an\u00e1lise cuidadosa. Portanto, compreender bem essas hip\u00f3teses de extin\u00e7\u00e3o contratual pode ser o seu passaporte para a aprova\u00e7\u00e3o.<\/p>\n\n\n\n<p>Neste artigo, n\u00f3s vamos explorar os seguintes t\u00f3picos:<\/p>\n\n\n\n<ul class=\"wp-block-list\">\n<li><strong>A Teoria da Imprevis\u00e3o nos contratos administrativos;<\/strong><\/li>\n\n\n\n<li><strong>O que \u00e9 o Fato do Pr\u00edncipe e suas caracter\u00edsticas;<\/strong><\/li>\n\n\n\n<li><strong>O conceito de Caso Fortuito e For\u00e7a Maior;<\/strong><\/li>\n\n\n\n<li><strong>As consequ\u00eancias da ocorr\u00eancia desses eventos para o contrato.<\/strong><\/li>\n<\/ul>\n\n\n\n<h2 class=\"wp-block-heading\" id=\"h-a-teoria-da-imprevisao-nos-contratos-administrativos\">A Teoria da Imprevis\u00e3o nos Contratos Administrativos<\/h2>\n\n\n\n<p>Os contratos administrativos, em regra, s\u00e3o contratos de longa dura\u00e7\u00e3o. Durante sua vig\u00eancia, <strong>eventos imprevis\u00edveis <\/strong>podem ocorrer, alterando drasticamente o equil\u00edbrio econ\u00f4mico-financeiro originalmente pactuado. \u00c9 para lidar com essas situa\u00e7\u00f5es que existe a <strong>Teoria da Imprevis\u00e3o<\/strong>.<\/p>\n\n\n\n<p>Essa teoria permite a <strong>revis\u00e3o<\/strong> ou, em \u00faltimo caso, a <strong>rescis\u00e3o<\/strong> do contrato quando um <strong>fato superveniente, imprevis\u00edvel e extraordin\u00e1rio<\/strong> torna a sua execu\u00e7\u00e3o <strong>excessivamente onerosa<\/strong> para uma das partes. Em outras palavras, busca-se restabelecer a justi\u00e7a contratual abalada por um evento alheio \u00e0 vontade dos contratantes.<\/p>\n\n\n\n<p>No Direito Administrativo, a <strong>Teoria da Imprevis\u00e3o<\/strong> se manifesta em figuras como o <strong>fato do pr\u00edncipe, o fato da administra\u00e7\u00e3o e a for\u00e7a maior\/caso fortuito<\/strong>. Todas consideradas causas de justifica\u00e7\u00e3o para a inexecu\u00e7\u00e3o do contrato e podem levar \u00e0 sua extin\u00e7\u00e3o. Portanto, <strong>exce\u00e7\u00f5es \u00e0 regra<\/strong> de que o contrato deve ser cumprido a todo custo (pacta sunt servanda).<\/p>\n\n\n\n<h2 class=\"wp-block-heading\" id=\"h-o-que-e-o-fato-do-principe\">O que \u00e9 o Fato do Pr\u00edncipe?<\/h2>\n\n\n\n<p>O <strong>fato do pr\u00edncipe (factum principis)<\/strong> \u00e9 uma das manifesta\u00e7\u00f5es mais interessantes da Teoria da Imprevis\u00e3o. Ele se caracteriza por ser uma <strong>medida de ordem geral<\/strong>, n\u00e3o relacionada diretamente com o contrato, mas que o atinge de forma reflexa e o onera de modo imprevis\u00edvel.<\/p>\n\n\n\n<p>O ponto-chave aqui \u00e9 que <strong>o ato \u00e9 praticado pela pr\u00f3pria Administra\u00e7\u00e3o P\u00fablica<\/strong>, mas em uma esfera de compet\u00eancia diferente daquela em que atua como parte contratante. Por exemplo, imagine que um munic\u00edpio contrata uma empresa para construir uma escola. Se, no meio da obra, o Governo Federal cria um novo tributo que encarece drasticamente os insumos da constru\u00e7\u00e3o, temos um fato do pr\u00edncipe.<\/p>\n\n\n\n<p>A medida (cria\u00e7\u00e3o do tributo) \u00e9 <strong>geral, abstrata<\/strong> e n\u00e3o tinha como alvo aquele contrato espec\u00edfico. Contudo, ela o afetou de <strong>forma indireta<\/strong> e <strong>onerou excessivamente<\/strong> o contratado. Nesse caso, o particular tem o direito de pleitear o reequil\u00edbrio econ\u00f4mico-financeiro do contrato ou, se a continuidade for invi\u00e1vel, a sua rescis\u00e3o.<\/p>\n\n\n\n<p><strong>\u00c9 fundamental n\u00e3o confundir o fato do pr\u00edncipe com o fato da administra\u00e7\u00e3o<\/strong>. Este \u00faltimo \u00e9 um ato espec\u00edfico da Administra\u00e7\u00e3o contratante que incide diretamente sobre o contrato, como, por exemplo, a n\u00e3o libera\u00e7\u00e3o do terreno para o in\u00edcio de uma obra. O fato da administra\u00e7\u00e3o gera o dever de indenizar por perdas e danos, enquanto o fato do pr\u00edncipe gera, a princ\u00edpio, apenas o direito \u00e0 revis\u00e3o das cl\u00e1usulas.<\/p>\n\n\n\n<h2 class=\"wp-block-heading\" id=\"h-o-conceito-de-caso-fortuito-e-forca-maior\">O Conceito de Caso Fortuito e For\u00e7a Maior<\/h2>\n\n\n\n<p>O <strong>caso fortuito e a for\u00e7a maior<\/strong> s\u00e3o eventos que tamb\u00e9m justificam a inexecu\u00e7\u00e3o do contrato, mas sua origem \u00e9 <strong>externa<\/strong> \u00e0 vontade das partes e do pr\u00f3prio Estado. S\u00e3o acontecimentos <strong>imprevis\u00edveis e inevit\u00e1veis<\/strong> que impedem o cumprimento das obriga\u00e7\u00f5es.<\/p>\n\n\n\n<p>Embora a doutrina apresente distin\u00e7\u00f5es t\u00e9cnicas, para fins de concurso, podemos tratar os dois conceitos de forma conjunta. O <strong>caso fortuito<\/strong> \u00e9 geralmente associado a <strong>eventos da natureza<\/strong>, como uma enchente de propor\u00e7\u00f5es extraordin\u00e1rias que destr\u00f3i uma obra em andamento. J\u00e1 a <strong>for\u00e7a maior<\/strong> est\u00e1 mais ligada a <strong>atos humanos de terceiros<\/strong>, como uma greve geral no setor de transportes que impede a entrega de materiais essenciais.<\/p>\n\n\n\n<p><strong>O elemento central em ambos \u00e9 a imprevisibilidade e a inevitabilidade<\/strong>. N\u00e3o se trata de qualquer chuva ou de qualquer paralisa\u00e7\u00e3o, mas sim de eventos que escapam completamente ao controle e \u00e0 capacidade de previs\u00e3o do contratado.<\/p>\n\n\n\n<p>Quando um desses eventos ocorre, a execu\u00e7\u00e3o do contrato pode se tornar tempor\u00e1ria ou definitivamente imposs\u00edvel. Consequentemente, o contratado n\u00e3o pode ser responsabilizado pelo atraso ou pela inexecu\u00e7\u00e3o, e o contrato pode ser suspenso ou extinto.<\/p>\n\n\n\n<h2 class=\"wp-block-heading\" id=\"h-as-consequencias-para-o-contrato\">As Consequ\u00eancias para o Contrato<\/h2>\n\n\n\n<p>A ocorr\u00eancia de <strong>fato do pr\u00edncipe, caso fortuito ou for\u00e7a maior<\/strong> gera consequ\u00eancias jur\u00eddicas importantes, todas elas amparadas pela Nova Lei de Licita\u00e7\u00f5es.<\/p>\n\n\n\n<p>Primeiramente, o contratado tem o direito de ter o <strong>equil\u00edbrio econ\u00f4mico-financeiro<\/strong> do contrato restabelecido. Isso pode ocorrer por meio de uma revis\u00e3o de pre\u00e7os ou de um aditivo contratual. O objetivo \u00e9 garantir que o particular n\u00e3o sofra um preju\u00edzo decorrente de um evento pelo qual n\u00e3o foi respons\u00e1vel.<\/p>\n\n\n\n<p>Se o evento tornar a execu\u00e7\u00e3o do contrato permanentemente imposs\u00edvel, ou se o reequil\u00edbrio n\u00e3o for vi\u00e1vel, o caminho \u00e9 a <strong>extin\u00e7\u00e3o<\/strong> do contrato. Nesse caso, a rescis\u00e3o ocorre <strong>sem culpa do contratado<\/strong>. Portanto, ele tem direito a receber o pagamento pelos servi\u00e7os j\u00e1 executados e a ser ressarcido pelos preju\u00edzos devidamente comprovados que tenha sofrido.<\/p>\n\n\n\n<p>A Lei n\u00ba 14.133\/2021 inovou ao prever a possibilidade de o edital e o contrato estabelecerem uma <strong>matriz de aloca\u00e7\u00e3o de riscos<\/strong>. Isso significa que as partes podem definir previamente quem ser\u00e1 o respons\u00e1vel por arcar com os preju\u00edzos decorrentes de determinados eventos, trazendo mais <strong>seguran\u00e7a jur\u00eddica<\/strong> para a rela\u00e7\u00e3o contratual.<\/p>\n\n\n\n<h2 class=\"wp-block-heading\" id=\"h-conclusao\">Conclus\u00e3o<\/h2>\n\n\n\n<p>Em suma, o <strong>fato do pr\u00edncipe e o caso fortuito\/for\u00e7a maior<\/strong> s\u00e3o institutos que materializam a <strong>Teoria da Imprevis\u00e3o<\/strong> nos contratos administrativos. Eles representam um mecanismo de justi\u00e7a, impedindo que o particular contratado seja obrigado a arcar sozinho com os preju\u00edzos de <strong>eventos imprevis\u00edveis e inevit\u00e1veis<\/strong>.<\/p>\n\n\n\n<p>Distinguir o <strong>fato do pr\u00edncipe<\/strong> (ato estatal geral) do <strong>caso fortuito<\/strong> (evento da natureza ou de terceiros) \u00e9 fundamental. Contudo, ambos levam a consequ\u00eancias semelhantes: a possibilidade de <strong>revis\u00e3o<\/strong> ou de <strong>extin\u00e7\u00e3o<\/strong> do contrato, sempre com o objetivo de <strong>preservar o equil\u00edbrio<\/strong> da rela\u00e7\u00e3o contratual.<\/p>\n\n\n\n<p>Para voc\u00ea, concurseiro, dominar essas hip\u00f3teses de extin\u00e7\u00e3o contratual \u00e9 essencial. Ademais, demonstra uma compreens\u00e3o aprofundada de como o Direito Administrativo busca conciliar o interesse p\u00fablico com os direitos dos particulares. Sem d\u00favida, um conhecimento que far\u00e1 a diferen\u00e7a na sua prova.<\/p>\n\n\n\n<p>Bons estudos e at\u00e9 a pr\u00f3xima!<\/p>\n\n\n\n<p><strong>Quer saber mais sobre esse e v\u00e1rios outros assuntos?<\/strong> Confira nossa se\u00e7\u00e3o de <a href=\"https:\/\/www.estrategiaconcursos.com.br\/blog\/?filter=artigos\" target=\"_blank\" rel=\"noreferrer noopener\">artigos<\/a>.<\/p>\n\n\n\n<p class=\"has-text-align-center has-vivid-cyan-blue-color has-text-color has-background\" style=\"background-color:#0078bd\"><a href=\"https:\/\/www.estrategiaconcursos.com.br\/blog\/concursos-abertos\/\" target=\"_blank\" rel=\"noreferrer noopener\"><strong><mark style=\"background-color:rgba(0, 0, 0, 0)\" class=\"has-inline-color has-white-color\">Concursos Abertos<\/mark><\/strong><\/a><\/p>\n\n\n\n<p class=\"has-text-align-center has-vivid-cyan-blue-color has-text-color has-background\" style=\"background-color:#0078bd\"><a href=\"https:\/\/www.estrategiaconcursos.com.br\/blog\/concursos-2025\/\" target=\"_blank\" rel=\"noreferrer noopener\"><strong><mark style=\"background-color:rgba(0, 0, 0, 0)\" class=\"has-inline-color has-white-color\">Concursos 2025<\/mark><\/strong><\/a><\/p>\n","protected":false},"excerpt":{"rendered":"<p>Ol\u00e1, futuro servidor! A din\u00e2mica dos contratos administrativos \u00e9 um dos temas mais recorrentes em provas de Direito Administrativo, especialmente quando eventos inesperados afetam a sua execu\u00e7\u00e3o. Nesse contexto, a extin\u00e7\u00e3o do contrato por fato do pr\u00edncipe e por caso fortuito ou for\u00e7a maior s\u00e3o hip\u00f3teses que todo concurseiro precisa dominar, pois elas representam a [&hellip;]<\/p>\n","protected":false},"author":3083,"featured_media":1675864,"comment_status":"open","ping_status":"closed","sticky":false,"template":"","format":"standard","meta":{"post_tipo":"article","footnotes":""},"categories":[220215,1,220180,214992,220181,1983,220182,220183,2185,2017,222238,222278,1984,220737,214710,222239,222235,222236],"tags":[],"tax_estado":[],"class_list":["post-1675846","post","type-post","status-publish","format-standard","has-post-thumbnail","hentry","category-agencia-reguladora","category-cursos-e-concursos","category-controle-gestao","category-concursos-administrativos","category-area-financeira","category-fiscal-estadual","category-fiscal-federal","category-fiscal-municipal","category-carreiras-juridicas","category-concursos-legislativos","category-ministerio-publico","category-prefeituras","category-tribunais","category-tribunais-tribunais","category-tribunais-de-contas","category-tribunais-regionais-federais","category-tribunal-de-justica","category-tribunal-regional-do-trabalho"],"acf":[],"yoast_head":"<!-- This site is optimized with the Yoast SEO Premium plugin v27.2 (Yoast SEO v27.2) - https:\/\/yoast.com\/product\/yoast-seo-premium-wordpress\/ -->\n<title>Fato do Pr\u00edncipe e Caso Fortuito em Contratos P\u00fablicos<\/title>\n<meta name=\"description\" content=\"Aprenda sobre a extin\u00e7\u00e3o de contratos administrativos por fato do pr\u00edncipe e caso fortuito na Administra\u00e7\u00e3o P\u00fablica.\" \/>\n<meta name=\"robots\" content=\"index, follow, max-snippet:-1, max-image-preview:large, max-video-preview:-1\" \/>\n<link rel=\"canonical\" href=\"https:\/\/www.estrategiaconcursos.com.br\/blog\/extincao-contrato-administrativo-fato-principe\/\" \/>\n<meta property=\"og:locale\" content=\"pt_BR\" \/>\n<meta property=\"og:type\" content=\"article\" \/>\n<meta property=\"og:title\" content=\"Extin\u00e7\u00e3o de Contrato Administrativo por Fato do Pr\u00edncipe e Caso Fortuito\" \/>\n<meta property=\"og:description\" content=\"Aprenda sobre a extin\u00e7\u00e3o de contratos administrativos por fato do pr\u00edncipe e caso fortuito na Administra\u00e7\u00e3o P\u00fablica.\" \/>\n<meta property=\"og:url\" content=\"https:\/\/www.estrategiaconcursos.com.br\/blog\/extincao-contrato-administrativo-fato-principe\/\" \/>\n<meta property=\"og:site_name\" content=\"Estrat\u00e9gia Concursos\" \/>\n<meta property=\"article:published_time\" content=\"2025-12-13T17:26:00+00:00\" \/>\n<meta property=\"og:image\" content=\"https:\/\/dhg1h5j42swfq.cloudfront.net\/2025\/11\/26132949\/image-generation-1-2.jpg\" \/>\n\t<meta property=\"og:image:width\" content=\"1024\" \/>\n\t<meta property=\"og:image:height\" content=\"1536\" \/>\n\t<meta property=\"og:image:type\" content=\"image\/jpeg\" \/>\n<meta name=\"author\" content=\"Oscar Vareda Moreira Neto\" \/>\n<meta name=\"twitter:card\" content=\"summary_large_image\" \/>\n<meta name=\"twitter:creator\" content=\"@EstratConcursos\" \/>\n<meta name=\"twitter:site\" content=\"@EstratConcursos\" \/>\n<meta name=\"twitter:label1\" content=\"Escrito por\" \/>\n\t<meta name=\"twitter:data1\" content=\"Oscar Vareda Moreira Neto\" \/>\n\t<meta name=\"twitter:label2\" content=\"Est. tempo de leitura\" \/>\n\t<meta name=\"twitter:data2\" content=\"6 minutos\" \/>\n<script type=\"application\/ld+json\" class=\"yoast-schema-graph\">{\"@context\":\"https:\/\/schema.org\",\"@graph\":[{\"@type\":\"NewsArticle\",\"@id\":\"https:\/\/www.estrategiaconcursos.com.br\/blog\/extincao-contrato-administrativo-fato-principe\/#article\",\"isPartOf\":{\"@id\":\"https:\/\/www.estrategiaconcursos.com.br\/blog\/extincao-contrato-administrativo-fato-principe\/\"},\"author\":{\"name\":\"Oscar Vareda Moreira Neto\",\"@id\":\"https:\/\/www.estrategiaconcursos.com.br\/blog\/#\/schema\/person\/90384de657b66e51fb05ebaa6c54ce0e\"},\"headline\":\"Extin\u00e7\u00e3o de Contrato Administrativo por Fato do Pr\u00edncipe e Caso Fortuito\",\"datePublished\":\"2025-12-13T17:26:00+00:00\",\"mainEntityOfPage\":{\"@id\":\"https:\/\/www.estrategiaconcursos.com.br\/blog\/extincao-contrato-administrativo-fato-principe\/\"},\"wordCount\":1242,\"commentCount\":0,\"publisher\":{\"@id\":\"https:\/\/www.estrategiaconcursos.com.br\/blog\/#organization\"},\"image\":{\"@id\":\"https:\/\/www.estrategiaconcursos.com.br\/blog\/extincao-contrato-administrativo-fato-principe\/#primaryimage\"},\"thumbnailUrl\":\"https:\/\/dhg1h5j42swfq.cloudfront.net\/2025\/11\/26132949\/image-generation-1-2.jpg\",\"articleSection\":[\"Ag\u00eancia Reguladora\",\"Concursos P\u00fablicos\",\"Controladorias\/Gest\u00e3o (CGU, CGE, STN, EPPGG)\",\"Executivo (Administrativa)\",\"Financeira (BACEN, CVM, SUSEP e BNDES)\",\"Fiscal - Estadual (ICMS)\",\"Fiscal - Federal (RFB e AFT)\",\"Fiscal - Municipal (ISS)\",\"Jur\u00eddico\",\"Legislativo\",\"Minist\u00e9rio P\u00fablico\",\"Prefeituras\",\"Tribunais\",\"Tribunais\",\"Tribunais de Contas (TCU, TCE, TCM)\",\"Tribunais Regionais Federais\",\"Tribunal de Justi\u00e7a\",\"Tribunal Regional do Trabalho\"],\"inLanguage\":\"pt-BR\",\"potentialAction\":[{\"@type\":\"CommentAction\",\"name\":\"Comment\",\"target\":[\"https:\/\/www.estrategiaconcursos.com.br\/blog\/extincao-contrato-administrativo-fato-principe\/#respond\"]}],\"copyrightYear\":\"2025\",\"copyrightHolder\":{\"@id\":\"https:\/\/www.estrategiaconcursos.com.br\/blog\/#organization\"}},{\"@type\":\"WebPage\",\"@id\":\"https:\/\/www.estrategiaconcursos.com.br\/blog\/extincao-contrato-administrativo-fato-principe\/\",\"url\":\"https:\/\/www.estrategiaconcursos.com.br\/blog\/extincao-contrato-administrativo-fato-principe\/\",\"name\":\"Fato do Pr\u00edncipe e Caso Fortuito em Contratos P\u00fablicos\",\"isPartOf\":{\"@id\":\"https:\/\/www.estrategiaconcursos.com.br\/blog\/#website\"},\"primaryImageOfPage\":{\"@id\":\"https:\/\/www.estrategiaconcursos.com.br\/blog\/extincao-contrato-administrativo-fato-principe\/#primaryimage\"},\"image\":{\"@id\":\"https:\/\/www.estrategiaconcursos.com.br\/blog\/extincao-contrato-administrativo-fato-principe\/#primaryimage\"},\"thumbnailUrl\":\"https:\/\/dhg1h5j42swfq.cloudfront.net\/2025\/11\/26132949\/image-generation-1-2.jpg\",\"datePublished\":\"2025-12-13T17:26:00+00:00\",\"description\":\"Aprenda sobre a extin\u00e7\u00e3o de contratos administrativos por fato do pr\u00edncipe e caso fortuito na Administra\u00e7\u00e3o P\u00fablica.\",\"breadcrumb\":{\"@id\":\"https:\/\/www.estrategiaconcursos.com.br\/blog\/extincao-contrato-administrativo-fato-principe\/#breadcrumb\"},\"inLanguage\":\"pt-BR\",\"potentialAction\":[{\"@type\":\"ReadAction\",\"target\":[\"https:\/\/www.estrategiaconcursos.com.br\/blog\/extincao-contrato-administrativo-fato-principe\/\"]}]},{\"@type\":\"ImageObject\",\"inLanguage\":\"pt-BR\",\"@id\":\"https:\/\/www.estrategiaconcursos.com.br\/blog\/extincao-contrato-administrativo-fato-principe\/#primaryimage\",\"url\":\"https:\/\/dhg1h5j42swfq.cloudfront.net\/2025\/11\/26132949\/image-generation-1-2.jpg\",\"contentUrl\":\"https:\/\/dhg1h5j42swfq.cloudfront.net\/2025\/11\/26132949\/image-generation-1-2.jpg\",\"width\":1024,\"height\":1536,\"caption\":\"Fato do Pr\u00edncipe e Caso Fortuito\"},{\"@type\":\"BreadcrumbList\",\"@id\":\"https:\/\/www.estrategiaconcursos.com.br\/blog\/extincao-contrato-administrativo-fato-principe\/#breadcrumb\",\"itemListElement\":[{\"@type\":\"ListItem\",\"position\":1,\"name\":\"In\u00edcio\",\"item\":\"https:\/\/www.estrategiaconcursos.com.br\/blog\/\"},{\"@type\":\"ListItem\",\"position\":2,\"name\":\"Extin\u00e7\u00e3o de Contrato Administrativo por Fato do Pr\u00edncipe e Caso Fortuito\"}]},{\"@type\":\"WebSite\",\"@id\":\"https:\/\/www.estrategiaconcursos.com.br\/blog\/#website\",\"url\":\"https:\/\/www.estrategiaconcursos.com.br\/blog\/\",\"name\":\"Estrat\u00e9gia Concursos\",\"description\":\"O blog da Estrat\u00e9gia Concursos traz not\u00edcias sobre concursos e artigos de professores oferecendo cursos para concursos (pdf + videaulas) no site.\",\"publisher\":{\"@id\":\"https:\/\/www.estrategiaconcursos.com.br\/blog\/#organization\"},\"potentialAction\":[{\"@type\":\"SearchAction\",\"target\":{\"@type\":\"EntryPoint\",\"urlTemplate\":\"https:\/\/www.estrategiaconcursos.com.br\/blog\/?s={search_term_string}\"},\"query-input\":{\"@type\":\"PropertyValueSpecification\",\"valueRequired\":true,\"valueName\":\"search_term_string\"}}],\"inLanguage\":\"pt-BR\"},{\"@type\":\"Organization\",\"@id\":\"https:\/\/www.estrategiaconcursos.com.br\/blog\/#organization\",\"name\":\"Estrat\u00e9gia Concursos\",\"url\":\"https:\/\/www.estrategiaconcursos.com.br\/blog\/\",\"logo\":{\"@type\":\"ImageObject\",\"inLanguage\":\"pt-BR\",\"@id\":\"https:\/\/www.estrategiaconcursos.com.br\/blog\/#\/schema\/logo\/image\/\",\"url\":\"https:\/\/dhg1h5j42swfq.cloudfront.net\/2025\/06\/03203428\/logo_concursos-1.jpg\",\"contentUrl\":\"https:\/\/dhg1h5j42swfq.cloudfront.net\/2025\/06\/03203428\/logo_concursos-1.jpg\",\"width\":230,\"height\":60,\"caption\":\"Estrat\u00e9gia Concursos\"},\"image\":{\"@id\":\"https:\/\/www.estrategiaconcursos.com.br\/blog\/#\/schema\/logo\/image\/\"},\"sameAs\":[\"https:\/\/x.com\/EstratConcursos\"]},{\"@type\":\"Person\",\"@id\":\"https:\/\/www.estrategiaconcursos.com.br\/blog\/#\/schema\/person\/90384de657b66e51fb05ebaa6c54ce0e\",\"name\":\"Oscar Vareda Moreira Neto\",\"image\":{\"@type\":\"ImageObject\",\"inLanguage\":\"pt-BR\",\"@id\":\"https:\/\/secure.gravatar.com\/avatar\/754b625bf051a51e7127a9e3de6e66da202155bd66e3936a251bc875ed5428aa?s=96&d=mm&r=g\",\"url\":\"https:\/\/secure.gravatar.com\/avatar\/754b625bf051a51e7127a9e3de6e66da202155bd66e3936a251bc875ed5428aa?s=96&d=mm&r=g\",\"contentUrl\":\"https:\/\/secure.gravatar.com\/avatar\/754b625bf051a51e7127a9e3de6e66da202155bd66e3936a251bc875ed5428aa?s=96&d=mm&r=g\",\"caption\":\"Oscar Vareda Moreira Neto\"},\"url\":\"https:\/\/www.estrategiaconcursos.com.br\/blog\/author\/oscarvaredagmail-com\/\"}]}<\/script>\n<!-- \/ Yoast SEO Premium plugin. -->","yoast_head_json":{"title":"Fato do Pr\u00edncipe e Caso Fortuito em Contratos P\u00fablicos","description":"Aprenda sobre a extin\u00e7\u00e3o de contratos administrativos por fato do pr\u00edncipe e caso fortuito na Administra\u00e7\u00e3o P\u00fablica.","robots":{"index":"index","follow":"follow","max-snippet":"max-snippet:-1","max-image-preview":"max-image-preview:large","max-video-preview":"max-video-preview:-1"},"canonical":"https:\/\/www.estrategiaconcursos.com.br\/blog\/extincao-contrato-administrativo-fato-principe\/","og_locale":"pt_BR","og_type":"article","og_title":"Extin\u00e7\u00e3o de Contrato Administrativo por Fato do Pr\u00edncipe e Caso Fortuito","og_description":"Aprenda sobre a extin\u00e7\u00e3o de contratos administrativos por fato do pr\u00edncipe e caso fortuito na Administra\u00e7\u00e3o P\u00fablica.","og_url":"https:\/\/www.estrategiaconcursos.com.br\/blog\/extincao-contrato-administrativo-fato-principe\/","og_site_name":"Estrat\u00e9gia Concursos","article_published_time":"2025-12-13T17:26:00+00:00","og_image":[{"width":1024,"height":1536,"url":"https:\/\/dhg1h5j42swfq.cloudfront.net\/2025\/11\/26132949\/image-generation-1-2.jpg","type":"image\/jpeg"}],"author":"Oscar Vareda Moreira Neto","twitter_card":"summary_large_image","twitter_creator":"@EstratConcursos","twitter_site":"@EstratConcursos","twitter_misc":{"Escrito por":"Oscar Vareda Moreira Neto","Est. tempo de leitura":"6 minutos"},"schema":{"@context":"https:\/\/schema.org","@graph":[{"@type":"NewsArticle","@id":"https:\/\/www.estrategiaconcursos.com.br\/blog\/extincao-contrato-administrativo-fato-principe\/#article","isPartOf":{"@id":"https:\/\/www.estrategiaconcursos.com.br\/blog\/extincao-contrato-administrativo-fato-principe\/"},"author":{"name":"Oscar Vareda Moreira Neto","@id":"https:\/\/www.estrategiaconcursos.com.br\/blog\/#\/schema\/person\/90384de657b66e51fb05ebaa6c54ce0e"},"headline":"Extin\u00e7\u00e3o de Contrato Administrativo por Fato do Pr\u00edncipe e Caso Fortuito","datePublished":"2025-12-13T17:26:00+00:00","mainEntityOfPage":{"@id":"https:\/\/www.estrategiaconcursos.com.br\/blog\/extincao-contrato-administrativo-fato-principe\/"},"wordCount":1242,"commentCount":0,"publisher":{"@id":"https:\/\/www.estrategiaconcursos.com.br\/blog\/#organization"},"image":{"@id":"https:\/\/www.estrategiaconcursos.com.br\/blog\/extincao-contrato-administrativo-fato-principe\/#primaryimage"},"thumbnailUrl":"https:\/\/dhg1h5j42swfq.cloudfront.net\/2025\/11\/26132949\/image-generation-1-2.jpg","articleSection":["Ag\u00eancia Reguladora","Concursos P\u00fablicos","Controladorias\/Gest\u00e3o (CGU, CGE, STN, EPPGG)","Executivo (Administrativa)","Financeira (BACEN, CVM, SUSEP e BNDES)","Fiscal - Estadual (ICMS)","Fiscal - Federal (RFB e AFT)","Fiscal - Municipal (ISS)","Jur\u00eddico","Legislativo","Minist\u00e9rio P\u00fablico","Prefeituras","Tribunais","Tribunais","Tribunais de Contas (TCU, TCE, TCM)","Tribunais Regionais Federais","Tribunal de Justi\u00e7a","Tribunal Regional do Trabalho"],"inLanguage":"pt-BR","potentialAction":[{"@type":"CommentAction","name":"Comment","target":["https:\/\/www.estrategiaconcursos.com.br\/blog\/extincao-contrato-administrativo-fato-principe\/#respond"]}],"copyrightYear":"2025","copyrightHolder":{"@id":"https:\/\/www.estrategiaconcursos.com.br\/blog\/#organization"}},{"@type":"WebPage","@id":"https:\/\/www.estrategiaconcursos.com.br\/blog\/extincao-contrato-administrativo-fato-principe\/","url":"https:\/\/www.estrategiaconcursos.com.br\/blog\/extincao-contrato-administrativo-fato-principe\/","name":"Fato do Pr\u00edncipe e Caso Fortuito em Contratos P\u00fablicos","isPartOf":{"@id":"https:\/\/www.estrategiaconcursos.com.br\/blog\/#website"},"primaryImageOfPage":{"@id":"https:\/\/www.estrategiaconcursos.com.br\/blog\/extincao-contrato-administrativo-fato-principe\/#primaryimage"},"image":{"@id":"https:\/\/www.estrategiaconcursos.com.br\/blog\/extincao-contrato-administrativo-fato-principe\/#primaryimage"},"thumbnailUrl":"https:\/\/dhg1h5j42swfq.cloudfront.net\/2025\/11\/26132949\/image-generation-1-2.jpg","datePublished":"2025-12-13T17:26:00+00:00","description":"Aprenda sobre a extin\u00e7\u00e3o de contratos administrativos por fato do pr\u00edncipe e caso fortuito na Administra\u00e7\u00e3o P\u00fablica.","breadcrumb":{"@id":"https:\/\/www.estrategiaconcursos.com.br\/blog\/extincao-contrato-administrativo-fato-principe\/#breadcrumb"},"inLanguage":"pt-BR","potentialAction":[{"@type":"ReadAction","target":["https:\/\/www.estrategiaconcursos.com.br\/blog\/extincao-contrato-administrativo-fato-principe\/"]}]},{"@type":"ImageObject","inLanguage":"pt-BR","@id":"https:\/\/www.estrategiaconcursos.com.br\/blog\/extincao-contrato-administrativo-fato-principe\/#primaryimage","url":"https:\/\/dhg1h5j42swfq.cloudfront.net\/2025\/11\/26132949\/image-generation-1-2.jpg","contentUrl":"https:\/\/dhg1h5j42swfq.cloudfront.net\/2025\/11\/26132949\/image-generation-1-2.jpg","width":1024,"height":1536,"caption":"Fato do Pr\u00edncipe e Caso Fortuito"},{"@type":"BreadcrumbList","@id":"https:\/\/www.estrategiaconcursos.com.br\/blog\/extincao-contrato-administrativo-fato-principe\/#breadcrumb","itemListElement":[{"@type":"ListItem","position":1,"name":"In\u00edcio","item":"https:\/\/www.estrategiaconcursos.com.br\/blog\/"},{"@type":"ListItem","position":2,"name":"Extin\u00e7\u00e3o de Contrato Administrativo por Fato do Pr\u00edncipe e Caso Fortuito"}]},{"@type":"WebSite","@id":"https:\/\/www.estrategiaconcursos.com.br\/blog\/#website","url":"https:\/\/www.estrategiaconcursos.com.br\/blog\/","name":"Estrat\u00e9gia Concursos","description":"O blog da Estrat\u00e9gia Concursos traz not\u00edcias sobre concursos e artigos de professores oferecendo cursos para concursos (pdf + videaulas) no site.","publisher":{"@id":"https:\/\/www.estrategiaconcursos.com.br\/blog\/#organization"},"potentialAction":[{"@type":"SearchAction","target":{"@type":"EntryPoint","urlTemplate":"https:\/\/www.estrategiaconcursos.com.br\/blog\/?s={search_term_string}"},"query-input":{"@type":"PropertyValueSpecification","valueRequired":true,"valueName":"search_term_string"}}],"inLanguage":"pt-BR"},{"@type":"Organization","@id":"https:\/\/www.estrategiaconcursos.com.br\/blog\/#organization","name":"Estrat\u00e9gia Concursos","url":"https:\/\/www.estrategiaconcursos.com.br\/blog\/","logo":{"@type":"ImageObject","inLanguage":"pt-BR","@id":"https:\/\/www.estrategiaconcursos.com.br\/blog\/#\/schema\/logo\/image\/","url":"https:\/\/dhg1h5j42swfq.cloudfront.net\/2025\/06\/03203428\/logo_concursos-1.jpg","contentUrl":"https:\/\/dhg1h5j42swfq.cloudfront.net\/2025\/06\/03203428\/logo_concursos-1.jpg","width":230,"height":60,"caption":"Estrat\u00e9gia Concursos"},"image":{"@id":"https:\/\/www.estrategiaconcursos.com.br\/blog\/#\/schema\/logo\/image\/"},"sameAs":["https:\/\/x.com\/EstratConcursos"]},{"@type":"Person","@id":"https:\/\/www.estrategiaconcursos.com.br\/blog\/#\/schema\/person\/90384de657b66e51fb05ebaa6c54ce0e","name":"Oscar Vareda Moreira Neto","image":{"@type":"ImageObject","inLanguage":"pt-BR","@id":"https:\/\/secure.gravatar.com\/avatar\/754b625bf051a51e7127a9e3de6e66da202155bd66e3936a251bc875ed5428aa?s=96&d=mm&r=g","url":"https:\/\/secure.gravatar.com\/avatar\/754b625bf051a51e7127a9e3de6e66da202155bd66e3936a251bc875ed5428aa?s=96&d=mm&r=g","contentUrl":"https:\/\/secure.gravatar.com\/avatar\/754b625bf051a51e7127a9e3de6e66da202155bd66e3936a251bc875ed5428aa?s=96&d=mm&r=g","caption":"Oscar Vareda Moreira Neto"},"url":"https:\/\/www.estrategiaconcursos.com.br\/blog\/author\/oscarvaredagmail-com\/"}]}},"_links":{"self":[{"href":"https:\/\/www.estrategiaconcursos.com.br\/blog\/wp-json\/wp\/v2\/posts\/1675846","targetHints":{"allow":["GET"]}}],"collection":[{"href":"https:\/\/www.estrategiaconcursos.com.br\/blog\/wp-json\/wp\/v2\/posts"}],"about":[{"href":"https:\/\/www.estrategiaconcursos.com.br\/blog\/wp-json\/wp\/v2\/types\/post"}],"author":[{"embeddable":true,"href":"https:\/\/www.estrategiaconcursos.com.br\/blog\/wp-json\/wp\/v2\/users\/3083"}],"replies":[{"embeddable":true,"href":"https:\/\/www.estrategiaconcursos.com.br\/blog\/wp-json\/wp\/v2\/comments?post=1675846"}],"version-history":[{"count":4,"href":"https:\/\/www.estrategiaconcursos.com.br\/blog\/wp-json\/wp\/v2\/posts\/1675846\/revisions"}],"predecessor-version":[{"id":1675867,"href":"https:\/\/www.estrategiaconcursos.com.br\/blog\/wp-json\/wp\/v2\/posts\/1675846\/revisions\/1675867"}],"wp:featuredmedia":[{"embeddable":true,"href":"https:\/\/www.estrategiaconcursos.com.br\/blog\/wp-json\/wp\/v2\/media\/1675864"}],"wp:attachment":[{"href":"https:\/\/www.estrategiaconcursos.com.br\/blog\/wp-json\/wp\/v2\/media?parent=1675846"}],"wp:term":[{"taxonomy":"category","embeddable":true,"href":"https:\/\/www.estrategiaconcursos.com.br\/blog\/wp-json\/wp\/v2\/categories?post=1675846"},{"taxonomy":"post_tag","embeddable":true,"href":"https:\/\/www.estrategiaconcursos.com.br\/blog\/wp-json\/wp\/v2\/tags?post=1675846"},{"taxonomy":"tax_estado","embeddable":true,"href":"https:\/\/www.estrategiaconcursos.com.br\/blog\/wp-json\/wp\/v2\/tax_estado?post=1675846"}],"curies":[{"name":"wp","href":"https:\/\/api.w.org\/{rel}","templated":true}]}}